{"id":2137,"date":"2024-12-01T18:48:42","date_gmt":"2024-12-01T17:48:42","guid":{"rendered":"https:\/\/www.pogotowieflagowe.pl\/aktualne\/nasz-kalendarz-adwentowy-2024-dzien-1-pierwsza-polska-koleda\/"},"modified":"2024-12-01T18:48:46","modified_gmt":"2024-12-01T17:48:46","slug":"nasz-kalendarz-adwentowy-2024-dzien-1-pierwsza-polska-koleda","status":"publish","type":"post","link":"https:\/\/www.pogotowieflagowe.pl\/aktualne\/nasz-kalendarz-adwentowy-2024-dzien-1-pierwsza-polska-koleda\/","title":{"rendered":"Nasz kalendarz adwentowy 2024. Dzie\u0144 1: Pierwsza polska kol\u0119da"},"content":{"rendered":"\n<div class=\"td_block_wrap tdb_single_content tdi_48 td-pb-border-top td_block_template_8 td-post-content tagdiv-type\" data-td-block-uid=\"tdi_48\">\n<style>.tdi_48{margines-top:0px!important;margin-bottom:0px!important;dope\u0142nienie-g\u00f3ra:0px!important;dope\u0142nienie-d\u00f3\u0142:0px!important}<\/style>\n<style>.tdb_single_content{margin-bottom:0;*zoom:1}.tdb_single_content:before,.tdb_single_content:after{display:table;content:'';line-height:0}.tdb_single_content:after{clear:both}.tdb_single_content .tdb-block-inner>*:not(.wp-block-quote):not(.alignwide):not(.alignfull.wp-block-cover.has-parallax):not(.td-a-ad) {margin-left:auto;margin-right:auto}.tdb_single_content a{pointer-events:auto}.tdb_single_content .td-spot-id-top_ad .tdc-placeholder-title:before{content:'Article Top Ad'!important}.tdb_single_content .td-spot-id-inline_ad0 .tdc-placeholder-title:before{content:'Article Reklama wbudowana 1'!important}.tdb_single_content .td-spot-id-inline_ad1 .tdc-placeholder-title:before{content:'Article Inline Ad 2'!important}.tdb_single_content .td-spot-id-inline_ad2 .tdc-placeholder-title:before{content:' Reklama wbudowana w artyku\u0142 3'!important}.tdb_single_content .td-spot-id-bottom_ad .tdc-placeholder-title:before{content:'Article Bottom Ad'!important}.tdb_single_content .id_top_ad,.tdb_single_content .id_bottom_ad{clear:both;margin-bottom:21px;text-align:center}.tdb_single_content .id_top_ad img,.tdb_single_content .id_bottom_ad img{margin-bottom:0}.tdb_single_content .id_top_ad .adsbygoogle,.tdb_single_content .id_bottom_ad .adsbygoogle{position:relative}.tdb_single_content .id_ad_content-horiz-left,.tdb_single_content .id_ad_content-horiz-right,.tdb_single_content .id_ad_content-horiz-center{margin-bottom:15px}.tdb_single_content .id_ad_content-horiz-left img,.tdb_single_content .id_ad_content-horiz-right img,.tdb_single_content .id_ad_content-horiz-center img{margin-bottom:0}.tdb_single_content .id_ad_content-horiz-center{text-align:center}.tdb_single_content .id_ad_content-horiz-center img{margin-right:auto;margin-left:auto}.tdb_single_content .id_ad_content-horiz-left{float:left;margin-top:9px;margin-right:21px}.tdb_single_content .id_ad_content-horiz-right{float:right;margin-top:6px;margin-left:21px}.tdb_single_content .tdc-a-ad .tdc-placeholder-title{width:300px;height:250px}.tdb_single_content .tdc-a-ad .tdc-placeholder-title:before{position:absolute;top:50%;-webkit-transform:translateY(-50%);transform:translateY(-50%);margines:auto;display:table;width:100 %}.tdb_single_content .tdb-block-inner.td-fix-index{word-break:break-word}.tdi_48,.tdi_48>p,.tdi_48 .tdb-block-inner>p{font-size:16px!important;line- wysoko\u015b\u0107:1,6!wa\u017cne}.tdi_48 .tdb-block-inner blockquote p{font-style:normal!important}@media (max-width:767px){.tdb_single_content .id_ad_content-horiz-left,.tdb_single_content .id_ad_content-horiz-right,.tdb_single_content .id_ad_content-horiz-center{margin:0 automatyczny 26px auto}}@media (max-width:767px){.tdb_single_content .id_ad_content-horiz-left{margin-right:0}}@media (max-width:767px){.tdb_single_content .id_ad_content-horiz-right{margin -left:0}}@media (max-width:767px){.tdb_single_content .td-a-ad{float:none;text-align:center}.tdb_single_content .td-a-ad img{margin-right:auto;margin-left:auto}. tdb_single_content .tdc-a-ad{float:none}}<\/style>\n<div class=\"tdb-block-inner td-fix-index\">\n<p>Przez kolejne 24 dni zapraszamy Ci\u0119 do zapoznania si\u0119 z naszym Kalendarzem Adwentowym w Poland Daily 24. Codziennie b\u0119dziemy dostarcza\u0107 Ci ciekawostek o Bo\u017cym Narodzeniu w Polsce. Dzi\u015b przyjrzymy si\u0119 bli\u017cej najstarszej polskiej kol\u0119dzie. <\/p>\n<p>Kol\u0119dy i pastora\u0142ki to co\u015b, co nadaje Wigilii i Bo\u017cemu Narodzeniu szczeg\u00f3lny wymiar. Ka\u017cdy zna przynajmniej kilka polskich kol\u0119d, ale nie ka\u017cdy wie, kt\u00f3ra z nich jest najstarsza. Dlatego przedstawiamy histori\u0119 <em>\u201eZdrow b\u0105d\u017a Kr\u00f3lu Anjelski\u201d<\/em> (Angielski: B\u0105d\u017a zdrowy, Kr\u00f3lu Anio\u0142\u00f3w). <\/p>\n<p>Pod koniec XIX w. r\u0119kopis z Biblioteki Za\u0142uskich w Petersburgu odnalaz\u0142 Aleksander Br\u00fcckne. Tekst kol\u0119dy <em>\u201eZdrow b\u0105d\u017a kr\u00f3lu Anielski\u201d,<\/em> z 1424 r., odnotowany zosta\u0142 w kazaniu Jana Szczekny, cystersa i spowiednika kr\u00f3lowej Jadwigi. <\/p>\n<p><em>\u201eZdrow b\u0105d\u017a kr\u00f3lu Anjelski\u201d<\/em> uwa\u017cana jest za najstarsz\u0105 polsk\u0105 kol\u0119d\u0119. Jej tekst mo\u017cna odnale\u017a\u0107 w kilku \u017ar\u00f3d\u0142ach, z kt\u00f3rych najwa\u017cniejszym jest zbi\u00f3r kaza\u0144 Jana Szczekny z 1424 roku. Znajdujemy go tak\u017ce w kodeksie z \u0142aci\u0144skimi kazaniami Piotra z Mi\u0142os\u0142awia. Kodeks ten, przechowywany w Bibliotece Narodowej w Warszawie, pochodzi z opactwa benedyktyn\u00f3w na \u015awi\u0119tym Krzy\u017cu.<\/p>\n<p>Niestety, nie zachowa\u0142 si\u0119 oryginalny zapis nutowy. Kol\u0119da by\u0142a najprawdopodobniej t\u0142umaczeniem z czeskiego lub \u0142aci\u0144skiego orygina\u0142u pie\u015bni \u201eAve rex angeleorum\u201d.<\/p>\n<p>Zapraszamy do wys\u0142uchania kolejnej wersji tej kol\u0119dy w wykonaniu Scholi Gregoria\u0144skiej \u015bw. Kazimierza \u2935\ufe0f<\/p>\n<figure class=\"wp-block-embed is-type-rich is-provider-spotify wp-block-embed-spotify wp-embed-aspect-21-9 wp-has-aspect-ratio\">\n<div class=\"wp-block-embed__wrapper\">\n<iframe title=\"Spotify Embed: Zdrow b\u0105d\u017a Krolu Anielski\" style=\"border-radius: 12px\" width=\"100%\" height=\"152\" frameborder=\"0\" allowfullscreen allow=\"autoplay; clipboard-write; encrypted-media; fullscreen; picture-in-picture\" loading=\"lazy\" data-src=\"https:\/\/open.spotify.com\/embed\/track\/5C6MMljlsxjXKWZGYjQdTq?si=e03f1986a1d64721&amp;utm_source=oembed\" class=\"lazyload\"><\/iframe>\n<\/div>\n<\/figure>\n<\/div>\n<\/div>\n","protected":false},"excerpt":{"rendered":"<p>Przez kolejne 24 dni zapraszamy Ci\u0119 do zapoznania si\u0119 z naszym Kalendarzem Adwentowym w Poland Daily 24. Codziennie b\u0119dziemy dostarcza\u0107<\/p>\n","protected":false},"author":1,"featured_media":2138,"comment_status":"closed","ping_status":"","sticky":false,"template":"","format":"standard","meta":{"footnotes":""},"categories":[47],"tags":[3404,1078,3403,3405,2401,3,4],"class_list":["post-2137","post","type-post","status-publish","format-standard","has-post-thumbnail","hentry","category-styl-zycia","tag-adwentowy","tag-dzien","tag-kalendarz","tag-koleda","tag-nasz","tag-pierwsza","tag-polska","generate-columns","tablet-grid-50","mobile-grid-100","grid-parent","grid-50","resize-featured-image"],"yoast_head":"<!-- This site is optimized with the Yoast SEO plugin v23.2 - https:\/\/yoast.com\/wordpress\/plugins\/seo\/ -->\n<title>Nasz kalendarz adwentowy 2024. Dzie\u0144 1: Pierwsza polska kol\u0119da - POGOTOWIE FLAGOWE\u00ae<\/title>\n<meta name=\"robots\" content=\"index, follow, max-snippet:-1, max-image-preview:large, max-video-preview:-1\" \/>\n<link rel=\"canonical\" href=\"https:\/\/www.pogotowieflagowe.pl\/aktualne\/nasz-kalendarz-adwentowy-2024-dzien-1-pierwsza-polska-koleda\/\" \/>\n<meta property=\"og:locale\" content=\"pl_PL\" \/>\n<meta property=\"og:type\" content=\"article\" \/>\n<meta property=\"og:title\" content=\"Nasz kalendarz adwentowy 2024. Dzie\u0144 1: Pierwsza polska kol\u0119da - POGOTOWIE FLAGOWE\u00ae\" \/>\n<meta property=\"og:description\" content=\"Przez kolejne 24 dni zapraszamy Ci\u0119 do zapoznania si\u0119 z naszym Kalendarzem Adwentowym w Poland Daily 24. Codziennie b\u0119dziemy dostarcza\u0107\" \/>\n<meta property=\"og:url\" content=\"https:\/\/www.pogotowieflagowe.pl\/aktualne\/nasz-kalendarz-adwentowy-2024-dzien-1-pierwsza-polska-koleda\/\" \/>\n<meta property=\"og:site_name\" content=\"POGOTOWIE FLAGOWE\u00ae\" \/>\n<meta property=\"article:published_time\" content=\"2024-12-01T17:48:42+00:00\" \/>\n<meta property=\"article:modified_time\" content=\"2024-12-01T17:48:46+00:00\" \/>\n<meta property=\"og:image\" content=\"https:\/\/www.pogotowieflagowe.pl\/aktualne\/wp-content\/uploads\/2024\/12\/Nasz-kalendarz-adwentowy-2024-Dzien-1-Pierwsza-polska-koleda.jpg\" \/>\n\t<meta property=\"og:image:width\" content=\"1920\" \/>\n\t<meta property=\"og:image:height\" content=\"1080\" \/>\n\t<meta property=\"og:image:type\" content=\"image\/jpeg\" \/>\n<meta name=\"author\" content=\"Filip\" \/>\n<meta name=\"twitter:card\" content=\"summary_large_image\" \/>\n<meta name=\"twitter:label1\" content=\"Napisane przez\" \/>\n\t<meta name=\"twitter:data1\" content=\"Filip\" \/>\n\t<meta name=\"twitter:label2\" content=\"Szacowany czas czytania\" \/>\n\t<meta name=\"twitter:data2\" content=\"1 minuta\" \/>\n<script type=\"application\/ld+json\" class=\"yoast-schema-graph\">{\"@context\":\"https:\/\/schema.org\",\"@graph\":[{\"@type\":\"Article\",\"@id\":\"https:\/\/www.pogotowieflagowe.pl\/aktualne\/nasz-kalendarz-adwentowy-2024-dzien-1-pierwsza-polska-koleda\/#article\",\"isPartOf\":{\"@id\":\"https:\/\/www.pogotowieflagowe.pl\/aktualne\/nasz-kalendarz-adwentowy-2024-dzien-1-pierwsza-polska-koleda\/\"},\"author\":{\"name\":\"Filip\",\"@id\":\"https:\/\/www.pogotowieflagowe.pl\/aktualne\/#\/schema\/person\/9c2fb7d2362ebf6fa088960d7f0d27b0\"},\"headline\":\"Nasz kalendarz adwentowy 2024. Dzie\u0144 1: Pierwsza polska kol\u0119da\",\"datePublished\":\"2024-12-01T17:48:42+00:00\",\"dateModified\":\"2024-12-01T17:48:46+00:00\",\"mainEntityOfPage\":{\"@id\":\"https:\/\/www.pogotowieflagowe.pl\/aktualne\/nasz-kalendarz-adwentowy-2024-dzien-1-pierwsza-polska-koleda\/\"},\"wordCount\":248,\"publisher\":{\"@id\":\"https:\/\/www.pogotowieflagowe.pl\/aktualne\/#organization\"},\"image\":{\"@id\":\"https:\/\/www.pogotowieflagowe.pl\/aktualne\/nasz-kalendarz-adwentowy-2024-dzien-1-pierwsza-polska-koleda\/#primaryimage\"},\"thumbnailUrl\":\"https:\/\/www.pogotowieflagowe.pl\/aktualne\/wp-content\/uploads\/2024\/12\/Nasz-kalendarz-adwentowy-2024-Dzien-1-Pierwsza-polska-koleda.jpg\",\"keywords\":[\"adwentowy\",\"Dzie\u0144\",\"kalendarz\",\"kol\u0119da\",\"nasz\",\"Pierwsza\",\"polska\"],\"articleSection\":[\"Styl \u017cycia\"],\"inLanguage\":\"pl-PL\"},{\"@type\":\"WebPage\",\"@id\":\"https:\/\/www.pogotowieflagowe.pl\/aktualne\/nasz-kalendarz-adwentowy-2024-dzien-1-pierwsza-polska-koleda\/\",\"url\":\"https:\/\/www.pogotowieflagowe.pl\/aktualne\/nasz-kalendarz-adwentowy-2024-dzien-1-pierwsza-polska-koleda\/\",\"name\":\"Nasz kalendarz adwentowy 2024. Dzie\u0144 1: Pierwsza polska kol\u0119da - POGOTOWIE FLAGOWE\u00ae\",\"isPartOf\":{\"@id\":\"https:\/\/www.pogotowieflagowe.pl\/aktualne\/#website\"},\"primaryImageOfPage\":{\"@id\":\"https:\/\/www.pogotowieflagowe.pl\/aktualne\/nasz-kalendarz-adwentowy-2024-dzien-1-pierwsza-polska-koleda\/#primaryimage\"},\"image\":{\"@id\":\"https:\/\/www.pogotowieflagowe.pl\/aktualne\/nasz-kalendarz-adwentowy-2024-dzien-1-pierwsza-polska-koleda\/#primaryimage\"},\"thumbnailUrl\":\"https:\/\/www.pogotowieflagowe.pl\/aktualne\/wp-content\/uploads\/2024\/12\/Nasz-kalendarz-adwentowy-2024-Dzien-1-Pierwsza-polska-koleda.jpg\",\"datePublished\":\"2024-12-01T17:48:42+00:00\",\"dateModified\":\"2024-12-01T17:48:46+00:00\",\"breadcrumb\":{\"@id\":\"https:\/\/www.pogotowieflagowe.pl\/aktualne\/nasz-kalendarz-adwentowy-2024-dzien-1-pierwsza-polska-koleda\/#breadcrumb\"},\"inLanguage\":\"pl-PL\",\"potentialAction\":[{\"@type\":\"ReadAction\",\"target\":[\"https:\/\/www.pogotowieflagowe.pl\/aktualne\/nasz-kalendarz-adwentowy-2024-dzien-1-pierwsza-polska-koleda\/\"]}]},{\"@type\":\"ImageObject\",\"inLanguage\":\"pl-PL\",\"@id\":\"https:\/\/www.pogotowieflagowe.pl\/aktualne\/nasz-kalendarz-adwentowy-2024-dzien-1-pierwsza-polska-koleda\/#primaryimage\",\"url\":\"https:\/\/www.pogotowieflagowe.pl\/aktualne\/wp-content\/uploads\/2024\/12\/Nasz-kalendarz-adwentowy-2024-Dzien-1-Pierwsza-polska-koleda.jpg\",\"contentUrl\":\"https:\/\/www.pogotowieflagowe.pl\/aktualne\/wp-content\/uploads\/2024\/12\/Nasz-kalendarz-adwentowy-2024-Dzien-1-Pierwsza-polska-koleda.jpg\",\"width\":1920,\"height\":1080,\"caption\":\"Nasz kalendarz adwentowy 2024. Dzie\u0144 1: Pierwsza polska kol\u0119da\"},{\"@type\":\"BreadcrumbList\",\"@id\":\"https:\/\/www.pogotowieflagowe.pl\/aktualne\/nasz-kalendarz-adwentowy-2024-dzien-1-pierwsza-polska-koleda\/#breadcrumb\",\"itemListElement\":[{\"@type\":\"ListItem\",\"position\":1,\"name\":\"Home\",\"item\":\"https:\/\/www.pogotowieflagowe.pl\/aktualne\/\"},{\"@type\":\"ListItem\",\"position\":2,\"name\":\"Nasz kalendarz adwentowy 2024. Dzie\u0144 1: Pierwsza polska kol\u0119da\"}]},{\"@type\":\"WebSite\",\"@id\":\"https:\/\/www.pogotowieflagowe.pl\/aktualne\/#website\",\"url\":\"https:\/\/www.pogotowieflagowe.pl\/aktualne\/\",\"name\":\"POGOTOWIE FLAGOWE\u00ae\",\"description\":\"\",\"publisher\":{\"@id\":\"https:\/\/www.pogotowieflagowe.pl\/aktualne\/#organization\"},\"potentialAction\":[{\"@type\":\"SearchAction\",\"target\":{\"@type\":\"EntryPoint\",\"urlTemplate\":\"https:\/\/www.pogotowieflagowe.pl\/aktualne\/?s={search_term_string}\"},\"query-input\":\"required name=search_term_string\"}],\"inLanguage\":\"pl-PL\"},{\"@type\":\"Organization\",\"@id\":\"https:\/\/www.pogotowieflagowe.pl\/aktualne\/#organization\",\"name\":\"POGOTOWIE FLAGOWE\u00ae\",\"url\":\"https:\/\/www.pogotowieflagowe.pl\/aktualne\/\",\"logo\":{\"@type\":\"ImageObject\",\"inLanguage\":\"pl-PL\",\"@id\":\"https:\/\/www.pogotowieflagowe.pl\/aktualne\/#\/schema\/logo\/image\/\",\"url\":\"https:\/\/www.pogotowieflagowe.pl\/aktualne\/wp-content\/uploads\/2024\/08\/cropped-pogotowieflagowe_flaga_projekt_sm.jpg\",\"contentUrl\":\"https:\/\/www.pogotowieflagowe.pl\/aktualne\/wp-content\/uploads\/2024\/08\/cropped-pogotowieflagowe_flaga_projekt_sm.jpg\",\"width\":250,\"height\":143,\"caption\":\"POGOTOWIE FLAGOWE\u00ae\"},\"image\":{\"@id\":\"https:\/\/www.pogotowieflagowe.pl\/aktualne\/#\/schema\/logo\/image\/\"}},{\"@type\":\"Person\",\"@id\":\"https:\/\/www.pogotowieflagowe.pl\/aktualne\/#\/schema\/person\/9c2fb7d2362ebf6fa088960d7f0d27b0\",\"name\":\"Filip\",\"image\":{\"@type\":\"ImageObject\",\"inLanguage\":\"pl-PL\",\"@id\":\"https:\/\/www.pogotowieflagowe.pl\/aktualne\/#\/schema\/person\/image\/\",\"url\":\"https:\/\/www.pogotowieflagowe.pl\/aktualne\/wp-content\/uploads\/2024\/08\/pogotowieflagowe.pl_.jpg\",\"contentUrl\":\"https:\/\/www.pogotowieflagowe.pl\/aktualne\/wp-content\/uploads\/2024\/08\/pogotowieflagowe.pl_.jpg\",\"caption\":\"Filip\"},\"description\":\"Jestem Filip, polski dziennikarz z dyplomem nauk politycznych Uniwersytetu Warszawskiego. Rozpoczynaj\u0105c swoj\u0105 karier\u0119 w r\u00f3\u017cnych lokalnych mediach, zdoby\u0142em solidne do\u015bwiadczenie w zakresie \u015bledztwa i redakcji. Obecnie jako redaktor w Pogotowie flagowe, staram si\u0119 dostarcza\u0107 dog\u0142\u0119bne i istotne analizy na temat najwa\u017cniejszych kwestii aktualno\u015bci, \u0142\u0105cz\u0105c rygor z pasj\u0105 dziennikarsk\u0105.\",\"sameAs\":[\"https:\/\/www.pogotowieflagowe.pl\/\"]}]}<\/script>\n<!-- \/ Yoast SEO plugin. -->","yoast_head_json":{"title":"Nasz kalendarz adwentowy 2024. Dzie\u0144 1: Pierwsza polska kol\u0119da - POGOTOWIE FLAGOWE\u00ae","robots":{"index":"index","follow":"follow","max-snippet":"max-snippet:-1","max-image-preview":"max-image-preview:large","max-video-preview":"max-video-preview:-1"},"canonical":"https:\/\/www.pogotowieflagowe.pl\/aktualne\/nasz-kalendarz-adwentowy-2024-dzien-1-pierwsza-polska-koleda\/","og_locale":"pl_PL","og_type":"article","og_title":"Nasz kalendarz adwentowy 2024. Dzie\u0144 1: Pierwsza polska kol\u0119da - POGOTOWIE FLAGOWE\u00ae","og_description":"Przez kolejne 24 dni zapraszamy Ci\u0119 do zapoznania si\u0119 z naszym Kalendarzem Adwentowym w Poland Daily 24. Codziennie b\u0119dziemy dostarcza\u0107","og_url":"https:\/\/www.pogotowieflagowe.pl\/aktualne\/nasz-kalendarz-adwentowy-2024-dzien-1-pierwsza-polska-koleda\/","og_site_name":"POGOTOWIE FLAGOWE\u00ae","article_published_time":"2024-12-01T17:48:42+00:00","article_modified_time":"2024-12-01T17:48:46+00:00","og_image":[{"width":1920,"height":1080,"url":"https:\/\/www.pogotowieflagowe.pl\/aktualne\/wp-content\/uploads\/2024\/12\/Nasz-kalendarz-adwentowy-2024-Dzien-1-Pierwsza-polska-koleda.jpg","type":"image\/jpeg"}],"author":"Filip","twitter_card":"summary_large_image","twitter_misc":{"Napisane przez":"Filip","Szacowany czas czytania":"1 minuta"},"schema":{"@context":"https:\/\/schema.org","@graph":[{"@type":"Article","@id":"https:\/\/www.pogotowieflagowe.pl\/aktualne\/nasz-kalendarz-adwentowy-2024-dzien-1-pierwsza-polska-koleda\/#article","isPartOf":{"@id":"https:\/\/www.pogotowieflagowe.pl\/aktualne\/nasz-kalendarz-adwentowy-2024-dzien-1-pierwsza-polska-koleda\/"},"author":{"name":"Filip","@id":"https:\/\/www.pogotowieflagowe.pl\/aktualne\/#\/schema\/person\/9c2fb7d2362ebf6fa088960d7f0d27b0"},"headline":"Nasz kalendarz adwentowy 2024. Dzie\u0144 1: Pierwsza polska kol\u0119da","datePublished":"2024-12-01T17:48:42+00:00","dateModified":"2024-12-01T17:48:46+00:00","mainEntityOfPage":{"@id":"https:\/\/www.pogotowieflagowe.pl\/aktualne\/nasz-kalendarz-adwentowy-2024-dzien-1-pierwsza-polska-koleda\/"},"wordCount":248,"publisher":{"@id":"https:\/\/www.pogotowieflagowe.pl\/aktualne\/#organization"},"image":{"@id":"https:\/\/www.pogotowieflagowe.pl\/aktualne\/nasz-kalendarz-adwentowy-2024-dzien-1-pierwsza-polska-koleda\/#primaryimage"},"thumbnailUrl":"https:\/\/www.pogotowieflagowe.pl\/aktualne\/wp-content\/uploads\/2024\/12\/Nasz-kalendarz-adwentowy-2024-Dzien-1-Pierwsza-polska-koleda.jpg","keywords":["adwentowy","Dzie\u0144","kalendarz","kol\u0119da","nasz","Pierwsza","polska"],"articleSection":["Styl \u017cycia"],"inLanguage":"pl-PL"},{"@type":"WebPage","@id":"https:\/\/www.pogotowieflagowe.pl\/aktualne\/nasz-kalendarz-adwentowy-2024-dzien-1-pierwsza-polska-koleda\/","url":"https:\/\/www.pogotowieflagowe.pl\/aktualne\/nasz-kalendarz-adwentowy-2024-dzien-1-pierwsza-polska-koleda\/","name":"Nasz kalendarz adwentowy 2024. Dzie\u0144 1: Pierwsza polska kol\u0119da - POGOTOWIE FLAGOWE\u00ae","isPartOf":{"@id":"https:\/\/www.pogotowieflagowe.pl\/aktualne\/#website"},"primaryImageOfPage":{"@id":"https:\/\/www.pogotowieflagowe.pl\/aktualne\/nasz-kalendarz-adwentowy-2024-dzien-1-pierwsza-polska-koleda\/#primaryimage"},"image":{"@id":"https:\/\/www.pogotowieflagowe.pl\/aktualne\/nasz-kalendarz-adwentowy-2024-dzien-1-pierwsza-polska-koleda\/#primaryimage"},"thumbnailUrl":"https:\/\/www.pogotowieflagowe.pl\/aktualne\/wp-content\/uploads\/2024\/12\/Nasz-kalendarz-adwentowy-2024-Dzien-1-Pierwsza-polska-koleda.jpg","datePublished":"2024-12-01T17:48:42+00:00","dateModified":"2024-12-01T17:48:46+00:00","breadcrumb":{"@id":"https:\/\/www.pogotowieflagowe.pl\/aktualne\/nasz-kalendarz-adwentowy-2024-dzien-1-pierwsza-polska-koleda\/#breadcrumb"},"inLanguage":"pl-PL","potentialAction":[{"@type":"ReadAction","target":["https:\/\/www.pogotowieflagowe.pl\/aktualne\/nasz-kalendarz-adwentowy-2024-dzien-1-pierwsza-polska-koleda\/"]}]},{"@type":"ImageObject","inLanguage":"pl-PL","@id":"https:\/\/www.pogotowieflagowe.pl\/aktualne\/nasz-kalendarz-adwentowy-2024-dzien-1-pierwsza-polska-koleda\/#primaryimage","url":"https:\/\/www.pogotowieflagowe.pl\/aktualne\/wp-content\/uploads\/2024\/12\/Nasz-kalendarz-adwentowy-2024-Dzien-1-Pierwsza-polska-koleda.jpg","contentUrl":"https:\/\/www.pogotowieflagowe.pl\/aktualne\/wp-content\/uploads\/2024\/12\/Nasz-kalendarz-adwentowy-2024-Dzien-1-Pierwsza-polska-koleda.jpg","width":1920,"height":1080,"caption":"Nasz kalendarz adwentowy 2024. Dzie\u0144 1: Pierwsza polska kol\u0119da"},{"@type":"BreadcrumbList","@id":"https:\/\/www.pogotowieflagowe.pl\/aktualne\/nasz-kalendarz-adwentowy-2024-dzien-1-pierwsza-polska-koleda\/#breadcrumb","itemListElement":[{"@type":"ListItem","position":1,"name":"Home","item":"https:\/\/www.pogotowieflagowe.pl\/aktualne\/"},{"@type":"ListItem","position":2,"name":"Nasz kalendarz adwentowy 2024. Dzie\u0144 1: Pierwsza polska kol\u0119da"}]},{"@type":"WebSite","@id":"https:\/\/www.pogotowieflagowe.pl\/aktualne\/#website","url":"https:\/\/www.pogotowieflagowe.pl\/aktualne\/","name":"POGOTOWIE FLAGOWE\u00ae","description":"","publisher":{"@id":"https:\/\/www.pogotowieflagowe.pl\/aktualne\/#organization"},"potentialAction":[{"@type":"SearchAction","target":{"@type":"EntryPoint","urlTemplate":"https:\/\/www.pogotowieflagowe.pl\/aktualne\/?s={search_term_string}"},"query-input":"required name=search_term_string"}],"inLanguage":"pl-PL"},{"@type":"Organization","@id":"https:\/\/www.pogotowieflagowe.pl\/aktualne\/#organization","name":"POGOTOWIE FLAGOWE\u00ae","url":"https:\/\/www.pogotowieflagowe.pl\/aktualne\/","logo":{"@type":"ImageObject","inLanguage":"pl-PL","@id":"https:\/\/www.pogotowieflagowe.pl\/aktualne\/#\/schema\/logo\/image\/","url":"https:\/\/www.pogotowieflagowe.pl\/aktualne\/wp-content\/uploads\/2024\/08\/cropped-pogotowieflagowe_flaga_projekt_sm.jpg","contentUrl":"https:\/\/www.pogotowieflagowe.pl\/aktualne\/wp-content\/uploads\/2024\/08\/cropped-pogotowieflagowe_flaga_projekt_sm.jpg","width":250,"height":143,"caption":"POGOTOWIE FLAGOWE\u00ae"},"image":{"@id":"https:\/\/www.pogotowieflagowe.pl\/aktualne\/#\/schema\/logo\/image\/"}},{"@type":"Person","@id":"https:\/\/www.pogotowieflagowe.pl\/aktualne\/#\/schema\/person\/9c2fb7d2362ebf6fa088960d7f0d27b0","name":"Filip","image":{"@type":"ImageObject","inLanguage":"pl-PL","@id":"https:\/\/www.pogotowieflagowe.pl\/aktualne\/#\/schema\/person\/image\/","url":"https:\/\/www.pogotowieflagowe.pl\/aktualne\/wp-content\/uploads\/2024\/08\/pogotowieflagowe.pl_.jpg","contentUrl":"https:\/\/www.pogotowieflagowe.pl\/aktualne\/wp-content\/uploads\/2024\/08\/pogotowieflagowe.pl_.jpg","caption":"Filip"},"description":"Jestem Filip, polski dziennikarz z dyplomem nauk politycznych Uniwersytetu Warszawskiego. Rozpoczynaj\u0105c swoj\u0105 karier\u0119 w r\u00f3\u017cnych lokalnych mediach, zdoby\u0142em solidne do\u015bwiadczenie w zakresie \u015bledztwa i redakcji. Obecnie jako redaktor w Pogotowie flagowe, staram si\u0119 dostarcza\u0107 dog\u0142\u0119bne i istotne analizy na temat najwa\u017cniejszych kwestii aktualno\u015bci, \u0142\u0105cz\u0105c rygor z pasj\u0105 dziennikarsk\u0105.","sameAs":["https:\/\/www.pogotowieflagowe.pl\/"]}]}},"_links":{"self":[{"href":"https:\/\/www.pogotowieflagowe.pl\/aktualne\/wp-json\/wp\/v2\/posts\/2137","targetHints":{"allow":["GET"]}}],"collection":[{"href":"https:\/\/www.pogotowieflagowe.pl\/aktualne\/wp-json\/wp\/v2\/posts"}],"about":[{"href":"https:\/\/www.pogotowieflagowe.pl\/aktualne\/wp-json\/wp\/v2\/types\/post"}],"author":[{"embeddable":true,"href":"https:\/\/www.pogotowieflagowe.pl\/aktualne\/wp-json\/wp\/v2\/users\/1"}],"replies":[{"embeddable":true,"href":"https:\/\/www.pogotowieflagowe.pl\/aktualne\/wp-json\/wp\/v2\/comments?post=2137"}],"version-history":[{"count":1,"href":"https:\/\/www.pogotowieflagowe.pl\/aktualne\/wp-json\/wp\/v2\/posts\/2137\/revisions"}],"predecessor-version":[{"id":2139,"href":"https:\/\/www.pogotowieflagowe.pl\/aktualne\/wp-json\/wp\/v2\/posts\/2137\/revisions\/2139"}],"wp:featuredmedia":[{"embeddable":true,"href":"https:\/\/www.pogotowieflagowe.pl\/aktualne\/wp-json\/wp\/v2\/media\/2138"}],"wp:attachment":[{"href":"https:\/\/www.pogotowieflagowe.pl\/aktualne\/wp-json\/wp\/v2\/media?parent=2137"}],"wp:term":[{"taxonomy":"category","embeddable":true,"href":"https:\/\/www.pogotowieflagowe.pl\/aktualne\/wp-json\/wp\/v2\/categories?post=2137"},{"taxonomy":"post_tag","embeddable":true,"href":"https:\/\/www.pogotowieflagowe.pl\/aktualne\/wp-json\/wp\/v2\/tags?post=2137"}],"curies":[{"name":"wp","href":"https:\/\/api.w.org\/{rel}","templated":true}]}}