{"id":2174,"date":"2024-12-03T00:47:03","date_gmt":"2024-12-02T23:47:03","guid":{"rendered":"https:\/\/www.pogotowieflagowe.pl\/aktualne\/gwiazdy-hollywood-polskiego-pochodzenia-joanna-kulig\/"},"modified":"2024-12-03T00:47:05","modified_gmt":"2024-12-02T23:47:05","slug":"gwiazdy-hollywood-polskiego-pochodzenia-joanna-kulig","status":"publish","type":"post","link":"https:\/\/www.pogotowieflagowe.pl\/aktualne\/gwiazdy-hollywood-polskiego-pochodzenia-joanna-kulig\/","title":{"rendered":"Gwiazdy Hollywood polskiego pochodzenia: Joanna Kulig"},"content":{"rendered":"\n<div class=\"td_block_wrap tdb_single_content tdi_48 td-pb-border-top td_block_template_8 td-post-content tagdiv-type\" data-td-block-uid=\"tdi_48\">\n<style>.tdi_48{margines-g\u00f3rny:0px!important;margin-bottom:0px!important;dope\u0142nienie-g\u00f3ra:0px!important;dope\u0142nienie-d\u00f3\u0142:0px!important}<\/style>\n<style>.tdb_single_content{margin-bottom:0;*zoom:1}.tdb_single_content:before,.tdb_single_content:after{display:table;content:'';line-height:0}.tdb_single_content:after{clear:both}.tdb_single_content .tdb-block-inner>*:not(.wp-block-quote):not(.alignwide):not(.alignfull.wp-block-cover.has-parallax):not(.td-a-ad) {margin-left:auto;margin-right:auto}.tdb_single_content a{pointer-events:auto}.tdb_single_content .td-spot-id-top_ad .tdc-placeholder-title:before{content:'Article Top Ad'!important}.tdb_single_content .td-spot-id-inline_ad0 .tdc-placeholder-title:before{content:'Article Reklama wbudowana 1'!important}.tdb_single_content .td-spot-id-inline_ad1 .tdc-placeholder-title:before{content:'Article Inline Ad 2'!important}.tdb_single_content .td-spot-id-inline_ad2 .tdc-placeholder-title:before{content:' Reklama wbudowana w artyku\u0142 3'!important}.tdb_single_content .td-spot-id-bottom_ad .tdc-placeholder-title:before{content:'Article Bottom Ad'!important}.tdb_single_content .id_top_ad,.tdb_single_content .id_bottom_ad{clear:both;margin-bottom:21px;text-align:center}.tdb_single_content .id_top_ad img,.tdb_single_content .id_bottom_ad img{margin-bottom:0}.tdb_single_content .id_top_ad .adsbygoogle,.tdb_single_content .id_bottom_ad .adsbygoogle{position:relative}.tdb_single_content .id_ad_content-horiz-left,.tdb_single_content .id_ad_content-horiz-right,.tdb_single_content .id_ad_content-horiz-center{margin-bottom:15px}.tdb_single_content .id_ad_content-horiz-left img,.tdb_single_content .id_ad_content-horiz-right img,.tdb_single_content .id_ad_content-horiz-center img{margin-bottom:0}.tdb_single_content .id_ad_content-horiz-center{text-align:center}.tdb_single_content .id_ad_content-horiz-center img{margin-right:auto;margin-left:auto}.tdb_single_content .id_ad_content-horiz-left{float:left;margin-top:9px;margin-right:21px}.tdb_single_content .id_ad_content-horiz-right{float:right;margin-top:6px;margin-left:21px}.tdb_single_content .tdc-a-ad .tdc-placeholder-title{width:300px;height:250px}.tdb_single_content .tdc-a-ad .tdc-placeholder-title:before{position:absolute;top:50%;-webkit-transform:translateY(-50%);transform:translateY(-50%);margines:auto;display:table;width:100 %}.tdb_single_content .tdb-block-inner.td-fix-index{word-break:break-word}.tdi_48,.tdi_48>p,.tdi_48 .tdb-block-inner>p{font-size:16px!important;line- wysoko\u015b\u0107:1,6!wa\u017cne}.tdi_48 .tdb-block-inner blockquote p{font-style:normal!important}@media (max-width:767px){.tdb_single_content .id_ad_content-horiz-left,.tdb_single_content .id_ad_content-horiz-right,.tdb_single_content .id_ad_content-horiz-center{margin:0 automatyczny 26px auto}}@media (max-width:767px){.tdb_single_content .id_ad_content-horiz-left{margin-right:0}}@media (max-width:767px){.tdb_single_content .id_ad_content-horiz-right{margin -left:0}}@media (max-width:767px){.tdb_single_content .td-a-ad{float:none;text-align:center}.tdb_single_content .td-a-ad img{margin-right:auto;margin-left:auto}. tdb_single_content .tdc-a-ad{float:none}}<\/style>\n<div class=\"tdb-block-inner td-fix-index\">\n<p>Joanna Kulig, urodzona 24 czerwca 1982 roku w Krynicy-Zdroju, sta\u0142a si\u0119 jedn\u0105 z najbardziej znanych polskich aktorek swojego pokolenia. Znana ze swojego niezwyk\u0142ego talentu aktorskiego i wokalnego Kulig urzeka publiczno\u015b\u0107 na du\u017cym ekranie, w telewizji i na scenie. Dzi\u0119ki dw\u00f3m Polskim Nagrodom Filmowym (Or\u0142y) i Europejskiej Nagrodzie Filmowej jej gwiazda wci\u0105\u017c ro\u015bnie w kraju i za granic\u0105.  <\/p>\n<h2 class=\"wp-block-heading\">Korzenie w muzyce i teatrze<\/h2>\n<p>Joanna Kulig wychowa\u0142a si\u0119 w ma\u0142ej wsi Muszynka ko\u0142o Krynicy-Zdroju, gdzie jej talenty artystyczne rozwin\u0119\u0142y si\u0119 najpierw poprzez \u015bpiew w ch\u00f3rze ko\u015bcielnym i nauk\u0119 gry na fortepianie, ko\u0144cz\u0105c ostatecznie Pa\u0144stwow\u0105 Szko\u0142\u0119 Muzyczn\u0105 w Krynicy-Zdroju ze specjalizacj\u0105 w grze na fortepianie. Edukacj\u0119 muzyczn\u0105 kontynuowa\u0142a w Pa\u0144stwowej Szkole Muzycznej im. Kar\u0142owicza w Krakowie, specjalizacja \u015bpiew solowy, a nast\u0119pnie rozpocz\u0119\u0142a swoj\u0105 przygod\u0119 teatraln\u0105 w Pa\u0144stwowej Szkole Teatralnej im. L. Solskiego w Krakowie, gdzie uzyska\u0142a dyplom z zakresu wokalno-estradowego. Te mocne podstawy zar\u00f3wno muzyczne, jak i aktorskie wywar\u0142y g\u0142\u0119boki wp\u0142yw na jej zdolno\u015b\u0107 do podejmowania r\u00f3l wymagaj\u0105cych g\u0142\u0119bokiej ekspresji emocjonalnej i muzykalno\u015bci.<\/p>\n<h2 class=\"wp-block-heading\">Najwa\u017cniejsze momenty w karierze<\/h2>\n<p>Pierwszy kontakt Kulig ze s\u0142aw\u0105 nast\u0105pi\u0142 w 1998 roku, kiedy wygra\u0142a odcinek popularnego polskiego talent show <em>Szansa na sukces<\/em> wykonuj\u0105c utw\u00f3r Grzegorza Turnaua <em>Mi\u0119dzy cisz\u0105 a cisz\u0105<\/em>. Jej debiut teatralny mia\u0142 miejsce jeszcze w czasie studi\u00f3w, graj\u0105c Hermi\u0119 <em>Sen nocy letniej<\/em> w presti\u017cowym Starym Teatrze w Krakowie. <\/p>\n<h2 class=\"wp-block-heading\">Prze\u0142omowe i uznane wyst\u0119py<\/h2>\n<p>Prze\u0142omem w tw\u00f3rczo\u015bci Kulig by\u0142a rola Alicji w filmie Ma\u0142gorzaty Szumowskiej <em>Sponsorowanie<\/em> (2011), za kt\u00f3ry otrzyma\u0142a Polsk\u0105 Nagrod\u0119 Filmow\u0105 dla najlepszej aktorki drugoplanowej. Dzi\u0119ki temu wyst\u0119powi sta\u0142a si\u0119 fascynuj\u0105cym talentem zdolnym do portretowania z\u0142o\u017conych, wielowymiarowych postaci.  <\/p>\n<p>Jej mi\u0119dzynarodowy profil wzr\u00f3s\u0142 dzi\u0119ki niewielkiej roli w <em>Ja\u015b i Ma\u0142gosia: \u0141owcy czarownic<\/em> (2013), ale by\u0142a to jej g\u0142\u00f3wna rola w filmie Paw\u0142a Pawlikowskiego <em>Zimna wojna<\/em> (<em>Zimna wojna<\/em>2018), dzi\u0119ki kt\u00f3remu zyska\u0142a \u015bwiatowe uznanie. Wcielaj\u0105c si\u0119 w Zul\u0119 Licho\u0144, kobiet\u0119 niezwykle niezale\u017cn\u0105 i pe\u0142n\u0105 pasji, Kulig stworzy\u0142a osza\u0142amiaj\u0105c\u0105 kreacj\u0119, kt\u00f3ra przynios\u0142a jej Polsk\u0105 Nagrod\u0119 Filmow\u0105 dla najlepszej aktorki oraz presti\u017cow\u0105 Europejsk\u0105 Nagrod\u0119 Filmow\u0105 dla najlepszej aktorki. Film by\u0142 trzykrotnie nominowany do Oscara, dzi\u0119ki czemu Kulig znalaz\u0142 si\u0119 w centrum uwagi mi\u0119dzynarodowej. Zadebiutowa\u0142a tak\u017ce w ameryka\u0144skim filmie w komedii romantycznej z 2023 roku <em>Przysz\u0142a do mnie<\/em>.<\/p>\n<h2 class=\"wp-block-heading\">Globalne uznanie i wsparcie<\/h2>\n<p>W 2022 roku Kulig zasiada\u0142a w jury sekcji \u201eUn Sure Regard\u201d na Festiwalu Filmowym w Cannes, jeszcze bardziej umacniaj\u0105c swoje wp\u0142ywy w bran\u017cy filmowej. Jej wk\u0142ad wykracza poza aktorstwo; w 2023 roku zosta\u0142a odznaczona Medalem \u015awi\u0119tego Brata Alberta za dzia\u0142alno\u015b\u0107 na rzecz os\u00f3b niepe\u0142nosprawnych. <\/p>\n<p>Jej uznanie wci\u0105\u017c ros\u0142o, gdy w styczniu 2024 roku Kulig zosta\u0142a oficjalnie przyj\u0119ta na cz\u0142onka Akademii Sztuki i Nauki Filmowej, co by\u0142o zaszczytem odzwierciedlaj\u0105cym jej znacz\u0105cy wp\u0142yw na \u015bwiatowe kino. <\/p>\n<div class=\"wp-block-buttons is-layout-flex wp-block-buttons-is-layout-flex\">\n<div class=\"wp-block-button\">Sprawd\u017a Instagram Joanny<\/div>\n<\/div>\n<\/div>\n<\/div>\n<p><script async src=\"\/\/www.instagram.com\/embed.js\"><\/script><\/p>\n","protected":false},"excerpt":{"rendered":"<p>Joanna Kulig, urodzona 24 czerwca 1982 roku w Krynicy-Zdroju, sta\u0142a si\u0119 jedn\u0105 z najbardziej znanych polskich aktorek swojego pokolenia. Znana<\/p>\n","protected":false},"author":1,"featured_media":2175,"comment_status":"closed","ping_status":"","sticky":false,"template":"","format":"standard","meta":{"footnotes":""},"categories":[47],"tags":[260,2692,1576,3458,2693,129],"class_list":["post-2174","post","type-post","status-publish","format-standard","has-post-thumbnail","hentry","category-styl-zycia","tag-gwiazdy","tag-hollywood","tag-joanna","tag-kulig","tag-pochodzenia","tag-polskiego","generate-columns","tablet-grid-50","mobile-grid-100","grid-parent","grid-50","resize-featured-image"],"yoast_head":"<!-- This site is optimized with the Yoast SEO plugin v23.2 - https:\/\/yoast.com\/wordpress\/plugins\/seo\/ -->\n<title>Gwiazdy Hollywood polskiego pochodzenia: Joanna Kulig - POGOTOWIE FLAGOWE\u00ae<\/title>\n<meta name=\"robots\" content=\"index, follow, max-snippet:-1, max-image-preview:large, max-video-preview:-1\" \/>\n<link rel=\"canonical\" href=\"https:\/\/www.pogotowieflagowe.pl\/aktualne\/gwiazdy-hollywood-polskiego-pochodzenia-joanna-kulig\/\" \/>\n<meta property=\"og:locale\" content=\"pl_PL\" \/>\n<meta property=\"og:type\" content=\"article\" \/>\n<meta property=\"og:title\" content=\"Gwiazdy Hollywood polskiego pochodzenia: Joanna Kulig - POGOTOWIE FLAGOWE\u00ae\" \/>\n<meta property=\"og:description\" content=\"Joanna Kulig, urodzona 24 czerwca 1982 roku w Krynicy-Zdroju, sta\u0142a si\u0119 jedn\u0105 z najbardziej znanych polskich aktorek swojego pokolenia. Znana\" \/>\n<meta property=\"og:url\" content=\"https:\/\/www.pogotowieflagowe.pl\/aktualne\/gwiazdy-hollywood-polskiego-pochodzenia-joanna-kulig\/\" \/>\n<meta property=\"og:site_name\" content=\"POGOTOWIE FLAGOWE\u00ae\" \/>\n<meta property=\"article:published_time\" content=\"2024-12-02T23:47:03+00:00\" \/>\n<meta property=\"article:modified_time\" content=\"2024-12-02T23:47:05+00:00\" \/>\n<meta property=\"og:image\" content=\"https:\/\/www.pogotowieflagowe.pl\/aktualne\/wp-content\/uploads\/2024\/12\/Gwiazdy-Hollywood-polskiego-pochodzenia-Joanna-Kulig.jpg\" \/>\n\t<meta property=\"og:image:width\" content=\"1343\" \/>\n\t<meta property=\"og:image:height\" content=\"1285\" \/>\n\t<meta property=\"og:image:type\" content=\"image\/jpeg\" \/>\n<meta name=\"author\" content=\"Filip\" \/>\n<meta name=\"twitter:card\" content=\"summary_large_image\" \/>\n<meta name=\"twitter:label1\" content=\"Napisane przez\" \/>\n\t<meta name=\"twitter:data1\" content=\"Filip\" \/>\n\t<meta name=\"twitter:label2\" content=\"Szacowany czas czytania\" \/>\n\t<meta name=\"twitter:data2\" content=\"3 minuty\" \/>\n<script type=\"application\/ld+json\" class=\"yoast-schema-graph\">{\"@context\":\"https:\/\/schema.org\",\"@graph\":[{\"@type\":\"Article\",\"@id\":\"https:\/\/www.pogotowieflagowe.pl\/aktualne\/gwiazdy-hollywood-polskiego-pochodzenia-joanna-kulig\/#article\",\"isPartOf\":{\"@id\":\"https:\/\/www.pogotowieflagowe.pl\/aktualne\/gwiazdy-hollywood-polskiego-pochodzenia-joanna-kulig\/\"},\"author\":{\"name\":\"Filip\",\"@id\":\"https:\/\/www.pogotowieflagowe.pl\/aktualne\/#\/schema\/person\/9c2fb7d2362ebf6fa088960d7f0d27b0\"},\"headline\":\"Gwiazdy Hollywood polskiego pochodzenia: Joanna Kulig\",\"datePublished\":\"2024-12-02T23:47:03+00:00\",\"dateModified\":\"2024-12-02T23:47:05+00:00\",\"mainEntityOfPage\":{\"@id\":\"https:\/\/www.pogotowieflagowe.pl\/aktualne\/gwiazdy-hollywood-polskiego-pochodzenia-joanna-kulig\/\"},\"wordCount\":522,\"publisher\":{\"@id\":\"https:\/\/www.pogotowieflagowe.pl\/aktualne\/#organization\"},\"image\":{\"@id\":\"https:\/\/www.pogotowieflagowe.pl\/aktualne\/gwiazdy-hollywood-polskiego-pochodzenia-joanna-kulig\/#primaryimage\"},\"thumbnailUrl\":\"https:\/\/www.pogotowieflagowe.pl\/aktualne\/wp-content\/uploads\/2024\/12\/Gwiazdy-Hollywood-polskiego-pochodzenia-Joanna-Kulig.jpg\",\"keywords\":[\"Gwiazdy\",\"Hollywood\",\"Joanna\",\"Kulig\",\"pochodzenia\",\"Polskiego\"],\"articleSection\":[\"Styl \u017cycia\"],\"inLanguage\":\"pl-PL\"},{\"@type\":\"WebPage\",\"@id\":\"https:\/\/www.pogotowieflagowe.pl\/aktualne\/gwiazdy-hollywood-polskiego-pochodzenia-joanna-kulig\/\",\"url\":\"https:\/\/www.pogotowieflagowe.pl\/aktualne\/gwiazdy-hollywood-polskiego-pochodzenia-joanna-kulig\/\",\"name\":\"Gwiazdy Hollywood polskiego pochodzenia: Joanna Kulig - POGOTOWIE FLAGOWE\u00ae\",\"isPartOf\":{\"@id\":\"https:\/\/www.pogotowieflagowe.pl\/aktualne\/#website\"},\"primaryImageOfPage\":{\"@id\":\"https:\/\/www.pogotowieflagowe.pl\/aktualne\/gwiazdy-hollywood-polskiego-pochodzenia-joanna-kulig\/#primaryimage\"},\"image\":{\"@id\":\"https:\/\/www.pogotowieflagowe.pl\/aktualne\/gwiazdy-hollywood-polskiego-pochodzenia-joanna-kulig\/#primaryimage\"},\"thumbnailUrl\":\"https:\/\/www.pogotowieflagowe.pl\/aktualne\/wp-content\/uploads\/2024\/12\/Gwiazdy-Hollywood-polskiego-pochodzenia-Joanna-Kulig.jpg\",\"datePublished\":\"2024-12-02T23:47:03+00:00\",\"dateModified\":\"2024-12-02T23:47:05+00:00\",\"breadcrumb\":{\"@id\":\"https:\/\/www.pogotowieflagowe.pl\/aktualne\/gwiazdy-hollywood-polskiego-pochodzenia-joanna-kulig\/#breadcrumb\"},\"inLanguage\":\"pl-PL\",\"potentialAction\":[{\"@type\":\"ReadAction\",\"target\":[\"https:\/\/www.pogotowieflagowe.pl\/aktualne\/gwiazdy-hollywood-polskiego-pochodzenia-joanna-kulig\/\"]}]},{\"@type\":\"ImageObject\",\"inLanguage\":\"pl-PL\",\"@id\":\"https:\/\/www.pogotowieflagowe.pl\/aktualne\/gwiazdy-hollywood-polskiego-pochodzenia-joanna-kulig\/#primaryimage\",\"url\":\"https:\/\/www.pogotowieflagowe.pl\/aktualne\/wp-content\/uploads\/2024\/12\/Gwiazdy-Hollywood-polskiego-pochodzenia-Joanna-Kulig.jpg\",\"contentUrl\":\"https:\/\/www.pogotowieflagowe.pl\/aktualne\/wp-content\/uploads\/2024\/12\/Gwiazdy-Hollywood-polskiego-pochodzenia-Joanna-Kulig.jpg\",\"width\":1343,\"height\":1285,\"caption\":\"Gwiazdy Hollywood polskiego pochodzenia: Joanna Kulig\"},{\"@type\":\"BreadcrumbList\",\"@id\":\"https:\/\/www.pogotowieflagowe.pl\/aktualne\/gwiazdy-hollywood-polskiego-pochodzenia-joanna-kulig\/#breadcrumb\",\"itemListElement\":[{\"@type\":\"ListItem\",\"position\":1,\"name\":\"Home\",\"item\":\"https:\/\/www.pogotowieflagowe.pl\/aktualne\/\"},{\"@type\":\"ListItem\",\"position\":2,\"name\":\"Gwiazdy Hollywood polskiego pochodzenia: Joanna Kulig\"}]},{\"@type\":\"WebSite\",\"@id\":\"https:\/\/www.pogotowieflagowe.pl\/aktualne\/#website\",\"url\":\"https:\/\/www.pogotowieflagowe.pl\/aktualne\/\",\"name\":\"POGOTOWIE FLAGOWE\u00ae\",\"description\":\"\",\"publisher\":{\"@id\":\"https:\/\/www.pogotowieflagowe.pl\/aktualne\/#organization\"},\"potentialAction\":[{\"@type\":\"SearchAction\",\"target\":{\"@type\":\"EntryPoint\",\"urlTemplate\":\"https:\/\/www.pogotowieflagowe.pl\/aktualne\/?s={search_term_string}\"},\"query-input\":\"required name=search_term_string\"}],\"inLanguage\":\"pl-PL\"},{\"@type\":\"Organization\",\"@id\":\"https:\/\/www.pogotowieflagowe.pl\/aktualne\/#organization\",\"name\":\"POGOTOWIE FLAGOWE\u00ae\",\"url\":\"https:\/\/www.pogotowieflagowe.pl\/aktualne\/\",\"logo\":{\"@type\":\"ImageObject\",\"inLanguage\":\"pl-PL\",\"@id\":\"https:\/\/www.pogotowieflagowe.pl\/aktualne\/#\/schema\/logo\/image\/\",\"url\":\"https:\/\/www.pogotowieflagowe.pl\/aktualne\/wp-content\/uploads\/2024\/08\/cropped-pogotowieflagowe_flaga_projekt_sm.jpg\",\"contentUrl\":\"https:\/\/www.pogotowieflagowe.pl\/aktualne\/wp-content\/uploads\/2024\/08\/cropped-pogotowieflagowe_flaga_projekt_sm.jpg\",\"width\":250,\"height\":143,\"caption\":\"POGOTOWIE FLAGOWE\u00ae\"},\"image\":{\"@id\":\"https:\/\/www.pogotowieflagowe.pl\/aktualne\/#\/schema\/logo\/image\/\"}},{\"@type\":\"Person\",\"@id\":\"https:\/\/www.pogotowieflagowe.pl\/aktualne\/#\/schema\/person\/9c2fb7d2362ebf6fa088960d7f0d27b0\",\"name\":\"Filip\",\"image\":{\"@type\":\"ImageObject\",\"inLanguage\":\"pl-PL\",\"@id\":\"https:\/\/www.pogotowieflagowe.pl\/aktualne\/#\/schema\/person\/image\/\",\"url\":\"https:\/\/www.pogotowieflagowe.pl\/aktualne\/wp-content\/uploads\/2024\/08\/pogotowieflagowe.pl_.jpg\",\"contentUrl\":\"https:\/\/www.pogotowieflagowe.pl\/aktualne\/wp-content\/uploads\/2024\/08\/pogotowieflagowe.pl_.jpg\",\"caption\":\"Filip\"},\"description\":\"Jestem Filip, polski dziennikarz z dyplomem nauk politycznych Uniwersytetu Warszawskiego. Rozpoczynaj\u0105c swoj\u0105 karier\u0119 w r\u00f3\u017cnych lokalnych mediach, zdoby\u0142em solidne do\u015bwiadczenie w zakresie \u015bledztwa i redakcji. Obecnie jako redaktor w Pogotowie flagowe, staram si\u0119 dostarcza\u0107 dog\u0142\u0119bne i istotne analizy na temat najwa\u017cniejszych kwestii aktualno\u015bci, \u0142\u0105cz\u0105c rygor z pasj\u0105 dziennikarsk\u0105.\",\"sameAs\":[\"https:\/\/www.pogotowieflagowe.pl\/\"]}]}<\/script>\n<!-- \/ Yoast SEO plugin. -->","yoast_head_json":{"title":"Gwiazdy Hollywood polskiego pochodzenia: Joanna Kulig - POGOTOWIE FLAGOWE\u00ae","robots":{"index":"index","follow":"follow","max-snippet":"max-snippet:-1","max-image-preview":"max-image-preview:large","max-video-preview":"max-video-preview:-1"},"canonical":"https:\/\/www.pogotowieflagowe.pl\/aktualne\/gwiazdy-hollywood-polskiego-pochodzenia-joanna-kulig\/","og_locale":"pl_PL","og_type":"article","og_title":"Gwiazdy Hollywood polskiego pochodzenia: Joanna Kulig - POGOTOWIE FLAGOWE\u00ae","og_description":"Joanna Kulig, urodzona 24 czerwca 1982 roku w Krynicy-Zdroju, sta\u0142a si\u0119 jedn\u0105 z najbardziej znanych polskich aktorek swojego pokolenia. Znana","og_url":"https:\/\/www.pogotowieflagowe.pl\/aktualne\/gwiazdy-hollywood-polskiego-pochodzenia-joanna-kulig\/","og_site_name":"POGOTOWIE FLAGOWE\u00ae","article_published_time":"2024-12-02T23:47:03+00:00","article_modified_time":"2024-12-02T23:47:05+00:00","og_image":[{"width":1343,"height":1285,"url":"https:\/\/www.pogotowieflagowe.pl\/aktualne\/wp-content\/uploads\/2024\/12\/Gwiazdy-Hollywood-polskiego-pochodzenia-Joanna-Kulig.jpg","type":"image\/jpeg"}],"author":"Filip","twitter_card":"summary_large_image","twitter_misc":{"Napisane przez":"Filip","Szacowany czas czytania":"3 minuty"},"schema":{"@context":"https:\/\/schema.org","@graph":[{"@type":"Article","@id":"https:\/\/www.pogotowieflagowe.pl\/aktualne\/gwiazdy-hollywood-polskiego-pochodzenia-joanna-kulig\/#article","isPartOf":{"@id":"https:\/\/www.pogotowieflagowe.pl\/aktualne\/gwiazdy-hollywood-polskiego-pochodzenia-joanna-kulig\/"},"author":{"name":"Filip","@id":"https:\/\/www.pogotowieflagowe.pl\/aktualne\/#\/schema\/person\/9c2fb7d2362ebf6fa088960d7f0d27b0"},"headline":"Gwiazdy Hollywood polskiego pochodzenia: Joanna Kulig","datePublished":"2024-12-02T23:47:03+00:00","dateModified":"2024-12-02T23:47:05+00:00","mainEntityOfPage":{"@id":"https:\/\/www.pogotowieflagowe.pl\/aktualne\/gwiazdy-hollywood-polskiego-pochodzenia-joanna-kulig\/"},"wordCount":522,"publisher":{"@id":"https:\/\/www.pogotowieflagowe.pl\/aktualne\/#organization"},"image":{"@id":"https:\/\/www.pogotowieflagowe.pl\/aktualne\/gwiazdy-hollywood-polskiego-pochodzenia-joanna-kulig\/#primaryimage"},"thumbnailUrl":"https:\/\/www.pogotowieflagowe.pl\/aktualne\/wp-content\/uploads\/2024\/12\/Gwiazdy-Hollywood-polskiego-pochodzenia-Joanna-Kulig.jpg","keywords":["Gwiazdy","Hollywood","Joanna","Kulig","pochodzenia","Polskiego"],"articleSection":["Styl \u017cycia"],"inLanguage":"pl-PL"},{"@type":"WebPage","@id":"https:\/\/www.pogotowieflagowe.pl\/aktualne\/gwiazdy-hollywood-polskiego-pochodzenia-joanna-kulig\/","url":"https:\/\/www.pogotowieflagowe.pl\/aktualne\/gwiazdy-hollywood-polskiego-pochodzenia-joanna-kulig\/","name":"Gwiazdy Hollywood polskiego pochodzenia: Joanna Kulig - POGOTOWIE FLAGOWE\u00ae","isPartOf":{"@id":"https:\/\/www.pogotowieflagowe.pl\/aktualne\/#website"},"primaryImageOfPage":{"@id":"https:\/\/www.pogotowieflagowe.pl\/aktualne\/gwiazdy-hollywood-polskiego-pochodzenia-joanna-kulig\/#primaryimage"},"image":{"@id":"https:\/\/www.pogotowieflagowe.pl\/aktualne\/gwiazdy-hollywood-polskiego-pochodzenia-joanna-kulig\/#primaryimage"},"thumbnailUrl":"https:\/\/www.pogotowieflagowe.pl\/aktualne\/wp-content\/uploads\/2024\/12\/Gwiazdy-Hollywood-polskiego-pochodzenia-Joanna-Kulig.jpg","datePublished":"2024-12-02T23:47:03+00:00","dateModified":"2024-12-02T23:47:05+00:00","breadcrumb":{"@id":"https:\/\/www.pogotowieflagowe.pl\/aktualne\/gwiazdy-hollywood-polskiego-pochodzenia-joanna-kulig\/#breadcrumb"},"inLanguage":"pl-PL","potentialAction":[{"@type":"ReadAction","target":["https:\/\/www.pogotowieflagowe.pl\/aktualne\/gwiazdy-hollywood-polskiego-pochodzenia-joanna-kulig\/"]}]},{"@type":"ImageObject","inLanguage":"pl-PL","@id":"https:\/\/www.pogotowieflagowe.pl\/aktualne\/gwiazdy-hollywood-polskiego-pochodzenia-joanna-kulig\/#primaryimage","url":"https:\/\/www.pogotowieflagowe.pl\/aktualne\/wp-content\/uploads\/2024\/12\/Gwiazdy-Hollywood-polskiego-pochodzenia-Joanna-Kulig.jpg","contentUrl":"https:\/\/www.pogotowieflagowe.pl\/aktualne\/wp-content\/uploads\/2024\/12\/Gwiazdy-Hollywood-polskiego-pochodzenia-Joanna-Kulig.jpg","width":1343,"height":1285,"caption":"Gwiazdy Hollywood polskiego pochodzenia: Joanna Kulig"},{"@type":"BreadcrumbList","@id":"https:\/\/www.pogotowieflagowe.pl\/aktualne\/gwiazdy-hollywood-polskiego-pochodzenia-joanna-kulig\/#breadcrumb","itemListElement":[{"@type":"ListItem","position":1,"name":"Home","item":"https:\/\/www.pogotowieflagowe.pl\/aktualne\/"},{"@type":"ListItem","position":2,"name":"Gwiazdy Hollywood polskiego pochodzenia: Joanna Kulig"}]},{"@type":"WebSite","@id":"https:\/\/www.pogotowieflagowe.pl\/aktualne\/#website","url":"https:\/\/www.pogotowieflagowe.pl\/aktualne\/","name":"POGOTOWIE FLAGOWE\u00ae","description":"","publisher":{"@id":"https:\/\/www.pogotowieflagowe.pl\/aktualne\/#organization"},"potentialAction":[{"@type":"SearchAction","target":{"@type":"EntryPoint","urlTemplate":"https:\/\/www.pogotowieflagowe.pl\/aktualne\/?s={search_term_string}"},"query-input":"required name=search_term_string"}],"inLanguage":"pl-PL"},{"@type":"Organization","@id":"https:\/\/www.pogotowieflagowe.pl\/aktualne\/#organization","name":"POGOTOWIE FLAGOWE\u00ae","url":"https:\/\/www.pogotowieflagowe.pl\/aktualne\/","logo":{"@type":"ImageObject","inLanguage":"pl-PL","@id":"https:\/\/www.pogotowieflagowe.pl\/aktualne\/#\/schema\/logo\/image\/","url":"https:\/\/www.pogotowieflagowe.pl\/aktualne\/wp-content\/uploads\/2024\/08\/cropped-pogotowieflagowe_flaga_projekt_sm.jpg","contentUrl":"https:\/\/www.pogotowieflagowe.pl\/aktualne\/wp-content\/uploads\/2024\/08\/cropped-pogotowieflagowe_flaga_projekt_sm.jpg","width":250,"height":143,"caption":"POGOTOWIE FLAGOWE\u00ae"},"image":{"@id":"https:\/\/www.pogotowieflagowe.pl\/aktualne\/#\/schema\/logo\/image\/"}},{"@type":"Person","@id":"https:\/\/www.pogotowieflagowe.pl\/aktualne\/#\/schema\/person\/9c2fb7d2362ebf6fa088960d7f0d27b0","name":"Filip","image":{"@type":"ImageObject","inLanguage":"pl-PL","@id":"https:\/\/www.pogotowieflagowe.pl\/aktualne\/#\/schema\/person\/image\/","url":"https:\/\/www.pogotowieflagowe.pl\/aktualne\/wp-content\/uploads\/2024\/08\/pogotowieflagowe.pl_.jpg","contentUrl":"https:\/\/www.pogotowieflagowe.pl\/aktualne\/wp-content\/uploads\/2024\/08\/pogotowieflagowe.pl_.jpg","caption":"Filip"},"description":"Jestem Filip, polski dziennikarz z dyplomem nauk politycznych Uniwersytetu Warszawskiego. Rozpoczynaj\u0105c swoj\u0105 karier\u0119 w r\u00f3\u017cnych lokalnych mediach, zdoby\u0142em solidne do\u015bwiadczenie w zakresie \u015bledztwa i redakcji. Obecnie jako redaktor w Pogotowie flagowe, staram si\u0119 dostarcza\u0107 dog\u0142\u0119bne i istotne analizy na temat najwa\u017cniejszych kwestii aktualno\u015bci, \u0142\u0105cz\u0105c rygor z pasj\u0105 dziennikarsk\u0105.","sameAs":["https:\/\/www.pogotowieflagowe.pl\/"]}]}},"_links":{"self":[{"href":"https:\/\/www.pogotowieflagowe.pl\/aktualne\/wp-json\/wp\/v2\/posts\/2174","targetHints":{"allow":["GET"]}}],"collection":[{"href":"https:\/\/www.pogotowieflagowe.pl\/aktualne\/wp-json\/wp\/v2\/posts"}],"about":[{"href":"https:\/\/www.pogotowieflagowe.pl\/aktualne\/wp-json\/wp\/v2\/types\/post"}],"author":[{"embeddable":true,"href":"https:\/\/www.pogotowieflagowe.pl\/aktualne\/wp-json\/wp\/v2\/users\/1"}],"replies":[{"embeddable":true,"href":"https:\/\/www.pogotowieflagowe.pl\/aktualne\/wp-json\/wp\/v2\/comments?post=2174"}],"version-history":[{"count":1,"href":"https:\/\/www.pogotowieflagowe.pl\/aktualne\/wp-json\/wp\/v2\/posts\/2174\/revisions"}],"predecessor-version":[{"id":2176,"href":"https:\/\/www.pogotowieflagowe.pl\/aktualne\/wp-json\/wp\/v2\/posts\/2174\/revisions\/2176"}],"wp:featuredmedia":[{"embeddable":true,"href":"https:\/\/www.pogotowieflagowe.pl\/aktualne\/wp-json\/wp\/v2\/media\/2175"}],"wp:attachment":[{"href":"https:\/\/www.pogotowieflagowe.pl\/aktualne\/wp-json\/wp\/v2\/media?parent=2174"}],"wp:term":[{"taxonomy":"category","embeddable":true,"href":"https:\/\/www.pogotowieflagowe.pl\/aktualne\/wp-json\/wp\/v2\/categories?post=2174"},{"taxonomy":"post_tag","embeddable":true,"href":"https:\/\/www.pogotowieflagowe.pl\/aktualne\/wp-json\/wp\/v2\/tags?post=2174"}],"curies":[{"name":"wp","href":"https:\/\/api.w.org\/{rel}","templated":true}]}}