{"id":2177,"date":"2024-12-03T03:48:33","date_gmt":"2024-12-03T02:48:33","guid":{"rendered":"https:\/\/www.pogotowieflagowe.pl\/aktualne\/ziobro-przedstawia-akt-oskarzenia-przeciwko-rzadowi-tuska-mamy-do-czynienia-z-pelzajacym-zamachem-stanu\/"},"modified":"2024-12-03T03:48:34","modified_gmt":"2024-12-03T02:48:34","slug":"ziobro-przedstawia-akt-oskarzenia-przeciwko-rzadowi-tuska-mamy-do-czynienia-z-pelzajacym-zamachem-stanu","status":"publish","type":"post","link":"https:\/\/www.pogotowieflagowe.pl\/aktualne\/ziobro-przedstawia-akt-oskarzenia-przeciwko-rzadowi-tuska-mamy-do-czynienia-z-pelzajacym-zamachem-stanu\/","title":{"rendered":"Ziobro przedstawia akt oskar\u017cenia przeciwko rz\u0105dowi Tuska: \u201eMamy do czynienia z pe\u0142zaj\u0105cym zamachem stanu\u201d"},"content":{"rendered":"\n<div class=\"td_block_wrap tdb_single_content tdi_48 td-pb-border-top td_block_template_8 td-post-content tagdiv-type\" data-td-block-uid=\"tdi_48\">\n<style>.tdi_48{margines-g\u00f3rny:0px!important;margin-bottom:0px!important;dope\u0142nienie-g\u00f3ra:0px!important;dope\u0142nienie-d\u00f3\u0142:0px!important}<\/style>\n<style>.tdb_single_content{margin-bottom:0;*zoom:1}.tdb_single_content:before,.tdb_single_content:after{display:table;content:'';line-height:0}.tdb_single_content:after{clear:both}.tdb_single_content .tdb-block-inner>*:not(.wp-block-quote):not(.alignwide):not(.alignfull.wp-block-cover.has-parallax):not(.td-a-ad) {margin-left:auto;margin-right:auto}.tdb_single_content a{pointer-events:auto}.tdb_single_content .td-spot-id-top_ad .tdc-placeholder-title:before{content:'Article Top Ad'!important}.tdb_single_content .td-spot-id-inline_ad0 .tdc-placeholder-title:before{content:'Article Reklama wbudowana 1'!important}.tdb_single_content .td-spot-id-inline_ad1 .tdc-placeholder-title:before{content:'Article Inline Ad 2'!important}.tdb_single_content .td-spot-id-inline_ad2 .tdc-placeholder-title:before{content:' Reklama wbudowana w artyku\u0142 3'!important}.tdb_single_content .td-spot-id-bottom_ad .tdc-placeholder-title:before{content:'Article Bottom Ad'!important}.tdb_single_content .id_top_ad,.tdb_single_content .id_bottom_ad{clear:both;margin-bottom:21px;text-align:center}.tdb_single_content .id_top_ad img,.tdb_single_content .id_bottom_ad img{margin-bottom:0}.tdb_single_content .id_top_ad .adsbygoogle,.tdb_single_content .id_bottom_ad .adsbygoogle{position:relative}.tdb_single_content .id_ad_content-horiz-left,.tdb_single_content .id_ad_content-horiz-right,.tdb_single_content .id_ad_content-horiz-center{margin-bottom:15px}.tdb_single_content .id_ad_content-horiz-left img,.tdb_single_content .id_ad_content-horiz-right img,.tdb_single_content .id_ad_content-horiz-center img{margin-bottom:0}.tdb_single_content .id_ad_content-horiz-center{text-align:center}.tdb_single_content .id_ad_content-horiz-center img{margin-right:auto;margin-left:auto}.tdb_single_content .id_ad_content-horiz-left{float:left;margin-top:9px;margin-right:21px}.tdb_single_content .id_ad_content-horiz-right{float:right;margin-top:6px;margin-left:21px}.tdb_single_content .tdc-a-ad .tdc-placeholder-title{width:300px;height:250px}.tdb_single_content .tdc-a-ad .tdc-placeholder-title:before{position:absolute;top:50%;-webkit-transform:translateY(-50%);transform:translateY(-50%);margines:auto;display:table;width:100 %}.tdb_single_content .tdb-block-inner.td-fix-index{word-break:break-word}.tdi_48,.tdi_48>p,.tdi_48 .tdb-block-inner>p{font-size:16px!important;line- wysoko\u015b\u0107:1,6!wa\u017cne}.tdi_48 .tdb-block-inner blockquote p{font-style:normal!important}@media (max-width:767px){.tdb_single_content .id_ad_content-horiz-left,.tdb_single_content .id_ad_content-horiz-right,.tdb_single_content .id_ad_content-horiz-center{margin:0 automatyczny 26px auto}}@media (max-width:767px){.tdb_single_content .id_ad_content-horiz-left{margin-right:0}}@media (max-width:767px){.tdb_single_content .id_ad_content-horiz-right{margin -left:0}}@media (max-width:767px){.tdb_single_content .td-a-ad{float:none;text-align:center}.tdb_single_content .td-a-ad img{margin-right:auto;margin-left:auto}. tdb_single_content .tdc-a-ad{float:none}}<\/style>\n<div class=\"tdb-block-inner td-fix-index\">\n<h2 class=\"wp-block-heading\">\u201eJeste\u015bmy \u015bwiadkami pe\u0142zaj\u0105cego zamachu stanu. Do \u0142amania prawa dochodzi na r\u00f3\u017cnych p\u0142aszczyznach, pocz\u0105wszy od medi\u00f3w, a sko\u0144czywszy na p\u00f3\u017aniejszych wydarzeniach naznaczonych ra\u017c\u0105cym naruszeniem prawa, w tym czynach przest\u0119pczych pope\u0142nionych w celu uzyskania korzy\u015bci politycznych dla sprawuj\u0105cych w\u0142adz\u0119, a tak\u017ce korzy\u015bci materialnych dla os\u00f3b zajmuj\u0105cych lukratywne stanowiska i zadania wa\u017cne dla obozu rz\u0105dz\u0105cego\u201d \u2013 powiedzia\u0142 w wywiadzie dla TV Republika Zbigniew Ziobro, by\u0142y minister sprawiedliwo\u015bci. \u201eTo szereg przest\u0119pstw, kt\u00f3rych cz\u0119\u015bci\u0105 jest naruszenie konstytucyjnych wolno\u015bci profesora Pogonowskiego\u201d \u2013 doda\u0142 Ziobro.<\/h2>\n<blockquote class=\"twitter-tweet\">\n<p lang=\"en\" dir=\"ltr\">\u203c\ufe0f Ruszamy <a rel=\"nofollow\" href=\"https:\/\/twitter.com\/RepublikaTV?ref_src=twsrc%5Etfw\">@RepublikaTV<\/a> \u203c\ufe0f<\/p>\n<p>Re\u017cim liberalno-lewicowy, na kt\u00f3rego czele stoi <a rel=\"nofollow\" href=\"https:\/\/twitter.com\/donaldtusk?ref_src=twsrc%5Etfw\">@donaldtusk<\/a> by\u0142y przewodnicz\u0105cy Rady Europejskiej, zatrzyma\u0142 by\u0142ego szefa ABW, najwa\u017cniejszej polskiej agencji wywiadowczej, a obecnego cz\u0142onka zarz\u0105du Narodowego Banku Polskiego.<\/p>\n<p>\ud83d\udccdEkskluzywny materia\u0142 filmowy ze strony\u2026 <a rel=\"nofollow\" href=\"https:\/\/t.co\/j8NjxNIVIn\">pic.twitter.com\/j8NjxNIVIn<\/a><\/p>\n<p>\u2014 michal.rachon (@michalrachon) <a rel=\"nofollow\" href=\"https:\/\/twitter.com\/michalrachon\/status\/1863475013736612157?ref_src=twsrc%5Etfw\">2 grudnia 2024 r<\/a><\/p><\/blockquote>\n<p><strong>Dzi\u015b rano w\u0142adze pojawi\u0142y si\u0119 w mieszkaniu by\u0142ego szefa Agencji Bezpiecze\u0144stwa Wewn\u0119trznego Piotra Pogonowskiego i go zatrzyma\u0142y. Zostanie on si\u0142\u0105 postawiony przed nielegalnie dzia\u0142aj\u0105c\u0105 Komisj\u0105 Pegaza.<\/strong><\/p>\n<p>We wrze\u015bniu 2024 r. Trybuna\u0142 Konstytucyjny orzek\u0142, \u017ce dzia\u0142alno\u015b\u0107 Komisji Pegaza jest niezgodna z konstytucj\u0105. Zdaniem Trybuna\u0142u Sejm przyj\u0105\u0142 uchwa\u0142\u0119 \u201eniew\u0142a\u015bciwie ukonstytuowan\u0105\u201d, gdy\u017c uniemo\u017cliwia\u0142a ona Mariuszowi Kami\u0144skiemu i Maciejowi W\u0105sikowi wykonywanie obowi\u0105zk\u00f3w parlamentarnych. Pogonowski, powo\u0142uj\u0105c si\u0119 na orzeczenie Trybuna\u0142u, trzykrotnie nie stawi\u0142 si\u0119 przed komisj\u0105. Jednak w listopadzie S\u0105d Okr\u0119gowy w Warszawie wyrokiem s\u0119dzi Beaty Najjar zignorowa\u0142 decyzj\u0119 Trybuna\u0142u Konstytucyjnego i nakaza\u0142 aresztowanie Pogonowskiego i przymusowe stawienie si\u0119 przed komisj\u0105.<\/p>\n<h3 class=\"wp-block-heading\"><strong>Kontrowersje wok\u00f3\u0142 s\u0119dziego Najjara<\/strong><\/h3>\n<p>Beata Najjar zosta\u0142a prezesem S\u0105du Okr\u0119gowego w Warszawie w sierpniu 2024 r. Odwo\u0142ana wcze\u015bniej przez Ziobr\u0119 ze stanowiska wiceprezesa ds. karnych, by\u0142a jedyn\u0105 kandydatk\u0105 popieran\u0105 przez Zgromadzenie Og\u00f3lne S\u0119dzi\u00f3w tego s\u0105du.<\/p>\n<p>Zapytany o zwolnienie Najjara Ziobro broni\u0142 swojej decyzji, stwierdzaj\u0105c:<\/p>\n<figure class=\"wp-block-pullquote\">\n<blockquote>\n<p>  \u201ePrzeprowadzono j\u0105 \u015bci\u015ble w ramach prawa. Jako Minister mia\u0142em uprawnienia do podejmowania takich decyzji, a ta opiera\u0142a si\u0119 na rekomendacjach wymiaru sprawiedliwo\u015bci. Trzyma\u0142am si\u0119 twardej zasady, aby nie dzia\u0142a\u0107 bez opinii s\u0119dzi\u00f3w, kt\u00f3rzy dobrze zaznajomili si\u0119 z funkcjonowaniem swoich zespo\u0142\u00f3w s\u0119dziowskich i negatywnie j\u0105 ocenili.\u201d<\/p>\n<\/blockquote>\n<\/figure>\n<p>Ziobro skrytykowa\u0142 p\u00f3\u017aniejsze zmiany dokonane przez Adama Bodnara, zarzucaj\u0105c mu bezprawne odwo\u0142anie kierownictwa zar\u00f3wno S\u0105du Okr\u0119gowego, jak i Apelacyjnego w Warszawie. Wed\u0142ug Ziobry dzia\u0142ania Bodnara mia\u0142y na celu przej\u0119cie przez \u201enaszych s\u0119dzi\u00f3w\u201d kluczowych stanowisk kierowniczych w s\u0105downictwie, zapewniaj\u0105c w ten spos\u00f3b kontrol\u0119 nad krytycznymi sprawami.<\/p>\n<h3 class=\"wp-block-heading\"><strong>Ziobro: Zatrzymanie Pogonowskiego to przest\u0119pstwo<\/strong><\/h3>\n<p>Ziobro okre\u015bli\u0142 zatrzymanie Piotra Pogonowskiego jako nie tylko bezprawne, ale i karalne, twierdz\u0105c, \u017ce osoby odpowiedzialne, w tym s\u0119dziowie, musz\u0105 zosta\u0107 poci\u0105gni\u0119ci do odpowiedzialno\u015bci.<\/p>\n<figure class=\"wp-block-pullquote\">\n<blockquote>\n<p>\u201eChodzi o sytuacj\u0119, w kt\u00f3rej ka\u017cdy obywatel, kt\u00f3ry przypadkiem sprzeciwia si\u0119 okre\u015blonym strukturom w\u0142adzy lub klikom, mo\u017ce zosta\u0107 bezprawnie zatrzymany. Nie mo\u017cemy tego zaakceptowa\u0107 jako czego\u015b normalnego. Praktyki te nawi\u0105zuj\u0105 do najciemniejszych dni komunizmu\u201d \u2013 stwierdzi\u0142.<\/p>\n<\/blockquote>\n<\/figure>\n<p>Ziobro podkre\u015bli\u0142, \u017ce orzeczenie Trybuna\u0142u Konstytucyjnego z 10 wrze\u015bnia jest wi\u0105\u017c\u0105ce i niepodwa\u017calne.<\/p>\n<figure class=\"wp-block-pullquote\">\n<blockquote>\n<p>  \u201eKomisja Pegaza zosta\u0142a powo\u0142ana niezgodnie z konstytucj\u0105, zar\u00f3wno je\u015bli chodzi o jej utworzenie, jak i zakres dzia\u0142ania. Zmuszanie kogo\u015b do stawienia si\u0119 przed t\u0105 komisj\u0105 jest oczywistym przest\u0119pstwem, a osoby odpowiedzialne musz\u0105 ponie\u015b\u0107 konsekwencje\u201d \u2013 stwierdzi\u0142.<\/p>\n<\/blockquote>\n<\/figure>\n<h3 class=\"wp-block-heading\">Obawy dotycz\u0105ce niezale\u017cno\u015bci s\u0105d\u00f3w<\/h3>\n<p>Ziobro zwr\u00f3ci\u0142 tak\u017ce uwag\u0119 na kwestie niezawis\u0142o\u015bci s\u0119dziowskiej, wskazuj\u0105c na zarzuty manipulacji przy wyborze s\u0119dzi\u00f3w do spraw dra\u017cliwych politycznie.<\/p>\n<figure class=\"wp-block-pullquote\">\n<blockquote>\n<p>  \u201eWprowadzili\u015bmy elektroniczny system losowego przydzielania s\u0119dzi\u00f3w, kt\u00f3ry by\u0142 powszechnie chwalony za przejrzysto\u015b\u0107. Otrzymuj\u0119 jednak sygna\u0142y sugeruj\u0105ce, \u017ce obecnie dochodzi do manipulacji przy tym systemie, co ma zapewni\u0107, \u017ce \u201enasi s\u0119dziowie\u201d zajm\u0105 si\u0119 sprawami kluczowymi dla rz\u0105dz\u0105cych\u201d \u2013 zauwa\u017cy\u0142.<\/p>\n<\/blockquote>\n<\/figure>\n<p>Na zako\u0144czenie Ziobro powt\u00f3rzy\u0142 swoje stwierdzenie:<\/p>\n<figure class=\"wp-block-pullquote\">\n<blockquote>\n<p>\u201eMamy do czynienia z pe\u0142zaj\u0105cym zamachem stanu. Do \u0142amania prawa dochodzi w wielu obszarach, od medi\u00f3w po inne wydarzenia, w kt\u00f3rych dochodzi do powa\u017cnych narusze\u0144 prawa, a kt\u00f3rych celem jest zapewnienie elicie rz\u0105dz\u0105cej korzy\u015bci politycznych i materialnych. Do tego szeregu przest\u0119pstw zalicza si\u0119 tak\u017ce naruszenie konstytucyjnych wolno\u015bci profesora Pogonowskiego.\u201d<\/p>\n<\/blockquote>\n<\/figure>\n<\/div>\n<\/div>\n<p><script async src=\"https:\/\/platform.twitter.com\/widgets.js\" charset=\"utf-8\"><\/script><\/p>\n","protected":false},"excerpt":{"rendered":"<p>\u201eJeste\u015bmy \u015bwiadkami pe\u0142zaj\u0105cego zamachu stanu. Do \u0142amania prawa dochodzi na r\u00f3\u017cnych p\u0142aszczyznach, pocz\u0105wszy od medi\u00f3w, a sko\u0144czywszy na p\u00f3\u017aniejszych wydarzeniach<\/p>\n","protected":false},"author":1,"featured_media":2178,"comment_status":"closed","ping_status":"","sticky":false,"template":"","format":"standard","meta":{"footnotes":""},"categories":[44],"tags":[3459,3462,3461,733,3463,355,420,3460,2874,567,2873,3360],"class_list":["post-2177","post","type-post","status-publish","format-standard","has-post-thumbnail","hentry","category-polityka","tag-akt","tag-czynienia","tag-mamy","tag-oskarzenia","tag-pelzajacym","tag-przeciwko","tag-przedstawia","tag-rzadowi","tag-stanu","tag-tuska","tag-zamachem","tag-ziobro","generate-columns","tablet-grid-50","mobile-grid-100","grid-parent","grid-50","resize-featured-image"],"yoast_head":"<!-- This site is optimized with the Yoast SEO plugin v23.2 - https:\/\/yoast.com\/wordpress\/plugins\/seo\/ -->\n<title>Ziobro przedstawia akt oskar\u017cenia przeciwko rz\u0105dowi Tuska: \u201eMamy do czynienia z pe\u0142zaj\u0105cym zamachem stanu\u201d - POGOTOWIE FLAGOWE\u00ae<\/title>\n<meta name=\"robots\" content=\"index, follow, max-snippet:-1, max-image-preview:large, max-video-preview:-1\" \/>\n<link rel=\"canonical\" href=\"https:\/\/www.pogotowieflagowe.pl\/aktualne\/ziobro-przedstawia-akt-oskarzenia-przeciwko-rzadowi-tuska-mamy-do-czynienia-z-pelzajacym-zamachem-stanu\/\" \/>\n<meta property=\"og:locale\" content=\"pl_PL\" \/>\n<meta property=\"og:type\" content=\"article\" \/>\n<meta property=\"og:title\" content=\"Ziobro przedstawia akt oskar\u017cenia przeciwko rz\u0105dowi Tuska: \u201eMamy do czynienia z pe\u0142zaj\u0105cym zamachem stanu\u201d - POGOTOWIE FLAGOWE\u00ae\" \/>\n<meta property=\"og:description\" content=\"\u201eJeste\u015bmy \u015bwiadkami pe\u0142zaj\u0105cego zamachu stanu. Do \u0142amania prawa dochodzi na r\u00f3\u017cnych p\u0142aszczyznach, pocz\u0105wszy od medi\u00f3w, a sko\u0144czywszy na p\u00f3\u017aniejszych wydarzeniach\" \/>\n<meta property=\"og:url\" content=\"https:\/\/www.pogotowieflagowe.pl\/aktualne\/ziobro-przedstawia-akt-oskarzenia-przeciwko-rzadowi-tuska-mamy-do-czynienia-z-pelzajacym-zamachem-stanu\/\" \/>\n<meta property=\"og:site_name\" content=\"POGOTOWIE FLAGOWE\u00ae\" \/>\n<meta property=\"article:published_time\" content=\"2024-12-03T02:48:33+00:00\" \/>\n<meta property=\"article:modified_time\" content=\"2024-12-03T02:48:34+00:00\" \/>\n<meta property=\"og:image\" content=\"https:\/\/www.pogotowieflagowe.pl\/aktualne\/wp-content\/uploads\/2024\/12\/Ziobro-przedstawia-akt-oskarzenia-przeciwko-rzadowi-Tuska-\u201eMamy-do-czynienia.jpg\" \/>\n\t<meta property=\"og:image:width\" content=\"1200\" \/>\n\t<meta property=\"og:image:height\" content=\"675\" \/>\n\t<meta property=\"og:image:type\" content=\"image\/jpeg\" \/>\n<meta name=\"author\" content=\"Filip\" \/>\n<meta name=\"twitter:card\" content=\"summary_large_image\" \/>\n<meta name=\"twitter:label1\" content=\"Napisane przez\" \/>\n\t<meta name=\"twitter:data1\" content=\"Filip\" \/>\n\t<meta name=\"twitter:label2\" content=\"Szacowany czas czytania\" \/>\n\t<meta name=\"twitter:data2\" content=\"4 minuty\" \/>\n<script type=\"application\/ld+json\" class=\"yoast-schema-graph\">{\"@context\":\"https:\/\/schema.org\",\"@graph\":[{\"@type\":\"Article\",\"@id\":\"https:\/\/www.pogotowieflagowe.pl\/aktualne\/ziobro-przedstawia-akt-oskarzenia-przeciwko-rzadowi-tuska-mamy-do-czynienia-z-pelzajacym-zamachem-stanu\/#article\",\"isPartOf\":{\"@id\":\"https:\/\/www.pogotowieflagowe.pl\/aktualne\/ziobro-przedstawia-akt-oskarzenia-przeciwko-rzadowi-tuska-mamy-do-czynienia-z-pelzajacym-zamachem-stanu\/\"},\"author\":{\"name\":\"Filip\",\"@id\":\"https:\/\/www.pogotowieflagowe.pl\/aktualne\/#\/schema\/person\/9c2fb7d2362ebf6fa088960d7f0d27b0\"},\"headline\":\"Ziobro przedstawia akt oskar\u017cenia przeciwko rz\u0105dowi Tuska: \u201eMamy do czynienia z pe\u0142zaj\u0105cym zamachem stanu\u201d\",\"datePublished\":\"2024-12-03T02:48:33+00:00\",\"dateModified\":\"2024-12-03T02:48:34+00:00\",\"mainEntityOfPage\":{\"@id\":\"https:\/\/www.pogotowieflagowe.pl\/aktualne\/ziobro-przedstawia-akt-oskarzenia-przeciwko-rzadowi-tuska-mamy-do-czynienia-z-pelzajacym-zamachem-stanu\/\"},\"wordCount\":755,\"publisher\":{\"@id\":\"https:\/\/www.pogotowieflagowe.pl\/aktualne\/#organization\"},\"image\":{\"@id\":\"https:\/\/www.pogotowieflagowe.pl\/aktualne\/ziobro-przedstawia-akt-oskarzenia-przeciwko-rzadowi-tuska-mamy-do-czynienia-z-pelzajacym-zamachem-stanu\/#primaryimage\"},\"thumbnailUrl\":\"https:\/\/www.pogotowieflagowe.pl\/aktualne\/wp-content\/uploads\/2024\/12\/Ziobro-przedstawia-akt-oskarzenia-przeciwko-rzadowi-Tuska-\u201eMamy-do-czynienia.jpg\",\"keywords\":[\"akt\",\"czynienia\",\"Mamy\",\"oskar\u017cenia\",\"pe\u0142zaj\u0105cym\",\"przeciwko\",\"przedstawia\",\"rz\u0105dowi\",\"stanu\",\"Tuska\",\"zamachem\",\"Ziobro\"],\"articleSection\":[\"Polityka\"],\"inLanguage\":\"pl-PL\"},{\"@type\":\"WebPage\",\"@id\":\"https:\/\/www.pogotowieflagowe.pl\/aktualne\/ziobro-przedstawia-akt-oskarzenia-przeciwko-rzadowi-tuska-mamy-do-czynienia-z-pelzajacym-zamachem-stanu\/\",\"url\":\"https:\/\/www.pogotowieflagowe.pl\/aktualne\/ziobro-przedstawia-akt-oskarzenia-przeciwko-rzadowi-tuska-mamy-do-czynienia-z-pelzajacym-zamachem-stanu\/\",\"name\":\"Ziobro przedstawia akt oskar\u017cenia przeciwko rz\u0105dowi Tuska: \u201eMamy do czynienia z pe\u0142zaj\u0105cym zamachem stanu\u201d - POGOTOWIE FLAGOWE\u00ae\",\"isPartOf\":{\"@id\":\"https:\/\/www.pogotowieflagowe.pl\/aktualne\/#website\"},\"primaryImageOfPage\":{\"@id\":\"https:\/\/www.pogotowieflagowe.pl\/aktualne\/ziobro-przedstawia-akt-oskarzenia-przeciwko-rzadowi-tuska-mamy-do-czynienia-z-pelzajacym-zamachem-stanu\/#primaryimage\"},\"image\":{\"@id\":\"https:\/\/www.pogotowieflagowe.pl\/aktualne\/ziobro-przedstawia-akt-oskarzenia-przeciwko-rzadowi-tuska-mamy-do-czynienia-z-pelzajacym-zamachem-stanu\/#primaryimage\"},\"thumbnailUrl\":\"https:\/\/www.pogotowieflagowe.pl\/aktualne\/wp-content\/uploads\/2024\/12\/Ziobro-przedstawia-akt-oskarzenia-przeciwko-rzadowi-Tuska-\u201eMamy-do-czynienia.jpg\",\"datePublished\":\"2024-12-03T02:48:33+00:00\",\"dateModified\":\"2024-12-03T02:48:34+00:00\",\"breadcrumb\":{\"@id\":\"https:\/\/www.pogotowieflagowe.pl\/aktualne\/ziobro-przedstawia-akt-oskarzenia-przeciwko-rzadowi-tuska-mamy-do-czynienia-z-pelzajacym-zamachem-stanu\/#breadcrumb\"},\"inLanguage\":\"pl-PL\",\"potentialAction\":[{\"@type\":\"ReadAction\",\"target\":[\"https:\/\/www.pogotowieflagowe.pl\/aktualne\/ziobro-przedstawia-akt-oskarzenia-przeciwko-rzadowi-tuska-mamy-do-czynienia-z-pelzajacym-zamachem-stanu\/\"]}]},{\"@type\":\"ImageObject\",\"inLanguage\":\"pl-PL\",\"@id\":\"https:\/\/www.pogotowieflagowe.pl\/aktualne\/ziobro-przedstawia-akt-oskarzenia-przeciwko-rzadowi-tuska-mamy-do-czynienia-z-pelzajacym-zamachem-stanu\/#primaryimage\",\"url\":\"https:\/\/www.pogotowieflagowe.pl\/aktualne\/wp-content\/uploads\/2024\/12\/Ziobro-przedstawia-akt-oskarzenia-przeciwko-rzadowi-Tuska-\u201eMamy-do-czynienia.jpg\",\"contentUrl\":\"https:\/\/www.pogotowieflagowe.pl\/aktualne\/wp-content\/uploads\/2024\/12\/Ziobro-przedstawia-akt-oskarzenia-przeciwko-rzadowi-Tuska-\u201eMamy-do-czynienia.jpg\",\"width\":1200,\"height\":675,\"caption\":\"Ziobro przedstawia akt oskar\u017cenia przeciwko rz\u0105dowi Tuska: \u201eMamy do czynienia z pe\u0142zaj\u0105cym zamachem stanu\u201d\"},{\"@type\":\"BreadcrumbList\",\"@id\":\"https:\/\/www.pogotowieflagowe.pl\/aktualne\/ziobro-przedstawia-akt-oskarzenia-przeciwko-rzadowi-tuska-mamy-do-czynienia-z-pelzajacym-zamachem-stanu\/#breadcrumb\",\"itemListElement\":[{\"@type\":\"ListItem\",\"position\":1,\"name\":\"Home\",\"item\":\"https:\/\/www.pogotowieflagowe.pl\/aktualne\/\"},{\"@type\":\"ListItem\",\"position\":2,\"name\":\"Ziobro przedstawia akt oskar\u017cenia przeciwko rz\u0105dowi Tuska: \u201eMamy do czynienia z pe\u0142zaj\u0105cym zamachem stanu\u201d\"}]},{\"@type\":\"WebSite\",\"@id\":\"https:\/\/www.pogotowieflagowe.pl\/aktualne\/#website\",\"url\":\"https:\/\/www.pogotowieflagowe.pl\/aktualne\/\",\"name\":\"POGOTOWIE FLAGOWE\u00ae\",\"description\":\"\",\"publisher\":{\"@id\":\"https:\/\/www.pogotowieflagowe.pl\/aktualne\/#organization\"},\"potentialAction\":[{\"@type\":\"SearchAction\",\"target\":{\"@type\":\"EntryPoint\",\"urlTemplate\":\"https:\/\/www.pogotowieflagowe.pl\/aktualne\/?s={search_term_string}\"},\"query-input\":\"required name=search_term_string\"}],\"inLanguage\":\"pl-PL\"},{\"@type\":\"Organization\",\"@id\":\"https:\/\/www.pogotowieflagowe.pl\/aktualne\/#organization\",\"name\":\"POGOTOWIE FLAGOWE\u00ae\",\"url\":\"https:\/\/www.pogotowieflagowe.pl\/aktualne\/\",\"logo\":{\"@type\":\"ImageObject\",\"inLanguage\":\"pl-PL\",\"@id\":\"https:\/\/www.pogotowieflagowe.pl\/aktualne\/#\/schema\/logo\/image\/\",\"url\":\"https:\/\/www.pogotowieflagowe.pl\/aktualne\/wp-content\/uploads\/2024\/08\/cropped-pogotowieflagowe_flaga_projekt_sm.jpg\",\"contentUrl\":\"https:\/\/www.pogotowieflagowe.pl\/aktualne\/wp-content\/uploads\/2024\/08\/cropped-pogotowieflagowe_flaga_projekt_sm.jpg\",\"width\":250,\"height\":143,\"caption\":\"POGOTOWIE FLAGOWE\u00ae\"},\"image\":{\"@id\":\"https:\/\/www.pogotowieflagowe.pl\/aktualne\/#\/schema\/logo\/image\/\"}},{\"@type\":\"Person\",\"@id\":\"https:\/\/www.pogotowieflagowe.pl\/aktualne\/#\/schema\/person\/9c2fb7d2362ebf6fa088960d7f0d27b0\",\"name\":\"Filip\",\"image\":{\"@type\":\"ImageObject\",\"inLanguage\":\"pl-PL\",\"@id\":\"https:\/\/www.pogotowieflagowe.pl\/aktualne\/#\/schema\/person\/image\/\",\"url\":\"https:\/\/www.pogotowieflagowe.pl\/aktualne\/wp-content\/uploads\/2024\/08\/pogotowieflagowe.pl_.jpg\",\"contentUrl\":\"https:\/\/www.pogotowieflagowe.pl\/aktualne\/wp-content\/uploads\/2024\/08\/pogotowieflagowe.pl_.jpg\",\"caption\":\"Filip\"},\"description\":\"Jestem Filip, polski dziennikarz z dyplomem nauk politycznych Uniwersytetu Warszawskiego. Rozpoczynaj\u0105c swoj\u0105 karier\u0119 w r\u00f3\u017cnych lokalnych mediach, zdoby\u0142em solidne do\u015bwiadczenie w zakresie \u015bledztwa i redakcji. Obecnie jako redaktor w Pogotowie flagowe, staram si\u0119 dostarcza\u0107 dog\u0142\u0119bne i istotne analizy na temat najwa\u017cniejszych kwestii aktualno\u015bci, \u0142\u0105cz\u0105c rygor z pasj\u0105 dziennikarsk\u0105.\",\"sameAs\":[\"https:\/\/www.pogotowieflagowe.pl\/\"]}]}<\/script>\n<!-- \/ Yoast SEO plugin. -->","yoast_head_json":{"title":"Ziobro przedstawia akt oskar\u017cenia przeciwko rz\u0105dowi Tuska: \u201eMamy do czynienia z pe\u0142zaj\u0105cym zamachem stanu\u201d - POGOTOWIE FLAGOWE\u00ae","robots":{"index":"index","follow":"follow","max-snippet":"max-snippet:-1","max-image-preview":"max-image-preview:large","max-video-preview":"max-video-preview:-1"},"canonical":"https:\/\/www.pogotowieflagowe.pl\/aktualne\/ziobro-przedstawia-akt-oskarzenia-przeciwko-rzadowi-tuska-mamy-do-czynienia-z-pelzajacym-zamachem-stanu\/","og_locale":"pl_PL","og_type":"article","og_title":"Ziobro przedstawia akt oskar\u017cenia przeciwko rz\u0105dowi Tuska: \u201eMamy do czynienia z pe\u0142zaj\u0105cym zamachem stanu\u201d - POGOTOWIE FLAGOWE\u00ae","og_description":"\u201eJeste\u015bmy \u015bwiadkami pe\u0142zaj\u0105cego zamachu stanu. Do \u0142amania prawa dochodzi na r\u00f3\u017cnych p\u0142aszczyznach, pocz\u0105wszy od medi\u00f3w, a sko\u0144czywszy na p\u00f3\u017aniejszych wydarzeniach","og_url":"https:\/\/www.pogotowieflagowe.pl\/aktualne\/ziobro-przedstawia-akt-oskarzenia-przeciwko-rzadowi-tuska-mamy-do-czynienia-z-pelzajacym-zamachem-stanu\/","og_site_name":"POGOTOWIE FLAGOWE\u00ae","article_published_time":"2024-12-03T02:48:33+00:00","article_modified_time":"2024-12-03T02:48:34+00:00","og_image":[{"width":1200,"height":675,"url":"https:\/\/www.pogotowieflagowe.pl\/aktualne\/wp-content\/uploads\/2024\/12\/Ziobro-przedstawia-akt-oskarzenia-przeciwko-rzadowi-Tuska-\u201eMamy-do-czynienia.jpg","type":"image\/jpeg"}],"author":"Filip","twitter_card":"summary_large_image","twitter_misc":{"Napisane przez":"Filip","Szacowany czas czytania":"4 minuty"},"schema":{"@context":"https:\/\/schema.org","@graph":[{"@type":"Article","@id":"https:\/\/www.pogotowieflagowe.pl\/aktualne\/ziobro-przedstawia-akt-oskarzenia-przeciwko-rzadowi-tuska-mamy-do-czynienia-z-pelzajacym-zamachem-stanu\/#article","isPartOf":{"@id":"https:\/\/www.pogotowieflagowe.pl\/aktualne\/ziobro-przedstawia-akt-oskarzenia-przeciwko-rzadowi-tuska-mamy-do-czynienia-z-pelzajacym-zamachem-stanu\/"},"author":{"name":"Filip","@id":"https:\/\/www.pogotowieflagowe.pl\/aktualne\/#\/schema\/person\/9c2fb7d2362ebf6fa088960d7f0d27b0"},"headline":"Ziobro przedstawia akt oskar\u017cenia przeciwko rz\u0105dowi Tuska: \u201eMamy do czynienia z pe\u0142zaj\u0105cym zamachem stanu\u201d","datePublished":"2024-12-03T02:48:33+00:00","dateModified":"2024-12-03T02:48:34+00:00","mainEntityOfPage":{"@id":"https:\/\/www.pogotowieflagowe.pl\/aktualne\/ziobro-przedstawia-akt-oskarzenia-przeciwko-rzadowi-tuska-mamy-do-czynienia-z-pelzajacym-zamachem-stanu\/"},"wordCount":755,"publisher":{"@id":"https:\/\/www.pogotowieflagowe.pl\/aktualne\/#organization"},"image":{"@id":"https:\/\/www.pogotowieflagowe.pl\/aktualne\/ziobro-przedstawia-akt-oskarzenia-przeciwko-rzadowi-tuska-mamy-do-czynienia-z-pelzajacym-zamachem-stanu\/#primaryimage"},"thumbnailUrl":"https:\/\/www.pogotowieflagowe.pl\/aktualne\/wp-content\/uploads\/2024\/12\/Ziobro-przedstawia-akt-oskarzenia-przeciwko-rzadowi-Tuska-\u201eMamy-do-czynienia.jpg","keywords":["akt","czynienia","Mamy","oskar\u017cenia","pe\u0142zaj\u0105cym","przeciwko","przedstawia","rz\u0105dowi","stanu","Tuska","zamachem","Ziobro"],"articleSection":["Polityka"],"inLanguage":"pl-PL"},{"@type":"WebPage","@id":"https:\/\/www.pogotowieflagowe.pl\/aktualne\/ziobro-przedstawia-akt-oskarzenia-przeciwko-rzadowi-tuska-mamy-do-czynienia-z-pelzajacym-zamachem-stanu\/","url":"https:\/\/www.pogotowieflagowe.pl\/aktualne\/ziobro-przedstawia-akt-oskarzenia-przeciwko-rzadowi-tuska-mamy-do-czynienia-z-pelzajacym-zamachem-stanu\/","name":"Ziobro przedstawia akt oskar\u017cenia przeciwko rz\u0105dowi Tuska: \u201eMamy do czynienia z pe\u0142zaj\u0105cym zamachem stanu\u201d - POGOTOWIE FLAGOWE\u00ae","isPartOf":{"@id":"https:\/\/www.pogotowieflagowe.pl\/aktualne\/#website"},"primaryImageOfPage":{"@id":"https:\/\/www.pogotowieflagowe.pl\/aktualne\/ziobro-przedstawia-akt-oskarzenia-przeciwko-rzadowi-tuska-mamy-do-czynienia-z-pelzajacym-zamachem-stanu\/#primaryimage"},"image":{"@id":"https:\/\/www.pogotowieflagowe.pl\/aktualne\/ziobro-przedstawia-akt-oskarzenia-przeciwko-rzadowi-tuska-mamy-do-czynienia-z-pelzajacym-zamachem-stanu\/#primaryimage"},"thumbnailUrl":"https:\/\/www.pogotowieflagowe.pl\/aktualne\/wp-content\/uploads\/2024\/12\/Ziobro-przedstawia-akt-oskarzenia-przeciwko-rzadowi-Tuska-\u201eMamy-do-czynienia.jpg","datePublished":"2024-12-03T02:48:33+00:00","dateModified":"2024-12-03T02:48:34+00:00","breadcrumb":{"@id":"https:\/\/www.pogotowieflagowe.pl\/aktualne\/ziobro-przedstawia-akt-oskarzenia-przeciwko-rzadowi-tuska-mamy-do-czynienia-z-pelzajacym-zamachem-stanu\/#breadcrumb"},"inLanguage":"pl-PL","potentialAction":[{"@type":"ReadAction","target":["https:\/\/www.pogotowieflagowe.pl\/aktualne\/ziobro-przedstawia-akt-oskarzenia-przeciwko-rzadowi-tuska-mamy-do-czynienia-z-pelzajacym-zamachem-stanu\/"]}]},{"@type":"ImageObject","inLanguage":"pl-PL","@id":"https:\/\/www.pogotowieflagowe.pl\/aktualne\/ziobro-przedstawia-akt-oskarzenia-przeciwko-rzadowi-tuska-mamy-do-czynienia-z-pelzajacym-zamachem-stanu\/#primaryimage","url":"https:\/\/www.pogotowieflagowe.pl\/aktualne\/wp-content\/uploads\/2024\/12\/Ziobro-przedstawia-akt-oskarzenia-przeciwko-rzadowi-Tuska-\u201eMamy-do-czynienia.jpg","contentUrl":"https:\/\/www.pogotowieflagowe.pl\/aktualne\/wp-content\/uploads\/2024\/12\/Ziobro-przedstawia-akt-oskarzenia-przeciwko-rzadowi-Tuska-\u201eMamy-do-czynienia.jpg","width":1200,"height":675,"caption":"Ziobro przedstawia akt oskar\u017cenia przeciwko rz\u0105dowi Tuska: \u201eMamy do czynienia z pe\u0142zaj\u0105cym zamachem stanu\u201d"},{"@type":"BreadcrumbList","@id":"https:\/\/www.pogotowieflagowe.pl\/aktualne\/ziobro-przedstawia-akt-oskarzenia-przeciwko-rzadowi-tuska-mamy-do-czynienia-z-pelzajacym-zamachem-stanu\/#breadcrumb","itemListElement":[{"@type":"ListItem","position":1,"name":"Home","item":"https:\/\/www.pogotowieflagowe.pl\/aktualne\/"},{"@type":"ListItem","position":2,"name":"Ziobro przedstawia akt oskar\u017cenia przeciwko rz\u0105dowi Tuska: \u201eMamy do czynienia z pe\u0142zaj\u0105cym zamachem stanu\u201d"}]},{"@type":"WebSite","@id":"https:\/\/www.pogotowieflagowe.pl\/aktualne\/#website","url":"https:\/\/www.pogotowieflagowe.pl\/aktualne\/","name":"POGOTOWIE FLAGOWE\u00ae","description":"","publisher":{"@id":"https:\/\/www.pogotowieflagowe.pl\/aktualne\/#organization"},"potentialAction":[{"@type":"SearchAction","target":{"@type":"EntryPoint","urlTemplate":"https:\/\/www.pogotowieflagowe.pl\/aktualne\/?s={search_term_string}"},"query-input":"required name=search_term_string"}],"inLanguage":"pl-PL"},{"@type":"Organization","@id":"https:\/\/www.pogotowieflagowe.pl\/aktualne\/#organization","name":"POGOTOWIE FLAGOWE\u00ae","url":"https:\/\/www.pogotowieflagowe.pl\/aktualne\/","logo":{"@type":"ImageObject","inLanguage":"pl-PL","@id":"https:\/\/www.pogotowieflagowe.pl\/aktualne\/#\/schema\/logo\/image\/","url":"https:\/\/www.pogotowieflagowe.pl\/aktualne\/wp-content\/uploads\/2024\/08\/cropped-pogotowieflagowe_flaga_projekt_sm.jpg","contentUrl":"https:\/\/www.pogotowieflagowe.pl\/aktualne\/wp-content\/uploads\/2024\/08\/cropped-pogotowieflagowe_flaga_projekt_sm.jpg","width":250,"height":143,"caption":"POGOTOWIE FLAGOWE\u00ae"},"image":{"@id":"https:\/\/www.pogotowieflagowe.pl\/aktualne\/#\/schema\/logo\/image\/"}},{"@type":"Person","@id":"https:\/\/www.pogotowieflagowe.pl\/aktualne\/#\/schema\/person\/9c2fb7d2362ebf6fa088960d7f0d27b0","name":"Filip","image":{"@type":"ImageObject","inLanguage":"pl-PL","@id":"https:\/\/www.pogotowieflagowe.pl\/aktualne\/#\/schema\/person\/image\/","url":"https:\/\/www.pogotowieflagowe.pl\/aktualne\/wp-content\/uploads\/2024\/08\/pogotowieflagowe.pl_.jpg","contentUrl":"https:\/\/www.pogotowieflagowe.pl\/aktualne\/wp-content\/uploads\/2024\/08\/pogotowieflagowe.pl_.jpg","caption":"Filip"},"description":"Jestem Filip, polski dziennikarz z dyplomem nauk politycznych Uniwersytetu Warszawskiego. Rozpoczynaj\u0105c swoj\u0105 karier\u0119 w r\u00f3\u017cnych lokalnych mediach, zdoby\u0142em solidne do\u015bwiadczenie w zakresie \u015bledztwa i redakcji. Obecnie jako redaktor w Pogotowie flagowe, staram si\u0119 dostarcza\u0107 dog\u0142\u0119bne i istotne analizy na temat najwa\u017cniejszych kwestii aktualno\u015bci, \u0142\u0105cz\u0105c rygor z pasj\u0105 dziennikarsk\u0105.","sameAs":["https:\/\/www.pogotowieflagowe.pl\/"]}]}},"_links":{"self":[{"href":"https:\/\/www.pogotowieflagowe.pl\/aktualne\/wp-json\/wp\/v2\/posts\/2177","targetHints":{"allow":["GET"]}}],"collection":[{"href":"https:\/\/www.pogotowieflagowe.pl\/aktualne\/wp-json\/wp\/v2\/posts"}],"about":[{"href":"https:\/\/www.pogotowieflagowe.pl\/aktualne\/wp-json\/wp\/v2\/types\/post"}],"author":[{"embeddable":true,"href":"https:\/\/www.pogotowieflagowe.pl\/aktualne\/wp-json\/wp\/v2\/users\/1"}],"replies":[{"embeddable":true,"href":"https:\/\/www.pogotowieflagowe.pl\/aktualne\/wp-json\/wp\/v2\/comments?post=2177"}],"version-history":[{"count":1,"href":"https:\/\/www.pogotowieflagowe.pl\/aktualne\/wp-json\/wp\/v2\/posts\/2177\/revisions"}],"predecessor-version":[{"id":2179,"href":"https:\/\/www.pogotowieflagowe.pl\/aktualne\/wp-json\/wp\/v2\/posts\/2177\/revisions\/2179"}],"wp:featuredmedia":[{"embeddable":true,"href":"https:\/\/www.pogotowieflagowe.pl\/aktualne\/wp-json\/wp\/v2\/media\/2178"}],"wp:attachment":[{"href":"https:\/\/www.pogotowieflagowe.pl\/aktualne\/wp-json\/wp\/v2\/media?parent=2177"}],"wp:term":[{"taxonomy":"category","embeddable":true,"href":"https:\/\/www.pogotowieflagowe.pl\/aktualne\/wp-json\/wp\/v2\/categories?post=2177"},{"taxonomy":"post_tag","embeddable":true,"href":"https:\/\/www.pogotowieflagowe.pl\/aktualne\/wp-json\/wp\/v2\/tags?post=2177"}],"curies":[{"name":"wp","href":"https:\/\/api.w.org\/{rel}","templated":true}]}}