{"id":2188,"date":"2024-12-03T22:46:56","date_gmt":"2024-12-03T21:46:56","guid":{"rendered":"https:\/\/www.pogotowieflagowe.pl\/aktualne\/ambicje-nuklearne-polski-ciesza-sie-zainteresowaniem-swiatowego-finansowania\/"},"modified":"2024-12-03T22:46:59","modified_gmt":"2024-12-03T21:46:59","slug":"ambicje-nuklearne-polski-ciesza-sie-zainteresowaniem-swiatowego-finansowania","status":"publish","type":"post","link":"https:\/\/www.pogotowieflagowe.pl\/aktualne\/ambicje-nuklearne-polski-ciesza-sie-zainteresowaniem-swiatowego-finansowania\/","title":{"rendered":"Ambicje nuklearne Polski ciesz\u0105 si\u0119 zainteresowaniem \u015bwiatowego finansowania"},"content":{"rendered":"\n<div class=\"td_block_wrap tdb_single_content tdi_48 td-pb-border-top td_block_template_8 td-post-content tagdiv-type\" data-td-block-uid=\"tdi_48\">\n<style>.tdi_48{margines-g\u00f3rny:0px!important;margin-bottom:0px!important;dope\u0142nienie-g\u00f3ra:0px!important;dope\u0142nienie-d\u00f3\u0142:0px!important}<\/style>\n<style>.tdb_single_content{margin-bottom:0;*zoom:1}.tdb_single_content:before,.tdb_single_content:after{display:table;content:'';line-height:0}.tdb_single_content:after{clear:both}.tdb_single_content .tdb-block-inner>*:not(.wp-block-quote):not(.alignwide):not(.alignfull.wp-block-cover.has-parallax):not(.td-a-ad) {margin-left:auto;margin-right:auto}.tdb_single_content a{pointer-events:auto}.tdb_single_content .td-spot-id-top_ad .tdc-placeholder-title:before{content:'Article Top Ad'!important}.tdb_single_content .td-spot-id-inline_ad0 .tdc-placeholder-title:before{content:'Article Reklama wbudowana 1'!important}.tdb_single_content .td-spot-id-inline_ad1 .tdc-placeholder-title:before{content:'Article Inline Ad 2'!important}.tdb_single_content .td-spot-id-inline_ad2 .tdc-placeholder-title:before{content:' Reklama wbudowana w artyku\u0142 3'!important}.tdb_single_content .td-spot-id-bottom_ad .tdc-placeholder-title:before{content:'Article Bottom Ad'!important}.tdb_single_content .id_top_ad,.tdb_single_content .id_bottom_ad{clear:both;margin-bottom:21px;text-align:center}.tdb_single_content .id_top_ad img,.tdb_single_content .id_bottom_ad img{margin-bottom:0}.tdb_single_content .id_top_ad .adsbygoogle,.tdb_single_content .id_bottom_ad .adsbygoogle{position:relative}.tdb_single_content .id_ad_content-horiz-left,.tdb_single_content .id_ad_content-horiz-right,.tdb_single_content .id_ad_content-horiz-center{margin-bottom:15px}.tdb_single_content .id_ad_content-horiz-left img,.tdb_single_content .id_ad_content-horiz-right img,.tdb_single_content .id_ad_content-horiz-center img{margin-bottom:0}.tdb_single_content .id_ad_content-horiz-center{text-align:center}.tdb_single_content .id_ad_content-horiz-center img{margin-right:auto;margin-left:auto}.tdb_single_content .id_ad_content-horiz-left{float:left;margin-top:9px;margin-right:21px}.tdb_single_content .id_ad_content-horiz-right{float:right;margin-top:6px;margin-left:21px}.tdb_single_content .tdc-a-ad .tdc-placeholder-title{width:300px;height:250px}.tdb_single_content .tdc-a-ad .tdc-placeholder-title:before{position:absolute;top:50%;-webkit-transform:translateY(-50%);transform:translateY(-50%);margines:auto;display:table;width:100 %}.tdb_single_content .tdb-block-inner.td-fix-index{word-break:break-word}.tdi_48,.tdi_48>p,.tdi_48 .tdb-block-inner>p{font-size:16px!important;line- wysoko\u015b\u0107:1,6!wa\u017cne}.tdi_48 .tdb-block-inner blockquote p{font-style:normal!important}@media (max-width:767px){.tdb_single_content .id_ad_content-horiz-left,.tdb_single_content .id_ad_content-horiz-right,.tdb_single_content .id_ad_content-horiz-center{margin:0 automatyczny 26px auto}}@media (max-width:767px){.tdb_single_content .id_ad_content-horiz-left{margin-right:0}}@media (max-width:767px){.tdb_single_content .id_ad_content-horiz-right{margin -left:0}}@media (max-width:767px){.tdb_single_content .td-a-ad{float:none;text-align:center}.tdb_single_content .td-a-ad img{margin-right:auto;margin-left:auto}. tdb_single_content .tdc-a-ad{float:none}}<\/style>\n<div class=\"tdb-block-inner td-fix-index\">\n<div class=\"wp-block-group is-nowrap is-layout-flex wp-container-core-group-is-layout-1 wp-block-group-is-layout-flex\">\n<p><strong>Pierwsza w Polsce elektrownia j\u0105drowa, kt\u00f3rej budowa ma si\u0119 rozpocz\u0105\u0107 w 2028 r. w Choczewie na Pomorzu, cieszy si\u0119 du\u017cym zainteresowaniem mi\u0119dzynarodowym finansowaniem. Piotr Piela, wiceprezes Polskich Elektrowni J\u0105drowych (PEJ), ujawni\u0142, \u017ce ch\u0119tnych do inwestycji w projekt jest wiele agencji kredyt\u00f3w eksportowych. \u201eTo jeden z niewielu projekt\u00f3w nuklearnych w Europie budowanych od podstaw i zamierzamy w pe\u0142ni wykorzysta\u0107 t\u0119 sprzyjaj\u0105c\u0105 sytuacj\u0119\u201d \u2013 stwierdzi\u0142 Piela.<\/strong><\/p>\n<p>Dodaj nowy post<\/p>\n<\/div>\n<h2 class=\"wp-block-heading\">Wkraczaj\u0105 agencje kredyt\u00f3w eksportowych<\/h2>\n<p>PEJ zabezpieczy\u0142 niedawno listy intencyjne o warto\u015bci oko\u0142o 18 miliard\u00f3w dolar\u00f3w od EXIM Bank i DFC z siedzib\u0105 w USA, agencji specjalizuj\u0105cych si\u0119 w kredytach eksportowych i finansowaniu rozwoju. Sp\u00f3\u0142ka prowadzi zaawansowane rozmowy z dwoma dodatkowymi podmiotami zagranicznymi, kt\u00f3rych celem jest pozyskanie finansowania d\u0142u\u017cnego na poziomie 70% szacowanych na 200 mld z\u0142 koszt\u00f3w projektu. Oczekuje si\u0119, \u017ce oko\u0142o 80% tego d\u0142ugu b\u0119dzie pochodzi\u0107 od agencji kredyt\u00f3w eksportowych. Wiele agencji postrzega projekt jako szans\u0119 na zwi\u0119kszenie eksportu komponent\u00f3w ze swoich kraj\u00f3w. \u201eNawet je\u015bli nie zostan\u0105 wybrani dostawcy z danego kraju, niekt\u00f3re agencje prawdopodobnie pozostan\u0105 zaanga\u017cowane\u201d \u2013 podkre\u015bli\u0142 Piela. Ta globalna konkurencja podkre\u015bla strategiczne znaczenie ambicji nuklearnych Polski dla mi\u0119dzynarodowych interesariuszy.<\/p>\n<\/div>\n<\/div>\n","protected":false},"excerpt":{"rendered":"<p>Pierwsza w Polsce elektrownia j\u0105drowa, kt\u00f3rej budowa ma si\u0119 rozpocz\u0105\u0107 w 2028 r. w Choczewie na Pomorzu, cieszy si\u0119 du\u017cym<\/p>\n","protected":false},"author":1,"featured_media":2189,"comment_status":"closed","ping_status":"","sticky":false,"template":"","format":"standard","meta":{"footnotes":""},"categories":[45],"tags":[3476,3478,2361,3477,72,150,3480,3479],"class_list":["post-2188","post","type-post","status-publish","format-standard","has-post-thumbnail","hentry","category-biznes","tag-ambicje","tag-ciesza","tag-finansowania","tag-nuklearne","tag-polski","tag-sie","tag-swiatowego","tag-zainteresowaniem","generate-columns","tablet-grid-50","mobile-grid-100","grid-parent","grid-50","resize-featured-image"],"yoast_head":"<!-- This site is optimized with the Yoast SEO plugin v23.2 - https:\/\/yoast.com\/wordpress\/plugins\/seo\/ -->\n<title>Ambicje nuklearne Polski ciesz\u0105 si\u0119 zainteresowaniem \u015bwiatowego finansowania - POGOTOWIE FLAGOWE\u00ae<\/title>\n<meta name=\"robots\" content=\"index, follow, max-snippet:-1, max-image-preview:large, max-video-preview:-1\" \/>\n<link rel=\"canonical\" href=\"https:\/\/www.pogotowieflagowe.pl\/aktualne\/ambicje-nuklearne-polski-ciesza-sie-zainteresowaniem-swiatowego-finansowania\/\" \/>\n<meta property=\"og:locale\" content=\"pl_PL\" \/>\n<meta property=\"og:type\" content=\"article\" \/>\n<meta property=\"og:title\" content=\"Ambicje nuklearne Polski ciesz\u0105 si\u0119 zainteresowaniem \u015bwiatowego finansowania - POGOTOWIE FLAGOWE\u00ae\" \/>\n<meta property=\"og:description\" content=\"Pierwsza w Polsce elektrownia j\u0105drowa, kt\u00f3rej budowa ma si\u0119 rozpocz\u0105\u0107 w 2028 r. w Choczewie na Pomorzu, cieszy si\u0119 du\u017cym\" \/>\n<meta property=\"og:url\" content=\"https:\/\/www.pogotowieflagowe.pl\/aktualne\/ambicje-nuklearne-polski-ciesza-sie-zainteresowaniem-swiatowego-finansowania\/\" \/>\n<meta property=\"og:site_name\" content=\"POGOTOWIE FLAGOWE\u00ae\" \/>\n<meta property=\"article:published_time\" content=\"2024-12-03T21:46:56+00:00\" \/>\n<meta property=\"article:modified_time\" content=\"2024-12-03T21:46:59+00:00\" \/>\n<meta property=\"og:image\" content=\"https:\/\/www.pogotowieflagowe.pl\/aktualne\/wp-content\/uploads\/2024\/12\/Ambicje-nuklearne-Polski-ciesza-sie-zainteresowaniem-swiatowego-finansowania.jpg\" \/>\n\t<meta property=\"og:image:width\" content=\"1920\" \/>\n\t<meta property=\"og:image:height\" content=\"1091\" \/>\n\t<meta property=\"og:image:type\" content=\"image\/jpeg\" \/>\n<meta name=\"author\" content=\"Filip\" \/>\n<meta name=\"twitter:card\" content=\"summary_large_image\" \/>\n<meta name=\"twitter:label1\" content=\"Napisane przez\" \/>\n\t<meta name=\"twitter:data1\" content=\"Filip\" \/>\n\t<meta name=\"twitter:label2\" content=\"Szacowany czas czytania\" \/>\n\t<meta name=\"twitter:data2\" content=\"1 minuta\" \/>\n<script type=\"application\/ld+json\" class=\"yoast-schema-graph\">{\"@context\":\"https:\/\/schema.org\",\"@graph\":[{\"@type\":\"Article\",\"@id\":\"https:\/\/www.pogotowieflagowe.pl\/aktualne\/ambicje-nuklearne-polski-ciesza-sie-zainteresowaniem-swiatowego-finansowania\/#article\",\"isPartOf\":{\"@id\":\"https:\/\/www.pogotowieflagowe.pl\/aktualne\/ambicje-nuklearne-polski-ciesza-sie-zainteresowaniem-swiatowego-finansowania\/\"},\"author\":{\"name\":\"Filip\",\"@id\":\"https:\/\/www.pogotowieflagowe.pl\/aktualne\/#\/schema\/person\/9c2fb7d2362ebf6fa088960d7f0d27b0\"},\"headline\":\"Ambicje nuklearne Polski ciesz\u0105 si\u0119 zainteresowaniem \u015bwiatowego finansowania\",\"datePublished\":\"2024-12-03T21:46:56+00:00\",\"dateModified\":\"2024-12-03T21:46:59+00:00\",\"mainEntityOfPage\":{\"@id\":\"https:\/\/www.pogotowieflagowe.pl\/aktualne\/ambicje-nuklearne-polski-ciesza-sie-zainteresowaniem-swiatowego-finansowania\/\"},\"wordCount\":215,\"publisher\":{\"@id\":\"https:\/\/www.pogotowieflagowe.pl\/aktualne\/#organization\"},\"image\":{\"@id\":\"https:\/\/www.pogotowieflagowe.pl\/aktualne\/ambicje-nuklearne-polski-ciesza-sie-zainteresowaniem-swiatowego-finansowania\/#primaryimage\"},\"thumbnailUrl\":\"https:\/\/www.pogotowieflagowe.pl\/aktualne\/wp-content\/uploads\/2024\/12\/Ambicje-nuklearne-Polski-ciesza-sie-zainteresowaniem-swiatowego-finansowania.jpg\",\"keywords\":[\"Ambicje\",\"ciesz\u0105\",\"finansowania\",\"nuklearne\",\"polski\",\"si\u0119\",\"\u015bwiatowego\",\"zainteresowaniem\"],\"articleSection\":[\"Biznes\"],\"inLanguage\":\"pl-PL\"},{\"@type\":\"WebPage\",\"@id\":\"https:\/\/www.pogotowieflagowe.pl\/aktualne\/ambicje-nuklearne-polski-ciesza-sie-zainteresowaniem-swiatowego-finansowania\/\",\"url\":\"https:\/\/www.pogotowieflagowe.pl\/aktualne\/ambicje-nuklearne-polski-ciesza-sie-zainteresowaniem-swiatowego-finansowania\/\",\"name\":\"Ambicje nuklearne Polski ciesz\u0105 si\u0119 zainteresowaniem \u015bwiatowego finansowania - POGOTOWIE FLAGOWE\u00ae\",\"isPartOf\":{\"@id\":\"https:\/\/www.pogotowieflagowe.pl\/aktualne\/#website\"},\"primaryImageOfPage\":{\"@id\":\"https:\/\/www.pogotowieflagowe.pl\/aktualne\/ambicje-nuklearne-polski-ciesza-sie-zainteresowaniem-swiatowego-finansowania\/#primaryimage\"},\"image\":{\"@id\":\"https:\/\/www.pogotowieflagowe.pl\/aktualne\/ambicje-nuklearne-polski-ciesza-sie-zainteresowaniem-swiatowego-finansowania\/#primaryimage\"},\"thumbnailUrl\":\"https:\/\/www.pogotowieflagowe.pl\/aktualne\/wp-content\/uploads\/2024\/12\/Ambicje-nuklearne-Polski-ciesza-sie-zainteresowaniem-swiatowego-finansowania.jpg\",\"datePublished\":\"2024-12-03T21:46:56+00:00\",\"dateModified\":\"2024-12-03T21:46:59+00:00\",\"breadcrumb\":{\"@id\":\"https:\/\/www.pogotowieflagowe.pl\/aktualne\/ambicje-nuklearne-polski-ciesza-sie-zainteresowaniem-swiatowego-finansowania\/#breadcrumb\"},\"inLanguage\":\"pl-PL\",\"potentialAction\":[{\"@type\":\"ReadAction\",\"target\":[\"https:\/\/www.pogotowieflagowe.pl\/aktualne\/ambicje-nuklearne-polski-ciesza-sie-zainteresowaniem-swiatowego-finansowania\/\"]}]},{\"@type\":\"ImageObject\",\"inLanguage\":\"pl-PL\",\"@id\":\"https:\/\/www.pogotowieflagowe.pl\/aktualne\/ambicje-nuklearne-polski-ciesza-sie-zainteresowaniem-swiatowego-finansowania\/#primaryimage\",\"url\":\"https:\/\/www.pogotowieflagowe.pl\/aktualne\/wp-content\/uploads\/2024\/12\/Ambicje-nuklearne-Polski-ciesza-sie-zainteresowaniem-swiatowego-finansowania.jpg\",\"contentUrl\":\"https:\/\/www.pogotowieflagowe.pl\/aktualne\/wp-content\/uploads\/2024\/12\/Ambicje-nuklearne-Polski-ciesza-sie-zainteresowaniem-swiatowego-finansowania.jpg\",\"width\":1920,\"height\":1091,\"caption\":\"Ambicje nuklearne Polski ciesz\u0105 si\u0119 zainteresowaniem \u015bwiatowego finansowania\"},{\"@type\":\"BreadcrumbList\",\"@id\":\"https:\/\/www.pogotowieflagowe.pl\/aktualne\/ambicje-nuklearne-polski-ciesza-sie-zainteresowaniem-swiatowego-finansowania\/#breadcrumb\",\"itemListElement\":[{\"@type\":\"ListItem\",\"position\":1,\"name\":\"Home\",\"item\":\"https:\/\/www.pogotowieflagowe.pl\/aktualne\/\"},{\"@type\":\"ListItem\",\"position\":2,\"name\":\"Ambicje nuklearne Polski ciesz\u0105 si\u0119 zainteresowaniem \u015bwiatowego finansowania\"}]},{\"@type\":\"WebSite\",\"@id\":\"https:\/\/www.pogotowieflagowe.pl\/aktualne\/#website\",\"url\":\"https:\/\/www.pogotowieflagowe.pl\/aktualne\/\",\"name\":\"POGOTOWIE FLAGOWE\u00ae\",\"description\":\"\",\"publisher\":{\"@id\":\"https:\/\/www.pogotowieflagowe.pl\/aktualne\/#organization\"},\"potentialAction\":[{\"@type\":\"SearchAction\",\"target\":{\"@type\":\"EntryPoint\",\"urlTemplate\":\"https:\/\/www.pogotowieflagowe.pl\/aktualne\/?s={search_term_string}\"},\"query-input\":\"required name=search_term_string\"}],\"inLanguage\":\"pl-PL\"},{\"@type\":\"Organization\",\"@id\":\"https:\/\/www.pogotowieflagowe.pl\/aktualne\/#organization\",\"name\":\"POGOTOWIE FLAGOWE\u00ae\",\"url\":\"https:\/\/www.pogotowieflagowe.pl\/aktualne\/\",\"logo\":{\"@type\":\"ImageObject\",\"inLanguage\":\"pl-PL\",\"@id\":\"https:\/\/www.pogotowieflagowe.pl\/aktualne\/#\/schema\/logo\/image\/\",\"url\":\"https:\/\/www.pogotowieflagowe.pl\/aktualne\/wp-content\/uploads\/2024\/08\/cropped-pogotowieflagowe_flaga_projekt_sm.jpg\",\"contentUrl\":\"https:\/\/www.pogotowieflagowe.pl\/aktualne\/wp-content\/uploads\/2024\/08\/cropped-pogotowieflagowe_flaga_projekt_sm.jpg\",\"width\":250,\"height\":143,\"caption\":\"POGOTOWIE FLAGOWE\u00ae\"},\"image\":{\"@id\":\"https:\/\/www.pogotowieflagowe.pl\/aktualne\/#\/schema\/logo\/image\/\"}},{\"@type\":\"Person\",\"@id\":\"https:\/\/www.pogotowieflagowe.pl\/aktualne\/#\/schema\/person\/9c2fb7d2362ebf6fa088960d7f0d27b0\",\"name\":\"Filip\",\"image\":{\"@type\":\"ImageObject\",\"inLanguage\":\"pl-PL\",\"@id\":\"https:\/\/www.pogotowieflagowe.pl\/aktualne\/#\/schema\/person\/image\/\",\"url\":\"https:\/\/www.pogotowieflagowe.pl\/aktualne\/wp-content\/uploads\/2024\/08\/pogotowieflagowe.pl_.jpg\",\"contentUrl\":\"https:\/\/www.pogotowieflagowe.pl\/aktualne\/wp-content\/uploads\/2024\/08\/pogotowieflagowe.pl_.jpg\",\"caption\":\"Filip\"},\"description\":\"Jestem Filip, polski dziennikarz z dyplomem nauk politycznych Uniwersytetu Warszawskiego. Rozpoczynaj\u0105c swoj\u0105 karier\u0119 w r\u00f3\u017cnych lokalnych mediach, zdoby\u0142em solidne do\u015bwiadczenie w zakresie \u015bledztwa i redakcji. Obecnie jako redaktor w Pogotowie flagowe, staram si\u0119 dostarcza\u0107 dog\u0142\u0119bne i istotne analizy na temat najwa\u017cniejszych kwestii aktualno\u015bci, \u0142\u0105cz\u0105c rygor z pasj\u0105 dziennikarsk\u0105.\",\"sameAs\":[\"https:\/\/www.pogotowieflagowe.pl\/\"]}]}<\/script>\n<!-- \/ Yoast SEO plugin. -->","yoast_head_json":{"title":"Ambicje nuklearne Polski ciesz\u0105 si\u0119 zainteresowaniem \u015bwiatowego finansowania - POGOTOWIE FLAGOWE\u00ae","robots":{"index":"index","follow":"follow","max-snippet":"max-snippet:-1","max-image-preview":"max-image-preview:large","max-video-preview":"max-video-preview:-1"},"canonical":"https:\/\/www.pogotowieflagowe.pl\/aktualne\/ambicje-nuklearne-polski-ciesza-sie-zainteresowaniem-swiatowego-finansowania\/","og_locale":"pl_PL","og_type":"article","og_title":"Ambicje nuklearne Polski ciesz\u0105 si\u0119 zainteresowaniem \u015bwiatowego finansowania - POGOTOWIE FLAGOWE\u00ae","og_description":"Pierwsza w Polsce elektrownia j\u0105drowa, kt\u00f3rej budowa ma si\u0119 rozpocz\u0105\u0107 w 2028 r. w Choczewie na Pomorzu, cieszy si\u0119 du\u017cym","og_url":"https:\/\/www.pogotowieflagowe.pl\/aktualne\/ambicje-nuklearne-polski-ciesza-sie-zainteresowaniem-swiatowego-finansowania\/","og_site_name":"POGOTOWIE FLAGOWE\u00ae","article_published_time":"2024-12-03T21:46:56+00:00","article_modified_time":"2024-12-03T21:46:59+00:00","og_image":[{"width":1920,"height":1091,"url":"https:\/\/www.pogotowieflagowe.pl\/aktualne\/wp-content\/uploads\/2024\/12\/Ambicje-nuklearne-Polski-ciesza-sie-zainteresowaniem-swiatowego-finansowania.jpg","type":"image\/jpeg"}],"author":"Filip","twitter_card":"summary_large_image","twitter_misc":{"Napisane przez":"Filip","Szacowany czas czytania":"1 minuta"},"schema":{"@context":"https:\/\/schema.org","@graph":[{"@type":"Article","@id":"https:\/\/www.pogotowieflagowe.pl\/aktualne\/ambicje-nuklearne-polski-ciesza-sie-zainteresowaniem-swiatowego-finansowania\/#article","isPartOf":{"@id":"https:\/\/www.pogotowieflagowe.pl\/aktualne\/ambicje-nuklearne-polski-ciesza-sie-zainteresowaniem-swiatowego-finansowania\/"},"author":{"name":"Filip","@id":"https:\/\/www.pogotowieflagowe.pl\/aktualne\/#\/schema\/person\/9c2fb7d2362ebf6fa088960d7f0d27b0"},"headline":"Ambicje nuklearne Polski ciesz\u0105 si\u0119 zainteresowaniem \u015bwiatowego finansowania","datePublished":"2024-12-03T21:46:56+00:00","dateModified":"2024-12-03T21:46:59+00:00","mainEntityOfPage":{"@id":"https:\/\/www.pogotowieflagowe.pl\/aktualne\/ambicje-nuklearne-polski-ciesza-sie-zainteresowaniem-swiatowego-finansowania\/"},"wordCount":215,"publisher":{"@id":"https:\/\/www.pogotowieflagowe.pl\/aktualne\/#organization"},"image":{"@id":"https:\/\/www.pogotowieflagowe.pl\/aktualne\/ambicje-nuklearne-polski-ciesza-sie-zainteresowaniem-swiatowego-finansowania\/#primaryimage"},"thumbnailUrl":"https:\/\/www.pogotowieflagowe.pl\/aktualne\/wp-content\/uploads\/2024\/12\/Ambicje-nuklearne-Polski-ciesza-sie-zainteresowaniem-swiatowego-finansowania.jpg","keywords":["Ambicje","ciesz\u0105","finansowania","nuklearne","polski","si\u0119","\u015bwiatowego","zainteresowaniem"],"articleSection":["Biznes"],"inLanguage":"pl-PL"},{"@type":"WebPage","@id":"https:\/\/www.pogotowieflagowe.pl\/aktualne\/ambicje-nuklearne-polski-ciesza-sie-zainteresowaniem-swiatowego-finansowania\/","url":"https:\/\/www.pogotowieflagowe.pl\/aktualne\/ambicje-nuklearne-polski-ciesza-sie-zainteresowaniem-swiatowego-finansowania\/","name":"Ambicje nuklearne Polski ciesz\u0105 si\u0119 zainteresowaniem \u015bwiatowego finansowania - POGOTOWIE FLAGOWE\u00ae","isPartOf":{"@id":"https:\/\/www.pogotowieflagowe.pl\/aktualne\/#website"},"primaryImageOfPage":{"@id":"https:\/\/www.pogotowieflagowe.pl\/aktualne\/ambicje-nuklearne-polski-ciesza-sie-zainteresowaniem-swiatowego-finansowania\/#primaryimage"},"image":{"@id":"https:\/\/www.pogotowieflagowe.pl\/aktualne\/ambicje-nuklearne-polski-ciesza-sie-zainteresowaniem-swiatowego-finansowania\/#primaryimage"},"thumbnailUrl":"https:\/\/www.pogotowieflagowe.pl\/aktualne\/wp-content\/uploads\/2024\/12\/Ambicje-nuklearne-Polski-ciesza-sie-zainteresowaniem-swiatowego-finansowania.jpg","datePublished":"2024-12-03T21:46:56+00:00","dateModified":"2024-12-03T21:46:59+00:00","breadcrumb":{"@id":"https:\/\/www.pogotowieflagowe.pl\/aktualne\/ambicje-nuklearne-polski-ciesza-sie-zainteresowaniem-swiatowego-finansowania\/#breadcrumb"},"inLanguage":"pl-PL","potentialAction":[{"@type":"ReadAction","target":["https:\/\/www.pogotowieflagowe.pl\/aktualne\/ambicje-nuklearne-polski-ciesza-sie-zainteresowaniem-swiatowego-finansowania\/"]}]},{"@type":"ImageObject","inLanguage":"pl-PL","@id":"https:\/\/www.pogotowieflagowe.pl\/aktualne\/ambicje-nuklearne-polski-ciesza-sie-zainteresowaniem-swiatowego-finansowania\/#primaryimage","url":"https:\/\/www.pogotowieflagowe.pl\/aktualne\/wp-content\/uploads\/2024\/12\/Ambicje-nuklearne-Polski-ciesza-sie-zainteresowaniem-swiatowego-finansowania.jpg","contentUrl":"https:\/\/www.pogotowieflagowe.pl\/aktualne\/wp-content\/uploads\/2024\/12\/Ambicje-nuklearne-Polski-ciesza-sie-zainteresowaniem-swiatowego-finansowania.jpg","width":1920,"height":1091,"caption":"Ambicje nuklearne Polski ciesz\u0105 si\u0119 zainteresowaniem \u015bwiatowego finansowania"},{"@type":"BreadcrumbList","@id":"https:\/\/www.pogotowieflagowe.pl\/aktualne\/ambicje-nuklearne-polski-ciesza-sie-zainteresowaniem-swiatowego-finansowania\/#breadcrumb","itemListElement":[{"@type":"ListItem","position":1,"name":"Home","item":"https:\/\/www.pogotowieflagowe.pl\/aktualne\/"},{"@type":"ListItem","position":2,"name":"Ambicje nuklearne Polski ciesz\u0105 si\u0119 zainteresowaniem \u015bwiatowego finansowania"}]},{"@type":"WebSite","@id":"https:\/\/www.pogotowieflagowe.pl\/aktualne\/#website","url":"https:\/\/www.pogotowieflagowe.pl\/aktualne\/","name":"POGOTOWIE FLAGOWE\u00ae","description":"","publisher":{"@id":"https:\/\/www.pogotowieflagowe.pl\/aktualne\/#organization"},"potentialAction":[{"@type":"SearchAction","target":{"@type":"EntryPoint","urlTemplate":"https:\/\/www.pogotowieflagowe.pl\/aktualne\/?s={search_term_string}"},"query-input":"required name=search_term_string"}],"inLanguage":"pl-PL"},{"@type":"Organization","@id":"https:\/\/www.pogotowieflagowe.pl\/aktualne\/#organization","name":"POGOTOWIE FLAGOWE\u00ae","url":"https:\/\/www.pogotowieflagowe.pl\/aktualne\/","logo":{"@type":"ImageObject","inLanguage":"pl-PL","@id":"https:\/\/www.pogotowieflagowe.pl\/aktualne\/#\/schema\/logo\/image\/","url":"https:\/\/www.pogotowieflagowe.pl\/aktualne\/wp-content\/uploads\/2024\/08\/cropped-pogotowieflagowe_flaga_projekt_sm.jpg","contentUrl":"https:\/\/www.pogotowieflagowe.pl\/aktualne\/wp-content\/uploads\/2024\/08\/cropped-pogotowieflagowe_flaga_projekt_sm.jpg","width":250,"height":143,"caption":"POGOTOWIE FLAGOWE\u00ae"},"image":{"@id":"https:\/\/www.pogotowieflagowe.pl\/aktualne\/#\/schema\/logo\/image\/"}},{"@type":"Person","@id":"https:\/\/www.pogotowieflagowe.pl\/aktualne\/#\/schema\/person\/9c2fb7d2362ebf6fa088960d7f0d27b0","name":"Filip","image":{"@type":"ImageObject","inLanguage":"pl-PL","@id":"https:\/\/www.pogotowieflagowe.pl\/aktualne\/#\/schema\/person\/image\/","url":"https:\/\/www.pogotowieflagowe.pl\/aktualne\/wp-content\/uploads\/2024\/08\/pogotowieflagowe.pl_.jpg","contentUrl":"https:\/\/www.pogotowieflagowe.pl\/aktualne\/wp-content\/uploads\/2024\/08\/pogotowieflagowe.pl_.jpg","caption":"Filip"},"description":"Jestem Filip, polski dziennikarz z dyplomem nauk politycznych Uniwersytetu Warszawskiego. Rozpoczynaj\u0105c swoj\u0105 karier\u0119 w r\u00f3\u017cnych lokalnych mediach, zdoby\u0142em solidne do\u015bwiadczenie w zakresie \u015bledztwa i redakcji. Obecnie jako redaktor w Pogotowie flagowe, staram si\u0119 dostarcza\u0107 dog\u0142\u0119bne i istotne analizy na temat najwa\u017cniejszych kwestii aktualno\u015bci, \u0142\u0105cz\u0105c rygor z pasj\u0105 dziennikarsk\u0105.","sameAs":["https:\/\/www.pogotowieflagowe.pl\/"]}]}},"_links":{"self":[{"href":"https:\/\/www.pogotowieflagowe.pl\/aktualne\/wp-json\/wp\/v2\/posts\/2188","targetHints":{"allow":["GET"]}}],"collection":[{"href":"https:\/\/www.pogotowieflagowe.pl\/aktualne\/wp-json\/wp\/v2\/posts"}],"about":[{"href":"https:\/\/www.pogotowieflagowe.pl\/aktualne\/wp-json\/wp\/v2\/types\/post"}],"author":[{"embeddable":true,"href":"https:\/\/www.pogotowieflagowe.pl\/aktualne\/wp-json\/wp\/v2\/users\/1"}],"replies":[{"embeddable":true,"href":"https:\/\/www.pogotowieflagowe.pl\/aktualne\/wp-json\/wp\/v2\/comments?post=2188"}],"version-history":[{"count":1,"href":"https:\/\/www.pogotowieflagowe.pl\/aktualne\/wp-json\/wp\/v2\/posts\/2188\/revisions"}],"predecessor-version":[{"id":2190,"href":"https:\/\/www.pogotowieflagowe.pl\/aktualne\/wp-json\/wp\/v2\/posts\/2188\/revisions\/2190"}],"wp:featuredmedia":[{"embeddable":true,"href":"https:\/\/www.pogotowieflagowe.pl\/aktualne\/wp-json\/wp\/v2\/media\/2189"}],"wp:attachment":[{"href":"https:\/\/www.pogotowieflagowe.pl\/aktualne\/wp-json\/wp\/v2\/media?parent=2188"}],"wp:term":[{"taxonomy":"category","embeddable":true,"href":"https:\/\/www.pogotowieflagowe.pl\/aktualne\/wp-json\/wp\/v2\/categories?post=2188"},{"taxonomy":"post_tag","embeddable":true,"href":"https:\/\/www.pogotowieflagowe.pl\/aktualne\/wp-json\/wp\/v2\/tags?post=2188"}],"curies":[{"name":"wp","href":"https:\/\/api.w.org\/{rel}","templated":true}]}}