{"id":2206,"date":"2024-12-04T16:47:05","date_gmt":"2024-12-04T15:47:05","guid":{"rendered":"https:\/\/www.pogotowieflagowe.pl\/aktualne\/nasz-kalendarz-adwentowy-na-rok-2024-dzien-4-odkrywanie-melodyjnego-gobelinu-bozego-narodzenia-koledy-pastoralki-i-piesni-sezonowe\/"},"modified":"2024-12-04T16:47:09","modified_gmt":"2024-12-04T15:47:09","slug":"nasz-kalendarz-adwentowy-na-rok-2024-dzien-4-odkrywanie-melodyjnego-gobelinu-bozego-narodzenia-koledy-pastoralki-i-piesni-sezonowe","status":"publish","type":"post","link":"https:\/\/www.pogotowieflagowe.pl\/aktualne\/nasz-kalendarz-adwentowy-na-rok-2024-dzien-4-odkrywanie-melodyjnego-gobelinu-bozego-narodzenia-koledy-pastoralki-i-piesni-sezonowe\/","title":{"rendered":"Nasz kalendarz adwentowy na rok 2024. Dzie\u0144 4: Odkrywanie melodyjnego gobelinu Bo\u017cego Narodzenia \u2014 kol\u0119dy, pastora\u0142ki i pie\u015bni sezonowe"},"content":{"rendered":"\n<div class=\"td_block_wrap tdb_single_content tdi_48 td-pb-border-top td_block_template_8 td-post-content tagdiv-type\" data-td-block-uid=\"tdi_48\">\n<style>.tdi_48{margines-g\u00f3rny:0px!important;margin-bottom:0px!important;dope\u0142nienie-g\u00f3ra:0px!important;dope\u0142nienie-d\u00f3\u0142:0px!important}<\/style>\n<style>.tdb_single_content{margin-bottom:0;*zoom:1}.tdb_single_content:before,.tdb_single_content:after{display:table;content:'';line-height:0}.tdb_single_content:after{clear:both}.tdb_single_content .tdb-block-inner>*:not(.wp-block-quote):not(.alignwide):not(.alignfull.wp-block-cover.has-parallax):not(.td-a-ad) {margin-left:auto;margin-right:auto}.tdb_single_content a{pointer-events:auto}.tdb_single_content .td-spot-id-top_ad .tdc-placeholder-title:before{content:'Article Top Ad'!important}.tdb_single_content .td-spot-id-inline_ad0 .tdc-placeholder-title:before{content:'Article Reklama wbudowana 1'!important}.tdb_single_content .td-spot-id-inline_ad1 .tdc-placeholder-title:before{content:'Article Inline Ad 2'!important}.tdb_single_content .td-spot-id-inline_ad2 .tdc-placeholder-title:before{content:' Reklama wbudowana w artyku\u0142 3'!important}.tdb_single_content .td-spot-id-bottom_ad .tdc-placeholder-title:before{content:'Article Bottom Ad'!important}.tdb_single_content .id_top_ad,.tdb_single_content .id_bottom_ad{clear:both;margin-bottom:21px;text-align:center}.tdb_single_content .id_top_ad img,.tdb_single_content .id_bottom_ad img{margin-bottom:0}.tdb_single_content .id_top_ad .adsbygoogle,.tdb_single_content .id_bottom_ad .adsbygoogle{position:relative}.tdb_single_content .id_ad_content-horiz-left,.tdb_single_content .id_ad_content-horiz-right,.tdb_single_content .id_ad_content-horiz-center{margin-bottom:15px}.tdb_single_content .id_ad_content-horiz-left img,.tdb_single_content .id_ad_content-horiz-right img,.tdb_single_content .id_ad_content-horiz-center img{margin-bottom:0}.tdb_single_content .id_ad_content-horiz-center{text-align:center}.tdb_single_content .id_ad_content-horiz-center img{margin-right:auto;margin-left:auto}.tdb_single_content .id_ad_content-horiz-left{float:left;margin-top:9px;margin-right:21px}.tdb_single_content .id_ad_content-horiz-right{float:right;margin-top:6px;margin-left:21px}.tdb_single_content .tdc-a-ad .tdc-placeholder-title{width:300px;height:250px}.tdb_single_content .tdc-a-ad .tdc-placeholder-title:before{position:absolute;top:50%;-webkit-transform:translateY(-50%);transform:translateY(-50%);margines:auto;display:table;width:100 %}.tdb_single_content .tdb-block-inner.td-fix-index{word-break:break-word}.tdi_48,.tdi_48>p,.tdi_48 .tdb-block-inner>p{font-size:16px!important;line- wysoko\u015b\u0107:1,6!wa\u017cne}.tdi_48 .tdb-block-inner blockquote p{font-style:normal!important}@media (max-width:767px){.tdb_single_content .id_ad_content-horiz-left,.tdb_single_content .id_ad_content-horiz-right,.tdb_single_content .id_ad_content-horiz-center{margin:0 automatyczny 26px auto}}@media (max-width:767px){.tdb_single_content .id_ad_content-horiz-left{margin-right:0}}@media (max-width:767px){.tdb_single_content .id_ad_content-horiz-right{margin -left:0}}@media (max-width:767px){.tdb_single_content .td-a-ad{float:none;text-align:center}.tdb_single_content .td-a-ad img{margin-right:auto;margin-left:auto}. tdb_single_content .tdc-a-ad{float:none}}<\/style>\n<div class=\"tdb-block-inner td-fix-index\">\n<p>Gdy zbli\u017caj\u0105 si\u0119 \u015awi\u0119ta Bo\u017cego Narodzenia, fale radiowe przekszta\u0142caj\u0105 si\u0119 w symfoni\u0119 znanych melodii, z kt\u00f3rych ka\u017cda przywo\u0142uje ciep\u0142o i rado\u015b\u0107 okresu \u015bwi\u0105tecznego. Pod powierzchni\u0105 tych \u015bwi\u0105tecznych melodii kryje si\u0119 bogata r\u00f3\u017cnorodno\u015b\u0107 \u2013 kol\u0119dy, pastora\u0142ki i pie\u015bni bo\u017conarodzeniowe, z kt\u00f3rych ka\u017cda ma swoj\u0105 odr\u0119bn\u0105 istot\u0119 i znaczenie kulturowe. Zrozumienie tych r\u00f3\u017cnic rzuca \u015bwiat\u0142o na to, dlaczego te melodie odgrywaj\u0105 okre\u015blon\u0105 rol\u0119 w naszych tradycjach \u015bwi\u0105tecznych.<\/p>\n<h2 class=\"wp-block-heading\">Sezonowa \u015bcie\u017cka d\u017awi\u0119kowa <\/h2>\n<p>Wraz z nadej\u015bciem grudnia w falach radiowych dominuj\u0105 piosenki bo\u017conarodzeniowe, tworz\u0105c radosne t\u0142o tego sezonu. Te \u015bwieckie kompozycje celebruj\u0105 ja\u015bniejsz\u0105 stron\u0119 \u015awi\u0105t, czerpi\u0105c z motyw\u00f3w \u015awi\u0119tego Miko\u0142aja, \u015bnie\u017cnych krajobraz\u00f3w, mi\u0142o\u015bci i rado\u015bci dawania prezent\u00f3w. Ich zara\u017aliwa rado\u015b\u0107 obejmuje wiele gatunk\u00f3w, co czyni ich podstaw\u0105 \u015bwi\u0105tecznego nastroju.  <\/p>\n<h2 class=\"wp-block-heading\">Kol\u0119dy: \u015awi\u0119te hymny wiary<\/h2>\n<p>W przeciwie\u0144stwie do \u015bwieckiego ducha pie\u015bni bo\u017conarodzeniowych, kol\u0119dy zag\u0142\u0119biaj\u0105 si\u0119 w sacrum i duchowo\u015b\u0107. Zakorzenione w tradycji religijnej hymny opowiadaj\u0105 o teologicznym znaczeniu narodzin Chrystusa. Kol\u0119dy s\u0142ycha\u0107 przede wszystkim podczas nabo\u017ce\u0144stw, pocz\u0105wszy od Mszy \u015bw. o p\u00f3\u0142nocy 24 grudnia (powszechnie zwanej *Pasterk\u0105*) i przez ca\u0142y okres liturgiczny, ko\u0144cz\u0105cy si\u0119 2 lutego uroczysto\u015bci\u0105 Gromnicznego.  <\/p>\n<h2 class=\"wp-block-heading\">Duszpasterstwa: refleksja kulturowa<\/h2>\n<p>W odr\u00f3\u017cnieniu od kol\u0119d, pastora\u0142ki opowiadaj\u0105 inn\u0105 histori\u0119 \u2013 skupiaj\u0105c\u0105 si\u0119 na zwyczajach, atmosferze i folklorze otaczaj\u0105cym szopk\u0119. Cz\u0119sto por\u00f3wnywane do pie\u015bni pasterskich, pastora\u0142ki s\u0105 przesi\u0105kni\u0119te dziedzictwem kulturowym. Okre\u015blane w *Powszechnym S\u0142owniku J\u0119zyka Polskiego* jako polskie utwory ludowe z motywem kol\u0119dowym, oddaj\u0105 \u015bwi\u0105teczny nastr\u00f3j, nie b\u0119d\u0105c przy tym uwik\u0142anymi w teologiczn\u0105 narracj\u0119 kol\u0119d.  <\/p>\n<h2 class=\"wp-block-heading\">Ponadczasowy i elastyczny<\/h2>\n<p>W odr\u00f3\u017cnieniu od kol\u0119d, kt\u00f3re s\u0105 \u015bci\u015ble powi\u0105zane z kalendarzem liturgicznym, kol\u0119dy pe\u0142ni\u0105 bardziej elastyczn\u0105 rol\u0119. Mo\u017cna je wykonywa\u0107 i cieszy\u0107 si\u0119 nimi przez ca\u0142y sezon wakacyjny i nie tylko. Jednak wa\u017cne jest, aby odr\u00f3\u017cni\u0107 pastora\u0142ki od kol\u0119d \u2013 jest to po\u0142\u0105czenie j\u0119zykowe, kt\u00f3re cz\u0119sto pojawia si\u0119 ze wzgl\u0119du na ich wsp\u00f3lne motywy bo\u017conarodzeniowe. Chocia\u017c duchowo pokrywaj\u0105 si\u0119, ich role i znaczenia pozostaj\u0105 odr\u0119bne.   <\/p>\n<\/div>\n<\/div>\n","protected":false},"excerpt":{"rendered":"<p>Gdy zbli\u017caj\u0105 si\u0119 \u015awi\u0119ta Bo\u017cego Narodzenia, fale radiowe przekszta\u0142caj\u0105 si\u0119 w symfoni\u0119 znanych melodii, z kt\u00f3rych ka\u017cda przywo\u0142uje ciep\u0142o i<\/p>\n","protected":false},"author":1,"featured_media":2207,"comment_status":"closed","ping_status":"","sticky":false,"template":"","format":"standard","meta":{"footnotes":""},"categories":[47],"tags":[3404,3499,1078,3498,3403,3501,3497,3500,2401,1643,3502,3503,2571,3504],"class_list":["post-2206","post","type-post","status-publish","format-standard","has-post-thumbnail","hentry","category-styl-zycia","tag-adwentowy","tag-bozego","tag-dzien","tag-gobelinu","tag-kalendarz","tag-koledy","tag-melodyjnego","tag-narodzenia","tag-nasz","tag-odkrywanie","tag-pastoralki","tag-piesni","tag-rok","tag-sezonowe","generate-columns","tablet-grid-50","mobile-grid-100","grid-parent","grid-50","resize-featured-image"],"yoast_head":"<!-- This site is optimized with the Yoast SEO plugin v23.2 - https:\/\/yoast.com\/wordpress\/plugins\/seo\/ -->\n<title>Nasz kalendarz adwentowy na rok 2024. Dzie\u0144 4: Odkrywanie melodyjnego gobelinu Bo\u017cego Narodzenia \u2014 kol\u0119dy, pastora\u0142ki i pie\u015bni sezonowe - POGOTOWIE FLAGOWE\u00ae<\/title>\n<meta name=\"robots\" content=\"index, follow, max-snippet:-1, max-image-preview:large, max-video-preview:-1\" \/>\n<link rel=\"canonical\" href=\"https:\/\/www.pogotowieflagowe.pl\/aktualne\/nasz-kalendarz-adwentowy-na-rok-2024-dzien-4-odkrywanie-melodyjnego-gobelinu-bozego-narodzenia-koledy-pastoralki-i-piesni-sezonowe\/\" \/>\n<meta property=\"og:locale\" content=\"pl_PL\" \/>\n<meta property=\"og:type\" content=\"article\" \/>\n<meta property=\"og:title\" content=\"Nasz kalendarz adwentowy na rok 2024. Dzie\u0144 4: Odkrywanie melodyjnego gobelinu Bo\u017cego Narodzenia \u2014 kol\u0119dy, pastora\u0142ki i pie\u015bni sezonowe - POGOTOWIE FLAGOWE\u00ae\" \/>\n<meta property=\"og:description\" content=\"Gdy zbli\u017caj\u0105 si\u0119 \u015awi\u0119ta Bo\u017cego Narodzenia, fale radiowe przekszta\u0142caj\u0105 si\u0119 w symfoni\u0119 znanych melodii, z kt\u00f3rych ka\u017cda przywo\u0142uje ciep\u0142o i\" \/>\n<meta property=\"og:url\" content=\"https:\/\/www.pogotowieflagowe.pl\/aktualne\/nasz-kalendarz-adwentowy-na-rok-2024-dzien-4-odkrywanie-melodyjnego-gobelinu-bozego-narodzenia-koledy-pastoralki-i-piesni-sezonowe\/\" \/>\n<meta property=\"og:site_name\" content=\"POGOTOWIE FLAGOWE\u00ae\" \/>\n<meta property=\"article:published_time\" content=\"2024-12-04T15:47:05+00:00\" \/>\n<meta property=\"article:modified_time\" content=\"2024-12-04T15:47:09+00:00\" \/>\n<meta property=\"og:image\" content=\"https:\/\/www.pogotowieflagowe.pl\/aktualne\/wp-content\/uploads\/2024\/12\/Nasz-kalendarz-adwentowy-na-rok-2024-Dzien-4-Odkrywanie-melodyjnego.jpg\" \/>\n\t<meta property=\"og:image:width\" content=\"1920\" \/>\n\t<meta property=\"og:image:height\" content=\"1080\" \/>\n\t<meta property=\"og:image:type\" content=\"image\/jpeg\" \/>\n<meta name=\"author\" content=\"Filip\" \/>\n<meta name=\"twitter:card\" content=\"summary_large_image\" \/>\n<meta name=\"twitter:label1\" content=\"Napisane przez\" \/>\n\t<meta name=\"twitter:data1\" content=\"Filip\" \/>\n\t<meta name=\"twitter:label2\" content=\"Szacowany czas czytania\" \/>\n\t<meta name=\"twitter:data2\" content=\"2 minuty\" \/>\n<script type=\"application\/ld+json\" class=\"yoast-schema-graph\">{\"@context\":\"https:\/\/schema.org\",\"@graph\":[{\"@type\":\"Article\",\"@id\":\"https:\/\/www.pogotowieflagowe.pl\/aktualne\/nasz-kalendarz-adwentowy-na-rok-2024-dzien-4-odkrywanie-melodyjnego-gobelinu-bozego-narodzenia-koledy-pastoralki-i-piesni-sezonowe\/#article\",\"isPartOf\":{\"@id\":\"https:\/\/www.pogotowieflagowe.pl\/aktualne\/nasz-kalendarz-adwentowy-na-rok-2024-dzien-4-odkrywanie-melodyjnego-gobelinu-bozego-narodzenia-koledy-pastoralki-i-piesni-sezonowe\/\"},\"author\":{\"name\":\"Filip\",\"@id\":\"https:\/\/www.pogotowieflagowe.pl\/aktualne\/#\/schema\/person\/9c2fb7d2362ebf6fa088960d7f0d27b0\"},\"headline\":\"Nasz kalendarz adwentowy na rok 2024. Dzie\u0144 4: Odkrywanie melodyjnego gobelinu Bo\u017cego Narodzenia \u2014 kol\u0119dy, pastora\u0142ki i pie\u015bni sezonowe\",\"datePublished\":\"2024-12-04T15:47:05+00:00\",\"dateModified\":\"2024-12-04T15:47:09+00:00\",\"mainEntityOfPage\":{\"@id\":\"https:\/\/www.pogotowieflagowe.pl\/aktualne\/nasz-kalendarz-adwentowy-na-rok-2024-dzien-4-odkrywanie-melodyjnego-gobelinu-bozego-narodzenia-koledy-pastoralki-i-piesni-sezonowe\/\"},\"wordCount\":412,\"publisher\":{\"@id\":\"https:\/\/www.pogotowieflagowe.pl\/aktualne\/#organization\"},\"image\":{\"@id\":\"https:\/\/www.pogotowieflagowe.pl\/aktualne\/nasz-kalendarz-adwentowy-na-rok-2024-dzien-4-odkrywanie-melodyjnego-gobelinu-bozego-narodzenia-koledy-pastoralki-i-piesni-sezonowe\/#primaryimage\"},\"thumbnailUrl\":\"https:\/\/www.pogotowieflagowe.pl\/aktualne\/wp-content\/uploads\/2024\/12\/Nasz-kalendarz-adwentowy-na-rok-2024-Dzien-4-Odkrywanie-melodyjnego.jpg\",\"keywords\":[\"adwentowy\",\"Bo\u017cego\",\"Dzie\u0144\",\"gobelinu\",\"kalendarz\",\"kol\u0119dy\",\"melodyjnego\",\"Narodzenia\",\"nasz\",\"Odkrywanie\",\"pastora\u0142ki\",\"pie\u015bni\",\"rok\",\"sezonowe\"],\"articleSection\":[\"Styl \u017cycia\"],\"inLanguage\":\"pl-PL\"},{\"@type\":\"WebPage\",\"@id\":\"https:\/\/www.pogotowieflagowe.pl\/aktualne\/nasz-kalendarz-adwentowy-na-rok-2024-dzien-4-odkrywanie-melodyjnego-gobelinu-bozego-narodzenia-koledy-pastoralki-i-piesni-sezonowe\/\",\"url\":\"https:\/\/www.pogotowieflagowe.pl\/aktualne\/nasz-kalendarz-adwentowy-na-rok-2024-dzien-4-odkrywanie-melodyjnego-gobelinu-bozego-narodzenia-koledy-pastoralki-i-piesni-sezonowe\/\",\"name\":\"Nasz kalendarz adwentowy na rok 2024. Dzie\u0144 4: Odkrywanie melodyjnego gobelinu Bo\u017cego Narodzenia \u2014 kol\u0119dy, pastora\u0142ki i pie\u015bni sezonowe - POGOTOWIE FLAGOWE\u00ae\",\"isPartOf\":{\"@id\":\"https:\/\/www.pogotowieflagowe.pl\/aktualne\/#website\"},\"primaryImageOfPage\":{\"@id\":\"https:\/\/www.pogotowieflagowe.pl\/aktualne\/nasz-kalendarz-adwentowy-na-rok-2024-dzien-4-odkrywanie-melodyjnego-gobelinu-bozego-narodzenia-koledy-pastoralki-i-piesni-sezonowe\/#primaryimage\"},\"image\":{\"@id\":\"https:\/\/www.pogotowieflagowe.pl\/aktualne\/nasz-kalendarz-adwentowy-na-rok-2024-dzien-4-odkrywanie-melodyjnego-gobelinu-bozego-narodzenia-koledy-pastoralki-i-piesni-sezonowe\/#primaryimage\"},\"thumbnailUrl\":\"https:\/\/www.pogotowieflagowe.pl\/aktualne\/wp-content\/uploads\/2024\/12\/Nasz-kalendarz-adwentowy-na-rok-2024-Dzien-4-Odkrywanie-melodyjnego.jpg\",\"datePublished\":\"2024-12-04T15:47:05+00:00\",\"dateModified\":\"2024-12-04T15:47:09+00:00\",\"breadcrumb\":{\"@id\":\"https:\/\/www.pogotowieflagowe.pl\/aktualne\/nasz-kalendarz-adwentowy-na-rok-2024-dzien-4-odkrywanie-melodyjnego-gobelinu-bozego-narodzenia-koledy-pastoralki-i-piesni-sezonowe\/#breadcrumb\"},\"inLanguage\":\"pl-PL\",\"potentialAction\":[{\"@type\":\"ReadAction\",\"target\":[\"https:\/\/www.pogotowieflagowe.pl\/aktualne\/nasz-kalendarz-adwentowy-na-rok-2024-dzien-4-odkrywanie-melodyjnego-gobelinu-bozego-narodzenia-koledy-pastoralki-i-piesni-sezonowe\/\"]}]},{\"@type\":\"ImageObject\",\"inLanguage\":\"pl-PL\",\"@id\":\"https:\/\/www.pogotowieflagowe.pl\/aktualne\/nasz-kalendarz-adwentowy-na-rok-2024-dzien-4-odkrywanie-melodyjnego-gobelinu-bozego-narodzenia-koledy-pastoralki-i-piesni-sezonowe\/#primaryimage\",\"url\":\"https:\/\/www.pogotowieflagowe.pl\/aktualne\/wp-content\/uploads\/2024\/12\/Nasz-kalendarz-adwentowy-na-rok-2024-Dzien-4-Odkrywanie-melodyjnego.jpg\",\"contentUrl\":\"https:\/\/www.pogotowieflagowe.pl\/aktualne\/wp-content\/uploads\/2024\/12\/Nasz-kalendarz-adwentowy-na-rok-2024-Dzien-4-Odkrywanie-melodyjnego.jpg\",\"width\":1920,\"height\":1080,\"caption\":\"Nasz kalendarz adwentowy na rok 2024. Dzie\u0144 4: Odkrywanie melodyjnego gobelinu Bo\u017cego Narodzenia \u2014 kol\u0119dy, pastora\u0142ki i pie\u015bni sezonowe\"},{\"@type\":\"BreadcrumbList\",\"@id\":\"https:\/\/www.pogotowieflagowe.pl\/aktualne\/nasz-kalendarz-adwentowy-na-rok-2024-dzien-4-odkrywanie-melodyjnego-gobelinu-bozego-narodzenia-koledy-pastoralki-i-piesni-sezonowe\/#breadcrumb\",\"itemListElement\":[{\"@type\":\"ListItem\",\"position\":1,\"name\":\"Home\",\"item\":\"https:\/\/www.pogotowieflagowe.pl\/aktualne\/\"},{\"@type\":\"ListItem\",\"position\":2,\"name\":\"Nasz kalendarz adwentowy na rok 2024. Dzie\u0144 4: Odkrywanie melodyjnego gobelinu Bo\u017cego Narodzenia \u2014 kol\u0119dy, pastora\u0142ki i pie\u015bni sezonowe\"}]},{\"@type\":\"WebSite\",\"@id\":\"https:\/\/www.pogotowieflagowe.pl\/aktualne\/#website\",\"url\":\"https:\/\/www.pogotowieflagowe.pl\/aktualne\/\",\"name\":\"POGOTOWIE FLAGOWE\u00ae\",\"description\":\"\",\"publisher\":{\"@id\":\"https:\/\/www.pogotowieflagowe.pl\/aktualne\/#organization\"},\"potentialAction\":[{\"@type\":\"SearchAction\",\"target\":{\"@type\":\"EntryPoint\",\"urlTemplate\":\"https:\/\/www.pogotowieflagowe.pl\/aktualne\/?s={search_term_string}\"},\"query-input\":\"required name=search_term_string\"}],\"inLanguage\":\"pl-PL\"},{\"@type\":\"Organization\",\"@id\":\"https:\/\/www.pogotowieflagowe.pl\/aktualne\/#organization\",\"name\":\"POGOTOWIE FLAGOWE\u00ae\",\"url\":\"https:\/\/www.pogotowieflagowe.pl\/aktualne\/\",\"logo\":{\"@type\":\"ImageObject\",\"inLanguage\":\"pl-PL\",\"@id\":\"https:\/\/www.pogotowieflagowe.pl\/aktualne\/#\/schema\/logo\/image\/\",\"url\":\"https:\/\/www.pogotowieflagowe.pl\/aktualne\/wp-content\/uploads\/2024\/08\/cropped-pogotowieflagowe_flaga_projekt_sm.jpg\",\"contentUrl\":\"https:\/\/www.pogotowieflagowe.pl\/aktualne\/wp-content\/uploads\/2024\/08\/cropped-pogotowieflagowe_flaga_projekt_sm.jpg\",\"width\":250,\"height\":143,\"caption\":\"POGOTOWIE FLAGOWE\u00ae\"},\"image\":{\"@id\":\"https:\/\/www.pogotowieflagowe.pl\/aktualne\/#\/schema\/logo\/image\/\"}},{\"@type\":\"Person\",\"@id\":\"https:\/\/www.pogotowieflagowe.pl\/aktualne\/#\/schema\/person\/9c2fb7d2362ebf6fa088960d7f0d27b0\",\"name\":\"Filip\",\"image\":{\"@type\":\"ImageObject\",\"inLanguage\":\"pl-PL\",\"@id\":\"https:\/\/www.pogotowieflagowe.pl\/aktualne\/#\/schema\/person\/image\/\",\"url\":\"https:\/\/www.pogotowieflagowe.pl\/aktualne\/wp-content\/uploads\/2024\/08\/pogotowieflagowe.pl_.jpg\",\"contentUrl\":\"https:\/\/www.pogotowieflagowe.pl\/aktualne\/wp-content\/uploads\/2024\/08\/pogotowieflagowe.pl_.jpg\",\"caption\":\"Filip\"},\"description\":\"Jestem Filip, polski dziennikarz z dyplomem nauk politycznych Uniwersytetu Warszawskiego. Rozpoczynaj\u0105c swoj\u0105 karier\u0119 w r\u00f3\u017cnych lokalnych mediach, zdoby\u0142em solidne do\u015bwiadczenie w zakresie \u015bledztwa i redakcji. Obecnie jako redaktor w Pogotowie flagowe, staram si\u0119 dostarcza\u0107 dog\u0142\u0119bne i istotne analizy na temat najwa\u017cniejszych kwestii aktualno\u015bci, \u0142\u0105cz\u0105c rygor z pasj\u0105 dziennikarsk\u0105.\",\"sameAs\":[\"https:\/\/www.pogotowieflagowe.pl\/\"]}]}<\/script>\n<!-- \/ Yoast SEO plugin. -->","yoast_head_json":{"title":"Nasz kalendarz adwentowy na rok 2024. Dzie\u0144 4: Odkrywanie melodyjnego gobelinu Bo\u017cego Narodzenia \u2014 kol\u0119dy, pastora\u0142ki i pie\u015bni sezonowe - POGOTOWIE FLAGOWE\u00ae","robots":{"index":"index","follow":"follow","max-snippet":"max-snippet:-1","max-image-preview":"max-image-preview:large","max-video-preview":"max-video-preview:-1"},"canonical":"https:\/\/www.pogotowieflagowe.pl\/aktualne\/nasz-kalendarz-adwentowy-na-rok-2024-dzien-4-odkrywanie-melodyjnego-gobelinu-bozego-narodzenia-koledy-pastoralki-i-piesni-sezonowe\/","og_locale":"pl_PL","og_type":"article","og_title":"Nasz kalendarz adwentowy na rok 2024. Dzie\u0144 4: Odkrywanie melodyjnego gobelinu Bo\u017cego Narodzenia \u2014 kol\u0119dy, pastora\u0142ki i pie\u015bni sezonowe - POGOTOWIE FLAGOWE\u00ae","og_description":"Gdy zbli\u017caj\u0105 si\u0119 \u015awi\u0119ta Bo\u017cego Narodzenia, fale radiowe przekszta\u0142caj\u0105 si\u0119 w symfoni\u0119 znanych melodii, z kt\u00f3rych ka\u017cda przywo\u0142uje ciep\u0142o i","og_url":"https:\/\/www.pogotowieflagowe.pl\/aktualne\/nasz-kalendarz-adwentowy-na-rok-2024-dzien-4-odkrywanie-melodyjnego-gobelinu-bozego-narodzenia-koledy-pastoralki-i-piesni-sezonowe\/","og_site_name":"POGOTOWIE FLAGOWE\u00ae","article_published_time":"2024-12-04T15:47:05+00:00","article_modified_time":"2024-12-04T15:47:09+00:00","og_image":[{"width":1920,"height":1080,"url":"https:\/\/www.pogotowieflagowe.pl\/aktualne\/wp-content\/uploads\/2024\/12\/Nasz-kalendarz-adwentowy-na-rok-2024-Dzien-4-Odkrywanie-melodyjnego.jpg","type":"image\/jpeg"}],"author":"Filip","twitter_card":"summary_large_image","twitter_misc":{"Napisane przez":"Filip","Szacowany czas czytania":"2 minuty"},"schema":{"@context":"https:\/\/schema.org","@graph":[{"@type":"Article","@id":"https:\/\/www.pogotowieflagowe.pl\/aktualne\/nasz-kalendarz-adwentowy-na-rok-2024-dzien-4-odkrywanie-melodyjnego-gobelinu-bozego-narodzenia-koledy-pastoralki-i-piesni-sezonowe\/#article","isPartOf":{"@id":"https:\/\/www.pogotowieflagowe.pl\/aktualne\/nasz-kalendarz-adwentowy-na-rok-2024-dzien-4-odkrywanie-melodyjnego-gobelinu-bozego-narodzenia-koledy-pastoralki-i-piesni-sezonowe\/"},"author":{"name":"Filip","@id":"https:\/\/www.pogotowieflagowe.pl\/aktualne\/#\/schema\/person\/9c2fb7d2362ebf6fa088960d7f0d27b0"},"headline":"Nasz kalendarz adwentowy na rok 2024. Dzie\u0144 4: Odkrywanie melodyjnego gobelinu Bo\u017cego Narodzenia \u2014 kol\u0119dy, pastora\u0142ki i pie\u015bni sezonowe","datePublished":"2024-12-04T15:47:05+00:00","dateModified":"2024-12-04T15:47:09+00:00","mainEntityOfPage":{"@id":"https:\/\/www.pogotowieflagowe.pl\/aktualne\/nasz-kalendarz-adwentowy-na-rok-2024-dzien-4-odkrywanie-melodyjnego-gobelinu-bozego-narodzenia-koledy-pastoralki-i-piesni-sezonowe\/"},"wordCount":412,"publisher":{"@id":"https:\/\/www.pogotowieflagowe.pl\/aktualne\/#organization"},"image":{"@id":"https:\/\/www.pogotowieflagowe.pl\/aktualne\/nasz-kalendarz-adwentowy-na-rok-2024-dzien-4-odkrywanie-melodyjnego-gobelinu-bozego-narodzenia-koledy-pastoralki-i-piesni-sezonowe\/#primaryimage"},"thumbnailUrl":"https:\/\/www.pogotowieflagowe.pl\/aktualne\/wp-content\/uploads\/2024\/12\/Nasz-kalendarz-adwentowy-na-rok-2024-Dzien-4-Odkrywanie-melodyjnego.jpg","keywords":["adwentowy","Bo\u017cego","Dzie\u0144","gobelinu","kalendarz","kol\u0119dy","melodyjnego","Narodzenia","nasz","Odkrywanie","pastora\u0142ki","pie\u015bni","rok","sezonowe"],"articleSection":["Styl \u017cycia"],"inLanguage":"pl-PL"},{"@type":"WebPage","@id":"https:\/\/www.pogotowieflagowe.pl\/aktualne\/nasz-kalendarz-adwentowy-na-rok-2024-dzien-4-odkrywanie-melodyjnego-gobelinu-bozego-narodzenia-koledy-pastoralki-i-piesni-sezonowe\/","url":"https:\/\/www.pogotowieflagowe.pl\/aktualne\/nasz-kalendarz-adwentowy-na-rok-2024-dzien-4-odkrywanie-melodyjnego-gobelinu-bozego-narodzenia-koledy-pastoralki-i-piesni-sezonowe\/","name":"Nasz kalendarz adwentowy na rok 2024. Dzie\u0144 4: Odkrywanie melodyjnego gobelinu Bo\u017cego Narodzenia \u2014 kol\u0119dy, pastora\u0142ki i pie\u015bni sezonowe - POGOTOWIE FLAGOWE\u00ae","isPartOf":{"@id":"https:\/\/www.pogotowieflagowe.pl\/aktualne\/#website"},"primaryImageOfPage":{"@id":"https:\/\/www.pogotowieflagowe.pl\/aktualne\/nasz-kalendarz-adwentowy-na-rok-2024-dzien-4-odkrywanie-melodyjnego-gobelinu-bozego-narodzenia-koledy-pastoralki-i-piesni-sezonowe\/#primaryimage"},"image":{"@id":"https:\/\/www.pogotowieflagowe.pl\/aktualne\/nasz-kalendarz-adwentowy-na-rok-2024-dzien-4-odkrywanie-melodyjnego-gobelinu-bozego-narodzenia-koledy-pastoralki-i-piesni-sezonowe\/#primaryimage"},"thumbnailUrl":"https:\/\/www.pogotowieflagowe.pl\/aktualne\/wp-content\/uploads\/2024\/12\/Nasz-kalendarz-adwentowy-na-rok-2024-Dzien-4-Odkrywanie-melodyjnego.jpg","datePublished":"2024-12-04T15:47:05+00:00","dateModified":"2024-12-04T15:47:09+00:00","breadcrumb":{"@id":"https:\/\/www.pogotowieflagowe.pl\/aktualne\/nasz-kalendarz-adwentowy-na-rok-2024-dzien-4-odkrywanie-melodyjnego-gobelinu-bozego-narodzenia-koledy-pastoralki-i-piesni-sezonowe\/#breadcrumb"},"inLanguage":"pl-PL","potentialAction":[{"@type":"ReadAction","target":["https:\/\/www.pogotowieflagowe.pl\/aktualne\/nasz-kalendarz-adwentowy-na-rok-2024-dzien-4-odkrywanie-melodyjnego-gobelinu-bozego-narodzenia-koledy-pastoralki-i-piesni-sezonowe\/"]}]},{"@type":"ImageObject","inLanguage":"pl-PL","@id":"https:\/\/www.pogotowieflagowe.pl\/aktualne\/nasz-kalendarz-adwentowy-na-rok-2024-dzien-4-odkrywanie-melodyjnego-gobelinu-bozego-narodzenia-koledy-pastoralki-i-piesni-sezonowe\/#primaryimage","url":"https:\/\/www.pogotowieflagowe.pl\/aktualne\/wp-content\/uploads\/2024\/12\/Nasz-kalendarz-adwentowy-na-rok-2024-Dzien-4-Odkrywanie-melodyjnego.jpg","contentUrl":"https:\/\/www.pogotowieflagowe.pl\/aktualne\/wp-content\/uploads\/2024\/12\/Nasz-kalendarz-adwentowy-na-rok-2024-Dzien-4-Odkrywanie-melodyjnego.jpg","width":1920,"height":1080,"caption":"Nasz kalendarz adwentowy na rok 2024. Dzie\u0144 4: Odkrywanie melodyjnego gobelinu Bo\u017cego Narodzenia \u2014 kol\u0119dy, pastora\u0142ki i pie\u015bni sezonowe"},{"@type":"BreadcrumbList","@id":"https:\/\/www.pogotowieflagowe.pl\/aktualne\/nasz-kalendarz-adwentowy-na-rok-2024-dzien-4-odkrywanie-melodyjnego-gobelinu-bozego-narodzenia-koledy-pastoralki-i-piesni-sezonowe\/#breadcrumb","itemListElement":[{"@type":"ListItem","position":1,"name":"Home","item":"https:\/\/www.pogotowieflagowe.pl\/aktualne\/"},{"@type":"ListItem","position":2,"name":"Nasz kalendarz adwentowy na rok 2024. Dzie\u0144 4: Odkrywanie melodyjnego gobelinu Bo\u017cego Narodzenia \u2014 kol\u0119dy, pastora\u0142ki i pie\u015bni sezonowe"}]},{"@type":"WebSite","@id":"https:\/\/www.pogotowieflagowe.pl\/aktualne\/#website","url":"https:\/\/www.pogotowieflagowe.pl\/aktualne\/","name":"POGOTOWIE FLAGOWE\u00ae","description":"","publisher":{"@id":"https:\/\/www.pogotowieflagowe.pl\/aktualne\/#organization"},"potentialAction":[{"@type":"SearchAction","target":{"@type":"EntryPoint","urlTemplate":"https:\/\/www.pogotowieflagowe.pl\/aktualne\/?s={search_term_string}"},"query-input":"required name=search_term_string"}],"inLanguage":"pl-PL"},{"@type":"Organization","@id":"https:\/\/www.pogotowieflagowe.pl\/aktualne\/#organization","name":"POGOTOWIE FLAGOWE\u00ae","url":"https:\/\/www.pogotowieflagowe.pl\/aktualne\/","logo":{"@type":"ImageObject","inLanguage":"pl-PL","@id":"https:\/\/www.pogotowieflagowe.pl\/aktualne\/#\/schema\/logo\/image\/","url":"https:\/\/www.pogotowieflagowe.pl\/aktualne\/wp-content\/uploads\/2024\/08\/cropped-pogotowieflagowe_flaga_projekt_sm.jpg","contentUrl":"https:\/\/www.pogotowieflagowe.pl\/aktualne\/wp-content\/uploads\/2024\/08\/cropped-pogotowieflagowe_flaga_projekt_sm.jpg","width":250,"height":143,"caption":"POGOTOWIE FLAGOWE\u00ae"},"image":{"@id":"https:\/\/www.pogotowieflagowe.pl\/aktualne\/#\/schema\/logo\/image\/"}},{"@type":"Person","@id":"https:\/\/www.pogotowieflagowe.pl\/aktualne\/#\/schema\/person\/9c2fb7d2362ebf6fa088960d7f0d27b0","name":"Filip","image":{"@type":"ImageObject","inLanguage":"pl-PL","@id":"https:\/\/www.pogotowieflagowe.pl\/aktualne\/#\/schema\/person\/image\/","url":"https:\/\/www.pogotowieflagowe.pl\/aktualne\/wp-content\/uploads\/2024\/08\/pogotowieflagowe.pl_.jpg","contentUrl":"https:\/\/www.pogotowieflagowe.pl\/aktualne\/wp-content\/uploads\/2024\/08\/pogotowieflagowe.pl_.jpg","caption":"Filip"},"description":"Jestem Filip, polski dziennikarz z dyplomem nauk politycznych Uniwersytetu Warszawskiego. Rozpoczynaj\u0105c swoj\u0105 karier\u0119 w r\u00f3\u017cnych lokalnych mediach, zdoby\u0142em solidne do\u015bwiadczenie w zakresie \u015bledztwa i redakcji. Obecnie jako redaktor w Pogotowie flagowe, staram si\u0119 dostarcza\u0107 dog\u0142\u0119bne i istotne analizy na temat najwa\u017cniejszych kwestii aktualno\u015bci, \u0142\u0105cz\u0105c rygor z pasj\u0105 dziennikarsk\u0105.","sameAs":["https:\/\/www.pogotowieflagowe.pl\/"]}]}},"_links":{"self":[{"href":"https:\/\/www.pogotowieflagowe.pl\/aktualne\/wp-json\/wp\/v2\/posts\/2206","targetHints":{"allow":["GET"]}}],"collection":[{"href":"https:\/\/www.pogotowieflagowe.pl\/aktualne\/wp-json\/wp\/v2\/posts"}],"about":[{"href":"https:\/\/www.pogotowieflagowe.pl\/aktualne\/wp-json\/wp\/v2\/types\/post"}],"author":[{"embeddable":true,"href":"https:\/\/www.pogotowieflagowe.pl\/aktualne\/wp-json\/wp\/v2\/users\/1"}],"replies":[{"embeddable":true,"href":"https:\/\/www.pogotowieflagowe.pl\/aktualne\/wp-json\/wp\/v2\/comments?post=2206"}],"version-history":[{"count":1,"href":"https:\/\/www.pogotowieflagowe.pl\/aktualne\/wp-json\/wp\/v2\/posts\/2206\/revisions"}],"predecessor-version":[{"id":2208,"href":"https:\/\/www.pogotowieflagowe.pl\/aktualne\/wp-json\/wp\/v2\/posts\/2206\/revisions\/2208"}],"wp:featuredmedia":[{"embeddable":true,"href":"https:\/\/www.pogotowieflagowe.pl\/aktualne\/wp-json\/wp\/v2\/media\/2207"}],"wp:attachment":[{"href":"https:\/\/www.pogotowieflagowe.pl\/aktualne\/wp-json\/wp\/v2\/media?parent=2206"}],"wp:term":[{"taxonomy":"category","embeddable":true,"href":"https:\/\/www.pogotowieflagowe.pl\/aktualne\/wp-json\/wp\/v2\/categories?post=2206"},{"taxonomy":"post_tag","embeddable":true,"href":"https:\/\/www.pogotowieflagowe.pl\/aktualne\/wp-json\/wp\/v2\/tags?post=2206"}],"curies":[{"name":"wp","href":"https:\/\/api.w.org\/{rel}","templated":true}]}}