{"id":2230,"date":"2024-12-05T19:47:25","date_gmt":"2024-12-05T18:47:25","guid":{"rendered":"https:\/\/www.pogotowieflagowe.pl\/aktualne\/mercedes-rozbudowuje-fabryke-w-jaworze-aby-produkowac-elektryczne-samochody-dostawcze\/"},"modified":"2024-12-05T19:47:29","modified_gmt":"2024-12-05T18:47:29","slug":"mercedes-rozbudowuje-fabryke-w-jaworze-aby-produkowac-elektryczne-samochody-dostawcze","status":"publish","type":"post","link":"https:\/\/www.pogotowieflagowe.pl\/aktualne\/mercedes-rozbudowuje-fabryke-w-jaworze-aby-produkowac-elektryczne-samochody-dostawcze\/","title":{"rendered":"Mercedes rozbudowuje fabryk\u0119 w Jaworze, aby produkowa\u0107 elektryczne samochody dostawcze"},"content":{"rendered":"\n<div class=\"td_block_wrap tdb_single_content tdi_48 td-pb-border-top td_block_template_8 td-post-content tagdiv-type\" data-td-block-uid=\"tdi_48\">\n<style>.tdi_48{margines-g\u00f3rny:0px!important;margin-bottom:0px!important;dope\u0142nienie-g\u00f3ra:0px!important;dope\u0142nienie-d\u00f3\u0142:0px!important}<\/style>\n<style>.tdb_single_content{margin-bottom:0;*zoom:1}.tdb_single_content:before,.tdb_single_content:after{display:table;content:'';line-height:0}.tdb_single_content:after{clear:both}.tdb_single_content .tdb-block-inner>*:not(.wp-block-quote):not(.alignwide):not(.alignfull.wp-block-cover.has-parallax):not(.td-a-ad) {margin-left:auto;margin-right:auto}.tdb_single_content a{pointer-events:auto}.tdb_single_content .td-spot-id-top_ad .tdc-placeholder-title:before{content:'Article Top Ad'!important}.tdb_single_content .td-spot-id-inline_ad0 .tdc-placeholder-title:before{content:'Article Reklama wbudowana 1'!important}.tdb_single_content .td-spot-id-inline_ad1 .tdc-placeholder-title:before{content:'Article Inline Ad 2'!important}.tdb_single_content .td-spot-id-inline_ad2 .tdc-placeholder-title:before{content:' Reklama wbudowana w artyku\u0142 3'!important}.tdb_single_content .td-spot-id-bottom_ad .tdc-placeholder-title:before{content:'Article Bottom Ad'!important}.tdb_single_content .id_top_ad,.tdb_single_content .id_bottom_ad{clear:both;margin-bottom:21px;text-align:center}.tdb_single_content .id_top_ad img,.tdb_single_content .id_bottom_ad img{margin-bottom:0}.tdb_single_content .id_top_ad .adsbygoogle,.tdb_single_content .id_bottom_ad .adsbygoogle{position:relative}.tdb_single_content .id_ad_content-horiz-left,.tdb_single_content .id_ad_content-horiz-right,.tdb_single_content .id_ad_content-horiz-center{margin-bottom:15px}.tdb_single_content .id_ad_content-horiz-left img,.tdb_single_content .id_ad_content-horiz-right img,.tdb_single_content .id_ad_content-horiz-center img{margin-bottom:0}.tdb_single_content .id_ad_content-horiz-center{text-align:center}.tdb_single_content .id_ad_content-horiz-center img{margin-right:auto;margin-left:auto}.tdb_single_content .id_ad_content-horiz-left{float:left;margin-top:9px;margin-right:21px}.tdb_single_content .id_ad_content-horiz-right{float:right;margin-top:6px;margin-left:21px}.tdb_single_content .tdc-a-ad .tdc-placeholder-title{width:300px;height:250px}.tdb_single_content .tdc-a-ad .tdc-placeholder-title:before{position:absolute;top:50%;-webkit-transform:translateY(-50%);transform:translateY(-50%);margines:auto;display:table;width:100 %}.tdb_single_content .tdb-block-inner.td-fix-index{word-break:break-word}.tdi_48,.tdi_48>p,.tdi_48 .tdb-block-inner>p{font-size:16px!important;line- wysoko\u015b\u0107:1,6!wa\u017cne}.tdi_48 .tdb-block-inner blockquote p{font-style:normal!important}@media (max-width:767px){.tdb_single_content .id_ad_content-horiz-left,.tdb_single_content .id_ad_content-horiz-right,.tdb_single_content .id_ad_content-horiz-center{margin:0 automatyczny 26px auto}}@media (max-width:767px){.tdb_single_content .id_ad_content-horiz-left{margin-right:0}}@media (max-width:767px){.tdb_single_content .id_ad_content-horiz-right{margin -left:0}}@media (max-width:767px){.tdb_single_content .td-a-ad{float:none;text-align:center}.tdb_single_content .td-a-ad img{margin-right:auto;margin-left:auto}. tdb_single_content .tdc-a-ad{float:none}}<\/style>\n<div class=\"tdb-block-inner td-fix-index\">\n<p>Mercedes-Benz Vans oficjalnie rozpocz\u0105\u0142 budow\u0119 nowej fabryki lekkich elektrycznych pojazd\u00f3w dostawczych w Jaworze na Dolnym \u015al\u0105sku. Obiekt zostanie rozbudowany poprzez przekszta\u0142cenie i rozbudow\u0119 istniej\u0105cej fabryki, kt\u00f3ra obecnie produkuje silniki i akumulatory. Zlokalizowany na terenie Wa\u0142brzyskiej Specjalnej Strefy Ekonomicznej \u201eInvest Park\u201d obiekt podkre\u015bla zaanga\u017cowanie firmy w ekologiczn\u0105 mobilno\u015b\u0107 i rozw\u00f3j przemys\u0142u w Europie.<\/p>\n<p><strong>Strategiczny krok w kierunku elektromobilno\u015bci<\/strong><br \/>Ekspansja Jawora wpisuje si\u0119 w globaln\u0105 strategi\u0119 Mercedes-Benz Vans zak\u0142adaj\u0105c\u0105 zwi\u0119kszanie konkurencyjno\u015bci przemys\u0142u i przej\u015bcie na elektromobilno\u015b\u0107. Od 2026 roku wszystkie nowo opracowane \u015brednie i du\u017ce samochody dostawcze b\u0119d\u0105 oparte na platformie VAN.EA (Van Electric Architecture). Wed\u0142ug Francesco Ciancii, dyrektora operacyjnego Mercedes-Benz Vans, zmodernizowane linie produkcyjne b\u0119d\u0105 dostarcza\u0107 najwy\u017cszej jako\u015bci elektryczne samochody dostawcze, wzmacniaj\u0105c rol\u0119 Europy w kszta\u0142towaniu elektrycznej przysz\u0142o\u015bci firmy.<\/p>\n<p><strong>Du\u017ce inwestycje i tworzenie miejsc pracy<\/strong><br \/>Og\u0142oszona po raz pierwszy w grudniu 2022 roku inwestycja w Jaworze jest wyceniana na ponad 1 miliard euro. Do 2027 roku Mercedes-Benz planuje utworzy\u0107 oko\u0142o 2500 nowych miejsc pracy, jeszcze bardziej wzmacniaj\u0105c pozycj\u0119 Polski jako centrum zaawansowanej produkcji.<\/p>\n<p>Dzi\u0119ki temu rozwi\u0105zaniu Mercedes-Benz wzmacnia swoje zaanga\u017cowanie w innowacje i zr\u00f3wnowa\u017cony rozw\u00f3j, jednocze\u015bnie wspieraj\u0105c regionalny wzrost gospodarczy.<\/p>\n<\/div>\n<\/div>\n","protected":false},"excerpt":{"rendered":"<p>Mercedes-Benz Vans oficjalnie rozpocz\u0105\u0142 budow\u0119 nowej fabryki lekkich elektrycznych pojazd\u00f3w dostawczych w Jaworze na Dolnym \u015al\u0105sku. Obiekt zostanie rozbudowany poprzez<\/p>\n","protected":false},"author":1,"featured_media":2231,"comment_status":"closed","ping_status":"","sticky":false,"template":"","format":"standard","meta":{"footnotes":""},"categories":[45],"tags":[2143,3540,2700,3315,3519,3517,3539,3518,2541],"class_list":["post-2230","post","type-post","status-publish","format-standard","has-post-thumbnail","hentry","category-biznes","tag-aby","tag-dostawcze","tag-elektryczne","tag-fabryke","tag-jaworze","tag-mercedes","tag-produkowac","tag-rozbudowuje","tag-samochody","generate-columns","tablet-grid-50","mobile-grid-100","grid-parent","grid-50","resize-featured-image"],"yoast_head":"<!-- This site is optimized with the Yoast SEO plugin v23.2 - https:\/\/yoast.com\/wordpress\/plugins\/seo\/ -->\n<title>Mercedes rozbudowuje fabryk\u0119 w Jaworze, aby produkowa\u0107 elektryczne samochody dostawcze - POGOTOWIE FLAGOWE\u00ae<\/title>\n<meta name=\"robots\" content=\"index, follow, max-snippet:-1, max-image-preview:large, max-video-preview:-1\" \/>\n<link rel=\"canonical\" href=\"https:\/\/www.pogotowieflagowe.pl\/aktualne\/mercedes-rozbudowuje-fabryke-w-jaworze-aby-produkowac-elektryczne-samochody-dostawcze\/\" \/>\n<meta property=\"og:locale\" content=\"pl_PL\" \/>\n<meta property=\"og:type\" content=\"article\" \/>\n<meta property=\"og:title\" content=\"Mercedes rozbudowuje fabryk\u0119 w Jaworze, aby produkowa\u0107 elektryczne samochody dostawcze - POGOTOWIE FLAGOWE\u00ae\" \/>\n<meta property=\"og:description\" content=\"Mercedes-Benz Vans oficjalnie rozpocz\u0105\u0142 budow\u0119 nowej fabryki lekkich elektrycznych pojazd\u00f3w dostawczych w Jaworze na Dolnym \u015al\u0105sku. Obiekt zostanie rozbudowany poprzez\" \/>\n<meta property=\"og:url\" content=\"https:\/\/www.pogotowieflagowe.pl\/aktualne\/mercedes-rozbudowuje-fabryke-w-jaworze-aby-produkowac-elektryczne-samochody-dostawcze\/\" \/>\n<meta property=\"og:site_name\" content=\"POGOTOWIE FLAGOWE\u00ae\" \/>\n<meta property=\"article:published_time\" content=\"2024-12-05T18:47:25+00:00\" \/>\n<meta property=\"article:modified_time\" content=\"2024-12-05T18:47:29+00:00\" \/>\n<meta property=\"og:image\" content=\"https:\/\/www.pogotowieflagowe.pl\/aktualne\/wp-content\/uploads\/2024\/12\/Mercedes-rozbudowuje-fabryke-w-Jaworze-aby-produkowac-elektryczne-samochody-dostawcze.jpg\" \/>\n\t<meta property=\"og:image:width\" content=\"1908\" \/>\n\t<meta property=\"og:image:height\" content=\"1540\" \/>\n\t<meta property=\"og:image:type\" content=\"image\/jpeg\" \/>\n<meta name=\"author\" content=\"Filip\" \/>\n<meta name=\"twitter:card\" content=\"summary_large_image\" \/>\n<meta name=\"twitter:label1\" content=\"Napisane przez\" \/>\n\t<meta name=\"twitter:data1\" content=\"Filip\" \/>\n\t<meta name=\"twitter:label2\" content=\"Szacowany czas czytania\" \/>\n\t<meta name=\"twitter:data2\" content=\"1 minuta\" \/>\n<script type=\"application\/ld+json\" class=\"yoast-schema-graph\">{\"@context\":\"https:\/\/schema.org\",\"@graph\":[{\"@type\":\"Article\",\"@id\":\"https:\/\/www.pogotowieflagowe.pl\/aktualne\/mercedes-rozbudowuje-fabryke-w-jaworze-aby-produkowac-elektryczne-samochody-dostawcze\/#article\",\"isPartOf\":{\"@id\":\"https:\/\/www.pogotowieflagowe.pl\/aktualne\/mercedes-rozbudowuje-fabryke-w-jaworze-aby-produkowac-elektryczne-samochody-dostawcze\/\"},\"author\":{\"name\":\"Filip\",\"@id\":\"https:\/\/www.pogotowieflagowe.pl\/aktualne\/#\/schema\/person\/9c2fb7d2362ebf6fa088960d7f0d27b0\"},\"headline\":\"Mercedes rozbudowuje fabryk\u0119 w Jaworze, aby produkowa\u0107 elektryczne samochody dostawcze\",\"datePublished\":\"2024-12-05T18:47:25+00:00\",\"dateModified\":\"2024-12-05T18:47:29+00:00\",\"mainEntityOfPage\":{\"@id\":\"https:\/\/www.pogotowieflagowe.pl\/aktualne\/mercedes-rozbudowuje-fabryke-w-jaworze-aby-produkowac-elektryczne-samochody-dostawcze\/\"},\"wordCount\":224,\"publisher\":{\"@id\":\"https:\/\/www.pogotowieflagowe.pl\/aktualne\/#organization\"},\"image\":{\"@id\":\"https:\/\/www.pogotowieflagowe.pl\/aktualne\/mercedes-rozbudowuje-fabryke-w-jaworze-aby-produkowac-elektryczne-samochody-dostawcze\/#primaryimage\"},\"thumbnailUrl\":\"https:\/\/www.pogotowieflagowe.pl\/aktualne\/wp-content\/uploads\/2024\/12\/Mercedes-rozbudowuje-fabryke-w-Jaworze-aby-produkowac-elektryczne-samochody-dostawcze.jpg\",\"keywords\":[\"aby\",\"dostawcze\",\"elektryczne\",\"fabryk\u0119\",\"Jaworze\",\"Mercedes\",\"produkowa\u0107\",\"rozbudowuje\",\"samochody\"],\"articleSection\":[\"Biznes\"],\"inLanguage\":\"pl-PL\"},{\"@type\":\"WebPage\",\"@id\":\"https:\/\/www.pogotowieflagowe.pl\/aktualne\/mercedes-rozbudowuje-fabryke-w-jaworze-aby-produkowac-elektryczne-samochody-dostawcze\/\",\"url\":\"https:\/\/www.pogotowieflagowe.pl\/aktualne\/mercedes-rozbudowuje-fabryke-w-jaworze-aby-produkowac-elektryczne-samochody-dostawcze\/\",\"name\":\"Mercedes rozbudowuje fabryk\u0119 w Jaworze, aby produkowa\u0107 elektryczne samochody dostawcze - POGOTOWIE FLAGOWE\u00ae\",\"isPartOf\":{\"@id\":\"https:\/\/www.pogotowieflagowe.pl\/aktualne\/#website\"},\"primaryImageOfPage\":{\"@id\":\"https:\/\/www.pogotowieflagowe.pl\/aktualne\/mercedes-rozbudowuje-fabryke-w-jaworze-aby-produkowac-elektryczne-samochody-dostawcze\/#primaryimage\"},\"image\":{\"@id\":\"https:\/\/www.pogotowieflagowe.pl\/aktualne\/mercedes-rozbudowuje-fabryke-w-jaworze-aby-produkowac-elektryczne-samochody-dostawcze\/#primaryimage\"},\"thumbnailUrl\":\"https:\/\/www.pogotowieflagowe.pl\/aktualne\/wp-content\/uploads\/2024\/12\/Mercedes-rozbudowuje-fabryke-w-Jaworze-aby-produkowac-elektryczne-samochody-dostawcze.jpg\",\"datePublished\":\"2024-12-05T18:47:25+00:00\",\"dateModified\":\"2024-12-05T18:47:29+00:00\",\"breadcrumb\":{\"@id\":\"https:\/\/www.pogotowieflagowe.pl\/aktualne\/mercedes-rozbudowuje-fabryke-w-jaworze-aby-produkowac-elektryczne-samochody-dostawcze\/#breadcrumb\"},\"inLanguage\":\"pl-PL\",\"potentialAction\":[{\"@type\":\"ReadAction\",\"target\":[\"https:\/\/www.pogotowieflagowe.pl\/aktualne\/mercedes-rozbudowuje-fabryke-w-jaworze-aby-produkowac-elektryczne-samochody-dostawcze\/\"]}]},{\"@type\":\"ImageObject\",\"inLanguage\":\"pl-PL\",\"@id\":\"https:\/\/www.pogotowieflagowe.pl\/aktualne\/mercedes-rozbudowuje-fabryke-w-jaworze-aby-produkowac-elektryczne-samochody-dostawcze\/#primaryimage\",\"url\":\"https:\/\/www.pogotowieflagowe.pl\/aktualne\/wp-content\/uploads\/2024\/12\/Mercedes-rozbudowuje-fabryke-w-Jaworze-aby-produkowac-elektryczne-samochody-dostawcze.jpg\",\"contentUrl\":\"https:\/\/www.pogotowieflagowe.pl\/aktualne\/wp-content\/uploads\/2024\/12\/Mercedes-rozbudowuje-fabryke-w-Jaworze-aby-produkowac-elektryczne-samochody-dostawcze.jpg\",\"width\":1908,\"height\":1540,\"caption\":\"Mercedes rozbudowuje fabryk\u0119 w Jaworze, aby produkowa\u0107 elektryczne samochody dostawcze\"},{\"@type\":\"BreadcrumbList\",\"@id\":\"https:\/\/www.pogotowieflagowe.pl\/aktualne\/mercedes-rozbudowuje-fabryke-w-jaworze-aby-produkowac-elektryczne-samochody-dostawcze\/#breadcrumb\",\"itemListElement\":[{\"@type\":\"ListItem\",\"position\":1,\"name\":\"Home\",\"item\":\"https:\/\/www.pogotowieflagowe.pl\/aktualne\/\"},{\"@type\":\"ListItem\",\"position\":2,\"name\":\"Mercedes rozbudowuje fabryk\u0119 w Jaworze, aby produkowa\u0107 elektryczne samochody dostawcze\"}]},{\"@type\":\"WebSite\",\"@id\":\"https:\/\/www.pogotowieflagowe.pl\/aktualne\/#website\",\"url\":\"https:\/\/www.pogotowieflagowe.pl\/aktualne\/\",\"name\":\"POGOTOWIE FLAGOWE\u00ae\",\"description\":\"\",\"publisher\":{\"@id\":\"https:\/\/www.pogotowieflagowe.pl\/aktualne\/#organization\"},\"potentialAction\":[{\"@type\":\"SearchAction\",\"target\":{\"@type\":\"EntryPoint\",\"urlTemplate\":\"https:\/\/www.pogotowieflagowe.pl\/aktualne\/?s={search_term_string}\"},\"query-input\":\"required name=search_term_string\"}],\"inLanguage\":\"pl-PL\"},{\"@type\":\"Organization\",\"@id\":\"https:\/\/www.pogotowieflagowe.pl\/aktualne\/#organization\",\"name\":\"POGOTOWIE FLAGOWE\u00ae\",\"url\":\"https:\/\/www.pogotowieflagowe.pl\/aktualne\/\",\"logo\":{\"@type\":\"ImageObject\",\"inLanguage\":\"pl-PL\",\"@id\":\"https:\/\/www.pogotowieflagowe.pl\/aktualne\/#\/schema\/logo\/image\/\",\"url\":\"https:\/\/www.pogotowieflagowe.pl\/aktualne\/wp-content\/uploads\/2024\/08\/cropped-pogotowieflagowe_flaga_projekt_sm.jpg\",\"contentUrl\":\"https:\/\/www.pogotowieflagowe.pl\/aktualne\/wp-content\/uploads\/2024\/08\/cropped-pogotowieflagowe_flaga_projekt_sm.jpg\",\"width\":250,\"height\":143,\"caption\":\"POGOTOWIE FLAGOWE\u00ae\"},\"image\":{\"@id\":\"https:\/\/www.pogotowieflagowe.pl\/aktualne\/#\/schema\/logo\/image\/\"}},{\"@type\":\"Person\",\"@id\":\"https:\/\/www.pogotowieflagowe.pl\/aktualne\/#\/schema\/person\/9c2fb7d2362ebf6fa088960d7f0d27b0\",\"name\":\"Filip\",\"image\":{\"@type\":\"ImageObject\",\"inLanguage\":\"pl-PL\",\"@id\":\"https:\/\/www.pogotowieflagowe.pl\/aktualne\/#\/schema\/person\/image\/\",\"url\":\"https:\/\/www.pogotowieflagowe.pl\/aktualne\/wp-content\/uploads\/2024\/08\/pogotowieflagowe.pl_.jpg\",\"contentUrl\":\"https:\/\/www.pogotowieflagowe.pl\/aktualne\/wp-content\/uploads\/2024\/08\/pogotowieflagowe.pl_.jpg\",\"caption\":\"Filip\"},\"description\":\"Jestem Filip, polski dziennikarz z dyplomem nauk politycznych Uniwersytetu Warszawskiego. Rozpoczynaj\u0105c swoj\u0105 karier\u0119 w r\u00f3\u017cnych lokalnych mediach, zdoby\u0142em solidne do\u015bwiadczenie w zakresie \u015bledztwa i redakcji. Obecnie jako redaktor w Pogotowie flagowe, staram si\u0119 dostarcza\u0107 dog\u0142\u0119bne i istotne analizy na temat najwa\u017cniejszych kwestii aktualno\u015bci, \u0142\u0105cz\u0105c rygor z pasj\u0105 dziennikarsk\u0105.\",\"sameAs\":[\"https:\/\/www.pogotowieflagowe.pl\/\"]}]}<\/script>\n<!-- \/ Yoast SEO plugin. -->","yoast_head_json":{"title":"Mercedes rozbudowuje fabryk\u0119 w Jaworze, aby produkowa\u0107 elektryczne samochody dostawcze - POGOTOWIE FLAGOWE\u00ae","robots":{"index":"index","follow":"follow","max-snippet":"max-snippet:-1","max-image-preview":"max-image-preview:large","max-video-preview":"max-video-preview:-1"},"canonical":"https:\/\/www.pogotowieflagowe.pl\/aktualne\/mercedes-rozbudowuje-fabryke-w-jaworze-aby-produkowac-elektryczne-samochody-dostawcze\/","og_locale":"pl_PL","og_type":"article","og_title":"Mercedes rozbudowuje fabryk\u0119 w Jaworze, aby produkowa\u0107 elektryczne samochody dostawcze - POGOTOWIE FLAGOWE\u00ae","og_description":"Mercedes-Benz Vans oficjalnie rozpocz\u0105\u0142 budow\u0119 nowej fabryki lekkich elektrycznych pojazd\u00f3w dostawczych w Jaworze na Dolnym \u015al\u0105sku. Obiekt zostanie rozbudowany poprzez","og_url":"https:\/\/www.pogotowieflagowe.pl\/aktualne\/mercedes-rozbudowuje-fabryke-w-jaworze-aby-produkowac-elektryczne-samochody-dostawcze\/","og_site_name":"POGOTOWIE FLAGOWE\u00ae","article_published_time":"2024-12-05T18:47:25+00:00","article_modified_time":"2024-12-05T18:47:29+00:00","og_image":[{"width":1908,"height":1540,"url":"https:\/\/www.pogotowieflagowe.pl\/aktualne\/wp-content\/uploads\/2024\/12\/Mercedes-rozbudowuje-fabryke-w-Jaworze-aby-produkowac-elektryczne-samochody-dostawcze.jpg","type":"image\/jpeg"}],"author":"Filip","twitter_card":"summary_large_image","twitter_misc":{"Napisane przez":"Filip","Szacowany czas czytania":"1 minuta"},"schema":{"@context":"https:\/\/schema.org","@graph":[{"@type":"Article","@id":"https:\/\/www.pogotowieflagowe.pl\/aktualne\/mercedes-rozbudowuje-fabryke-w-jaworze-aby-produkowac-elektryczne-samochody-dostawcze\/#article","isPartOf":{"@id":"https:\/\/www.pogotowieflagowe.pl\/aktualne\/mercedes-rozbudowuje-fabryke-w-jaworze-aby-produkowac-elektryczne-samochody-dostawcze\/"},"author":{"name":"Filip","@id":"https:\/\/www.pogotowieflagowe.pl\/aktualne\/#\/schema\/person\/9c2fb7d2362ebf6fa088960d7f0d27b0"},"headline":"Mercedes rozbudowuje fabryk\u0119 w Jaworze, aby produkowa\u0107 elektryczne samochody dostawcze","datePublished":"2024-12-05T18:47:25+00:00","dateModified":"2024-12-05T18:47:29+00:00","mainEntityOfPage":{"@id":"https:\/\/www.pogotowieflagowe.pl\/aktualne\/mercedes-rozbudowuje-fabryke-w-jaworze-aby-produkowac-elektryczne-samochody-dostawcze\/"},"wordCount":224,"publisher":{"@id":"https:\/\/www.pogotowieflagowe.pl\/aktualne\/#organization"},"image":{"@id":"https:\/\/www.pogotowieflagowe.pl\/aktualne\/mercedes-rozbudowuje-fabryke-w-jaworze-aby-produkowac-elektryczne-samochody-dostawcze\/#primaryimage"},"thumbnailUrl":"https:\/\/www.pogotowieflagowe.pl\/aktualne\/wp-content\/uploads\/2024\/12\/Mercedes-rozbudowuje-fabryke-w-Jaworze-aby-produkowac-elektryczne-samochody-dostawcze.jpg","keywords":["aby","dostawcze","elektryczne","fabryk\u0119","Jaworze","Mercedes","produkowa\u0107","rozbudowuje","samochody"],"articleSection":["Biznes"],"inLanguage":"pl-PL"},{"@type":"WebPage","@id":"https:\/\/www.pogotowieflagowe.pl\/aktualne\/mercedes-rozbudowuje-fabryke-w-jaworze-aby-produkowac-elektryczne-samochody-dostawcze\/","url":"https:\/\/www.pogotowieflagowe.pl\/aktualne\/mercedes-rozbudowuje-fabryke-w-jaworze-aby-produkowac-elektryczne-samochody-dostawcze\/","name":"Mercedes rozbudowuje fabryk\u0119 w Jaworze, aby produkowa\u0107 elektryczne samochody dostawcze - POGOTOWIE FLAGOWE\u00ae","isPartOf":{"@id":"https:\/\/www.pogotowieflagowe.pl\/aktualne\/#website"},"primaryImageOfPage":{"@id":"https:\/\/www.pogotowieflagowe.pl\/aktualne\/mercedes-rozbudowuje-fabryke-w-jaworze-aby-produkowac-elektryczne-samochody-dostawcze\/#primaryimage"},"image":{"@id":"https:\/\/www.pogotowieflagowe.pl\/aktualne\/mercedes-rozbudowuje-fabryke-w-jaworze-aby-produkowac-elektryczne-samochody-dostawcze\/#primaryimage"},"thumbnailUrl":"https:\/\/www.pogotowieflagowe.pl\/aktualne\/wp-content\/uploads\/2024\/12\/Mercedes-rozbudowuje-fabryke-w-Jaworze-aby-produkowac-elektryczne-samochody-dostawcze.jpg","datePublished":"2024-12-05T18:47:25+00:00","dateModified":"2024-12-05T18:47:29+00:00","breadcrumb":{"@id":"https:\/\/www.pogotowieflagowe.pl\/aktualne\/mercedes-rozbudowuje-fabryke-w-jaworze-aby-produkowac-elektryczne-samochody-dostawcze\/#breadcrumb"},"inLanguage":"pl-PL","potentialAction":[{"@type":"ReadAction","target":["https:\/\/www.pogotowieflagowe.pl\/aktualne\/mercedes-rozbudowuje-fabryke-w-jaworze-aby-produkowac-elektryczne-samochody-dostawcze\/"]}]},{"@type":"ImageObject","inLanguage":"pl-PL","@id":"https:\/\/www.pogotowieflagowe.pl\/aktualne\/mercedes-rozbudowuje-fabryke-w-jaworze-aby-produkowac-elektryczne-samochody-dostawcze\/#primaryimage","url":"https:\/\/www.pogotowieflagowe.pl\/aktualne\/wp-content\/uploads\/2024\/12\/Mercedes-rozbudowuje-fabryke-w-Jaworze-aby-produkowac-elektryczne-samochody-dostawcze.jpg","contentUrl":"https:\/\/www.pogotowieflagowe.pl\/aktualne\/wp-content\/uploads\/2024\/12\/Mercedes-rozbudowuje-fabryke-w-Jaworze-aby-produkowac-elektryczne-samochody-dostawcze.jpg","width":1908,"height":1540,"caption":"Mercedes rozbudowuje fabryk\u0119 w Jaworze, aby produkowa\u0107 elektryczne samochody dostawcze"},{"@type":"BreadcrumbList","@id":"https:\/\/www.pogotowieflagowe.pl\/aktualne\/mercedes-rozbudowuje-fabryke-w-jaworze-aby-produkowac-elektryczne-samochody-dostawcze\/#breadcrumb","itemListElement":[{"@type":"ListItem","position":1,"name":"Home","item":"https:\/\/www.pogotowieflagowe.pl\/aktualne\/"},{"@type":"ListItem","position":2,"name":"Mercedes rozbudowuje fabryk\u0119 w Jaworze, aby produkowa\u0107 elektryczne samochody dostawcze"}]},{"@type":"WebSite","@id":"https:\/\/www.pogotowieflagowe.pl\/aktualne\/#website","url":"https:\/\/www.pogotowieflagowe.pl\/aktualne\/","name":"POGOTOWIE FLAGOWE\u00ae","description":"","publisher":{"@id":"https:\/\/www.pogotowieflagowe.pl\/aktualne\/#organization"},"potentialAction":[{"@type":"SearchAction","target":{"@type":"EntryPoint","urlTemplate":"https:\/\/www.pogotowieflagowe.pl\/aktualne\/?s={search_term_string}"},"query-input":"required name=search_term_string"}],"inLanguage":"pl-PL"},{"@type":"Organization","@id":"https:\/\/www.pogotowieflagowe.pl\/aktualne\/#organization","name":"POGOTOWIE FLAGOWE\u00ae","url":"https:\/\/www.pogotowieflagowe.pl\/aktualne\/","logo":{"@type":"ImageObject","inLanguage":"pl-PL","@id":"https:\/\/www.pogotowieflagowe.pl\/aktualne\/#\/schema\/logo\/image\/","url":"https:\/\/www.pogotowieflagowe.pl\/aktualne\/wp-content\/uploads\/2024\/08\/cropped-pogotowieflagowe_flaga_projekt_sm.jpg","contentUrl":"https:\/\/www.pogotowieflagowe.pl\/aktualne\/wp-content\/uploads\/2024\/08\/cropped-pogotowieflagowe_flaga_projekt_sm.jpg","width":250,"height":143,"caption":"POGOTOWIE FLAGOWE\u00ae"},"image":{"@id":"https:\/\/www.pogotowieflagowe.pl\/aktualne\/#\/schema\/logo\/image\/"}},{"@type":"Person","@id":"https:\/\/www.pogotowieflagowe.pl\/aktualne\/#\/schema\/person\/9c2fb7d2362ebf6fa088960d7f0d27b0","name":"Filip","image":{"@type":"ImageObject","inLanguage":"pl-PL","@id":"https:\/\/www.pogotowieflagowe.pl\/aktualne\/#\/schema\/person\/image\/","url":"https:\/\/www.pogotowieflagowe.pl\/aktualne\/wp-content\/uploads\/2024\/08\/pogotowieflagowe.pl_.jpg","contentUrl":"https:\/\/www.pogotowieflagowe.pl\/aktualne\/wp-content\/uploads\/2024\/08\/pogotowieflagowe.pl_.jpg","caption":"Filip"},"description":"Jestem Filip, polski dziennikarz z dyplomem nauk politycznych Uniwersytetu Warszawskiego. Rozpoczynaj\u0105c swoj\u0105 karier\u0119 w r\u00f3\u017cnych lokalnych mediach, zdoby\u0142em solidne do\u015bwiadczenie w zakresie \u015bledztwa i redakcji. Obecnie jako redaktor w Pogotowie flagowe, staram si\u0119 dostarcza\u0107 dog\u0142\u0119bne i istotne analizy na temat najwa\u017cniejszych kwestii aktualno\u015bci, \u0142\u0105cz\u0105c rygor z pasj\u0105 dziennikarsk\u0105.","sameAs":["https:\/\/www.pogotowieflagowe.pl\/"]}]}},"_links":{"self":[{"href":"https:\/\/www.pogotowieflagowe.pl\/aktualne\/wp-json\/wp\/v2\/posts\/2230","targetHints":{"allow":["GET"]}}],"collection":[{"href":"https:\/\/www.pogotowieflagowe.pl\/aktualne\/wp-json\/wp\/v2\/posts"}],"about":[{"href":"https:\/\/www.pogotowieflagowe.pl\/aktualne\/wp-json\/wp\/v2\/types\/post"}],"author":[{"embeddable":true,"href":"https:\/\/www.pogotowieflagowe.pl\/aktualne\/wp-json\/wp\/v2\/users\/1"}],"replies":[{"embeddable":true,"href":"https:\/\/www.pogotowieflagowe.pl\/aktualne\/wp-json\/wp\/v2\/comments?post=2230"}],"version-history":[{"count":1,"href":"https:\/\/www.pogotowieflagowe.pl\/aktualne\/wp-json\/wp\/v2\/posts\/2230\/revisions"}],"predecessor-version":[{"id":2232,"href":"https:\/\/www.pogotowieflagowe.pl\/aktualne\/wp-json\/wp\/v2\/posts\/2230\/revisions\/2232"}],"wp:featuredmedia":[{"embeddable":true,"href":"https:\/\/www.pogotowieflagowe.pl\/aktualne\/wp-json\/wp\/v2\/media\/2231"}],"wp:attachment":[{"href":"https:\/\/www.pogotowieflagowe.pl\/aktualne\/wp-json\/wp\/v2\/media?parent=2230"}],"wp:term":[{"taxonomy":"category","embeddable":true,"href":"https:\/\/www.pogotowieflagowe.pl\/aktualne\/wp-json\/wp\/v2\/categories?post=2230"},{"taxonomy":"post_tag","embeddable":true,"href":"https:\/\/www.pogotowieflagowe.pl\/aktualne\/wp-json\/wp\/v2\/tags?post=2230"}],"curies":[{"name":"wp","href":"https:\/\/api.w.org\/{rel}","templated":true}]}}