{"id":2239,"date":"2024-12-05T22:47:43","date_gmt":"2024-12-05T21:47:43","guid":{"rendered":"https:\/\/www.pogotowieflagowe.pl\/aktualne\/niekwestionowany-krol-polskiej-komedii-wspomnienie-stanislawa-barei-w-95-rocznice-jego-urodzin\/"},"modified":"2024-12-05T22:47:44","modified_gmt":"2024-12-05T21:47:44","slug":"niekwestionowany-krol-polskiej-komedii-wspomnienie-stanislawa-barei-w-95-rocznice-jego-urodzin","status":"publish","type":"post","link":"https:\/\/www.pogotowieflagowe.pl\/aktualne\/niekwestionowany-krol-polskiej-komedii-wspomnienie-stanislawa-barei-w-95-rocznice-jego-urodzin\/","title":{"rendered":"Niekwestionowany kr\u00f3l polskiej komedii: wspomnienie Stanis\u0142awa Barei w 95. rocznic\u0119 jego urodzin"},"content":{"rendered":"\n<div class=\"td_block_wrap tdb_single_content tdi_48 td-pb-border-top td_block_template_8 td-post-content tagdiv-type\" data-td-block-uid=\"tdi_48\">\n<style>.tdi_48{margines-g\u00f3rny:0px!important;margin-bottom:0px!important;dope\u0142nienie-g\u00f3ra:0px!important;dope\u0142nienie-d\u00f3\u0142:0px!important}<\/style>\n<style>.tdb_single_content{margin-bottom:0;*zoom:1}.tdb_single_content:before,.tdb_single_content:after{display:table;content:'';line-height:0}.tdb_single_content:after{clear:both}.tdb_single_content .tdb-block-inner>*:not(.wp-block-quote):not(.alignwide):not(.alignfull.wp-block-cover.has-parallax):not(.td-a-ad) {margin-left:auto;margin-right:auto}.tdb_single_content a{pointer-events:auto}.tdb_single_content .td-spot-id-top_ad .tdc-placeholder-title:before{content:'Article Top Ad'!important}.tdb_single_content .td-spot-id-inline_ad0 .tdc-placeholder-title:before{content:'Article Reklama wbudowana 1'!important}.tdb_single_content .td-spot-id-inline_ad1 .tdc-placeholder-title:before{content:'Article Inline Ad 2'!important}.tdb_single_content .td-spot-id-inline_ad2 .tdc-placeholder-title:before{content:' Reklama wbudowana w artyku\u0142 3'!important}.tdb_single_content .td-spot-id-bottom_ad .tdc-placeholder-title:before{content:'Article Bottom Ad'!important}.tdb_single_content .id_top_ad,.tdb_single_content .id_bottom_ad{clear:both;margin-bottom:21px;text-align:center}.tdb_single_content .id_top_ad img,.tdb_single_content .id_bottom_ad img{margin-bottom:0}.tdb_single_content .id_top_ad .adsbygoogle,.tdb_single_content .id_bottom_ad .adsbygoogle{position:relative}.tdb_single_content .id_ad_content-horiz-left,.tdb_single_content .id_ad_content-horiz-right,.tdb_single_content .id_ad_content-horiz-center{margin-bottom:15px}.tdb_single_content .id_ad_content-horiz-left img,.tdb_single_content .id_ad_content-horiz-right img,.tdb_single_content .id_ad_content-horiz-center img{margin-bottom:0}.tdb_single_content .id_ad_content-horiz-center{text-align:center}.tdb_single_content .id_ad_content-horiz-center img{margin-right:auto;margin-left:auto}.tdb_single_content .id_ad_content-horiz-left{float:left;margin-top:9px;margin-right:21px}.tdb_single_content .id_ad_content-horiz-right{float:right;margin-top:6px;margin-left:21px}.tdb_single_content .tdc-a-ad .tdc-placeholder-title{width:300px;height:250px}.tdb_single_content .tdc-a-ad .tdc-placeholder-title:before{position:absolute;top:50%;-webkit-transform:translateY(-50%);transform:translateY(-50%);margines:auto;display:table;width:100 %}.tdb_single_content .tdb-block-inner.td-fix-index{word-break:break-word}.tdi_48,.tdi_48>p,.tdi_48 .tdb-block-inner>p{font-size:16px!important;line- wysoko\u015b\u0107:1,6!wa\u017cne}.tdi_48 .tdb-block-inner blockquote p{font-style:normal!important}@media (max-width:767px){.tdb_single_content .id_ad_content-horiz-left,.tdb_single_content .id_ad_content-horiz-right,.tdb_single_content .id_ad_content-horiz-center{margin:0 automatyczny 26px auto}}@media (max-width:767px){.tdb_single_content .id_ad_content-horiz-left{margin-right:0}}@media (max-width:767px){.tdb_single_content .id_ad_content-horiz-right{margin -left:0}}@media (max-width:767px){.tdb_single_content .td-a-ad{float:none;text-align:center}.tdb_single_content .td-a-ad img{margin-right:auto;margin-left:auto}. tdb_single_content .tdc-a-ad{float:none}}<\/style>\n<div class=\"tdb-block-inner td-fix-index\">\n<p>5 grudnia 1929 roku w Warszawie narodzi\u0142a si\u0119 legenda \u2013 Stanis\u0142aw Bareja, tw\u00f3rca filmowy, kt\u00f3ry p\u00f3\u017aniej zdoby\u0142 tytu\u0142 <em>niekwestionowany kr\u00f3l polskiej komedii<\/em>. Jego tw\u00f3rczo\u015b\u0107 filmowa, w tym kultowe filmy, m.in <em>Mi\u015b<\/em> (<em>Mi\u015b<\/em>), <em>Poszukiwany, Poszukiwana<\/em> (<em>Poszukiwany m\u0119\u017cczyzna<\/em>), I <em>Nie ma r\u00f3\u017cy bez ognia<\/em> (<em>Nie ma r\u00f3\u017cy bez ognia<\/em>), a tak\u017ce kultowy serial telewizyjny <em>Alternatywy 4<\/em>to nie tylko ponadczasowe komedie, ale tak\u017ce przenikliwe portrety \u017cycia pod w\u0142adz\u0105 komunistyczn\u0105 PRL.<\/p>\n<h3 class=\"wp-block-heading\">Mistrz geniuszu satyrycznego<\/h3>\n<p>Wyr\u00f3\u017cnia go umiej\u0119tno\u015b\u0107 Barei wykorzystywania humoru jako obiektywu do krytyki absurd\u00f3w \u017cycia w PRL. Zw\u0142aszcza jego prace z lat 70. i 80. pozostaj\u0105 kamieniami probierczymi kultury, ukazuj\u0105c paradoksy i nieefektywno\u015b\u0107 systemu pe\u0142nego sprzeczno\u015bci. Poprzez ostr\u0105 satyr\u0119 Bareja obna\u017cy\u0142 bezsensown\u0105 biurokracj\u0119, propagand\u0119 i zachowania spo\u0142eczne tamtej epoki. Jego komedie, za jego \u017cycia cz\u0119sto niedoceniane przez krytyk\u0119, dzi\u015b uznawane s\u0105 za bezcenne migawki z historii Polski.<\/p>\n<p>W wywiadzie z 2009 roku wieloletni wsp\u00f3\u0142pracownik Barei, Stanis\u0142aw Tym, wspomina\u0142: \u201eDzi\u015b m\u00f3wi si\u0119 o absurdach z film\u00f3w Barei, ale Staszek nie musia\u0142 ich wymy\u015bla\u0107. Ca\u0142y system by\u0142 jednym wielkim absurdem.\u201d<\/p>\n<h3 class=\"wp-block-heading\">Wczesne dni<\/h3>\n<p>Urodzony w rodzinie przeniesionej p\u00f3\u017aniej do Jeleniej G\u00f3ry, Bareja rozpocz\u0105\u0142 swoj\u0105 przygod\u0119 z filmem w presti\u017cowej \u0142\u00f3dzkiej Szkole Filmowej w 1949 roku. Jego wczesne prace obejmowa\u0142y m.in. <em>Drugie sumienie<\/em> (<em>Drugie sumienie<\/em>), film studencki, od dawna uwa\u017cany za zaginiony, ale niedawno odnaleziony i zdigitalizowany.<\/p>\n<p>Jego pe\u0142nometra\u017cowy debiut pt. <em>M\u0105\u017c tw\u00f3j \u017cony<\/em> (<em>M\u0105\u017c Jego \u017bony<\/em>) w 1960 r., by\u0142 pocz\u0105tkiem jego p\u0142odnej kariery. Cho\u0107 pocz\u0105tkowo skupia\u0142 si\u0119 na weso\u0142ych komediach muzycznych, Bareja szybko zwr\u00f3ci\u0142 si\u0119 w stron\u0119 ostrej jak brzytwa satyry. W latach 70. jego prace sta\u0142y si\u0119 zjadliwymi komentarzami do rzeczywisto\u015bci spo\u0142ecznej i politycznej PRL-u.<\/p>\n<h3 class=\"wp-block-heading\">Walka z cenzur\u0105<\/h3>\n<p>W\u0142adze PRL nie by\u0142y zwolennikami lekcewa\u017cenia Barei. Scenariusze by\u0142y mocno cenzurowane, zaaran\u017cowano negatywne recenzje, a zasoby na produkcj\u0119 celowo ograniczano. Jednak Bareja nie ust\u0119powa\u0142. Jego nowatorskie techniki, zrodzone z konieczno\u015bci \u2013 takie jak kr\u0119cenie bez wielokrotnych uj\u0119\u0107 \u2013 nadawa\u0142y jego filmom surowy, wyrazisty urok.<\/p>\n<p>Film re\u017cysera z 1978 r <em>Co mi zrobisz, jak mnie z\u0142apiesz<\/em> (<em>Co zrobisz, gdy mnie z\u0142apiesz?<\/em>) by\u0142 momentem kluczowym. Zjadliwa krytyka propagandy i korupcji spo\u0142ecznej, zosta\u0142a od\u0142o\u017cona na p\u00f3\u0142k\u0119 przez cenzur\u0119 i opublikowana dopiero po znacz\u0105cych edycjach. Pomimo tych wyzwa\u0144 film g\u0142\u0119boko odbi\u0142 si\u0119 echem w\u015br\u00f3d widz\u00f3w.<\/p>\n<h3 class=\"wp-block-heading\">Buntownik za kamer\u0105<\/h3>\n<p>Op\u00f3r Barei wykracza\u0142 poza jego filmy. Wspiera\u0142 polsk\u0105 opozycj\u0119 demokratyczn\u0105, potajemnie oferuj\u0105c sw\u00f3j dom jako bezpieczn\u0105 przysta\u0144 dla dzia\u0142alno\u015bci podziemnej, w tym organizuj\u0105c zgromadzenia <em>Solidarno\u015b\u0107<\/em> aktywi\u015bci. Przemyca\u0142 nawet sprz\u0119t drukarski z Wiednia dla dysydent\u00f3w.<\/p>\n<p>Jego arcydzie\u0142o <em>Mi\u015b<\/em>uko\u0144czony podczas kr\u00f3tkiego rozlu\u017anienia cenzury w 1980 roku, doskonale oddaje absurd i zak\u0142amanie panuj\u0105ce w spo\u0142ecze\u0144stwie PRL. Mimo pocz\u0105tkowych ingerencji cenzury sta\u0142 si\u0119 filmem prze\u0142omowym w polskim kinie.<\/p>\n<h3 class=\"wp-block-heading\">Dziedzictwo \u015bmiechu i oporu<\/h3>\n<p>Ostatnie dzie\u0142a Barei, m.in <em>Alternatywy 4<\/em> I <em>Zmiennicy<\/em> (<em>Zast\u0119pca<\/em>), kontynuowa\u0142 swoj\u0105 tradycj\u0119 dowcipnego i precyzyjnego satyrowania \u017cycia codziennego. Niestety, jego \u017cycie zosta\u0142o przerwane w 1987 roku po krwotoku m\u00f3zgu w Essen w Niemczech, gdzie pracowa\u0142 nad projektem dokumentalnym.<\/p>\n<p>Cho\u0107 Bareja za \u017cycia spotyka\u0142 si\u0119 z wrogo\u015bci\u0105 ze strony krytyk\u00f3w i w\u0142adz, jego filmy zyska\u0142y uznanie. Dzi\u015b jego dzie\u0142a uznawane s\u0105 nie tylko za komedie, ale tak\u017ce za dokumenty historyczne, uwieczniaj\u0105ce odporno\u015b\u0107 i humor polskiego spo\u0142ecze\u0144stwa poddanego uciskowi.<\/p>\n<p>Umiej\u0119tno\u015b\u0107 Stanis\u0142awa Barei roz\u015bmieszania widz\u00f3w refleksj\u0105 nad trudn\u0105 rzeczywisto\u015bci\u0105 swoich czas\u00f3w ugruntowa\u0142a jego dziedzictwo jako mistrza polskiego kina. W dniu, w kt\u00f3rym przypada\u0142yby jego 95. urodziny, pami\u0119tamy nie tylko jego geniusz, ale tak\u017ce jego odwag\u0119 w obliczu przeciwno\u015bci losu.<\/p>\n<\/div>\n<\/div>\n","protected":false},"excerpt":{"rendered":"<p>5 grudnia 1929 roku w Warszawie narodzi\u0142a si\u0119 legenda \u2013 Stanis\u0142aw Bareja, tw\u00f3rca filmowy, kt\u00f3ry p\u00f3\u017aniej zdoby\u0142 tytu\u0142 niekwestionowany kr\u00f3l<\/p>\n","protected":false},"author":1,"featured_media":2240,"comment_status":"closed","ping_status":"","sticky":false,"template":"","format":"standard","meta":{"footnotes":""},"categories":[47],"tags":[3551,257,3549,2439,3548,652,2299,3550,3552,1039],"class_list":["post-2239","post","type-post","status-publish","format-standard","has-post-thumbnail","hentry","category-styl-zycia","tag-barei","tag-jego","tag-komedii","tag-krol","tag-niekwestionowany","tag-polskiej","tag-rocznice","tag-stanislawa","tag-urodzin","tag-wspomnienie","generate-columns","tablet-grid-50","mobile-grid-100","grid-parent","grid-50","resize-featured-image"],"yoast_head":"<!-- This site is optimized with the Yoast SEO plugin v23.2 - https:\/\/yoast.com\/wordpress\/plugins\/seo\/ -->\n<title>Niekwestionowany kr\u00f3l polskiej komedii: wspomnienie Stanis\u0142awa Barei w 95. rocznic\u0119 jego urodzin - POGOTOWIE FLAGOWE\u00ae<\/title>\n<meta name=\"robots\" content=\"index, follow, max-snippet:-1, max-image-preview:large, max-video-preview:-1\" \/>\n<link rel=\"canonical\" href=\"https:\/\/www.pogotowieflagowe.pl\/aktualne\/niekwestionowany-krol-polskiej-komedii-wspomnienie-stanislawa-barei-w-95-rocznice-jego-urodzin\/\" \/>\n<meta property=\"og:locale\" content=\"pl_PL\" \/>\n<meta property=\"og:type\" content=\"article\" \/>\n<meta property=\"og:title\" content=\"Niekwestionowany kr\u00f3l polskiej komedii: wspomnienie Stanis\u0142awa Barei w 95. rocznic\u0119 jego urodzin - POGOTOWIE FLAGOWE\u00ae\" \/>\n<meta property=\"og:description\" content=\"5 grudnia 1929 roku w Warszawie narodzi\u0142a si\u0119 legenda \u2013 Stanis\u0142aw Bareja, tw\u00f3rca filmowy, kt\u00f3ry p\u00f3\u017aniej zdoby\u0142 tytu\u0142 niekwestionowany kr\u00f3l\" \/>\n<meta property=\"og:url\" content=\"https:\/\/www.pogotowieflagowe.pl\/aktualne\/niekwestionowany-krol-polskiej-komedii-wspomnienie-stanislawa-barei-w-95-rocznice-jego-urodzin\/\" \/>\n<meta property=\"og:site_name\" content=\"POGOTOWIE FLAGOWE\u00ae\" \/>\n<meta property=\"article:published_time\" content=\"2024-12-05T21:47:43+00:00\" \/>\n<meta property=\"article:modified_time\" content=\"2024-12-05T21:47:44+00:00\" \/>\n<meta property=\"og:image\" content=\"https:\/\/www.pogotowieflagowe.pl\/aktualne\/wp-content\/uploads\/2024\/12\/Niekwestionowany-krol-polskiej-komedii-wspomnienie-Stanislawa-Barei-w-95-rocznice.jpg\" \/>\n\t<meta property=\"og:image:width\" content=\"1018\" \/>\n\t<meta property=\"og:image:height\" content=\"688\" \/>\n\t<meta property=\"og:image:type\" content=\"image\/jpeg\" \/>\n<meta name=\"author\" content=\"Filip\" \/>\n<meta name=\"twitter:card\" content=\"summary_large_image\" \/>\n<meta name=\"twitter:label1\" content=\"Napisane przez\" \/>\n\t<meta name=\"twitter:data1\" content=\"Filip\" \/>\n\t<meta name=\"twitter:label2\" content=\"Szacowany czas czytania\" \/>\n\t<meta name=\"twitter:data2\" content=\"3 minuty\" \/>\n<script type=\"application\/ld+json\" class=\"yoast-schema-graph\">{\"@context\":\"https:\/\/schema.org\",\"@graph\":[{\"@type\":\"Article\",\"@id\":\"https:\/\/www.pogotowieflagowe.pl\/aktualne\/niekwestionowany-krol-polskiej-komedii-wspomnienie-stanislawa-barei-w-95-rocznice-jego-urodzin\/#article\",\"isPartOf\":{\"@id\":\"https:\/\/www.pogotowieflagowe.pl\/aktualne\/niekwestionowany-krol-polskiej-komedii-wspomnienie-stanislawa-barei-w-95-rocznice-jego-urodzin\/\"},\"author\":{\"name\":\"Filip\",\"@id\":\"https:\/\/www.pogotowieflagowe.pl\/aktualne\/#\/schema\/person\/9c2fb7d2362ebf6fa088960d7f0d27b0\"},\"headline\":\"Niekwestionowany kr\u00f3l polskiej komedii: wspomnienie Stanis\u0142awa Barei w 95. rocznic\u0119 jego urodzin\",\"datePublished\":\"2024-12-05T21:47:43+00:00\",\"dateModified\":\"2024-12-05T21:47:44+00:00\",\"mainEntityOfPage\":{\"@id\":\"https:\/\/www.pogotowieflagowe.pl\/aktualne\/niekwestionowany-krol-polskiej-komedii-wspomnienie-stanislawa-barei-w-95-rocznice-jego-urodzin\/\"},\"wordCount\":654,\"publisher\":{\"@id\":\"https:\/\/www.pogotowieflagowe.pl\/aktualne\/#organization\"},\"image\":{\"@id\":\"https:\/\/www.pogotowieflagowe.pl\/aktualne\/niekwestionowany-krol-polskiej-komedii-wspomnienie-stanislawa-barei-w-95-rocznice-jego-urodzin\/#primaryimage\"},\"thumbnailUrl\":\"https:\/\/www.pogotowieflagowe.pl\/aktualne\/wp-content\/uploads\/2024\/12\/Niekwestionowany-krol-polskiej-komedii-wspomnienie-Stanislawa-Barei-w-95-rocznice.jpg\",\"keywords\":[\"Barei\",\"jego\",\"komedii\",\"Kr\u00f3l\",\"Niekwestionowany\",\"polskiej\",\"rocznic\u0119\",\"Stanis\u0142awa\",\"urodzin\",\"Wspomnienie\"],\"articleSection\":[\"Styl \u017cycia\"],\"inLanguage\":\"pl-PL\"},{\"@type\":\"WebPage\",\"@id\":\"https:\/\/www.pogotowieflagowe.pl\/aktualne\/niekwestionowany-krol-polskiej-komedii-wspomnienie-stanislawa-barei-w-95-rocznice-jego-urodzin\/\",\"url\":\"https:\/\/www.pogotowieflagowe.pl\/aktualne\/niekwestionowany-krol-polskiej-komedii-wspomnienie-stanislawa-barei-w-95-rocznice-jego-urodzin\/\",\"name\":\"Niekwestionowany kr\u00f3l polskiej komedii: wspomnienie Stanis\u0142awa Barei w 95. rocznic\u0119 jego urodzin - POGOTOWIE FLAGOWE\u00ae\",\"isPartOf\":{\"@id\":\"https:\/\/www.pogotowieflagowe.pl\/aktualne\/#website\"},\"primaryImageOfPage\":{\"@id\":\"https:\/\/www.pogotowieflagowe.pl\/aktualne\/niekwestionowany-krol-polskiej-komedii-wspomnienie-stanislawa-barei-w-95-rocznice-jego-urodzin\/#primaryimage\"},\"image\":{\"@id\":\"https:\/\/www.pogotowieflagowe.pl\/aktualne\/niekwestionowany-krol-polskiej-komedii-wspomnienie-stanislawa-barei-w-95-rocznice-jego-urodzin\/#primaryimage\"},\"thumbnailUrl\":\"https:\/\/www.pogotowieflagowe.pl\/aktualne\/wp-content\/uploads\/2024\/12\/Niekwestionowany-krol-polskiej-komedii-wspomnienie-Stanislawa-Barei-w-95-rocznice.jpg\",\"datePublished\":\"2024-12-05T21:47:43+00:00\",\"dateModified\":\"2024-12-05T21:47:44+00:00\",\"breadcrumb\":{\"@id\":\"https:\/\/www.pogotowieflagowe.pl\/aktualne\/niekwestionowany-krol-polskiej-komedii-wspomnienie-stanislawa-barei-w-95-rocznice-jego-urodzin\/#breadcrumb\"},\"inLanguage\":\"pl-PL\",\"potentialAction\":[{\"@type\":\"ReadAction\",\"target\":[\"https:\/\/www.pogotowieflagowe.pl\/aktualne\/niekwestionowany-krol-polskiej-komedii-wspomnienie-stanislawa-barei-w-95-rocznice-jego-urodzin\/\"]}]},{\"@type\":\"ImageObject\",\"inLanguage\":\"pl-PL\",\"@id\":\"https:\/\/www.pogotowieflagowe.pl\/aktualne\/niekwestionowany-krol-polskiej-komedii-wspomnienie-stanislawa-barei-w-95-rocznice-jego-urodzin\/#primaryimage\",\"url\":\"https:\/\/www.pogotowieflagowe.pl\/aktualne\/wp-content\/uploads\/2024\/12\/Niekwestionowany-krol-polskiej-komedii-wspomnienie-Stanislawa-Barei-w-95-rocznice.jpg\",\"contentUrl\":\"https:\/\/www.pogotowieflagowe.pl\/aktualne\/wp-content\/uploads\/2024\/12\/Niekwestionowany-krol-polskiej-komedii-wspomnienie-Stanislawa-Barei-w-95-rocznice.jpg\",\"width\":1018,\"height\":688,\"caption\":\"Niekwestionowany kr\u00f3l polskiej komedii: wspomnienie Stanis\u0142awa Barei w 95. rocznic\u0119 jego urodzin\"},{\"@type\":\"BreadcrumbList\",\"@id\":\"https:\/\/www.pogotowieflagowe.pl\/aktualne\/niekwestionowany-krol-polskiej-komedii-wspomnienie-stanislawa-barei-w-95-rocznice-jego-urodzin\/#breadcrumb\",\"itemListElement\":[{\"@type\":\"ListItem\",\"position\":1,\"name\":\"Home\",\"item\":\"https:\/\/www.pogotowieflagowe.pl\/aktualne\/\"},{\"@type\":\"ListItem\",\"position\":2,\"name\":\"Niekwestionowany kr\u00f3l polskiej komedii: wspomnienie Stanis\u0142awa Barei w 95. rocznic\u0119 jego urodzin\"}]},{\"@type\":\"WebSite\",\"@id\":\"https:\/\/www.pogotowieflagowe.pl\/aktualne\/#website\",\"url\":\"https:\/\/www.pogotowieflagowe.pl\/aktualne\/\",\"name\":\"POGOTOWIE FLAGOWE\u00ae\",\"description\":\"\",\"publisher\":{\"@id\":\"https:\/\/www.pogotowieflagowe.pl\/aktualne\/#organization\"},\"potentialAction\":[{\"@type\":\"SearchAction\",\"target\":{\"@type\":\"EntryPoint\",\"urlTemplate\":\"https:\/\/www.pogotowieflagowe.pl\/aktualne\/?s={search_term_string}\"},\"query-input\":\"required name=search_term_string\"}],\"inLanguage\":\"pl-PL\"},{\"@type\":\"Organization\",\"@id\":\"https:\/\/www.pogotowieflagowe.pl\/aktualne\/#organization\",\"name\":\"POGOTOWIE FLAGOWE\u00ae\",\"url\":\"https:\/\/www.pogotowieflagowe.pl\/aktualne\/\",\"logo\":{\"@type\":\"ImageObject\",\"inLanguage\":\"pl-PL\",\"@id\":\"https:\/\/www.pogotowieflagowe.pl\/aktualne\/#\/schema\/logo\/image\/\",\"url\":\"https:\/\/www.pogotowieflagowe.pl\/aktualne\/wp-content\/uploads\/2024\/08\/cropped-pogotowieflagowe_flaga_projekt_sm.jpg\",\"contentUrl\":\"https:\/\/www.pogotowieflagowe.pl\/aktualne\/wp-content\/uploads\/2024\/08\/cropped-pogotowieflagowe_flaga_projekt_sm.jpg\",\"width\":250,\"height\":143,\"caption\":\"POGOTOWIE FLAGOWE\u00ae\"},\"image\":{\"@id\":\"https:\/\/www.pogotowieflagowe.pl\/aktualne\/#\/schema\/logo\/image\/\"}},{\"@type\":\"Person\",\"@id\":\"https:\/\/www.pogotowieflagowe.pl\/aktualne\/#\/schema\/person\/9c2fb7d2362ebf6fa088960d7f0d27b0\",\"name\":\"Filip\",\"image\":{\"@type\":\"ImageObject\",\"inLanguage\":\"pl-PL\",\"@id\":\"https:\/\/www.pogotowieflagowe.pl\/aktualne\/#\/schema\/person\/image\/\",\"url\":\"https:\/\/www.pogotowieflagowe.pl\/aktualne\/wp-content\/uploads\/2024\/08\/pogotowieflagowe.pl_.jpg\",\"contentUrl\":\"https:\/\/www.pogotowieflagowe.pl\/aktualne\/wp-content\/uploads\/2024\/08\/pogotowieflagowe.pl_.jpg\",\"caption\":\"Filip\"},\"description\":\"Jestem Filip, polski dziennikarz z dyplomem nauk politycznych Uniwersytetu Warszawskiego. Rozpoczynaj\u0105c swoj\u0105 karier\u0119 w r\u00f3\u017cnych lokalnych mediach, zdoby\u0142em solidne do\u015bwiadczenie w zakresie \u015bledztwa i redakcji. Obecnie jako redaktor w Pogotowie flagowe, staram si\u0119 dostarcza\u0107 dog\u0142\u0119bne i istotne analizy na temat najwa\u017cniejszych kwestii aktualno\u015bci, \u0142\u0105cz\u0105c rygor z pasj\u0105 dziennikarsk\u0105.\",\"sameAs\":[\"https:\/\/www.pogotowieflagowe.pl\/\"]}]}<\/script>\n<!-- \/ Yoast SEO plugin. -->","yoast_head_json":{"title":"Niekwestionowany kr\u00f3l polskiej komedii: wspomnienie Stanis\u0142awa Barei w 95. rocznic\u0119 jego urodzin - POGOTOWIE FLAGOWE\u00ae","robots":{"index":"index","follow":"follow","max-snippet":"max-snippet:-1","max-image-preview":"max-image-preview:large","max-video-preview":"max-video-preview:-1"},"canonical":"https:\/\/www.pogotowieflagowe.pl\/aktualne\/niekwestionowany-krol-polskiej-komedii-wspomnienie-stanislawa-barei-w-95-rocznice-jego-urodzin\/","og_locale":"pl_PL","og_type":"article","og_title":"Niekwestionowany kr\u00f3l polskiej komedii: wspomnienie Stanis\u0142awa Barei w 95. rocznic\u0119 jego urodzin - POGOTOWIE FLAGOWE\u00ae","og_description":"5 grudnia 1929 roku w Warszawie narodzi\u0142a si\u0119 legenda \u2013 Stanis\u0142aw Bareja, tw\u00f3rca filmowy, kt\u00f3ry p\u00f3\u017aniej zdoby\u0142 tytu\u0142 niekwestionowany kr\u00f3l","og_url":"https:\/\/www.pogotowieflagowe.pl\/aktualne\/niekwestionowany-krol-polskiej-komedii-wspomnienie-stanislawa-barei-w-95-rocznice-jego-urodzin\/","og_site_name":"POGOTOWIE FLAGOWE\u00ae","article_published_time":"2024-12-05T21:47:43+00:00","article_modified_time":"2024-12-05T21:47:44+00:00","og_image":[{"width":1018,"height":688,"url":"https:\/\/www.pogotowieflagowe.pl\/aktualne\/wp-content\/uploads\/2024\/12\/Niekwestionowany-krol-polskiej-komedii-wspomnienie-Stanislawa-Barei-w-95-rocznice.jpg","type":"image\/jpeg"}],"author":"Filip","twitter_card":"summary_large_image","twitter_misc":{"Napisane przez":"Filip","Szacowany czas czytania":"3 minuty"},"schema":{"@context":"https:\/\/schema.org","@graph":[{"@type":"Article","@id":"https:\/\/www.pogotowieflagowe.pl\/aktualne\/niekwestionowany-krol-polskiej-komedii-wspomnienie-stanislawa-barei-w-95-rocznice-jego-urodzin\/#article","isPartOf":{"@id":"https:\/\/www.pogotowieflagowe.pl\/aktualne\/niekwestionowany-krol-polskiej-komedii-wspomnienie-stanislawa-barei-w-95-rocznice-jego-urodzin\/"},"author":{"name":"Filip","@id":"https:\/\/www.pogotowieflagowe.pl\/aktualne\/#\/schema\/person\/9c2fb7d2362ebf6fa088960d7f0d27b0"},"headline":"Niekwestionowany kr\u00f3l polskiej komedii: wspomnienie Stanis\u0142awa Barei w 95. rocznic\u0119 jego urodzin","datePublished":"2024-12-05T21:47:43+00:00","dateModified":"2024-12-05T21:47:44+00:00","mainEntityOfPage":{"@id":"https:\/\/www.pogotowieflagowe.pl\/aktualne\/niekwestionowany-krol-polskiej-komedii-wspomnienie-stanislawa-barei-w-95-rocznice-jego-urodzin\/"},"wordCount":654,"publisher":{"@id":"https:\/\/www.pogotowieflagowe.pl\/aktualne\/#organization"},"image":{"@id":"https:\/\/www.pogotowieflagowe.pl\/aktualne\/niekwestionowany-krol-polskiej-komedii-wspomnienie-stanislawa-barei-w-95-rocznice-jego-urodzin\/#primaryimage"},"thumbnailUrl":"https:\/\/www.pogotowieflagowe.pl\/aktualne\/wp-content\/uploads\/2024\/12\/Niekwestionowany-krol-polskiej-komedii-wspomnienie-Stanislawa-Barei-w-95-rocznice.jpg","keywords":["Barei","jego","komedii","Kr\u00f3l","Niekwestionowany","polskiej","rocznic\u0119","Stanis\u0142awa","urodzin","Wspomnienie"],"articleSection":["Styl \u017cycia"],"inLanguage":"pl-PL"},{"@type":"WebPage","@id":"https:\/\/www.pogotowieflagowe.pl\/aktualne\/niekwestionowany-krol-polskiej-komedii-wspomnienie-stanislawa-barei-w-95-rocznice-jego-urodzin\/","url":"https:\/\/www.pogotowieflagowe.pl\/aktualne\/niekwestionowany-krol-polskiej-komedii-wspomnienie-stanislawa-barei-w-95-rocznice-jego-urodzin\/","name":"Niekwestionowany kr\u00f3l polskiej komedii: wspomnienie Stanis\u0142awa Barei w 95. rocznic\u0119 jego urodzin - POGOTOWIE FLAGOWE\u00ae","isPartOf":{"@id":"https:\/\/www.pogotowieflagowe.pl\/aktualne\/#website"},"primaryImageOfPage":{"@id":"https:\/\/www.pogotowieflagowe.pl\/aktualne\/niekwestionowany-krol-polskiej-komedii-wspomnienie-stanislawa-barei-w-95-rocznice-jego-urodzin\/#primaryimage"},"image":{"@id":"https:\/\/www.pogotowieflagowe.pl\/aktualne\/niekwestionowany-krol-polskiej-komedii-wspomnienie-stanislawa-barei-w-95-rocznice-jego-urodzin\/#primaryimage"},"thumbnailUrl":"https:\/\/www.pogotowieflagowe.pl\/aktualne\/wp-content\/uploads\/2024\/12\/Niekwestionowany-krol-polskiej-komedii-wspomnienie-Stanislawa-Barei-w-95-rocznice.jpg","datePublished":"2024-12-05T21:47:43+00:00","dateModified":"2024-12-05T21:47:44+00:00","breadcrumb":{"@id":"https:\/\/www.pogotowieflagowe.pl\/aktualne\/niekwestionowany-krol-polskiej-komedii-wspomnienie-stanislawa-barei-w-95-rocznice-jego-urodzin\/#breadcrumb"},"inLanguage":"pl-PL","potentialAction":[{"@type":"ReadAction","target":["https:\/\/www.pogotowieflagowe.pl\/aktualne\/niekwestionowany-krol-polskiej-komedii-wspomnienie-stanislawa-barei-w-95-rocznice-jego-urodzin\/"]}]},{"@type":"ImageObject","inLanguage":"pl-PL","@id":"https:\/\/www.pogotowieflagowe.pl\/aktualne\/niekwestionowany-krol-polskiej-komedii-wspomnienie-stanislawa-barei-w-95-rocznice-jego-urodzin\/#primaryimage","url":"https:\/\/www.pogotowieflagowe.pl\/aktualne\/wp-content\/uploads\/2024\/12\/Niekwestionowany-krol-polskiej-komedii-wspomnienie-Stanislawa-Barei-w-95-rocznice.jpg","contentUrl":"https:\/\/www.pogotowieflagowe.pl\/aktualne\/wp-content\/uploads\/2024\/12\/Niekwestionowany-krol-polskiej-komedii-wspomnienie-Stanislawa-Barei-w-95-rocznice.jpg","width":1018,"height":688,"caption":"Niekwestionowany kr\u00f3l polskiej komedii: wspomnienie Stanis\u0142awa Barei w 95. rocznic\u0119 jego urodzin"},{"@type":"BreadcrumbList","@id":"https:\/\/www.pogotowieflagowe.pl\/aktualne\/niekwestionowany-krol-polskiej-komedii-wspomnienie-stanislawa-barei-w-95-rocznice-jego-urodzin\/#breadcrumb","itemListElement":[{"@type":"ListItem","position":1,"name":"Home","item":"https:\/\/www.pogotowieflagowe.pl\/aktualne\/"},{"@type":"ListItem","position":2,"name":"Niekwestionowany kr\u00f3l polskiej komedii: wspomnienie Stanis\u0142awa Barei w 95. rocznic\u0119 jego urodzin"}]},{"@type":"WebSite","@id":"https:\/\/www.pogotowieflagowe.pl\/aktualne\/#website","url":"https:\/\/www.pogotowieflagowe.pl\/aktualne\/","name":"POGOTOWIE FLAGOWE\u00ae","description":"","publisher":{"@id":"https:\/\/www.pogotowieflagowe.pl\/aktualne\/#organization"},"potentialAction":[{"@type":"SearchAction","target":{"@type":"EntryPoint","urlTemplate":"https:\/\/www.pogotowieflagowe.pl\/aktualne\/?s={search_term_string}"},"query-input":"required name=search_term_string"}],"inLanguage":"pl-PL"},{"@type":"Organization","@id":"https:\/\/www.pogotowieflagowe.pl\/aktualne\/#organization","name":"POGOTOWIE FLAGOWE\u00ae","url":"https:\/\/www.pogotowieflagowe.pl\/aktualne\/","logo":{"@type":"ImageObject","inLanguage":"pl-PL","@id":"https:\/\/www.pogotowieflagowe.pl\/aktualne\/#\/schema\/logo\/image\/","url":"https:\/\/www.pogotowieflagowe.pl\/aktualne\/wp-content\/uploads\/2024\/08\/cropped-pogotowieflagowe_flaga_projekt_sm.jpg","contentUrl":"https:\/\/www.pogotowieflagowe.pl\/aktualne\/wp-content\/uploads\/2024\/08\/cropped-pogotowieflagowe_flaga_projekt_sm.jpg","width":250,"height":143,"caption":"POGOTOWIE FLAGOWE\u00ae"},"image":{"@id":"https:\/\/www.pogotowieflagowe.pl\/aktualne\/#\/schema\/logo\/image\/"}},{"@type":"Person","@id":"https:\/\/www.pogotowieflagowe.pl\/aktualne\/#\/schema\/person\/9c2fb7d2362ebf6fa088960d7f0d27b0","name":"Filip","image":{"@type":"ImageObject","inLanguage":"pl-PL","@id":"https:\/\/www.pogotowieflagowe.pl\/aktualne\/#\/schema\/person\/image\/","url":"https:\/\/www.pogotowieflagowe.pl\/aktualne\/wp-content\/uploads\/2024\/08\/pogotowieflagowe.pl_.jpg","contentUrl":"https:\/\/www.pogotowieflagowe.pl\/aktualne\/wp-content\/uploads\/2024\/08\/pogotowieflagowe.pl_.jpg","caption":"Filip"},"description":"Jestem Filip, polski dziennikarz z dyplomem nauk politycznych Uniwersytetu Warszawskiego. Rozpoczynaj\u0105c swoj\u0105 karier\u0119 w r\u00f3\u017cnych lokalnych mediach, zdoby\u0142em solidne do\u015bwiadczenie w zakresie \u015bledztwa i redakcji. Obecnie jako redaktor w Pogotowie flagowe, staram si\u0119 dostarcza\u0107 dog\u0142\u0119bne i istotne analizy na temat najwa\u017cniejszych kwestii aktualno\u015bci, \u0142\u0105cz\u0105c rygor z pasj\u0105 dziennikarsk\u0105.","sameAs":["https:\/\/www.pogotowieflagowe.pl\/"]}]}},"_links":{"self":[{"href":"https:\/\/www.pogotowieflagowe.pl\/aktualne\/wp-json\/wp\/v2\/posts\/2239","targetHints":{"allow":["GET"]}}],"collection":[{"href":"https:\/\/www.pogotowieflagowe.pl\/aktualne\/wp-json\/wp\/v2\/posts"}],"about":[{"href":"https:\/\/www.pogotowieflagowe.pl\/aktualne\/wp-json\/wp\/v2\/types\/post"}],"author":[{"embeddable":true,"href":"https:\/\/www.pogotowieflagowe.pl\/aktualne\/wp-json\/wp\/v2\/users\/1"}],"replies":[{"embeddable":true,"href":"https:\/\/www.pogotowieflagowe.pl\/aktualne\/wp-json\/wp\/v2\/comments?post=2239"}],"version-history":[{"count":1,"href":"https:\/\/www.pogotowieflagowe.pl\/aktualne\/wp-json\/wp\/v2\/posts\/2239\/revisions"}],"predecessor-version":[{"id":2241,"href":"https:\/\/www.pogotowieflagowe.pl\/aktualne\/wp-json\/wp\/v2\/posts\/2239\/revisions\/2241"}],"wp:featuredmedia":[{"embeddable":true,"href":"https:\/\/www.pogotowieflagowe.pl\/aktualne\/wp-json\/wp\/v2\/media\/2240"}],"wp:attachment":[{"href":"https:\/\/www.pogotowieflagowe.pl\/aktualne\/wp-json\/wp\/v2\/media?parent=2239"}],"wp:term":[{"taxonomy":"category","embeddable":true,"href":"https:\/\/www.pogotowieflagowe.pl\/aktualne\/wp-json\/wp\/v2\/categories?post=2239"},{"taxonomy":"post_tag","embeddable":true,"href":"https:\/\/www.pogotowieflagowe.pl\/aktualne\/wp-json\/wp\/v2\/tags?post=2239"}],"curies":[{"name":"wp","href":"https:\/\/api.w.org\/{rel}","templated":true}]}}