{"id":2267,"date":"2024-12-08T00:53:15","date_gmt":"2024-12-07T23:53:15","guid":{"rendered":"https:\/\/www.pogotowieflagowe.pl\/aktualne\/nasz-kalendarz-adwentowy-2024-dzien-7-symboliczne-znaczenie-latarni-adwentowych\/"},"modified":"2024-12-08T00:53:18","modified_gmt":"2024-12-07T23:53:18","slug":"nasz-kalendarz-adwentowy-2024-dzien-7-symboliczne-znaczenie-latarni-adwentowych","status":"publish","type":"post","link":"https:\/\/www.pogotowieflagowe.pl\/aktualne\/nasz-kalendarz-adwentowy-2024-dzien-7-symboliczne-znaczenie-latarni-adwentowych\/","title":{"rendered":"Nasz kalendarz adwentowy 2024. Dzie\u0144 7: Symboliczne znaczenie latarni adwentowych"},"content":{"rendered":"\n<div class=\"td_block_wrap tdb_single_content tdi_48 td-pb-border-top td_block_template_8 td-post-content tagdiv-type\" data-td-block-uid=\"tdi_48\">\n<style>.tdi_48{margines-top:0px!important;margin-bottom:0px!important;dope\u0142nienie-g\u00f3ra:0px!important;dope\u0142nienie-d\u00f3\u0142:0px!important}<\/style>\n<style>.tdb_single_content{margin-bottom:0;*zoom:1}.tdb_single_content:before,.tdb_single_content:after{display:table;content:'';line-height:0}.tdb_single_content:after{clear:both}.tdb_single_content .tdb-block-inner>*:not(.wp-block-quote):not(.alignwide):not(.alignfull.wp-block-cover.has-parallax):not(.td-a-ad) {margin-left:auto;margin-right:auto}.tdb_single_content a{pointer-events:auto}.tdb_single_content .td-spot-id-top_ad .tdc-placeholder-title:before{content:'Article Top Ad'!important}.tdb_single_content .td-spot-id-inline_ad0 .tdc-placeholder-title:before{content:'Article Reklama wbudowana 1'!important}.tdb_single_content .td-spot-id-inline_ad1 .tdc-placeholder-title:before{content:'Article Inline Ad 2'!important}.tdb_single_content .td-spot-id-inline_ad2 .tdc-placeholder-title:before{content:' Reklama wbudowana w artyku\u0142 3'!important}.tdb_single_content .td-spot-id-bottom_ad .tdc-placeholder-title:before{content:'Article Bottom Ad'!important}.tdb_single_content .id_top_ad,.tdb_single_content .id_bottom_ad{clear:both;margin-bottom:21px;text-align:center}.tdb_single_content .id_top_ad img,.tdb_single_content .id_bottom_ad img{margin-bottom:0}.tdb_single_content .id_top_ad .adsbygoogle,.tdb_single_content .id_bottom_ad .adsbygoogle{position:relative}.tdb_single_content .id_ad_content-horiz-left,.tdb_single_content .id_ad_content-horiz-right,.tdb_single_content .id_ad_content-horiz-center{margin-bottom:15px}.tdb_single_content .id_ad_content-horiz-left img,.tdb_single_content .id_ad_content-horiz-right img,.tdb_single_content .id_ad_content-horiz-center img{margin-bottom:0}.tdb_single_content .id_ad_content-horiz-center{text-align:center}.tdb_single_content .id_ad_content-horiz-center img{margin-right:auto;margin-left:auto}.tdb_single_content .id_ad_content-horiz-left{float:left;margin-top:9px;margin-right:21px}.tdb_single_content .id_ad_content-horiz-right{float:right;margin-top:6px;margin-left:21px}.tdb_single_content .tdc-a-ad .tdc-placeholder-title{width:300px;height:250px}.tdb_single_content .tdc-a-ad .tdc-placeholder-title:before{position:absolute;top:50%;-webkit-transform:translateY(-50%);transform:translateY(-50%);margines:auto;display:table;width:100 %}.tdb_single_content .tdb-block-inner.td-fix-index{word-break:break-word}.tdi_48,.tdi_48>p,.tdi_48 .tdb-block-inner>p{font-size:16px!important;line- wysoko\u015b\u0107:1,6!wa\u017cne}.tdi_48 .tdb-block-inner blockquote p{font-style:normal!important}@media (max-width:767px){.tdb_single_content .id_ad_content-horiz-left,.tdb_single_content .id_ad_content-horiz-right,.tdb_single_content .id_ad_content-horiz-center{margin:0 automatyczny 26px auto}}@media (max-width:767px){.tdb_single_content .id_ad_content-horiz-left{margin-right:0}}@media (max-width:767px){.tdb_single_content .id_ad_content-horiz-right{margin -left:0}}@media (max-width:767px){.tdb_single_content .td-a-ad{float:none;text-align:center}.tdb_single_content .td-a-ad img{margin-right:auto;margin-left:auto}. tdb_single_content .tdc-a-ad{float:none}}<\/style>\n<div class=\"tdb-block-inner td-fix-index\">\n<p>W okresie Adwentu symbole odzwierciedlaj\u0105ce oczekiwanie na narodziny Jezusa Chrystusa maj\u0105 dla wiernych g\u0142\u0119bokie znaczenie. W\u015br\u00f3d tych trwa\u0142ych symboli wyr\u00f3\u017cnia si\u0119 latarnia adwentowa, b\u0119d\u0105ca pot\u0119\u017cnym symbolem tradycji i duchowego przygotowania w Ko\u015bciele katolickim.<\/p>\n<h2 class=\"wp-block-heading\">Kluczowy element porannej mszy adwentowej<\/h2>\n<p>Bogata w symbolik\u0119 latarnia adwentowa odgrywa kluczow\u0105 rol\u0119 podczas porannej Mszy adwentowej. W miar\u0119 gromadzenia si\u0119 wiernych \u015bwiat\u0142a ko\u015bcio\u0142a przygasaj\u0105, pogr\u0105\u017caj\u0105c przestrze\u0144 w symbolicznej ciemno\u015bci, kt\u00f3ra wywo\u0142uje poczucie oczekiwania i refleksji. Rytua\u0142 ten czerpie inspiracj\u0119 z przypowie\u015bci Jezusa o m\u0105drych i g\u0142upich pannach, kt\u00f3re w oczekiwaniu na przybycie pana m\u0142odego pali\u0142y lampy.<\/p>\n<h2 class=\"wp-block-heading\">\u015awiat\u0142o przewodnie w przygotowaniu duchowym<\/h2>\n<p>Przypowie\u015b\u0107 z Ewangelii Mateusza 25:1-13 podkre\u015bla motywy czujno\u015bci i gotowo\u015bci na nieoczekiwane, podkre\u015blaj\u0105c potrzeb\u0119 duchowego przygotowania. W tym kontek\u015bcie latarnia adwentowa staje si\u0119 pot\u0119\u017cn\u0105 metafor\u0105. Nie tylko rozprasza dos\u0142owne ciemno\u015bci grudniowych porank\u00f3w, ale tak\u017ce symbolizuje \u015bwiat\u0142o przezwyci\u0119\u017caj\u0105ce ciemno\u015b\u0107 grzechu. Ozdobiona symbolami chrze\u015bcija\u0144skimi latarnia wizualnie odzwierciedla wezwanie do wype\u0142nienia tego okresu aktami dobroci i pobo\u017cno\u015bci.<\/p>\n<p>Gdy p\u0142omie\u0144 latarni zapala si\u0119 podczas Mszy \u015bw., stanowi przejmuj\u0105ce przypomnienie drogi wiernych ku dobru. To \u015bwiat\u0142o reprezentuje nadziej\u0119, \u017ce Jezus Chrystus znajdzie go\u015bcinne miejsce w ich sercach. Podobnie jak m\u0105dre panny z przypowie\u015bci, blask latarni zach\u0119ca wierz\u0105cych do zachowania czujno\u015bci i gotowo\u015bci na przybycie Boga.<\/p>\n<h2 class=\"wp-block-heading\">Wezwanie do duchowej gotowo\u015bci<\/h2>\n<p>Latarnia adwentowa, kt\u00f3rej jasne \u015bwiat\u0142o przecina ciemno\u015b\u0107, dzia\u0142a jak latarnia nadziei i autorefleksji. Zach\u0119ca jednostki do g\u0142\u0119bokiego zaanga\u017cowania si\u0119 w duchowe znaczenie tego okresu, gdy droga do Betlejem wyznaczana jest nie tylko przez oczekiwanie, ale tak\u017ce przez zamierzone akty cnoty. Poprzez sw\u00f3j migotliwy blask latarnia inspiruje wiernych do na\u015bladowania gotowo\u015bci m\u0105drych dziewic, pozostaj\u0105c zawsze gotowymi na przybycie Chrystusa, ostatecznego oblubie\u0144ca.<\/p>\n<\/div>\n<\/div>\n","protected":false},"excerpt":{"rendered":"<p>W okresie Adwentu symbole odzwierciedlaj\u0105ce oczekiwanie na narodziny Jezusa Chrystusa maj\u0105 dla wiernych g\u0142\u0119bokie znaczenie. W\u015br\u00f3d tych trwa\u0142ych symboli wyr\u00f3\u017cnia<\/p>\n","protected":false},"author":1,"featured_media":2268,"comment_status":"closed","ping_status":"","sticky":false,"template":"","format":"standard","meta":{"footnotes":""},"categories":[47],"tags":[3404,3584,1078,3403,2537,2401,3583,779],"class_list":["post-2267","post","type-post","status-publish","format-standard","has-post-thumbnail","hentry","category-styl-zycia","tag-adwentowy","tag-adwentowych","tag-dzien","tag-kalendarz","tag-latarni","tag-nasz","tag-symboliczne","tag-znaczenie","generate-columns","tablet-grid-50","mobile-grid-100","grid-parent","grid-50","resize-featured-image"],"yoast_head":"<!-- This site is optimized with the Yoast SEO plugin v23.2 - https:\/\/yoast.com\/wordpress\/plugins\/seo\/ -->\n<title>Nasz kalendarz adwentowy 2024. Dzie\u0144 7: Symboliczne znaczenie latarni adwentowych - POGOTOWIE FLAGOWE\u00ae<\/title>\n<meta name=\"robots\" content=\"index, follow, max-snippet:-1, max-image-preview:large, max-video-preview:-1\" \/>\n<link rel=\"canonical\" href=\"https:\/\/www.pogotowieflagowe.pl\/aktualne\/nasz-kalendarz-adwentowy-2024-dzien-7-symboliczne-znaczenie-latarni-adwentowych\/\" \/>\n<meta property=\"og:locale\" content=\"pl_PL\" \/>\n<meta property=\"og:type\" content=\"article\" \/>\n<meta property=\"og:title\" content=\"Nasz kalendarz adwentowy 2024. Dzie\u0144 7: Symboliczne znaczenie latarni adwentowych - POGOTOWIE FLAGOWE\u00ae\" \/>\n<meta property=\"og:description\" content=\"W okresie Adwentu symbole odzwierciedlaj\u0105ce oczekiwanie na narodziny Jezusa Chrystusa maj\u0105 dla wiernych g\u0142\u0119bokie znaczenie. W\u015br\u00f3d tych trwa\u0142ych symboli wyr\u00f3\u017cnia\" \/>\n<meta property=\"og:url\" content=\"https:\/\/www.pogotowieflagowe.pl\/aktualne\/nasz-kalendarz-adwentowy-2024-dzien-7-symboliczne-znaczenie-latarni-adwentowych\/\" \/>\n<meta property=\"og:site_name\" content=\"POGOTOWIE FLAGOWE\u00ae\" \/>\n<meta property=\"article:published_time\" content=\"2024-12-07T23:53:15+00:00\" \/>\n<meta property=\"article:modified_time\" content=\"2024-12-07T23:53:18+00:00\" \/>\n<meta property=\"og:image\" content=\"https:\/\/www.pogotowieflagowe.pl\/aktualne\/wp-content\/uploads\/2024\/12\/Nasz-kalendarz-adwentowy-2024-Dzien-7-Symboliczne-znaczenie-latarni-adwentowych.jpg\" \/>\n\t<meta property=\"og:image:width\" content=\"1920\" \/>\n\t<meta property=\"og:image:height\" content=\"1080\" \/>\n\t<meta property=\"og:image:type\" content=\"image\/jpeg\" \/>\n<meta name=\"author\" content=\"Filip\" \/>\n<meta name=\"twitter:card\" content=\"summary_large_image\" \/>\n<meta name=\"twitter:label1\" content=\"Napisane przez\" \/>\n\t<meta name=\"twitter:data1\" content=\"Filip\" \/>\n\t<meta name=\"twitter:label2\" content=\"Szacowany czas czytania\" \/>\n\t<meta name=\"twitter:data2\" content=\"2 minuty\" \/>\n<script type=\"application\/ld+json\" class=\"yoast-schema-graph\">{\"@context\":\"https:\/\/schema.org\",\"@graph\":[{\"@type\":\"Article\",\"@id\":\"https:\/\/www.pogotowieflagowe.pl\/aktualne\/nasz-kalendarz-adwentowy-2024-dzien-7-symboliczne-znaczenie-latarni-adwentowych\/#article\",\"isPartOf\":{\"@id\":\"https:\/\/www.pogotowieflagowe.pl\/aktualne\/nasz-kalendarz-adwentowy-2024-dzien-7-symboliczne-znaczenie-latarni-adwentowych\/\"},\"author\":{\"name\":\"Filip\",\"@id\":\"https:\/\/www.pogotowieflagowe.pl\/aktualne\/#\/schema\/person\/9c2fb7d2362ebf6fa088960d7f0d27b0\"},\"headline\":\"Nasz kalendarz adwentowy 2024. Dzie\u0144 7: Symboliczne znaczenie latarni adwentowych\",\"datePublished\":\"2024-12-07T23:53:15+00:00\",\"dateModified\":\"2024-12-07T23:53:18+00:00\",\"mainEntityOfPage\":{\"@id\":\"https:\/\/www.pogotowieflagowe.pl\/aktualne\/nasz-kalendarz-adwentowy-2024-dzien-7-symboliczne-znaczenie-latarni-adwentowych\/\"},\"wordCount\":335,\"publisher\":{\"@id\":\"https:\/\/www.pogotowieflagowe.pl\/aktualne\/#organization\"},\"image\":{\"@id\":\"https:\/\/www.pogotowieflagowe.pl\/aktualne\/nasz-kalendarz-adwentowy-2024-dzien-7-symboliczne-znaczenie-latarni-adwentowych\/#primaryimage\"},\"thumbnailUrl\":\"https:\/\/www.pogotowieflagowe.pl\/aktualne\/wp-content\/uploads\/2024\/12\/Nasz-kalendarz-adwentowy-2024-Dzien-7-Symboliczne-znaczenie-latarni-adwentowych.jpg\",\"keywords\":[\"adwentowy\",\"adwentowych\",\"Dzie\u0144\",\"kalendarz\",\"latarni\",\"nasz\",\"Symboliczne\",\"znaczenie\"],\"articleSection\":[\"Styl \u017cycia\"],\"inLanguage\":\"pl-PL\"},{\"@type\":\"WebPage\",\"@id\":\"https:\/\/www.pogotowieflagowe.pl\/aktualne\/nasz-kalendarz-adwentowy-2024-dzien-7-symboliczne-znaczenie-latarni-adwentowych\/\",\"url\":\"https:\/\/www.pogotowieflagowe.pl\/aktualne\/nasz-kalendarz-adwentowy-2024-dzien-7-symboliczne-znaczenie-latarni-adwentowych\/\",\"name\":\"Nasz kalendarz adwentowy 2024. Dzie\u0144 7: Symboliczne znaczenie latarni adwentowych - POGOTOWIE FLAGOWE\u00ae\",\"isPartOf\":{\"@id\":\"https:\/\/www.pogotowieflagowe.pl\/aktualne\/#website\"},\"primaryImageOfPage\":{\"@id\":\"https:\/\/www.pogotowieflagowe.pl\/aktualne\/nasz-kalendarz-adwentowy-2024-dzien-7-symboliczne-znaczenie-latarni-adwentowych\/#primaryimage\"},\"image\":{\"@id\":\"https:\/\/www.pogotowieflagowe.pl\/aktualne\/nasz-kalendarz-adwentowy-2024-dzien-7-symboliczne-znaczenie-latarni-adwentowych\/#primaryimage\"},\"thumbnailUrl\":\"https:\/\/www.pogotowieflagowe.pl\/aktualne\/wp-content\/uploads\/2024\/12\/Nasz-kalendarz-adwentowy-2024-Dzien-7-Symboliczne-znaczenie-latarni-adwentowych.jpg\",\"datePublished\":\"2024-12-07T23:53:15+00:00\",\"dateModified\":\"2024-12-07T23:53:18+00:00\",\"breadcrumb\":{\"@id\":\"https:\/\/www.pogotowieflagowe.pl\/aktualne\/nasz-kalendarz-adwentowy-2024-dzien-7-symboliczne-znaczenie-latarni-adwentowych\/#breadcrumb\"},\"inLanguage\":\"pl-PL\",\"potentialAction\":[{\"@type\":\"ReadAction\",\"target\":[\"https:\/\/www.pogotowieflagowe.pl\/aktualne\/nasz-kalendarz-adwentowy-2024-dzien-7-symboliczne-znaczenie-latarni-adwentowych\/\"]}]},{\"@type\":\"ImageObject\",\"inLanguage\":\"pl-PL\",\"@id\":\"https:\/\/www.pogotowieflagowe.pl\/aktualne\/nasz-kalendarz-adwentowy-2024-dzien-7-symboliczne-znaczenie-latarni-adwentowych\/#primaryimage\",\"url\":\"https:\/\/www.pogotowieflagowe.pl\/aktualne\/wp-content\/uploads\/2024\/12\/Nasz-kalendarz-adwentowy-2024-Dzien-7-Symboliczne-znaczenie-latarni-adwentowych.jpg\",\"contentUrl\":\"https:\/\/www.pogotowieflagowe.pl\/aktualne\/wp-content\/uploads\/2024\/12\/Nasz-kalendarz-adwentowy-2024-Dzien-7-Symboliczne-znaczenie-latarni-adwentowych.jpg\",\"width\":1920,\"height\":1080,\"caption\":\"Nasz kalendarz adwentowy 2024. Dzie\u0144 7: Symboliczne znaczenie latarni adwentowych\"},{\"@type\":\"BreadcrumbList\",\"@id\":\"https:\/\/www.pogotowieflagowe.pl\/aktualne\/nasz-kalendarz-adwentowy-2024-dzien-7-symboliczne-znaczenie-latarni-adwentowych\/#breadcrumb\",\"itemListElement\":[{\"@type\":\"ListItem\",\"position\":1,\"name\":\"Home\",\"item\":\"https:\/\/www.pogotowieflagowe.pl\/aktualne\/\"},{\"@type\":\"ListItem\",\"position\":2,\"name\":\"Nasz kalendarz adwentowy 2024. Dzie\u0144 7: Symboliczne znaczenie latarni adwentowych\"}]},{\"@type\":\"WebSite\",\"@id\":\"https:\/\/www.pogotowieflagowe.pl\/aktualne\/#website\",\"url\":\"https:\/\/www.pogotowieflagowe.pl\/aktualne\/\",\"name\":\"POGOTOWIE FLAGOWE\u00ae\",\"description\":\"\",\"publisher\":{\"@id\":\"https:\/\/www.pogotowieflagowe.pl\/aktualne\/#organization\"},\"potentialAction\":[{\"@type\":\"SearchAction\",\"target\":{\"@type\":\"EntryPoint\",\"urlTemplate\":\"https:\/\/www.pogotowieflagowe.pl\/aktualne\/?s={search_term_string}\"},\"query-input\":\"required name=search_term_string\"}],\"inLanguage\":\"pl-PL\"},{\"@type\":\"Organization\",\"@id\":\"https:\/\/www.pogotowieflagowe.pl\/aktualne\/#organization\",\"name\":\"POGOTOWIE FLAGOWE\u00ae\",\"url\":\"https:\/\/www.pogotowieflagowe.pl\/aktualne\/\",\"logo\":{\"@type\":\"ImageObject\",\"inLanguage\":\"pl-PL\",\"@id\":\"https:\/\/www.pogotowieflagowe.pl\/aktualne\/#\/schema\/logo\/image\/\",\"url\":\"https:\/\/www.pogotowieflagowe.pl\/aktualne\/wp-content\/uploads\/2024\/08\/cropped-pogotowieflagowe_flaga_projekt_sm.jpg\",\"contentUrl\":\"https:\/\/www.pogotowieflagowe.pl\/aktualne\/wp-content\/uploads\/2024\/08\/cropped-pogotowieflagowe_flaga_projekt_sm.jpg\",\"width\":250,\"height\":143,\"caption\":\"POGOTOWIE FLAGOWE\u00ae\"},\"image\":{\"@id\":\"https:\/\/www.pogotowieflagowe.pl\/aktualne\/#\/schema\/logo\/image\/\"}},{\"@type\":\"Person\",\"@id\":\"https:\/\/www.pogotowieflagowe.pl\/aktualne\/#\/schema\/person\/9c2fb7d2362ebf6fa088960d7f0d27b0\",\"name\":\"Filip\",\"image\":{\"@type\":\"ImageObject\",\"inLanguage\":\"pl-PL\",\"@id\":\"https:\/\/www.pogotowieflagowe.pl\/aktualne\/#\/schema\/person\/image\/\",\"url\":\"https:\/\/www.pogotowieflagowe.pl\/aktualne\/wp-content\/uploads\/2024\/08\/pogotowieflagowe.pl_.jpg\",\"contentUrl\":\"https:\/\/www.pogotowieflagowe.pl\/aktualne\/wp-content\/uploads\/2024\/08\/pogotowieflagowe.pl_.jpg\",\"caption\":\"Filip\"},\"description\":\"Jestem Filip, polski dziennikarz z dyplomem nauk politycznych Uniwersytetu Warszawskiego. Rozpoczynaj\u0105c swoj\u0105 karier\u0119 w r\u00f3\u017cnych lokalnych mediach, zdoby\u0142em solidne do\u015bwiadczenie w zakresie \u015bledztwa i redakcji. Obecnie jako redaktor w Pogotowie flagowe, staram si\u0119 dostarcza\u0107 dog\u0142\u0119bne i istotne analizy na temat najwa\u017cniejszych kwestii aktualno\u015bci, \u0142\u0105cz\u0105c rygor z pasj\u0105 dziennikarsk\u0105.\",\"sameAs\":[\"https:\/\/www.pogotowieflagowe.pl\/\"]}]}<\/script>\n<!-- \/ Yoast SEO plugin. -->","yoast_head_json":{"title":"Nasz kalendarz adwentowy 2024. Dzie\u0144 7: Symboliczne znaczenie latarni adwentowych - POGOTOWIE FLAGOWE\u00ae","robots":{"index":"index","follow":"follow","max-snippet":"max-snippet:-1","max-image-preview":"max-image-preview:large","max-video-preview":"max-video-preview:-1"},"canonical":"https:\/\/www.pogotowieflagowe.pl\/aktualne\/nasz-kalendarz-adwentowy-2024-dzien-7-symboliczne-znaczenie-latarni-adwentowych\/","og_locale":"pl_PL","og_type":"article","og_title":"Nasz kalendarz adwentowy 2024. Dzie\u0144 7: Symboliczne znaczenie latarni adwentowych - POGOTOWIE FLAGOWE\u00ae","og_description":"W okresie Adwentu symbole odzwierciedlaj\u0105ce oczekiwanie na narodziny Jezusa Chrystusa maj\u0105 dla wiernych g\u0142\u0119bokie znaczenie. W\u015br\u00f3d tych trwa\u0142ych symboli wyr\u00f3\u017cnia","og_url":"https:\/\/www.pogotowieflagowe.pl\/aktualne\/nasz-kalendarz-adwentowy-2024-dzien-7-symboliczne-znaczenie-latarni-adwentowych\/","og_site_name":"POGOTOWIE FLAGOWE\u00ae","article_published_time":"2024-12-07T23:53:15+00:00","article_modified_time":"2024-12-07T23:53:18+00:00","og_image":[{"width":1920,"height":1080,"url":"https:\/\/www.pogotowieflagowe.pl\/aktualne\/wp-content\/uploads\/2024\/12\/Nasz-kalendarz-adwentowy-2024-Dzien-7-Symboliczne-znaczenie-latarni-adwentowych.jpg","type":"image\/jpeg"}],"author":"Filip","twitter_card":"summary_large_image","twitter_misc":{"Napisane przez":"Filip","Szacowany czas czytania":"2 minuty"},"schema":{"@context":"https:\/\/schema.org","@graph":[{"@type":"Article","@id":"https:\/\/www.pogotowieflagowe.pl\/aktualne\/nasz-kalendarz-adwentowy-2024-dzien-7-symboliczne-znaczenie-latarni-adwentowych\/#article","isPartOf":{"@id":"https:\/\/www.pogotowieflagowe.pl\/aktualne\/nasz-kalendarz-adwentowy-2024-dzien-7-symboliczne-znaczenie-latarni-adwentowych\/"},"author":{"name":"Filip","@id":"https:\/\/www.pogotowieflagowe.pl\/aktualne\/#\/schema\/person\/9c2fb7d2362ebf6fa088960d7f0d27b0"},"headline":"Nasz kalendarz adwentowy 2024. Dzie\u0144 7: Symboliczne znaczenie latarni adwentowych","datePublished":"2024-12-07T23:53:15+00:00","dateModified":"2024-12-07T23:53:18+00:00","mainEntityOfPage":{"@id":"https:\/\/www.pogotowieflagowe.pl\/aktualne\/nasz-kalendarz-adwentowy-2024-dzien-7-symboliczne-znaczenie-latarni-adwentowych\/"},"wordCount":335,"publisher":{"@id":"https:\/\/www.pogotowieflagowe.pl\/aktualne\/#organization"},"image":{"@id":"https:\/\/www.pogotowieflagowe.pl\/aktualne\/nasz-kalendarz-adwentowy-2024-dzien-7-symboliczne-znaczenie-latarni-adwentowych\/#primaryimage"},"thumbnailUrl":"https:\/\/www.pogotowieflagowe.pl\/aktualne\/wp-content\/uploads\/2024\/12\/Nasz-kalendarz-adwentowy-2024-Dzien-7-Symboliczne-znaczenie-latarni-adwentowych.jpg","keywords":["adwentowy","adwentowych","Dzie\u0144","kalendarz","latarni","nasz","Symboliczne","znaczenie"],"articleSection":["Styl \u017cycia"],"inLanguage":"pl-PL"},{"@type":"WebPage","@id":"https:\/\/www.pogotowieflagowe.pl\/aktualne\/nasz-kalendarz-adwentowy-2024-dzien-7-symboliczne-znaczenie-latarni-adwentowych\/","url":"https:\/\/www.pogotowieflagowe.pl\/aktualne\/nasz-kalendarz-adwentowy-2024-dzien-7-symboliczne-znaczenie-latarni-adwentowych\/","name":"Nasz kalendarz adwentowy 2024. Dzie\u0144 7: Symboliczne znaczenie latarni adwentowych - POGOTOWIE FLAGOWE\u00ae","isPartOf":{"@id":"https:\/\/www.pogotowieflagowe.pl\/aktualne\/#website"},"primaryImageOfPage":{"@id":"https:\/\/www.pogotowieflagowe.pl\/aktualne\/nasz-kalendarz-adwentowy-2024-dzien-7-symboliczne-znaczenie-latarni-adwentowych\/#primaryimage"},"image":{"@id":"https:\/\/www.pogotowieflagowe.pl\/aktualne\/nasz-kalendarz-adwentowy-2024-dzien-7-symboliczne-znaczenie-latarni-adwentowych\/#primaryimage"},"thumbnailUrl":"https:\/\/www.pogotowieflagowe.pl\/aktualne\/wp-content\/uploads\/2024\/12\/Nasz-kalendarz-adwentowy-2024-Dzien-7-Symboliczne-znaczenie-latarni-adwentowych.jpg","datePublished":"2024-12-07T23:53:15+00:00","dateModified":"2024-12-07T23:53:18+00:00","breadcrumb":{"@id":"https:\/\/www.pogotowieflagowe.pl\/aktualne\/nasz-kalendarz-adwentowy-2024-dzien-7-symboliczne-znaczenie-latarni-adwentowych\/#breadcrumb"},"inLanguage":"pl-PL","potentialAction":[{"@type":"ReadAction","target":["https:\/\/www.pogotowieflagowe.pl\/aktualne\/nasz-kalendarz-adwentowy-2024-dzien-7-symboliczne-znaczenie-latarni-adwentowych\/"]}]},{"@type":"ImageObject","inLanguage":"pl-PL","@id":"https:\/\/www.pogotowieflagowe.pl\/aktualne\/nasz-kalendarz-adwentowy-2024-dzien-7-symboliczne-znaczenie-latarni-adwentowych\/#primaryimage","url":"https:\/\/www.pogotowieflagowe.pl\/aktualne\/wp-content\/uploads\/2024\/12\/Nasz-kalendarz-adwentowy-2024-Dzien-7-Symboliczne-znaczenie-latarni-adwentowych.jpg","contentUrl":"https:\/\/www.pogotowieflagowe.pl\/aktualne\/wp-content\/uploads\/2024\/12\/Nasz-kalendarz-adwentowy-2024-Dzien-7-Symboliczne-znaczenie-latarni-adwentowych.jpg","width":1920,"height":1080,"caption":"Nasz kalendarz adwentowy 2024. Dzie\u0144 7: Symboliczne znaczenie latarni adwentowych"},{"@type":"BreadcrumbList","@id":"https:\/\/www.pogotowieflagowe.pl\/aktualne\/nasz-kalendarz-adwentowy-2024-dzien-7-symboliczne-znaczenie-latarni-adwentowych\/#breadcrumb","itemListElement":[{"@type":"ListItem","position":1,"name":"Home","item":"https:\/\/www.pogotowieflagowe.pl\/aktualne\/"},{"@type":"ListItem","position":2,"name":"Nasz kalendarz adwentowy 2024. Dzie\u0144 7: Symboliczne znaczenie latarni adwentowych"}]},{"@type":"WebSite","@id":"https:\/\/www.pogotowieflagowe.pl\/aktualne\/#website","url":"https:\/\/www.pogotowieflagowe.pl\/aktualne\/","name":"POGOTOWIE FLAGOWE\u00ae","description":"","publisher":{"@id":"https:\/\/www.pogotowieflagowe.pl\/aktualne\/#organization"},"potentialAction":[{"@type":"SearchAction","target":{"@type":"EntryPoint","urlTemplate":"https:\/\/www.pogotowieflagowe.pl\/aktualne\/?s={search_term_string}"},"query-input":"required name=search_term_string"}],"inLanguage":"pl-PL"},{"@type":"Organization","@id":"https:\/\/www.pogotowieflagowe.pl\/aktualne\/#organization","name":"POGOTOWIE FLAGOWE\u00ae","url":"https:\/\/www.pogotowieflagowe.pl\/aktualne\/","logo":{"@type":"ImageObject","inLanguage":"pl-PL","@id":"https:\/\/www.pogotowieflagowe.pl\/aktualne\/#\/schema\/logo\/image\/","url":"https:\/\/www.pogotowieflagowe.pl\/aktualne\/wp-content\/uploads\/2024\/08\/cropped-pogotowieflagowe_flaga_projekt_sm.jpg","contentUrl":"https:\/\/www.pogotowieflagowe.pl\/aktualne\/wp-content\/uploads\/2024\/08\/cropped-pogotowieflagowe_flaga_projekt_sm.jpg","width":250,"height":143,"caption":"POGOTOWIE FLAGOWE\u00ae"},"image":{"@id":"https:\/\/www.pogotowieflagowe.pl\/aktualne\/#\/schema\/logo\/image\/"}},{"@type":"Person","@id":"https:\/\/www.pogotowieflagowe.pl\/aktualne\/#\/schema\/person\/9c2fb7d2362ebf6fa088960d7f0d27b0","name":"Filip","image":{"@type":"ImageObject","inLanguage":"pl-PL","@id":"https:\/\/www.pogotowieflagowe.pl\/aktualne\/#\/schema\/person\/image\/","url":"https:\/\/www.pogotowieflagowe.pl\/aktualne\/wp-content\/uploads\/2024\/08\/pogotowieflagowe.pl_.jpg","contentUrl":"https:\/\/www.pogotowieflagowe.pl\/aktualne\/wp-content\/uploads\/2024\/08\/pogotowieflagowe.pl_.jpg","caption":"Filip"},"description":"Jestem Filip, polski dziennikarz z dyplomem nauk politycznych Uniwersytetu Warszawskiego. Rozpoczynaj\u0105c swoj\u0105 karier\u0119 w r\u00f3\u017cnych lokalnych mediach, zdoby\u0142em solidne do\u015bwiadczenie w zakresie \u015bledztwa i redakcji. Obecnie jako redaktor w Pogotowie flagowe, staram si\u0119 dostarcza\u0107 dog\u0142\u0119bne i istotne analizy na temat najwa\u017cniejszych kwestii aktualno\u015bci, \u0142\u0105cz\u0105c rygor z pasj\u0105 dziennikarsk\u0105.","sameAs":["https:\/\/www.pogotowieflagowe.pl\/"]}]}},"_links":{"self":[{"href":"https:\/\/www.pogotowieflagowe.pl\/aktualne\/wp-json\/wp\/v2\/posts\/2267","targetHints":{"allow":["GET"]}}],"collection":[{"href":"https:\/\/www.pogotowieflagowe.pl\/aktualne\/wp-json\/wp\/v2\/posts"}],"about":[{"href":"https:\/\/www.pogotowieflagowe.pl\/aktualne\/wp-json\/wp\/v2\/types\/post"}],"author":[{"embeddable":true,"href":"https:\/\/www.pogotowieflagowe.pl\/aktualne\/wp-json\/wp\/v2\/users\/1"}],"replies":[{"embeddable":true,"href":"https:\/\/www.pogotowieflagowe.pl\/aktualne\/wp-json\/wp\/v2\/comments?post=2267"}],"version-history":[{"count":1,"href":"https:\/\/www.pogotowieflagowe.pl\/aktualne\/wp-json\/wp\/v2\/posts\/2267\/revisions"}],"predecessor-version":[{"id":2269,"href":"https:\/\/www.pogotowieflagowe.pl\/aktualne\/wp-json\/wp\/v2\/posts\/2267\/revisions\/2269"}],"wp:featuredmedia":[{"embeddable":true,"href":"https:\/\/www.pogotowieflagowe.pl\/aktualne\/wp-json\/wp\/v2\/media\/2268"}],"wp:attachment":[{"href":"https:\/\/www.pogotowieflagowe.pl\/aktualne\/wp-json\/wp\/v2\/media?parent=2267"}],"wp:term":[{"taxonomy":"category","embeddable":true,"href":"https:\/\/www.pogotowieflagowe.pl\/aktualne\/wp-json\/wp\/v2\/categories?post=2267"},{"taxonomy":"post_tag","embeddable":true,"href":"https:\/\/www.pogotowieflagowe.pl\/aktualne\/wp-json\/wp\/v2\/tags?post=2267"}],"curies":[{"name":"wp","href":"https:\/\/api.w.org\/{rel}","templated":true}]}}