{"id":2273,"date":"2024-12-08T15:52:33","date_gmt":"2024-12-08T14:52:33","guid":{"rendered":"https:\/\/www.pogotowieflagowe.pl\/aktualne\/nasz-kalendarz-adwentowy-2024-dzien-8-wieniec-adwentowy\/"},"modified":"2024-12-08T15:52:37","modified_gmt":"2024-12-08T14:52:37","slug":"nasz-kalendarz-adwentowy-2024-dzien-8-wieniec-adwentowy","status":"publish","type":"post","link":"https:\/\/www.pogotowieflagowe.pl\/aktualne\/nasz-kalendarz-adwentowy-2024-dzien-8-wieniec-adwentowy\/","title":{"rendered":"Nasz kalendarz adwentowy 2024. Dzie\u0144 8: Wieniec adwentowy"},"content":{"rendered":"\n<div class=\"td_block_wrap tdb_single_content tdi_48 td-pb-border-top td_block_template_8 td-post-content tagdiv-type\" data-td-block-uid=\"tdi_48\">\n<style>.tdi_48{margines-top:0px!important;margin-bottom:0px!important;dope\u0142nienie-g\u00f3ra:0px!important;dope\u0142nienie-d\u00f3\u0142:0px!important}<\/style>\n<style>.tdb_single_content{margin-bottom:0;*zoom:1}.tdb_single_content:before,.tdb_single_content:after{display:table;content:'';line-height:0}.tdb_single_content:after{clear:both}.tdb_single_content .tdb-block-inner>*:not(.wp-block-quote):not(.alignwide):not(.alignfull.wp-block-cover.has-parallax):not(.td-a-ad) {margin-left:auto;margin-right:auto}.tdb_single_content a{pointer-events:auto}.tdb_single_content .td-spot-id-top_ad .tdc-placeholder-title:before{content:'Article Top Ad'!important}.tdb_single_content .td-spot-id-inline_ad0 .tdc-placeholder-title:before{content:'Article Reklama wbudowana 1'!important}.tdb_single_content .td-spot-id-inline_ad1 .tdc-placeholder-title:before{content:'Article Inline Ad 2'!important}.tdb_single_content .td-spot-id-inline_ad2 .tdc-placeholder-title:before{content:' Reklama wbudowana w artyku\u0142 3'!important}.tdb_single_content .td-spot-id-bottom_ad .tdc-placeholder-title:before{content:'Article Bottom Ad'!important}.tdb_single_content .id_top_ad,.tdb_single_content .id_bottom_ad{clear:both;margin-bottom:21px;text-align:center}.tdb_single_content .id_top_ad img,.tdb_single_content .id_bottom_ad img{margin-bottom:0}.tdb_single_content .id_top_ad .adsbygoogle,.tdb_single_content .id_bottom_ad .adsbygoogle{position:relative}.tdb_single_content .id_ad_content-horiz-left,.tdb_single_content .id_ad_content-horiz-right,.tdb_single_content .id_ad_content-horiz-center{margin-bottom:15px}.tdb_single_content .id_ad_content-horiz-left img,.tdb_single_content .id_ad_content-horiz-right img,.tdb_single_content .id_ad_content-horiz-center img{margin-bottom:0}.tdb_single_content .id_ad_content-horiz-center{text-align:center}.tdb_single_content .id_ad_content-horiz-center img{margin-right:auto;margin-left:auto}.tdb_single_content .id_ad_content-horiz-left{float:left;margin-top:9px;margin-right:21px}.tdb_single_content .id_ad_content-horiz-right{float:right;margin-top:6px;margin-left:21px}.tdb_single_content .tdc-a-ad .tdc-placeholder-title{width:300px;height:250px}.tdb_single_content .tdc-a-ad .tdc-placeholder-title:before{position:absolute;top:50%;-webkit-transform:translateY(-50%);transform:translateY(-50%);margines:auto;display:table;width:100 %}.tdb_single_content .tdb-block-inner.td-fix-index{word-break:break-word}.tdi_48,.tdi_48>p,.tdi_48 .tdb-block-inner>p{font-size:16px!important;line- wysoko\u015b\u0107:1,6!wa\u017cne}.tdi_48 .tdb-block-inner blockquote p{font-style:normal!important}@media (max-width:767px){.tdb_single_content .id_ad_content-horiz-left,.tdb_single_content .id_ad_content-horiz-right,.tdb_single_content .id_ad_content-horiz-center{margin:0 automatyczny 26px auto}}@media (max-width:767px){.tdb_single_content .id_ad_content-horiz-left{margin-right:0}}@media (max-width:767px){.tdb_single_content .id_ad_content-horiz-right{margin -left:0}}@media (max-width:767px){.tdb_single_content .td-a-ad{float:none;text-align:center}.tdb_single_content .td-a-ad img{margin-right:auto;margin-left:auto}. tdb_single_content .tdc-a-ad{float:none}}<\/style>\n<div class=\"tdb-block-inner td-fix-index\">\n<p>W dzisiejszej kartce z naszego kalendarza adwentowego nawi\u0105zujemy do zwyczaju robienia wiank\u00f3w adwentowych. Czym oni s\u0105? Sk\u0105d pochodz\u0105? Co symbolizuj\u0105? Odpowiedzi na te pytania zostan\u0105 zawarte w tym artykule.<\/p>\n<p>Wsp\u00f3\u0142czesne wie\u0144ce adwentowe cz\u0119sto wykonuje si\u0119 na drucianym kole, najcz\u0119\u015bciej z ga\u0142\u0119zi szlachetnych drzew iglastych oraz li\u015bci laurowych i mahoniowych. Na wie\u0144cu umieszcza si\u0119 cztery \u015bwiece, zazwyczaj bia\u0142e, ale czasami zabarwione w zale\u017cno\u015bci od koloru szat liturgicznych na poszczeg\u00f3lne niedziele Adwentu, czyli trzy \u015bwiece fioletowe i jedn\u0105 r\u00f3\u017cow\u0105 lub czerwon\u0105, kt\u00f3rych kolor wyra\u017ca rado\u015b\u0107 oczekiwania na Mesjasza.<\/p>\n<h2 class=\"wp-block-heading\" id=\"h-rich-religious-symbolism\">Bogata symbolika religijna<\/h2>\n<p>Symbolika wie\u0144ca adwentowego jest bardzo bogata. Okr\u0105g\u0142y kszta\u0142t wie\u0144ca symbolizuje niesko\u0144czono\u015b\u0107, \u017cycie wieczne i Boga. Ga\u0142\u0119zie wiecznie zielonego drzewa iglastego s\u0105 symbolem \u017cycia i wsp\u00f3lnoty. Cztery \u015bwiece zapalane w ka\u017cd\u0105 niedziel\u0119 Adwentu symbolizuj\u0105 zbli\u017canie si\u0119 do prawdziwego \u015bwiat\u0142a, Jezusa Chrystusa. Ka\u017cda \u015bwieca ma r\u00f3wnie\u017c swoje znaczenie. Pierwsza to \u015awieca Nadziei, druga to \u015awieca Pokoju, trzecia to \u015awieca Rado\u015bci, a czwarta to \u015awieca Mi\u0142o\u015bci. Ca\u0142o\u015b\u0107 jest symbolem nadziei na zwyci\u0119stwo \u017cycia nad ciemno\u015bci\u0105. Jest to tak\u017ce znak, \u017ce wsp\u00f3lnota chrze\u015bcija\u0144ska czuwa na modlitwie. Do wie\u0144ca do\u0142\u0105czone s\u0105 wst\u0105\u017cki w kolorze czerwonym i fioletowym, co z kolei wskazuje na rado\u015b\u0107 oczekiwania, a jednocze\u015bnie potrzeb\u0119 wewn\u0119trznego oczyszczenia i moralnego przygotowania na przyj\u015bcie Chrystusa.<\/p>\n<figure class=\"wp-block-image size-full\"><picture><source  type=\"image\/webp\" data-><\/source><\/picture><img fetchpriority=\"high\" decoding=\"async\" width=\"1920\" height=\"1872\" src=\"https:\/\/www.pogotowieflagowe.pl\/aktualne\/wp-content\/uploads\/2024\/12\/Nasz-kalendarz-adwentowy-2024-Dzien-8-Wieniec-adwentowy.jpg\" alt=\"\" class=\"wp-image-14824\"   data-eio=\"l\"><figcaption class=\"wp-element-caption\">Autor: Jonathunder \u2013 Praca w\u0142asna, CC BY-SA 3.0, https:\/\/commons.wikimedia.org\/w\/index.php?curid=12311700<\/figcaption><\/figure>\n<h2 class=\"wp-block-heading\" id=\"h-origin-of-the-wreath\">Pochodzenie wie\u0144ca<\/h2>\n<p>Tradycja wie\u0144ca adwentowego wywodzi si\u0119 z tradycji protestanckiej, gdzie od razu przygotowuje si\u0119 dwa wianki, jeden umieszcza si\u0119 na drzwiach domu, a drugi zwykle umieszcza si\u0119 w pomieszczeniu, w kt\u00f3rym skupia si\u0119 \u017cycie ca\u0142ej rodziny. Wieniec adwentowy pojawi\u0142 si\u0119 po raz pierwszy w 1833 roku w domu opieki dla porzuconych dzieci na przedmie\u015bciach Hamburga. Geneza wie\u0144ca adwentowego wi\u0105\u017ce si\u0119 z dzia\u0142alno\u015bci\u0105 Johanna Hinricha Wicherna, niemieckiego pastora i teologa, kt\u00f3ry zainicjowa\u0142 tzw. Misj\u0119 Wewn\u0119trzn\u0105, maj\u0105c\u0105 na celu odnow\u0119 \u017cycia chrze\u015bcija\u0144skiego. Wichern prowadzi\u0142 swego rodzaju \u201ewiosk\u0105 dzieci\u0119c\u0105\u201d i wprowadzi\u0142 dla swoich podopiecznych specjalne nabo\u017ce\u0144stwo na okres Adwentu, przygotowuj\u0105ce ich do \u015awi\u0105t Bo\u017cego Narodzenia. Nabo\u017ce\u0144stwo to odbywa\u0142o si\u0119 w sali ozdobionej jod\u0142owymi ga\u0142\u0105zkami i rozpoczyna\u0142o si\u0119 zapaleniem \u015bwiecy umieszczonej na du\u017cym \u015bwieczniku, po czym nast\u0105pi\u0142o czytanie s\u0142owa Bo\u017cego, pie\u015bni, modlitwa i refleksja.<\/p>\n<p>Nabo\u017ce\u0144stwo odprawiano codziennie i ka\u017cdego dnia zapalano jedn\u0105 \u015bwiec\u0119, przy czym \u015bwiece na niedziel\u0119 by\u0142y wi\u0119ksze od pozosta\u0142ych. Zwyczaj przygotowywania wie\u0144ca adwentowego bardzo szybko przyj\u0105\u0142 si\u0119 w kr\u0119gach protestanckich, g\u0142\u00f3wnie na p\u00f3\u0142nocy Niemiec, a zw\u0142aszcza w miastach hanzeatyckich. Prawdopodobnie zosta\u0142 przyj\u0119ty przez katolik\u00f3w w latach trzydziestych XX wieku. Cho\u0107 pierwsza wzmianka o pojawieniu si\u0119 tego zwyczaju na ziemiach polskich pojawi\u0142a si\u0119 we Wroc\u0142awiu ju\u017c w roku 1925.<\/p>\n<h2 class=\"wp-block-heading\" id=\"h-advent-wreaths-of-today\">Dzisiejsze wianki adwentowe<\/h2>\n<p>Tradycja ta przetrwa\u0142a do dzi\u015b, zmniejszono jedynie liczb\u0119 \u015bwiec \u2013 zamiast 24, zapalamy cztery, po jednej w ka\u017cd\u0105 niedziel\u0119 Adwentu. W tradycji protestanckiej nie praktykuje si\u0119 b\u0142ogos\u0142awie\u0144stwa ani \u015bwi\u0119ce\u0144 wie\u0144ca. W tradycji katolickiej b\u0142ogos\u0142awie\u0144stwa dokonuje si\u0119 albo podczas Mszy \u015bw. rozpoczynaj\u0105cej okres Adwentu, albo podczas nabo\u017ce\u0144stwa wieczornego poprzedzaj\u0105cego pierwsz\u0105 niedziel\u0119 Adwentu.<\/p>\n<\/div>\n<\/div>\n","protected":false},"excerpt":{"rendered":"<p>W dzisiejszej kartce z naszego kalendarza adwentowego nawi\u0105zujemy do zwyczaju robienia wiank\u00f3w adwentowych. Czym oni s\u0105? Sk\u0105d pochodz\u0105? Co symbolizuj\u0105?<\/p>\n","protected":false},"author":1,"featured_media":2274,"comment_status":"closed","ping_status":"","sticky":false,"template":"","format":"standard","meta":{"footnotes":""},"categories":[47],"tags":[3404,1078,3403,2401,3586],"class_list":["post-2273","post","type-post","status-publish","format-standard","has-post-thumbnail","hentry","category-styl-zycia","tag-adwentowy","tag-dzien","tag-kalendarz","tag-nasz","tag-wieniec","generate-columns","tablet-grid-50","mobile-grid-100","grid-parent","grid-50","resize-featured-image"],"yoast_head":"<!-- This site is optimized with the Yoast SEO plugin v23.2 - https:\/\/yoast.com\/wordpress\/plugins\/seo\/ -->\n<title>Nasz kalendarz adwentowy 2024. Dzie\u0144 8: Wieniec adwentowy - POGOTOWIE FLAGOWE\u00ae<\/title>\n<meta name=\"robots\" content=\"index, follow, max-snippet:-1, max-image-preview:large, max-video-preview:-1\" \/>\n<link rel=\"canonical\" href=\"https:\/\/www.pogotowieflagowe.pl\/aktualne\/nasz-kalendarz-adwentowy-2024-dzien-8-wieniec-adwentowy\/\" \/>\n<meta property=\"og:locale\" content=\"pl_PL\" \/>\n<meta property=\"og:type\" content=\"article\" \/>\n<meta property=\"og:title\" content=\"Nasz kalendarz adwentowy 2024. Dzie\u0144 8: Wieniec adwentowy - POGOTOWIE FLAGOWE\u00ae\" \/>\n<meta property=\"og:description\" content=\"W dzisiejszej kartce z naszego kalendarza adwentowego nawi\u0105zujemy do zwyczaju robienia wiank\u00f3w adwentowych. Czym oni s\u0105? Sk\u0105d pochodz\u0105? Co symbolizuj\u0105?\" \/>\n<meta property=\"og:url\" content=\"https:\/\/www.pogotowieflagowe.pl\/aktualne\/nasz-kalendarz-adwentowy-2024-dzien-8-wieniec-adwentowy\/\" \/>\n<meta property=\"og:site_name\" content=\"POGOTOWIE FLAGOWE\u00ae\" \/>\n<meta property=\"article:published_time\" content=\"2024-12-08T14:52:33+00:00\" \/>\n<meta property=\"article:modified_time\" content=\"2024-12-08T14:52:37+00:00\" \/>\n<meta property=\"og:image\" content=\"https:\/\/www.pogotowieflagowe.pl\/aktualne\/wp-content\/uploads\/2024\/12\/1733669555_Nasz-kalendarz-adwentowy-2024-Dzien-8-Wieniec-adwentowy.jpg\" \/>\n\t<meta property=\"og:image:width\" content=\"1920\" \/>\n\t<meta property=\"og:image:height\" content=\"1080\" \/>\n\t<meta property=\"og:image:type\" content=\"image\/jpeg\" \/>\n<meta name=\"author\" content=\"Filip\" \/>\n<meta name=\"twitter:card\" content=\"summary_large_image\" \/>\n<meta name=\"twitter:label1\" content=\"Napisane przez\" \/>\n\t<meta name=\"twitter:data1\" content=\"Filip\" \/>\n\t<meta name=\"twitter:label2\" content=\"Szacowany czas czytania\" \/>\n\t<meta name=\"twitter:data2\" content=\"3 minuty\" \/>\n<script type=\"application\/ld+json\" class=\"yoast-schema-graph\">{\"@context\":\"https:\/\/schema.org\",\"@graph\":[{\"@type\":\"Article\",\"@id\":\"https:\/\/www.pogotowieflagowe.pl\/aktualne\/nasz-kalendarz-adwentowy-2024-dzien-8-wieniec-adwentowy\/#article\",\"isPartOf\":{\"@id\":\"https:\/\/www.pogotowieflagowe.pl\/aktualne\/nasz-kalendarz-adwentowy-2024-dzien-8-wieniec-adwentowy\/\"},\"author\":{\"name\":\"Filip\",\"@id\":\"https:\/\/www.pogotowieflagowe.pl\/aktualne\/#\/schema\/person\/9c2fb7d2362ebf6fa088960d7f0d27b0\"},\"headline\":\"Nasz kalendarz adwentowy 2024. Dzie\u0144 8: Wieniec adwentowy\",\"datePublished\":\"2024-12-08T14:52:33+00:00\",\"dateModified\":\"2024-12-08T14:52:37+00:00\",\"mainEntityOfPage\":{\"@id\":\"https:\/\/www.pogotowieflagowe.pl\/aktualne\/nasz-kalendarz-adwentowy-2024-dzien-8-wieniec-adwentowy\/\"},\"wordCount\":575,\"publisher\":{\"@id\":\"https:\/\/www.pogotowieflagowe.pl\/aktualne\/#organization\"},\"image\":{\"@id\":\"https:\/\/www.pogotowieflagowe.pl\/aktualne\/nasz-kalendarz-adwentowy-2024-dzien-8-wieniec-adwentowy\/#primaryimage\"},\"thumbnailUrl\":\"https:\/\/www.pogotowieflagowe.pl\/aktualne\/wp-content\/uploads\/2024\/12\/1733669555_Nasz-kalendarz-adwentowy-2024-Dzien-8-Wieniec-adwentowy.jpg\",\"keywords\":[\"adwentowy\",\"Dzie\u0144\",\"kalendarz\",\"nasz\",\"Wieniec\"],\"articleSection\":[\"Styl \u017cycia\"],\"inLanguage\":\"pl-PL\"},{\"@type\":\"WebPage\",\"@id\":\"https:\/\/www.pogotowieflagowe.pl\/aktualne\/nasz-kalendarz-adwentowy-2024-dzien-8-wieniec-adwentowy\/\",\"url\":\"https:\/\/www.pogotowieflagowe.pl\/aktualne\/nasz-kalendarz-adwentowy-2024-dzien-8-wieniec-adwentowy\/\",\"name\":\"Nasz kalendarz adwentowy 2024. Dzie\u0144 8: Wieniec adwentowy - POGOTOWIE FLAGOWE\u00ae\",\"isPartOf\":{\"@id\":\"https:\/\/www.pogotowieflagowe.pl\/aktualne\/#website\"},\"primaryImageOfPage\":{\"@id\":\"https:\/\/www.pogotowieflagowe.pl\/aktualne\/nasz-kalendarz-adwentowy-2024-dzien-8-wieniec-adwentowy\/#primaryimage\"},\"image\":{\"@id\":\"https:\/\/www.pogotowieflagowe.pl\/aktualne\/nasz-kalendarz-adwentowy-2024-dzien-8-wieniec-adwentowy\/#primaryimage\"},\"thumbnailUrl\":\"https:\/\/www.pogotowieflagowe.pl\/aktualne\/wp-content\/uploads\/2024\/12\/1733669555_Nasz-kalendarz-adwentowy-2024-Dzien-8-Wieniec-adwentowy.jpg\",\"datePublished\":\"2024-12-08T14:52:33+00:00\",\"dateModified\":\"2024-12-08T14:52:37+00:00\",\"breadcrumb\":{\"@id\":\"https:\/\/www.pogotowieflagowe.pl\/aktualne\/nasz-kalendarz-adwentowy-2024-dzien-8-wieniec-adwentowy\/#breadcrumb\"},\"inLanguage\":\"pl-PL\",\"potentialAction\":[{\"@type\":\"ReadAction\",\"target\":[\"https:\/\/www.pogotowieflagowe.pl\/aktualne\/nasz-kalendarz-adwentowy-2024-dzien-8-wieniec-adwentowy\/\"]}]},{\"@type\":\"ImageObject\",\"inLanguage\":\"pl-PL\",\"@id\":\"https:\/\/www.pogotowieflagowe.pl\/aktualne\/nasz-kalendarz-adwentowy-2024-dzien-8-wieniec-adwentowy\/#primaryimage\",\"url\":\"https:\/\/www.pogotowieflagowe.pl\/aktualne\/wp-content\/uploads\/2024\/12\/1733669555_Nasz-kalendarz-adwentowy-2024-Dzien-8-Wieniec-adwentowy.jpg\",\"contentUrl\":\"https:\/\/www.pogotowieflagowe.pl\/aktualne\/wp-content\/uploads\/2024\/12\/1733669555_Nasz-kalendarz-adwentowy-2024-Dzien-8-Wieniec-adwentowy.jpg\",\"width\":1920,\"height\":1080,\"caption\":\"Nasz kalendarz adwentowy 2024. Dzie\u0144 8: Wieniec adwentowy\"},{\"@type\":\"BreadcrumbList\",\"@id\":\"https:\/\/www.pogotowieflagowe.pl\/aktualne\/nasz-kalendarz-adwentowy-2024-dzien-8-wieniec-adwentowy\/#breadcrumb\",\"itemListElement\":[{\"@type\":\"ListItem\",\"position\":1,\"name\":\"Home\",\"item\":\"https:\/\/www.pogotowieflagowe.pl\/aktualne\/\"},{\"@type\":\"ListItem\",\"position\":2,\"name\":\"Nasz kalendarz adwentowy 2024. Dzie\u0144 8: Wieniec adwentowy\"}]},{\"@type\":\"WebSite\",\"@id\":\"https:\/\/www.pogotowieflagowe.pl\/aktualne\/#website\",\"url\":\"https:\/\/www.pogotowieflagowe.pl\/aktualne\/\",\"name\":\"POGOTOWIE FLAGOWE\u00ae\",\"description\":\"\",\"publisher\":{\"@id\":\"https:\/\/www.pogotowieflagowe.pl\/aktualne\/#organization\"},\"potentialAction\":[{\"@type\":\"SearchAction\",\"target\":{\"@type\":\"EntryPoint\",\"urlTemplate\":\"https:\/\/www.pogotowieflagowe.pl\/aktualne\/?s={search_term_string}\"},\"query-input\":\"required name=search_term_string\"}],\"inLanguage\":\"pl-PL\"},{\"@type\":\"Organization\",\"@id\":\"https:\/\/www.pogotowieflagowe.pl\/aktualne\/#organization\",\"name\":\"POGOTOWIE FLAGOWE\u00ae\",\"url\":\"https:\/\/www.pogotowieflagowe.pl\/aktualne\/\",\"logo\":{\"@type\":\"ImageObject\",\"inLanguage\":\"pl-PL\",\"@id\":\"https:\/\/www.pogotowieflagowe.pl\/aktualne\/#\/schema\/logo\/image\/\",\"url\":\"https:\/\/www.pogotowieflagowe.pl\/aktualne\/wp-content\/uploads\/2024\/08\/cropped-pogotowieflagowe_flaga_projekt_sm.jpg\",\"contentUrl\":\"https:\/\/www.pogotowieflagowe.pl\/aktualne\/wp-content\/uploads\/2024\/08\/cropped-pogotowieflagowe_flaga_projekt_sm.jpg\",\"width\":250,\"height\":143,\"caption\":\"POGOTOWIE FLAGOWE\u00ae\"},\"image\":{\"@id\":\"https:\/\/www.pogotowieflagowe.pl\/aktualne\/#\/schema\/logo\/image\/\"}},{\"@type\":\"Person\",\"@id\":\"https:\/\/www.pogotowieflagowe.pl\/aktualne\/#\/schema\/person\/9c2fb7d2362ebf6fa088960d7f0d27b0\",\"name\":\"Filip\",\"image\":{\"@type\":\"ImageObject\",\"inLanguage\":\"pl-PL\",\"@id\":\"https:\/\/www.pogotowieflagowe.pl\/aktualne\/#\/schema\/person\/image\/\",\"url\":\"https:\/\/www.pogotowieflagowe.pl\/aktualne\/wp-content\/uploads\/2024\/08\/pogotowieflagowe.pl_.jpg\",\"contentUrl\":\"https:\/\/www.pogotowieflagowe.pl\/aktualne\/wp-content\/uploads\/2024\/08\/pogotowieflagowe.pl_.jpg\",\"caption\":\"Filip\"},\"description\":\"Jestem Filip, polski dziennikarz z dyplomem nauk politycznych Uniwersytetu Warszawskiego. Rozpoczynaj\u0105c swoj\u0105 karier\u0119 w r\u00f3\u017cnych lokalnych mediach, zdoby\u0142em solidne do\u015bwiadczenie w zakresie \u015bledztwa i redakcji. Obecnie jako redaktor w Pogotowie flagowe, staram si\u0119 dostarcza\u0107 dog\u0142\u0119bne i istotne analizy na temat najwa\u017cniejszych kwestii aktualno\u015bci, \u0142\u0105cz\u0105c rygor z pasj\u0105 dziennikarsk\u0105.\",\"sameAs\":[\"https:\/\/www.pogotowieflagowe.pl\/\"]}]}<\/script>\n<!-- \/ Yoast SEO plugin. -->","yoast_head_json":{"title":"Nasz kalendarz adwentowy 2024. Dzie\u0144 8: Wieniec adwentowy - POGOTOWIE FLAGOWE\u00ae","robots":{"index":"index","follow":"follow","max-snippet":"max-snippet:-1","max-image-preview":"max-image-preview:large","max-video-preview":"max-video-preview:-1"},"canonical":"https:\/\/www.pogotowieflagowe.pl\/aktualne\/nasz-kalendarz-adwentowy-2024-dzien-8-wieniec-adwentowy\/","og_locale":"pl_PL","og_type":"article","og_title":"Nasz kalendarz adwentowy 2024. Dzie\u0144 8: Wieniec adwentowy - POGOTOWIE FLAGOWE\u00ae","og_description":"W dzisiejszej kartce z naszego kalendarza adwentowego nawi\u0105zujemy do zwyczaju robienia wiank\u00f3w adwentowych. Czym oni s\u0105? Sk\u0105d pochodz\u0105? Co symbolizuj\u0105?","og_url":"https:\/\/www.pogotowieflagowe.pl\/aktualne\/nasz-kalendarz-adwentowy-2024-dzien-8-wieniec-adwentowy\/","og_site_name":"POGOTOWIE FLAGOWE\u00ae","article_published_time":"2024-12-08T14:52:33+00:00","article_modified_time":"2024-12-08T14:52:37+00:00","og_image":[{"width":1920,"height":1080,"url":"https:\/\/www.pogotowieflagowe.pl\/aktualne\/wp-content\/uploads\/2024\/12\/1733669555_Nasz-kalendarz-adwentowy-2024-Dzien-8-Wieniec-adwentowy.jpg","type":"image\/jpeg"}],"author":"Filip","twitter_card":"summary_large_image","twitter_misc":{"Napisane przez":"Filip","Szacowany czas czytania":"3 minuty"},"schema":{"@context":"https:\/\/schema.org","@graph":[{"@type":"Article","@id":"https:\/\/www.pogotowieflagowe.pl\/aktualne\/nasz-kalendarz-adwentowy-2024-dzien-8-wieniec-adwentowy\/#article","isPartOf":{"@id":"https:\/\/www.pogotowieflagowe.pl\/aktualne\/nasz-kalendarz-adwentowy-2024-dzien-8-wieniec-adwentowy\/"},"author":{"name":"Filip","@id":"https:\/\/www.pogotowieflagowe.pl\/aktualne\/#\/schema\/person\/9c2fb7d2362ebf6fa088960d7f0d27b0"},"headline":"Nasz kalendarz adwentowy 2024. Dzie\u0144 8: Wieniec adwentowy","datePublished":"2024-12-08T14:52:33+00:00","dateModified":"2024-12-08T14:52:37+00:00","mainEntityOfPage":{"@id":"https:\/\/www.pogotowieflagowe.pl\/aktualne\/nasz-kalendarz-adwentowy-2024-dzien-8-wieniec-adwentowy\/"},"wordCount":575,"publisher":{"@id":"https:\/\/www.pogotowieflagowe.pl\/aktualne\/#organization"},"image":{"@id":"https:\/\/www.pogotowieflagowe.pl\/aktualne\/nasz-kalendarz-adwentowy-2024-dzien-8-wieniec-adwentowy\/#primaryimage"},"thumbnailUrl":"https:\/\/www.pogotowieflagowe.pl\/aktualne\/wp-content\/uploads\/2024\/12\/1733669555_Nasz-kalendarz-adwentowy-2024-Dzien-8-Wieniec-adwentowy.jpg","keywords":["adwentowy","Dzie\u0144","kalendarz","nasz","Wieniec"],"articleSection":["Styl \u017cycia"],"inLanguage":"pl-PL"},{"@type":"WebPage","@id":"https:\/\/www.pogotowieflagowe.pl\/aktualne\/nasz-kalendarz-adwentowy-2024-dzien-8-wieniec-adwentowy\/","url":"https:\/\/www.pogotowieflagowe.pl\/aktualne\/nasz-kalendarz-adwentowy-2024-dzien-8-wieniec-adwentowy\/","name":"Nasz kalendarz adwentowy 2024. Dzie\u0144 8: Wieniec adwentowy - POGOTOWIE FLAGOWE\u00ae","isPartOf":{"@id":"https:\/\/www.pogotowieflagowe.pl\/aktualne\/#website"},"primaryImageOfPage":{"@id":"https:\/\/www.pogotowieflagowe.pl\/aktualne\/nasz-kalendarz-adwentowy-2024-dzien-8-wieniec-adwentowy\/#primaryimage"},"image":{"@id":"https:\/\/www.pogotowieflagowe.pl\/aktualne\/nasz-kalendarz-adwentowy-2024-dzien-8-wieniec-adwentowy\/#primaryimage"},"thumbnailUrl":"https:\/\/www.pogotowieflagowe.pl\/aktualne\/wp-content\/uploads\/2024\/12\/1733669555_Nasz-kalendarz-adwentowy-2024-Dzien-8-Wieniec-adwentowy.jpg","datePublished":"2024-12-08T14:52:33+00:00","dateModified":"2024-12-08T14:52:37+00:00","breadcrumb":{"@id":"https:\/\/www.pogotowieflagowe.pl\/aktualne\/nasz-kalendarz-adwentowy-2024-dzien-8-wieniec-adwentowy\/#breadcrumb"},"inLanguage":"pl-PL","potentialAction":[{"@type":"ReadAction","target":["https:\/\/www.pogotowieflagowe.pl\/aktualne\/nasz-kalendarz-adwentowy-2024-dzien-8-wieniec-adwentowy\/"]}]},{"@type":"ImageObject","inLanguage":"pl-PL","@id":"https:\/\/www.pogotowieflagowe.pl\/aktualne\/nasz-kalendarz-adwentowy-2024-dzien-8-wieniec-adwentowy\/#primaryimage","url":"https:\/\/www.pogotowieflagowe.pl\/aktualne\/wp-content\/uploads\/2024\/12\/1733669555_Nasz-kalendarz-adwentowy-2024-Dzien-8-Wieniec-adwentowy.jpg","contentUrl":"https:\/\/www.pogotowieflagowe.pl\/aktualne\/wp-content\/uploads\/2024\/12\/1733669555_Nasz-kalendarz-adwentowy-2024-Dzien-8-Wieniec-adwentowy.jpg","width":1920,"height":1080,"caption":"Nasz kalendarz adwentowy 2024. Dzie\u0144 8: Wieniec adwentowy"},{"@type":"BreadcrumbList","@id":"https:\/\/www.pogotowieflagowe.pl\/aktualne\/nasz-kalendarz-adwentowy-2024-dzien-8-wieniec-adwentowy\/#breadcrumb","itemListElement":[{"@type":"ListItem","position":1,"name":"Home","item":"https:\/\/www.pogotowieflagowe.pl\/aktualne\/"},{"@type":"ListItem","position":2,"name":"Nasz kalendarz adwentowy 2024. Dzie\u0144 8: Wieniec adwentowy"}]},{"@type":"WebSite","@id":"https:\/\/www.pogotowieflagowe.pl\/aktualne\/#website","url":"https:\/\/www.pogotowieflagowe.pl\/aktualne\/","name":"POGOTOWIE FLAGOWE\u00ae","description":"","publisher":{"@id":"https:\/\/www.pogotowieflagowe.pl\/aktualne\/#organization"},"potentialAction":[{"@type":"SearchAction","target":{"@type":"EntryPoint","urlTemplate":"https:\/\/www.pogotowieflagowe.pl\/aktualne\/?s={search_term_string}"},"query-input":"required name=search_term_string"}],"inLanguage":"pl-PL"},{"@type":"Organization","@id":"https:\/\/www.pogotowieflagowe.pl\/aktualne\/#organization","name":"POGOTOWIE FLAGOWE\u00ae","url":"https:\/\/www.pogotowieflagowe.pl\/aktualne\/","logo":{"@type":"ImageObject","inLanguage":"pl-PL","@id":"https:\/\/www.pogotowieflagowe.pl\/aktualne\/#\/schema\/logo\/image\/","url":"https:\/\/www.pogotowieflagowe.pl\/aktualne\/wp-content\/uploads\/2024\/08\/cropped-pogotowieflagowe_flaga_projekt_sm.jpg","contentUrl":"https:\/\/www.pogotowieflagowe.pl\/aktualne\/wp-content\/uploads\/2024\/08\/cropped-pogotowieflagowe_flaga_projekt_sm.jpg","width":250,"height":143,"caption":"POGOTOWIE FLAGOWE\u00ae"},"image":{"@id":"https:\/\/www.pogotowieflagowe.pl\/aktualne\/#\/schema\/logo\/image\/"}},{"@type":"Person","@id":"https:\/\/www.pogotowieflagowe.pl\/aktualne\/#\/schema\/person\/9c2fb7d2362ebf6fa088960d7f0d27b0","name":"Filip","image":{"@type":"ImageObject","inLanguage":"pl-PL","@id":"https:\/\/www.pogotowieflagowe.pl\/aktualne\/#\/schema\/person\/image\/","url":"https:\/\/www.pogotowieflagowe.pl\/aktualne\/wp-content\/uploads\/2024\/08\/pogotowieflagowe.pl_.jpg","contentUrl":"https:\/\/www.pogotowieflagowe.pl\/aktualne\/wp-content\/uploads\/2024\/08\/pogotowieflagowe.pl_.jpg","caption":"Filip"},"description":"Jestem Filip, polski dziennikarz z dyplomem nauk politycznych Uniwersytetu Warszawskiego. Rozpoczynaj\u0105c swoj\u0105 karier\u0119 w r\u00f3\u017cnych lokalnych mediach, zdoby\u0142em solidne do\u015bwiadczenie w zakresie \u015bledztwa i redakcji. Obecnie jako redaktor w Pogotowie flagowe, staram si\u0119 dostarcza\u0107 dog\u0142\u0119bne i istotne analizy na temat najwa\u017cniejszych kwestii aktualno\u015bci, \u0142\u0105cz\u0105c rygor z pasj\u0105 dziennikarsk\u0105.","sameAs":["https:\/\/www.pogotowieflagowe.pl\/"]}]}},"_links":{"self":[{"href":"https:\/\/www.pogotowieflagowe.pl\/aktualne\/wp-json\/wp\/v2\/posts\/2273","targetHints":{"allow":["GET"]}}],"collection":[{"href":"https:\/\/www.pogotowieflagowe.pl\/aktualne\/wp-json\/wp\/v2\/posts"}],"about":[{"href":"https:\/\/www.pogotowieflagowe.pl\/aktualne\/wp-json\/wp\/v2\/types\/post"}],"author":[{"embeddable":true,"href":"https:\/\/www.pogotowieflagowe.pl\/aktualne\/wp-json\/wp\/v2\/users\/1"}],"replies":[{"embeddable":true,"href":"https:\/\/www.pogotowieflagowe.pl\/aktualne\/wp-json\/wp\/v2\/comments?post=2273"}],"version-history":[{"count":1,"href":"https:\/\/www.pogotowieflagowe.pl\/aktualne\/wp-json\/wp\/v2\/posts\/2273\/revisions"}],"predecessor-version":[{"id":2275,"href":"https:\/\/www.pogotowieflagowe.pl\/aktualne\/wp-json\/wp\/v2\/posts\/2273\/revisions\/2275"}],"wp:featuredmedia":[{"embeddable":true,"href":"https:\/\/www.pogotowieflagowe.pl\/aktualne\/wp-json\/wp\/v2\/media\/2274"}],"wp:attachment":[{"href":"https:\/\/www.pogotowieflagowe.pl\/aktualne\/wp-json\/wp\/v2\/media?parent=2273"}],"wp:term":[{"taxonomy":"category","embeddable":true,"href":"https:\/\/www.pogotowieflagowe.pl\/aktualne\/wp-json\/wp\/v2\/categories?post=2273"},{"taxonomy":"post_tag","embeddable":true,"href":"https:\/\/www.pogotowieflagowe.pl\/aktualne\/wp-json\/wp\/v2\/tags?post=2273"}],"curies":[{"name":"wp","href":"https:\/\/api.w.org\/{rel}","templated":true}]}}