{"id":2282,"date":"2024-12-08T23:47:02","date_gmt":"2024-12-08T22:47:02","guid":{"rendered":"https:\/\/www.pogotowieflagowe.pl\/aktualne\/post-kaczynskiego-o-kocie-wywoluje-ostra-reakcje-lewicowego-posla\/"},"modified":"2024-12-08T23:47:04","modified_gmt":"2024-12-08T22:47:04","slug":"post-kaczynskiego-o-kocie-wywoluje-ostra-reakcje-lewicowego-posla","status":"publish","type":"post","link":"https:\/\/www.pogotowieflagowe.pl\/aktualne\/post-kaczynskiego-o-kocie-wywoluje-ostra-reakcje-lewicowego-posla\/","title":{"rendered":"Post Kaczy\u0144skiego o kocie wywo\u0142uje ostr\u0105 reakcj\u0119 lewicowego pos\u0142a"},"content":{"rendered":"\n<div class=\"td_block_wrap tdb_single_content tdi_48 td-pb-border-top td_block_template_8 td-post-content tagdiv-type\" data-td-block-uid=\"tdi_48\">\n<style>.tdi_48{margines-top:0px!important;margin-bottom:0px!important;dope\u0142nienie-g\u00f3ra:0px!important;dope\u0142nienie-d\u00f3\u0142:0px!important}<\/style>\n<style>.tdb_single_content{margin-bottom:0;*zoom:1}.tdb_single_content:before,.tdb_single_content:after{display:table;content:'';line-height:0}.tdb_single_content:after{clear:both}.tdb_single_content .tdb-block-inner>*:not(.wp-block-quote):not(.alignwide):not(.alignfull.wp-block-cover.has-parallax):not(.td-a-ad) {margin-left:auto;margin-right:auto}.tdb_single_content a{pointer-events:auto}.tdb_single_content .td-spot-id-top_ad .tdc-placeholder-title:before{content:'Article Top Ad'!important}.tdb_single_content .td-spot-id-inline_ad0 .tdc-placeholder-title:before{content:'Article Reklama wbudowana 1'!important}.tdb_single_content .td-spot-id-inline_ad1 .tdc-placeholder-title:before{content:'Article Inline Ad 2'!important}.tdb_single_content .td-spot-id-inline_ad2 .tdc-placeholder-title:before{content:' Reklama wbudowana w artyku\u0142 3'!important}.tdb_single_content .td-spot-id-bottom_ad .tdc-placeholder-title:before{content:'Article Bottom Ad'!important}.tdb_single_content .id_top_ad,.tdb_single_content .id_bottom_ad{clear:both;margin-bottom:21px;text-align:center}.tdb_single_content .id_top_ad img,.tdb_single_content .id_bottom_ad img{margin-bottom:0}.tdb_single_content .id_top_ad .adsbygoogle,.tdb_single_content .id_bottom_ad .adsbygoogle{position:relative}.tdb_single_content .id_ad_content-horiz-left,.tdb_single_content .id_ad_content-horiz-right,.tdb_single_content .id_ad_content-horiz-center{margin-bottom:15px}.tdb_single_content .id_ad_content-horiz-left img,.tdb_single_content .id_ad_content-horiz-right img,.tdb_single_content .id_ad_content-horiz-center img{margin-bottom:0}.tdb_single_content .id_ad_content-horiz-center{text-align:center}.tdb_single_content .id_ad_content-horiz-center img{margin-right:auto;margin-left:auto}.tdb_single_content .id_ad_content-horiz-left{float:left;margin-top:9px;margin-right:21px}.tdb_single_content .id_ad_content-horiz-right{float:right;margin-top:6px;margin-left:21px}.tdb_single_content .tdc-a-ad .tdc-placeholder-title{width:300px;height:250px}.tdb_single_content .tdc-a-ad .tdc-placeholder-title:before{position:absolute;top:50%;-webkit-transform:translateY(-50%);transform:translateY(-50%);margines:auto;display:table;width:100 %}.tdb_single_content .tdb-block-inner.td-fix-index{word-break:break-word}.tdi_48,.tdi_48>p,.tdi_48 .tdb-block-inner>p{font-size:16px!important;line- wysoko\u015b\u0107:1,6!wa\u017cne}.tdi_48 .tdb-block-inner blockquote p{font-style:normal!important}@media (max-width:767px){.tdb_single_content .id_ad_content-horiz-left,.tdb_single_content .id_ad_content-horiz-right,.tdb_single_content .id_ad_content-horiz-center{margin:0 automatyczny 26px auto}}@media (max-width:767px){.tdb_single_content .id_ad_content-horiz-left{margin-right:0}}@media (max-width:767px){.tdb_single_content .id_ad_content-horiz-right{margin -left:0}}@media (max-width:767px){.tdb_single_content .td-a-ad{float:none;text-align:center}.tdb_single_content .td-a-ad img{margin-right:auto;margin-left:auto}. tdb_single_content .tdc-a-ad{float:none}}<\/style>\n<div class=\"tdb-block-inner td-fix-index\">\n<p>Jaros\u0142aw Kaczy\u0144ski, lider polskiej partii Prawo i Sprawiedliwo\u015b\u0107 (PiS), szturmem podbi\u0142 media spo\u0142eczno\u015bciowe, szybko zyskuj\u0105c popularno\u015b\u0107 po do\u0142\u0105czeniu w sobot\u0119 do platformy X.com. W ci\u0105gu zaledwie dziewi\u0119ciu godzin jego konto zgromadzi\u0142o ponad 50 000 obserwuj\u0105cych, a o jego 14 postach szybko zrobi\u0142o si\u0119 g\u0142o\u015bno w Internecie. Cyfrowy debiut Kaczy\u0144skiego nie pozosta\u0142 jednak niezauwa\u017cony przez jego przeciwnik\u00f3w politycznych, a niekt\u00f3rzy wyrazili wyra\u017an\u0105 frustracj\u0119.<\/p>\n<p>W niedziel\u0119 Kaczy\u0144ski zamie\u015bci\u0142 pozornie niewinne zdj\u0119cie kota, co wywo\u0142a\u0142o ostr\u0105 reakcj\u0119 Anity Kucharskiej-Dziedzic, wiceprzewodnicz\u0105cej Lewicy. W swojej krytyce Kucharska-Dziedzic oskar\u017cy\u0142a Kaczy\u0144skiego o wykorzystanie tego stanowiska do rozszerzenia swojej atrakcyjno\u015bci na now\u0105 grup\u0119 demograficzn\u0105.<\/p>\n<p>\u201eNajpierw t\u0119gi facet z pi\u0119\u015bci\u0105\/podr\u00f3bk\u0105 Travisa, a teraz mrugni\u0119cie do \u201ebezdzietnych mi\u0142o\u015bnik\u00f3w kot\u00f3w\u201d. W ramach poszerzania elektoratu czekam na wymian\u0119 bransoletek przyja\u017ani\u201d \u2013 napisa\u0142a, nawi\u0105zuj\u0105c do wcze\u015bniejszych obraz\u00f3w Kaczy\u0144skiego z kampanii.<\/p>\n<p>Reakcja wywo\u0142a\u0142a fal\u0119 komentarzy w Internecie. Wielu u\u017cytkownik\u00f3w odebra\u0142o uwagi Kucharskiej-Dziedzic jako przejaw jej irytacji, zw\u0142aszcza bior\u0105c pod uwag\u0119 zdolno\u015b\u0107 Kaczy\u0144skiego do przy\u0107mienia g\u0142o\u015bnego wydarzenia zorganizowanego przez lidera opozycji Rafa\u0142a Trzaskowskiego w Gliwicach. Jak na ironi\u0119, samej Kucharskiej-Dziedzic pomimo lat dzia\u0142alno\u015bci uda\u0142o si\u0119 przyci\u0105gn\u0105\u0107 na platformie jedynie mniej ni\u017c 9 000 obserwuj\u0105cych, co jeszcze bardziej podsyci\u0142o dyskusj\u0119 na temat dynamiki politycznej medi\u00f3w spo\u0142eczno\u015bciowych.<\/p>\n<\/div>\n<\/div>\n","protected":false},"excerpt":{"rendered":"<p>Jaros\u0142aw Kaczy\u0144ski, lider polskiej partii Prawo i Sprawiedliwo\u015b\u0107 (PiS), szturmem podbi\u0142 media spo\u0142eczno\u015bciowe, szybko zyskuj\u0105c popularno\u015b\u0107 po do\u0142\u0105czeniu w sobot\u0119<\/p>\n","protected":false},"author":1,"featured_media":2283,"comment_status":"closed","ping_status":"","sticky":false,"template":"","format":"standard","meta":{"footnotes":""},"categories":[44],"tags":[3597,3598,3600,3599,3601,3596,2665,2205],"class_list":["post-2282","post","type-post","status-publish","format-standard","has-post-thumbnail","hentry","category-polityka","tag-kaczynskiego","tag-kocie","tag-lewicowego","tag-ostra","tag-posla","tag-post","tag-reakcje","tag-wywoluje","generate-columns","tablet-grid-50","mobile-grid-100","grid-parent","grid-50","resize-featured-image"],"yoast_head":"<!-- This site is optimized with the Yoast SEO plugin v23.2 - https:\/\/yoast.com\/wordpress\/plugins\/seo\/ -->\n<title>Post Kaczy\u0144skiego o kocie wywo\u0142uje ostr\u0105 reakcj\u0119 lewicowego pos\u0142a - POGOTOWIE FLAGOWE\u00ae<\/title>\n<meta name=\"robots\" content=\"index, follow, max-snippet:-1, max-image-preview:large, max-video-preview:-1\" \/>\n<link rel=\"canonical\" href=\"https:\/\/www.pogotowieflagowe.pl\/aktualne\/post-kaczynskiego-o-kocie-wywoluje-ostra-reakcje-lewicowego-posla\/\" \/>\n<meta property=\"og:locale\" content=\"pl_PL\" \/>\n<meta property=\"og:type\" content=\"article\" \/>\n<meta property=\"og:title\" content=\"Post Kaczy\u0144skiego o kocie wywo\u0142uje ostr\u0105 reakcj\u0119 lewicowego pos\u0142a - POGOTOWIE FLAGOWE\u00ae\" \/>\n<meta property=\"og:description\" content=\"Jaros\u0142aw Kaczy\u0144ski, lider polskiej partii Prawo i Sprawiedliwo\u015b\u0107 (PiS), szturmem podbi\u0142 media spo\u0142eczno\u015bciowe, szybko zyskuj\u0105c popularno\u015b\u0107 po do\u0142\u0105czeniu w sobot\u0119\" \/>\n<meta property=\"og:url\" content=\"https:\/\/www.pogotowieflagowe.pl\/aktualne\/post-kaczynskiego-o-kocie-wywoluje-ostra-reakcje-lewicowego-posla\/\" \/>\n<meta property=\"og:site_name\" content=\"POGOTOWIE FLAGOWE\u00ae\" \/>\n<meta property=\"article:published_time\" content=\"2024-12-08T22:47:02+00:00\" \/>\n<meta property=\"article:modified_time\" content=\"2024-12-08T22:47:04+00:00\" \/>\n<meta property=\"og:image\" content=\"https:\/\/www.pogotowieflagowe.pl\/aktualne\/wp-content\/uploads\/2024\/12\/Post-Kaczynskiego-o-kocie-wywoluje-ostra-reakcje-lewicowego-posla.webp.webp\" \/>\n\t<meta property=\"og:image:width\" content=\"1280\" \/>\n\t<meta property=\"og:image:height\" content=\"720\" \/>\n\t<meta property=\"og:image:type\" content=\"image\/webp\" \/>\n<meta name=\"author\" content=\"Filip\" \/>\n<meta name=\"twitter:card\" content=\"summary_large_image\" \/>\n<meta name=\"twitter:label1\" content=\"Napisane przez\" \/>\n\t<meta name=\"twitter:data1\" content=\"Filip\" \/>\n\t<meta name=\"twitter:label2\" content=\"Szacowany czas czytania\" \/>\n\t<meta name=\"twitter:data2\" content=\"1 minuta\" \/>\n<script type=\"application\/ld+json\" class=\"yoast-schema-graph\">{\"@context\":\"https:\/\/schema.org\",\"@graph\":[{\"@type\":\"Article\",\"@id\":\"https:\/\/www.pogotowieflagowe.pl\/aktualne\/post-kaczynskiego-o-kocie-wywoluje-ostra-reakcje-lewicowego-posla\/#article\",\"isPartOf\":{\"@id\":\"https:\/\/www.pogotowieflagowe.pl\/aktualne\/post-kaczynskiego-o-kocie-wywoluje-ostra-reakcje-lewicowego-posla\/\"},\"author\":{\"name\":\"Filip\",\"@id\":\"https:\/\/www.pogotowieflagowe.pl\/aktualne\/#\/schema\/person\/9c2fb7d2362ebf6fa088960d7f0d27b0\"},\"headline\":\"Post Kaczy\u0144skiego o kocie wywo\u0142uje ostr\u0105 reakcj\u0119 lewicowego pos\u0142a\",\"datePublished\":\"2024-12-08T22:47:02+00:00\",\"dateModified\":\"2024-12-08T22:47:04+00:00\",\"mainEntityOfPage\":{\"@id\":\"https:\/\/www.pogotowieflagowe.pl\/aktualne\/post-kaczynskiego-o-kocie-wywoluje-ostra-reakcje-lewicowego-posla\/\"},\"wordCount\":262,\"publisher\":{\"@id\":\"https:\/\/www.pogotowieflagowe.pl\/aktualne\/#organization\"},\"image\":{\"@id\":\"https:\/\/www.pogotowieflagowe.pl\/aktualne\/post-kaczynskiego-o-kocie-wywoluje-ostra-reakcje-lewicowego-posla\/#primaryimage\"},\"thumbnailUrl\":\"https:\/\/www.pogotowieflagowe.pl\/aktualne\/wp-content\/uploads\/2024\/12\/Post-Kaczynskiego-o-kocie-wywoluje-ostra-reakcje-lewicowego-posla.webp.webp\",\"keywords\":[\"Kaczy\u0144skiego\",\"kocie\",\"lewicowego\",\"ostr\u0105\",\"pos\u0142a\",\"Post\",\"reakcje\",\"wywo\u0142uje\"],\"articleSection\":[\"Polityka\"],\"inLanguage\":\"pl-PL\"},{\"@type\":\"WebPage\",\"@id\":\"https:\/\/www.pogotowieflagowe.pl\/aktualne\/post-kaczynskiego-o-kocie-wywoluje-ostra-reakcje-lewicowego-posla\/\",\"url\":\"https:\/\/www.pogotowieflagowe.pl\/aktualne\/post-kaczynskiego-o-kocie-wywoluje-ostra-reakcje-lewicowego-posla\/\",\"name\":\"Post Kaczy\u0144skiego o kocie wywo\u0142uje ostr\u0105 reakcj\u0119 lewicowego pos\u0142a - POGOTOWIE FLAGOWE\u00ae\",\"isPartOf\":{\"@id\":\"https:\/\/www.pogotowieflagowe.pl\/aktualne\/#website\"},\"primaryImageOfPage\":{\"@id\":\"https:\/\/www.pogotowieflagowe.pl\/aktualne\/post-kaczynskiego-o-kocie-wywoluje-ostra-reakcje-lewicowego-posla\/#primaryimage\"},\"image\":{\"@id\":\"https:\/\/www.pogotowieflagowe.pl\/aktualne\/post-kaczynskiego-o-kocie-wywoluje-ostra-reakcje-lewicowego-posla\/#primaryimage\"},\"thumbnailUrl\":\"https:\/\/www.pogotowieflagowe.pl\/aktualne\/wp-content\/uploads\/2024\/12\/Post-Kaczynskiego-o-kocie-wywoluje-ostra-reakcje-lewicowego-posla.webp.webp\",\"datePublished\":\"2024-12-08T22:47:02+00:00\",\"dateModified\":\"2024-12-08T22:47:04+00:00\",\"breadcrumb\":{\"@id\":\"https:\/\/www.pogotowieflagowe.pl\/aktualne\/post-kaczynskiego-o-kocie-wywoluje-ostra-reakcje-lewicowego-posla\/#breadcrumb\"},\"inLanguage\":\"pl-PL\",\"potentialAction\":[{\"@type\":\"ReadAction\",\"target\":[\"https:\/\/www.pogotowieflagowe.pl\/aktualne\/post-kaczynskiego-o-kocie-wywoluje-ostra-reakcje-lewicowego-posla\/\"]}]},{\"@type\":\"ImageObject\",\"inLanguage\":\"pl-PL\",\"@id\":\"https:\/\/www.pogotowieflagowe.pl\/aktualne\/post-kaczynskiego-o-kocie-wywoluje-ostra-reakcje-lewicowego-posla\/#primaryimage\",\"url\":\"https:\/\/www.pogotowieflagowe.pl\/aktualne\/wp-content\/uploads\/2024\/12\/Post-Kaczynskiego-o-kocie-wywoluje-ostra-reakcje-lewicowego-posla.webp.webp\",\"contentUrl\":\"https:\/\/www.pogotowieflagowe.pl\/aktualne\/wp-content\/uploads\/2024\/12\/Post-Kaczynskiego-o-kocie-wywoluje-ostra-reakcje-lewicowego-posla.webp.webp\",\"width\":1280,\"height\":720,\"caption\":\"Post Kaczy\u0144skiego o kocie wywo\u0142uje ostr\u0105 reakcj\u0119 lewicowego pos\u0142a\"},{\"@type\":\"BreadcrumbList\",\"@id\":\"https:\/\/www.pogotowieflagowe.pl\/aktualne\/post-kaczynskiego-o-kocie-wywoluje-ostra-reakcje-lewicowego-posla\/#breadcrumb\",\"itemListElement\":[{\"@type\":\"ListItem\",\"position\":1,\"name\":\"Home\",\"item\":\"https:\/\/www.pogotowieflagowe.pl\/aktualne\/\"},{\"@type\":\"ListItem\",\"position\":2,\"name\":\"Post Kaczy\u0144skiego o kocie wywo\u0142uje ostr\u0105 reakcj\u0119 lewicowego pos\u0142a\"}]},{\"@type\":\"WebSite\",\"@id\":\"https:\/\/www.pogotowieflagowe.pl\/aktualne\/#website\",\"url\":\"https:\/\/www.pogotowieflagowe.pl\/aktualne\/\",\"name\":\"POGOTOWIE FLAGOWE\u00ae\",\"description\":\"\",\"publisher\":{\"@id\":\"https:\/\/www.pogotowieflagowe.pl\/aktualne\/#organization\"},\"potentialAction\":[{\"@type\":\"SearchAction\",\"target\":{\"@type\":\"EntryPoint\",\"urlTemplate\":\"https:\/\/www.pogotowieflagowe.pl\/aktualne\/?s={search_term_string}\"},\"query-input\":\"required name=search_term_string\"}],\"inLanguage\":\"pl-PL\"},{\"@type\":\"Organization\",\"@id\":\"https:\/\/www.pogotowieflagowe.pl\/aktualne\/#organization\",\"name\":\"POGOTOWIE FLAGOWE\u00ae\",\"url\":\"https:\/\/www.pogotowieflagowe.pl\/aktualne\/\",\"logo\":{\"@type\":\"ImageObject\",\"inLanguage\":\"pl-PL\",\"@id\":\"https:\/\/www.pogotowieflagowe.pl\/aktualne\/#\/schema\/logo\/image\/\",\"url\":\"https:\/\/www.pogotowieflagowe.pl\/aktualne\/wp-content\/uploads\/2024\/08\/cropped-pogotowieflagowe_flaga_projekt_sm.jpg\",\"contentUrl\":\"https:\/\/www.pogotowieflagowe.pl\/aktualne\/wp-content\/uploads\/2024\/08\/cropped-pogotowieflagowe_flaga_projekt_sm.jpg\",\"width\":250,\"height\":143,\"caption\":\"POGOTOWIE FLAGOWE\u00ae\"},\"image\":{\"@id\":\"https:\/\/www.pogotowieflagowe.pl\/aktualne\/#\/schema\/logo\/image\/\"}},{\"@type\":\"Person\",\"@id\":\"https:\/\/www.pogotowieflagowe.pl\/aktualne\/#\/schema\/person\/9c2fb7d2362ebf6fa088960d7f0d27b0\",\"name\":\"Filip\",\"image\":{\"@type\":\"ImageObject\",\"inLanguage\":\"pl-PL\",\"@id\":\"https:\/\/www.pogotowieflagowe.pl\/aktualne\/#\/schema\/person\/image\/\",\"url\":\"https:\/\/www.pogotowieflagowe.pl\/aktualne\/wp-content\/uploads\/2024\/08\/pogotowieflagowe.pl_.jpg\",\"contentUrl\":\"https:\/\/www.pogotowieflagowe.pl\/aktualne\/wp-content\/uploads\/2024\/08\/pogotowieflagowe.pl_.jpg\",\"caption\":\"Filip\"},\"description\":\"Jestem Filip, polski dziennikarz z dyplomem nauk politycznych Uniwersytetu Warszawskiego. Rozpoczynaj\u0105c swoj\u0105 karier\u0119 w r\u00f3\u017cnych lokalnych mediach, zdoby\u0142em solidne do\u015bwiadczenie w zakresie \u015bledztwa i redakcji. Obecnie jako redaktor w Pogotowie flagowe, staram si\u0119 dostarcza\u0107 dog\u0142\u0119bne i istotne analizy na temat najwa\u017cniejszych kwestii aktualno\u015bci, \u0142\u0105cz\u0105c rygor z pasj\u0105 dziennikarsk\u0105.\",\"sameAs\":[\"https:\/\/www.pogotowieflagowe.pl\/\"]}]}<\/script>\n<!-- \/ Yoast SEO plugin. -->","yoast_head_json":{"title":"Post Kaczy\u0144skiego o kocie wywo\u0142uje ostr\u0105 reakcj\u0119 lewicowego pos\u0142a - POGOTOWIE FLAGOWE\u00ae","robots":{"index":"index","follow":"follow","max-snippet":"max-snippet:-1","max-image-preview":"max-image-preview:large","max-video-preview":"max-video-preview:-1"},"canonical":"https:\/\/www.pogotowieflagowe.pl\/aktualne\/post-kaczynskiego-o-kocie-wywoluje-ostra-reakcje-lewicowego-posla\/","og_locale":"pl_PL","og_type":"article","og_title":"Post Kaczy\u0144skiego o kocie wywo\u0142uje ostr\u0105 reakcj\u0119 lewicowego pos\u0142a - POGOTOWIE FLAGOWE\u00ae","og_description":"Jaros\u0142aw Kaczy\u0144ski, lider polskiej partii Prawo i Sprawiedliwo\u015b\u0107 (PiS), szturmem podbi\u0142 media spo\u0142eczno\u015bciowe, szybko zyskuj\u0105c popularno\u015b\u0107 po do\u0142\u0105czeniu w sobot\u0119","og_url":"https:\/\/www.pogotowieflagowe.pl\/aktualne\/post-kaczynskiego-o-kocie-wywoluje-ostra-reakcje-lewicowego-posla\/","og_site_name":"POGOTOWIE FLAGOWE\u00ae","article_published_time":"2024-12-08T22:47:02+00:00","article_modified_time":"2024-12-08T22:47:04+00:00","og_image":[{"width":1280,"height":720,"url":"https:\/\/www.pogotowieflagowe.pl\/aktualne\/wp-content\/uploads\/2024\/12\/Post-Kaczynskiego-o-kocie-wywoluje-ostra-reakcje-lewicowego-posla.webp.webp","type":"image\/webp"}],"author":"Filip","twitter_card":"summary_large_image","twitter_misc":{"Napisane przez":"Filip","Szacowany czas czytania":"1 minuta"},"schema":{"@context":"https:\/\/schema.org","@graph":[{"@type":"Article","@id":"https:\/\/www.pogotowieflagowe.pl\/aktualne\/post-kaczynskiego-o-kocie-wywoluje-ostra-reakcje-lewicowego-posla\/#article","isPartOf":{"@id":"https:\/\/www.pogotowieflagowe.pl\/aktualne\/post-kaczynskiego-o-kocie-wywoluje-ostra-reakcje-lewicowego-posla\/"},"author":{"name":"Filip","@id":"https:\/\/www.pogotowieflagowe.pl\/aktualne\/#\/schema\/person\/9c2fb7d2362ebf6fa088960d7f0d27b0"},"headline":"Post Kaczy\u0144skiego o kocie wywo\u0142uje ostr\u0105 reakcj\u0119 lewicowego pos\u0142a","datePublished":"2024-12-08T22:47:02+00:00","dateModified":"2024-12-08T22:47:04+00:00","mainEntityOfPage":{"@id":"https:\/\/www.pogotowieflagowe.pl\/aktualne\/post-kaczynskiego-o-kocie-wywoluje-ostra-reakcje-lewicowego-posla\/"},"wordCount":262,"publisher":{"@id":"https:\/\/www.pogotowieflagowe.pl\/aktualne\/#organization"},"image":{"@id":"https:\/\/www.pogotowieflagowe.pl\/aktualne\/post-kaczynskiego-o-kocie-wywoluje-ostra-reakcje-lewicowego-posla\/#primaryimage"},"thumbnailUrl":"https:\/\/www.pogotowieflagowe.pl\/aktualne\/wp-content\/uploads\/2024\/12\/Post-Kaczynskiego-o-kocie-wywoluje-ostra-reakcje-lewicowego-posla.webp.webp","keywords":["Kaczy\u0144skiego","kocie","lewicowego","ostr\u0105","pos\u0142a","Post","reakcje","wywo\u0142uje"],"articleSection":["Polityka"],"inLanguage":"pl-PL"},{"@type":"WebPage","@id":"https:\/\/www.pogotowieflagowe.pl\/aktualne\/post-kaczynskiego-o-kocie-wywoluje-ostra-reakcje-lewicowego-posla\/","url":"https:\/\/www.pogotowieflagowe.pl\/aktualne\/post-kaczynskiego-o-kocie-wywoluje-ostra-reakcje-lewicowego-posla\/","name":"Post Kaczy\u0144skiego o kocie wywo\u0142uje ostr\u0105 reakcj\u0119 lewicowego pos\u0142a - POGOTOWIE FLAGOWE\u00ae","isPartOf":{"@id":"https:\/\/www.pogotowieflagowe.pl\/aktualne\/#website"},"primaryImageOfPage":{"@id":"https:\/\/www.pogotowieflagowe.pl\/aktualne\/post-kaczynskiego-o-kocie-wywoluje-ostra-reakcje-lewicowego-posla\/#primaryimage"},"image":{"@id":"https:\/\/www.pogotowieflagowe.pl\/aktualne\/post-kaczynskiego-o-kocie-wywoluje-ostra-reakcje-lewicowego-posla\/#primaryimage"},"thumbnailUrl":"https:\/\/www.pogotowieflagowe.pl\/aktualne\/wp-content\/uploads\/2024\/12\/Post-Kaczynskiego-o-kocie-wywoluje-ostra-reakcje-lewicowego-posla.webp.webp","datePublished":"2024-12-08T22:47:02+00:00","dateModified":"2024-12-08T22:47:04+00:00","breadcrumb":{"@id":"https:\/\/www.pogotowieflagowe.pl\/aktualne\/post-kaczynskiego-o-kocie-wywoluje-ostra-reakcje-lewicowego-posla\/#breadcrumb"},"inLanguage":"pl-PL","potentialAction":[{"@type":"ReadAction","target":["https:\/\/www.pogotowieflagowe.pl\/aktualne\/post-kaczynskiego-o-kocie-wywoluje-ostra-reakcje-lewicowego-posla\/"]}]},{"@type":"ImageObject","inLanguage":"pl-PL","@id":"https:\/\/www.pogotowieflagowe.pl\/aktualne\/post-kaczynskiego-o-kocie-wywoluje-ostra-reakcje-lewicowego-posla\/#primaryimage","url":"https:\/\/www.pogotowieflagowe.pl\/aktualne\/wp-content\/uploads\/2024\/12\/Post-Kaczynskiego-o-kocie-wywoluje-ostra-reakcje-lewicowego-posla.webp.webp","contentUrl":"https:\/\/www.pogotowieflagowe.pl\/aktualne\/wp-content\/uploads\/2024\/12\/Post-Kaczynskiego-o-kocie-wywoluje-ostra-reakcje-lewicowego-posla.webp.webp","width":1280,"height":720,"caption":"Post Kaczy\u0144skiego o kocie wywo\u0142uje ostr\u0105 reakcj\u0119 lewicowego pos\u0142a"},{"@type":"BreadcrumbList","@id":"https:\/\/www.pogotowieflagowe.pl\/aktualne\/post-kaczynskiego-o-kocie-wywoluje-ostra-reakcje-lewicowego-posla\/#breadcrumb","itemListElement":[{"@type":"ListItem","position":1,"name":"Home","item":"https:\/\/www.pogotowieflagowe.pl\/aktualne\/"},{"@type":"ListItem","position":2,"name":"Post Kaczy\u0144skiego o kocie wywo\u0142uje ostr\u0105 reakcj\u0119 lewicowego pos\u0142a"}]},{"@type":"WebSite","@id":"https:\/\/www.pogotowieflagowe.pl\/aktualne\/#website","url":"https:\/\/www.pogotowieflagowe.pl\/aktualne\/","name":"POGOTOWIE FLAGOWE\u00ae","description":"","publisher":{"@id":"https:\/\/www.pogotowieflagowe.pl\/aktualne\/#organization"},"potentialAction":[{"@type":"SearchAction","target":{"@type":"EntryPoint","urlTemplate":"https:\/\/www.pogotowieflagowe.pl\/aktualne\/?s={search_term_string}"},"query-input":"required name=search_term_string"}],"inLanguage":"pl-PL"},{"@type":"Organization","@id":"https:\/\/www.pogotowieflagowe.pl\/aktualne\/#organization","name":"POGOTOWIE FLAGOWE\u00ae","url":"https:\/\/www.pogotowieflagowe.pl\/aktualne\/","logo":{"@type":"ImageObject","inLanguage":"pl-PL","@id":"https:\/\/www.pogotowieflagowe.pl\/aktualne\/#\/schema\/logo\/image\/","url":"https:\/\/www.pogotowieflagowe.pl\/aktualne\/wp-content\/uploads\/2024\/08\/cropped-pogotowieflagowe_flaga_projekt_sm.jpg","contentUrl":"https:\/\/www.pogotowieflagowe.pl\/aktualne\/wp-content\/uploads\/2024\/08\/cropped-pogotowieflagowe_flaga_projekt_sm.jpg","width":250,"height":143,"caption":"POGOTOWIE FLAGOWE\u00ae"},"image":{"@id":"https:\/\/www.pogotowieflagowe.pl\/aktualne\/#\/schema\/logo\/image\/"}},{"@type":"Person","@id":"https:\/\/www.pogotowieflagowe.pl\/aktualne\/#\/schema\/person\/9c2fb7d2362ebf6fa088960d7f0d27b0","name":"Filip","image":{"@type":"ImageObject","inLanguage":"pl-PL","@id":"https:\/\/www.pogotowieflagowe.pl\/aktualne\/#\/schema\/person\/image\/","url":"https:\/\/www.pogotowieflagowe.pl\/aktualne\/wp-content\/uploads\/2024\/08\/pogotowieflagowe.pl_.jpg","contentUrl":"https:\/\/www.pogotowieflagowe.pl\/aktualne\/wp-content\/uploads\/2024\/08\/pogotowieflagowe.pl_.jpg","caption":"Filip"},"description":"Jestem Filip, polski dziennikarz z dyplomem nauk politycznych Uniwersytetu Warszawskiego. Rozpoczynaj\u0105c swoj\u0105 karier\u0119 w r\u00f3\u017cnych lokalnych mediach, zdoby\u0142em solidne do\u015bwiadczenie w zakresie \u015bledztwa i redakcji. Obecnie jako redaktor w Pogotowie flagowe, staram si\u0119 dostarcza\u0107 dog\u0142\u0119bne i istotne analizy na temat najwa\u017cniejszych kwestii aktualno\u015bci, \u0142\u0105cz\u0105c rygor z pasj\u0105 dziennikarsk\u0105.","sameAs":["https:\/\/www.pogotowieflagowe.pl\/"]}]}},"_links":{"self":[{"href":"https:\/\/www.pogotowieflagowe.pl\/aktualne\/wp-json\/wp\/v2\/posts\/2282","targetHints":{"allow":["GET"]}}],"collection":[{"href":"https:\/\/www.pogotowieflagowe.pl\/aktualne\/wp-json\/wp\/v2\/posts"}],"about":[{"href":"https:\/\/www.pogotowieflagowe.pl\/aktualne\/wp-json\/wp\/v2\/types\/post"}],"author":[{"embeddable":true,"href":"https:\/\/www.pogotowieflagowe.pl\/aktualne\/wp-json\/wp\/v2\/users\/1"}],"replies":[{"embeddable":true,"href":"https:\/\/www.pogotowieflagowe.pl\/aktualne\/wp-json\/wp\/v2\/comments?post=2282"}],"version-history":[{"count":1,"href":"https:\/\/www.pogotowieflagowe.pl\/aktualne\/wp-json\/wp\/v2\/posts\/2282\/revisions"}],"predecessor-version":[{"id":2284,"href":"https:\/\/www.pogotowieflagowe.pl\/aktualne\/wp-json\/wp\/v2\/posts\/2282\/revisions\/2284"}],"wp:featuredmedia":[{"embeddable":true,"href":"https:\/\/www.pogotowieflagowe.pl\/aktualne\/wp-json\/wp\/v2\/media\/2283"}],"wp:attachment":[{"href":"https:\/\/www.pogotowieflagowe.pl\/aktualne\/wp-json\/wp\/v2\/media?parent=2282"}],"wp:term":[{"taxonomy":"category","embeddable":true,"href":"https:\/\/www.pogotowieflagowe.pl\/aktualne\/wp-json\/wp\/v2\/categories?post=2282"},{"taxonomy":"post_tag","embeddable":true,"href":"https:\/\/www.pogotowieflagowe.pl\/aktualne\/wp-json\/wp\/v2\/tags?post=2282"}],"curies":[{"name":"wp","href":"https:\/\/api.w.org\/{rel}","templated":true}]}}