{"id":2291,"date":"2024-12-09T11:49:33","date_gmt":"2024-12-09T10:49:33","guid":{"rendered":"https:\/\/www.pogotowieflagowe.pl\/aktualne\/irena-santor-swietujemy-90-lat-muzycznej-swietnosci\/"},"modified":"2024-12-09T11:49:38","modified_gmt":"2024-12-09T10:49:38","slug":"irena-santor-swietujemy-90-lat-muzycznej-swietnosci","status":"publish","type":"post","link":"https:\/\/www.pogotowieflagowe.pl\/aktualne\/irena-santor-swietujemy-90-lat-muzycznej-swietnosci\/","title":{"rendered":"Irena Santor: \u015awi\u0119tujemy 90 lat muzycznej \u015bwietno\u015bci"},"content":{"rendered":"\n<div class=\"td_block_wrap tdb_single_content tdi_48 td-pb-border-top td_block_template_8 td-post-content tagdiv-type\" data-td-block-uid=\"tdi_48\">\n<style>.tdi_48{margines-top:0px!important;margin-bottom:0px!important;dope\u0142nienie-g\u00f3ra:0px!important;dope\u0142nienie-d\u00f3\u0142:0px!important}<\/style>\n<style>.tdb_single_content{margin-bottom:0;*zoom:1}.tdb_single_content:before,.tdb_single_content:after{display:table;content:'';line-height:0}.tdb_single_content:after{clear:both}.tdb_single_content .tdb-block-inner>*:not(.wp-block-quote):not(.alignwide):not(.alignfull.wp-block-cover.has-parallax):not(.td-a-ad) {margin-left:auto;margin-right:auto}.tdb_single_content a{pointer-events:auto}.tdb_single_content .td-spot-id-top_ad .tdc-placeholder-title:before{content:'Article Top Ad'!important}.tdb_single_content .td-spot-id-inline_ad0 .tdc-placeholder-title:before{content:'Article Reklama wbudowana 1'!important}.tdb_single_content .td-spot-id-inline_ad1 .tdc-placeholder-title:before{content:'Article Inline Ad 2'!important}.tdb_single_content .td-spot-id-inline_ad2 .tdc-placeholder-title:before{content:' Reklama wbudowana w artyku\u0142 3'!important}.tdb_single_content .td-spot-id-bottom_ad .tdc-placeholder-title:before{content:'Article Bottom Ad'!important}.tdb_single_content .id_top_ad,.tdb_single_content .id_bottom_ad{clear:both;margin-bottom:21px;text-align:center}.tdb_single_content .id_top_ad img,.tdb_single_content .id_bottom_ad img{margin-bottom:0}.tdb_single_content .id_top_ad .adsbygoogle,.tdb_single_content .id_bottom_ad .adsbygoogle{position:relative}.tdb_single_content .id_ad_content-horiz-left,.tdb_single_content .id_ad_content-horiz-right,.tdb_single_content .id_ad_content-horiz-center{margin-bottom:15px}.tdb_single_content .id_ad_content-horiz-left img,.tdb_single_content .id_ad_content-horiz-right img,.tdb_single_content .id_ad_content-horiz-center img{margin-bottom:0}.tdb_single_content .id_ad_content-horiz-center{text-align:center}.tdb_single_content .id_ad_content-horiz-center img{margin-right:auto;margin-left:auto}.tdb_single_content .id_ad_content-horiz-left{float:left;margin-top:9px;margin-right:21px}.tdb_single_content .id_ad_content-horiz-right{float:right;margin-top:6px;margin-left:21px}.tdb_single_content .tdc-a-ad .tdc-placeholder-title{width:300px;height:250px}.tdb_single_content .tdc-a-ad .tdc-placeholder-title:before{position:absolute;top:50%;-webkit-transform:translateY(-50%);transform:translateY(-50%);margines:auto;display:table;width:100 %}.tdb_single_content .tdb-block-inner.td-fix-index{word-break:break-word}.tdi_48,.tdi_48>p,.tdi_48 .tdb-block-inner>p{font-size:16px!important;line- wysoko\u015b\u0107:1,6!wa\u017cne}.tdi_48 .tdb-block-inner blockquote p{font-style:normal!important}@media (max-width:767px){.tdb_single_content .id_ad_content-horiz-left,.tdb_single_content .id_ad_content-horiz-right,.tdb_single_content .id_ad_content-horiz-center{margin:0 automatyczny 26px auto}}@media (max-width:767px){.tdb_single_content .id_ad_content-horiz-left{margin-right:0}}@media (max-width:767px){.tdb_single_content .id_ad_content-horiz-right{margin -left:0}}@media (max-width:767px){.tdb_single_content .td-a-ad{float:none;text-align:center}.tdb_single_content .td-a-ad img{margin-right:auto;margin-left:auto}. tdb_single_content .tdc-a-ad{float:none}}<\/style>\n<div class=\"tdb-block-inner td-fix-index\">\n<p>9 grudnia Polska oddaje ho\u0142d narodowemu skarbowi, gdy\u017c Irena Santor, jedna z najbardziej cenionych wokalistek, ko\u0144czy 90 lat. Urodzona w Papowie Biskupiu w 1934 roku, niezwyk\u0142a kariera Santor uczyni\u0142a z niej ikon\u0119 polskiej muzyki. Od skromnych pocz\u0105tk\u00f3w po karier\u0119 symbolu kultury, jej \u017cycie to historia odporno\u015bci, talentu i trwa\u0142ej pasji do muzyki. Przez dziesi\u0119ciolecia jej g\u0142os \u2013 opisywany jako czysty skrzypce Stradivariusa \u2013 urzeka\u0142 publiczno\u015b\u0107 na ca\u0142ym \u015bwiecie. <\/p>\n<h2 class=\"wp-block-heading\">Od przeciwno\u015bci losu do s\u0142awy: powstanie Ireny Santor<\/h2>\n<p>Podr\u00f3\u017c Santora rozpocz\u0119\u0142a si\u0119 w przeciwno\u015bciach losu. Po stracie ojca w czasie II wojny \u015bwiatowej wraz z matk\u0105 przeprowadzi\u0142y si\u0119 do Polanicy-Zdroju, gdzie nauczyciele docenili jej talent muzyczny. W ten spos\u00f3b pozna\u0142a Tadeusza Sygiety\u0144skiego, za\u0142o\u017cyciela Pa\u0144stwowego Zespo\u0142u Ludowego Pie\u015bni i Ta\u0144ca \u201eMazowsze\u201d. Do\u0142\u0105czaj\u0105c do zespo\u0142u \u201eMazowsze\u201d w 1951 roku, Santor przez osiem lat ol\u015bniewa\u0142 publiczno\u015b\u0107 jako solista, wykonuj\u0105c tradycyjne polskie pie\u015bni ludowe. Okres ten po\u0142o\u017cy\u0142 podwaliny pod jej znakomit\u0105 karier\u0119 solow\u0105, kt\u00f3ra rozpocz\u0119\u0142a si\u0119 w 1959 roku i zaowocowa\u0142a ponadczasowymi hitami, takimi jak <em>Powr\u00f3cisz tu<\/em> I <em>Tych lat nie odda nikomu<\/em>.  <\/p>\n<h2 class=\"wp-block-heading\">Irena Santor: \u015bwiatowa ikona i do\u017cywotnia rzeczniczka<\/h2>\n<p>Jej muzyka, s\u0142yn\u0105ca z technicznego blasku i emocjonalnej g\u0142\u0119bi, odbi\u0142a si\u0119 echem daleko poza Polsk\u0105. Santor wyst\u0119powa\u0142 na scenach Europy, obu Ameryk, Azji i Australii, zdobywaj\u0105c mi\u0119dzynarodowe uznanie i staj\u0105c si\u0119 pierwsz\u0105 polsk\u0105 piosenkark\u0105, kt\u00f3ra otrzyma\u0142a tytu\u0142 doktora honoris causa. Jednak jej wp\u0142yw wykracza\u0142 poza muzyk\u0119. Jako oddana filantropka wspiera\u0142a pomoc przeciwpowodziow\u0105, prawa os\u00f3b niepe\u0142nosprawnych i m\u0142odych artyst\u00f3w, pe\u0142ni\u0105c jednocze\u015bnie funkcj\u0119 prezesa Zwi\u0105zku Polskich Artyst\u00f3w Muzyki.  <\/p>\n<p>Chocia\u017c Santor przesz\u0142a na emerytur\u0119 w 2021 r., jej dziedzictwo pozostaje \u017cywe. Jej piosenki, g\u0142\u0119boko zwi\u0105zane z polsk\u0105 to\u017csamo\u015bci\u0105, nadal inspiruj\u0105 pokolenia. Obchodz\u0105c ten kamie\u0144 milowy, Irena Santor jest symbolem elegancji, wytrzyma\u0142o\u015bci i artystycznej doskona\u0142o\u015bci \u2013 g\u0142osu i ducha, kt\u00f3re od prawie stulecia definiuj\u0105 polsk\u0105 muzyk\u0119.<\/p>\n<\/div>\n<\/div>\n","protected":false},"excerpt":{"rendered":"<p>9 grudnia Polska oddaje ho\u0142d narodowemu skarbowi, gdy\u017c Irena Santor, jedna z najbardziej cenionych wokalistek, ko\u0144czy 90 lat. Urodzona w<\/p>\n","protected":false},"author":1,"featured_media":2292,"comment_status":"closed","ping_status":"","sticky":false,"template":"","format":"standard","meta":{"footnotes":""},"categories":[47],"tags":[3607,688,2714,3608,3609,1080],"class_list":["post-2291","post","type-post","status-publish","format-standard","has-post-thumbnail","hentry","category-styl-zycia","tag-irena","tag-lat","tag-muzycznej","tag-santor","tag-swietnosci","tag-swietujemy","generate-columns","tablet-grid-50","mobile-grid-100","grid-parent","grid-50","resize-featured-image"],"yoast_head":"<!-- This site is optimized with the Yoast SEO plugin v23.2 - https:\/\/yoast.com\/wordpress\/plugins\/seo\/ -->\n<title>Irena Santor: \u015awi\u0119tujemy 90 lat muzycznej \u015bwietno\u015bci - POGOTOWIE FLAGOWE\u00ae<\/title>\n<meta name=\"robots\" content=\"index, follow, max-snippet:-1, max-image-preview:large, max-video-preview:-1\" \/>\n<link rel=\"canonical\" href=\"https:\/\/www.pogotowieflagowe.pl\/aktualne\/irena-santor-swietujemy-90-lat-muzycznej-swietnosci\/\" \/>\n<meta property=\"og:locale\" content=\"pl_PL\" \/>\n<meta property=\"og:type\" content=\"article\" \/>\n<meta property=\"og:title\" content=\"Irena Santor: \u015awi\u0119tujemy 90 lat muzycznej \u015bwietno\u015bci - POGOTOWIE FLAGOWE\u00ae\" \/>\n<meta property=\"og:description\" content=\"9 grudnia Polska oddaje ho\u0142d narodowemu skarbowi, gdy\u017c Irena Santor, jedna z najbardziej cenionych wokalistek, ko\u0144czy 90 lat. Urodzona w\" \/>\n<meta property=\"og:url\" content=\"https:\/\/www.pogotowieflagowe.pl\/aktualne\/irena-santor-swietujemy-90-lat-muzycznej-swietnosci\/\" \/>\n<meta property=\"og:site_name\" content=\"POGOTOWIE FLAGOWE\u00ae\" \/>\n<meta property=\"article:published_time\" content=\"2024-12-09T10:49:33+00:00\" \/>\n<meta property=\"article:modified_time\" content=\"2024-12-09T10:49:38+00:00\" \/>\n<meta property=\"og:image\" content=\"https:\/\/www.pogotowieflagowe.pl\/aktualne\/wp-content\/uploads\/2024\/12\/Irena-Santor-Swietujemy-90-lat-muzycznej-swietnosci.jpg\" \/>\n\t<meta property=\"og:image:width\" content=\"1920\" \/>\n\t<meta property=\"og:image:height\" content=\"1620\" \/>\n\t<meta property=\"og:image:type\" content=\"image\/jpeg\" \/>\n<meta name=\"author\" content=\"Filip\" \/>\n<meta name=\"twitter:card\" content=\"summary_large_image\" \/>\n<meta name=\"twitter:label1\" content=\"Napisane przez\" \/>\n\t<meta name=\"twitter:data1\" content=\"Filip\" \/>\n\t<meta name=\"twitter:label2\" content=\"Szacowany czas czytania\" \/>\n\t<meta name=\"twitter:data2\" content=\"2 minuty\" \/>\n<script type=\"application\/ld+json\" class=\"yoast-schema-graph\">{\"@context\":\"https:\/\/schema.org\",\"@graph\":[{\"@type\":\"Article\",\"@id\":\"https:\/\/www.pogotowieflagowe.pl\/aktualne\/irena-santor-swietujemy-90-lat-muzycznej-swietnosci\/#article\",\"isPartOf\":{\"@id\":\"https:\/\/www.pogotowieflagowe.pl\/aktualne\/irena-santor-swietujemy-90-lat-muzycznej-swietnosci\/\"},\"author\":{\"name\":\"Filip\",\"@id\":\"https:\/\/www.pogotowieflagowe.pl\/aktualne\/#\/schema\/person\/9c2fb7d2362ebf6fa088960d7f0d27b0\"},\"headline\":\"Irena Santor: \u015awi\u0119tujemy 90 lat muzycznej \u015bwietno\u015bci\",\"datePublished\":\"2024-12-09T10:49:33+00:00\",\"dateModified\":\"2024-12-09T10:49:38+00:00\",\"mainEntityOfPage\":{\"@id\":\"https:\/\/www.pogotowieflagowe.pl\/aktualne\/irena-santor-swietujemy-90-lat-muzycznej-swietnosci\/\"},\"wordCount\":356,\"publisher\":{\"@id\":\"https:\/\/www.pogotowieflagowe.pl\/aktualne\/#organization\"},\"image\":{\"@id\":\"https:\/\/www.pogotowieflagowe.pl\/aktualne\/irena-santor-swietujemy-90-lat-muzycznej-swietnosci\/#primaryimage\"},\"thumbnailUrl\":\"https:\/\/www.pogotowieflagowe.pl\/aktualne\/wp-content\/uploads\/2024\/12\/Irena-Santor-Swietujemy-90-lat-muzycznej-swietnosci.jpg\",\"keywords\":[\"Irena\",\"lat\",\"muzycznej\",\"Santor\",\"\u015bwietno\u015bci\",\"\u015awi\u0119tujemy\"],\"articleSection\":[\"Styl \u017cycia\"],\"inLanguage\":\"pl-PL\"},{\"@type\":\"WebPage\",\"@id\":\"https:\/\/www.pogotowieflagowe.pl\/aktualne\/irena-santor-swietujemy-90-lat-muzycznej-swietnosci\/\",\"url\":\"https:\/\/www.pogotowieflagowe.pl\/aktualne\/irena-santor-swietujemy-90-lat-muzycznej-swietnosci\/\",\"name\":\"Irena Santor: \u015awi\u0119tujemy 90 lat muzycznej \u015bwietno\u015bci - POGOTOWIE FLAGOWE\u00ae\",\"isPartOf\":{\"@id\":\"https:\/\/www.pogotowieflagowe.pl\/aktualne\/#website\"},\"primaryImageOfPage\":{\"@id\":\"https:\/\/www.pogotowieflagowe.pl\/aktualne\/irena-santor-swietujemy-90-lat-muzycznej-swietnosci\/#primaryimage\"},\"image\":{\"@id\":\"https:\/\/www.pogotowieflagowe.pl\/aktualne\/irena-santor-swietujemy-90-lat-muzycznej-swietnosci\/#primaryimage\"},\"thumbnailUrl\":\"https:\/\/www.pogotowieflagowe.pl\/aktualne\/wp-content\/uploads\/2024\/12\/Irena-Santor-Swietujemy-90-lat-muzycznej-swietnosci.jpg\",\"datePublished\":\"2024-12-09T10:49:33+00:00\",\"dateModified\":\"2024-12-09T10:49:38+00:00\",\"breadcrumb\":{\"@id\":\"https:\/\/www.pogotowieflagowe.pl\/aktualne\/irena-santor-swietujemy-90-lat-muzycznej-swietnosci\/#breadcrumb\"},\"inLanguage\":\"pl-PL\",\"potentialAction\":[{\"@type\":\"ReadAction\",\"target\":[\"https:\/\/www.pogotowieflagowe.pl\/aktualne\/irena-santor-swietujemy-90-lat-muzycznej-swietnosci\/\"]}]},{\"@type\":\"ImageObject\",\"inLanguage\":\"pl-PL\",\"@id\":\"https:\/\/www.pogotowieflagowe.pl\/aktualne\/irena-santor-swietujemy-90-lat-muzycznej-swietnosci\/#primaryimage\",\"url\":\"https:\/\/www.pogotowieflagowe.pl\/aktualne\/wp-content\/uploads\/2024\/12\/Irena-Santor-Swietujemy-90-lat-muzycznej-swietnosci.jpg\",\"contentUrl\":\"https:\/\/www.pogotowieflagowe.pl\/aktualne\/wp-content\/uploads\/2024\/12\/Irena-Santor-Swietujemy-90-lat-muzycznej-swietnosci.jpg\",\"width\":1920,\"height\":1620,\"caption\":\"Irena Santor: \u015awi\u0119tujemy 90 lat muzycznej \u015bwietno\u015bci\"},{\"@type\":\"BreadcrumbList\",\"@id\":\"https:\/\/www.pogotowieflagowe.pl\/aktualne\/irena-santor-swietujemy-90-lat-muzycznej-swietnosci\/#breadcrumb\",\"itemListElement\":[{\"@type\":\"ListItem\",\"position\":1,\"name\":\"Home\",\"item\":\"https:\/\/www.pogotowieflagowe.pl\/aktualne\/\"},{\"@type\":\"ListItem\",\"position\":2,\"name\":\"Irena Santor: \u015awi\u0119tujemy 90 lat muzycznej \u015bwietno\u015bci\"}]},{\"@type\":\"WebSite\",\"@id\":\"https:\/\/www.pogotowieflagowe.pl\/aktualne\/#website\",\"url\":\"https:\/\/www.pogotowieflagowe.pl\/aktualne\/\",\"name\":\"POGOTOWIE FLAGOWE\u00ae\",\"description\":\"\",\"publisher\":{\"@id\":\"https:\/\/www.pogotowieflagowe.pl\/aktualne\/#organization\"},\"potentialAction\":[{\"@type\":\"SearchAction\",\"target\":{\"@type\":\"EntryPoint\",\"urlTemplate\":\"https:\/\/www.pogotowieflagowe.pl\/aktualne\/?s={search_term_string}\"},\"query-input\":\"required name=search_term_string\"}],\"inLanguage\":\"pl-PL\"},{\"@type\":\"Organization\",\"@id\":\"https:\/\/www.pogotowieflagowe.pl\/aktualne\/#organization\",\"name\":\"POGOTOWIE FLAGOWE\u00ae\",\"url\":\"https:\/\/www.pogotowieflagowe.pl\/aktualne\/\",\"logo\":{\"@type\":\"ImageObject\",\"inLanguage\":\"pl-PL\",\"@id\":\"https:\/\/www.pogotowieflagowe.pl\/aktualne\/#\/schema\/logo\/image\/\",\"url\":\"https:\/\/www.pogotowieflagowe.pl\/aktualne\/wp-content\/uploads\/2024\/08\/cropped-pogotowieflagowe_flaga_projekt_sm.jpg\",\"contentUrl\":\"https:\/\/www.pogotowieflagowe.pl\/aktualne\/wp-content\/uploads\/2024\/08\/cropped-pogotowieflagowe_flaga_projekt_sm.jpg\",\"width\":250,\"height\":143,\"caption\":\"POGOTOWIE FLAGOWE\u00ae\"},\"image\":{\"@id\":\"https:\/\/www.pogotowieflagowe.pl\/aktualne\/#\/schema\/logo\/image\/\"}},{\"@type\":\"Person\",\"@id\":\"https:\/\/www.pogotowieflagowe.pl\/aktualne\/#\/schema\/person\/9c2fb7d2362ebf6fa088960d7f0d27b0\",\"name\":\"Filip\",\"image\":{\"@type\":\"ImageObject\",\"inLanguage\":\"pl-PL\",\"@id\":\"https:\/\/www.pogotowieflagowe.pl\/aktualne\/#\/schema\/person\/image\/\",\"url\":\"https:\/\/www.pogotowieflagowe.pl\/aktualne\/wp-content\/uploads\/2024\/08\/pogotowieflagowe.pl_.jpg\",\"contentUrl\":\"https:\/\/www.pogotowieflagowe.pl\/aktualne\/wp-content\/uploads\/2024\/08\/pogotowieflagowe.pl_.jpg\",\"caption\":\"Filip\"},\"description\":\"Jestem Filip, polski dziennikarz z dyplomem nauk politycznych Uniwersytetu Warszawskiego. Rozpoczynaj\u0105c swoj\u0105 karier\u0119 w r\u00f3\u017cnych lokalnych mediach, zdoby\u0142em solidne do\u015bwiadczenie w zakresie \u015bledztwa i redakcji. Obecnie jako redaktor w Pogotowie flagowe, staram si\u0119 dostarcza\u0107 dog\u0142\u0119bne i istotne analizy na temat najwa\u017cniejszych kwestii aktualno\u015bci, \u0142\u0105cz\u0105c rygor z pasj\u0105 dziennikarsk\u0105.\",\"sameAs\":[\"https:\/\/www.pogotowieflagowe.pl\/\"]}]}<\/script>\n<!-- \/ Yoast SEO plugin. -->","yoast_head_json":{"title":"Irena Santor: \u015awi\u0119tujemy 90 lat muzycznej \u015bwietno\u015bci - POGOTOWIE FLAGOWE\u00ae","robots":{"index":"index","follow":"follow","max-snippet":"max-snippet:-1","max-image-preview":"max-image-preview:large","max-video-preview":"max-video-preview:-1"},"canonical":"https:\/\/www.pogotowieflagowe.pl\/aktualne\/irena-santor-swietujemy-90-lat-muzycznej-swietnosci\/","og_locale":"pl_PL","og_type":"article","og_title":"Irena Santor: \u015awi\u0119tujemy 90 lat muzycznej \u015bwietno\u015bci - POGOTOWIE FLAGOWE\u00ae","og_description":"9 grudnia Polska oddaje ho\u0142d narodowemu skarbowi, gdy\u017c Irena Santor, jedna z najbardziej cenionych wokalistek, ko\u0144czy 90 lat. Urodzona w","og_url":"https:\/\/www.pogotowieflagowe.pl\/aktualne\/irena-santor-swietujemy-90-lat-muzycznej-swietnosci\/","og_site_name":"POGOTOWIE FLAGOWE\u00ae","article_published_time":"2024-12-09T10:49:33+00:00","article_modified_time":"2024-12-09T10:49:38+00:00","og_image":[{"width":1920,"height":1620,"url":"https:\/\/www.pogotowieflagowe.pl\/aktualne\/wp-content\/uploads\/2024\/12\/Irena-Santor-Swietujemy-90-lat-muzycznej-swietnosci.jpg","type":"image\/jpeg"}],"author":"Filip","twitter_card":"summary_large_image","twitter_misc":{"Napisane przez":"Filip","Szacowany czas czytania":"2 minuty"},"schema":{"@context":"https:\/\/schema.org","@graph":[{"@type":"Article","@id":"https:\/\/www.pogotowieflagowe.pl\/aktualne\/irena-santor-swietujemy-90-lat-muzycznej-swietnosci\/#article","isPartOf":{"@id":"https:\/\/www.pogotowieflagowe.pl\/aktualne\/irena-santor-swietujemy-90-lat-muzycznej-swietnosci\/"},"author":{"name":"Filip","@id":"https:\/\/www.pogotowieflagowe.pl\/aktualne\/#\/schema\/person\/9c2fb7d2362ebf6fa088960d7f0d27b0"},"headline":"Irena Santor: \u015awi\u0119tujemy 90 lat muzycznej \u015bwietno\u015bci","datePublished":"2024-12-09T10:49:33+00:00","dateModified":"2024-12-09T10:49:38+00:00","mainEntityOfPage":{"@id":"https:\/\/www.pogotowieflagowe.pl\/aktualne\/irena-santor-swietujemy-90-lat-muzycznej-swietnosci\/"},"wordCount":356,"publisher":{"@id":"https:\/\/www.pogotowieflagowe.pl\/aktualne\/#organization"},"image":{"@id":"https:\/\/www.pogotowieflagowe.pl\/aktualne\/irena-santor-swietujemy-90-lat-muzycznej-swietnosci\/#primaryimage"},"thumbnailUrl":"https:\/\/www.pogotowieflagowe.pl\/aktualne\/wp-content\/uploads\/2024\/12\/Irena-Santor-Swietujemy-90-lat-muzycznej-swietnosci.jpg","keywords":["Irena","lat","muzycznej","Santor","\u015bwietno\u015bci","\u015awi\u0119tujemy"],"articleSection":["Styl \u017cycia"],"inLanguage":"pl-PL"},{"@type":"WebPage","@id":"https:\/\/www.pogotowieflagowe.pl\/aktualne\/irena-santor-swietujemy-90-lat-muzycznej-swietnosci\/","url":"https:\/\/www.pogotowieflagowe.pl\/aktualne\/irena-santor-swietujemy-90-lat-muzycznej-swietnosci\/","name":"Irena Santor: \u015awi\u0119tujemy 90 lat muzycznej \u015bwietno\u015bci - POGOTOWIE FLAGOWE\u00ae","isPartOf":{"@id":"https:\/\/www.pogotowieflagowe.pl\/aktualne\/#website"},"primaryImageOfPage":{"@id":"https:\/\/www.pogotowieflagowe.pl\/aktualne\/irena-santor-swietujemy-90-lat-muzycznej-swietnosci\/#primaryimage"},"image":{"@id":"https:\/\/www.pogotowieflagowe.pl\/aktualne\/irena-santor-swietujemy-90-lat-muzycznej-swietnosci\/#primaryimage"},"thumbnailUrl":"https:\/\/www.pogotowieflagowe.pl\/aktualne\/wp-content\/uploads\/2024\/12\/Irena-Santor-Swietujemy-90-lat-muzycznej-swietnosci.jpg","datePublished":"2024-12-09T10:49:33+00:00","dateModified":"2024-12-09T10:49:38+00:00","breadcrumb":{"@id":"https:\/\/www.pogotowieflagowe.pl\/aktualne\/irena-santor-swietujemy-90-lat-muzycznej-swietnosci\/#breadcrumb"},"inLanguage":"pl-PL","potentialAction":[{"@type":"ReadAction","target":["https:\/\/www.pogotowieflagowe.pl\/aktualne\/irena-santor-swietujemy-90-lat-muzycznej-swietnosci\/"]}]},{"@type":"ImageObject","inLanguage":"pl-PL","@id":"https:\/\/www.pogotowieflagowe.pl\/aktualne\/irena-santor-swietujemy-90-lat-muzycznej-swietnosci\/#primaryimage","url":"https:\/\/www.pogotowieflagowe.pl\/aktualne\/wp-content\/uploads\/2024\/12\/Irena-Santor-Swietujemy-90-lat-muzycznej-swietnosci.jpg","contentUrl":"https:\/\/www.pogotowieflagowe.pl\/aktualne\/wp-content\/uploads\/2024\/12\/Irena-Santor-Swietujemy-90-lat-muzycznej-swietnosci.jpg","width":1920,"height":1620,"caption":"Irena Santor: \u015awi\u0119tujemy 90 lat muzycznej \u015bwietno\u015bci"},{"@type":"BreadcrumbList","@id":"https:\/\/www.pogotowieflagowe.pl\/aktualne\/irena-santor-swietujemy-90-lat-muzycznej-swietnosci\/#breadcrumb","itemListElement":[{"@type":"ListItem","position":1,"name":"Home","item":"https:\/\/www.pogotowieflagowe.pl\/aktualne\/"},{"@type":"ListItem","position":2,"name":"Irena Santor: \u015awi\u0119tujemy 90 lat muzycznej \u015bwietno\u015bci"}]},{"@type":"WebSite","@id":"https:\/\/www.pogotowieflagowe.pl\/aktualne\/#website","url":"https:\/\/www.pogotowieflagowe.pl\/aktualne\/","name":"POGOTOWIE FLAGOWE\u00ae","description":"","publisher":{"@id":"https:\/\/www.pogotowieflagowe.pl\/aktualne\/#organization"},"potentialAction":[{"@type":"SearchAction","target":{"@type":"EntryPoint","urlTemplate":"https:\/\/www.pogotowieflagowe.pl\/aktualne\/?s={search_term_string}"},"query-input":"required name=search_term_string"}],"inLanguage":"pl-PL"},{"@type":"Organization","@id":"https:\/\/www.pogotowieflagowe.pl\/aktualne\/#organization","name":"POGOTOWIE FLAGOWE\u00ae","url":"https:\/\/www.pogotowieflagowe.pl\/aktualne\/","logo":{"@type":"ImageObject","inLanguage":"pl-PL","@id":"https:\/\/www.pogotowieflagowe.pl\/aktualne\/#\/schema\/logo\/image\/","url":"https:\/\/www.pogotowieflagowe.pl\/aktualne\/wp-content\/uploads\/2024\/08\/cropped-pogotowieflagowe_flaga_projekt_sm.jpg","contentUrl":"https:\/\/www.pogotowieflagowe.pl\/aktualne\/wp-content\/uploads\/2024\/08\/cropped-pogotowieflagowe_flaga_projekt_sm.jpg","width":250,"height":143,"caption":"POGOTOWIE FLAGOWE\u00ae"},"image":{"@id":"https:\/\/www.pogotowieflagowe.pl\/aktualne\/#\/schema\/logo\/image\/"}},{"@type":"Person","@id":"https:\/\/www.pogotowieflagowe.pl\/aktualne\/#\/schema\/person\/9c2fb7d2362ebf6fa088960d7f0d27b0","name":"Filip","image":{"@type":"ImageObject","inLanguage":"pl-PL","@id":"https:\/\/www.pogotowieflagowe.pl\/aktualne\/#\/schema\/person\/image\/","url":"https:\/\/www.pogotowieflagowe.pl\/aktualne\/wp-content\/uploads\/2024\/08\/pogotowieflagowe.pl_.jpg","contentUrl":"https:\/\/www.pogotowieflagowe.pl\/aktualne\/wp-content\/uploads\/2024\/08\/pogotowieflagowe.pl_.jpg","caption":"Filip"},"description":"Jestem Filip, polski dziennikarz z dyplomem nauk politycznych Uniwersytetu Warszawskiego. Rozpoczynaj\u0105c swoj\u0105 karier\u0119 w r\u00f3\u017cnych lokalnych mediach, zdoby\u0142em solidne do\u015bwiadczenie w zakresie \u015bledztwa i redakcji. Obecnie jako redaktor w Pogotowie flagowe, staram si\u0119 dostarcza\u0107 dog\u0142\u0119bne i istotne analizy na temat najwa\u017cniejszych kwestii aktualno\u015bci, \u0142\u0105cz\u0105c rygor z pasj\u0105 dziennikarsk\u0105.","sameAs":["https:\/\/www.pogotowieflagowe.pl\/"]}]}},"_links":{"self":[{"href":"https:\/\/www.pogotowieflagowe.pl\/aktualne\/wp-json\/wp\/v2\/posts\/2291","targetHints":{"allow":["GET"]}}],"collection":[{"href":"https:\/\/www.pogotowieflagowe.pl\/aktualne\/wp-json\/wp\/v2\/posts"}],"about":[{"href":"https:\/\/www.pogotowieflagowe.pl\/aktualne\/wp-json\/wp\/v2\/types\/post"}],"author":[{"embeddable":true,"href":"https:\/\/www.pogotowieflagowe.pl\/aktualne\/wp-json\/wp\/v2\/users\/1"}],"replies":[{"embeddable":true,"href":"https:\/\/www.pogotowieflagowe.pl\/aktualne\/wp-json\/wp\/v2\/comments?post=2291"}],"version-history":[{"count":1,"href":"https:\/\/www.pogotowieflagowe.pl\/aktualne\/wp-json\/wp\/v2\/posts\/2291\/revisions"}],"predecessor-version":[{"id":2293,"href":"https:\/\/www.pogotowieflagowe.pl\/aktualne\/wp-json\/wp\/v2\/posts\/2291\/revisions\/2293"}],"wp:featuredmedia":[{"embeddable":true,"href":"https:\/\/www.pogotowieflagowe.pl\/aktualne\/wp-json\/wp\/v2\/media\/2292"}],"wp:attachment":[{"href":"https:\/\/www.pogotowieflagowe.pl\/aktualne\/wp-json\/wp\/v2\/media?parent=2291"}],"wp:term":[{"taxonomy":"category","embeddable":true,"href":"https:\/\/www.pogotowieflagowe.pl\/aktualne\/wp-json\/wp\/v2\/categories?post=2291"},{"taxonomy":"post_tag","embeddable":true,"href":"https:\/\/www.pogotowieflagowe.pl\/aktualne\/wp-json\/wp\/v2\/tags?post=2291"}],"curies":[{"name":"wp","href":"https:\/\/api.w.org\/{rel}","templated":true}]}}