{"id":2299,"date":"2024-12-09T19:48:28","date_gmt":"2024-12-09T18:48:28","guid":{"rendered":"https:\/\/www.pogotowieflagowe.pl\/aktualne\/swiateczne-paczki-zywnosciowe-dla-potrzebujacych\/"},"modified":"2024-12-09T19:48:31","modified_gmt":"2024-12-09T18:48:31","slug":"swiateczne-paczki-zywnosciowe-dla-potrzebujacych","status":"publish","type":"post","link":"https:\/\/www.pogotowieflagowe.pl\/aktualne\/swiateczne-paczki-zywnosciowe-dla-potrzebujacych\/","title":{"rendered":"\u015awi\u0105teczne paczki \u017cywno\u015bciowe dla potrzebuj\u0105cych"},"content":{"rendered":"\n<div class=\"td_block_wrap tdb_single_content tdi_48 td-pb-border-top td_block_template_8 td-post-content tagdiv-type\" data-td-block-uid=\"tdi_48\">\n<style>.tdi_48{margines-top:0px!important;margin-bottom:0px!important;dope\u0142nienie-g\u00f3ra:0px!important;dope\u0142nienie-d\u00f3\u0142:0px!important}<\/style>\n<style>.tdb_single_content{margin-bottom:0;*zoom:1}.tdb_single_content:before,.tdb_single_content:after{display:table;content:'';line-height:0}.tdb_single_content:after{clear:both}.tdb_single_content .tdb-block-inner>*:not(.wp-block-quote):not(.alignwide):not(.alignfull.wp-block-cover.has-parallax):not(.td-a-ad) {margin-left:auto;margin-right:auto}.tdb_single_content a{pointer-events:auto}.tdb_single_content .td-spot-id-top_ad .tdc-placeholder-title:before{content:'Article Top Ad'!important}.tdb_single_content .td-spot-id-inline_ad0 .tdc-placeholder-title:before{content:'Article Reklama wbudowana 1'!important}.tdb_single_content .td-spot-id-inline_ad1 .tdc-placeholder-title:before{content:'Article Inline Ad 2'!important}.tdb_single_content .td-spot-id-inline_ad2 .tdc-placeholder-title:before{content:' Reklama wbudowana w artyku\u0142 3'!important}.tdb_single_content .td-spot-id-bottom_ad .tdc-placeholder-title:before{content:'Article Bottom Ad'!important}.tdb_single_content .id_top_ad,.tdb_single_content .id_bottom_ad{clear:both;margin-bottom:21px;text-align:center}.tdb_single_content .id_top_ad img,.tdb_single_content .id_bottom_ad img{margin-bottom:0}.tdb_single_content .id_top_ad .adsbygoogle,.tdb_single_content .id_bottom_ad .adsbygoogle{position:relative}.tdb_single_content .id_ad_content-horiz-left,.tdb_single_content .id_ad_content-horiz-right,.tdb_single_content .id_ad_content-horiz-center{margin-bottom:15px}.tdb_single_content .id_ad_content-horiz-left img,.tdb_single_content .id_ad_content-horiz-right img,.tdb_single_content .id_ad_content-horiz-center img{margin-bottom:0}.tdb_single_content .id_ad_content-horiz-center{text-align:center}.tdb_single_content .id_ad_content-horiz-center img{margin-right:auto;margin-left:auto}.tdb_single_content .id_ad_content-horiz-left{float:left;margin-top:9px;margin-right:21px}.tdb_single_content .id_ad_content-horiz-right{float:right;margin-top:6px;margin-left:21px}.tdb_single_content .tdc-a-ad .tdc-placeholder-title{width:300px;height:250px}.tdb_single_content .tdc-a-ad .tdc-placeholder-title:before{position:absolute;top:50%;-webkit-transform:translateY(-50%);transform:translateY(-50%);margines:auto;display:table;width:100 %}.tdb_single_content .tdb-block-inner.td-fix-index{word-break:break-word}.tdi_48,.tdi_48>p,.tdi_48 .tdb-block-inner>p{font-size:16px!important;line- wysoko\u015b\u0107:1,6!wa\u017cne}.tdi_48 .tdb-block-inner blockquote p{font-style:normal!important}@media (max-width:767px){.tdb_single_content .id_ad_content-horiz-left,.tdb_single_content .id_ad_content-horiz-right,.tdb_single_content .id_ad_content-horiz-center{margin:0 automatyczny 26px auto}}@media (max-width:767px){.tdb_single_content .id_ad_content-horiz-left{margin-right:0}}@media (max-width:767px){.tdb_single_content .id_ad_content-horiz-right{margin -left:0}}@media (max-width:767px){.tdb_single_content .td-a-ad{float:none;text-align:center}.tdb_single_content .td-a-ad img{margin-right:auto;margin-left:auto}. tdb_single_content .tdc-a-ad{float:none}}<\/style>\n<div class=\"tdb-block-inner td-fix-index\">\n<p>W dniu 5 grudnia 2024 r. Pierwsza Dama Agata Kornhauser-Duda wzi\u0119\u0142a udzia\u0142 w przygotowaniu \u015bwi\u0105tecznych paczek \u017cywno\u015bciowych dla potrzebuj\u0105cych w ramach 28. \u015awi\u0105tecznej Zbi\u00f3rki \u017bywno\u015bci. Wydarzenie odby\u0142o si\u0119 na terenie Stowarzyszenia \u201eSerduszko dla Dzieci\u201d na warszawskiej Pradze-P\u00f3\u0142noc, kt\u00f3re zapewnia pomoc charytatywn\u0105, edukacyjn\u0105 i spo\u0142eczn\u0105. Stowarzyszenie obs\u0142uguje rocznie ponad sze\u015b\u0107dziesi\u0105t dzieci za po\u015brednictwem swojego terapeutycznego centrum m\u0142odzie\u017cowego.<\/p>\n<p><strong>Wsp\u00f3lny wysi\u0142ek na rzecz wspierania rodzin<\/strong><\/p>\n<p>Wraz z beneficjentami stowarzyszenia i wolontariuszami, w tym z Bank\u00f3w \u017bywno\u015bci SOS w Warszawie, Pierwsza Dama pomaga\u0142a w przygotowaniu paczek \u017cywno\u015bciowych dla rodzin wspieranych przez organizacj\u0119. Wyrazi\u0142a wdzi\u0119czno\u015b\u0107 za dotychczasowe wysi\u0142ki Federacji Polskich Bank\u00f3w \u017bywno\u015bci, doceniaj\u0105c wieloletni\u0105 prac\u0119 na rzecz pomocy potrzebuj\u0105cym.<\/p>\n<p><strong>Podnoszenie \u015bwiadomo\u015bci na temat marnowania \u017cywno\u015bci<\/strong><\/p>\n<p>Inicjatywa nie tylko zapewnia pomoc \u017cywno\u015bciow\u0105, ale tak\u017ce edukuje ludzi w zakresie zapobiegania marnowaniu \u017cywno\u015bci i znaczenia zdrowego stylu \u017cycia. Pierwsza Dama pochwali\u0142a Banki \u017bywno\u015bci za programy edukacyjne, kt\u00f3re docieraj\u0105 ju\u017c do dzieci w wieku przedszkolnym, podnosz\u0105c \u015bwiadomo\u015b\u0107 na temat marnowania \u017cywno\u015bci i kwestii ekologicznych.<\/p>\n<p><strong>Patrz\u0105c w przysz\u0142o\u015b\u0107<\/strong><\/p>\n<p>Podczas wydarzenia m\u0142odzi wolontariusze podzielili si\u0119 swoimi osobistymi motywacjami do zaanga\u017cowania si\u0119, co odzwierciedla rosn\u0105cy ruch wolontariacki w Polsce, kt\u00f3ry obecnie obejmuje wi\u0119cej senior\u00f3w. Z okazji zbli\u017caj\u0105cych si\u0119 \u015awi\u0105t Bo\u017cego Narodzenia Pierwsza Dama \u017cyczy\u0142a wszystkim spokojnych \u015awi\u0105t w gronie najbli\u017cszych.<\/p>\n<\/div>\n<\/div>\n","protected":false},"excerpt":{"rendered":"<p>W dniu 5 grudnia 2024 r. Pierwsza Dama Agata Kornhauser-Duda wzi\u0119\u0142a udzia\u0142 w przygotowaniu \u015bwi\u0105tecznych paczek \u017cywno\u015bciowych dla potrzebuj\u0105cych w<\/p>\n","protected":false},"author":1,"featured_media":2300,"comment_status":"closed","ping_status":"","sticky":false,"template":"","format":"standard","meta":{"footnotes":""},"categories":[44],"tags":[131,3617,3619,3616,3618],"class_list":["post-2299","post","type-post","status-publish","format-standard","has-post-thumbnail","hentry","category-polityka","tag-dla","tag-paczki","tag-potrzebujacych","tag-swiateczne","tag-zywnosciowe","generate-columns","tablet-grid-50","mobile-grid-100","grid-parent","grid-50","resize-featured-image"],"yoast_head":"<!-- This site is optimized with the Yoast SEO plugin v23.2 - https:\/\/yoast.com\/wordpress\/plugins\/seo\/ -->\n<title>\u015awi\u0105teczne paczki \u017cywno\u015bciowe dla potrzebuj\u0105cych - POGOTOWIE FLAGOWE\u00ae<\/title>\n<meta name=\"robots\" content=\"index, follow, max-snippet:-1, max-image-preview:large, max-video-preview:-1\" \/>\n<link rel=\"canonical\" href=\"https:\/\/www.pogotowieflagowe.pl\/aktualne\/swiateczne-paczki-zywnosciowe-dla-potrzebujacych\/\" \/>\n<meta property=\"og:locale\" content=\"pl_PL\" \/>\n<meta property=\"og:type\" content=\"article\" \/>\n<meta property=\"og:title\" content=\"\u015awi\u0105teczne paczki \u017cywno\u015bciowe dla potrzebuj\u0105cych - POGOTOWIE FLAGOWE\u00ae\" \/>\n<meta property=\"og:description\" content=\"W dniu 5 grudnia 2024 r. Pierwsza Dama Agata Kornhauser-Duda wzi\u0119\u0142a udzia\u0142 w przygotowaniu \u015bwi\u0105tecznych paczek \u017cywno\u015bciowych dla potrzebuj\u0105cych w\" \/>\n<meta property=\"og:url\" content=\"https:\/\/www.pogotowieflagowe.pl\/aktualne\/swiateczne-paczki-zywnosciowe-dla-potrzebujacych\/\" \/>\n<meta property=\"og:site_name\" content=\"POGOTOWIE FLAGOWE\u00ae\" \/>\n<meta property=\"article:published_time\" content=\"2024-12-09T18:48:28+00:00\" \/>\n<meta property=\"article:modified_time\" content=\"2024-12-09T18:48:31+00:00\" \/>\n<meta property=\"og:image\" content=\"https:\/\/www.pogotowieflagowe.pl\/aktualne\/wp-content\/uploads\/2024\/12\/Swiateczne-paczki-zywnosciowe-dla-potrzebujacych.jpg\" \/>\n\t<meta property=\"og:image:width\" content=\"1920\" \/>\n\t<meta property=\"og:image:height\" content=\"1280\" \/>\n\t<meta property=\"og:image:type\" content=\"image\/jpeg\" \/>\n<meta name=\"author\" content=\"Filip\" \/>\n<meta name=\"twitter:card\" content=\"summary_large_image\" \/>\n<meta name=\"twitter:label1\" content=\"Napisane przez\" \/>\n\t<meta name=\"twitter:data1\" content=\"Filip\" \/>\n\t<meta name=\"twitter:label2\" content=\"Szacowany czas czytania\" \/>\n\t<meta name=\"twitter:data2\" content=\"1 minuta\" \/>\n<script type=\"application\/ld+json\" class=\"yoast-schema-graph\">{\"@context\":\"https:\/\/schema.org\",\"@graph\":[{\"@type\":\"Article\",\"@id\":\"https:\/\/www.pogotowieflagowe.pl\/aktualne\/swiateczne-paczki-zywnosciowe-dla-potrzebujacych\/#article\",\"isPartOf\":{\"@id\":\"https:\/\/www.pogotowieflagowe.pl\/aktualne\/swiateczne-paczki-zywnosciowe-dla-potrzebujacych\/\"},\"author\":{\"name\":\"Filip\",\"@id\":\"https:\/\/www.pogotowieflagowe.pl\/aktualne\/#\/schema\/person\/9c2fb7d2362ebf6fa088960d7f0d27b0\"},\"headline\":\"\u015awi\u0105teczne paczki \u017cywno\u015bciowe dla potrzebuj\u0105cych\",\"datePublished\":\"2024-12-09T18:48:28+00:00\",\"dateModified\":\"2024-12-09T18:48:31+00:00\",\"mainEntityOfPage\":{\"@id\":\"https:\/\/www.pogotowieflagowe.pl\/aktualne\/swiateczne-paczki-zywnosciowe-dla-potrzebujacych\/\"},\"wordCount\":258,\"publisher\":{\"@id\":\"https:\/\/www.pogotowieflagowe.pl\/aktualne\/#organization\"},\"image\":{\"@id\":\"https:\/\/www.pogotowieflagowe.pl\/aktualne\/swiateczne-paczki-zywnosciowe-dla-potrzebujacych\/#primaryimage\"},\"thumbnailUrl\":\"https:\/\/www.pogotowieflagowe.pl\/aktualne\/wp-content\/uploads\/2024\/12\/Swiateczne-paczki-zywnosciowe-dla-potrzebujacych.jpg\",\"keywords\":[\"dla\",\"paczki\",\"potrzebuj\u0105cych\",\"\u015awi\u0105teczne\",\"\u017cywno\u015bciowe\"],\"articleSection\":[\"Polityka\"],\"inLanguage\":\"pl-PL\"},{\"@type\":\"WebPage\",\"@id\":\"https:\/\/www.pogotowieflagowe.pl\/aktualne\/swiateczne-paczki-zywnosciowe-dla-potrzebujacych\/\",\"url\":\"https:\/\/www.pogotowieflagowe.pl\/aktualne\/swiateczne-paczki-zywnosciowe-dla-potrzebujacych\/\",\"name\":\"\u015awi\u0105teczne paczki \u017cywno\u015bciowe dla potrzebuj\u0105cych - POGOTOWIE FLAGOWE\u00ae\",\"isPartOf\":{\"@id\":\"https:\/\/www.pogotowieflagowe.pl\/aktualne\/#website\"},\"primaryImageOfPage\":{\"@id\":\"https:\/\/www.pogotowieflagowe.pl\/aktualne\/swiateczne-paczki-zywnosciowe-dla-potrzebujacych\/#primaryimage\"},\"image\":{\"@id\":\"https:\/\/www.pogotowieflagowe.pl\/aktualne\/swiateczne-paczki-zywnosciowe-dla-potrzebujacych\/#primaryimage\"},\"thumbnailUrl\":\"https:\/\/www.pogotowieflagowe.pl\/aktualne\/wp-content\/uploads\/2024\/12\/Swiateczne-paczki-zywnosciowe-dla-potrzebujacych.jpg\",\"datePublished\":\"2024-12-09T18:48:28+00:00\",\"dateModified\":\"2024-12-09T18:48:31+00:00\",\"breadcrumb\":{\"@id\":\"https:\/\/www.pogotowieflagowe.pl\/aktualne\/swiateczne-paczki-zywnosciowe-dla-potrzebujacych\/#breadcrumb\"},\"inLanguage\":\"pl-PL\",\"potentialAction\":[{\"@type\":\"ReadAction\",\"target\":[\"https:\/\/www.pogotowieflagowe.pl\/aktualne\/swiateczne-paczki-zywnosciowe-dla-potrzebujacych\/\"]}]},{\"@type\":\"ImageObject\",\"inLanguage\":\"pl-PL\",\"@id\":\"https:\/\/www.pogotowieflagowe.pl\/aktualne\/swiateczne-paczki-zywnosciowe-dla-potrzebujacych\/#primaryimage\",\"url\":\"https:\/\/www.pogotowieflagowe.pl\/aktualne\/wp-content\/uploads\/2024\/12\/Swiateczne-paczki-zywnosciowe-dla-potrzebujacych.jpg\",\"contentUrl\":\"https:\/\/www.pogotowieflagowe.pl\/aktualne\/wp-content\/uploads\/2024\/12\/Swiateczne-paczki-zywnosciowe-dla-potrzebujacych.jpg\",\"width\":1920,\"height\":1280,\"caption\":\"\u015awi\u0105teczne paczki \u017cywno\u015bciowe dla potrzebuj\u0105cych\"},{\"@type\":\"BreadcrumbList\",\"@id\":\"https:\/\/www.pogotowieflagowe.pl\/aktualne\/swiateczne-paczki-zywnosciowe-dla-potrzebujacych\/#breadcrumb\",\"itemListElement\":[{\"@type\":\"ListItem\",\"position\":1,\"name\":\"Home\",\"item\":\"https:\/\/www.pogotowieflagowe.pl\/aktualne\/\"},{\"@type\":\"ListItem\",\"position\":2,\"name\":\"\u015awi\u0105teczne paczki \u017cywno\u015bciowe dla potrzebuj\u0105cych\"}]},{\"@type\":\"WebSite\",\"@id\":\"https:\/\/www.pogotowieflagowe.pl\/aktualne\/#website\",\"url\":\"https:\/\/www.pogotowieflagowe.pl\/aktualne\/\",\"name\":\"POGOTOWIE FLAGOWE\u00ae\",\"description\":\"\",\"publisher\":{\"@id\":\"https:\/\/www.pogotowieflagowe.pl\/aktualne\/#organization\"},\"potentialAction\":[{\"@type\":\"SearchAction\",\"target\":{\"@type\":\"EntryPoint\",\"urlTemplate\":\"https:\/\/www.pogotowieflagowe.pl\/aktualne\/?s={search_term_string}\"},\"query-input\":\"required name=search_term_string\"}],\"inLanguage\":\"pl-PL\"},{\"@type\":\"Organization\",\"@id\":\"https:\/\/www.pogotowieflagowe.pl\/aktualne\/#organization\",\"name\":\"POGOTOWIE FLAGOWE\u00ae\",\"url\":\"https:\/\/www.pogotowieflagowe.pl\/aktualne\/\",\"logo\":{\"@type\":\"ImageObject\",\"inLanguage\":\"pl-PL\",\"@id\":\"https:\/\/www.pogotowieflagowe.pl\/aktualne\/#\/schema\/logo\/image\/\",\"url\":\"https:\/\/www.pogotowieflagowe.pl\/aktualne\/wp-content\/uploads\/2024\/08\/cropped-pogotowieflagowe_flaga_projekt_sm.jpg\",\"contentUrl\":\"https:\/\/www.pogotowieflagowe.pl\/aktualne\/wp-content\/uploads\/2024\/08\/cropped-pogotowieflagowe_flaga_projekt_sm.jpg\",\"width\":250,\"height\":143,\"caption\":\"POGOTOWIE FLAGOWE\u00ae\"},\"image\":{\"@id\":\"https:\/\/www.pogotowieflagowe.pl\/aktualne\/#\/schema\/logo\/image\/\"}},{\"@type\":\"Person\",\"@id\":\"https:\/\/www.pogotowieflagowe.pl\/aktualne\/#\/schema\/person\/9c2fb7d2362ebf6fa088960d7f0d27b0\",\"name\":\"Filip\",\"image\":{\"@type\":\"ImageObject\",\"inLanguage\":\"pl-PL\",\"@id\":\"https:\/\/www.pogotowieflagowe.pl\/aktualne\/#\/schema\/person\/image\/\",\"url\":\"https:\/\/www.pogotowieflagowe.pl\/aktualne\/wp-content\/uploads\/2024\/08\/pogotowieflagowe.pl_.jpg\",\"contentUrl\":\"https:\/\/www.pogotowieflagowe.pl\/aktualne\/wp-content\/uploads\/2024\/08\/pogotowieflagowe.pl_.jpg\",\"caption\":\"Filip\"},\"description\":\"Jestem Filip, polski dziennikarz z dyplomem nauk politycznych Uniwersytetu Warszawskiego. Rozpoczynaj\u0105c swoj\u0105 karier\u0119 w r\u00f3\u017cnych lokalnych mediach, zdoby\u0142em solidne do\u015bwiadczenie w zakresie \u015bledztwa i redakcji. Obecnie jako redaktor w Pogotowie flagowe, staram si\u0119 dostarcza\u0107 dog\u0142\u0119bne i istotne analizy na temat najwa\u017cniejszych kwestii aktualno\u015bci, \u0142\u0105cz\u0105c rygor z pasj\u0105 dziennikarsk\u0105.\",\"sameAs\":[\"https:\/\/www.pogotowieflagowe.pl\/\"]}]}<\/script>\n<!-- \/ Yoast SEO plugin. -->","yoast_head_json":{"title":"\u015awi\u0105teczne paczki \u017cywno\u015bciowe dla potrzebuj\u0105cych - POGOTOWIE FLAGOWE\u00ae","robots":{"index":"index","follow":"follow","max-snippet":"max-snippet:-1","max-image-preview":"max-image-preview:large","max-video-preview":"max-video-preview:-1"},"canonical":"https:\/\/www.pogotowieflagowe.pl\/aktualne\/swiateczne-paczki-zywnosciowe-dla-potrzebujacych\/","og_locale":"pl_PL","og_type":"article","og_title":"\u015awi\u0105teczne paczki \u017cywno\u015bciowe dla potrzebuj\u0105cych - POGOTOWIE FLAGOWE\u00ae","og_description":"W dniu 5 grudnia 2024 r. Pierwsza Dama Agata Kornhauser-Duda wzi\u0119\u0142a udzia\u0142 w przygotowaniu \u015bwi\u0105tecznych paczek \u017cywno\u015bciowych dla potrzebuj\u0105cych w","og_url":"https:\/\/www.pogotowieflagowe.pl\/aktualne\/swiateczne-paczki-zywnosciowe-dla-potrzebujacych\/","og_site_name":"POGOTOWIE FLAGOWE\u00ae","article_published_time":"2024-12-09T18:48:28+00:00","article_modified_time":"2024-12-09T18:48:31+00:00","og_image":[{"width":1920,"height":1280,"url":"https:\/\/www.pogotowieflagowe.pl\/aktualne\/wp-content\/uploads\/2024\/12\/Swiateczne-paczki-zywnosciowe-dla-potrzebujacych.jpg","type":"image\/jpeg"}],"author":"Filip","twitter_card":"summary_large_image","twitter_misc":{"Napisane przez":"Filip","Szacowany czas czytania":"1 minuta"},"schema":{"@context":"https:\/\/schema.org","@graph":[{"@type":"Article","@id":"https:\/\/www.pogotowieflagowe.pl\/aktualne\/swiateczne-paczki-zywnosciowe-dla-potrzebujacych\/#article","isPartOf":{"@id":"https:\/\/www.pogotowieflagowe.pl\/aktualne\/swiateczne-paczki-zywnosciowe-dla-potrzebujacych\/"},"author":{"name":"Filip","@id":"https:\/\/www.pogotowieflagowe.pl\/aktualne\/#\/schema\/person\/9c2fb7d2362ebf6fa088960d7f0d27b0"},"headline":"\u015awi\u0105teczne paczki \u017cywno\u015bciowe dla potrzebuj\u0105cych","datePublished":"2024-12-09T18:48:28+00:00","dateModified":"2024-12-09T18:48:31+00:00","mainEntityOfPage":{"@id":"https:\/\/www.pogotowieflagowe.pl\/aktualne\/swiateczne-paczki-zywnosciowe-dla-potrzebujacych\/"},"wordCount":258,"publisher":{"@id":"https:\/\/www.pogotowieflagowe.pl\/aktualne\/#organization"},"image":{"@id":"https:\/\/www.pogotowieflagowe.pl\/aktualne\/swiateczne-paczki-zywnosciowe-dla-potrzebujacych\/#primaryimage"},"thumbnailUrl":"https:\/\/www.pogotowieflagowe.pl\/aktualne\/wp-content\/uploads\/2024\/12\/Swiateczne-paczki-zywnosciowe-dla-potrzebujacych.jpg","keywords":["dla","paczki","potrzebuj\u0105cych","\u015awi\u0105teczne","\u017cywno\u015bciowe"],"articleSection":["Polityka"],"inLanguage":"pl-PL"},{"@type":"WebPage","@id":"https:\/\/www.pogotowieflagowe.pl\/aktualne\/swiateczne-paczki-zywnosciowe-dla-potrzebujacych\/","url":"https:\/\/www.pogotowieflagowe.pl\/aktualne\/swiateczne-paczki-zywnosciowe-dla-potrzebujacych\/","name":"\u015awi\u0105teczne paczki \u017cywno\u015bciowe dla potrzebuj\u0105cych - POGOTOWIE FLAGOWE\u00ae","isPartOf":{"@id":"https:\/\/www.pogotowieflagowe.pl\/aktualne\/#website"},"primaryImageOfPage":{"@id":"https:\/\/www.pogotowieflagowe.pl\/aktualne\/swiateczne-paczki-zywnosciowe-dla-potrzebujacych\/#primaryimage"},"image":{"@id":"https:\/\/www.pogotowieflagowe.pl\/aktualne\/swiateczne-paczki-zywnosciowe-dla-potrzebujacych\/#primaryimage"},"thumbnailUrl":"https:\/\/www.pogotowieflagowe.pl\/aktualne\/wp-content\/uploads\/2024\/12\/Swiateczne-paczki-zywnosciowe-dla-potrzebujacych.jpg","datePublished":"2024-12-09T18:48:28+00:00","dateModified":"2024-12-09T18:48:31+00:00","breadcrumb":{"@id":"https:\/\/www.pogotowieflagowe.pl\/aktualne\/swiateczne-paczki-zywnosciowe-dla-potrzebujacych\/#breadcrumb"},"inLanguage":"pl-PL","potentialAction":[{"@type":"ReadAction","target":["https:\/\/www.pogotowieflagowe.pl\/aktualne\/swiateczne-paczki-zywnosciowe-dla-potrzebujacych\/"]}]},{"@type":"ImageObject","inLanguage":"pl-PL","@id":"https:\/\/www.pogotowieflagowe.pl\/aktualne\/swiateczne-paczki-zywnosciowe-dla-potrzebujacych\/#primaryimage","url":"https:\/\/www.pogotowieflagowe.pl\/aktualne\/wp-content\/uploads\/2024\/12\/Swiateczne-paczki-zywnosciowe-dla-potrzebujacych.jpg","contentUrl":"https:\/\/www.pogotowieflagowe.pl\/aktualne\/wp-content\/uploads\/2024\/12\/Swiateczne-paczki-zywnosciowe-dla-potrzebujacych.jpg","width":1920,"height":1280,"caption":"\u015awi\u0105teczne paczki \u017cywno\u015bciowe dla potrzebuj\u0105cych"},{"@type":"BreadcrumbList","@id":"https:\/\/www.pogotowieflagowe.pl\/aktualne\/swiateczne-paczki-zywnosciowe-dla-potrzebujacych\/#breadcrumb","itemListElement":[{"@type":"ListItem","position":1,"name":"Home","item":"https:\/\/www.pogotowieflagowe.pl\/aktualne\/"},{"@type":"ListItem","position":2,"name":"\u015awi\u0105teczne paczki \u017cywno\u015bciowe dla potrzebuj\u0105cych"}]},{"@type":"WebSite","@id":"https:\/\/www.pogotowieflagowe.pl\/aktualne\/#website","url":"https:\/\/www.pogotowieflagowe.pl\/aktualne\/","name":"POGOTOWIE FLAGOWE\u00ae","description":"","publisher":{"@id":"https:\/\/www.pogotowieflagowe.pl\/aktualne\/#organization"},"potentialAction":[{"@type":"SearchAction","target":{"@type":"EntryPoint","urlTemplate":"https:\/\/www.pogotowieflagowe.pl\/aktualne\/?s={search_term_string}"},"query-input":"required name=search_term_string"}],"inLanguage":"pl-PL"},{"@type":"Organization","@id":"https:\/\/www.pogotowieflagowe.pl\/aktualne\/#organization","name":"POGOTOWIE FLAGOWE\u00ae","url":"https:\/\/www.pogotowieflagowe.pl\/aktualne\/","logo":{"@type":"ImageObject","inLanguage":"pl-PL","@id":"https:\/\/www.pogotowieflagowe.pl\/aktualne\/#\/schema\/logo\/image\/","url":"https:\/\/www.pogotowieflagowe.pl\/aktualne\/wp-content\/uploads\/2024\/08\/cropped-pogotowieflagowe_flaga_projekt_sm.jpg","contentUrl":"https:\/\/www.pogotowieflagowe.pl\/aktualne\/wp-content\/uploads\/2024\/08\/cropped-pogotowieflagowe_flaga_projekt_sm.jpg","width":250,"height":143,"caption":"POGOTOWIE FLAGOWE\u00ae"},"image":{"@id":"https:\/\/www.pogotowieflagowe.pl\/aktualne\/#\/schema\/logo\/image\/"}},{"@type":"Person","@id":"https:\/\/www.pogotowieflagowe.pl\/aktualne\/#\/schema\/person\/9c2fb7d2362ebf6fa088960d7f0d27b0","name":"Filip","image":{"@type":"ImageObject","inLanguage":"pl-PL","@id":"https:\/\/www.pogotowieflagowe.pl\/aktualne\/#\/schema\/person\/image\/","url":"https:\/\/www.pogotowieflagowe.pl\/aktualne\/wp-content\/uploads\/2024\/08\/pogotowieflagowe.pl_.jpg","contentUrl":"https:\/\/www.pogotowieflagowe.pl\/aktualne\/wp-content\/uploads\/2024\/08\/pogotowieflagowe.pl_.jpg","caption":"Filip"},"description":"Jestem Filip, polski dziennikarz z dyplomem nauk politycznych Uniwersytetu Warszawskiego. Rozpoczynaj\u0105c swoj\u0105 karier\u0119 w r\u00f3\u017cnych lokalnych mediach, zdoby\u0142em solidne do\u015bwiadczenie w zakresie \u015bledztwa i redakcji. Obecnie jako redaktor w Pogotowie flagowe, staram si\u0119 dostarcza\u0107 dog\u0142\u0119bne i istotne analizy na temat najwa\u017cniejszych kwestii aktualno\u015bci, \u0142\u0105cz\u0105c rygor z pasj\u0105 dziennikarsk\u0105.","sameAs":["https:\/\/www.pogotowieflagowe.pl\/"]}]}},"_links":{"self":[{"href":"https:\/\/www.pogotowieflagowe.pl\/aktualne\/wp-json\/wp\/v2\/posts\/2299","targetHints":{"allow":["GET"]}}],"collection":[{"href":"https:\/\/www.pogotowieflagowe.pl\/aktualne\/wp-json\/wp\/v2\/posts"}],"about":[{"href":"https:\/\/www.pogotowieflagowe.pl\/aktualne\/wp-json\/wp\/v2\/types\/post"}],"author":[{"embeddable":true,"href":"https:\/\/www.pogotowieflagowe.pl\/aktualne\/wp-json\/wp\/v2\/users\/1"}],"replies":[{"embeddable":true,"href":"https:\/\/www.pogotowieflagowe.pl\/aktualne\/wp-json\/wp\/v2\/comments?post=2299"}],"version-history":[{"count":1,"href":"https:\/\/www.pogotowieflagowe.pl\/aktualne\/wp-json\/wp\/v2\/posts\/2299\/revisions"}],"predecessor-version":[{"id":2301,"href":"https:\/\/www.pogotowieflagowe.pl\/aktualne\/wp-json\/wp\/v2\/posts\/2299\/revisions\/2301"}],"wp:featuredmedia":[{"embeddable":true,"href":"https:\/\/www.pogotowieflagowe.pl\/aktualne\/wp-json\/wp\/v2\/media\/2300"}],"wp:attachment":[{"href":"https:\/\/www.pogotowieflagowe.pl\/aktualne\/wp-json\/wp\/v2\/media?parent=2299"}],"wp:term":[{"taxonomy":"category","embeddable":true,"href":"https:\/\/www.pogotowieflagowe.pl\/aktualne\/wp-json\/wp\/v2\/categories?post=2299"},{"taxonomy":"post_tag","embeddable":true,"href":"https:\/\/www.pogotowieflagowe.pl\/aktualne\/wp-json\/wp\/v2\/tags?post=2299"}],"curies":[{"name":"wp","href":"https:\/\/api.w.org\/{rel}","templated":true}]}}