{"id":2302,"date":"2024-12-09T21:46:58","date_gmt":"2024-12-09T20:46:58","guid":{"rendered":"https:\/\/www.pogotowieflagowe.pl\/aktualne\/74-lata-od-odkrycia-drugiej-czesci-archiwum-ringelbluma\/"},"modified":"2024-12-09T21:46:59","modified_gmt":"2024-12-09T20:46:59","slug":"74-lata-od-odkrycia-drugiej-czesci-archiwum-ringelbluma","status":"publish","type":"post","link":"https:\/\/www.pogotowieflagowe.pl\/aktualne\/74-lata-od-odkrycia-drugiej-czesci-archiwum-ringelbluma\/","title":{"rendered":"74 lata od odkrycia drugiej cz\u0119\u015bci Archiwum Ringelbluma"},"content":{"rendered":"\n<div class=\"td_block_wrap tdb_single_content tdi_48 td-pb-border-top td_block_template_8 td-post-content tagdiv-type\" data-td-block-uid=\"tdi_48\">\n<style>.tdi_48{margines-top:0px!important;margin-bottom:0px!important;dope\u0142nienie-g\u00f3ra:0px!important;dope\u0142nienie-d\u00f3\u0142:0px!important}<\/style>\n<style>.tdb_single_content{margin-bottom:0;*zoom:1}.tdb_single_content:before,.tdb_single_content:after{display:table;content:'';line-height:0}.tdb_single_content:after{clear:both}.tdb_single_content .tdb-block-inner>*:not(.wp-block-quote):not(.alignwide):not(.alignfull.wp-block-cover.has-parallax):not(.td-a-ad) {margin-left:auto;margin-right:auto}.tdb_single_content a{pointer-events:auto}.tdb_single_content .td-spot-id-top_ad .tdc-placeholder-title:before{content:'Article Top Ad'!important}.tdb_single_content .td-spot-id-inline_ad0 .tdc-placeholder-title:before{content:'Article Reklama wbudowana 1'!important}.tdb_single_content .td-spot-id-inline_ad1 .tdc-placeholder-title:before{content:'Article Inline Ad 2'!important}.tdb_single_content .td-spot-id-inline_ad2 .tdc-placeholder-title:before{content:' Reklama wbudowana w artyku\u0142 3'!important}.tdb_single_content .td-spot-id-bottom_ad .tdc-placeholder-title:before{content:'Article Bottom Ad'!important}.tdb_single_content .id_top_ad,.tdb_single_content .id_bottom_ad{clear:both;margin-bottom:21px;text-align:center}.tdb_single_content .id_top_ad img,.tdb_single_content .id_bottom_ad img{margin-bottom:0}.tdb_single_content .id_top_ad .adsbygoogle,.tdb_single_content .id_bottom_ad .adsbygoogle{position:relative}.tdb_single_content .id_ad_content-horiz-left,.tdb_single_content .id_ad_content-horiz-right,.tdb_single_content .id_ad_content-horiz-center{margin-bottom:15px}.tdb_single_content .id_ad_content-horiz-left img,.tdb_single_content .id_ad_content-horiz-right img,.tdb_single_content .id_ad_content-horiz-center img{margin-bottom:0}.tdb_single_content .id_ad_content-horiz-center{text-align:center}.tdb_single_content .id_ad_content-horiz-center img{margin-right:auto;margin-left:auto}.tdb_single_content .id_ad_content-horiz-left{float:left;margin-top:9px;margin-right:21px}.tdb_single_content .id_ad_content-horiz-right{float:right;margin-top:6px;margin-left:21px}.tdb_single_content .tdc-a-ad .tdc-placeholder-title{width:300px;height:250px}.tdb_single_content .tdc-a-ad .tdc-placeholder-title:before{position:absolute;top:50%;-webkit-transform:translateY(-50%);transform:translateY(-50%);margines:auto;display:table;width:100 %}.tdb_single_content .tdb-block-inner.td-fix-index{word-break:break-word}.tdi_48,.tdi_48>p,.tdi_48 .tdb-block-inner>p{font-size:16px!important;line- wysoko\u015b\u0107:1,6!wa\u017cne}.tdi_48 .tdb-block-inner blockquote p{font-style:normal!important}@media (max-width:767px){.tdb_single_content .id_ad_content-horiz-left,.tdb_single_content .id_ad_content-horiz-right,.tdb_single_content .id_ad_content-horiz-center{margin:0 automatyczny 26px auto}}@media (max-width:767px){.tdb_single_content .id_ad_content-horiz-left{margin-right:0}}@media (max-width:767px){.tdb_single_content .id_ad_content-horiz-right{margin -left:0}}@media (max-width:767px){.tdb_single_content .td-a-ad{float:none;text-align:center}.tdb_single_content .td-a-ad img{margin-right:auto;margin-left:auto}. tdb_single_content .tdc-a-ad{float:none}}<\/style>\n<div class=\"tdb-block-inner td-fix-index\">\n<p>Siedemdziesi\u0105t cztery lata temu, w\u015br\u00f3d ruin domu przy ulicy Nowolipki 68 w Warszawie, odkryto drug\u0105 cz\u0119\u015b\u0107 Archiwum Emanuela Ringelbluma, zwanego tak\u017ce Podziemnym Archiwum Getta Warszawskiego. Ten bezcenny zbi\u00f3r historyczny, dokumentuj\u0105cy \u017cycie i cierpienia warszawskiej spo\u0142eczno\u015bci \u017cydowskiej podczas Holokaustu, zosta\u0142 wpisany w 1999 roku na List\u0119 UNESCO \u201ePami\u0119\u0107 \u015awiata\u201d.  <\/p>\n<h2 class=\"wp-block-heading\">Emanuel Ringelblum i Grupa Oneg Szabat: Budowa podziemnego Archiwum Getta Warszawskiego<\/h2>\n<p>Inicjatorem powstania archiwum by\u0142 Emanuel Ringelblum, historyk, dzia\u0142acz spo\u0142eczny, jeden z za\u0142o\u017cycieli Warszawskiej Komisji Historii \u017byd\u00f3w, powi\u0105zanej z \u017bydowskim Instytutem Naukowym (YIVO) w Wilnie. Od wybuchu II wojny \u015bwiatowej Ringelblum po\u015bwi\u0119ci\u0142 si\u0119 kronikowaniu los\u00f3w ludno\u015bci \u017cydowskiej Warszawy, pocz\u0105tkowo poprzez osobisty pami\u0119tnik, a p\u00f3\u017aniej gromadz\u0105c dokumenty odzwierciedlaj\u0105ce g\u0142\u0119bokie przemiany spo\u0142eczne i demograficzne, jakie wywo\u0142a\u0142a wojna.  <\/p>\n<p>Po utworzeniu getta warszawskiego indywidualne wysi\u0142ki Ringelbluma przekszta\u0142ci\u0142y si\u0119 w przedsi\u0119wzi\u0119cie zbiorowe. W listopadzie 1940 r. utworzono tajn\u0105 grup\u0119 badawczo-dokumentacyjn\u0105 \u201eOneg Szabat\u201d (\u201eRado\u015b\u0107 Szabatu\u201d), nazwan\u0105 tak od wybranego przez nich dnia zebra\u0144. Grupa zbiera\u0142a si\u0119 potajemnie w takich miejscach jak gmach G\u0142\u00f3wnej Biblioteki Judaistycznej.  <\/p>\n<p>Archiwum Podziemne skrupulatnie dokumentowa\u0142o niemieckie okrucie\u0144stwa, gromadzi\u0142o materia\u0142y o instytucjach i organizacjach dzia\u0142aj\u0105cych na terenie getta, a tak\u017ce zachowa\u0142o prywatne pami\u0119tniki, korespondencj\u0119, materia\u0142y prasy podziemnej i relacje z pierwszej r\u0119ki \u017byd\u00f3w wysiedlonych z innych region\u00f3w. Zawiera\u0142y tak\u017ce oficjalne dekrety niemieckie, og\u0142oszenia Rady \u017bydowskiej oraz badania na tematy spo\u0142eczne, gospodarcze i demograficzne.  <\/p>\n<h2 class=\"wp-block-heading\">Zachowanie historii w obl\u0119\u017ceniu: zakopane dziedzictwo Archiwum Ringelbluma<\/h2>\n<p>W obliczu masowych deportacji podczas likwidacji getta warszawskiego w 1942 r. cz\u0142onkowie Oneg Szabat podj\u0119li dzia\u0142ania maj\u0105ce na celu ochron\u0119 archiwum. 3 sierpnia 1942 r. zakopali w piwnicy szko\u0142y przy ul. Nowolipki 68 dziesi\u0119\u0107 metalowych skrzynek zawieraj\u0105cych 21 000 stron dokument\u00f3w. W lutym 1943 r., gdy warunki si\u0119 pogorszy\u0142y, w tym samym miejscu w puszkach po mleku ukryto drug\u0105 skrzynk\u0119 zawieraj\u0105c\u0105 8000 stron. Du\u017ca cz\u0119\u015b\u0107 tego materia\u0142u zosta\u0142a zebrana po pierwszym poch\u00f3wku, pomimo ekstremalnego ryzyka zwi\u0105zanego z coraz bardziej restrykcyjnym i brutalnym \u015brodowiskiem.  <\/p>\n<p>Po wojnie podj\u0119to dzia\u0142ania maj\u0105ce na celu odzyskanie zakopanych archiw\u00f3w, prowadzone przez ocala\u0142ych wsp\u00f3\u0142pracownik\u00f3w Ringelbluma. Poszukiwania pocz\u0105tkowo utrudnia\u0142y ograniczenia finansowe, ale w celu sfinansowania projektu w\u0142\u0105czy\u0142y si\u0119 ameryka\u0144skie organizacje \u017cydowskie. We wrze\u015bniu 1946 r. odkopano pierwszy komplet dokument\u00f3w \u2013 drug\u0105 cz\u0119\u015b\u0107 Archiwum Ringelbluma \u2013 sk\u0142adaj\u0105cy si\u0119 z dziesi\u0119ciu metalowych pude\u0142 wype\u0142nionych niezast\u0105pionymi zapisami.  <\/p>\n<p>Archiwum Ringelbluma: \u015bwiadectwo odporno\u015bci i wa\u017cne dziedzictwo historyczne<\/p>\n<p>Archiwum Ringelbluma to jeden z najbardziej kompleksowych i przejmuj\u0105cych zapis\u00f3w \u017cycia \u017byd\u00f3w i oporu \u017byd\u00f3w podczas Holokaustu. Wpisanie go na list\u0119 UNESCO \u201ePami\u0119\u0107 \u015awiata\u201d podkre\u015bla jego znaczenie jako \u015bwiadectwa odporno\u015bci i \u017ar\u00f3d\u0142a istotnej wiedzy historycznej.<\/p>\n<\/div>\n<\/div>\n","protected":false},"excerpt":{"rendered":"<p>Siedemdziesi\u0105t cztery lata temu, w\u015br\u00f3d ruin domu przy ulicy Nowolipki 68 w Warszawie, odkryto drug\u0105 cz\u0119\u015b\u0107 Archiwum Emanuela Ringelbluma, zwanego<\/p>\n","protected":false},"author":1,"featured_media":2303,"comment_status":"closed","ping_status":"","sticky":false,"template":"","format":"standard","meta":{"footnotes":""},"categories":[47],"tags":[3621,2909,201,224,3620,3622],"class_list":["post-2302","post","type-post","status-publish","format-standard","has-post-thumbnail","hentry","category-styl-zycia","tag-archiwum","tag-czesci","tag-drugiej","tag-lata","tag-odkrycia","tag-ringelbluma","generate-columns","tablet-grid-50","mobile-grid-100","grid-parent","grid-50","resize-featured-image"],"yoast_head":"<!-- This site is optimized with the Yoast SEO plugin v23.2 - https:\/\/yoast.com\/wordpress\/plugins\/seo\/ -->\n<title>74 lata od odkrycia drugiej cz\u0119\u015bci Archiwum Ringelbluma - POGOTOWIE FLAGOWE\u00ae<\/title>\n<meta name=\"robots\" content=\"index, follow, max-snippet:-1, max-image-preview:large, max-video-preview:-1\" \/>\n<link rel=\"canonical\" href=\"https:\/\/www.pogotowieflagowe.pl\/aktualne\/74-lata-od-odkrycia-drugiej-czesci-archiwum-ringelbluma\/\" \/>\n<meta property=\"og:locale\" content=\"pl_PL\" \/>\n<meta property=\"og:type\" content=\"article\" \/>\n<meta property=\"og:title\" content=\"74 lata od odkrycia drugiej cz\u0119\u015bci Archiwum Ringelbluma - POGOTOWIE FLAGOWE\u00ae\" \/>\n<meta property=\"og:description\" content=\"Siedemdziesi\u0105t cztery lata temu, w\u015br\u00f3d ruin domu przy ulicy Nowolipki 68 w Warszawie, odkryto drug\u0105 cz\u0119\u015b\u0107 Archiwum Emanuela Ringelbluma, zwanego\" \/>\n<meta property=\"og:url\" content=\"https:\/\/www.pogotowieflagowe.pl\/aktualne\/74-lata-od-odkrycia-drugiej-czesci-archiwum-ringelbluma\/\" \/>\n<meta property=\"og:site_name\" content=\"POGOTOWIE FLAGOWE\u00ae\" \/>\n<meta property=\"article:published_time\" content=\"2024-12-09T20:46:58+00:00\" \/>\n<meta property=\"article:modified_time\" content=\"2024-12-09T20:46:59+00:00\" \/>\n<meta property=\"og:image\" content=\"https:\/\/www.pogotowieflagowe.pl\/aktualne\/wp-content\/uploads\/2024\/12\/74-lata-od-odkrycia-drugiej-czesci-Archiwum-Ringelbluma.jpg\" \/>\n\t<meta property=\"og:image:width\" content=\"1920\" \/>\n\t<meta property=\"og:image:height\" content=\"892\" \/>\n\t<meta property=\"og:image:type\" content=\"image\/jpeg\" \/>\n<meta name=\"author\" content=\"Filip\" \/>\n<meta name=\"twitter:card\" content=\"summary_large_image\" \/>\n<meta name=\"twitter:label1\" content=\"Napisane przez\" \/>\n\t<meta name=\"twitter:data1\" content=\"Filip\" \/>\n\t<meta name=\"twitter:label2\" content=\"Szacowany czas czytania\" \/>\n\t<meta name=\"twitter:data2\" content=\"2 minuty\" \/>\n<script type=\"application\/ld+json\" class=\"yoast-schema-graph\">{\"@context\":\"https:\/\/schema.org\",\"@graph\":[{\"@type\":\"Article\",\"@id\":\"https:\/\/www.pogotowieflagowe.pl\/aktualne\/74-lata-od-odkrycia-drugiej-czesci-archiwum-ringelbluma\/#article\",\"isPartOf\":{\"@id\":\"https:\/\/www.pogotowieflagowe.pl\/aktualne\/74-lata-od-odkrycia-drugiej-czesci-archiwum-ringelbluma\/\"},\"author\":{\"name\":\"Filip\",\"@id\":\"https:\/\/www.pogotowieflagowe.pl\/aktualne\/#\/schema\/person\/9c2fb7d2362ebf6fa088960d7f0d27b0\"},\"headline\":\"74 lata od odkrycia drugiej cz\u0119\u015bci Archiwum Ringelbluma\",\"datePublished\":\"2024-12-09T20:46:58+00:00\",\"dateModified\":\"2024-12-09T20:46:59+00:00\",\"mainEntityOfPage\":{\"@id\":\"https:\/\/www.pogotowieflagowe.pl\/aktualne\/74-lata-od-odkrycia-drugiej-czesci-archiwum-ringelbluma\/\"},\"wordCount\":484,\"publisher\":{\"@id\":\"https:\/\/www.pogotowieflagowe.pl\/aktualne\/#organization\"},\"image\":{\"@id\":\"https:\/\/www.pogotowieflagowe.pl\/aktualne\/74-lata-od-odkrycia-drugiej-czesci-archiwum-ringelbluma\/#primaryimage\"},\"thumbnailUrl\":\"https:\/\/www.pogotowieflagowe.pl\/aktualne\/wp-content\/uploads\/2024\/12\/74-lata-od-odkrycia-drugiej-czesci-Archiwum-Ringelbluma.jpg\",\"keywords\":[\"Archiwum\",\"cz\u0119\u015bci\",\"drugiej\",\"lata\",\"odkrycia\",\"Ringelbluma\"],\"articleSection\":[\"Styl \u017cycia\"],\"inLanguage\":\"pl-PL\"},{\"@type\":\"WebPage\",\"@id\":\"https:\/\/www.pogotowieflagowe.pl\/aktualne\/74-lata-od-odkrycia-drugiej-czesci-archiwum-ringelbluma\/\",\"url\":\"https:\/\/www.pogotowieflagowe.pl\/aktualne\/74-lata-od-odkrycia-drugiej-czesci-archiwum-ringelbluma\/\",\"name\":\"74 lata od odkrycia drugiej cz\u0119\u015bci Archiwum Ringelbluma - POGOTOWIE FLAGOWE\u00ae\",\"isPartOf\":{\"@id\":\"https:\/\/www.pogotowieflagowe.pl\/aktualne\/#website\"},\"primaryImageOfPage\":{\"@id\":\"https:\/\/www.pogotowieflagowe.pl\/aktualne\/74-lata-od-odkrycia-drugiej-czesci-archiwum-ringelbluma\/#primaryimage\"},\"image\":{\"@id\":\"https:\/\/www.pogotowieflagowe.pl\/aktualne\/74-lata-od-odkrycia-drugiej-czesci-archiwum-ringelbluma\/#primaryimage\"},\"thumbnailUrl\":\"https:\/\/www.pogotowieflagowe.pl\/aktualne\/wp-content\/uploads\/2024\/12\/74-lata-od-odkrycia-drugiej-czesci-Archiwum-Ringelbluma.jpg\",\"datePublished\":\"2024-12-09T20:46:58+00:00\",\"dateModified\":\"2024-12-09T20:46:59+00:00\",\"breadcrumb\":{\"@id\":\"https:\/\/www.pogotowieflagowe.pl\/aktualne\/74-lata-od-odkrycia-drugiej-czesci-archiwum-ringelbluma\/#breadcrumb\"},\"inLanguage\":\"pl-PL\",\"potentialAction\":[{\"@type\":\"ReadAction\",\"target\":[\"https:\/\/www.pogotowieflagowe.pl\/aktualne\/74-lata-od-odkrycia-drugiej-czesci-archiwum-ringelbluma\/\"]}]},{\"@type\":\"ImageObject\",\"inLanguage\":\"pl-PL\",\"@id\":\"https:\/\/www.pogotowieflagowe.pl\/aktualne\/74-lata-od-odkrycia-drugiej-czesci-archiwum-ringelbluma\/#primaryimage\",\"url\":\"https:\/\/www.pogotowieflagowe.pl\/aktualne\/wp-content\/uploads\/2024\/12\/74-lata-od-odkrycia-drugiej-czesci-Archiwum-Ringelbluma.jpg\",\"contentUrl\":\"https:\/\/www.pogotowieflagowe.pl\/aktualne\/wp-content\/uploads\/2024\/12\/74-lata-od-odkrycia-drugiej-czesci-Archiwum-Ringelbluma.jpg\",\"width\":1920,\"height\":892,\"caption\":\"74 lata od odkrycia drugiej cz\u0119\u015bci Archiwum Ringelbluma\"},{\"@type\":\"BreadcrumbList\",\"@id\":\"https:\/\/www.pogotowieflagowe.pl\/aktualne\/74-lata-od-odkrycia-drugiej-czesci-archiwum-ringelbluma\/#breadcrumb\",\"itemListElement\":[{\"@type\":\"ListItem\",\"position\":1,\"name\":\"Home\",\"item\":\"https:\/\/www.pogotowieflagowe.pl\/aktualne\/\"},{\"@type\":\"ListItem\",\"position\":2,\"name\":\"74 lata od odkrycia drugiej cz\u0119\u015bci Archiwum Ringelbluma\"}]},{\"@type\":\"WebSite\",\"@id\":\"https:\/\/www.pogotowieflagowe.pl\/aktualne\/#website\",\"url\":\"https:\/\/www.pogotowieflagowe.pl\/aktualne\/\",\"name\":\"POGOTOWIE FLAGOWE\u00ae\",\"description\":\"\",\"publisher\":{\"@id\":\"https:\/\/www.pogotowieflagowe.pl\/aktualne\/#organization\"},\"potentialAction\":[{\"@type\":\"SearchAction\",\"target\":{\"@type\":\"EntryPoint\",\"urlTemplate\":\"https:\/\/www.pogotowieflagowe.pl\/aktualne\/?s={search_term_string}\"},\"query-input\":\"required name=search_term_string\"}],\"inLanguage\":\"pl-PL\"},{\"@type\":\"Organization\",\"@id\":\"https:\/\/www.pogotowieflagowe.pl\/aktualne\/#organization\",\"name\":\"POGOTOWIE FLAGOWE\u00ae\",\"url\":\"https:\/\/www.pogotowieflagowe.pl\/aktualne\/\",\"logo\":{\"@type\":\"ImageObject\",\"inLanguage\":\"pl-PL\",\"@id\":\"https:\/\/www.pogotowieflagowe.pl\/aktualne\/#\/schema\/logo\/image\/\",\"url\":\"https:\/\/www.pogotowieflagowe.pl\/aktualne\/wp-content\/uploads\/2024\/08\/cropped-pogotowieflagowe_flaga_projekt_sm.jpg\",\"contentUrl\":\"https:\/\/www.pogotowieflagowe.pl\/aktualne\/wp-content\/uploads\/2024\/08\/cropped-pogotowieflagowe_flaga_projekt_sm.jpg\",\"width\":250,\"height\":143,\"caption\":\"POGOTOWIE FLAGOWE\u00ae\"},\"image\":{\"@id\":\"https:\/\/www.pogotowieflagowe.pl\/aktualne\/#\/schema\/logo\/image\/\"}},{\"@type\":\"Person\",\"@id\":\"https:\/\/www.pogotowieflagowe.pl\/aktualne\/#\/schema\/person\/9c2fb7d2362ebf6fa088960d7f0d27b0\",\"name\":\"Filip\",\"image\":{\"@type\":\"ImageObject\",\"inLanguage\":\"pl-PL\",\"@id\":\"https:\/\/www.pogotowieflagowe.pl\/aktualne\/#\/schema\/person\/image\/\",\"url\":\"https:\/\/www.pogotowieflagowe.pl\/aktualne\/wp-content\/uploads\/2024\/08\/pogotowieflagowe.pl_.jpg\",\"contentUrl\":\"https:\/\/www.pogotowieflagowe.pl\/aktualne\/wp-content\/uploads\/2024\/08\/pogotowieflagowe.pl_.jpg\",\"caption\":\"Filip\"},\"description\":\"Jestem Filip, polski dziennikarz z dyplomem nauk politycznych Uniwersytetu Warszawskiego. Rozpoczynaj\u0105c swoj\u0105 karier\u0119 w r\u00f3\u017cnych lokalnych mediach, zdoby\u0142em solidne do\u015bwiadczenie w zakresie \u015bledztwa i redakcji. Obecnie jako redaktor w Pogotowie flagowe, staram si\u0119 dostarcza\u0107 dog\u0142\u0119bne i istotne analizy na temat najwa\u017cniejszych kwestii aktualno\u015bci, \u0142\u0105cz\u0105c rygor z pasj\u0105 dziennikarsk\u0105.\",\"sameAs\":[\"https:\/\/www.pogotowieflagowe.pl\/\"]}]}<\/script>\n<!-- \/ Yoast SEO plugin. -->","yoast_head_json":{"title":"74 lata od odkrycia drugiej cz\u0119\u015bci Archiwum Ringelbluma - POGOTOWIE FLAGOWE\u00ae","robots":{"index":"index","follow":"follow","max-snippet":"max-snippet:-1","max-image-preview":"max-image-preview:large","max-video-preview":"max-video-preview:-1"},"canonical":"https:\/\/www.pogotowieflagowe.pl\/aktualne\/74-lata-od-odkrycia-drugiej-czesci-archiwum-ringelbluma\/","og_locale":"pl_PL","og_type":"article","og_title":"74 lata od odkrycia drugiej cz\u0119\u015bci Archiwum Ringelbluma - POGOTOWIE FLAGOWE\u00ae","og_description":"Siedemdziesi\u0105t cztery lata temu, w\u015br\u00f3d ruin domu przy ulicy Nowolipki 68 w Warszawie, odkryto drug\u0105 cz\u0119\u015b\u0107 Archiwum Emanuela Ringelbluma, zwanego","og_url":"https:\/\/www.pogotowieflagowe.pl\/aktualne\/74-lata-od-odkrycia-drugiej-czesci-archiwum-ringelbluma\/","og_site_name":"POGOTOWIE FLAGOWE\u00ae","article_published_time":"2024-12-09T20:46:58+00:00","article_modified_time":"2024-12-09T20:46:59+00:00","og_image":[{"width":1920,"height":892,"url":"https:\/\/www.pogotowieflagowe.pl\/aktualne\/wp-content\/uploads\/2024\/12\/74-lata-od-odkrycia-drugiej-czesci-Archiwum-Ringelbluma.jpg","type":"image\/jpeg"}],"author":"Filip","twitter_card":"summary_large_image","twitter_misc":{"Napisane przez":"Filip","Szacowany czas czytania":"2 minuty"},"schema":{"@context":"https:\/\/schema.org","@graph":[{"@type":"Article","@id":"https:\/\/www.pogotowieflagowe.pl\/aktualne\/74-lata-od-odkrycia-drugiej-czesci-archiwum-ringelbluma\/#article","isPartOf":{"@id":"https:\/\/www.pogotowieflagowe.pl\/aktualne\/74-lata-od-odkrycia-drugiej-czesci-archiwum-ringelbluma\/"},"author":{"name":"Filip","@id":"https:\/\/www.pogotowieflagowe.pl\/aktualne\/#\/schema\/person\/9c2fb7d2362ebf6fa088960d7f0d27b0"},"headline":"74 lata od odkrycia drugiej cz\u0119\u015bci Archiwum Ringelbluma","datePublished":"2024-12-09T20:46:58+00:00","dateModified":"2024-12-09T20:46:59+00:00","mainEntityOfPage":{"@id":"https:\/\/www.pogotowieflagowe.pl\/aktualne\/74-lata-od-odkrycia-drugiej-czesci-archiwum-ringelbluma\/"},"wordCount":484,"publisher":{"@id":"https:\/\/www.pogotowieflagowe.pl\/aktualne\/#organization"},"image":{"@id":"https:\/\/www.pogotowieflagowe.pl\/aktualne\/74-lata-od-odkrycia-drugiej-czesci-archiwum-ringelbluma\/#primaryimage"},"thumbnailUrl":"https:\/\/www.pogotowieflagowe.pl\/aktualne\/wp-content\/uploads\/2024\/12\/74-lata-od-odkrycia-drugiej-czesci-Archiwum-Ringelbluma.jpg","keywords":["Archiwum","cz\u0119\u015bci","drugiej","lata","odkrycia","Ringelbluma"],"articleSection":["Styl \u017cycia"],"inLanguage":"pl-PL"},{"@type":"WebPage","@id":"https:\/\/www.pogotowieflagowe.pl\/aktualne\/74-lata-od-odkrycia-drugiej-czesci-archiwum-ringelbluma\/","url":"https:\/\/www.pogotowieflagowe.pl\/aktualne\/74-lata-od-odkrycia-drugiej-czesci-archiwum-ringelbluma\/","name":"74 lata od odkrycia drugiej cz\u0119\u015bci Archiwum Ringelbluma - POGOTOWIE FLAGOWE\u00ae","isPartOf":{"@id":"https:\/\/www.pogotowieflagowe.pl\/aktualne\/#website"},"primaryImageOfPage":{"@id":"https:\/\/www.pogotowieflagowe.pl\/aktualne\/74-lata-od-odkrycia-drugiej-czesci-archiwum-ringelbluma\/#primaryimage"},"image":{"@id":"https:\/\/www.pogotowieflagowe.pl\/aktualne\/74-lata-od-odkrycia-drugiej-czesci-archiwum-ringelbluma\/#primaryimage"},"thumbnailUrl":"https:\/\/www.pogotowieflagowe.pl\/aktualne\/wp-content\/uploads\/2024\/12\/74-lata-od-odkrycia-drugiej-czesci-Archiwum-Ringelbluma.jpg","datePublished":"2024-12-09T20:46:58+00:00","dateModified":"2024-12-09T20:46:59+00:00","breadcrumb":{"@id":"https:\/\/www.pogotowieflagowe.pl\/aktualne\/74-lata-od-odkrycia-drugiej-czesci-archiwum-ringelbluma\/#breadcrumb"},"inLanguage":"pl-PL","potentialAction":[{"@type":"ReadAction","target":["https:\/\/www.pogotowieflagowe.pl\/aktualne\/74-lata-od-odkrycia-drugiej-czesci-archiwum-ringelbluma\/"]}]},{"@type":"ImageObject","inLanguage":"pl-PL","@id":"https:\/\/www.pogotowieflagowe.pl\/aktualne\/74-lata-od-odkrycia-drugiej-czesci-archiwum-ringelbluma\/#primaryimage","url":"https:\/\/www.pogotowieflagowe.pl\/aktualne\/wp-content\/uploads\/2024\/12\/74-lata-od-odkrycia-drugiej-czesci-Archiwum-Ringelbluma.jpg","contentUrl":"https:\/\/www.pogotowieflagowe.pl\/aktualne\/wp-content\/uploads\/2024\/12\/74-lata-od-odkrycia-drugiej-czesci-Archiwum-Ringelbluma.jpg","width":1920,"height":892,"caption":"74 lata od odkrycia drugiej cz\u0119\u015bci Archiwum Ringelbluma"},{"@type":"BreadcrumbList","@id":"https:\/\/www.pogotowieflagowe.pl\/aktualne\/74-lata-od-odkrycia-drugiej-czesci-archiwum-ringelbluma\/#breadcrumb","itemListElement":[{"@type":"ListItem","position":1,"name":"Home","item":"https:\/\/www.pogotowieflagowe.pl\/aktualne\/"},{"@type":"ListItem","position":2,"name":"74 lata od odkrycia drugiej cz\u0119\u015bci Archiwum Ringelbluma"}]},{"@type":"WebSite","@id":"https:\/\/www.pogotowieflagowe.pl\/aktualne\/#website","url":"https:\/\/www.pogotowieflagowe.pl\/aktualne\/","name":"POGOTOWIE FLAGOWE\u00ae","description":"","publisher":{"@id":"https:\/\/www.pogotowieflagowe.pl\/aktualne\/#organization"},"potentialAction":[{"@type":"SearchAction","target":{"@type":"EntryPoint","urlTemplate":"https:\/\/www.pogotowieflagowe.pl\/aktualne\/?s={search_term_string}"},"query-input":"required name=search_term_string"}],"inLanguage":"pl-PL"},{"@type":"Organization","@id":"https:\/\/www.pogotowieflagowe.pl\/aktualne\/#organization","name":"POGOTOWIE FLAGOWE\u00ae","url":"https:\/\/www.pogotowieflagowe.pl\/aktualne\/","logo":{"@type":"ImageObject","inLanguage":"pl-PL","@id":"https:\/\/www.pogotowieflagowe.pl\/aktualne\/#\/schema\/logo\/image\/","url":"https:\/\/www.pogotowieflagowe.pl\/aktualne\/wp-content\/uploads\/2024\/08\/cropped-pogotowieflagowe_flaga_projekt_sm.jpg","contentUrl":"https:\/\/www.pogotowieflagowe.pl\/aktualne\/wp-content\/uploads\/2024\/08\/cropped-pogotowieflagowe_flaga_projekt_sm.jpg","width":250,"height":143,"caption":"POGOTOWIE FLAGOWE\u00ae"},"image":{"@id":"https:\/\/www.pogotowieflagowe.pl\/aktualne\/#\/schema\/logo\/image\/"}},{"@type":"Person","@id":"https:\/\/www.pogotowieflagowe.pl\/aktualne\/#\/schema\/person\/9c2fb7d2362ebf6fa088960d7f0d27b0","name":"Filip","image":{"@type":"ImageObject","inLanguage":"pl-PL","@id":"https:\/\/www.pogotowieflagowe.pl\/aktualne\/#\/schema\/person\/image\/","url":"https:\/\/www.pogotowieflagowe.pl\/aktualne\/wp-content\/uploads\/2024\/08\/pogotowieflagowe.pl_.jpg","contentUrl":"https:\/\/www.pogotowieflagowe.pl\/aktualne\/wp-content\/uploads\/2024\/08\/pogotowieflagowe.pl_.jpg","caption":"Filip"},"description":"Jestem Filip, polski dziennikarz z dyplomem nauk politycznych Uniwersytetu Warszawskiego. Rozpoczynaj\u0105c swoj\u0105 karier\u0119 w r\u00f3\u017cnych lokalnych mediach, zdoby\u0142em solidne do\u015bwiadczenie w zakresie \u015bledztwa i redakcji. Obecnie jako redaktor w Pogotowie flagowe, staram si\u0119 dostarcza\u0107 dog\u0142\u0119bne i istotne analizy na temat najwa\u017cniejszych kwestii aktualno\u015bci, \u0142\u0105cz\u0105c rygor z pasj\u0105 dziennikarsk\u0105.","sameAs":["https:\/\/www.pogotowieflagowe.pl\/"]}]}},"_links":{"self":[{"href":"https:\/\/www.pogotowieflagowe.pl\/aktualne\/wp-json\/wp\/v2\/posts\/2302","targetHints":{"allow":["GET"]}}],"collection":[{"href":"https:\/\/www.pogotowieflagowe.pl\/aktualne\/wp-json\/wp\/v2\/posts"}],"about":[{"href":"https:\/\/www.pogotowieflagowe.pl\/aktualne\/wp-json\/wp\/v2\/types\/post"}],"author":[{"embeddable":true,"href":"https:\/\/www.pogotowieflagowe.pl\/aktualne\/wp-json\/wp\/v2\/users\/1"}],"replies":[{"embeddable":true,"href":"https:\/\/www.pogotowieflagowe.pl\/aktualne\/wp-json\/wp\/v2\/comments?post=2302"}],"version-history":[{"count":1,"href":"https:\/\/www.pogotowieflagowe.pl\/aktualne\/wp-json\/wp\/v2\/posts\/2302\/revisions"}],"predecessor-version":[{"id":2304,"href":"https:\/\/www.pogotowieflagowe.pl\/aktualne\/wp-json\/wp\/v2\/posts\/2302\/revisions\/2304"}],"wp:featuredmedia":[{"embeddable":true,"href":"https:\/\/www.pogotowieflagowe.pl\/aktualne\/wp-json\/wp\/v2\/media\/2303"}],"wp:attachment":[{"href":"https:\/\/www.pogotowieflagowe.pl\/aktualne\/wp-json\/wp\/v2\/media?parent=2302"}],"wp:term":[{"taxonomy":"category","embeddable":true,"href":"https:\/\/www.pogotowieflagowe.pl\/aktualne\/wp-json\/wp\/v2\/categories?post=2302"},{"taxonomy":"post_tag","embeddable":true,"href":"https:\/\/www.pogotowieflagowe.pl\/aktualne\/wp-json\/wp\/v2\/tags?post=2302"}],"curies":[{"name":"wp","href":"https:\/\/api.w.org\/{rel}","templated":true}]}}