{"id":2308,"date":"2024-12-10T00:48:49","date_gmt":"2024-12-09T23:48:49","guid":{"rendered":"https:\/\/www.pogotowieflagowe.pl\/aktualne\/maslo-w-sejfie-kaczynski-krytykuje-rosnace-koszty-i-polityke-rzadu\/"},"modified":"2024-12-10T00:48:50","modified_gmt":"2024-12-09T23:48:50","slug":"maslo-w-sejfie-kaczynski-krytykuje-rosnace-koszty-i-polityke-rzadu","status":"publish","type":"post","link":"https:\/\/www.pogotowieflagowe.pl\/aktualne\/maslo-w-sejfie-kaczynski-krytykuje-rosnace-koszty-i-polityke-rzadu\/","title":{"rendered":"\u201eMas\u0142o w sejfie\u201d: Kaczy\u0144ski krytykuje rosn\u0105ce koszty i polityk\u0119 rz\u0105du"},"content":{"rendered":"\n<div class=\"td_block_wrap tdb_single_content tdi_48 td-pb-border-top td_block_template_8 td-post-content tagdiv-type\" data-td-block-uid=\"tdi_48\">\n<style>.tdi_48{margines-top:0px!important;margin-bottom:0px!important;dope\u0142nienie-g\u00f3ra:0px!important;dope\u0142nienie-d\u00f3\u0142:0px!important}<\/style>\n<style>.tdb_single_content{margin-bottom:0;*zoom:1}.tdb_single_content:before,.tdb_single_content:after{display:table;content:'';line-height:0}.tdb_single_content:after{clear:both}.tdb_single_content .tdb-block-inner>*:not(.wp-block-quote):not(.alignwide):not(.alignfull.wp-block-cover.has-parallax):not(.td-a-ad) {margin-left:auto;margin-right:auto}.tdb_single_content a{pointer-events:auto}.tdb_single_content .td-spot-id-top_ad .tdc-placeholder-title:before{content:'Article Top Ad'!important}.tdb_single_content .td-spot-id-inline_ad0 .tdc-placeholder-title:before{content:'Article Reklama wbudowana 1'!important}.tdb_single_content .td-spot-id-inline_ad1 .tdc-placeholder-title:before{content:'Article Inline Ad 2'!important}.tdb_single_content .td-spot-id-inline_ad2 .tdc-placeholder-title:before{content:' Reklama wbudowana w artyku\u0142 3'!important}.tdb_single_content .td-spot-id-bottom_ad .tdc-placeholder-title:before{content:'Article Bottom Ad'!important}.tdb_single_content .id_top_ad,.tdb_single_content .id_bottom_ad{clear:both;margin-bottom:21px;text-align:center}.tdb_single_content .id_top_ad img,.tdb_single_content .id_bottom_ad img{margin-bottom:0}.tdb_single_content .id_top_ad .adsbygoogle,.tdb_single_content .id_bottom_ad .adsbygoogle{position:relative}.tdb_single_content .id_ad_content-horiz-left,.tdb_single_content .id_ad_content-horiz-right,.tdb_single_content .id_ad_content-horiz-center{margin-bottom:15px}.tdb_single_content .id_ad_content-horiz-left img,.tdb_single_content .id_ad_content-horiz-right img,.tdb_single_content .id_ad_content-horiz-center img{margin-bottom:0}.tdb_single_content .id_ad_content-horiz-center{text-align:center}.tdb_single_content .id_ad_content-horiz-center img{margin-right:auto;margin-left:auto}.tdb_single_content .id_ad_content-horiz-left{float:left;margin-top:9px;margin-right:21px}.tdb_single_content .id_ad_content-horiz-right{float:right;margin-top:6px;margin-left:21px}.tdb_single_content .tdc-a-ad .tdc-placeholder-title{width:300px;height:250px}.tdb_single_content .tdc-a-ad .tdc-placeholder-title:before{position:absolute;top:50%;-webkit-transform:translateY(-50%);transform:translateY(-50%);margines:auto;display:table;width:100 %}.tdb_single_content .tdb-block-inner.td-fix-index{word-break:break-word}.tdi_48,.tdi_48>p,.tdi_48 .tdb-block-inner>p{font-size:16px!important;line- wysoko\u015b\u0107:1,6!wa\u017cne}.tdi_48 .tdb-block-inner blockquote p{font-style:normal!important}@media (max-width:767px){.tdb_single_content .id_ad_content-horiz-left,.tdb_single_content .id_ad_content-horiz-right,.tdb_single_content .id_ad_content-horiz-center{margin:0 automatyczny 26px auto}}@media (max-width:767px){.tdb_single_content .id_ad_content-horiz-left{margin-right:0}}@media (max-width:767px){.tdb_single_content .id_ad_content-horiz-right{margin -left:0}}@media (max-width:767px){.tdb_single_content .td-a-ad{float:none;text-align:center}.tdb_single_content .td-a-ad img{margin-right:auto;margin-left:auto}. tdb_single_content .tdc-a-ad{float:none}}<\/style>\n<div class=\"tdb-block-inner td-fix-index\">\n<p>Jaros\u0142aw Kaczy\u0144ski, lider polskiego Prawa i Sprawiedliwo\u015bci (PiS), w ramach Platformy X (dawniej Twittera) wyrazi\u0142 swoj\u0105 krytyk\u0119 pod adresem obecnego rz\u0105du, uznaj\u0105c za kluczow\u0105 kwesti\u0119 rosn\u0105ce koszty \u017cycia. W swoim po\u015bcie umie\u015bci\u0142 zdj\u0119cie kostki mas\u0142a zamkni\u0119tej w sejfie, symbolizuj\u0105cej dramatyczny wzrost cen.<\/p>\n<p>\u201eMas\u0142o w sejfie\u201d by\u0142oby zabawne, gdyby nie by\u0142o tak przera\u017caj\u0105ce. To niestety ponury symbol tego rz\u0105du\u201d \u2013 napisa\u0142 Kaczy\u0144ski. Zarzuca\u0142 administracji stwarzanie warunk\u00f3w, w kt\u00f3rych wysokie ceny, drogie rachunki i drapie\u017cne po\u017cyczki sta\u0142y si\u0119 norm\u0105, mimo \u017ce sprawuj\u0105 w\u0142adz\u0119 zaledwie od roku.<\/p>\n<p>Kaczy\u0144ski szczeg\u00f3lnie kwestionowa\u0142, czy powr\u00f3t premiera Donalda Tuska zwiastuje odrodzenie si\u0119 powa\u017cnych problem\u00f3w spo\u0142ecznych, takich jak g\u0142\u00f3d w\u015br\u00f3d dzieci, kt\u00f3ry okre\u015bli\u0142 jako \u201enajwi\u0119ksz\u0105 ha\u0144b\u0119 III RP\u201d.<\/p>\n<p>Wed\u0142ug UCE Research ceny mas\u0142a w listopadzie 2024 r. by\u0142y o ponad 30% wy\u017csze w por\u00f3wnaniu do roku poprzedniego, przy mniejszej liczbie dost\u0119pnych promocji. Minimalna cena za blok mas\u0142a przekracza obecnie 10 z\u0142, co podkre\u015bla rosn\u0105ce koszty utrzymania.<\/p>\n<blockquote class=\"twitter-tweet\">\n<p lang=\"pl\" dir=\"ltr\">\u201eMas\u0142o w sejfie\u201d niebezpieczne, gdyby nie by\u0142o gro\u017ane. Niestety, to ponury symbol tego polecenia. Dro\u017cyzna, wysokie op\u0142aty, ludzie zmuszani do lichwiarskich produkt\u00f3w \u2013 a dopiero rok. wr\u00f3\u0107 Tusk, az nim bieda. Czy wr\u00f3ci ha\u0144ba III RP czyli g\u0142odne dzieci?\u2026 <a rel=\"nofollow\" href=\"https:\/\/t.co\/0kkPp1763P\">pic.twitter.com\/0kkPp1763P<\/a><\/p>\n<p>\u2014 Jaros\u0142aw Kaczy\u0144ski (@OficjalnyJK) <a rel=\"nofollow\" href=\"https:\/\/twitter.com\/OficjalnyJK\/status\/1866178053405118555?ref_src=twsrc%5Etfw\">9 grudnia 2024 r<\/a><\/p><\/blockquote>\n<\/div>\n<\/div>\n<p><script async src=\"https:\/\/platform.twitter.com\/widgets.js\" charset=\"utf-8\"><\/script><\/p>\n","protected":false},"excerpt":{"rendered":"<p>Jaros\u0142aw Kaczy\u0144ski, lider polskiego Prawa i Sprawiedliwo\u015bci (PiS), w ramach Platformy X (dawniej Twittera) wyrazi\u0142 swoj\u0105 krytyk\u0119 pod adresem obecnego<\/p>\n","protected":false},"author":1,"featured_media":2309,"comment_status":"closed","ping_status":"","sticky":false,"template":"","format":"standard","meta":{"footnotes":""},"categories":[44],"tags":[2766,3632,596,3630,610,140,335,3631],"class_list":["post-2308","post","type-post","status-publish","format-standard","has-post-thumbnail","hentry","category-polityka","tag-kaczynski","tag-koszty","tag-krytykuje","tag-maslo","tag-polityke","tag-rosnace","tag-rzadu","tag-sejfie","generate-columns","tablet-grid-50","mobile-grid-100","grid-parent","grid-50","resize-featured-image"],"yoast_head":"<!-- This site is optimized with the Yoast SEO plugin v23.2 - https:\/\/yoast.com\/wordpress\/plugins\/seo\/ -->\n<title>\u201eMas\u0142o w sejfie\u201d: Kaczy\u0144ski krytykuje rosn\u0105ce koszty i polityk\u0119 rz\u0105du - POGOTOWIE FLAGOWE\u00ae<\/title>\n<meta name=\"robots\" content=\"index, follow, max-snippet:-1, max-image-preview:large, max-video-preview:-1\" \/>\n<link rel=\"canonical\" href=\"https:\/\/www.pogotowieflagowe.pl\/aktualne\/maslo-w-sejfie-kaczynski-krytykuje-rosnace-koszty-i-polityke-rzadu\/\" \/>\n<meta property=\"og:locale\" content=\"pl_PL\" \/>\n<meta property=\"og:type\" content=\"article\" \/>\n<meta property=\"og:title\" content=\"\u201eMas\u0142o w sejfie\u201d: Kaczy\u0144ski krytykuje rosn\u0105ce koszty i polityk\u0119 rz\u0105du - POGOTOWIE FLAGOWE\u00ae\" \/>\n<meta property=\"og:description\" content=\"Jaros\u0142aw Kaczy\u0144ski, lider polskiego Prawa i Sprawiedliwo\u015bci (PiS), w ramach Platformy X (dawniej Twittera) wyrazi\u0142 swoj\u0105 krytyk\u0119 pod adresem obecnego\" \/>\n<meta property=\"og:url\" content=\"https:\/\/www.pogotowieflagowe.pl\/aktualne\/maslo-w-sejfie-kaczynski-krytykuje-rosnace-koszty-i-polityke-rzadu\/\" \/>\n<meta property=\"og:site_name\" content=\"POGOTOWIE FLAGOWE\u00ae\" \/>\n<meta property=\"article:published_time\" content=\"2024-12-09T23:48:49+00:00\" \/>\n<meta property=\"article:modified_time\" content=\"2024-12-09T23:48:50+00:00\" \/>\n<meta property=\"og:image\" content=\"https:\/\/www.pogotowieflagowe.pl\/aktualne\/wp-content\/uploads\/2024\/12\/\u201eMaslo-w-sejfie-Kaczynski-krytykuje-rosnace-koszty-i-polityke-rzadu.jpeg\" \/>\n\t<meta property=\"og:image:width\" content=\"975\" \/>\n\t<meta property=\"og:image:height\" content=\"876\" \/>\n\t<meta property=\"og:image:type\" content=\"image\/jpeg\" \/>\n<meta name=\"author\" content=\"Filip\" \/>\n<meta name=\"twitter:card\" content=\"summary_large_image\" \/>\n<meta name=\"twitter:label1\" content=\"Napisane przez\" \/>\n\t<meta name=\"twitter:data1\" content=\"Filip\" \/>\n\t<meta name=\"twitter:label2\" content=\"Szacowany czas czytania\" \/>\n\t<meta name=\"twitter:data2\" content=\"1 minuta\" \/>\n<script type=\"application\/ld+json\" class=\"yoast-schema-graph\">{\"@context\":\"https:\/\/schema.org\",\"@graph\":[{\"@type\":\"Article\",\"@id\":\"https:\/\/www.pogotowieflagowe.pl\/aktualne\/maslo-w-sejfie-kaczynski-krytykuje-rosnace-koszty-i-polityke-rzadu\/#article\",\"isPartOf\":{\"@id\":\"https:\/\/www.pogotowieflagowe.pl\/aktualne\/maslo-w-sejfie-kaczynski-krytykuje-rosnace-koszty-i-polityke-rzadu\/\"},\"author\":{\"name\":\"Filip\",\"@id\":\"https:\/\/www.pogotowieflagowe.pl\/aktualne\/#\/schema\/person\/9c2fb7d2362ebf6fa088960d7f0d27b0\"},\"headline\":\"\u201eMas\u0142o w sejfie\u201d: Kaczy\u0144ski krytykuje rosn\u0105ce koszty i polityk\u0119 rz\u0105du\",\"datePublished\":\"2024-12-09T23:48:49+00:00\",\"dateModified\":\"2024-12-09T23:48:50+00:00\",\"mainEntityOfPage\":{\"@id\":\"https:\/\/www.pogotowieflagowe.pl\/aktualne\/maslo-w-sejfie-kaczynski-krytykuje-rosnace-koszty-i-polityke-rzadu\/\"},\"wordCount\":264,\"publisher\":{\"@id\":\"https:\/\/www.pogotowieflagowe.pl\/aktualne\/#organization\"},\"image\":{\"@id\":\"https:\/\/www.pogotowieflagowe.pl\/aktualne\/maslo-w-sejfie-kaczynski-krytykuje-rosnace-koszty-i-polityke-rzadu\/#primaryimage\"},\"thumbnailUrl\":\"https:\/\/www.pogotowieflagowe.pl\/aktualne\/wp-content\/uploads\/2024\/12\/\u201eMaslo-w-sejfie-Kaczynski-krytykuje-rosnace-koszty-i-polityke-rzadu.jpeg\",\"keywords\":[\"Kaczy\u0144ski\",\"koszty\",\"krytykuje\",\"Mas\u0142o\",\"polityk\u0119\",\"rosn\u0105ce\",\"rz\u0105du\",\"sejfie\"],\"articleSection\":[\"Polityka\"],\"inLanguage\":\"pl-PL\"},{\"@type\":\"WebPage\",\"@id\":\"https:\/\/www.pogotowieflagowe.pl\/aktualne\/maslo-w-sejfie-kaczynski-krytykuje-rosnace-koszty-i-polityke-rzadu\/\",\"url\":\"https:\/\/www.pogotowieflagowe.pl\/aktualne\/maslo-w-sejfie-kaczynski-krytykuje-rosnace-koszty-i-polityke-rzadu\/\",\"name\":\"\u201eMas\u0142o w sejfie\u201d: Kaczy\u0144ski krytykuje rosn\u0105ce koszty i polityk\u0119 rz\u0105du - POGOTOWIE FLAGOWE\u00ae\",\"isPartOf\":{\"@id\":\"https:\/\/www.pogotowieflagowe.pl\/aktualne\/#website\"},\"primaryImageOfPage\":{\"@id\":\"https:\/\/www.pogotowieflagowe.pl\/aktualne\/maslo-w-sejfie-kaczynski-krytykuje-rosnace-koszty-i-polityke-rzadu\/#primaryimage\"},\"image\":{\"@id\":\"https:\/\/www.pogotowieflagowe.pl\/aktualne\/maslo-w-sejfie-kaczynski-krytykuje-rosnace-koszty-i-polityke-rzadu\/#primaryimage\"},\"thumbnailUrl\":\"https:\/\/www.pogotowieflagowe.pl\/aktualne\/wp-content\/uploads\/2024\/12\/\u201eMaslo-w-sejfie-Kaczynski-krytykuje-rosnace-koszty-i-polityke-rzadu.jpeg\",\"datePublished\":\"2024-12-09T23:48:49+00:00\",\"dateModified\":\"2024-12-09T23:48:50+00:00\",\"breadcrumb\":{\"@id\":\"https:\/\/www.pogotowieflagowe.pl\/aktualne\/maslo-w-sejfie-kaczynski-krytykuje-rosnace-koszty-i-polityke-rzadu\/#breadcrumb\"},\"inLanguage\":\"pl-PL\",\"potentialAction\":[{\"@type\":\"ReadAction\",\"target\":[\"https:\/\/www.pogotowieflagowe.pl\/aktualne\/maslo-w-sejfie-kaczynski-krytykuje-rosnace-koszty-i-polityke-rzadu\/\"]}]},{\"@type\":\"ImageObject\",\"inLanguage\":\"pl-PL\",\"@id\":\"https:\/\/www.pogotowieflagowe.pl\/aktualne\/maslo-w-sejfie-kaczynski-krytykuje-rosnace-koszty-i-polityke-rzadu\/#primaryimage\",\"url\":\"https:\/\/www.pogotowieflagowe.pl\/aktualne\/wp-content\/uploads\/2024\/12\/\u201eMaslo-w-sejfie-Kaczynski-krytykuje-rosnace-koszty-i-polityke-rzadu.jpeg\",\"contentUrl\":\"https:\/\/www.pogotowieflagowe.pl\/aktualne\/wp-content\/uploads\/2024\/12\/\u201eMaslo-w-sejfie-Kaczynski-krytykuje-rosnace-koszty-i-polityke-rzadu.jpeg\",\"width\":975,\"height\":876,\"caption\":\"\u201eMas\u0142o w sejfie\u201d: Kaczy\u0144ski krytykuje rosn\u0105ce koszty i polityk\u0119 rz\u0105du\"},{\"@type\":\"BreadcrumbList\",\"@id\":\"https:\/\/www.pogotowieflagowe.pl\/aktualne\/maslo-w-sejfie-kaczynski-krytykuje-rosnace-koszty-i-polityke-rzadu\/#breadcrumb\",\"itemListElement\":[{\"@type\":\"ListItem\",\"position\":1,\"name\":\"Home\",\"item\":\"https:\/\/www.pogotowieflagowe.pl\/aktualne\/\"},{\"@type\":\"ListItem\",\"position\":2,\"name\":\"\u201eMas\u0142o w sejfie\u201d: Kaczy\u0144ski krytykuje rosn\u0105ce koszty i polityk\u0119 rz\u0105du\"}]},{\"@type\":\"WebSite\",\"@id\":\"https:\/\/www.pogotowieflagowe.pl\/aktualne\/#website\",\"url\":\"https:\/\/www.pogotowieflagowe.pl\/aktualne\/\",\"name\":\"POGOTOWIE FLAGOWE\u00ae\",\"description\":\"\",\"publisher\":{\"@id\":\"https:\/\/www.pogotowieflagowe.pl\/aktualne\/#organization\"},\"potentialAction\":[{\"@type\":\"SearchAction\",\"target\":{\"@type\":\"EntryPoint\",\"urlTemplate\":\"https:\/\/www.pogotowieflagowe.pl\/aktualne\/?s={search_term_string}\"},\"query-input\":\"required name=search_term_string\"}],\"inLanguage\":\"pl-PL\"},{\"@type\":\"Organization\",\"@id\":\"https:\/\/www.pogotowieflagowe.pl\/aktualne\/#organization\",\"name\":\"POGOTOWIE FLAGOWE\u00ae\",\"url\":\"https:\/\/www.pogotowieflagowe.pl\/aktualne\/\",\"logo\":{\"@type\":\"ImageObject\",\"inLanguage\":\"pl-PL\",\"@id\":\"https:\/\/www.pogotowieflagowe.pl\/aktualne\/#\/schema\/logo\/image\/\",\"url\":\"https:\/\/www.pogotowieflagowe.pl\/aktualne\/wp-content\/uploads\/2024\/08\/cropped-pogotowieflagowe_flaga_projekt_sm.jpg\",\"contentUrl\":\"https:\/\/www.pogotowieflagowe.pl\/aktualne\/wp-content\/uploads\/2024\/08\/cropped-pogotowieflagowe_flaga_projekt_sm.jpg\",\"width\":250,\"height\":143,\"caption\":\"POGOTOWIE FLAGOWE\u00ae\"},\"image\":{\"@id\":\"https:\/\/www.pogotowieflagowe.pl\/aktualne\/#\/schema\/logo\/image\/\"}},{\"@type\":\"Person\",\"@id\":\"https:\/\/www.pogotowieflagowe.pl\/aktualne\/#\/schema\/person\/9c2fb7d2362ebf6fa088960d7f0d27b0\",\"name\":\"Filip\",\"image\":{\"@type\":\"ImageObject\",\"inLanguage\":\"pl-PL\",\"@id\":\"https:\/\/www.pogotowieflagowe.pl\/aktualne\/#\/schema\/person\/image\/\",\"url\":\"https:\/\/www.pogotowieflagowe.pl\/aktualne\/wp-content\/uploads\/2024\/08\/pogotowieflagowe.pl_.jpg\",\"contentUrl\":\"https:\/\/www.pogotowieflagowe.pl\/aktualne\/wp-content\/uploads\/2024\/08\/pogotowieflagowe.pl_.jpg\",\"caption\":\"Filip\"},\"description\":\"Jestem Filip, polski dziennikarz z dyplomem nauk politycznych Uniwersytetu Warszawskiego. Rozpoczynaj\u0105c swoj\u0105 karier\u0119 w r\u00f3\u017cnych lokalnych mediach, zdoby\u0142em solidne do\u015bwiadczenie w zakresie \u015bledztwa i redakcji. Obecnie jako redaktor w Pogotowie flagowe, staram si\u0119 dostarcza\u0107 dog\u0142\u0119bne i istotne analizy na temat najwa\u017cniejszych kwestii aktualno\u015bci, \u0142\u0105cz\u0105c rygor z pasj\u0105 dziennikarsk\u0105.\",\"sameAs\":[\"https:\/\/www.pogotowieflagowe.pl\/\"]}]}<\/script>\n<!-- \/ Yoast SEO plugin. -->","yoast_head_json":{"title":"\u201eMas\u0142o w sejfie\u201d: Kaczy\u0144ski krytykuje rosn\u0105ce koszty i polityk\u0119 rz\u0105du - POGOTOWIE FLAGOWE\u00ae","robots":{"index":"index","follow":"follow","max-snippet":"max-snippet:-1","max-image-preview":"max-image-preview:large","max-video-preview":"max-video-preview:-1"},"canonical":"https:\/\/www.pogotowieflagowe.pl\/aktualne\/maslo-w-sejfie-kaczynski-krytykuje-rosnace-koszty-i-polityke-rzadu\/","og_locale":"pl_PL","og_type":"article","og_title":"\u201eMas\u0142o w sejfie\u201d: Kaczy\u0144ski krytykuje rosn\u0105ce koszty i polityk\u0119 rz\u0105du - POGOTOWIE FLAGOWE\u00ae","og_description":"Jaros\u0142aw Kaczy\u0144ski, lider polskiego Prawa i Sprawiedliwo\u015bci (PiS), w ramach Platformy X (dawniej Twittera) wyrazi\u0142 swoj\u0105 krytyk\u0119 pod adresem obecnego","og_url":"https:\/\/www.pogotowieflagowe.pl\/aktualne\/maslo-w-sejfie-kaczynski-krytykuje-rosnace-koszty-i-polityke-rzadu\/","og_site_name":"POGOTOWIE FLAGOWE\u00ae","article_published_time":"2024-12-09T23:48:49+00:00","article_modified_time":"2024-12-09T23:48:50+00:00","og_image":[{"width":975,"height":876,"url":"https:\/\/www.pogotowieflagowe.pl\/aktualne\/wp-content\/uploads\/2024\/12\/\u201eMaslo-w-sejfie-Kaczynski-krytykuje-rosnace-koszty-i-polityke-rzadu.jpeg","type":"image\/jpeg"}],"author":"Filip","twitter_card":"summary_large_image","twitter_misc":{"Napisane przez":"Filip","Szacowany czas czytania":"1 minuta"},"schema":{"@context":"https:\/\/schema.org","@graph":[{"@type":"Article","@id":"https:\/\/www.pogotowieflagowe.pl\/aktualne\/maslo-w-sejfie-kaczynski-krytykuje-rosnace-koszty-i-polityke-rzadu\/#article","isPartOf":{"@id":"https:\/\/www.pogotowieflagowe.pl\/aktualne\/maslo-w-sejfie-kaczynski-krytykuje-rosnace-koszty-i-polityke-rzadu\/"},"author":{"name":"Filip","@id":"https:\/\/www.pogotowieflagowe.pl\/aktualne\/#\/schema\/person\/9c2fb7d2362ebf6fa088960d7f0d27b0"},"headline":"\u201eMas\u0142o w sejfie\u201d: Kaczy\u0144ski krytykuje rosn\u0105ce koszty i polityk\u0119 rz\u0105du","datePublished":"2024-12-09T23:48:49+00:00","dateModified":"2024-12-09T23:48:50+00:00","mainEntityOfPage":{"@id":"https:\/\/www.pogotowieflagowe.pl\/aktualne\/maslo-w-sejfie-kaczynski-krytykuje-rosnace-koszty-i-polityke-rzadu\/"},"wordCount":264,"publisher":{"@id":"https:\/\/www.pogotowieflagowe.pl\/aktualne\/#organization"},"image":{"@id":"https:\/\/www.pogotowieflagowe.pl\/aktualne\/maslo-w-sejfie-kaczynski-krytykuje-rosnace-koszty-i-polityke-rzadu\/#primaryimage"},"thumbnailUrl":"https:\/\/www.pogotowieflagowe.pl\/aktualne\/wp-content\/uploads\/2024\/12\/\u201eMaslo-w-sejfie-Kaczynski-krytykuje-rosnace-koszty-i-polityke-rzadu.jpeg","keywords":["Kaczy\u0144ski","koszty","krytykuje","Mas\u0142o","polityk\u0119","rosn\u0105ce","rz\u0105du","sejfie"],"articleSection":["Polityka"],"inLanguage":"pl-PL"},{"@type":"WebPage","@id":"https:\/\/www.pogotowieflagowe.pl\/aktualne\/maslo-w-sejfie-kaczynski-krytykuje-rosnace-koszty-i-polityke-rzadu\/","url":"https:\/\/www.pogotowieflagowe.pl\/aktualne\/maslo-w-sejfie-kaczynski-krytykuje-rosnace-koszty-i-polityke-rzadu\/","name":"\u201eMas\u0142o w sejfie\u201d: Kaczy\u0144ski krytykuje rosn\u0105ce koszty i polityk\u0119 rz\u0105du - POGOTOWIE FLAGOWE\u00ae","isPartOf":{"@id":"https:\/\/www.pogotowieflagowe.pl\/aktualne\/#website"},"primaryImageOfPage":{"@id":"https:\/\/www.pogotowieflagowe.pl\/aktualne\/maslo-w-sejfie-kaczynski-krytykuje-rosnace-koszty-i-polityke-rzadu\/#primaryimage"},"image":{"@id":"https:\/\/www.pogotowieflagowe.pl\/aktualne\/maslo-w-sejfie-kaczynski-krytykuje-rosnace-koszty-i-polityke-rzadu\/#primaryimage"},"thumbnailUrl":"https:\/\/www.pogotowieflagowe.pl\/aktualne\/wp-content\/uploads\/2024\/12\/\u201eMaslo-w-sejfie-Kaczynski-krytykuje-rosnace-koszty-i-polityke-rzadu.jpeg","datePublished":"2024-12-09T23:48:49+00:00","dateModified":"2024-12-09T23:48:50+00:00","breadcrumb":{"@id":"https:\/\/www.pogotowieflagowe.pl\/aktualne\/maslo-w-sejfie-kaczynski-krytykuje-rosnace-koszty-i-polityke-rzadu\/#breadcrumb"},"inLanguage":"pl-PL","potentialAction":[{"@type":"ReadAction","target":["https:\/\/www.pogotowieflagowe.pl\/aktualne\/maslo-w-sejfie-kaczynski-krytykuje-rosnace-koszty-i-polityke-rzadu\/"]}]},{"@type":"ImageObject","inLanguage":"pl-PL","@id":"https:\/\/www.pogotowieflagowe.pl\/aktualne\/maslo-w-sejfie-kaczynski-krytykuje-rosnace-koszty-i-polityke-rzadu\/#primaryimage","url":"https:\/\/www.pogotowieflagowe.pl\/aktualne\/wp-content\/uploads\/2024\/12\/\u201eMaslo-w-sejfie-Kaczynski-krytykuje-rosnace-koszty-i-polityke-rzadu.jpeg","contentUrl":"https:\/\/www.pogotowieflagowe.pl\/aktualne\/wp-content\/uploads\/2024\/12\/\u201eMaslo-w-sejfie-Kaczynski-krytykuje-rosnace-koszty-i-polityke-rzadu.jpeg","width":975,"height":876,"caption":"\u201eMas\u0142o w sejfie\u201d: Kaczy\u0144ski krytykuje rosn\u0105ce koszty i polityk\u0119 rz\u0105du"},{"@type":"BreadcrumbList","@id":"https:\/\/www.pogotowieflagowe.pl\/aktualne\/maslo-w-sejfie-kaczynski-krytykuje-rosnace-koszty-i-polityke-rzadu\/#breadcrumb","itemListElement":[{"@type":"ListItem","position":1,"name":"Home","item":"https:\/\/www.pogotowieflagowe.pl\/aktualne\/"},{"@type":"ListItem","position":2,"name":"\u201eMas\u0142o w sejfie\u201d: Kaczy\u0144ski krytykuje rosn\u0105ce koszty i polityk\u0119 rz\u0105du"}]},{"@type":"WebSite","@id":"https:\/\/www.pogotowieflagowe.pl\/aktualne\/#website","url":"https:\/\/www.pogotowieflagowe.pl\/aktualne\/","name":"POGOTOWIE FLAGOWE\u00ae","description":"","publisher":{"@id":"https:\/\/www.pogotowieflagowe.pl\/aktualne\/#organization"},"potentialAction":[{"@type":"SearchAction","target":{"@type":"EntryPoint","urlTemplate":"https:\/\/www.pogotowieflagowe.pl\/aktualne\/?s={search_term_string}"},"query-input":"required name=search_term_string"}],"inLanguage":"pl-PL"},{"@type":"Organization","@id":"https:\/\/www.pogotowieflagowe.pl\/aktualne\/#organization","name":"POGOTOWIE FLAGOWE\u00ae","url":"https:\/\/www.pogotowieflagowe.pl\/aktualne\/","logo":{"@type":"ImageObject","inLanguage":"pl-PL","@id":"https:\/\/www.pogotowieflagowe.pl\/aktualne\/#\/schema\/logo\/image\/","url":"https:\/\/www.pogotowieflagowe.pl\/aktualne\/wp-content\/uploads\/2024\/08\/cropped-pogotowieflagowe_flaga_projekt_sm.jpg","contentUrl":"https:\/\/www.pogotowieflagowe.pl\/aktualne\/wp-content\/uploads\/2024\/08\/cropped-pogotowieflagowe_flaga_projekt_sm.jpg","width":250,"height":143,"caption":"POGOTOWIE FLAGOWE\u00ae"},"image":{"@id":"https:\/\/www.pogotowieflagowe.pl\/aktualne\/#\/schema\/logo\/image\/"}},{"@type":"Person","@id":"https:\/\/www.pogotowieflagowe.pl\/aktualne\/#\/schema\/person\/9c2fb7d2362ebf6fa088960d7f0d27b0","name":"Filip","image":{"@type":"ImageObject","inLanguage":"pl-PL","@id":"https:\/\/www.pogotowieflagowe.pl\/aktualne\/#\/schema\/person\/image\/","url":"https:\/\/www.pogotowieflagowe.pl\/aktualne\/wp-content\/uploads\/2024\/08\/pogotowieflagowe.pl_.jpg","contentUrl":"https:\/\/www.pogotowieflagowe.pl\/aktualne\/wp-content\/uploads\/2024\/08\/pogotowieflagowe.pl_.jpg","caption":"Filip"},"description":"Jestem Filip, polski dziennikarz z dyplomem nauk politycznych Uniwersytetu Warszawskiego. Rozpoczynaj\u0105c swoj\u0105 karier\u0119 w r\u00f3\u017cnych lokalnych mediach, zdoby\u0142em solidne do\u015bwiadczenie w zakresie \u015bledztwa i redakcji. Obecnie jako redaktor w Pogotowie flagowe, staram si\u0119 dostarcza\u0107 dog\u0142\u0119bne i istotne analizy na temat najwa\u017cniejszych kwestii aktualno\u015bci, \u0142\u0105cz\u0105c rygor z pasj\u0105 dziennikarsk\u0105.","sameAs":["https:\/\/www.pogotowieflagowe.pl\/"]}]}},"_links":{"self":[{"href":"https:\/\/www.pogotowieflagowe.pl\/aktualne\/wp-json\/wp\/v2\/posts\/2308","targetHints":{"allow":["GET"]}}],"collection":[{"href":"https:\/\/www.pogotowieflagowe.pl\/aktualne\/wp-json\/wp\/v2\/posts"}],"about":[{"href":"https:\/\/www.pogotowieflagowe.pl\/aktualne\/wp-json\/wp\/v2\/types\/post"}],"author":[{"embeddable":true,"href":"https:\/\/www.pogotowieflagowe.pl\/aktualne\/wp-json\/wp\/v2\/users\/1"}],"replies":[{"embeddable":true,"href":"https:\/\/www.pogotowieflagowe.pl\/aktualne\/wp-json\/wp\/v2\/comments?post=2308"}],"version-history":[{"count":1,"href":"https:\/\/www.pogotowieflagowe.pl\/aktualne\/wp-json\/wp\/v2\/posts\/2308\/revisions"}],"predecessor-version":[{"id":2310,"href":"https:\/\/www.pogotowieflagowe.pl\/aktualne\/wp-json\/wp\/v2\/posts\/2308\/revisions\/2310"}],"wp:featuredmedia":[{"embeddable":true,"href":"https:\/\/www.pogotowieflagowe.pl\/aktualne\/wp-json\/wp\/v2\/media\/2309"}],"wp:attachment":[{"href":"https:\/\/www.pogotowieflagowe.pl\/aktualne\/wp-json\/wp\/v2\/media?parent=2308"}],"wp:term":[{"taxonomy":"category","embeddable":true,"href":"https:\/\/www.pogotowieflagowe.pl\/aktualne\/wp-json\/wp\/v2\/categories?post=2308"},{"taxonomy":"post_tag","embeddable":true,"href":"https:\/\/www.pogotowieflagowe.pl\/aktualne\/wp-json\/wp\/v2\/tags?post=2308"}],"curies":[{"name":"wp","href":"https:\/\/api.w.org\/{rel}","templated":true}]}}