{"id":2418,"date":"2024-12-15T21:50:09","date_gmt":"2024-12-15T20:50:09","guid":{"rendered":"https:\/\/www.pogotowieflagowe.pl\/aktualne\/katarzyna-wasick-zdobywa-braz-na-mistrzostwach-swiata-w-plywaniu\/"},"modified":"2024-12-15T21:50:20","modified_gmt":"2024-12-15T20:50:20","slug":"katarzyna-wasick-zdobywa-braz-na-mistrzostwach-swiata-w-plywaniu","status":"publish","type":"post","link":"https:\/\/www.pogotowieflagowe.pl\/aktualne\/katarzyna-wasick-zdobywa-braz-na-mistrzostwach-swiata-w-plywaniu\/","title":{"rendered":"Katarzyna Wasick zdobywa br\u0105z na Mistrzostwach \u015awiata w p\u0142ywaniu"},"content":{"rendered":"\n<div class=\"td_block_wrap tdb_single_content tdi_48 td-pb-border-top td_block_template_8 td-post-content tagdiv-type\" data-td-block-uid=\"tdi_48\">\n<style>.tdi_48{margines-g\u00f3rny:0px!important;margin-bottom:0px!important;dope\u0142nienie-g\u00f3ra:0px!important;dope\u0142nienie-d\u00f3\u0142:0px!important}<\/style>\n<style>.tdb_single_content{margin-bottom:0;*zoom:1}.tdb_single_content:before,.tdb_single_content:after{display:table;content:'';line-height:0}.tdb_single_content:after{clear:both}.tdb_single_content .tdb-block-inner>*:not(.wp-block-quote):not(.alignwide):not(.alignfull.wp-block-cover.has-parallax):not(.td-a-ad) {margin-left:auto;margin-right:auto}.tdb_single_content a{pointer-events:auto}.tdb_single_content .td-spot-id-top_ad .tdc-placeholder-title:before{content:'Article Top Ad'!important}.tdb_single_content .td-spot-id-inline_ad0 .tdc-placeholder-title:before{content:'Article Reklama wbudowana 1'!important}.tdb_single_content .td-spot-id-inline_ad1 .tdc-placeholder-title:before{content:'Article Inline Ad 2'!important}.tdb_single_content .td-spot-id-inline_ad2 .tdc-placeholder-title:before{content:' Reklama wbudowana w artyku\u0142 3'!important}.tdb_single_content .td-spot-id-bottom_ad .tdc-placeholder-title:before{content:'Article Bottom Ad'!important}.tdb_single_content .id_top_ad,.tdb_single_content .id_bottom_ad{clear:both;margin-bottom:21px;text-align:center}.tdb_single_content .id_top_ad img,.tdb_single_content .id_bottom_ad img{margin-bottom:0}.tdb_single_content .id_top_ad .adsbygoogle,.tdb_single_content .id_bottom_ad .adsbygoogle{position:relative}.tdb_single_content .id_ad_content-horiz-left,.tdb_single_content .id_ad_content-horiz-right,.tdb_single_content .id_ad_content-horiz-center{margin-bottom:15px}.tdb_single_content .id_ad_content-horiz-left img,.tdb_single_content .id_ad_content-horiz-right img,.tdb_single_content .id_ad_content-horiz-center img{margin-bottom:0}.tdb_single_content .id_ad_content-horiz-center{text-align:center}.tdb_single_content .id_ad_content-horiz-center img{margin-right:auto;margin-left:auto}.tdb_single_content .id_ad_content-horiz-left{float:left;margin-top:9px;margin-right:21px}.tdb_single_content .id_ad_content-horiz-right{float:right;margin-top:6px;margin-left:21px}.tdb_single_content .tdc-a-ad .tdc-placeholder-title{width:300px;height:250px}.tdb_single_content .tdc-a-ad .tdc-placeholder-title:before{position:absolute;top:50%;-webkit-transform:translateY(-50%);transform:translateY(-50%);margines:auto;display:table;width:100 %}.tdb_single_content .tdb-block-inner.td-fix-index{word-break:break-word}.tdi_48,.tdi_48>p,.tdi_48 .tdb-block-inner>p{font-size:16px!important;line- wysoko\u015b\u0107:1,6!wa\u017cne}.tdi_48 .tdb-block-inner blockquote p{font-style:normal!important}@media (max-width:767px){.tdb_single_content .id_ad_content-horiz-left,.tdb_single_content .id_ad_content-horiz-right,.tdb_single_content .id_ad_content-horiz-center{margin:0 automatyczny 26px auto}}@media (max-width:767px){.tdb_single_content .id_ad_content-horiz-left{margin-right:0}}@media (max-width:767px){.tdb_single_content .id_ad_content-horiz-right{margin -left:0}}@media (max-width:767px){.tdb_single_content .td-a-ad{float:none;text-align:center}.tdb_single_content .td-a-ad img{margin-right:auto;margin-left:auto}. tdb_single_content .tdc-a-ad{float:none}}<\/style>\n<div class=\"tdb-block-inner td-fix-index\">\n<p>Polka Katarzyna Wasick doda\u0142a do imponuj\u0105cego medalu swojego kraju na Mistrzostwach \u015awiata w p\u0142ywaniu na kr\u00f3tkim basenie w Budapeszcie, zdobywaj\u0105c br\u0105z na 50 m stylem dowolnym. 32-latka uzyska\u0142a czas 23,37 sekundy, wyprzedzaj\u0105c Amerykanki Kate Douglas i Gretchen Walsh, kt\u00f3ra pobi\u0142a rekord \u015bwiata z czasem 22,83. To kolejne podium dla Wasicka, kt\u00f3ry wcze\u015bniej w tej samej imprezie zdoby\u0142 br\u0105z w 2021 r. i srebro w 2022 r.  <\/p>\n<p>Medal Wasicka by\u0142 pi\u0105tym br\u0105zowym medalem dla Polski na tych mistrzostwach, co podkre\u015bli\u0142o dobry wyst\u0119p dru\u017cyny. Wcze\u015bniejsze sukcesy to indywidualne br\u0105zy Kacpra Stokowskiego na 100 m stylem grzbietowym i Krzysztofa Chmielewskiego na 200 m stylem motylkowym, a tak\u017ce medale w sztafetach 4&#215;100 m m\u0119\u017cczyzn i 4&#215;50 m stylem dowolnym. Kampania budapeszte\u0144ska by\u0142a pokazem rosn\u0105cej si\u0142y Polski w mi\u0119dzynarodowym p\u0142ywaniu.  <\/p>\n<blockquote class=\"twitter-tweet\">\n<p lang=\"en\" dir=\"ltr\">CM (25M) \u2013 \ud83c\udfca\u200d\u2640\ufe0f 50M NAGE LIBRE <\/p>\n<p>\ud83e\udd47Gretchen Walsh \ud83c\uddfa\ud83c\uddf8 22.83 WR <br \/>\ud83e\udd48Kate Douglass \ud83c\uddfa\ud83c\uddf8 23.05 <br \/>\ud83e\udd49Katarzyna Wasick \ud83c\uddf5\ud83c\uddf1 23.37 <\/p>\n<p>ZNOWU TO ZROBI\u0141A \ud83d\ude2e\u200d\ud83d\udca8\ud83d\ude2e\u200d\ud83d\udca8<a rel=\"nofollow\" href=\"https:\/\/twitter.com\/hashtag\/Natation?src=hash&amp;ref_src=twsrc%5Etfw\">#Nacja<\/a> <a rel=\"nofollow\" href=\"https:\/\/twitter.com\/hashtag\/AQUABudapest2024?src=hash&amp;ref_src=twsrc%5Etfw\">#AQUABudapeszt2024<\/a><a rel=\"nofollow\" href=\"https:\/\/t.co\/v0WzLS37Is\">pic.twitter.com\/v0WzLS37Is<\/a><\/p>\n<p>\u2014 PAN CARTER (@NelsonCarterJr) <a rel=\"nofollow\" href=\"https:\/\/twitter.com\/NelsonCarterJr\/status\/1868335942550917377?ref_src=twsrc%5Etfw\">15 grudnia 2024 r<\/a><\/p><\/blockquote>\n<\/div>\n<\/div>\n<p><script async src=\"https:\/\/platform.twitter.com\/widgets.js\" charset=\"utf-8\"><\/script><\/p>\n","protected":false},"excerpt":{"rendered":"<p>Polka Katarzyna Wasick doda\u0142a do imponuj\u0105cego medalu swojego kraju na Mistrzostwach \u015awiata w p\u0142ywaniu na kr\u00f3tkim basenie w Budapeszcie, zdobywaj\u0105c<\/p>\n","protected":false},"author":1,"featured_media":2419,"comment_status":"closed","ping_status":"","sticky":false,"template":"","format":"standard","meta":{"footnotes":""},"categories":[118],"tags":[1445,6,236,3741,444,3740,601],"class_list":["post-2418","post","type-post","status-publish","format-standard","has-post-thumbnail","hentry","category-lekkoatletyka","tag-braz","tag-katarzyna","tag-mistrzostwach","tag-plywaniu","tag-swiata","tag-wasick","tag-zdobywa","generate-columns","tablet-grid-50","mobile-grid-100","grid-parent","grid-50","resize-featured-image"],"yoast_head":"<!-- This site is optimized with the Yoast SEO plugin v23.2 - https:\/\/yoast.com\/wordpress\/plugins\/seo\/ -->\n<title>Katarzyna Wasick zdobywa br\u0105z na Mistrzostwach \u015awiata w p\u0142ywaniu - POGOTOWIE FLAGOWE\u00ae<\/title>\n<meta name=\"robots\" content=\"index, follow, max-snippet:-1, max-image-preview:large, max-video-preview:-1\" \/>\n<link rel=\"canonical\" href=\"https:\/\/www.pogotowieflagowe.pl\/aktualne\/katarzyna-wasick-zdobywa-braz-na-mistrzostwach-swiata-w-plywaniu\/\" \/>\n<meta property=\"og:locale\" content=\"pl_PL\" \/>\n<meta property=\"og:type\" content=\"article\" \/>\n<meta property=\"og:title\" content=\"Katarzyna Wasick zdobywa br\u0105z na Mistrzostwach \u015awiata w p\u0142ywaniu - POGOTOWIE FLAGOWE\u00ae\" \/>\n<meta property=\"og:description\" content=\"Polka Katarzyna Wasick doda\u0142a do imponuj\u0105cego medalu swojego kraju na Mistrzostwach \u015awiata w p\u0142ywaniu na kr\u00f3tkim basenie w Budapeszcie, zdobywaj\u0105c\" \/>\n<meta property=\"og:url\" content=\"https:\/\/www.pogotowieflagowe.pl\/aktualne\/katarzyna-wasick-zdobywa-braz-na-mistrzostwach-swiata-w-plywaniu\/\" \/>\n<meta property=\"og:site_name\" content=\"POGOTOWIE FLAGOWE\u00ae\" \/>\n<meta property=\"article:published_time\" content=\"2024-12-15T20:50:09+00:00\" \/>\n<meta property=\"article:modified_time\" content=\"2024-12-15T20:50:20+00:00\" \/>\n<meta property=\"og:image\" content=\"https:\/\/www.pogotowieflagowe.pl\/aktualne\/wp-content\/uploads\/2024\/12\/Katarzyna-Wasick-zdobywa-braz-na-Mistrzostwach-Swiata-w-plywaniu.jpg\" \/>\n\t<meta property=\"og:image:width\" content=\"1920\" \/>\n\t<meta property=\"og:image:height\" content=\"1485\" \/>\n\t<meta property=\"og:image:type\" content=\"image\/jpeg\" \/>\n<meta name=\"author\" content=\"Filip\" \/>\n<meta name=\"twitter:card\" content=\"summary_large_image\" \/>\n<meta name=\"twitter:label1\" content=\"Napisane przez\" \/>\n\t<meta name=\"twitter:data1\" content=\"Filip\" \/>\n\t<meta name=\"twitter:label2\" content=\"Szacowany czas czytania\" \/>\n\t<meta name=\"twitter:data2\" content=\"1 minuta\" \/>\n<script type=\"application\/ld+json\" class=\"yoast-schema-graph\">{\"@context\":\"https:\/\/schema.org\",\"@graph\":[{\"@type\":\"Article\",\"@id\":\"https:\/\/www.pogotowieflagowe.pl\/aktualne\/katarzyna-wasick-zdobywa-braz-na-mistrzostwach-swiata-w-plywaniu\/#article\",\"isPartOf\":{\"@id\":\"https:\/\/www.pogotowieflagowe.pl\/aktualne\/katarzyna-wasick-zdobywa-braz-na-mistrzostwach-swiata-w-plywaniu\/\"},\"author\":{\"name\":\"Filip\",\"@id\":\"https:\/\/www.pogotowieflagowe.pl\/aktualne\/#\/schema\/person\/9c2fb7d2362ebf6fa088960d7f0d27b0\"},\"headline\":\"Katarzyna Wasick zdobywa br\u0105z na Mistrzostwach \u015awiata w p\u0142ywaniu\",\"datePublished\":\"2024-12-15T20:50:09+00:00\",\"dateModified\":\"2024-12-15T20:50:20+00:00\",\"mainEntityOfPage\":{\"@id\":\"https:\/\/www.pogotowieflagowe.pl\/aktualne\/katarzyna-wasick-zdobywa-braz-na-mistrzostwach-swiata-w-plywaniu\/\"},\"wordCount\":187,\"publisher\":{\"@id\":\"https:\/\/www.pogotowieflagowe.pl\/aktualne\/#organization\"},\"image\":{\"@id\":\"https:\/\/www.pogotowieflagowe.pl\/aktualne\/katarzyna-wasick-zdobywa-braz-na-mistrzostwach-swiata-w-plywaniu\/#primaryimage\"},\"thumbnailUrl\":\"https:\/\/www.pogotowieflagowe.pl\/aktualne\/wp-content\/uploads\/2024\/12\/Katarzyna-Wasick-zdobywa-braz-na-Mistrzostwach-Swiata-w-plywaniu.jpg\",\"keywords\":[\"br\u0105z\",\"Katarzyna\",\"mistrzostwach\",\"p\u0142ywaniu\",\"\u015awiata\",\"Wasick\",\"zdobywa\"],\"articleSection\":[\"Lekkoatletyka\"],\"inLanguage\":\"pl-PL\"},{\"@type\":\"WebPage\",\"@id\":\"https:\/\/www.pogotowieflagowe.pl\/aktualne\/katarzyna-wasick-zdobywa-braz-na-mistrzostwach-swiata-w-plywaniu\/\",\"url\":\"https:\/\/www.pogotowieflagowe.pl\/aktualne\/katarzyna-wasick-zdobywa-braz-na-mistrzostwach-swiata-w-plywaniu\/\",\"name\":\"Katarzyna Wasick zdobywa br\u0105z na Mistrzostwach \u015awiata w p\u0142ywaniu - POGOTOWIE FLAGOWE\u00ae\",\"isPartOf\":{\"@id\":\"https:\/\/www.pogotowieflagowe.pl\/aktualne\/#website\"},\"primaryImageOfPage\":{\"@id\":\"https:\/\/www.pogotowieflagowe.pl\/aktualne\/katarzyna-wasick-zdobywa-braz-na-mistrzostwach-swiata-w-plywaniu\/#primaryimage\"},\"image\":{\"@id\":\"https:\/\/www.pogotowieflagowe.pl\/aktualne\/katarzyna-wasick-zdobywa-braz-na-mistrzostwach-swiata-w-plywaniu\/#primaryimage\"},\"thumbnailUrl\":\"https:\/\/www.pogotowieflagowe.pl\/aktualne\/wp-content\/uploads\/2024\/12\/Katarzyna-Wasick-zdobywa-braz-na-Mistrzostwach-Swiata-w-plywaniu.jpg\",\"datePublished\":\"2024-12-15T20:50:09+00:00\",\"dateModified\":\"2024-12-15T20:50:20+00:00\",\"breadcrumb\":{\"@id\":\"https:\/\/www.pogotowieflagowe.pl\/aktualne\/katarzyna-wasick-zdobywa-braz-na-mistrzostwach-swiata-w-plywaniu\/#breadcrumb\"},\"inLanguage\":\"pl-PL\",\"potentialAction\":[{\"@type\":\"ReadAction\",\"target\":[\"https:\/\/www.pogotowieflagowe.pl\/aktualne\/katarzyna-wasick-zdobywa-braz-na-mistrzostwach-swiata-w-plywaniu\/\"]}]},{\"@type\":\"ImageObject\",\"inLanguage\":\"pl-PL\",\"@id\":\"https:\/\/www.pogotowieflagowe.pl\/aktualne\/katarzyna-wasick-zdobywa-braz-na-mistrzostwach-swiata-w-plywaniu\/#primaryimage\",\"url\":\"https:\/\/www.pogotowieflagowe.pl\/aktualne\/wp-content\/uploads\/2024\/12\/Katarzyna-Wasick-zdobywa-braz-na-Mistrzostwach-Swiata-w-plywaniu.jpg\",\"contentUrl\":\"https:\/\/www.pogotowieflagowe.pl\/aktualne\/wp-content\/uploads\/2024\/12\/Katarzyna-Wasick-zdobywa-braz-na-Mistrzostwach-Swiata-w-plywaniu.jpg\",\"width\":1920,\"height\":1485,\"caption\":\"Katarzyna Wasick zdobywa br\u0105z na Mistrzostwach \u015awiata w p\u0142ywaniu\"},{\"@type\":\"BreadcrumbList\",\"@id\":\"https:\/\/www.pogotowieflagowe.pl\/aktualne\/katarzyna-wasick-zdobywa-braz-na-mistrzostwach-swiata-w-plywaniu\/#breadcrumb\",\"itemListElement\":[{\"@type\":\"ListItem\",\"position\":1,\"name\":\"Home\",\"item\":\"https:\/\/www.pogotowieflagowe.pl\/aktualne\/\"},{\"@type\":\"ListItem\",\"position\":2,\"name\":\"Katarzyna Wasick zdobywa br\u0105z na Mistrzostwach \u015awiata w p\u0142ywaniu\"}]},{\"@type\":\"WebSite\",\"@id\":\"https:\/\/www.pogotowieflagowe.pl\/aktualne\/#website\",\"url\":\"https:\/\/www.pogotowieflagowe.pl\/aktualne\/\",\"name\":\"POGOTOWIE FLAGOWE\u00ae\",\"description\":\"\",\"publisher\":{\"@id\":\"https:\/\/www.pogotowieflagowe.pl\/aktualne\/#organization\"},\"potentialAction\":[{\"@type\":\"SearchAction\",\"target\":{\"@type\":\"EntryPoint\",\"urlTemplate\":\"https:\/\/www.pogotowieflagowe.pl\/aktualne\/?s={search_term_string}\"},\"query-input\":\"required name=search_term_string\"}],\"inLanguage\":\"pl-PL\"},{\"@type\":\"Organization\",\"@id\":\"https:\/\/www.pogotowieflagowe.pl\/aktualne\/#organization\",\"name\":\"POGOTOWIE FLAGOWE\u00ae\",\"url\":\"https:\/\/www.pogotowieflagowe.pl\/aktualne\/\",\"logo\":{\"@type\":\"ImageObject\",\"inLanguage\":\"pl-PL\",\"@id\":\"https:\/\/www.pogotowieflagowe.pl\/aktualne\/#\/schema\/logo\/image\/\",\"url\":\"https:\/\/www.pogotowieflagowe.pl\/aktualne\/wp-content\/uploads\/2024\/08\/cropped-pogotowieflagowe_flaga_projekt_sm.jpg\",\"contentUrl\":\"https:\/\/www.pogotowieflagowe.pl\/aktualne\/wp-content\/uploads\/2024\/08\/cropped-pogotowieflagowe_flaga_projekt_sm.jpg\",\"width\":250,\"height\":143,\"caption\":\"POGOTOWIE FLAGOWE\u00ae\"},\"image\":{\"@id\":\"https:\/\/www.pogotowieflagowe.pl\/aktualne\/#\/schema\/logo\/image\/\"}},{\"@type\":\"Person\",\"@id\":\"https:\/\/www.pogotowieflagowe.pl\/aktualne\/#\/schema\/person\/9c2fb7d2362ebf6fa088960d7f0d27b0\",\"name\":\"Filip\",\"image\":{\"@type\":\"ImageObject\",\"inLanguage\":\"pl-PL\",\"@id\":\"https:\/\/www.pogotowieflagowe.pl\/aktualne\/#\/schema\/person\/image\/\",\"url\":\"https:\/\/www.pogotowieflagowe.pl\/aktualne\/wp-content\/uploads\/2024\/08\/pogotowieflagowe.pl_.jpg\",\"contentUrl\":\"https:\/\/www.pogotowieflagowe.pl\/aktualne\/wp-content\/uploads\/2024\/08\/pogotowieflagowe.pl_.jpg\",\"caption\":\"Filip\"},\"description\":\"Jestem Filip, polski dziennikarz z dyplomem nauk politycznych Uniwersytetu Warszawskiego. Rozpoczynaj\u0105c swoj\u0105 karier\u0119 w r\u00f3\u017cnych lokalnych mediach, zdoby\u0142em solidne do\u015bwiadczenie w zakresie \u015bledztwa i redakcji. Obecnie jako redaktor w Pogotowie flagowe, staram si\u0119 dostarcza\u0107 dog\u0142\u0119bne i istotne analizy na temat najwa\u017cniejszych kwestii aktualno\u015bci, \u0142\u0105cz\u0105c rygor z pasj\u0105 dziennikarsk\u0105.\",\"sameAs\":[\"https:\/\/www.pogotowieflagowe.pl\/\"]}]}<\/script>\n<!-- \/ Yoast SEO plugin. -->","yoast_head_json":{"title":"Katarzyna Wasick zdobywa br\u0105z na Mistrzostwach \u015awiata w p\u0142ywaniu - POGOTOWIE FLAGOWE\u00ae","robots":{"index":"index","follow":"follow","max-snippet":"max-snippet:-1","max-image-preview":"max-image-preview:large","max-video-preview":"max-video-preview:-1"},"canonical":"https:\/\/www.pogotowieflagowe.pl\/aktualne\/katarzyna-wasick-zdobywa-braz-na-mistrzostwach-swiata-w-plywaniu\/","og_locale":"pl_PL","og_type":"article","og_title":"Katarzyna Wasick zdobywa br\u0105z na Mistrzostwach \u015awiata w p\u0142ywaniu - POGOTOWIE FLAGOWE\u00ae","og_description":"Polka Katarzyna Wasick doda\u0142a do imponuj\u0105cego medalu swojego kraju na Mistrzostwach \u015awiata w p\u0142ywaniu na kr\u00f3tkim basenie w Budapeszcie, zdobywaj\u0105c","og_url":"https:\/\/www.pogotowieflagowe.pl\/aktualne\/katarzyna-wasick-zdobywa-braz-na-mistrzostwach-swiata-w-plywaniu\/","og_site_name":"POGOTOWIE FLAGOWE\u00ae","article_published_time":"2024-12-15T20:50:09+00:00","article_modified_time":"2024-12-15T20:50:20+00:00","og_image":[{"width":1920,"height":1485,"url":"https:\/\/www.pogotowieflagowe.pl\/aktualne\/wp-content\/uploads\/2024\/12\/Katarzyna-Wasick-zdobywa-braz-na-Mistrzostwach-Swiata-w-plywaniu.jpg","type":"image\/jpeg"}],"author":"Filip","twitter_card":"summary_large_image","twitter_misc":{"Napisane przez":"Filip","Szacowany czas czytania":"1 minuta"},"schema":{"@context":"https:\/\/schema.org","@graph":[{"@type":"Article","@id":"https:\/\/www.pogotowieflagowe.pl\/aktualne\/katarzyna-wasick-zdobywa-braz-na-mistrzostwach-swiata-w-plywaniu\/#article","isPartOf":{"@id":"https:\/\/www.pogotowieflagowe.pl\/aktualne\/katarzyna-wasick-zdobywa-braz-na-mistrzostwach-swiata-w-plywaniu\/"},"author":{"name":"Filip","@id":"https:\/\/www.pogotowieflagowe.pl\/aktualne\/#\/schema\/person\/9c2fb7d2362ebf6fa088960d7f0d27b0"},"headline":"Katarzyna Wasick zdobywa br\u0105z na Mistrzostwach \u015awiata w p\u0142ywaniu","datePublished":"2024-12-15T20:50:09+00:00","dateModified":"2024-12-15T20:50:20+00:00","mainEntityOfPage":{"@id":"https:\/\/www.pogotowieflagowe.pl\/aktualne\/katarzyna-wasick-zdobywa-braz-na-mistrzostwach-swiata-w-plywaniu\/"},"wordCount":187,"publisher":{"@id":"https:\/\/www.pogotowieflagowe.pl\/aktualne\/#organization"},"image":{"@id":"https:\/\/www.pogotowieflagowe.pl\/aktualne\/katarzyna-wasick-zdobywa-braz-na-mistrzostwach-swiata-w-plywaniu\/#primaryimage"},"thumbnailUrl":"https:\/\/www.pogotowieflagowe.pl\/aktualne\/wp-content\/uploads\/2024\/12\/Katarzyna-Wasick-zdobywa-braz-na-Mistrzostwach-Swiata-w-plywaniu.jpg","keywords":["br\u0105z","Katarzyna","mistrzostwach","p\u0142ywaniu","\u015awiata","Wasick","zdobywa"],"articleSection":["Lekkoatletyka"],"inLanguage":"pl-PL"},{"@type":"WebPage","@id":"https:\/\/www.pogotowieflagowe.pl\/aktualne\/katarzyna-wasick-zdobywa-braz-na-mistrzostwach-swiata-w-plywaniu\/","url":"https:\/\/www.pogotowieflagowe.pl\/aktualne\/katarzyna-wasick-zdobywa-braz-na-mistrzostwach-swiata-w-plywaniu\/","name":"Katarzyna Wasick zdobywa br\u0105z na Mistrzostwach \u015awiata w p\u0142ywaniu - POGOTOWIE FLAGOWE\u00ae","isPartOf":{"@id":"https:\/\/www.pogotowieflagowe.pl\/aktualne\/#website"},"primaryImageOfPage":{"@id":"https:\/\/www.pogotowieflagowe.pl\/aktualne\/katarzyna-wasick-zdobywa-braz-na-mistrzostwach-swiata-w-plywaniu\/#primaryimage"},"image":{"@id":"https:\/\/www.pogotowieflagowe.pl\/aktualne\/katarzyna-wasick-zdobywa-braz-na-mistrzostwach-swiata-w-plywaniu\/#primaryimage"},"thumbnailUrl":"https:\/\/www.pogotowieflagowe.pl\/aktualne\/wp-content\/uploads\/2024\/12\/Katarzyna-Wasick-zdobywa-braz-na-Mistrzostwach-Swiata-w-plywaniu.jpg","datePublished":"2024-12-15T20:50:09+00:00","dateModified":"2024-12-15T20:50:20+00:00","breadcrumb":{"@id":"https:\/\/www.pogotowieflagowe.pl\/aktualne\/katarzyna-wasick-zdobywa-braz-na-mistrzostwach-swiata-w-plywaniu\/#breadcrumb"},"inLanguage":"pl-PL","potentialAction":[{"@type":"ReadAction","target":["https:\/\/www.pogotowieflagowe.pl\/aktualne\/katarzyna-wasick-zdobywa-braz-na-mistrzostwach-swiata-w-plywaniu\/"]}]},{"@type":"ImageObject","inLanguage":"pl-PL","@id":"https:\/\/www.pogotowieflagowe.pl\/aktualne\/katarzyna-wasick-zdobywa-braz-na-mistrzostwach-swiata-w-plywaniu\/#primaryimage","url":"https:\/\/www.pogotowieflagowe.pl\/aktualne\/wp-content\/uploads\/2024\/12\/Katarzyna-Wasick-zdobywa-braz-na-Mistrzostwach-Swiata-w-plywaniu.jpg","contentUrl":"https:\/\/www.pogotowieflagowe.pl\/aktualne\/wp-content\/uploads\/2024\/12\/Katarzyna-Wasick-zdobywa-braz-na-Mistrzostwach-Swiata-w-plywaniu.jpg","width":1920,"height":1485,"caption":"Katarzyna Wasick zdobywa br\u0105z na Mistrzostwach \u015awiata w p\u0142ywaniu"},{"@type":"BreadcrumbList","@id":"https:\/\/www.pogotowieflagowe.pl\/aktualne\/katarzyna-wasick-zdobywa-braz-na-mistrzostwach-swiata-w-plywaniu\/#breadcrumb","itemListElement":[{"@type":"ListItem","position":1,"name":"Home","item":"https:\/\/www.pogotowieflagowe.pl\/aktualne\/"},{"@type":"ListItem","position":2,"name":"Katarzyna Wasick zdobywa br\u0105z na Mistrzostwach \u015awiata w p\u0142ywaniu"}]},{"@type":"WebSite","@id":"https:\/\/www.pogotowieflagowe.pl\/aktualne\/#website","url":"https:\/\/www.pogotowieflagowe.pl\/aktualne\/","name":"POGOTOWIE FLAGOWE\u00ae","description":"","publisher":{"@id":"https:\/\/www.pogotowieflagowe.pl\/aktualne\/#organization"},"potentialAction":[{"@type":"SearchAction","target":{"@type":"EntryPoint","urlTemplate":"https:\/\/www.pogotowieflagowe.pl\/aktualne\/?s={search_term_string}"},"query-input":"required name=search_term_string"}],"inLanguage":"pl-PL"},{"@type":"Organization","@id":"https:\/\/www.pogotowieflagowe.pl\/aktualne\/#organization","name":"POGOTOWIE FLAGOWE\u00ae","url":"https:\/\/www.pogotowieflagowe.pl\/aktualne\/","logo":{"@type":"ImageObject","inLanguage":"pl-PL","@id":"https:\/\/www.pogotowieflagowe.pl\/aktualne\/#\/schema\/logo\/image\/","url":"https:\/\/www.pogotowieflagowe.pl\/aktualne\/wp-content\/uploads\/2024\/08\/cropped-pogotowieflagowe_flaga_projekt_sm.jpg","contentUrl":"https:\/\/www.pogotowieflagowe.pl\/aktualne\/wp-content\/uploads\/2024\/08\/cropped-pogotowieflagowe_flaga_projekt_sm.jpg","width":250,"height":143,"caption":"POGOTOWIE FLAGOWE\u00ae"},"image":{"@id":"https:\/\/www.pogotowieflagowe.pl\/aktualne\/#\/schema\/logo\/image\/"}},{"@type":"Person","@id":"https:\/\/www.pogotowieflagowe.pl\/aktualne\/#\/schema\/person\/9c2fb7d2362ebf6fa088960d7f0d27b0","name":"Filip","image":{"@type":"ImageObject","inLanguage":"pl-PL","@id":"https:\/\/www.pogotowieflagowe.pl\/aktualne\/#\/schema\/person\/image\/","url":"https:\/\/www.pogotowieflagowe.pl\/aktualne\/wp-content\/uploads\/2024\/08\/pogotowieflagowe.pl_.jpg","contentUrl":"https:\/\/www.pogotowieflagowe.pl\/aktualne\/wp-content\/uploads\/2024\/08\/pogotowieflagowe.pl_.jpg","caption":"Filip"},"description":"Jestem Filip, polski dziennikarz z dyplomem nauk politycznych Uniwersytetu Warszawskiego. Rozpoczynaj\u0105c swoj\u0105 karier\u0119 w r\u00f3\u017cnych lokalnych mediach, zdoby\u0142em solidne do\u015bwiadczenie w zakresie \u015bledztwa i redakcji. Obecnie jako redaktor w Pogotowie flagowe, staram si\u0119 dostarcza\u0107 dog\u0142\u0119bne i istotne analizy na temat najwa\u017cniejszych kwestii aktualno\u015bci, \u0142\u0105cz\u0105c rygor z pasj\u0105 dziennikarsk\u0105.","sameAs":["https:\/\/www.pogotowieflagowe.pl\/"]}]}},"_links":{"self":[{"href":"https:\/\/www.pogotowieflagowe.pl\/aktualne\/wp-json\/wp\/v2\/posts\/2418","targetHints":{"allow":["GET"]}}],"collection":[{"href":"https:\/\/www.pogotowieflagowe.pl\/aktualne\/wp-json\/wp\/v2\/posts"}],"about":[{"href":"https:\/\/www.pogotowieflagowe.pl\/aktualne\/wp-json\/wp\/v2\/types\/post"}],"author":[{"embeddable":true,"href":"https:\/\/www.pogotowieflagowe.pl\/aktualne\/wp-json\/wp\/v2\/users\/1"}],"replies":[{"embeddable":true,"href":"https:\/\/www.pogotowieflagowe.pl\/aktualne\/wp-json\/wp\/v2\/comments?post=2418"}],"version-history":[{"count":1,"href":"https:\/\/www.pogotowieflagowe.pl\/aktualne\/wp-json\/wp\/v2\/posts\/2418\/revisions"}],"predecessor-version":[{"id":2420,"href":"https:\/\/www.pogotowieflagowe.pl\/aktualne\/wp-json\/wp\/v2\/posts\/2418\/revisions\/2420"}],"wp:featuredmedia":[{"embeddable":true,"href":"https:\/\/www.pogotowieflagowe.pl\/aktualne\/wp-json\/wp\/v2\/media\/2419"}],"wp:attachment":[{"href":"https:\/\/www.pogotowieflagowe.pl\/aktualne\/wp-json\/wp\/v2\/media?parent=2418"}],"wp:term":[{"taxonomy":"category","embeddable":true,"href":"https:\/\/www.pogotowieflagowe.pl\/aktualne\/wp-json\/wp\/v2\/categories?post=2418"},{"taxonomy":"post_tag","embeddable":true,"href":"https:\/\/www.pogotowieflagowe.pl\/aktualne\/wp-json\/wp\/v2\/tags?post=2418"}],"curies":[{"name":"wp","href":"https:\/\/api.w.org\/{rel}","templated":true}]}}