{"id":242,"date":"2024-08-22T17:36:24","date_gmt":"2024-08-22T15:36:24","guid":{"rendered":"https:\/\/www.pogotowieflagowe.pl\/aktualne\/gwaltownie-spadajace-zyski-orlenu-wynik-bezczynnosci-rzadu\/"},"modified":"2024-08-22T17:36:27","modified_gmt":"2024-08-22T15:36:27","slug":"gwaltownie-spadajace-zyski-orlenu-wynik-bezczynnosci-rzadu","status":"publish","type":"post","link":"https:\/\/www.pogotowieflagowe.pl\/aktualne\/gwaltownie-spadajace-zyski-orlenu-wynik-bezczynnosci-rzadu\/","title":{"rendered":"Gwa\u0142townie spadaj\u0105ce zyski Orlenu: wynik bezczynno\u015bci rz\u0105du?"},"content":{"rendered":"\n<div class=\"td_block_wrap tdb_single_content tdi_48 td-pb-border-top td_block_template_8 td-post-content tagdiv-type\" data-td-block-uid=\"tdi_48\">\n<style>.tdi_48{margines g\u00f3rny:0px!wa\u017cne;margines dolny:0px!wa\u017cne;wype\u0142nienie g\u00f3rne:0px!wa\u017cne;wype\u0142nienie dolne:0px!wa\u017cne}<\/style>\n<style>.tdb_single_content{margines-dolny:0;*powi\u0119kszenie:1}.tdb_single_content:before,.tdb_single_content:after{wy\u015bwietlanie:tabela;zawarto\u015b\u0107:'';wysoko\u015b\u0107-linii:0}.tdb_single_content:after{wyczy\u015b\u0107:oba}.tdb_single_content .tdb-block-inner>*:not(.wp-block-quote):not(.alignwide):not(.alignfull.wp-block-cover.has-parallax):not(.td-a-ad){margines-lewy:auto;margines-prawy:auto}.tdb_single_content a{zdarzenia-wska\u017anika:auto}.tdb_single_content .td-spot-id-top_ad .tdc-placeholder-title:before{zawarto\u015b\u0107:'Pocz\u0105tek artyku\u0142u Reklama'!important}.tdb_single_content .td-spot-id-inline_ad0 .tdc-placeholder-title:before{content:'Reklama inline artyku\u0142u 1'!important}.tdb_single_content .td-spot-id-inline_ad1 .tdc-placeholder-title:before{content:'Reklama inline artyku\u0142u 2'!important}.tdb_single_content .td-spot-id-inline_ad2 .tdc-placeholder-title:before{content:'Reklama inline artyku\u0142u 3'!important}.tdb_single_content .td-spot-id-bottom_ad .tdc-placeholder-title:before{content:'Reklama dolna artyku\u0142u'!important}.tdb_single_content .id_top_ad,.tdb_single_content .id_bottom_ad{clear:both;margines-dolny:21px;wyr\u00f3wnanie-tekstu:\u015brodek}.tdb_single_content .id_top_ad img,.tdb_single_content .id_bottom_ad img{margines-dolny:0}.tdb_single_content .id_top_ad .adsbygoogle,.tdb_single_content .id_bottom_ad .adsbygoogle{pozycja:wzgl\u0119dna}.tdb_single_content .id_ad_content-poziom-lewy,.tdb_single_content .id_ad_content-poziom-prawy,.tdb_single_content .id_ad_content-horiz-center{margines dolny:15px}.tdb_single_content .id_ad_content-horiz-lewy img,.tdb_single_content .id_ad_content-horiz-prawy img,.tdb_single_content .id_ad_content-horiz-center img{margines dolny:0}.tdb_single_content .id_ad_content-horiz-center{wyr\u00f3wnanie tekstu:\u015brodek}.tdb_single_content .id_ad_content-horiz-center img{margines prawy:auto;margines lewy:auto}.tdb_single_content .id_ad_content-horiz-left{float:lewy;margines g\u00f3rny:9px;margines prawy:21px}.tdb_single_content .id_ad_content-horiz-right{float:right;margines-g\u00f3rny:6px;margines-lewy:21px}.tdb_single_content .tdc-a-ad .tdc-placeholder-title{szeroko\u015b\u0107:300px;wysoko\u015b\u0107:250px}.tdb_single_content .tdc-a-ad .tdc-placeholder-title:before{pozycja:absolutna;g\u00f3ra:50%;-webkit-transform:translateY(-50%);przekszta\u0142cenie:translateY(-50%);margines:auto;wy\u015bwietlanie:tabela;szeroko\u015b\u0107:100%}.tdb_single_content .tdb-block-inner.td-fix-index{word-break:break-word}.tdi_48,.tdi_48>p,.tdi_48 .tdb-block-inner>p{rozmiar-czcionki:16px!wa\u017cne;wysoko\u015b\u0107-linii:1.6!wa\u017cne}.tdi_48 .tdb-block-inner cytat p{styl-czcionki:normalny!wa\u017cne}@media (maks. szeroko\u015b\u0107:767px){.tdb_single_content .id_ad_content-poziom-lewo,.tdb_single_content .id_ad_content-poziom-prawo,.tdb_single_content .id_ad_content-poziom-\u015brodek{margines:0 auto 26px auto}}@media (maks. szeroko\u015b\u0107:767px){.tdb_single_content .id_ad_content-poziom-lewo{margines-prawy:0}}@media (maks. szeroko\u015b\u0107:767px){.tdb_single_content .id_ad_content-horiz-right{margines-lewy:0}}@media (maksymalna szeroko\u015b\u0107:767px){.tdb_single_content .td-a-ad{float:none;wyr\u00f3wnanie tekstu:\u015brodek}.tdb_single_content .td-a-ad img{margines-prawy:auto;margines-lewy:auto}.tdb_single_content .tdc-a-ad{float:none}}<\/style>\n<div class=\"tdb-block-inner td-fix-index\">\n<h2 class=\"wp-block-heading\">Zyski Orlenu gwa\u0142townie spad\u0142y w 2024 r. na skutek zmian w zarz\u0105dzie. By\u0142y prezes Obajtek obwinia obecne kierownictwo za kryzys.<\/h2>\n<p>PKN Orlen odnotowa\u0142 znaczny spadek zysku netto za pierwsze p\u00f3\u0142rocze 2024 r., ujawniaj\u0105c osza\u0142amiaj\u0105cy spadek o 12,7 mld z\u0142 w por\u00f3wnaniu z analogicznym okresem ubieg\u0142ego roku. Zysk netto sp\u00f3\u0142ki w wysoko\u015bci 2,76 mld z\u0142 ostro kontrastuje z zyskiem w wysoko\u015bci 6 mld z\u0142 odnotowanym w drugim kwartale 2023 r. Spadek ten wpisuje si\u0119 w szerszy trend, przy czym przychody spad\u0142y o 43 mld z\u0142, a EBITDA spad\u0142a o 15,8 mld z\u0142.<\/p>\n<p><strong>Odpowied\u017a Obajtka<\/strong><\/p>\n<figure class=\"wp-block-embed is-type-rich is-provider-twitter wp-block-embed-twitter\">\n<div class=\"wp-block-embed__wrapper\">\n<blockquote class=\"twitter-tweet\" data-width=\"550\" data-dnt=\"true\">\n<p lang=\"pl\" dir=\"ltr\">P\u00f3\u0142 roku parali\u017cu decyzyjnego, zwolnienia oko\u0142o tysi\u0105ca kontroler\u00f3w i pracownik\u00f3w, ci\u0105g\u0142ych audyt\u00f3w i szukania pseudoafer w <a rel=\"nofollow\" href=\"https:\/\/twitter.com\/GrupaORLEN?ref_src=twsrc%5Etfw\">@GrupaORLEN<\/a> Do:<\/p>\n<p>Wynik netto za II kwarta\u0142 2024 na MINUSIE\u203c\ufe0f<br \/>minus 34 mln z\u0142 vs 6 mld z\u0142 na plusie za II kwarta\u0142 2023\u203c\ufe0f<\/p>\n<p>(p\u00f3\u0142rocze 2024 vs\u2026<\/p>\n<p>\u2014 Daniel Obajtek (@DanielObajtek) <a rel=\"nofollow\" href=\"https:\/\/twitter.com\/DanielObajtek\/status\/1826493363635306985?ref_src=twsrc%5Etfw\">22 sierpnia 2024 r.<\/a><\/p><\/blockquote>\n<\/div>\n<\/figure>\n<p>By\u0142y prezes Orlenu i obecny eurodeputowany PiS, Daniel Obajtek, skrytykowa\u0142 w mediach spo\u0142eczno\u015bciowych obecny zarz\u0105d, przypisuj\u0105c te straty temu, co opisuje jako \u201eparali\u017c decyzyjny\u201d i zwolnienie oko\u0142o 1000 do\u015bwiadczonych mened\u017cer\u00f3w. Obajtek zwr\u00f3ci\u0142 r\u00f3wnie\u017c uwag\u0119, \u017ce wiele decyzji pozytywnie wp\u0142ywaj\u0105cych na finanse firmy zosta\u0142o podj\u0119tych pod jego kierownictwem, w tym przej\u0119cie Orlen Austria i inwestycje w energi\u0119 odnawialn\u0105.<\/p>\n<p><strong>Szerszy obraz<\/strong><\/p>\n<p>Komentarze Obajtka sugeruj\u0105, \u017ce problemy finansowe Orlenu wynikaj\u0105 z niew\u0142a\u015bciwego zarz\u0105dzania przez obecn\u0105 administracj\u0119. Sugeruje, \u017ce negatywne wyniki finansowe s\u0105 powodem, dla kt\u00f3rego ceny paliw nie spad\u0142y zgodnie z oczekiwaniami.<\/p>\n<\/div>\n<\/div>\n<p><script async src=\"https:\/\/platform.twitter.com\/widgets.js\" charset=\"utf-8\"><\/script><\/p>\n","protected":false},"excerpt":{"rendered":"<p>Zyski Orlenu gwa\u0142townie spad\u0142y w 2024 r. na skutek zmian w zarz\u0105dzie. By\u0142y prezes Obajtek obwinia obecne kierownictwo za kryzys.<\/p>\n","protected":false},"author":1,"featured_media":243,"comment_status":"closed","ping_status":"","sticky":false,"template":"","format":"standard","meta":{"footnotes":""},"categories":[45],"tags":[334,329,332,335,330,333,331],"class_list":["post-242","post","type-post","status-publish","format-standard","has-post-thumbnail","hentry","category-biznes","tag-bezczynnosci","tag-gwaltownie","tag-orlenu","tag-rzadu","tag-spadajace","tag-wynik","tag-zyski","generate-columns","tablet-grid-50","mobile-grid-100","grid-parent","grid-50","resize-featured-image"],"yoast_head":"<!-- This site is optimized with the Yoast SEO plugin v23.2 - https:\/\/yoast.com\/wordpress\/plugins\/seo\/ -->\n<title>Gwa\u0142townie spadaj\u0105ce zyski Orlenu: wynik bezczynno\u015bci rz\u0105du? - POGOTOWIE FLAGOWE\u00ae<\/title>\n<meta name=\"robots\" content=\"index, follow, max-snippet:-1, max-image-preview:large, max-video-preview:-1\" \/>\n<link rel=\"canonical\" href=\"https:\/\/www.pogotowieflagowe.pl\/aktualne\/gwaltownie-spadajace-zyski-orlenu-wynik-bezczynnosci-rzadu\/\" \/>\n<meta property=\"og:locale\" content=\"pl_PL\" \/>\n<meta property=\"og:type\" content=\"article\" \/>\n<meta property=\"og:title\" content=\"Gwa\u0142townie spadaj\u0105ce zyski Orlenu: wynik bezczynno\u015bci rz\u0105du? - POGOTOWIE FLAGOWE\u00ae\" \/>\n<meta property=\"og:description\" content=\"Zyski Orlenu gwa\u0142townie spad\u0142y w 2024 r. na skutek zmian w zarz\u0105dzie. By\u0142y prezes Obajtek obwinia obecne kierownictwo za kryzys.\" \/>\n<meta property=\"og:url\" content=\"https:\/\/www.pogotowieflagowe.pl\/aktualne\/gwaltownie-spadajace-zyski-orlenu-wynik-bezczynnosci-rzadu\/\" \/>\n<meta property=\"og:site_name\" content=\"POGOTOWIE FLAGOWE\u00ae\" \/>\n<meta property=\"article:published_time\" content=\"2024-08-22T15:36:24+00:00\" \/>\n<meta property=\"article:modified_time\" content=\"2024-08-22T15:36:27+00:00\" \/>\n<meta property=\"og:image\" content=\"https:\/\/www.pogotowieflagowe.pl\/aktualne\/wp-content\/uploads\/2024\/08\/Gwaltownie-spadajace-zyski-Orlenu-wynik-bezczynnosci-rzadu.jpg\" \/>\n\t<meta property=\"og:image:width\" content=\"1920\" \/>\n\t<meta property=\"og:image:height\" content=\"1091\" \/>\n\t<meta property=\"og:image:type\" content=\"image\/jpeg\" \/>\n<meta name=\"author\" content=\"Filip\" \/>\n<meta name=\"twitter:card\" content=\"summary_large_image\" \/>\n<meta name=\"twitter:label1\" content=\"Napisane przez\" \/>\n\t<meta name=\"twitter:data1\" content=\"Filip\" \/>\n\t<meta name=\"twitter:label2\" content=\"Szacowany czas czytania\" \/>\n\t<meta name=\"twitter:data2\" content=\"1 minuta\" \/>\n<script type=\"application\/ld+json\" class=\"yoast-schema-graph\">{\"@context\":\"https:\/\/schema.org\",\"@graph\":[{\"@type\":\"Article\",\"@id\":\"https:\/\/www.pogotowieflagowe.pl\/aktualne\/gwaltownie-spadajace-zyski-orlenu-wynik-bezczynnosci-rzadu\/#article\",\"isPartOf\":{\"@id\":\"https:\/\/www.pogotowieflagowe.pl\/aktualne\/gwaltownie-spadajace-zyski-orlenu-wynik-bezczynnosci-rzadu\/\"},\"author\":{\"name\":\"Filip\",\"@id\":\"https:\/\/www.pogotowieflagowe.pl\/aktualne\/#\/schema\/person\/9c2fb7d2362ebf6fa088960d7f0d27b0\"},\"headline\":\"Gwa\u0142townie spadaj\u0105ce zyski Orlenu: wynik bezczynno\u015bci rz\u0105du?\",\"datePublished\":\"2024-08-22T15:36:24+00:00\",\"dateModified\":\"2024-08-22T15:36:27+00:00\",\"mainEntityOfPage\":{\"@id\":\"https:\/\/www.pogotowieflagowe.pl\/aktualne\/gwaltownie-spadajace-zyski-orlenu-wynik-bezczynnosci-rzadu\/\"},\"wordCount\":272,\"publisher\":{\"@id\":\"https:\/\/www.pogotowieflagowe.pl\/aktualne\/#organization\"},\"image\":{\"@id\":\"https:\/\/www.pogotowieflagowe.pl\/aktualne\/gwaltownie-spadajace-zyski-orlenu-wynik-bezczynnosci-rzadu\/#primaryimage\"},\"thumbnailUrl\":\"https:\/\/www.pogotowieflagowe.pl\/aktualne\/wp-content\/uploads\/2024\/08\/Gwaltownie-spadajace-zyski-Orlenu-wynik-bezczynnosci-rzadu.jpg\",\"keywords\":[\"bezczynno\u015bci\",\"Gwa\u0142townie\",\"Orlenu\",\"rz\u0105du\",\"spadaj\u0105ce\",\"wynik\",\"zyski\"],\"articleSection\":[\"Biznes\"],\"inLanguage\":\"pl-PL\"},{\"@type\":\"WebPage\",\"@id\":\"https:\/\/www.pogotowieflagowe.pl\/aktualne\/gwaltownie-spadajace-zyski-orlenu-wynik-bezczynnosci-rzadu\/\",\"url\":\"https:\/\/www.pogotowieflagowe.pl\/aktualne\/gwaltownie-spadajace-zyski-orlenu-wynik-bezczynnosci-rzadu\/\",\"name\":\"Gwa\u0142townie spadaj\u0105ce zyski Orlenu: wynik bezczynno\u015bci rz\u0105du? - POGOTOWIE FLAGOWE\u00ae\",\"isPartOf\":{\"@id\":\"https:\/\/www.pogotowieflagowe.pl\/aktualne\/#website\"},\"primaryImageOfPage\":{\"@id\":\"https:\/\/www.pogotowieflagowe.pl\/aktualne\/gwaltownie-spadajace-zyski-orlenu-wynik-bezczynnosci-rzadu\/#primaryimage\"},\"image\":{\"@id\":\"https:\/\/www.pogotowieflagowe.pl\/aktualne\/gwaltownie-spadajace-zyski-orlenu-wynik-bezczynnosci-rzadu\/#primaryimage\"},\"thumbnailUrl\":\"https:\/\/www.pogotowieflagowe.pl\/aktualne\/wp-content\/uploads\/2024\/08\/Gwaltownie-spadajace-zyski-Orlenu-wynik-bezczynnosci-rzadu.jpg\",\"datePublished\":\"2024-08-22T15:36:24+00:00\",\"dateModified\":\"2024-08-22T15:36:27+00:00\",\"breadcrumb\":{\"@id\":\"https:\/\/www.pogotowieflagowe.pl\/aktualne\/gwaltownie-spadajace-zyski-orlenu-wynik-bezczynnosci-rzadu\/#breadcrumb\"},\"inLanguage\":\"pl-PL\",\"potentialAction\":[{\"@type\":\"ReadAction\",\"target\":[\"https:\/\/www.pogotowieflagowe.pl\/aktualne\/gwaltownie-spadajace-zyski-orlenu-wynik-bezczynnosci-rzadu\/\"]}]},{\"@type\":\"ImageObject\",\"inLanguage\":\"pl-PL\",\"@id\":\"https:\/\/www.pogotowieflagowe.pl\/aktualne\/gwaltownie-spadajace-zyski-orlenu-wynik-bezczynnosci-rzadu\/#primaryimage\",\"url\":\"https:\/\/www.pogotowieflagowe.pl\/aktualne\/wp-content\/uploads\/2024\/08\/Gwaltownie-spadajace-zyski-Orlenu-wynik-bezczynnosci-rzadu.jpg\",\"contentUrl\":\"https:\/\/www.pogotowieflagowe.pl\/aktualne\/wp-content\/uploads\/2024\/08\/Gwaltownie-spadajace-zyski-Orlenu-wynik-bezczynnosci-rzadu.jpg\",\"width\":1920,\"height\":1091,\"caption\":\"Gwa\u0142townie spadaj\u0105ce zyski Orlenu: wynik bezczynno\u015bci rz\u0105du?\"},{\"@type\":\"BreadcrumbList\",\"@id\":\"https:\/\/www.pogotowieflagowe.pl\/aktualne\/gwaltownie-spadajace-zyski-orlenu-wynik-bezczynnosci-rzadu\/#breadcrumb\",\"itemListElement\":[{\"@type\":\"ListItem\",\"position\":1,\"name\":\"Home\",\"item\":\"https:\/\/www.pogotowieflagowe.pl\/aktualne\/\"},{\"@type\":\"ListItem\",\"position\":2,\"name\":\"Gwa\u0142townie spadaj\u0105ce zyski Orlenu: wynik bezczynno\u015bci rz\u0105du?\"}]},{\"@type\":\"WebSite\",\"@id\":\"https:\/\/www.pogotowieflagowe.pl\/aktualne\/#website\",\"url\":\"https:\/\/www.pogotowieflagowe.pl\/aktualne\/\",\"name\":\"POGOTOWIE FLAGOWE\u00ae\",\"description\":\"\",\"publisher\":{\"@id\":\"https:\/\/www.pogotowieflagowe.pl\/aktualne\/#organization\"},\"potentialAction\":[{\"@type\":\"SearchAction\",\"target\":{\"@type\":\"EntryPoint\",\"urlTemplate\":\"https:\/\/www.pogotowieflagowe.pl\/aktualne\/?s={search_term_string}\"},\"query-input\":\"required name=search_term_string\"}],\"inLanguage\":\"pl-PL\"},{\"@type\":\"Organization\",\"@id\":\"https:\/\/www.pogotowieflagowe.pl\/aktualne\/#organization\",\"name\":\"POGOTOWIE FLAGOWE\u00ae\",\"url\":\"https:\/\/www.pogotowieflagowe.pl\/aktualne\/\",\"logo\":{\"@type\":\"ImageObject\",\"inLanguage\":\"pl-PL\",\"@id\":\"https:\/\/www.pogotowieflagowe.pl\/aktualne\/#\/schema\/logo\/image\/\",\"url\":\"https:\/\/www.pogotowieflagowe.pl\/aktualne\/wp-content\/uploads\/2024\/08\/cropped-pogotowieflagowe_flaga_projekt_sm.jpg\",\"contentUrl\":\"https:\/\/www.pogotowieflagowe.pl\/aktualne\/wp-content\/uploads\/2024\/08\/cropped-pogotowieflagowe_flaga_projekt_sm.jpg\",\"width\":250,\"height\":143,\"caption\":\"POGOTOWIE FLAGOWE\u00ae\"},\"image\":{\"@id\":\"https:\/\/www.pogotowieflagowe.pl\/aktualne\/#\/schema\/logo\/image\/\"}},{\"@type\":\"Person\",\"@id\":\"https:\/\/www.pogotowieflagowe.pl\/aktualne\/#\/schema\/person\/9c2fb7d2362ebf6fa088960d7f0d27b0\",\"name\":\"Filip\",\"image\":{\"@type\":\"ImageObject\",\"inLanguage\":\"pl-PL\",\"@id\":\"https:\/\/www.pogotowieflagowe.pl\/aktualne\/#\/schema\/person\/image\/\",\"url\":\"https:\/\/www.pogotowieflagowe.pl\/aktualne\/wp-content\/uploads\/2024\/08\/pogotowieflagowe.pl_.jpg\",\"contentUrl\":\"https:\/\/www.pogotowieflagowe.pl\/aktualne\/wp-content\/uploads\/2024\/08\/pogotowieflagowe.pl_.jpg\",\"caption\":\"Filip\"},\"description\":\"Jestem Filip, polski dziennikarz z dyplomem nauk politycznych Uniwersytetu Warszawskiego. Rozpoczynaj\u0105c swoj\u0105 karier\u0119 w r\u00f3\u017cnych lokalnych mediach, zdoby\u0142em solidne do\u015bwiadczenie w zakresie \u015bledztwa i redakcji. Obecnie jako redaktor w Pogotowie flagowe, staram si\u0119 dostarcza\u0107 dog\u0142\u0119bne i istotne analizy na temat najwa\u017cniejszych kwestii aktualno\u015bci, \u0142\u0105cz\u0105c rygor z pasj\u0105 dziennikarsk\u0105.\",\"sameAs\":[\"https:\/\/www.pogotowieflagowe.pl\/\"]}]}<\/script>\n<!-- \/ Yoast SEO plugin. -->","yoast_head_json":{"title":"Gwa\u0142townie spadaj\u0105ce zyski Orlenu: wynik bezczynno\u015bci rz\u0105du? - POGOTOWIE FLAGOWE\u00ae","robots":{"index":"index","follow":"follow","max-snippet":"max-snippet:-1","max-image-preview":"max-image-preview:large","max-video-preview":"max-video-preview:-1"},"canonical":"https:\/\/www.pogotowieflagowe.pl\/aktualne\/gwaltownie-spadajace-zyski-orlenu-wynik-bezczynnosci-rzadu\/","og_locale":"pl_PL","og_type":"article","og_title":"Gwa\u0142townie spadaj\u0105ce zyski Orlenu: wynik bezczynno\u015bci rz\u0105du? - POGOTOWIE FLAGOWE\u00ae","og_description":"Zyski Orlenu gwa\u0142townie spad\u0142y w 2024 r. na skutek zmian w zarz\u0105dzie. By\u0142y prezes Obajtek obwinia obecne kierownictwo za kryzys.","og_url":"https:\/\/www.pogotowieflagowe.pl\/aktualne\/gwaltownie-spadajace-zyski-orlenu-wynik-bezczynnosci-rzadu\/","og_site_name":"POGOTOWIE FLAGOWE\u00ae","article_published_time":"2024-08-22T15:36:24+00:00","article_modified_time":"2024-08-22T15:36:27+00:00","og_image":[{"width":1920,"height":1091,"url":"https:\/\/www.pogotowieflagowe.pl\/aktualne\/wp-content\/uploads\/2024\/08\/Gwaltownie-spadajace-zyski-Orlenu-wynik-bezczynnosci-rzadu.jpg","type":"image\/jpeg"}],"author":"Filip","twitter_card":"summary_large_image","twitter_misc":{"Napisane przez":"Filip","Szacowany czas czytania":"1 minuta"},"schema":{"@context":"https:\/\/schema.org","@graph":[{"@type":"Article","@id":"https:\/\/www.pogotowieflagowe.pl\/aktualne\/gwaltownie-spadajace-zyski-orlenu-wynik-bezczynnosci-rzadu\/#article","isPartOf":{"@id":"https:\/\/www.pogotowieflagowe.pl\/aktualne\/gwaltownie-spadajace-zyski-orlenu-wynik-bezczynnosci-rzadu\/"},"author":{"name":"Filip","@id":"https:\/\/www.pogotowieflagowe.pl\/aktualne\/#\/schema\/person\/9c2fb7d2362ebf6fa088960d7f0d27b0"},"headline":"Gwa\u0142townie spadaj\u0105ce zyski Orlenu: wynik bezczynno\u015bci rz\u0105du?","datePublished":"2024-08-22T15:36:24+00:00","dateModified":"2024-08-22T15:36:27+00:00","mainEntityOfPage":{"@id":"https:\/\/www.pogotowieflagowe.pl\/aktualne\/gwaltownie-spadajace-zyski-orlenu-wynik-bezczynnosci-rzadu\/"},"wordCount":272,"publisher":{"@id":"https:\/\/www.pogotowieflagowe.pl\/aktualne\/#organization"},"image":{"@id":"https:\/\/www.pogotowieflagowe.pl\/aktualne\/gwaltownie-spadajace-zyski-orlenu-wynik-bezczynnosci-rzadu\/#primaryimage"},"thumbnailUrl":"https:\/\/www.pogotowieflagowe.pl\/aktualne\/wp-content\/uploads\/2024\/08\/Gwaltownie-spadajace-zyski-Orlenu-wynik-bezczynnosci-rzadu.jpg","keywords":["bezczynno\u015bci","Gwa\u0142townie","Orlenu","rz\u0105du","spadaj\u0105ce","wynik","zyski"],"articleSection":["Biznes"],"inLanguage":"pl-PL"},{"@type":"WebPage","@id":"https:\/\/www.pogotowieflagowe.pl\/aktualne\/gwaltownie-spadajace-zyski-orlenu-wynik-bezczynnosci-rzadu\/","url":"https:\/\/www.pogotowieflagowe.pl\/aktualne\/gwaltownie-spadajace-zyski-orlenu-wynik-bezczynnosci-rzadu\/","name":"Gwa\u0142townie spadaj\u0105ce zyski Orlenu: wynik bezczynno\u015bci rz\u0105du? - POGOTOWIE FLAGOWE\u00ae","isPartOf":{"@id":"https:\/\/www.pogotowieflagowe.pl\/aktualne\/#website"},"primaryImageOfPage":{"@id":"https:\/\/www.pogotowieflagowe.pl\/aktualne\/gwaltownie-spadajace-zyski-orlenu-wynik-bezczynnosci-rzadu\/#primaryimage"},"image":{"@id":"https:\/\/www.pogotowieflagowe.pl\/aktualne\/gwaltownie-spadajace-zyski-orlenu-wynik-bezczynnosci-rzadu\/#primaryimage"},"thumbnailUrl":"https:\/\/www.pogotowieflagowe.pl\/aktualne\/wp-content\/uploads\/2024\/08\/Gwaltownie-spadajace-zyski-Orlenu-wynik-bezczynnosci-rzadu.jpg","datePublished":"2024-08-22T15:36:24+00:00","dateModified":"2024-08-22T15:36:27+00:00","breadcrumb":{"@id":"https:\/\/www.pogotowieflagowe.pl\/aktualne\/gwaltownie-spadajace-zyski-orlenu-wynik-bezczynnosci-rzadu\/#breadcrumb"},"inLanguage":"pl-PL","potentialAction":[{"@type":"ReadAction","target":["https:\/\/www.pogotowieflagowe.pl\/aktualne\/gwaltownie-spadajace-zyski-orlenu-wynik-bezczynnosci-rzadu\/"]}]},{"@type":"ImageObject","inLanguage":"pl-PL","@id":"https:\/\/www.pogotowieflagowe.pl\/aktualne\/gwaltownie-spadajace-zyski-orlenu-wynik-bezczynnosci-rzadu\/#primaryimage","url":"https:\/\/www.pogotowieflagowe.pl\/aktualne\/wp-content\/uploads\/2024\/08\/Gwaltownie-spadajace-zyski-Orlenu-wynik-bezczynnosci-rzadu.jpg","contentUrl":"https:\/\/www.pogotowieflagowe.pl\/aktualne\/wp-content\/uploads\/2024\/08\/Gwaltownie-spadajace-zyski-Orlenu-wynik-bezczynnosci-rzadu.jpg","width":1920,"height":1091,"caption":"Gwa\u0142townie spadaj\u0105ce zyski Orlenu: wynik bezczynno\u015bci rz\u0105du?"},{"@type":"BreadcrumbList","@id":"https:\/\/www.pogotowieflagowe.pl\/aktualne\/gwaltownie-spadajace-zyski-orlenu-wynik-bezczynnosci-rzadu\/#breadcrumb","itemListElement":[{"@type":"ListItem","position":1,"name":"Home","item":"https:\/\/www.pogotowieflagowe.pl\/aktualne\/"},{"@type":"ListItem","position":2,"name":"Gwa\u0142townie spadaj\u0105ce zyski Orlenu: wynik bezczynno\u015bci rz\u0105du?"}]},{"@type":"WebSite","@id":"https:\/\/www.pogotowieflagowe.pl\/aktualne\/#website","url":"https:\/\/www.pogotowieflagowe.pl\/aktualne\/","name":"POGOTOWIE FLAGOWE\u00ae","description":"","publisher":{"@id":"https:\/\/www.pogotowieflagowe.pl\/aktualne\/#organization"},"potentialAction":[{"@type":"SearchAction","target":{"@type":"EntryPoint","urlTemplate":"https:\/\/www.pogotowieflagowe.pl\/aktualne\/?s={search_term_string}"},"query-input":"required name=search_term_string"}],"inLanguage":"pl-PL"},{"@type":"Organization","@id":"https:\/\/www.pogotowieflagowe.pl\/aktualne\/#organization","name":"POGOTOWIE FLAGOWE\u00ae","url":"https:\/\/www.pogotowieflagowe.pl\/aktualne\/","logo":{"@type":"ImageObject","inLanguage":"pl-PL","@id":"https:\/\/www.pogotowieflagowe.pl\/aktualne\/#\/schema\/logo\/image\/","url":"https:\/\/www.pogotowieflagowe.pl\/aktualne\/wp-content\/uploads\/2024\/08\/cropped-pogotowieflagowe_flaga_projekt_sm.jpg","contentUrl":"https:\/\/www.pogotowieflagowe.pl\/aktualne\/wp-content\/uploads\/2024\/08\/cropped-pogotowieflagowe_flaga_projekt_sm.jpg","width":250,"height":143,"caption":"POGOTOWIE FLAGOWE\u00ae"},"image":{"@id":"https:\/\/www.pogotowieflagowe.pl\/aktualne\/#\/schema\/logo\/image\/"}},{"@type":"Person","@id":"https:\/\/www.pogotowieflagowe.pl\/aktualne\/#\/schema\/person\/9c2fb7d2362ebf6fa088960d7f0d27b0","name":"Filip","image":{"@type":"ImageObject","inLanguage":"pl-PL","@id":"https:\/\/www.pogotowieflagowe.pl\/aktualne\/#\/schema\/person\/image\/","url":"https:\/\/www.pogotowieflagowe.pl\/aktualne\/wp-content\/uploads\/2024\/08\/pogotowieflagowe.pl_.jpg","contentUrl":"https:\/\/www.pogotowieflagowe.pl\/aktualne\/wp-content\/uploads\/2024\/08\/pogotowieflagowe.pl_.jpg","caption":"Filip"},"description":"Jestem Filip, polski dziennikarz z dyplomem nauk politycznych Uniwersytetu Warszawskiego. Rozpoczynaj\u0105c swoj\u0105 karier\u0119 w r\u00f3\u017cnych lokalnych mediach, zdoby\u0142em solidne do\u015bwiadczenie w zakresie \u015bledztwa i redakcji. Obecnie jako redaktor w Pogotowie flagowe, staram si\u0119 dostarcza\u0107 dog\u0142\u0119bne i istotne analizy na temat najwa\u017cniejszych kwestii aktualno\u015bci, \u0142\u0105cz\u0105c rygor z pasj\u0105 dziennikarsk\u0105.","sameAs":["https:\/\/www.pogotowieflagowe.pl\/"]}]}},"_links":{"self":[{"href":"https:\/\/www.pogotowieflagowe.pl\/aktualne\/wp-json\/wp\/v2\/posts\/242","targetHints":{"allow":["GET"]}}],"collection":[{"href":"https:\/\/www.pogotowieflagowe.pl\/aktualne\/wp-json\/wp\/v2\/posts"}],"about":[{"href":"https:\/\/www.pogotowieflagowe.pl\/aktualne\/wp-json\/wp\/v2\/types\/post"}],"author":[{"embeddable":true,"href":"https:\/\/www.pogotowieflagowe.pl\/aktualne\/wp-json\/wp\/v2\/users\/1"}],"replies":[{"embeddable":true,"href":"https:\/\/www.pogotowieflagowe.pl\/aktualne\/wp-json\/wp\/v2\/comments?post=242"}],"version-history":[{"count":1,"href":"https:\/\/www.pogotowieflagowe.pl\/aktualne\/wp-json\/wp\/v2\/posts\/242\/revisions"}],"predecessor-version":[{"id":244,"href":"https:\/\/www.pogotowieflagowe.pl\/aktualne\/wp-json\/wp\/v2\/posts\/242\/revisions\/244"}],"wp:featuredmedia":[{"embeddable":true,"href":"https:\/\/www.pogotowieflagowe.pl\/aktualne\/wp-json\/wp\/v2\/media\/243"}],"wp:attachment":[{"href":"https:\/\/www.pogotowieflagowe.pl\/aktualne\/wp-json\/wp\/v2\/media?parent=242"}],"wp:term":[{"taxonomy":"category","embeddable":true,"href":"https:\/\/www.pogotowieflagowe.pl\/aktualne\/wp-json\/wp\/v2\/categories?post=242"},{"taxonomy":"post_tag","embeddable":true,"href":"https:\/\/www.pogotowieflagowe.pl\/aktualne\/wp-json\/wp\/v2\/tags?post=242"}],"curies":[{"name":"wp","href":"https:\/\/api.w.org\/{rel}","templated":true}]}}