{"id":2445,"date":"2024-12-16T16:48:00","date_gmt":"2024-12-16T15:48:00","guid":{"rendered":"https:\/\/www.pogotowieflagowe.pl\/aktualne\/prezydent-oddal-czesc-ofiarom-pacyfikacji-kopalni-wujek\/"},"modified":"2024-12-16T16:48:04","modified_gmt":"2024-12-16T15:48:04","slug":"prezydent-oddal-czesc-ofiarom-pacyfikacji-kopalni-wujek","status":"publish","type":"post","link":"https:\/\/www.pogotowieflagowe.pl\/aktualne\/prezydent-oddal-czesc-ofiarom-pacyfikacji-kopalni-wujek\/","title":{"rendered":"Prezydent odda\u0142 cze\u015b\u0107 ofiarom pacyfikacji kopalni \u201eWujek\u201d."},"content":{"rendered":"\n<div class=\"td_block_wrap tdb_single_content tdi_48 td-pb-border-top td_block_template_8 td-post-content tagdiv-type\" data-td-block-uid=\"tdi_48\">\n<style>.tdi_48{margines-g\u00f3rny:0px!important;margin-bottom:0px!important;dope\u0142nienie-g\u00f3ra:0px!important;dope\u0142nienie-d\u00f3\u0142:0px!important}<\/style>\n<style>.tdb_single_content{margin-bottom:0;*zoom:1}.tdb_single_content:before,.tdb_single_content:after{display:table;content:'';line-height:0}.tdb_single_content:after{clear:both}.tdb_single_content .tdb-block-inner>*:not(.wp-block-quote):not(.alignwide):not(.alignfull.wp-block-cover.has-parallax):not(.td-a-ad) {margin-left:auto;margin-right:auto}.tdb_single_content a{pointer-events:auto}.tdb_single_content .td-spot-id-top_ad .tdc-placeholder-title:before{content:'Article Top Ad'!important}.tdb_single_content .td-spot-id-inline_ad0 .tdc-placeholder-title:before{content:'Article Reklama wbudowana 1'!important}.tdb_single_content .td-spot-id-inline_ad1 .tdc-placeholder-title:before{content:'Article Inline Ad 2'!important}.tdb_single_content .td-spot-id-inline_ad2 .tdc-placeholder-title:before{content:' Reklama wbudowana w artyku\u0142 3'!important}.tdb_single_content .td-spot-id-bottom_ad .tdc-placeholder-title:before{content:'Article Bottom Ad'!important}.tdb_single_content .id_top_ad,.tdb_single_content .id_bottom_ad{clear:both;margin-bottom:21px;text-align:center}.tdb_single_content .id_top_ad img,.tdb_single_content .id_bottom_ad img{margin-bottom:0}.tdb_single_content .id_top_ad .adsbygoogle,.tdb_single_content .id_bottom_ad .adsbygoogle{position:relative}.tdb_single_content .id_ad_content-horiz-left,.tdb_single_content .id_ad_content-horiz-right,.tdb_single_content .id_ad_content-horiz-center{margin-bottom:15px}.tdb_single_content .id_ad_content-horiz-left img,.tdb_single_content .id_ad_content-horiz-right img,.tdb_single_content .id_ad_content-horiz-center img{margin-bottom:0}.tdb_single_content .id_ad_content-horiz-center{text-align:center}.tdb_single_content .id_ad_content-horiz-center img{margin-right:auto;margin-left:auto}.tdb_single_content .id_ad_content-horiz-left{float:left;margin-top:9px;margin-right:21px}.tdb_single_content .id_ad_content-horiz-right{float:right;margin-top:6px;margin-left:21px}.tdb_single_content .tdc-a-ad .tdc-placeholder-title{width:300px;height:250px}.tdb_single_content .tdc-a-ad .tdc-placeholder-title:before{position:absolute;top:50%;-webkit-transform:translateY(-50%);transform:translateY(-50%);margines:auto;display:table;width:100 %}.tdb_single_content .tdb-block-inner.td-fix-index{word-break:break-word}.tdi_48,.tdi_48>p,.tdi_48 .tdb-block-inner>p{font-size:16px!important;line- wysoko\u015b\u0107:1,6!wa\u017cne}.tdi_48 .tdb-block-inner blockquote p{font-style:normal!important}@media (max-width:767px){.tdb_single_content .id_ad_content-horiz-left,.tdb_single_content .id_ad_content-horiz-right,.tdb_single_content .id_ad_content-horiz-center{margin:0 automatyczny 26px auto}}@media (max-width:767px){.tdb_single_content .id_ad_content-horiz-left{margin-right:0}}@media (max-width:767px){.tdb_single_content .id_ad_content-horiz-right{margin -left:0}}@media (max-width:767px){.tdb_single_content .td-a-ad{float:none;text-align:center}.tdb_single_content .td-a-ad img{margin-right:auto;margin-left:auto}. tdb_single_content .tdc-a-ad{float:none}}<\/style>\n<div class=\"tdb-block-inner td-fix-index\">\n<p>Prezydent Andrzej Duda uczci\u0142 pami\u0119\u0107 ofiar pacyfikacji kopalni \u201eWujek\u201d w Katowicach w 1981 r., obchodzij\u0105c jej 43. rocznic\u0119. W wydarzeniu, zakorzenionym w walce Polski z uciskiem komunistycznym, zgin\u0119\u0142o dziewi\u0119ciu g\u00f3rnik\u00f3w, a wielu zosta\u0142o rannych. Sk\u0142adaj\u0105c wieniec pod Krzy\u017cem Poleg\u0142ych G\u00f3rnik\u00f3w, Prezydent Duda z\u0142o\u017cy\u0142 ho\u0142d tym, kt\u00f3rzy oddali \u017cycie za woln\u0105 Polsk\u0119.<\/p>\n<figure class=\"wp-block-embed is-type-video is-provider-youtube wp-block-embed-youtube wp-embed-aspect-16-9 wp-has-aspect-ratio\">\n<div class=\"wp-block-embed__wrapper\">\n<div class=\"youtube-embed\" data-video_id=\"rc-PiS9W5uA\"><iframe title=\"Katowice | Prezydent RP odda\u0142 ho\u0142d ofiarom pacyfikacji kopalni \u201eWujek\u201d\" width=\"1200\" height=\"675\" src=\"https:\/\/www.youtube.com\/embed\/rc-PiS9W5uA?feature=oembed\" frameborder=\"0\" allow=\"accelerometer; autoplay; clipboard-write; encrypted-media; gyroscope; picture-in-picture; web-share\" referrerpolicy=\"strict-origin-when-cross-origin\" allowfullscreen><\/iframe><\/div>\n<\/div>\n<\/figure>\n<hr class=\"wp-block-separator has-alpha-channel-opacity\">\n<h3 class=\"wp-block-heading\">Tragiczne wydarzenia grudnia 1981 r<\/h3>\n<p>Pacyfikacja rozpocz\u0119\u0142a si\u0119 od protestu g\u00f3rnik\u00f3w przeciwko aresztowaniu przyw\u00f3dcy zwi\u0105zkowego w czasie stanu wojennego. 16 grudnia 1981 roku ponad 2000 milicjant\u00f3w, \u017co\u0142nierzy i jednostek ZOMO, wyposa\u017conych w czo\u0142gi i pojazdy opancerzone, otoczy\u0142o strajkuj\u0105cych g\u00f3rnik\u00f3w. Do po\u0142udnia specjalne jednostki ZOMO otworzy\u0142y ogie\u0144, zabijaj\u0105c na miejscu sze\u015bciu g\u00f3rnik\u00f3w i rani\u0105c kilkudziesi\u0119ciu. Trzy kolejne zmar\u0142y w szpitalu.<\/p>\n<h3 class=\"wp-block-heading\">Sprawiedliwo\u015b\u0107 odrzucona<\/h3>\n<p>Prezydent Duda podkre\u015bli\u0142, \u017ce postkomunistyczna Polska nie poci\u0105gn\u0119\u0142a sprawc\u00f3w do odpowiedzialno\u015bci. O ile niekt\u00f3rym urz\u0119dnikom ni\u017cszego szczebla grozi\u0142a kara, o tyle wydaj\u0105cym rozkazy, w tym genera\u0142owi Jaruzelskiemu, uda\u0142o si\u0119 unikn\u0105\u0107 sprawiedliwo\u015bci. Pot\u0119pi\u0142 honorowanie takich postaci, nazywaj\u0105c je plam\u0105 na historii Polski.<\/p>\n<p>Ko\u0144cz\u0105c swoje wyst\u0105pienie, Prezydent potwierdzi\u0142 zaanga\u017cowanie Polski w pami\u0119\u0107 o swoich bohaterach. \u201eIch krew nie zosta\u0142a przelana na pr\u00f3\u017cno\u201d \u2013 o\u015bwiadczy\u0142, podkre\u015blaj\u0105c znaczenie przekazania ich dziedzictwa przysz\u0142ym pokoleniom. \u201eChwa\u0142a bohaterom, wieczna pami\u0119\u0107 poleg\u0142ym g\u00f3rnikom z Wujeka\u201d.<\/p>\n<\/div>\n<\/div>\n","protected":false},"excerpt":{"rendered":"<p>Prezydent Andrzej Duda uczci\u0142 pami\u0119\u0107 ofiar pacyfikacji kopalni \u201eWujek\u201d w Katowicach w 1981 r., obchodzij\u0105c jej 43. rocznic\u0119. W wydarzeniu,<\/p>\n","protected":false},"author":1,"featured_media":2446,"comment_status":"closed","ping_status":"","sticky":false,"template":"","format":"standard","meta":{"footnotes":""},"categories":[44],"tags":[3775,3537,3774,3776,3777,341,3778],"class_list":["post-2445","post","type-post","status-publish","format-standard","has-post-thumbnail","hentry","category-polityka","tag-czesc","tag-kopalni","tag-oddal","tag-ofiarom","tag-pacyfikacji","tag-prezydent","tag-wujek","generate-columns","tablet-grid-50","mobile-grid-100","grid-parent","grid-50","resize-featured-image"],"yoast_head":"<!-- This site is optimized with the Yoast SEO plugin v23.2 - https:\/\/yoast.com\/wordpress\/plugins\/seo\/ -->\n<title>Prezydent odda\u0142 cze\u015b\u0107 ofiarom pacyfikacji kopalni \u201eWujek\u201d. - POGOTOWIE FLAGOWE\u00ae<\/title>\n<meta name=\"robots\" content=\"index, follow, max-snippet:-1, max-image-preview:large, max-video-preview:-1\" \/>\n<link rel=\"canonical\" href=\"https:\/\/www.pogotowieflagowe.pl\/aktualne\/prezydent-oddal-czesc-ofiarom-pacyfikacji-kopalni-wujek\/\" \/>\n<meta property=\"og:locale\" content=\"pl_PL\" \/>\n<meta property=\"og:type\" content=\"article\" \/>\n<meta property=\"og:title\" content=\"Prezydent odda\u0142 cze\u015b\u0107 ofiarom pacyfikacji kopalni \u201eWujek\u201d. - POGOTOWIE FLAGOWE\u00ae\" \/>\n<meta property=\"og:description\" content=\"Prezydent Andrzej Duda uczci\u0142 pami\u0119\u0107 ofiar pacyfikacji kopalni \u201eWujek\u201d w Katowicach w 1981 r., obchodzij\u0105c jej 43. rocznic\u0119. W wydarzeniu,\" \/>\n<meta property=\"og:url\" content=\"https:\/\/www.pogotowieflagowe.pl\/aktualne\/prezydent-oddal-czesc-ofiarom-pacyfikacji-kopalni-wujek\/\" \/>\n<meta property=\"og:site_name\" content=\"POGOTOWIE FLAGOWE\u00ae\" \/>\n<meta property=\"article:published_time\" content=\"2024-12-16T15:48:00+00:00\" \/>\n<meta property=\"article:modified_time\" content=\"2024-12-16T15:48:04+00:00\" \/>\n<meta property=\"og:image\" content=\"https:\/\/www.pogotowieflagowe.pl\/aktualne\/wp-content\/uploads\/2024\/12\/Prezydent-oddal-czesc-ofiarom-pacyfikacji-kopalni-\u201eWujek.jpg\" \/>\n\t<meta property=\"og:image:width\" content=\"1920\" \/>\n\t<meta property=\"og:image:height\" content=\"1281\" \/>\n\t<meta property=\"og:image:type\" content=\"image\/jpeg\" \/>\n<meta name=\"author\" content=\"Filip\" \/>\n<meta name=\"twitter:card\" content=\"summary_large_image\" \/>\n<meta name=\"twitter:label1\" content=\"Napisane przez\" \/>\n\t<meta name=\"twitter:data1\" content=\"Filip\" \/>\n\t<meta name=\"twitter:label2\" content=\"Szacowany czas czytania\" \/>\n\t<meta name=\"twitter:data2\" content=\"1 minuta\" \/>\n<script type=\"application\/ld+json\" class=\"yoast-schema-graph\">{\"@context\":\"https:\/\/schema.org\",\"@graph\":[{\"@type\":\"Article\",\"@id\":\"https:\/\/www.pogotowieflagowe.pl\/aktualne\/prezydent-oddal-czesc-ofiarom-pacyfikacji-kopalni-wujek\/#article\",\"isPartOf\":{\"@id\":\"https:\/\/www.pogotowieflagowe.pl\/aktualne\/prezydent-oddal-czesc-ofiarom-pacyfikacji-kopalni-wujek\/\"},\"author\":{\"name\":\"Filip\",\"@id\":\"https:\/\/www.pogotowieflagowe.pl\/aktualne\/#\/schema\/person\/9c2fb7d2362ebf6fa088960d7f0d27b0\"},\"headline\":\"Prezydent odda\u0142 cze\u015b\u0107 ofiarom pacyfikacji kopalni \u201eWujek\u201d.\",\"datePublished\":\"2024-12-16T15:48:00+00:00\",\"dateModified\":\"2024-12-16T15:48:04+00:00\",\"mainEntityOfPage\":{\"@id\":\"https:\/\/www.pogotowieflagowe.pl\/aktualne\/prezydent-oddal-czesc-ofiarom-pacyfikacji-kopalni-wujek\/\"},\"wordCount\":266,\"publisher\":{\"@id\":\"https:\/\/www.pogotowieflagowe.pl\/aktualne\/#organization\"},\"image\":{\"@id\":\"https:\/\/www.pogotowieflagowe.pl\/aktualne\/prezydent-oddal-czesc-ofiarom-pacyfikacji-kopalni-wujek\/#primaryimage\"},\"thumbnailUrl\":\"https:\/\/www.pogotowieflagowe.pl\/aktualne\/wp-content\/uploads\/2024\/12\/Prezydent-oddal-czesc-ofiarom-pacyfikacji-kopalni-\u201eWujek.jpg\",\"keywords\":[\"cze\u015b\u0107\",\"Kopalni\",\"odda\u0142\",\"ofiarom\",\"pacyfikacji\",\"Prezydent\",\"Wujek\"],\"articleSection\":[\"Polityka\"],\"inLanguage\":\"pl-PL\"},{\"@type\":\"WebPage\",\"@id\":\"https:\/\/www.pogotowieflagowe.pl\/aktualne\/prezydent-oddal-czesc-ofiarom-pacyfikacji-kopalni-wujek\/\",\"url\":\"https:\/\/www.pogotowieflagowe.pl\/aktualne\/prezydent-oddal-czesc-ofiarom-pacyfikacji-kopalni-wujek\/\",\"name\":\"Prezydent odda\u0142 cze\u015b\u0107 ofiarom pacyfikacji kopalni \u201eWujek\u201d. - POGOTOWIE FLAGOWE\u00ae\",\"isPartOf\":{\"@id\":\"https:\/\/www.pogotowieflagowe.pl\/aktualne\/#website\"},\"primaryImageOfPage\":{\"@id\":\"https:\/\/www.pogotowieflagowe.pl\/aktualne\/prezydent-oddal-czesc-ofiarom-pacyfikacji-kopalni-wujek\/#primaryimage\"},\"image\":{\"@id\":\"https:\/\/www.pogotowieflagowe.pl\/aktualne\/prezydent-oddal-czesc-ofiarom-pacyfikacji-kopalni-wujek\/#primaryimage\"},\"thumbnailUrl\":\"https:\/\/www.pogotowieflagowe.pl\/aktualne\/wp-content\/uploads\/2024\/12\/Prezydent-oddal-czesc-ofiarom-pacyfikacji-kopalni-\u201eWujek.jpg\",\"datePublished\":\"2024-12-16T15:48:00+00:00\",\"dateModified\":\"2024-12-16T15:48:04+00:00\",\"breadcrumb\":{\"@id\":\"https:\/\/www.pogotowieflagowe.pl\/aktualne\/prezydent-oddal-czesc-ofiarom-pacyfikacji-kopalni-wujek\/#breadcrumb\"},\"inLanguage\":\"pl-PL\",\"potentialAction\":[{\"@type\":\"ReadAction\",\"target\":[\"https:\/\/www.pogotowieflagowe.pl\/aktualne\/prezydent-oddal-czesc-ofiarom-pacyfikacji-kopalni-wujek\/\"]}]},{\"@type\":\"ImageObject\",\"inLanguage\":\"pl-PL\",\"@id\":\"https:\/\/www.pogotowieflagowe.pl\/aktualne\/prezydent-oddal-czesc-ofiarom-pacyfikacji-kopalni-wujek\/#primaryimage\",\"url\":\"https:\/\/www.pogotowieflagowe.pl\/aktualne\/wp-content\/uploads\/2024\/12\/Prezydent-oddal-czesc-ofiarom-pacyfikacji-kopalni-\u201eWujek.jpg\",\"contentUrl\":\"https:\/\/www.pogotowieflagowe.pl\/aktualne\/wp-content\/uploads\/2024\/12\/Prezydent-oddal-czesc-ofiarom-pacyfikacji-kopalni-\u201eWujek.jpg\",\"width\":1920,\"height\":1281,\"caption\":\"Prezydent odda\u0142 cze\u015b\u0107 ofiarom pacyfikacji kopalni \u201eWujek\u201d.\"},{\"@type\":\"BreadcrumbList\",\"@id\":\"https:\/\/www.pogotowieflagowe.pl\/aktualne\/prezydent-oddal-czesc-ofiarom-pacyfikacji-kopalni-wujek\/#breadcrumb\",\"itemListElement\":[{\"@type\":\"ListItem\",\"position\":1,\"name\":\"Home\",\"item\":\"https:\/\/www.pogotowieflagowe.pl\/aktualne\/\"},{\"@type\":\"ListItem\",\"position\":2,\"name\":\"Prezydent odda\u0142 cze\u015b\u0107 ofiarom pacyfikacji kopalni \u201eWujek\u201d.\"}]},{\"@type\":\"WebSite\",\"@id\":\"https:\/\/www.pogotowieflagowe.pl\/aktualne\/#website\",\"url\":\"https:\/\/www.pogotowieflagowe.pl\/aktualne\/\",\"name\":\"POGOTOWIE FLAGOWE\u00ae\",\"description\":\"\",\"publisher\":{\"@id\":\"https:\/\/www.pogotowieflagowe.pl\/aktualne\/#organization\"},\"potentialAction\":[{\"@type\":\"SearchAction\",\"target\":{\"@type\":\"EntryPoint\",\"urlTemplate\":\"https:\/\/www.pogotowieflagowe.pl\/aktualne\/?s={search_term_string}\"},\"query-input\":\"required name=search_term_string\"}],\"inLanguage\":\"pl-PL\"},{\"@type\":\"Organization\",\"@id\":\"https:\/\/www.pogotowieflagowe.pl\/aktualne\/#organization\",\"name\":\"POGOTOWIE FLAGOWE\u00ae\",\"url\":\"https:\/\/www.pogotowieflagowe.pl\/aktualne\/\",\"logo\":{\"@type\":\"ImageObject\",\"inLanguage\":\"pl-PL\",\"@id\":\"https:\/\/www.pogotowieflagowe.pl\/aktualne\/#\/schema\/logo\/image\/\",\"url\":\"https:\/\/www.pogotowieflagowe.pl\/aktualne\/wp-content\/uploads\/2024\/08\/cropped-pogotowieflagowe_flaga_projekt_sm.jpg\",\"contentUrl\":\"https:\/\/www.pogotowieflagowe.pl\/aktualne\/wp-content\/uploads\/2024\/08\/cropped-pogotowieflagowe_flaga_projekt_sm.jpg\",\"width\":250,\"height\":143,\"caption\":\"POGOTOWIE FLAGOWE\u00ae\"},\"image\":{\"@id\":\"https:\/\/www.pogotowieflagowe.pl\/aktualne\/#\/schema\/logo\/image\/\"}},{\"@type\":\"Person\",\"@id\":\"https:\/\/www.pogotowieflagowe.pl\/aktualne\/#\/schema\/person\/9c2fb7d2362ebf6fa088960d7f0d27b0\",\"name\":\"Filip\",\"image\":{\"@type\":\"ImageObject\",\"inLanguage\":\"pl-PL\",\"@id\":\"https:\/\/www.pogotowieflagowe.pl\/aktualne\/#\/schema\/person\/image\/\",\"url\":\"https:\/\/www.pogotowieflagowe.pl\/aktualne\/wp-content\/uploads\/2024\/08\/pogotowieflagowe.pl_.jpg\",\"contentUrl\":\"https:\/\/www.pogotowieflagowe.pl\/aktualne\/wp-content\/uploads\/2024\/08\/pogotowieflagowe.pl_.jpg\",\"caption\":\"Filip\"},\"description\":\"Jestem Filip, polski dziennikarz z dyplomem nauk politycznych Uniwersytetu Warszawskiego. Rozpoczynaj\u0105c swoj\u0105 karier\u0119 w r\u00f3\u017cnych lokalnych mediach, zdoby\u0142em solidne do\u015bwiadczenie w zakresie \u015bledztwa i redakcji. Obecnie jako redaktor w Pogotowie flagowe, staram si\u0119 dostarcza\u0107 dog\u0142\u0119bne i istotne analizy na temat najwa\u017cniejszych kwestii aktualno\u015bci, \u0142\u0105cz\u0105c rygor z pasj\u0105 dziennikarsk\u0105.\",\"sameAs\":[\"https:\/\/www.pogotowieflagowe.pl\/\"]}]}<\/script>\n<!-- \/ Yoast SEO plugin. -->","yoast_head_json":{"title":"Prezydent odda\u0142 cze\u015b\u0107 ofiarom pacyfikacji kopalni \u201eWujek\u201d. - POGOTOWIE FLAGOWE\u00ae","robots":{"index":"index","follow":"follow","max-snippet":"max-snippet:-1","max-image-preview":"max-image-preview:large","max-video-preview":"max-video-preview:-1"},"canonical":"https:\/\/www.pogotowieflagowe.pl\/aktualne\/prezydent-oddal-czesc-ofiarom-pacyfikacji-kopalni-wujek\/","og_locale":"pl_PL","og_type":"article","og_title":"Prezydent odda\u0142 cze\u015b\u0107 ofiarom pacyfikacji kopalni \u201eWujek\u201d. - POGOTOWIE FLAGOWE\u00ae","og_description":"Prezydent Andrzej Duda uczci\u0142 pami\u0119\u0107 ofiar pacyfikacji kopalni \u201eWujek\u201d w Katowicach w 1981 r., obchodzij\u0105c jej 43. rocznic\u0119. W wydarzeniu,","og_url":"https:\/\/www.pogotowieflagowe.pl\/aktualne\/prezydent-oddal-czesc-ofiarom-pacyfikacji-kopalni-wujek\/","og_site_name":"POGOTOWIE FLAGOWE\u00ae","article_published_time":"2024-12-16T15:48:00+00:00","article_modified_time":"2024-12-16T15:48:04+00:00","og_image":[{"width":1920,"height":1281,"url":"https:\/\/www.pogotowieflagowe.pl\/aktualne\/wp-content\/uploads\/2024\/12\/Prezydent-oddal-czesc-ofiarom-pacyfikacji-kopalni-\u201eWujek.jpg","type":"image\/jpeg"}],"author":"Filip","twitter_card":"summary_large_image","twitter_misc":{"Napisane przez":"Filip","Szacowany czas czytania":"1 minuta"},"schema":{"@context":"https:\/\/schema.org","@graph":[{"@type":"Article","@id":"https:\/\/www.pogotowieflagowe.pl\/aktualne\/prezydent-oddal-czesc-ofiarom-pacyfikacji-kopalni-wujek\/#article","isPartOf":{"@id":"https:\/\/www.pogotowieflagowe.pl\/aktualne\/prezydent-oddal-czesc-ofiarom-pacyfikacji-kopalni-wujek\/"},"author":{"name":"Filip","@id":"https:\/\/www.pogotowieflagowe.pl\/aktualne\/#\/schema\/person\/9c2fb7d2362ebf6fa088960d7f0d27b0"},"headline":"Prezydent odda\u0142 cze\u015b\u0107 ofiarom pacyfikacji kopalni \u201eWujek\u201d.","datePublished":"2024-12-16T15:48:00+00:00","dateModified":"2024-12-16T15:48:04+00:00","mainEntityOfPage":{"@id":"https:\/\/www.pogotowieflagowe.pl\/aktualne\/prezydent-oddal-czesc-ofiarom-pacyfikacji-kopalni-wujek\/"},"wordCount":266,"publisher":{"@id":"https:\/\/www.pogotowieflagowe.pl\/aktualne\/#organization"},"image":{"@id":"https:\/\/www.pogotowieflagowe.pl\/aktualne\/prezydent-oddal-czesc-ofiarom-pacyfikacji-kopalni-wujek\/#primaryimage"},"thumbnailUrl":"https:\/\/www.pogotowieflagowe.pl\/aktualne\/wp-content\/uploads\/2024\/12\/Prezydent-oddal-czesc-ofiarom-pacyfikacji-kopalni-\u201eWujek.jpg","keywords":["cze\u015b\u0107","Kopalni","odda\u0142","ofiarom","pacyfikacji","Prezydent","Wujek"],"articleSection":["Polityka"],"inLanguage":"pl-PL"},{"@type":"WebPage","@id":"https:\/\/www.pogotowieflagowe.pl\/aktualne\/prezydent-oddal-czesc-ofiarom-pacyfikacji-kopalni-wujek\/","url":"https:\/\/www.pogotowieflagowe.pl\/aktualne\/prezydent-oddal-czesc-ofiarom-pacyfikacji-kopalni-wujek\/","name":"Prezydent odda\u0142 cze\u015b\u0107 ofiarom pacyfikacji kopalni \u201eWujek\u201d. - POGOTOWIE FLAGOWE\u00ae","isPartOf":{"@id":"https:\/\/www.pogotowieflagowe.pl\/aktualne\/#website"},"primaryImageOfPage":{"@id":"https:\/\/www.pogotowieflagowe.pl\/aktualne\/prezydent-oddal-czesc-ofiarom-pacyfikacji-kopalni-wujek\/#primaryimage"},"image":{"@id":"https:\/\/www.pogotowieflagowe.pl\/aktualne\/prezydent-oddal-czesc-ofiarom-pacyfikacji-kopalni-wujek\/#primaryimage"},"thumbnailUrl":"https:\/\/www.pogotowieflagowe.pl\/aktualne\/wp-content\/uploads\/2024\/12\/Prezydent-oddal-czesc-ofiarom-pacyfikacji-kopalni-\u201eWujek.jpg","datePublished":"2024-12-16T15:48:00+00:00","dateModified":"2024-12-16T15:48:04+00:00","breadcrumb":{"@id":"https:\/\/www.pogotowieflagowe.pl\/aktualne\/prezydent-oddal-czesc-ofiarom-pacyfikacji-kopalni-wujek\/#breadcrumb"},"inLanguage":"pl-PL","potentialAction":[{"@type":"ReadAction","target":["https:\/\/www.pogotowieflagowe.pl\/aktualne\/prezydent-oddal-czesc-ofiarom-pacyfikacji-kopalni-wujek\/"]}]},{"@type":"ImageObject","inLanguage":"pl-PL","@id":"https:\/\/www.pogotowieflagowe.pl\/aktualne\/prezydent-oddal-czesc-ofiarom-pacyfikacji-kopalni-wujek\/#primaryimage","url":"https:\/\/www.pogotowieflagowe.pl\/aktualne\/wp-content\/uploads\/2024\/12\/Prezydent-oddal-czesc-ofiarom-pacyfikacji-kopalni-\u201eWujek.jpg","contentUrl":"https:\/\/www.pogotowieflagowe.pl\/aktualne\/wp-content\/uploads\/2024\/12\/Prezydent-oddal-czesc-ofiarom-pacyfikacji-kopalni-\u201eWujek.jpg","width":1920,"height":1281,"caption":"Prezydent odda\u0142 cze\u015b\u0107 ofiarom pacyfikacji kopalni \u201eWujek\u201d."},{"@type":"BreadcrumbList","@id":"https:\/\/www.pogotowieflagowe.pl\/aktualne\/prezydent-oddal-czesc-ofiarom-pacyfikacji-kopalni-wujek\/#breadcrumb","itemListElement":[{"@type":"ListItem","position":1,"name":"Home","item":"https:\/\/www.pogotowieflagowe.pl\/aktualne\/"},{"@type":"ListItem","position":2,"name":"Prezydent odda\u0142 cze\u015b\u0107 ofiarom pacyfikacji kopalni \u201eWujek\u201d."}]},{"@type":"WebSite","@id":"https:\/\/www.pogotowieflagowe.pl\/aktualne\/#website","url":"https:\/\/www.pogotowieflagowe.pl\/aktualne\/","name":"POGOTOWIE FLAGOWE\u00ae","description":"","publisher":{"@id":"https:\/\/www.pogotowieflagowe.pl\/aktualne\/#organization"},"potentialAction":[{"@type":"SearchAction","target":{"@type":"EntryPoint","urlTemplate":"https:\/\/www.pogotowieflagowe.pl\/aktualne\/?s={search_term_string}"},"query-input":"required name=search_term_string"}],"inLanguage":"pl-PL"},{"@type":"Organization","@id":"https:\/\/www.pogotowieflagowe.pl\/aktualne\/#organization","name":"POGOTOWIE FLAGOWE\u00ae","url":"https:\/\/www.pogotowieflagowe.pl\/aktualne\/","logo":{"@type":"ImageObject","inLanguage":"pl-PL","@id":"https:\/\/www.pogotowieflagowe.pl\/aktualne\/#\/schema\/logo\/image\/","url":"https:\/\/www.pogotowieflagowe.pl\/aktualne\/wp-content\/uploads\/2024\/08\/cropped-pogotowieflagowe_flaga_projekt_sm.jpg","contentUrl":"https:\/\/www.pogotowieflagowe.pl\/aktualne\/wp-content\/uploads\/2024\/08\/cropped-pogotowieflagowe_flaga_projekt_sm.jpg","width":250,"height":143,"caption":"POGOTOWIE FLAGOWE\u00ae"},"image":{"@id":"https:\/\/www.pogotowieflagowe.pl\/aktualne\/#\/schema\/logo\/image\/"}},{"@type":"Person","@id":"https:\/\/www.pogotowieflagowe.pl\/aktualne\/#\/schema\/person\/9c2fb7d2362ebf6fa088960d7f0d27b0","name":"Filip","image":{"@type":"ImageObject","inLanguage":"pl-PL","@id":"https:\/\/www.pogotowieflagowe.pl\/aktualne\/#\/schema\/person\/image\/","url":"https:\/\/www.pogotowieflagowe.pl\/aktualne\/wp-content\/uploads\/2024\/08\/pogotowieflagowe.pl_.jpg","contentUrl":"https:\/\/www.pogotowieflagowe.pl\/aktualne\/wp-content\/uploads\/2024\/08\/pogotowieflagowe.pl_.jpg","caption":"Filip"},"description":"Jestem Filip, polski dziennikarz z dyplomem nauk politycznych Uniwersytetu Warszawskiego. Rozpoczynaj\u0105c swoj\u0105 karier\u0119 w r\u00f3\u017cnych lokalnych mediach, zdoby\u0142em solidne do\u015bwiadczenie w zakresie \u015bledztwa i redakcji. Obecnie jako redaktor w Pogotowie flagowe, staram si\u0119 dostarcza\u0107 dog\u0142\u0119bne i istotne analizy na temat najwa\u017cniejszych kwestii aktualno\u015bci, \u0142\u0105cz\u0105c rygor z pasj\u0105 dziennikarsk\u0105.","sameAs":["https:\/\/www.pogotowieflagowe.pl\/"]}]}},"_links":{"self":[{"href":"https:\/\/www.pogotowieflagowe.pl\/aktualne\/wp-json\/wp\/v2\/posts\/2445","targetHints":{"allow":["GET"]}}],"collection":[{"href":"https:\/\/www.pogotowieflagowe.pl\/aktualne\/wp-json\/wp\/v2\/posts"}],"about":[{"href":"https:\/\/www.pogotowieflagowe.pl\/aktualne\/wp-json\/wp\/v2\/types\/post"}],"author":[{"embeddable":true,"href":"https:\/\/www.pogotowieflagowe.pl\/aktualne\/wp-json\/wp\/v2\/users\/1"}],"replies":[{"embeddable":true,"href":"https:\/\/www.pogotowieflagowe.pl\/aktualne\/wp-json\/wp\/v2\/comments?post=2445"}],"version-history":[{"count":1,"href":"https:\/\/www.pogotowieflagowe.pl\/aktualne\/wp-json\/wp\/v2\/posts\/2445\/revisions"}],"predecessor-version":[{"id":2447,"href":"https:\/\/www.pogotowieflagowe.pl\/aktualne\/wp-json\/wp\/v2\/posts\/2445\/revisions\/2447"}],"wp:featuredmedia":[{"embeddable":true,"href":"https:\/\/www.pogotowieflagowe.pl\/aktualne\/wp-json\/wp\/v2\/media\/2446"}],"wp:attachment":[{"href":"https:\/\/www.pogotowieflagowe.pl\/aktualne\/wp-json\/wp\/v2\/media?parent=2445"}],"wp:term":[{"taxonomy":"category","embeddable":true,"href":"https:\/\/www.pogotowieflagowe.pl\/aktualne\/wp-json\/wp\/v2\/categories?post=2445"},{"taxonomy":"post_tag","embeddable":true,"href":"https:\/\/www.pogotowieflagowe.pl\/aktualne\/wp-json\/wp\/v2\/tags?post=2445"}],"curies":[{"name":"wp","href":"https:\/\/api.w.org\/{rel}","templated":true}]}}