{"id":2467,"date":"2024-12-17T14:50:59","date_gmt":"2024-12-17T13:50:59","guid":{"rendered":"https:\/\/www.pogotowieflagowe.pl\/aktualne\/zofia-nalkowska-ikona-literatury-i-oredowniczka-ludzkosci\/"},"modified":"2024-12-17T14:51:00","modified_gmt":"2024-12-17T13:51:00","slug":"zofia-nalkowska-ikona-literatury-i-oredowniczka-ludzkosci","status":"publish","type":"post","link":"https:\/\/www.pogotowieflagowe.pl\/aktualne\/zofia-nalkowska-ikona-literatury-i-oredowniczka-ludzkosci\/","title":{"rendered":"Zofia Na\u0142kowska: ikona literatury i or\u0119downiczka ludzko\u015bci"},"content":{"rendered":"\n<div class=\"td_block_wrap tdb_single_content tdi_48 td-pb-border-top td_block_template_8 td-post-content tagdiv-type\" data-td-block-uid=\"tdi_48\">\n<style>.tdi_48{margines-g\u00f3rny:0px!important;margin-bottom:0px!important;dope\u0142nienie-g\u00f3ra:0px!important;dope\u0142nienie-d\u00f3\u0142:0px!important}<\/style>\n<style>.tdb_single_content{margin-bottom:0;*zoom:1}.tdb_single_content:before,.tdb_single_content:after{display:table;content:'';line-height:0}.tdb_single_content:after{clear:both}.tdb_single_content .tdb-block-inner>*:not(.wp-block-quote):not(.alignwide):not(.alignfull.wp-block-cover.has-parallax):not(.td-a-ad) {margin-left:auto;margin-right:auto}.tdb_single_content a{pointer-events:auto}.tdb_single_content .td-spot-id-top_ad .tdc-placeholder-title:before{content:'Article Top Ad'!important}.tdb_single_content .td-spot-id-inline_ad0 .tdc-placeholder-title:before{content:'Article Reklama wbudowana 1'!important}.tdb_single_content .td-spot-id-inline_ad1 .tdc-placeholder-title:before{content:'Article Inline Ad 2'!important}.tdb_single_content .td-spot-id-inline_ad2 .tdc-placeholder-title:before{content:' Reklama wbudowana w artyku\u0142 3'!important}.tdb_single_content .td-spot-id-bottom_ad .tdc-placeholder-title:before{content:'Article Bottom Ad'!important}.tdb_single_content .id_top_ad,.tdb_single_content .id_bottom_ad{clear:both;margin-bottom:21px;text-align:center}.tdb_single_content .id_top_ad img,.tdb_single_content .id_bottom_ad img{margin-bottom:0}.tdb_single_content .id_top_ad .adsbygoogle,.tdb_single_content .id_bottom_ad .adsbygoogle{position:relative}.tdb_single_content .id_ad_content-horiz-left,.tdb_single_content .id_ad_content-horiz-right,.tdb_single_content .id_ad_content-horiz-center{margin-bottom:15px}.tdb_single_content .id_ad_content-horiz-left img,.tdb_single_content .id_ad_content-horiz-right img,.tdb_single_content .id_ad_content-horiz-center img{margin-bottom:0}.tdb_single_content .id_ad_content-horiz-center{text-align:center}.tdb_single_content .id_ad_content-horiz-center img{margin-right:auto;margin-left:auto}.tdb_single_content .id_ad_content-horiz-left{float:left;margin-top:9px;margin-right:21px}.tdb_single_content .id_ad_content-horiz-right{float:right;margin-top:6px;margin-left:21px}.tdb_single_content .tdc-a-ad .tdc-placeholder-title{width:300px;height:250px}.tdb_single_content .tdc-a-ad .tdc-placeholder-title:before{position:absolute;top:50%;-webkit-transform:translateY(-50%);transform:translateY(-50%);margines:auto;display:table;width:100 %}.tdb_single_content .tdb-block-inner.td-fix-index{word-break:break-word}.tdi_48,.tdi_48>p,.tdi_48 .tdb-block-inner>p{font-size:16px!important;line- wysoko\u015b\u0107:1,6!wa\u017cne}.tdi_48 .tdb-block-inner blockquote p{font-style:normal!important}@media (max-width:767px){.tdb_single_content .id_ad_content-horiz-left,.tdb_single_content .id_ad_content-horiz-right,.tdb_single_content .id_ad_content-horiz-center{margin:0 automatyczny 26px auto}}@media (max-width:767px){.tdb_single_content .id_ad_content-horiz-left{margin-right:0}}@media (max-width:767px){.tdb_single_content .id_ad_content-horiz-right{margin -left:0}}@media (max-width:767px){.tdb_single_content .td-a-ad{float:none;text-align:center}.tdb_single_content .td-a-ad img{margin-right:auto;margin-left:auto}. tdb_single_content .tdc-a-ad{float:none}}<\/style>\n<div class=\"tdb-block-inner td-fix-index\">\n<p>17 grudnia przypada rocznica \u015bmierci Zofii Na\u0142kowskiej, wybitnej postaci polskiej literatury, kt\u00f3rej tw\u00f3rczo\u015b\u0107 wci\u0105\u017c odbija si\u0119 echem w\u015br\u00f3d czytelnik\u00f3w i my\u015blicieli na ca\u0142ym \u015bwiecie. Urodzona 10 listopada 1884 roku w Warszawie Na\u0142kowska by\u0142a nie tylko powie\u015bciopisark\u0105 i dramatopisark\u0105, ale tak\u017ce zaanga\u017cowan\u0105 dzia\u0142aczk\u0105 spo\u0142eczn\u0105. Jej prace zag\u0142\u0119biaj\u0105 si\u0119 w psychologi\u0119 cz\u0142owieka, dylematy moralne i zmagania swoich czas\u00f3w, oddaj\u0105c uniwersalne prawdy o ludzkiej kondycji. Od pocz\u0105tk\u00f3w studi\u00f3w na tajnym Uniwersytecie Lataj\u0105cym, a\u017c do debiutu literackiego w wieku zaledwie 14 lat, Na\u0142kowska wykazywa\u0142a nies\u0142abn\u0105c\u0105 pasj\u0119 do nauki i sprawiedliwo\u015bci, kt\u00f3ra sta\u0142a si\u0119 kamieniem w\u0119gielnym jej kariery.<\/p>\n<h2 class=\"wp-block-heading\">Z <em>Granica<\/em> Do <em>Medaliony<\/em>: Dziedzictwo Zofii Na\u0142kowskiej jako g\u0142os prawdy<\/h2>\n<p>Arcydzie\u0142o literackie Na\u0142kowskiej <em>Granica<\/em> (1935) wyr\u00f3\u017cnia si\u0119 g\u0142\u0119bokim zg\u0142\u0119bianiem kwestii etyki, podzia\u0142\u00f3w klasowych i osobistej odpowiedzialno\u015bci, za co otrzyma\u0142a Pa\u0144stwow\u0105 Nagrod\u0119 Literack\u0105. Jednak to pisma z czas\u00f3w wojny ugruntowa\u0142y jej dziedzictwo jako g\u0142osu prawdy. Jako cz\u0142onkini Komisji Badania Zbrodni Niemieckich w Polsce by\u0142a \u015bwiadkiem okropno\u015bci Holokaustu i okrucie\u0144stw nazistowskich. Jej mro\u017c\u0105cy krew w \u017cy\u0142ach zbi\u00f3r opowiada\u0144, <em>Medaliony<\/em> (1946) pozostaje jednym z najwa\u017cniejszych opis\u00f3w okrucie\u0144stw wojny, ukazuj\u0105cym nieludzko\u015b\u0107 tamtej epoki z przenikliw\u0105 wyrazisto\u015bci\u0105 i zapadaj\u0105cym w pami\u0119\u0107 przypomnieniem: \u201eLudzie przygotowali dla ludzi ten los\u201d.<\/p>\n<h2 class=\"wp-block-heading\">Zofia Na\u0142kowska: Artystka-wizjonerka i or\u0119downiczka r\u00f3wno\u015bci i sprawiedliwo\u015bci<\/h2>\n<p>Poza osi\u0105gni\u0119ciami literackimi Na\u0142kowska by\u0142a pioniersk\u0105 dzia\u0142aczk\u0105 publiczn\u0105 i dzia\u0142aczk\u0105 spo\u0142eczn\u0105. Pe\u0142ni\u0142a funkcj\u0119 pos\u0142anki do Rady Narodowej i Sejmu Ustawodawczego, niestrudzenie pracuj\u0105c na rzecz promowania r\u00f3wno\u015bci i godno\u015bci ludzkiej. Cz\u0142onkini Polskiego PEN Clubu i Zwi\u0105zku Pisarzy. Or\u0119downiczka wolno\u015bci s\u0142owa i roli kultury w budowaniu mi\u0119dzynarodowego porozumienia. Jej podw\u00f3jna rola artystki i aktywistki pokaza\u0142a jej wiar\u0119 w transformacyjn\u0105 moc literatury, kt\u00f3ra mo\u017ce wp\u0142yn\u0105\u0107 na spo\u0142ecze\u0144stwo na lepsze.<\/p>\n<p>\u017bycie i tw\u00f3rczo\u015b\u0107 Zofii Na\u0142kowskiej pozostaj\u0105 \u015bwiadectwem odwagi, wsp\u00f3\u0142czucia i b\u0142yskotliwo\u015bci intelektualnej. Poprzez swoje pisma skonfrontowa\u0142a si\u0119 z niewygodnymi prawdami i zg\u0142\u0119bi\u0142a g\u0142\u0119bi\u0119 ludzkiej odporno\u015bci, pozostawiaj\u0105c po sobie dziedzictwo, kt\u00f3re nadal inspiruje do refleksji na temat sprawiedliwo\u015bci, empatii i trwa\u0142ego znaczenia literatury w stawianiu czo\u0142a najwi\u0119kszym wyzwaniom spo\u0142ecze\u0144stwa.<\/p>\n<\/p>\n<\/div>\n<\/div>\n","protected":false},"excerpt":{"rendered":"<p>17 grudnia przypada rocznica \u015bmierci Zofii Na\u0142kowskiej, wybitnej postaci polskiej literatury, kt\u00f3rej tw\u00f3rczo\u015b\u0107 wci\u0105\u017c odbija si\u0119 echem w\u015br\u00f3d czytelnik\u00f3w i<\/p>\n","protected":false},"author":1,"featured_media":2468,"comment_status":"closed","ping_status":"","sticky":false,"template":"","format":"standard","meta":{"footnotes":""},"categories":[47],"tags":[3798,3799,3801,3797,3800,3796],"class_list":["post-2467","post","type-post","status-publish","format-standard","has-post-thumbnail","hentry","category-styl-zycia","tag-ikona","tag-literatury","tag-ludzkosci","tag-nalkowska","tag-oredowniczka","tag-zofia","generate-columns","tablet-grid-50","mobile-grid-100","grid-parent","grid-50","resize-featured-image"],"yoast_head":"<!-- This site is optimized with the Yoast SEO plugin v23.2 - https:\/\/yoast.com\/wordpress\/plugins\/seo\/ -->\n<title>Zofia Na\u0142kowska: ikona literatury i or\u0119downiczka ludzko\u015bci - POGOTOWIE FLAGOWE\u00ae<\/title>\n<meta name=\"robots\" content=\"index, follow, max-snippet:-1, max-image-preview:large, max-video-preview:-1\" \/>\n<link rel=\"canonical\" href=\"https:\/\/www.pogotowieflagowe.pl\/aktualne\/zofia-nalkowska-ikona-literatury-i-oredowniczka-ludzkosci\/\" \/>\n<meta property=\"og:locale\" content=\"pl_PL\" \/>\n<meta property=\"og:type\" content=\"article\" \/>\n<meta property=\"og:title\" content=\"Zofia Na\u0142kowska: ikona literatury i or\u0119downiczka ludzko\u015bci - POGOTOWIE FLAGOWE\u00ae\" \/>\n<meta property=\"og:description\" content=\"17 grudnia przypada rocznica \u015bmierci Zofii Na\u0142kowskiej, wybitnej postaci polskiej literatury, kt\u00f3rej tw\u00f3rczo\u015b\u0107 wci\u0105\u017c odbija si\u0119 echem w\u015br\u00f3d czytelnik\u00f3w i\" \/>\n<meta property=\"og:url\" content=\"https:\/\/www.pogotowieflagowe.pl\/aktualne\/zofia-nalkowska-ikona-literatury-i-oredowniczka-ludzkosci\/\" \/>\n<meta property=\"og:site_name\" content=\"POGOTOWIE FLAGOWE\u00ae\" \/>\n<meta property=\"article:published_time\" content=\"2024-12-17T13:50:59+00:00\" \/>\n<meta property=\"article:modified_time\" content=\"2024-12-17T13:51:00+00:00\" \/>\n<meta property=\"og:image\" content=\"https:\/\/www.pogotowieflagowe.pl\/aktualne\/wp-content\/uploads\/2024\/12\/Zofia-Nalkowska-ikona-literatury-i-oredowniczka-ludzkosci.jpg\" \/>\n\t<meta property=\"og:image:width\" content=\"710\" \/>\n\t<meta property=\"og:image:height\" content=\"671\" \/>\n\t<meta property=\"og:image:type\" content=\"image\/jpeg\" \/>\n<meta name=\"author\" content=\"Filip\" \/>\n<meta name=\"twitter:card\" content=\"summary_large_image\" \/>\n<meta name=\"twitter:label1\" content=\"Napisane przez\" \/>\n\t<meta name=\"twitter:data1\" content=\"Filip\" \/>\n\t<meta name=\"twitter:label2\" content=\"Szacowany czas czytania\" \/>\n\t<meta name=\"twitter:data2\" content=\"2 minuty\" \/>\n<script type=\"application\/ld+json\" class=\"yoast-schema-graph\">{\"@context\":\"https:\/\/schema.org\",\"@graph\":[{\"@type\":\"Article\",\"@id\":\"https:\/\/www.pogotowieflagowe.pl\/aktualne\/zofia-nalkowska-ikona-literatury-i-oredowniczka-ludzkosci\/#article\",\"isPartOf\":{\"@id\":\"https:\/\/www.pogotowieflagowe.pl\/aktualne\/zofia-nalkowska-ikona-literatury-i-oredowniczka-ludzkosci\/\"},\"author\":{\"name\":\"Filip\",\"@id\":\"https:\/\/www.pogotowieflagowe.pl\/aktualne\/#\/schema\/person\/9c2fb7d2362ebf6fa088960d7f0d27b0\"},\"headline\":\"Zofia Na\u0142kowska: ikona literatury i or\u0119downiczka ludzko\u015bci\",\"datePublished\":\"2024-12-17T13:50:59+00:00\",\"dateModified\":\"2024-12-17T13:51:00+00:00\",\"mainEntityOfPage\":{\"@id\":\"https:\/\/www.pogotowieflagowe.pl\/aktualne\/zofia-nalkowska-ikona-literatury-i-oredowniczka-ludzkosci\/\"},\"wordCount\":420,\"publisher\":{\"@id\":\"https:\/\/www.pogotowieflagowe.pl\/aktualne\/#organization\"},\"image\":{\"@id\":\"https:\/\/www.pogotowieflagowe.pl\/aktualne\/zofia-nalkowska-ikona-literatury-i-oredowniczka-ludzkosci\/#primaryimage\"},\"thumbnailUrl\":\"https:\/\/www.pogotowieflagowe.pl\/aktualne\/wp-content\/uploads\/2024\/12\/Zofia-Nalkowska-ikona-literatury-i-oredowniczka-ludzkosci.jpg\",\"keywords\":[\"ikona\",\"literatury\",\"ludzko\u015bci\",\"Na\u0142kowska\",\"or\u0119downiczka\",\"Zofia\"],\"articleSection\":[\"Styl \u017cycia\"],\"inLanguage\":\"pl-PL\"},{\"@type\":\"WebPage\",\"@id\":\"https:\/\/www.pogotowieflagowe.pl\/aktualne\/zofia-nalkowska-ikona-literatury-i-oredowniczka-ludzkosci\/\",\"url\":\"https:\/\/www.pogotowieflagowe.pl\/aktualne\/zofia-nalkowska-ikona-literatury-i-oredowniczka-ludzkosci\/\",\"name\":\"Zofia Na\u0142kowska: ikona literatury i or\u0119downiczka ludzko\u015bci - POGOTOWIE FLAGOWE\u00ae\",\"isPartOf\":{\"@id\":\"https:\/\/www.pogotowieflagowe.pl\/aktualne\/#website\"},\"primaryImageOfPage\":{\"@id\":\"https:\/\/www.pogotowieflagowe.pl\/aktualne\/zofia-nalkowska-ikona-literatury-i-oredowniczka-ludzkosci\/#primaryimage\"},\"image\":{\"@id\":\"https:\/\/www.pogotowieflagowe.pl\/aktualne\/zofia-nalkowska-ikona-literatury-i-oredowniczka-ludzkosci\/#primaryimage\"},\"thumbnailUrl\":\"https:\/\/www.pogotowieflagowe.pl\/aktualne\/wp-content\/uploads\/2024\/12\/Zofia-Nalkowska-ikona-literatury-i-oredowniczka-ludzkosci.jpg\",\"datePublished\":\"2024-12-17T13:50:59+00:00\",\"dateModified\":\"2024-12-17T13:51:00+00:00\",\"breadcrumb\":{\"@id\":\"https:\/\/www.pogotowieflagowe.pl\/aktualne\/zofia-nalkowska-ikona-literatury-i-oredowniczka-ludzkosci\/#breadcrumb\"},\"inLanguage\":\"pl-PL\",\"potentialAction\":[{\"@type\":\"ReadAction\",\"target\":[\"https:\/\/www.pogotowieflagowe.pl\/aktualne\/zofia-nalkowska-ikona-literatury-i-oredowniczka-ludzkosci\/\"]}]},{\"@type\":\"ImageObject\",\"inLanguage\":\"pl-PL\",\"@id\":\"https:\/\/www.pogotowieflagowe.pl\/aktualne\/zofia-nalkowska-ikona-literatury-i-oredowniczka-ludzkosci\/#primaryimage\",\"url\":\"https:\/\/www.pogotowieflagowe.pl\/aktualne\/wp-content\/uploads\/2024\/12\/Zofia-Nalkowska-ikona-literatury-i-oredowniczka-ludzkosci.jpg\",\"contentUrl\":\"https:\/\/www.pogotowieflagowe.pl\/aktualne\/wp-content\/uploads\/2024\/12\/Zofia-Nalkowska-ikona-literatury-i-oredowniczka-ludzkosci.jpg\",\"width\":710,\"height\":671,\"caption\":\"Zofia Na\u0142kowska: ikona literatury i or\u0119downiczka ludzko\u015bci\"},{\"@type\":\"BreadcrumbList\",\"@id\":\"https:\/\/www.pogotowieflagowe.pl\/aktualne\/zofia-nalkowska-ikona-literatury-i-oredowniczka-ludzkosci\/#breadcrumb\",\"itemListElement\":[{\"@type\":\"ListItem\",\"position\":1,\"name\":\"Home\",\"item\":\"https:\/\/www.pogotowieflagowe.pl\/aktualne\/\"},{\"@type\":\"ListItem\",\"position\":2,\"name\":\"Zofia Na\u0142kowska: ikona literatury i or\u0119downiczka ludzko\u015bci\"}]},{\"@type\":\"WebSite\",\"@id\":\"https:\/\/www.pogotowieflagowe.pl\/aktualne\/#website\",\"url\":\"https:\/\/www.pogotowieflagowe.pl\/aktualne\/\",\"name\":\"POGOTOWIE FLAGOWE\u00ae\",\"description\":\"\",\"publisher\":{\"@id\":\"https:\/\/www.pogotowieflagowe.pl\/aktualne\/#organization\"},\"potentialAction\":[{\"@type\":\"SearchAction\",\"target\":{\"@type\":\"EntryPoint\",\"urlTemplate\":\"https:\/\/www.pogotowieflagowe.pl\/aktualne\/?s={search_term_string}\"},\"query-input\":\"required name=search_term_string\"}],\"inLanguage\":\"pl-PL\"},{\"@type\":\"Organization\",\"@id\":\"https:\/\/www.pogotowieflagowe.pl\/aktualne\/#organization\",\"name\":\"POGOTOWIE FLAGOWE\u00ae\",\"url\":\"https:\/\/www.pogotowieflagowe.pl\/aktualne\/\",\"logo\":{\"@type\":\"ImageObject\",\"inLanguage\":\"pl-PL\",\"@id\":\"https:\/\/www.pogotowieflagowe.pl\/aktualne\/#\/schema\/logo\/image\/\",\"url\":\"https:\/\/www.pogotowieflagowe.pl\/aktualne\/wp-content\/uploads\/2024\/08\/cropped-pogotowieflagowe_flaga_projekt_sm.jpg\",\"contentUrl\":\"https:\/\/www.pogotowieflagowe.pl\/aktualne\/wp-content\/uploads\/2024\/08\/cropped-pogotowieflagowe_flaga_projekt_sm.jpg\",\"width\":250,\"height\":143,\"caption\":\"POGOTOWIE FLAGOWE\u00ae\"},\"image\":{\"@id\":\"https:\/\/www.pogotowieflagowe.pl\/aktualne\/#\/schema\/logo\/image\/\"}},{\"@type\":\"Person\",\"@id\":\"https:\/\/www.pogotowieflagowe.pl\/aktualne\/#\/schema\/person\/9c2fb7d2362ebf6fa088960d7f0d27b0\",\"name\":\"Filip\",\"image\":{\"@type\":\"ImageObject\",\"inLanguage\":\"pl-PL\",\"@id\":\"https:\/\/www.pogotowieflagowe.pl\/aktualne\/#\/schema\/person\/image\/\",\"url\":\"https:\/\/www.pogotowieflagowe.pl\/aktualne\/wp-content\/uploads\/2024\/08\/pogotowieflagowe.pl_.jpg\",\"contentUrl\":\"https:\/\/www.pogotowieflagowe.pl\/aktualne\/wp-content\/uploads\/2024\/08\/pogotowieflagowe.pl_.jpg\",\"caption\":\"Filip\"},\"description\":\"Jestem Filip, polski dziennikarz z dyplomem nauk politycznych Uniwersytetu Warszawskiego. Rozpoczynaj\u0105c swoj\u0105 karier\u0119 w r\u00f3\u017cnych lokalnych mediach, zdoby\u0142em solidne do\u015bwiadczenie w zakresie \u015bledztwa i redakcji. Obecnie jako redaktor w Pogotowie flagowe, staram si\u0119 dostarcza\u0107 dog\u0142\u0119bne i istotne analizy na temat najwa\u017cniejszych kwestii aktualno\u015bci, \u0142\u0105cz\u0105c rygor z pasj\u0105 dziennikarsk\u0105.\",\"sameAs\":[\"https:\/\/www.pogotowieflagowe.pl\/\"]}]}<\/script>\n<!-- \/ Yoast SEO plugin. -->","yoast_head_json":{"title":"Zofia Na\u0142kowska: ikona literatury i or\u0119downiczka ludzko\u015bci - POGOTOWIE FLAGOWE\u00ae","robots":{"index":"index","follow":"follow","max-snippet":"max-snippet:-1","max-image-preview":"max-image-preview:large","max-video-preview":"max-video-preview:-1"},"canonical":"https:\/\/www.pogotowieflagowe.pl\/aktualne\/zofia-nalkowska-ikona-literatury-i-oredowniczka-ludzkosci\/","og_locale":"pl_PL","og_type":"article","og_title":"Zofia Na\u0142kowska: ikona literatury i or\u0119downiczka ludzko\u015bci - POGOTOWIE FLAGOWE\u00ae","og_description":"17 grudnia przypada rocznica \u015bmierci Zofii Na\u0142kowskiej, wybitnej postaci polskiej literatury, kt\u00f3rej tw\u00f3rczo\u015b\u0107 wci\u0105\u017c odbija si\u0119 echem w\u015br\u00f3d czytelnik\u00f3w i","og_url":"https:\/\/www.pogotowieflagowe.pl\/aktualne\/zofia-nalkowska-ikona-literatury-i-oredowniczka-ludzkosci\/","og_site_name":"POGOTOWIE FLAGOWE\u00ae","article_published_time":"2024-12-17T13:50:59+00:00","article_modified_time":"2024-12-17T13:51:00+00:00","og_image":[{"width":710,"height":671,"url":"https:\/\/www.pogotowieflagowe.pl\/aktualne\/wp-content\/uploads\/2024\/12\/Zofia-Nalkowska-ikona-literatury-i-oredowniczka-ludzkosci.jpg","type":"image\/jpeg"}],"author":"Filip","twitter_card":"summary_large_image","twitter_misc":{"Napisane przez":"Filip","Szacowany czas czytania":"2 minuty"},"schema":{"@context":"https:\/\/schema.org","@graph":[{"@type":"Article","@id":"https:\/\/www.pogotowieflagowe.pl\/aktualne\/zofia-nalkowska-ikona-literatury-i-oredowniczka-ludzkosci\/#article","isPartOf":{"@id":"https:\/\/www.pogotowieflagowe.pl\/aktualne\/zofia-nalkowska-ikona-literatury-i-oredowniczka-ludzkosci\/"},"author":{"name":"Filip","@id":"https:\/\/www.pogotowieflagowe.pl\/aktualne\/#\/schema\/person\/9c2fb7d2362ebf6fa088960d7f0d27b0"},"headline":"Zofia Na\u0142kowska: ikona literatury i or\u0119downiczka ludzko\u015bci","datePublished":"2024-12-17T13:50:59+00:00","dateModified":"2024-12-17T13:51:00+00:00","mainEntityOfPage":{"@id":"https:\/\/www.pogotowieflagowe.pl\/aktualne\/zofia-nalkowska-ikona-literatury-i-oredowniczka-ludzkosci\/"},"wordCount":420,"publisher":{"@id":"https:\/\/www.pogotowieflagowe.pl\/aktualne\/#organization"},"image":{"@id":"https:\/\/www.pogotowieflagowe.pl\/aktualne\/zofia-nalkowska-ikona-literatury-i-oredowniczka-ludzkosci\/#primaryimage"},"thumbnailUrl":"https:\/\/www.pogotowieflagowe.pl\/aktualne\/wp-content\/uploads\/2024\/12\/Zofia-Nalkowska-ikona-literatury-i-oredowniczka-ludzkosci.jpg","keywords":["ikona","literatury","ludzko\u015bci","Na\u0142kowska","or\u0119downiczka","Zofia"],"articleSection":["Styl \u017cycia"],"inLanguage":"pl-PL"},{"@type":"WebPage","@id":"https:\/\/www.pogotowieflagowe.pl\/aktualne\/zofia-nalkowska-ikona-literatury-i-oredowniczka-ludzkosci\/","url":"https:\/\/www.pogotowieflagowe.pl\/aktualne\/zofia-nalkowska-ikona-literatury-i-oredowniczka-ludzkosci\/","name":"Zofia Na\u0142kowska: ikona literatury i or\u0119downiczka ludzko\u015bci - POGOTOWIE FLAGOWE\u00ae","isPartOf":{"@id":"https:\/\/www.pogotowieflagowe.pl\/aktualne\/#website"},"primaryImageOfPage":{"@id":"https:\/\/www.pogotowieflagowe.pl\/aktualne\/zofia-nalkowska-ikona-literatury-i-oredowniczka-ludzkosci\/#primaryimage"},"image":{"@id":"https:\/\/www.pogotowieflagowe.pl\/aktualne\/zofia-nalkowska-ikona-literatury-i-oredowniczka-ludzkosci\/#primaryimage"},"thumbnailUrl":"https:\/\/www.pogotowieflagowe.pl\/aktualne\/wp-content\/uploads\/2024\/12\/Zofia-Nalkowska-ikona-literatury-i-oredowniczka-ludzkosci.jpg","datePublished":"2024-12-17T13:50:59+00:00","dateModified":"2024-12-17T13:51:00+00:00","breadcrumb":{"@id":"https:\/\/www.pogotowieflagowe.pl\/aktualne\/zofia-nalkowska-ikona-literatury-i-oredowniczka-ludzkosci\/#breadcrumb"},"inLanguage":"pl-PL","potentialAction":[{"@type":"ReadAction","target":["https:\/\/www.pogotowieflagowe.pl\/aktualne\/zofia-nalkowska-ikona-literatury-i-oredowniczka-ludzkosci\/"]}]},{"@type":"ImageObject","inLanguage":"pl-PL","@id":"https:\/\/www.pogotowieflagowe.pl\/aktualne\/zofia-nalkowska-ikona-literatury-i-oredowniczka-ludzkosci\/#primaryimage","url":"https:\/\/www.pogotowieflagowe.pl\/aktualne\/wp-content\/uploads\/2024\/12\/Zofia-Nalkowska-ikona-literatury-i-oredowniczka-ludzkosci.jpg","contentUrl":"https:\/\/www.pogotowieflagowe.pl\/aktualne\/wp-content\/uploads\/2024\/12\/Zofia-Nalkowska-ikona-literatury-i-oredowniczka-ludzkosci.jpg","width":710,"height":671,"caption":"Zofia Na\u0142kowska: ikona literatury i or\u0119downiczka ludzko\u015bci"},{"@type":"BreadcrumbList","@id":"https:\/\/www.pogotowieflagowe.pl\/aktualne\/zofia-nalkowska-ikona-literatury-i-oredowniczka-ludzkosci\/#breadcrumb","itemListElement":[{"@type":"ListItem","position":1,"name":"Home","item":"https:\/\/www.pogotowieflagowe.pl\/aktualne\/"},{"@type":"ListItem","position":2,"name":"Zofia Na\u0142kowska: ikona literatury i or\u0119downiczka ludzko\u015bci"}]},{"@type":"WebSite","@id":"https:\/\/www.pogotowieflagowe.pl\/aktualne\/#website","url":"https:\/\/www.pogotowieflagowe.pl\/aktualne\/","name":"POGOTOWIE FLAGOWE\u00ae","description":"","publisher":{"@id":"https:\/\/www.pogotowieflagowe.pl\/aktualne\/#organization"},"potentialAction":[{"@type":"SearchAction","target":{"@type":"EntryPoint","urlTemplate":"https:\/\/www.pogotowieflagowe.pl\/aktualne\/?s={search_term_string}"},"query-input":"required name=search_term_string"}],"inLanguage":"pl-PL"},{"@type":"Organization","@id":"https:\/\/www.pogotowieflagowe.pl\/aktualne\/#organization","name":"POGOTOWIE FLAGOWE\u00ae","url":"https:\/\/www.pogotowieflagowe.pl\/aktualne\/","logo":{"@type":"ImageObject","inLanguage":"pl-PL","@id":"https:\/\/www.pogotowieflagowe.pl\/aktualne\/#\/schema\/logo\/image\/","url":"https:\/\/www.pogotowieflagowe.pl\/aktualne\/wp-content\/uploads\/2024\/08\/cropped-pogotowieflagowe_flaga_projekt_sm.jpg","contentUrl":"https:\/\/www.pogotowieflagowe.pl\/aktualne\/wp-content\/uploads\/2024\/08\/cropped-pogotowieflagowe_flaga_projekt_sm.jpg","width":250,"height":143,"caption":"POGOTOWIE FLAGOWE\u00ae"},"image":{"@id":"https:\/\/www.pogotowieflagowe.pl\/aktualne\/#\/schema\/logo\/image\/"}},{"@type":"Person","@id":"https:\/\/www.pogotowieflagowe.pl\/aktualne\/#\/schema\/person\/9c2fb7d2362ebf6fa088960d7f0d27b0","name":"Filip","image":{"@type":"ImageObject","inLanguage":"pl-PL","@id":"https:\/\/www.pogotowieflagowe.pl\/aktualne\/#\/schema\/person\/image\/","url":"https:\/\/www.pogotowieflagowe.pl\/aktualne\/wp-content\/uploads\/2024\/08\/pogotowieflagowe.pl_.jpg","contentUrl":"https:\/\/www.pogotowieflagowe.pl\/aktualne\/wp-content\/uploads\/2024\/08\/pogotowieflagowe.pl_.jpg","caption":"Filip"},"description":"Jestem Filip, polski dziennikarz z dyplomem nauk politycznych Uniwersytetu Warszawskiego. Rozpoczynaj\u0105c swoj\u0105 karier\u0119 w r\u00f3\u017cnych lokalnych mediach, zdoby\u0142em solidne do\u015bwiadczenie w zakresie \u015bledztwa i redakcji. Obecnie jako redaktor w Pogotowie flagowe, staram si\u0119 dostarcza\u0107 dog\u0142\u0119bne i istotne analizy na temat najwa\u017cniejszych kwestii aktualno\u015bci, \u0142\u0105cz\u0105c rygor z pasj\u0105 dziennikarsk\u0105.","sameAs":["https:\/\/www.pogotowieflagowe.pl\/"]}]}},"_links":{"self":[{"href":"https:\/\/www.pogotowieflagowe.pl\/aktualne\/wp-json\/wp\/v2\/posts\/2467","targetHints":{"allow":["GET"]}}],"collection":[{"href":"https:\/\/www.pogotowieflagowe.pl\/aktualne\/wp-json\/wp\/v2\/posts"}],"about":[{"href":"https:\/\/www.pogotowieflagowe.pl\/aktualne\/wp-json\/wp\/v2\/types\/post"}],"author":[{"embeddable":true,"href":"https:\/\/www.pogotowieflagowe.pl\/aktualne\/wp-json\/wp\/v2\/users\/1"}],"replies":[{"embeddable":true,"href":"https:\/\/www.pogotowieflagowe.pl\/aktualne\/wp-json\/wp\/v2\/comments?post=2467"}],"version-history":[{"count":1,"href":"https:\/\/www.pogotowieflagowe.pl\/aktualne\/wp-json\/wp\/v2\/posts\/2467\/revisions"}],"predecessor-version":[{"id":2469,"href":"https:\/\/www.pogotowieflagowe.pl\/aktualne\/wp-json\/wp\/v2\/posts\/2467\/revisions\/2469"}],"wp:featuredmedia":[{"embeddable":true,"href":"https:\/\/www.pogotowieflagowe.pl\/aktualne\/wp-json\/wp\/v2\/media\/2468"}],"wp:attachment":[{"href":"https:\/\/www.pogotowieflagowe.pl\/aktualne\/wp-json\/wp\/v2\/media?parent=2467"}],"wp:term":[{"taxonomy":"category","embeddable":true,"href":"https:\/\/www.pogotowieflagowe.pl\/aktualne\/wp-json\/wp\/v2\/categories?post=2467"},{"taxonomy":"post_tag","embeddable":true,"href":"https:\/\/www.pogotowieflagowe.pl\/aktualne\/wp-json\/wp\/v2\/tags?post=2467"}],"curies":[{"name":"wp","href":"https:\/\/api.w.org\/{rel}","templated":true}]}}