{"id":2523,"date":"2024-12-19T20:56:51","date_gmt":"2024-12-19T19:56:51","guid":{"rendered":"https:\/\/www.pogotowieflagowe.pl\/aktualne\/agnieszka-radwanska-dolacza-do-zespolu-coachingowego-magdy-linette\/"},"modified":"2024-12-19T20:56:52","modified_gmt":"2024-12-19T19:56:52","slug":"agnieszka-radwanska-dolacza-do-zespolu-coachingowego-magdy-linette","status":"publish","type":"post","link":"https:\/\/www.pogotowieflagowe.pl\/aktualne\/agnieszka-radwanska-dolacza-do-zespolu-coachingowego-magdy-linette\/","title":{"rendered":"Agnieszka Radwa\u0144ska do\u0142\u0105cza do Zespo\u0142u Coachingowego Magdy Linette"},"content":{"rendered":"\n<div class=\"td_block_wrap tdb_single_content tdi_48 td-pb-border-top td_block_template_8 td-post-content tagdiv-type\" data-td-block-uid=\"tdi_48\">\n<style>.tdi_48{margines-g\u00f3rny:0px!important;margin-bottom:0px!important;dope\u0142nienie-g\u00f3ra:0px!important;dope\u0142nienie-d\u00f3\u0142:0px!important}<\/style>\n<style>.tdb_single_content{margin-bottom:0;*zoom:1}.tdb_single_content:before,.tdb_single_content:after{display:table;content:'';line-height:0}.tdb_single_content:after{clear:both}.tdb_single_content .tdb-block-inner>*:not(.wp-block-quote):not(.alignwide):not(.alignfull.wp-block-cover.has-parallax):not(.td-a-ad) {margin-left:auto;margin-right:auto}.tdb_single_content a{pointer-events:auto}.tdb_single_content .td-spot-id-top_ad .tdc-placeholder-title:before{content:'Article Top Ad'!important}.tdb_single_content .td-spot-id-inline_ad0 .tdc-placeholder-title:before{content:'Article Reklama wbudowana 1'!important}.tdb_single_content .td-spot-id-inline_ad1 .tdc-placeholder-title:before{content:'Article Inline Ad 2'!important}.tdb_single_content .td-spot-id-inline_ad2 .tdc-placeholder-title:before{content:' Reklama wbudowana w artyku\u0142 3'!important}.tdb_single_content .td-spot-id-bottom_ad .tdc-placeholder-title:before{content:'Article Bottom Ad'!important}.tdb_single_content .id_top_ad,.tdb_single_content .id_bottom_ad{clear:both;margin-bottom:21px;text-align:center}.tdb_single_content .id_top_ad img,.tdb_single_content .id_bottom_ad img{margin-bottom:0}.tdb_single_content .id_top_ad .adsbygoogle,.tdb_single_content .id_bottom_ad .adsbygoogle{position:relative}.tdb_single_content .id_ad_content-horiz-left,.tdb_single_content .id_ad_content-horiz-right,.tdb_single_content .id_ad_content-horiz-center{margin-bottom:15px}.tdb_single_content .id_ad_content-horiz-left img,.tdb_single_content .id_ad_content-horiz-right img,.tdb_single_content .id_ad_content-horiz-center img{margin-bottom:0}.tdb_single_content .id_ad_content-horiz-center{text-align:center}.tdb_single_content .id_ad_content-horiz-center img{margin-right:auto;margin-left:auto}.tdb_single_content .id_ad_content-horiz-left{float:left;margin-top:9px;margin-right:21px}.tdb_single_content .id_ad_content-horiz-right{float:right;margin-top:6px;margin-left:21px}.tdb_single_content .tdc-a-ad .tdc-placeholder-title{width:300px;height:250px}.tdb_single_content .tdc-a-ad .tdc-placeholder-title:before{position:absolute;top:50%;-webkit-transform:translateY(-50%);transform:translateY(-50%);margines:auto;display:table;width:100 %}.tdb_single_content .tdb-block-inner.td-fix-index{word-break:break-word}.tdi_48,.tdi_48>p,.tdi_48 .tdb-block-inner>p{font-size:16px!important;line- wysoko\u015b\u0107:1,6!wa\u017cne}.tdi_48 .tdb-block-inner blockquote p{font-style:normal!important}@media (max-width:767px){.tdb_single_content .id_ad_content-horiz-left,.tdb_single_content .id_ad_content-horiz-right,.tdb_single_content .id_ad_content-horiz-center{margin:0 automatyczny 26px auto}}@media (max-width:767px){.tdb_single_content .id_ad_content-horiz-left{margin-right:0}}@media (max-width:767px){.tdb_single_content .id_ad_content-horiz-right{margin -left:0}}@media (max-width:767px){.tdb_single_content .td-a-ad{float:none;text-align:center}.tdb_single_content .td-a-ad img{margin-right:auto;margin-left:auto}. tdb_single_content .tdc-a-ad{float:none}}<\/style>\n<div class=\"tdb-block-inner td-fix-index\">\n<h2 class=\"wp-block-heading\">Magda Linette wsp\u00f3\u0142pracuje z Agnieszk\u0105 Radwa\u0144sk\u0105 w zakresie coachingu. Zaskakuj\u0105ca i obiecuj\u0105ca wsp\u00f3\u0142praca!<\/h2>\n<blockquote class=\"twitter-tweet\">\n<p lang=\"en\" dir=\"ltr\">Niech mnie kto\u015b uszczypnie! <a rel=\"nofollow\" href=\"https:\/\/twitter.com\/ARadwanska?ref_src=twsrc%5Etfw\">@ARadwa\u0144ska<\/a> w\u0142a\u015bnie do\u0142\u0105czy\u0142em do mojego zespo\u0142u!\ud83d\ude0d <a rel=\"nofollow\" href=\"https:\/\/t.co\/ez3InrzcBk\">pic.twitter.com\/ez3InrzcBk<\/a><\/p>\n<p>\u2014 Magda Linette (@MagdaLinette) <a rel=\"nofollow\" href=\"https:\/\/twitter.com\/MagdaLinette\/status\/1869467119244726349?ref_src=twsrc%5Etfw\">18 grudnia 2024 r<\/a><\/p><\/blockquote>\n<p>Magda Linette zaprezentowa\u0142a ekscytuj\u0105cy dodatek do swojego zespo\u0142u trenerskiego \u2013 Agnieszk\u0119 Radwa\u0144sk\u0105. O\u015bwiadczenie pojawi\u0142o si\u0119 za po\u015brednictwem medi\u00f3w spo\u0142eczno\u015bciowych Linette, gdzie podzieli\u0142a si\u0119 swoim entuzjazmem, stwierdzaj\u0105c: <strong>\u201eNiech kto\u015b mnie uszczypnie! W\u0142a\u015bnie do\u0142\u0105czy\u0142a do mojego zespo\u0142u Agnieszka Radwa\u0144ska!\u201d<\/strong> Ta wiadomo\u015b\u0107 zaskoczy\u0142a wiele os\u00f3b, gdy\u017c Radwa\u0144ska ju\u017c wcze\u015bniej odesz\u0142a od zawodowego tenisa.<\/p>\n<p>W wywiadzie dla programu \u201eBreak Point\u201d Linette ujawni\u0142a, \u017ce \u200b\u200bz Radwa\u0144sk\u0105 skontaktowa\u0142 si\u0119 pocz\u0105tkowo jej g\u0142\u00f3wny trener, Mark Gellard. Po nawi\u0105zaniu wi\u0119zi podczas mecz\u00f3w Linette Gellard zaproponowa\u0142 pomys\u0142, a Radwa\u0144ska wyrazi\u0142a zainteresowanie. Na razie b\u0119dzie pe\u0142ni\u0107 funkcj\u0119 drugiego trenera i konsultanta Linette, koncentruj\u0105c si\u0119 na okresie 8\u201310 tygodni poprzedzaj\u0105cych sezon na kortach ziemnych.<\/p>\n<p>Zaanga\u017cowanie Radwa\u0144skiej uzupe\u0142ni obecn\u0105 rol\u0119 Gellarda jako g\u0142\u00f3wnego trenera Linette. Cho\u0107 jej obecno\u015b\u0107 w lo\u017cy Linette podczas Australian Open pozostaje niepewna, Radwa\u0144ska b\u0119dzie aktywnie wspiera\u0107 Linette w fazie przygotowawczej.<\/p>\n<\/div>\n<\/div>\n<p><script async src=\"https:\/\/platform.twitter.com\/widgets.js\" charset=\"utf-8\"><\/script><\/p>\n","protected":false},"excerpt":{"rendered":"<p>Magda Linette wsp\u00f3\u0142pracuje z Agnieszk\u0105 Radwa\u0144sk\u0105 w zakresie coachingu. Zaskakuj\u0105ca i obiecuj\u0105ca wsp\u00f3\u0142praca! Niech mnie kto\u015b uszczypnie! @ARadwa\u0144ska w\u0142a\u015bnie do\u0142\u0105czy\u0142em<\/p>\n","protected":false},"author":1,"featured_media":2524,"comment_status":"closed","ping_status":"","sticky":false,"template":"","format":"standard","meta":{"footnotes":""},"categories":[118],"tags":[3863,3865,1281,1350,3866,3864,1910],"class_list":["post-2523","post","type-post","status-publish","format-standard","has-post-thumbnail","hentry","category-lekkoatletyka","tag-agnieszka","tag-coachingowego","tag-dolacza","tag-linette","tag-magdy","tag-radwanska","tag-zespolu","generate-columns","tablet-grid-50","mobile-grid-100","grid-parent","grid-50","resize-featured-image"],"yoast_head":"<!-- This site is optimized with the Yoast SEO plugin v23.2 - https:\/\/yoast.com\/wordpress\/plugins\/seo\/ -->\n<title>Agnieszka Radwa\u0144ska do\u0142\u0105cza do Zespo\u0142u Coachingowego Magdy Linette - POGOTOWIE FLAGOWE\u00ae<\/title>\n<meta name=\"robots\" content=\"index, follow, max-snippet:-1, max-image-preview:large, max-video-preview:-1\" \/>\n<link rel=\"canonical\" href=\"https:\/\/www.pogotowieflagowe.pl\/aktualne\/agnieszka-radwanska-dolacza-do-zespolu-coachingowego-magdy-linette\/\" \/>\n<meta property=\"og:locale\" content=\"pl_PL\" \/>\n<meta property=\"og:type\" content=\"article\" \/>\n<meta property=\"og:title\" content=\"Agnieszka Radwa\u0144ska do\u0142\u0105cza do Zespo\u0142u Coachingowego Magdy Linette - POGOTOWIE FLAGOWE\u00ae\" \/>\n<meta property=\"og:description\" content=\"Magda Linette wsp\u00f3\u0142pracuje z Agnieszk\u0105 Radwa\u0144sk\u0105 w zakresie coachingu. Zaskakuj\u0105ca i obiecuj\u0105ca wsp\u00f3\u0142praca! Niech mnie kto\u015b uszczypnie! @ARadwa\u0144ska w\u0142a\u015bnie do\u0142\u0105czy\u0142em\" \/>\n<meta property=\"og:url\" content=\"https:\/\/www.pogotowieflagowe.pl\/aktualne\/agnieszka-radwanska-dolacza-do-zespolu-coachingowego-magdy-linette\/\" \/>\n<meta property=\"og:site_name\" content=\"POGOTOWIE FLAGOWE\u00ae\" \/>\n<meta property=\"article:published_time\" content=\"2024-12-19T19:56:51+00:00\" \/>\n<meta property=\"article:modified_time\" content=\"2024-12-19T19:56:52+00:00\" \/>\n<meta property=\"og:image\" content=\"https:\/\/www.pogotowieflagowe.pl\/aktualne\/wp-content\/uploads\/2024\/12\/Agnieszka-Radwanska-dolacza-do-Zespolu-Coachingowego-Magdy-Linette.jpg\" \/>\n\t<meta property=\"og:image:width\" content=\"1500\" \/>\n\t<meta property=\"og:image:height\" content=\"500\" \/>\n\t<meta property=\"og:image:type\" content=\"image\/jpeg\" \/>\n<meta name=\"author\" content=\"Filip\" \/>\n<meta name=\"twitter:card\" content=\"summary_large_image\" \/>\n<meta name=\"twitter:label1\" content=\"Napisane przez\" \/>\n\t<meta name=\"twitter:data1\" content=\"Filip\" \/>\n\t<meta name=\"twitter:label2\" content=\"Szacowany czas czytania\" \/>\n\t<meta name=\"twitter:data2\" content=\"1 minuta\" \/>\n<script type=\"application\/ld+json\" class=\"yoast-schema-graph\">{\"@context\":\"https:\/\/schema.org\",\"@graph\":[{\"@type\":\"Article\",\"@id\":\"https:\/\/www.pogotowieflagowe.pl\/aktualne\/agnieszka-radwanska-dolacza-do-zespolu-coachingowego-magdy-linette\/#article\",\"isPartOf\":{\"@id\":\"https:\/\/www.pogotowieflagowe.pl\/aktualne\/agnieszka-radwanska-dolacza-do-zespolu-coachingowego-magdy-linette\/\"},\"author\":{\"name\":\"Filip\",\"@id\":\"https:\/\/www.pogotowieflagowe.pl\/aktualne\/#\/schema\/person\/9c2fb7d2362ebf6fa088960d7f0d27b0\"},\"headline\":\"Agnieszka Radwa\u0144ska do\u0142\u0105cza do Zespo\u0142u Coachingowego Magdy Linette\",\"datePublished\":\"2024-12-19T19:56:51+00:00\",\"dateModified\":\"2024-12-19T19:56:52+00:00\",\"mainEntityOfPage\":{\"@id\":\"https:\/\/www.pogotowieflagowe.pl\/aktualne\/agnieszka-radwanska-dolacza-do-zespolu-coachingowego-magdy-linette\/\"},\"wordCount\":228,\"publisher\":{\"@id\":\"https:\/\/www.pogotowieflagowe.pl\/aktualne\/#organization\"},\"image\":{\"@id\":\"https:\/\/www.pogotowieflagowe.pl\/aktualne\/agnieszka-radwanska-dolacza-do-zespolu-coachingowego-magdy-linette\/#primaryimage\"},\"thumbnailUrl\":\"https:\/\/www.pogotowieflagowe.pl\/aktualne\/wp-content\/uploads\/2024\/12\/Agnieszka-Radwanska-dolacza-do-Zespolu-Coachingowego-Magdy-Linette.jpg\",\"keywords\":[\"Agnieszka\",\"Coachingowego\",\"do\u0142\u0105cza\",\"Linette\",\"Magdy\",\"Radwa\u0144ska\",\"zespo\u0142u\"],\"articleSection\":[\"Lekkoatletyka\"],\"inLanguage\":\"pl-PL\"},{\"@type\":\"WebPage\",\"@id\":\"https:\/\/www.pogotowieflagowe.pl\/aktualne\/agnieszka-radwanska-dolacza-do-zespolu-coachingowego-magdy-linette\/\",\"url\":\"https:\/\/www.pogotowieflagowe.pl\/aktualne\/agnieszka-radwanska-dolacza-do-zespolu-coachingowego-magdy-linette\/\",\"name\":\"Agnieszka Radwa\u0144ska do\u0142\u0105cza do Zespo\u0142u Coachingowego Magdy Linette - POGOTOWIE FLAGOWE\u00ae\",\"isPartOf\":{\"@id\":\"https:\/\/www.pogotowieflagowe.pl\/aktualne\/#website\"},\"primaryImageOfPage\":{\"@id\":\"https:\/\/www.pogotowieflagowe.pl\/aktualne\/agnieszka-radwanska-dolacza-do-zespolu-coachingowego-magdy-linette\/#primaryimage\"},\"image\":{\"@id\":\"https:\/\/www.pogotowieflagowe.pl\/aktualne\/agnieszka-radwanska-dolacza-do-zespolu-coachingowego-magdy-linette\/#primaryimage\"},\"thumbnailUrl\":\"https:\/\/www.pogotowieflagowe.pl\/aktualne\/wp-content\/uploads\/2024\/12\/Agnieszka-Radwanska-dolacza-do-Zespolu-Coachingowego-Magdy-Linette.jpg\",\"datePublished\":\"2024-12-19T19:56:51+00:00\",\"dateModified\":\"2024-12-19T19:56:52+00:00\",\"breadcrumb\":{\"@id\":\"https:\/\/www.pogotowieflagowe.pl\/aktualne\/agnieszka-radwanska-dolacza-do-zespolu-coachingowego-magdy-linette\/#breadcrumb\"},\"inLanguage\":\"pl-PL\",\"potentialAction\":[{\"@type\":\"ReadAction\",\"target\":[\"https:\/\/www.pogotowieflagowe.pl\/aktualne\/agnieszka-radwanska-dolacza-do-zespolu-coachingowego-magdy-linette\/\"]}]},{\"@type\":\"ImageObject\",\"inLanguage\":\"pl-PL\",\"@id\":\"https:\/\/www.pogotowieflagowe.pl\/aktualne\/agnieszka-radwanska-dolacza-do-zespolu-coachingowego-magdy-linette\/#primaryimage\",\"url\":\"https:\/\/www.pogotowieflagowe.pl\/aktualne\/wp-content\/uploads\/2024\/12\/Agnieszka-Radwanska-dolacza-do-Zespolu-Coachingowego-Magdy-Linette.jpg\",\"contentUrl\":\"https:\/\/www.pogotowieflagowe.pl\/aktualne\/wp-content\/uploads\/2024\/12\/Agnieszka-Radwanska-dolacza-do-Zespolu-Coachingowego-Magdy-Linette.jpg\",\"width\":1500,\"height\":500,\"caption\":\"Agnieszka Radwa\u0144ska do\u0142\u0105cza do Zespo\u0142u Coachingowego Magdy Linette\"},{\"@type\":\"BreadcrumbList\",\"@id\":\"https:\/\/www.pogotowieflagowe.pl\/aktualne\/agnieszka-radwanska-dolacza-do-zespolu-coachingowego-magdy-linette\/#breadcrumb\",\"itemListElement\":[{\"@type\":\"ListItem\",\"position\":1,\"name\":\"Home\",\"item\":\"https:\/\/www.pogotowieflagowe.pl\/aktualne\/\"},{\"@type\":\"ListItem\",\"position\":2,\"name\":\"Agnieszka Radwa\u0144ska do\u0142\u0105cza do Zespo\u0142u Coachingowego Magdy Linette\"}]},{\"@type\":\"WebSite\",\"@id\":\"https:\/\/www.pogotowieflagowe.pl\/aktualne\/#website\",\"url\":\"https:\/\/www.pogotowieflagowe.pl\/aktualne\/\",\"name\":\"POGOTOWIE FLAGOWE\u00ae\",\"description\":\"\",\"publisher\":{\"@id\":\"https:\/\/www.pogotowieflagowe.pl\/aktualne\/#organization\"},\"potentialAction\":[{\"@type\":\"SearchAction\",\"target\":{\"@type\":\"EntryPoint\",\"urlTemplate\":\"https:\/\/www.pogotowieflagowe.pl\/aktualne\/?s={search_term_string}\"},\"query-input\":\"required name=search_term_string\"}],\"inLanguage\":\"pl-PL\"},{\"@type\":\"Organization\",\"@id\":\"https:\/\/www.pogotowieflagowe.pl\/aktualne\/#organization\",\"name\":\"POGOTOWIE FLAGOWE\u00ae\",\"url\":\"https:\/\/www.pogotowieflagowe.pl\/aktualne\/\",\"logo\":{\"@type\":\"ImageObject\",\"inLanguage\":\"pl-PL\",\"@id\":\"https:\/\/www.pogotowieflagowe.pl\/aktualne\/#\/schema\/logo\/image\/\",\"url\":\"https:\/\/www.pogotowieflagowe.pl\/aktualne\/wp-content\/uploads\/2024\/08\/cropped-pogotowieflagowe_flaga_projekt_sm.jpg\",\"contentUrl\":\"https:\/\/www.pogotowieflagowe.pl\/aktualne\/wp-content\/uploads\/2024\/08\/cropped-pogotowieflagowe_flaga_projekt_sm.jpg\",\"width\":250,\"height\":143,\"caption\":\"POGOTOWIE FLAGOWE\u00ae\"},\"image\":{\"@id\":\"https:\/\/www.pogotowieflagowe.pl\/aktualne\/#\/schema\/logo\/image\/\"}},{\"@type\":\"Person\",\"@id\":\"https:\/\/www.pogotowieflagowe.pl\/aktualne\/#\/schema\/person\/9c2fb7d2362ebf6fa088960d7f0d27b0\",\"name\":\"Filip\",\"image\":{\"@type\":\"ImageObject\",\"inLanguage\":\"pl-PL\",\"@id\":\"https:\/\/www.pogotowieflagowe.pl\/aktualne\/#\/schema\/person\/image\/\",\"url\":\"https:\/\/www.pogotowieflagowe.pl\/aktualne\/wp-content\/uploads\/2024\/08\/pogotowieflagowe.pl_.jpg\",\"contentUrl\":\"https:\/\/www.pogotowieflagowe.pl\/aktualne\/wp-content\/uploads\/2024\/08\/pogotowieflagowe.pl_.jpg\",\"caption\":\"Filip\"},\"description\":\"Jestem Filip, polski dziennikarz z dyplomem nauk politycznych Uniwersytetu Warszawskiego. Rozpoczynaj\u0105c swoj\u0105 karier\u0119 w r\u00f3\u017cnych lokalnych mediach, zdoby\u0142em solidne do\u015bwiadczenie w zakresie \u015bledztwa i redakcji. Obecnie jako redaktor w Pogotowie flagowe, staram si\u0119 dostarcza\u0107 dog\u0142\u0119bne i istotne analizy na temat najwa\u017cniejszych kwestii aktualno\u015bci, \u0142\u0105cz\u0105c rygor z pasj\u0105 dziennikarsk\u0105.\",\"sameAs\":[\"https:\/\/www.pogotowieflagowe.pl\/\"]}]}<\/script>\n<!-- \/ Yoast SEO plugin. -->","yoast_head_json":{"title":"Agnieszka Radwa\u0144ska do\u0142\u0105cza do Zespo\u0142u Coachingowego Magdy Linette - POGOTOWIE FLAGOWE\u00ae","robots":{"index":"index","follow":"follow","max-snippet":"max-snippet:-1","max-image-preview":"max-image-preview:large","max-video-preview":"max-video-preview:-1"},"canonical":"https:\/\/www.pogotowieflagowe.pl\/aktualne\/agnieszka-radwanska-dolacza-do-zespolu-coachingowego-magdy-linette\/","og_locale":"pl_PL","og_type":"article","og_title":"Agnieszka Radwa\u0144ska do\u0142\u0105cza do Zespo\u0142u Coachingowego Magdy Linette - POGOTOWIE FLAGOWE\u00ae","og_description":"Magda Linette wsp\u00f3\u0142pracuje z Agnieszk\u0105 Radwa\u0144sk\u0105 w zakresie coachingu. Zaskakuj\u0105ca i obiecuj\u0105ca wsp\u00f3\u0142praca! Niech mnie kto\u015b uszczypnie! @ARadwa\u0144ska w\u0142a\u015bnie do\u0142\u0105czy\u0142em","og_url":"https:\/\/www.pogotowieflagowe.pl\/aktualne\/agnieszka-radwanska-dolacza-do-zespolu-coachingowego-magdy-linette\/","og_site_name":"POGOTOWIE FLAGOWE\u00ae","article_published_time":"2024-12-19T19:56:51+00:00","article_modified_time":"2024-12-19T19:56:52+00:00","og_image":[{"width":1500,"height":500,"url":"https:\/\/www.pogotowieflagowe.pl\/aktualne\/wp-content\/uploads\/2024\/12\/Agnieszka-Radwanska-dolacza-do-Zespolu-Coachingowego-Magdy-Linette.jpg","type":"image\/jpeg"}],"author":"Filip","twitter_card":"summary_large_image","twitter_misc":{"Napisane przez":"Filip","Szacowany czas czytania":"1 minuta"},"schema":{"@context":"https:\/\/schema.org","@graph":[{"@type":"Article","@id":"https:\/\/www.pogotowieflagowe.pl\/aktualne\/agnieszka-radwanska-dolacza-do-zespolu-coachingowego-magdy-linette\/#article","isPartOf":{"@id":"https:\/\/www.pogotowieflagowe.pl\/aktualne\/agnieszka-radwanska-dolacza-do-zespolu-coachingowego-magdy-linette\/"},"author":{"name":"Filip","@id":"https:\/\/www.pogotowieflagowe.pl\/aktualne\/#\/schema\/person\/9c2fb7d2362ebf6fa088960d7f0d27b0"},"headline":"Agnieszka Radwa\u0144ska do\u0142\u0105cza do Zespo\u0142u Coachingowego Magdy Linette","datePublished":"2024-12-19T19:56:51+00:00","dateModified":"2024-12-19T19:56:52+00:00","mainEntityOfPage":{"@id":"https:\/\/www.pogotowieflagowe.pl\/aktualne\/agnieszka-radwanska-dolacza-do-zespolu-coachingowego-magdy-linette\/"},"wordCount":228,"publisher":{"@id":"https:\/\/www.pogotowieflagowe.pl\/aktualne\/#organization"},"image":{"@id":"https:\/\/www.pogotowieflagowe.pl\/aktualne\/agnieszka-radwanska-dolacza-do-zespolu-coachingowego-magdy-linette\/#primaryimage"},"thumbnailUrl":"https:\/\/www.pogotowieflagowe.pl\/aktualne\/wp-content\/uploads\/2024\/12\/Agnieszka-Radwanska-dolacza-do-Zespolu-Coachingowego-Magdy-Linette.jpg","keywords":["Agnieszka","Coachingowego","do\u0142\u0105cza","Linette","Magdy","Radwa\u0144ska","zespo\u0142u"],"articleSection":["Lekkoatletyka"],"inLanguage":"pl-PL"},{"@type":"WebPage","@id":"https:\/\/www.pogotowieflagowe.pl\/aktualne\/agnieszka-radwanska-dolacza-do-zespolu-coachingowego-magdy-linette\/","url":"https:\/\/www.pogotowieflagowe.pl\/aktualne\/agnieszka-radwanska-dolacza-do-zespolu-coachingowego-magdy-linette\/","name":"Agnieszka Radwa\u0144ska do\u0142\u0105cza do Zespo\u0142u Coachingowego Magdy Linette - POGOTOWIE FLAGOWE\u00ae","isPartOf":{"@id":"https:\/\/www.pogotowieflagowe.pl\/aktualne\/#website"},"primaryImageOfPage":{"@id":"https:\/\/www.pogotowieflagowe.pl\/aktualne\/agnieszka-radwanska-dolacza-do-zespolu-coachingowego-magdy-linette\/#primaryimage"},"image":{"@id":"https:\/\/www.pogotowieflagowe.pl\/aktualne\/agnieszka-radwanska-dolacza-do-zespolu-coachingowego-magdy-linette\/#primaryimage"},"thumbnailUrl":"https:\/\/www.pogotowieflagowe.pl\/aktualne\/wp-content\/uploads\/2024\/12\/Agnieszka-Radwanska-dolacza-do-Zespolu-Coachingowego-Magdy-Linette.jpg","datePublished":"2024-12-19T19:56:51+00:00","dateModified":"2024-12-19T19:56:52+00:00","breadcrumb":{"@id":"https:\/\/www.pogotowieflagowe.pl\/aktualne\/agnieszka-radwanska-dolacza-do-zespolu-coachingowego-magdy-linette\/#breadcrumb"},"inLanguage":"pl-PL","potentialAction":[{"@type":"ReadAction","target":["https:\/\/www.pogotowieflagowe.pl\/aktualne\/agnieszka-radwanska-dolacza-do-zespolu-coachingowego-magdy-linette\/"]}]},{"@type":"ImageObject","inLanguage":"pl-PL","@id":"https:\/\/www.pogotowieflagowe.pl\/aktualne\/agnieszka-radwanska-dolacza-do-zespolu-coachingowego-magdy-linette\/#primaryimage","url":"https:\/\/www.pogotowieflagowe.pl\/aktualne\/wp-content\/uploads\/2024\/12\/Agnieszka-Radwanska-dolacza-do-Zespolu-Coachingowego-Magdy-Linette.jpg","contentUrl":"https:\/\/www.pogotowieflagowe.pl\/aktualne\/wp-content\/uploads\/2024\/12\/Agnieszka-Radwanska-dolacza-do-Zespolu-Coachingowego-Magdy-Linette.jpg","width":1500,"height":500,"caption":"Agnieszka Radwa\u0144ska do\u0142\u0105cza do Zespo\u0142u Coachingowego Magdy Linette"},{"@type":"BreadcrumbList","@id":"https:\/\/www.pogotowieflagowe.pl\/aktualne\/agnieszka-radwanska-dolacza-do-zespolu-coachingowego-magdy-linette\/#breadcrumb","itemListElement":[{"@type":"ListItem","position":1,"name":"Home","item":"https:\/\/www.pogotowieflagowe.pl\/aktualne\/"},{"@type":"ListItem","position":2,"name":"Agnieszka Radwa\u0144ska do\u0142\u0105cza do Zespo\u0142u Coachingowego Magdy Linette"}]},{"@type":"WebSite","@id":"https:\/\/www.pogotowieflagowe.pl\/aktualne\/#website","url":"https:\/\/www.pogotowieflagowe.pl\/aktualne\/","name":"POGOTOWIE FLAGOWE\u00ae","description":"","publisher":{"@id":"https:\/\/www.pogotowieflagowe.pl\/aktualne\/#organization"},"potentialAction":[{"@type":"SearchAction","target":{"@type":"EntryPoint","urlTemplate":"https:\/\/www.pogotowieflagowe.pl\/aktualne\/?s={search_term_string}"},"query-input":"required name=search_term_string"}],"inLanguage":"pl-PL"},{"@type":"Organization","@id":"https:\/\/www.pogotowieflagowe.pl\/aktualne\/#organization","name":"POGOTOWIE FLAGOWE\u00ae","url":"https:\/\/www.pogotowieflagowe.pl\/aktualne\/","logo":{"@type":"ImageObject","inLanguage":"pl-PL","@id":"https:\/\/www.pogotowieflagowe.pl\/aktualne\/#\/schema\/logo\/image\/","url":"https:\/\/www.pogotowieflagowe.pl\/aktualne\/wp-content\/uploads\/2024\/08\/cropped-pogotowieflagowe_flaga_projekt_sm.jpg","contentUrl":"https:\/\/www.pogotowieflagowe.pl\/aktualne\/wp-content\/uploads\/2024\/08\/cropped-pogotowieflagowe_flaga_projekt_sm.jpg","width":250,"height":143,"caption":"POGOTOWIE FLAGOWE\u00ae"},"image":{"@id":"https:\/\/www.pogotowieflagowe.pl\/aktualne\/#\/schema\/logo\/image\/"}},{"@type":"Person","@id":"https:\/\/www.pogotowieflagowe.pl\/aktualne\/#\/schema\/person\/9c2fb7d2362ebf6fa088960d7f0d27b0","name":"Filip","image":{"@type":"ImageObject","inLanguage":"pl-PL","@id":"https:\/\/www.pogotowieflagowe.pl\/aktualne\/#\/schema\/person\/image\/","url":"https:\/\/www.pogotowieflagowe.pl\/aktualne\/wp-content\/uploads\/2024\/08\/pogotowieflagowe.pl_.jpg","contentUrl":"https:\/\/www.pogotowieflagowe.pl\/aktualne\/wp-content\/uploads\/2024\/08\/pogotowieflagowe.pl_.jpg","caption":"Filip"},"description":"Jestem Filip, polski dziennikarz z dyplomem nauk politycznych Uniwersytetu Warszawskiego. Rozpoczynaj\u0105c swoj\u0105 karier\u0119 w r\u00f3\u017cnych lokalnych mediach, zdoby\u0142em solidne do\u015bwiadczenie w zakresie \u015bledztwa i redakcji. Obecnie jako redaktor w Pogotowie flagowe, staram si\u0119 dostarcza\u0107 dog\u0142\u0119bne i istotne analizy na temat najwa\u017cniejszych kwestii aktualno\u015bci, \u0142\u0105cz\u0105c rygor z pasj\u0105 dziennikarsk\u0105.","sameAs":["https:\/\/www.pogotowieflagowe.pl\/"]}]}},"_links":{"self":[{"href":"https:\/\/www.pogotowieflagowe.pl\/aktualne\/wp-json\/wp\/v2\/posts\/2523","targetHints":{"allow":["GET"]}}],"collection":[{"href":"https:\/\/www.pogotowieflagowe.pl\/aktualne\/wp-json\/wp\/v2\/posts"}],"about":[{"href":"https:\/\/www.pogotowieflagowe.pl\/aktualne\/wp-json\/wp\/v2\/types\/post"}],"author":[{"embeddable":true,"href":"https:\/\/www.pogotowieflagowe.pl\/aktualne\/wp-json\/wp\/v2\/users\/1"}],"replies":[{"embeddable":true,"href":"https:\/\/www.pogotowieflagowe.pl\/aktualne\/wp-json\/wp\/v2\/comments?post=2523"}],"version-history":[{"count":1,"href":"https:\/\/www.pogotowieflagowe.pl\/aktualne\/wp-json\/wp\/v2\/posts\/2523\/revisions"}],"predecessor-version":[{"id":2525,"href":"https:\/\/www.pogotowieflagowe.pl\/aktualne\/wp-json\/wp\/v2\/posts\/2523\/revisions\/2525"}],"wp:featuredmedia":[{"embeddable":true,"href":"https:\/\/www.pogotowieflagowe.pl\/aktualne\/wp-json\/wp\/v2\/media\/2524"}],"wp:attachment":[{"href":"https:\/\/www.pogotowieflagowe.pl\/aktualne\/wp-json\/wp\/v2\/media?parent=2523"}],"wp:term":[{"taxonomy":"category","embeddable":true,"href":"https:\/\/www.pogotowieflagowe.pl\/aktualne\/wp-json\/wp\/v2\/categories?post=2523"},{"taxonomy":"post_tag","embeddable":true,"href":"https:\/\/www.pogotowieflagowe.pl\/aktualne\/wp-json\/wp\/v2\/tags?post=2523"}],"curies":[{"name":"wp","href":"https:\/\/api.w.org\/{rel}","templated":true}]}}