{"id":2543,"date":"2024-12-20T20:46:55","date_gmt":"2024-12-20T19:46:55","guid":{"rendered":"https:\/\/www.pogotowieflagowe.pl\/aktualne\/cichy-konflikt-polski-z-wegrami-odpowiedz-na-decyzje-o-azylu\/"},"modified":"2024-12-20T20:46:57","modified_gmt":"2024-12-20T19:46:57","slug":"cichy-konflikt-polski-z-wegrami-odpowiedz-na-decyzje-o-azylu","status":"publish","type":"post","link":"https:\/\/www.pogotowieflagowe.pl\/aktualne\/cichy-konflikt-polski-z-wegrami-odpowiedz-na-decyzje-o-azylu\/","title":{"rendered":"Cichy konflikt Polski z W\u0119grami: odpowied\u017a na decyzj\u0119 o azylu"},"content":{"rendered":"\n<div class=\"td_block_wrap tdb_single_content tdi_48 td-pb-border-top td_block_template_8 td-post-content tagdiv-type\" data-td-block-uid=\"tdi_48\">\n<style>.tdi_48{margines-g\u00f3rny:0px!important;margin-bottom:0px!important;dope\u0142nienie-g\u00f3ra:0px!important;dope\u0142nienie-d\u00f3\u0142:0px!important}<\/style>\n<style>.tdb_single_content{margin-bottom:0;*zoom:1}.tdb_single_content:before,.tdb_single_content:after{display:table;content:'';line-height:0}.tdb_single_content:after{clear:both}.tdb_single_content .tdb-block-inner>*:not(.wp-block-quote):not(.alignwide):not(.alignfull.wp-block-cover.has-parallax):not(.td-a-ad) {margin-left:auto;margin-right:auto}.tdb_single_content a{pointer-events:auto}.tdb_single_content .td-spot-id-top_ad .tdc-placeholder-title:before{content:'Article Top Ad'!important}.tdb_single_content .td-spot-id-inline_ad0 .tdc-placeholder-title:before{content:'Article Reklama wbudowana 1'!important}.tdb_single_content .td-spot-id-inline_ad1 .tdc-placeholder-title:before{content:'Article Inline Ad 2'!important}.tdb_single_content .td-spot-id-inline_ad2 .tdc-placeholder-title:before{content:' Reklama wbudowana w artyku\u0142 3'!important}.tdb_single_content .td-spot-id-bottom_ad .tdc-placeholder-title:before{content:'Article Bottom Ad'!important}.tdb_single_content .id_top_ad,.tdb_single_content .id_bottom_ad{clear:both;margin-bottom:21px;text-align:center}.tdb_single_content .id_top_ad img,.tdb_single_content .id_bottom_ad img{margin-bottom:0}.tdb_single_content .id_top_ad .adsbygoogle,.tdb_single_content .id_bottom_ad .adsbygoogle{position:relative}.tdb_single_content .id_ad_content-horiz-left,.tdb_single_content .id_ad_content-horiz-right,.tdb_single_content .id_ad_content-horiz-center{margin-bottom:15px}.tdb_single_content .id_ad_content-horiz-left img,.tdb_single_content .id_ad_content-horiz-right img,.tdb_single_content .id_ad_content-horiz-center img{margin-bottom:0}.tdb_single_content .id_ad_content-horiz-center{text-align:center}.tdb_single_content .id_ad_content-horiz-center img{margin-right:auto;margin-left:auto}.tdb_single_content .id_ad_content-horiz-left{float:left;margin-top:9px;margin-right:21px}.tdb_single_content .id_ad_content-horiz-right{float:right;margin-top:6px;margin-left:21px}.tdb_single_content .tdc-a-ad .tdc-placeholder-title{width:300px;height:250px}.tdb_single_content .tdc-a-ad .tdc-placeholder-title:before{position:absolute;top:50%;-webkit-transform:translateY(-50%);transform:translateY(-50%);margines:auto;display:table;width:100 %}.tdb_single_content .tdb-block-inner.td-fix-index{word-break:break-word}.tdi_48,.tdi_48>p,.tdi_48 .tdb-block-inner>p{font-size:16px!important;line- wysoko\u015b\u0107:1,6!wa\u017cne}.tdi_48 .tdb-block-inner blockquote p{font-style:normal!important}@media (max-width:767px){.tdb_single_content .id_ad_content-horiz-left,.tdb_single_content .id_ad_content-horiz-right,.tdb_single_content .id_ad_content-horiz-center{margin:0 automatyczny 26px auto}}@media (max-width:767px){.tdb_single_content .id_ad_content-horiz-left{margin-right:0}}@media (max-width:767px){.tdb_single_content .id_ad_content-horiz-right{margin -left:0}}@media (max-width:767px){.tdb_single_content .td-a-ad{float:none;text-align:center}.tdb_single_content .td-a-ad img{margin-right:auto;margin-left:auto}. tdb_single_content .tdc-a-ad{float:none}}<\/style>\n<div class=\"tdb-block-inner td-fix-index\">\n<p><strong>Minister spraw wewn\u0119trznych Tomasz Siemoniak og\u0142osi\u0142 \u201ecich\u0105 wojn\u0119\u201d z W\u0119grami w zwi\u0105zku z decyzj\u0105 o udzieleniu azylu by\u0142emu wiceministrowi sprawiedliwo\u015bci Marcinowi Romanowskiemu. W\u0119gry jako uzasadnienie swojej decyzji poda\u0142y rzekome naruszenia praw Romanowskiego przez polskie w\u0142adze. Siemoniak skrytykowa\u0142 to posuni\u0119cie, nazywaj\u0105c je \u201eucieczk\u0105 przed polskim wymiarem sprawiedliwo\u015bci\u201d i podkre\u015bli\u0142, \u017ce Rada Europy uzna\u0142a spraw\u0119 za kryminaln\u0105, a nie polityczn\u0105.<\/strong><\/p>\n<h2 class=\"wp-block-heading\"><strong>Polska odpowied\u017a na dzia\u0142ania W\u0119gier<\/strong><\/h2>\n<p>Siemoniak wyrazi\u0142 zaniepokojenie lekcewa\u017ceniem przez W\u0119gry europejskich standard\u00f3w prawnych, w tym Europejskiego Nakazu Aresztowania, podkre\u015blaj\u0105c szersze konsekwencje tej decyzji, wykraczaj\u0105ce poza spraw\u0119 Romanowskiego. Minister zapewni\u0142, \u017ce Romanowski ostatecznie stanie przed polskim wymiarem sprawiedliwo\u015bci, podkre\u015blaj\u0105c, \u017ce dzia\u0142ania Budapesztu podwa\u017caj\u0105 wsp\u00f3\u0142prac\u0119 prawn\u0105 UE.<\/p>\n<p>Polska rozwa\u017ca obecnie podj\u0119cie \u015brodk\u00f3w zaradczych, obejmuj\u0105cych wstrzymanie ekstradycji obywateli W\u0119gier podejrzanych o pope\u0142nienie przest\u0119pstwa. Siemoniak zasygnalizowa\u0142 szersze reperkusje dla interes\u00f3w W\u0119gier w Polsce, sygnalizuj\u0105c istotne napi\u0119cie w stosunkach polsko-w\u0119gierskich.<\/p>\n<p>Zapytany, czy oznacza to pocz\u0105tek \u201ecichej wojny\u201d w UE, Siemoniak potwierdzi\u0142, przypisuj\u0105c t\u0119 \u200b\u200bsytuacj\u0119 wyborom W\u0119gier. Wezwa\u0142 W\u0119gry do ponownego rozwa\u017cenia swoich dzia\u0142a\u0144 maj\u0105cych na celu zachowanie wsp\u00f3\u0142pracy regionalnej.<\/p>\n<\/div>\n<\/div>\n","protected":false},"excerpt":{"rendered":"<p>Minister spraw wewn\u0119trznych Tomasz Siemoniak og\u0142osi\u0142 \u201ecich\u0105 wojn\u0119\u201d z W\u0119grami w zwi\u0105zku z decyzj\u0105 o udzieleniu azylu by\u0142emu wiceministrowi sprawiedliwo\u015bci<\/p>\n","protected":false},"author":1,"featured_media":2544,"comment_status":"closed","ping_status":"","sticky":false,"template":"","format":"standard","meta":{"footnotes":""},"categories":[44],"tags":[3897,3894,3303,3895,2613,72,3896],"class_list":["post-2543","post","type-post","status-publish","format-standard","has-post-thumbnail","hentry","category-polityka","tag-azylu","tag-cichy","tag-decyzje","tag-konflikt","tag-odpowiedz","tag-polski","tag-wegrami","generate-columns","tablet-grid-50","mobile-grid-100","grid-parent","grid-50","resize-featured-image"],"yoast_head":"<!-- This site is optimized with the Yoast SEO plugin v23.2 - https:\/\/yoast.com\/wordpress\/plugins\/seo\/ -->\n<title>Cichy konflikt Polski z W\u0119grami: odpowied\u017a na decyzj\u0119 o azylu - POGOTOWIE FLAGOWE\u00ae<\/title>\n<meta name=\"robots\" content=\"index, follow, max-snippet:-1, max-image-preview:large, max-video-preview:-1\" \/>\n<link rel=\"canonical\" href=\"https:\/\/www.pogotowieflagowe.pl\/aktualne\/cichy-konflikt-polski-z-wegrami-odpowiedz-na-decyzje-o-azylu\/\" \/>\n<meta property=\"og:locale\" content=\"pl_PL\" \/>\n<meta property=\"og:type\" content=\"article\" \/>\n<meta property=\"og:title\" content=\"Cichy konflikt Polski z W\u0119grami: odpowied\u017a na decyzj\u0119 o azylu - POGOTOWIE FLAGOWE\u00ae\" \/>\n<meta property=\"og:description\" content=\"Minister spraw wewn\u0119trznych Tomasz Siemoniak og\u0142osi\u0142 \u201ecich\u0105 wojn\u0119\u201d z W\u0119grami w zwi\u0105zku z decyzj\u0105 o udzieleniu azylu by\u0142emu wiceministrowi sprawiedliwo\u015bci\" \/>\n<meta property=\"og:url\" content=\"https:\/\/www.pogotowieflagowe.pl\/aktualne\/cichy-konflikt-polski-z-wegrami-odpowiedz-na-decyzje-o-azylu\/\" \/>\n<meta property=\"og:site_name\" content=\"POGOTOWIE FLAGOWE\u00ae\" \/>\n<meta property=\"article:published_time\" content=\"2024-12-20T19:46:55+00:00\" \/>\n<meta property=\"article:modified_time\" content=\"2024-12-20T19:46:57+00:00\" \/>\n<meta property=\"og:image\" content=\"https:\/\/www.pogotowieflagowe.pl\/aktualne\/wp-content\/uploads\/2024\/12\/Cichy-konflikt-Polski-z-Wegrami-odpowiedz-na-decyzje-o-azylu.jpg\" \/>\n\t<meta property=\"og:image:width\" content=\"1280\" \/>\n\t<meta property=\"og:image:height\" content=\"720\" \/>\n\t<meta property=\"og:image:type\" content=\"image\/jpeg\" \/>\n<meta name=\"author\" content=\"Filip\" \/>\n<meta name=\"twitter:card\" content=\"summary_large_image\" \/>\n<meta name=\"twitter:label1\" content=\"Napisane przez\" \/>\n\t<meta name=\"twitter:data1\" content=\"Filip\" \/>\n\t<meta name=\"twitter:label2\" content=\"Szacowany czas czytania\" \/>\n\t<meta name=\"twitter:data2\" content=\"1 minuta\" \/>\n<script type=\"application\/ld+json\" class=\"yoast-schema-graph\">{\"@context\":\"https:\/\/schema.org\",\"@graph\":[{\"@type\":\"Article\",\"@id\":\"https:\/\/www.pogotowieflagowe.pl\/aktualne\/cichy-konflikt-polski-z-wegrami-odpowiedz-na-decyzje-o-azylu\/#article\",\"isPartOf\":{\"@id\":\"https:\/\/www.pogotowieflagowe.pl\/aktualne\/cichy-konflikt-polski-z-wegrami-odpowiedz-na-decyzje-o-azylu\/\"},\"author\":{\"name\":\"Filip\",\"@id\":\"https:\/\/www.pogotowieflagowe.pl\/aktualne\/#\/schema\/person\/9c2fb7d2362ebf6fa088960d7f0d27b0\"},\"headline\":\"Cichy konflikt Polski z W\u0119grami: odpowied\u017a na decyzj\u0119 o azylu\",\"datePublished\":\"2024-12-20T19:46:55+00:00\",\"dateModified\":\"2024-12-20T19:46:57+00:00\",\"mainEntityOfPage\":{\"@id\":\"https:\/\/www.pogotowieflagowe.pl\/aktualne\/cichy-konflikt-polski-z-wegrami-odpowiedz-na-decyzje-o-azylu\/\"},\"wordCount\":222,\"publisher\":{\"@id\":\"https:\/\/www.pogotowieflagowe.pl\/aktualne\/#organization\"},\"image\":{\"@id\":\"https:\/\/www.pogotowieflagowe.pl\/aktualne\/cichy-konflikt-polski-z-wegrami-odpowiedz-na-decyzje-o-azylu\/#primaryimage\"},\"thumbnailUrl\":\"https:\/\/www.pogotowieflagowe.pl\/aktualne\/wp-content\/uploads\/2024\/12\/Cichy-konflikt-Polski-z-Wegrami-odpowiedz-na-decyzje-o-azylu.jpg\",\"keywords\":[\"azylu\",\"Cichy\",\"decyzj\u0119\",\"konflikt\",\"odpowied\u017a\",\"polski\",\"W\u0119grami\"],\"articleSection\":[\"Polityka\"],\"inLanguage\":\"pl-PL\"},{\"@type\":\"WebPage\",\"@id\":\"https:\/\/www.pogotowieflagowe.pl\/aktualne\/cichy-konflikt-polski-z-wegrami-odpowiedz-na-decyzje-o-azylu\/\",\"url\":\"https:\/\/www.pogotowieflagowe.pl\/aktualne\/cichy-konflikt-polski-z-wegrami-odpowiedz-na-decyzje-o-azylu\/\",\"name\":\"Cichy konflikt Polski z W\u0119grami: odpowied\u017a na decyzj\u0119 o azylu - POGOTOWIE FLAGOWE\u00ae\",\"isPartOf\":{\"@id\":\"https:\/\/www.pogotowieflagowe.pl\/aktualne\/#website\"},\"primaryImageOfPage\":{\"@id\":\"https:\/\/www.pogotowieflagowe.pl\/aktualne\/cichy-konflikt-polski-z-wegrami-odpowiedz-na-decyzje-o-azylu\/#primaryimage\"},\"image\":{\"@id\":\"https:\/\/www.pogotowieflagowe.pl\/aktualne\/cichy-konflikt-polski-z-wegrami-odpowiedz-na-decyzje-o-azylu\/#primaryimage\"},\"thumbnailUrl\":\"https:\/\/www.pogotowieflagowe.pl\/aktualne\/wp-content\/uploads\/2024\/12\/Cichy-konflikt-Polski-z-Wegrami-odpowiedz-na-decyzje-o-azylu.jpg\",\"datePublished\":\"2024-12-20T19:46:55+00:00\",\"dateModified\":\"2024-12-20T19:46:57+00:00\",\"breadcrumb\":{\"@id\":\"https:\/\/www.pogotowieflagowe.pl\/aktualne\/cichy-konflikt-polski-z-wegrami-odpowiedz-na-decyzje-o-azylu\/#breadcrumb\"},\"inLanguage\":\"pl-PL\",\"potentialAction\":[{\"@type\":\"ReadAction\",\"target\":[\"https:\/\/www.pogotowieflagowe.pl\/aktualne\/cichy-konflikt-polski-z-wegrami-odpowiedz-na-decyzje-o-azylu\/\"]}]},{\"@type\":\"ImageObject\",\"inLanguage\":\"pl-PL\",\"@id\":\"https:\/\/www.pogotowieflagowe.pl\/aktualne\/cichy-konflikt-polski-z-wegrami-odpowiedz-na-decyzje-o-azylu\/#primaryimage\",\"url\":\"https:\/\/www.pogotowieflagowe.pl\/aktualne\/wp-content\/uploads\/2024\/12\/Cichy-konflikt-Polski-z-Wegrami-odpowiedz-na-decyzje-o-azylu.jpg\",\"contentUrl\":\"https:\/\/www.pogotowieflagowe.pl\/aktualne\/wp-content\/uploads\/2024\/12\/Cichy-konflikt-Polski-z-Wegrami-odpowiedz-na-decyzje-o-azylu.jpg\",\"width\":1280,\"height\":720,\"caption\":\"Cichy konflikt Polski z W\u0119grami: odpowied\u017a na decyzj\u0119 o azylu\"},{\"@type\":\"BreadcrumbList\",\"@id\":\"https:\/\/www.pogotowieflagowe.pl\/aktualne\/cichy-konflikt-polski-z-wegrami-odpowiedz-na-decyzje-o-azylu\/#breadcrumb\",\"itemListElement\":[{\"@type\":\"ListItem\",\"position\":1,\"name\":\"Home\",\"item\":\"https:\/\/www.pogotowieflagowe.pl\/aktualne\/\"},{\"@type\":\"ListItem\",\"position\":2,\"name\":\"Cichy konflikt Polski z W\u0119grami: odpowied\u017a na decyzj\u0119 o azylu\"}]},{\"@type\":\"WebSite\",\"@id\":\"https:\/\/www.pogotowieflagowe.pl\/aktualne\/#website\",\"url\":\"https:\/\/www.pogotowieflagowe.pl\/aktualne\/\",\"name\":\"POGOTOWIE FLAGOWE\u00ae\",\"description\":\"\",\"publisher\":{\"@id\":\"https:\/\/www.pogotowieflagowe.pl\/aktualne\/#organization\"},\"potentialAction\":[{\"@type\":\"SearchAction\",\"target\":{\"@type\":\"EntryPoint\",\"urlTemplate\":\"https:\/\/www.pogotowieflagowe.pl\/aktualne\/?s={search_term_string}\"},\"query-input\":\"required name=search_term_string\"}],\"inLanguage\":\"pl-PL\"},{\"@type\":\"Organization\",\"@id\":\"https:\/\/www.pogotowieflagowe.pl\/aktualne\/#organization\",\"name\":\"POGOTOWIE FLAGOWE\u00ae\",\"url\":\"https:\/\/www.pogotowieflagowe.pl\/aktualne\/\",\"logo\":{\"@type\":\"ImageObject\",\"inLanguage\":\"pl-PL\",\"@id\":\"https:\/\/www.pogotowieflagowe.pl\/aktualne\/#\/schema\/logo\/image\/\",\"url\":\"https:\/\/www.pogotowieflagowe.pl\/aktualne\/wp-content\/uploads\/2024\/08\/cropped-pogotowieflagowe_flaga_projekt_sm.jpg\",\"contentUrl\":\"https:\/\/www.pogotowieflagowe.pl\/aktualne\/wp-content\/uploads\/2024\/08\/cropped-pogotowieflagowe_flaga_projekt_sm.jpg\",\"width\":250,\"height\":143,\"caption\":\"POGOTOWIE FLAGOWE\u00ae\"},\"image\":{\"@id\":\"https:\/\/www.pogotowieflagowe.pl\/aktualne\/#\/schema\/logo\/image\/\"}},{\"@type\":\"Person\",\"@id\":\"https:\/\/www.pogotowieflagowe.pl\/aktualne\/#\/schema\/person\/9c2fb7d2362ebf6fa088960d7f0d27b0\",\"name\":\"Filip\",\"image\":{\"@type\":\"ImageObject\",\"inLanguage\":\"pl-PL\",\"@id\":\"https:\/\/www.pogotowieflagowe.pl\/aktualne\/#\/schema\/person\/image\/\",\"url\":\"https:\/\/www.pogotowieflagowe.pl\/aktualne\/wp-content\/uploads\/2024\/08\/pogotowieflagowe.pl_.jpg\",\"contentUrl\":\"https:\/\/www.pogotowieflagowe.pl\/aktualne\/wp-content\/uploads\/2024\/08\/pogotowieflagowe.pl_.jpg\",\"caption\":\"Filip\"},\"description\":\"Jestem Filip, polski dziennikarz z dyplomem nauk politycznych Uniwersytetu Warszawskiego. Rozpoczynaj\u0105c swoj\u0105 karier\u0119 w r\u00f3\u017cnych lokalnych mediach, zdoby\u0142em solidne do\u015bwiadczenie w zakresie \u015bledztwa i redakcji. Obecnie jako redaktor w Pogotowie flagowe, staram si\u0119 dostarcza\u0107 dog\u0142\u0119bne i istotne analizy na temat najwa\u017cniejszych kwestii aktualno\u015bci, \u0142\u0105cz\u0105c rygor z pasj\u0105 dziennikarsk\u0105.\",\"sameAs\":[\"https:\/\/www.pogotowieflagowe.pl\/\"]}]}<\/script>\n<!-- \/ Yoast SEO plugin. -->","yoast_head_json":{"title":"Cichy konflikt Polski z W\u0119grami: odpowied\u017a na decyzj\u0119 o azylu - POGOTOWIE FLAGOWE\u00ae","robots":{"index":"index","follow":"follow","max-snippet":"max-snippet:-1","max-image-preview":"max-image-preview:large","max-video-preview":"max-video-preview:-1"},"canonical":"https:\/\/www.pogotowieflagowe.pl\/aktualne\/cichy-konflikt-polski-z-wegrami-odpowiedz-na-decyzje-o-azylu\/","og_locale":"pl_PL","og_type":"article","og_title":"Cichy konflikt Polski z W\u0119grami: odpowied\u017a na decyzj\u0119 o azylu - POGOTOWIE FLAGOWE\u00ae","og_description":"Minister spraw wewn\u0119trznych Tomasz Siemoniak og\u0142osi\u0142 \u201ecich\u0105 wojn\u0119\u201d z W\u0119grami w zwi\u0105zku z decyzj\u0105 o udzieleniu azylu by\u0142emu wiceministrowi sprawiedliwo\u015bci","og_url":"https:\/\/www.pogotowieflagowe.pl\/aktualne\/cichy-konflikt-polski-z-wegrami-odpowiedz-na-decyzje-o-azylu\/","og_site_name":"POGOTOWIE FLAGOWE\u00ae","article_published_time":"2024-12-20T19:46:55+00:00","article_modified_time":"2024-12-20T19:46:57+00:00","og_image":[{"width":1280,"height":720,"url":"https:\/\/www.pogotowieflagowe.pl\/aktualne\/wp-content\/uploads\/2024\/12\/Cichy-konflikt-Polski-z-Wegrami-odpowiedz-na-decyzje-o-azylu.jpg","type":"image\/jpeg"}],"author":"Filip","twitter_card":"summary_large_image","twitter_misc":{"Napisane przez":"Filip","Szacowany czas czytania":"1 minuta"},"schema":{"@context":"https:\/\/schema.org","@graph":[{"@type":"Article","@id":"https:\/\/www.pogotowieflagowe.pl\/aktualne\/cichy-konflikt-polski-z-wegrami-odpowiedz-na-decyzje-o-azylu\/#article","isPartOf":{"@id":"https:\/\/www.pogotowieflagowe.pl\/aktualne\/cichy-konflikt-polski-z-wegrami-odpowiedz-na-decyzje-o-azylu\/"},"author":{"name":"Filip","@id":"https:\/\/www.pogotowieflagowe.pl\/aktualne\/#\/schema\/person\/9c2fb7d2362ebf6fa088960d7f0d27b0"},"headline":"Cichy konflikt Polski z W\u0119grami: odpowied\u017a na decyzj\u0119 o azylu","datePublished":"2024-12-20T19:46:55+00:00","dateModified":"2024-12-20T19:46:57+00:00","mainEntityOfPage":{"@id":"https:\/\/www.pogotowieflagowe.pl\/aktualne\/cichy-konflikt-polski-z-wegrami-odpowiedz-na-decyzje-o-azylu\/"},"wordCount":222,"publisher":{"@id":"https:\/\/www.pogotowieflagowe.pl\/aktualne\/#organization"},"image":{"@id":"https:\/\/www.pogotowieflagowe.pl\/aktualne\/cichy-konflikt-polski-z-wegrami-odpowiedz-na-decyzje-o-azylu\/#primaryimage"},"thumbnailUrl":"https:\/\/www.pogotowieflagowe.pl\/aktualne\/wp-content\/uploads\/2024\/12\/Cichy-konflikt-Polski-z-Wegrami-odpowiedz-na-decyzje-o-azylu.jpg","keywords":["azylu","Cichy","decyzj\u0119","konflikt","odpowied\u017a","polski","W\u0119grami"],"articleSection":["Polityka"],"inLanguage":"pl-PL"},{"@type":"WebPage","@id":"https:\/\/www.pogotowieflagowe.pl\/aktualne\/cichy-konflikt-polski-z-wegrami-odpowiedz-na-decyzje-o-azylu\/","url":"https:\/\/www.pogotowieflagowe.pl\/aktualne\/cichy-konflikt-polski-z-wegrami-odpowiedz-na-decyzje-o-azylu\/","name":"Cichy konflikt Polski z W\u0119grami: odpowied\u017a na decyzj\u0119 o azylu - POGOTOWIE FLAGOWE\u00ae","isPartOf":{"@id":"https:\/\/www.pogotowieflagowe.pl\/aktualne\/#website"},"primaryImageOfPage":{"@id":"https:\/\/www.pogotowieflagowe.pl\/aktualne\/cichy-konflikt-polski-z-wegrami-odpowiedz-na-decyzje-o-azylu\/#primaryimage"},"image":{"@id":"https:\/\/www.pogotowieflagowe.pl\/aktualne\/cichy-konflikt-polski-z-wegrami-odpowiedz-na-decyzje-o-azylu\/#primaryimage"},"thumbnailUrl":"https:\/\/www.pogotowieflagowe.pl\/aktualne\/wp-content\/uploads\/2024\/12\/Cichy-konflikt-Polski-z-Wegrami-odpowiedz-na-decyzje-o-azylu.jpg","datePublished":"2024-12-20T19:46:55+00:00","dateModified":"2024-12-20T19:46:57+00:00","breadcrumb":{"@id":"https:\/\/www.pogotowieflagowe.pl\/aktualne\/cichy-konflikt-polski-z-wegrami-odpowiedz-na-decyzje-o-azylu\/#breadcrumb"},"inLanguage":"pl-PL","potentialAction":[{"@type":"ReadAction","target":["https:\/\/www.pogotowieflagowe.pl\/aktualne\/cichy-konflikt-polski-z-wegrami-odpowiedz-na-decyzje-o-azylu\/"]}]},{"@type":"ImageObject","inLanguage":"pl-PL","@id":"https:\/\/www.pogotowieflagowe.pl\/aktualne\/cichy-konflikt-polski-z-wegrami-odpowiedz-na-decyzje-o-azylu\/#primaryimage","url":"https:\/\/www.pogotowieflagowe.pl\/aktualne\/wp-content\/uploads\/2024\/12\/Cichy-konflikt-Polski-z-Wegrami-odpowiedz-na-decyzje-o-azylu.jpg","contentUrl":"https:\/\/www.pogotowieflagowe.pl\/aktualne\/wp-content\/uploads\/2024\/12\/Cichy-konflikt-Polski-z-Wegrami-odpowiedz-na-decyzje-o-azylu.jpg","width":1280,"height":720,"caption":"Cichy konflikt Polski z W\u0119grami: odpowied\u017a na decyzj\u0119 o azylu"},{"@type":"BreadcrumbList","@id":"https:\/\/www.pogotowieflagowe.pl\/aktualne\/cichy-konflikt-polski-z-wegrami-odpowiedz-na-decyzje-o-azylu\/#breadcrumb","itemListElement":[{"@type":"ListItem","position":1,"name":"Home","item":"https:\/\/www.pogotowieflagowe.pl\/aktualne\/"},{"@type":"ListItem","position":2,"name":"Cichy konflikt Polski z W\u0119grami: odpowied\u017a na decyzj\u0119 o azylu"}]},{"@type":"WebSite","@id":"https:\/\/www.pogotowieflagowe.pl\/aktualne\/#website","url":"https:\/\/www.pogotowieflagowe.pl\/aktualne\/","name":"POGOTOWIE FLAGOWE\u00ae","description":"","publisher":{"@id":"https:\/\/www.pogotowieflagowe.pl\/aktualne\/#organization"},"potentialAction":[{"@type":"SearchAction","target":{"@type":"EntryPoint","urlTemplate":"https:\/\/www.pogotowieflagowe.pl\/aktualne\/?s={search_term_string}"},"query-input":"required name=search_term_string"}],"inLanguage":"pl-PL"},{"@type":"Organization","@id":"https:\/\/www.pogotowieflagowe.pl\/aktualne\/#organization","name":"POGOTOWIE FLAGOWE\u00ae","url":"https:\/\/www.pogotowieflagowe.pl\/aktualne\/","logo":{"@type":"ImageObject","inLanguage":"pl-PL","@id":"https:\/\/www.pogotowieflagowe.pl\/aktualne\/#\/schema\/logo\/image\/","url":"https:\/\/www.pogotowieflagowe.pl\/aktualne\/wp-content\/uploads\/2024\/08\/cropped-pogotowieflagowe_flaga_projekt_sm.jpg","contentUrl":"https:\/\/www.pogotowieflagowe.pl\/aktualne\/wp-content\/uploads\/2024\/08\/cropped-pogotowieflagowe_flaga_projekt_sm.jpg","width":250,"height":143,"caption":"POGOTOWIE FLAGOWE\u00ae"},"image":{"@id":"https:\/\/www.pogotowieflagowe.pl\/aktualne\/#\/schema\/logo\/image\/"}},{"@type":"Person","@id":"https:\/\/www.pogotowieflagowe.pl\/aktualne\/#\/schema\/person\/9c2fb7d2362ebf6fa088960d7f0d27b0","name":"Filip","image":{"@type":"ImageObject","inLanguage":"pl-PL","@id":"https:\/\/www.pogotowieflagowe.pl\/aktualne\/#\/schema\/person\/image\/","url":"https:\/\/www.pogotowieflagowe.pl\/aktualne\/wp-content\/uploads\/2024\/08\/pogotowieflagowe.pl_.jpg","contentUrl":"https:\/\/www.pogotowieflagowe.pl\/aktualne\/wp-content\/uploads\/2024\/08\/pogotowieflagowe.pl_.jpg","caption":"Filip"},"description":"Jestem Filip, polski dziennikarz z dyplomem nauk politycznych Uniwersytetu Warszawskiego. Rozpoczynaj\u0105c swoj\u0105 karier\u0119 w r\u00f3\u017cnych lokalnych mediach, zdoby\u0142em solidne do\u015bwiadczenie w zakresie \u015bledztwa i redakcji. Obecnie jako redaktor w Pogotowie flagowe, staram si\u0119 dostarcza\u0107 dog\u0142\u0119bne i istotne analizy na temat najwa\u017cniejszych kwestii aktualno\u015bci, \u0142\u0105cz\u0105c rygor z pasj\u0105 dziennikarsk\u0105.","sameAs":["https:\/\/www.pogotowieflagowe.pl\/"]}]}},"_links":{"self":[{"href":"https:\/\/www.pogotowieflagowe.pl\/aktualne\/wp-json\/wp\/v2\/posts\/2543","targetHints":{"allow":["GET"]}}],"collection":[{"href":"https:\/\/www.pogotowieflagowe.pl\/aktualne\/wp-json\/wp\/v2\/posts"}],"about":[{"href":"https:\/\/www.pogotowieflagowe.pl\/aktualne\/wp-json\/wp\/v2\/types\/post"}],"author":[{"embeddable":true,"href":"https:\/\/www.pogotowieflagowe.pl\/aktualne\/wp-json\/wp\/v2\/users\/1"}],"replies":[{"embeddable":true,"href":"https:\/\/www.pogotowieflagowe.pl\/aktualne\/wp-json\/wp\/v2\/comments?post=2543"}],"version-history":[{"count":1,"href":"https:\/\/www.pogotowieflagowe.pl\/aktualne\/wp-json\/wp\/v2\/posts\/2543\/revisions"}],"predecessor-version":[{"id":2545,"href":"https:\/\/www.pogotowieflagowe.pl\/aktualne\/wp-json\/wp\/v2\/posts\/2543\/revisions\/2545"}],"wp:featuredmedia":[{"embeddable":true,"href":"https:\/\/www.pogotowieflagowe.pl\/aktualne\/wp-json\/wp\/v2\/media\/2544"}],"wp:attachment":[{"href":"https:\/\/www.pogotowieflagowe.pl\/aktualne\/wp-json\/wp\/v2\/media?parent=2543"}],"wp:term":[{"taxonomy":"category","embeddable":true,"href":"https:\/\/www.pogotowieflagowe.pl\/aktualne\/wp-json\/wp\/v2\/categories?post=2543"},{"taxonomy":"post_tag","embeddable":true,"href":"https:\/\/www.pogotowieflagowe.pl\/aktualne\/wp-json\/wp\/v2\/tags?post=2543"}],"curies":[{"name":"wp","href":"https:\/\/api.w.org\/{rel}","templated":true}]}}