{"id":2566,"date":"2024-12-21T06:50:43","date_gmt":"2024-12-21T05:50:43","guid":{"rendered":"https:\/\/www.pogotowieflagowe.pl\/aktualne\/donald-trump-odwiedzi-polske-3-maja-wazny-moment-dyplomatyczny\/"},"modified":"2024-12-21T06:50:44","modified_gmt":"2024-12-21T05:50:44","slug":"donald-trump-odwiedzi-polske-3-maja-wazny-moment-dyplomatyczny","status":"publish","type":"post","link":"https:\/\/www.pogotowieflagowe.pl\/aktualne\/donald-trump-odwiedzi-polske-3-maja-wazny-moment-dyplomatyczny\/","title":{"rendered":"Donald Trump odwiedzi Polsk\u0119 3 maja: wa\u017cny moment dyplomatyczny"},"content":{"rendered":"\n<div class=\"td_block_wrap tdb_single_content tdi_48 td-pb-border-top td_block_template_8 td-post-content tagdiv-type\" data-td-block-uid=\"tdi_48\">\n<style>.tdi_48{margines-g\u00f3rny:0px!important;margin-bottom:0px!important;dope\u0142nienie-g\u00f3ra:0px!important;dope\u0142nienie-d\u00f3\u0142:0px!important}<\/style>\n<style>.tdb_single_content{margin-bottom:0;*zoom:1}.tdb_single_content:before,.tdb_single_content:after{display:table;content:'';line-height:0}.tdb_single_content:after{clear:both}.tdb_single_content .tdb-block-inner>*:not(.wp-block-quote):not(.alignwide):not(.alignfull.wp-block-cover.has-parallax):not(.td-a-ad) {margin-left:auto;margin-right:auto}.tdb_single_content a{pointer-events:auto}.tdb_single_content .td-spot-id-top_ad .tdc-placeholder-title:before{content:'Article Top Ad'!important}.tdb_single_content .td-spot-id-inline_ad0 .tdc-placeholder-title:before{content:'Article Reklama wbudowana 1'!important}.tdb_single_content .td-spot-id-inline_ad1 .tdc-placeholder-title:before{content:'Article Inline Ad 2'!important}.tdb_single_content .td-spot-id-inline_ad2 .tdc-placeholder-title:before{content:' Reklama wbudowana w artyku\u0142 3'!important}.tdb_single_content .td-spot-id-bottom_ad .tdc-placeholder-title:before{content:'Article Bottom Ad'!important}.tdb_single_content .id_top_ad,.tdb_single_content .id_bottom_ad{clear:both;margin-bottom:21px;text-align:center}.tdb_single_content .id_top_ad img,.tdb_single_content .id_bottom_ad img{margin-bottom:0}.tdb_single_content .id_top_ad .adsbygoogle,.tdb_single_content .id_bottom_ad .adsbygoogle{position:relative}.tdb_single_content .id_ad_content-horiz-left,.tdb_single_content .id_ad_content-horiz-right,.tdb_single_content .id_ad_content-horiz-center{margin-bottom:15px}.tdb_single_content .id_ad_content-horiz-left img,.tdb_single_content .id_ad_content-horiz-right img,.tdb_single_content .id_ad_content-horiz-center img{margin-bottom:0}.tdb_single_content .id_ad_content-horiz-center{text-align:center}.tdb_single_content .id_ad_content-horiz-center img{margin-right:auto;margin-left:auto}.tdb_single_content .id_ad_content-horiz-left{float:left;margin-top:9px;margin-right:21px}.tdb_single_content .id_ad_content-horiz-right{float:right;margin-top:6px;margin-left:21px}.tdb_single_content .tdc-a-ad .tdc-placeholder-title{width:300px;height:250px}.tdb_single_content .tdc-a-ad .tdc-placeholder-title:before{position:absolute;top:50%;-webkit-transform:translateY(-50%);transform:translateY(-50%);margines:auto;display:table;width:100 %}.tdb_single_content .tdb-block-inner.td-fix-index{word-break:break-word}.tdi_48,.tdi_48>p,.tdi_48 .tdb-block-inner>p{font-size:16px!important;line- wysoko\u015b\u0107:1,6!wa\u017cne}.tdi_48 .tdb-block-inner blockquote p{font-style:normal!important}@media (max-width:767px){.tdb_single_content .id_ad_content-horiz-left,.tdb_single_content .id_ad_content-horiz-right,.tdb_single_content .id_ad_content-horiz-center{margin:0 automatyczny 26px auto}}@media (max-width:767px){.tdb_single_content .id_ad_content-horiz-left{margin-right:0}}@media (max-width:767px){.tdb_single_content .id_ad_content-horiz-right{margin -left:0}}@media (max-width:767px){.tdb_single_content .td-a-ad{float:none;text-align:center}.tdb_single_content .td-a-ad img{margin-right:auto;margin-left:auto}. tdb_single_content .tdc-a-ad{float:none}}<\/style>\n<div class=\"tdb-block-inner td-fix-index\">\n<h3 class=\"wp-block-heading\">Donald Trump mo\u017ce 3 maja odwiedzi\u0107 Polsk\u0119 w ramach Szczytu Tr\u00f3jmorza, podkre\u015blaj\u0105c wi\u0119zi ameryka\u0144sko-polskie i wsp\u00f3\u0142prac\u0119 regionaln\u0105.<\/h3>\n<p>Wed\u0142ug Radia ZET by\u0142y prezydent USA Donald Trump planuje wizyt\u0119 w Polsce 3 maja 2024 roku. Ta potencjalna podr\u00f3\u017c w czasie jego prezydentury uwydatnia silne wi\u0119zi mi\u0119dzy Polsk\u0105 a Stanami Zjednoczonymi. \u0179r\u00f3d\u0142a bliskie ameryka\u0144skiej dyplomacji, w tym przedstawiciele biznesu, wskazuj\u0105, \u017ce trwaj\u0105 przygotowania do tego donios\u0142ego wydarzenia.<\/p>\n<h3 class=\"wp-block-heading\">Tr\u00f3jmiejski Szczyt Inicjatyw w Warszawie<\/h3>\n<p>Wizyta mo\u017ce zbiega\u0107 si\u0119 ze Szczytem Inicjatywy Tr\u00f3jmorza, kt\u00f3rego zorganizowanie w tym samym dniu rozwa\u017ca Polska. Spotkanie to zgromadzi przyw\u00f3dc\u00f3w z 13 kraj\u00f3w regionu Adriatyku, Ba\u0142tyku i Morza Czarnego. W przypadku obecno\u015bci Trumpa jego obecno\u015b\u0107 mog\u0142aby podkre\u015bli\u0107 strategiczne znaczenie Europy \u015arodkowej w polityce zagranicznej USA.<\/p>\n<p>Proponowana wizyta wpisuje si\u0119 w aspiracje Polski do wzmocnienia wsp\u00f3\u0142pracy transatlantyckiej i promowania stabilno\u015bci regionalnej. Odzwierciedla trwa\u0142e partnerstwo mi\u0119dzy obydwoma narodami oraz wsp\u00f3ln\u0105 wizj\u0119 wsp\u00f3\u0142pracy gospodarczej i geopolitycznej.<\/p>\n<\/div>\n<\/div>\n","protected":false},"excerpt":{"rendered":"<p>Donald Trump mo\u017ce 3 maja odwiedzi\u0107 Polsk\u0119 w ramach Szczytu Tr\u00f3jmorza, podkre\u015blaj\u0105c wi\u0119zi ameryka\u0144sko-polskie i wsp\u00f3\u0142prac\u0119 regionaln\u0105. Wed\u0142ug Radia ZET<\/p>\n","protected":false},"author":1,"featured_media":2567,"comment_status":"closed","ping_status":"","sticky":false,"template":"","format":"standard","meta":{"footnotes":""},"categories":[44],"tags":[764,3916,2704,3915,3913,698,251,3914],"class_list":["post-2566","post","type-post","status-publish","format-standard","has-post-thumbnail","hentry","category-polityka","tag-donald","tag-dyplomatyczny","tag-maja","tag-moment","tag-odwiedzi","tag-polske","tag-trump","tag-wazny","generate-columns","tablet-grid-50","mobile-grid-100","grid-parent","grid-50","resize-featured-image"],"yoast_head":"<!-- This site is optimized with the Yoast SEO plugin v23.2 - https:\/\/yoast.com\/wordpress\/plugins\/seo\/ -->\n<title>Donald Trump odwiedzi Polsk\u0119 3 maja: wa\u017cny moment dyplomatyczny - POGOTOWIE FLAGOWE\u00ae<\/title>\n<meta name=\"robots\" content=\"index, follow, max-snippet:-1, max-image-preview:large, max-video-preview:-1\" \/>\n<link rel=\"canonical\" href=\"https:\/\/www.pogotowieflagowe.pl\/aktualne\/donald-trump-odwiedzi-polske-3-maja-wazny-moment-dyplomatyczny\/\" \/>\n<meta property=\"og:locale\" content=\"pl_PL\" \/>\n<meta property=\"og:type\" content=\"article\" \/>\n<meta property=\"og:title\" content=\"Donald Trump odwiedzi Polsk\u0119 3 maja: wa\u017cny moment dyplomatyczny - POGOTOWIE FLAGOWE\u00ae\" \/>\n<meta property=\"og:description\" content=\"Donald Trump mo\u017ce 3 maja odwiedzi\u0107 Polsk\u0119 w ramach Szczytu Tr\u00f3jmorza, podkre\u015blaj\u0105c wi\u0119zi ameryka\u0144sko-polskie i wsp\u00f3\u0142prac\u0119 regionaln\u0105. Wed\u0142ug Radia ZET\" \/>\n<meta property=\"og:url\" content=\"https:\/\/www.pogotowieflagowe.pl\/aktualne\/donald-trump-odwiedzi-polske-3-maja-wazny-moment-dyplomatyczny\/\" \/>\n<meta property=\"og:site_name\" content=\"POGOTOWIE FLAGOWE\u00ae\" \/>\n<meta property=\"article:published_time\" content=\"2024-12-21T05:50:43+00:00\" \/>\n<meta property=\"article:modified_time\" content=\"2024-12-21T05:50:44+00:00\" \/>\n<meta property=\"og:image\" content=\"https:\/\/www.pogotowieflagowe.pl\/aktualne\/wp-content\/uploads\/2024\/12\/Donald-Trump-odwiedzi-Polske-3-maja-wazny-moment-dyplomatyczny.jpg\" \/>\n\t<meta property=\"og:image:width\" content=\"1200\" \/>\n\t<meta property=\"og:image:height\" content=\"675\" \/>\n\t<meta property=\"og:image:type\" content=\"image\/jpeg\" \/>\n<meta name=\"author\" content=\"Filip\" \/>\n<meta name=\"twitter:card\" content=\"summary_large_image\" \/>\n<meta name=\"twitter:label1\" content=\"Napisane przez\" \/>\n\t<meta name=\"twitter:data1\" content=\"Filip\" \/>\n\t<meta name=\"twitter:label2\" content=\"Szacowany czas czytania\" \/>\n\t<meta name=\"twitter:data2\" content=\"1 minuta\" \/>\n<script type=\"application\/ld+json\" class=\"yoast-schema-graph\">{\"@context\":\"https:\/\/schema.org\",\"@graph\":[{\"@type\":\"Article\",\"@id\":\"https:\/\/www.pogotowieflagowe.pl\/aktualne\/donald-trump-odwiedzi-polske-3-maja-wazny-moment-dyplomatyczny\/#article\",\"isPartOf\":{\"@id\":\"https:\/\/www.pogotowieflagowe.pl\/aktualne\/donald-trump-odwiedzi-polske-3-maja-wazny-moment-dyplomatyczny\/\"},\"author\":{\"name\":\"Filip\",\"@id\":\"https:\/\/www.pogotowieflagowe.pl\/aktualne\/#\/schema\/person\/9c2fb7d2362ebf6fa088960d7f0d27b0\"},\"headline\":\"Donald Trump odwiedzi Polsk\u0119 3 maja: wa\u017cny moment dyplomatyczny\",\"datePublished\":\"2024-12-21T05:50:43+00:00\",\"dateModified\":\"2024-12-21T05:50:44+00:00\",\"mainEntityOfPage\":{\"@id\":\"https:\/\/www.pogotowieflagowe.pl\/aktualne\/donald-trump-odwiedzi-polske-3-maja-wazny-moment-dyplomatyczny\/\"},\"wordCount\":180,\"publisher\":{\"@id\":\"https:\/\/www.pogotowieflagowe.pl\/aktualne\/#organization\"},\"image\":{\"@id\":\"https:\/\/www.pogotowieflagowe.pl\/aktualne\/donald-trump-odwiedzi-polske-3-maja-wazny-moment-dyplomatyczny\/#primaryimage\"},\"thumbnailUrl\":\"https:\/\/www.pogotowieflagowe.pl\/aktualne\/wp-content\/uploads\/2024\/12\/Donald-Trump-odwiedzi-Polske-3-maja-wazny-moment-dyplomatyczny.jpg\",\"keywords\":[\"Donald\",\"dyplomatyczny\",\"maj\u0105\",\"moment\",\"odwiedzi\",\"Polsk\u0119\",\"Trump\",\"wa\u017cny\"],\"articleSection\":[\"Polityka\"],\"inLanguage\":\"pl-PL\"},{\"@type\":\"WebPage\",\"@id\":\"https:\/\/www.pogotowieflagowe.pl\/aktualne\/donald-trump-odwiedzi-polske-3-maja-wazny-moment-dyplomatyczny\/\",\"url\":\"https:\/\/www.pogotowieflagowe.pl\/aktualne\/donald-trump-odwiedzi-polske-3-maja-wazny-moment-dyplomatyczny\/\",\"name\":\"Donald Trump odwiedzi Polsk\u0119 3 maja: wa\u017cny moment dyplomatyczny - POGOTOWIE FLAGOWE\u00ae\",\"isPartOf\":{\"@id\":\"https:\/\/www.pogotowieflagowe.pl\/aktualne\/#website\"},\"primaryImageOfPage\":{\"@id\":\"https:\/\/www.pogotowieflagowe.pl\/aktualne\/donald-trump-odwiedzi-polske-3-maja-wazny-moment-dyplomatyczny\/#primaryimage\"},\"image\":{\"@id\":\"https:\/\/www.pogotowieflagowe.pl\/aktualne\/donald-trump-odwiedzi-polske-3-maja-wazny-moment-dyplomatyczny\/#primaryimage\"},\"thumbnailUrl\":\"https:\/\/www.pogotowieflagowe.pl\/aktualne\/wp-content\/uploads\/2024\/12\/Donald-Trump-odwiedzi-Polske-3-maja-wazny-moment-dyplomatyczny.jpg\",\"datePublished\":\"2024-12-21T05:50:43+00:00\",\"dateModified\":\"2024-12-21T05:50:44+00:00\",\"breadcrumb\":{\"@id\":\"https:\/\/www.pogotowieflagowe.pl\/aktualne\/donald-trump-odwiedzi-polske-3-maja-wazny-moment-dyplomatyczny\/#breadcrumb\"},\"inLanguage\":\"pl-PL\",\"potentialAction\":[{\"@type\":\"ReadAction\",\"target\":[\"https:\/\/www.pogotowieflagowe.pl\/aktualne\/donald-trump-odwiedzi-polske-3-maja-wazny-moment-dyplomatyczny\/\"]}]},{\"@type\":\"ImageObject\",\"inLanguage\":\"pl-PL\",\"@id\":\"https:\/\/www.pogotowieflagowe.pl\/aktualne\/donald-trump-odwiedzi-polske-3-maja-wazny-moment-dyplomatyczny\/#primaryimage\",\"url\":\"https:\/\/www.pogotowieflagowe.pl\/aktualne\/wp-content\/uploads\/2024\/12\/Donald-Trump-odwiedzi-Polske-3-maja-wazny-moment-dyplomatyczny.jpg\",\"contentUrl\":\"https:\/\/www.pogotowieflagowe.pl\/aktualne\/wp-content\/uploads\/2024\/12\/Donald-Trump-odwiedzi-Polske-3-maja-wazny-moment-dyplomatyczny.jpg\",\"width\":1200,\"height\":675,\"caption\":\"Donald Trump odwiedzi Polsk\u0119 3 maja: wa\u017cny moment dyplomatyczny\"},{\"@type\":\"BreadcrumbList\",\"@id\":\"https:\/\/www.pogotowieflagowe.pl\/aktualne\/donald-trump-odwiedzi-polske-3-maja-wazny-moment-dyplomatyczny\/#breadcrumb\",\"itemListElement\":[{\"@type\":\"ListItem\",\"position\":1,\"name\":\"Home\",\"item\":\"https:\/\/www.pogotowieflagowe.pl\/aktualne\/\"},{\"@type\":\"ListItem\",\"position\":2,\"name\":\"Donald Trump odwiedzi Polsk\u0119 3 maja: wa\u017cny moment dyplomatyczny\"}]},{\"@type\":\"WebSite\",\"@id\":\"https:\/\/www.pogotowieflagowe.pl\/aktualne\/#website\",\"url\":\"https:\/\/www.pogotowieflagowe.pl\/aktualne\/\",\"name\":\"POGOTOWIE FLAGOWE\u00ae\",\"description\":\"\",\"publisher\":{\"@id\":\"https:\/\/www.pogotowieflagowe.pl\/aktualne\/#organization\"},\"potentialAction\":[{\"@type\":\"SearchAction\",\"target\":{\"@type\":\"EntryPoint\",\"urlTemplate\":\"https:\/\/www.pogotowieflagowe.pl\/aktualne\/?s={search_term_string}\"},\"query-input\":\"required name=search_term_string\"}],\"inLanguage\":\"pl-PL\"},{\"@type\":\"Organization\",\"@id\":\"https:\/\/www.pogotowieflagowe.pl\/aktualne\/#organization\",\"name\":\"POGOTOWIE FLAGOWE\u00ae\",\"url\":\"https:\/\/www.pogotowieflagowe.pl\/aktualne\/\",\"logo\":{\"@type\":\"ImageObject\",\"inLanguage\":\"pl-PL\",\"@id\":\"https:\/\/www.pogotowieflagowe.pl\/aktualne\/#\/schema\/logo\/image\/\",\"url\":\"https:\/\/www.pogotowieflagowe.pl\/aktualne\/wp-content\/uploads\/2024\/08\/cropped-pogotowieflagowe_flaga_projekt_sm.jpg\",\"contentUrl\":\"https:\/\/www.pogotowieflagowe.pl\/aktualne\/wp-content\/uploads\/2024\/08\/cropped-pogotowieflagowe_flaga_projekt_sm.jpg\",\"width\":250,\"height\":143,\"caption\":\"POGOTOWIE FLAGOWE\u00ae\"},\"image\":{\"@id\":\"https:\/\/www.pogotowieflagowe.pl\/aktualne\/#\/schema\/logo\/image\/\"}},{\"@type\":\"Person\",\"@id\":\"https:\/\/www.pogotowieflagowe.pl\/aktualne\/#\/schema\/person\/9c2fb7d2362ebf6fa088960d7f0d27b0\",\"name\":\"Filip\",\"image\":{\"@type\":\"ImageObject\",\"inLanguage\":\"pl-PL\",\"@id\":\"https:\/\/www.pogotowieflagowe.pl\/aktualne\/#\/schema\/person\/image\/\",\"url\":\"https:\/\/www.pogotowieflagowe.pl\/aktualne\/wp-content\/uploads\/2024\/08\/pogotowieflagowe.pl_.jpg\",\"contentUrl\":\"https:\/\/www.pogotowieflagowe.pl\/aktualne\/wp-content\/uploads\/2024\/08\/pogotowieflagowe.pl_.jpg\",\"caption\":\"Filip\"},\"description\":\"Jestem Filip, polski dziennikarz z dyplomem nauk politycznych Uniwersytetu Warszawskiego. Rozpoczynaj\u0105c swoj\u0105 karier\u0119 w r\u00f3\u017cnych lokalnych mediach, zdoby\u0142em solidne do\u015bwiadczenie w zakresie \u015bledztwa i redakcji. Obecnie jako redaktor w Pogotowie flagowe, staram si\u0119 dostarcza\u0107 dog\u0142\u0119bne i istotne analizy na temat najwa\u017cniejszych kwestii aktualno\u015bci, \u0142\u0105cz\u0105c rygor z pasj\u0105 dziennikarsk\u0105.\",\"sameAs\":[\"https:\/\/www.pogotowieflagowe.pl\/\"]}]}<\/script>\n<!-- \/ Yoast SEO plugin. -->","yoast_head_json":{"title":"Donald Trump odwiedzi Polsk\u0119 3 maja: wa\u017cny moment dyplomatyczny - POGOTOWIE FLAGOWE\u00ae","robots":{"index":"index","follow":"follow","max-snippet":"max-snippet:-1","max-image-preview":"max-image-preview:large","max-video-preview":"max-video-preview:-1"},"canonical":"https:\/\/www.pogotowieflagowe.pl\/aktualne\/donald-trump-odwiedzi-polske-3-maja-wazny-moment-dyplomatyczny\/","og_locale":"pl_PL","og_type":"article","og_title":"Donald Trump odwiedzi Polsk\u0119 3 maja: wa\u017cny moment dyplomatyczny - POGOTOWIE FLAGOWE\u00ae","og_description":"Donald Trump mo\u017ce 3 maja odwiedzi\u0107 Polsk\u0119 w ramach Szczytu Tr\u00f3jmorza, podkre\u015blaj\u0105c wi\u0119zi ameryka\u0144sko-polskie i wsp\u00f3\u0142prac\u0119 regionaln\u0105. Wed\u0142ug Radia ZET","og_url":"https:\/\/www.pogotowieflagowe.pl\/aktualne\/donald-trump-odwiedzi-polske-3-maja-wazny-moment-dyplomatyczny\/","og_site_name":"POGOTOWIE FLAGOWE\u00ae","article_published_time":"2024-12-21T05:50:43+00:00","article_modified_time":"2024-12-21T05:50:44+00:00","og_image":[{"width":1200,"height":675,"url":"https:\/\/www.pogotowieflagowe.pl\/aktualne\/wp-content\/uploads\/2024\/12\/Donald-Trump-odwiedzi-Polske-3-maja-wazny-moment-dyplomatyczny.jpg","type":"image\/jpeg"}],"author":"Filip","twitter_card":"summary_large_image","twitter_misc":{"Napisane przez":"Filip","Szacowany czas czytania":"1 minuta"},"schema":{"@context":"https:\/\/schema.org","@graph":[{"@type":"Article","@id":"https:\/\/www.pogotowieflagowe.pl\/aktualne\/donald-trump-odwiedzi-polske-3-maja-wazny-moment-dyplomatyczny\/#article","isPartOf":{"@id":"https:\/\/www.pogotowieflagowe.pl\/aktualne\/donald-trump-odwiedzi-polske-3-maja-wazny-moment-dyplomatyczny\/"},"author":{"name":"Filip","@id":"https:\/\/www.pogotowieflagowe.pl\/aktualne\/#\/schema\/person\/9c2fb7d2362ebf6fa088960d7f0d27b0"},"headline":"Donald Trump odwiedzi Polsk\u0119 3 maja: wa\u017cny moment dyplomatyczny","datePublished":"2024-12-21T05:50:43+00:00","dateModified":"2024-12-21T05:50:44+00:00","mainEntityOfPage":{"@id":"https:\/\/www.pogotowieflagowe.pl\/aktualne\/donald-trump-odwiedzi-polske-3-maja-wazny-moment-dyplomatyczny\/"},"wordCount":180,"publisher":{"@id":"https:\/\/www.pogotowieflagowe.pl\/aktualne\/#organization"},"image":{"@id":"https:\/\/www.pogotowieflagowe.pl\/aktualne\/donald-trump-odwiedzi-polske-3-maja-wazny-moment-dyplomatyczny\/#primaryimage"},"thumbnailUrl":"https:\/\/www.pogotowieflagowe.pl\/aktualne\/wp-content\/uploads\/2024\/12\/Donald-Trump-odwiedzi-Polske-3-maja-wazny-moment-dyplomatyczny.jpg","keywords":["Donald","dyplomatyczny","maj\u0105","moment","odwiedzi","Polsk\u0119","Trump","wa\u017cny"],"articleSection":["Polityka"],"inLanguage":"pl-PL"},{"@type":"WebPage","@id":"https:\/\/www.pogotowieflagowe.pl\/aktualne\/donald-trump-odwiedzi-polske-3-maja-wazny-moment-dyplomatyczny\/","url":"https:\/\/www.pogotowieflagowe.pl\/aktualne\/donald-trump-odwiedzi-polske-3-maja-wazny-moment-dyplomatyczny\/","name":"Donald Trump odwiedzi Polsk\u0119 3 maja: wa\u017cny moment dyplomatyczny - POGOTOWIE FLAGOWE\u00ae","isPartOf":{"@id":"https:\/\/www.pogotowieflagowe.pl\/aktualne\/#website"},"primaryImageOfPage":{"@id":"https:\/\/www.pogotowieflagowe.pl\/aktualne\/donald-trump-odwiedzi-polske-3-maja-wazny-moment-dyplomatyczny\/#primaryimage"},"image":{"@id":"https:\/\/www.pogotowieflagowe.pl\/aktualne\/donald-trump-odwiedzi-polske-3-maja-wazny-moment-dyplomatyczny\/#primaryimage"},"thumbnailUrl":"https:\/\/www.pogotowieflagowe.pl\/aktualne\/wp-content\/uploads\/2024\/12\/Donald-Trump-odwiedzi-Polske-3-maja-wazny-moment-dyplomatyczny.jpg","datePublished":"2024-12-21T05:50:43+00:00","dateModified":"2024-12-21T05:50:44+00:00","breadcrumb":{"@id":"https:\/\/www.pogotowieflagowe.pl\/aktualne\/donald-trump-odwiedzi-polske-3-maja-wazny-moment-dyplomatyczny\/#breadcrumb"},"inLanguage":"pl-PL","potentialAction":[{"@type":"ReadAction","target":["https:\/\/www.pogotowieflagowe.pl\/aktualne\/donald-trump-odwiedzi-polske-3-maja-wazny-moment-dyplomatyczny\/"]}]},{"@type":"ImageObject","inLanguage":"pl-PL","@id":"https:\/\/www.pogotowieflagowe.pl\/aktualne\/donald-trump-odwiedzi-polske-3-maja-wazny-moment-dyplomatyczny\/#primaryimage","url":"https:\/\/www.pogotowieflagowe.pl\/aktualne\/wp-content\/uploads\/2024\/12\/Donald-Trump-odwiedzi-Polske-3-maja-wazny-moment-dyplomatyczny.jpg","contentUrl":"https:\/\/www.pogotowieflagowe.pl\/aktualne\/wp-content\/uploads\/2024\/12\/Donald-Trump-odwiedzi-Polske-3-maja-wazny-moment-dyplomatyczny.jpg","width":1200,"height":675,"caption":"Donald Trump odwiedzi Polsk\u0119 3 maja: wa\u017cny moment dyplomatyczny"},{"@type":"BreadcrumbList","@id":"https:\/\/www.pogotowieflagowe.pl\/aktualne\/donald-trump-odwiedzi-polske-3-maja-wazny-moment-dyplomatyczny\/#breadcrumb","itemListElement":[{"@type":"ListItem","position":1,"name":"Home","item":"https:\/\/www.pogotowieflagowe.pl\/aktualne\/"},{"@type":"ListItem","position":2,"name":"Donald Trump odwiedzi Polsk\u0119 3 maja: wa\u017cny moment dyplomatyczny"}]},{"@type":"WebSite","@id":"https:\/\/www.pogotowieflagowe.pl\/aktualne\/#website","url":"https:\/\/www.pogotowieflagowe.pl\/aktualne\/","name":"POGOTOWIE FLAGOWE\u00ae","description":"","publisher":{"@id":"https:\/\/www.pogotowieflagowe.pl\/aktualne\/#organization"},"potentialAction":[{"@type":"SearchAction","target":{"@type":"EntryPoint","urlTemplate":"https:\/\/www.pogotowieflagowe.pl\/aktualne\/?s={search_term_string}"},"query-input":"required name=search_term_string"}],"inLanguage":"pl-PL"},{"@type":"Organization","@id":"https:\/\/www.pogotowieflagowe.pl\/aktualne\/#organization","name":"POGOTOWIE FLAGOWE\u00ae","url":"https:\/\/www.pogotowieflagowe.pl\/aktualne\/","logo":{"@type":"ImageObject","inLanguage":"pl-PL","@id":"https:\/\/www.pogotowieflagowe.pl\/aktualne\/#\/schema\/logo\/image\/","url":"https:\/\/www.pogotowieflagowe.pl\/aktualne\/wp-content\/uploads\/2024\/08\/cropped-pogotowieflagowe_flaga_projekt_sm.jpg","contentUrl":"https:\/\/www.pogotowieflagowe.pl\/aktualne\/wp-content\/uploads\/2024\/08\/cropped-pogotowieflagowe_flaga_projekt_sm.jpg","width":250,"height":143,"caption":"POGOTOWIE FLAGOWE\u00ae"},"image":{"@id":"https:\/\/www.pogotowieflagowe.pl\/aktualne\/#\/schema\/logo\/image\/"}},{"@type":"Person","@id":"https:\/\/www.pogotowieflagowe.pl\/aktualne\/#\/schema\/person\/9c2fb7d2362ebf6fa088960d7f0d27b0","name":"Filip","image":{"@type":"ImageObject","inLanguage":"pl-PL","@id":"https:\/\/www.pogotowieflagowe.pl\/aktualne\/#\/schema\/person\/image\/","url":"https:\/\/www.pogotowieflagowe.pl\/aktualne\/wp-content\/uploads\/2024\/08\/pogotowieflagowe.pl_.jpg","contentUrl":"https:\/\/www.pogotowieflagowe.pl\/aktualne\/wp-content\/uploads\/2024\/08\/pogotowieflagowe.pl_.jpg","caption":"Filip"},"description":"Jestem Filip, polski dziennikarz z dyplomem nauk politycznych Uniwersytetu Warszawskiego. Rozpoczynaj\u0105c swoj\u0105 karier\u0119 w r\u00f3\u017cnych lokalnych mediach, zdoby\u0142em solidne do\u015bwiadczenie w zakresie \u015bledztwa i redakcji. Obecnie jako redaktor w Pogotowie flagowe, staram si\u0119 dostarcza\u0107 dog\u0142\u0119bne i istotne analizy na temat najwa\u017cniejszych kwestii aktualno\u015bci, \u0142\u0105cz\u0105c rygor z pasj\u0105 dziennikarsk\u0105.","sameAs":["https:\/\/www.pogotowieflagowe.pl\/"]}]}},"_links":{"self":[{"href":"https:\/\/www.pogotowieflagowe.pl\/aktualne\/wp-json\/wp\/v2\/posts\/2566","targetHints":{"allow":["GET"]}}],"collection":[{"href":"https:\/\/www.pogotowieflagowe.pl\/aktualne\/wp-json\/wp\/v2\/posts"}],"about":[{"href":"https:\/\/www.pogotowieflagowe.pl\/aktualne\/wp-json\/wp\/v2\/types\/post"}],"author":[{"embeddable":true,"href":"https:\/\/www.pogotowieflagowe.pl\/aktualne\/wp-json\/wp\/v2\/users\/1"}],"replies":[{"embeddable":true,"href":"https:\/\/www.pogotowieflagowe.pl\/aktualne\/wp-json\/wp\/v2\/comments?post=2566"}],"version-history":[{"count":1,"href":"https:\/\/www.pogotowieflagowe.pl\/aktualne\/wp-json\/wp\/v2\/posts\/2566\/revisions"}],"predecessor-version":[{"id":2568,"href":"https:\/\/www.pogotowieflagowe.pl\/aktualne\/wp-json\/wp\/v2\/posts\/2566\/revisions\/2568"}],"wp:featuredmedia":[{"embeddable":true,"href":"https:\/\/www.pogotowieflagowe.pl\/aktualne\/wp-json\/wp\/v2\/media\/2567"}],"wp:attachment":[{"href":"https:\/\/www.pogotowieflagowe.pl\/aktualne\/wp-json\/wp\/v2\/media?parent=2566"}],"wp:term":[{"taxonomy":"category","embeddable":true,"href":"https:\/\/www.pogotowieflagowe.pl\/aktualne\/wp-json\/wp\/v2\/categories?post=2566"},{"taxonomy":"post_tag","embeddable":true,"href":"https:\/\/www.pogotowieflagowe.pl\/aktualne\/wp-json\/wp\/v2\/tags?post=2566"}],"curies":[{"name":"wp","href":"https:\/\/api.w.org\/{rel}","templated":true}]}}