{"id":259,"date":"2024-08-22T23:48:13","date_gmt":"2024-08-22T21:48:13","guid":{"rendered":"https:\/\/www.pogotowieflagowe.pl\/aktualne\/ogloszono-rozklad-druzyn-do-us-open-z-kim-moglaby-sie-zmierzyc-iga-swiatek\/"},"modified":"2024-08-22T23:48:16","modified_gmt":"2024-08-22T21:48:16","slug":"ogloszono-rozklad-druzyn-do-us-open-z-kim-moglaby-sie-zmierzyc-iga-swiatek","status":"publish","type":"post","link":"https:\/\/www.pogotowieflagowe.pl\/aktualne\/ogloszono-rozklad-druzyn-do-us-open-z-kim-moglaby-sie-zmierzyc-iga-swiatek\/","title":{"rendered":"Og\u0142oszono rozk\u0142ad dru\u017cyn do US Open: Z kim mog\u0142aby si\u0119 zmierzy\u0107 Iga \u015awi\u0105tek?"},"content":{"rendered":"\n<div class=\"td_block_wrap tdb_single_content tdi_48 td-pb-border-top td_block_template_8 td-post-content tagdiv-type\" data-td-block-uid=\"tdi_48\">\n<style>.tdi_48{margines g\u00f3rny:0px!wa\u017cne;margines dolny:0px!wa\u017cne;wype\u0142nienie g\u00f3rne:0px!wa\u017cne;wype\u0142nienie dolne:0px!wa\u017cne}<\/style>\n<style>.tdb_single_content{margines-dolny:0;*powi\u0119kszenie:1}.tdb_single_content:before,.tdb_single_content:after{wy\u015bwietlanie:tabela;zawarto\u015b\u0107:'';wysoko\u015b\u0107-linii:0}.tdb_single_content:after{wyczy\u015b\u0107:oba}.tdb_single_content .tdb-block-inner>*:not(.wp-block-quote):not(.alignwide):not(.alignfull.wp-block-cover.has-parallax):not(.td-a-ad){margines-lewy:auto;margines-prawy:auto}.tdb_single_content a{zdarzenia-wska\u017anika:auto}.tdb_single_content .td-spot-id-top_ad .tdc-placeholder-title:before{zawarto\u015b\u0107:'Pocz\u0105tek artyku\u0142u Reklama'!important}.tdb_single_content .td-spot-id-inline_ad0 .tdc-placeholder-title:before{content:'Reklama inline artyku\u0142u 1'!important}.tdb_single_content .td-spot-id-inline_ad1 .tdc-placeholder-title:before{content:'Reklama inline artyku\u0142u 2'!important}.tdb_single_content .td-spot-id-inline_ad2 .tdc-placeholder-title:before{content:'Reklama inline artyku\u0142u 3'!important}.tdb_single_content .td-spot-id-bottom_ad .tdc-placeholder-title:before{content:'Reklama dolna artyku\u0142u'!important}.tdb_single_content .id_top_ad,.tdb_single_content .id_bottom_ad{clear:both;margines-dolny:21px;wyr\u00f3wnanie-tekstu:\u015brodek}.tdb_single_content .id_top_ad img,.tdb_single_content .id_bottom_ad img{margines-dolny:0}.tdb_single_content .id_top_ad .adsbygoogle,.tdb_single_content .id_bottom_ad .adsbygoogle{pozycja:wzgl\u0119dna}.tdb_single_content .id_ad_content-poziom-lewy,.tdb_single_content .id_ad_content-poziom-prawy,.tdb_single_content .id_ad_content-horiz-center{margines dolny:15px}.tdb_single_content .id_ad_content-horiz-lewy img,.tdb_single_content .id_ad_content-horiz-prawy img,.tdb_single_content .id_ad_content-horiz-center img{margines dolny:0}.tdb_single_content .id_ad_content-horiz-center{wyr\u00f3wnanie tekstu:\u015brodek}.tdb_single_content .id_ad_content-horiz-center img{margines prawy:auto;margines lewy:auto}.tdb_single_content .id_ad_content-horiz-left{float:lewy;margines g\u00f3rny:9px;margines prawy:21px}.tdb_single_content .id_ad_content-horiz-right{float:right;margines-g\u00f3rny:6px;margines-lewy:21px}.tdb_single_content .tdc-a-ad .tdc-placeholder-title{szeroko\u015b\u0107:300px;wysoko\u015b\u0107:250px}.tdb_single_content .tdc-a-ad .tdc-placeholder-title:before{pozycja:absolutna;g\u00f3ra:50%;-webkit-transform:translateY(-50%);przekszta\u0142cenie:translateY(-50%);margines:auto;wy\u015bwietlanie:tabela;szeroko\u015b\u0107:100%}.tdb_single_content .tdb-block-inner.td-fix-index{word-break:break-word}.tdi_48,.tdi_48>p,.tdi_48 .tdb-block-inner>p{rozmiar-czcionki:16px!wa\u017cne;wysoko\u015b\u0107-linii:1.6!wa\u017cne}.tdi_48 .tdb-block-inner cytat p{styl-czcionki:normalny!wa\u017cne}@media (maks. szeroko\u015b\u0107:767px){.tdb_single_content .id_ad_content-poziom-lewo,.tdb_single_content .id_ad_content-poziom-prawo,.tdb_single_content .id_ad_content-poziom-\u015brodek{margines:0 auto 26px auto}}@media (maks. szeroko\u015b\u0107:767px){.tdb_single_content .id_ad_content-poziom-lewo{margines-prawy:0}}@media (maks. szeroko\u015b\u0107:767px){.tdb_single_content .id_ad_content-horiz-right{margines-lewy:0}}@media (maksymalna szeroko\u015b\u0107:767px){.tdb_single_content .td-a-ad{float:none;wyr\u00f3wnanie tekstu:\u015brodek}.tdb_single_content .td-a-ad img{margines-prawy:auto;margines-lewy:auto}.tdb_single_content .tdc-a-ad{float:none}}<\/style>\n<div class=\"tdb-block-inner td-fix-index\">\n<p>Og\u0142oszono losowanie turnieju US Open 2024, a najlepsze gwiazdy tenisa w Polsce szykuj\u0105 si\u0119 do emocjonuj\u0105cego wyzwania w Nowym Jorku. Iga \u015awi\u0105tek, numer 1 na \u015bwiecie, mistrzyni US Open 2022, rozpocznie swoj\u0105 kampani\u0119 od meczu z kwalifikantk\u0105 w pierwszej rundzie. Potencjalne starcie w drugiej rundzie mo\u017ce sprawi\u0107, \u017ce zmierzy si\u0119 albo z inn\u0105 kwalifikantk\u0105, albo z Australijk\u0105 Dari\u0105 Saville, kt\u00f3ra obecnie zajmuje 93. miejsce w rankingu \u015bwiatowym.<\/p>\n<p>\u0106wiartka \u015awi\u0105tek w losowaniu obejmuje kilka gro\u017anych przeciwniczek, takich jak Amerykanki Jessica Pegula (nr 6) i Danielle Collins (nr 11), a tak\u017ce wschodz\u0105ca gwiazda Rosji Mirra Andreeva (nr 21). W tej samej po\u0142owie losowania, Kazachska Elena Rybakina, rozstawiona z numerem 4, r\u00f3wnie\u017c stanowi potencjalne wyzwanie.<\/p>\n<blockquote class=\"twitter-tweet\">\n<p lang=\"und\" dir=\"ltr\">\ud83c\uddf5\ud83c\uddf1 Potencjalna \u015bcie\u017cka Igi \u015awi\u0105tek \u2013 US Open \ud83c\udfc6<\/p>\n<p>\ud83d\udcf8 Jimmie48 Fotografia | WTA | <a rel=\"nofollow\" href=\"https:\/\/twitter.com\/hashtag\/USOpen?src=hash&amp;ref_src=twsrc%5Etfw\">#USOtwarte<\/a> | <a rel=\"nofollow\" href=\"https:\/\/twitter.com\/hashtag\/czasnatenis?src=hash&amp;ref_src=twsrc%5Etfw\">#czasnatenis<\/a><\/p>\n<p>Odpowied\u017a 1:<br \/>R2: Saville\/Q<br \/>R3: Pawluczenkowa\/Cocciaretto\/Baindl\/Preston<br \/>R4: Andreeva\/Samsonova\/Osorio\/Bouzkova\/Krueger<br \/>QF: Pegula\/Collins\/Boulter\/Shnaider\/Raducanu\/Kenin<br \/>SF:\u2026 <a rel=\"nofollow\" href=\"https:\/\/t.co\/aapR9Iu4db\">fot.twitter.com\/aapR9Iu4db<\/a><\/p>\n<p>\u2014 Z kortu \u2013 informacje tenisowe | Wiadomo\u015bci tenisowe (@z_kortu) <a rel=\"nofollow\" href=\"https:\/\/twitter.com\/z_kortu\/status\/1826658122632491410?ref_src=twsrc%5Etfw\">22 sierpnia 2024 r.<\/a><\/p><\/blockquote>\n<p>W drabince m\u0119\u017cczyzn, Polak Hubert Hurkacz, rozstawiony z numerem 7, r\u00f3wnie\u017c rozpocznie swoj\u0105 podr\u00f3\u017c przeciwko kwalifikantowi. W drugiej rundzie mo\u017ce zmierzy\u0107 si\u0119 z Australijczykiem Jordanem Thompsonem (33. miejsce) lub Francuzem Constantem Lestienne (110. miejsce). Hurkacz dzieli swoj\u0105 \u0107wiartk\u0119 drabinki z hiszpa\u0144sk\u0105 sensacj\u0105 Carlosem Alcarazem, dodaj\u0105c jeszcze wi\u0119cej intrygi do swojej \u015bcie\u017cki.<\/p>\n<p>Inni polscy gracze w drabince singlowej to Magda Linette, kt\u00f3ra zmierzy si\u0119 z 16-letni\u0105 Amerykank\u0105 Iv\u0105 Jovic, dzik\u0105 kart\u0105, i Magdalena Fr\u0119ch, kt\u00f3ra zmierzy si\u0119 z Belgijk\u0105 Greet Minnen. Maks Ka\u015bnikowski, kt\u00f3ry niedawno zapewni\u0142 sobie miejsce, pokonuj\u0105c Francuza Antoine&#8217;a Escoffiera w ostatniej rundzie kwalifikacyjnej, r\u00f3wnie\u017c b\u0119dzie bra\u0142 udzia\u0142.<\/p>\n<p>G\u0142\u00f3wny turniej rozpocznie si\u0119 26 sierpnia, fina\u0142 singla kobiet zaplanowano na 7 wrze\u015bnia, a fina\u0142 m\u0119\u017cczyzn na 8 wrze\u015bnia. Obro\u0144cy tytu\u0142u, Amerykanka Coco Gauff i Serb Novak Djokovic, b\u0119d\u0105 chcieli obroni\u0107 tytu\u0142y.<\/p>\n<\/div>\n<\/div>\n<p><script async src=\"https:\/\/platform.twitter.com\/widgets.js\" charset=\"utf-8\"><\/script><\/p>\n","protected":false},"excerpt":{"rendered":"<p>Og\u0142oszono losowanie turnieju US Open 2024, a najlepsze gwiazdy tenisa w Polsce szykuj\u0105 si\u0119 do emocjonuj\u0105cego wyzwania w Nowym Jorku.<\/p>\n","protected":false},"author":1,"featured_media":260,"comment_status":"closed","ping_status":"","sticky":false,"template":"","format":"standard","meta":{"footnotes":""},"categories":[118],"tags":[365,143,366,367,363,148,364,150,144,368],"class_list":["post-259","post","type-post","status-publish","format-standard","has-post-thumbnail","hentry","category-lekkoatletyka","tag-druzyn","tag-iga","tag-kim","tag-moglaby","tag-ogloszono","tag-open","tag-rozklad","tag-sie","tag-swiatek","tag-zmierzyc","generate-columns","tablet-grid-50","mobile-grid-100","grid-parent","grid-50","resize-featured-image"],"yoast_head":"<!-- This site is optimized with the Yoast SEO plugin v23.2 - https:\/\/yoast.com\/wordpress\/plugins\/seo\/ -->\n<title>Og\u0142oszono rozk\u0142ad dru\u017cyn do US Open: Z kim mog\u0142aby si\u0119 zmierzy\u0107 Iga \u015awi\u0105tek? - POGOTOWIE FLAGOWE\u00ae<\/title>\n<meta name=\"robots\" content=\"index, follow, max-snippet:-1, max-image-preview:large, max-video-preview:-1\" \/>\n<link rel=\"canonical\" href=\"https:\/\/www.pogotowieflagowe.pl\/aktualne\/ogloszono-rozklad-druzyn-do-us-open-z-kim-moglaby-sie-zmierzyc-iga-swiatek\/\" \/>\n<meta property=\"og:locale\" content=\"pl_PL\" \/>\n<meta property=\"og:type\" content=\"article\" \/>\n<meta property=\"og:title\" content=\"Og\u0142oszono rozk\u0142ad dru\u017cyn do US Open: Z kim mog\u0142aby si\u0119 zmierzy\u0107 Iga \u015awi\u0105tek? - POGOTOWIE FLAGOWE\u00ae\" \/>\n<meta property=\"og:description\" content=\"Og\u0142oszono losowanie turnieju US Open 2024, a najlepsze gwiazdy tenisa w Polsce szykuj\u0105 si\u0119 do emocjonuj\u0105cego wyzwania w Nowym Jorku.\" \/>\n<meta property=\"og:url\" content=\"https:\/\/www.pogotowieflagowe.pl\/aktualne\/ogloszono-rozklad-druzyn-do-us-open-z-kim-moglaby-sie-zmierzyc-iga-swiatek\/\" \/>\n<meta property=\"og:site_name\" content=\"POGOTOWIE FLAGOWE\u00ae\" \/>\n<meta property=\"article:published_time\" content=\"2024-08-22T21:48:13+00:00\" \/>\n<meta property=\"article:modified_time\" content=\"2024-08-22T21:48:16+00:00\" \/>\n<meta property=\"og:image\" content=\"https:\/\/www.pogotowieflagowe.pl\/aktualne\/wp-content\/uploads\/2024\/08\/Ogloszono-rozklad-druzyn-do-US-Open-Z-kim-moglaby-sie.jpg\" \/>\n\t<meta property=\"og:image:width\" content=\"1920\" \/>\n\t<meta property=\"og:image:height\" content=\"1121\" \/>\n\t<meta property=\"og:image:type\" content=\"image\/jpeg\" \/>\n<meta name=\"author\" content=\"Filip\" \/>\n<meta name=\"twitter:card\" content=\"summary_large_image\" \/>\n<meta name=\"twitter:label1\" content=\"Napisane przez\" \/>\n\t<meta name=\"twitter:data1\" content=\"Filip\" \/>\n\t<meta name=\"twitter:label2\" content=\"Szacowany czas czytania\" \/>\n\t<meta name=\"twitter:data2\" content=\"2 minuty\" \/>\n<script type=\"application\/ld+json\" class=\"yoast-schema-graph\">{\"@context\":\"https:\/\/schema.org\",\"@graph\":[{\"@type\":\"Article\",\"@id\":\"https:\/\/www.pogotowieflagowe.pl\/aktualne\/ogloszono-rozklad-druzyn-do-us-open-z-kim-moglaby-sie-zmierzyc-iga-swiatek\/#article\",\"isPartOf\":{\"@id\":\"https:\/\/www.pogotowieflagowe.pl\/aktualne\/ogloszono-rozklad-druzyn-do-us-open-z-kim-moglaby-sie-zmierzyc-iga-swiatek\/\"},\"author\":{\"name\":\"Filip\",\"@id\":\"https:\/\/www.pogotowieflagowe.pl\/aktualne\/#\/schema\/person\/9c2fb7d2362ebf6fa088960d7f0d27b0\"},\"headline\":\"Og\u0142oszono rozk\u0142ad dru\u017cyn do US Open: Z kim mog\u0142aby si\u0119 zmierzy\u0107 Iga \u015awi\u0105tek?\",\"datePublished\":\"2024-08-22T21:48:13+00:00\",\"dateModified\":\"2024-08-22T21:48:16+00:00\",\"mainEntityOfPage\":{\"@id\":\"https:\/\/www.pogotowieflagowe.pl\/aktualne\/ogloszono-rozklad-druzyn-do-us-open-z-kim-moglaby-sie-zmierzyc-iga-swiatek\/\"},\"wordCount\":331,\"publisher\":{\"@id\":\"https:\/\/www.pogotowieflagowe.pl\/aktualne\/#organization\"},\"image\":{\"@id\":\"https:\/\/www.pogotowieflagowe.pl\/aktualne\/ogloszono-rozklad-druzyn-do-us-open-z-kim-moglaby-sie-zmierzyc-iga-swiatek\/#primaryimage\"},\"thumbnailUrl\":\"https:\/\/www.pogotowieflagowe.pl\/aktualne\/wp-content\/uploads\/2024\/08\/Ogloszono-rozklad-druzyn-do-US-Open-Z-kim-moglaby-sie.jpg\",\"keywords\":[\"dru\u017cyn\",\"Iga\",\"kim\",\"mog\u0142aby\",\"Og\u0142oszono\",\"Open\",\"rozk\u0142ad\",\"si\u0119\",\"\u015awi\u0105tek\",\"zmierzy\u0107\"],\"articleSection\":[\"Lekkoatletyka\"],\"inLanguage\":\"pl-PL\"},{\"@type\":\"WebPage\",\"@id\":\"https:\/\/www.pogotowieflagowe.pl\/aktualne\/ogloszono-rozklad-druzyn-do-us-open-z-kim-moglaby-sie-zmierzyc-iga-swiatek\/\",\"url\":\"https:\/\/www.pogotowieflagowe.pl\/aktualne\/ogloszono-rozklad-druzyn-do-us-open-z-kim-moglaby-sie-zmierzyc-iga-swiatek\/\",\"name\":\"Og\u0142oszono rozk\u0142ad dru\u017cyn do US Open: Z kim mog\u0142aby si\u0119 zmierzy\u0107 Iga \u015awi\u0105tek? - POGOTOWIE FLAGOWE\u00ae\",\"isPartOf\":{\"@id\":\"https:\/\/www.pogotowieflagowe.pl\/aktualne\/#website\"},\"primaryImageOfPage\":{\"@id\":\"https:\/\/www.pogotowieflagowe.pl\/aktualne\/ogloszono-rozklad-druzyn-do-us-open-z-kim-moglaby-sie-zmierzyc-iga-swiatek\/#primaryimage\"},\"image\":{\"@id\":\"https:\/\/www.pogotowieflagowe.pl\/aktualne\/ogloszono-rozklad-druzyn-do-us-open-z-kim-moglaby-sie-zmierzyc-iga-swiatek\/#primaryimage\"},\"thumbnailUrl\":\"https:\/\/www.pogotowieflagowe.pl\/aktualne\/wp-content\/uploads\/2024\/08\/Ogloszono-rozklad-druzyn-do-US-Open-Z-kim-moglaby-sie.jpg\",\"datePublished\":\"2024-08-22T21:48:13+00:00\",\"dateModified\":\"2024-08-22T21:48:16+00:00\",\"breadcrumb\":{\"@id\":\"https:\/\/www.pogotowieflagowe.pl\/aktualne\/ogloszono-rozklad-druzyn-do-us-open-z-kim-moglaby-sie-zmierzyc-iga-swiatek\/#breadcrumb\"},\"inLanguage\":\"pl-PL\",\"potentialAction\":[{\"@type\":\"ReadAction\",\"target\":[\"https:\/\/www.pogotowieflagowe.pl\/aktualne\/ogloszono-rozklad-druzyn-do-us-open-z-kim-moglaby-sie-zmierzyc-iga-swiatek\/\"]}]},{\"@type\":\"ImageObject\",\"inLanguage\":\"pl-PL\",\"@id\":\"https:\/\/www.pogotowieflagowe.pl\/aktualne\/ogloszono-rozklad-druzyn-do-us-open-z-kim-moglaby-sie-zmierzyc-iga-swiatek\/#primaryimage\",\"url\":\"https:\/\/www.pogotowieflagowe.pl\/aktualne\/wp-content\/uploads\/2024\/08\/Ogloszono-rozklad-druzyn-do-US-Open-Z-kim-moglaby-sie.jpg\",\"contentUrl\":\"https:\/\/www.pogotowieflagowe.pl\/aktualne\/wp-content\/uploads\/2024\/08\/Ogloszono-rozklad-druzyn-do-US-Open-Z-kim-moglaby-sie.jpg\",\"width\":1920,\"height\":1121,\"caption\":\"Og\u0142oszono rozk\u0142ad dru\u017cyn do US Open: Z kim mog\u0142aby si\u0119 zmierzy\u0107 Iga \u015awi\u0105tek?\"},{\"@type\":\"BreadcrumbList\",\"@id\":\"https:\/\/www.pogotowieflagowe.pl\/aktualne\/ogloszono-rozklad-druzyn-do-us-open-z-kim-moglaby-sie-zmierzyc-iga-swiatek\/#breadcrumb\",\"itemListElement\":[{\"@type\":\"ListItem\",\"position\":1,\"name\":\"Home\",\"item\":\"https:\/\/www.pogotowieflagowe.pl\/aktualne\/\"},{\"@type\":\"ListItem\",\"position\":2,\"name\":\"Og\u0142oszono rozk\u0142ad dru\u017cyn do US Open: Z kim mog\u0142aby si\u0119 zmierzy\u0107 Iga \u015awi\u0105tek?\"}]},{\"@type\":\"WebSite\",\"@id\":\"https:\/\/www.pogotowieflagowe.pl\/aktualne\/#website\",\"url\":\"https:\/\/www.pogotowieflagowe.pl\/aktualne\/\",\"name\":\"POGOTOWIE FLAGOWE\u00ae\",\"description\":\"\",\"publisher\":{\"@id\":\"https:\/\/www.pogotowieflagowe.pl\/aktualne\/#organization\"},\"potentialAction\":[{\"@type\":\"SearchAction\",\"target\":{\"@type\":\"EntryPoint\",\"urlTemplate\":\"https:\/\/www.pogotowieflagowe.pl\/aktualne\/?s={search_term_string}\"},\"query-input\":\"required name=search_term_string\"}],\"inLanguage\":\"pl-PL\"},{\"@type\":\"Organization\",\"@id\":\"https:\/\/www.pogotowieflagowe.pl\/aktualne\/#organization\",\"name\":\"POGOTOWIE FLAGOWE\u00ae\",\"url\":\"https:\/\/www.pogotowieflagowe.pl\/aktualne\/\",\"logo\":{\"@type\":\"ImageObject\",\"inLanguage\":\"pl-PL\",\"@id\":\"https:\/\/www.pogotowieflagowe.pl\/aktualne\/#\/schema\/logo\/image\/\",\"url\":\"https:\/\/www.pogotowieflagowe.pl\/aktualne\/wp-content\/uploads\/2024\/08\/cropped-pogotowieflagowe_flaga_projekt_sm.jpg\",\"contentUrl\":\"https:\/\/www.pogotowieflagowe.pl\/aktualne\/wp-content\/uploads\/2024\/08\/cropped-pogotowieflagowe_flaga_projekt_sm.jpg\",\"width\":250,\"height\":143,\"caption\":\"POGOTOWIE FLAGOWE\u00ae\"},\"image\":{\"@id\":\"https:\/\/www.pogotowieflagowe.pl\/aktualne\/#\/schema\/logo\/image\/\"}},{\"@type\":\"Person\",\"@id\":\"https:\/\/www.pogotowieflagowe.pl\/aktualne\/#\/schema\/person\/9c2fb7d2362ebf6fa088960d7f0d27b0\",\"name\":\"Filip\",\"image\":{\"@type\":\"ImageObject\",\"inLanguage\":\"pl-PL\",\"@id\":\"https:\/\/www.pogotowieflagowe.pl\/aktualne\/#\/schema\/person\/image\/\",\"url\":\"https:\/\/www.pogotowieflagowe.pl\/aktualne\/wp-content\/uploads\/2024\/08\/pogotowieflagowe.pl_.jpg\",\"contentUrl\":\"https:\/\/www.pogotowieflagowe.pl\/aktualne\/wp-content\/uploads\/2024\/08\/pogotowieflagowe.pl_.jpg\",\"caption\":\"Filip\"},\"description\":\"Jestem Filip, polski dziennikarz z dyplomem nauk politycznych Uniwersytetu Warszawskiego. Rozpoczynaj\u0105c swoj\u0105 karier\u0119 w r\u00f3\u017cnych lokalnych mediach, zdoby\u0142em solidne do\u015bwiadczenie w zakresie \u015bledztwa i redakcji. Obecnie jako redaktor w Pogotowie flagowe, staram si\u0119 dostarcza\u0107 dog\u0142\u0119bne i istotne analizy na temat najwa\u017cniejszych kwestii aktualno\u015bci, \u0142\u0105cz\u0105c rygor z pasj\u0105 dziennikarsk\u0105.\",\"sameAs\":[\"https:\/\/www.pogotowieflagowe.pl\/\"]}]}<\/script>\n<!-- \/ Yoast SEO plugin. -->","yoast_head_json":{"title":"Og\u0142oszono rozk\u0142ad dru\u017cyn do US Open: Z kim mog\u0142aby si\u0119 zmierzy\u0107 Iga \u015awi\u0105tek? - POGOTOWIE FLAGOWE\u00ae","robots":{"index":"index","follow":"follow","max-snippet":"max-snippet:-1","max-image-preview":"max-image-preview:large","max-video-preview":"max-video-preview:-1"},"canonical":"https:\/\/www.pogotowieflagowe.pl\/aktualne\/ogloszono-rozklad-druzyn-do-us-open-z-kim-moglaby-sie-zmierzyc-iga-swiatek\/","og_locale":"pl_PL","og_type":"article","og_title":"Og\u0142oszono rozk\u0142ad dru\u017cyn do US Open: Z kim mog\u0142aby si\u0119 zmierzy\u0107 Iga \u015awi\u0105tek? - POGOTOWIE FLAGOWE\u00ae","og_description":"Og\u0142oszono losowanie turnieju US Open 2024, a najlepsze gwiazdy tenisa w Polsce szykuj\u0105 si\u0119 do emocjonuj\u0105cego wyzwania w Nowym Jorku.","og_url":"https:\/\/www.pogotowieflagowe.pl\/aktualne\/ogloszono-rozklad-druzyn-do-us-open-z-kim-moglaby-sie-zmierzyc-iga-swiatek\/","og_site_name":"POGOTOWIE FLAGOWE\u00ae","article_published_time":"2024-08-22T21:48:13+00:00","article_modified_time":"2024-08-22T21:48:16+00:00","og_image":[{"width":1920,"height":1121,"url":"https:\/\/www.pogotowieflagowe.pl\/aktualne\/wp-content\/uploads\/2024\/08\/Ogloszono-rozklad-druzyn-do-US-Open-Z-kim-moglaby-sie.jpg","type":"image\/jpeg"}],"author":"Filip","twitter_card":"summary_large_image","twitter_misc":{"Napisane przez":"Filip","Szacowany czas czytania":"2 minuty"},"schema":{"@context":"https:\/\/schema.org","@graph":[{"@type":"Article","@id":"https:\/\/www.pogotowieflagowe.pl\/aktualne\/ogloszono-rozklad-druzyn-do-us-open-z-kim-moglaby-sie-zmierzyc-iga-swiatek\/#article","isPartOf":{"@id":"https:\/\/www.pogotowieflagowe.pl\/aktualne\/ogloszono-rozklad-druzyn-do-us-open-z-kim-moglaby-sie-zmierzyc-iga-swiatek\/"},"author":{"name":"Filip","@id":"https:\/\/www.pogotowieflagowe.pl\/aktualne\/#\/schema\/person\/9c2fb7d2362ebf6fa088960d7f0d27b0"},"headline":"Og\u0142oszono rozk\u0142ad dru\u017cyn do US Open: Z kim mog\u0142aby si\u0119 zmierzy\u0107 Iga \u015awi\u0105tek?","datePublished":"2024-08-22T21:48:13+00:00","dateModified":"2024-08-22T21:48:16+00:00","mainEntityOfPage":{"@id":"https:\/\/www.pogotowieflagowe.pl\/aktualne\/ogloszono-rozklad-druzyn-do-us-open-z-kim-moglaby-sie-zmierzyc-iga-swiatek\/"},"wordCount":331,"publisher":{"@id":"https:\/\/www.pogotowieflagowe.pl\/aktualne\/#organization"},"image":{"@id":"https:\/\/www.pogotowieflagowe.pl\/aktualne\/ogloszono-rozklad-druzyn-do-us-open-z-kim-moglaby-sie-zmierzyc-iga-swiatek\/#primaryimage"},"thumbnailUrl":"https:\/\/www.pogotowieflagowe.pl\/aktualne\/wp-content\/uploads\/2024\/08\/Ogloszono-rozklad-druzyn-do-US-Open-Z-kim-moglaby-sie.jpg","keywords":["dru\u017cyn","Iga","kim","mog\u0142aby","Og\u0142oszono","Open","rozk\u0142ad","si\u0119","\u015awi\u0105tek","zmierzy\u0107"],"articleSection":["Lekkoatletyka"],"inLanguage":"pl-PL"},{"@type":"WebPage","@id":"https:\/\/www.pogotowieflagowe.pl\/aktualne\/ogloszono-rozklad-druzyn-do-us-open-z-kim-moglaby-sie-zmierzyc-iga-swiatek\/","url":"https:\/\/www.pogotowieflagowe.pl\/aktualne\/ogloszono-rozklad-druzyn-do-us-open-z-kim-moglaby-sie-zmierzyc-iga-swiatek\/","name":"Og\u0142oszono rozk\u0142ad dru\u017cyn do US Open: Z kim mog\u0142aby si\u0119 zmierzy\u0107 Iga \u015awi\u0105tek? - POGOTOWIE FLAGOWE\u00ae","isPartOf":{"@id":"https:\/\/www.pogotowieflagowe.pl\/aktualne\/#website"},"primaryImageOfPage":{"@id":"https:\/\/www.pogotowieflagowe.pl\/aktualne\/ogloszono-rozklad-druzyn-do-us-open-z-kim-moglaby-sie-zmierzyc-iga-swiatek\/#primaryimage"},"image":{"@id":"https:\/\/www.pogotowieflagowe.pl\/aktualne\/ogloszono-rozklad-druzyn-do-us-open-z-kim-moglaby-sie-zmierzyc-iga-swiatek\/#primaryimage"},"thumbnailUrl":"https:\/\/www.pogotowieflagowe.pl\/aktualne\/wp-content\/uploads\/2024\/08\/Ogloszono-rozklad-druzyn-do-US-Open-Z-kim-moglaby-sie.jpg","datePublished":"2024-08-22T21:48:13+00:00","dateModified":"2024-08-22T21:48:16+00:00","breadcrumb":{"@id":"https:\/\/www.pogotowieflagowe.pl\/aktualne\/ogloszono-rozklad-druzyn-do-us-open-z-kim-moglaby-sie-zmierzyc-iga-swiatek\/#breadcrumb"},"inLanguage":"pl-PL","potentialAction":[{"@type":"ReadAction","target":["https:\/\/www.pogotowieflagowe.pl\/aktualne\/ogloszono-rozklad-druzyn-do-us-open-z-kim-moglaby-sie-zmierzyc-iga-swiatek\/"]}]},{"@type":"ImageObject","inLanguage":"pl-PL","@id":"https:\/\/www.pogotowieflagowe.pl\/aktualne\/ogloszono-rozklad-druzyn-do-us-open-z-kim-moglaby-sie-zmierzyc-iga-swiatek\/#primaryimage","url":"https:\/\/www.pogotowieflagowe.pl\/aktualne\/wp-content\/uploads\/2024\/08\/Ogloszono-rozklad-druzyn-do-US-Open-Z-kim-moglaby-sie.jpg","contentUrl":"https:\/\/www.pogotowieflagowe.pl\/aktualne\/wp-content\/uploads\/2024\/08\/Ogloszono-rozklad-druzyn-do-US-Open-Z-kim-moglaby-sie.jpg","width":1920,"height":1121,"caption":"Og\u0142oszono rozk\u0142ad dru\u017cyn do US Open: Z kim mog\u0142aby si\u0119 zmierzy\u0107 Iga \u015awi\u0105tek?"},{"@type":"BreadcrumbList","@id":"https:\/\/www.pogotowieflagowe.pl\/aktualne\/ogloszono-rozklad-druzyn-do-us-open-z-kim-moglaby-sie-zmierzyc-iga-swiatek\/#breadcrumb","itemListElement":[{"@type":"ListItem","position":1,"name":"Home","item":"https:\/\/www.pogotowieflagowe.pl\/aktualne\/"},{"@type":"ListItem","position":2,"name":"Og\u0142oszono rozk\u0142ad dru\u017cyn do US Open: Z kim mog\u0142aby si\u0119 zmierzy\u0107 Iga \u015awi\u0105tek?"}]},{"@type":"WebSite","@id":"https:\/\/www.pogotowieflagowe.pl\/aktualne\/#website","url":"https:\/\/www.pogotowieflagowe.pl\/aktualne\/","name":"POGOTOWIE FLAGOWE\u00ae","description":"","publisher":{"@id":"https:\/\/www.pogotowieflagowe.pl\/aktualne\/#organization"},"potentialAction":[{"@type":"SearchAction","target":{"@type":"EntryPoint","urlTemplate":"https:\/\/www.pogotowieflagowe.pl\/aktualne\/?s={search_term_string}"},"query-input":"required name=search_term_string"}],"inLanguage":"pl-PL"},{"@type":"Organization","@id":"https:\/\/www.pogotowieflagowe.pl\/aktualne\/#organization","name":"POGOTOWIE FLAGOWE\u00ae","url":"https:\/\/www.pogotowieflagowe.pl\/aktualne\/","logo":{"@type":"ImageObject","inLanguage":"pl-PL","@id":"https:\/\/www.pogotowieflagowe.pl\/aktualne\/#\/schema\/logo\/image\/","url":"https:\/\/www.pogotowieflagowe.pl\/aktualne\/wp-content\/uploads\/2024\/08\/cropped-pogotowieflagowe_flaga_projekt_sm.jpg","contentUrl":"https:\/\/www.pogotowieflagowe.pl\/aktualne\/wp-content\/uploads\/2024\/08\/cropped-pogotowieflagowe_flaga_projekt_sm.jpg","width":250,"height":143,"caption":"POGOTOWIE FLAGOWE\u00ae"},"image":{"@id":"https:\/\/www.pogotowieflagowe.pl\/aktualne\/#\/schema\/logo\/image\/"}},{"@type":"Person","@id":"https:\/\/www.pogotowieflagowe.pl\/aktualne\/#\/schema\/person\/9c2fb7d2362ebf6fa088960d7f0d27b0","name":"Filip","image":{"@type":"ImageObject","inLanguage":"pl-PL","@id":"https:\/\/www.pogotowieflagowe.pl\/aktualne\/#\/schema\/person\/image\/","url":"https:\/\/www.pogotowieflagowe.pl\/aktualne\/wp-content\/uploads\/2024\/08\/pogotowieflagowe.pl_.jpg","contentUrl":"https:\/\/www.pogotowieflagowe.pl\/aktualne\/wp-content\/uploads\/2024\/08\/pogotowieflagowe.pl_.jpg","caption":"Filip"},"description":"Jestem Filip, polski dziennikarz z dyplomem nauk politycznych Uniwersytetu Warszawskiego. Rozpoczynaj\u0105c swoj\u0105 karier\u0119 w r\u00f3\u017cnych lokalnych mediach, zdoby\u0142em solidne do\u015bwiadczenie w zakresie \u015bledztwa i redakcji. Obecnie jako redaktor w Pogotowie flagowe, staram si\u0119 dostarcza\u0107 dog\u0142\u0119bne i istotne analizy na temat najwa\u017cniejszych kwestii aktualno\u015bci, \u0142\u0105cz\u0105c rygor z pasj\u0105 dziennikarsk\u0105.","sameAs":["https:\/\/www.pogotowieflagowe.pl\/"]}]}},"_links":{"self":[{"href":"https:\/\/www.pogotowieflagowe.pl\/aktualne\/wp-json\/wp\/v2\/posts\/259","targetHints":{"allow":["GET"]}}],"collection":[{"href":"https:\/\/www.pogotowieflagowe.pl\/aktualne\/wp-json\/wp\/v2\/posts"}],"about":[{"href":"https:\/\/www.pogotowieflagowe.pl\/aktualne\/wp-json\/wp\/v2\/types\/post"}],"author":[{"embeddable":true,"href":"https:\/\/www.pogotowieflagowe.pl\/aktualne\/wp-json\/wp\/v2\/users\/1"}],"replies":[{"embeddable":true,"href":"https:\/\/www.pogotowieflagowe.pl\/aktualne\/wp-json\/wp\/v2\/comments?post=259"}],"version-history":[{"count":1,"href":"https:\/\/www.pogotowieflagowe.pl\/aktualne\/wp-json\/wp\/v2\/posts\/259\/revisions"}],"predecessor-version":[{"id":261,"href":"https:\/\/www.pogotowieflagowe.pl\/aktualne\/wp-json\/wp\/v2\/posts\/259\/revisions\/261"}],"wp:featuredmedia":[{"embeddable":true,"href":"https:\/\/www.pogotowieflagowe.pl\/aktualne\/wp-json\/wp\/v2\/media\/260"}],"wp:attachment":[{"href":"https:\/\/www.pogotowieflagowe.pl\/aktualne\/wp-json\/wp\/v2\/media?parent=259"}],"wp:term":[{"taxonomy":"category","embeddable":true,"href":"https:\/\/www.pogotowieflagowe.pl\/aktualne\/wp-json\/wp\/v2\/categories?post=259"},{"taxonomy":"post_tag","embeddable":true,"href":"https:\/\/www.pogotowieflagowe.pl\/aktualne\/wp-json\/wp\/v2\/tags?post=259"}],"curies":[{"name":"wp","href":"https:\/\/api.w.org\/{rel}","templated":true}]}}