{"id":2590,"date":"2024-12-22T17:50:39","date_gmt":"2024-12-22T16:50:39","guid":{"rendered":"https:\/\/www.pogotowieflagowe.pl\/aktualne\/trump-moze-odwiedzic-polske-przed-wyborami-prezydenckimi\/"},"modified":"2024-12-22T17:50:39","modified_gmt":"2024-12-22T16:50:39","slug":"trump-moze-odwiedzic-polske-przed-wyborami-prezydenckimi","status":"publish","type":"post","link":"https:\/\/www.pogotowieflagowe.pl\/aktualne\/trump-moze-odwiedzic-polske-przed-wyborami-prezydenckimi\/","title":{"rendered":"Trump mo\u017ce odwiedzi\u0107 Polsk\u0119 przed wyborami prezydenckimi"},"content":{"rendered":"\n<div class=\"td_block_wrap tdb_single_content tdi_48 td-pb-border-top td_block_template_8 td-post-content tagdiv-type\" data-td-block-uid=\"tdi_48\">\n<style>.tdi_48{margines-top:0px!important;margin-bottom:0px!important;dope\u0142nienie-g\u00f3ra:0px!important;dope\u0142nienie-d\u00f3\u0142:0px!important}<\/style>\n<style>.tdb_single_content{margin-bottom:0;*zoom:1}.tdb_single_content:before,.tdb_single_content:after{display:table;content:'';line-height:0}.tdb_single_content:after{clear:both}.tdb_single_content .tdb-block-inner>*:not(.wp-block-quote):not(.alignwide):not(.alignfull.wp-block-cover.has-parallax):not(.td-a-ad) {margin-left:auto;margin-right:auto}.tdb_single_content a{pointer-events:auto}.tdb_single_content .td-spot-id-top_ad .tdc-placeholder-title:before{content:'Article Top Ad'!important}.tdb_single_content .td-spot-id-inline_ad0 .tdc-placeholder-title:before{content:'Article Reklama wbudowana 1'!important}.tdb_single_content .td-spot-id-inline_ad1 .tdc-placeholder-title:before{content:'Article Inline Ad 2'!important}.tdb_single_content .td-spot-id-inline_ad2 .tdc-placeholder-title:before{content:' Reklama wbudowana w artyku\u0142 3'!important}.tdb_single_content .td-spot-id-bottom_ad .tdc-placeholder-title:before{content:'Article Bottom Ad'!important}.tdb_single_content .id_top_ad,.tdb_single_content .id_bottom_ad{clear:both;margin-bottom:21px;text-align:center}.tdb_single_content .id_top_ad img,.tdb_single_content .id_bottom_ad img{margin-bottom:0}.tdb_single_content .id_top_ad .adsbygoogle,.tdb_single_content .id_bottom_ad .adsbygoogle{position:relative}.tdb_single_content .id_ad_content-horiz-left,.tdb_single_content .id_ad_content-horiz-right,.tdb_single_content .id_ad_content-horiz-center{margin-bottom:15px}.tdb_single_content .id_ad_content-horiz-left img,.tdb_single_content .id_ad_content-horiz-right img,.tdb_single_content .id_ad_content-horiz-center img{margin-bottom:0}.tdb_single_content .id_ad_content-horiz-center{text-align:center}.tdb_single_content .id_ad_content-horiz-center img{margin-right:auto;margin-left:auto}.tdb_single_content .id_ad_content-horiz-left{float:left;margin-top:9px;margin-right:21px}.tdb_single_content .id_ad_content-horiz-right{float:right;margin-top:6px;margin-left:21px}.tdb_single_content .tdc-a-ad .tdc-placeholder-title{width:300px;height:250px}.tdb_single_content .tdc-a-ad .tdc-placeholder-title:before{position:absolute;top:50%;-webkit-transform:translateY(-50%);transform:translateY(-50%);margines:auto;display:table;width:100 %}.tdb_single_content .tdb-block-inner.td-fix-index{word-break:break-word}.tdi_48,.tdi_48>p,.tdi_48 .tdb-block-inner>p{font-size:16px!important;line- wysoko\u015b\u0107:1,6!wa\u017cne}.tdi_48 .tdb-block-inner blockquote p{font-style:normal!important}@media (max-width:767px){.tdb_single_content .id_ad_content-horiz-left,.tdb_single_content .id_ad_content-horiz-right,.tdb_single_content .id_ad_content-horiz-center{margin:0 automatyczny 26px auto}}@media (max-width:767px){.tdb_single_content .id_ad_content-horiz-left{margin-right:0}}@media (max-width:767px){.tdb_single_content .id_ad_content-horiz-right{margin -left:0}}@media (max-width:767px){.tdb_single_content .td-a-ad{float:none;text-align:center}.tdb_single_content .td-a-ad img{margin-right:auto;margin-left:auto}. tdb_single_content .tdc-a-ad{float:none}}<\/style>\n<div class=\"tdb-block-inner td-fix-index\">\n<p><strong>Na nadchodz\u0105cym Szczycie Inicjatywy Tr\u00f3jmorza w Warszawie, zaplanowanym na 28\u201329 kwietnia 2025 r., mo\u017ce pojawi\u0107 si\u0119 znacz\u0105cy go\u015b\u0107: Donald Trump. By\u0142y prezydent USA, kt\u00f3ry ma odzyska\u0107 urz\u0105d, b\u0119dzie m\u00f3g\u0142 wzi\u0105\u0107 udzia\u0142 w tym wydarzeniu po otrzymaniu oficjalnego zaproszenia po inauguracji.<\/strong><\/p>\n<h2 class=\"wp-block-heading\">Symboliczny powr\u00f3t do Polski<\/h2>\n<p>Mieszko Pawlak, szef Biura Polityki Mi\u0119dzynarodowej Prezydenta, podkre\u015bli\u0142 potencjalne znaczenie obecno\u015bci Trumpa. Szczyt w 2025 r. upami\u0119tnia dziesi\u0105t\u0105 rocznic\u0119 inicjatywy, a obecno\u015b\u0107 Trumpa b\u0119dzie nawi\u0105zaniem do jego udzia\u0142u w szczycie w Warszawie w 2017 r. \u201eJego obecno\u015b\u0107 by\u0142aby symbolicznym zako\u0144czeniem\u201d \u2013 zauwa\u017cy\u0142 Pawlak.<\/p>\n<p>Szczyt, kt\u00f3rego gospodarzem b\u0119dzie Prezydent Andrzej Duda, zgromadzi przyw\u00f3dc\u00f3w pa\u0144stw cz\u0142onkowskich i partner\u00f3w strategicznych, w tym USA. Wydarzenie podkre\u015bla centraln\u0105 rol\u0119 Polski we wspieraniu wsp\u00f3\u0142pracy transatlantyckiej. Oficjalne zaproszenia do g\u0142\u00f3w pa\u0144stw, w tym Trumpa, zostan\u0105 wydane po jego inauguracji.<\/p>\n<p>Inicjatywa Tr\u00f3jmorza w dalszym ci\u0105gu wzmacnia wi\u0119zi polityczne i gospodarcze w Europie \u015arodkowo-Wschodniej, przy czym Stany Zjednoczone odgrywaj\u0105 kluczow\u0105 rol\u0119. Udzia\u0142 Trumpa potwierdzi\u0142by zaanga\u017cowanie USA w regionie.<\/p>\n<\/div>\n<\/div>\n","protected":false},"excerpt":{"rendered":"<p>Na nadchodz\u0105cym Szczycie Inicjatywy Tr\u00f3jmorza w Warszawie, zaplanowanym na 28\u201329 kwietnia 2025 r., mo\u017ce pojawi\u0107 si\u0119 znacz\u0105cy go\u015b\u0107: Donald Trump.<\/p>\n","protected":false},"author":1,"featured_media":1804,"comment_status":"closed","ping_status":"","sticky":false,"template":"","format":"standard","meta":{"footnotes":""},"categories":[44],"tags":[2219,2824,698,3941,643,251,3940],"class_list":["post-2590","post","type-post","status-publish","format-standard","has-post-thumbnail","hentry","category-polityka","tag-moze","tag-odwiedzic","tag-polske","tag-prezydenckimi","tag-przed","tag-trump","tag-wyborami","generate-columns","tablet-grid-50","mobile-grid-100","grid-parent","grid-50","resize-featured-image"],"yoast_head":"<!-- This site is optimized with the Yoast SEO plugin v23.2 - https:\/\/yoast.com\/wordpress\/plugins\/seo\/ -->\n<title>Trump mo\u017ce odwiedzi\u0107 Polsk\u0119 przed wyborami prezydenckimi - POGOTOWIE FLAGOWE\u00ae<\/title>\n<meta name=\"robots\" content=\"index, follow, max-snippet:-1, max-image-preview:large, max-video-preview:-1\" \/>\n<link rel=\"canonical\" href=\"https:\/\/www.pogotowieflagowe.pl\/aktualne\/trump-moze-odwiedzic-polske-przed-wyborami-prezydenckimi\/\" \/>\n<meta property=\"og:locale\" content=\"pl_PL\" \/>\n<meta property=\"og:type\" content=\"article\" \/>\n<meta property=\"og:title\" content=\"Trump mo\u017ce odwiedzi\u0107 Polsk\u0119 przed wyborami prezydenckimi - POGOTOWIE FLAGOWE\u00ae\" \/>\n<meta property=\"og:description\" content=\"Na nadchodz\u0105cym Szczycie Inicjatywy Tr\u00f3jmorza w Warszawie, zaplanowanym na 28\u201329 kwietnia 2025 r., mo\u017ce pojawi\u0107 si\u0119 znacz\u0105cy go\u015b\u0107: Donald Trump.\" \/>\n<meta property=\"og:url\" content=\"https:\/\/www.pogotowieflagowe.pl\/aktualne\/trump-moze-odwiedzic-polske-przed-wyborami-prezydenckimi\/\" \/>\n<meta property=\"og:site_name\" content=\"POGOTOWIE FLAGOWE\u00ae\" \/>\n<meta property=\"article:published_time\" content=\"2024-12-22T16:50:39+00:00\" \/>\n<meta property=\"og:image\" content=\"https:\/\/www.pogotowieflagowe.pl\/aktualne\/wp-content\/uploads\/2024\/11\/Prezydent-Polski-Duda-spotka-sie-z-Trumpem-w-celu-rozmow.jpg\" \/>\n\t<meta property=\"og:image:width\" content=\"750\" \/>\n\t<meta property=\"og:image:height\" content=\"425\" \/>\n\t<meta property=\"og:image:type\" content=\"image\/jpeg\" \/>\n<meta name=\"author\" content=\"Filip\" \/>\n<meta name=\"twitter:card\" content=\"summary_large_image\" \/>\n<meta name=\"twitter:label1\" content=\"Napisane przez\" \/>\n\t<meta name=\"twitter:data1\" content=\"Filip\" \/>\n\t<meta name=\"twitter:label2\" content=\"Szacowany czas czytania\" \/>\n\t<meta name=\"twitter:data2\" content=\"1 minuta\" \/>\n<script type=\"application\/ld+json\" class=\"yoast-schema-graph\">{\"@context\":\"https:\/\/schema.org\",\"@graph\":[{\"@type\":\"Article\",\"@id\":\"https:\/\/www.pogotowieflagowe.pl\/aktualne\/trump-moze-odwiedzic-polske-przed-wyborami-prezydenckimi\/#article\",\"isPartOf\":{\"@id\":\"https:\/\/www.pogotowieflagowe.pl\/aktualne\/trump-moze-odwiedzic-polske-przed-wyborami-prezydenckimi\/\"},\"author\":{\"name\":\"Filip\",\"@id\":\"https:\/\/www.pogotowieflagowe.pl\/aktualne\/#\/schema\/person\/9c2fb7d2362ebf6fa088960d7f0d27b0\"},\"headline\":\"Trump mo\u017ce odwiedzi\u0107 Polsk\u0119 przed wyborami prezydenckimi\",\"datePublished\":\"2024-12-22T16:50:39+00:00\",\"dateModified\":\"2024-12-22T16:50:39+00:00\",\"mainEntityOfPage\":{\"@id\":\"https:\/\/www.pogotowieflagowe.pl\/aktualne\/trump-moze-odwiedzic-polske-przed-wyborami-prezydenckimi\/\"},\"wordCount\":193,\"publisher\":{\"@id\":\"https:\/\/www.pogotowieflagowe.pl\/aktualne\/#organization\"},\"image\":{\"@id\":\"https:\/\/www.pogotowieflagowe.pl\/aktualne\/trump-moze-odwiedzic-polske-przed-wyborami-prezydenckimi\/#primaryimage\"},\"thumbnailUrl\":\"https:\/\/www.pogotowieflagowe.pl\/aktualne\/wp-content\/uploads\/2024\/11\/Prezydent-Polski-Duda-spotka-sie-z-Trumpem-w-celu-rozmow.jpg\",\"keywords\":[\"mo\u017ce\",\"odwiedzi\u0107\",\"Polsk\u0119\",\"prezydenckimi\",\"przed\",\"Trump\",\"wyborami\"],\"articleSection\":[\"Polityka\"],\"inLanguage\":\"pl-PL\"},{\"@type\":\"WebPage\",\"@id\":\"https:\/\/www.pogotowieflagowe.pl\/aktualne\/trump-moze-odwiedzic-polske-przed-wyborami-prezydenckimi\/\",\"url\":\"https:\/\/www.pogotowieflagowe.pl\/aktualne\/trump-moze-odwiedzic-polske-przed-wyborami-prezydenckimi\/\",\"name\":\"Trump mo\u017ce odwiedzi\u0107 Polsk\u0119 przed wyborami prezydenckimi - POGOTOWIE FLAGOWE\u00ae\",\"isPartOf\":{\"@id\":\"https:\/\/www.pogotowieflagowe.pl\/aktualne\/#website\"},\"primaryImageOfPage\":{\"@id\":\"https:\/\/www.pogotowieflagowe.pl\/aktualne\/trump-moze-odwiedzic-polske-przed-wyborami-prezydenckimi\/#primaryimage\"},\"image\":{\"@id\":\"https:\/\/www.pogotowieflagowe.pl\/aktualne\/trump-moze-odwiedzic-polske-przed-wyborami-prezydenckimi\/#primaryimage\"},\"thumbnailUrl\":\"https:\/\/www.pogotowieflagowe.pl\/aktualne\/wp-content\/uploads\/2024\/11\/Prezydent-Polski-Duda-spotka-sie-z-Trumpem-w-celu-rozmow.jpg\",\"datePublished\":\"2024-12-22T16:50:39+00:00\",\"dateModified\":\"2024-12-22T16:50:39+00:00\",\"breadcrumb\":{\"@id\":\"https:\/\/www.pogotowieflagowe.pl\/aktualne\/trump-moze-odwiedzic-polske-przed-wyborami-prezydenckimi\/#breadcrumb\"},\"inLanguage\":\"pl-PL\",\"potentialAction\":[{\"@type\":\"ReadAction\",\"target\":[\"https:\/\/www.pogotowieflagowe.pl\/aktualne\/trump-moze-odwiedzic-polske-przed-wyborami-prezydenckimi\/\"]}]},{\"@type\":\"ImageObject\",\"inLanguage\":\"pl-PL\",\"@id\":\"https:\/\/www.pogotowieflagowe.pl\/aktualne\/trump-moze-odwiedzic-polske-przed-wyborami-prezydenckimi\/#primaryimage\",\"url\":\"https:\/\/www.pogotowieflagowe.pl\/aktualne\/wp-content\/uploads\/2024\/11\/Prezydent-Polski-Duda-spotka-sie-z-Trumpem-w-celu-rozmow.jpg\",\"contentUrl\":\"https:\/\/www.pogotowieflagowe.pl\/aktualne\/wp-content\/uploads\/2024\/11\/Prezydent-Polski-Duda-spotka-sie-z-Trumpem-w-celu-rozmow.jpg\",\"width\":750,\"height\":425,\"caption\":\"Prezydent Polski Duda spotka si\u0119 z Trumpem w celu rozm\u00f3w strategicznych\"},{\"@type\":\"BreadcrumbList\",\"@id\":\"https:\/\/www.pogotowieflagowe.pl\/aktualne\/trump-moze-odwiedzic-polske-przed-wyborami-prezydenckimi\/#breadcrumb\",\"itemListElement\":[{\"@type\":\"ListItem\",\"position\":1,\"name\":\"Home\",\"item\":\"https:\/\/www.pogotowieflagowe.pl\/aktualne\/\"},{\"@type\":\"ListItem\",\"position\":2,\"name\":\"Trump mo\u017ce odwiedzi\u0107 Polsk\u0119 przed wyborami prezydenckimi\"}]},{\"@type\":\"WebSite\",\"@id\":\"https:\/\/www.pogotowieflagowe.pl\/aktualne\/#website\",\"url\":\"https:\/\/www.pogotowieflagowe.pl\/aktualne\/\",\"name\":\"POGOTOWIE FLAGOWE\u00ae\",\"description\":\"\",\"publisher\":{\"@id\":\"https:\/\/www.pogotowieflagowe.pl\/aktualne\/#organization\"},\"potentialAction\":[{\"@type\":\"SearchAction\",\"target\":{\"@type\":\"EntryPoint\",\"urlTemplate\":\"https:\/\/www.pogotowieflagowe.pl\/aktualne\/?s={search_term_string}\"},\"query-input\":\"required name=search_term_string\"}],\"inLanguage\":\"pl-PL\"},{\"@type\":\"Organization\",\"@id\":\"https:\/\/www.pogotowieflagowe.pl\/aktualne\/#organization\",\"name\":\"POGOTOWIE FLAGOWE\u00ae\",\"url\":\"https:\/\/www.pogotowieflagowe.pl\/aktualne\/\",\"logo\":{\"@type\":\"ImageObject\",\"inLanguage\":\"pl-PL\",\"@id\":\"https:\/\/www.pogotowieflagowe.pl\/aktualne\/#\/schema\/logo\/image\/\",\"url\":\"https:\/\/www.pogotowieflagowe.pl\/aktualne\/wp-content\/uploads\/2024\/08\/cropped-pogotowieflagowe_flaga_projekt_sm.jpg\",\"contentUrl\":\"https:\/\/www.pogotowieflagowe.pl\/aktualne\/wp-content\/uploads\/2024\/08\/cropped-pogotowieflagowe_flaga_projekt_sm.jpg\",\"width\":250,\"height\":143,\"caption\":\"POGOTOWIE FLAGOWE\u00ae\"},\"image\":{\"@id\":\"https:\/\/www.pogotowieflagowe.pl\/aktualne\/#\/schema\/logo\/image\/\"}},{\"@type\":\"Person\",\"@id\":\"https:\/\/www.pogotowieflagowe.pl\/aktualne\/#\/schema\/person\/9c2fb7d2362ebf6fa088960d7f0d27b0\",\"name\":\"Filip\",\"image\":{\"@type\":\"ImageObject\",\"inLanguage\":\"pl-PL\",\"@id\":\"https:\/\/www.pogotowieflagowe.pl\/aktualne\/#\/schema\/person\/image\/\",\"url\":\"https:\/\/www.pogotowieflagowe.pl\/aktualne\/wp-content\/uploads\/2024\/08\/pogotowieflagowe.pl_.jpg\",\"contentUrl\":\"https:\/\/www.pogotowieflagowe.pl\/aktualne\/wp-content\/uploads\/2024\/08\/pogotowieflagowe.pl_.jpg\",\"caption\":\"Filip\"},\"description\":\"Jestem Filip, polski dziennikarz z dyplomem nauk politycznych Uniwersytetu Warszawskiego. Rozpoczynaj\u0105c swoj\u0105 karier\u0119 w r\u00f3\u017cnych lokalnych mediach, zdoby\u0142em solidne do\u015bwiadczenie w zakresie \u015bledztwa i redakcji. Obecnie jako redaktor w Pogotowie flagowe, staram si\u0119 dostarcza\u0107 dog\u0142\u0119bne i istotne analizy na temat najwa\u017cniejszych kwestii aktualno\u015bci, \u0142\u0105cz\u0105c rygor z pasj\u0105 dziennikarsk\u0105.\",\"sameAs\":[\"https:\/\/www.pogotowieflagowe.pl\/\"]}]}<\/script>\n<!-- \/ Yoast SEO plugin. -->","yoast_head_json":{"title":"Trump mo\u017ce odwiedzi\u0107 Polsk\u0119 przed wyborami prezydenckimi - POGOTOWIE FLAGOWE\u00ae","robots":{"index":"index","follow":"follow","max-snippet":"max-snippet:-1","max-image-preview":"max-image-preview:large","max-video-preview":"max-video-preview:-1"},"canonical":"https:\/\/www.pogotowieflagowe.pl\/aktualne\/trump-moze-odwiedzic-polske-przed-wyborami-prezydenckimi\/","og_locale":"pl_PL","og_type":"article","og_title":"Trump mo\u017ce odwiedzi\u0107 Polsk\u0119 przed wyborami prezydenckimi - POGOTOWIE FLAGOWE\u00ae","og_description":"Na nadchodz\u0105cym Szczycie Inicjatywy Tr\u00f3jmorza w Warszawie, zaplanowanym na 28\u201329 kwietnia 2025 r., mo\u017ce pojawi\u0107 si\u0119 znacz\u0105cy go\u015b\u0107: Donald Trump.","og_url":"https:\/\/www.pogotowieflagowe.pl\/aktualne\/trump-moze-odwiedzic-polske-przed-wyborami-prezydenckimi\/","og_site_name":"POGOTOWIE FLAGOWE\u00ae","article_published_time":"2024-12-22T16:50:39+00:00","og_image":[{"width":750,"height":425,"url":"https:\/\/www.pogotowieflagowe.pl\/aktualne\/wp-content\/uploads\/2024\/11\/Prezydent-Polski-Duda-spotka-sie-z-Trumpem-w-celu-rozmow.jpg","type":"image\/jpeg"}],"author":"Filip","twitter_card":"summary_large_image","twitter_misc":{"Napisane przez":"Filip","Szacowany czas czytania":"1 minuta"},"schema":{"@context":"https:\/\/schema.org","@graph":[{"@type":"Article","@id":"https:\/\/www.pogotowieflagowe.pl\/aktualne\/trump-moze-odwiedzic-polske-przed-wyborami-prezydenckimi\/#article","isPartOf":{"@id":"https:\/\/www.pogotowieflagowe.pl\/aktualne\/trump-moze-odwiedzic-polske-przed-wyborami-prezydenckimi\/"},"author":{"name":"Filip","@id":"https:\/\/www.pogotowieflagowe.pl\/aktualne\/#\/schema\/person\/9c2fb7d2362ebf6fa088960d7f0d27b0"},"headline":"Trump mo\u017ce odwiedzi\u0107 Polsk\u0119 przed wyborami prezydenckimi","datePublished":"2024-12-22T16:50:39+00:00","dateModified":"2024-12-22T16:50:39+00:00","mainEntityOfPage":{"@id":"https:\/\/www.pogotowieflagowe.pl\/aktualne\/trump-moze-odwiedzic-polske-przed-wyborami-prezydenckimi\/"},"wordCount":193,"publisher":{"@id":"https:\/\/www.pogotowieflagowe.pl\/aktualne\/#organization"},"image":{"@id":"https:\/\/www.pogotowieflagowe.pl\/aktualne\/trump-moze-odwiedzic-polske-przed-wyborami-prezydenckimi\/#primaryimage"},"thumbnailUrl":"https:\/\/www.pogotowieflagowe.pl\/aktualne\/wp-content\/uploads\/2024\/11\/Prezydent-Polski-Duda-spotka-sie-z-Trumpem-w-celu-rozmow.jpg","keywords":["mo\u017ce","odwiedzi\u0107","Polsk\u0119","prezydenckimi","przed","Trump","wyborami"],"articleSection":["Polityka"],"inLanguage":"pl-PL"},{"@type":"WebPage","@id":"https:\/\/www.pogotowieflagowe.pl\/aktualne\/trump-moze-odwiedzic-polske-przed-wyborami-prezydenckimi\/","url":"https:\/\/www.pogotowieflagowe.pl\/aktualne\/trump-moze-odwiedzic-polske-przed-wyborami-prezydenckimi\/","name":"Trump mo\u017ce odwiedzi\u0107 Polsk\u0119 przed wyborami prezydenckimi - POGOTOWIE FLAGOWE\u00ae","isPartOf":{"@id":"https:\/\/www.pogotowieflagowe.pl\/aktualne\/#website"},"primaryImageOfPage":{"@id":"https:\/\/www.pogotowieflagowe.pl\/aktualne\/trump-moze-odwiedzic-polske-przed-wyborami-prezydenckimi\/#primaryimage"},"image":{"@id":"https:\/\/www.pogotowieflagowe.pl\/aktualne\/trump-moze-odwiedzic-polske-przed-wyborami-prezydenckimi\/#primaryimage"},"thumbnailUrl":"https:\/\/www.pogotowieflagowe.pl\/aktualne\/wp-content\/uploads\/2024\/11\/Prezydent-Polski-Duda-spotka-sie-z-Trumpem-w-celu-rozmow.jpg","datePublished":"2024-12-22T16:50:39+00:00","dateModified":"2024-12-22T16:50:39+00:00","breadcrumb":{"@id":"https:\/\/www.pogotowieflagowe.pl\/aktualne\/trump-moze-odwiedzic-polske-przed-wyborami-prezydenckimi\/#breadcrumb"},"inLanguage":"pl-PL","potentialAction":[{"@type":"ReadAction","target":["https:\/\/www.pogotowieflagowe.pl\/aktualne\/trump-moze-odwiedzic-polske-przed-wyborami-prezydenckimi\/"]}]},{"@type":"ImageObject","inLanguage":"pl-PL","@id":"https:\/\/www.pogotowieflagowe.pl\/aktualne\/trump-moze-odwiedzic-polske-przed-wyborami-prezydenckimi\/#primaryimage","url":"https:\/\/www.pogotowieflagowe.pl\/aktualne\/wp-content\/uploads\/2024\/11\/Prezydent-Polski-Duda-spotka-sie-z-Trumpem-w-celu-rozmow.jpg","contentUrl":"https:\/\/www.pogotowieflagowe.pl\/aktualne\/wp-content\/uploads\/2024\/11\/Prezydent-Polski-Duda-spotka-sie-z-Trumpem-w-celu-rozmow.jpg","width":750,"height":425,"caption":"Prezydent Polski Duda spotka si\u0119 z Trumpem w celu rozm\u00f3w strategicznych"},{"@type":"BreadcrumbList","@id":"https:\/\/www.pogotowieflagowe.pl\/aktualne\/trump-moze-odwiedzic-polske-przed-wyborami-prezydenckimi\/#breadcrumb","itemListElement":[{"@type":"ListItem","position":1,"name":"Home","item":"https:\/\/www.pogotowieflagowe.pl\/aktualne\/"},{"@type":"ListItem","position":2,"name":"Trump mo\u017ce odwiedzi\u0107 Polsk\u0119 przed wyborami prezydenckimi"}]},{"@type":"WebSite","@id":"https:\/\/www.pogotowieflagowe.pl\/aktualne\/#website","url":"https:\/\/www.pogotowieflagowe.pl\/aktualne\/","name":"POGOTOWIE FLAGOWE\u00ae","description":"","publisher":{"@id":"https:\/\/www.pogotowieflagowe.pl\/aktualne\/#organization"},"potentialAction":[{"@type":"SearchAction","target":{"@type":"EntryPoint","urlTemplate":"https:\/\/www.pogotowieflagowe.pl\/aktualne\/?s={search_term_string}"},"query-input":"required name=search_term_string"}],"inLanguage":"pl-PL"},{"@type":"Organization","@id":"https:\/\/www.pogotowieflagowe.pl\/aktualne\/#organization","name":"POGOTOWIE FLAGOWE\u00ae","url":"https:\/\/www.pogotowieflagowe.pl\/aktualne\/","logo":{"@type":"ImageObject","inLanguage":"pl-PL","@id":"https:\/\/www.pogotowieflagowe.pl\/aktualne\/#\/schema\/logo\/image\/","url":"https:\/\/www.pogotowieflagowe.pl\/aktualne\/wp-content\/uploads\/2024\/08\/cropped-pogotowieflagowe_flaga_projekt_sm.jpg","contentUrl":"https:\/\/www.pogotowieflagowe.pl\/aktualne\/wp-content\/uploads\/2024\/08\/cropped-pogotowieflagowe_flaga_projekt_sm.jpg","width":250,"height":143,"caption":"POGOTOWIE FLAGOWE\u00ae"},"image":{"@id":"https:\/\/www.pogotowieflagowe.pl\/aktualne\/#\/schema\/logo\/image\/"}},{"@type":"Person","@id":"https:\/\/www.pogotowieflagowe.pl\/aktualne\/#\/schema\/person\/9c2fb7d2362ebf6fa088960d7f0d27b0","name":"Filip","image":{"@type":"ImageObject","inLanguage":"pl-PL","@id":"https:\/\/www.pogotowieflagowe.pl\/aktualne\/#\/schema\/person\/image\/","url":"https:\/\/www.pogotowieflagowe.pl\/aktualne\/wp-content\/uploads\/2024\/08\/pogotowieflagowe.pl_.jpg","contentUrl":"https:\/\/www.pogotowieflagowe.pl\/aktualne\/wp-content\/uploads\/2024\/08\/pogotowieflagowe.pl_.jpg","caption":"Filip"},"description":"Jestem Filip, polski dziennikarz z dyplomem nauk politycznych Uniwersytetu Warszawskiego. Rozpoczynaj\u0105c swoj\u0105 karier\u0119 w r\u00f3\u017cnych lokalnych mediach, zdoby\u0142em solidne do\u015bwiadczenie w zakresie \u015bledztwa i redakcji. Obecnie jako redaktor w Pogotowie flagowe, staram si\u0119 dostarcza\u0107 dog\u0142\u0119bne i istotne analizy na temat najwa\u017cniejszych kwestii aktualno\u015bci, \u0142\u0105cz\u0105c rygor z pasj\u0105 dziennikarsk\u0105.","sameAs":["https:\/\/www.pogotowieflagowe.pl\/"]}]}},"_links":{"self":[{"href":"https:\/\/www.pogotowieflagowe.pl\/aktualne\/wp-json\/wp\/v2\/posts\/2590","targetHints":{"allow":["GET"]}}],"collection":[{"href":"https:\/\/www.pogotowieflagowe.pl\/aktualne\/wp-json\/wp\/v2\/posts"}],"about":[{"href":"https:\/\/www.pogotowieflagowe.pl\/aktualne\/wp-json\/wp\/v2\/types\/post"}],"author":[{"embeddable":true,"href":"https:\/\/www.pogotowieflagowe.pl\/aktualne\/wp-json\/wp\/v2\/users\/1"}],"replies":[{"embeddable":true,"href":"https:\/\/www.pogotowieflagowe.pl\/aktualne\/wp-json\/wp\/v2\/comments?post=2590"}],"version-history":[{"count":1,"href":"https:\/\/www.pogotowieflagowe.pl\/aktualne\/wp-json\/wp\/v2\/posts\/2590\/revisions"}],"predecessor-version":[{"id":2591,"href":"https:\/\/www.pogotowieflagowe.pl\/aktualne\/wp-json\/wp\/v2\/posts\/2590\/revisions\/2591"}],"wp:featuredmedia":[{"embeddable":true,"href":"https:\/\/www.pogotowieflagowe.pl\/aktualne\/wp-json\/wp\/v2\/media\/1804"}],"wp:attachment":[{"href":"https:\/\/www.pogotowieflagowe.pl\/aktualne\/wp-json\/wp\/v2\/media?parent=2590"}],"wp:term":[{"taxonomy":"category","embeddable":true,"href":"https:\/\/www.pogotowieflagowe.pl\/aktualne\/wp-json\/wp\/v2\/categories?post=2590"},{"taxonomy":"post_tag","embeddable":true,"href":"https:\/\/www.pogotowieflagowe.pl\/aktualne\/wp-json\/wp\/v2\/tags?post=2590"}],"curies":[{"name":"wp","href":"https:\/\/api.w.org\/{rel}","templated":true}]}}