{"id":2633,"date":"2024-12-24T14:46:59","date_gmt":"2024-12-24T13:46:59","guid":{"rendered":"https:\/\/www.pogotowieflagowe.pl\/aktualne\/protest-i-oburzenie-wiece-skrajnej-prawicy-w-magdeburgu-po-ataku-na-jarmark-bozonarodzeniowy\/"},"modified":"2024-12-24T14:47:02","modified_gmt":"2024-12-24T13:47:02","slug":"protest-i-oburzenie-wiece-skrajnej-prawicy-w-magdeburgu-po-ataku-na-jarmark-bozonarodzeniowy","status":"publish","type":"post","link":"https:\/\/www.pogotowieflagowe.pl\/aktualne\/protest-i-oburzenie-wiece-skrajnej-prawicy-w-magdeburgu-po-ataku-na-jarmark-bozonarodzeniowy\/","title":{"rendered":"Protest i oburzenie: wiece skrajnej prawicy w Magdeburgu po ataku na jarmark bo\u017conarodzeniowy"},"content":{"rendered":"\n<div class=\"td_block_wrap tdb_single_content tdi_48 td-pb-border-top td_block_template_8 td-post-content tagdiv-type\" data-td-block-uid=\"tdi_48\">\n<style>.tdi_48{margines-top:0px!important;margin-bottom:0px!important;dope\u0142nienie-g\u00f3ra:0px!important;dope\u0142nienie-d\u00f3\u0142:0px!important}<\/style>\n<style>.tdb_single_content{margin-bottom:0;*zoom:1}.tdb_single_content:before,.tdb_single_content:after{display:table;content:'';line-height:0}.tdb_single_content:after{clear:both}.tdb_single_content .tdb-block-inner>*:not(.wp-block-quote):not(.alignwide):not(.alignfull.wp-block-cover.has-parallax):not(.td-a-ad) {margin-left:auto;margin-right:auto}.tdb_single_content a{pointer-events:auto}.tdb_single_content .td-spot-id-top_ad .tdc-placeholder-title:before{content:'Article Top Ad'!important}.tdb_single_content .td-spot-id-inline_ad0 .tdc-placeholder-title:before{content:'Article Reklama wbudowana 1'!important}.tdb_single_content .td-spot-id-inline_ad1 .tdc-placeholder-title:before{content:'Article Inline Ad 2'!important}.tdb_single_content .td-spot-id-inline_ad2 .tdc-placeholder-title:before{content:' Reklama wbudowana w artyku\u0142 3'!important}.tdb_single_content .td-spot-id-bottom_ad .tdc-placeholder-title:before{content:'Article Bottom Ad'!important}.tdb_single_content .id_top_ad,.tdb_single_content .id_bottom_ad{clear:both;margin-bottom:21px;text-align:center}.tdb_single_content .id_top_ad img,.tdb_single_content .id_bottom_ad img{margin-bottom:0}.tdb_single_content .id_top_ad .adsbygoogle,.tdb_single_content .id_bottom_ad .adsbygoogle{position:relative}.tdb_single_content .id_ad_content-horiz-left,.tdb_single_content .id_ad_content-horiz-right,.tdb_single_content .id_ad_content-horiz-center{margin-bottom:15px}.tdb_single_content .id_ad_content-horiz-left img,.tdb_single_content .id_ad_content-horiz-right img,.tdb_single_content .id_ad_content-horiz-center img{margin-bottom:0}.tdb_single_content .id_ad_content-horiz-center{text-align:center}.tdb_single_content .id_ad_content-horiz-center img{margin-right:auto;margin-left:auto}.tdb_single_content .id_ad_content-horiz-left{float:left;margin-top:9px;margin-right:21px}.tdb_single_content .id_ad_content-horiz-right{float:right;margin-top:6px;margin-left:21px}.tdb_single_content .tdc-a-ad .tdc-placeholder-title{width:300px;height:250px}.tdb_single_content .tdc-a-ad .tdc-placeholder-title:before{position:absolute;top:50%;-webkit-transform:translateY(-50%);transform:translateY(-50%);margines:auto;display:table;width:100 %}.tdb_single_content .tdb-block-inner.td-fix-index{word-break:break-word}.tdi_48,.tdi_48>p,.tdi_48 .tdb-block-inner>p{font-size:16px!important;line- wysoko\u015b\u0107:1,6!wa\u017cne}.tdi_48 .tdb-block-inner blockquote p{font-style:normal!important}@media (max-width:767px){.tdb_single_content .id_ad_content-horiz-left,.tdb_single_content .id_ad_content-horiz-right,.tdb_single_content .id_ad_content-horiz-center{margin:0 automatyczny 26px auto}}@media (max-width:767px){.tdb_single_content .id_ad_content-horiz-left{margin-right:0}}@media (max-width:767px){.tdb_single_content .id_ad_content-horiz-right{margin -left:0}}@media (max-width:767px){.tdb_single_content .td-a-ad{float:none;text-align:center}.tdb_single_content .td-a-ad img{margin-right:auto;margin-left:auto}. tdb_single_content .tdc-a-ad{float:none}}<\/style>\n<div class=\"tdb-block-inner td-fix-index\">\n<p>W sobotni wiecz\u00f3r oko\u0142o 1000 skrajnie prawicowych demonstrant\u00f3w zebra\u0142o si\u0119 na centralnym placu Magdeburga po pi\u0105tkowym ataku na jarmarku bo\u017conarodzeniowym, w wyniku kt\u00f3rego zgin\u0119\u0142o pi\u0119\u0107 os\u00f3b, a setki zosta\u0142o rannych. Napastnik, zidentyfikowany jako lekarz z Arabii Saudyjskiej, ponownie wywo\u0142a\u0142 zaciek\u0142\u0105 debat\u0119 na temat polityki migracyjnej w Niemczech. Protestuj\u0105cy nie\u015bli transparenty z has\u0142ami takimi jak \u201ereemigracja\u201d i skandowali has\u0142a antyimigracyjne, podkre\u015blaj\u0105c rosn\u0105ce niezadowolenie niekt\u00f3rych warstw spo\u0142ecze\u0144stwa.<\/p>\n<p><strong>Migracja i krajobraz polityczny<\/strong><br \/>Do wiecu dochodzi w okresie, gdy Niemcy zbli\u017caj\u0105 si\u0119 do przedterminowych wybor\u00f3w zaplanowanych na 23 lutego, a dyskurs polityczny zdominuje migracja. Skrajnie prawicowa partia Alternatywa dla Niemiec (AfD) zyska\u0142a na popularno\u015bci, wykorzystuj\u0105c obawy spo\u0142eczne wynikaj\u0105ce ze wzgl\u0119d\u00f3w bezpiecze\u0144stwa. Premier W\u0119gier Viktor Orban skrytykowa\u0142 polityk\u0119 migracyjn\u0105 UE, wskazuj\u0105c na bezpo\u015bredni zwi\u0105zek migracji z terroryzmem.<\/p>\n<p><strong>Podzielona Europa<\/strong><br \/>Incydent zintensyfikowa\u0142 wezwania do wprowadzenia bardziej rygorystycznych kontroli migracji w ca\u0142ej Europie. Tragedia w Magdeburgu uwydatnia utrzymuj\u0105ce si\u0119 podzia\u0142y w polityce migracyjnej, wywo\u0142uj\u0105c now\u0105 fal\u0119 skrajnie prawicowego aktywizmu i debaty na temat bezpiecze\u0144stwa narodowego.<\/p>\n<\/div>\n<\/div>\n","protected":false},"excerpt":{"rendered":"<p>W sobotni wiecz\u00f3r oko\u0142o 1000 skrajnie prawicowych demonstrant\u00f3w zebra\u0142o si\u0119 na centralnym placu Magdeburga po pi\u0105tkowym ataku na jarmarku bo\u017conarodzeniowym,<\/p>\n","protected":false},"author":1,"featured_media":2634,"comment_status":"closed","ping_status":"","sticky":false,"template":"","format":"standard","meta":{"footnotes":""},"categories":[44],"tags":[3669,3993,3992,3924,31,2770,1429,3991,3990],"class_list":["post-2633","post","type-post","status-publish","format-standard","has-post-thumbnail","hentry","category-polityka","tag-ataku","tag-bozonarodzeniowy","tag-jarmark","tag-magdeburgu","tag-oburzenie","tag-prawicy","tag-protest","tag-skrajnej","tag-wiece","generate-columns","tablet-grid-50","mobile-grid-100","grid-parent","grid-50","resize-featured-image"],"yoast_head":"<!-- This site is optimized with the Yoast SEO plugin v23.2 - https:\/\/yoast.com\/wordpress\/plugins\/seo\/ -->\n<title>Protest i oburzenie: wiece skrajnej prawicy w Magdeburgu po ataku na jarmark bo\u017conarodzeniowy - POGOTOWIE FLAGOWE\u00ae<\/title>\n<meta name=\"robots\" content=\"index, follow, max-snippet:-1, max-image-preview:large, max-video-preview:-1\" \/>\n<link rel=\"canonical\" href=\"https:\/\/www.pogotowieflagowe.pl\/aktualne\/protest-i-oburzenie-wiece-skrajnej-prawicy-w-magdeburgu-po-ataku-na-jarmark-bozonarodzeniowy\/\" \/>\n<meta property=\"og:locale\" content=\"pl_PL\" \/>\n<meta property=\"og:type\" content=\"article\" \/>\n<meta property=\"og:title\" content=\"Protest i oburzenie: wiece skrajnej prawicy w Magdeburgu po ataku na jarmark bo\u017conarodzeniowy - POGOTOWIE FLAGOWE\u00ae\" \/>\n<meta property=\"og:description\" content=\"W sobotni wiecz\u00f3r oko\u0142o 1000 skrajnie prawicowych demonstrant\u00f3w zebra\u0142o si\u0119 na centralnym placu Magdeburga po pi\u0105tkowym ataku na jarmarku bo\u017conarodzeniowym,\" \/>\n<meta property=\"og:url\" content=\"https:\/\/www.pogotowieflagowe.pl\/aktualne\/protest-i-oburzenie-wiece-skrajnej-prawicy-w-magdeburgu-po-ataku-na-jarmark-bozonarodzeniowy\/\" \/>\n<meta property=\"og:site_name\" content=\"POGOTOWIE FLAGOWE\u00ae\" \/>\n<meta property=\"article:published_time\" content=\"2024-12-24T13:46:59+00:00\" \/>\n<meta property=\"article:modified_time\" content=\"2024-12-24T13:47:02+00:00\" \/>\n<meta property=\"og:image\" content=\"https:\/\/www.pogotowieflagowe.pl\/aktualne\/wp-content\/uploads\/2024\/12\/Protest-i-oburzenie-wiece-skrajnej-prawicy-w-Magdeburgu-po-ataku.jpg\" \/>\n\t<meta property=\"og:image:width\" content=\"1779\" \/>\n\t<meta property=\"og:image:height\" content=\"915\" \/>\n\t<meta property=\"og:image:type\" content=\"image\/jpeg\" \/>\n<meta name=\"author\" content=\"Filip\" \/>\n<meta name=\"twitter:card\" content=\"summary_large_image\" \/>\n<meta name=\"twitter:label1\" content=\"Napisane przez\" \/>\n\t<meta name=\"twitter:data1\" content=\"Filip\" \/>\n\t<meta name=\"twitter:label2\" content=\"Szacowany czas czytania\" \/>\n\t<meta name=\"twitter:data2\" content=\"1 minuta\" \/>\n<script type=\"application\/ld+json\" class=\"yoast-schema-graph\">{\"@context\":\"https:\/\/schema.org\",\"@graph\":[{\"@type\":\"Article\",\"@id\":\"https:\/\/www.pogotowieflagowe.pl\/aktualne\/protest-i-oburzenie-wiece-skrajnej-prawicy-w-magdeburgu-po-ataku-na-jarmark-bozonarodzeniowy\/#article\",\"isPartOf\":{\"@id\":\"https:\/\/www.pogotowieflagowe.pl\/aktualne\/protest-i-oburzenie-wiece-skrajnej-prawicy-w-magdeburgu-po-ataku-na-jarmark-bozonarodzeniowy\/\"},\"author\":{\"name\":\"Filip\",\"@id\":\"https:\/\/www.pogotowieflagowe.pl\/aktualne\/#\/schema\/person\/9c2fb7d2362ebf6fa088960d7f0d27b0\"},\"headline\":\"Protest i oburzenie: wiece skrajnej prawicy w Magdeburgu po ataku na jarmark bo\u017conarodzeniowy\",\"datePublished\":\"2024-12-24T13:46:59+00:00\",\"dateModified\":\"2024-12-24T13:47:02+00:00\",\"mainEntityOfPage\":{\"@id\":\"https:\/\/www.pogotowieflagowe.pl\/aktualne\/protest-i-oburzenie-wiece-skrajnej-prawicy-w-magdeburgu-po-ataku-na-jarmark-bozonarodzeniowy\/\"},\"wordCount\":211,\"publisher\":{\"@id\":\"https:\/\/www.pogotowieflagowe.pl\/aktualne\/#organization\"},\"image\":{\"@id\":\"https:\/\/www.pogotowieflagowe.pl\/aktualne\/protest-i-oburzenie-wiece-skrajnej-prawicy-w-magdeburgu-po-ataku-na-jarmark-bozonarodzeniowy\/#primaryimage\"},\"thumbnailUrl\":\"https:\/\/www.pogotowieflagowe.pl\/aktualne\/wp-content\/uploads\/2024\/12\/Protest-i-oburzenie-wiece-skrajnej-prawicy-w-Magdeburgu-po-ataku.jpg\",\"keywords\":[\"ataku\",\"bo\u017conarodzeniowy\",\"jarmark\",\"Magdeburgu\",\"oburzenie\",\"prawicy\",\"Protest\",\"skrajnej\",\"wiece\"],\"articleSection\":[\"Polityka\"],\"inLanguage\":\"pl-PL\"},{\"@type\":\"WebPage\",\"@id\":\"https:\/\/www.pogotowieflagowe.pl\/aktualne\/protest-i-oburzenie-wiece-skrajnej-prawicy-w-magdeburgu-po-ataku-na-jarmark-bozonarodzeniowy\/\",\"url\":\"https:\/\/www.pogotowieflagowe.pl\/aktualne\/protest-i-oburzenie-wiece-skrajnej-prawicy-w-magdeburgu-po-ataku-na-jarmark-bozonarodzeniowy\/\",\"name\":\"Protest i oburzenie: wiece skrajnej prawicy w Magdeburgu po ataku na jarmark bo\u017conarodzeniowy - POGOTOWIE FLAGOWE\u00ae\",\"isPartOf\":{\"@id\":\"https:\/\/www.pogotowieflagowe.pl\/aktualne\/#website\"},\"primaryImageOfPage\":{\"@id\":\"https:\/\/www.pogotowieflagowe.pl\/aktualne\/protest-i-oburzenie-wiece-skrajnej-prawicy-w-magdeburgu-po-ataku-na-jarmark-bozonarodzeniowy\/#primaryimage\"},\"image\":{\"@id\":\"https:\/\/www.pogotowieflagowe.pl\/aktualne\/protest-i-oburzenie-wiece-skrajnej-prawicy-w-magdeburgu-po-ataku-na-jarmark-bozonarodzeniowy\/#primaryimage\"},\"thumbnailUrl\":\"https:\/\/www.pogotowieflagowe.pl\/aktualne\/wp-content\/uploads\/2024\/12\/Protest-i-oburzenie-wiece-skrajnej-prawicy-w-Magdeburgu-po-ataku.jpg\",\"datePublished\":\"2024-12-24T13:46:59+00:00\",\"dateModified\":\"2024-12-24T13:47:02+00:00\",\"breadcrumb\":{\"@id\":\"https:\/\/www.pogotowieflagowe.pl\/aktualne\/protest-i-oburzenie-wiece-skrajnej-prawicy-w-magdeburgu-po-ataku-na-jarmark-bozonarodzeniowy\/#breadcrumb\"},\"inLanguage\":\"pl-PL\",\"potentialAction\":[{\"@type\":\"ReadAction\",\"target\":[\"https:\/\/www.pogotowieflagowe.pl\/aktualne\/protest-i-oburzenie-wiece-skrajnej-prawicy-w-magdeburgu-po-ataku-na-jarmark-bozonarodzeniowy\/\"]}]},{\"@type\":\"ImageObject\",\"inLanguage\":\"pl-PL\",\"@id\":\"https:\/\/www.pogotowieflagowe.pl\/aktualne\/protest-i-oburzenie-wiece-skrajnej-prawicy-w-magdeburgu-po-ataku-na-jarmark-bozonarodzeniowy\/#primaryimage\",\"url\":\"https:\/\/www.pogotowieflagowe.pl\/aktualne\/wp-content\/uploads\/2024\/12\/Protest-i-oburzenie-wiece-skrajnej-prawicy-w-Magdeburgu-po-ataku.jpg\",\"contentUrl\":\"https:\/\/www.pogotowieflagowe.pl\/aktualne\/wp-content\/uploads\/2024\/12\/Protest-i-oburzenie-wiece-skrajnej-prawicy-w-Magdeburgu-po-ataku.jpg\",\"width\":1779,\"height\":915,\"caption\":\"Protest i oburzenie: wiece skrajnej prawicy w Magdeburgu po ataku na jarmark bo\u017conarodzeniowy\"},{\"@type\":\"BreadcrumbList\",\"@id\":\"https:\/\/www.pogotowieflagowe.pl\/aktualne\/protest-i-oburzenie-wiece-skrajnej-prawicy-w-magdeburgu-po-ataku-na-jarmark-bozonarodzeniowy\/#breadcrumb\",\"itemListElement\":[{\"@type\":\"ListItem\",\"position\":1,\"name\":\"Home\",\"item\":\"https:\/\/www.pogotowieflagowe.pl\/aktualne\/\"},{\"@type\":\"ListItem\",\"position\":2,\"name\":\"Protest i oburzenie: wiece skrajnej prawicy w Magdeburgu po ataku na jarmark bo\u017conarodzeniowy\"}]},{\"@type\":\"WebSite\",\"@id\":\"https:\/\/www.pogotowieflagowe.pl\/aktualne\/#website\",\"url\":\"https:\/\/www.pogotowieflagowe.pl\/aktualne\/\",\"name\":\"POGOTOWIE FLAGOWE\u00ae\",\"description\":\"\",\"publisher\":{\"@id\":\"https:\/\/www.pogotowieflagowe.pl\/aktualne\/#organization\"},\"potentialAction\":[{\"@type\":\"SearchAction\",\"target\":{\"@type\":\"EntryPoint\",\"urlTemplate\":\"https:\/\/www.pogotowieflagowe.pl\/aktualne\/?s={search_term_string}\"},\"query-input\":\"required name=search_term_string\"}],\"inLanguage\":\"pl-PL\"},{\"@type\":\"Organization\",\"@id\":\"https:\/\/www.pogotowieflagowe.pl\/aktualne\/#organization\",\"name\":\"POGOTOWIE FLAGOWE\u00ae\",\"url\":\"https:\/\/www.pogotowieflagowe.pl\/aktualne\/\",\"logo\":{\"@type\":\"ImageObject\",\"inLanguage\":\"pl-PL\",\"@id\":\"https:\/\/www.pogotowieflagowe.pl\/aktualne\/#\/schema\/logo\/image\/\",\"url\":\"https:\/\/www.pogotowieflagowe.pl\/aktualne\/wp-content\/uploads\/2024\/08\/cropped-pogotowieflagowe_flaga_projekt_sm.jpg\",\"contentUrl\":\"https:\/\/www.pogotowieflagowe.pl\/aktualne\/wp-content\/uploads\/2024\/08\/cropped-pogotowieflagowe_flaga_projekt_sm.jpg\",\"width\":250,\"height\":143,\"caption\":\"POGOTOWIE FLAGOWE\u00ae\"},\"image\":{\"@id\":\"https:\/\/www.pogotowieflagowe.pl\/aktualne\/#\/schema\/logo\/image\/\"}},{\"@type\":\"Person\",\"@id\":\"https:\/\/www.pogotowieflagowe.pl\/aktualne\/#\/schema\/person\/9c2fb7d2362ebf6fa088960d7f0d27b0\",\"name\":\"Filip\",\"image\":{\"@type\":\"ImageObject\",\"inLanguage\":\"pl-PL\",\"@id\":\"https:\/\/www.pogotowieflagowe.pl\/aktualne\/#\/schema\/person\/image\/\",\"url\":\"https:\/\/www.pogotowieflagowe.pl\/aktualne\/wp-content\/uploads\/2024\/08\/pogotowieflagowe.pl_.jpg\",\"contentUrl\":\"https:\/\/www.pogotowieflagowe.pl\/aktualne\/wp-content\/uploads\/2024\/08\/pogotowieflagowe.pl_.jpg\",\"caption\":\"Filip\"},\"description\":\"Jestem Filip, polski dziennikarz z dyplomem nauk politycznych Uniwersytetu Warszawskiego. Rozpoczynaj\u0105c swoj\u0105 karier\u0119 w r\u00f3\u017cnych lokalnych mediach, zdoby\u0142em solidne do\u015bwiadczenie w zakresie \u015bledztwa i redakcji. Obecnie jako redaktor w Pogotowie flagowe, staram si\u0119 dostarcza\u0107 dog\u0142\u0119bne i istotne analizy na temat najwa\u017cniejszych kwestii aktualno\u015bci, \u0142\u0105cz\u0105c rygor z pasj\u0105 dziennikarsk\u0105.\",\"sameAs\":[\"https:\/\/www.pogotowieflagowe.pl\/\"]}]}<\/script>\n<!-- \/ Yoast SEO plugin. -->","yoast_head_json":{"title":"Protest i oburzenie: wiece skrajnej prawicy w Magdeburgu po ataku na jarmark bo\u017conarodzeniowy - POGOTOWIE FLAGOWE\u00ae","robots":{"index":"index","follow":"follow","max-snippet":"max-snippet:-1","max-image-preview":"max-image-preview:large","max-video-preview":"max-video-preview:-1"},"canonical":"https:\/\/www.pogotowieflagowe.pl\/aktualne\/protest-i-oburzenie-wiece-skrajnej-prawicy-w-magdeburgu-po-ataku-na-jarmark-bozonarodzeniowy\/","og_locale":"pl_PL","og_type":"article","og_title":"Protest i oburzenie: wiece skrajnej prawicy w Magdeburgu po ataku na jarmark bo\u017conarodzeniowy - POGOTOWIE FLAGOWE\u00ae","og_description":"W sobotni wiecz\u00f3r oko\u0142o 1000 skrajnie prawicowych demonstrant\u00f3w zebra\u0142o si\u0119 na centralnym placu Magdeburga po pi\u0105tkowym ataku na jarmarku bo\u017conarodzeniowym,","og_url":"https:\/\/www.pogotowieflagowe.pl\/aktualne\/protest-i-oburzenie-wiece-skrajnej-prawicy-w-magdeburgu-po-ataku-na-jarmark-bozonarodzeniowy\/","og_site_name":"POGOTOWIE FLAGOWE\u00ae","article_published_time":"2024-12-24T13:46:59+00:00","article_modified_time":"2024-12-24T13:47:02+00:00","og_image":[{"width":1779,"height":915,"url":"https:\/\/www.pogotowieflagowe.pl\/aktualne\/wp-content\/uploads\/2024\/12\/Protest-i-oburzenie-wiece-skrajnej-prawicy-w-Magdeburgu-po-ataku.jpg","type":"image\/jpeg"}],"author":"Filip","twitter_card":"summary_large_image","twitter_misc":{"Napisane przez":"Filip","Szacowany czas czytania":"1 minuta"},"schema":{"@context":"https:\/\/schema.org","@graph":[{"@type":"Article","@id":"https:\/\/www.pogotowieflagowe.pl\/aktualne\/protest-i-oburzenie-wiece-skrajnej-prawicy-w-magdeburgu-po-ataku-na-jarmark-bozonarodzeniowy\/#article","isPartOf":{"@id":"https:\/\/www.pogotowieflagowe.pl\/aktualne\/protest-i-oburzenie-wiece-skrajnej-prawicy-w-magdeburgu-po-ataku-na-jarmark-bozonarodzeniowy\/"},"author":{"name":"Filip","@id":"https:\/\/www.pogotowieflagowe.pl\/aktualne\/#\/schema\/person\/9c2fb7d2362ebf6fa088960d7f0d27b0"},"headline":"Protest i oburzenie: wiece skrajnej prawicy w Magdeburgu po ataku na jarmark bo\u017conarodzeniowy","datePublished":"2024-12-24T13:46:59+00:00","dateModified":"2024-12-24T13:47:02+00:00","mainEntityOfPage":{"@id":"https:\/\/www.pogotowieflagowe.pl\/aktualne\/protest-i-oburzenie-wiece-skrajnej-prawicy-w-magdeburgu-po-ataku-na-jarmark-bozonarodzeniowy\/"},"wordCount":211,"publisher":{"@id":"https:\/\/www.pogotowieflagowe.pl\/aktualne\/#organization"},"image":{"@id":"https:\/\/www.pogotowieflagowe.pl\/aktualne\/protest-i-oburzenie-wiece-skrajnej-prawicy-w-magdeburgu-po-ataku-na-jarmark-bozonarodzeniowy\/#primaryimage"},"thumbnailUrl":"https:\/\/www.pogotowieflagowe.pl\/aktualne\/wp-content\/uploads\/2024\/12\/Protest-i-oburzenie-wiece-skrajnej-prawicy-w-Magdeburgu-po-ataku.jpg","keywords":["ataku","bo\u017conarodzeniowy","jarmark","Magdeburgu","oburzenie","prawicy","Protest","skrajnej","wiece"],"articleSection":["Polityka"],"inLanguage":"pl-PL"},{"@type":"WebPage","@id":"https:\/\/www.pogotowieflagowe.pl\/aktualne\/protest-i-oburzenie-wiece-skrajnej-prawicy-w-magdeburgu-po-ataku-na-jarmark-bozonarodzeniowy\/","url":"https:\/\/www.pogotowieflagowe.pl\/aktualne\/protest-i-oburzenie-wiece-skrajnej-prawicy-w-magdeburgu-po-ataku-na-jarmark-bozonarodzeniowy\/","name":"Protest i oburzenie: wiece skrajnej prawicy w Magdeburgu po ataku na jarmark bo\u017conarodzeniowy - POGOTOWIE FLAGOWE\u00ae","isPartOf":{"@id":"https:\/\/www.pogotowieflagowe.pl\/aktualne\/#website"},"primaryImageOfPage":{"@id":"https:\/\/www.pogotowieflagowe.pl\/aktualne\/protest-i-oburzenie-wiece-skrajnej-prawicy-w-magdeburgu-po-ataku-na-jarmark-bozonarodzeniowy\/#primaryimage"},"image":{"@id":"https:\/\/www.pogotowieflagowe.pl\/aktualne\/protest-i-oburzenie-wiece-skrajnej-prawicy-w-magdeburgu-po-ataku-na-jarmark-bozonarodzeniowy\/#primaryimage"},"thumbnailUrl":"https:\/\/www.pogotowieflagowe.pl\/aktualne\/wp-content\/uploads\/2024\/12\/Protest-i-oburzenie-wiece-skrajnej-prawicy-w-Magdeburgu-po-ataku.jpg","datePublished":"2024-12-24T13:46:59+00:00","dateModified":"2024-12-24T13:47:02+00:00","breadcrumb":{"@id":"https:\/\/www.pogotowieflagowe.pl\/aktualne\/protest-i-oburzenie-wiece-skrajnej-prawicy-w-magdeburgu-po-ataku-na-jarmark-bozonarodzeniowy\/#breadcrumb"},"inLanguage":"pl-PL","potentialAction":[{"@type":"ReadAction","target":["https:\/\/www.pogotowieflagowe.pl\/aktualne\/protest-i-oburzenie-wiece-skrajnej-prawicy-w-magdeburgu-po-ataku-na-jarmark-bozonarodzeniowy\/"]}]},{"@type":"ImageObject","inLanguage":"pl-PL","@id":"https:\/\/www.pogotowieflagowe.pl\/aktualne\/protest-i-oburzenie-wiece-skrajnej-prawicy-w-magdeburgu-po-ataku-na-jarmark-bozonarodzeniowy\/#primaryimage","url":"https:\/\/www.pogotowieflagowe.pl\/aktualne\/wp-content\/uploads\/2024\/12\/Protest-i-oburzenie-wiece-skrajnej-prawicy-w-Magdeburgu-po-ataku.jpg","contentUrl":"https:\/\/www.pogotowieflagowe.pl\/aktualne\/wp-content\/uploads\/2024\/12\/Protest-i-oburzenie-wiece-skrajnej-prawicy-w-Magdeburgu-po-ataku.jpg","width":1779,"height":915,"caption":"Protest i oburzenie: wiece skrajnej prawicy w Magdeburgu po ataku na jarmark bo\u017conarodzeniowy"},{"@type":"BreadcrumbList","@id":"https:\/\/www.pogotowieflagowe.pl\/aktualne\/protest-i-oburzenie-wiece-skrajnej-prawicy-w-magdeburgu-po-ataku-na-jarmark-bozonarodzeniowy\/#breadcrumb","itemListElement":[{"@type":"ListItem","position":1,"name":"Home","item":"https:\/\/www.pogotowieflagowe.pl\/aktualne\/"},{"@type":"ListItem","position":2,"name":"Protest i oburzenie: wiece skrajnej prawicy w Magdeburgu po ataku na jarmark bo\u017conarodzeniowy"}]},{"@type":"WebSite","@id":"https:\/\/www.pogotowieflagowe.pl\/aktualne\/#website","url":"https:\/\/www.pogotowieflagowe.pl\/aktualne\/","name":"POGOTOWIE FLAGOWE\u00ae","description":"","publisher":{"@id":"https:\/\/www.pogotowieflagowe.pl\/aktualne\/#organization"},"potentialAction":[{"@type":"SearchAction","target":{"@type":"EntryPoint","urlTemplate":"https:\/\/www.pogotowieflagowe.pl\/aktualne\/?s={search_term_string}"},"query-input":"required name=search_term_string"}],"inLanguage":"pl-PL"},{"@type":"Organization","@id":"https:\/\/www.pogotowieflagowe.pl\/aktualne\/#organization","name":"POGOTOWIE FLAGOWE\u00ae","url":"https:\/\/www.pogotowieflagowe.pl\/aktualne\/","logo":{"@type":"ImageObject","inLanguage":"pl-PL","@id":"https:\/\/www.pogotowieflagowe.pl\/aktualne\/#\/schema\/logo\/image\/","url":"https:\/\/www.pogotowieflagowe.pl\/aktualne\/wp-content\/uploads\/2024\/08\/cropped-pogotowieflagowe_flaga_projekt_sm.jpg","contentUrl":"https:\/\/www.pogotowieflagowe.pl\/aktualne\/wp-content\/uploads\/2024\/08\/cropped-pogotowieflagowe_flaga_projekt_sm.jpg","width":250,"height":143,"caption":"POGOTOWIE FLAGOWE\u00ae"},"image":{"@id":"https:\/\/www.pogotowieflagowe.pl\/aktualne\/#\/schema\/logo\/image\/"}},{"@type":"Person","@id":"https:\/\/www.pogotowieflagowe.pl\/aktualne\/#\/schema\/person\/9c2fb7d2362ebf6fa088960d7f0d27b0","name":"Filip","image":{"@type":"ImageObject","inLanguage":"pl-PL","@id":"https:\/\/www.pogotowieflagowe.pl\/aktualne\/#\/schema\/person\/image\/","url":"https:\/\/www.pogotowieflagowe.pl\/aktualne\/wp-content\/uploads\/2024\/08\/pogotowieflagowe.pl_.jpg","contentUrl":"https:\/\/www.pogotowieflagowe.pl\/aktualne\/wp-content\/uploads\/2024\/08\/pogotowieflagowe.pl_.jpg","caption":"Filip"},"description":"Jestem Filip, polski dziennikarz z dyplomem nauk politycznych Uniwersytetu Warszawskiego. Rozpoczynaj\u0105c swoj\u0105 karier\u0119 w r\u00f3\u017cnych lokalnych mediach, zdoby\u0142em solidne do\u015bwiadczenie w zakresie \u015bledztwa i redakcji. Obecnie jako redaktor w Pogotowie flagowe, staram si\u0119 dostarcza\u0107 dog\u0142\u0119bne i istotne analizy na temat najwa\u017cniejszych kwestii aktualno\u015bci, \u0142\u0105cz\u0105c rygor z pasj\u0105 dziennikarsk\u0105.","sameAs":["https:\/\/www.pogotowieflagowe.pl\/"]}]}},"_links":{"self":[{"href":"https:\/\/www.pogotowieflagowe.pl\/aktualne\/wp-json\/wp\/v2\/posts\/2633","targetHints":{"allow":["GET"]}}],"collection":[{"href":"https:\/\/www.pogotowieflagowe.pl\/aktualne\/wp-json\/wp\/v2\/posts"}],"about":[{"href":"https:\/\/www.pogotowieflagowe.pl\/aktualne\/wp-json\/wp\/v2\/types\/post"}],"author":[{"embeddable":true,"href":"https:\/\/www.pogotowieflagowe.pl\/aktualne\/wp-json\/wp\/v2\/users\/1"}],"replies":[{"embeddable":true,"href":"https:\/\/www.pogotowieflagowe.pl\/aktualne\/wp-json\/wp\/v2\/comments?post=2633"}],"version-history":[{"count":1,"href":"https:\/\/www.pogotowieflagowe.pl\/aktualne\/wp-json\/wp\/v2\/posts\/2633\/revisions"}],"predecessor-version":[{"id":2635,"href":"https:\/\/www.pogotowieflagowe.pl\/aktualne\/wp-json\/wp\/v2\/posts\/2633\/revisions\/2635"}],"wp:featuredmedia":[{"embeddable":true,"href":"https:\/\/www.pogotowieflagowe.pl\/aktualne\/wp-json\/wp\/v2\/media\/2634"}],"wp:attachment":[{"href":"https:\/\/www.pogotowieflagowe.pl\/aktualne\/wp-json\/wp\/v2\/media?parent=2633"}],"wp:term":[{"taxonomy":"category","embeddable":true,"href":"https:\/\/www.pogotowieflagowe.pl\/aktualne\/wp-json\/wp\/v2\/categories?post=2633"},{"taxonomy":"post_tag","embeddable":true,"href":"https:\/\/www.pogotowieflagowe.pl\/aktualne\/wp-json\/wp\/v2\/tags?post=2633"}],"curies":[{"name":"wp","href":"https:\/\/api.w.org\/{rel}","templated":true}]}}