{"id":268,"date":"2024-08-23T14:55:50","date_gmt":"2024-08-23T12:55:50","guid":{"rendered":"https:\/\/www.pogotowieflagowe.pl\/aktualne\/gospodarka-polski-filar-stabilnosci-dla-portugalii\/"},"modified":"2024-08-23T14:55:53","modified_gmt":"2024-08-23T12:55:53","slug":"gospodarka-polski-filar-stabilnosci-dla-portugalii","status":"publish","type":"post","link":"https:\/\/www.pogotowieflagowe.pl\/aktualne\/gospodarka-polski-filar-stabilnosci-dla-portugalii\/","title":{"rendered":"Gospodarka Polski: Filar Stabilno\u015bci dla Portugalii"},"content":{"rendered":"\n<div class=\"td_block_wrap tdb_single_content tdi_48 td-pb-border-top td_block_template_8 td-post-content tagdiv-type\" data-td-block-uid=\"tdi_48\">\n<style>.tdi_48{margines g\u00f3rny:0px!wa\u017cne;margines dolny:0px!wa\u017cne;wype\u0142nienie g\u00f3rne:0px!wa\u017cne;wype\u0142nienie dolne:0px!wa\u017cne}<\/style>\n<style>.tdb_single_content{margines-dolny:0;*powi\u0119kszenie:1}.tdb_single_content:before,.tdb_single_content:after{wy\u015bwietlanie:tabela;zawarto\u015b\u0107:'';wysoko\u015b\u0107-linii:0}.tdb_single_content:after{wyczy\u015b\u0107:oba}.tdb_single_content .tdb-block-inner>*:not(.wp-block-quote):not(.alignwide):not(.alignfull.wp-block-cover.has-parallax):not(.td-a-ad){margines-lewy:auto;margines-prawy:auto}.tdb_single_content a{zdarzenia-wska\u017anika:auto}.tdb_single_content .td-spot-id-top_ad .tdc-placeholder-title:before{zawarto\u015b\u0107:'Pocz\u0105tek artyku\u0142u Reklama'!important}.tdb_single_content .td-spot-id-inline_ad0 .tdc-placeholder-title:before{content:'Reklama inline artyku\u0142u 1'!important}.tdb_single_content .td-spot-id-inline_ad1 .tdc-placeholder-title:before{content:'Reklama inline artyku\u0142u 2'!important}.tdb_single_content .td-spot-id-inline_ad2 .tdc-placeholder-title:before{content:'Reklama inline artyku\u0142u 3'!important}.tdb_single_content .td-spot-id-bottom_ad .tdc-placeholder-title:before{content:'Reklama dolna artyku\u0142u'!important}.tdb_single_content .id_top_ad,.tdb_single_content .id_bottom_ad{clear:both;margines-dolny:21px;wyr\u00f3wnanie-tekstu:\u015brodek}.tdb_single_content .id_top_ad img,.tdb_single_content .id_bottom_ad img{margines-dolny:0}.tdb_single_content .id_top_ad .adsbygoogle,.tdb_single_content .id_bottom_ad .adsbygoogle{pozycja:wzgl\u0119dna}.tdb_single_content .id_ad_content-poziom-lewy,.tdb_single_content .id_ad_content-poziom-prawy,.tdb_single_content .id_ad_content-horiz-center{margines dolny:15px}.tdb_single_content .id_ad_content-horiz-lewy img,.tdb_single_content .id_ad_content-horiz-prawy img,.tdb_single_content .id_ad_content-horiz-center img{margines dolny:0}.tdb_single_content .id_ad_content-horiz-center{wyr\u00f3wnanie tekstu:\u015brodek}.tdb_single_content .id_ad_content-horiz-center img{margines prawy:auto;margines lewy:auto}.tdb_single_content .id_ad_content-horiz-left{float:lewy;margines g\u00f3rny:9px;margines prawy:21px}.tdb_single_content .id_ad_content-horiz-right{float:right;margines-g\u00f3rny:6px;margines-lewy:21px}.tdb_single_content .tdc-a-ad .tdc-placeholder-title{szeroko\u015b\u0107:300px;wysoko\u015b\u0107:250px}.tdb_single_content .tdc-a-ad .tdc-placeholder-title:before{pozycja:absolutna;g\u00f3ra:50%;-webkit-transform:translateY(-50%);przekszta\u0142cenie:translateY(-50%);margines:auto;wy\u015bwietlanie:tabela;szeroko\u015b\u0107:100%}.tdb_single_content .tdb-block-inner.td-fix-index{word-break:break-word}.tdi_48,.tdi_48>p,.tdi_48 .tdb-block-inner>p{rozmiar-czcionki:16px!wa\u017cne;wysoko\u015b\u0107-linii:1.6!wa\u017cne}.tdi_48 .tdb-block-inner cytat p{styl-czcionki:normalny!wa\u017cne}@media (maks. szeroko\u015b\u0107:767px){.tdb_single_content .id_ad_content-poziom-lewo,.tdb_single_content .id_ad_content-poziom-prawo,.tdb_single_content .id_ad_content-poziom-\u015brodek{margines:0 auto 26px auto}}@media (maks. szeroko\u015b\u0107:767px){.tdb_single_content .id_ad_content-poziom-lewo{margines-prawy:0}}@media (maks. szeroko\u015b\u0107:767px){.tdb_single_content .id_ad_content-horiz-right{margines-lewy:0}}@media (maksymalna szeroko\u015b\u0107:767px){.tdb_single_content .td-a-ad{float:none;wyr\u00f3wnanie tekstu:\u015brodek}.tdb_single_content .td-a-ad img{margines-prawy:auto;margines-lewy:auto}.tdb_single_content .tdc-a-ad{float:none}}<\/style>\n<div class=\"tdb-block-inner td-fix-index\">\n<h2 class=\"wp-block-heading\">Gospodarka Polski odgrywa kluczow\u0105 rol\u0119 w stabilizacji Portugalii, wywieraj\u0105c wp\u0142yw na g\u0142\u00f3wne przedsi\u0119biorstwa i nap\u0119dzaj\u0105c istotne relacje handlowe.<\/h2>\n<p>Polska sta\u0142a si\u0119 kluczowa dla stabilno\u015bci gospodarczej Portugalii, z ponad 100 portugalskimi firmami dzia\u0142aj\u0105cymi na polskim rynku. Media w Lizbonie podkre\u015blaj\u0105, \u017ce s\u0142absze wyniki w Polsce bezpo\u015brednio wp\u0142ywaj\u0105 na gospodark\u0119 Portugalii.<\/p>\n<h4 class=\"wp-block-heading\">Wp\u0142yw Jeronimo Martins<\/h4>\n<p>Sie\u0107 telewizyjna SIC i tygodnik \u201eExpresso\u201d podkre\u015blaj\u0105 znacz\u0105cy wp\u0142yw rynku polskiego na portugalskie firmy. Na przyk\u0142ad spadek wynik\u00f3w Biedronki doprowadzi\u0142 do gwa\u0142townego spadku warto\u015bci akcji jej w\u0142a\u015bciciela, Jeronimo Martins, na gie\u0142dzie w Lizbonie. Inni kluczowi portugalscy inwestorzy w Polsce to gigant energetyczny EDP i BCP, wi\u0119kszo\u015bciowy w\u0142a\u015bciciel Banku Millennium.<\/p>\n<h4 class=\"wp-block-heading\">Strategiczna rola Polski<\/h4>\n<p>\u201eExpresso\u201d wskazuje na wyzwania geopolityczne Polski, takie jak spowolnienie gospodarcze Niemiec i trwaj\u0105ca wojna na Ukrainie, kt\u00f3re komplikuj\u0105 krajobraz gospodarczy. Pomimo tych wyzwa\u0144 Polska pozostaje atrakcyjnym miejscem inwestycji w r\u00f3\u017cnych bran\u017cach, w tym maszynowej, farmaceutycznej i energetycznej. Handel mi\u0119dzy Portugali\u0105 a Polsk\u0105 nadal ro\u015bnie, co odzwierciedla silne powi\u0105zania gospodarcze mi\u0119dzy tymi dwoma narodami.<\/p>\n<\/div>\n<\/div>\n","protected":false},"excerpt":{"rendered":"<p>Gospodarka Polski odgrywa kluczow\u0105 rol\u0119 w stabilizacji Portugalii, wywieraj\u0105c wp\u0142yw na g\u0142\u00f3wne przedsi\u0119biorstwa i nap\u0119dzaj\u0105c istotne relacje handlowe. Polska sta\u0142a<\/p>\n","protected":false},"author":1,"featured_media":269,"comment_status":"closed","ping_status":"","sticky":false,"template":"","format":"standard","meta":{"footnotes":""},"categories":[45],"tags":[131,387,386,72,389,388],"class_list":["post-268","post","type-post","status-publish","format-standard","has-post-thumbnail","hentry","category-biznes","tag-dla","tag-filar","tag-gospodarka","tag-polski","tag-portugalii","tag-stabilnosci","generate-columns","tablet-grid-50","mobile-grid-100","grid-parent","grid-50","resize-featured-image"],"yoast_head":"<!-- This site is optimized with the Yoast SEO plugin v23.2 - https:\/\/yoast.com\/wordpress\/plugins\/seo\/ -->\n<title>Gospodarka Polski: Filar Stabilno\u015bci dla Portugalii - POGOTOWIE FLAGOWE\u00ae<\/title>\n<meta name=\"robots\" content=\"index, follow, max-snippet:-1, max-image-preview:large, max-video-preview:-1\" \/>\n<link rel=\"canonical\" href=\"https:\/\/www.pogotowieflagowe.pl\/aktualne\/gospodarka-polski-filar-stabilnosci-dla-portugalii\/\" \/>\n<meta property=\"og:locale\" content=\"pl_PL\" \/>\n<meta property=\"og:type\" content=\"article\" \/>\n<meta property=\"og:title\" content=\"Gospodarka Polski: Filar Stabilno\u015bci dla Portugalii - POGOTOWIE FLAGOWE\u00ae\" \/>\n<meta property=\"og:description\" content=\"Gospodarka Polski odgrywa kluczow\u0105 rol\u0119 w stabilizacji Portugalii, wywieraj\u0105c wp\u0142yw na g\u0142\u00f3wne przedsi\u0119biorstwa i nap\u0119dzaj\u0105c istotne relacje handlowe. Polska sta\u0142a\" \/>\n<meta property=\"og:url\" content=\"https:\/\/www.pogotowieflagowe.pl\/aktualne\/gospodarka-polski-filar-stabilnosci-dla-portugalii\/\" \/>\n<meta property=\"og:site_name\" content=\"POGOTOWIE FLAGOWE\u00ae\" \/>\n<meta property=\"article:published_time\" content=\"2024-08-23T12:55:50+00:00\" \/>\n<meta property=\"article:modified_time\" content=\"2024-08-23T12:55:53+00:00\" \/>\n<meta property=\"og:image\" content=\"https:\/\/www.pogotowieflagowe.pl\/aktualne\/wp-content\/uploads\/2024\/08\/Gospodarka-Polski-Filar-Stabilnosci-dla-Portugalii.jpg\" \/>\n\t<meta property=\"og:image:width\" content=\"1920\" \/>\n\t<meta property=\"og:image:height\" content=\"994\" \/>\n\t<meta property=\"og:image:type\" content=\"image\/jpeg\" \/>\n<meta name=\"author\" content=\"Filip\" \/>\n<meta name=\"twitter:card\" content=\"summary_large_image\" \/>\n<meta name=\"twitter:label1\" content=\"Napisane przez\" \/>\n\t<meta name=\"twitter:data1\" content=\"Filip\" \/>\n\t<meta name=\"twitter:label2\" content=\"Szacowany czas czytania\" \/>\n\t<meta name=\"twitter:data2\" content=\"1 minuta\" \/>\n<script type=\"application\/ld+json\" class=\"yoast-schema-graph\">{\"@context\":\"https:\/\/schema.org\",\"@graph\":[{\"@type\":\"Article\",\"@id\":\"https:\/\/www.pogotowieflagowe.pl\/aktualne\/gospodarka-polski-filar-stabilnosci-dla-portugalii\/#article\",\"isPartOf\":{\"@id\":\"https:\/\/www.pogotowieflagowe.pl\/aktualne\/gospodarka-polski-filar-stabilnosci-dla-portugalii\/\"},\"author\":{\"name\":\"Filip\",\"@id\":\"https:\/\/www.pogotowieflagowe.pl\/aktualne\/#\/schema\/person\/9c2fb7d2362ebf6fa088960d7f0d27b0\"},\"headline\":\"Gospodarka Polski: Filar Stabilno\u015bci dla Portugalii\",\"datePublished\":\"2024-08-23T12:55:50+00:00\",\"dateModified\":\"2024-08-23T12:55:53+00:00\",\"mainEntityOfPage\":{\"@id\":\"https:\/\/www.pogotowieflagowe.pl\/aktualne\/gospodarka-polski-filar-stabilnosci-dla-portugalii\/\"},\"wordCount\":200,\"publisher\":{\"@id\":\"https:\/\/www.pogotowieflagowe.pl\/aktualne\/#organization\"},\"image\":{\"@id\":\"https:\/\/www.pogotowieflagowe.pl\/aktualne\/gospodarka-polski-filar-stabilnosci-dla-portugalii\/#primaryimage\"},\"thumbnailUrl\":\"https:\/\/www.pogotowieflagowe.pl\/aktualne\/wp-content\/uploads\/2024\/08\/Gospodarka-Polski-Filar-Stabilnosci-dla-Portugalii.jpg\",\"keywords\":[\"dla\",\"Filar\",\"Gospodarka\",\"polski\",\"Portugalii\",\"Stabilno\u015bci\"],\"articleSection\":[\"Biznes\"],\"inLanguage\":\"pl-PL\"},{\"@type\":\"WebPage\",\"@id\":\"https:\/\/www.pogotowieflagowe.pl\/aktualne\/gospodarka-polski-filar-stabilnosci-dla-portugalii\/\",\"url\":\"https:\/\/www.pogotowieflagowe.pl\/aktualne\/gospodarka-polski-filar-stabilnosci-dla-portugalii\/\",\"name\":\"Gospodarka Polski: Filar Stabilno\u015bci dla Portugalii - POGOTOWIE FLAGOWE\u00ae\",\"isPartOf\":{\"@id\":\"https:\/\/www.pogotowieflagowe.pl\/aktualne\/#website\"},\"primaryImageOfPage\":{\"@id\":\"https:\/\/www.pogotowieflagowe.pl\/aktualne\/gospodarka-polski-filar-stabilnosci-dla-portugalii\/#primaryimage\"},\"image\":{\"@id\":\"https:\/\/www.pogotowieflagowe.pl\/aktualne\/gospodarka-polski-filar-stabilnosci-dla-portugalii\/#primaryimage\"},\"thumbnailUrl\":\"https:\/\/www.pogotowieflagowe.pl\/aktualne\/wp-content\/uploads\/2024\/08\/Gospodarka-Polski-Filar-Stabilnosci-dla-Portugalii.jpg\",\"datePublished\":\"2024-08-23T12:55:50+00:00\",\"dateModified\":\"2024-08-23T12:55:53+00:00\",\"breadcrumb\":{\"@id\":\"https:\/\/www.pogotowieflagowe.pl\/aktualne\/gospodarka-polski-filar-stabilnosci-dla-portugalii\/#breadcrumb\"},\"inLanguage\":\"pl-PL\",\"potentialAction\":[{\"@type\":\"ReadAction\",\"target\":[\"https:\/\/www.pogotowieflagowe.pl\/aktualne\/gospodarka-polski-filar-stabilnosci-dla-portugalii\/\"]}]},{\"@type\":\"ImageObject\",\"inLanguage\":\"pl-PL\",\"@id\":\"https:\/\/www.pogotowieflagowe.pl\/aktualne\/gospodarka-polski-filar-stabilnosci-dla-portugalii\/#primaryimage\",\"url\":\"https:\/\/www.pogotowieflagowe.pl\/aktualne\/wp-content\/uploads\/2024\/08\/Gospodarka-Polski-Filar-Stabilnosci-dla-Portugalii.jpg\",\"contentUrl\":\"https:\/\/www.pogotowieflagowe.pl\/aktualne\/wp-content\/uploads\/2024\/08\/Gospodarka-Polski-Filar-Stabilnosci-dla-Portugalii.jpg\",\"width\":1920,\"height\":994,\"caption\":\"Gospodarka Polski: Filar Stabilno\u015bci dla Portugalii\"},{\"@type\":\"BreadcrumbList\",\"@id\":\"https:\/\/www.pogotowieflagowe.pl\/aktualne\/gospodarka-polski-filar-stabilnosci-dla-portugalii\/#breadcrumb\",\"itemListElement\":[{\"@type\":\"ListItem\",\"position\":1,\"name\":\"Home\",\"item\":\"https:\/\/www.pogotowieflagowe.pl\/aktualne\/\"},{\"@type\":\"ListItem\",\"position\":2,\"name\":\"Gospodarka Polski: Filar Stabilno\u015bci dla Portugalii\"}]},{\"@type\":\"WebSite\",\"@id\":\"https:\/\/www.pogotowieflagowe.pl\/aktualne\/#website\",\"url\":\"https:\/\/www.pogotowieflagowe.pl\/aktualne\/\",\"name\":\"POGOTOWIE FLAGOWE\u00ae\",\"description\":\"\",\"publisher\":{\"@id\":\"https:\/\/www.pogotowieflagowe.pl\/aktualne\/#organization\"},\"potentialAction\":[{\"@type\":\"SearchAction\",\"target\":{\"@type\":\"EntryPoint\",\"urlTemplate\":\"https:\/\/www.pogotowieflagowe.pl\/aktualne\/?s={search_term_string}\"},\"query-input\":\"required name=search_term_string\"}],\"inLanguage\":\"pl-PL\"},{\"@type\":\"Organization\",\"@id\":\"https:\/\/www.pogotowieflagowe.pl\/aktualne\/#organization\",\"name\":\"POGOTOWIE FLAGOWE\u00ae\",\"url\":\"https:\/\/www.pogotowieflagowe.pl\/aktualne\/\",\"logo\":{\"@type\":\"ImageObject\",\"inLanguage\":\"pl-PL\",\"@id\":\"https:\/\/www.pogotowieflagowe.pl\/aktualne\/#\/schema\/logo\/image\/\",\"url\":\"https:\/\/www.pogotowieflagowe.pl\/aktualne\/wp-content\/uploads\/2024\/08\/cropped-pogotowieflagowe_flaga_projekt_sm.jpg\",\"contentUrl\":\"https:\/\/www.pogotowieflagowe.pl\/aktualne\/wp-content\/uploads\/2024\/08\/cropped-pogotowieflagowe_flaga_projekt_sm.jpg\",\"width\":250,\"height\":143,\"caption\":\"POGOTOWIE FLAGOWE\u00ae\"},\"image\":{\"@id\":\"https:\/\/www.pogotowieflagowe.pl\/aktualne\/#\/schema\/logo\/image\/\"}},{\"@type\":\"Person\",\"@id\":\"https:\/\/www.pogotowieflagowe.pl\/aktualne\/#\/schema\/person\/9c2fb7d2362ebf6fa088960d7f0d27b0\",\"name\":\"Filip\",\"image\":{\"@type\":\"ImageObject\",\"inLanguage\":\"pl-PL\",\"@id\":\"https:\/\/www.pogotowieflagowe.pl\/aktualne\/#\/schema\/person\/image\/\",\"url\":\"https:\/\/www.pogotowieflagowe.pl\/aktualne\/wp-content\/uploads\/2024\/08\/pogotowieflagowe.pl_.jpg\",\"contentUrl\":\"https:\/\/www.pogotowieflagowe.pl\/aktualne\/wp-content\/uploads\/2024\/08\/pogotowieflagowe.pl_.jpg\",\"caption\":\"Filip\"},\"description\":\"Jestem Filip, polski dziennikarz z dyplomem nauk politycznych Uniwersytetu Warszawskiego. Rozpoczynaj\u0105c swoj\u0105 karier\u0119 w r\u00f3\u017cnych lokalnych mediach, zdoby\u0142em solidne do\u015bwiadczenie w zakresie \u015bledztwa i redakcji. Obecnie jako redaktor w Pogotowie flagowe, staram si\u0119 dostarcza\u0107 dog\u0142\u0119bne i istotne analizy na temat najwa\u017cniejszych kwestii aktualno\u015bci, \u0142\u0105cz\u0105c rygor z pasj\u0105 dziennikarsk\u0105.\",\"sameAs\":[\"https:\/\/www.pogotowieflagowe.pl\/\"]}]}<\/script>\n<!-- \/ Yoast SEO plugin. -->","yoast_head_json":{"title":"Gospodarka Polski: Filar Stabilno\u015bci dla Portugalii - POGOTOWIE FLAGOWE\u00ae","robots":{"index":"index","follow":"follow","max-snippet":"max-snippet:-1","max-image-preview":"max-image-preview:large","max-video-preview":"max-video-preview:-1"},"canonical":"https:\/\/www.pogotowieflagowe.pl\/aktualne\/gospodarka-polski-filar-stabilnosci-dla-portugalii\/","og_locale":"pl_PL","og_type":"article","og_title":"Gospodarka Polski: Filar Stabilno\u015bci dla Portugalii - POGOTOWIE FLAGOWE\u00ae","og_description":"Gospodarka Polski odgrywa kluczow\u0105 rol\u0119 w stabilizacji Portugalii, wywieraj\u0105c wp\u0142yw na g\u0142\u00f3wne przedsi\u0119biorstwa i nap\u0119dzaj\u0105c istotne relacje handlowe. Polska sta\u0142a","og_url":"https:\/\/www.pogotowieflagowe.pl\/aktualne\/gospodarka-polski-filar-stabilnosci-dla-portugalii\/","og_site_name":"POGOTOWIE FLAGOWE\u00ae","article_published_time":"2024-08-23T12:55:50+00:00","article_modified_time":"2024-08-23T12:55:53+00:00","og_image":[{"width":1920,"height":994,"url":"https:\/\/www.pogotowieflagowe.pl\/aktualne\/wp-content\/uploads\/2024\/08\/Gospodarka-Polski-Filar-Stabilnosci-dla-Portugalii.jpg","type":"image\/jpeg"}],"author":"Filip","twitter_card":"summary_large_image","twitter_misc":{"Napisane przez":"Filip","Szacowany czas czytania":"1 minuta"},"schema":{"@context":"https:\/\/schema.org","@graph":[{"@type":"Article","@id":"https:\/\/www.pogotowieflagowe.pl\/aktualne\/gospodarka-polski-filar-stabilnosci-dla-portugalii\/#article","isPartOf":{"@id":"https:\/\/www.pogotowieflagowe.pl\/aktualne\/gospodarka-polski-filar-stabilnosci-dla-portugalii\/"},"author":{"name":"Filip","@id":"https:\/\/www.pogotowieflagowe.pl\/aktualne\/#\/schema\/person\/9c2fb7d2362ebf6fa088960d7f0d27b0"},"headline":"Gospodarka Polski: Filar Stabilno\u015bci dla Portugalii","datePublished":"2024-08-23T12:55:50+00:00","dateModified":"2024-08-23T12:55:53+00:00","mainEntityOfPage":{"@id":"https:\/\/www.pogotowieflagowe.pl\/aktualne\/gospodarka-polski-filar-stabilnosci-dla-portugalii\/"},"wordCount":200,"publisher":{"@id":"https:\/\/www.pogotowieflagowe.pl\/aktualne\/#organization"},"image":{"@id":"https:\/\/www.pogotowieflagowe.pl\/aktualne\/gospodarka-polski-filar-stabilnosci-dla-portugalii\/#primaryimage"},"thumbnailUrl":"https:\/\/www.pogotowieflagowe.pl\/aktualne\/wp-content\/uploads\/2024\/08\/Gospodarka-Polski-Filar-Stabilnosci-dla-Portugalii.jpg","keywords":["dla","Filar","Gospodarka","polski","Portugalii","Stabilno\u015bci"],"articleSection":["Biznes"],"inLanguage":"pl-PL"},{"@type":"WebPage","@id":"https:\/\/www.pogotowieflagowe.pl\/aktualne\/gospodarka-polski-filar-stabilnosci-dla-portugalii\/","url":"https:\/\/www.pogotowieflagowe.pl\/aktualne\/gospodarka-polski-filar-stabilnosci-dla-portugalii\/","name":"Gospodarka Polski: Filar Stabilno\u015bci dla Portugalii - POGOTOWIE FLAGOWE\u00ae","isPartOf":{"@id":"https:\/\/www.pogotowieflagowe.pl\/aktualne\/#website"},"primaryImageOfPage":{"@id":"https:\/\/www.pogotowieflagowe.pl\/aktualne\/gospodarka-polski-filar-stabilnosci-dla-portugalii\/#primaryimage"},"image":{"@id":"https:\/\/www.pogotowieflagowe.pl\/aktualne\/gospodarka-polski-filar-stabilnosci-dla-portugalii\/#primaryimage"},"thumbnailUrl":"https:\/\/www.pogotowieflagowe.pl\/aktualne\/wp-content\/uploads\/2024\/08\/Gospodarka-Polski-Filar-Stabilnosci-dla-Portugalii.jpg","datePublished":"2024-08-23T12:55:50+00:00","dateModified":"2024-08-23T12:55:53+00:00","breadcrumb":{"@id":"https:\/\/www.pogotowieflagowe.pl\/aktualne\/gospodarka-polski-filar-stabilnosci-dla-portugalii\/#breadcrumb"},"inLanguage":"pl-PL","potentialAction":[{"@type":"ReadAction","target":["https:\/\/www.pogotowieflagowe.pl\/aktualne\/gospodarka-polski-filar-stabilnosci-dla-portugalii\/"]}]},{"@type":"ImageObject","inLanguage":"pl-PL","@id":"https:\/\/www.pogotowieflagowe.pl\/aktualne\/gospodarka-polski-filar-stabilnosci-dla-portugalii\/#primaryimage","url":"https:\/\/www.pogotowieflagowe.pl\/aktualne\/wp-content\/uploads\/2024\/08\/Gospodarka-Polski-Filar-Stabilnosci-dla-Portugalii.jpg","contentUrl":"https:\/\/www.pogotowieflagowe.pl\/aktualne\/wp-content\/uploads\/2024\/08\/Gospodarka-Polski-Filar-Stabilnosci-dla-Portugalii.jpg","width":1920,"height":994,"caption":"Gospodarka Polski: Filar Stabilno\u015bci dla Portugalii"},{"@type":"BreadcrumbList","@id":"https:\/\/www.pogotowieflagowe.pl\/aktualne\/gospodarka-polski-filar-stabilnosci-dla-portugalii\/#breadcrumb","itemListElement":[{"@type":"ListItem","position":1,"name":"Home","item":"https:\/\/www.pogotowieflagowe.pl\/aktualne\/"},{"@type":"ListItem","position":2,"name":"Gospodarka Polski: Filar Stabilno\u015bci dla Portugalii"}]},{"@type":"WebSite","@id":"https:\/\/www.pogotowieflagowe.pl\/aktualne\/#website","url":"https:\/\/www.pogotowieflagowe.pl\/aktualne\/","name":"POGOTOWIE FLAGOWE\u00ae","description":"","publisher":{"@id":"https:\/\/www.pogotowieflagowe.pl\/aktualne\/#organization"},"potentialAction":[{"@type":"SearchAction","target":{"@type":"EntryPoint","urlTemplate":"https:\/\/www.pogotowieflagowe.pl\/aktualne\/?s={search_term_string}"},"query-input":"required name=search_term_string"}],"inLanguage":"pl-PL"},{"@type":"Organization","@id":"https:\/\/www.pogotowieflagowe.pl\/aktualne\/#organization","name":"POGOTOWIE FLAGOWE\u00ae","url":"https:\/\/www.pogotowieflagowe.pl\/aktualne\/","logo":{"@type":"ImageObject","inLanguage":"pl-PL","@id":"https:\/\/www.pogotowieflagowe.pl\/aktualne\/#\/schema\/logo\/image\/","url":"https:\/\/www.pogotowieflagowe.pl\/aktualne\/wp-content\/uploads\/2024\/08\/cropped-pogotowieflagowe_flaga_projekt_sm.jpg","contentUrl":"https:\/\/www.pogotowieflagowe.pl\/aktualne\/wp-content\/uploads\/2024\/08\/cropped-pogotowieflagowe_flaga_projekt_sm.jpg","width":250,"height":143,"caption":"POGOTOWIE FLAGOWE\u00ae"},"image":{"@id":"https:\/\/www.pogotowieflagowe.pl\/aktualne\/#\/schema\/logo\/image\/"}},{"@type":"Person","@id":"https:\/\/www.pogotowieflagowe.pl\/aktualne\/#\/schema\/person\/9c2fb7d2362ebf6fa088960d7f0d27b0","name":"Filip","image":{"@type":"ImageObject","inLanguage":"pl-PL","@id":"https:\/\/www.pogotowieflagowe.pl\/aktualne\/#\/schema\/person\/image\/","url":"https:\/\/www.pogotowieflagowe.pl\/aktualne\/wp-content\/uploads\/2024\/08\/pogotowieflagowe.pl_.jpg","contentUrl":"https:\/\/www.pogotowieflagowe.pl\/aktualne\/wp-content\/uploads\/2024\/08\/pogotowieflagowe.pl_.jpg","caption":"Filip"},"description":"Jestem Filip, polski dziennikarz z dyplomem nauk politycznych Uniwersytetu Warszawskiego. Rozpoczynaj\u0105c swoj\u0105 karier\u0119 w r\u00f3\u017cnych lokalnych mediach, zdoby\u0142em solidne do\u015bwiadczenie w zakresie \u015bledztwa i redakcji. Obecnie jako redaktor w Pogotowie flagowe, staram si\u0119 dostarcza\u0107 dog\u0142\u0119bne i istotne analizy na temat najwa\u017cniejszych kwestii aktualno\u015bci, \u0142\u0105cz\u0105c rygor z pasj\u0105 dziennikarsk\u0105.","sameAs":["https:\/\/www.pogotowieflagowe.pl\/"]}]}},"_links":{"self":[{"href":"https:\/\/www.pogotowieflagowe.pl\/aktualne\/wp-json\/wp\/v2\/posts\/268","targetHints":{"allow":["GET"]}}],"collection":[{"href":"https:\/\/www.pogotowieflagowe.pl\/aktualne\/wp-json\/wp\/v2\/posts"}],"about":[{"href":"https:\/\/www.pogotowieflagowe.pl\/aktualne\/wp-json\/wp\/v2\/types\/post"}],"author":[{"embeddable":true,"href":"https:\/\/www.pogotowieflagowe.pl\/aktualne\/wp-json\/wp\/v2\/users\/1"}],"replies":[{"embeddable":true,"href":"https:\/\/www.pogotowieflagowe.pl\/aktualne\/wp-json\/wp\/v2\/comments?post=268"}],"version-history":[{"count":1,"href":"https:\/\/www.pogotowieflagowe.pl\/aktualne\/wp-json\/wp\/v2\/posts\/268\/revisions"}],"predecessor-version":[{"id":270,"href":"https:\/\/www.pogotowieflagowe.pl\/aktualne\/wp-json\/wp\/v2\/posts\/268\/revisions\/270"}],"wp:featuredmedia":[{"embeddable":true,"href":"https:\/\/www.pogotowieflagowe.pl\/aktualne\/wp-json\/wp\/v2\/media\/269"}],"wp:attachment":[{"href":"https:\/\/www.pogotowieflagowe.pl\/aktualne\/wp-json\/wp\/v2\/media?parent=268"}],"wp:term":[{"taxonomy":"category","embeddable":true,"href":"https:\/\/www.pogotowieflagowe.pl\/aktualne\/wp-json\/wp\/v2\/categories?post=268"},{"taxonomy":"post_tag","embeddable":true,"href":"https:\/\/www.pogotowieflagowe.pl\/aktualne\/wp-json\/wp\/v2\/tags?post=268"}],"curies":[{"name":"wp","href":"https:\/\/api.w.org\/{rel}","templated":true}]}}