{"id":2692,"date":"2024-12-26T23:47:18","date_gmt":"2024-12-26T22:47:18","guid":{"rendered":"https:\/\/www.pogotowieflagowe.pl\/aktualne\/swiat-byl-pod-wielkim-wrazeniem-malej-armii-janosika-podczas-mszy-o-polnocy\/"},"modified":"2024-12-26T23:47:20","modified_gmt":"2024-12-26T22:47:20","slug":"swiat-byl-pod-wielkim-wrazeniem-malej-armii-janosika-podczas-mszy-o-polnocy","status":"publish","type":"post","link":"https:\/\/www.pogotowieflagowe.pl\/aktualne\/swiat-byl-pod-wielkim-wrazeniem-malej-armii-janosika-podczas-mszy-o-polnocy\/","title":{"rendered":"\u015awiat by\u0142 pod wielkim wra\u017ceniem Ma\u0142ej Armii Janosika podczas mszy o p\u00f3\u0142nocy"},"content":{"rendered":"\n<div class=\"td_block_wrap tdb_single_content tdi_48 td-pb-border-top td_block_template_8 td-post-content tagdiv-type\" data-td-block-uid=\"tdi_48\">\n<style>.tdi_48{margines-g\u00f3rny:0px!important;margin-bottom:0px!important;dope\u0142nienie-g\u00f3ra:0px!important;dope\u0142nienie-d\u00f3\u0142:0px!important}<\/style>\n<style>.tdb_single_content{margin-bottom:0;*zoom:1}.tdb_single_content:before,.tdb_single_content:after{display:table;content:'';line-height:0}.tdb_single_content:after{clear:both}.tdb_single_content .tdb-block-inner>*:not(.wp-block-quote):not(.alignwide):not(.alignfull.wp-block-cover.has-parallax):not(.td-a-ad) {margin-left:auto;margin-right:auto}.tdb_single_content a{pointer-events:auto}.tdb_single_content .td-spot-id-top_ad .tdc-placeholder-title:before{content:'Article Top Ad'!important}.tdb_single_content .td-spot-id-inline_ad0 .tdc-placeholder-title:before{content:'Article Reklama wbudowana 1'!important}.tdb_single_content .td-spot-id-inline_ad1 .tdc-placeholder-title:before{content:'Article Inline Ad 2'!important}.tdb_single_content .td-spot-id-inline_ad2 .tdc-placeholder-title:before{content:' Reklama wbudowana w artyku\u0142 3'!important}.tdb_single_content .td-spot-id-bottom_ad .tdc-placeholder-title:before{content:'Article Bottom Ad'!important}.tdb_single_content .id_top_ad,.tdb_single_content .id_bottom_ad{clear:both;margin-bottom:21px;text-align:center}.tdb_single_content .id_top_ad img,.tdb_single_content .id_bottom_ad img{margin-bottom:0}.tdb_single_content .id_top_ad .adsbygoogle,.tdb_single_content .id_bottom_ad .adsbygoogle{position:relative}.tdb_single_content .id_ad_content-horiz-left,.tdb_single_content .id_ad_content-horiz-right,.tdb_single_content .id_ad_content-horiz-center{margin-bottom:15px}.tdb_single_content .id_ad_content-horiz-left img,.tdb_single_content .id_ad_content-horiz-right img,.tdb_single_content .id_ad_content-horiz-center img{margin-bottom:0}.tdb_single_content .id_ad_content-horiz-center{text-align:center}.tdb_single_content .id_ad_content-horiz-center img{margin-right:auto;margin-left:auto}.tdb_single_content .id_ad_content-horiz-left{float:left;margin-top:9px;margin-right:21px}.tdb_single_content .id_ad_content-horiz-right{float:right;margin-top:6px;margin-left:21px}.tdb_single_content .tdc-a-ad .tdc-placeholder-title{width:300px;height:250px}.tdb_single_content .tdc-a-ad .tdc-placeholder-title:before{position:absolute;top:50%;-webkit-transform:translateY(-50%);transform:translateY(-50%);margines:auto;display:table;width:100 %}.tdb_single_content .tdb-block-inner.td-fix-index{word-break:break-word}.tdi_48,.tdi_48>p,.tdi_48 .tdb-block-inner>p{font-size:16px!important;line- wysoko\u015b\u0107:1,6!wa\u017cne}.tdi_48 .tdb-block-inner blockquote p{font-style:normal!important}@media (max-width:767px){.tdb_single_content .id_ad_content-horiz-left,.tdb_single_content .id_ad_content-horiz-right,.tdb_single_content .id_ad_content-horiz-center{margin:0 automatyczny 26px auto}}@media (max-width:767px){.tdb_single_content .id_ad_content-horiz-left{margin-right:0}}@media (max-width:767px){.tdb_single_content .id_ad_content-horiz-right{margin -left:0}}@media (max-width:767px){.tdb_single_content .td-a-ad{float:none;text-align:center}.tdb_single_content .td-a-ad img{margin-right:auto;margin-left:auto}. tdb_single_content .tdc-a-ad{float:none}}<\/style>\n<div class=\"tdb-block-inner td-fix-index\">\n<p>Ma\u0142a Armia Janosika prawdopodobnie da\u0142a koncert swojego \u017cycia podczas mszy o p\u00f3\u0142nocy. Kr\u00f3tkie wideo staje si\u0119 wirusowe. Miliony internaut\u00f3w z ca\u0142ego \u015bwiata przesy\u0142aj\u0105 pozdrowienia i wyrazy uznania Polsce \u2013 jako krajowi wci\u0105\u017c mocno wiernemu swoim tradycjom.<\/p>\n<p>\u201eTo jest Polska i to jest pi\u0119kne\u201d. \u2013 pisze popularny u\u017cytkownik X, Ian Miles Cheong. To komentarz do filmu, kt\u00f3ry najpierw odbi\u0142 si\u0119 szerokim echem w\u015br\u00f3d polskich internaut\u00f3w, a p\u00f3\u017aniej odbi\u0142 si\u0119 szerokim echem na ca\u0142ym \u015bwiecie. Film zosta\u0142 odtworzony miliony razy, zdobywaj\u0105c setki tysi\u0119cy polubie\u0144 i dziesi\u0105tki tysi\u0119cy bezp\u0142atnych komentarzy.<\/p>\n<blockquote class=\"twitter-tweet\">\n<p lang=\"en\" dir=\"ltr\">To jest Polska i jest pi\u0119kna. <a rel=\"nofollow\" href=\"https:\/\/t.co\/SVdTYGcwSf\">pic.twitter.com\/SVdTYGcwSf<\/a><\/p>\n<p>\u2014 Ian Miles Cheong (@stillgray) <a rel=\"nofollow\" href=\"https:\/\/twitter.com\/stillgray\/status\/1871956379579363741?ref_src=twsrc%5Etfw\">25 grudnia 2024 r<\/a><\/p><\/blockquote>\n<p>Wi\u0119cej o pasterce pisz\u0105 lokalne media. Portal podhale24.pl raportuje:<\/p>\n<p>\u201edla tych, kt\u00f3rzy nie zmie\u015bcili si\u0119 w ko\u015bciele, przygotowano specjalny namiot z telebimem. Dzi\u0119ki temu mogli w pe\u0142ni uczestniczy\u0107 w liturgii i cieszy\u0107 si\u0119 jej atmosfer\u0105. W samym ko\u015bciele dzia\u0142y si\u0119 niezapomniane rzeczy: ponad 180 m\u0142odych muzyk\u00f3w z zespo\u0142u Ma\u0142ej Armii Janosika wykona\u0142o tradycyjne kol\u0119dy, tworz\u0105c wzruszaj\u0105c\u0105 i podnios\u0142\u0105 atmosfer\u0119, kt\u00f3ra poruszy\u0142a serca wszystkich zgromadzonych.<\/p>\n<p>Msz\u0119 \u015bw. odprawia\u0142o a\u017c czterech ksi\u0119\u017cy. \u201ePasterka w Rabce-Zdroju by\u0142a nie tylko aktem wiary, ale tak\u017ce spotkaniem wsp\u00f3lnoty, kt\u00f3ra tego wieczoru zjednoczy\u0142a si\u0119 na modlitwie, dzi\u0119kczynieniu i wsp\u00f3lnym prze\u017cywaniu narodzin Chrystusa\u201d \u2013 czytamy.<\/p>\n<p>\u201eDzi\u0119ki tym dzieciom na Bo\u017ce Narodzenie rozs\u0142awili Polsk\u0119\u201d. \u2013 pisze prezes Krajowej Rady S\u0105downictwa Dagmara Pawe\u0142czyk-Woicka. \u201ePos\u0142uchajcie, jak pi\u0119knie jest po polsku\u201d. \u2013 dodaje pose\u0142 PiS Sebastian \u0141ukaszewicz.<\/p>\n<p>Armia Ma\u0142ego Janosika to najwi\u0119ksza w Polsce kapela g\u00f3ralska, zrzeszaj\u0105ca dzieci, m\u0142odzie\u017c i doros\u0142ych z po\u0142udniowej cz\u0119\u015bci kraju. Inspirowany kultur\u0105 g\u00f3ralsk\u0105 zesp\u00f3\u0142 \u0142\u0105czy r\u00f3\u017cnorodne wp\u0142ywy, co pobudza artyst\u00f3w do kreatywno\u015bci i poszerzania muzycznych horyzont\u00f3w. Projekt zrodzi\u0142 si\u0119 z inicjatywy Damiana Palasza, skrzypka, muzyka i wizjonera, kt\u00f3ry w marcu 2015 roku postanowi\u0142 stworzy\u0107 zesp\u00f3\u0142, jakiego \u015bwiat jeszcze nie widzia\u0142 \u2013 licz\u0105cy obecnie 265 artyst\u00f3w. Armia Ma\u0142ego Janosika stacjonuje w Rabie Wy\u017cnej na Podhalu, gdzie regularnie odbywaj\u0105 si\u0119 pr\u00f3by, przygotowania do wyst\u0119p\u00f3w artystycznych i wycieczek.<\/p>\n<\/div>\n<\/div>\n<p><script async src=\"https:\/\/platform.twitter.com\/widgets.js\" charset=\"utf-8\"><\/script><\/p>\n","protected":false},"excerpt":{"rendered":"<p>Ma\u0142a Armia Janosika prawdopodobnie da\u0142a koncert swojego \u017cycia podczas mszy o p\u00f3\u0142nocy. Kr\u00f3tkie wideo staje si\u0119 wirusowe. Miliony internaut\u00f3w z<\/p>\n","protected":false},"author":1,"featured_media":2693,"comment_status":"closed","ping_status":"","sticky":false,"template":"","format":"standard","meta":{"footnotes":""},"categories":[47],"tags":[653,1636,4052,4051,3899,2326,105,3900,369,4049,4050],"class_list":["post-2692","post","type-post","status-publish","format-standard","has-post-thumbnail","hentry","category-styl-zycia","tag-armii","tag-byl","tag-janosika","tag-malej","tag-mszy","tag-pod","tag-podczas","tag-polnocy","tag-swiat","tag-wielkim","tag-wrazeniem","generate-columns","tablet-grid-50","mobile-grid-100","grid-parent","grid-50","resize-featured-image"],"yoast_head":"<!-- This site is optimized with the Yoast SEO plugin v23.2 - https:\/\/yoast.com\/wordpress\/plugins\/seo\/ -->\n<title>\u015awiat by\u0142 pod wielkim wra\u017ceniem Ma\u0142ej Armii Janosika podczas mszy o p\u00f3\u0142nocy - POGOTOWIE FLAGOWE\u00ae<\/title>\n<meta name=\"robots\" content=\"index, follow, max-snippet:-1, max-image-preview:large, max-video-preview:-1\" \/>\n<link rel=\"canonical\" href=\"https:\/\/www.pogotowieflagowe.pl\/aktualne\/swiat-byl-pod-wielkim-wrazeniem-malej-armii-janosika-podczas-mszy-o-polnocy\/\" \/>\n<meta property=\"og:locale\" content=\"pl_PL\" \/>\n<meta property=\"og:type\" content=\"article\" \/>\n<meta property=\"og:title\" content=\"\u015awiat by\u0142 pod wielkim wra\u017ceniem Ma\u0142ej Armii Janosika podczas mszy o p\u00f3\u0142nocy - POGOTOWIE FLAGOWE\u00ae\" \/>\n<meta property=\"og:description\" content=\"Ma\u0142a Armia Janosika prawdopodobnie da\u0142a koncert swojego \u017cycia podczas mszy o p\u00f3\u0142nocy. Kr\u00f3tkie wideo staje si\u0119 wirusowe. Miliony internaut\u00f3w z\" \/>\n<meta property=\"og:url\" content=\"https:\/\/www.pogotowieflagowe.pl\/aktualne\/swiat-byl-pod-wielkim-wrazeniem-malej-armii-janosika-podczas-mszy-o-polnocy\/\" \/>\n<meta property=\"og:site_name\" content=\"POGOTOWIE FLAGOWE\u00ae\" \/>\n<meta property=\"article:published_time\" content=\"2024-12-26T22:47:18+00:00\" \/>\n<meta property=\"article:modified_time\" content=\"2024-12-26T22:47:20+00:00\" \/>\n<meta property=\"og:image\" content=\"https:\/\/www.pogotowieflagowe.pl\/aktualne\/wp-content\/uploads\/2024\/12\/Swiat-byl-pod-wielkim-wrazeniem-Malej-Armii-Janosika-podczas-mszy.jpg\" \/>\n\t<meta property=\"og:image:width\" content=\"1519\" \/>\n\t<meta property=\"og:image:height\" content=\"779\" \/>\n\t<meta property=\"og:image:type\" content=\"image\/jpeg\" \/>\n<meta name=\"author\" content=\"Filip\" \/>\n<meta name=\"twitter:card\" content=\"summary_large_image\" \/>\n<meta name=\"twitter:label1\" content=\"Napisane przez\" \/>\n\t<meta name=\"twitter:data1\" content=\"Filip\" \/>\n\t<meta name=\"twitter:label2\" content=\"Szacowany czas czytania\" \/>\n\t<meta name=\"twitter:data2\" content=\"2 minuty\" \/>\n<script type=\"application\/ld+json\" class=\"yoast-schema-graph\">{\"@context\":\"https:\/\/schema.org\",\"@graph\":[{\"@type\":\"Article\",\"@id\":\"https:\/\/www.pogotowieflagowe.pl\/aktualne\/swiat-byl-pod-wielkim-wrazeniem-malej-armii-janosika-podczas-mszy-o-polnocy\/#article\",\"isPartOf\":{\"@id\":\"https:\/\/www.pogotowieflagowe.pl\/aktualne\/swiat-byl-pod-wielkim-wrazeniem-malej-armii-janosika-podczas-mszy-o-polnocy\/\"},\"author\":{\"name\":\"Filip\",\"@id\":\"https:\/\/www.pogotowieflagowe.pl\/aktualne\/#\/schema\/person\/9c2fb7d2362ebf6fa088960d7f0d27b0\"},\"headline\":\"\u015awiat by\u0142 pod wielkim wra\u017ceniem Ma\u0142ej Armii Janosika podczas mszy o p\u00f3\u0142nocy\",\"datePublished\":\"2024-12-26T22:47:18+00:00\",\"dateModified\":\"2024-12-26T22:47:20+00:00\",\"mainEntityOfPage\":{\"@id\":\"https:\/\/www.pogotowieflagowe.pl\/aktualne\/swiat-byl-pod-wielkim-wrazeniem-malej-armii-janosika-podczas-mszy-o-polnocy\/\"},\"wordCount\":396,\"publisher\":{\"@id\":\"https:\/\/www.pogotowieflagowe.pl\/aktualne\/#organization\"},\"image\":{\"@id\":\"https:\/\/www.pogotowieflagowe.pl\/aktualne\/swiat-byl-pod-wielkim-wrazeniem-malej-armii-janosika-podczas-mszy-o-polnocy\/#primaryimage\"},\"thumbnailUrl\":\"https:\/\/www.pogotowieflagowe.pl\/aktualne\/wp-content\/uploads\/2024\/12\/Swiat-byl-pod-wielkim-wrazeniem-Malej-Armii-Janosika-podczas-mszy.jpg\",\"keywords\":[\"armii\",\"by\u0142\",\"Janosika\",\"Ma\u0142ej\",\"mszy\",\"pod\",\"podczas\",\"p\u00f3\u0142nocy\",\"\u015awiat\",\"wielkim\",\"wra\u017ceniem\"],\"articleSection\":[\"Styl \u017cycia\"],\"inLanguage\":\"pl-PL\"},{\"@type\":\"WebPage\",\"@id\":\"https:\/\/www.pogotowieflagowe.pl\/aktualne\/swiat-byl-pod-wielkim-wrazeniem-malej-armii-janosika-podczas-mszy-o-polnocy\/\",\"url\":\"https:\/\/www.pogotowieflagowe.pl\/aktualne\/swiat-byl-pod-wielkim-wrazeniem-malej-armii-janosika-podczas-mszy-o-polnocy\/\",\"name\":\"\u015awiat by\u0142 pod wielkim wra\u017ceniem Ma\u0142ej Armii Janosika podczas mszy o p\u00f3\u0142nocy - POGOTOWIE FLAGOWE\u00ae\",\"isPartOf\":{\"@id\":\"https:\/\/www.pogotowieflagowe.pl\/aktualne\/#website\"},\"primaryImageOfPage\":{\"@id\":\"https:\/\/www.pogotowieflagowe.pl\/aktualne\/swiat-byl-pod-wielkim-wrazeniem-malej-armii-janosika-podczas-mszy-o-polnocy\/#primaryimage\"},\"image\":{\"@id\":\"https:\/\/www.pogotowieflagowe.pl\/aktualne\/swiat-byl-pod-wielkim-wrazeniem-malej-armii-janosika-podczas-mszy-o-polnocy\/#primaryimage\"},\"thumbnailUrl\":\"https:\/\/www.pogotowieflagowe.pl\/aktualne\/wp-content\/uploads\/2024\/12\/Swiat-byl-pod-wielkim-wrazeniem-Malej-Armii-Janosika-podczas-mszy.jpg\",\"datePublished\":\"2024-12-26T22:47:18+00:00\",\"dateModified\":\"2024-12-26T22:47:20+00:00\",\"breadcrumb\":{\"@id\":\"https:\/\/www.pogotowieflagowe.pl\/aktualne\/swiat-byl-pod-wielkim-wrazeniem-malej-armii-janosika-podczas-mszy-o-polnocy\/#breadcrumb\"},\"inLanguage\":\"pl-PL\",\"potentialAction\":[{\"@type\":\"ReadAction\",\"target\":[\"https:\/\/www.pogotowieflagowe.pl\/aktualne\/swiat-byl-pod-wielkim-wrazeniem-malej-armii-janosika-podczas-mszy-o-polnocy\/\"]}]},{\"@type\":\"ImageObject\",\"inLanguage\":\"pl-PL\",\"@id\":\"https:\/\/www.pogotowieflagowe.pl\/aktualne\/swiat-byl-pod-wielkim-wrazeniem-malej-armii-janosika-podczas-mszy-o-polnocy\/#primaryimage\",\"url\":\"https:\/\/www.pogotowieflagowe.pl\/aktualne\/wp-content\/uploads\/2024\/12\/Swiat-byl-pod-wielkim-wrazeniem-Malej-Armii-Janosika-podczas-mszy.jpg\",\"contentUrl\":\"https:\/\/www.pogotowieflagowe.pl\/aktualne\/wp-content\/uploads\/2024\/12\/Swiat-byl-pod-wielkim-wrazeniem-Malej-Armii-Janosika-podczas-mszy.jpg\",\"width\":1519,\"height\":779,\"caption\":\"\u015awiat by\u0142 pod wielkim wra\u017ceniem Ma\u0142ej Armii Janosika podczas mszy o p\u00f3\u0142nocy\"},{\"@type\":\"BreadcrumbList\",\"@id\":\"https:\/\/www.pogotowieflagowe.pl\/aktualne\/swiat-byl-pod-wielkim-wrazeniem-malej-armii-janosika-podczas-mszy-o-polnocy\/#breadcrumb\",\"itemListElement\":[{\"@type\":\"ListItem\",\"position\":1,\"name\":\"Home\",\"item\":\"https:\/\/www.pogotowieflagowe.pl\/aktualne\/\"},{\"@type\":\"ListItem\",\"position\":2,\"name\":\"\u015awiat by\u0142 pod wielkim wra\u017ceniem Ma\u0142ej Armii Janosika podczas mszy o p\u00f3\u0142nocy\"}]},{\"@type\":\"WebSite\",\"@id\":\"https:\/\/www.pogotowieflagowe.pl\/aktualne\/#website\",\"url\":\"https:\/\/www.pogotowieflagowe.pl\/aktualne\/\",\"name\":\"POGOTOWIE FLAGOWE\u00ae\",\"description\":\"\",\"publisher\":{\"@id\":\"https:\/\/www.pogotowieflagowe.pl\/aktualne\/#organization\"},\"potentialAction\":[{\"@type\":\"SearchAction\",\"target\":{\"@type\":\"EntryPoint\",\"urlTemplate\":\"https:\/\/www.pogotowieflagowe.pl\/aktualne\/?s={search_term_string}\"},\"query-input\":\"required name=search_term_string\"}],\"inLanguage\":\"pl-PL\"},{\"@type\":\"Organization\",\"@id\":\"https:\/\/www.pogotowieflagowe.pl\/aktualne\/#organization\",\"name\":\"POGOTOWIE FLAGOWE\u00ae\",\"url\":\"https:\/\/www.pogotowieflagowe.pl\/aktualne\/\",\"logo\":{\"@type\":\"ImageObject\",\"inLanguage\":\"pl-PL\",\"@id\":\"https:\/\/www.pogotowieflagowe.pl\/aktualne\/#\/schema\/logo\/image\/\",\"url\":\"https:\/\/www.pogotowieflagowe.pl\/aktualne\/wp-content\/uploads\/2024\/08\/cropped-pogotowieflagowe_flaga_projekt_sm.jpg\",\"contentUrl\":\"https:\/\/www.pogotowieflagowe.pl\/aktualne\/wp-content\/uploads\/2024\/08\/cropped-pogotowieflagowe_flaga_projekt_sm.jpg\",\"width\":250,\"height\":143,\"caption\":\"POGOTOWIE FLAGOWE\u00ae\"},\"image\":{\"@id\":\"https:\/\/www.pogotowieflagowe.pl\/aktualne\/#\/schema\/logo\/image\/\"}},{\"@type\":\"Person\",\"@id\":\"https:\/\/www.pogotowieflagowe.pl\/aktualne\/#\/schema\/person\/9c2fb7d2362ebf6fa088960d7f0d27b0\",\"name\":\"Filip\",\"image\":{\"@type\":\"ImageObject\",\"inLanguage\":\"pl-PL\",\"@id\":\"https:\/\/www.pogotowieflagowe.pl\/aktualne\/#\/schema\/person\/image\/\",\"url\":\"https:\/\/www.pogotowieflagowe.pl\/aktualne\/wp-content\/uploads\/2024\/08\/pogotowieflagowe.pl_.jpg\",\"contentUrl\":\"https:\/\/www.pogotowieflagowe.pl\/aktualne\/wp-content\/uploads\/2024\/08\/pogotowieflagowe.pl_.jpg\",\"caption\":\"Filip\"},\"description\":\"Jestem Filip, polski dziennikarz z dyplomem nauk politycznych Uniwersytetu Warszawskiego. Rozpoczynaj\u0105c swoj\u0105 karier\u0119 w r\u00f3\u017cnych lokalnych mediach, zdoby\u0142em solidne do\u015bwiadczenie w zakresie \u015bledztwa i redakcji. Obecnie jako redaktor w Pogotowie flagowe, staram si\u0119 dostarcza\u0107 dog\u0142\u0119bne i istotne analizy na temat najwa\u017cniejszych kwestii aktualno\u015bci, \u0142\u0105cz\u0105c rygor z pasj\u0105 dziennikarsk\u0105.\",\"sameAs\":[\"https:\/\/www.pogotowieflagowe.pl\/\"]}]}<\/script>\n<!-- \/ Yoast SEO plugin. -->","yoast_head_json":{"title":"\u015awiat by\u0142 pod wielkim wra\u017ceniem Ma\u0142ej Armii Janosika podczas mszy o p\u00f3\u0142nocy - POGOTOWIE FLAGOWE\u00ae","robots":{"index":"index","follow":"follow","max-snippet":"max-snippet:-1","max-image-preview":"max-image-preview:large","max-video-preview":"max-video-preview:-1"},"canonical":"https:\/\/www.pogotowieflagowe.pl\/aktualne\/swiat-byl-pod-wielkim-wrazeniem-malej-armii-janosika-podczas-mszy-o-polnocy\/","og_locale":"pl_PL","og_type":"article","og_title":"\u015awiat by\u0142 pod wielkim wra\u017ceniem Ma\u0142ej Armii Janosika podczas mszy o p\u00f3\u0142nocy - POGOTOWIE FLAGOWE\u00ae","og_description":"Ma\u0142a Armia Janosika prawdopodobnie da\u0142a koncert swojego \u017cycia podczas mszy o p\u00f3\u0142nocy. Kr\u00f3tkie wideo staje si\u0119 wirusowe. Miliony internaut\u00f3w z","og_url":"https:\/\/www.pogotowieflagowe.pl\/aktualne\/swiat-byl-pod-wielkim-wrazeniem-malej-armii-janosika-podczas-mszy-o-polnocy\/","og_site_name":"POGOTOWIE FLAGOWE\u00ae","article_published_time":"2024-12-26T22:47:18+00:00","article_modified_time":"2024-12-26T22:47:20+00:00","og_image":[{"width":1519,"height":779,"url":"https:\/\/www.pogotowieflagowe.pl\/aktualne\/wp-content\/uploads\/2024\/12\/Swiat-byl-pod-wielkim-wrazeniem-Malej-Armii-Janosika-podczas-mszy.jpg","type":"image\/jpeg"}],"author":"Filip","twitter_card":"summary_large_image","twitter_misc":{"Napisane przez":"Filip","Szacowany czas czytania":"2 minuty"},"schema":{"@context":"https:\/\/schema.org","@graph":[{"@type":"Article","@id":"https:\/\/www.pogotowieflagowe.pl\/aktualne\/swiat-byl-pod-wielkim-wrazeniem-malej-armii-janosika-podczas-mszy-o-polnocy\/#article","isPartOf":{"@id":"https:\/\/www.pogotowieflagowe.pl\/aktualne\/swiat-byl-pod-wielkim-wrazeniem-malej-armii-janosika-podczas-mszy-o-polnocy\/"},"author":{"name":"Filip","@id":"https:\/\/www.pogotowieflagowe.pl\/aktualne\/#\/schema\/person\/9c2fb7d2362ebf6fa088960d7f0d27b0"},"headline":"\u015awiat by\u0142 pod wielkim wra\u017ceniem Ma\u0142ej Armii Janosika podczas mszy o p\u00f3\u0142nocy","datePublished":"2024-12-26T22:47:18+00:00","dateModified":"2024-12-26T22:47:20+00:00","mainEntityOfPage":{"@id":"https:\/\/www.pogotowieflagowe.pl\/aktualne\/swiat-byl-pod-wielkim-wrazeniem-malej-armii-janosika-podczas-mszy-o-polnocy\/"},"wordCount":396,"publisher":{"@id":"https:\/\/www.pogotowieflagowe.pl\/aktualne\/#organization"},"image":{"@id":"https:\/\/www.pogotowieflagowe.pl\/aktualne\/swiat-byl-pod-wielkim-wrazeniem-malej-armii-janosika-podczas-mszy-o-polnocy\/#primaryimage"},"thumbnailUrl":"https:\/\/www.pogotowieflagowe.pl\/aktualne\/wp-content\/uploads\/2024\/12\/Swiat-byl-pod-wielkim-wrazeniem-Malej-Armii-Janosika-podczas-mszy.jpg","keywords":["armii","by\u0142","Janosika","Ma\u0142ej","mszy","pod","podczas","p\u00f3\u0142nocy","\u015awiat","wielkim","wra\u017ceniem"],"articleSection":["Styl \u017cycia"],"inLanguage":"pl-PL"},{"@type":"WebPage","@id":"https:\/\/www.pogotowieflagowe.pl\/aktualne\/swiat-byl-pod-wielkim-wrazeniem-malej-armii-janosika-podczas-mszy-o-polnocy\/","url":"https:\/\/www.pogotowieflagowe.pl\/aktualne\/swiat-byl-pod-wielkim-wrazeniem-malej-armii-janosika-podczas-mszy-o-polnocy\/","name":"\u015awiat by\u0142 pod wielkim wra\u017ceniem Ma\u0142ej Armii Janosika podczas mszy o p\u00f3\u0142nocy - POGOTOWIE FLAGOWE\u00ae","isPartOf":{"@id":"https:\/\/www.pogotowieflagowe.pl\/aktualne\/#website"},"primaryImageOfPage":{"@id":"https:\/\/www.pogotowieflagowe.pl\/aktualne\/swiat-byl-pod-wielkim-wrazeniem-malej-armii-janosika-podczas-mszy-o-polnocy\/#primaryimage"},"image":{"@id":"https:\/\/www.pogotowieflagowe.pl\/aktualne\/swiat-byl-pod-wielkim-wrazeniem-malej-armii-janosika-podczas-mszy-o-polnocy\/#primaryimage"},"thumbnailUrl":"https:\/\/www.pogotowieflagowe.pl\/aktualne\/wp-content\/uploads\/2024\/12\/Swiat-byl-pod-wielkim-wrazeniem-Malej-Armii-Janosika-podczas-mszy.jpg","datePublished":"2024-12-26T22:47:18+00:00","dateModified":"2024-12-26T22:47:20+00:00","breadcrumb":{"@id":"https:\/\/www.pogotowieflagowe.pl\/aktualne\/swiat-byl-pod-wielkim-wrazeniem-malej-armii-janosika-podczas-mszy-o-polnocy\/#breadcrumb"},"inLanguage":"pl-PL","potentialAction":[{"@type":"ReadAction","target":["https:\/\/www.pogotowieflagowe.pl\/aktualne\/swiat-byl-pod-wielkim-wrazeniem-malej-armii-janosika-podczas-mszy-o-polnocy\/"]}]},{"@type":"ImageObject","inLanguage":"pl-PL","@id":"https:\/\/www.pogotowieflagowe.pl\/aktualne\/swiat-byl-pod-wielkim-wrazeniem-malej-armii-janosika-podczas-mszy-o-polnocy\/#primaryimage","url":"https:\/\/www.pogotowieflagowe.pl\/aktualne\/wp-content\/uploads\/2024\/12\/Swiat-byl-pod-wielkim-wrazeniem-Malej-Armii-Janosika-podczas-mszy.jpg","contentUrl":"https:\/\/www.pogotowieflagowe.pl\/aktualne\/wp-content\/uploads\/2024\/12\/Swiat-byl-pod-wielkim-wrazeniem-Malej-Armii-Janosika-podczas-mszy.jpg","width":1519,"height":779,"caption":"\u015awiat by\u0142 pod wielkim wra\u017ceniem Ma\u0142ej Armii Janosika podczas mszy o p\u00f3\u0142nocy"},{"@type":"BreadcrumbList","@id":"https:\/\/www.pogotowieflagowe.pl\/aktualne\/swiat-byl-pod-wielkim-wrazeniem-malej-armii-janosika-podczas-mszy-o-polnocy\/#breadcrumb","itemListElement":[{"@type":"ListItem","position":1,"name":"Home","item":"https:\/\/www.pogotowieflagowe.pl\/aktualne\/"},{"@type":"ListItem","position":2,"name":"\u015awiat by\u0142 pod wielkim wra\u017ceniem Ma\u0142ej Armii Janosika podczas mszy o p\u00f3\u0142nocy"}]},{"@type":"WebSite","@id":"https:\/\/www.pogotowieflagowe.pl\/aktualne\/#website","url":"https:\/\/www.pogotowieflagowe.pl\/aktualne\/","name":"POGOTOWIE FLAGOWE\u00ae","description":"","publisher":{"@id":"https:\/\/www.pogotowieflagowe.pl\/aktualne\/#organization"},"potentialAction":[{"@type":"SearchAction","target":{"@type":"EntryPoint","urlTemplate":"https:\/\/www.pogotowieflagowe.pl\/aktualne\/?s={search_term_string}"},"query-input":"required name=search_term_string"}],"inLanguage":"pl-PL"},{"@type":"Organization","@id":"https:\/\/www.pogotowieflagowe.pl\/aktualne\/#organization","name":"POGOTOWIE FLAGOWE\u00ae","url":"https:\/\/www.pogotowieflagowe.pl\/aktualne\/","logo":{"@type":"ImageObject","inLanguage":"pl-PL","@id":"https:\/\/www.pogotowieflagowe.pl\/aktualne\/#\/schema\/logo\/image\/","url":"https:\/\/www.pogotowieflagowe.pl\/aktualne\/wp-content\/uploads\/2024\/08\/cropped-pogotowieflagowe_flaga_projekt_sm.jpg","contentUrl":"https:\/\/www.pogotowieflagowe.pl\/aktualne\/wp-content\/uploads\/2024\/08\/cropped-pogotowieflagowe_flaga_projekt_sm.jpg","width":250,"height":143,"caption":"POGOTOWIE FLAGOWE\u00ae"},"image":{"@id":"https:\/\/www.pogotowieflagowe.pl\/aktualne\/#\/schema\/logo\/image\/"}},{"@type":"Person","@id":"https:\/\/www.pogotowieflagowe.pl\/aktualne\/#\/schema\/person\/9c2fb7d2362ebf6fa088960d7f0d27b0","name":"Filip","image":{"@type":"ImageObject","inLanguage":"pl-PL","@id":"https:\/\/www.pogotowieflagowe.pl\/aktualne\/#\/schema\/person\/image\/","url":"https:\/\/www.pogotowieflagowe.pl\/aktualne\/wp-content\/uploads\/2024\/08\/pogotowieflagowe.pl_.jpg","contentUrl":"https:\/\/www.pogotowieflagowe.pl\/aktualne\/wp-content\/uploads\/2024\/08\/pogotowieflagowe.pl_.jpg","caption":"Filip"},"description":"Jestem Filip, polski dziennikarz z dyplomem nauk politycznych Uniwersytetu Warszawskiego. Rozpoczynaj\u0105c swoj\u0105 karier\u0119 w r\u00f3\u017cnych lokalnych mediach, zdoby\u0142em solidne do\u015bwiadczenie w zakresie \u015bledztwa i redakcji. Obecnie jako redaktor w Pogotowie flagowe, staram si\u0119 dostarcza\u0107 dog\u0142\u0119bne i istotne analizy na temat najwa\u017cniejszych kwestii aktualno\u015bci, \u0142\u0105cz\u0105c rygor z pasj\u0105 dziennikarsk\u0105.","sameAs":["https:\/\/www.pogotowieflagowe.pl\/"]}]}},"_links":{"self":[{"href":"https:\/\/www.pogotowieflagowe.pl\/aktualne\/wp-json\/wp\/v2\/posts\/2692","targetHints":{"allow":["GET"]}}],"collection":[{"href":"https:\/\/www.pogotowieflagowe.pl\/aktualne\/wp-json\/wp\/v2\/posts"}],"about":[{"href":"https:\/\/www.pogotowieflagowe.pl\/aktualne\/wp-json\/wp\/v2\/types\/post"}],"author":[{"embeddable":true,"href":"https:\/\/www.pogotowieflagowe.pl\/aktualne\/wp-json\/wp\/v2\/users\/1"}],"replies":[{"embeddable":true,"href":"https:\/\/www.pogotowieflagowe.pl\/aktualne\/wp-json\/wp\/v2\/comments?post=2692"}],"version-history":[{"count":1,"href":"https:\/\/www.pogotowieflagowe.pl\/aktualne\/wp-json\/wp\/v2\/posts\/2692\/revisions"}],"predecessor-version":[{"id":2694,"href":"https:\/\/www.pogotowieflagowe.pl\/aktualne\/wp-json\/wp\/v2\/posts\/2692\/revisions\/2694"}],"wp:featuredmedia":[{"embeddable":true,"href":"https:\/\/www.pogotowieflagowe.pl\/aktualne\/wp-json\/wp\/v2\/media\/2693"}],"wp:attachment":[{"href":"https:\/\/www.pogotowieflagowe.pl\/aktualne\/wp-json\/wp\/v2\/media?parent=2692"}],"wp:term":[{"taxonomy":"category","embeddable":true,"href":"https:\/\/www.pogotowieflagowe.pl\/aktualne\/wp-json\/wp\/v2\/categories?post=2692"},{"taxonomy":"post_tag","embeddable":true,"href":"https:\/\/www.pogotowieflagowe.pl\/aktualne\/wp-json\/wp\/v2\/tags?post=2692"}],"curies":[{"name":"wp","href":"https:\/\/api.w.org\/{rel}","templated":true}]}}