{"id":2730,"date":"2024-12-28T23:47:32","date_gmt":"2024-12-28T22:47:32","guid":{"rendered":"https:\/\/www.pogotowieflagowe.pl\/aktualne\/lisiewicz-bodnar-napada-na-klasztor-wuja-giertycha-czy-to-moze-byc-cos-wiecej-niz-tylko-wybryki-gangu-olsena\/"},"modified":"2024-12-28T23:47:33","modified_gmt":"2024-12-28T22:47:33","slug":"lisiewicz-bodnar-napada-na-klasztor-wuja-giertycha-czy-to-moze-byc-cos-wiecej-niz-tylko-wybryki-gangu-olsena","status":"publish","type":"post","link":"https:\/\/www.pogotowieflagowe.pl\/aktualne\/lisiewicz-bodnar-napada-na-klasztor-wuja-giertycha-czy-to-moze-byc-cos-wiecej-niz-tylko-wybryki-gangu-olsena\/","title":{"rendered":"Lisiewicz: Bodnar napada na klasztor wuja Giertycha. Czy to mo\u017ce by\u0107 co\u015b wi\u0119cej ni\u017c tylko wybryki gangu Olsena?"},"content":{"rendered":"\n<div class=\"td_block_wrap tdb_single_content tdi_48 td-pb-border-top td_block_template_8 td-post-content tagdiv-type\" data-td-block-uid=\"tdi_48\">\n<style>.tdi_48{margines-g\u00f3rny:0px!important;margin-bottom:0px!important;dope\u0142nienie-g\u00f3ra:0px!important;dope\u0142nienie-d\u00f3\u0142:0px!important}<\/style>\n<style>.tdb_single_content{margin-bottom:0;*zoom:1}.tdb_single_content:before,.tdb_single_content:after{display:table;content:'';line-height:0}.tdb_single_content:after{clear:both}.tdb_single_content .tdb-block-inner>*:not(.wp-block-quote):not(.alignwide):not(.alignfull.wp-block-cover.has-parallax):not(.td-a-ad) {margin-left:auto;margin-right:auto}.tdb_single_content a{pointer-events:auto}.tdb_single_content .td-spot-id-top_ad .tdc-placeholder-title:before{content:'Article Top Ad'!important}.tdb_single_content .td-spot-id-inline_ad0 .tdc-placeholder-title:before{content:'Article Reklama wbudowana 1'!important}.tdb_single_content .td-spot-id-inline_ad1 .tdc-placeholder-title:before{content:'Article Inline Ad 2'!important}.tdb_single_content .td-spot-id-inline_ad2 .tdc-placeholder-title:before{content:' Reklama wbudowana w artyku\u0142 3'!important}.tdb_single_content .td-spot-id-bottom_ad .tdc-placeholder-title:before{content:'Article Bottom Ad'!important}.tdb_single_content .id_top_ad,.tdb_single_content .id_bottom_ad{clear:both;margin-bottom:21px;text-align:center}.tdb_single_content .id_top_ad img,.tdb_single_content .id_bottom_ad img{margin-bottom:0}.tdb_single_content .id_top_ad .adsbygoogle,.tdb_single_content .id_bottom_ad .adsbygoogle{position:relative}.tdb_single_content .id_ad_content-horiz-left,.tdb_single_content .id_ad_content-horiz-right,.tdb_single_content .id_ad_content-horiz-center{margin-bottom:15px}.tdb_single_content .id_ad_content-horiz-left img,.tdb_single_content .id_ad_content-horiz-right img,.tdb_single_content .id_ad_content-horiz-center img{margin-bottom:0}.tdb_single_content .id_ad_content-horiz-center{text-align:center}.tdb_single_content .id_ad_content-horiz-center img{margin-right:auto;margin-left:auto}.tdb_single_content .id_ad_content-horiz-left{float:left;margin-top:9px;margin-right:21px}.tdb_single_content .id_ad_content-horiz-right{float:right;margin-top:6px;margin-left:21px}.tdb_single_content .tdc-a-ad .tdc-placeholder-title{width:300px;height:250px}.tdb_single_content .tdc-a-ad .tdc-placeholder-title:before{position:absolute;top:50%;-webkit-transform:translateY(-50%);transform:translateY(-50%);margines:auto;display:table;width:100 %}.tdb_single_content .tdb-block-inner.td-fix-index{word-break:break-word}.tdi_48,.tdi_48>p,.tdi_48 .tdb-block-inner>p{font-size:16px!important;line- wysoko\u015b\u0107:1,6!wa\u017cne}.tdi_48 .tdb-block-inner blockquote p{font-style:normal!important}@media (max-width:767px){.tdb_single_content .id_ad_content-horiz-left,.tdb_single_content .id_ad_content-horiz-right,.tdb_single_content .id_ad_content-horiz-center{margin:0 automatyczny 26px auto}}@media (max-width:767px){.tdb_single_content .id_ad_content-horiz-left{margin-right:0}}@media (max-width:767px){.tdb_single_content .id_ad_content-horiz-right{margin -left:0}}@media (max-width:767px){.tdb_single_content .td-a-ad{float:none;text-align:center}.tdb_single_content .td-a-ad img{margin-right:auto;margin-left:auto}. tdb_single_content .tdc-a-ad{float:none}}<\/style>\n<div class=\"tdb-block-inner td-fix-index\">\n<p>Policjanci w kominiarkach wtargn\u0119li do klasztoru dominikan\u00f3w w Lublinie, rzekomo w poszukiwaniu Marcina Romanowskiego. Nad klasztorem kr\u0105\u017cy\u0142y drony, a mimo to komendant policji o\u015bwiadczy\u0142 w wywiadzie, \u017ce Romanowskiego w og\u00f3le nie by\u0142o w Polsce. Zdaniem prze\u0142o\u017conego prowincji dominika\u0144skiej, \u017caden z lubelskich mnich\u00f3w nie zna\u0142 Romanowskiego i nigdy z nim nie rozmawia\u0142. Ca\u0142a my\u015bl\u0105ca Polska zastanawia si\u0119 teraz, dlaczego Adam Bodnar zdecydowa\u0142 si\u0119 na napad na najbardziej \u201epost\u0119powy\u201d klasztor, a nawet przeszukanie celi ksi\u0119dza Ludwika Wi\u015bniewskiego, g\u0142o\u015bnego krytyka rz\u0105dz\u0105cej partii Prawo i Sprawiedliwo\u015b\u0107 (PiS). Czy to przypadek b\u0142\u0119d\u00f3w w stylu Olsen Gang? Mo\u017ce nie. Jest tylko jeden scenariusz, w kt\u00f3rym pozorne szale\u0144stwo Bodnara mo\u017ce wydawa\u0107 si\u0119 logiczne \u2013 pisze Piotr Lisiewicz, zast\u0119pca redaktora naczelnego \u201eDziennika\u201d <em>Gazeta Polska<\/em>Do <em>Niezale\u017cna.pl<\/em>.<\/p>\n<p>Szeroko odnotowywano zwi\u0105zek pomi\u0119dzy dominikaninem o. Wojciechem Giertychem, wujkiem Romana Giertycha, a jego uchylaniem si\u0119 od kontaktowania si\u0119 z polsk\u0105 prokuratur\u0105. Ksi\u0105dz Wojciech Giertych, mianowany przez Benedykta XVI teologiem Domu Papieskiego, pozostaje niezwykle wp\u0142ywow\u0105 postaci\u0105 w Zakonie Dominikan\u00f3w, pe\u0142ni\u0105c mi\u0119dzy innymi funkcje cz\u0142onka Rady Generalnej, a wcze\u015bniej pe\u0142ni\u0105c funkcj\u0119 Asystenta Mistrza Zakonu na Europ\u0119 \u015arodkowo-Wschodni\u0105 .<\/p>\n<p><strong>Giertych o dru\u017cynie Bodnara: \u201eHa\u0144ba!\u201d<\/strong><\/p>\n<p>W 2020 roku dziennikarz Cezary Gmyz napisa\u0142 na Twitterze:<\/p>\n<p>\u201eRoman G. zaktywizowa\u0142 swojego wujka, kt\u00f3ry zwr\u00f3ci\u0142 si\u0119 do w\u0142adz w\u0142oskich z pro\u015bb\u0105 o nieprzekazywanie dowod\u00f3w znalezionych we w\u0142oskiej posiad\u0142o\u015bci siostrze\u0144ca.\u201d<\/p>\n<p>W sprawie Marcina Romanowskiego ks. Giertych ostro skrytykowa\u0142 prokuratur\u0119 pod przewodnictwem Bodnara.<\/p>\n<p>\u201ePrzez setki godzin pracowali\u015bmy nad spraw\u0105 FS. Miesi\u0105cami czekali\u015bmy na wnioski o uchylenie immunitet\u00f3w, kt\u00f3re prokurator Korneluk obieca\u0142 ju\u017c w marcu. Dzi\u015b g\u0142\u00f3wny podejrzany wychodzi na wolno\u015b\u0107, bo Prokuratura Krajowa zapomnia\u0142a z\u0142o\u017cy\u0107 do Rady Europy wniosek o uchylenie immunitetu. Ha\u0144ba!\u201d Giertych napisa\u0142 na X (dawniej Twitterze).<\/p>\n<p><strong>Przeszukasz klasztor swego wujka<\/strong><\/p>\n<p>Pobudzony do dzia\u0142ania Bodnar wzm\u00f3g\u0142 wysi\u0142ki w \u015bciganiu Romanowskiego. Zapa\u0142 jego dru\u017cyny zako\u0144czy\u0142 si\u0119 napadem na lubelski klasztor nie kto inny jak wujka Giertycha. Operacja wydawa\u0142a si\u0119 zdezorganizowana i irracjonalna. Najwybitniejsza posta\u0107 lubelskiego klasztoru, ksi\u0105dz Ludwik Wi\u015bniewski, jest powszechnie znany ze swoich post\u0119powych pogl\u0105d\u00f3w. Krytyk PiS, udziela\u0142 wywiad\u00f3w <em>Gazety Wyborczej<\/em>bra\u0142 udzia\u0142 w festiwalu Jerzego Owsiaka, pisa\u0142 zjadliwe listy otwarte do Jaros\u0142awa Kaczy\u0144skiego i Andrzeja Dudy. Czy to mo\u017cliwe, \u017ce przeszukano cel\u0119 ksi\u0119dza Ludwika w zwi\u0105zku z podejrzeniem ukrywania Romanowskiego? A mo\u017ce inni mnisi dzia\u0142ali bez jego wiedzy?<\/p>\n<p>Sp\u00f3r Adama Bodnara z Romanem Giertychem \u2013 kt\u00f3ry sam ma ambicje zosta\u0107 ministrem sprawiedliwo\u015bci \u2013 przedosta\u0142 si\u0119 do opinii publicznej, a obie strony wymienia\u0142y si\u0119 ciosami. 10 lipca Bodnar tak komentowa\u0142 w nieoficjalnym programie TVP:<\/p>\n<p>\u201eMy\u015bl\u0119, \u017ce g\u0142\u00f3wna r\u00f3\u017cnica mi\u0119dzy mn\u0105 a Romanem Giertychiem polega na tym, \u017ce mo\u017ce pisa\u0107, co chce i unika\u0107 odpowiedzialno\u015bci\u201d.<\/p>\n<p><strong>Giertych nadal ma zarzuty<\/strong><\/p>\n<p>Warto zaznaczy\u0107, \u017ce lubelska prokuratura pod przewodnictwem Bodnara nie wycofa\u0142a zarzut\u00f3w wobec Romana Giertycha. Wr\u0119cz przeciwnie, przed\u0142u\u017cyli przeciwko niemu \u015bledztwo do 16 stycznia 2025 roku.<\/p>\n<p>Zarzuty stawiane Giertychowi obejmuj\u0105 dzia\u0142ania na szkod\u0119 sp\u00f3\u0142ki Polnord, przyw\u0142aszczenie znacznego maj\u0105tku o warto\u015bci ponad 72 mln z\u0142, wyrz\u0105dzenie Polnordowi szkody na kwot\u0119 4,5 mln z\u0142 pod przykrywk\u0105 umowy o \u015bwiadczenie us\u0142ug prawnych z jego kancelari\u0105 prawn\u0105 oraz wypranie ok. 5,2 mln z\u0142. .<\/p>\n<\/div>\n<\/div>\n","protected":false},"excerpt":{"rendered":"<p>Policjanci w kominiarkach wtargn\u0119li do klasztoru dominikan\u00f3w w Lublinie, rzekomo w poszukiwaniu Marcina Romanowskiego. Nad klasztorem kr\u0105\u017cy\u0142y drony, a mimo<\/p>\n","protected":false},"author":1,"featured_media":2731,"comment_status":"closed","ping_status":"","sticky":false,"template":"","format":"standard","meta":{"footnotes":""},"categories":[44],"tags":[4099,2755,1074,501,4105,4102,4018,4098,2219,4100,3830,4106,3165,4103,4101,4104],"class_list":["post-2730","post","type-post","status-publish","format-standard","has-post-thumbnail","hentry","category-polityka","tag-bodnar","tag-byc","tag-cos","tag-czy","tag-gangu","tag-giertycha","tag-klasztor","tag-lisiewicz","tag-moze","tag-napada","tag-niz","tag-olsena","tag-tylko","tag-wiecej","tag-wuja","tag-wybryki","generate-columns","tablet-grid-50","mobile-grid-100","grid-parent","grid-50","resize-featured-image"],"yoast_head":"<!-- This site is optimized with the Yoast SEO plugin v23.2 - https:\/\/yoast.com\/wordpress\/plugins\/seo\/ -->\n<title>Lisiewicz: Bodnar napada na klasztor wuja Giertycha. Czy to mo\u017ce by\u0107 co\u015b wi\u0119cej ni\u017c tylko wybryki gangu Olsena? - POGOTOWIE FLAGOWE\u00ae<\/title>\n<meta name=\"robots\" content=\"index, follow, max-snippet:-1, max-image-preview:large, max-video-preview:-1\" \/>\n<link rel=\"canonical\" href=\"https:\/\/www.pogotowieflagowe.pl\/aktualne\/lisiewicz-bodnar-napada-na-klasztor-wuja-giertycha-czy-to-moze-byc-cos-wiecej-niz-tylko-wybryki-gangu-olsena\/\" \/>\n<meta property=\"og:locale\" content=\"pl_PL\" \/>\n<meta property=\"og:type\" content=\"article\" \/>\n<meta property=\"og:title\" content=\"Lisiewicz: Bodnar napada na klasztor wuja Giertycha. Czy to mo\u017ce by\u0107 co\u015b wi\u0119cej ni\u017c tylko wybryki gangu Olsena? - POGOTOWIE FLAGOWE\u00ae\" \/>\n<meta property=\"og:description\" content=\"Policjanci w kominiarkach wtargn\u0119li do klasztoru dominikan\u00f3w w Lublinie, rzekomo w poszukiwaniu Marcina Romanowskiego. Nad klasztorem kr\u0105\u017cy\u0142y drony, a mimo\" \/>\n<meta property=\"og:url\" content=\"https:\/\/www.pogotowieflagowe.pl\/aktualne\/lisiewicz-bodnar-napada-na-klasztor-wuja-giertycha-czy-to-moze-byc-cos-wiecej-niz-tylko-wybryki-gangu-olsena\/\" \/>\n<meta property=\"og:site_name\" content=\"POGOTOWIE FLAGOWE\u00ae\" \/>\n<meta property=\"article:published_time\" content=\"2024-12-28T22:47:32+00:00\" \/>\n<meta property=\"article:modified_time\" content=\"2024-12-28T22:47:33+00:00\" \/>\n<meta property=\"og:image\" content=\"https:\/\/www.pogotowieflagowe.pl\/aktualne\/wp-content\/uploads\/2024\/12\/Lisiewicz-Bodnar-napada-na-klasztor-wuja-Giertycha-Czy-to-moze.jpg\" \/>\n\t<meta property=\"og:image:width\" content=\"986\" \/>\n\t<meta property=\"og:image:height\" content=\"560\" \/>\n\t<meta property=\"og:image:type\" content=\"image\/jpeg\" \/>\n<meta name=\"author\" content=\"Filip\" \/>\n<meta name=\"twitter:card\" content=\"summary_large_image\" \/>\n<meta name=\"twitter:label1\" content=\"Napisane przez\" \/>\n\t<meta name=\"twitter:data1\" content=\"Filip\" \/>\n\t<meta name=\"twitter:label2\" content=\"Szacowany czas czytania\" \/>\n\t<meta name=\"twitter:data2\" content=\"3 minuty\" \/>\n<script type=\"application\/ld+json\" class=\"yoast-schema-graph\">{\"@context\":\"https:\/\/schema.org\",\"@graph\":[{\"@type\":\"Article\",\"@id\":\"https:\/\/www.pogotowieflagowe.pl\/aktualne\/lisiewicz-bodnar-napada-na-klasztor-wuja-giertycha-czy-to-moze-byc-cos-wiecej-niz-tylko-wybryki-gangu-olsena\/#article\",\"isPartOf\":{\"@id\":\"https:\/\/www.pogotowieflagowe.pl\/aktualne\/lisiewicz-bodnar-napada-na-klasztor-wuja-giertycha-czy-to-moze-byc-cos-wiecej-niz-tylko-wybryki-gangu-olsena\/\"},\"author\":{\"name\":\"Filip\",\"@id\":\"https:\/\/www.pogotowieflagowe.pl\/aktualne\/#\/schema\/person\/9c2fb7d2362ebf6fa088960d7f0d27b0\"},\"headline\":\"Lisiewicz: Bodnar napada na klasztor wuja Giertycha. Czy to mo\u017ce by\u0107 co\u015b wi\u0119cej ni\u017c tylko wybryki gangu Olsena?\",\"datePublished\":\"2024-12-28T22:47:32+00:00\",\"dateModified\":\"2024-12-28T22:47:33+00:00\",\"mainEntityOfPage\":{\"@id\":\"https:\/\/www.pogotowieflagowe.pl\/aktualne\/lisiewicz-bodnar-napada-na-klasztor-wuja-giertycha-czy-to-moze-byc-cos-wiecej-niz-tylko-wybryki-gangu-olsena\/\"},\"wordCount\":598,\"publisher\":{\"@id\":\"https:\/\/www.pogotowieflagowe.pl\/aktualne\/#organization\"},\"image\":{\"@id\":\"https:\/\/www.pogotowieflagowe.pl\/aktualne\/lisiewicz-bodnar-napada-na-klasztor-wuja-giertycha-czy-to-moze-byc-cos-wiecej-niz-tylko-wybryki-gangu-olsena\/#primaryimage\"},\"thumbnailUrl\":\"https:\/\/www.pogotowieflagowe.pl\/aktualne\/wp-content\/uploads\/2024\/12\/Lisiewicz-Bodnar-napada-na-klasztor-wuja-Giertycha-Czy-to-moze.jpg\",\"keywords\":[\"Bodnar\",\"by\u0107\",\"co\u015b\",\"Czy\",\"gangu\",\"Giertycha\",\"klasztor\",\"Lisiewicz\",\"mo\u017ce\",\"napada\",\"ni\u017c\",\"Olsena\",\"tylko\",\"wi\u0119cej\",\"wuja\",\"wybryki\"],\"articleSection\":[\"Polityka\"],\"inLanguage\":\"pl-PL\"},{\"@type\":\"WebPage\",\"@id\":\"https:\/\/www.pogotowieflagowe.pl\/aktualne\/lisiewicz-bodnar-napada-na-klasztor-wuja-giertycha-czy-to-moze-byc-cos-wiecej-niz-tylko-wybryki-gangu-olsena\/\",\"url\":\"https:\/\/www.pogotowieflagowe.pl\/aktualne\/lisiewicz-bodnar-napada-na-klasztor-wuja-giertycha-czy-to-moze-byc-cos-wiecej-niz-tylko-wybryki-gangu-olsena\/\",\"name\":\"Lisiewicz: Bodnar napada na klasztor wuja Giertycha. Czy to mo\u017ce by\u0107 co\u015b wi\u0119cej ni\u017c tylko wybryki gangu Olsena? - POGOTOWIE FLAGOWE\u00ae\",\"isPartOf\":{\"@id\":\"https:\/\/www.pogotowieflagowe.pl\/aktualne\/#website\"},\"primaryImageOfPage\":{\"@id\":\"https:\/\/www.pogotowieflagowe.pl\/aktualne\/lisiewicz-bodnar-napada-na-klasztor-wuja-giertycha-czy-to-moze-byc-cos-wiecej-niz-tylko-wybryki-gangu-olsena\/#primaryimage\"},\"image\":{\"@id\":\"https:\/\/www.pogotowieflagowe.pl\/aktualne\/lisiewicz-bodnar-napada-na-klasztor-wuja-giertycha-czy-to-moze-byc-cos-wiecej-niz-tylko-wybryki-gangu-olsena\/#primaryimage\"},\"thumbnailUrl\":\"https:\/\/www.pogotowieflagowe.pl\/aktualne\/wp-content\/uploads\/2024\/12\/Lisiewicz-Bodnar-napada-na-klasztor-wuja-Giertycha-Czy-to-moze.jpg\",\"datePublished\":\"2024-12-28T22:47:32+00:00\",\"dateModified\":\"2024-12-28T22:47:33+00:00\",\"breadcrumb\":{\"@id\":\"https:\/\/www.pogotowieflagowe.pl\/aktualne\/lisiewicz-bodnar-napada-na-klasztor-wuja-giertycha-czy-to-moze-byc-cos-wiecej-niz-tylko-wybryki-gangu-olsena\/#breadcrumb\"},\"inLanguage\":\"pl-PL\",\"potentialAction\":[{\"@type\":\"ReadAction\",\"target\":[\"https:\/\/www.pogotowieflagowe.pl\/aktualne\/lisiewicz-bodnar-napada-na-klasztor-wuja-giertycha-czy-to-moze-byc-cos-wiecej-niz-tylko-wybryki-gangu-olsena\/\"]}]},{\"@type\":\"ImageObject\",\"inLanguage\":\"pl-PL\",\"@id\":\"https:\/\/www.pogotowieflagowe.pl\/aktualne\/lisiewicz-bodnar-napada-na-klasztor-wuja-giertycha-czy-to-moze-byc-cos-wiecej-niz-tylko-wybryki-gangu-olsena\/#primaryimage\",\"url\":\"https:\/\/www.pogotowieflagowe.pl\/aktualne\/wp-content\/uploads\/2024\/12\/Lisiewicz-Bodnar-napada-na-klasztor-wuja-Giertycha-Czy-to-moze.jpg\",\"contentUrl\":\"https:\/\/www.pogotowieflagowe.pl\/aktualne\/wp-content\/uploads\/2024\/12\/Lisiewicz-Bodnar-napada-na-klasztor-wuja-Giertycha-Czy-to-moze.jpg\",\"width\":986,\"height\":560,\"caption\":\"Lisiewicz: Bodnar napada na klasztor wuja Giertycha. Czy to mo\u017ce by\u0107 co\u015b wi\u0119cej ni\u017c tylko wybryki gangu Olsena?\"},{\"@type\":\"BreadcrumbList\",\"@id\":\"https:\/\/www.pogotowieflagowe.pl\/aktualne\/lisiewicz-bodnar-napada-na-klasztor-wuja-giertycha-czy-to-moze-byc-cos-wiecej-niz-tylko-wybryki-gangu-olsena\/#breadcrumb\",\"itemListElement\":[{\"@type\":\"ListItem\",\"position\":1,\"name\":\"Home\",\"item\":\"https:\/\/www.pogotowieflagowe.pl\/aktualne\/\"},{\"@type\":\"ListItem\",\"position\":2,\"name\":\"Lisiewicz: Bodnar napada na klasztor wuja Giertycha. Czy to mo\u017ce by\u0107 co\u015b wi\u0119cej ni\u017c tylko wybryki gangu Olsena?\"}]},{\"@type\":\"WebSite\",\"@id\":\"https:\/\/www.pogotowieflagowe.pl\/aktualne\/#website\",\"url\":\"https:\/\/www.pogotowieflagowe.pl\/aktualne\/\",\"name\":\"POGOTOWIE FLAGOWE\u00ae\",\"description\":\"\",\"publisher\":{\"@id\":\"https:\/\/www.pogotowieflagowe.pl\/aktualne\/#organization\"},\"potentialAction\":[{\"@type\":\"SearchAction\",\"target\":{\"@type\":\"EntryPoint\",\"urlTemplate\":\"https:\/\/www.pogotowieflagowe.pl\/aktualne\/?s={search_term_string}\"},\"query-input\":\"required name=search_term_string\"}],\"inLanguage\":\"pl-PL\"},{\"@type\":\"Organization\",\"@id\":\"https:\/\/www.pogotowieflagowe.pl\/aktualne\/#organization\",\"name\":\"POGOTOWIE FLAGOWE\u00ae\",\"url\":\"https:\/\/www.pogotowieflagowe.pl\/aktualne\/\",\"logo\":{\"@type\":\"ImageObject\",\"inLanguage\":\"pl-PL\",\"@id\":\"https:\/\/www.pogotowieflagowe.pl\/aktualne\/#\/schema\/logo\/image\/\",\"url\":\"https:\/\/www.pogotowieflagowe.pl\/aktualne\/wp-content\/uploads\/2024\/08\/cropped-pogotowieflagowe_flaga_projekt_sm.jpg\",\"contentUrl\":\"https:\/\/www.pogotowieflagowe.pl\/aktualne\/wp-content\/uploads\/2024\/08\/cropped-pogotowieflagowe_flaga_projekt_sm.jpg\",\"width\":250,\"height\":143,\"caption\":\"POGOTOWIE FLAGOWE\u00ae\"},\"image\":{\"@id\":\"https:\/\/www.pogotowieflagowe.pl\/aktualne\/#\/schema\/logo\/image\/\"}},{\"@type\":\"Person\",\"@id\":\"https:\/\/www.pogotowieflagowe.pl\/aktualne\/#\/schema\/person\/9c2fb7d2362ebf6fa088960d7f0d27b0\",\"name\":\"Filip\",\"image\":{\"@type\":\"ImageObject\",\"inLanguage\":\"pl-PL\",\"@id\":\"https:\/\/www.pogotowieflagowe.pl\/aktualne\/#\/schema\/person\/image\/\",\"url\":\"https:\/\/www.pogotowieflagowe.pl\/aktualne\/wp-content\/uploads\/2024\/08\/pogotowieflagowe.pl_.jpg\",\"contentUrl\":\"https:\/\/www.pogotowieflagowe.pl\/aktualne\/wp-content\/uploads\/2024\/08\/pogotowieflagowe.pl_.jpg\",\"caption\":\"Filip\"},\"description\":\"Jestem Filip, polski dziennikarz z dyplomem nauk politycznych Uniwersytetu Warszawskiego. Rozpoczynaj\u0105c swoj\u0105 karier\u0119 w r\u00f3\u017cnych lokalnych mediach, zdoby\u0142em solidne do\u015bwiadczenie w zakresie \u015bledztwa i redakcji. Obecnie jako redaktor w Pogotowie flagowe, staram si\u0119 dostarcza\u0107 dog\u0142\u0119bne i istotne analizy na temat najwa\u017cniejszych kwestii aktualno\u015bci, \u0142\u0105cz\u0105c rygor z pasj\u0105 dziennikarsk\u0105.\",\"sameAs\":[\"https:\/\/www.pogotowieflagowe.pl\/\"]}]}<\/script>\n<!-- \/ Yoast SEO plugin. -->","yoast_head_json":{"title":"Lisiewicz: Bodnar napada na klasztor wuja Giertycha. Czy to mo\u017ce by\u0107 co\u015b wi\u0119cej ni\u017c tylko wybryki gangu Olsena? - POGOTOWIE FLAGOWE\u00ae","robots":{"index":"index","follow":"follow","max-snippet":"max-snippet:-1","max-image-preview":"max-image-preview:large","max-video-preview":"max-video-preview:-1"},"canonical":"https:\/\/www.pogotowieflagowe.pl\/aktualne\/lisiewicz-bodnar-napada-na-klasztor-wuja-giertycha-czy-to-moze-byc-cos-wiecej-niz-tylko-wybryki-gangu-olsena\/","og_locale":"pl_PL","og_type":"article","og_title":"Lisiewicz: Bodnar napada na klasztor wuja Giertycha. Czy to mo\u017ce by\u0107 co\u015b wi\u0119cej ni\u017c tylko wybryki gangu Olsena? - POGOTOWIE FLAGOWE\u00ae","og_description":"Policjanci w kominiarkach wtargn\u0119li do klasztoru dominikan\u00f3w w Lublinie, rzekomo w poszukiwaniu Marcina Romanowskiego. Nad klasztorem kr\u0105\u017cy\u0142y drony, a mimo","og_url":"https:\/\/www.pogotowieflagowe.pl\/aktualne\/lisiewicz-bodnar-napada-na-klasztor-wuja-giertycha-czy-to-moze-byc-cos-wiecej-niz-tylko-wybryki-gangu-olsena\/","og_site_name":"POGOTOWIE FLAGOWE\u00ae","article_published_time":"2024-12-28T22:47:32+00:00","article_modified_time":"2024-12-28T22:47:33+00:00","og_image":[{"width":986,"height":560,"url":"https:\/\/www.pogotowieflagowe.pl\/aktualne\/wp-content\/uploads\/2024\/12\/Lisiewicz-Bodnar-napada-na-klasztor-wuja-Giertycha-Czy-to-moze.jpg","type":"image\/jpeg"}],"author":"Filip","twitter_card":"summary_large_image","twitter_misc":{"Napisane przez":"Filip","Szacowany czas czytania":"3 minuty"},"schema":{"@context":"https:\/\/schema.org","@graph":[{"@type":"Article","@id":"https:\/\/www.pogotowieflagowe.pl\/aktualne\/lisiewicz-bodnar-napada-na-klasztor-wuja-giertycha-czy-to-moze-byc-cos-wiecej-niz-tylko-wybryki-gangu-olsena\/#article","isPartOf":{"@id":"https:\/\/www.pogotowieflagowe.pl\/aktualne\/lisiewicz-bodnar-napada-na-klasztor-wuja-giertycha-czy-to-moze-byc-cos-wiecej-niz-tylko-wybryki-gangu-olsena\/"},"author":{"name":"Filip","@id":"https:\/\/www.pogotowieflagowe.pl\/aktualne\/#\/schema\/person\/9c2fb7d2362ebf6fa088960d7f0d27b0"},"headline":"Lisiewicz: Bodnar napada na klasztor wuja Giertycha. Czy to mo\u017ce by\u0107 co\u015b wi\u0119cej ni\u017c tylko wybryki gangu Olsena?","datePublished":"2024-12-28T22:47:32+00:00","dateModified":"2024-12-28T22:47:33+00:00","mainEntityOfPage":{"@id":"https:\/\/www.pogotowieflagowe.pl\/aktualne\/lisiewicz-bodnar-napada-na-klasztor-wuja-giertycha-czy-to-moze-byc-cos-wiecej-niz-tylko-wybryki-gangu-olsena\/"},"wordCount":598,"publisher":{"@id":"https:\/\/www.pogotowieflagowe.pl\/aktualne\/#organization"},"image":{"@id":"https:\/\/www.pogotowieflagowe.pl\/aktualne\/lisiewicz-bodnar-napada-na-klasztor-wuja-giertycha-czy-to-moze-byc-cos-wiecej-niz-tylko-wybryki-gangu-olsena\/#primaryimage"},"thumbnailUrl":"https:\/\/www.pogotowieflagowe.pl\/aktualne\/wp-content\/uploads\/2024\/12\/Lisiewicz-Bodnar-napada-na-klasztor-wuja-Giertycha-Czy-to-moze.jpg","keywords":["Bodnar","by\u0107","co\u015b","Czy","gangu","Giertycha","klasztor","Lisiewicz","mo\u017ce","napada","ni\u017c","Olsena","tylko","wi\u0119cej","wuja","wybryki"],"articleSection":["Polityka"],"inLanguage":"pl-PL"},{"@type":"WebPage","@id":"https:\/\/www.pogotowieflagowe.pl\/aktualne\/lisiewicz-bodnar-napada-na-klasztor-wuja-giertycha-czy-to-moze-byc-cos-wiecej-niz-tylko-wybryki-gangu-olsena\/","url":"https:\/\/www.pogotowieflagowe.pl\/aktualne\/lisiewicz-bodnar-napada-na-klasztor-wuja-giertycha-czy-to-moze-byc-cos-wiecej-niz-tylko-wybryki-gangu-olsena\/","name":"Lisiewicz: Bodnar napada na klasztor wuja Giertycha. Czy to mo\u017ce by\u0107 co\u015b wi\u0119cej ni\u017c tylko wybryki gangu Olsena? - POGOTOWIE FLAGOWE\u00ae","isPartOf":{"@id":"https:\/\/www.pogotowieflagowe.pl\/aktualne\/#website"},"primaryImageOfPage":{"@id":"https:\/\/www.pogotowieflagowe.pl\/aktualne\/lisiewicz-bodnar-napada-na-klasztor-wuja-giertycha-czy-to-moze-byc-cos-wiecej-niz-tylko-wybryki-gangu-olsena\/#primaryimage"},"image":{"@id":"https:\/\/www.pogotowieflagowe.pl\/aktualne\/lisiewicz-bodnar-napada-na-klasztor-wuja-giertycha-czy-to-moze-byc-cos-wiecej-niz-tylko-wybryki-gangu-olsena\/#primaryimage"},"thumbnailUrl":"https:\/\/www.pogotowieflagowe.pl\/aktualne\/wp-content\/uploads\/2024\/12\/Lisiewicz-Bodnar-napada-na-klasztor-wuja-Giertycha-Czy-to-moze.jpg","datePublished":"2024-12-28T22:47:32+00:00","dateModified":"2024-12-28T22:47:33+00:00","breadcrumb":{"@id":"https:\/\/www.pogotowieflagowe.pl\/aktualne\/lisiewicz-bodnar-napada-na-klasztor-wuja-giertycha-czy-to-moze-byc-cos-wiecej-niz-tylko-wybryki-gangu-olsena\/#breadcrumb"},"inLanguage":"pl-PL","potentialAction":[{"@type":"ReadAction","target":["https:\/\/www.pogotowieflagowe.pl\/aktualne\/lisiewicz-bodnar-napada-na-klasztor-wuja-giertycha-czy-to-moze-byc-cos-wiecej-niz-tylko-wybryki-gangu-olsena\/"]}]},{"@type":"ImageObject","inLanguage":"pl-PL","@id":"https:\/\/www.pogotowieflagowe.pl\/aktualne\/lisiewicz-bodnar-napada-na-klasztor-wuja-giertycha-czy-to-moze-byc-cos-wiecej-niz-tylko-wybryki-gangu-olsena\/#primaryimage","url":"https:\/\/www.pogotowieflagowe.pl\/aktualne\/wp-content\/uploads\/2024\/12\/Lisiewicz-Bodnar-napada-na-klasztor-wuja-Giertycha-Czy-to-moze.jpg","contentUrl":"https:\/\/www.pogotowieflagowe.pl\/aktualne\/wp-content\/uploads\/2024\/12\/Lisiewicz-Bodnar-napada-na-klasztor-wuja-Giertycha-Czy-to-moze.jpg","width":986,"height":560,"caption":"Lisiewicz: Bodnar napada na klasztor wuja Giertycha. Czy to mo\u017ce by\u0107 co\u015b wi\u0119cej ni\u017c tylko wybryki gangu Olsena?"},{"@type":"BreadcrumbList","@id":"https:\/\/www.pogotowieflagowe.pl\/aktualne\/lisiewicz-bodnar-napada-na-klasztor-wuja-giertycha-czy-to-moze-byc-cos-wiecej-niz-tylko-wybryki-gangu-olsena\/#breadcrumb","itemListElement":[{"@type":"ListItem","position":1,"name":"Home","item":"https:\/\/www.pogotowieflagowe.pl\/aktualne\/"},{"@type":"ListItem","position":2,"name":"Lisiewicz: Bodnar napada na klasztor wuja Giertycha. Czy to mo\u017ce by\u0107 co\u015b wi\u0119cej ni\u017c tylko wybryki gangu Olsena?"}]},{"@type":"WebSite","@id":"https:\/\/www.pogotowieflagowe.pl\/aktualne\/#website","url":"https:\/\/www.pogotowieflagowe.pl\/aktualne\/","name":"POGOTOWIE FLAGOWE\u00ae","description":"","publisher":{"@id":"https:\/\/www.pogotowieflagowe.pl\/aktualne\/#organization"},"potentialAction":[{"@type":"SearchAction","target":{"@type":"EntryPoint","urlTemplate":"https:\/\/www.pogotowieflagowe.pl\/aktualne\/?s={search_term_string}"},"query-input":"required name=search_term_string"}],"inLanguage":"pl-PL"},{"@type":"Organization","@id":"https:\/\/www.pogotowieflagowe.pl\/aktualne\/#organization","name":"POGOTOWIE FLAGOWE\u00ae","url":"https:\/\/www.pogotowieflagowe.pl\/aktualne\/","logo":{"@type":"ImageObject","inLanguage":"pl-PL","@id":"https:\/\/www.pogotowieflagowe.pl\/aktualne\/#\/schema\/logo\/image\/","url":"https:\/\/www.pogotowieflagowe.pl\/aktualne\/wp-content\/uploads\/2024\/08\/cropped-pogotowieflagowe_flaga_projekt_sm.jpg","contentUrl":"https:\/\/www.pogotowieflagowe.pl\/aktualne\/wp-content\/uploads\/2024\/08\/cropped-pogotowieflagowe_flaga_projekt_sm.jpg","width":250,"height":143,"caption":"POGOTOWIE FLAGOWE\u00ae"},"image":{"@id":"https:\/\/www.pogotowieflagowe.pl\/aktualne\/#\/schema\/logo\/image\/"}},{"@type":"Person","@id":"https:\/\/www.pogotowieflagowe.pl\/aktualne\/#\/schema\/person\/9c2fb7d2362ebf6fa088960d7f0d27b0","name":"Filip","image":{"@type":"ImageObject","inLanguage":"pl-PL","@id":"https:\/\/www.pogotowieflagowe.pl\/aktualne\/#\/schema\/person\/image\/","url":"https:\/\/www.pogotowieflagowe.pl\/aktualne\/wp-content\/uploads\/2024\/08\/pogotowieflagowe.pl_.jpg","contentUrl":"https:\/\/www.pogotowieflagowe.pl\/aktualne\/wp-content\/uploads\/2024\/08\/pogotowieflagowe.pl_.jpg","caption":"Filip"},"description":"Jestem Filip, polski dziennikarz z dyplomem nauk politycznych Uniwersytetu Warszawskiego. Rozpoczynaj\u0105c swoj\u0105 karier\u0119 w r\u00f3\u017cnych lokalnych mediach, zdoby\u0142em solidne do\u015bwiadczenie w zakresie \u015bledztwa i redakcji. Obecnie jako redaktor w Pogotowie flagowe, staram si\u0119 dostarcza\u0107 dog\u0142\u0119bne i istotne analizy na temat najwa\u017cniejszych kwestii aktualno\u015bci, \u0142\u0105cz\u0105c rygor z pasj\u0105 dziennikarsk\u0105.","sameAs":["https:\/\/www.pogotowieflagowe.pl\/"]}]}},"_links":{"self":[{"href":"https:\/\/www.pogotowieflagowe.pl\/aktualne\/wp-json\/wp\/v2\/posts\/2730","targetHints":{"allow":["GET"]}}],"collection":[{"href":"https:\/\/www.pogotowieflagowe.pl\/aktualne\/wp-json\/wp\/v2\/posts"}],"about":[{"href":"https:\/\/www.pogotowieflagowe.pl\/aktualne\/wp-json\/wp\/v2\/types\/post"}],"author":[{"embeddable":true,"href":"https:\/\/www.pogotowieflagowe.pl\/aktualne\/wp-json\/wp\/v2\/users\/1"}],"replies":[{"embeddable":true,"href":"https:\/\/www.pogotowieflagowe.pl\/aktualne\/wp-json\/wp\/v2\/comments?post=2730"}],"version-history":[{"count":1,"href":"https:\/\/www.pogotowieflagowe.pl\/aktualne\/wp-json\/wp\/v2\/posts\/2730\/revisions"}],"predecessor-version":[{"id":2732,"href":"https:\/\/www.pogotowieflagowe.pl\/aktualne\/wp-json\/wp\/v2\/posts\/2730\/revisions\/2732"}],"wp:featuredmedia":[{"embeddable":true,"href":"https:\/\/www.pogotowieflagowe.pl\/aktualne\/wp-json\/wp\/v2\/media\/2731"}],"wp:attachment":[{"href":"https:\/\/www.pogotowieflagowe.pl\/aktualne\/wp-json\/wp\/v2\/media?parent=2730"}],"wp:term":[{"taxonomy":"category","embeddable":true,"href":"https:\/\/www.pogotowieflagowe.pl\/aktualne\/wp-json\/wp\/v2\/categories?post=2730"},{"taxonomy":"post_tag","embeddable":true,"href":"https:\/\/www.pogotowieflagowe.pl\/aktualne\/wp-json\/wp\/v2\/tags?post=2730"}],"curies":[{"name":"wp","href":"https:\/\/api.w.org\/{rel}","templated":true}]}}