{"id":2757,"date":"2024-12-30T23:47:32","date_gmt":"2024-12-30T22:47:32","guid":{"rendered":"https:\/\/www.pogotowieflagowe.pl\/aktualne\/ponadczasowa-klasyka-charlesa-dickensa-opowiesc-wigilijna-w-teatrze-polskim\/"},"modified":"2024-12-30T23:47:34","modified_gmt":"2024-12-30T22:47:34","slug":"ponadczasowa-klasyka-charlesa-dickensa-opowiesc-wigilijna-w-teatrze-polskim","status":"publish","type":"post","link":"https:\/\/www.pogotowieflagowe.pl\/aktualne\/ponadczasowa-klasyka-charlesa-dickensa-opowiesc-wigilijna-w-teatrze-polskim\/","title":{"rendered":"Ponadczasowa klasyka Charlesa Dickensa \u201eOpowie\u015b\u0107 wigilijna\u201d w Teatrze Polskim"},"content":{"rendered":"\n<div class=\"td_block_wrap tdb_single_content tdi_48 td-pb-border-top td_block_template_8 td-post-content tagdiv-type\" data-td-block-uid=\"tdi_48\">\n<style>.tdi_48{margines-g\u00f3rny:0px!important;margin-bottom:0px!important;dope\u0142nienie-g\u00f3ra:0px!important;dope\u0142nienie-d\u00f3\u0142:0px!important}<\/style>\n<style>.tdb_single_content{margin-bottom:0;*zoom:1}.tdb_single_content:before,.tdb_single_content:after{display:table;content:'';line-height:0}.tdb_single_content:after{clear:both}.tdb_single_content .tdb-block-inner>*:not(.wp-block-quote):not(.alignwide):not(.alignfull.wp-block-cover.has-parallax):not(.td-a-ad) {margin-left:auto;margin-right:auto}.tdb_single_content a{pointer-events:auto}.tdb_single_content .td-spot-id-top_ad .tdc-placeholder-title:before{content:'Article Top Ad'!important}.tdb_single_content .td-spot-id-inline_ad0 .tdc-placeholder-title:before{content:'Article Reklama wbudowana 1'!important}.tdb_single_content .td-spot-id-inline_ad1 .tdc-placeholder-title:before{content:'Article Inline Ad 2'!important}.tdb_single_content .td-spot-id-inline_ad2 .tdc-placeholder-title:before{content:' Reklama wbudowana w artyku\u0142 3'!important}.tdb_single_content .td-spot-id-bottom_ad .tdc-placeholder-title:before{content:'Article Bottom Ad'!important}.tdb_single_content .id_top_ad,.tdb_single_content .id_bottom_ad{clear:both;margin-bottom:21px;text-align:center}.tdb_single_content .id_top_ad img,.tdb_single_content .id_bottom_ad img{margin-bottom:0}.tdb_single_content .id_top_ad .adsbygoogle,.tdb_single_content .id_bottom_ad .adsbygoogle{position:relative}.tdb_single_content .id_ad_content-horiz-left,.tdb_single_content .id_ad_content-horiz-right,.tdb_single_content .id_ad_content-horiz-center{margin-bottom:15px}.tdb_single_content .id_ad_content-horiz-left img,.tdb_single_content .id_ad_content-horiz-right img,.tdb_single_content .id_ad_content-horiz-center img{margin-bottom:0}.tdb_single_content .id_ad_content-horiz-center{text-align:center}.tdb_single_content .id_ad_content-horiz-center img{margin-right:auto;margin-left:auto}.tdb_single_content .id_ad_content-horiz-left{float:left;margin-top:9px;margin-right:21px}.tdb_single_content .id_ad_content-horiz-right{float:right;margin-top:6px;margin-left:21px}.tdb_single_content .tdc-a-ad .tdc-placeholder-title{width:300px;height:250px}.tdb_single_content .tdc-a-ad .tdc-placeholder-title:before{position:absolute;top:50%;-webkit-transform:translateY(-50%);transform:translateY(-50%);margines:auto;display:table;width:100 %}.tdb_single_content .tdb-block-inner.td-fix-index{word-break:break-word}.tdi_48,.tdi_48>p,.tdi_48 .tdb-block-inner>p{font-size:16px!important;line- wysoko\u015b\u0107:1,6!wa\u017cne}.tdi_48 .tdb-block-inner blockquote p{font-style:normal!important}@media (max-width:767px){.tdb_single_content .id_ad_content-horiz-left,.tdb_single_content .id_ad_content-horiz-right,.tdb_single_content .id_ad_content-horiz-center{margin:0 automatyczny 26px auto}}@media (max-width:767px){.tdb_single_content .id_ad_content-horiz-left{margin-right:0}}@media (max-width:767px){.tdb_single_content .id_ad_content-horiz-right{margin -left:0}}@media (max-width:767px){.tdb_single_content .td-a-ad{float:none;text-align:center}.tdb_single_content .td-a-ad img{margin-right:auto;margin-left:auto}. tdb_single_content .tdc-a-ad{float:none}}<\/style>\n<div class=\"tdb-block-inner td-fix-index\">\n<p class=\"yoast-reading-time__wrapper\"><span class=\"yoast-reading-time__icon\"><\/span><span class=\"yoast-reading-time__descriptive-text\">Szacowany czas czytania:  <\/span><span class=\"yoast-reading-time__reading-time\">2<\/span><span class=\"yoast-reading-time__time-unit\">  protok\u00f3\u0142<\/span><\/p>\n<p><strong>Ponadczasowa klasyka Charlesa Dickensa \u201eOpowie\u015b\u0107 wigilijna\u201d sta\u0142a si\u0119 sta\u0142ym elementem polskiego teatru, urzekaj\u0105c publiczno\u015b\u0107 i na przestrzeni wiek\u00f3w szerz\u0105c przes\u0142anie wsp\u00f3\u0142czucia i odkupienia.<\/strong><\/p>\n<hr class=\"wp-block-separator has-alpha-channel-opacity\">\n<p>Historia przemiany Ebenezera Scrooge\u2019a go\u015bci\u0142a na scenach polskich teatr\u00f3w w r\u00f3\u017cnych adaptacjach, z kt\u00f3rych ka\u017cda odzwierciedla\u0142a kontekst spo\u0142eczno-kulturowy swoich czas\u00f3w. Od kameralnych scenerii XIX-wiecznych teatr\u00f3w po wielkie przedstawienia XX wieku \u2013 re\u017cyserzy na nowo wymy\u015blili narracj\u0119 Dickensa, aby przemawia\u0107 do polskiej publiczno\u015bci.<\/p>\n<p>W okresach przemian politycznych \u201eOpowie\u015b\u0107 wigilijna\u201d nabra\u0142a nowego znaczenia, podkre\u015blaj\u0105c tematy solidarno\u015bci i nadziei. Mo\u017cliwo\u015b\u0107 adaptacji tw\u00f3rczo\u015bci Dickensa pozwoli\u0142a re\u017cyserom na wprowadzenie lokalnych niuans\u00f3w do opowie\u015bci o sk\u0105pym Scrooge&#8217;u i duchach, kt\u00f3re go kieruj\u0105.<\/p>\n<p>W ostatnich latach nowatorskie interpretacje, wykorzystuj\u0105ce elementy multimedialne i nowoczesn\u0105 estetyk\u0119, tchn\u0119\u0142y nowe \u017cycie w tradycyjn\u0105 narracj\u0119. Niezmienny urok \u201eOpowie\u015bci wigilijnej\u201d w polskim teatrze wci\u0105\u017c przypomina widzom o znaczeniu \u017cyczliwo\u015bci, hojno\u015bci i ducha Bo\u017cego Narodzenia na przestrzeni wiek\u00f3w i kultur.<\/p>\n<p><strong><br \/>Przyk\u0142ady adaptacji \u201eOpowie\u015bci\u201d w wybranych polskich teatrach<\/strong><\/p>\n<ol class=\"wp-block-list\">\n<li><strong>Teatr Narodowy (Teatr Narodowy), Warszawa:<\/strong>\n<ul class=\"wp-block-list\">\n<li>Na pocz\u0105tku XX wieku Teatr Narodowy wystawi\u0142 klasyczn\u0105 adaptacj\u0119 \u201eOpowie\u015bci wigilijnej\u201d, skupiaj\u0105c\u0105 si\u0119 na przemianie moralnej Scrooge&#8217;a. Produkcja obejmowa\u0142a bogate kostiumy z epoki i szczeg\u00f3\u0142owe projekty scenografii, oddaj\u0105c esencj\u0119 wiktoria\u0144skiego Londynu Dickensa.<\/li>\n<\/ul>\n<\/li>\n<li><strong>Teatr Polski (Teatr Polski), Wroc\u0142aw:<\/strong>\n<ul class=\"wp-block-list\">\n<li>W okresie mi\u0119dzywojennym Teatr Polski we Wroc\u0142awiu w adaptacji \u201eOpowie\u015bci wigilijnej\u201d wykorzysta\u0142 symbolik\u0119. W produkcji wykorzystano symboliczne rekwizyty i stylizowan\u0105 inscenizacj\u0119, aby przekaza\u0107 g\u0142\u0119bsze przes\u0142ania spo\u0142eczne, wpisuj\u0105c si\u0119 w szersze trendy artystyczne tamtych czas\u00f3w.<\/li>\n<\/ul>\n<\/li>\n<li><strong>Stary Teatr (Stary Teatr), Krak\u00f3w:<\/strong>\n<ul class=\"wp-block-list\">\n<li>W latach 70., po\u015br\u00f3d wyzwa\u0144 politycznych epoki komunizmu, Stary Teatr w Krakowie zaprezentowa\u0142 przejmuj\u0105c\u0105 adaptacj\u0119 \u201eOpowie\u015bci wigilijnej\u201d. Produkcja podkre\u015bla\u0142a motywy solidarno\u015bci i oporu, \u0142\u0105cz\u0105c odkupienie Scrooge&#8217;a ze zbiorow\u0105 t\u0119sknot\u0105 za zmianami spo\u0142ecznymi.<\/li>\n<\/ul>\n<\/li>\n<li><strong>Teatr Nowy (Teatr Nowy), \u0141\u00f3d\u017a:<\/strong>\n<ul class=\"wp-block-list\">\n<li>Postkomunizm Teatr Nowy w \u0141odzi w swojej adaptacji postawi\u0142 na innowacyjno\u015b\u0107. Wykorzystuj\u0105c nowoczesne techniki inscenizacji i elementy multimedialne, teatr zg\u0142\u0119bia\u0142 psychologiczne niuanse postaci Scrooge&#8217;a, oferuj\u0105c \u015bwie\u017ce spojrzenie na jego podr\u00f3\u017c do odkupienia.<\/li>\n<\/ul>\n<\/li>\n<li><strong>Teatr Wsp\u00f3\u0142czesny (Teatr Wsp\u00f3\u0142czesny), Warszawa:<\/strong>\n<ul class=\"wp-block-list\">\n<li>W ostatnich latach Teatr Wsp\u00f3\u0142czesny w Warszawie zaprezentowa\u0142 wsp\u00f3\u0142czesn\u0105 adaptacj\u0119 \u201eOpowie\u015bci wigilijnej\u201d, kt\u00f3ra porusza aktualne problemy spo\u0142eczne. Produkcja przedstawia podobie\u0144stwa mi\u0119dzy chciwo\u015bci\u0105 Scrooge&#8217;a a wsp\u00f3\u0142czesnymi problemami, takimi jak konsumpcjonizm i degradacja \u015brodowiska, zapewniaj\u0105c widzom daj\u0105ce do my\u015blenia prze\u017cycie.<\/li>\n<\/ul>\n<\/li>\n<\/ol>\n<\/div>\n<\/div>\n","protected":false},"excerpt":{"rendered":"<p>Szacowany czas czytania: 2 protok\u00f3\u0142 Ponadczasowa klasyka Charlesa Dickensa \u201eOpowie\u015b\u0107 wigilijna\u201d sta\u0142a si\u0119 sta\u0142ym elementem polskiego teatru, urzekaj\u0105c publiczno\u015b\u0107 i<\/p>\n","protected":false},"author":1,"featured_media":2758,"comment_status":"closed","ping_status":"","sticky":false,"template":"","format":"standard","meta":{"footnotes":""},"categories":[46],"tags":[4135,4136,4134,4137,1034,4133,4139,4138],"class_list":["post-2757","post","type-post","status-publish","format-standard","has-post-thumbnail","hentry","category-nauka-i-zdrowie","tag-charlesa","tag-dickensa","tag-klasyka","tag-opowiesc","tag-polskim","tag-ponadczasowa","tag-teatrze","tag-wigilijna","generate-columns","tablet-grid-50","mobile-grid-100","grid-parent","grid-50","resize-featured-image"],"yoast_head":"<!-- This site is optimized with the Yoast SEO plugin v23.2 - https:\/\/yoast.com\/wordpress\/plugins\/seo\/ -->\n<title>Ponadczasowa klasyka Charlesa Dickensa \u201eOpowie\u015b\u0107 wigilijna\u201d w Teatrze Polskim - POGOTOWIE FLAGOWE\u00ae<\/title>\n<meta name=\"robots\" content=\"index, follow, max-snippet:-1, max-image-preview:large, max-video-preview:-1\" \/>\n<link rel=\"canonical\" href=\"https:\/\/www.pogotowieflagowe.pl\/aktualne\/ponadczasowa-klasyka-charlesa-dickensa-opowiesc-wigilijna-w-teatrze-polskim\/\" \/>\n<meta property=\"og:locale\" content=\"pl_PL\" \/>\n<meta property=\"og:type\" content=\"article\" \/>\n<meta property=\"og:title\" content=\"Ponadczasowa klasyka Charlesa Dickensa \u201eOpowie\u015b\u0107 wigilijna\u201d w Teatrze Polskim - POGOTOWIE FLAGOWE\u00ae\" \/>\n<meta property=\"og:description\" content=\"Szacowany czas czytania: 2 protok\u00f3\u0142 Ponadczasowa klasyka Charlesa Dickensa \u201eOpowie\u015b\u0107 wigilijna\u201d sta\u0142a si\u0119 sta\u0142ym elementem polskiego teatru, urzekaj\u0105c publiczno\u015b\u0107 i\" \/>\n<meta property=\"og:url\" content=\"https:\/\/www.pogotowieflagowe.pl\/aktualne\/ponadczasowa-klasyka-charlesa-dickensa-opowiesc-wigilijna-w-teatrze-polskim\/\" \/>\n<meta property=\"og:site_name\" content=\"POGOTOWIE FLAGOWE\u00ae\" \/>\n<meta property=\"article:published_time\" content=\"2024-12-30T22:47:32+00:00\" \/>\n<meta property=\"article:modified_time\" content=\"2024-12-30T22:47:34+00:00\" \/>\n<meta property=\"og:image\" content=\"https:\/\/www.pogotowieflagowe.pl\/aktualne\/wp-content\/uploads\/2024\/12\/Ponadczasowa-klasyka-Charlesa-Dickensa-\u201eOpowiesc-wigilijna-w-Teatrze-Polskim.jpg\" \/>\n\t<meta property=\"og:image:width\" content=\"1024\" \/>\n\t<meta property=\"og:image:height\" content=\"848\" \/>\n\t<meta property=\"og:image:type\" content=\"image\/jpeg\" \/>\n<meta name=\"author\" content=\"Filip\" \/>\n<meta name=\"twitter:card\" content=\"summary_large_image\" \/>\n<meta name=\"twitter:label1\" content=\"Napisane przez\" \/>\n\t<meta name=\"twitter:data1\" content=\"Filip\" \/>\n\t<meta name=\"twitter:label2\" content=\"Szacowany czas czytania\" \/>\n\t<meta name=\"twitter:data2\" content=\"2 minuty\" \/>\n<script type=\"application\/ld+json\" class=\"yoast-schema-graph\">{\"@context\":\"https:\/\/schema.org\",\"@graph\":[{\"@type\":\"Article\",\"@id\":\"https:\/\/www.pogotowieflagowe.pl\/aktualne\/ponadczasowa-klasyka-charlesa-dickensa-opowiesc-wigilijna-w-teatrze-polskim\/#article\",\"isPartOf\":{\"@id\":\"https:\/\/www.pogotowieflagowe.pl\/aktualne\/ponadczasowa-klasyka-charlesa-dickensa-opowiesc-wigilijna-w-teatrze-polskim\/\"},\"author\":{\"name\":\"Filip\",\"@id\":\"https:\/\/www.pogotowieflagowe.pl\/aktualne\/#\/schema\/person\/9c2fb7d2362ebf6fa088960d7f0d27b0\"},\"headline\":\"Ponadczasowa klasyka Charlesa Dickensa \u201eOpowie\u015b\u0107 wigilijna\u201d w Teatrze Polskim\",\"datePublished\":\"2024-12-30T22:47:32+00:00\",\"dateModified\":\"2024-12-30T22:47:34+00:00\",\"mainEntityOfPage\":{\"@id\":\"https:\/\/www.pogotowieflagowe.pl\/aktualne\/ponadczasowa-klasyka-charlesa-dickensa-opowiesc-wigilijna-w-teatrze-polskim\/\"},\"wordCount\":444,\"publisher\":{\"@id\":\"https:\/\/www.pogotowieflagowe.pl\/aktualne\/#organization\"},\"image\":{\"@id\":\"https:\/\/www.pogotowieflagowe.pl\/aktualne\/ponadczasowa-klasyka-charlesa-dickensa-opowiesc-wigilijna-w-teatrze-polskim\/#primaryimage\"},\"thumbnailUrl\":\"https:\/\/www.pogotowieflagowe.pl\/aktualne\/wp-content\/uploads\/2024\/12\/Ponadczasowa-klasyka-Charlesa-Dickensa-\u201eOpowiesc-wigilijna-w-Teatrze-Polskim.jpg\",\"keywords\":[\"Charlesa\",\"Dickensa\",\"klasyka\",\"Opowie\u015b\u0107\",\"polskim\",\"Ponadczasowa\",\"Teatrze\",\"wigilijna\"],\"articleSection\":[\"Nauka i zdrowie\"],\"inLanguage\":\"pl-PL\"},{\"@type\":\"WebPage\",\"@id\":\"https:\/\/www.pogotowieflagowe.pl\/aktualne\/ponadczasowa-klasyka-charlesa-dickensa-opowiesc-wigilijna-w-teatrze-polskim\/\",\"url\":\"https:\/\/www.pogotowieflagowe.pl\/aktualne\/ponadczasowa-klasyka-charlesa-dickensa-opowiesc-wigilijna-w-teatrze-polskim\/\",\"name\":\"Ponadczasowa klasyka Charlesa Dickensa \u201eOpowie\u015b\u0107 wigilijna\u201d w Teatrze Polskim - POGOTOWIE FLAGOWE\u00ae\",\"isPartOf\":{\"@id\":\"https:\/\/www.pogotowieflagowe.pl\/aktualne\/#website\"},\"primaryImageOfPage\":{\"@id\":\"https:\/\/www.pogotowieflagowe.pl\/aktualne\/ponadczasowa-klasyka-charlesa-dickensa-opowiesc-wigilijna-w-teatrze-polskim\/#primaryimage\"},\"image\":{\"@id\":\"https:\/\/www.pogotowieflagowe.pl\/aktualne\/ponadczasowa-klasyka-charlesa-dickensa-opowiesc-wigilijna-w-teatrze-polskim\/#primaryimage\"},\"thumbnailUrl\":\"https:\/\/www.pogotowieflagowe.pl\/aktualne\/wp-content\/uploads\/2024\/12\/Ponadczasowa-klasyka-Charlesa-Dickensa-\u201eOpowiesc-wigilijna-w-Teatrze-Polskim.jpg\",\"datePublished\":\"2024-12-30T22:47:32+00:00\",\"dateModified\":\"2024-12-30T22:47:34+00:00\",\"breadcrumb\":{\"@id\":\"https:\/\/www.pogotowieflagowe.pl\/aktualne\/ponadczasowa-klasyka-charlesa-dickensa-opowiesc-wigilijna-w-teatrze-polskim\/#breadcrumb\"},\"inLanguage\":\"pl-PL\",\"potentialAction\":[{\"@type\":\"ReadAction\",\"target\":[\"https:\/\/www.pogotowieflagowe.pl\/aktualne\/ponadczasowa-klasyka-charlesa-dickensa-opowiesc-wigilijna-w-teatrze-polskim\/\"]}]},{\"@type\":\"ImageObject\",\"inLanguage\":\"pl-PL\",\"@id\":\"https:\/\/www.pogotowieflagowe.pl\/aktualne\/ponadczasowa-klasyka-charlesa-dickensa-opowiesc-wigilijna-w-teatrze-polskim\/#primaryimage\",\"url\":\"https:\/\/www.pogotowieflagowe.pl\/aktualne\/wp-content\/uploads\/2024\/12\/Ponadczasowa-klasyka-Charlesa-Dickensa-\u201eOpowiesc-wigilijna-w-Teatrze-Polskim.jpg\",\"contentUrl\":\"https:\/\/www.pogotowieflagowe.pl\/aktualne\/wp-content\/uploads\/2024\/12\/Ponadczasowa-klasyka-Charlesa-Dickensa-\u201eOpowiesc-wigilijna-w-Teatrze-Polskim.jpg\",\"width\":1024,\"height\":848,\"caption\":\"Ponadczasowa klasyka Charlesa Dickensa \u201eOpowie\u015b\u0107 wigilijna\u201d w Teatrze Polskim\"},{\"@type\":\"BreadcrumbList\",\"@id\":\"https:\/\/www.pogotowieflagowe.pl\/aktualne\/ponadczasowa-klasyka-charlesa-dickensa-opowiesc-wigilijna-w-teatrze-polskim\/#breadcrumb\",\"itemListElement\":[{\"@type\":\"ListItem\",\"position\":1,\"name\":\"Home\",\"item\":\"https:\/\/www.pogotowieflagowe.pl\/aktualne\/\"},{\"@type\":\"ListItem\",\"position\":2,\"name\":\"Ponadczasowa klasyka Charlesa Dickensa \u201eOpowie\u015b\u0107 wigilijna\u201d w Teatrze Polskim\"}]},{\"@type\":\"WebSite\",\"@id\":\"https:\/\/www.pogotowieflagowe.pl\/aktualne\/#website\",\"url\":\"https:\/\/www.pogotowieflagowe.pl\/aktualne\/\",\"name\":\"POGOTOWIE FLAGOWE\u00ae\",\"description\":\"\",\"publisher\":{\"@id\":\"https:\/\/www.pogotowieflagowe.pl\/aktualne\/#organization\"},\"potentialAction\":[{\"@type\":\"SearchAction\",\"target\":{\"@type\":\"EntryPoint\",\"urlTemplate\":\"https:\/\/www.pogotowieflagowe.pl\/aktualne\/?s={search_term_string}\"},\"query-input\":\"required name=search_term_string\"}],\"inLanguage\":\"pl-PL\"},{\"@type\":\"Organization\",\"@id\":\"https:\/\/www.pogotowieflagowe.pl\/aktualne\/#organization\",\"name\":\"POGOTOWIE FLAGOWE\u00ae\",\"url\":\"https:\/\/www.pogotowieflagowe.pl\/aktualne\/\",\"logo\":{\"@type\":\"ImageObject\",\"inLanguage\":\"pl-PL\",\"@id\":\"https:\/\/www.pogotowieflagowe.pl\/aktualne\/#\/schema\/logo\/image\/\",\"url\":\"https:\/\/www.pogotowieflagowe.pl\/aktualne\/wp-content\/uploads\/2024\/08\/cropped-pogotowieflagowe_flaga_projekt_sm.jpg\",\"contentUrl\":\"https:\/\/www.pogotowieflagowe.pl\/aktualne\/wp-content\/uploads\/2024\/08\/cropped-pogotowieflagowe_flaga_projekt_sm.jpg\",\"width\":250,\"height\":143,\"caption\":\"POGOTOWIE FLAGOWE\u00ae\"},\"image\":{\"@id\":\"https:\/\/www.pogotowieflagowe.pl\/aktualne\/#\/schema\/logo\/image\/\"}},{\"@type\":\"Person\",\"@id\":\"https:\/\/www.pogotowieflagowe.pl\/aktualne\/#\/schema\/person\/9c2fb7d2362ebf6fa088960d7f0d27b0\",\"name\":\"Filip\",\"image\":{\"@type\":\"ImageObject\",\"inLanguage\":\"pl-PL\",\"@id\":\"https:\/\/www.pogotowieflagowe.pl\/aktualne\/#\/schema\/person\/image\/\",\"url\":\"https:\/\/www.pogotowieflagowe.pl\/aktualne\/wp-content\/uploads\/2024\/08\/pogotowieflagowe.pl_.jpg\",\"contentUrl\":\"https:\/\/www.pogotowieflagowe.pl\/aktualne\/wp-content\/uploads\/2024\/08\/pogotowieflagowe.pl_.jpg\",\"caption\":\"Filip\"},\"description\":\"Jestem Filip, polski dziennikarz z dyplomem nauk politycznych Uniwersytetu Warszawskiego. Rozpoczynaj\u0105c swoj\u0105 karier\u0119 w r\u00f3\u017cnych lokalnych mediach, zdoby\u0142em solidne do\u015bwiadczenie w zakresie \u015bledztwa i redakcji. Obecnie jako redaktor w Pogotowie flagowe, staram si\u0119 dostarcza\u0107 dog\u0142\u0119bne i istotne analizy na temat najwa\u017cniejszych kwestii aktualno\u015bci, \u0142\u0105cz\u0105c rygor z pasj\u0105 dziennikarsk\u0105.\",\"sameAs\":[\"https:\/\/www.pogotowieflagowe.pl\/\"]}]}<\/script>\n<!-- \/ Yoast SEO plugin. -->","yoast_head_json":{"title":"Ponadczasowa klasyka Charlesa Dickensa \u201eOpowie\u015b\u0107 wigilijna\u201d w Teatrze Polskim - POGOTOWIE FLAGOWE\u00ae","robots":{"index":"index","follow":"follow","max-snippet":"max-snippet:-1","max-image-preview":"max-image-preview:large","max-video-preview":"max-video-preview:-1"},"canonical":"https:\/\/www.pogotowieflagowe.pl\/aktualne\/ponadczasowa-klasyka-charlesa-dickensa-opowiesc-wigilijna-w-teatrze-polskim\/","og_locale":"pl_PL","og_type":"article","og_title":"Ponadczasowa klasyka Charlesa Dickensa \u201eOpowie\u015b\u0107 wigilijna\u201d w Teatrze Polskim - POGOTOWIE FLAGOWE\u00ae","og_description":"Szacowany czas czytania: 2 protok\u00f3\u0142 Ponadczasowa klasyka Charlesa Dickensa \u201eOpowie\u015b\u0107 wigilijna\u201d sta\u0142a si\u0119 sta\u0142ym elementem polskiego teatru, urzekaj\u0105c publiczno\u015b\u0107 i","og_url":"https:\/\/www.pogotowieflagowe.pl\/aktualne\/ponadczasowa-klasyka-charlesa-dickensa-opowiesc-wigilijna-w-teatrze-polskim\/","og_site_name":"POGOTOWIE FLAGOWE\u00ae","article_published_time":"2024-12-30T22:47:32+00:00","article_modified_time":"2024-12-30T22:47:34+00:00","og_image":[{"width":1024,"height":848,"url":"https:\/\/www.pogotowieflagowe.pl\/aktualne\/wp-content\/uploads\/2024\/12\/Ponadczasowa-klasyka-Charlesa-Dickensa-\u201eOpowiesc-wigilijna-w-Teatrze-Polskim.jpg","type":"image\/jpeg"}],"author":"Filip","twitter_card":"summary_large_image","twitter_misc":{"Napisane przez":"Filip","Szacowany czas czytania":"2 minuty"},"schema":{"@context":"https:\/\/schema.org","@graph":[{"@type":"Article","@id":"https:\/\/www.pogotowieflagowe.pl\/aktualne\/ponadczasowa-klasyka-charlesa-dickensa-opowiesc-wigilijna-w-teatrze-polskim\/#article","isPartOf":{"@id":"https:\/\/www.pogotowieflagowe.pl\/aktualne\/ponadczasowa-klasyka-charlesa-dickensa-opowiesc-wigilijna-w-teatrze-polskim\/"},"author":{"name":"Filip","@id":"https:\/\/www.pogotowieflagowe.pl\/aktualne\/#\/schema\/person\/9c2fb7d2362ebf6fa088960d7f0d27b0"},"headline":"Ponadczasowa klasyka Charlesa Dickensa \u201eOpowie\u015b\u0107 wigilijna\u201d w Teatrze Polskim","datePublished":"2024-12-30T22:47:32+00:00","dateModified":"2024-12-30T22:47:34+00:00","mainEntityOfPage":{"@id":"https:\/\/www.pogotowieflagowe.pl\/aktualne\/ponadczasowa-klasyka-charlesa-dickensa-opowiesc-wigilijna-w-teatrze-polskim\/"},"wordCount":444,"publisher":{"@id":"https:\/\/www.pogotowieflagowe.pl\/aktualne\/#organization"},"image":{"@id":"https:\/\/www.pogotowieflagowe.pl\/aktualne\/ponadczasowa-klasyka-charlesa-dickensa-opowiesc-wigilijna-w-teatrze-polskim\/#primaryimage"},"thumbnailUrl":"https:\/\/www.pogotowieflagowe.pl\/aktualne\/wp-content\/uploads\/2024\/12\/Ponadczasowa-klasyka-Charlesa-Dickensa-\u201eOpowiesc-wigilijna-w-Teatrze-Polskim.jpg","keywords":["Charlesa","Dickensa","klasyka","Opowie\u015b\u0107","polskim","Ponadczasowa","Teatrze","wigilijna"],"articleSection":["Nauka i zdrowie"],"inLanguage":"pl-PL"},{"@type":"WebPage","@id":"https:\/\/www.pogotowieflagowe.pl\/aktualne\/ponadczasowa-klasyka-charlesa-dickensa-opowiesc-wigilijna-w-teatrze-polskim\/","url":"https:\/\/www.pogotowieflagowe.pl\/aktualne\/ponadczasowa-klasyka-charlesa-dickensa-opowiesc-wigilijna-w-teatrze-polskim\/","name":"Ponadczasowa klasyka Charlesa Dickensa \u201eOpowie\u015b\u0107 wigilijna\u201d w Teatrze Polskim - POGOTOWIE FLAGOWE\u00ae","isPartOf":{"@id":"https:\/\/www.pogotowieflagowe.pl\/aktualne\/#website"},"primaryImageOfPage":{"@id":"https:\/\/www.pogotowieflagowe.pl\/aktualne\/ponadczasowa-klasyka-charlesa-dickensa-opowiesc-wigilijna-w-teatrze-polskim\/#primaryimage"},"image":{"@id":"https:\/\/www.pogotowieflagowe.pl\/aktualne\/ponadczasowa-klasyka-charlesa-dickensa-opowiesc-wigilijna-w-teatrze-polskim\/#primaryimage"},"thumbnailUrl":"https:\/\/www.pogotowieflagowe.pl\/aktualne\/wp-content\/uploads\/2024\/12\/Ponadczasowa-klasyka-Charlesa-Dickensa-\u201eOpowiesc-wigilijna-w-Teatrze-Polskim.jpg","datePublished":"2024-12-30T22:47:32+00:00","dateModified":"2024-12-30T22:47:34+00:00","breadcrumb":{"@id":"https:\/\/www.pogotowieflagowe.pl\/aktualne\/ponadczasowa-klasyka-charlesa-dickensa-opowiesc-wigilijna-w-teatrze-polskim\/#breadcrumb"},"inLanguage":"pl-PL","potentialAction":[{"@type":"ReadAction","target":["https:\/\/www.pogotowieflagowe.pl\/aktualne\/ponadczasowa-klasyka-charlesa-dickensa-opowiesc-wigilijna-w-teatrze-polskim\/"]}]},{"@type":"ImageObject","inLanguage":"pl-PL","@id":"https:\/\/www.pogotowieflagowe.pl\/aktualne\/ponadczasowa-klasyka-charlesa-dickensa-opowiesc-wigilijna-w-teatrze-polskim\/#primaryimage","url":"https:\/\/www.pogotowieflagowe.pl\/aktualne\/wp-content\/uploads\/2024\/12\/Ponadczasowa-klasyka-Charlesa-Dickensa-\u201eOpowiesc-wigilijna-w-Teatrze-Polskim.jpg","contentUrl":"https:\/\/www.pogotowieflagowe.pl\/aktualne\/wp-content\/uploads\/2024\/12\/Ponadczasowa-klasyka-Charlesa-Dickensa-\u201eOpowiesc-wigilijna-w-Teatrze-Polskim.jpg","width":1024,"height":848,"caption":"Ponadczasowa klasyka Charlesa Dickensa \u201eOpowie\u015b\u0107 wigilijna\u201d w Teatrze Polskim"},{"@type":"BreadcrumbList","@id":"https:\/\/www.pogotowieflagowe.pl\/aktualne\/ponadczasowa-klasyka-charlesa-dickensa-opowiesc-wigilijna-w-teatrze-polskim\/#breadcrumb","itemListElement":[{"@type":"ListItem","position":1,"name":"Home","item":"https:\/\/www.pogotowieflagowe.pl\/aktualne\/"},{"@type":"ListItem","position":2,"name":"Ponadczasowa klasyka Charlesa Dickensa \u201eOpowie\u015b\u0107 wigilijna\u201d w Teatrze Polskim"}]},{"@type":"WebSite","@id":"https:\/\/www.pogotowieflagowe.pl\/aktualne\/#website","url":"https:\/\/www.pogotowieflagowe.pl\/aktualne\/","name":"POGOTOWIE FLAGOWE\u00ae","description":"","publisher":{"@id":"https:\/\/www.pogotowieflagowe.pl\/aktualne\/#organization"},"potentialAction":[{"@type":"SearchAction","target":{"@type":"EntryPoint","urlTemplate":"https:\/\/www.pogotowieflagowe.pl\/aktualne\/?s={search_term_string}"},"query-input":"required name=search_term_string"}],"inLanguage":"pl-PL"},{"@type":"Organization","@id":"https:\/\/www.pogotowieflagowe.pl\/aktualne\/#organization","name":"POGOTOWIE FLAGOWE\u00ae","url":"https:\/\/www.pogotowieflagowe.pl\/aktualne\/","logo":{"@type":"ImageObject","inLanguage":"pl-PL","@id":"https:\/\/www.pogotowieflagowe.pl\/aktualne\/#\/schema\/logo\/image\/","url":"https:\/\/www.pogotowieflagowe.pl\/aktualne\/wp-content\/uploads\/2024\/08\/cropped-pogotowieflagowe_flaga_projekt_sm.jpg","contentUrl":"https:\/\/www.pogotowieflagowe.pl\/aktualne\/wp-content\/uploads\/2024\/08\/cropped-pogotowieflagowe_flaga_projekt_sm.jpg","width":250,"height":143,"caption":"POGOTOWIE FLAGOWE\u00ae"},"image":{"@id":"https:\/\/www.pogotowieflagowe.pl\/aktualne\/#\/schema\/logo\/image\/"}},{"@type":"Person","@id":"https:\/\/www.pogotowieflagowe.pl\/aktualne\/#\/schema\/person\/9c2fb7d2362ebf6fa088960d7f0d27b0","name":"Filip","image":{"@type":"ImageObject","inLanguage":"pl-PL","@id":"https:\/\/www.pogotowieflagowe.pl\/aktualne\/#\/schema\/person\/image\/","url":"https:\/\/www.pogotowieflagowe.pl\/aktualne\/wp-content\/uploads\/2024\/08\/pogotowieflagowe.pl_.jpg","contentUrl":"https:\/\/www.pogotowieflagowe.pl\/aktualne\/wp-content\/uploads\/2024\/08\/pogotowieflagowe.pl_.jpg","caption":"Filip"},"description":"Jestem Filip, polski dziennikarz z dyplomem nauk politycznych Uniwersytetu Warszawskiego. Rozpoczynaj\u0105c swoj\u0105 karier\u0119 w r\u00f3\u017cnych lokalnych mediach, zdoby\u0142em solidne do\u015bwiadczenie w zakresie \u015bledztwa i redakcji. Obecnie jako redaktor w Pogotowie flagowe, staram si\u0119 dostarcza\u0107 dog\u0142\u0119bne i istotne analizy na temat najwa\u017cniejszych kwestii aktualno\u015bci, \u0142\u0105cz\u0105c rygor z pasj\u0105 dziennikarsk\u0105.","sameAs":["https:\/\/www.pogotowieflagowe.pl\/"]}]}},"_links":{"self":[{"href":"https:\/\/www.pogotowieflagowe.pl\/aktualne\/wp-json\/wp\/v2\/posts\/2757","targetHints":{"allow":["GET"]}}],"collection":[{"href":"https:\/\/www.pogotowieflagowe.pl\/aktualne\/wp-json\/wp\/v2\/posts"}],"about":[{"href":"https:\/\/www.pogotowieflagowe.pl\/aktualne\/wp-json\/wp\/v2\/types\/post"}],"author":[{"embeddable":true,"href":"https:\/\/www.pogotowieflagowe.pl\/aktualne\/wp-json\/wp\/v2\/users\/1"}],"replies":[{"embeddable":true,"href":"https:\/\/www.pogotowieflagowe.pl\/aktualne\/wp-json\/wp\/v2\/comments?post=2757"}],"version-history":[{"count":1,"href":"https:\/\/www.pogotowieflagowe.pl\/aktualne\/wp-json\/wp\/v2\/posts\/2757\/revisions"}],"predecessor-version":[{"id":2759,"href":"https:\/\/www.pogotowieflagowe.pl\/aktualne\/wp-json\/wp\/v2\/posts\/2757\/revisions\/2759"}],"wp:featuredmedia":[{"embeddable":true,"href":"https:\/\/www.pogotowieflagowe.pl\/aktualne\/wp-json\/wp\/v2\/media\/2758"}],"wp:attachment":[{"href":"https:\/\/www.pogotowieflagowe.pl\/aktualne\/wp-json\/wp\/v2\/media?parent=2757"}],"wp:term":[{"taxonomy":"category","embeddable":true,"href":"https:\/\/www.pogotowieflagowe.pl\/aktualne\/wp-json\/wp\/v2\/categories?post=2757"},{"taxonomy":"post_tag","embeddable":true,"href":"https:\/\/www.pogotowieflagowe.pl\/aktualne\/wp-json\/wp\/v2\/tags?post=2757"}],"curies":[{"name":"wp","href":"https:\/\/api.w.org\/{rel}","templated":true}]}}