{"id":283,"date":"2024-08-24T11:47:25","date_gmt":"2024-08-24T09:47:25","guid":{"rendered":"https:\/\/www.pogotowieflagowe.pl\/aktualne\/pis-przygotowuje-ofensywe-polityczna-morawiecki-przedstawia-kluczowe-punkty-nowej-strategii\/"},"modified":"2024-08-24T11:47:27","modified_gmt":"2024-08-24T09:47:27","slug":"pis-przygotowuje-ofensywe-polityczna-morawiecki-przedstawia-kluczowe-punkty-nowej-strategii","status":"publish","type":"post","link":"https:\/\/www.pogotowieflagowe.pl\/aktualne\/pis-przygotowuje-ofensywe-polityczna-morawiecki-przedstawia-kluczowe-punkty-nowej-strategii\/","title":{"rendered":"PiS przygotowuje ofensyw\u0119 polityczn\u0105: Morawiecki przedstawia kluczowe punkty nowej strategii"},"content":{"rendered":"\n<div class=\"td_block_wrap tdb_single_content tdi_48 td-pb-border-top td_block_template_8 td-post-content tagdiv-type\" data-td-block-uid=\"tdi_48\">\n<style>.tdi_48{margines g\u00f3rny:0px!wa\u017cne;margines dolny:0px!wa\u017cne;wype\u0142nienie g\u00f3rne:0px!wa\u017cne;wype\u0142nienie dolne:0px!wa\u017cne}<\/style>\n<style>.tdb_single_content{margines-dolny:0;*powi\u0119kszenie:1}.tdb_single_content:before,.tdb_single_content:after{wy\u015bwietlanie:tabela;zawarto\u015b\u0107:'';wysoko\u015b\u0107-linii:0}.tdb_single_content:after{wyczy\u015b\u0107:oba}.tdb_single_content .tdb-block-inner>*:not(.wp-block-quote):not(.alignwide):not(.alignfull.wp-block-cover.has-parallax):not(.td-a-ad){margines-lewy:auto;margines-prawy:auto}.tdb_single_content a{zdarzenia-wska\u017anika:auto}.tdb_single_content .td-spot-id-top_ad .tdc-placeholder-title:before{zawarto\u015b\u0107:'Pocz\u0105tek artyku\u0142u Reklama'!important}.tdb_single_content .td-spot-id-inline_ad0 .tdc-placeholder-title:before{content:'Reklama inline artyku\u0142u 1'!important}.tdb_single_content .td-spot-id-inline_ad1 .tdc-placeholder-title:before{content:'Reklama inline artyku\u0142u 2'!important}.tdb_single_content .td-spot-id-inline_ad2 .tdc-placeholder-title:before{content:'Reklama inline artyku\u0142u 3'!important}.tdb_single_content .td-spot-id-bottom_ad .tdc-placeholder-title:before{content:'Reklama dolna artyku\u0142u'!important}.tdb_single_content .id_top_ad,.tdb_single_content .id_bottom_ad{clear:both;margines-dolny:21px;wyr\u00f3wnanie-tekstu:\u015brodek}.tdb_single_content .id_top_ad img,.tdb_single_content .id_bottom_ad img{margines-dolny:0}.tdb_single_content .id_top_ad .adsbygoogle,.tdb_single_content .id_bottom_ad .adsbygoogle{pozycja:wzgl\u0119dna}.tdb_single_content .id_ad_content-poziom-lewy,.tdb_single_content .id_ad_content-poziom-prawy,.tdb_single_content .id_ad_content-horiz-center{margines dolny:15px}.tdb_single_content .id_ad_content-horiz-lewy img,.tdb_single_content .id_ad_content-horiz-prawy img,.tdb_single_content .id_ad_content-horiz-center img{margines dolny:0}.tdb_single_content .id_ad_content-horiz-center{wyr\u00f3wnanie tekstu:\u015brodek}.tdb_single_content .id_ad_content-horiz-center img{margines prawy:auto;margines lewy:auto}.tdb_single_content .id_ad_content-horiz-left{float:lewy;margines g\u00f3rny:9px;margines prawy:21px}.tdb_single_content .id_ad_content-horiz-right{float:right;margines-g\u00f3rny:6px;margines-lewy:21px}.tdb_single_content .tdc-a-ad .tdc-placeholder-title{szeroko\u015b\u0107:300px;wysoko\u015b\u0107:250px}.tdb_single_content .tdc-a-ad .tdc-placeholder-title:before{pozycja:absolutna;g\u00f3ra:50%;-webkit-transform:translateY(-50%);przekszta\u0142cenie:translateY(-50%);margines:auto;wy\u015bwietlanie:tabela;szeroko\u015b\u0107:100%}.tdb_single_content .tdb-block-inner.td-fix-index{word-break:break-word}.tdi_48,.tdi_48>p,.tdi_48 .tdb-block-inner>p{rozmiar-czcionki:16px!wa\u017cne;wysoko\u015b\u0107-linii:1.6!wa\u017cne}.tdi_48 .tdb-block-inner cytat p{styl-czcionki:normalny!wa\u017cne}@media (maks. szeroko\u015b\u0107:767px){.tdb_single_content .id_ad_content-poziom-lewo,.tdb_single_content .id_ad_content-poziom-prawo,.tdb_single_content .id_ad_content-poziom-\u015brodek{margines:0 auto 26px auto}}@media (maks. szeroko\u015b\u0107:767px){.tdb_single_content .id_ad_content-poziom-lewo{margines-prawy:0}}@media (maks. szeroko\u015b\u0107:767px){.tdb_single_content .id_ad_content-horiz-right{margines-lewy:0}}@media (maksymalna szeroko\u015b\u0107:767px){.tdb_single_content .td-a-ad{float:none;wyr\u00f3wnanie tekstu:\u015brodek}.tdb_single_content .td-a-ad img{margines-prawy:auto;margines-lewy:auto}.tdb_single_content .tdc-a-ad{float:none}}<\/style>\n<div class=\"tdb-block-inner td-fix-index\">\n<h2 class=\"wp-block-heading\">PiS przygotowuje ofensyw\u0119 polityczn\u0105, stawiaj\u0105c na jedno\u015b\u0107, dzia\u0142ania prawne i pozytywny program &#8211; m\u00f3wi by\u0142y premier Mateusz Morawiecki.<\/h2>\n<p>Po przej\u015bciu do opozycji w grudniu 2023 r. polska partia Prawo i Sprawiedliwo\u015b\u0107 (PiS) przygotowuje si\u0119 do nowego sezonu politycznego. By\u0142y premier Mateusz Morawiecki niedawno ujawni\u0142 kilka kluczowych punkt\u00f3w strategii PiS w TV Republika. Plan obejmuje utrzymanie jedno\u015bci partii, rozpocz\u0119cie serii dzia\u0142a\u0144 politycznych i utworzenie zespo\u0142u prawnego w celu zbadania domniemanych nadu\u017cy\u0107 rz\u0105du. \u201eB\u0119dziemy zg\u0142asza\u0107 wszystkie oszustwa, naruszenia konstytucji i inne nadu\u017cycia\u201d \u2013 powiedzia\u0142 Morawiecki.<\/p>\n<p><strong>Promowanie pozytywnej agendy<\/strong><\/p>\n<p>Morawiecki podkre\u015bli\u0142 zaanga\u017cowanie PiS w promowanie pozytywnego programu, powo\u0142uj\u0105c si\u0119 na wcze\u015bniejsze sukcesy, takie jak lepsze finansowanie lokalnej infrastruktury. \u201eB\u0119dziemy nadal walczy\u0107 z niszczeniem naszego ludu i wspiera\u0107 wolnych Polak\u00f3w w ca\u0142ej Europie i Ameryce\u201d \u2013 stwierdzi\u0142.<\/p>\n<p><strong>Krytyka obecnego rz\u0105du<\/strong><\/p>\n<p>By\u0142y premier skrytykowa\u0142 r\u00f3wnie\u017c polityk\u0119 obecnego rz\u0105du, wskazuj\u0105c na rosn\u0105ce bezrobocie i upadek przedsi\u0119biorstw pa\u0144stwowych, takich jak PKP Cargo. Wezwa\u0142 Polak\u00f3w do uznania tych strat i wp\u0142ywu na gospodark\u0119 Polski.<\/p>\n<\/div>\n<\/div>\n","protected":false},"excerpt":{"rendered":"<p>PiS przygotowuje ofensyw\u0119 polityczn\u0105, stawiaj\u0105c na jedno\u015b\u0107, dzia\u0142ania prawne i pozytywny program &#8211; m\u00f3wi by\u0142y premier Mateusz Morawiecki. Po przej\u015bciu<\/p>\n","protected":false},"author":1,"featured_media":284,"comment_status":"closed","ping_status":"","sticky":false,"template":"","format":"standard","meta":{"footnotes":""},"categories":[44],"tags":[421,419,423,418,166,163,420,417,422,424],"class_list":["post-283","post","type-post","status-publish","format-standard","has-post-thumbnail","hentry","category-polityka","tag-kluczowe","tag-morawiecki","tag-nowej","tag-ofensywe","tag-pis","tag-polityczna","tag-przedstawia","tag-przygotowuje","tag-punkty","tag-strategii","generate-columns","tablet-grid-50","mobile-grid-100","grid-parent","grid-50","resize-featured-image"],"yoast_head":"<!-- This site is optimized with the Yoast SEO plugin v23.2 - https:\/\/yoast.com\/wordpress\/plugins\/seo\/ -->\n<title>PiS przygotowuje ofensyw\u0119 polityczn\u0105: Morawiecki przedstawia kluczowe punkty nowej strategii - POGOTOWIE FLAGOWE\u00ae<\/title>\n<meta name=\"robots\" content=\"index, follow, max-snippet:-1, max-image-preview:large, max-video-preview:-1\" \/>\n<link rel=\"canonical\" href=\"https:\/\/www.pogotowieflagowe.pl\/aktualne\/pis-przygotowuje-ofensywe-polityczna-morawiecki-przedstawia-kluczowe-punkty-nowej-strategii\/\" \/>\n<meta property=\"og:locale\" content=\"pl_PL\" \/>\n<meta property=\"og:type\" content=\"article\" \/>\n<meta property=\"og:title\" content=\"PiS przygotowuje ofensyw\u0119 polityczn\u0105: Morawiecki przedstawia kluczowe punkty nowej strategii - POGOTOWIE FLAGOWE\u00ae\" \/>\n<meta property=\"og:description\" content=\"PiS przygotowuje ofensyw\u0119 polityczn\u0105, stawiaj\u0105c na jedno\u015b\u0107, dzia\u0142ania prawne i pozytywny program &#8211; m\u00f3wi by\u0142y premier Mateusz Morawiecki. Po przej\u015bciu\" \/>\n<meta property=\"og:url\" content=\"https:\/\/www.pogotowieflagowe.pl\/aktualne\/pis-przygotowuje-ofensywe-polityczna-morawiecki-przedstawia-kluczowe-punkty-nowej-strategii\/\" \/>\n<meta property=\"og:site_name\" content=\"POGOTOWIE FLAGOWE\u00ae\" \/>\n<meta property=\"article:published_time\" content=\"2024-08-24T09:47:25+00:00\" \/>\n<meta property=\"article:modified_time\" content=\"2024-08-24T09:47:27+00:00\" \/>\n<meta property=\"og:image\" content=\"https:\/\/www.pogotowieflagowe.pl\/aktualne\/wp-content\/uploads\/2024\/08\/PiS-przygotowuje-ofensywe-polityczna-Morawiecki-przedstawia-kluczowe-punkty-nowej-strategii.jpg\" \/>\n\t<meta property=\"og:image:width\" content=\"1280\" \/>\n\t<meta property=\"og:image:height\" content=\"719\" \/>\n\t<meta property=\"og:image:type\" content=\"image\/jpeg\" \/>\n<meta name=\"author\" content=\"Filip\" \/>\n<meta name=\"twitter:card\" content=\"summary_large_image\" \/>\n<meta name=\"twitter:label1\" content=\"Napisane przez\" \/>\n\t<meta name=\"twitter:data1\" content=\"Filip\" \/>\n\t<meta name=\"twitter:label2\" content=\"Szacowany czas czytania\" \/>\n\t<meta name=\"twitter:data2\" content=\"1 minuta\" \/>\n<script type=\"application\/ld+json\" class=\"yoast-schema-graph\">{\"@context\":\"https:\/\/schema.org\",\"@graph\":[{\"@type\":\"Article\",\"@id\":\"https:\/\/www.pogotowieflagowe.pl\/aktualne\/pis-przygotowuje-ofensywe-polityczna-morawiecki-przedstawia-kluczowe-punkty-nowej-strategii\/#article\",\"isPartOf\":{\"@id\":\"https:\/\/www.pogotowieflagowe.pl\/aktualne\/pis-przygotowuje-ofensywe-polityczna-morawiecki-przedstawia-kluczowe-punkty-nowej-strategii\/\"},\"author\":{\"name\":\"Filip\",\"@id\":\"https:\/\/www.pogotowieflagowe.pl\/aktualne\/#\/schema\/person\/9c2fb7d2362ebf6fa088960d7f0d27b0\"},\"headline\":\"PiS przygotowuje ofensyw\u0119 polityczn\u0105: Morawiecki przedstawia kluczowe punkty nowej strategii\",\"datePublished\":\"2024-08-24T09:47:25+00:00\",\"dateModified\":\"2024-08-24T09:47:27+00:00\",\"mainEntityOfPage\":{\"@id\":\"https:\/\/www.pogotowieflagowe.pl\/aktualne\/pis-przygotowuje-ofensywe-polityczna-morawiecki-przedstawia-kluczowe-punkty-nowej-strategii\/\"},\"wordCount\":197,\"publisher\":{\"@id\":\"https:\/\/www.pogotowieflagowe.pl\/aktualne\/#organization\"},\"image\":{\"@id\":\"https:\/\/www.pogotowieflagowe.pl\/aktualne\/pis-przygotowuje-ofensywe-polityczna-morawiecki-przedstawia-kluczowe-punkty-nowej-strategii\/#primaryimage\"},\"thumbnailUrl\":\"https:\/\/www.pogotowieflagowe.pl\/aktualne\/wp-content\/uploads\/2024\/08\/PiS-przygotowuje-ofensywe-polityczna-Morawiecki-przedstawia-kluczowe-punkty-nowej-strategii.jpg\",\"keywords\":[\"kluczowe\",\"Morawiecki\",\"nowej\",\"ofensyw\u0119\",\"PiS\",\"polityczna\",\"przedstawia\",\"przygotowuje\",\"punkty\",\"strategii\"],\"articleSection\":[\"Polityka\"],\"inLanguage\":\"pl-PL\"},{\"@type\":\"WebPage\",\"@id\":\"https:\/\/www.pogotowieflagowe.pl\/aktualne\/pis-przygotowuje-ofensywe-polityczna-morawiecki-przedstawia-kluczowe-punkty-nowej-strategii\/\",\"url\":\"https:\/\/www.pogotowieflagowe.pl\/aktualne\/pis-przygotowuje-ofensywe-polityczna-morawiecki-przedstawia-kluczowe-punkty-nowej-strategii\/\",\"name\":\"PiS przygotowuje ofensyw\u0119 polityczn\u0105: Morawiecki przedstawia kluczowe punkty nowej strategii - POGOTOWIE FLAGOWE\u00ae\",\"isPartOf\":{\"@id\":\"https:\/\/www.pogotowieflagowe.pl\/aktualne\/#website\"},\"primaryImageOfPage\":{\"@id\":\"https:\/\/www.pogotowieflagowe.pl\/aktualne\/pis-przygotowuje-ofensywe-polityczna-morawiecki-przedstawia-kluczowe-punkty-nowej-strategii\/#primaryimage\"},\"image\":{\"@id\":\"https:\/\/www.pogotowieflagowe.pl\/aktualne\/pis-przygotowuje-ofensywe-polityczna-morawiecki-przedstawia-kluczowe-punkty-nowej-strategii\/#primaryimage\"},\"thumbnailUrl\":\"https:\/\/www.pogotowieflagowe.pl\/aktualne\/wp-content\/uploads\/2024\/08\/PiS-przygotowuje-ofensywe-polityczna-Morawiecki-przedstawia-kluczowe-punkty-nowej-strategii.jpg\",\"datePublished\":\"2024-08-24T09:47:25+00:00\",\"dateModified\":\"2024-08-24T09:47:27+00:00\",\"breadcrumb\":{\"@id\":\"https:\/\/www.pogotowieflagowe.pl\/aktualne\/pis-przygotowuje-ofensywe-polityczna-morawiecki-przedstawia-kluczowe-punkty-nowej-strategii\/#breadcrumb\"},\"inLanguage\":\"pl-PL\",\"potentialAction\":[{\"@type\":\"ReadAction\",\"target\":[\"https:\/\/www.pogotowieflagowe.pl\/aktualne\/pis-przygotowuje-ofensywe-polityczna-morawiecki-przedstawia-kluczowe-punkty-nowej-strategii\/\"]}]},{\"@type\":\"ImageObject\",\"inLanguage\":\"pl-PL\",\"@id\":\"https:\/\/www.pogotowieflagowe.pl\/aktualne\/pis-przygotowuje-ofensywe-polityczna-morawiecki-przedstawia-kluczowe-punkty-nowej-strategii\/#primaryimage\",\"url\":\"https:\/\/www.pogotowieflagowe.pl\/aktualne\/wp-content\/uploads\/2024\/08\/PiS-przygotowuje-ofensywe-polityczna-Morawiecki-przedstawia-kluczowe-punkty-nowej-strategii.jpg\",\"contentUrl\":\"https:\/\/www.pogotowieflagowe.pl\/aktualne\/wp-content\/uploads\/2024\/08\/PiS-przygotowuje-ofensywe-polityczna-Morawiecki-przedstawia-kluczowe-punkty-nowej-strategii.jpg\",\"width\":1280,\"height\":719,\"caption\":\"PiS przygotowuje ofensyw\u0119 polityczn\u0105: Morawiecki przedstawia kluczowe punkty nowej strategii\"},{\"@type\":\"BreadcrumbList\",\"@id\":\"https:\/\/www.pogotowieflagowe.pl\/aktualne\/pis-przygotowuje-ofensywe-polityczna-morawiecki-przedstawia-kluczowe-punkty-nowej-strategii\/#breadcrumb\",\"itemListElement\":[{\"@type\":\"ListItem\",\"position\":1,\"name\":\"Home\",\"item\":\"https:\/\/www.pogotowieflagowe.pl\/aktualne\/\"},{\"@type\":\"ListItem\",\"position\":2,\"name\":\"PiS przygotowuje ofensyw\u0119 polityczn\u0105: Morawiecki przedstawia kluczowe punkty nowej strategii\"}]},{\"@type\":\"WebSite\",\"@id\":\"https:\/\/www.pogotowieflagowe.pl\/aktualne\/#website\",\"url\":\"https:\/\/www.pogotowieflagowe.pl\/aktualne\/\",\"name\":\"POGOTOWIE FLAGOWE\u00ae\",\"description\":\"\",\"publisher\":{\"@id\":\"https:\/\/www.pogotowieflagowe.pl\/aktualne\/#organization\"},\"potentialAction\":[{\"@type\":\"SearchAction\",\"target\":{\"@type\":\"EntryPoint\",\"urlTemplate\":\"https:\/\/www.pogotowieflagowe.pl\/aktualne\/?s={search_term_string}\"},\"query-input\":\"required name=search_term_string\"}],\"inLanguage\":\"pl-PL\"},{\"@type\":\"Organization\",\"@id\":\"https:\/\/www.pogotowieflagowe.pl\/aktualne\/#organization\",\"name\":\"POGOTOWIE FLAGOWE\u00ae\",\"url\":\"https:\/\/www.pogotowieflagowe.pl\/aktualne\/\",\"logo\":{\"@type\":\"ImageObject\",\"inLanguage\":\"pl-PL\",\"@id\":\"https:\/\/www.pogotowieflagowe.pl\/aktualne\/#\/schema\/logo\/image\/\",\"url\":\"https:\/\/www.pogotowieflagowe.pl\/aktualne\/wp-content\/uploads\/2024\/08\/cropped-pogotowieflagowe_flaga_projekt_sm.jpg\",\"contentUrl\":\"https:\/\/www.pogotowieflagowe.pl\/aktualne\/wp-content\/uploads\/2024\/08\/cropped-pogotowieflagowe_flaga_projekt_sm.jpg\",\"width\":250,\"height\":143,\"caption\":\"POGOTOWIE FLAGOWE\u00ae\"},\"image\":{\"@id\":\"https:\/\/www.pogotowieflagowe.pl\/aktualne\/#\/schema\/logo\/image\/\"}},{\"@type\":\"Person\",\"@id\":\"https:\/\/www.pogotowieflagowe.pl\/aktualne\/#\/schema\/person\/9c2fb7d2362ebf6fa088960d7f0d27b0\",\"name\":\"Filip\",\"image\":{\"@type\":\"ImageObject\",\"inLanguage\":\"pl-PL\",\"@id\":\"https:\/\/www.pogotowieflagowe.pl\/aktualne\/#\/schema\/person\/image\/\",\"url\":\"https:\/\/www.pogotowieflagowe.pl\/aktualne\/wp-content\/uploads\/2024\/08\/pogotowieflagowe.pl_.jpg\",\"contentUrl\":\"https:\/\/www.pogotowieflagowe.pl\/aktualne\/wp-content\/uploads\/2024\/08\/pogotowieflagowe.pl_.jpg\",\"caption\":\"Filip\"},\"description\":\"Jestem Filip, polski dziennikarz z dyplomem nauk politycznych Uniwersytetu Warszawskiego. Rozpoczynaj\u0105c swoj\u0105 karier\u0119 w r\u00f3\u017cnych lokalnych mediach, zdoby\u0142em solidne do\u015bwiadczenie w zakresie \u015bledztwa i redakcji. Obecnie jako redaktor w Pogotowie flagowe, staram si\u0119 dostarcza\u0107 dog\u0142\u0119bne i istotne analizy na temat najwa\u017cniejszych kwestii aktualno\u015bci, \u0142\u0105cz\u0105c rygor z pasj\u0105 dziennikarsk\u0105.\",\"sameAs\":[\"https:\/\/www.pogotowieflagowe.pl\/\"]}]}<\/script>\n<!-- \/ Yoast SEO plugin. -->","yoast_head_json":{"title":"PiS przygotowuje ofensyw\u0119 polityczn\u0105: Morawiecki przedstawia kluczowe punkty nowej strategii - POGOTOWIE FLAGOWE\u00ae","robots":{"index":"index","follow":"follow","max-snippet":"max-snippet:-1","max-image-preview":"max-image-preview:large","max-video-preview":"max-video-preview:-1"},"canonical":"https:\/\/www.pogotowieflagowe.pl\/aktualne\/pis-przygotowuje-ofensywe-polityczna-morawiecki-przedstawia-kluczowe-punkty-nowej-strategii\/","og_locale":"pl_PL","og_type":"article","og_title":"PiS przygotowuje ofensyw\u0119 polityczn\u0105: Morawiecki przedstawia kluczowe punkty nowej strategii - POGOTOWIE FLAGOWE\u00ae","og_description":"PiS przygotowuje ofensyw\u0119 polityczn\u0105, stawiaj\u0105c na jedno\u015b\u0107, dzia\u0142ania prawne i pozytywny program &#8211; m\u00f3wi by\u0142y premier Mateusz Morawiecki. Po przej\u015bciu","og_url":"https:\/\/www.pogotowieflagowe.pl\/aktualne\/pis-przygotowuje-ofensywe-polityczna-morawiecki-przedstawia-kluczowe-punkty-nowej-strategii\/","og_site_name":"POGOTOWIE FLAGOWE\u00ae","article_published_time":"2024-08-24T09:47:25+00:00","article_modified_time":"2024-08-24T09:47:27+00:00","og_image":[{"width":1280,"height":719,"url":"https:\/\/www.pogotowieflagowe.pl\/aktualne\/wp-content\/uploads\/2024\/08\/PiS-przygotowuje-ofensywe-polityczna-Morawiecki-przedstawia-kluczowe-punkty-nowej-strategii.jpg","type":"image\/jpeg"}],"author":"Filip","twitter_card":"summary_large_image","twitter_misc":{"Napisane przez":"Filip","Szacowany czas czytania":"1 minuta"},"schema":{"@context":"https:\/\/schema.org","@graph":[{"@type":"Article","@id":"https:\/\/www.pogotowieflagowe.pl\/aktualne\/pis-przygotowuje-ofensywe-polityczna-morawiecki-przedstawia-kluczowe-punkty-nowej-strategii\/#article","isPartOf":{"@id":"https:\/\/www.pogotowieflagowe.pl\/aktualne\/pis-przygotowuje-ofensywe-polityczna-morawiecki-przedstawia-kluczowe-punkty-nowej-strategii\/"},"author":{"name":"Filip","@id":"https:\/\/www.pogotowieflagowe.pl\/aktualne\/#\/schema\/person\/9c2fb7d2362ebf6fa088960d7f0d27b0"},"headline":"PiS przygotowuje ofensyw\u0119 polityczn\u0105: Morawiecki przedstawia kluczowe punkty nowej strategii","datePublished":"2024-08-24T09:47:25+00:00","dateModified":"2024-08-24T09:47:27+00:00","mainEntityOfPage":{"@id":"https:\/\/www.pogotowieflagowe.pl\/aktualne\/pis-przygotowuje-ofensywe-polityczna-morawiecki-przedstawia-kluczowe-punkty-nowej-strategii\/"},"wordCount":197,"publisher":{"@id":"https:\/\/www.pogotowieflagowe.pl\/aktualne\/#organization"},"image":{"@id":"https:\/\/www.pogotowieflagowe.pl\/aktualne\/pis-przygotowuje-ofensywe-polityczna-morawiecki-przedstawia-kluczowe-punkty-nowej-strategii\/#primaryimage"},"thumbnailUrl":"https:\/\/www.pogotowieflagowe.pl\/aktualne\/wp-content\/uploads\/2024\/08\/PiS-przygotowuje-ofensywe-polityczna-Morawiecki-przedstawia-kluczowe-punkty-nowej-strategii.jpg","keywords":["kluczowe","Morawiecki","nowej","ofensyw\u0119","PiS","polityczna","przedstawia","przygotowuje","punkty","strategii"],"articleSection":["Polityka"],"inLanguage":"pl-PL"},{"@type":"WebPage","@id":"https:\/\/www.pogotowieflagowe.pl\/aktualne\/pis-przygotowuje-ofensywe-polityczna-morawiecki-przedstawia-kluczowe-punkty-nowej-strategii\/","url":"https:\/\/www.pogotowieflagowe.pl\/aktualne\/pis-przygotowuje-ofensywe-polityczna-morawiecki-przedstawia-kluczowe-punkty-nowej-strategii\/","name":"PiS przygotowuje ofensyw\u0119 polityczn\u0105: Morawiecki przedstawia kluczowe punkty nowej strategii - POGOTOWIE FLAGOWE\u00ae","isPartOf":{"@id":"https:\/\/www.pogotowieflagowe.pl\/aktualne\/#website"},"primaryImageOfPage":{"@id":"https:\/\/www.pogotowieflagowe.pl\/aktualne\/pis-przygotowuje-ofensywe-polityczna-morawiecki-przedstawia-kluczowe-punkty-nowej-strategii\/#primaryimage"},"image":{"@id":"https:\/\/www.pogotowieflagowe.pl\/aktualne\/pis-przygotowuje-ofensywe-polityczna-morawiecki-przedstawia-kluczowe-punkty-nowej-strategii\/#primaryimage"},"thumbnailUrl":"https:\/\/www.pogotowieflagowe.pl\/aktualne\/wp-content\/uploads\/2024\/08\/PiS-przygotowuje-ofensywe-polityczna-Morawiecki-przedstawia-kluczowe-punkty-nowej-strategii.jpg","datePublished":"2024-08-24T09:47:25+00:00","dateModified":"2024-08-24T09:47:27+00:00","breadcrumb":{"@id":"https:\/\/www.pogotowieflagowe.pl\/aktualne\/pis-przygotowuje-ofensywe-polityczna-morawiecki-przedstawia-kluczowe-punkty-nowej-strategii\/#breadcrumb"},"inLanguage":"pl-PL","potentialAction":[{"@type":"ReadAction","target":["https:\/\/www.pogotowieflagowe.pl\/aktualne\/pis-przygotowuje-ofensywe-polityczna-morawiecki-przedstawia-kluczowe-punkty-nowej-strategii\/"]}]},{"@type":"ImageObject","inLanguage":"pl-PL","@id":"https:\/\/www.pogotowieflagowe.pl\/aktualne\/pis-przygotowuje-ofensywe-polityczna-morawiecki-przedstawia-kluczowe-punkty-nowej-strategii\/#primaryimage","url":"https:\/\/www.pogotowieflagowe.pl\/aktualne\/wp-content\/uploads\/2024\/08\/PiS-przygotowuje-ofensywe-polityczna-Morawiecki-przedstawia-kluczowe-punkty-nowej-strategii.jpg","contentUrl":"https:\/\/www.pogotowieflagowe.pl\/aktualne\/wp-content\/uploads\/2024\/08\/PiS-przygotowuje-ofensywe-polityczna-Morawiecki-przedstawia-kluczowe-punkty-nowej-strategii.jpg","width":1280,"height":719,"caption":"PiS przygotowuje ofensyw\u0119 polityczn\u0105: Morawiecki przedstawia kluczowe punkty nowej strategii"},{"@type":"BreadcrumbList","@id":"https:\/\/www.pogotowieflagowe.pl\/aktualne\/pis-przygotowuje-ofensywe-polityczna-morawiecki-przedstawia-kluczowe-punkty-nowej-strategii\/#breadcrumb","itemListElement":[{"@type":"ListItem","position":1,"name":"Home","item":"https:\/\/www.pogotowieflagowe.pl\/aktualne\/"},{"@type":"ListItem","position":2,"name":"PiS przygotowuje ofensyw\u0119 polityczn\u0105: Morawiecki przedstawia kluczowe punkty nowej strategii"}]},{"@type":"WebSite","@id":"https:\/\/www.pogotowieflagowe.pl\/aktualne\/#website","url":"https:\/\/www.pogotowieflagowe.pl\/aktualne\/","name":"POGOTOWIE FLAGOWE\u00ae","description":"","publisher":{"@id":"https:\/\/www.pogotowieflagowe.pl\/aktualne\/#organization"},"potentialAction":[{"@type":"SearchAction","target":{"@type":"EntryPoint","urlTemplate":"https:\/\/www.pogotowieflagowe.pl\/aktualne\/?s={search_term_string}"},"query-input":"required name=search_term_string"}],"inLanguage":"pl-PL"},{"@type":"Organization","@id":"https:\/\/www.pogotowieflagowe.pl\/aktualne\/#organization","name":"POGOTOWIE FLAGOWE\u00ae","url":"https:\/\/www.pogotowieflagowe.pl\/aktualne\/","logo":{"@type":"ImageObject","inLanguage":"pl-PL","@id":"https:\/\/www.pogotowieflagowe.pl\/aktualne\/#\/schema\/logo\/image\/","url":"https:\/\/www.pogotowieflagowe.pl\/aktualne\/wp-content\/uploads\/2024\/08\/cropped-pogotowieflagowe_flaga_projekt_sm.jpg","contentUrl":"https:\/\/www.pogotowieflagowe.pl\/aktualne\/wp-content\/uploads\/2024\/08\/cropped-pogotowieflagowe_flaga_projekt_sm.jpg","width":250,"height":143,"caption":"POGOTOWIE FLAGOWE\u00ae"},"image":{"@id":"https:\/\/www.pogotowieflagowe.pl\/aktualne\/#\/schema\/logo\/image\/"}},{"@type":"Person","@id":"https:\/\/www.pogotowieflagowe.pl\/aktualne\/#\/schema\/person\/9c2fb7d2362ebf6fa088960d7f0d27b0","name":"Filip","image":{"@type":"ImageObject","inLanguage":"pl-PL","@id":"https:\/\/www.pogotowieflagowe.pl\/aktualne\/#\/schema\/person\/image\/","url":"https:\/\/www.pogotowieflagowe.pl\/aktualne\/wp-content\/uploads\/2024\/08\/pogotowieflagowe.pl_.jpg","contentUrl":"https:\/\/www.pogotowieflagowe.pl\/aktualne\/wp-content\/uploads\/2024\/08\/pogotowieflagowe.pl_.jpg","caption":"Filip"},"description":"Jestem Filip, polski dziennikarz z dyplomem nauk politycznych Uniwersytetu Warszawskiego. Rozpoczynaj\u0105c swoj\u0105 karier\u0119 w r\u00f3\u017cnych lokalnych mediach, zdoby\u0142em solidne do\u015bwiadczenie w zakresie \u015bledztwa i redakcji. Obecnie jako redaktor w Pogotowie flagowe, staram si\u0119 dostarcza\u0107 dog\u0142\u0119bne i istotne analizy na temat najwa\u017cniejszych kwestii aktualno\u015bci, \u0142\u0105cz\u0105c rygor z pasj\u0105 dziennikarsk\u0105.","sameAs":["https:\/\/www.pogotowieflagowe.pl\/"]}]}},"_links":{"self":[{"href":"https:\/\/www.pogotowieflagowe.pl\/aktualne\/wp-json\/wp\/v2\/posts\/283","targetHints":{"allow":["GET"]}}],"collection":[{"href":"https:\/\/www.pogotowieflagowe.pl\/aktualne\/wp-json\/wp\/v2\/posts"}],"about":[{"href":"https:\/\/www.pogotowieflagowe.pl\/aktualne\/wp-json\/wp\/v2\/types\/post"}],"author":[{"embeddable":true,"href":"https:\/\/www.pogotowieflagowe.pl\/aktualne\/wp-json\/wp\/v2\/users\/1"}],"replies":[{"embeddable":true,"href":"https:\/\/www.pogotowieflagowe.pl\/aktualne\/wp-json\/wp\/v2\/comments?post=283"}],"version-history":[{"count":1,"href":"https:\/\/www.pogotowieflagowe.pl\/aktualne\/wp-json\/wp\/v2\/posts\/283\/revisions"}],"predecessor-version":[{"id":285,"href":"https:\/\/www.pogotowieflagowe.pl\/aktualne\/wp-json\/wp\/v2\/posts\/283\/revisions\/285"}],"wp:featuredmedia":[{"embeddable":true,"href":"https:\/\/www.pogotowieflagowe.pl\/aktualne\/wp-json\/wp\/v2\/media\/284"}],"wp:attachment":[{"href":"https:\/\/www.pogotowieflagowe.pl\/aktualne\/wp-json\/wp\/v2\/media?parent=283"}],"wp:term":[{"taxonomy":"category","embeddable":true,"href":"https:\/\/www.pogotowieflagowe.pl\/aktualne\/wp-json\/wp\/v2\/categories?post=283"},{"taxonomy":"post_tag","embeddable":true,"href":"https:\/\/www.pogotowieflagowe.pl\/aktualne\/wp-json\/wp\/v2\/tags?post=283"}],"curies":[{"name":"wp","href":"https:\/\/api.w.org\/{rel}","templated":true}]}}