{"id":2832,"date":"2025-01-05T04:48:12","date_gmt":"2025-01-05T03:48:12","guid":{"rendered":"https:\/\/www.pogotowieflagowe.pl\/aktualne\/piecdziesiat-szesc-lat-od-pierwszej-proby-przeszczepu-serca-w-polsce\/"},"modified":"2025-01-05T04:48:12","modified_gmt":"2025-01-05T03:48:12","slug":"piecdziesiat-szesc-lat-od-pierwszej-proby-przeszczepu-serca-w-polsce","status":"publish","type":"post","link":"https:\/\/www.pogotowieflagowe.pl\/aktualne\/piecdziesiat-szesc-lat-od-pierwszej-proby-przeszczepu-serca-w-polsce\/","title":{"rendered":"Pi\u0119\u0107dziesi\u0105t sze\u015b\u0107 lat od pierwszej pr\u00f3by przeszczepu serca w Polsce"},"content":{"rendered":"\n<div class=\"td_block_wrap tdb_single_content tdi_48 td-pb-border-top td_block_template_8 td-post-content tagdiv-type\" data-td-block-uid=\"tdi_48\">\n<style>.tdi_48{margines-g\u00f3rny:0px!important;margin-bottom:0px!important;dope\u0142nienie-g\u00f3ra:0px!important;dope\u0142nienie-d\u00f3\u0142:0px!important}<\/style>\n<style>.tdb_single_content{margin-bottom:0;*zoom:1}.tdb_single_content:before,.tdb_single_content:after{display:table;content:'';line-height:0}.tdb_single_content:after{clear:both}.tdb_single_content .tdb-block-inner>*:not(.wp-block-quote):not(.alignwide):not(.alignfull.wp-block-cover.has-parallax):not(.td-a-ad) {margin-left:auto;margin-right:auto}.tdb_single_content a{pointer-events:auto}.tdb_single_content .td-spot-id-top_ad .tdc-placeholder-title:before{content:'Article Top Ad'!important}.tdb_single_content .td-spot-id-inline_ad0 .tdc-placeholder-title:before{content:'Article Reklama wbudowana 1'!important}.tdb_single_content .td-spot-id-inline_ad1 .tdc-placeholder-title:before{content:'Article Inline Ad 2'!important}.tdb_single_content .td-spot-id-inline_ad2 .tdc-placeholder-title:before{content:' Reklama wbudowana w artyku\u0142 3'!important}.tdb_single_content .td-spot-id-bottom_ad .tdc-placeholder-title:before{content:'Article Bottom Ad'!important}.tdb_single_content .id_top_ad,.tdb_single_content .id_bottom_ad{clear:both;margin-bottom:21px;text-align:center}.tdb_single_content .id_top_ad img,.tdb_single_content .id_bottom_ad img{margin-bottom:0}.tdb_single_content .id_top_ad .adsbygoogle,.tdb_single_content .id_bottom_ad .adsbygoogle{position:relative}.tdb_single_content .id_ad_content-horiz-left,.tdb_single_content .id_ad_content-horiz-right,.tdb_single_content .id_ad_content-horiz-center{margin-bottom:15px}.tdb_single_content .id_ad_content-horiz-left img,.tdb_single_content .id_ad_content-horiz-right img,.tdb_single_content .id_ad_content-horiz-center img{margin-bottom:0}.tdb_single_content .id_ad_content-horiz-center{text-align:center}.tdb_single_content .id_ad_content-horiz-center img{margin-right:auto;margin-left:auto}.tdb_single_content .id_ad_content-horiz-left{float:left;margin-top:9px;margin-right:21px}.tdb_single_content .id_ad_content-horiz-right{float:right;margin-top:6px;margin-left:21px}.tdb_single_content .tdc-a-ad .tdc-placeholder-title{width:300px;height:250px}.tdb_single_content .tdc-a-ad .tdc-placeholder-title:before{position:absolute;top:50%;-webkit-transform:translateY(-50%);transform:translateY(-50%);margines:auto;display:table;width:100 %}.tdb_single_content .tdb-block-inner.td-fix-index{word-break:break-word}.tdi_48,.tdi_48>p,.tdi_48 .tdb-block-inner>p{font-size:16px!important;line- wysoko\u015b\u0107:1,6!wa\u017cne}.tdi_48 .tdb-block-inner blockquote p{font-style:normal!important}@media (max-width:767px){.tdb_single_content .id_ad_content-horiz-left,.tdb_single_content .id_ad_content-horiz-right,.tdb_single_content .id_ad_content-horiz-center{margin:0 automatyczny 26px auto}}@media (max-width:767px){.tdb_single_content .id_ad_content-horiz-left{margin-right:0}}@media (max-width:767px){.tdb_single_content .id_ad_content-horiz-right{margin -left:0}}@media (max-width:767px){.tdb_single_content .td-a-ad{float:none;text-align:center}.tdb_single_content .td-a-ad img{margin-right:auto;margin-left:auto}. tdb_single_content .tdc-a-ad{float:none}}<\/style>\n<div class=\"tdb-block-inner td-fix-index\">\n<p>4 stycznia 1969 roku w \u0141odzi odwa\u017cny zesp\u00f3\u0142 chirurg\u00f3w pod przewodnictwem profesora Jana Molla podj\u0105\u0142 si\u0119 pierwszego w Polsce przeszczepu serca \u2013 zaledwie rok po pierwszym na \u015bwiecie takim zabiegu. Pacjent, 32-letni rolnik z pod\u0142\u00f3dzkiej wsi, przeszed\u0142 skrupulatnie przygotowywan\u0105 od miesi\u0119cy operacj\u0119 na zwierz\u0119tach i zw\u0142okach. Prof. Mollowi asystowali lekarze Antoni Dziatkowiak i Kazimierz Rybi\u0144ski. Mimo prze\u0142omowych wysi\u0142k\u00f3w pacjentowi nie uda\u0142o si\u0119 prze\u017cy\u0107.<\/p>\n<p>Wspominaj\u0105c nieudan\u0105 procedur\u0119, prof. Moll wyja\u015bni\u0142 p\u00f3\u017aniej, \u017ce g\u0142\u00f3wny problem polega na wyselekcjonowaniu pacjenta, kt\u00f3rego stan by\u0142 ju\u017c zbyt zaawansowany \u2013 cierpia\u0142 na choroby serca i p\u0142uc, przez co przeszczep samego serca by\u0142 nieop\u0142acalny. Niemniej jednak pr\u00f3ba ta by\u0142a momentem prze\u0142omowym w polskiej kardiochirurgii i pokaza\u0142a, \u017ce \u200b\u200btaka operacja jest w zasi\u0119gu r\u0119ki.<\/p>\n<p>Koncepcja przeszczepienia serca pod koniec lat 60. XX wieku wywo\u0142a\u0142a kontrowersje i debaty, a serce by\u0142o historycznie postrzegane jako \u201emistyczne siedlisko ludzkich emocji\u201d. Jednak profesor Moll argumentowa\u0142, \u017ce udane przeszczepy \u2013 a nawet tymczasowe sztuczne serca \u2013 pokaza\u0142y, \u017ce psychika pacjenta pozostaje nienaruszona.<\/p>\n<p>Urodzony 24 pa\u017adziernika 1912 roku w Kowalewie Pomorskim, prof. Moll wybra\u0142 medycyn\u0119 po tym, jak jego w\u0142asna wyrostek robaczkowy zapocz\u0105tkowa\u0142a wczesn\u0105 fascynacj\u0119 chirurgi\u0105. Studiowa\u0142 w Poznaniu i Pary\u017cu, uko\u0144czy\u0142 w 1939 roku w Warszawie. Podczas II wojny \u015bwiatowej ryzykowa\u0142 \u017cycie, lecz\u0105c \u017co\u0142nierzy AK. Po wojnie pracowa\u0142 w Poznaniu, staj\u0105c si\u0119 pionierem nowych technik kardiochirurgicznych. Warto zauwa\u017cy\u0107, \u017ce w 1953 roku wsp\u00f3\u0142pracowa\u0142 z in\u017cynierami przy budowie pierwszego w Polsce p\u0142uco-serca.<\/p>\n<p>A\u017c do swojej \u015bmierci w 1990 roku w wieku 78 lat prof. Moll pozosta\u0142 aktywnym chirurgiem, szkol\u0105c kilku luminarzy w tej dziedzinie \u2013 w tym swojego syna Jacka. Jego nieustanna pasja i pasja utorowa\u0142y drog\u0119 do przysz\u0142ych sukces\u00f3w. Rzeczywi\u015bcie, pierwszego udanego przeszczepu serca w Polsce dokona\u0142 zesp\u00f3\u0142 prof. Zbigniewa Religi w 1985 roku, kontynuuj\u0105c niezwyk\u0142e dziedzictwo prof. Molla.<\/p>\n<\/div>\n<\/div>\n","protected":false},"excerpt":{"rendered":"<p>4 stycznia 1969 roku w \u0141odzi odwa\u017cny zesp\u00f3\u0142 chirurg\u00f3w pod przewodnictwem profesora Jana Molla podj\u0105\u0142 si\u0119 pierwszego w Polsce przeszczepu<\/p>\n","protected":false},"author":1,"featured_media":2833,"comment_status":"closed","ping_status":"","sticky":false,"template":"","format":"standard","meta":{"footnotes":""},"categories":[46],"tags":[688,4208,527,60,4210,3337,1783,4209],"class_list":["post-2832","post","type-post","status-publish","format-standard","has-post-thumbnail","hentry","category-nauka-i-zdrowie","tag-lat","tag-piecdziesiat","tag-pierwszej","tag-polsce","tag-proby","tag-przeszczepu","tag-serca","tag-szesc","generate-columns","tablet-grid-50","mobile-grid-100","grid-parent","grid-50","resize-featured-image"],"yoast_head":"<!-- This site is optimized with the Yoast SEO plugin v23.2 - https:\/\/yoast.com\/wordpress\/plugins\/seo\/ -->\n<title>Pi\u0119\u0107dziesi\u0105t sze\u015b\u0107 lat od pierwszej pr\u00f3by przeszczepu serca w Polsce - POGOTOWIE FLAGOWE\u00ae<\/title>\n<meta name=\"robots\" content=\"index, follow, max-snippet:-1, max-image-preview:large, max-video-preview:-1\" \/>\n<link rel=\"canonical\" href=\"https:\/\/www.pogotowieflagowe.pl\/aktualne\/piecdziesiat-szesc-lat-od-pierwszej-proby-przeszczepu-serca-w-polsce\/\" \/>\n<meta property=\"og:locale\" content=\"pl_PL\" \/>\n<meta property=\"og:type\" content=\"article\" \/>\n<meta property=\"og:title\" content=\"Pi\u0119\u0107dziesi\u0105t sze\u015b\u0107 lat od pierwszej pr\u00f3by przeszczepu serca w Polsce - POGOTOWIE FLAGOWE\u00ae\" \/>\n<meta property=\"og:description\" content=\"4 stycznia 1969 roku w \u0141odzi odwa\u017cny zesp\u00f3\u0142 chirurg\u00f3w pod przewodnictwem profesora Jana Molla podj\u0105\u0142 si\u0119 pierwszego w Polsce przeszczepu\" \/>\n<meta property=\"og:url\" content=\"https:\/\/www.pogotowieflagowe.pl\/aktualne\/piecdziesiat-szesc-lat-od-pierwszej-proby-przeszczepu-serca-w-polsce\/\" \/>\n<meta property=\"og:site_name\" content=\"POGOTOWIE FLAGOWE\u00ae\" \/>\n<meta property=\"article:published_time\" content=\"2025-01-05T03:48:12+00:00\" \/>\n<meta property=\"og:image\" content=\"https:\/\/www.pogotowieflagowe.pl\/aktualne\/wp-content\/uploads\/2025\/01\/Piecdziesiat-szesc-lat-od-pierwszej-proby-przeszczepu-serca-w-Polsce.jpg\" \/>\n\t<meta property=\"og:image:width\" content=\"620\" \/>\n\t<meta property=\"og:image:height\" content=\"444\" \/>\n\t<meta property=\"og:image:type\" content=\"image\/jpeg\" \/>\n<meta name=\"author\" content=\"Filip\" \/>\n<meta name=\"twitter:card\" content=\"summary_large_image\" \/>\n<meta name=\"twitter:label1\" content=\"Napisane przez\" \/>\n\t<meta name=\"twitter:data1\" content=\"Filip\" \/>\n\t<meta name=\"twitter:label2\" content=\"Szacowany czas czytania\" \/>\n\t<meta name=\"twitter:data2\" content=\"2 minuty\" \/>\n<script type=\"application\/ld+json\" class=\"yoast-schema-graph\">{\"@context\":\"https:\/\/schema.org\",\"@graph\":[{\"@type\":\"Article\",\"@id\":\"https:\/\/www.pogotowieflagowe.pl\/aktualne\/piecdziesiat-szesc-lat-od-pierwszej-proby-przeszczepu-serca-w-polsce\/#article\",\"isPartOf\":{\"@id\":\"https:\/\/www.pogotowieflagowe.pl\/aktualne\/piecdziesiat-szesc-lat-od-pierwszej-proby-przeszczepu-serca-w-polsce\/\"},\"author\":{\"name\":\"Filip\",\"@id\":\"https:\/\/www.pogotowieflagowe.pl\/aktualne\/#\/schema\/person\/9c2fb7d2362ebf6fa088960d7f0d27b0\"},\"headline\":\"Pi\u0119\u0107dziesi\u0105t sze\u015b\u0107 lat od pierwszej pr\u00f3by przeszczepu serca w Polsce\",\"datePublished\":\"2025-01-05T03:48:12+00:00\",\"dateModified\":\"2025-01-05T03:48:12+00:00\",\"mainEntityOfPage\":{\"@id\":\"https:\/\/www.pogotowieflagowe.pl\/aktualne\/piecdziesiat-szesc-lat-od-pierwszej-proby-przeszczepu-serca-w-polsce\/\"},\"wordCount\":333,\"publisher\":{\"@id\":\"https:\/\/www.pogotowieflagowe.pl\/aktualne\/#organization\"},\"image\":{\"@id\":\"https:\/\/www.pogotowieflagowe.pl\/aktualne\/piecdziesiat-szesc-lat-od-pierwszej-proby-przeszczepu-serca-w-polsce\/#primaryimage\"},\"thumbnailUrl\":\"https:\/\/www.pogotowieflagowe.pl\/aktualne\/wp-content\/uploads\/2025\/01\/Piecdziesiat-szesc-lat-od-pierwszej-proby-przeszczepu-serca-w-Polsce.jpg\",\"keywords\":[\"lat\",\"Pi\u0119\u0107dziesi\u0105t\",\"pierwszej\",\"Polsce\",\"pr\u00f3by\",\"przeszczepu\",\"serca\",\"sze\u015b\u0107\"],\"articleSection\":[\"Nauka i zdrowie\"],\"inLanguage\":\"pl-PL\"},{\"@type\":\"WebPage\",\"@id\":\"https:\/\/www.pogotowieflagowe.pl\/aktualne\/piecdziesiat-szesc-lat-od-pierwszej-proby-przeszczepu-serca-w-polsce\/\",\"url\":\"https:\/\/www.pogotowieflagowe.pl\/aktualne\/piecdziesiat-szesc-lat-od-pierwszej-proby-przeszczepu-serca-w-polsce\/\",\"name\":\"Pi\u0119\u0107dziesi\u0105t sze\u015b\u0107 lat od pierwszej pr\u00f3by przeszczepu serca w Polsce - POGOTOWIE FLAGOWE\u00ae\",\"isPartOf\":{\"@id\":\"https:\/\/www.pogotowieflagowe.pl\/aktualne\/#website\"},\"primaryImageOfPage\":{\"@id\":\"https:\/\/www.pogotowieflagowe.pl\/aktualne\/piecdziesiat-szesc-lat-od-pierwszej-proby-przeszczepu-serca-w-polsce\/#primaryimage\"},\"image\":{\"@id\":\"https:\/\/www.pogotowieflagowe.pl\/aktualne\/piecdziesiat-szesc-lat-od-pierwszej-proby-przeszczepu-serca-w-polsce\/#primaryimage\"},\"thumbnailUrl\":\"https:\/\/www.pogotowieflagowe.pl\/aktualne\/wp-content\/uploads\/2025\/01\/Piecdziesiat-szesc-lat-od-pierwszej-proby-przeszczepu-serca-w-Polsce.jpg\",\"datePublished\":\"2025-01-05T03:48:12+00:00\",\"dateModified\":\"2025-01-05T03:48:12+00:00\",\"breadcrumb\":{\"@id\":\"https:\/\/www.pogotowieflagowe.pl\/aktualne\/piecdziesiat-szesc-lat-od-pierwszej-proby-przeszczepu-serca-w-polsce\/#breadcrumb\"},\"inLanguage\":\"pl-PL\",\"potentialAction\":[{\"@type\":\"ReadAction\",\"target\":[\"https:\/\/www.pogotowieflagowe.pl\/aktualne\/piecdziesiat-szesc-lat-od-pierwszej-proby-przeszczepu-serca-w-polsce\/\"]}]},{\"@type\":\"ImageObject\",\"inLanguage\":\"pl-PL\",\"@id\":\"https:\/\/www.pogotowieflagowe.pl\/aktualne\/piecdziesiat-szesc-lat-od-pierwszej-proby-przeszczepu-serca-w-polsce\/#primaryimage\",\"url\":\"https:\/\/www.pogotowieflagowe.pl\/aktualne\/wp-content\/uploads\/2025\/01\/Piecdziesiat-szesc-lat-od-pierwszej-proby-przeszczepu-serca-w-Polsce.jpg\",\"contentUrl\":\"https:\/\/www.pogotowieflagowe.pl\/aktualne\/wp-content\/uploads\/2025\/01\/Piecdziesiat-szesc-lat-od-pierwszej-proby-przeszczepu-serca-w-Polsce.jpg\",\"width\":620,\"height\":444,\"caption\":\"Pi\u0119\u0107dziesi\u0105t sze\u015b\u0107 lat od pierwszej pr\u00f3by przeszczepu serca w Polsce\"},{\"@type\":\"BreadcrumbList\",\"@id\":\"https:\/\/www.pogotowieflagowe.pl\/aktualne\/piecdziesiat-szesc-lat-od-pierwszej-proby-przeszczepu-serca-w-polsce\/#breadcrumb\",\"itemListElement\":[{\"@type\":\"ListItem\",\"position\":1,\"name\":\"Home\",\"item\":\"https:\/\/www.pogotowieflagowe.pl\/aktualne\/\"},{\"@type\":\"ListItem\",\"position\":2,\"name\":\"Pi\u0119\u0107dziesi\u0105t sze\u015b\u0107 lat od pierwszej pr\u00f3by przeszczepu serca w Polsce\"}]},{\"@type\":\"WebSite\",\"@id\":\"https:\/\/www.pogotowieflagowe.pl\/aktualne\/#website\",\"url\":\"https:\/\/www.pogotowieflagowe.pl\/aktualne\/\",\"name\":\"POGOTOWIE FLAGOWE\u00ae\",\"description\":\"\",\"publisher\":{\"@id\":\"https:\/\/www.pogotowieflagowe.pl\/aktualne\/#organization\"},\"potentialAction\":[{\"@type\":\"SearchAction\",\"target\":{\"@type\":\"EntryPoint\",\"urlTemplate\":\"https:\/\/www.pogotowieflagowe.pl\/aktualne\/?s={search_term_string}\"},\"query-input\":\"required name=search_term_string\"}],\"inLanguage\":\"pl-PL\"},{\"@type\":\"Organization\",\"@id\":\"https:\/\/www.pogotowieflagowe.pl\/aktualne\/#organization\",\"name\":\"POGOTOWIE FLAGOWE\u00ae\",\"url\":\"https:\/\/www.pogotowieflagowe.pl\/aktualne\/\",\"logo\":{\"@type\":\"ImageObject\",\"inLanguage\":\"pl-PL\",\"@id\":\"https:\/\/www.pogotowieflagowe.pl\/aktualne\/#\/schema\/logo\/image\/\",\"url\":\"https:\/\/www.pogotowieflagowe.pl\/aktualne\/wp-content\/uploads\/2024\/08\/cropped-pogotowieflagowe_flaga_projekt_sm.jpg\",\"contentUrl\":\"https:\/\/www.pogotowieflagowe.pl\/aktualne\/wp-content\/uploads\/2024\/08\/cropped-pogotowieflagowe_flaga_projekt_sm.jpg\",\"width\":250,\"height\":143,\"caption\":\"POGOTOWIE FLAGOWE\u00ae\"},\"image\":{\"@id\":\"https:\/\/www.pogotowieflagowe.pl\/aktualne\/#\/schema\/logo\/image\/\"}},{\"@type\":\"Person\",\"@id\":\"https:\/\/www.pogotowieflagowe.pl\/aktualne\/#\/schema\/person\/9c2fb7d2362ebf6fa088960d7f0d27b0\",\"name\":\"Filip\",\"image\":{\"@type\":\"ImageObject\",\"inLanguage\":\"pl-PL\",\"@id\":\"https:\/\/www.pogotowieflagowe.pl\/aktualne\/#\/schema\/person\/image\/\",\"url\":\"https:\/\/www.pogotowieflagowe.pl\/aktualne\/wp-content\/uploads\/2024\/08\/pogotowieflagowe.pl_.jpg\",\"contentUrl\":\"https:\/\/www.pogotowieflagowe.pl\/aktualne\/wp-content\/uploads\/2024\/08\/pogotowieflagowe.pl_.jpg\",\"caption\":\"Filip\"},\"description\":\"Jestem Filip, polski dziennikarz z dyplomem nauk politycznych Uniwersytetu Warszawskiego. Rozpoczynaj\u0105c swoj\u0105 karier\u0119 w r\u00f3\u017cnych lokalnych mediach, zdoby\u0142em solidne do\u015bwiadczenie w zakresie \u015bledztwa i redakcji. Obecnie jako redaktor w Pogotowie flagowe, staram si\u0119 dostarcza\u0107 dog\u0142\u0119bne i istotne analizy na temat najwa\u017cniejszych kwestii aktualno\u015bci, \u0142\u0105cz\u0105c rygor z pasj\u0105 dziennikarsk\u0105.\",\"sameAs\":[\"https:\/\/www.pogotowieflagowe.pl\/\"]}]}<\/script>\n<!-- \/ Yoast SEO plugin. -->","yoast_head_json":{"title":"Pi\u0119\u0107dziesi\u0105t sze\u015b\u0107 lat od pierwszej pr\u00f3by przeszczepu serca w Polsce - POGOTOWIE FLAGOWE\u00ae","robots":{"index":"index","follow":"follow","max-snippet":"max-snippet:-1","max-image-preview":"max-image-preview:large","max-video-preview":"max-video-preview:-1"},"canonical":"https:\/\/www.pogotowieflagowe.pl\/aktualne\/piecdziesiat-szesc-lat-od-pierwszej-proby-przeszczepu-serca-w-polsce\/","og_locale":"pl_PL","og_type":"article","og_title":"Pi\u0119\u0107dziesi\u0105t sze\u015b\u0107 lat od pierwszej pr\u00f3by przeszczepu serca w Polsce - POGOTOWIE FLAGOWE\u00ae","og_description":"4 stycznia 1969 roku w \u0141odzi odwa\u017cny zesp\u00f3\u0142 chirurg\u00f3w pod przewodnictwem profesora Jana Molla podj\u0105\u0142 si\u0119 pierwszego w Polsce przeszczepu","og_url":"https:\/\/www.pogotowieflagowe.pl\/aktualne\/piecdziesiat-szesc-lat-od-pierwszej-proby-przeszczepu-serca-w-polsce\/","og_site_name":"POGOTOWIE FLAGOWE\u00ae","article_published_time":"2025-01-05T03:48:12+00:00","og_image":[{"width":620,"height":444,"url":"https:\/\/www.pogotowieflagowe.pl\/aktualne\/wp-content\/uploads\/2025\/01\/Piecdziesiat-szesc-lat-od-pierwszej-proby-przeszczepu-serca-w-Polsce.jpg","type":"image\/jpeg"}],"author":"Filip","twitter_card":"summary_large_image","twitter_misc":{"Napisane przez":"Filip","Szacowany czas czytania":"2 minuty"},"schema":{"@context":"https:\/\/schema.org","@graph":[{"@type":"Article","@id":"https:\/\/www.pogotowieflagowe.pl\/aktualne\/piecdziesiat-szesc-lat-od-pierwszej-proby-przeszczepu-serca-w-polsce\/#article","isPartOf":{"@id":"https:\/\/www.pogotowieflagowe.pl\/aktualne\/piecdziesiat-szesc-lat-od-pierwszej-proby-przeszczepu-serca-w-polsce\/"},"author":{"name":"Filip","@id":"https:\/\/www.pogotowieflagowe.pl\/aktualne\/#\/schema\/person\/9c2fb7d2362ebf6fa088960d7f0d27b0"},"headline":"Pi\u0119\u0107dziesi\u0105t sze\u015b\u0107 lat od pierwszej pr\u00f3by przeszczepu serca w Polsce","datePublished":"2025-01-05T03:48:12+00:00","dateModified":"2025-01-05T03:48:12+00:00","mainEntityOfPage":{"@id":"https:\/\/www.pogotowieflagowe.pl\/aktualne\/piecdziesiat-szesc-lat-od-pierwszej-proby-przeszczepu-serca-w-polsce\/"},"wordCount":333,"publisher":{"@id":"https:\/\/www.pogotowieflagowe.pl\/aktualne\/#organization"},"image":{"@id":"https:\/\/www.pogotowieflagowe.pl\/aktualne\/piecdziesiat-szesc-lat-od-pierwszej-proby-przeszczepu-serca-w-polsce\/#primaryimage"},"thumbnailUrl":"https:\/\/www.pogotowieflagowe.pl\/aktualne\/wp-content\/uploads\/2025\/01\/Piecdziesiat-szesc-lat-od-pierwszej-proby-przeszczepu-serca-w-Polsce.jpg","keywords":["lat","Pi\u0119\u0107dziesi\u0105t","pierwszej","Polsce","pr\u00f3by","przeszczepu","serca","sze\u015b\u0107"],"articleSection":["Nauka i zdrowie"],"inLanguage":"pl-PL"},{"@type":"WebPage","@id":"https:\/\/www.pogotowieflagowe.pl\/aktualne\/piecdziesiat-szesc-lat-od-pierwszej-proby-przeszczepu-serca-w-polsce\/","url":"https:\/\/www.pogotowieflagowe.pl\/aktualne\/piecdziesiat-szesc-lat-od-pierwszej-proby-przeszczepu-serca-w-polsce\/","name":"Pi\u0119\u0107dziesi\u0105t sze\u015b\u0107 lat od pierwszej pr\u00f3by przeszczepu serca w Polsce - POGOTOWIE FLAGOWE\u00ae","isPartOf":{"@id":"https:\/\/www.pogotowieflagowe.pl\/aktualne\/#website"},"primaryImageOfPage":{"@id":"https:\/\/www.pogotowieflagowe.pl\/aktualne\/piecdziesiat-szesc-lat-od-pierwszej-proby-przeszczepu-serca-w-polsce\/#primaryimage"},"image":{"@id":"https:\/\/www.pogotowieflagowe.pl\/aktualne\/piecdziesiat-szesc-lat-od-pierwszej-proby-przeszczepu-serca-w-polsce\/#primaryimage"},"thumbnailUrl":"https:\/\/www.pogotowieflagowe.pl\/aktualne\/wp-content\/uploads\/2025\/01\/Piecdziesiat-szesc-lat-od-pierwszej-proby-przeszczepu-serca-w-Polsce.jpg","datePublished":"2025-01-05T03:48:12+00:00","dateModified":"2025-01-05T03:48:12+00:00","breadcrumb":{"@id":"https:\/\/www.pogotowieflagowe.pl\/aktualne\/piecdziesiat-szesc-lat-od-pierwszej-proby-przeszczepu-serca-w-polsce\/#breadcrumb"},"inLanguage":"pl-PL","potentialAction":[{"@type":"ReadAction","target":["https:\/\/www.pogotowieflagowe.pl\/aktualne\/piecdziesiat-szesc-lat-od-pierwszej-proby-przeszczepu-serca-w-polsce\/"]}]},{"@type":"ImageObject","inLanguage":"pl-PL","@id":"https:\/\/www.pogotowieflagowe.pl\/aktualne\/piecdziesiat-szesc-lat-od-pierwszej-proby-przeszczepu-serca-w-polsce\/#primaryimage","url":"https:\/\/www.pogotowieflagowe.pl\/aktualne\/wp-content\/uploads\/2025\/01\/Piecdziesiat-szesc-lat-od-pierwszej-proby-przeszczepu-serca-w-Polsce.jpg","contentUrl":"https:\/\/www.pogotowieflagowe.pl\/aktualne\/wp-content\/uploads\/2025\/01\/Piecdziesiat-szesc-lat-od-pierwszej-proby-przeszczepu-serca-w-Polsce.jpg","width":620,"height":444,"caption":"Pi\u0119\u0107dziesi\u0105t sze\u015b\u0107 lat od pierwszej pr\u00f3by przeszczepu serca w Polsce"},{"@type":"BreadcrumbList","@id":"https:\/\/www.pogotowieflagowe.pl\/aktualne\/piecdziesiat-szesc-lat-od-pierwszej-proby-przeszczepu-serca-w-polsce\/#breadcrumb","itemListElement":[{"@type":"ListItem","position":1,"name":"Home","item":"https:\/\/www.pogotowieflagowe.pl\/aktualne\/"},{"@type":"ListItem","position":2,"name":"Pi\u0119\u0107dziesi\u0105t sze\u015b\u0107 lat od pierwszej pr\u00f3by przeszczepu serca w Polsce"}]},{"@type":"WebSite","@id":"https:\/\/www.pogotowieflagowe.pl\/aktualne\/#website","url":"https:\/\/www.pogotowieflagowe.pl\/aktualne\/","name":"POGOTOWIE FLAGOWE\u00ae","description":"","publisher":{"@id":"https:\/\/www.pogotowieflagowe.pl\/aktualne\/#organization"},"potentialAction":[{"@type":"SearchAction","target":{"@type":"EntryPoint","urlTemplate":"https:\/\/www.pogotowieflagowe.pl\/aktualne\/?s={search_term_string}"},"query-input":"required name=search_term_string"}],"inLanguage":"pl-PL"},{"@type":"Organization","@id":"https:\/\/www.pogotowieflagowe.pl\/aktualne\/#organization","name":"POGOTOWIE FLAGOWE\u00ae","url":"https:\/\/www.pogotowieflagowe.pl\/aktualne\/","logo":{"@type":"ImageObject","inLanguage":"pl-PL","@id":"https:\/\/www.pogotowieflagowe.pl\/aktualne\/#\/schema\/logo\/image\/","url":"https:\/\/www.pogotowieflagowe.pl\/aktualne\/wp-content\/uploads\/2024\/08\/cropped-pogotowieflagowe_flaga_projekt_sm.jpg","contentUrl":"https:\/\/www.pogotowieflagowe.pl\/aktualne\/wp-content\/uploads\/2024\/08\/cropped-pogotowieflagowe_flaga_projekt_sm.jpg","width":250,"height":143,"caption":"POGOTOWIE FLAGOWE\u00ae"},"image":{"@id":"https:\/\/www.pogotowieflagowe.pl\/aktualne\/#\/schema\/logo\/image\/"}},{"@type":"Person","@id":"https:\/\/www.pogotowieflagowe.pl\/aktualne\/#\/schema\/person\/9c2fb7d2362ebf6fa088960d7f0d27b0","name":"Filip","image":{"@type":"ImageObject","inLanguage":"pl-PL","@id":"https:\/\/www.pogotowieflagowe.pl\/aktualne\/#\/schema\/person\/image\/","url":"https:\/\/www.pogotowieflagowe.pl\/aktualne\/wp-content\/uploads\/2024\/08\/pogotowieflagowe.pl_.jpg","contentUrl":"https:\/\/www.pogotowieflagowe.pl\/aktualne\/wp-content\/uploads\/2024\/08\/pogotowieflagowe.pl_.jpg","caption":"Filip"},"description":"Jestem Filip, polski dziennikarz z dyplomem nauk politycznych Uniwersytetu Warszawskiego. Rozpoczynaj\u0105c swoj\u0105 karier\u0119 w r\u00f3\u017cnych lokalnych mediach, zdoby\u0142em solidne do\u015bwiadczenie w zakresie \u015bledztwa i redakcji. Obecnie jako redaktor w Pogotowie flagowe, staram si\u0119 dostarcza\u0107 dog\u0142\u0119bne i istotne analizy na temat najwa\u017cniejszych kwestii aktualno\u015bci, \u0142\u0105cz\u0105c rygor z pasj\u0105 dziennikarsk\u0105.","sameAs":["https:\/\/www.pogotowieflagowe.pl\/"]}]}},"_links":{"self":[{"href":"https:\/\/www.pogotowieflagowe.pl\/aktualne\/wp-json\/wp\/v2\/posts\/2832","targetHints":{"allow":["GET"]}}],"collection":[{"href":"https:\/\/www.pogotowieflagowe.pl\/aktualne\/wp-json\/wp\/v2\/posts"}],"about":[{"href":"https:\/\/www.pogotowieflagowe.pl\/aktualne\/wp-json\/wp\/v2\/types\/post"}],"author":[{"embeddable":true,"href":"https:\/\/www.pogotowieflagowe.pl\/aktualne\/wp-json\/wp\/v2\/users\/1"}],"replies":[{"embeddable":true,"href":"https:\/\/www.pogotowieflagowe.pl\/aktualne\/wp-json\/wp\/v2\/comments?post=2832"}],"version-history":[{"count":1,"href":"https:\/\/www.pogotowieflagowe.pl\/aktualne\/wp-json\/wp\/v2\/posts\/2832\/revisions"}],"predecessor-version":[{"id":2834,"href":"https:\/\/www.pogotowieflagowe.pl\/aktualne\/wp-json\/wp\/v2\/posts\/2832\/revisions\/2834"}],"wp:featuredmedia":[{"embeddable":true,"href":"https:\/\/www.pogotowieflagowe.pl\/aktualne\/wp-json\/wp\/v2\/media\/2833"}],"wp:attachment":[{"href":"https:\/\/www.pogotowieflagowe.pl\/aktualne\/wp-json\/wp\/v2\/media?parent=2832"}],"wp:term":[{"taxonomy":"category","embeddable":true,"href":"https:\/\/www.pogotowieflagowe.pl\/aktualne\/wp-json\/wp\/v2\/categories?post=2832"},{"taxonomy":"post_tag","embeddable":true,"href":"https:\/\/www.pogotowieflagowe.pl\/aktualne\/wp-json\/wp\/v2\/tags?post=2832"}],"curies":[{"name":"wp","href":"https:\/\/api.w.org\/{rel}","templated":true}]}}