{"id":2849,"date":"2025-01-05T13:51:13","date_gmt":"2025-01-05T12:51:13","guid":{"rendered":"https:\/\/www.pogotowieflagowe.pl\/aktualne\/jerzy-iwanow-szajnowicz-bohater-ii-wojny-swiatowej-niemal-zapomniany-przez-historie\/"},"modified":"2025-01-05T13:51:13","modified_gmt":"2025-01-05T12:51:13","slug":"jerzy-iwanow-szajnowicz-bohater-ii-wojny-swiatowej-niemal-zapomniany-przez-historie","status":"publish","type":"post","link":"https:\/\/www.pogotowieflagowe.pl\/aktualne\/jerzy-iwanow-szajnowicz-bohater-ii-wojny-swiatowej-niemal-zapomniany-przez-historie\/","title":{"rendered":"Jerzy Iwanow-Szajnowicz: Bohater II wojny \u015bwiatowej niemal zapomniany przez histori\u0119"},"content":{"rendered":"\n<div class=\"td_block_wrap tdb_single_content tdi_48 td-pb-border-top td_block_template_8 td-post-content tagdiv-type\" data-td-block-uid=\"tdi_48\">\n<style>.tdi_48{margines-g\u00f3rny:0px!important;margin-bottom:0px!important;dope\u0142nienie-g\u00f3ra:0px!important;dope\u0142nienie-d\u00f3\u0142:0px!important}<\/style>\n<style>.tdb_single_content{margin-bottom:0;*zoom:1}.tdb_single_content:before,.tdb_single_content:after{display:table;content:'';line-height:0}.tdb_single_content:after{clear:both}.tdb_single_content .tdb-block-inner>*:not(.wp-block-quote):not(.alignwide):not(.alignfull.wp-block-cover.has-parallax):not(.td-a-ad) {margin-left:auto;margin-right:auto}.tdb_single_content a{pointer-events:auto}.tdb_single_content .td-spot-id-top_ad .tdc-placeholder-title:before{content:'Article Top Ad'!important}.tdb_single_content .td-spot-id-inline_ad0 .tdc-placeholder-title:before{content:'Article Reklama wbudowana 1'!important}.tdb_single_content .td-spot-id-inline_ad1 .tdc-placeholder-title:before{content:'Article Inline Ad 2'!important}.tdb_single_content .td-spot-id-inline_ad2 .tdc-placeholder-title:before{content:' Reklama wbudowana w artyku\u0142 3'!important}.tdb_single_content .td-spot-id-bottom_ad .tdc-placeholder-title:before{content:'Article Bottom Ad'!important}.tdb_single_content .id_top_ad,.tdb_single_content .id_bottom_ad{clear:both;margin-bottom:21px;text-align:center}.tdb_single_content .id_top_ad img,.tdb_single_content .id_bottom_ad img{margin-bottom:0}.tdb_single_content .id_top_ad .adsbygoogle,.tdb_single_content .id_bottom_ad .adsbygoogle{position:relative}.tdb_single_content .id_ad_content-horiz-left,.tdb_single_content .id_ad_content-horiz-right,.tdb_single_content .id_ad_content-horiz-center{margin-bottom:15px}.tdb_single_content .id_ad_content-horiz-left img,.tdb_single_content .id_ad_content-horiz-right img,.tdb_single_content .id_ad_content-horiz-center img{margin-bottom:0}.tdb_single_content .id_ad_content-horiz-center{text-align:center}.tdb_single_content .id_ad_content-horiz-center img{margin-right:auto;margin-left:auto}.tdb_single_content .id_ad_content-horiz-left{float:left;margin-top:9px;margin-right:21px}.tdb_single_content .id_ad_content-horiz-right{float:right;margin-top:6px;margin-left:21px}.tdb_single_content .tdc-a-ad .tdc-placeholder-title{width:300px;height:250px}.tdb_single_content .tdc-a-ad .tdc-placeholder-title:before{position:absolute;top:50%;-webkit-transform:translateY(-50%);transform:translateY(-50%);margines:auto;display:table;width:100 %}.tdb_single_content .tdb-block-inner.td-fix-index{word-break:break-word}.tdi_48,.tdi_48>p,.tdi_48 .tdb-block-inner>p{font-size:16px!important;line- wysoko\u015b\u0107:1,6!wa\u017cne}.tdi_48 .tdb-block-inner blockquote p{font-style:normal!important}@media (max-width:767px){.tdb_single_content .id_ad_content-horiz-left,.tdb_single_content .id_ad_content-horiz-right,.tdb_single_content .id_ad_content-horiz-center{margin:0 automatyczny 26px auto}}@media (max-width:767px){.tdb_single_content .id_ad_content-horiz-left{margin-right:0}}@media (max-width:767px){.tdb_single_content .id_ad_content-horiz-right{margin -left:0}}@media (max-width:767px){.tdb_single_content .td-a-ad{float:none;text-align:center}.tdb_single_content .td-a-ad img{margin-right:auto;margin-left:auto}. tdb_single_content .tdc-a-ad{float:none}}<\/style>\n<div class=\"tdb-block-inner td-fix-index\">\n<p>4 stycznia 1943 roku w Atenach Niemcy rozstrzelali Jerzego Iwanowa-Szajnowicza, polskiego harcerza, sportowca i agenta brytyjskiego wywiadu. Pomimo bohaterskiej roli, jak\u0105 odegra\u0142 w greckim ruchu oporu podczas II wojny \u015bwiatowej, pozostaje postaci\u0105 w du\u017cej mierze zapomnian\u0105. Po\u015bmiertnie zosta\u0142 odznaczony presti\u017cowym Orderem Virtuti Militari za odwag\u0119 i po\u015bwi\u0119cenie.<\/p>\n<p>\u201eBy\u0142 to cz\u0142owiek, kt\u00f3rego okre\u015bli\u0142abym jako \u00abnadprzyrodzonego\u00bb, nieustraszonego i wyj\u0105tkowego szpiega\u201d \u2013 wspomina Gabriela Milonopoulou, cz\u0142onkini greckiego ruchu oporu. \u201eKiedy uciek\u0142 z wi\u0119zienia, by\u0142em \u015bwiadkiem, jak zdejmowa\u0142 kajdanki serpentynowymi ruchami, u\u017cywaj\u0105c wy\u0142\u0105cznie wazeliny. Nie zajmowa\u0142 si\u0119 polityk\u0105 jak wielu innych partyzant\u00f3w; skupia\u0142 si\u0119 wy\u0142\u0105cznie na walce o wolno\u015b\u0107 i zwyci\u0119stwo nad okupantami\u201d.<\/p>\n<h2 class=\"wp-block-heading\">Niezwyk\u0142e \u017cycie<\/h2>\n<p>Urodzony w Warszawie w 1911 r., jego matka by\u0142a Polk\u0105 i carskim oficerem. \u017bycie Iwanowa-Szajnowicza nie by\u0142o zwyczajne. Jako ma\u0142e dziecko przeprowadzi\u0142 si\u0119 z matk\u0105 do Salonik, po jej ponownym \u015blubie z Grekiem. Tam rozwin\u0105\u0142 w sobie pasj\u0119 do sportu, doskonal\u0105c si\u0119 w pi\u0142ce no\u017cnej, pi\u0142ce wodnej i \u017ceglarstwie. Sta\u0142 si\u0119 wybitnym p\u0142ywakiem, regularnie bior\u0105cym udzia\u0142 w greckich krajowych zawodach p\u0142ywackich w latach trzydziestych XX wieku.<\/p>\n<p>Iwanow-Szajnowicz r\u00f3wnie\u017c posiada\u0142 wysokie wykszta\u0142cenie, studiowa\u0142 na Katolickim Uniwersytecie w Leuven w Belgii, kt\u00f3ry uko\u0144czy\u0142 w 1938 roku. W tym samym roku otrzyma\u0142 obywatelstwo polskie, co pozwoli\u0142o mu gra\u0107 w polskiej reprezentacji w pi\u0142ce wodnej. Jego bieg\u0142o\u015b\u0107 w j\u0119zykach i wyj\u0105tkowa sprawno\u015b\u0107 fizyczna okaza\u0142y si\u0119 p\u00f3\u017aniej nieocenione w jego podziemnych operacjach.<\/p>\n<p>Podczas pobytu w Warszawie w 1935 roku wst\u0105pi\u0142 do Warszawskiego Akademickiego Zwi\u0105zku Sportowego i pom\u00f3g\u0142 poprowadzi\u0107 dru\u017cyn\u0119 pi\u0142ki wodnej do zwyci\u0119stwa w mistrzostwach Polski w 1937 roku. Jego oddanie ojczy\u017anie by\u0142o jasne i nadal reprezentowa\u0142 Polsk\u0119 na mi\u0119dzynarodowych turniejach pi\u0142ki wodnej.<\/p>\n<h2 class=\"wp-block-heading\">Zaanga\u017cowanie wobec Polski<\/h2>\n<p>Kiedy wybuch\u0142a II wojna \u015bwiatowa, Iwanow-Szajnowicz szybko podj\u0105\u0142 dzia\u0142ania. W Salonikach pomaga\u0142 polskim \u017co\u0142nierzom uciekaj\u0105cym z oboz\u00f3w rumu\u0144skich i w\u0119gierskich przez Bu\u0142gari\u0119 i Jugos\u0142awi\u0119. Do 1940 roku zrekrutowany do polskiej agencji wywiadu wojskowego Oddzia\u0142u \u201eA\u201d Oddzia\u0142u II Sztabu Naczelnego Wodza w Atenach.<\/p>\n<p>W 1941 r., przebywaj\u0105c w Palestynie, Iwanow-Szajnowicz stara\u0142 si\u0119 wst\u0105pi\u0107 do Samodzielnej Brygady Strzelc\u00f3w Karpackich przygotowuj\u0105cej si\u0119 do kampanii w Tobruku. Zosta\u0142 jednak przekierowany przez Brytyjczyk\u00f3w, aby s\u0142u\u017cy\u0107 jako agent Zarz\u0105du ds. Operacji Specjalnych (SOE). Po uko\u0144czeniu specjalistycznego szkolenia w Aleksandrii jesieni\u0105 1941 roku zosta\u0142 wys\u0142any do Grecji, gdzie szybko zyska\u0142 reputacj\u0119 bohatera ruchu oporu. Za jego g\u0142ow\u0119 Niemcy wyznaczyli znaczn\u0105 nagrod\u0119.<\/p>\n<h2 class=\"wp-block-heading\">Bohater w cieniu<\/h2>\n<p>Iwanow-Szajnowicz odegra\u0142 kluczow\u0105 rol\u0119 w organizowaniu licznych akcji dywersyjnych przeciwko niemieckiemu wysi\u0142kowi wojennemu. Z pomoc\u0105 greckich robotnik\u00f3w zaatakowa\u0142 fabryki zbrojeniowe wspieraj\u0105ce okupant\u00f3w. Dostarczy\u0142 tak\u017ce Brytyjczykom cennych informacji wywiadowczych, w tym informacji o niemieckich konwojach zaopatrzeniowych i ruchach morskich.<\/p>\n<p>Mimo ci\u0105g\u0142ego zagro\u017cenia Iwanow-Szajnowicz przez kilka miesi\u0119cy unika\u0142 schwytania, dwukrotnie uda\u0142o mu si\u0119 nawet uciec przed gestapo. Jednak w ko\u0144cu zabrak\u0142o mu szcz\u0119\u015bcia. Zosta\u0142 schwytany przez Niemc\u00f3w wraz z kilkoma najbli\u017cszymi wsp\u00f3\u0142pracownikami i rozstrzelany 4 stycznia 1943 roku.<\/p>\n<\/div>\n<\/div>\n","protected":false},"excerpt":{"rendered":"<p>4 stycznia 1943 roku w Atenach Niemcy rozstrzelali Jerzego Iwanowa-Szajnowicza, polskiego harcerza, sportowca i agenta brytyjskiego wywiadu. Pomimo bohaterskiej roli,<\/p>\n","protected":false},"author":1,"featured_media":2850,"comment_status":"closed","ping_status":"","sticky":false,"template":"","format":"standard","meta":{"footnotes":""},"categories":[47],"tags":[1450,4229,4225,4224,4227,214,4226,3146,4228],"class_list":["post-2849","post","type-post","status-publish","format-standard","has-post-thumbnail","hentry","category-styl-zycia","tag-bohater","tag-historie","tag-iwanowszajnowicz","tag-jerzy","tag-niemal","tag-przez","tag-swiatowej","tag-wojny","tag-zapomniany","generate-columns","tablet-grid-50","mobile-grid-100","grid-parent","grid-50","resize-featured-image"],"yoast_head":"<!-- This site is optimized with the Yoast SEO plugin v23.2 - https:\/\/yoast.com\/wordpress\/plugins\/seo\/ -->\n<title>Jerzy Iwanow-Szajnowicz: Bohater II wojny \u015bwiatowej niemal zapomniany przez histori\u0119 - POGOTOWIE FLAGOWE\u00ae<\/title>\n<meta name=\"robots\" content=\"index, follow, max-snippet:-1, max-image-preview:large, max-video-preview:-1\" \/>\n<link rel=\"canonical\" href=\"https:\/\/www.pogotowieflagowe.pl\/aktualne\/jerzy-iwanow-szajnowicz-bohater-ii-wojny-swiatowej-niemal-zapomniany-przez-historie\/\" \/>\n<meta property=\"og:locale\" content=\"pl_PL\" \/>\n<meta property=\"og:type\" content=\"article\" \/>\n<meta property=\"og:title\" content=\"Jerzy Iwanow-Szajnowicz: Bohater II wojny \u015bwiatowej niemal zapomniany przez histori\u0119 - POGOTOWIE FLAGOWE\u00ae\" \/>\n<meta property=\"og:description\" content=\"4 stycznia 1943 roku w Atenach Niemcy rozstrzelali Jerzego Iwanowa-Szajnowicza, polskiego harcerza, sportowca i agenta brytyjskiego wywiadu. Pomimo bohaterskiej roli,\" \/>\n<meta property=\"og:url\" content=\"https:\/\/www.pogotowieflagowe.pl\/aktualne\/jerzy-iwanow-szajnowicz-bohater-ii-wojny-swiatowej-niemal-zapomniany-przez-historie\/\" \/>\n<meta property=\"og:site_name\" content=\"POGOTOWIE FLAGOWE\u00ae\" \/>\n<meta property=\"article:published_time\" content=\"2025-01-05T12:51:13+00:00\" \/>\n<meta property=\"og:image\" content=\"https:\/\/www.pogotowieflagowe.pl\/aktualne\/wp-content\/uploads\/2025\/01\/Jerzy-Iwanow-Szajnowicz-Bohater-II-wojny-swiatowej-niemal-zapomniany-przez-historie.jpeg\" \/>\n\t<meta property=\"og:image:width\" content=\"300\" \/>\n\t<meta property=\"og:image:height\" content=\"231\" \/>\n\t<meta property=\"og:image:type\" content=\"image\/jpeg\" \/>\n<meta name=\"author\" content=\"Filip\" \/>\n<meta name=\"twitter:card\" content=\"summary_large_image\" \/>\n<meta name=\"twitter:label1\" content=\"Napisane przez\" \/>\n\t<meta name=\"twitter:data1\" content=\"Filip\" \/>\n\t<meta name=\"twitter:label2\" content=\"Szacowany czas czytania\" \/>\n\t<meta name=\"twitter:data2\" content=\"3 minuty\" \/>\n<script type=\"application\/ld+json\" class=\"yoast-schema-graph\">{\"@context\":\"https:\/\/schema.org\",\"@graph\":[{\"@type\":\"Article\",\"@id\":\"https:\/\/www.pogotowieflagowe.pl\/aktualne\/jerzy-iwanow-szajnowicz-bohater-ii-wojny-swiatowej-niemal-zapomniany-przez-historie\/#article\",\"isPartOf\":{\"@id\":\"https:\/\/www.pogotowieflagowe.pl\/aktualne\/jerzy-iwanow-szajnowicz-bohater-ii-wojny-swiatowej-niemal-zapomniany-przez-historie\/\"},\"author\":{\"name\":\"Filip\",\"@id\":\"https:\/\/www.pogotowieflagowe.pl\/aktualne\/#\/schema\/person\/9c2fb7d2362ebf6fa088960d7f0d27b0\"},\"headline\":\"Jerzy Iwanow-Szajnowicz: Bohater II wojny \u015bwiatowej niemal zapomniany przez histori\u0119\",\"datePublished\":\"2025-01-05T12:51:13+00:00\",\"dateModified\":\"2025-01-05T12:51:13+00:00\",\"mainEntityOfPage\":{\"@id\":\"https:\/\/www.pogotowieflagowe.pl\/aktualne\/jerzy-iwanow-szajnowicz-bohater-ii-wojny-swiatowej-niemal-zapomniany-przez-historie\/\"},\"wordCount\":533,\"publisher\":{\"@id\":\"https:\/\/www.pogotowieflagowe.pl\/aktualne\/#organization\"},\"image\":{\"@id\":\"https:\/\/www.pogotowieflagowe.pl\/aktualne\/jerzy-iwanow-szajnowicz-bohater-ii-wojny-swiatowej-niemal-zapomniany-przez-historie\/#primaryimage\"},\"thumbnailUrl\":\"https:\/\/www.pogotowieflagowe.pl\/aktualne\/wp-content\/uploads\/2025\/01\/Jerzy-Iwanow-Szajnowicz-Bohater-II-wojny-swiatowej-niemal-zapomniany-przez-historie.jpeg\",\"keywords\":[\"bohater\",\"histori\u0119\",\"IwanowSzajnowicz\",\"Jerzy\",\"niemal\",\"przez\",\"\u015bwiatowej\",\"wojny\",\"zapomniany\"],\"articleSection\":[\"Styl \u017cycia\"],\"inLanguage\":\"pl-PL\"},{\"@type\":\"WebPage\",\"@id\":\"https:\/\/www.pogotowieflagowe.pl\/aktualne\/jerzy-iwanow-szajnowicz-bohater-ii-wojny-swiatowej-niemal-zapomniany-przez-historie\/\",\"url\":\"https:\/\/www.pogotowieflagowe.pl\/aktualne\/jerzy-iwanow-szajnowicz-bohater-ii-wojny-swiatowej-niemal-zapomniany-przez-historie\/\",\"name\":\"Jerzy Iwanow-Szajnowicz: Bohater II wojny \u015bwiatowej niemal zapomniany przez histori\u0119 - POGOTOWIE FLAGOWE\u00ae\",\"isPartOf\":{\"@id\":\"https:\/\/www.pogotowieflagowe.pl\/aktualne\/#website\"},\"primaryImageOfPage\":{\"@id\":\"https:\/\/www.pogotowieflagowe.pl\/aktualne\/jerzy-iwanow-szajnowicz-bohater-ii-wojny-swiatowej-niemal-zapomniany-przez-historie\/#primaryimage\"},\"image\":{\"@id\":\"https:\/\/www.pogotowieflagowe.pl\/aktualne\/jerzy-iwanow-szajnowicz-bohater-ii-wojny-swiatowej-niemal-zapomniany-przez-historie\/#primaryimage\"},\"thumbnailUrl\":\"https:\/\/www.pogotowieflagowe.pl\/aktualne\/wp-content\/uploads\/2025\/01\/Jerzy-Iwanow-Szajnowicz-Bohater-II-wojny-swiatowej-niemal-zapomniany-przez-historie.jpeg\",\"datePublished\":\"2025-01-05T12:51:13+00:00\",\"dateModified\":\"2025-01-05T12:51:13+00:00\",\"breadcrumb\":{\"@id\":\"https:\/\/www.pogotowieflagowe.pl\/aktualne\/jerzy-iwanow-szajnowicz-bohater-ii-wojny-swiatowej-niemal-zapomniany-przez-historie\/#breadcrumb\"},\"inLanguage\":\"pl-PL\",\"potentialAction\":[{\"@type\":\"ReadAction\",\"target\":[\"https:\/\/www.pogotowieflagowe.pl\/aktualne\/jerzy-iwanow-szajnowicz-bohater-ii-wojny-swiatowej-niemal-zapomniany-przez-historie\/\"]}]},{\"@type\":\"ImageObject\",\"inLanguage\":\"pl-PL\",\"@id\":\"https:\/\/www.pogotowieflagowe.pl\/aktualne\/jerzy-iwanow-szajnowicz-bohater-ii-wojny-swiatowej-niemal-zapomniany-przez-historie\/#primaryimage\",\"url\":\"https:\/\/www.pogotowieflagowe.pl\/aktualne\/wp-content\/uploads\/2025\/01\/Jerzy-Iwanow-Szajnowicz-Bohater-II-wojny-swiatowej-niemal-zapomniany-przez-historie.jpeg\",\"contentUrl\":\"https:\/\/www.pogotowieflagowe.pl\/aktualne\/wp-content\/uploads\/2025\/01\/Jerzy-Iwanow-Szajnowicz-Bohater-II-wojny-swiatowej-niemal-zapomniany-przez-historie.jpeg\",\"width\":300,\"height\":231,\"caption\":\"Jerzy Iwanow-Szajnowicz: Bohater II wojny \u015bwiatowej niemal zapomniany przez histori\u0119\"},{\"@type\":\"BreadcrumbList\",\"@id\":\"https:\/\/www.pogotowieflagowe.pl\/aktualne\/jerzy-iwanow-szajnowicz-bohater-ii-wojny-swiatowej-niemal-zapomniany-przez-historie\/#breadcrumb\",\"itemListElement\":[{\"@type\":\"ListItem\",\"position\":1,\"name\":\"Home\",\"item\":\"https:\/\/www.pogotowieflagowe.pl\/aktualne\/\"},{\"@type\":\"ListItem\",\"position\":2,\"name\":\"Jerzy Iwanow-Szajnowicz: Bohater II wojny \u015bwiatowej niemal zapomniany przez histori\u0119\"}]},{\"@type\":\"WebSite\",\"@id\":\"https:\/\/www.pogotowieflagowe.pl\/aktualne\/#website\",\"url\":\"https:\/\/www.pogotowieflagowe.pl\/aktualne\/\",\"name\":\"POGOTOWIE FLAGOWE\u00ae\",\"description\":\"\",\"publisher\":{\"@id\":\"https:\/\/www.pogotowieflagowe.pl\/aktualne\/#organization\"},\"potentialAction\":[{\"@type\":\"SearchAction\",\"target\":{\"@type\":\"EntryPoint\",\"urlTemplate\":\"https:\/\/www.pogotowieflagowe.pl\/aktualne\/?s={search_term_string}\"},\"query-input\":\"required name=search_term_string\"}],\"inLanguage\":\"pl-PL\"},{\"@type\":\"Organization\",\"@id\":\"https:\/\/www.pogotowieflagowe.pl\/aktualne\/#organization\",\"name\":\"POGOTOWIE FLAGOWE\u00ae\",\"url\":\"https:\/\/www.pogotowieflagowe.pl\/aktualne\/\",\"logo\":{\"@type\":\"ImageObject\",\"inLanguage\":\"pl-PL\",\"@id\":\"https:\/\/www.pogotowieflagowe.pl\/aktualne\/#\/schema\/logo\/image\/\",\"url\":\"https:\/\/www.pogotowieflagowe.pl\/aktualne\/wp-content\/uploads\/2024\/08\/cropped-pogotowieflagowe_flaga_projekt_sm.jpg\",\"contentUrl\":\"https:\/\/www.pogotowieflagowe.pl\/aktualne\/wp-content\/uploads\/2024\/08\/cropped-pogotowieflagowe_flaga_projekt_sm.jpg\",\"width\":250,\"height\":143,\"caption\":\"POGOTOWIE FLAGOWE\u00ae\"},\"image\":{\"@id\":\"https:\/\/www.pogotowieflagowe.pl\/aktualne\/#\/schema\/logo\/image\/\"}},{\"@type\":\"Person\",\"@id\":\"https:\/\/www.pogotowieflagowe.pl\/aktualne\/#\/schema\/person\/9c2fb7d2362ebf6fa088960d7f0d27b0\",\"name\":\"Filip\",\"image\":{\"@type\":\"ImageObject\",\"inLanguage\":\"pl-PL\",\"@id\":\"https:\/\/www.pogotowieflagowe.pl\/aktualne\/#\/schema\/person\/image\/\",\"url\":\"https:\/\/www.pogotowieflagowe.pl\/aktualne\/wp-content\/uploads\/2024\/08\/pogotowieflagowe.pl_.jpg\",\"contentUrl\":\"https:\/\/www.pogotowieflagowe.pl\/aktualne\/wp-content\/uploads\/2024\/08\/pogotowieflagowe.pl_.jpg\",\"caption\":\"Filip\"},\"description\":\"Jestem Filip, polski dziennikarz z dyplomem nauk politycznych Uniwersytetu Warszawskiego. Rozpoczynaj\u0105c swoj\u0105 karier\u0119 w r\u00f3\u017cnych lokalnych mediach, zdoby\u0142em solidne do\u015bwiadczenie w zakresie \u015bledztwa i redakcji. Obecnie jako redaktor w Pogotowie flagowe, staram si\u0119 dostarcza\u0107 dog\u0142\u0119bne i istotne analizy na temat najwa\u017cniejszych kwestii aktualno\u015bci, \u0142\u0105cz\u0105c rygor z pasj\u0105 dziennikarsk\u0105.\",\"sameAs\":[\"https:\/\/www.pogotowieflagowe.pl\/\"]}]}<\/script>\n<!-- \/ Yoast SEO plugin. -->","yoast_head_json":{"title":"Jerzy Iwanow-Szajnowicz: Bohater II wojny \u015bwiatowej niemal zapomniany przez histori\u0119 - POGOTOWIE FLAGOWE\u00ae","robots":{"index":"index","follow":"follow","max-snippet":"max-snippet:-1","max-image-preview":"max-image-preview:large","max-video-preview":"max-video-preview:-1"},"canonical":"https:\/\/www.pogotowieflagowe.pl\/aktualne\/jerzy-iwanow-szajnowicz-bohater-ii-wojny-swiatowej-niemal-zapomniany-przez-historie\/","og_locale":"pl_PL","og_type":"article","og_title":"Jerzy Iwanow-Szajnowicz: Bohater II wojny \u015bwiatowej niemal zapomniany przez histori\u0119 - POGOTOWIE FLAGOWE\u00ae","og_description":"4 stycznia 1943 roku w Atenach Niemcy rozstrzelali Jerzego Iwanowa-Szajnowicza, polskiego harcerza, sportowca i agenta brytyjskiego wywiadu. Pomimo bohaterskiej roli,","og_url":"https:\/\/www.pogotowieflagowe.pl\/aktualne\/jerzy-iwanow-szajnowicz-bohater-ii-wojny-swiatowej-niemal-zapomniany-przez-historie\/","og_site_name":"POGOTOWIE FLAGOWE\u00ae","article_published_time":"2025-01-05T12:51:13+00:00","og_image":[{"width":300,"height":231,"url":"https:\/\/www.pogotowieflagowe.pl\/aktualne\/wp-content\/uploads\/2025\/01\/Jerzy-Iwanow-Szajnowicz-Bohater-II-wojny-swiatowej-niemal-zapomniany-przez-historie.jpeg","type":"image\/jpeg"}],"author":"Filip","twitter_card":"summary_large_image","twitter_misc":{"Napisane przez":"Filip","Szacowany czas czytania":"3 minuty"},"schema":{"@context":"https:\/\/schema.org","@graph":[{"@type":"Article","@id":"https:\/\/www.pogotowieflagowe.pl\/aktualne\/jerzy-iwanow-szajnowicz-bohater-ii-wojny-swiatowej-niemal-zapomniany-przez-historie\/#article","isPartOf":{"@id":"https:\/\/www.pogotowieflagowe.pl\/aktualne\/jerzy-iwanow-szajnowicz-bohater-ii-wojny-swiatowej-niemal-zapomniany-przez-historie\/"},"author":{"name":"Filip","@id":"https:\/\/www.pogotowieflagowe.pl\/aktualne\/#\/schema\/person\/9c2fb7d2362ebf6fa088960d7f0d27b0"},"headline":"Jerzy Iwanow-Szajnowicz: Bohater II wojny \u015bwiatowej niemal zapomniany przez histori\u0119","datePublished":"2025-01-05T12:51:13+00:00","dateModified":"2025-01-05T12:51:13+00:00","mainEntityOfPage":{"@id":"https:\/\/www.pogotowieflagowe.pl\/aktualne\/jerzy-iwanow-szajnowicz-bohater-ii-wojny-swiatowej-niemal-zapomniany-przez-historie\/"},"wordCount":533,"publisher":{"@id":"https:\/\/www.pogotowieflagowe.pl\/aktualne\/#organization"},"image":{"@id":"https:\/\/www.pogotowieflagowe.pl\/aktualne\/jerzy-iwanow-szajnowicz-bohater-ii-wojny-swiatowej-niemal-zapomniany-przez-historie\/#primaryimage"},"thumbnailUrl":"https:\/\/www.pogotowieflagowe.pl\/aktualne\/wp-content\/uploads\/2025\/01\/Jerzy-Iwanow-Szajnowicz-Bohater-II-wojny-swiatowej-niemal-zapomniany-przez-historie.jpeg","keywords":["bohater","histori\u0119","IwanowSzajnowicz","Jerzy","niemal","przez","\u015bwiatowej","wojny","zapomniany"],"articleSection":["Styl \u017cycia"],"inLanguage":"pl-PL"},{"@type":"WebPage","@id":"https:\/\/www.pogotowieflagowe.pl\/aktualne\/jerzy-iwanow-szajnowicz-bohater-ii-wojny-swiatowej-niemal-zapomniany-przez-historie\/","url":"https:\/\/www.pogotowieflagowe.pl\/aktualne\/jerzy-iwanow-szajnowicz-bohater-ii-wojny-swiatowej-niemal-zapomniany-przez-historie\/","name":"Jerzy Iwanow-Szajnowicz: Bohater II wojny \u015bwiatowej niemal zapomniany przez histori\u0119 - POGOTOWIE FLAGOWE\u00ae","isPartOf":{"@id":"https:\/\/www.pogotowieflagowe.pl\/aktualne\/#website"},"primaryImageOfPage":{"@id":"https:\/\/www.pogotowieflagowe.pl\/aktualne\/jerzy-iwanow-szajnowicz-bohater-ii-wojny-swiatowej-niemal-zapomniany-przez-historie\/#primaryimage"},"image":{"@id":"https:\/\/www.pogotowieflagowe.pl\/aktualne\/jerzy-iwanow-szajnowicz-bohater-ii-wojny-swiatowej-niemal-zapomniany-przez-historie\/#primaryimage"},"thumbnailUrl":"https:\/\/www.pogotowieflagowe.pl\/aktualne\/wp-content\/uploads\/2025\/01\/Jerzy-Iwanow-Szajnowicz-Bohater-II-wojny-swiatowej-niemal-zapomniany-przez-historie.jpeg","datePublished":"2025-01-05T12:51:13+00:00","dateModified":"2025-01-05T12:51:13+00:00","breadcrumb":{"@id":"https:\/\/www.pogotowieflagowe.pl\/aktualne\/jerzy-iwanow-szajnowicz-bohater-ii-wojny-swiatowej-niemal-zapomniany-przez-historie\/#breadcrumb"},"inLanguage":"pl-PL","potentialAction":[{"@type":"ReadAction","target":["https:\/\/www.pogotowieflagowe.pl\/aktualne\/jerzy-iwanow-szajnowicz-bohater-ii-wojny-swiatowej-niemal-zapomniany-przez-historie\/"]}]},{"@type":"ImageObject","inLanguage":"pl-PL","@id":"https:\/\/www.pogotowieflagowe.pl\/aktualne\/jerzy-iwanow-szajnowicz-bohater-ii-wojny-swiatowej-niemal-zapomniany-przez-historie\/#primaryimage","url":"https:\/\/www.pogotowieflagowe.pl\/aktualne\/wp-content\/uploads\/2025\/01\/Jerzy-Iwanow-Szajnowicz-Bohater-II-wojny-swiatowej-niemal-zapomniany-przez-historie.jpeg","contentUrl":"https:\/\/www.pogotowieflagowe.pl\/aktualne\/wp-content\/uploads\/2025\/01\/Jerzy-Iwanow-Szajnowicz-Bohater-II-wojny-swiatowej-niemal-zapomniany-przez-historie.jpeg","width":300,"height":231,"caption":"Jerzy Iwanow-Szajnowicz: Bohater II wojny \u015bwiatowej niemal zapomniany przez histori\u0119"},{"@type":"BreadcrumbList","@id":"https:\/\/www.pogotowieflagowe.pl\/aktualne\/jerzy-iwanow-szajnowicz-bohater-ii-wojny-swiatowej-niemal-zapomniany-przez-historie\/#breadcrumb","itemListElement":[{"@type":"ListItem","position":1,"name":"Home","item":"https:\/\/www.pogotowieflagowe.pl\/aktualne\/"},{"@type":"ListItem","position":2,"name":"Jerzy Iwanow-Szajnowicz: Bohater II wojny \u015bwiatowej niemal zapomniany przez histori\u0119"}]},{"@type":"WebSite","@id":"https:\/\/www.pogotowieflagowe.pl\/aktualne\/#website","url":"https:\/\/www.pogotowieflagowe.pl\/aktualne\/","name":"POGOTOWIE FLAGOWE\u00ae","description":"","publisher":{"@id":"https:\/\/www.pogotowieflagowe.pl\/aktualne\/#organization"},"potentialAction":[{"@type":"SearchAction","target":{"@type":"EntryPoint","urlTemplate":"https:\/\/www.pogotowieflagowe.pl\/aktualne\/?s={search_term_string}"},"query-input":"required name=search_term_string"}],"inLanguage":"pl-PL"},{"@type":"Organization","@id":"https:\/\/www.pogotowieflagowe.pl\/aktualne\/#organization","name":"POGOTOWIE FLAGOWE\u00ae","url":"https:\/\/www.pogotowieflagowe.pl\/aktualne\/","logo":{"@type":"ImageObject","inLanguage":"pl-PL","@id":"https:\/\/www.pogotowieflagowe.pl\/aktualne\/#\/schema\/logo\/image\/","url":"https:\/\/www.pogotowieflagowe.pl\/aktualne\/wp-content\/uploads\/2024\/08\/cropped-pogotowieflagowe_flaga_projekt_sm.jpg","contentUrl":"https:\/\/www.pogotowieflagowe.pl\/aktualne\/wp-content\/uploads\/2024\/08\/cropped-pogotowieflagowe_flaga_projekt_sm.jpg","width":250,"height":143,"caption":"POGOTOWIE FLAGOWE\u00ae"},"image":{"@id":"https:\/\/www.pogotowieflagowe.pl\/aktualne\/#\/schema\/logo\/image\/"}},{"@type":"Person","@id":"https:\/\/www.pogotowieflagowe.pl\/aktualne\/#\/schema\/person\/9c2fb7d2362ebf6fa088960d7f0d27b0","name":"Filip","image":{"@type":"ImageObject","inLanguage":"pl-PL","@id":"https:\/\/www.pogotowieflagowe.pl\/aktualne\/#\/schema\/person\/image\/","url":"https:\/\/www.pogotowieflagowe.pl\/aktualne\/wp-content\/uploads\/2024\/08\/pogotowieflagowe.pl_.jpg","contentUrl":"https:\/\/www.pogotowieflagowe.pl\/aktualne\/wp-content\/uploads\/2024\/08\/pogotowieflagowe.pl_.jpg","caption":"Filip"},"description":"Jestem Filip, polski dziennikarz z dyplomem nauk politycznych Uniwersytetu Warszawskiego. Rozpoczynaj\u0105c swoj\u0105 karier\u0119 w r\u00f3\u017cnych lokalnych mediach, zdoby\u0142em solidne do\u015bwiadczenie w zakresie \u015bledztwa i redakcji. Obecnie jako redaktor w Pogotowie flagowe, staram si\u0119 dostarcza\u0107 dog\u0142\u0119bne i istotne analizy na temat najwa\u017cniejszych kwestii aktualno\u015bci, \u0142\u0105cz\u0105c rygor z pasj\u0105 dziennikarsk\u0105.","sameAs":["https:\/\/www.pogotowieflagowe.pl\/"]}]}},"_links":{"self":[{"href":"https:\/\/www.pogotowieflagowe.pl\/aktualne\/wp-json\/wp\/v2\/posts\/2849","targetHints":{"allow":["GET"]}}],"collection":[{"href":"https:\/\/www.pogotowieflagowe.pl\/aktualne\/wp-json\/wp\/v2\/posts"}],"about":[{"href":"https:\/\/www.pogotowieflagowe.pl\/aktualne\/wp-json\/wp\/v2\/types\/post"}],"author":[{"embeddable":true,"href":"https:\/\/www.pogotowieflagowe.pl\/aktualne\/wp-json\/wp\/v2\/users\/1"}],"replies":[{"embeddable":true,"href":"https:\/\/www.pogotowieflagowe.pl\/aktualne\/wp-json\/wp\/v2\/comments?post=2849"}],"version-history":[{"count":1,"href":"https:\/\/www.pogotowieflagowe.pl\/aktualne\/wp-json\/wp\/v2\/posts\/2849\/revisions"}],"predecessor-version":[{"id":2851,"href":"https:\/\/www.pogotowieflagowe.pl\/aktualne\/wp-json\/wp\/v2\/posts\/2849\/revisions\/2851"}],"wp:featuredmedia":[{"embeddable":true,"href":"https:\/\/www.pogotowieflagowe.pl\/aktualne\/wp-json\/wp\/v2\/media\/2850"}],"wp:attachment":[{"href":"https:\/\/www.pogotowieflagowe.pl\/aktualne\/wp-json\/wp\/v2\/media?parent=2849"}],"wp:term":[{"taxonomy":"category","embeddable":true,"href":"https:\/\/www.pogotowieflagowe.pl\/aktualne\/wp-json\/wp\/v2\/categories?post=2849"},{"taxonomy":"post_tag","embeddable":true,"href":"https:\/\/www.pogotowieflagowe.pl\/aktualne\/wp-json\/wp\/v2\/tags?post=2849"}],"curies":[{"name":"wp","href":"https:\/\/api.w.org\/{rel}","templated":true}]}}