{"id":2855,"date":"2025-01-05T16:47:13","date_gmt":"2025-01-05T15:47:13","guid":{"rendered":"https:\/\/www.pogotowieflagowe.pl\/aktualne\/nieudana-proba-aresztowania-prezydenta-korei-poludniowej-zablokowana-przez-wojsko\/"},"modified":"2025-01-05T16:47:14","modified_gmt":"2025-01-05T15:47:14","slug":"nieudana-proba-aresztowania-prezydenta-korei-poludniowej-zablokowana-przez-wojsko","status":"publish","type":"post","link":"https:\/\/www.pogotowieflagowe.pl\/aktualne\/nieudana-proba-aresztowania-prezydenta-korei-poludniowej-zablokowana-przez-wojsko\/","title":{"rendered":"Nieudana pr\u00f3ba aresztowania prezydenta Korei Po\u0142udniowej zablokowana przez wojsko"},"content":{"rendered":"\n<div class=\"td_block_wrap tdb_single_content tdi_48 td-pb-border-top td_block_template_8 td-post-content tagdiv-type\" data-td-block-uid=\"tdi_48\">\n<style>.tdi_48{margines-g\u00f3rny:0px!important;margin-bottom:0px!important;dope\u0142nienie-g\u00f3ra:0px!important;dope\u0142nienie-d\u00f3\u0142:0px!important}<\/style>\n<style>.tdb_single_content{margin-bottom:0;*zoom:1}.tdb_single_content:before,.tdb_single_content:after{display:table;content:'';line-height:0}.tdb_single_content:after{clear:both}.tdb_single_content .tdb-block-inner>*:not(.wp-block-quote):not(.alignwide):not(.alignfull.wp-block-cover.has-parallax):not(.td-a-ad) {margin-left:auto;margin-right:auto}.tdb_single_content a{pointer-events:auto}.tdb_single_content .td-spot-id-top_ad .tdc-placeholder-title:before{content:'Article Top Ad'!important}.tdb_single_content .td-spot-id-inline_ad0 .tdc-placeholder-title:before{content:'Article Reklama wbudowana 1'!important}.tdb_single_content .td-spot-id-inline_ad1 .tdc-placeholder-title:before{content:'Article Inline Ad 2'!important}.tdb_single_content .td-spot-id-inline_ad2 .tdc-placeholder-title:before{content:' Reklama wbudowana w artyku\u0142 3'!important}.tdb_single_content .td-spot-id-bottom_ad .tdc-placeholder-title:before{content:'Article Bottom Ad'!important}.tdb_single_content .id_top_ad,.tdb_single_content .id_bottom_ad{clear:both;margin-bottom:21px;text-align:center}.tdb_single_content .id_top_ad img,.tdb_single_content .id_bottom_ad img{margin-bottom:0}.tdb_single_content .id_top_ad .adsbygoogle,.tdb_single_content .id_bottom_ad .adsbygoogle{position:relative}.tdb_single_content .id_ad_content-horiz-left,.tdb_single_content .id_ad_content-horiz-right,.tdb_single_content .id_ad_content-horiz-center{margin-bottom:15px}.tdb_single_content .id_ad_content-horiz-left img,.tdb_single_content .id_ad_content-horiz-right img,.tdb_single_content .id_ad_content-horiz-center img{margin-bottom:0}.tdb_single_content .id_ad_content-horiz-center{text-align:center}.tdb_single_content .id_ad_content-horiz-center img{margin-right:auto;margin-left:auto}.tdb_single_content .id_ad_content-horiz-left{float:left;margin-top:9px;margin-right:21px}.tdb_single_content .id_ad_content-horiz-right{float:right;margin-top:6px;margin-left:21px}.tdb_single_content .tdc-a-ad .tdc-placeholder-title{width:300px;height:250px}.tdb_single_content .tdc-a-ad .tdc-placeholder-title:before{position:absolute;top:50%;-webkit-transform:translateY(-50%);transform:translateY(-50%);margines:auto;display:table;width:100 %}.tdb_single_content .tdb-block-inner.td-fix-index{word-break:break-word}.tdi_48,.tdi_48>p,.tdi_48 .tdb-block-inner>p{font-size:16px!important;line- wysoko\u015b\u0107:1,6!wa\u017cne}.tdi_48 .tdb-block-inner blockquote p{font-style:normal!important}@media (max-width:767px){.tdb_single_content .id_ad_content-horiz-left,.tdb_single_content .id_ad_content-horiz-right,.tdb_single_content .id_ad_content-horiz-center{margin:0 automatyczny 26px auto}}@media (max-width:767px){.tdb_single_content .id_ad_content-horiz-left{margin-right:0}}@media (max-width:767px){.tdb_single_content .id_ad_content-horiz-right{margin -left:0}}@media (max-width:767px){.tdb_single_content .td-a-ad{float:none;text-align:center}.tdb_single_content .td-a-ad img{margin-right:auto;margin-left:auto}. tdb_single_content .tdc-a-ad{float:none}}<\/style>\n<div class=\"tdb-block-inner td-fix-index\">\n<p><strong>Po\u0142udniowokorea\u0144scy \u015bledczy usi\u0142owali aresztowa\u0107 zawieszonego prezydenta Yoon Suk Yeola w jego rezydencji. Antykorupcyjne Biuro \u015aledcze posiada\u0142o nakaz s\u0105dowy powi\u0105zany z kontrowersyjnym og\u0142oszeniem przez Yoon stanu wojennego na pocz\u0105tku grudnia. Zatrzymanie zosta\u0142o jednak udaremnione przez obecn\u0105 na miejscu jednostk\u0119 wojskow\u0105, skutecznie blokuj\u0105c dzia\u0142ania \u015bledczych.<\/strong><\/p>\n<h2 class=\"wp-block-heading\"><strong>Kontrowersje prawne i zamieszanie polityczne<\/strong><\/h2>\n<p>Prawnik Yoon nazwa\u0142 wykonanie nakazu \u201enielegalnym i niewa\u017cnym\u201d i zobowi\u0105za\u0142 si\u0119 do podj\u0119cia krok\u00f3w prawnych, aby zapobiec wykonaniu. Jest to pierwszy przypadek w historii Korei Po\u0142udniowej, kiedy wydano nakaz aresztowania urz\u0119duj\u0105cego prezydenta. Yoon zosta\u0142 zawieszony w sprawowaniu urz\u0119du 14 grudnia, a Trybuna\u0142 Konstytucyjny rozwa\u017ca\u0142, czy w ci\u0105gu 180 dni zatwierdzi\u0107 jego impeachment.<\/p>\n<p>Yoonowi postawiono zarzuty o bunt polityczny w zwi\u0105zku z og\u0142oszeniem przez niego stanu wojennego, co zgodnie z po\u0142udniowokorea\u0144skim prawem grozi kar\u0105 \u015bmierci. By\u0142y prezydent odm\u00f3wi\u0142 tak\u017ce wsp\u00f3\u0142pracy przy dochodzeniach, co jeszcze bardziej skomplikowa\u0142o post\u0119powanie s\u0105dowe.<\/p>\n<p>Po zawieszeniu Yoona tymczasowe obowi\u0105zki prezydenta przypad\u0142y ministrowi finans\u00f3w Choi Sang Mokowi, po tym jak pe\u0142ni\u0105cy obowi\u0105zki prezydenta Han Duck-soo zosta\u0142 usuni\u0119ty przez Zgromadzenie Narodowe. Ta zmiana przyw\u00f3dztwa podkre\u015bla utrzymuj\u0105c\u0105 si\u0119 niestabilno\u015b\u0107 polityczn\u0105 w kraju.<\/p>\n<\/div>\n<\/div>\n","protected":false},"excerpt":{"rendered":"<p>Po\u0142udniowokorea\u0144scy \u015bledczy usi\u0142owali aresztowa\u0107 zawieszonego prezydenta Yoon Suk Yeola w jego rezydencji. Antykorupcyjne Biuro \u015aledcze posiada\u0142o nakaz s\u0105dowy powi\u0105zany z<\/p>\n","protected":false},"author":1,"featured_media":2856,"comment_status":"closed","ping_status":"","sticky":false,"template":"","format":"standard","meta":{"footnotes":""},"categories":[44],"tags":[3805,2453,4237,1589,568,3668,214,488,4238],"class_list":["post-2855","post","type-post","status-publish","format-standard","has-post-thumbnail","hentry","category-polityka","tag-aresztowania","tag-korei","tag-nieudana","tag-poludniowej","tag-prezydenta","tag-proba","tag-przez","tag-wojsko","tag-zablokowana","generate-columns","tablet-grid-50","mobile-grid-100","grid-parent","grid-50","resize-featured-image"],"yoast_head":"<!-- This site is optimized with the Yoast SEO plugin v23.2 - https:\/\/yoast.com\/wordpress\/plugins\/seo\/ -->\n<title>Nieudana pr\u00f3ba aresztowania prezydenta Korei Po\u0142udniowej zablokowana przez wojsko - POGOTOWIE FLAGOWE\u00ae<\/title>\n<meta name=\"robots\" content=\"index, follow, max-snippet:-1, max-image-preview:large, max-video-preview:-1\" \/>\n<link rel=\"canonical\" href=\"https:\/\/www.pogotowieflagowe.pl\/aktualne\/nieudana-proba-aresztowania-prezydenta-korei-poludniowej-zablokowana-przez-wojsko\/\" \/>\n<meta property=\"og:locale\" content=\"pl_PL\" \/>\n<meta property=\"og:type\" content=\"article\" \/>\n<meta property=\"og:title\" content=\"Nieudana pr\u00f3ba aresztowania prezydenta Korei Po\u0142udniowej zablokowana przez wojsko - POGOTOWIE FLAGOWE\u00ae\" \/>\n<meta property=\"og:description\" content=\"Po\u0142udniowokorea\u0144scy \u015bledczy usi\u0142owali aresztowa\u0107 zawieszonego prezydenta Yoon Suk Yeola w jego rezydencji. Antykorupcyjne Biuro \u015aledcze posiada\u0142o nakaz s\u0105dowy powi\u0105zany z\" \/>\n<meta property=\"og:url\" content=\"https:\/\/www.pogotowieflagowe.pl\/aktualne\/nieudana-proba-aresztowania-prezydenta-korei-poludniowej-zablokowana-przez-wojsko\/\" \/>\n<meta property=\"og:site_name\" content=\"POGOTOWIE FLAGOWE\u00ae\" \/>\n<meta property=\"article:published_time\" content=\"2025-01-05T15:47:13+00:00\" \/>\n<meta property=\"article:modified_time\" content=\"2025-01-05T15:47:14+00:00\" \/>\n<meta property=\"og:image\" content=\"https:\/\/www.pogotowieflagowe.pl\/aktualne\/wp-content\/uploads\/2025\/01\/Nieudana-proba-aresztowania-prezydenta-Korei-Poludniowej-zablokowana-przez-wojsko.jpg\" \/>\n\t<meta property=\"og:image:width\" content=\"800\" \/>\n\t<meta property=\"og:image:height\" content=\"1000\" \/>\n\t<meta property=\"og:image:type\" content=\"image\/jpeg\" \/>\n<meta name=\"author\" content=\"Filip\" \/>\n<meta name=\"twitter:card\" content=\"summary_large_image\" \/>\n<meta name=\"twitter:label1\" content=\"Napisane przez\" \/>\n\t<meta name=\"twitter:data1\" content=\"Filip\" \/>\n\t<meta name=\"twitter:label2\" content=\"Szacowany czas czytania\" \/>\n\t<meta name=\"twitter:data2\" content=\"1 minuta\" \/>\n<script type=\"application\/ld+json\" class=\"yoast-schema-graph\">{\"@context\":\"https:\/\/schema.org\",\"@graph\":[{\"@type\":\"Article\",\"@id\":\"https:\/\/www.pogotowieflagowe.pl\/aktualne\/nieudana-proba-aresztowania-prezydenta-korei-poludniowej-zablokowana-przez-wojsko\/#article\",\"isPartOf\":{\"@id\":\"https:\/\/www.pogotowieflagowe.pl\/aktualne\/nieudana-proba-aresztowania-prezydenta-korei-poludniowej-zablokowana-przez-wojsko\/\"},\"author\":{\"name\":\"Filip\",\"@id\":\"https:\/\/www.pogotowieflagowe.pl\/aktualne\/#\/schema\/person\/9c2fb7d2362ebf6fa088960d7f0d27b0\"},\"headline\":\"Nieudana pr\u00f3ba aresztowania prezydenta Korei Po\u0142udniowej zablokowana przez wojsko\",\"datePublished\":\"2025-01-05T15:47:13+00:00\",\"dateModified\":\"2025-01-05T15:47:14+00:00\",\"mainEntityOfPage\":{\"@id\":\"https:\/\/www.pogotowieflagowe.pl\/aktualne\/nieudana-proba-aresztowania-prezydenta-korei-poludniowej-zablokowana-przez-wojsko\/\"},\"wordCount\":221,\"publisher\":{\"@id\":\"https:\/\/www.pogotowieflagowe.pl\/aktualne\/#organization\"},\"image\":{\"@id\":\"https:\/\/www.pogotowieflagowe.pl\/aktualne\/nieudana-proba-aresztowania-prezydenta-korei-poludniowej-zablokowana-przez-wojsko\/#primaryimage\"},\"thumbnailUrl\":\"https:\/\/www.pogotowieflagowe.pl\/aktualne\/wp-content\/uploads\/2025\/01\/Nieudana-proba-aresztowania-prezydenta-Korei-Poludniowej-zablokowana-przez-wojsko.jpg\",\"keywords\":[\"aresztowania\",\"Korei\",\"Nieudana\",\"po\u0142udniowej\",\"prezydenta\",\"pr\u00f3ba\",\"przez\",\"wojsko\",\"zablokowana\"],\"articleSection\":[\"Polityka\"],\"inLanguage\":\"pl-PL\"},{\"@type\":\"WebPage\",\"@id\":\"https:\/\/www.pogotowieflagowe.pl\/aktualne\/nieudana-proba-aresztowania-prezydenta-korei-poludniowej-zablokowana-przez-wojsko\/\",\"url\":\"https:\/\/www.pogotowieflagowe.pl\/aktualne\/nieudana-proba-aresztowania-prezydenta-korei-poludniowej-zablokowana-przez-wojsko\/\",\"name\":\"Nieudana pr\u00f3ba aresztowania prezydenta Korei Po\u0142udniowej zablokowana przez wojsko - POGOTOWIE FLAGOWE\u00ae\",\"isPartOf\":{\"@id\":\"https:\/\/www.pogotowieflagowe.pl\/aktualne\/#website\"},\"primaryImageOfPage\":{\"@id\":\"https:\/\/www.pogotowieflagowe.pl\/aktualne\/nieudana-proba-aresztowania-prezydenta-korei-poludniowej-zablokowana-przez-wojsko\/#primaryimage\"},\"image\":{\"@id\":\"https:\/\/www.pogotowieflagowe.pl\/aktualne\/nieudana-proba-aresztowania-prezydenta-korei-poludniowej-zablokowana-przez-wojsko\/#primaryimage\"},\"thumbnailUrl\":\"https:\/\/www.pogotowieflagowe.pl\/aktualne\/wp-content\/uploads\/2025\/01\/Nieudana-proba-aresztowania-prezydenta-Korei-Poludniowej-zablokowana-przez-wojsko.jpg\",\"datePublished\":\"2025-01-05T15:47:13+00:00\",\"dateModified\":\"2025-01-05T15:47:14+00:00\",\"breadcrumb\":{\"@id\":\"https:\/\/www.pogotowieflagowe.pl\/aktualne\/nieudana-proba-aresztowania-prezydenta-korei-poludniowej-zablokowana-przez-wojsko\/#breadcrumb\"},\"inLanguage\":\"pl-PL\",\"potentialAction\":[{\"@type\":\"ReadAction\",\"target\":[\"https:\/\/www.pogotowieflagowe.pl\/aktualne\/nieudana-proba-aresztowania-prezydenta-korei-poludniowej-zablokowana-przez-wojsko\/\"]}]},{\"@type\":\"ImageObject\",\"inLanguage\":\"pl-PL\",\"@id\":\"https:\/\/www.pogotowieflagowe.pl\/aktualne\/nieudana-proba-aresztowania-prezydenta-korei-poludniowej-zablokowana-przez-wojsko\/#primaryimage\",\"url\":\"https:\/\/www.pogotowieflagowe.pl\/aktualne\/wp-content\/uploads\/2025\/01\/Nieudana-proba-aresztowania-prezydenta-Korei-Poludniowej-zablokowana-przez-wojsko.jpg\",\"contentUrl\":\"https:\/\/www.pogotowieflagowe.pl\/aktualne\/wp-content\/uploads\/2025\/01\/Nieudana-proba-aresztowania-prezydenta-Korei-Poludniowej-zablokowana-przez-wojsko.jpg\",\"width\":800,\"height\":1000,\"caption\":\"Nieudana pr\u00f3ba aresztowania prezydenta Korei Po\u0142udniowej zablokowana przez wojsko\"},{\"@type\":\"BreadcrumbList\",\"@id\":\"https:\/\/www.pogotowieflagowe.pl\/aktualne\/nieudana-proba-aresztowania-prezydenta-korei-poludniowej-zablokowana-przez-wojsko\/#breadcrumb\",\"itemListElement\":[{\"@type\":\"ListItem\",\"position\":1,\"name\":\"Home\",\"item\":\"https:\/\/www.pogotowieflagowe.pl\/aktualne\/\"},{\"@type\":\"ListItem\",\"position\":2,\"name\":\"Nieudana pr\u00f3ba aresztowania prezydenta Korei Po\u0142udniowej zablokowana przez wojsko\"}]},{\"@type\":\"WebSite\",\"@id\":\"https:\/\/www.pogotowieflagowe.pl\/aktualne\/#website\",\"url\":\"https:\/\/www.pogotowieflagowe.pl\/aktualne\/\",\"name\":\"POGOTOWIE FLAGOWE\u00ae\",\"description\":\"\",\"publisher\":{\"@id\":\"https:\/\/www.pogotowieflagowe.pl\/aktualne\/#organization\"},\"potentialAction\":[{\"@type\":\"SearchAction\",\"target\":{\"@type\":\"EntryPoint\",\"urlTemplate\":\"https:\/\/www.pogotowieflagowe.pl\/aktualne\/?s={search_term_string}\"},\"query-input\":\"required name=search_term_string\"}],\"inLanguage\":\"pl-PL\"},{\"@type\":\"Organization\",\"@id\":\"https:\/\/www.pogotowieflagowe.pl\/aktualne\/#organization\",\"name\":\"POGOTOWIE FLAGOWE\u00ae\",\"url\":\"https:\/\/www.pogotowieflagowe.pl\/aktualne\/\",\"logo\":{\"@type\":\"ImageObject\",\"inLanguage\":\"pl-PL\",\"@id\":\"https:\/\/www.pogotowieflagowe.pl\/aktualne\/#\/schema\/logo\/image\/\",\"url\":\"https:\/\/www.pogotowieflagowe.pl\/aktualne\/wp-content\/uploads\/2024\/08\/cropped-pogotowieflagowe_flaga_projekt_sm.jpg\",\"contentUrl\":\"https:\/\/www.pogotowieflagowe.pl\/aktualne\/wp-content\/uploads\/2024\/08\/cropped-pogotowieflagowe_flaga_projekt_sm.jpg\",\"width\":250,\"height\":143,\"caption\":\"POGOTOWIE FLAGOWE\u00ae\"},\"image\":{\"@id\":\"https:\/\/www.pogotowieflagowe.pl\/aktualne\/#\/schema\/logo\/image\/\"}},{\"@type\":\"Person\",\"@id\":\"https:\/\/www.pogotowieflagowe.pl\/aktualne\/#\/schema\/person\/9c2fb7d2362ebf6fa088960d7f0d27b0\",\"name\":\"Filip\",\"image\":{\"@type\":\"ImageObject\",\"inLanguage\":\"pl-PL\",\"@id\":\"https:\/\/www.pogotowieflagowe.pl\/aktualne\/#\/schema\/person\/image\/\",\"url\":\"https:\/\/www.pogotowieflagowe.pl\/aktualne\/wp-content\/uploads\/2024\/08\/pogotowieflagowe.pl_.jpg\",\"contentUrl\":\"https:\/\/www.pogotowieflagowe.pl\/aktualne\/wp-content\/uploads\/2024\/08\/pogotowieflagowe.pl_.jpg\",\"caption\":\"Filip\"},\"description\":\"Jestem Filip, polski dziennikarz z dyplomem nauk politycznych Uniwersytetu Warszawskiego. Rozpoczynaj\u0105c swoj\u0105 karier\u0119 w r\u00f3\u017cnych lokalnych mediach, zdoby\u0142em solidne do\u015bwiadczenie w zakresie \u015bledztwa i redakcji. Obecnie jako redaktor w Pogotowie flagowe, staram si\u0119 dostarcza\u0107 dog\u0142\u0119bne i istotne analizy na temat najwa\u017cniejszych kwestii aktualno\u015bci, \u0142\u0105cz\u0105c rygor z pasj\u0105 dziennikarsk\u0105.\",\"sameAs\":[\"https:\/\/www.pogotowieflagowe.pl\/\"]}]}<\/script>\n<!-- \/ Yoast SEO plugin. -->","yoast_head_json":{"title":"Nieudana pr\u00f3ba aresztowania prezydenta Korei Po\u0142udniowej zablokowana przez wojsko - POGOTOWIE FLAGOWE\u00ae","robots":{"index":"index","follow":"follow","max-snippet":"max-snippet:-1","max-image-preview":"max-image-preview:large","max-video-preview":"max-video-preview:-1"},"canonical":"https:\/\/www.pogotowieflagowe.pl\/aktualne\/nieudana-proba-aresztowania-prezydenta-korei-poludniowej-zablokowana-przez-wojsko\/","og_locale":"pl_PL","og_type":"article","og_title":"Nieudana pr\u00f3ba aresztowania prezydenta Korei Po\u0142udniowej zablokowana przez wojsko - POGOTOWIE FLAGOWE\u00ae","og_description":"Po\u0142udniowokorea\u0144scy \u015bledczy usi\u0142owali aresztowa\u0107 zawieszonego prezydenta Yoon Suk Yeola w jego rezydencji. Antykorupcyjne Biuro \u015aledcze posiada\u0142o nakaz s\u0105dowy powi\u0105zany z","og_url":"https:\/\/www.pogotowieflagowe.pl\/aktualne\/nieudana-proba-aresztowania-prezydenta-korei-poludniowej-zablokowana-przez-wojsko\/","og_site_name":"POGOTOWIE FLAGOWE\u00ae","article_published_time":"2025-01-05T15:47:13+00:00","article_modified_time":"2025-01-05T15:47:14+00:00","og_image":[{"width":800,"height":1000,"url":"https:\/\/www.pogotowieflagowe.pl\/aktualne\/wp-content\/uploads\/2025\/01\/Nieudana-proba-aresztowania-prezydenta-Korei-Poludniowej-zablokowana-przez-wojsko.jpg","type":"image\/jpeg"}],"author":"Filip","twitter_card":"summary_large_image","twitter_misc":{"Napisane przez":"Filip","Szacowany czas czytania":"1 minuta"},"schema":{"@context":"https:\/\/schema.org","@graph":[{"@type":"Article","@id":"https:\/\/www.pogotowieflagowe.pl\/aktualne\/nieudana-proba-aresztowania-prezydenta-korei-poludniowej-zablokowana-przez-wojsko\/#article","isPartOf":{"@id":"https:\/\/www.pogotowieflagowe.pl\/aktualne\/nieudana-proba-aresztowania-prezydenta-korei-poludniowej-zablokowana-przez-wojsko\/"},"author":{"name":"Filip","@id":"https:\/\/www.pogotowieflagowe.pl\/aktualne\/#\/schema\/person\/9c2fb7d2362ebf6fa088960d7f0d27b0"},"headline":"Nieudana pr\u00f3ba aresztowania prezydenta Korei Po\u0142udniowej zablokowana przez wojsko","datePublished":"2025-01-05T15:47:13+00:00","dateModified":"2025-01-05T15:47:14+00:00","mainEntityOfPage":{"@id":"https:\/\/www.pogotowieflagowe.pl\/aktualne\/nieudana-proba-aresztowania-prezydenta-korei-poludniowej-zablokowana-przez-wojsko\/"},"wordCount":221,"publisher":{"@id":"https:\/\/www.pogotowieflagowe.pl\/aktualne\/#organization"},"image":{"@id":"https:\/\/www.pogotowieflagowe.pl\/aktualne\/nieudana-proba-aresztowania-prezydenta-korei-poludniowej-zablokowana-przez-wojsko\/#primaryimage"},"thumbnailUrl":"https:\/\/www.pogotowieflagowe.pl\/aktualne\/wp-content\/uploads\/2025\/01\/Nieudana-proba-aresztowania-prezydenta-Korei-Poludniowej-zablokowana-przez-wojsko.jpg","keywords":["aresztowania","Korei","Nieudana","po\u0142udniowej","prezydenta","pr\u00f3ba","przez","wojsko","zablokowana"],"articleSection":["Polityka"],"inLanguage":"pl-PL"},{"@type":"WebPage","@id":"https:\/\/www.pogotowieflagowe.pl\/aktualne\/nieudana-proba-aresztowania-prezydenta-korei-poludniowej-zablokowana-przez-wojsko\/","url":"https:\/\/www.pogotowieflagowe.pl\/aktualne\/nieudana-proba-aresztowania-prezydenta-korei-poludniowej-zablokowana-przez-wojsko\/","name":"Nieudana pr\u00f3ba aresztowania prezydenta Korei Po\u0142udniowej zablokowana przez wojsko - POGOTOWIE FLAGOWE\u00ae","isPartOf":{"@id":"https:\/\/www.pogotowieflagowe.pl\/aktualne\/#website"},"primaryImageOfPage":{"@id":"https:\/\/www.pogotowieflagowe.pl\/aktualne\/nieudana-proba-aresztowania-prezydenta-korei-poludniowej-zablokowana-przez-wojsko\/#primaryimage"},"image":{"@id":"https:\/\/www.pogotowieflagowe.pl\/aktualne\/nieudana-proba-aresztowania-prezydenta-korei-poludniowej-zablokowana-przez-wojsko\/#primaryimage"},"thumbnailUrl":"https:\/\/www.pogotowieflagowe.pl\/aktualne\/wp-content\/uploads\/2025\/01\/Nieudana-proba-aresztowania-prezydenta-Korei-Poludniowej-zablokowana-przez-wojsko.jpg","datePublished":"2025-01-05T15:47:13+00:00","dateModified":"2025-01-05T15:47:14+00:00","breadcrumb":{"@id":"https:\/\/www.pogotowieflagowe.pl\/aktualne\/nieudana-proba-aresztowania-prezydenta-korei-poludniowej-zablokowana-przez-wojsko\/#breadcrumb"},"inLanguage":"pl-PL","potentialAction":[{"@type":"ReadAction","target":["https:\/\/www.pogotowieflagowe.pl\/aktualne\/nieudana-proba-aresztowania-prezydenta-korei-poludniowej-zablokowana-przez-wojsko\/"]}]},{"@type":"ImageObject","inLanguage":"pl-PL","@id":"https:\/\/www.pogotowieflagowe.pl\/aktualne\/nieudana-proba-aresztowania-prezydenta-korei-poludniowej-zablokowana-przez-wojsko\/#primaryimage","url":"https:\/\/www.pogotowieflagowe.pl\/aktualne\/wp-content\/uploads\/2025\/01\/Nieudana-proba-aresztowania-prezydenta-Korei-Poludniowej-zablokowana-przez-wojsko.jpg","contentUrl":"https:\/\/www.pogotowieflagowe.pl\/aktualne\/wp-content\/uploads\/2025\/01\/Nieudana-proba-aresztowania-prezydenta-Korei-Poludniowej-zablokowana-przez-wojsko.jpg","width":800,"height":1000,"caption":"Nieudana pr\u00f3ba aresztowania prezydenta Korei Po\u0142udniowej zablokowana przez wojsko"},{"@type":"BreadcrumbList","@id":"https:\/\/www.pogotowieflagowe.pl\/aktualne\/nieudana-proba-aresztowania-prezydenta-korei-poludniowej-zablokowana-przez-wojsko\/#breadcrumb","itemListElement":[{"@type":"ListItem","position":1,"name":"Home","item":"https:\/\/www.pogotowieflagowe.pl\/aktualne\/"},{"@type":"ListItem","position":2,"name":"Nieudana pr\u00f3ba aresztowania prezydenta Korei Po\u0142udniowej zablokowana przez wojsko"}]},{"@type":"WebSite","@id":"https:\/\/www.pogotowieflagowe.pl\/aktualne\/#website","url":"https:\/\/www.pogotowieflagowe.pl\/aktualne\/","name":"POGOTOWIE FLAGOWE\u00ae","description":"","publisher":{"@id":"https:\/\/www.pogotowieflagowe.pl\/aktualne\/#organization"},"potentialAction":[{"@type":"SearchAction","target":{"@type":"EntryPoint","urlTemplate":"https:\/\/www.pogotowieflagowe.pl\/aktualne\/?s={search_term_string}"},"query-input":"required name=search_term_string"}],"inLanguage":"pl-PL"},{"@type":"Organization","@id":"https:\/\/www.pogotowieflagowe.pl\/aktualne\/#organization","name":"POGOTOWIE FLAGOWE\u00ae","url":"https:\/\/www.pogotowieflagowe.pl\/aktualne\/","logo":{"@type":"ImageObject","inLanguage":"pl-PL","@id":"https:\/\/www.pogotowieflagowe.pl\/aktualne\/#\/schema\/logo\/image\/","url":"https:\/\/www.pogotowieflagowe.pl\/aktualne\/wp-content\/uploads\/2024\/08\/cropped-pogotowieflagowe_flaga_projekt_sm.jpg","contentUrl":"https:\/\/www.pogotowieflagowe.pl\/aktualne\/wp-content\/uploads\/2024\/08\/cropped-pogotowieflagowe_flaga_projekt_sm.jpg","width":250,"height":143,"caption":"POGOTOWIE FLAGOWE\u00ae"},"image":{"@id":"https:\/\/www.pogotowieflagowe.pl\/aktualne\/#\/schema\/logo\/image\/"}},{"@type":"Person","@id":"https:\/\/www.pogotowieflagowe.pl\/aktualne\/#\/schema\/person\/9c2fb7d2362ebf6fa088960d7f0d27b0","name":"Filip","image":{"@type":"ImageObject","inLanguage":"pl-PL","@id":"https:\/\/www.pogotowieflagowe.pl\/aktualne\/#\/schema\/person\/image\/","url":"https:\/\/www.pogotowieflagowe.pl\/aktualne\/wp-content\/uploads\/2024\/08\/pogotowieflagowe.pl_.jpg","contentUrl":"https:\/\/www.pogotowieflagowe.pl\/aktualne\/wp-content\/uploads\/2024\/08\/pogotowieflagowe.pl_.jpg","caption":"Filip"},"description":"Jestem Filip, polski dziennikarz z dyplomem nauk politycznych Uniwersytetu Warszawskiego. Rozpoczynaj\u0105c swoj\u0105 karier\u0119 w r\u00f3\u017cnych lokalnych mediach, zdoby\u0142em solidne do\u015bwiadczenie w zakresie \u015bledztwa i redakcji. Obecnie jako redaktor w Pogotowie flagowe, staram si\u0119 dostarcza\u0107 dog\u0142\u0119bne i istotne analizy na temat najwa\u017cniejszych kwestii aktualno\u015bci, \u0142\u0105cz\u0105c rygor z pasj\u0105 dziennikarsk\u0105.","sameAs":["https:\/\/www.pogotowieflagowe.pl\/"]}]}},"_links":{"self":[{"href":"https:\/\/www.pogotowieflagowe.pl\/aktualne\/wp-json\/wp\/v2\/posts\/2855","targetHints":{"allow":["GET"]}}],"collection":[{"href":"https:\/\/www.pogotowieflagowe.pl\/aktualne\/wp-json\/wp\/v2\/posts"}],"about":[{"href":"https:\/\/www.pogotowieflagowe.pl\/aktualne\/wp-json\/wp\/v2\/types\/post"}],"author":[{"embeddable":true,"href":"https:\/\/www.pogotowieflagowe.pl\/aktualne\/wp-json\/wp\/v2\/users\/1"}],"replies":[{"embeddable":true,"href":"https:\/\/www.pogotowieflagowe.pl\/aktualne\/wp-json\/wp\/v2\/comments?post=2855"}],"version-history":[{"count":1,"href":"https:\/\/www.pogotowieflagowe.pl\/aktualne\/wp-json\/wp\/v2\/posts\/2855\/revisions"}],"predecessor-version":[{"id":2857,"href":"https:\/\/www.pogotowieflagowe.pl\/aktualne\/wp-json\/wp\/v2\/posts\/2855\/revisions\/2857"}],"wp:featuredmedia":[{"embeddable":true,"href":"https:\/\/www.pogotowieflagowe.pl\/aktualne\/wp-json\/wp\/v2\/media\/2856"}],"wp:attachment":[{"href":"https:\/\/www.pogotowieflagowe.pl\/aktualne\/wp-json\/wp\/v2\/media?parent=2855"}],"wp:term":[{"taxonomy":"category","embeddable":true,"href":"https:\/\/www.pogotowieflagowe.pl\/aktualne\/wp-json\/wp\/v2\/categories?post=2855"},{"taxonomy":"post_tag","embeddable":true,"href":"https:\/\/www.pogotowieflagowe.pl\/aktualne\/wp-json\/wp\/v2\/tags?post=2855"}],"curies":[{"name":"wp","href":"https:\/\/api.w.org\/{rel}","templated":true}]}}