{"id":2858,"date":"2025-01-05T18:47:04","date_gmt":"2025-01-05T17:47:04","guid":{"rendered":"https:\/\/www.pogotowieflagowe.pl\/aktualne\/narodziny-dziennikarstwa-polskiego-spojrzenie-na-merkuriusza-polskiego\/"},"modified":"2025-01-05T18:47:08","modified_gmt":"2025-01-05T17:47:08","slug":"narodziny-dziennikarstwa-polskiego-spojrzenie-na-merkuriusza-polskiego","status":"publish","type":"post","link":"https:\/\/www.pogotowieflagowe.pl\/aktualne\/narodziny-dziennikarstwa-polskiego-spojrzenie-na-merkuriusza-polskiego\/","title":{"rendered":"Narodziny dziennikarstwa polskiego: spojrzenie na \u201eMerkuriusza Polskiego\u201d"},"content":{"rendered":"\n<div class=\"td_block_wrap tdb_single_content tdi_48 td-pb-border-top td_block_template_8 td-post-content tagdiv-type\" data-td-block-uid=\"tdi_48\">\n<style>.tdi_48{margines-g\u00f3rny:0px!important;margin-bottom:0px!important;dope\u0142nienie-g\u00f3ra:0px!important;dope\u0142nienie-d\u00f3\u0142:0px!important}<\/style>\n<style>.tdb_single_content{margin-bottom:0;*zoom:1}.tdb_single_content:before,.tdb_single_content:after{display:table;content:'';line-height:0}.tdb_single_content:after{clear:both}.tdb_single_content .tdb-block-inner>*:not(.wp-block-quote):not(.alignwide):not(.alignfull.wp-block-cover.has-parallax):not(.td-a-ad) {margin-left:auto;margin-right:auto}.tdb_single_content a{pointer-events:auto}.tdb_single_content .td-spot-id-top_ad .tdc-placeholder-title:before{content:'Article Top Ad'!important}.tdb_single_content .td-spot-id-inline_ad0 .tdc-placeholder-title:before{content:'Article Reklama wbudowana 1'!important}.tdb_single_content .td-spot-id-inline_ad1 .tdc-placeholder-title:before{content:'Article Inline Ad 2'!important}.tdb_single_content .td-spot-id-inline_ad2 .tdc-placeholder-title:before{content:' Reklama wbudowana w artyku\u0142 3'!important}.tdb_single_content .td-spot-id-bottom_ad .tdc-placeholder-title:before{content:'Article Bottom Ad'!important}.tdb_single_content .id_top_ad,.tdb_single_content .id_bottom_ad{clear:both;margin-bottom:21px;text-align:center}.tdb_single_content .id_top_ad img,.tdb_single_content .id_bottom_ad img{margin-bottom:0}.tdb_single_content .id_top_ad .adsbygoogle,.tdb_single_content .id_bottom_ad .adsbygoogle{position:relative}.tdb_single_content .id_ad_content-horiz-left,.tdb_single_content .id_ad_content-horiz-right,.tdb_single_content .id_ad_content-horiz-center{margin-bottom:15px}.tdb_single_content .id_ad_content-horiz-left img,.tdb_single_content .id_ad_content-horiz-right img,.tdb_single_content .id_ad_content-horiz-center img{margin-bottom:0}.tdb_single_content .id_ad_content-horiz-center{text-align:center}.tdb_single_content .id_ad_content-horiz-center img{margin-right:auto;margin-left:auto}.tdb_single_content .id_ad_content-horiz-left{float:left;margin-top:9px;margin-right:21px}.tdb_single_content .id_ad_content-horiz-right{float:right;margin-top:6px;margin-left:21px}.tdb_single_content .tdc-a-ad .tdc-placeholder-title{width:300px;height:250px}.tdb_single_content .tdc-a-ad .tdc-placeholder-title:before{position:absolute;top:50%;-webkit-transform:translateY(-50%);transform:translateY(-50%);margines:auto;display:table;width:100 %}.tdb_single_content .tdb-block-inner.td-fix-index{word-break:break-word}.tdi_48,.tdi_48>p,.tdi_48 .tdb-block-inner>p{font-size:16px!important;line- wysoko\u015b\u0107:1,6!wa\u017cne}.tdi_48 .tdb-block-inner blockquote p{font-style:normal!important}@media (max-width:767px){.tdb_single_content .id_ad_content-horiz-left,.tdb_single_content .id_ad_content-horiz-right,.tdb_single_content .id_ad_content-horiz-center{margin:0 automatyczny 26px auto}}@media (max-width:767px){.tdb_single_content .id_ad_content-horiz-left{margin-right:0}}@media (max-width:767px){.tdb_single_content .id_ad_content-horiz-right{margin -left:0}}@media (max-width:767px){.tdb_single_content .td-a-ad{float:none;text-align:center}.tdb_single_content .td-a-ad img{margin-right:auto;margin-left:auto}. tdb_single_content .tdc-a-ad{float:none}}<\/style>\n<div class=\"tdb-block-inner td-fix-index\">\n<p>3 stycznia 1661 roku w mie\u015bcie Krakowie nast\u0105pi\u0142 prze\u0142omowy moment w dziejach medi\u00f3w polskich wraz z publikacj\u0105 pierwszego numeru \u201eDziennika\u201d. <em>Merkuriusz Polski<\/em>najstarszy polski periodyk. Jego ambitny tytu\u0142, <em>\u201eMerkuriusz Polski dzieje wszystkiego \u015bwiata w sobie zamykaj\u0105cym dla informacji pospolitej\u201d<\/em> (<em>\u201ePolski Merkury zamykaj\u0105cy histori\u0119 ca\u0142ego \u015bwiata do wiadomo\u015bci publicznej\u201d<\/em>) odzwierciedla\u0142o misj\u0119 gazety polegaj\u0105c\u0105 na dostarczaniu czytelnikom wiadomo\u015bci i spostrze\u017ce\u0144 z ca\u0142ego \u015bwiata.<\/p>\n<p>Nazwa \u201eMerkuriusz\u201d czerpie inspiracj\u0119 z Merkurego, rzymskiego boga komunikacji i handlu, co stanowi uk\u0142on w stron\u0119 europejskiej tradycji nadawania czasopismom imienia b\u00f3stwa kojarzonego z szybk\u0105 wymian\u0105 informacji. Podobne publikacje z epoki, np. Szkocji <em>Merkuriusz Kaledoniusz<\/em> lub Anglii <em>Merkuriusz Brytyjski<\/em>podzieli\u0142 si\u0119 praktyk\u0105.<\/p>\n<p>Stworzenie <em>Merkuriusz<\/em> kt\u00f3rej przewodzi\u0142a kr\u00f3lowa Maria Luiza Gonzaga, \u017cona kr\u00f3la Jana II Kazimierza, co dowodzi\u0142o kr\u00f3lewskiego zaanga\u017cowania na rzecz wspierania \u015bwiadomego spo\u0142ecze\u0144stwa. Publikacja pod redakcj\u0105 Hieronima Pinocciego, polsko-w\u0142oskiego pisarza i krakowskiego drukarza Jana Aleksandra Gorczyna, umo\u017cliwi\u0142a wgl\u0105d w sprawy kr\u00f3lewskie, wojny, traktaty i plany polityczne.<\/p>\n<p>Gazeta wydawana co tydzie\u0144 lub co dwa tygodnie ukazywa\u0142a si\u0119 w ma\u0142ych nak\u0142adach po 100\u2013200 egzemplarzy, po cenie 10 groszy za numer. Wydawane pocz\u0105tkowo w Krakowie, po 38. numerze redakcja przenios\u0142a si\u0119 do Warszawy. Chocia\u017c pod tytu\u0142em zawiera\u0142 standardowe wydania <em>Merkuriusz Polski Ordynaryjny<\/em>wydania specjalne, oznaczone jako <em>Ekstraordynaryjny<\/em>zawiera\u0142o tre\u015bci uzupe\u0142niaj\u0105ce, takie jak oficjalne dokumenty lub pisma.<\/p>\n<p>Pomimo ambitnego zakresu, <em>Merkuriusz Polski<\/em> zaprzesta\u0142a publikacji w tym samym roku, w kt\u00f3rym rozpocz\u0119\u0142a, a ostatni 41. numer ukaza\u0142 si\u0119 22 lipca 1661 r. Gazeta mia\u0142a tak\u017ce sw\u00f3j mi\u0119dzynarodowy odpowiednik, <em>Kontynuacja Mercurio Polacco<\/em>adresowany do odbiorc\u00f3w zagranicznych, cho\u0107 o innej tre\u015bci.<\/p>\n<p>Wieki p\u00f3\u017aniej, <em>Merkuriusz Polski<\/em> zosta\u0142 na kr\u00f3tko wznowiony jako tygodnik polityczny w Warszawie w latach 1933-1939 przez W\u0142adys\u0142awa Zambrzyckiego, a w 1978 wznowiony w formie ksi\u0105\u017ckowej przez Wydawnictwa Artystyczne i Filmowe.<\/p>\n<p>Cho\u0107 kr\u00f3tkotrwa\u0142y, <em>Merkuriusz Polski<\/em> pozostaje symbolem bogatego dziedzictwa dziennikarskiego Polski i nieustannego pogoni za wiedz\u0105, jak podsumowano w pierwszym wst\u0119pniaku: <em>\u201eJedynym pokarmem ludzkiego umys\u0142u jest wiedzie\u0107 i uczy\u0107 si\u0119 jak najwi\u0119cej: dzi\u0119ki temu jest on nakarmiony, zachwycony i zadowolony\u201d.<\/em><\/p>\n<\/div>\n<\/div>\n","protected":false},"excerpt":{"rendered":"<p>3 stycznia 1661 roku w mie\u015bcie Krakowie nast\u0105pi\u0142 prze\u0142omowy moment w dziejach medi\u00f3w polskich wraz z publikacj\u0105 pierwszego numeru \u201eDziennika\u201d.<\/p>\n","protected":false},"author":1,"featured_media":2859,"comment_status":"closed","ping_status":"","sticky":false,"template":"","format":"standard","meta":{"footnotes":""},"categories":[47],"tags":[4239,4240,2285,129,3959],"class_list":["post-2858","post","type-post","status-publish","format-standard","has-post-thumbnail","hentry","category-styl-zycia","tag-dziennikarstwa","tag-merkuriusza","tag-narodziny","tag-polskiego","tag-spojrzenie","generate-columns","tablet-grid-50","mobile-grid-100","grid-parent","grid-50","resize-featured-image"],"yoast_head":"<!-- This site is optimized with the Yoast SEO plugin v23.2 - https:\/\/yoast.com\/wordpress\/plugins\/seo\/ -->\n<title>Narodziny dziennikarstwa polskiego: spojrzenie na \u201eMerkuriusza Polskiego\u201d - POGOTOWIE FLAGOWE\u00ae<\/title>\n<meta name=\"robots\" content=\"index, follow, max-snippet:-1, max-image-preview:large, max-video-preview:-1\" \/>\n<link rel=\"canonical\" href=\"https:\/\/www.pogotowieflagowe.pl\/aktualne\/narodziny-dziennikarstwa-polskiego-spojrzenie-na-merkuriusza-polskiego\/\" \/>\n<meta property=\"og:locale\" content=\"pl_PL\" \/>\n<meta property=\"og:type\" content=\"article\" \/>\n<meta property=\"og:title\" content=\"Narodziny dziennikarstwa polskiego: spojrzenie na \u201eMerkuriusza Polskiego\u201d - POGOTOWIE FLAGOWE\u00ae\" \/>\n<meta property=\"og:description\" content=\"3 stycznia 1661 roku w mie\u015bcie Krakowie nast\u0105pi\u0142 prze\u0142omowy moment w dziejach medi\u00f3w polskich wraz z publikacj\u0105 pierwszego numeru \u201eDziennika\u201d.\" \/>\n<meta property=\"og:url\" content=\"https:\/\/www.pogotowieflagowe.pl\/aktualne\/narodziny-dziennikarstwa-polskiego-spojrzenie-na-merkuriusza-polskiego\/\" \/>\n<meta property=\"og:site_name\" content=\"POGOTOWIE FLAGOWE\u00ae\" \/>\n<meta property=\"article:published_time\" content=\"2025-01-05T17:47:04+00:00\" \/>\n<meta property=\"article:modified_time\" content=\"2025-01-05T17:47:08+00:00\" \/>\n<meta property=\"og:image\" content=\"https:\/\/www.pogotowieflagowe.pl\/aktualne\/wp-content\/uploads\/2025\/01\/Narodziny-dziennikarstwa-polskiego-spojrzenie-na-\u201eMerkuriusza-Polskiego.jpg\" \/>\n\t<meta property=\"og:image:width\" content=\"1920\" \/>\n\t<meta property=\"og:image:height\" content=\"1280\" \/>\n\t<meta property=\"og:image:type\" content=\"image\/jpeg\" \/>\n<meta name=\"author\" content=\"Filip\" \/>\n<meta name=\"twitter:card\" content=\"summary_large_image\" \/>\n<meta name=\"twitter:label1\" content=\"Napisane przez\" \/>\n\t<meta name=\"twitter:data1\" content=\"Filip\" \/>\n\t<meta name=\"twitter:label2\" content=\"Szacowany czas czytania\" \/>\n\t<meta name=\"twitter:data2\" content=\"2 minuty\" \/>\n<script type=\"application\/ld+json\" class=\"yoast-schema-graph\">{\"@context\":\"https:\/\/schema.org\",\"@graph\":[{\"@type\":\"Article\",\"@id\":\"https:\/\/www.pogotowieflagowe.pl\/aktualne\/narodziny-dziennikarstwa-polskiego-spojrzenie-na-merkuriusza-polskiego\/#article\",\"isPartOf\":{\"@id\":\"https:\/\/www.pogotowieflagowe.pl\/aktualne\/narodziny-dziennikarstwa-polskiego-spojrzenie-na-merkuriusza-polskiego\/\"},\"author\":{\"name\":\"Filip\",\"@id\":\"https:\/\/www.pogotowieflagowe.pl\/aktualne\/#\/schema\/person\/9c2fb7d2362ebf6fa088960d7f0d27b0\"},\"headline\":\"Narodziny dziennikarstwa polskiego: spojrzenie na \u201eMerkuriusza Polskiego\u201d\",\"datePublished\":\"2025-01-05T17:47:04+00:00\",\"dateModified\":\"2025-01-05T17:47:08+00:00\",\"mainEntityOfPage\":{\"@id\":\"https:\/\/www.pogotowieflagowe.pl\/aktualne\/narodziny-dziennikarstwa-polskiego-spojrzenie-na-merkuriusza-polskiego\/\"},\"wordCount\":368,\"publisher\":{\"@id\":\"https:\/\/www.pogotowieflagowe.pl\/aktualne\/#organization\"},\"image\":{\"@id\":\"https:\/\/www.pogotowieflagowe.pl\/aktualne\/narodziny-dziennikarstwa-polskiego-spojrzenie-na-merkuriusza-polskiego\/#primaryimage\"},\"thumbnailUrl\":\"https:\/\/www.pogotowieflagowe.pl\/aktualne\/wp-content\/uploads\/2025\/01\/Narodziny-dziennikarstwa-polskiego-spojrzenie-na-\u201eMerkuriusza-Polskiego.jpg\",\"keywords\":[\"dziennikarstwa\",\"Merkuriusza\",\"narodziny\",\"Polskiego\",\"spojrzenie\"],\"articleSection\":[\"Styl \u017cycia\"],\"inLanguage\":\"pl-PL\"},{\"@type\":\"WebPage\",\"@id\":\"https:\/\/www.pogotowieflagowe.pl\/aktualne\/narodziny-dziennikarstwa-polskiego-spojrzenie-na-merkuriusza-polskiego\/\",\"url\":\"https:\/\/www.pogotowieflagowe.pl\/aktualne\/narodziny-dziennikarstwa-polskiego-spojrzenie-na-merkuriusza-polskiego\/\",\"name\":\"Narodziny dziennikarstwa polskiego: spojrzenie na \u201eMerkuriusza Polskiego\u201d - POGOTOWIE FLAGOWE\u00ae\",\"isPartOf\":{\"@id\":\"https:\/\/www.pogotowieflagowe.pl\/aktualne\/#website\"},\"primaryImageOfPage\":{\"@id\":\"https:\/\/www.pogotowieflagowe.pl\/aktualne\/narodziny-dziennikarstwa-polskiego-spojrzenie-na-merkuriusza-polskiego\/#primaryimage\"},\"image\":{\"@id\":\"https:\/\/www.pogotowieflagowe.pl\/aktualne\/narodziny-dziennikarstwa-polskiego-spojrzenie-na-merkuriusza-polskiego\/#primaryimage\"},\"thumbnailUrl\":\"https:\/\/www.pogotowieflagowe.pl\/aktualne\/wp-content\/uploads\/2025\/01\/Narodziny-dziennikarstwa-polskiego-spojrzenie-na-\u201eMerkuriusza-Polskiego.jpg\",\"datePublished\":\"2025-01-05T17:47:04+00:00\",\"dateModified\":\"2025-01-05T17:47:08+00:00\",\"breadcrumb\":{\"@id\":\"https:\/\/www.pogotowieflagowe.pl\/aktualne\/narodziny-dziennikarstwa-polskiego-spojrzenie-na-merkuriusza-polskiego\/#breadcrumb\"},\"inLanguage\":\"pl-PL\",\"potentialAction\":[{\"@type\":\"ReadAction\",\"target\":[\"https:\/\/www.pogotowieflagowe.pl\/aktualne\/narodziny-dziennikarstwa-polskiego-spojrzenie-na-merkuriusza-polskiego\/\"]}]},{\"@type\":\"ImageObject\",\"inLanguage\":\"pl-PL\",\"@id\":\"https:\/\/www.pogotowieflagowe.pl\/aktualne\/narodziny-dziennikarstwa-polskiego-spojrzenie-na-merkuriusza-polskiego\/#primaryimage\",\"url\":\"https:\/\/www.pogotowieflagowe.pl\/aktualne\/wp-content\/uploads\/2025\/01\/Narodziny-dziennikarstwa-polskiego-spojrzenie-na-\u201eMerkuriusza-Polskiego.jpg\",\"contentUrl\":\"https:\/\/www.pogotowieflagowe.pl\/aktualne\/wp-content\/uploads\/2025\/01\/Narodziny-dziennikarstwa-polskiego-spojrzenie-na-\u201eMerkuriusza-Polskiego.jpg\",\"width\":1920,\"height\":1280,\"caption\":\"Narodziny dziennikarstwa polskiego: spojrzenie na \u201eMerkuriusza Polskiego\u201d\"},{\"@type\":\"BreadcrumbList\",\"@id\":\"https:\/\/www.pogotowieflagowe.pl\/aktualne\/narodziny-dziennikarstwa-polskiego-spojrzenie-na-merkuriusza-polskiego\/#breadcrumb\",\"itemListElement\":[{\"@type\":\"ListItem\",\"position\":1,\"name\":\"Home\",\"item\":\"https:\/\/www.pogotowieflagowe.pl\/aktualne\/\"},{\"@type\":\"ListItem\",\"position\":2,\"name\":\"Narodziny dziennikarstwa polskiego: spojrzenie na \u201eMerkuriusza Polskiego\u201d\"}]},{\"@type\":\"WebSite\",\"@id\":\"https:\/\/www.pogotowieflagowe.pl\/aktualne\/#website\",\"url\":\"https:\/\/www.pogotowieflagowe.pl\/aktualne\/\",\"name\":\"POGOTOWIE FLAGOWE\u00ae\",\"description\":\"\",\"publisher\":{\"@id\":\"https:\/\/www.pogotowieflagowe.pl\/aktualne\/#organization\"},\"potentialAction\":[{\"@type\":\"SearchAction\",\"target\":{\"@type\":\"EntryPoint\",\"urlTemplate\":\"https:\/\/www.pogotowieflagowe.pl\/aktualne\/?s={search_term_string}\"},\"query-input\":\"required name=search_term_string\"}],\"inLanguage\":\"pl-PL\"},{\"@type\":\"Organization\",\"@id\":\"https:\/\/www.pogotowieflagowe.pl\/aktualne\/#organization\",\"name\":\"POGOTOWIE FLAGOWE\u00ae\",\"url\":\"https:\/\/www.pogotowieflagowe.pl\/aktualne\/\",\"logo\":{\"@type\":\"ImageObject\",\"inLanguage\":\"pl-PL\",\"@id\":\"https:\/\/www.pogotowieflagowe.pl\/aktualne\/#\/schema\/logo\/image\/\",\"url\":\"https:\/\/www.pogotowieflagowe.pl\/aktualne\/wp-content\/uploads\/2024\/08\/cropped-pogotowieflagowe_flaga_projekt_sm.jpg\",\"contentUrl\":\"https:\/\/www.pogotowieflagowe.pl\/aktualne\/wp-content\/uploads\/2024\/08\/cropped-pogotowieflagowe_flaga_projekt_sm.jpg\",\"width\":250,\"height\":143,\"caption\":\"POGOTOWIE FLAGOWE\u00ae\"},\"image\":{\"@id\":\"https:\/\/www.pogotowieflagowe.pl\/aktualne\/#\/schema\/logo\/image\/\"}},{\"@type\":\"Person\",\"@id\":\"https:\/\/www.pogotowieflagowe.pl\/aktualne\/#\/schema\/person\/9c2fb7d2362ebf6fa088960d7f0d27b0\",\"name\":\"Filip\",\"image\":{\"@type\":\"ImageObject\",\"inLanguage\":\"pl-PL\",\"@id\":\"https:\/\/www.pogotowieflagowe.pl\/aktualne\/#\/schema\/person\/image\/\",\"url\":\"https:\/\/www.pogotowieflagowe.pl\/aktualne\/wp-content\/uploads\/2024\/08\/pogotowieflagowe.pl_.jpg\",\"contentUrl\":\"https:\/\/www.pogotowieflagowe.pl\/aktualne\/wp-content\/uploads\/2024\/08\/pogotowieflagowe.pl_.jpg\",\"caption\":\"Filip\"},\"description\":\"Jestem Filip, polski dziennikarz z dyplomem nauk politycznych Uniwersytetu Warszawskiego. Rozpoczynaj\u0105c swoj\u0105 karier\u0119 w r\u00f3\u017cnych lokalnych mediach, zdoby\u0142em solidne do\u015bwiadczenie w zakresie \u015bledztwa i redakcji. Obecnie jako redaktor w Pogotowie flagowe, staram si\u0119 dostarcza\u0107 dog\u0142\u0119bne i istotne analizy na temat najwa\u017cniejszych kwestii aktualno\u015bci, \u0142\u0105cz\u0105c rygor z pasj\u0105 dziennikarsk\u0105.\",\"sameAs\":[\"https:\/\/www.pogotowieflagowe.pl\/\"]}]}<\/script>\n<!-- \/ Yoast SEO plugin. -->","yoast_head_json":{"title":"Narodziny dziennikarstwa polskiego: spojrzenie na \u201eMerkuriusza Polskiego\u201d - POGOTOWIE FLAGOWE\u00ae","robots":{"index":"index","follow":"follow","max-snippet":"max-snippet:-1","max-image-preview":"max-image-preview:large","max-video-preview":"max-video-preview:-1"},"canonical":"https:\/\/www.pogotowieflagowe.pl\/aktualne\/narodziny-dziennikarstwa-polskiego-spojrzenie-na-merkuriusza-polskiego\/","og_locale":"pl_PL","og_type":"article","og_title":"Narodziny dziennikarstwa polskiego: spojrzenie na \u201eMerkuriusza Polskiego\u201d - POGOTOWIE FLAGOWE\u00ae","og_description":"3 stycznia 1661 roku w mie\u015bcie Krakowie nast\u0105pi\u0142 prze\u0142omowy moment w dziejach medi\u00f3w polskich wraz z publikacj\u0105 pierwszego numeru \u201eDziennika\u201d.","og_url":"https:\/\/www.pogotowieflagowe.pl\/aktualne\/narodziny-dziennikarstwa-polskiego-spojrzenie-na-merkuriusza-polskiego\/","og_site_name":"POGOTOWIE FLAGOWE\u00ae","article_published_time":"2025-01-05T17:47:04+00:00","article_modified_time":"2025-01-05T17:47:08+00:00","og_image":[{"width":1920,"height":1280,"url":"https:\/\/www.pogotowieflagowe.pl\/aktualne\/wp-content\/uploads\/2025\/01\/Narodziny-dziennikarstwa-polskiego-spojrzenie-na-\u201eMerkuriusza-Polskiego.jpg","type":"image\/jpeg"}],"author":"Filip","twitter_card":"summary_large_image","twitter_misc":{"Napisane przez":"Filip","Szacowany czas czytania":"2 minuty"},"schema":{"@context":"https:\/\/schema.org","@graph":[{"@type":"Article","@id":"https:\/\/www.pogotowieflagowe.pl\/aktualne\/narodziny-dziennikarstwa-polskiego-spojrzenie-na-merkuriusza-polskiego\/#article","isPartOf":{"@id":"https:\/\/www.pogotowieflagowe.pl\/aktualne\/narodziny-dziennikarstwa-polskiego-spojrzenie-na-merkuriusza-polskiego\/"},"author":{"name":"Filip","@id":"https:\/\/www.pogotowieflagowe.pl\/aktualne\/#\/schema\/person\/9c2fb7d2362ebf6fa088960d7f0d27b0"},"headline":"Narodziny dziennikarstwa polskiego: spojrzenie na \u201eMerkuriusza Polskiego\u201d","datePublished":"2025-01-05T17:47:04+00:00","dateModified":"2025-01-05T17:47:08+00:00","mainEntityOfPage":{"@id":"https:\/\/www.pogotowieflagowe.pl\/aktualne\/narodziny-dziennikarstwa-polskiego-spojrzenie-na-merkuriusza-polskiego\/"},"wordCount":368,"publisher":{"@id":"https:\/\/www.pogotowieflagowe.pl\/aktualne\/#organization"},"image":{"@id":"https:\/\/www.pogotowieflagowe.pl\/aktualne\/narodziny-dziennikarstwa-polskiego-spojrzenie-na-merkuriusza-polskiego\/#primaryimage"},"thumbnailUrl":"https:\/\/www.pogotowieflagowe.pl\/aktualne\/wp-content\/uploads\/2025\/01\/Narodziny-dziennikarstwa-polskiego-spojrzenie-na-\u201eMerkuriusza-Polskiego.jpg","keywords":["dziennikarstwa","Merkuriusza","narodziny","Polskiego","spojrzenie"],"articleSection":["Styl \u017cycia"],"inLanguage":"pl-PL"},{"@type":"WebPage","@id":"https:\/\/www.pogotowieflagowe.pl\/aktualne\/narodziny-dziennikarstwa-polskiego-spojrzenie-na-merkuriusza-polskiego\/","url":"https:\/\/www.pogotowieflagowe.pl\/aktualne\/narodziny-dziennikarstwa-polskiego-spojrzenie-na-merkuriusza-polskiego\/","name":"Narodziny dziennikarstwa polskiego: spojrzenie na \u201eMerkuriusza Polskiego\u201d - POGOTOWIE FLAGOWE\u00ae","isPartOf":{"@id":"https:\/\/www.pogotowieflagowe.pl\/aktualne\/#website"},"primaryImageOfPage":{"@id":"https:\/\/www.pogotowieflagowe.pl\/aktualne\/narodziny-dziennikarstwa-polskiego-spojrzenie-na-merkuriusza-polskiego\/#primaryimage"},"image":{"@id":"https:\/\/www.pogotowieflagowe.pl\/aktualne\/narodziny-dziennikarstwa-polskiego-spojrzenie-na-merkuriusza-polskiego\/#primaryimage"},"thumbnailUrl":"https:\/\/www.pogotowieflagowe.pl\/aktualne\/wp-content\/uploads\/2025\/01\/Narodziny-dziennikarstwa-polskiego-spojrzenie-na-\u201eMerkuriusza-Polskiego.jpg","datePublished":"2025-01-05T17:47:04+00:00","dateModified":"2025-01-05T17:47:08+00:00","breadcrumb":{"@id":"https:\/\/www.pogotowieflagowe.pl\/aktualne\/narodziny-dziennikarstwa-polskiego-spojrzenie-na-merkuriusza-polskiego\/#breadcrumb"},"inLanguage":"pl-PL","potentialAction":[{"@type":"ReadAction","target":["https:\/\/www.pogotowieflagowe.pl\/aktualne\/narodziny-dziennikarstwa-polskiego-spojrzenie-na-merkuriusza-polskiego\/"]}]},{"@type":"ImageObject","inLanguage":"pl-PL","@id":"https:\/\/www.pogotowieflagowe.pl\/aktualne\/narodziny-dziennikarstwa-polskiego-spojrzenie-na-merkuriusza-polskiego\/#primaryimage","url":"https:\/\/www.pogotowieflagowe.pl\/aktualne\/wp-content\/uploads\/2025\/01\/Narodziny-dziennikarstwa-polskiego-spojrzenie-na-\u201eMerkuriusza-Polskiego.jpg","contentUrl":"https:\/\/www.pogotowieflagowe.pl\/aktualne\/wp-content\/uploads\/2025\/01\/Narodziny-dziennikarstwa-polskiego-spojrzenie-na-\u201eMerkuriusza-Polskiego.jpg","width":1920,"height":1280,"caption":"Narodziny dziennikarstwa polskiego: spojrzenie na \u201eMerkuriusza Polskiego\u201d"},{"@type":"BreadcrumbList","@id":"https:\/\/www.pogotowieflagowe.pl\/aktualne\/narodziny-dziennikarstwa-polskiego-spojrzenie-na-merkuriusza-polskiego\/#breadcrumb","itemListElement":[{"@type":"ListItem","position":1,"name":"Home","item":"https:\/\/www.pogotowieflagowe.pl\/aktualne\/"},{"@type":"ListItem","position":2,"name":"Narodziny dziennikarstwa polskiego: spojrzenie na \u201eMerkuriusza Polskiego\u201d"}]},{"@type":"WebSite","@id":"https:\/\/www.pogotowieflagowe.pl\/aktualne\/#website","url":"https:\/\/www.pogotowieflagowe.pl\/aktualne\/","name":"POGOTOWIE FLAGOWE\u00ae","description":"","publisher":{"@id":"https:\/\/www.pogotowieflagowe.pl\/aktualne\/#organization"},"potentialAction":[{"@type":"SearchAction","target":{"@type":"EntryPoint","urlTemplate":"https:\/\/www.pogotowieflagowe.pl\/aktualne\/?s={search_term_string}"},"query-input":"required name=search_term_string"}],"inLanguage":"pl-PL"},{"@type":"Organization","@id":"https:\/\/www.pogotowieflagowe.pl\/aktualne\/#organization","name":"POGOTOWIE FLAGOWE\u00ae","url":"https:\/\/www.pogotowieflagowe.pl\/aktualne\/","logo":{"@type":"ImageObject","inLanguage":"pl-PL","@id":"https:\/\/www.pogotowieflagowe.pl\/aktualne\/#\/schema\/logo\/image\/","url":"https:\/\/www.pogotowieflagowe.pl\/aktualne\/wp-content\/uploads\/2024\/08\/cropped-pogotowieflagowe_flaga_projekt_sm.jpg","contentUrl":"https:\/\/www.pogotowieflagowe.pl\/aktualne\/wp-content\/uploads\/2024\/08\/cropped-pogotowieflagowe_flaga_projekt_sm.jpg","width":250,"height":143,"caption":"POGOTOWIE FLAGOWE\u00ae"},"image":{"@id":"https:\/\/www.pogotowieflagowe.pl\/aktualne\/#\/schema\/logo\/image\/"}},{"@type":"Person","@id":"https:\/\/www.pogotowieflagowe.pl\/aktualne\/#\/schema\/person\/9c2fb7d2362ebf6fa088960d7f0d27b0","name":"Filip","image":{"@type":"ImageObject","inLanguage":"pl-PL","@id":"https:\/\/www.pogotowieflagowe.pl\/aktualne\/#\/schema\/person\/image\/","url":"https:\/\/www.pogotowieflagowe.pl\/aktualne\/wp-content\/uploads\/2024\/08\/pogotowieflagowe.pl_.jpg","contentUrl":"https:\/\/www.pogotowieflagowe.pl\/aktualne\/wp-content\/uploads\/2024\/08\/pogotowieflagowe.pl_.jpg","caption":"Filip"},"description":"Jestem Filip, polski dziennikarz z dyplomem nauk politycznych Uniwersytetu Warszawskiego. Rozpoczynaj\u0105c swoj\u0105 karier\u0119 w r\u00f3\u017cnych lokalnych mediach, zdoby\u0142em solidne do\u015bwiadczenie w zakresie \u015bledztwa i redakcji. Obecnie jako redaktor w Pogotowie flagowe, staram si\u0119 dostarcza\u0107 dog\u0142\u0119bne i istotne analizy na temat najwa\u017cniejszych kwestii aktualno\u015bci, \u0142\u0105cz\u0105c rygor z pasj\u0105 dziennikarsk\u0105.","sameAs":["https:\/\/www.pogotowieflagowe.pl\/"]}]}},"_links":{"self":[{"href":"https:\/\/www.pogotowieflagowe.pl\/aktualne\/wp-json\/wp\/v2\/posts\/2858","targetHints":{"allow":["GET"]}}],"collection":[{"href":"https:\/\/www.pogotowieflagowe.pl\/aktualne\/wp-json\/wp\/v2\/posts"}],"about":[{"href":"https:\/\/www.pogotowieflagowe.pl\/aktualne\/wp-json\/wp\/v2\/types\/post"}],"author":[{"embeddable":true,"href":"https:\/\/www.pogotowieflagowe.pl\/aktualne\/wp-json\/wp\/v2\/users\/1"}],"replies":[{"embeddable":true,"href":"https:\/\/www.pogotowieflagowe.pl\/aktualne\/wp-json\/wp\/v2\/comments?post=2858"}],"version-history":[{"count":1,"href":"https:\/\/www.pogotowieflagowe.pl\/aktualne\/wp-json\/wp\/v2\/posts\/2858\/revisions"}],"predecessor-version":[{"id":2860,"href":"https:\/\/www.pogotowieflagowe.pl\/aktualne\/wp-json\/wp\/v2\/posts\/2858\/revisions\/2860"}],"wp:featuredmedia":[{"embeddable":true,"href":"https:\/\/www.pogotowieflagowe.pl\/aktualne\/wp-json\/wp\/v2\/media\/2859"}],"wp:attachment":[{"href":"https:\/\/www.pogotowieflagowe.pl\/aktualne\/wp-json\/wp\/v2\/media?parent=2858"}],"wp:term":[{"taxonomy":"category","embeddable":true,"href":"https:\/\/www.pogotowieflagowe.pl\/aktualne\/wp-json\/wp\/v2\/categories?post=2858"},{"taxonomy":"post_tag","embeddable":true,"href":"https:\/\/www.pogotowieflagowe.pl\/aktualne\/wp-json\/wp\/v2\/tags?post=2858"}],"curies":[{"name":"wp","href":"https:\/\/api.w.org\/{rel}","templated":true}]}}