{"id":2888,"date":"2025-01-06T17:46:48","date_gmt":"2025-01-06T16:46:48","guid":{"rendered":"https:\/\/www.pogotowieflagowe.pl\/aktualne\/tusk-kontra-republica-tv-goraca-wymiana-zdan-na-temat-kampanii-publicznych\/"},"modified":"2025-01-06T17:46:49","modified_gmt":"2025-01-06T16:46:49","slug":"tusk-kontra-republica-tv-goraca-wymiana-zdan-na-temat-kampanii-publicznych","status":"publish","type":"post","link":"https:\/\/www.pogotowieflagowe.pl\/aktualne\/tusk-kontra-republica-tv-goraca-wymiana-zdan-na-temat-kampanii-publicznych\/","title":{"rendered":"Tusk kontra Republica TV: gor\u0105ca wymiana zda\u0144 na temat kampanii publicznych"},"content":{"rendered":"\n<div class=\"td_block_wrap tdb_single_content tdi_48 td-pb-border-top td_block_template_8 td-post-content tagdiv-type\" data-td-block-uid=\"tdi_48\">\n<style>.tdi_48{margines-g\u00f3rny:0px!important;margin-bottom:0px!important;dope\u0142nienie-g\u00f3ra:0px!important;dope\u0142nienie-d\u00f3\u0142:0px!important}<\/style>\n<style>.tdb_single_content{margin-bottom:0;*zoom:1}.tdb_single_content:before,.tdb_single_content:after{display:table;content:'';line-height:0}.tdb_single_content:after{clear:both}.tdb_single_content .tdb-block-inner>*:not(.wp-block-quote):not(.alignwide):not(.alignfull.wp-block-cover.has-parallax):not(.td-a-ad) {margin-left:auto;margin-right:auto}.tdb_single_content a{pointer-events:auto}.tdb_single_content .td-spot-id-top_ad .tdc-placeholder-title:before{content:'Article Top Ad'!important}.tdb_single_content .td-spot-id-inline_ad0 .tdc-placeholder-title:before{content:'Article Reklama wbudowana 1'!important}.tdb_single_content .td-spot-id-inline_ad1 .tdc-placeholder-title:before{content:'Article Inline Ad 2'!important}.tdb_single_content .td-spot-id-inline_ad2 .tdc-placeholder-title:before{content:' Reklama wbudowana w artyku\u0142 3'!important}.tdb_single_content .td-spot-id-bottom_ad .tdc-placeholder-title:before{content:'Article Bottom Ad'!important}.tdb_single_content .id_top_ad,.tdb_single_content .id_bottom_ad{clear:both;margin-bottom:21px;text-align:center}.tdb_single_content .id_top_ad img,.tdb_single_content .id_bottom_ad img{margin-bottom:0}.tdb_single_content .id_top_ad .adsbygoogle,.tdb_single_content .id_bottom_ad .adsbygoogle{position:relative}.tdb_single_content .id_ad_content-horiz-left,.tdb_single_content .id_ad_content-horiz-right,.tdb_single_content .id_ad_content-horiz-center{margin-bottom:15px}.tdb_single_content .id_ad_content-horiz-left img,.tdb_single_content .id_ad_content-horiz-right img,.tdb_single_content .id_ad_content-horiz-center img{margin-bottom:0}.tdb_single_content .id_ad_content-horiz-center{text-align:center}.tdb_single_content .id_ad_content-horiz-center img{margin-right:auto;margin-left:auto}.tdb_single_content .id_ad_content-horiz-left{float:left;margin-top:9px;margin-right:21px}.tdb_single_content .id_ad_content-horiz-right{float:right;margin-top:6px;margin-left:21px}.tdb_single_content .tdc-a-ad .tdc-placeholder-title{width:300px;height:250px}.tdb_single_content .tdc-a-ad .tdc-placeholder-title:before{position:absolute;top:50%;-webkit-transform:translateY(-50%);transform:translateY(-50%);margines:auto;display:table;width:100 %}.tdb_single_content .tdb-block-inner.td-fix-index{word-break:break-word}.tdi_48,.tdi_48>p,.tdi_48 .tdb-block-inner>p{font-size:16px!important;line- wysoko\u015b\u0107:1,6!wa\u017cne}.tdi_48 .tdb-block-inner blockquote p{font-style:normal!important}@media (max-width:767px){.tdb_single_content .id_ad_content-horiz-left,.tdb_single_content .id_ad_content-horiz-right,.tdb_single_content .id_ad_content-horiz-center{margin:0 automatyczny 26px auto}}@media (max-width:767px){.tdb_single_content .id_ad_content-horiz-left{margin-right:0}}@media (max-width:767px){.tdb_single_content .id_ad_content-horiz-right{margin -left:0}}@media (max-width:767px){.tdb_single_content .td-a-ad{float:none;text-align:center}.tdb_single_content .td-a-ad img{margin-right:auto;margin-left:auto}. tdb_single_content .tdc-a-ad{float:none}}<\/style>\n<div class=\"tdb-block-inner td-fix-index\">\n<p><strong>Niezale\u017cna kampania \u201eNie daj\u0119 Owsiakowi, wspieram Republik\u0119\u201d, zainicjowana przez Kluby Gazety Polskiej i widz\u00f3w Telewizji Republika, wywo\u0142a\u0142a kontrowersje. Ten oddolny ruch zrodzi\u0142 si\u0119 z frustracji wywo\u0142anej nierozwi\u0105zanymi kwestiami, takimi jak niewystarczaj\u0105ca pomoc dla ofiar powodzi i postrzegane upolitycznienie Wielkiej Orkiestry \u015awi\u0105tecznej Pomocy (WO\u015aP) Jerzego Owsiaka. Krytycy twierdz\u0105, \u017ce WO\u015aP \u017ale przydzieli\u0142 \u015brodki publiczne i w niew\u0142a\u015bciwy spos\u00f3b wp\u0142yn\u0105\u0142 na wybory w Polsce w 2023 r., co jeszcze bardziej podsyci\u0142o wezwania do bojkotu.<\/strong><\/p>\n<h2 class=\"wp-block-heading\"><strong>Odpowied\u017a Tuska i reakcja spo\u0142ecze\u0144stwa<\/strong><\/h2>\n<p>Premier Donald Tusk pot\u0119pi\u0142 kampani\u0119, zarzucaj\u0105c Republice sprzyjanie podzia\u0142om. W mediach spo\u0142eczno\u015bciowych por\u00f3wna\u0142 wysi\u0142ki Republici do \u201efinansowania medi\u00f3w przepe\u0142nionych nienawi\u015bci\u0105\u201d. Jednak jego komentarze przynios\u0142y odwrotny skutek, u\u017cytkownicy krytykowali spos\u00f3b, w jaki rz\u0105d zajmuje si\u0119 pomoc\u0105 i kwestionowali przejrzysto\u015b\u0107 finansow\u0105 WO\u015aP.<\/p>\n<p>Redaktor naczelny Republica TV Tomasz Sakiewicz odpowiedzia\u0142 zjadliw\u0105 krytyk\u0105 kierownictwa Tuska, zarzucaj\u0105c mu alienacj\u0119 spo\u0142ecze\u0144stwa i podsycanie niech\u0119ci. Cytuj\u0105c Sienkiewicza <em>Quo Vadis<\/em>Sakiewicz por\u00f3wna\u0142 rz\u0105dy Tuska do teatralnej farsy, sugeruj\u0105c, \u017ce utraci\u0142 on zaufanie i mi\u0142o\u015b\u0107 narodu.<\/p>\n<p>Wymiana zda\u0144 uwypukli\u0142a g\u0142\u0119bokie podzia\u0142y w krajobrazie politycznym i spo\u0142ecznym Polski, odzwierciedlaj\u0105c szersze niezadowolenie i polaryzacj\u0119.<\/p>\n<\/div>\n<\/div>\n","protected":false},"excerpt":{"rendered":"<p>Niezale\u017cna kampania \u201eNie daj\u0119 Owsiakowi, wspieram Republik\u0119\u201d, zainicjowana przez Kluby Gazety Polskiej i widz\u00f3w Telewizji Republika, wywo\u0142a\u0142a kontrowersje. Ten oddolny<\/p>\n","protected":false},"author":1,"featured_media":2663,"comment_status":"closed","ping_status":"","sticky":false,"template":"","format":"standard","meta":{"footnotes":""},"categories":[44],"tags":[3147,1885,29,4272,4269,412,221,4270,4271],"class_list":["post-2888","post","type-post","status-publish","format-standard","has-post-thumbnail","hentry","category-polityka","tag-goraca","tag-kampanii","tag-kontra","tag-publicznych","tag-republica","tag-temat","tag-tusk","tag-wymiana","tag-zdan","generate-columns","tablet-grid-50","mobile-grid-100","grid-parent","grid-50","resize-featured-image"],"yoast_head":"<!-- This site is optimized with the Yoast SEO plugin v23.2 - https:\/\/yoast.com\/wordpress\/plugins\/seo\/ -->\n<title>Tusk kontra Republica TV: gor\u0105ca wymiana zda\u0144 na temat kampanii publicznych - POGOTOWIE FLAGOWE\u00ae<\/title>\n<meta name=\"robots\" content=\"index, follow, max-snippet:-1, max-image-preview:large, max-video-preview:-1\" \/>\n<link rel=\"canonical\" href=\"https:\/\/www.pogotowieflagowe.pl\/aktualne\/tusk-kontra-republica-tv-goraca-wymiana-zdan-na-temat-kampanii-publicznych\/\" \/>\n<meta property=\"og:locale\" content=\"pl_PL\" \/>\n<meta property=\"og:type\" content=\"article\" \/>\n<meta property=\"og:title\" content=\"Tusk kontra Republica TV: gor\u0105ca wymiana zda\u0144 na temat kampanii publicznych - POGOTOWIE FLAGOWE\u00ae\" \/>\n<meta property=\"og:description\" content=\"Niezale\u017cna kampania \u201eNie daj\u0119 Owsiakowi, wspieram Republik\u0119\u201d, zainicjowana przez Kluby Gazety Polskiej i widz\u00f3w Telewizji Republika, wywo\u0142a\u0142a kontrowersje. Ten oddolny\" \/>\n<meta property=\"og:url\" content=\"https:\/\/www.pogotowieflagowe.pl\/aktualne\/tusk-kontra-republica-tv-goraca-wymiana-zdan-na-temat-kampanii-publicznych\/\" \/>\n<meta property=\"og:site_name\" content=\"POGOTOWIE FLAGOWE\u00ae\" \/>\n<meta property=\"article:published_time\" content=\"2025-01-06T16:46:48+00:00\" \/>\n<meta property=\"article:modified_time\" content=\"2025-01-06T16:46:49+00:00\" \/>\n<meta property=\"og:image\" content=\"https:\/\/www.pogotowieflagowe.pl\/aktualne\/wp-content\/uploads\/2024\/12\/Nalot-Tuska-na-klasztor-Borowiak-dla-Niezaleznapl-\u2013-\u201eTak-komunisci-scaled.jpg\" \/>\n\t<meta property=\"og:image:width\" content=\"2560\" \/>\n\t<meta property=\"og:image:height\" content=\"1453\" \/>\n\t<meta property=\"og:image:type\" content=\"image\/jpeg\" \/>\n<meta name=\"author\" content=\"Filip\" \/>\n<meta name=\"twitter:card\" content=\"summary_large_image\" \/>\n<meta name=\"twitter:label1\" content=\"Napisane przez\" \/>\n\t<meta name=\"twitter:data1\" content=\"Filip\" \/>\n\t<meta name=\"twitter:label2\" content=\"Szacowany czas czytania\" \/>\n\t<meta name=\"twitter:data2\" content=\"1 minuta\" \/>\n<script type=\"application\/ld+json\" class=\"yoast-schema-graph\">{\"@context\":\"https:\/\/schema.org\",\"@graph\":[{\"@type\":\"Article\",\"@id\":\"https:\/\/www.pogotowieflagowe.pl\/aktualne\/tusk-kontra-republica-tv-goraca-wymiana-zdan-na-temat-kampanii-publicznych\/#article\",\"isPartOf\":{\"@id\":\"https:\/\/www.pogotowieflagowe.pl\/aktualne\/tusk-kontra-republica-tv-goraca-wymiana-zdan-na-temat-kampanii-publicznych\/\"},\"author\":{\"name\":\"Filip\",\"@id\":\"https:\/\/www.pogotowieflagowe.pl\/aktualne\/#\/schema\/person\/9c2fb7d2362ebf6fa088960d7f0d27b0\"},\"headline\":\"Tusk kontra Republica TV: gor\u0105ca wymiana zda\u0144 na temat kampanii publicznych\",\"datePublished\":\"2025-01-06T16:46:48+00:00\",\"dateModified\":\"2025-01-06T16:46:49+00:00\",\"mainEntityOfPage\":{\"@id\":\"https:\/\/www.pogotowieflagowe.pl\/aktualne\/tusk-kontra-republica-tv-goraca-wymiana-zdan-na-temat-kampanii-publicznych\/\"},\"wordCount\":226,\"publisher\":{\"@id\":\"https:\/\/www.pogotowieflagowe.pl\/aktualne\/#organization\"},\"image\":{\"@id\":\"https:\/\/www.pogotowieflagowe.pl\/aktualne\/tusk-kontra-republica-tv-goraca-wymiana-zdan-na-temat-kampanii-publicznych\/#primaryimage\"},\"thumbnailUrl\":\"https:\/\/www.pogotowieflagowe.pl\/aktualne\/wp-content\/uploads\/2024\/12\/Nalot-Tuska-na-klasztor-Borowiak-dla-Niezaleznapl-\u2013-\u201eTak-komunisci-scaled.jpg\",\"keywords\":[\"Gor\u0105ca\",\"kampanii\",\"kontra\",\"publicznych\",\"Republica\",\"temat\",\"Tusk\",\"wymiana\",\"zda\u0144\"],\"articleSection\":[\"Polityka\"],\"inLanguage\":\"pl-PL\"},{\"@type\":\"WebPage\",\"@id\":\"https:\/\/www.pogotowieflagowe.pl\/aktualne\/tusk-kontra-republica-tv-goraca-wymiana-zdan-na-temat-kampanii-publicznych\/\",\"url\":\"https:\/\/www.pogotowieflagowe.pl\/aktualne\/tusk-kontra-republica-tv-goraca-wymiana-zdan-na-temat-kampanii-publicznych\/\",\"name\":\"Tusk kontra Republica TV: gor\u0105ca wymiana zda\u0144 na temat kampanii publicznych - POGOTOWIE FLAGOWE\u00ae\",\"isPartOf\":{\"@id\":\"https:\/\/www.pogotowieflagowe.pl\/aktualne\/#website\"},\"primaryImageOfPage\":{\"@id\":\"https:\/\/www.pogotowieflagowe.pl\/aktualne\/tusk-kontra-republica-tv-goraca-wymiana-zdan-na-temat-kampanii-publicznych\/#primaryimage\"},\"image\":{\"@id\":\"https:\/\/www.pogotowieflagowe.pl\/aktualne\/tusk-kontra-republica-tv-goraca-wymiana-zdan-na-temat-kampanii-publicznych\/#primaryimage\"},\"thumbnailUrl\":\"https:\/\/www.pogotowieflagowe.pl\/aktualne\/wp-content\/uploads\/2024\/12\/Nalot-Tuska-na-klasztor-Borowiak-dla-Niezaleznapl-\u2013-\u201eTak-komunisci-scaled.jpg\",\"datePublished\":\"2025-01-06T16:46:48+00:00\",\"dateModified\":\"2025-01-06T16:46:49+00:00\",\"breadcrumb\":{\"@id\":\"https:\/\/www.pogotowieflagowe.pl\/aktualne\/tusk-kontra-republica-tv-goraca-wymiana-zdan-na-temat-kampanii-publicznych\/#breadcrumb\"},\"inLanguage\":\"pl-PL\",\"potentialAction\":[{\"@type\":\"ReadAction\",\"target\":[\"https:\/\/www.pogotowieflagowe.pl\/aktualne\/tusk-kontra-republica-tv-goraca-wymiana-zdan-na-temat-kampanii-publicznych\/\"]}]},{\"@type\":\"ImageObject\",\"inLanguage\":\"pl-PL\",\"@id\":\"https:\/\/www.pogotowieflagowe.pl\/aktualne\/tusk-kontra-republica-tv-goraca-wymiana-zdan-na-temat-kampanii-publicznych\/#primaryimage\",\"url\":\"https:\/\/www.pogotowieflagowe.pl\/aktualne\/wp-content\/uploads\/2024\/12\/Nalot-Tuska-na-klasztor-Borowiak-dla-Niezaleznapl-\u2013-\u201eTak-komunisci-scaled.jpg\",\"contentUrl\":\"https:\/\/www.pogotowieflagowe.pl\/aktualne\/wp-content\/uploads\/2024\/12\/Nalot-Tuska-na-klasztor-Borowiak-dla-Niezaleznapl-\u2013-\u201eTak-komunisci-scaled.jpg\",\"width\":2560,\"height\":1453,\"caption\":\"Nalot Tuska na klasztor: Borowiak dla Niezalezna.pl \u2013 \u201eTak komuni\u015bci walczyli z Ko\u015bcio\u0142em\u201d\"},{\"@type\":\"BreadcrumbList\",\"@id\":\"https:\/\/www.pogotowieflagowe.pl\/aktualne\/tusk-kontra-republica-tv-goraca-wymiana-zdan-na-temat-kampanii-publicznych\/#breadcrumb\",\"itemListElement\":[{\"@type\":\"ListItem\",\"position\":1,\"name\":\"Home\",\"item\":\"https:\/\/www.pogotowieflagowe.pl\/aktualne\/\"},{\"@type\":\"ListItem\",\"position\":2,\"name\":\"Tusk kontra Republica TV: gor\u0105ca wymiana zda\u0144 na temat kampanii publicznych\"}]},{\"@type\":\"WebSite\",\"@id\":\"https:\/\/www.pogotowieflagowe.pl\/aktualne\/#website\",\"url\":\"https:\/\/www.pogotowieflagowe.pl\/aktualne\/\",\"name\":\"POGOTOWIE FLAGOWE\u00ae\",\"description\":\"\",\"publisher\":{\"@id\":\"https:\/\/www.pogotowieflagowe.pl\/aktualne\/#organization\"},\"potentialAction\":[{\"@type\":\"SearchAction\",\"target\":{\"@type\":\"EntryPoint\",\"urlTemplate\":\"https:\/\/www.pogotowieflagowe.pl\/aktualne\/?s={search_term_string}\"},\"query-input\":\"required name=search_term_string\"}],\"inLanguage\":\"pl-PL\"},{\"@type\":\"Organization\",\"@id\":\"https:\/\/www.pogotowieflagowe.pl\/aktualne\/#organization\",\"name\":\"POGOTOWIE FLAGOWE\u00ae\",\"url\":\"https:\/\/www.pogotowieflagowe.pl\/aktualne\/\",\"logo\":{\"@type\":\"ImageObject\",\"inLanguage\":\"pl-PL\",\"@id\":\"https:\/\/www.pogotowieflagowe.pl\/aktualne\/#\/schema\/logo\/image\/\",\"url\":\"https:\/\/www.pogotowieflagowe.pl\/aktualne\/wp-content\/uploads\/2024\/08\/cropped-pogotowieflagowe_flaga_projekt_sm.jpg\",\"contentUrl\":\"https:\/\/www.pogotowieflagowe.pl\/aktualne\/wp-content\/uploads\/2024\/08\/cropped-pogotowieflagowe_flaga_projekt_sm.jpg\",\"width\":250,\"height\":143,\"caption\":\"POGOTOWIE FLAGOWE\u00ae\"},\"image\":{\"@id\":\"https:\/\/www.pogotowieflagowe.pl\/aktualne\/#\/schema\/logo\/image\/\"}},{\"@type\":\"Person\",\"@id\":\"https:\/\/www.pogotowieflagowe.pl\/aktualne\/#\/schema\/person\/9c2fb7d2362ebf6fa088960d7f0d27b0\",\"name\":\"Filip\",\"image\":{\"@type\":\"ImageObject\",\"inLanguage\":\"pl-PL\",\"@id\":\"https:\/\/www.pogotowieflagowe.pl\/aktualne\/#\/schema\/person\/image\/\",\"url\":\"https:\/\/www.pogotowieflagowe.pl\/aktualne\/wp-content\/uploads\/2024\/08\/pogotowieflagowe.pl_.jpg\",\"contentUrl\":\"https:\/\/www.pogotowieflagowe.pl\/aktualne\/wp-content\/uploads\/2024\/08\/pogotowieflagowe.pl_.jpg\",\"caption\":\"Filip\"},\"description\":\"Jestem Filip, polski dziennikarz z dyplomem nauk politycznych Uniwersytetu Warszawskiego. Rozpoczynaj\u0105c swoj\u0105 karier\u0119 w r\u00f3\u017cnych lokalnych mediach, zdoby\u0142em solidne do\u015bwiadczenie w zakresie \u015bledztwa i redakcji. Obecnie jako redaktor w Pogotowie flagowe, staram si\u0119 dostarcza\u0107 dog\u0142\u0119bne i istotne analizy na temat najwa\u017cniejszych kwestii aktualno\u015bci, \u0142\u0105cz\u0105c rygor z pasj\u0105 dziennikarsk\u0105.\",\"sameAs\":[\"https:\/\/www.pogotowieflagowe.pl\/\"]}]}<\/script>\n<!-- \/ Yoast SEO plugin. -->","yoast_head_json":{"title":"Tusk kontra Republica TV: gor\u0105ca wymiana zda\u0144 na temat kampanii publicznych - POGOTOWIE FLAGOWE\u00ae","robots":{"index":"index","follow":"follow","max-snippet":"max-snippet:-1","max-image-preview":"max-image-preview:large","max-video-preview":"max-video-preview:-1"},"canonical":"https:\/\/www.pogotowieflagowe.pl\/aktualne\/tusk-kontra-republica-tv-goraca-wymiana-zdan-na-temat-kampanii-publicznych\/","og_locale":"pl_PL","og_type":"article","og_title":"Tusk kontra Republica TV: gor\u0105ca wymiana zda\u0144 na temat kampanii publicznych - POGOTOWIE FLAGOWE\u00ae","og_description":"Niezale\u017cna kampania \u201eNie daj\u0119 Owsiakowi, wspieram Republik\u0119\u201d, zainicjowana przez Kluby Gazety Polskiej i widz\u00f3w Telewizji Republika, wywo\u0142a\u0142a kontrowersje. Ten oddolny","og_url":"https:\/\/www.pogotowieflagowe.pl\/aktualne\/tusk-kontra-republica-tv-goraca-wymiana-zdan-na-temat-kampanii-publicznych\/","og_site_name":"POGOTOWIE FLAGOWE\u00ae","article_published_time":"2025-01-06T16:46:48+00:00","article_modified_time":"2025-01-06T16:46:49+00:00","og_image":[{"width":2560,"height":1453,"url":"https:\/\/www.pogotowieflagowe.pl\/aktualne\/wp-content\/uploads\/2024\/12\/Nalot-Tuska-na-klasztor-Borowiak-dla-Niezaleznapl-\u2013-\u201eTak-komunisci-scaled.jpg","type":"image\/jpeg"}],"author":"Filip","twitter_card":"summary_large_image","twitter_misc":{"Napisane przez":"Filip","Szacowany czas czytania":"1 minuta"},"schema":{"@context":"https:\/\/schema.org","@graph":[{"@type":"Article","@id":"https:\/\/www.pogotowieflagowe.pl\/aktualne\/tusk-kontra-republica-tv-goraca-wymiana-zdan-na-temat-kampanii-publicznych\/#article","isPartOf":{"@id":"https:\/\/www.pogotowieflagowe.pl\/aktualne\/tusk-kontra-republica-tv-goraca-wymiana-zdan-na-temat-kampanii-publicznych\/"},"author":{"name":"Filip","@id":"https:\/\/www.pogotowieflagowe.pl\/aktualne\/#\/schema\/person\/9c2fb7d2362ebf6fa088960d7f0d27b0"},"headline":"Tusk kontra Republica TV: gor\u0105ca wymiana zda\u0144 na temat kampanii publicznych","datePublished":"2025-01-06T16:46:48+00:00","dateModified":"2025-01-06T16:46:49+00:00","mainEntityOfPage":{"@id":"https:\/\/www.pogotowieflagowe.pl\/aktualne\/tusk-kontra-republica-tv-goraca-wymiana-zdan-na-temat-kampanii-publicznych\/"},"wordCount":226,"publisher":{"@id":"https:\/\/www.pogotowieflagowe.pl\/aktualne\/#organization"},"image":{"@id":"https:\/\/www.pogotowieflagowe.pl\/aktualne\/tusk-kontra-republica-tv-goraca-wymiana-zdan-na-temat-kampanii-publicznych\/#primaryimage"},"thumbnailUrl":"https:\/\/www.pogotowieflagowe.pl\/aktualne\/wp-content\/uploads\/2024\/12\/Nalot-Tuska-na-klasztor-Borowiak-dla-Niezaleznapl-\u2013-\u201eTak-komunisci-scaled.jpg","keywords":["Gor\u0105ca","kampanii","kontra","publicznych","Republica","temat","Tusk","wymiana","zda\u0144"],"articleSection":["Polityka"],"inLanguage":"pl-PL"},{"@type":"WebPage","@id":"https:\/\/www.pogotowieflagowe.pl\/aktualne\/tusk-kontra-republica-tv-goraca-wymiana-zdan-na-temat-kampanii-publicznych\/","url":"https:\/\/www.pogotowieflagowe.pl\/aktualne\/tusk-kontra-republica-tv-goraca-wymiana-zdan-na-temat-kampanii-publicznych\/","name":"Tusk kontra Republica TV: gor\u0105ca wymiana zda\u0144 na temat kampanii publicznych - POGOTOWIE FLAGOWE\u00ae","isPartOf":{"@id":"https:\/\/www.pogotowieflagowe.pl\/aktualne\/#website"},"primaryImageOfPage":{"@id":"https:\/\/www.pogotowieflagowe.pl\/aktualne\/tusk-kontra-republica-tv-goraca-wymiana-zdan-na-temat-kampanii-publicznych\/#primaryimage"},"image":{"@id":"https:\/\/www.pogotowieflagowe.pl\/aktualne\/tusk-kontra-republica-tv-goraca-wymiana-zdan-na-temat-kampanii-publicznych\/#primaryimage"},"thumbnailUrl":"https:\/\/www.pogotowieflagowe.pl\/aktualne\/wp-content\/uploads\/2024\/12\/Nalot-Tuska-na-klasztor-Borowiak-dla-Niezaleznapl-\u2013-\u201eTak-komunisci-scaled.jpg","datePublished":"2025-01-06T16:46:48+00:00","dateModified":"2025-01-06T16:46:49+00:00","breadcrumb":{"@id":"https:\/\/www.pogotowieflagowe.pl\/aktualne\/tusk-kontra-republica-tv-goraca-wymiana-zdan-na-temat-kampanii-publicznych\/#breadcrumb"},"inLanguage":"pl-PL","potentialAction":[{"@type":"ReadAction","target":["https:\/\/www.pogotowieflagowe.pl\/aktualne\/tusk-kontra-republica-tv-goraca-wymiana-zdan-na-temat-kampanii-publicznych\/"]}]},{"@type":"ImageObject","inLanguage":"pl-PL","@id":"https:\/\/www.pogotowieflagowe.pl\/aktualne\/tusk-kontra-republica-tv-goraca-wymiana-zdan-na-temat-kampanii-publicznych\/#primaryimage","url":"https:\/\/www.pogotowieflagowe.pl\/aktualne\/wp-content\/uploads\/2024\/12\/Nalot-Tuska-na-klasztor-Borowiak-dla-Niezaleznapl-\u2013-\u201eTak-komunisci-scaled.jpg","contentUrl":"https:\/\/www.pogotowieflagowe.pl\/aktualne\/wp-content\/uploads\/2024\/12\/Nalot-Tuska-na-klasztor-Borowiak-dla-Niezaleznapl-\u2013-\u201eTak-komunisci-scaled.jpg","width":2560,"height":1453,"caption":"Nalot Tuska na klasztor: Borowiak dla Niezalezna.pl \u2013 \u201eTak komuni\u015bci walczyli z Ko\u015bcio\u0142em\u201d"},{"@type":"BreadcrumbList","@id":"https:\/\/www.pogotowieflagowe.pl\/aktualne\/tusk-kontra-republica-tv-goraca-wymiana-zdan-na-temat-kampanii-publicznych\/#breadcrumb","itemListElement":[{"@type":"ListItem","position":1,"name":"Home","item":"https:\/\/www.pogotowieflagowe.pl\/aktualne\/"},{"@type":"ListItem","position":2,"name":"Tusk kontra Republica TV: gor\u0105ca wymiana zda\u0144 na temat kampanii publicznych"}]},{"@type":"WebSite","@id":"https:\/\/www.pogotowieflagowe.pl\/aktualne\/#website","url":"https:\/\/www.pogotowieflagowe.pl\/aktualne\/","name":"POGOTOWIE FLAGOWE\u00ae","description":"","publisher":{"@id":"https:\/\/www.pogotowieflagowe.pl\/aktualne\/#organization"},"potentialAction":[{"@type":"SearchAction","target":{"@type":"EntryPoint","urlTemplate":"https:\/\/www.pogotowieflagowe.pl\/aktualne\/?s={search_term_string}"},"query-input":"required name=search_term_string"}],"inLanguage":"pl-PL"},{"@type":"Organization","@id":"https:\/\/www.pogotowieflagowe.pl\/aktualne\/#organization","name":"POGOTOWIE FLAGOWE\u00ae","url":"https:\/\/www.pogotowieflagowe.pl\/aktualne\/","logo":{"@type":"ImageObject","inLanguage":"pl-PL","@id":"https:\/\/www.pogotowieflagowe.pl\/aktualne\/#\/schema\/logo\/image\/","url":"https:\/\/www.pogotowieflagowe.pl\/aktualne\/wp-content\/uploads\/2024\/08\/cropped-pogotowieflagowe_flaga_projekt_sm.jpg","contentUrl":"https:\/\/www.pogotowieflagowe.pl\/aktualne\/wp-content\/uploads\/2024\/08\/cropped-pogotowieflagowe_flaga_projekt_sm.jpg","width":250,"height":143,"caption":"POGOTOWIE FLAGOWE\u00ae"},"image":{"@id":"https:\/\/www.pogotowieflagowe.pl\/aktualne\/#\/schema\/logo\/image\/"}},{"@type":"Person","@id":"https:\/\/www.pogotowieflagowe.pl\/aktualne\/#\/schema\/person\/9c2fb7d2362ebf6fa088960d7f0d27b0","name":"Filip","image":{"@type":"ImageObject","inLanguage":"pl-PL","@id":"https:\/\/www.pogotowieflagowe.pl\/aktualne\/#\/schema\/person\/image\/","url":"https:\/\/www.pogotowieflagowe.pl\/aktualne\/wp-content\/uploads\/2024\/08\/pogotowieflagowe.pl_.jpg","contentUrl":"https:\/\/www.pogotowieflagowe.pl\/aktualne\/wp-content\/uploads\/2024\/08\/pogotowieflagowe.pl_.jpg","caption":"Filip"},"description":"Jestem Filip, polski dziennikarz z dyplomem nauk politycznych Uniwersytetu Warszawskiego. Rozpoczynaj\u0105c swoj\u0105 karier\u0119 w r\u00f3\u017cnych lokalnych mediach, zdoby\u0142em solidne do\u015bwiadczenie w zakresie \u015bledztwa i redakcji. Obecnie jako redaktor w Pogotowie flagowe, staram si\u0119 dostarcza\u0107 dog\u0142\u0119bne i istotne analizy na temat najwa\u017cniejszych kwestii aktualno\u015bci, \u0142\u0105cz\u0105c rygor z pasj\u0105 dziennikarsk\u0105.","sameAs":["https:\/\/www.pogotowieflagowe.pl\/"]}]}},"_links":{"self":[{"href":"https:\/\/www.pogotowieflagowe.pl\/aktualne\/wp-json\/wp\/v2\/posts\/2888","targetHints":{"allow":["GET"]}}],"collection":[{"href":"https:\/\/www.pogotowieflagowe.pl\/aktualne\/wp-json\/wp\/v2\/posts"}],"about":[{"href":"https:\/\/www.pogotowieflagowe.pl\/aktualne\/wp-json\/wp\/v2\/types\/post"}],"author":[{"embeddable":true,"href":"https:\/\/www.pogotowieflagowe.pl\/aktualne\/wp-json\/wp\/v2\/users\/1"}],"replies":[{"embeddable":true,"href":"https:\/\/www.pogotowieflagowe.pl\/aktualne\/wp-json\/wp\/v2\/comments?post=2888"}],"version-history":[{"count":1,"href":"https:\/\/www.pogotowieflagowe.pl\/aktualne\/wp-json\/wp\/v2\/posts\/2888\/revisions"}],"predecessor-version":[{"id":2889,"href":"https:\/\/www.pogotowieflagowe.pl\/aktualne\/wp-json\/wp\/v2\/posts\/2888\/revisions\/2889"}],"wp:featuredmedia":[{"embeddable":true,"href":"https:\/\/www.pogotowieflagowe.pl\/aktualne\/wp-json\/wp\/v2\/media\/2663"}],"wp:attachment":[{"href":"https:\/\/www.pogotowieflagowe.pl\/aktualne\/wp-json\/wp\/v2\/media?parent=2888"}],"wp:term":[{"taxonomy":"category","embeddable":true,"href":"https:\/\/www.pogotowieflagowe.pl\/aktualne\/wp-json\/wp\/v2\/categories?post=2888"},{"taxonomy":"post_tag","embeddable":true,"href":"https:\/\/www.pogotowieflagowe.pl\/aktualne\/wp-json\/wp\/v2\/tags?post=2888"}],"curies":[{"name":"wp","href":"https:\/\/api.w.org\/{rel}","templated":true}]}}