{"id":2908,"date":"2025-01-07T15:47:12","date_gmt":"2025-01-07T14:47:12","guid":{"rendered":"https:\/\/www.pogotowieflagowe.pl\/aktualne\/ku-czci-adama-didura-hold-dla-legendarnego-spiewaka-operowego-w-rocznice-jego-smierci\/"},"modified":"2025-01-07T15:47:12","modified_gmt":"2025-01-07T14:47:12","slug":"ku-czci-adama-didura-hold-dla-legendarnego-spiewaka-operowego-w-rocznice-jego-smierci","status":"publish","type":"post","link":"https:\/\/www.pogotowieflagowe.pl\/aktualne\/ku-czci-adama-didura-hold-dla-legendarnego-spiewaka-operowego-w-rocznice-jego-smierci\/","title":{"rendered":"Ku czci Adama Didura: ho\u0142d dla legendarnego \u015bpiewaka operowego w rocznic\u0119 jego \u015bmierci"},"content":{"rendered":"\n<div class=\"td_block_wrap tdb_single_content tdi_48 td-pb-border-top td_block_template_8 td-post-content tagdiv-type\" data-td-block-uid=\"tdi_48\">\n<style>.tdi_48{margines-g\u00f3rny:0px!important;margin-bottom:0px!important;dope\u0142nienie-g\u00f3ra:0px!important;dope\u0142nienie-d\u00f3\u0142:0px!important}<\/style>\n<style>.tdb_single_content{margin-bottom:0;*zoom:1}.tdb_single_content:before,.tdb_single_content:after{display:table;content:'';line-height:0}.tdb_single_content:after{clear:both}.tdb_single_content .tdb-block-inner>*:not(.wp-block-quote):not(.alignwide):not(.alignfull.wp-block-cover.has-parallax):not(.td-a-ad) {margin-left:auto;margin-right:auto}.tdb_single_content a{pointer-events:auto}.tdb_single_content .td-spot-id-top_ad .tdc-placeholder-title:before{content:'Article Top Ad'!important}.tdb_single_content .td-spot-id-inline_ad0 .tdc-placeholder-title:before{content:'Article Reklama wbudowana 1'!important}.tdb_single_content .td-spot-id-inline_ad1 .tdc-placeholder-title:before{content:'Article Inline Ad 2'!important}.tdb_single_content .td-spot-id-inline_ad2 .tdc-placeholder-title:before{content:' Reklama wbudowana w artyku\u0142 3'!important}.tdb_single_content .td-spot-id-bottom_ad .tdc-placeholder-title:before{content:'Article Bottom Ad'!important}.tdb_single_content .id_top_ad,.tdb_single_content .id_bottom_ad{clear:both;margin-bottom:21px;text-align:center}.tdb_single_content .id_top_ad img,.tdb_single_content .id_bottom_ad img{margin-bottom:0}.tdb_single_content .id_top_ad .adsbygoogle,.tdb_single_content .id_bottom_ad .adsbygoogle{position:relative}.tdb_single_content .id_ad_content-horiz-left,.tdb_single_content .id_ad_content-horiz-right,.tdb_single_content .id_ad_content-horiz-center{margin-bottom:15px}.tdb_single_content .id_ad_content-horiz-left img,.tdb_single_content .id_ad_content-horiz-right img,.tdb_single_content .id_ad_content-horiz-center img{margin-bottom:0}.tdb_single_content .id_ad_content-horiz-center{text-align:center}.tdb_single_content .id_ad_content-horiz-center img{margin-right:auto;margin-left:auto}.tdb_single_content .id_ad_content-horiz-left{float:left;margin-top:9px;margin-right:21px}.tdb_single_content .id_ad_content-horiz-right{float:right;margin-top:6px;margin-left:21px}.tdb_single_content .tdc-a-ad .tdc-placeholder-title{width:300px;height:250px}.tdb_single_content .tdc-a-ad .tdc-placeholder-title:before{position:absolute;top:50%;-webkit-transform:translateY(-50%);transform:translateY(-50%);margines:auto;display:table;width:100 %}.tdb_single_content .tdb-block-inner.td-fix-index{word-break:break-word}.tdi_48,.tdi_48>p,.tdi_48 .tdb-block-inner>p{font-size:16px!important;line- wysoko\u015b\u0107:1,6!wa\u017cne}.tdi_48 .tdb-block-inner blockquote p{font-style:normal!important}@media (max-width:767px){.tdb_single_content .id_ad_content-horiz-left,.tdb_single_content .id_ad_content-horiz-right,.tdb_single_content .id_ad_content-horiz-center{margin:0 automatyczny 26px auto}}@media (max-width:767px){.tdb_single_content .id_ad_content-horiz-left{margin-right:0}}@media (max-width:767px){.tdb_single_content .id_ad_content-horiz-right{margin -left:0}}@media (max-width:767px){.tdb_single_content .td-a-ad{float:none;text-align:center}.tdb_single_content .td-a-ad img{margin-right:auto;margin-left:auto}. tdb_single_content .tdc-a-ad{float:none}}<\/style>\n<div class=\"tdb-block-inner td-fix-index\">\n<p>7 stycznia przypada 79. rocznica \u015bmierci Adama Didura, jednego z najwybitniejszych polskich \u015bpiewak\u00f3w operowych. Urodzony w 1874 roku w Woli S\u0119kowej Didur sta\u0142 si\u0119 jednym z najwybitniejszych kontrabasist\u00f3w prze\u0142omu XIX i XX wieku. Jego wyj\u0105tkowy talent i pot\u0119\u017cny g\u0142os uczyni\u0142y go kluczow\u0105 postaci\u0105 w \u015bwiecie opery, a jego kariera obejmowa\u0142a Europ\u0119, obie Ameryki i nie tylko.<\/p>\n<h2 class=\"wp-block-heading\">Od Woli S\u0119kowej do mi\u0119dzynarodowej s\u0142awy opery<\/h2>\n<p>Droga Didura do s\u0142awy rozpocz\u0119\u0142a si\u0119 w rodzinnej Woli S\u0119kowej, a nast\u0119pnie przeni\u00f3s\u0142 si\u0119 do Lwowa, gdzie rozpocz\u0105\u0142 formalne studia muzyczne. Dzi\u0119ki stypendium miejscowego mecenasa kontynuowa\u0142 nauk\u0119 we W\u0142oszech, debiutuj\u0105c w operze w 1894. Wielki prze\u0142om nast\u0105pi\u0142 w 1908, kiedy do\u0142\u0105czy\u0142 do Metropolitan Opera w Nowym Jorku, gdzie wyst\u0105pi\u0142 prawie 1000 razy. Jego ikoniczne role, takie jak Borys Godunow i Mefistofeles, przynios\u0142y mu mi\u0119dzynarodowe uznanie i ugruntowa\u0142y jego miejsce w\u015br\u00f3d najwybitniejszych \u015bpiewak\u00f3w operowych swoich czas\u00f3w.<\/p>\n<h2 class=\"wp-block-heading\">Adam Didur: Dziedzictwo opery, edukacji i rodziny<\/h2>\n<p>Pomimo sukces\u00f3w na scenie Didur wywar\u0142 trwa\u0142y wp\u0142yw tak\u017ce jako pedagog. W latach 30. XX w. zosta\u0142 profesorem Konserwatorium Lwowskiego, w czasie II wojny \u015bwiatowej powr\u00f3ci\u0142 do Polski, aby kontynuowa\u0107 prac\u0119 pedagogiczn\u0105 i dyrygenck\u0105. Za\u0142o\u017cy\u0142 Oper\u0119 Pa\u0144stwow\u0105 w Bytomiu i odegra\u0142 kluczow\u0105 rol\u0119 w zachowaniu i rozwoju polskiej opery w trudnych czasach.<\/p>\n<p>\u017bycie osobiste Didura przeplata\u0142o si\u0119 z karier\u0105 muzyczn\u0105. Mia\u0142 pi\u0119\u0107 c\u00f3rek, z kt\u00f3rych trzy same zosta\u0142y \u015bpiewakami operowymi. Jego rodzina cz\u0119sto wyst\u0119powa\u0142a razem, a w 1926 roku wyst\u0105pili na scenie <em>Fausta<\/em> we Lwowie, z Didurem i jego c\u00f3rkami w rolach g\u0142\u00f3wnych. Jego dziedzictwo jest nadal \u017cywe dzi\u0119ki konkursom i obiektom nazwanym na jego cze\u015b\u0107, dzi\u0119ki czemu przysz\u0142e pokolenia b\u0119d\u0105 pami\u0119ta\u0107 jego wk\u0142ad w edukacj\u0119 operow\u0105 i muzyczn\u0105.<\/p>\n<figure class=\"wp-block-embed is-type-video is-provider-youtube wp-block-embed-youtube wp-embed-aspect-4-3 wp-has-aspect-ratio\">\n<div class=\"wp-block-embed__wrapper\">\n<div class=\"youtube-embed\" data-video_id=\"yYTDEK0KMzI\"><iframe title=\"Adam DIDUR - Arioso Zbigniewa - Straszny Dw\u00f3r (1901)\" width=\"1200\" height=\"900\" src=\"https:\/\/www.youtube.com\/embed\/yYTDEK0KMzI?feature=oembed\" frameborder=\"0\" allow=\"accelerometer; autoplay; clipboard-write; encrypted-media; gyroscope; picture-in-picture; web-share\" referrerpolicy=\"strict-origin-when-cross-origin\" allowfullscreen><\/iframe><\/div>\n<\/div>\n<\/figure>\n<\/div>\n<\/div>\n","protected":false},"excerpt":{"rendered":"<p>7 stycznia przypada 79. rocznica \u015bmierci Adama Didura, jednego z najwybitniejszych polskich \u015bpiewak\u00f3w operowych. Urodzony w 1874 roku w Woli<\/p>\n","protected":false},"author":1,"featured_media":2909,"comment_status":"closed","ping_status":"","sticky":false,"template":"","format":"standard","meta":{"footnotes":""},"categories":[47],"tags":[4295,2436,4296,131,130,257,4297,4299,2299,2427,4298],"class_list":["post-2908","post","type-post","status-publish","format-standard","has-post-thumbnail","hentry","category-styl-zycia","tag-adama","tag-czci","tag-didura","tag-dla","tag-hold","tag-jego","tag-legendarnego","tag-operowego","tag-rocznice","tag-smierci","tag-spiewaka","generate-columns","tablet-grid-50","mobile-grid-100","grid-parent","grid-50","resize-featured-image"],"yoast_head":"<!-- This site is optimized with the Yoast SEO plugin v23.2 - https:\/\/yoast.com\/wordpress\/plugins\/seo\/ -->\n<title>Ku czci Adama Didura: ho\u0142d dla legendarnego \u015bpiewaka operowego w rocznic\u0119 jego \u015bmierci - POGOTOWIE FLAGOWE\u00ae<\/title>\n<meta name=\"robots\" content=\"index, follow, max-snippet:-1, max-image-preview:large, max-video-preview:-1\" \/>\n<link rel=\"canonical\" href=\"https:\/\/www.pogotowieflagowe.pl\/aktualne\/ku-czci-adama-didura-hold-dla-legendarnego-spiewaka-operowego-w-rocznice-jego-smierci\/\" \/>\n<meta property=\"og:locale\" content=\"pl_PL\" \/>\n<meta property=\"og:type\" content=\"article\" \/>\n<meta property=\"og:title\" content=\"Ku czci Adama Didura: ho\u0142d dla legendarnego \u015bpiewaka operowego w rocznic\u0119 jego \u015bmierci - POGOTOWIE FLAGOWE\u00ae\" \/>\n<meta property=\"og:description\" content=\"7 stycznia przypada 79. rocznica \u015bmierci Adama Didura, jednego z najwybitniejszych polskich \u015bpiewak\u00f3w operowych. Urodzony w 1874 roku w Woli\" \/>\n<meta property=\"og:url\" content=\"https:\/\/www.pogotowieflagowe.pl\/aktualne\/ku-czci-adama-didura-hold-dla-legendarnego-spiewaka-operowego-w-rocznice-jego-smierci\/\" \/>\n<meta property=\"og:site_name\" content=\"POGOTOWIE FLAGOWE\u00ae\" \/>\n<meta property=\"article:published_time\" content=\"2025-01-07T14:47:12+00:00\" \/>\n<meta property=\"og:image\" content=\"https:\/\/www.pogotowieflagowe.pl\/aktualne\/wp-content\/uploads\/2025\/01\/Ku-czci-Adama-Didura-hold-dla-legendarnego-spiewaka-operowego-w.jpg\" \/>\n\t<meta property=\"og:image:width\" content=\"306\" \/>\n\t<meta property=\"og:image:height\" content=\"280\" \/>\n\t<meta property=\"og:image:type\" content=\"image\/jpeg\" \/>\n<meta name=\"author\" content=\"Filip\" \/>\n<meta name=\"twitter:card\" content=\"summary_large_image\" \/>\n<meta name=\"twitter:label1\" content=\"Napisane przez\" \/>\n\t<meta name=\"twitter:data1\" content=\"Filip\" \/>\n\t<meta name=\"twitter:label2\" content=\"Szacowany czas czytania\" \/>\n\t<meta name=\"twitter:data2\" content=\"2 minuty\" \/>\n<script type=\"application\/ld+json\" class=\"yoast-schema-graph\">{\"@context\":\"https:\/\/schema.org\",\"@graph\":[{\"@type\":\"Article\",\"@id\":\"https:\/\/www.pogotowieflagowe.pl\/aktualne\/ku-czci-adama-didura-hold-dla-legendarnego-spiewaka-operowego-w-rocznice-jego-smierci\/#article\",\"isPartOf\":{\"@id\":\"https:\/\/www.pogotowieflagowe.pl\/aktualne\/ku-czci-adama-didura-hold-dla-legendarnego-spiewaka-operowego-w-rocznice-jego-smierci\/\"},\"author\":{\"name\":\"Filip\",\"@id\":\"https:\/\/www.pogotowieflagowe.pl\/aktualne\/#\/schema\/person\/9c2fb7d2362ebf6fa088960d7f0d27b0\"},\"headline\":\"Ku czci Adama Didura: ho\u0142d dla legendarnego \u015bpiewaka operowego w rocznic\u0119 jego \u015bmierci\",\"datePublished\":\"2025-01-07T14:47:12+00:00\",\"dateModified\":\"2025-01-07T14:47:12+00:00\",\"mainEntityOfPage\":{\"@id\":\"https:\/\/www.pogotowieflagowe.pl\/aktualne\/ku-czci-adama-didura-hold-dla-legendarnego-spiewaka-operowego-w-rocznice-jego-smierci\/\"},\"wordCount\":335,\"publisher\":{\"@id\":\"https:\/\/www.pogotowieflagowe.pl\/aktualne\/#organization\"},\"image\":{\"@id\":\"https:\/\/www.pogotowieflagowe.pl\/aktualne\/ku-czci-adama-didura-hold-dla-legendarnego-spiewaka-operowego-w-rocznice-jego-smierci\/#primaryimage\"},\"thumbnailUrl\":\"https:\/\/www.pogotowieflagowe.pl\/aktualne\/wp-content\/uploads\/2025\/01\/Ku-czci-Adama-Didura-hold-dla-legendarnego-spiewaka-operowego-w.jpg\",\"keywords\":[\"Adama\",\"czci\",\"Didura\",\"dla\",\"Ho\u0142d\",\"jego\",\"legendarnego\",\"operowego\",\"rocznic\u0119\",\"\u015bmierci\",\"\u015bpiewaka\"],\"articleSection\":[\"Styl \u017cycia\"],\"inLanguage\":\"pl-PL\"},{\"@type\":\"WebPage\",\"@id\":\"https:\/\/www.pogotowieflagowe.pl\/aktualne\/ku-czci-adama-didura-hold-dla-legendarnego-spiewaka-operowego-w-rocznice-jego-smierci\/\",\"url\":\"https:\/\/www.pogotowieflagowe.pl\/aktualne\/ku-czci-adama-didura-hold-dla-legendarnego-spiewaka-operowego-w-rocznice-jego-smierci\/\",\"name\":\"Ku czci Adama Didura: ho\u0142d dla legendarnego \u015bpiewaka operowego w rocznic\u0119 jego \u015bmierci - POGOTOWIE FLAGOWE\u00ae\",\"isPartOf\":{\"@id\":\"https:\/\/www.pogotowieflagowe.pl\/aktualne\/#website\"},\"primaryImageOfPage\":{\"@id\":\"https:\/\/www.pogotowieflagowe.pl\/aktualne\/ku-czci-adama-didura-hold-dla-legendarnego-spiewaka-operowego-w-rocznice-jego-smierci\/#primaryimage\"},\"image\":{\"@id\":\"https:\/\/www.pogotowieflagowe.pl\/aktualne\/ku-czci-adama-didura-hold-dla-legendarnego-spiewaka-operowego-w-rocznice-jego-smierci\/#primaryimage\"},\"thumbnailUrl\":\"https:\/\/www.pogotowieflagowe.pl\/aktualne\/wp-content\/uploads\/2025\/01\/Ku-czci-Adama-Didura-hold-dla-legendarnego-spiewaka-operowego-w.jpg\",\"datePublished\":\"2025-01-07T14:47:12+00:00\",\"dateModified\":\"2025-01-07T14:47:12+00:00\",\"breadcrumb\":{\"@id\":\"https:\/\/www.pogotowieflagowe.pl\/aktualne\/ku-czci-adama-didura-hold-dla-legendarnego-spiewaka-operowego-w-rocznice-jego-smierci\/#breadcrumb\"},\"inLanguage\":\"pl-PL\",\"potentialAction\":[{\"@type\":\"ReadAction\",\"target\":[\"https:\/\/www.pogotowieflagowe.pl\/aktualne\/ku-czci-adama-didura-hold-dla-legendarnego-spiewaka-operowego-w-rocznice-jego-smierci\/\"]}]},{\"@type\":\"ImageObject\",\"inLanguage\":\"pl-PL\",\"@id\":\"https:\/\/www.pogotowieflagowe.pl\/aktualne\/ku-czci-adama-didura-hold-dla-legendarnego-spiewaka-operowego-w-rocznice-jego-smierci\/#primaryimage\",\"url\":\"https:\/\/www.pogotowieflagowe.pl\/aktualne\/wp-content\/uploads\/2025\/01\/Ku-czci-Adama-Didura-hold-dla-legendarnego-spiewaka-operowego-w.jpg\",\"contentUrl\":\"https:\/\/www.pogotowieflagowe.pl\/aktualne\/wp-content\/uploads\/2025\/01\/Ku-czci-Adama-Didura-hold-dla-legendarnego-spiewaka-operowego-w.jpg\",\"width\":306,\"height\":280,\"caption\":\"Ku czci Adama Didura: ho\u0142d dla legendarnego \u015bpiewaka operowego w rocznic\u0119 jego \u015bmierci\"},{\"@type\":\"BreadcrumbList\",\"@id\":\"https:\/\/www.pogotowieflagowe.pl\/aktualne\/ku-czci-adama-didura-hold-dla-legendarnego-spiewaka-operowego-w-rocznice-jego-smierci\/#breadcrumb\",\"itemListElement\":[{\"@type\":\"ListItem\",\"position\":1,\"name\":\"Home\",\"item\":\"https:\/\/www.pogotowieflagowe.pl\/aktualne\/\"},{\"@type\":\"ListItem\",\"position\":2,\"name\":\"Ku czci Adama Didura: ho\u0142d dla legendarnego \u015bpiewaka operowego w rocznic\u0119 jego \u015bmierci\"}]},{\"@type\":\"WebSite\",\"@id\":\"https:\/\/www.pogotowieflagowe.pl\/aktualne\/#website\",\"url\":\"https:\/\/www.pogotowieflagowe.pl\/aktualne\/\",\"name\":\"POGOTOWIE FLAGOWE\u00ae\",\"description\":\"\",\"publisher\":{\"@id\":\"https:\/\/www.pogotowieflagowe.pl\/aktualne\/#organization\"},\"potentialAction\":[{\"@type\":\"SearchAction\",\"target\":{\"@type\":\"EntryPoint\",\"urlTemplate\":\"https:\/\/www.pogotowieflagowe.pl\/aktualne\/?s={search_term_string}\"},\"query-input\":\"required name=search_term_string\"}],\"inLanguage\":\"pl-PL\"},{\"@type\":\"Organization\",\"@id\":\"https:\/\/www.pogotowieflagowe.pl\/aktualne\/#organization\",\"name\":\"POGOTOWIE FLAGOWE\u00ae\",\"url\":\"https:\/\/www.pogotowieflagowe.pl\/aktualne\/\",\"logo\":{\"@type\":\"ImageObject\",\"inLanguage\":\"pl-PL\",\"@id\":\"https:\/\/www.pogotowieflagowe.pl\/aktualne\/#\/schema\/logo\/image\/\",\"url\":\"https:\/\/www.pogotowieflagowe.pl\/aktualne\/wp-content\/uploads\/2024\/08\/cropped-pogotowieflagowe_flaga_projekt_sm.jpg\",\"contentUrl\":\"https:\/\/www.pogotowieflagowe.pl\/aktualne\/wp-content\/uploads\/2024\/08\/cropped-pogotowieflagowe_flaga_projekt_sm.jpg\",\"width\":250,\"height\":143,\"caption\":\"POGOTOWIE FLAGOWE\u00ae\"},\"image\":{\"@id\":\"https:\/\/www.pogotowieflagowe.pl\/aktualne\/#\/schema\/logo\/image\/\"}},{\"@type\":\"Person\",\"@id\":\"https:\/\/www.pogotowieflagowe.pl\/aktualne\/#\/schema\/person\/9c2fb7d2362ebf6fa088960d7f0d27b0\",\"name\":\"Filip\",\"image\":{\"@type\":\"ImageObject\",\"inLanguage\":\"pl-PL\",\"@id\":\"https:\/\/www.pogotowieflagowe.pl\/aktualne\/#\/schema\/person\/image\/\",\"url\":\"https:\/\/www.pogotowieflagowe.pl\/aktualne\/wp-content\/uploads\/2024\/08\/pogotowieflagowe.pl_.jpg\",\"contentUrl\":\"https:\/\/www.pogotowieflagowe.pl\/aktualne\/wp-content\/uploads\/2024\/08\/pogotowieflagowe.pl_.jpg\",\"caption\":\"Filip\"},\"description\":\"Jestem Filip, polski dziennikarz z dyplomem nauk politycznych Uniwersytetu Warszawskiego. Rozpoczynaj\u0105c swoj\u0105 karier\u0119 w r\u00f3\u017cnych lokalnych mediach, zdoby\u0142em solidne do\u015bwiadczenie w zakresie \u015bledztwa i redakcji. Obecnie jako redaktor w Pogotowie flagowe, staram si\u0119 dostarcza\u0107 dog\u0142\u0119bne i istotne analizy na temat najwa\u017cniejszych kwestii aktualno\u015bci, \u0142\u0105cz\u0105c rygor z pasj\u0105 dziennikarsk\u0105.\",\"sameAs\":[\"https:\/\/www.pogotowieflagowe.pl\/\"]}]}<\/script>\n<!-- \/ Yoast SEO plugin. -->","yoast_head_json":{"title":"Ku czci Adama Didura: ho\u0142d dla legendarnego \u015bpiewaka operowego w rocznic\u0119 jego \u015bmierci - POGOTOWIE FLAGOWE\u00ae","robots":{"index":"index","follow":"follow","max-snippet":"max-snippet:-1","max-image-preview":"max-image-preview:large","max-video-preview":"max-video-preview:-1"},"canonical":"https:\/\/www.pogotowieflagowe.pl\/aktualne\/ku-czci-adama-didura-hold-dla-legendarnego-spiewaka-operowego-w-rocznice-jego-smierci\/","og_locale":"pl_PL","og_type":"article","og_title":"Ku czci Adama Didura: ho\u0142d dla legendarnego \u015bpiewaka operowego w rocznic\u0119 jego \u015bmierci - POGOTOWIE FLAGOWE\u00ae","og_description":"7 stycznia przypada 79. rocznica \u015bmierci Adama Didura, jednego z najwybitniejszych polskich \u015bpiewak\u00f3w operowych. Urodzony w 1874 roku w Woli","og_url":"https:\/\/www.pogotowieflagowe.pl\/aktualne\/ku-czci-adama-didura-hold-dla-legendarnego-spiewaka-operowego-w-rocznice-jego-smierci\/","og_site_name":"POGOTOWIE FLAGOWE\u00ae","article_published_time":"2025-01-07T14:47:12+00:00","og_image":[{"width":306,"height":280,"url":"https:\/\/www.pogotowieflagowe.pl\/aktualne\/wp-content\/uploads\/2025\/01\/Ku-czci-Adama-Didura-hold-dla-legendarnego-spiewaka-operowego-w.jpg","type":"image\/jpeg"}],"author":"Filip","twitter_card":"summary_large_image","twitter_misc":{"Napisane przez":"Filip","Szacowany czas czytania":"2 minuty"},"schema":{"@context":"https:\/\/schema.org","@graph":[{"@type":"Article","@id":"https:\/\/www.pogotowieflagowe.pl\/aktualne\/ku-czci-adama-didura-hold-dla-legendarnego-spiewaka-operowego-w-rocznice-jego-smierci\/#article","isPartOf":{"@id":"https:\/\/www.pogotowieflagowe.pl\/aktualne\/ku-czci-adama-didura-hold-dla-legendarnego-spiewaka-operowego-w-rocznice-jego-smierci\/"},"author":{"name":"Filip","@id":"https:\/\/www.pogotowieflagowe.pl\/aktualne\/#\/schema\/person\/9c2fb7d2362ebf6fa088960d7f0d27b0"},"headline":"Ku czci Adama Didura: ho\u0142d dla legendarnego \u015bpiewaka operowego w rocznic\u0119 jego \u015bmierci","datePublished":"2025-01-07T14:47:12+00:00","dateModified":"2025-01-07T14:47:12+00:00","mainEntityOfPage":{"@id":"https:\/\/www.pogotowieflagowe.pl\/aktualne\/ku-czci-adama-didura-hold-dla-legendarnego-spiewaka-operowego-w-rocznice-jego-smierci\/"},"wordCount":335,"publisher":{"@id":"https:\/\/www.pogotowieflagowe.pl\/aktualne\/#organization"},"image":{"@id":"https:\/\/www.pogotowieflagowe.pl\/aktualne\/ku-czci-adama-didura-hold-dla-legendarnego-spiewaka-operowego-w-rocznice-jego-smierci\/#primaryimage"},"thumbnailUrl":"https:\/\/www.pogotowieflagowe.pl\/aktualne\/wp-content\/uploads\/2025\/01\/Ku-czci-Adama-Didura-hold-dla-legendarnego-spiewaka-operowego-w.jpg","keywords":["Adama","czci","Didura","dla","Ho\u0142d","jego","legendarnego","operowego","rocznic\u0119","\u015bmierci","\u015bpiewaka"],"articleSection":["Styl \u017cycia"],"inLanguage":"pl-PL"},{"@type":"WebPage","@id":"https:\/\/www.pogotowieflagowe.pl\/aktualne\/ku-czci-adama-didura-hold-dla-legendarnego-spiewaka-operowego-w-rocznice-jego-smierci\/","url":"https:\/\/www.pogotowieflagowe.pl\/aktualne\/ku-czci-adama-didura-hold-dla-legendarnego-spiewaka-operowego-w-rocznice-jego-smierci\/","name":"Ku czci Adama Didura: ho\u0142d dla legendarnego \u015bpiewaka operowego w rocznic\u0119 jego \u015bmierci - POGOTOWIE FLAGOWE\u00ae","isPartOf":{"@id":"https:\/\/www.pogotowieflagowe.pl\/aktualne\/#website"},"primaryImageOfPage":{"@id":"https:\/\/www.pogotowieflagowe.pl\/aktualne\/ku-czci-adama-didura-hold-dla-legendarnego-spiewaka-operowego-w-rocznice-jego-smierci\/#primaryimage"},"image":{"@id":"https:\/\/www.pogotowieflagowe.pl\/aktualne\/ku-czci-adama-didura-hold-dla-legendarnego-spiewaka-operowego-w-rocznice-jego-smierci\/#primaryimage"},"thumbnailUrl":"https:\/\/www.pogotowieflagowe.pl\/aktualne\/wp-content\/uploads\/2025\/01\/Ku-czci-Adama-Didura-hold-dla-legendarnego-spiewaka-operowego-w.jpg","datePublished":"2025-01-07T14:47:12+00:00","dateModified":"2025-01-07T14:47:12+00:00","breadcrumb":{"@id":"https:\/\/www.pogotowieflagowe.pl\/aktualne\/ku-czci-adama-didura-hold-dla-legendarnego-spiewaka-operowego-w-rocznice-jego-smierci\/#breadcrumb"},"inLanguage":"pl-PL","potentialAction":[{"@type":"ReadAction","target":["https:\/\/www.pogotowieflagowe.pl\/aktualne\/ku-czci-adama-didura-hold-dla-legendarnego-spiewaka-operowego-w-rocznice-jego-smierci\/"]}]},{"@type":"ImageObject","inLanguage":"pl-PL","@id":"https:\/\/www.pogotowieflagowe.pl\/aktualne\/ku-czci-adama-didura-hold-dla-legendarnego-spiewaka-operowego-w-rocznice-jego-smierci\/#primaryimage","url":"https:\/\/www.pogotowieflagowe.pl\/aktualne\/wp-content\/uploads\/2025\/01\/Ku-czci-Adama-Didura-hold-dla-legendarnego-spiewaka-operowego-w.jpg","contentUrl":"https:\/\/www.pogotowieflagowe.pl\/aktualne\/wp-content\/uploads\/2025\/01\/Ku-czci-Adama-Didura-hold-dla-legendarnego-spiewaka-operowego-w.jpg","width":306,"height":280,"caption":"Ku czci Adama Didura: ho\u0142d dla legendarnego \u015bpiewaka operowego w rocznic\u0119 jego \u015bmierci"},{"@type":"BreadcrumbList","@id":"https:\/\/www.pogotowieflagowe.pl\/aktualne\/ku-czci-adama-didura-hold-dla-legendarnego-spiewaka-operowego-w-rocznice-jego-smierci\/#breadcrumb","itemListElement":[{"@type":"ListItem","position":1,"name":"Home","item":"https:\/\/www.pogotowieflagowe.pl\/aktualne\/"},{"@type":"ListItem","position":2,"name":"Ku czci Adama Didura: ho\u0142d dla legendarnego \u015bpiewaka operowego w rocznic\u0119 jego \u015bmierci"}]},{"@type":"WebSite","@id":"https:\/\/www.pogotowieflagowe.pl\/aktualne\/#website","url":"https:\/\/www.pogotowieflagowe.pl\/aktualne\/","name":"POGOTOWIE FLAGOWE\u00ae","description":"","publisher":{"@id":"https:\/\/www.pogotowieflagowe.pl\/aktualne\/#organization"},"potentialAction":[{"@type":"SearchAction","target":{"@type":"EntryPoint","urlTemplate":"https:\/\/www.pogotowieflagowe.pl\/aktualne\/?s={search_term_string}"},"query-input":"required name=search_term_string"}],"inLanguage":"pl-PL"},{"@type":"Organization","@id":"https:\/\/www.pogotowieflagowe.pl\/aktualne\/#organization","name":"POGOTOWIE FLAGOWE\u00ae","url":"https:\/\/www.pogotowieflagowe.pl\/aktualne\/","logo":{"@type":"ImageObject","inLanguage":"pl-PL","@id":"https:\/\/www.pogotowieflagowe.pl\/aktualne\/#\/schema\/logo\/image\/","url":"https:\/\/www.pogotowieflagowe.pl\/aktualne\/wp-content\/uploads\/2024\/08\/cropped-pogotowieflagowe_flaga_projekt_sm.jpg","contentUrl":"https:\/\/www.pogotowieflagowe.pl\/aktualne\/wp-content\/uploads\/2024\/08\/cropped-pogotowieflagowe_flaga_projekt_sm.jpg","width":250,"height":143,"caption":"POGOTOWIE FLAGOWE\u00ae"},"image":{"@id":"https:\/\/www.pogotowieflagowe.pl\/aktualne\/#\/schema\/logo\/image\/"}},{"@type":"Person","@id":"https:\/\/www.pogotowieflagowe.pl\/aktualne\/#\/schema\/person\/9c2fb7d2362ebf6fa088960d7f0d27b0","name":"Filip","image":{"@type":"ImageObject","inLanguage":"pl-PL","@id":"https:\/\/www.pogotowieflagowe.pl\/aktualne\/#\/schema\/person\/image\/","url":"https:\/\/www.pogotowieflagowe.pl\/aktualne\/wp-content\/uploads\/2024\/08\/pogotowieflagowe.pl_.jpg","contentUrl":"https:\/\/www.pogotowieflagowe.pl\/aktualne\/wp-content\/uploads\/2024\/08\/pogotowieflagowe.pl_.jpg","caption":"Filip"},"description":"Jestem Filip, polski dziennikarz z dyplomem nauk politycznych Uniwersytetu Warszawskiego. Rozpoczynaj\u0105c swoj\u0105 karier\u0119 w r\u00f3\u017cnych lokalnych mediach, zdoby\u0142em solidne do\u015bwiadczenie w zakresie \u015bledztwa i redakcji. Obecnie jako redaktor w Pogotowie flagowe, staram si\u0119 dostarcza\u0107 dog\u0142\u0119bne i istotne analizy na temat najwa\u017cniejszych kwestii aktualno\u015bci, \u0142\u0105cz\u0105c rygor z pasj\u0105 dziennikarsk\u0105.","sameAs":["https:\/\/www.pogotowieflagowe.pl\/"]}]}},"_links":{"self":[{"href":"https:\/\/www.pogotowieflagowe.pl\/aktualne\/wp-json\/wp\/v2\/posts\/2908","targetHints":{"allow":["GET"]}}],"collection":[{"href":"https:\/\/www.pogotowieflagowe.pl\/aktualne\/wp-json\/wp\/v2\/posts"}],"about":[{"href":"https:\/\/www.pogotowieflagowe.pl\/aktualne\/wp-json\/wp\/v2\/types\/post"}],"author":[{"embeddable":true,"href":"https:\/\/www.pogotowieflagowe.pl\/aktualne\/wp-json\/wp\/v2\/users\/1"}],"replies":[{"embeddable":true,"href":"https:\/\/www.pogotowieflagowe.pl\/aktualne\/wp-json\/wp\/v2\/comments?post=2908"}],"version-history":[{"count":1,"href":"https:\/\/www.pogotowieflagowe.pl\/aktualne\/wp-json\/wp\/v2\/posts\/2908\/revisions"}],"predecessor-version":[{"id":2910,"href":"https:\/\/www.pogotowieflagowe.pl\/aktualne\/wp-json\/wp\/v2\/posts\/2908\/revisions\/2910"}],"wp:featuredmedia":[{"embeddable":true,"href":"https:\/\/www.pogotowieflagowe.pl\/aktualne\/wp-json\/wp\/v2\/media\/2909"}],"wp:attachment":[{"href":"https:\/\/www.pogotowieflagowe.pl\/aktualne\/wp-json\/wp\/v2\/media?parent=2908"}],"wp:term":[{"taxonomy":"category","embeddable":true,"href":"https:\/\/www.pogotowieflagowe.pl\/aktualne\/wp-json\/wp\/v2\/categories?post=2908"},{"taxonomy":"post_tag","embeddable":true,"href":"https:\/\/www.pogotowieflagowe.pl\/aktualne\/wp-json\/wp\/v2\/tags?post=2908"}],"curies":[{"name":"wp","href":"https:\/\/api.w.org\/{rel}","templated":true}]}}