{"id":2911,"date":"2025-01-07T18:49:09","date_gmt":"2025-01-07T17:49:09","guid":{"rendered":"https:\/\/www.pogotowieflagowe.pl\/aktualne\/zakaz-wiercen-na-morzu-wydany-przez-bidena-wywoluje-kontrowersje-trump-obiecuje-odwrocenie-sytuacji\/"},"modified":"2025-01-07T18:49:09","modified_gmt":"2025-01-07T17:49:09","slug":"zakaz-wiercen-na-morzu-wydany-przez-bidena-wywoluje-kontrowersje-trump-obiecuje-odwrocenie-sytuacji","status":"publish","type":"post","link":"https:\/\/www.pogotowieflagowe.pl\/aktualne\/zakaz-wiercen-na-morzu-wydany-przez-bidena-wywoluje-kontrowersje-trump-obiecuje-odwrocenie-sytuacji\/","title":{"rendered":"Zakaz wierce\u0144 na morzu wydany przez Bidena wywo\u0142uje kontrowersje; Trump obiecuje odwr\u00f3cenie sytuacji"},"content":{"rendered":"\n<div class=\"td_block_wrap tdb_single_content tdi_48 td-pb-border-top td_block_template_8 td-post-content tagdiv-type\" data-td-block-uid=\"tdi_48\">\n<style>.tdi_48{margines-g\u00f3rny:0px!important;margin-bottom:0px!important;dope\u0142nienie-g\u00f3ra:0px!important;dope\u0142nienie-d\u00f3\u0142:0px!important}<\/style>\n<style>.tdb_single_content{margin-bottom:0;*zoom:1}.tdb_single_content:before,.tdb_single_content:after{display:table;content:'';line-height:0}.tdb_single_content:after{clear:both}.tdb_single_content .tdb-block-inner>*:not(.wp-block-quote):not(.alignwide):not(.alignfull.wp-block-cover.has-parallax):not(.td-a-ad) {margin-left:auto;margin-right:auto}.tdb_single_content a{pointer-events:auto}.tdb_single_content .td-spot-id-top_ad .tdc-placeholder-title:before{content:'Article Top Ad'!important}.tdb_single_content .td-spot-id-inline_ad0 .tdc-placeholder-title:before{content:'Article Reklama wbudowana 1'!important}.tdb_single_content .td-spot-id-inline_ad1 .tdc-placeholder-title:before{content:'Article Inline Ad 2'!important}.tdb_single_content .td-spot-id-inline_ad2 .tdc-placeholder-title:before{content:' Reklama wbudowana w artyku\u0142 3'!important}.tdb_single_content .td-spot-id-bottom_ad .tdc-placeholder-title:before{content:'Article Bottom Ad'!important}.tdb_single_content .id_top_ad,.tdb_single_content .id_bottom_ad{clear:both;margin-bottom:21px;text-align:center}.tdb_single_content .id_top_ad img,.tdb_single_content .id_bottom_ad img{margin-bottom:0}.tdb_single_content .id_top_ad .adsbygoogle,.tdb_single_content .id_bottom_ad .adsbygoogle{position:relative}.tdb_single_content .id_ad_content-horiz-left,.tdb_single_content .id_ad_content-horiz-right,.tdb_single_content .id_ad_content-horiz-center{margin-bottom:15px}.tdb_single_content .id_ad_content-horiz-left img,.tdb_single_content .id_ad_content-horiz-right img,.tdb_single_content .id_ad_content-horiz-center img{margin-bottom:0}.tdb_single_content .id_ad_content-horiz-center{text-align:center}.tdb_single_content .id_ad_content-horiz-center img{margin-right:auto;margin-left:auto}.tdb_single_content .id_ad_content-horiz-left{float:left;margin-top:9px;margin-right:21px}.tdb_single_content .id_ad_content-horiz-right{float:right;margin-top:6px;margin-left:21px}.tdb_single_content .tdc-a-ad .tdc-placeholder-title{width:300px;height:250px}.tdb_single_content .tdc-a-ad .tdc-placeholder-title:before{position:absolute;top:50%;-webkit-transform:translateY(-50%);transform:translateY(-50%);margines:auto;display:table;width:100 %}.tdb_single_content .tdb-block-inner.td-fix-index{word-break:break-word}.tdi_48,.tdi_48>p,.tdi_48 .tdb-block-inner>p{font-size:16px!important;line- wysoko\u015b\u0107:1,6!wa\u017cne}.tdi_48 .tdb-block-inner blockquote p{font-style:normal!important}@media (max-width:767px){.tdb_single_content .id_ad_content-horiz-left,.tdb_single_content .id_ad_content-horiz-right,.tdb_single_content .id_ad_content-horiz-center{margin:0 automatyczny 26px auto}}@media (max-width:767px){.tdb_single_content .id_ad_content-horiz-left{margin-right:0}}@media (max-width:767px){.tdb_single_content .id_ad_content-horiz-right{margin -left:0}}@media (max-width:767px){.tdb_single_content .td-a-ad{float:none;text-align:center}.tdb_single_content .td-a-ad img{margin-right:auto;margin-left:auto}. tdb_single_content .tdc-a-ad{float:none}}<\/style>\n<div class=\"tdb-block-inner td-fix-index\">\n<h2 class=\"wp-block-heading\">Biden zakazuje odwiert\u00f3w na morzu w celu ochrony wybrze\u017cy USA, wywo\u0142uj\u0105c pochwa\u0142y ze strony ekolog\u00f3w i sprzeciw Trumpa i lider\u00f3w przemys\u0142u naftowego.<\/h2>\n<figure class=\"wp-block-embed is-type-rich is-provider-twitter wp-block-embed-twitter\">\n<div class=\"wp-block-embed__wrapper\">\n<blockquote class=\"twitter-tweet\" data-width=\"550\" data-dnt=\"true\">\n<p lang=\"en\" dir=\"ltr\">To haniebna decyzja, maj\u0105ca na celu wywarcie politycznej zemsty na narodzie ameryka\u0144skim, kt\u00f3ry da\u0142 prezydentowi Trumpowi mandat do zwi\u0119kszenia odwiert\u00f3w i obni\u017cenia cen gazu. B\u0105d\u017a pewien, \u017ce Joe Biden poniesie pora\u017ck\u0119, a my b\u0119dziemy wierci\u0107, kochanie, wierci\u0107. https:\/\/t.co\/NvWx7oA2vU<\/p>\n<p>\u2014 Karolina Leavitt (@karolineleavitt) <a rel=\"nofollow\" href=\"https:\/\/twitter.com\/karolineleavitt\/status\/1876228351028858932?ref_src=twsrc%5Etfw\">6 stycznia 2025 r<\/a><\/p><\/blockquote>\n<\/div>\n<\/figure>\n<p>Dokonuj\u0105c prze\u0142omowego posuni\u0119cia, prezydent Joe Biden og\u0142osi\u0142 zakaz wierce\u0144 ropy i gazu na obszarze 625 milion\u00f3w akr\u00f3w w\u00f3d przybrze\u017cnych Stan\u00f3w Zjednoczonych, powo\u0142uj\u0105c si\u0119 na ustaw\u0119 o zewn\u0119trznych gruntach szelfu kontynentalnego z 1953 r. Decyzja ta dotyczy wschodniego wybrze\u017ca, cz\u0119\u015bci Zatoki Meksyka\u0144skiej i wody Arktyki u wybrze\u017cy Alaski. Biden podkre\u015bli\u0142 ochron\u0119 cennych obszar\u00f3w przybrze\u017cnych przed nieodwracalnymi szkodami, uznaj\u0105c zakaz za niezb\u0119dny dla d\u0142ugoterminowej ochrony \u015brodowiska.<\/p>\n<h4 class=\"wp-block-heading\">Trump: \u201eCofniemy to\u201d<\/h4>\n<p>Prezydent elekt Donald Trump, znany z priorytetowego traktowania paliw kopalnych i wzrostu gospodarczego, skrytykowa\u0142 zakaz jako motywowany politycznie. Trump zadeklarowa\u0142 zamiar cofni\u0119cia tej decyzji, nazywaj\u0105c to atakiem na ameryka\u0144sk\u0105 niezale\u017cno\u015b\u0107 energetyczn\u0105. Jednak cofni\u0119cie rozwi\u0105zania Bidena b\u0119dzie prawdopodobnie wymaga\u0142o zgody Kongresu, co przygotuje grunt pod konflikt polityczny.<\/p>\n<h4 class=\"wp-block-heading\">Podzielone reakcje<\/h4>\n<p>Organizacje ekologiczne pochwali\u0142y zakaz jako kamie\u0144 milowy w ochronie klimatu, podczas gdy przemys\u0142 naftowy pot\u0119pi\u0142 go jako zagro\u017cenie dla stabilno\u015bci gospodarczej. Oczekuje si\u0119, \u017ce administracja Trumpa zakwestionuje to posuni\u0119cie, intensyfikuj\u0105c debaty na temat r\u00f3wnowa\u017cenia kwestii \u015brodowiskowych z potrzebami energetycznymi.<\/p>\n<\/div>\n<\/div>\n<p><script async src=\"https:\/\/platform.twitter.com\/widgets.js\" charset=\"utf-8\"><\/script><\/p>\n","protected":false},"excerpt":{"rendered":"<p>Biden zakazuje odwiert\u00f3w na morzu w celu ochrony wybrze\u017cy USA, wywo\u0142uj\u0105c pochwa\u0142y ze strony ekolog\u00f3w i sprzeciw Trumpa i lider\u00f3w<\/p>\n","protected":false},"author":1,"featured_media":2912,"comment_status":"closed","ping_status":"","sticky":false,"template":"","format":"standard","meta":{"footnotes":""},"categories":[44],"tags":[3134,168,4301,4302,4303,214,317,251,4300,2181,2205,2178],"class_list":["post-2911","post","type-post","status-publish","format-standard","has-post-thumbnail","hentry","category-polityka","tag-bidena","tag-kontrowersje","tag-morzu","tag-obiecuje","tag-odwrocenie","tag-przez","tag-sytuacji","tag-trump","tag-wiercen","tag-wydany","tag-wywoluje","tag-zakaz","generate-columns","tablet-grid-50","mobile-grid-100","grid-parent","grid-50","resize-featured-image"],"yoast_head":"<!-- This site is optimized with the Yoast SEO plugin v23.2 - https:\/\/yoast.com\/wordpress\/plugins\/seo\/ -->\n<title>Zakaz wierce\u0144 na morzu wydany przez Bidena wywo\u0142uje kontrowersje; Trump obiecuje odwr\u00f3cenie sytuacji - POGOTOWIE FLAGOWE\u00ae<\/title>\n<meta name=\"robots\" content=\"index, follow, max-snippet:-1, max-image-preview:large, max-video-preview:-1\" \/>\n<link rel=\"canonical\" href=\"https:\/\/www.pogotowieflagowe.pl\/aktualne\/zakaz-wiercen-na-morzu-wydany-przez-bidena-wywoluje-kontrowersje-trump-obiecuje-odwrocenie-sytuacji\/\" \/>\n<meta property=\"og:locale\" content=\"pl_PL\" \/>\n<meta property=\"og:type\" content=\"article\" \/>\n<meta property=\"og:title\" content=\"Zakaz wierce\u0144 na morzu wydany przez Bidena wywo\u0142uje kontrowersje; Trump obiecuje odwr\u00f3cenie sytuacji - POGOTOWIE FLAGOWE\u00ae\" \/>\n<meta property=\"og:description\" content=\"Biden zakazuje odwiert\u00f3w na morzu w celu ochrony wybrze\u017cy USA, wywo\u0142uj\u0105c pochwa\u0142y ze strony ekolog\u00f3w i sprzeciw Trumpa i lider\u00f3w\" \/>\n<meta property=\"og:url\" content=\"https:\/\/www.pogotowieflagowe.pl\/aktualne\/zakaz-wiercen-na-morzu-wydany-przez-bidena-wywoluje-kontrowersje-trump-obiecuje-odwrocenie-sytuacji\/\" \/>\n<meta property=\"og:site_name\" content=\"POGOTOWIE FLAGOWE\u00ae\" \/>\n<meta property=\"article:published_time\" content=\"2025-01-07T17:49:09+00:00\" \/>\n<meta property=\"og:image\" content=\"https:\/\/www.pogotowieflagowe.pl\/aktualne\/wp-content\/uploads\/2025\/01\/Zakaz-wiercen-na-morzu-wydany-przez-Bidena-wywoluje-kontrowersje-Trump.jpg\" \/>\n\t<meta property=\"og:image:width\" content=\"750\" \/>\n\t<meta property=\"og:image:height\" content=\"425\" \/>\n\t<meta property=\"og:image:type\" content=\"image\/jpeg\" \/>\n<meta name=\"author\" content=\"Filip\" \/>\n<meta name=\"twitter:card\" content=\"summary_large_image\" \/>\n<meta name=\"twitter:label1\" content=\"Napisane przez\" \/>\n\t<meta name=\"twitter:data1\" content=\"Filip\" \/>\n\t<meta name=\"twitter:label2\" content=\"Szacowany czas czytania\" \/>\n\t<meta name=\"twitter:data2\" content=\"1 minuta\" \/>\n<script type=\"application\/ld+json\" class=\"yoast-schema-graph\">{\"@context\":\"https:\/\/schema.org\",\"@graph\":[{\"@type\":\"Article\",\"@id\":\"https:\/\/www.pogotowieflagowe.pl\/aktualne\/zakaz-wiercen-na-morzu-wydany-przez-bidena-wywoluje-kontrowersje-trump-obiecuje-odwrocenie-sytuacji\/#article\",\"isPartOf\":{\"@id\":\"https:\/\/www.pogotowieflagowe.pl\/aktualne\/zakaz-wiercen-na-morzu-wydany-przez-bidena-wywoluje-kontrowersje-trump-obiecuje-odwrocenie-sytuacji\/\"},\"author\":{\"name\":\"Filip\",\"@id\":\"https:\/\/www.pogotowieflagowe.pl\/aktualne\/#\/schema\/person\/9c2fb7d2362ebf6fa088960d7f0d27b0\"},\"headline\":\"Zakaz wierce\u0144 na morzu wydany przez Bidena wywo\u0142uje kontrowersje; Trump obiecuje odwr\u00f3cenie sytuacji\",\"datePublished\":\"2025-01-07T17:49:09+00:00\",\"dateModified\":\"2025-01-07T17:49:09+00:00\",\"mainEntityOfPage\":{\"@id\":\"https:\/\/www.pogotowieflagowe.pl\/aktualne\/zakaz-wiercen-na-morzu-wydany-przez-bidena-wywoluje-kontrowersje-trump-obiecuje-odwrocenie-sytuacji\/\"},\"wordCount\":292,\"publisher\":{\"@id\":\"https:\/\/www.pogotowieflagowe.pl\/aktualne\/#organization\"},\"image\":{\"@id\":\"https:\/\/www.pogotowieflagowe.pl\/aktualne\/zakaz-wiercen-na-morzu-wydany-przez-bidena-wywoluje-kontrowersje-trump-obiecuje-odwrocenie-sytuacji\/#primaryimage\"},\"thumbnailUrl\":\"https:\/\/www.pogotowieflagowe.pl\/aktualne\/wp-content\/uploads\/2025\/01\/Zakaz-wiercen-na-morzu-wydany-przez-Bidena-wywoluje-kontrowersje-Trump.jpg\",\"keywords\":[\"Bidena\",\"kontrowersje\",\"morzu\",\"obiecuje\",\"odwr\u00f3cenie\",\"przez\",\"sytuacji\",\"Trump\",\"wierce\u0144\",\"wydany\",\"wywo\u0142uje\",\"zakaz\"],\"articleSection\":[\"Polityka\"],\"inLanguage\":\"pl-PL\"},{\"@type\":\"WebPage\",\"@id\":\"https:\/\/www.pogotowieflagowe.pl\/aktualne\/zakaz-wiercen-na-morzu-wydany-przez-bidena-wywoluje-kontrowersje-trump-obiecuje-odwrocenie-sytuacji\/\",\"url\":\"https:\/\/www.pogotowieflagowe.pl\/aktualne\/zakaz-wiercen-na-morzu-wydany-przez-bidena-wywoluje-kontrowersje-trump-obiecuje-odwrocenie-sytuacji\/\",\"name\":\"Zakaz wierce\u0144 na morzu wydany przez Bidena wywo\u0142uje kontrowersje; Trump obiecuje odwr\u00f3cenie sytuacji - POGOTOWIE FLAGOWE\u00ae\",\"isPartOf\":{\"@id\":\"https:\/\/www.pogotowieflagowe.pl\/aktualne\/#website\"},\"primaryImageOfPage\":{\"@id\":\"https:\/\/www.pogotowieflagowe.pl\/aktualne\/zakaz-wiercen-na-morzu-wydany-przez-bidena-wywoluje-kontrowersje-trump-obiecuje-odwrocenie-sytuacji\/#primaryimage\"},\"image\":{\"@id\":\"https:\/\/www.pogotowieflagowe.pl\/aktualne\/zakaz-wiercen-na-morzu-wydany-przez-bidena-wywoluje-kontrowersje-trump-obiecuje-odwrocenie-sytuacji\/#primaryimage\"},\"thumbnailUrl\":\"https:\/\/www.pogotowieflagowe.pl\/aktualne\/wp-content\/uploads\/2025\/01\/Zakaz-wiercen-na-morzu-wydany-przez-Bidena-wywoluje-kontrowersje-Trump.jpg\",\"datePublished\":\"2025-01-07T17:49:09+00:00\",\"dateModified\":\"2025-01-07T17:49:09+00:00\",\"breadcrumb\":{\"@id\":\"https:\/\/www.pogotowieflagowe.pl\/aktualne\/zakaz-wiercen-na-morzu-wydany-przez-bidena-wywoluje-kontrowersje-trump-obiecuje-odwrocenie-sytuacji\/#breadcrumb\"},\"inLanguage\":\"pl-PL\",\"potentialAction\":[{\"@type\":\"ReadAction\",\"target\":[\"https:\/\/www.pogotowieflagowe.pl\/aktualne\/zakaz-wiercen-na-morzu-wydany-przez-bidena-wywoluje-kontrowersje-trump-obiecuje-odwrocenie-sytuacji\/\"]}]},{\"@type\":\"ImageObject\",\"inLanguage\":\"pl-PL\",\"@id\":\"https:\/\/www.pogotowieflagowe.pl\/aktualne\/zakaz-wiercen-na-morzu-wydany-przez-bidena-wywoluje-kontrowersje-trump-obiecuje-odwrocenie-sytuacji\/#primaryimage\",\"url\":\"https:\/\/www.pogotowieflagowe.pl\/aktualne\/wp-content\/uploads\/2025\/01\/Zakaz-wiercen-na-morzu-wydany-przez-Bidena-wywoluje-kontrowersje-Trump.jpg\",\"contentUrl\":\"https:\/\/www.pogotowieflagowe.pl\/aktualne\/wp-content\/uploads\/2025\/01\/Zakaz-wiercen-na-morzu-wydany-przez-Bidena-wywoluje-kontrowersje-Trump.jpg\",\"width\":750,\"height\":425,\"caption\":\"Zakaz wierce\u0144 na morzu wydany przez Bidena wywo\u0142uje kontrowersje; Trump obiecuje odwr\u00f3cenie sytuacji\"},{\"@type\":\"BreadcrumbList\",\"@id\":\"https:\/\/www.pogotowieflagowe.pl\/aktualne\/zakaz-wiercen-na-morzu-wydany-przez-bidena-wywoluje-kontrowersje-trump-obiecuje-odwrocenie-sytuacji\/#breadcrumb\",\"itemListElement\":[{\"@type\":\"ListItem\",\"position\":1,\"name\":\"Home\",\"item\":\"https:\/\/www.pogotowieflagowe.pl\/aktualne\/\"},{\"@type\":\"ListItem\",\"position\":2,\"name\":\"Zakaz wierce\u0144 na morzu wydany przez Bidena wywo\u0142uje kontrowersje; Trump obiecuje odwr\u00f3cenie sytuacji\"}]},{\"@type\":\"WebSite\",\"@id\":\"https:\/\/www.pogotowieflagowe.pl\/aktualne\/#website\",\"url\":\"https:\/\/www.pogotowieflagowe.pl\/aktualne\/\",\"name\":\"POGOTOWIE FLAGOWE\u00ae\",\"description\":\"\",\"publisher\":{\"@id\":\"https:\/\/www.pogotowieflagowe.pl\/aktualne\/#organization\"},\"potentialAction\":[{\"@type\":\"SearchAction\",\"target\":{\"@type\":\"EntryPoint\",\"urlTemplate\":\"https:\/\/www.pogotowieflagowe.pl\/aktualne\/?s={search_term_string}\"},\"query-input\":\"required name=search_term_string\"}],\"inLanguage\":\"pl-PL\"},{\"@type\":\"Organization\",\"@id\":\"https:\/\/www.pogotowieflagowe.pl\/aktualne\/#organization\",\"name\":\"POGOTOWIE FLAGOWE\u00ae\",\"url\":\"https:\/\/www.pogotowieflagowe.pl\/aktualne\/\",\"logo\":{\"@type\":\"ImageObject\",\"inLanguage\":\"pl-PL\",\"@id\":\"https:\/\/www.pogotowieflagowe.pl\/aktualne\/#\/schema\/logo\/image\/\",\"url\":\"https:\/\/www.pogotowieflagowe.pl\/aktualne\/wp-content\/uploads\/2024\/08\/cropped-pogotowieflagowe_flaga_projekt_sm.jpg\",\"contentUrl\":\"https:\/\/www.pogotowieflagowe.pl\/aktualne\/wp-content\/uploads\/2024\/08\/cropped-pogotowieflagowe_flaga_projekt_sm.jpg\",\"width\":250,\"height\":143,\"caption\":\"POGOTOWIE FLAGOWE\u00ae\"},\"image\":{\"@id\":\"https:\/\/www.pogotowieflagowe.pl\/aktualne\/#\/schema\/logo\/image\/\"}},{\"@type\":\"Person\",\"@id\":\"https:\/\/www.pogotowieflagowe.pl\/aktualne\/#\/schema\/person\/9c2fb7d2362ebf6fa088960d7f0d27b0\",\"name\":\"Filip\",\"image\":{\"@type\":\"ImageObject\",\"inLanguage\":\"pl-PL\",\"@id\":\"https:\/\/www.pogotowieflagowe.pl\/aktualne\/#\/schema\/person\/image\/\",\"url\":\"https:\/\/www.pogotowieflagowe.pl\/aktualne\/wp-content\/uploads\/2024\/08\/pogotowieflagowe.pl_.jpg\",\"contentUrl\":\"https:\/\/www.pogotowieflagowe.pl\/aktualne\/wp-content\/uploads\/2024\/08\/pogotowieflagowe.pl_.jpg\",\"caption\":\"Filip\"},\"description\":\"Jestem Filip, polski dziennikarz z dyplomem nauk politycznych Uniwersytetu Warszawskiego. Rozpoczynaj\u0105c swoj\u0105 karier\u0119 w r\u00f3\u017cnych lokalnych mediach, zdoby\u0142em solidne do\u015bwiadczenie w zakresie \u015bledztwa i redakcji. Obecnie jako redaktor w Pogotowie flagowe, staram si\u0119 dostarcza\u0107 dog\u0142\u0119bne i istotne analizy na temat najwa\u017cniejszych kwestii aktualno\u015bci, \u0142\u0105cz\u0105c rygor z pasj\u0105 dziennikarsk\u0105.\",\"sameAs\":[\"https:\/\/www.pogotowieflagowe.pl\/\"]}]}<\/script>\n<!-- \/ Yoast SEO plugin. -->","yoast_head_json":{"title":"Zakaz wierce\u0144 na morzu wydany przez Bidena wywo\u0142uje kontrowersje; Trump obiecuje odwr\u00f3cenie sytuacji - POGOTOWIE FLAGOWE\u00ae","robots":{"index":"index","follow":"follow","max-snippet":"max-snippet:-1","max-image-preview":"max-image-preview:large","max-video-preview":"max-video-preview:-1"},"canonical":"https:\/\/www.pogotowieflagowe.pl\/aktualne\/zakaz-wiercen-na-morzu-wydany-przez-bidena-wywoluje-kontrowersje-trump-obiecuje-odwrocenie-sytuacji\/","og_locale":"pl_PL","og_type":"article","og_title":"Zakaz wierce\u0144 na morzu wydany przez Bidena wywo\u0142uje kontrowersje; Trump obiecuje odwr\u00f3cenie sytuacji - POGOTOWIE FLAGOWE\u00ae","og_description":"Biden zakazuje odwiert\u00f3w na morzu w celu ochrony wybrze\u017cy USA, wywo\u0142uj\u0105c pochwa\u0142y ze strony ekolog\u00f3w i sprzeciw Trumpa i lider\u00f3w","og_url":"https:\/\/www.pogotowieflagowe.pl\/aktualne\/zakaz-wiercen-na-morzu-wydany-przez-bidena-wywoluje-kontrowersje-trump-obiecuje-odwrocenie-sytuacji\/","og_site_name":"POGOTOWIE FLAGOWE\u00ae","article_published_time":"2025-01-07T17:49:09+00:00","og_image":[{"width":750,"height":425,"url":"https:\/\/www.pogotowieflagowe.pl\/aktualne\/wp-content\/uploads\/2025\/01\/Zakaz-wiercen-na-morzu-wydany-przez-Bidena-wywoluje-kontrowersje-Trump.jpg","type":"image\/jpeg"}],"author":"Filip","twitter_card":"summary_large_image","twitter_misc":{"Napisane przez":"Filip","Szacowany czas czytania":"1 minuta"},"schema":{"@context":"https:\/\/schema.org","@graph":[{"@type":"Article","@id":"https:\/\/www.pogotowieflagowe.pl\/aktualne\/zakaz-wiercen-na-morzu-wydany-przez-bidena-wywoluje-kontrowersje-trump-obiecuje-odwrocenie-sytuacji\/#article","isPartOf":{"@id":"https:\/\/www.pogotowieflagowe.pl\/aktualne\/zakaz-wiercen-na-morzu-wydany-przez-bidena-wywoluje-kontrowersje-trump-obiecuje-odwrocenie-sytuacji\/"},"author":{"name":"Filip","@id":"https:\/\/www.pogotowieflagowe.pl\/aktualne\/#\/schema\/person\/9c2fb7d2362ebf6fa088960d7f0d27b0"},"headline":"Zakaz wierce\u0144 na morzu wydany przez Bidena wywo\u0142uje kontrowersje; Trump obiecuje odwr\u00f3cenie sytuacji","datePublished":"2025-01-07T17:49:09+00:00","dateModified":"2025-01-07T17:49:09+00:00","mainEntityOfPage":{"@id":"https:\/\/www.pogotowieflagowe.pl\/aktualne\/zakaz-wiercen-na-morzu-wydany-przez-bidena-wywoluje-kontrowersje-trump-obiecuje-odwrocenie-sytuacji\/"},"wordCount":292,"publisher":{"@id":"https:\/\/www.pogotowieflagowe.pl\/aktualne\/#organization"},"image":{"@id":"https:\/\/www.pogotowieflagowe.pl\/aktualne\/zakaz-wiercen-na-morzu-wydany-przez-bidena-wywoluje-kontrowersje-trump-obiecuje-odwrocenie-sytuacji\/#primaryimage"},"thumbnailUrl":"https:\/\/www.pogotowieflagowe.pl\/aktualne\/wp-content\/uploads\/2025\/01\/Zakaz-wiercen-na-morzu-wydany-przez-Bidena-wywoluje-kontrowersje-Trump.jpg","keywords":["Bidena","kontrowersje","morzu","obiecuje","odwr\u00f3cenie","przez","sytuacji","Trump","wierce\u0144","wydany","wywo\u0142uje","zakaz"],"articleSection":["Polityka"],"inLanguage":"pl-PL"},{"@type":"WebPage","@id":"https:\/\/www.pogotowieflagowe.pl\/aktualne\/zakaz-wiercen-na-morzu-wydany-przez-bidena-wywoluje-kontrowersje-trump-obiecuje-odwrocenie-sytuacji\/","url":"https:\/\/www.pogotowieflagowe.pl\/aktualne\/zakaz-wiercen-na-morzu-wydany-przez-bidena-wywoluje-kontrowersje-trump-obiecuje-odwrocenie-sytuacji\/","name":"Zakaz wierce\u0144 na morzu wydany przez Bidena wywo\u0142uje kontrowersje; Trump obiecuje odwr\u00f3cenie sytuacji - POGOTOWIE FLAGOWE\u00ae","isPartOf":{"@id":"https:\/\/www.pogotowieflagowe.pl\/aktualne\/#website"},"primaryImageOfPage":{"@id":"https:\/\/www.pogotowieflagowe.pl\/aktualne\/zakaz-wiercen-na-morzu-wydany-przez-bidena-wywoluje-kontrowersje-trump-obiecuje-odwrocenie-sytuacji\/#primaryimage"},"image":{"@id":"https:\/\/www.pogotowieflagowe.pl\/aktualne\/zakaz-wiercen-na-morzu-wydany-przez-bidena-wywoluje-kontrowersje-trump-obiecuje-odwrocenie-sytuacji\/#primaryimage"},"thumbnailUrl":"https:\/\/www.pogotowieflagowe.pl\/aktualne\/wp-content\/uploads\/2025\/01\/Zakaz-wiercen-na-morzu-wydany-przez-Bidena-wywoluje-kontrowersje-Trump.jpg","datePublished":"2025-01-07T17:49:09+00:00","dateModified":"2025-01-07T17:49:09+00:00","breadcrumb":{"@id":"https:\/\/www.pogotowieflagowe.pl\/aktualne\/zakaz-wiercen-na-morzu-wydany-przez-bidena-wywoluje-kontrowersje-trump-obiecuje-odwrocenie-sytuacji\/#breadcrumb"},"inLanguage":"pl-PL","potentialAction":[{"@type":"ReadAction","target":["https:\/\/www.pogotowieflagowe.pl\/aktualne\/zakaz-wiercen-na-morzu-wydany-przez-bidena-wywoluje-kontrowersje-trump-obiecuje-odwrocenie-sytuacji\/"]}]},{"@type":"ImageObject","inLanguage":"pl-PL","@id":"https:\/\/www.pogotowieflagowe.pl\/aktualne\/zakaz-wiercen-na-morzu-wydany-przez-bidena-wywoluje-kontrowersje-trump-obiecuje-odwrocenie-sytuacji\/#primaryimage","url":"https:\/\/www.pogotowieflagowe.pl\/aktualne\/wp-content\/uploads\/2025\/01\/Zakaz-wiercen-na-morzu-wydany-przez-Bidena-wywoluje-kontrowersje-Trump.jpg","contentUrl":"https:\/\/www.pogotowieflagowe.pl\/aktualne\/wp-content\/uploads\/2025\/01\/Zakaz-wiercen-na-morzu-wydany-przez-Bidena-wywoluje-kontrowersje-Trump.jpg","width":750,"height":425,"caption":"Zakaz wierce\u0144 na morzu wydany przez Bidena wywo\u0142uje kontrowersje; Trump obiecuje odwr\u00f3cenie sytuacji"},{"@type":"BreadcrumbList","@id":"https:\/\/www.pogotowieflagowe.pl\/aktualne\/zakaz-wiercen-na-morzu-wydany-przez-bidena-wywoluje-kontrowersje-trump-obiecuje-odwrocenie-sytuacji\/#breadcrumb","itemListElement":[{"@type":"ListItem","position":1,"name":"Home","item":"https:\/\/www.pogotowieflagowe.pl\/aktualne\/"},{"@type":"ListItem","position":2,"name":"Zakaz wierce\u0144 na morzu wydany przez Bidena wywo\u0142uje kontrowersje; Trump obiecuje odwr\u00f3cenie sytuacji"}]},{"@type":"WebSite","@id":"https:\/\/www.pogotowieflagowe.pl\/aktualne\/#website","url":"https:\/\/www.pogotowieflagowe.pl\/aktualne\/","name":"POGOTOWIE FLAGOWE\u00ae","description":"","publisher":{"@id":"https:\/\/www.pogotowieflagowe.pl\/aktualne\/#organization"},"potentialAction":[{"@type":"SearchAction","target":{"@type":"EntryPoint","urlTemplate":"https:\/\/www.pogotowieflagowe.pl\/aktualne\/?s={search_term_string}"},"query-input":"required name=search_term_string"}],"inLanguage":"pl-PL"},{"@type":"Organization","@id":"https:\/\/www.pogotowieflagowe.pl\/aktualne\/#organization","name":"POGOTOWIE FLAGOWE\u00ae","url":"https:\/\/www.pogotowieflagowe.pl\/aktualne\/","logo":{"@type":"ImageObject","inLanguage":"pl-PL","@id":"https:\/\/www.pogotowieflagowe.pl\/aktualne\/#\/schema\/logo\/image\/","url":"https:\/\/www.pogotowieflagowe.pl\/aktualne\/wp-content\/uploads\/2024\/08\/cropped-pogotowieflagowe_flaga_projekt_sm.jpg","contentUrl":"https:\/\/www.pogotowieflagowe.pl\/aktualne\/wp-content\/uploads\/2024\/08\/cropped-pogotowieflagowe_flaga_projekt_sm.jpg","width":250,"height":143,"caption":"POGOTOWIE FLAGOWE\u00ae"},"image":{"@id":"https:\/\/www.pogotowieflagowe.pl\/aktualne\/#\/schema\/logo\/image\/"}},{"@type":"Person","@id":"https:\/\/www.pogotowieflagowe.pl\/aktualne\/#\/schema\/person\/9c2fb7d2362ebf6fa088960d7f0d27b0","name":"Filip","image":{"@type":"ImageObject","inLanguage":"pl-PL","@id":"https:\/\/www.pogotowieflagowe.pl\/aktualne\/#\/schema\/person\/image\/","url":"https:\/\/www.pogotowieflagowe.pl\/aktualne\/wp-content\/uploads\/2024\/08\/pogotowieflagowe.pl_.jpg","contentUrl":"https:\/\/www.pogotowieflagowe.pl\/aktualne\/wp-content\/uploads\/2024\/08\/pogotowieflagowe.pl_.jpg","caption":"Filip"},"description":"Jestem Filip, polski dziennikarz z dyplomem nauk politycznych Uniwersytetu Warszawskiego. Rozpoczynaj\u0105c swoj\u0105 karier\u0119 w r\u00f3\u017cnych lokalnych mediach, zdoby\u0142em solidne do\u015bwiadczenie w zakresie \u015bledztwa i redakcji. Obecnie jako redaktor w Pogotowie flagowe, staram si\u0119 dostarcza\u0107 dog\u0142\u0119bne i istotne analizy na temat najwa\u017cniejszych kwestii aktualno\u015bci, \u0142\u0105cz\u0105c rygor z pasj\u0105 dziennikarsk\u0105.","sameAs":["https:\/\/www.pogotowieflagowe.pl\/"]}]}},"_links":{"self":[{"href":"https:\/\/www.pogotowieflagowe.pl\/aktualne\/wp-json\/wp\/v2\/posts\/2911","targetHints":{"allow":["GET"]}}],"collection":[{"href":"https:\/\/www.pogotowieflagowe.pl\/aktualne\/wp-json\/wp\/v2\/posts"}],"about":[{"href":"https:\/\/www.pogotowieflagowe.pl\/aktualne\/wp-json\/wp\/v2\/types\/post"}],"author":[{"embeddable":true,"href":"https:\/\/www.pogotowieflagowe.pl\/aktualne\/wp-json\/wp\/v2\/users\/1"}],"replies":[{"embeddable":true,"href":"https:\/\/www.pogotowieflagowe.pl\/aktualne\/wp-json\/wp\/v2\/comments?post=2911"}],"version-history":[{"count":1,"href":"https:\/\/www.pogotowieflagowe.pl\/aktualne\/wp-json\/wp\/v2\/posts\/2911\/revisions"}],"predecessor-version":[{"id":2913,"href":"https:\/\/www.pogotowieflagowe.pl\/aktualne\/wp-json\/wp\/v2\/posts\/2911\/revisions\/2913"}],"wp:featuredmedia":[{"embeddable":true,"href":"https:\/\/www.pogotowieflagowe.pl\/aktualne\/wp-json\/wp\/v2\/media\/2912"}],"wp:attachment":[{"href":"https:\/\/www.pogotowieflagowe.pl\/aktualne\/wp-json\/wp\/v2\/media?parent=2911"}],"wp:term":[{"taxonomy":"category","embeddable":true,"href":"https:\/\/www.pogotowieflagowe.pl\/aktualne\/wp-json\/wp\/v2\/categories?post=2911"},{"taxonomy":"post_tag","embeddable":true,"href":"https:\/\/www.pogotowieflagowe.pl\/aktualne\/wp-json\/wp\/v2\/tags?post=2911"}],"curies":[{"name":"wp","href":"https:\/\/api.w.org\/{rel}","templated":true}]}}