{"id":2976,"date":"2025-01-10T08:51:57","date_gmt":"2025-01-10T07:51:57","guid":{"rendered":"https:\/\/www.pogotowieflagowe.pl\/aktualne\/obchody-rocznicy-wesela-andrzeja-wajdy\/"},"modified":"2025-01-10T08:51:58","modified_gmt":"2025-01-10T07:51:58","slug":"obchody-rocznicy-wesela-andrzeja-wajdy","status":"publish","type":"post","link":"https:\/\/www.pogotowieflagowe.pl\/aktualne\/obchody-rocznicy-wesela-andrzeja-wajdy\/","title":{"rendered":"Obchody rocznicy Wesela Andrzeja Wajdy"},"content":{"rendered":"\n<div class=\"td_block_wrap tdb_single_content tdi_48 td-pb-border-top td_block_template_8 td-post-content tagdiv-type\" data-td-block-uid=\"tdi_48\">\n<style>.tdi_48{margines-top:0px!important;margin-bottom:0px!important;dope\u0142nienie-g\u00f3ra:0px!important;dope\u0142nienie-d\u00f3\u0142:0px!important}<\/style>\n<style>.tdb_single_content{margin-bottom:0;*zoom:1}.tdb_single_content:before,.tdb_single_content:after{display:table;content:'';line-height:0}.tdb_single_content:after{clear:both}.tdb_single_content .tdb-block-inner>*:not(.wp-block-quote):not(.alignwide):not(.alignfull.wp-block-cover.has-parallax):not(.td-a-ad) {margin-left:auto;margin-right:auto}.tdb_single_content a{pointer-events:auto}.tdb_single_content .td-spot-id-top_ad .tdc-placeholder-title:before{content:'Article Top Ad'!important}.tdb_single_content .td-spot-id-inline_ad0 .tdc-placeholder-title:before{content:'Article Reklama wbudowana 1'!important}.tdb_single_content .td-spot-id-inline_ad1 .tdc-placeholder-title:before{content:'Article Inline Ad 2'!important}.tdb_single_content .td-spot-id-inline_ad2 .tdc-placeholder-title:before{content:' Reklama wbudowana w artyku\u0142 3'!important}.tdb_single_content .td-spot-id-bottom_ad .tdc-placeholder-title:before{content:'Article Bottom Ad'!important}.tdb_single_content .id_top_ad,.tdb_single_content .id_bottom_ad{clear:both;margin-bottom:21px;text-align:center}.tdb_single_content .id_top_ad img,.tdb_single_content .id_bottom_ad img{margin-bottom:0}.tdb_single_content .id_top_ad .adsbygoogle,.tdb_single_content .id_bottom_ad .adsbygoogle{position:relative}.tdb_single_content .id_ad_content-horiz-left,.tdb_single_content .id_ad_content-horiz-right,.tdb_single_content .id_ad_content-horiz-center{margin-bottom:15px}.tdb_single_content .id_ad_content-horiz-left img,.tdb_single_content .id_ad_content-horiz-right img,.tdb_single_content .id_ad_content-horiz-center img{margin-bottom:0}.tdb_single_content .id_ad_content-horiz-center{text-align:center}.tdb_single_content .id_ad_content-horiz-center img{margin-right:auto;margin-left:auto}.tdb_single_content .id_ad_content-horiz-left{float:left;margin-top:9px;margin-right:21px}.tdb_single_content .id_ad_content-horiz-right{float:right;margin-top:6px;margin-left:21px}.tdb_single_content .tdc-a-ad .tdc-placeholder-title{width:300px;height:250px}.tdb_single_content .tdc-a-ad .tdc-placeholder-title:before{position:absolute;top:50%;-webkit-transform:translateY(-50%);transform:translateY(-50%);margines:auto;display:table;width:100 %}.tdb_single_content .tdb-block-inner.td-fix-index{word-break:break-word}.tdi_48,.tdi_48>p,.tdi_48 .tdb-block-inner>p{font-size:16px!important;line- wysoko\u015b\u0107:1,6!wa\u017cne}.tdi_48 .tdb-block-inner blockquote p{font-style:normal!important}@media (max-width:767px){.tdb_single_content .id_ad_content-horiz-left,.tdb_single_content .id_ad_content-horiz-right,.tdb_single_content .id_ad_content-horiz-center{margin:0 automatyczny 26px auto}}@media (max-width:767px){.tdb_single_content .id_ad_content-horiz-left{margin-right:0}}@media (max-width:767px){.tdb_single_content .id_ad_content-horiz-right{margin -left:0}}@media (max-width:767px){.tdb_single_content .td-a-ad{float:none;text-align:center}.tdb_single_content .td-a-ad img{margin-right:auto;margin-left:auto}. tdb_single_content .tdc-a-ad{float:none}}<\/style>\n<div class=\"tdb-block-inner td-fix-index\">\n<h2 class=\"wp-block-heading\">9 stycznia 1973 roku ukaza\u0142o si\u0119 arcydzie\u0142o Andrzeja Wajdy Wesele (<em>\u015alub)<\/em> mia\u0142 swoj\u0105 premier\u0119, oddaj\u0105c istot\u0119 polskiej kultury i historii. Dzi\u015b obchodzi swoj\u0105 rocznic\u0119.<\/h2>\n<p>9 stycznia 2025 roku przypada rocznica premiery filmu <strong>Andrzeja Wajdy<\/strong>kultowy film <em>\u015alub<\/em> (<em>Wesele<\/em>), kt\u00f3ry zadebiutowa\u0142 tego dnia w 1973 roku. Na podstawie s\u0142ynnej sztuki pt <strong>Stanis\u0142awa Wyspia\u0144skiego<\/strong>Film po mistrzowsku splata polskie tradycje z zjadliwym komentarzem na temat zmaga\u0144 spo\u0142ecznych i politycznych, tworz\u0105c ponadczasowe dzie\u0142o sztuki.<\/p>\n<h2 class=\"wp-block-heading\"><strong>Film osadzony w polskiej kulturze<\/strong><\/h2>\n<figure class=\"wp-block-embed is-type-video is-provider-youtube wp-block-embed-youtube wp-embed-aspect-4-3 wp-has-aspect-ratio\">\n<div class=\"wp-block-embed__wrapper\">\n<iframe title=\"Wesele (1973), re\u017c. A. Wajda\" width=\"1200\" height=\"900\" src=\"https:\/\/www.youtube.com\/embed\/sjuBtYh8sPY?feature=oembed\" frameborder=\"0\" allow=\"accelerometer; autoplay; clipboard-write; encrypted-media; gyroscope; picture-in-picture; web-share\" referrerpolicy=\"strict-origin-when-cross-origin\" allowfullscreen><\/iframe>\n<\/div>\n<\/figure>\n<p>Film zag\u0142\u0119bia si\u0119 w kulturowe i historyczne zawi\u0142o\u015bci Polski na tle tradycyjnego wesela na wiejskiej wsi. Filmowa adaptacja Wajdy nie tylko zachowa\u0142a poetyck\u0105 esencj\u0119 tw\u00f3rczo\u015bci Wyspia\u0144skiego, ale tak\u017ce nasyci\u0142a j\u0105 wizualn\u0105 symbolik\u0105 i krytyczn\u0105 perspektyw\u0105, kt\u00f3ra g\u0142\u0119boko zapad\u0142a w pami\u0119\u0107 widz\u00f3w.<\/p>\n<p><iframe width=\"560\" height=\"314\" style=\"border:none;overflow:hidden\" scrolling=\"no\" frameborder=\"0\" allowfullscreen=\"true\" allow=\"autoplay; clipboard-write; encrypted-media; picture-in-picture; web-share\" data-src=\"https:\/\/www.facebook.com\/plugins\/video.php?height=314&amp;href=https%3A%2F%2Fwww.facebook.com%2FEasternEuropeanMovies%2Fvideos%2F250509948982794%2F&amp;show_text=false&amp;width=560&amp;t=0\" class=\"lazyload\"><\/iframe><\/p>\n<h2 class=\"wp-block-heading\"><strong>Kim by\u0142 Andrzej Wajda?<\/strong><\/h2>\n<div class=\"wp-block-media-text is-stacked-on-mobile\">\n<figure class=\"wp-block-media-text__media\"><picture><source  type=\"image\/webp\" data-><\/source><\/picture><img fetchpriority=\"high\" decoding=\"async\" width=\"1024\" height=\"768\" src=\"https:\/\/www.pogotowieflagowe.pl\/aktualne\/wp-content\/uploads\/2025\/01\/Obchody-rocznicy-Wesela-Andrzeja-Wajdy.jpg\" alt=\"\" class=\"wp-image-50232 size-full\"   data-eio=\"l\"><\/figure>\n<div class=\"wp-block-media-text__content\">\n<p><strong>Andrzej Wajda (1926\u20132016)<\/strong> by\u0142 legendarnym polskim re\u017cyserem, znanym ze swoich zas\u0142ug dla kina \u015bwiatowego. W jego pracach cz\u0119sto poruszane by\u0142y tematy historii, to\u017csamo\u015bci i sprawiedliwo\u015bci spo\u0142ecznej, odzwierciedlaj\u0105ce burzliw\u0105 histori\u0119 Polski XX wieku. Wajda otrzyma\u0142 wiele wyr\u00f3\u017cnie\u0144, w tym Honorowego Oscara w 2000 roku za ca\u0142okszta\u0142t tw\u00f3rczo\u015bci.<\/p>\n<hr class=\"wp-block-separator has-alpha-channel-opacity\">\n<p><em>zdj\u0119cie: Palkin, CC BY-SA 2.5, https:\/\/commons.wikimedia.org\/w\/index.php?curid=8673196<\/em><\/p>\n<\/div>\n<\/div>\n<p>W zwi\u0105zku z obchodami 52. rocznicy <em>\u015alub<\/em>to moment na refleksj\u0119 nad nieprzemijaj\u0105cym dziedzictwem Wajdy i jego g\u0142\u0119bokim wp\u0142ywem na kino. Jego prace nadal inspiruj\u0105 i przypominaj\u0105 nam o sile opowiadania historii w zachowaniu to\u017csamo\u015bci kulturowej.<\/p>\n<\/div>\n<\/div>\n","protected":false},"excerpt":{"rendered":"<p>9 stycznia 1973 roku ukaza\u0142o si\u0119 arcydzie\u0142o Andrzeja Wajdy Wesele (\u015alub) mia\u0142 swoj\u0105 premier\u0119, oddaj\u0105c istot\u0119 polskiej kultury i historii.<\/p>\n","protected":false},"author":1,"featured_media":2977,"comment_status":"closed","ping_status":"","sticky":false,"template":"","format":"standard","meta":{"footnotes":""},"categories":[47],"tags":[1628,2881,4375,4377,4376],"class_list":["post-2976","post","type-post","status-publish","format-standard","has-post-thumbnail","hentry","category-styl-zycia","tag-andrzeja","tag-obchody","tag-rocznicy","tag-wajdy","tag-wesela","generate-columns","tablet-grid-50","mobile-grid-100","grid-parent","grid-50","resize-featured-image"],"yoast_head":"<!-- This site is optimized with the Yoast SEO plugin v23.2 - https:\/\/yoast.com\/wordpress\/plugins\/seo\/ -->\n<title>Obchody rocznicy Wesela Andrzeja Wajdy - POGOTOWIE FLAGOWE\u00ae<\/title>\n<meta name=\"robots\" content=\"index, follow, max-snippet:-1, max-image-preview:large, max-video-preview:-1\" \/>\n<link rel=\"canonical\" href=\"https:\/\/www.pogotowieflagowe.pl\/aktualne\/obchody-rocznicy-wesela-andrzeja-wajdy\/\" \/>\n<meta property=\"og:locale\" content=\"pl_PL\" \/>\n<meta property=\"og:type\" content=\"article\" \/>\n<meta property=\"og:title\" content=\"Obchody rocznicy Wesela Andrzeja Wajdy - POGOTOWIE FLAGOWE\u00ae\" \/>\n<meta property=\"og:description\" content=\"9 stycznia 1973 roku ukaza\u0142o si\u0119 arcydzie\u0142o Andrzeja Wajdy Wesele (\u015alub) mia\u0142 swoj\u0105 premier\u0119, oddaj\u0105c istot\u0119 polskiej kultury i historii.\" \/>\n<meta property=\"og:url\" content=\"https:\/\/www.pogotowieflagowe.pl\/aktualne\/obchody-rocznicy-wesela-andrzeja-wajdy\/\" \/>\n<meta property=\"og:site_name\" content=\"POGOTOWIE FLAGOWE\u00ae\" \/>\n<meta property=\"article:published_time\" content=\"2025-01-10T07:51:57+00:00\" \/>\n<meta property=\"article:modified_time\" content=\"2025-01-10T07:51:58+00:00\" \/>\n<meta property=\"og:image\" content=\"https:\/\/www.pogotowieflagowe.pl\/aktualne\/wp-content\/uploads\/2025\/01\/1736495517_Obchody-rocznicy-Wesela-Andrzeja-Wajdy.jpg\" \/>\n\t<meta property=\"og:image:width\" content=\"1127\" \/>\n\t<meta property=\"og:image:height\" content=\"641\" \/>\n\t<meta property=\"og:image:type\" content=\"image\/jpeg\" \/>\n<meta name=\"author\" content=\"Filip\" \/>\n<meta name=\"twitter:card\" content=\"summary_large_image\" \/>\n<meta name=\"twitter:label1\" content=\"Napisane przez\" \/>\n\t<meta name=\"twitter:data1\" content=\"Filip\" \/>\n\t<meta name=\"twitter:label2\" content=\"Szacowany czas czytania\" \/>\n\t<meta name=\"twitter:data2\" content=\"1 minuta\" \/>\n<script type=\"application\/ld+json\" class=\"yoast-schema-graph\">{\"@context\":\"https:\/\/schema.org\",\"@graph\":[{\"@type\":\"Article\",\"@id\":\"https:\/\/www.pogotowieflagowe.pl\/aktualne\/obchody-rocznicy-wesela-andrzeja-wajdy\/#article\",\"isPartOf\":{\"@id\":\"https:\/\/www.pogotowieflagowe.pl\/aktualne\/obchody-rocznicy-wesela-andrzeja-wajdy\/\"},\"author\":{\"name\":\"Filip\",\"@id\":\"https:\/\/www.pogotowieflagowe.pl\/aktualne\/#\/schema\/person\/9c2fb7d2362ebf6fa088960d7f0d27b0\"},\"headline\":\"Obchody rocznicy Wesela Andrzeja Wajdy\",\"datePublished\":\"2025-01-10T07:51:57+00:00\",\"dateModified\":\"2025-01-10T07:51:58+00:00\",\"mainEntityOfPage\":{\"@id\":\"https:\/\/www.pogotowieflagowe.pl\/aktualne\/obchody-rocznicy-wesela-andrzeja-wajdy\/\"},\"wordCount\":263,\"publisher\":{\"@id\":\"https:\/\/www.pogotowieflagowe.pl\/aktualne\/#organization\"},\"image\":{\"@id\":\"https:\/\/www.pogotowieflagowe.pl\/aktualne\/obchody-rocznicy-wesela-andrzeja-wajdy\/#primaryimage\"},\"thumbnailUrl\":\"https:\/\/www.pogotowieflagowe.pl\/aktualne\/wp-content\/uploads\/2025\/01\/1736495517_Obchody-rocznicy-Wesela-Andrzeja-Wajdy.jpg\",\"keywords\":[\"Andrzeja\",\"Obchody\",\"rocznicy\",\"Wajdy\",\"Wesela\"],\"articleSection\":[\"Styl \u017cycia\"],\"inLanguage\":\"pl-PL\"},{\"@type\":\"WebPage\",\"@id\":\"https:\/\/www.pogotowieflagowe.pl\/aktualne\/obchody-rocznicy-wesela-andrzeja-wajdy\/\",\"url\":\"https:\/\/www.pogotowieflagowe.pl\/aktualne\/obchody-rocznicy-wesela-andrzeja-wajdy\/\",\"name\":\"Obchody rocznicy Wesela Andrzeja Wajdy - POGOTOWIE FLAGOWE\u00ae\",\"isPartOf\":{\"@id\":\"https:\/\/www.pogotowieflagowe.pl\/aktualne\/#website\"},\"primaryImageOfPage\":{\"@id\":\"https:\/\/www.pogotowieflagowe.pl\/aktualne\/obchody-rocznicy-wesela-andrzeja-wajdy\/#primaryimage\"},\"image\":{\"@id\":\"https:\/\/www.pogotowieflagowe.pl\/aktualne\/obchody-rocznicy-wesela-andrzeja-wajdy\/#primaryimage\"},\"thumbnailUrl\":\"https:\/\/www.pogotowieflagowe.pl\/aktualne\/wp-content\/uploads\/2025\/01\/1736495517_Obchody-rocznicy-Wesela-Andrzeja-Wajdy.jpg\",\"datePublished\":\"2025-01-10T07:51:57+00:00\",\"dateModified\":\"2025-01-10T07:51:58+00:00\",\"breadcrumb\":{\"@id\":\"https:\/\/www.pogotowieflagowe.pl\/aktualne\/obchody-rocznicy-wesela-andrzeja-wajdy\/#breadcrumb\"},\"inLanguage\":\"pl-PL\",\"potentialAction\":[{\"@type\":\"ReadAction\",\"target\":[\"https:\/\/www.pogotowieflagowe.pl\/aktualne\/obchody-rocznicy-wesela-andrzeja-wajdy\/\"]}]},{\"@type\":\"ImageObject\",\"inLanguage\":\"pl-PL\",\"@id\":\"https:\/\/www.pogotowieflagowe.pl\/aktualne\/obchody-rocznicy-wesela-andrzeja-wajdy\/#primaryimage\",\"url\":\"https:\/\/www.pogotowieflagowe.pl\/aktualne\/wp-content\/uploads\/2025\/01\/1736495517_Obchody-rocznicy-Wesela-Andrzeja-Wajdy.jpg\",\"contentUrl\":\"https:\/\/www.pogotowieflagowe.pl\/aktualne\/wp-content\/uploads\/2025\/01\/1736495517_Obchody-rocznicy-Wesela-Andrzeja-Wajdy.jpg\",\"width\":1127,\"height\":641,\"caption\":\"Obchody rocznicy Wesela Andrzeja Wajdy\"},{\"@type\":\"BreadcrumbList\",\"@id\":\"https:\/\/www.pogotowieflagowe.pl\/aktualne\/obchody-rocznicy-wesela-andrzeja-wajdy\/#breadcrumb\",\"itemListElement\":[{\"@type\":\"ListItem\",\"position\":1,\"name\":\"Home\",\"item\":\"https:\/\/www.pogotowieflagowe.pl\/aktualne\/\"},{\"@type\":\"ListItem\",\"position\":2,\"name\":\"Obchody rocznicy Wesela Andrzeja Wajdy\"}]},{\"@type\":\"WebSite\",\"@id\":\"https:\/\/www.pogotowieflagowe.pl\/aktualne\/#website\",\"url\":\"https:\/\/www.pogotowieflagowe.pl\/aktualne\/\",\"name\":\"POGOTOWIE FLAGOWE\u00ae\",\"description\":\"\",\"publisher\":{\"@id\":\"https:\/\/www.pogotowieflagowe.pl\/aktualne\/#organization\"},\"potentialAction\":[{\"@type\":\"SearchAction\",\"target\":{\"@type\":\"EntryPoint\",\"urlTemplate\":\"https:\/\/www.pogotowieflagowe.pl\/aktualne\/?s={search_term_string}\"},\"query-input\":\"required name=search_term_string\"}],\"inLanguage\":\"pl-PL\"},{\"@type\":\"Organization\",\"@id\":\"https:\/\/www.pogotowieflagowe.pl\/aktualne\/#organization\",\"name\":\"POGOTOWIE FLAGOWE\u00ae\",\"url\":\"https:\/\/www.pogotowieflagowe.pl\/aktualne\/\",\"logo\":{\"@type\":\"ImageObject\",\"inLanguage\":\"pl-PL\",\"@id\":\"https:\/\/www.pogotowieflagowe.pl\/aktualne\/#\/schema\/logo\/image\/\",\"url\":\"https:\/\/www.pogotowieflagowe.pl\/aktualne\/wp-content\/uploads\/2024\/08\/cropped-pogotowieflagowe_flaga_projekt_sm.jpg\",\"contentUrl\":\"https:\/\/www.pogotowieflagowe.pl\/aktualne\/wp-content\/uploads\/2024\/08\/cropped-pogotowieflagowe_flaga_projekt_sm.jpg\",\"width\":250,\"height\":143,\"caption\":\"POGOTOWIE FLAGOWE\u00ae\"},\"image\":{\"@id\":\"https:\/\/www.pogotowieflagowe.pl\/aktualne\/#\/schema\/logo\/image\/\"}},{\"@type\":\"Person\",\"@id\":\"https:\/\/www.pogotowieflagowe.pl\/aktualne\/#\/schema\/person\/9c2fb7d2362ebf6fa088960d7f0d27b0\",\"name\":\"Filip\",\"image\":{\"@type\":\"ImageObject\",\"inLanguage\":\"pl-PL\",\"@id\":\"https:\/\/www.pogotowieflagowe.pl\/aktualne\/#\/schema\/person\/image\/\",\"url\":\"https:\/\/www.pogotowieflagowe.pl\/aktualne\/wp-content\/uploads\/2024\/08\/pogotowieflagowe.pl_.jpg\",\"contentUrl\":\"https:\/\/www.pogotowieflagowe.pl\/aktualne\/wp-content\/uploads\/2024\/08\/pogotowieflagowe.pl_.jpg\",\"caption\":\"Filip\"},\"description\":\"Jestem Filip, polski dziennikarz z dyplomem nauk politycznych Uniwersytetu Warszawskiego. Rozpoczynaj\u0105c swoj\u0105 karier\u0119 w r\u00f3\u017cnych lokalnych mediach, zdoby\u0142em solidne do\u015bwiadczenie w zakresie \u015bledztwa i redakcji. Obecnie jako redaktor w Pogotowie flagowe, staram si\u0119 dostarcza\u0107 dog\u0142\u0119bne i istotne analizy na temat najwa\u017cniejszych kwestii aktualno\u015bci, \u0142\u0105cz\u0105c rygor z pasj\u0105 dziennikarsk\u0105.\",\"sameAs\":[\"https:\/\/www.pogotowieflagowe.pl\/\"]}]}<\/script>\n<!-- \/ Yoast SEO plugin. -->","yoast_head_json":{"title":"Obchody rocznicy Wesela Andrzeja Wajdy - POGOTOWIE FLAGOWE\u00ae","robots":{"index":"index","follow":"follow","max-snippet":"max-snippet:-1","max-image-preview":"max-image-preview:large","max-video-preview":"max-video-preview:-1"},"canonical":"https:\/\/www.pogotowieflagowe.pl\/aktualne\/obchody-rocznicy-wesela-andrzeja-wajdy\/","og_locale":"pl_PL","og_type":"article","og_title":"Obchody rocznicy Wesela Andrzeja Wajdy - POGOTOWIE FLAGOWE\u00ae","og_description":"9 stycznia 1973 roku ukaza\u0142o si\u0119 arcydzie\u0142o Andrzeja Wajdy Wesele (\u015alub) mia\u0142 swoj\u0105 premier\u0119, oddaj\u0105c istot\u0119 polskiej kultury i historii.","og_url":"https:\/\/www.pogotowieflagowe.pl\/aktualne\/obchody-rocznicy-wesela-andrzeja-wajdy\/","og_site_name":"POGOTOWIE FLAGOWE\u00ae","article_published_time":"2025-01-10T07:51:57+00:00","article_modified_time":"2025-01-10T07:51:58+00:00","og_image":[{"width":1127,"height":641,"url":"https:\/\/www.pogotowieflagowe.pl\/aktualne\/wp-content\/uploads\/2025\/01\/1736495517_Obchody-rocznicy-Wesela-Andrzeja-Wajdy.jpg","type":"image\/jpeg"}],"author":"Filip","twitter_card":"summary_large_image","twitter_misc":{"Napisane przez":"Filip","Szacowany czas czytania":"1 minuta"},"schema":{"@context":"https:\/\/schema.org","@graph":[{"@type":"Article","@id":"https:\/\/www.pogotowieflagowe.pl\/aktualne\/obchody-rocznicy-wesela-andrzeja-wajdy\/#article","isPartOf":{"@id":"https:\/\/www.pogotowieflagowe.pl\/aktualne\/obchody-rocznicy-wesela-andrzeja-wajdy\/"},"author":{"name":"Filip","@id":"https:\/\/www.pogotowieflagowe.pl\/aktualne\/#\/schema\/person\/9c2fb7d2362ebf6fa088960d7f0d27b0"},"headline":"Obchody rocznicy Wesela Andrzeja Wajdy","datePublished":"2025-01-10T07:51:57+00:00","dateModified":"2025-01-10T07:51:58+00:00","mainEntityOfPage":{"@id":"https:\/\/www.pogotowieflagowe.pl\/aktualne\/obchody-rocznicy-wesela-andrzeja-wajdy\/"},"wordCount":263,"publisher":{"@id":"https:\/\/www.pogotowieflagowe.pl\/aktualne\/#organization"},"image":{"@id":"https:\/\/www.pogotowieflagowe.pl\/aktualne\/obchody-rocznicy-wesela-andrzeja-wajdy\/#primaryimage"},"thumbnailUrl":"https:\/\/www.pogotowieflagowe.pl\/aktualne\/wp-content\/uploads\/2025\/01\/1736495517_Obchody-rocznicy-Wesela-Andrzeja-Wajdy.jpg","keywords":["Andrzeja","Obchody","rocznicy","Wajdy","Wesela"],"articleSection":["Styl \u017cycia"],"inLanguage":"pl-PL"},{"@type":"WebPage","@id":"https:\/\/www.pogotowieflagowe.pl\/aktualne\/obchody-rocznicy-wesela-andrzeja-wajdy\/","url":"https:\/\/www.pogotowieflagowe.pl\/aktualne\/obchody-rocznicy-wesela-andrzeja-wajdy\/","name":"Obchody rocznicy Wesela Andrzeja Wajdy - POGOTOWIE FLAGOWE\u00ae","isPartOf":{"@id":"https:\/\/www.pogotowieflagowe.pl\/aktualne\/#website"},"primaryImageOfPage":{"@id":"https:\/\/www.pogotowieflagowe.pl\/aktualne\/obchody-rocznicy-wesela-andrzeja-wajdy\/#primaryimage"},"image":{"@id":"https:\/\/www.pogotowieflagowe.pl\/aktualne\/obchody-rocznicy-wesela-andrzeja-wajdy\/#primaryimage"},"thumbnailUrl":"https:\/\/www.pogotowieflagowe.pl\/aktualne\/wp-content\/uploads\/2025\/01\/1736495517_Obchody-rocznicy-Wesela-Andrzeja-Wajdy.jpg","datePublished":"2025-01-10T07:51:57+00:00","dateModified":"2025-01-10T07:51:58+00:00","breadcrumb":{"@id":"https:\/\/www.pogotowieflagowe.pl\/aktualne\/obchody-rocznicy-wesela-andrzeja-wajdy\/#breadcrumb"},"inLanguage":"pl-PL","potentialAction":[{"@type":"ReadAction","target":["https:\/\/www.pogotowieflagowe.pl\/aktualne\/obchody-rocznicy-wesela-andrzeja-wajdy\/"]}]},{"@type":"ImageObject","inLanguage":"pl-PL","@id":"https:\/\/www.pogotowieflagowe.pl\/aktualne\/obchody-rocznicy-wesela-andrzeja-wajdy\/#primaryimage","url":"https:\/\/www.pogotowieflagowe.pl\/aktualne\/wp-content\/uploads\/2025\/01\/1736495517_Obchody-rocznicy-Wesela-Andrzeja-Wajdy.jpg","contentUrl":"https:\/\/www.pogotowieflagowe.pl\/aktualne\/wp-content\/uploads\/2025\/01\/1736495517_Obchody-rocznicy-Wesela-Andrzeja-Wajdy.jpg","width":1127,"height":641,"caption":"Obchody rocznicy Wesela Andrzeja Wajdy"},{"@type":"BreadcrumbList","@id":"https:\/\/www.pogotowieflagowe.pl\/aktualne\/obchody-rocznicy-wesela-andrzeja-wajdy\/#breadcrumb","itemListElement":[{"@type":"ListItem","position":1,"name":"Home","item":"https:\/\/www.pogotowieflagowe.pl\/aktualne\/"},{"@type":"ListItem","position":2,"name":"Obchody rocznicy Wesela Andrzeja Wajdy"}]},{"@type":"WebSite","@id":"https:\/\/www.pogotowieflagowe.pl\/aktualne\/#website","url":"https:\/\/www.pogotowieflagowe.pl\/aktualne\/","name":"POGOTOWIE FLAGOWE\u00ae","description":"","publisher":{"@id":"https:\/\/www.pogotowieflagowe.pl\/aktualne\/#organization"},"potentialAction":[{"@type":"SearchAction","target":{"@type":"EntryPoint","urlTemplate":"https:\/\/www.pogotowieflagowe.pl\/aktualne\/?s={search_term_string}"},"query-input":"required name=search_term_string"}],"inLanguage":"pl-PL"},{"@type":"Organization","@id":"https:\/\/www.pogotowieflagowe.pl\/aktualne\/#organization","name":"POGOTOWIE FLAGOWE\u00ae","url":"https:\/\/www.pogotowieflagowe.pl\/aktualne\/","logo":{"@type":"ImageObject","inLanguage":"pl-PL","@id":"https:\/\/www.pogotowieflagowe.pl\/aktualne\/#\/schema\/logo\/image\/","url":"https:\/\/www.pogotowieflagowe.pl\/aktualne\/wp-content\/uploads\/2024\/08\/cropped-pogotowieflagowe_flaga_projekt_sm.jpg","contentUrl":"https:\/\/www.pogotowieflagowe.pl\/aktualne\/wp-content\/uploads\/2024\/08\/cropped-pogotowieflagowe_flaga_projekt_sm.jpg","width":250,"height":143,"caption":"POGOTOWIE FLAGOWE\u00ae"},"image":{"@id":"https:\/\/www.pogotowieflagowe.pl\/aktualne\/#\/schema\/logo\/image\/"}},{"@type":"Person","@id":"https:\/\/www.pogotowieflagowe.pl\/aktualne\/#\/schema\/person\/9c2fb7d2362ebf6fa088960d7f0d27b0","name":"Filip","image":{"@type":"ImageObject","inLanguage":"pl-PL","@id":"https:\/\/www.pogotowieflagowe.pl\/aktualne\/#\/schema\/person\/image\/","url":"https:\/\/www.pogotowieflagowe.pl\/aktualne\/wp-content\/uploads\/2024\/08\/pogotowieflagowe.pl_.jpg","contentUrl":"https:\/\/www.pogotowieflagowe.pl\/aktualne\/wp-content\/uploads\/2024\/08\/pogotowieflagowe.pl_.jpg","caption":"Filip"},"description":"Jestem Filip, polski dziennikarz z dyplomem nauk politycznych Uniwersytetu Warszawskiego. Rozpoczynaj\u0105c swoj\u0105 karier\u0119 w r\u00f3\u017cnych lokalnych mediach, zdoby\u0142em solidne do\u015bwiadczenie w zakresie \u015bledztwa i redakcji. Obecnie jako redaktor w Pogotowie flagowe, staram si\u0119 dostarcza\u0107 dog\u0142\u0119bne i istotne analizy na temat najwa\u017cniejszych kwestii aktualno\u015bci, \u0142\u0105cz\u0105c rygor z pasj\u0105 dziennikarsk\u0105.","sameAs":["https:\/\/www.pogotowieflagowe.pl\/"]}]}},"_links":{"self":[{"href":"https:\/\/www.pogotowieflagowe.pl\/aktualne\/wp-json\/wp\/v2\/posts\/2976","targetHints":{"allow":["GET"]}}],"collection":[{"href":"https:\/\/www.pogotowieflagowe.pl\/aktualne\/wp-json\/wp\/v2\/posts"}],"about":[{"href":"https:\/\/www.pogotowieflagowe.pl\/aktualne\/wp-json\/wp\/v2\/types\/post"}],"author":[{"embeddable":true,"href":"https:\/\/www.pogotowieflagowe.pl\/aktualne\/wp-json\/wp\/v2\/users\/1"}],"replies":[{"embeddable":true,"href":"https:\/\/www.pogotowieflagowe.pl\/aktualne\/wp-json\/wp\/v2\/comments?post=2976"}],"version-history":[{"count":1,"href":"https:\/\/www.pogotowieflagowe.pl\/aktualne\/wp-json\/wp\/v2\/posts\/2976\/revisions"}],"predecessor-version":[{"id":2978,"href":"https:\/\/www.pogotowieflagowe.pl\/aktualne\/wp-json\/wp\/v2\/posts\/2976\/revisions\/2978"}],"wp:featuredmedia":[{"embeddable":true,"href":"https:\/\/www.pogotowieflagowe.pl\/aktualne\/wp-json\/wp\/v2\/media\/2977"}],"wp:attachment":[{"href":"https:\/\/www.pogotowieflagowe.pl\/aktualne\/wp-json\/wp\/v2\/media?parent=2976"}],"wp:term":[{"taxonomy":"category","embeddable":true,"href":"https:\/\/www.pogotowieflagowe.pl\/aktualne\/wp-json\/wp\/v2\/categories?post=2976"},{"taxonomy":"post_tag","embeddable":true,"href":"https:\/\/www.pogotowieflagowe.pl\/aktualne\/wp-json\/wp\/v2\/tags?post=2976"}],"curies":[{"name":"wp","href":"https:\/\/api.w.org\/{rel}","templated":true}]}}