{"id":298,"date":"2024-08-24T21:53:11","date_gmt":"2024-08-24T19:53:11","guid":{"rendered":"https:\/\/www.pogotowieflagowe.pl\/aktualne\/lech-walesa-drwi-z-oskarzen-nie-moga-uwierzyc-ze-ten-elektryk-dokonal-czegos-takiego\/"},"modified":"2024-08-24T21:53:12","modified_gmt":"2024-08-24T19:53:12","slug":"lech-walesa-drwi-z-oskarzen-nie-moga-uwierzyc-ze-ten-elektryk-dokonal-czegos-takiego","status":"publish","type":"post","link":"https:\/\/www.pogotowieflagowe.pl\/aktualne\/lech-walesa-drwi-z-oskarzen-nie-moga-uwierzyc-ze-ten-elektryk-dokonal-czegos-takiego\/","title":{"rendered":"Lech Wa\u0142\u0119sa drwi z oskar\u017ce\u0144: \u201eNie mog\u0105 uwierzy\u0107, \u017ce ten elektryk dokona\u0142 czego\u015b takiego\u201d."},"content":{"rendered":"\n<div class=\"td_block_wrap tdb_single_content tdi_48 td-pb-border-top td_block_template_8 td-post-content tagdiv-type\" data-td-block-uid=\"tdi_48\">\n<style>.tdi_48{margines g\u00f3rny:0px!wa\u017cne;margines dolny:0px!wa\u017cne;wype\u0142nienie g\u00f3rne:0px!wa\u017cne;wype\u0142nienie dolne:0px!wa\u017cne}<\/style>\n<style>.tdb_single_content{margines-dolny:0;*powi\u0119kszenie:1}.tdb_single_content:before,.tdb_single_content:after{wy\u015bwietlanie:tabela;zawarto\u015b\u0107:'';wysoko\u015b\u0107-linii:0}.tdb_single_content:after{wyczy\u015b\u0107:oba}.tdb_single_content .tdb-block-inner>*:not(.wp-block-quote):not(.alignwide):not(.alignfull.wp-block-cover.has-parallax):not(.td-a-ad){margines-lewy:auto;margines-prawy:auto}.tdb_single_content a{zdarzenia-wska\u017anika:auto}.tdb_single_content .td-spot-id-top_ad .tdc-placeholder-title:before{zawarto\u015b\u0107:'Pocz\u0105tek artyku\u0142u Reklama'!important}.tdb_single_content .td-spot-id-inline_ad0 .tdc-placeholder-title:before{content:'Reklama inline artyku\u0142u 1'!important}.tdb_single_content .td-spot-id-inline_ad1 .tdc-placeholder-title:before{content:'Reklama inline artyku\u0142u 2'!important}.tdb_single_content .td-spot-id-inline_ad2 .tdc-placeholder-title:before{content:'Reklama inline artyku\u0142u 3'!important}.tdb_single_content .td-spot-id-bottom_ad .tdc-placeholder-title:before{content:'Reklama dolna artyku\u0142u'!important}.tdb_single_content .id_top_ad,.tdb_single_content .id_bottom_ad{clear:both;margines-dolny:21px;wyr\u00f3wnanie-tekstu:\u015brodek}.tdb_single_content .id_top_ad img,.tdb_single_content .id_bottom_ad img{margines-dolny:0}.tdb_single_content .id_top_ad .adsbygoogle,.tdb_single_content .id_bottom_ad .adsbygoogle{pozycja:wzgl\u0119dna}.tdb_single_content .id_ad_content-poziom-lewy,.tdb_single_content .id_ad_content-poziom-prawy,.tdb_single_content .id_ad_content-horiz-center{margines dolny:15px}.tdb_single_content .id_ad_content-horiz-lewy img,.tdb_single_content .id_ad_content-horiz-prawy img,.tdb_single_content .id_ad_content-horiz-center img{margines dolny:0}.tdb_single_content .id_ad_content-horiz-center{wyr\u00f3wnanie tekstu:\u015brodek}.tdb_single_content .id_ad_content-horiz-center img{margines prawy:auto;margines lewy:auto}.tdb_single_content .id_ad_content-horiz-left{float:lewy;margines g\u00f3rny:9px;margines prawy:21px}.tdb_single_content .id_ad_content-horiz-right{float:right;margines-g\u00f3rny:6px;margines-lewy:21px}.tdb_single_content .tdc-a-ad .tdc-placeholder-title{szeroko\u015b\u0107:300px;wysoko\u015b\u0107:250px}.tdb_single_content .tdc-a-ad .tdc-placeholder-title:before{pozycja:absolutna;g\u00f3ra:50%;-webkit-transform:translateY(-50%);przekszta\u0142cenie:translateY(-50%);margines:auto;wy\u015bwietlanie:tabela;szeroko\u015b\u0107:100%}.tdb_single_content .tdb-block-inner.td-fix-index{word-break:break-word}.tdi_48,.tdi_48>p,.tdi_48 .tdb-block-inner>p{rozmiar-czcionki:16px!wa\u017cne;wysoko\u015b\u0107-linii:1.6!wa\u017cne}.tdi_48 .tdb-block-inner cytat p{styl-czcionki:normalny!wa\u017cne}@media (maks. szeroko\u015b\u0107:767px){.tdb_single_content .id_ad_content-poziom-lewo,.tdb_single_content .id_ad_content-poziom-prawo,.tdb_single_content .id_ad_content-poziom-\u015brodek{margines:0 auto 26px auto}}@media (maks. szeroko\u015b\u0107:767px){.tdb_single_content .id_ad_content-poziom-lewo{margines-prawy:0}}@media (maks. szeroko\u015b\u0107:767px){.tdb_single_content .id_ad_content-horiz-right{margines-lewy:0}}@media (maksymalna szeroko\u015b\u0107:767px){.tdb_single_content .td-a-ad{float:none;wyr\u00f3wnanie tekstu:\u015brodek}.tdb_single_content .td-a-ad img{margines-prawy:auto;margines-lewy:auto}.tdb_single_content .tdc-a-ad{float:none}}<\/style>\n<div class=\"tdb-block-inner td-fix-index\">\n<p>W wywiadzie dla neoTVP Lech Wa\u0142\u0119sa zaprzeczy\u0142 wsp\u00f3\u0142pracy z komunistyczn\u0105 S\u0142u\u017cb\u0105 Bezpiecze\u0144stwa. \u201eIm bardziej mnie podejrzewaj\u0105, tym wy\u017cej si\u0119 wspinam\u201d \u2013 odpowiedzia\u0142 Wa\u0142\u0119sa, gdy zapytano go o zarzuty wsp\u00f3\u0142pracy ze S\u0142u\u017cb\u0105 Bezpiecze\u0144stwa.<\/p>\n<p>Sprawa wsp\u00f3\u0142pracy Lecha Wa\u0142\u0119sy ze S\u0142u\u017cb\u0105 Bezpiecze\u0144stwa zapocz\u0105tkowa\u0142a rozmow\u0119 by\u0142ego prezydenta w TVP Info. Wa\u0142\u0119sa ponownie zaprzeczy\u0142, \u017ce raportowa\u0142 komunistycznemu re\u017cimowi jako TW (w skr\u00f3cie \u201etajny agent\u201d \u2013 red.) Bolek.<\/p>\n<h2 class=\"wp-block-heading\">Wa\u0142\u0119sa i Bolek<\/h2>\n<p>\u201eJestem praktykiem, kt\u00f3ry my\u015bli inaczej ni\u017c wielu teoretyk\u00f3w. Zrobienie ze mnie Bolka jest z mojego punktu widzenia najwi\u0119kszym zaszczytem. Bo oni nie mog\u0105 uwierzy\u0107, \u017ce ten prosty cz\u0142owiek, ten elektryk, dokona\u0142 takich rzeczy. Kto\u015b musia\u0142 mu pom\u00f3c. Patrz\u0105, kto, dopracowuj\u0105 nazwiska. Nie mog\u0105 znale\u017a\u0107 nikogo. Wi\u0119c kto? S\u0142u\u017cba Bezpiecze\u0144stwa\u201d \u2013 t\u0142umaczy\u0142 Wa\u0142\u0119sa.<\/p>\n<p>\u201eKto wrobi\u0142 mnie w Bolka?\u201d \u2013 kontynuowa\u0142 Wa\u0142\u0119sa. \u201eTo by\u0142o dossier sporz\u0105dzone przeciwko mnie, kt\u00f3re zamienili w akta agenta\u201d \u2013 doda\u0142.<\/p>\n<p>\u201eGdyby chcieli mnie jako agenta, prawdopodobnie bym si\u0119 zgodzi\u0142, bo wtedy by\u0142em bohaterem. Wierzy\u0142em, \u017ce mog\u0119 wej\u015b\u0107 do \u015brodka i wysadzi\u0107 ich w powietrze\u2026 Ale nie chcieli mnie jako agenta\u201d \u2013 stwierdzi\u0142.<\/p>\n<p>W o\u015bwiadczeniu z 11 kwietnia 2019 r. Instytut Pami\u0119ci Narodowej poinformowa\u0142, \u017ce kwestia wsp\u00f3\u0142pracy Lecha Wa\u0142\u0119sy ze S\u0142u\u017cb\u0105 Bezpiecze\u0144stwa w pierwszej po\u0142owie lat 70. jest bezsporna.<\/p>\n<p>Potwierdzaj\u0105 to nie tylko oryginalne akta odnalezione po \u015bmierci Czes\u0142awa Kiszczaka (teczka personalna i teczka pracy tajnego wsp\u00f3\u0142pracownika o pseudonimie \u201eBolek\u201d), ale tak\u017ce zachowane zapisy SB. Informacje na ten temat mo\u017cna znale\u017a\u0107 tak\u017ce w wielu innych dokumentach, nie tylko polskiej bezpieki, ale i np. czechos\u0142owackiej \u2013 jak mo\u017cna przeczyta\u0107 w o\u015bwiadczeniu zamieszczonym na stronie internetowej Instytutu Pami\u0119ci Narodowej.<\/p>\n<\/div>\n<\/div>\n","protected":false},"excerpt":{"rendered":"<p>W wywiadzie dla neoTVP Lech Wa\u0142\u0119sa zaprzeczy\u0142 wsp\u00f3\u0142pracy z komunistyczn\u0105 S\u0142u\u017cb\u0105 Bezpiecze\u0144stwa. \u201eIm bardziej mnie podejrzewaj\u0105, tym wy\u017cej si\u0119 wspinam\u201d<\/p>\n","protected":false},"author":1,"featured_media":299,"comment_status":"closed","ping_status":"","sticky":false,"template":"","format":"standard","meta":{"footnotes":""},"categories":[44],"tags":[457,456,448,455,446,451,450,449,458,454,452,447,453],"class_list":["post-298","post","type-post","status-publish","format-standard","has-post-thumbnail","hentry","category-polityka","tag-czegos","tag-dokonal","tag-drwi","tag-elektryk","tag-lech","tag-moga","tag-nie","tag-oskarzen","tag-takiego","tag-ten","tag-uwierzyc","tag-walesa","tag-ze","generate-columns","tablet-grid-50","mobile-grid-100","grid-parent","grid-50","resize-featured-image"],"yoast_head":"<!-- This site is optimized with the Yoast SEO plugin v23.2 - https:\/\/yoast.com\/wordpress\/plugins\/seo\/ -->\n<title>Lech Wa\u0142\u0119sa drwi z oskar\u017ce\u0144: \u201eNie mog\u0105 uwierzy\u0107, \u017ce ten elektryk dokona\u0142 czego\u015b takiego\u201d. - POGOTOWIE FLAGOWE\u00ae<\/title>\n<meta name=\"robots\" content=\"index, follow, max-snippet:-1, max-image-preview:large, max-video-preview:-1\" \/>\n<link rel=\"canonical\" href=\"https:\/\/www.pogotowieflagowe.pl\/aktualne\/lech-walesa-drwi-z-oskarzen-nie-moga-uwierzyc-ze-ten-elektryk-dokonal-czegos-takiego\/\" \/>\n<meta property=\"og:locale\" content=\"pl_PL\" \/>\n<meta property=\"og:type\" content=\"article\" \/>\n<meta property=\"og:title\" content=\"Lech Wa\u0142\u0119sa drwi z oskar\u017ce\u0144: \u201eNie mog\u0105 uwierzy\u0107, \u017ce ten elektryk dokona\u0142 czego\u015b takiego\u201d. - POGOTOWIE FLAGOWE\u00ae\" \/>\n<meta property=\"og:description\" content=\"W wywiadzie dla neoTVP Lech Wa\u0142\u0119sa zaprzeczy\u0142 wsp\u00f3\u0142pracy z komunistyczn\u0105 S\u0142u\u017cb\u0105 Bezpiecze\u0144stwa. \u201eIm bardziej mnie podejrzewaj\u0105, tym wy\u017cej si\u0119 wspinam\u201d\" \/>\n<meta property=\"og:url\" content=\"https:\/\/www.pogotowieflagowe.pl\/aktualne\/lech-walesa-drwi-z-oskarzen-nie-moga-uwierzyc-ze-ten-elektryk-dokonal-czegos-takiego\/\" \/>\n<meta property=\"og:site_name\" content=\"POGOTOWIE FLAGOWE\u00ae\" \/>\n<meta property=\"article:published_time\" content=\"2024-08-24T19:53:11+00:00\" \/>\n<meta property=\"article:modified_time\" content=\"2024-08-24T19:53:12+00:00\" \/>\n<meta property=\"og:image\" content=\"https:\/\/www.pogotowieflagowe.pl\/aktualne\/wp-content\/uploads\/2024\/08\/Lech-Walesa-drwi-z-oskarzen-\u201eNie-moga-uwierzyc-ze-ten.jpg\" \/>\n\t<meta property=\"og:image:width\" content=\"1280\" \/>\n\t<meta property=\"og:image:height\" content=\"720\" \/>\n\t<meta property=\"og:image:type\" content=\"image\/jpeg\" \/>\n<meta name=\"author\" content=\"Filip\" \/>\n<meta name=\"twitter:card\" content=\"summary_large_image\" \/>\n<meta name=\"twitter:label1\" content=\"Napisane przez\" \/>\n\t<meta name=\"twitter:data1\" content=\"Filip\" \/>\n\t<meta name=\"twitter:label2\" content=\"Szacowany czas czytania\" \/>\n\t<meta name=\"twitter:data2\" content=\"2 minuty\" \/>\n<script type=\"application\/ld+json\" class=\"yoast-schema-graph\">{\"@context\":\"https:\/\/schema.org\",\"@graph\":[{\"@type\":\"Article\",\"@id\":\"https:\/\/www.pogotowieflagowe.pl\/aktualne\/lech-walesa-drwi-z-oskarzen-nie-moga-uwierzyc-ze-ten-elektryk-dokonal-czegos-takiego\/#article\",\"isPartOf\":{\"@id\":\"https:\/\/www.pogotowieflagowe.pl\/aktualne\/lech-walesa-drwi-z-oskarzen-nie-moga-uwierzyc-ze-ten-elektryk-dokonal-czegos-takiego\/\"},\"author\":{\"name\":\"Filip\",\"@id\":\"https:\/\/www.pogotowieflagowe.pl\/aktualne\/#\/schema\/person\/9c2fb7d2362ebf6fa088960d7f0d27b0\"},\"headline\":\"Lech Wa\u0142\u0119sa drwi z oskar\u017ce\u0144: \u201eNie mog\u0105 uwierzy\u0107, \u017ce ten elektryk dokona\u0142 czego\u015b takiego\u201d.\",\"datePublished\":\"2024-08-24T19:53:11+00:00\",\"dateModified\":\"2024-08-24T19:53:12+00:00\",\"mainEntityOfPage\":{\"@id\":\"https:\/\/www.pogotowieflagowe.pl\/aktualne\/lech-walesa-drwi-z-oskarzen-nie-moga-uwierzyc-ze-ten-elektryk-dokonal-czegos-takiego\/\"},\"wordCount\":318,\"publisher\":{\"@id\":\"https:\/\/www.pogotowieflagowe.pl\/aktualne\/#organization\"},\"image\":{\"@id\":\"https:\/\/www.pogotowieflagowe.pl\/aktualne\/lech-walesa-drwi-z-oskarzen-nie-moga-uwierzyc-ze-ten-elektryk-dokonal-czegos-takiego\/#primaryimage\"},\"thumbnailUrl\":\"https:\/\/www.pogotowieflagowe.pl\/aktualne\/wp-content\/uploads\/2024\/08\/Lech-Walesa-drwi-z-oskarzen-\u201eNie-moga-uwierzyc-ze-ten.jpg\",\"keywords\":[\"czego\u015b\",\"dokona\u0142\",\"drwi\",\"elektryk\",\"Lech\",\"mog\u0105\",\"Nie\",\"oskar\u017ce\u0144\",\"takiego\",\"ten\",\"uwierzy\u0107\",\"Wa\u0142\u0119sa\",\"\u017ce\"],\"articleSection\":[\"Polityka\"],\"inLanguage\":\"pl-PL\"},{\"@type\":\"WebPage\",\"@id\":\"https:\/\/www.pogotowieflagowe.pl\/aktualne\/lech-walesa-drwi-z-oskarzen-nie-moga-uwierzyc-ze-ten-elektryk-dokonal-czegos-takiego\/\",\"url\":\"https:\/\/www.pogotowieflagowe.pl\/aktualne\/lech-walesa-drwi-z-oskarzen-nie-moga-uwierzyc-ze-ten-elektryk-dokonal-czegos-takiego\/\",\"name\":\"Lech Wa\u0142\u0119sa drwi z oskar\u017ce\u0144: \u201eNie mog\u0105 uwierzy\u0107, \u017ce ten elektryk dokona\u0142 czego\u015b takiego\u201d. - POGOTOWIE FLAGOWE\u00ae\",\"isPartOf\":{\"@id\":\"https:\/\/www.pogotowieflagowe.pl\/aktualne\/#website\"},\"primaryImageOfPage\":{\"@id\":\"https:\/\/www.pogotowieflagowe.pl\/aktualne\/lech-walesa-drwi-z-oskarzen-nie-moga-uwierzyc-ze-ten-elektryk-dokonal-czegos-takiego\/#primaryimage\"},\"image\":{\"@id\":\"https:\/\/www.pogotowieflagowe.pl\/aktualne\/lech-walesa-drwi-z-oskarzen-nie-moga-uwierzyc-ze-ten-elektryk-dokonal-czegos-takiego\/#primaryimage\"},\"thumbnailUrl\":\"https:\/\/www.pogotowieflagowe.pl\/aktualne\/wp-content\/uploads\/2024\/08\/Lech-Walesa-drwi-z-oskarzen-\u201eNie-moga-uwierzyc-ze-ten.jpg\",\"datePublished\":\"2024-08-24T19:53:11+00:00\",\"dateModified\":\"2024-08-24T19:53:12+00:00\",\"breadcrumb\":{\"@id\":\"https:\/\/www.pogotowieflagowe.pl\/aktualne\/lech-walesa-drwi-z-oskarzen-nie-moga-uwierzyc-ze-ten-elektryk-dokonal-czegos-takiego\/#breadcrumb\"},\"inLanguage\":\"pl-PL\",\"potentialAction\":[{\"@type\":\"ReadAction\",\"target\":[\"https:\/\/www.pogotowieflagowe.pl\/aktualne\/lech-walesa-drwi-z-oskarzen-nie-moga-uwierzyc-ze-ten-elektryk-dokonal-czegos-takiego\/\"]}]},{\"@type\":\"ImageObject\",\"inLanguage\":\"pl-PL\",\"@id\":\"https:\/\/www.pogotowieflagowe.pl\/aktualne\/lech-walesa-drwi-z-oskarzen-nie-moga-uwierzyc-ze-ten-elektryk-dokonal-czegos-takiego\/#primaryimage\",\"url\":\"https:\/\/www.pogotowieflagowe.pl\/aktualne\/wp-content\/uploads\/2024\/08\/Lech-Walesa-drwi-z-oskarzen-\u201eNie-moga-uwierzyc-ze-ten.jpg\",\"contentUrl\":\"https:\/\/www.pogotowieflagowe.pl\/aktualne\/wp-content\/uploads\/2024\/08\/Lech-Walesa-drwi-z-oskarzen-\u201eNie-moga-uwierzyc-ze-ten.jpg\",\"width\":1280,\"height\":720,\"caption\":\"Lech Wa\u0142\u0119sa drwi z oskar\u017ce\u0144: \u201eNie mog\u0105 uwierzy\u0107, \u017ce ten elektryk dokona\u0142 czego\u015b takiego\u201d.\"},{\"@type\":\"BreadcrumbList\",\"@id\":\"https:\/\/www.pogotowieflagowe.pl\/aktualne\/lech-walesa-drwi-z-oskarzen-nie-moga-uwierzyc-ze-ten-elektryk-dokonal-czegos-takiego\/#breadcrumb\",\"itemListElement\":[{\"@type\":\"ListItem\",\"position\":1,\"name\":\"Home\",\"item\":\"https:\/\/www.pogotowieflagowe.pl\/aktualne\/\"},{\"@type\":\"ListItem\",\"position\":2,\"name\":\"Lech Wa\u0142\u0119sa drwi z oskar\u017ce\u0144: \u201eNie mog\u0105 uwierzy\u0107, \u017ce ten elektryk dokona\u0142 czego\u015b takiego\u201d.\"}]},{\"@type\":\"WebSite\",\"@id\":\"https:\/\/www.pogotowieflagowe.pl\/aktualne\/#website\",\"url\":\"https:\/\/www.pogotowieflagowe.pl\/aktualne\/\",\"name\":\"POGOTOWIE FLAGOWE\u00ae\",\"description\":\"\",\"publisher\":{\"@id\":\"https:\/\/www.pogotowieflagowe.pl\/aktualne\/#organization\"},\"potentialAction\":[{\"@type\":\"SearchAction\",\"target\":{\"@type\":\"EntryPoint\",\"urlTemplate\":\"https:\/\/www.pogotowieflagowe.pl\/aktualne\/?s={search_term_string}\"},\"query-input\":\"required name=search_term_string\"}],\"inLanguage\":\"pl-PL\"},{\"@type\":\"Organization\",\"@id\":\"https:\/\/www.pogotowieflagowe.pl\/aktualne\/#organization\",\"name\":\"POGOTOWIE FLAGOWE\u00ae\",\"url\":\"https:\/\/www.pogotowieflagowe.pl\/aktualne\/\",\"logo\":{\"@type\":\"ImageObject\",\"inLanguage\":\"pl-PL\",\"@id\":\"https:\/\/www.pogotowieflagowe.pl\/aktualne\/#\/schema\/logo\/image\/\",\"url\":\"https:\/\/www.pogotowieflagowe.pl\/aktualne\/wp-content\/uploads\/2024\/08\/cropped-pogotowieflagowe_flaga_projekt_sm.jpg\",\"contentUrl\":\"https:\/\/www.pogotowieflagowe.pl\/aktualne\/wp-content\/uploads\/2024\/08\/cropped-pogotowieflagowe_flaga_projekt_sm.jpg\",\"width\":250,\"height\":143,\"caption\":\"POGOTOWIE FLAGOWE\u00ae\"},\"image\":{\"@id\":\"https:\/\/www.pogotowieflagowe.pl\/aktualne\/#\/schema\/logo\/image\/\"}},{\"@type\":\"Person\",\"@id\":\"https:\/\/www.pogotowieflagowe.pl\/aktualne\/#\/schema\/person\/9c2fb7d2362ebf6fa088960d7f0d27b0\",\"name\":\"Filip\",\"image\":{\"@type\":\"ImageObject\",\"inLanguage\":\"pl-PL\",\"@id\":\"https:\/\/www.pogotowieflagowe.pl\/aktualne\/#\/schema\/person\/image\/\",\"url\":\"https:\/\/www.pogotowieflagowe.pl\/aktualne\/wp-content\/uploads\/2024\/08\/pogotowieflagowe.pl_.jpg\",\"contentUrl\":\"https:\/\/www.pogotowieflagowe.pl\/aktualne\/wp-content\/uploads\/2024\/08\/pogotowieflagowe.pl_.jpg\",\"caption\":\"Filip\"},\"description\":\"Jestem Filip, polski dziennikarz z dyplomem nauk politycznych Uniwersytetu Warszawskiego. Rozpoczynaj\u0105c swoj\u0105 karier\u0119 w r\u00f3\u017cnych lokalnych mediach, zdoby\u0142em solidne do\u015bwiadczenie w zakresie \u015bledztwa i redakcji. Obecnie jako redaktor w Pogotowie flagowe, staram si\u0119 dostarcza\u0107 dog\u0142\u0119bne i istotne analizy na temat najwa\u017cniejszych kwestii aktualno\u015bci, \u0142\u0105cz\u0105c rygor z pasj\u0105 dziennikarsk\u0105.\",\"sameAs\":[\"https:\/\/www.pogotowieflagowe.pl\/\"]}]}<\/script>\n<!-- \/ Yoast SEO plugin. -->","yoast_head_json":{"title":"Lech Wa\u0142\u0119sa drwi z oskar\u017ce\u0144: \u201eNie mog\u0105 uwierzy\u0107, \u017ce ten elektryk dokona\u0142 czego\u015b takiego\u201d. - POGOTOWIE FLAGOWE\u00ae","robots":{"index":"index","follow":"follow","max-snippet":"max-snippet:-1","max-image-preview":"max-image-preview:large","max-video-preview":"max-video-preview:-1"},"canonical":"https:\/\/www.pogotowieflagowe.pl\/aktualne\/lech-walesa-drwi-z-oskarzen-nie-moga-uwierzyc-ze-ten-elektryk-dokonal-czegos-takiego\/","og_locale":"pl_PL","og_type":"article","og_title":"Lech Wa\u0142\u0119sa drwi z oskar\u017ce\u0144: \u201eNie mog\u0105 uwierzy\u0107, \u017ce ten elektryk dokona\u0142 czego\u015b takiego\u201d. - POGOTOWIE FLAGOWE\u00ae","og_description":"W wywiadzie dla neoTVP Lech Wa\u0142\u0119sa zaprzeczy\u0142 wsp\u00f3\u0142pracy z komunistyczn\u0105 S\u0142u\u017cb\u0105 Bezpiecze\u0144stwa. \u201eIm bardziej mnie podejrzewaj\u0105, tym wy\u017cej si\u0119 wspinam\u201d","og_url":"https:\/\/www.pogotowieflagowe.pl\/aktualne\/lech-walesa-drwi-z-oskarzen-nie-moga-uwierzyc-ze-ten-elektryk-dokonal-czegos-takiego\/","og_site_name":"POGOTOWIE FLAGOWE\u00ae","article_published_time":"2024-08-24T19:53:11+00:00","article_modified_time":"2024-08-24T19:53:12+00:00","og_image":[{"width":1280,"height":720,"url":"https:\/\/www.pogotowieflagowe.pl\/aktualne\/wp-content\/uploads\/2024\/08\/Lech-Walesa-drwi-z-oskarzen-\u201eNie-moga-uwierzyc-ze-ten.jpg","type":"image\/jpeg"}],"author":"Filip","twitter_card":"summary_large_image","twitter_misc":{"Napisane przez":"Filip","Szacowany czas czytania":"2 minuty"},"schema":{"@context":"https:\/\/schema.org","@graph":[{"@type":"Article","@id":"https:\/\/www.pogotowieflagowe.pl\/aktualne\/lech-walesa-drwi-z-oskarzen-nie-moga-uwierzyc-ze-ten-elektryk-dokonal-czegos-takiego\/#article","isPartOf":{"@id":"https:\/\/www.pogotowieflagowe.pl\/aktualne\/lech-walesa-drwi-z-oskarzen-nie-moga-uwierzyc-ze-ten-elektryk-dokonal-czegos-takiego\/"},"author":{"name":"Filip","@id":"https:\/\/www.pogotowieflagowe.pl\/aktualne\/#\/schema\/person\/9c2fb7d2362ebf6fa088960d7f0d27b0"},"headline":"Lech Wa\u0142\u0119sa drwi z oskar\u017ce\u0144: \u201eNie mog\u0105 uwierzy\u0107, \u017ce ten elektryk dokona\u0142 czego\u015b takiego\u201d.","datePublished":"2024-08-24T19:53:11+00:00","dateModified":"2024-08-24T19:53:12+00:00","mainEntityOfPage":{"@id":"https:\/\/www.pogotowieflagowe.pl\/aktualne\/lech-walesa-drwi-z-oskarzen-nie-moga-uwierzyc-ze-ten-elektryk-dokonal-czegos-takiego\/"},"wordCount":318,"publisher":{"@id":"https:\/\/www.pogotowieflagowe.pl\/aktualne\/#organization"},"image":{"@id":"https:\/\/www.pogotowieflagowe.pl\/aktualne\/lech-walesa-drwi-z-oskarzen-nie-moga-uwierzyc-ze-ten-elektryk-dokonal-czegos-takiego\/#primaryimage"},"thumbnailUrl":"https:\/\/www.pogotowieflagowe.pl\/aktualne\/wp-content\/uploads\/2024\/08\/Lech-Walesa-drwi-z-oskarzen-\u201eNie-moga-uwierzyc-ze-ten.jpg","keywords":["czego\u015b","dokona\u0142","drwi","elektryk","Lech","mog\u0105","Nie","oskar\u017ce\u0144","takiego","ten","uwierzy\u0107","Wa\u0142\u0119sa","\u017ce"],"articleSection":["Polityka"],"inLanguage":"pl-PL"},{"@type":"WebPage","@id":"https:\/\/www.pogotowieflagowe.pl\/aktualne\/lech-walesa-drwi-z-oskarzen-nie-moga-uwierzyc-ze-ten-elektryk-dokonal-czegos-takiego\/","url":"https:\/\/www.pogotowieflagowe.pl\/aktualne\/lech-walesa-drwi-z-oskarzen-nie-moga-uwierzyc-ze-ten-elektryk-dokonal-czegos-takiego\/","name":"Lech Wa\u0142\u0119sa drwi z oskar\u017ce\u0144: \u201eNie mog\u0105 uwierzy\u0107, \u017ce ten elektryk dokona\u0142 czego\u015b takiego\u201d. - POGOTOWIE FLAGOWE\u00ae","isPartOf":{"@id":"https:\/\/www.pogotowieflagowe.pl\/aktualne\/#website"},"primaryImageOfPage":{"@id":"https:\/\/www.pogotowieflagowe.pl\/aktualne\/lech-walesa-drwi-z-oskarzen-nie-moga-uwierzyc-ze-ten-elektryk-dokonal-czegos-takiego\/#primaryimage"},"image":{"@id":"https:\/\/www.pogotowieflagowe.pl\/aktualne\/lech-walesa-drwi-z-oskarzen-nie-moga-uwierzyc-ze-ten-elektryk-dokonal-czegos-takiego\/#primaryimage"},"thumbnailUrl":"https:\/\/www.pogotowieflagowe.pl\/aktualne\/wp-content\/uploads\/2024\/08\/Lech-Walesa-drwi-z-oskarzen-\u201eNie-moga-uwierzyc-ze-ten.jpg","datePublished":"2024-08-24T19:53:11+00:00","dateModified":"2024-08-24T19:53:12+00:00","breadcrumb":{"@id":"https:\/\/www.pogotowieflagowe.pl\/aktualne\/lech-walesa-drwi-z-oskarzen-nie-moga-uwierzyc-ze-ten-elektryk-dokonal-czegos-takiego\/#breadcrumb"},"inLanguage":"pl-PL","potentialAction":[{"@type":"ReadAction","target":["https:\/\/www.pogotowieflagowe.pl\/aktualne\/lech-walesa-drwi-z-oskarzen-nie-moga-uwierzyc-ze-ten-elektryk-dokonal-czegos-takiego\/"]}]},{"@type":"ImageObject","inLanguage":"pl-PL","@id":"https:\/\/www.pogotowieflagowe.pl\/aktualne\/lech-walesa-drwi-z-oskarzen-nie-moga-uwierzyc-ze-ten-elektryk-dokonal-czegos-takiego\/#primaryimage","url":"https:\/\/www.pogotowieflagowe.pl\/aktualne\/wp-content\/uploads\/2024\/08\/Lech-Walesa-drwi-z-oskarzen-\u201eNie-moga-uwierzyc-ze-ten.jpg","contentUrl":"https:\/\/www.pogotowieflagowe.pl\/aktualne\/wp-content\/uploads\/2024\/08\/Lech-Walesa-drwi-z-oskarzen-\u201eNie-moga-uwierzyc-ze-ten.jpg","width":1280,"height":720,"caption":"Lech Wa\u0142\u0119sa drwi z oskar\u017ce\u0144: \u201eNie mog\u0105 uwierzy\u0107, \u017ce ten elektryk dokona\u0142 czego\u015b takiego\u201d."},{"@type":"BreadcrumbList","@id":"https:\/\/www.pogotowieflagowe.pl\/aktualne\/lech-walesa-drwi-z-oskarzen-nie-moga-uwierzyc-ze-ten-elektryk-dokonal-czegos-takiego\/#breadcrumb","itemListElement":[{"@type":"ListItem","position":1,"name":"Home","item":"https:\/\/www.pogotowieflagowe.pl\/aktualne\/"},{"@type":"ListItem","position":2,"name":"Lech Wa\u0142\u0119sa drwi z oskar\u017ce\u0144: \u201eNie mog\u0105 uwierzy\u0107, \u017ce ten elektryk dokona\u0142 czego\u015b takiego\u201d."}]},{"@type":"WebSite","@id":"https:\/\/www.pogotowieflagowe.pl\/aktualne\/#website","url":"https:\/\/www.pogotowieflagowe.pl\/aktualne\/","name":"POGOTOWIE FLAGOWE\u00ae","description":"","publisher":{"@id":"https:\/\/www.pogotowieflagowe.pl\/aktualne\/#organization"},"potentialAction":[{"@type":"SearchAction","target":{"@type":"EntryPoint","urlTemplate":"https:\/\/www.pogotowieflagowe.pl\/aktualne\/?s={search_term_string}"},"query-input":"required name=search_term_string"}],"inLanguage":"pl-PL"},{"@type":"Organization","@id":"https:\/\/www.pogotowieflagowe.pl\/aktualne\/#organization","name":"POGOTOWIE FLAGOWE\u00ae","url":"https:\/\/www.pogotowieflagowe.pl\/aktualne\/","logo":{"@type":"ImageObject","inLanguage":"pl-PL","@id":"https:\/\/www.pogotowieflagowe.pl\/aktualne\/#\/schema\/logo\/image\/","url":"https:\/\/www.pogotowieflagowe.pl\/aktualne\/wp-content\/uploads\/2024\/08\/cropped-pogotowieflagowe_flaga_projekt_sm.jpg","contentUrl":"https:\/\/www.pogotowieflagowe.pl\/aktualne\/wp-content\/uploads\/2024\/08\/cropped-pogotowieflagowe_flaga_projekt_sm.jpg","width":250,"height":143,"caption":"POGOTOWIE FLAGOWE\u00ae"},"image":{"@id":"https:\/\/www.pogotowieflagowe.pl\/aktualne\/#\/schema\/logo\/image\/"}},{"@type":"Person","@id":"https:\/\/www.pogotowieflagowe.pl\/aktualne\/#\/schema\/person\/9c2fb7d2362ebf6fa088960d7f0d27b0","name":"Filip","image":{"@type":"ImageObject","inLanguage":"pl-PL","@id":"https:\/\/www.pogotowieflagowe.pl\/aktualne\/#\/schema\/person\/image\/","url":"https:\/\/www.pogotowieflagowe.pl\/aktualne\/wp-content\/uploads\/2024\/08\/pogotowieflagowe.pl_.jpg","contentUrl":"https:\/\/www.pogotowieflagowe.pl\/aktualne\/wp-content\/uploads\/2024\/08\/pogotowieflagowe.pl_.jpg","caption":"Filip"},"description":"Jestem Filip, polski dziennikarz z dyplomem nauk politycznych Uniwersytetu Warszawskiego. Rozpoczynaj\u0105c swoj\u0105 karier\u0119 w r\u00f3\u017cnych lokalnych mediach, zdoby\u0142em solidne do\u015bwiadczenie w zakresie \u015bledztwa i redakcji. Obecnie jako redaktor w Pogotowie flagowe, staram si\u0119 dostarcza\u0107 dog\u0142\u0119bne i istotne analizy na temat najwa\u017cniejszych kwestii aktualno\u015bci, \u0142\u0105cz\u0105c rygor z pasj\u0105 dziennikarsk\u0105.","sameAs":["https:\/\/www.pogotowieflagowe.pl\/"]}]}},"_links":{"self":[{"href":"https:\/\/www.pogotowieflagowe.pl\/aktualne\/wp-json\/wp\/v2\/posts\/298","targetHints":{"allow":["GET"]}}],"collection":[{"href":"https:\/\/www.pogotowieflagowe.pl\/aktualne\/wp-json\/wp\/v2\/posts"}],"about":[{"href":"https:\/\/www.pogotowieflagowe.pl\/aktualne\/wp-json\/wp\/v2\/types\/post"}],"author":[{"embeddable":true,"href":"https:\/\/www.pogotowieflagowe.pl\/aktualne\/wp-json\/wp\/v2\/users\/1"}],"replies":[{"embeddable":true,"href":"https:\/\/www.pogotowieflagowe.pl\/aktualne\/wp-json\/wp\/v2\/comments?post=298"}],"version-history":[{"count":1,"href":"https:\/\/www.pogotowieflagowe.pl\/aktualne\/wp-json\/wp\/v2\/posts\/298\/revisions"}],"predecessor-version":[{"id":300,"href":"https:\/\/www.pogotowieflagowe.pl\/aktualne\/wp-json\/wp\/v2\/posts\/298\/revisions\/300"}],"wp:featuredmedia":[{"embeddable":true,"href":"https:\/\/www.pogotowieflagowe.pl\/aktualne\/wp-json\/wp\/v2\/media\/299"}],"wp:attachment":[{"href":"https:\/\/www.pogotowieflagowe.pl\/aktualne\/wp-json\/wp\/v2\/media?parent=298"}],"wp:term":[{"taxonomy":"category","embeddable":true,"href":"https:\/\/www.pogotowieflagowe.pl\/aktualne\/wp-json\/wp\/v2\/categories?post=298"},{"taxonomy":"post_tag","embeddable":true,"href":"https:\/\/www.pogotowieflagowe.pl\/aktualne\/wp-json\/wp\/v2\/tags?post=298"}],"curies":[{"name":"wp","href":"https:\/\/api.w.org\/{rel}","templated":true}]}}