{"id":2993,"date":"2025-01-10T20:49:06","date_gmt":"2025-01-10T19:49:06","guid":{"rendered":"https:\/\/www.pogotowieflagowe.pl\/aktualne\/rok-2025-rok-zmian-geopolitycznych-i-gospodarczych\/"},"modified":"2025-01-10T20:49:07","modified_gmt":"2025-01-10T19:49:07","slug":"rok-2025-rok-zmian-geopolitycznych-i-gospodarczych","status":"publish","type":"post","link":"https:\/\/www.pogotowieflagowe.pl\/aktualne\/rok-2025-rok-zmian-geopolitycznych-i-gospodarczych\/","title":{"rendered":"Rok 2025: rok zmian geopolitycznych i gospodarczych"},"content":{"rendered":"\n<div class=\"td_block_wrap tdb_single_content tdi_48 td-pb-border-top td_block_template_8 td-post-content tagdiv-type\" data-td-block-uid=\"tdi_48\">\n<style>.tdi_48{margines-top:0px!important;margin-bottom:0px!important;dope\u0142nienie-g\u00f3ra:0px!important;dope\u0142nienie-d\u00f3\u0142:0px!important}<\/style>\n<style>.tdb_single_content{margin-bottom:0;*zoom:1}.tdb_single_content:before,.tdb_single_content:after{display:table;content:'';line-height:0}.tdb_single_content:after{clear:both}.tdb_single_content .tdb-block-inner>*:not(.wp-block-quote):not(.alignwide):not(.alignfull.wp-block-cover.has-parallax):not(.td-a-ad) {margin-left:auto;margin-right:auto}.tdb_single_content a{pointer-events:auto}.tdb_single_content .td-spot-id-top_ad .tdc-placeholder-title:before{content:'Article Top Ad'!important}.tdb_single_content .td-spot-id-inline_ad0 .tdc-placeholder-title:before{content:'Article Reklama wbudowana 1'!important}.tdb_single_content .td-spot-id-inline_ad1 .tdc-placeholder-title:before{content:'Article Inline Ad 2'!important}.tdb_single_content .td-spot-id-inline_ad2 .tdc-placeholder-title:before{content:' Reklama wbudowana w artyku\u0142 3'!important}.tdb_single_content .td-spot-id-bottom_ad .tdc-placeholder-title:before{content:'Article Bottom Ad'!important}.tdb_single_content .id_top_ad,.tdb_single_content .id_bottom_ad{clear:both;margin-bottom:21px;text-align:center}.tdb_single_content .id_top_ad img,.tdb_single_content .id_bottom_ad img{margin-bottom:0}.tdb_single_content .id_top_ad .adsbygoogle,.tdb_single_content .id_bottom_ad .adsbygoogle{position:relative}.tdb_single_content .id_ad_content-horiz-left,.tdb_single_content .id_ad_content-horiz-right,.tdb_single_content .id_ad_content-horiz-center{margin-bottom:15px}.tdb_single_content .id_ad_content-horiz-left img,.tdb_single_content .id_ad_content-horiz-right img,.tdb_single_content .id_ad_content-horiz-center img{margin-bottom:0}.tdb_single_content .id_ad_content-horiz-center{text-align:center}.tdb_single_content .id_ad_content-horiz-center img{margin-right:auto;margin-left:auto}.tdb_single_content .id_ad_content-horiz-left{float:left;margin-top:9px;margin-right:21px}.tdb_single_content .id_ad_content-horiz-right{float:right;margin-top:6px;margin-left:21px}.tdb_single_content .tdc-a-ad .tdc-placeholder-title{width:300px;height:250px}.tdb_single_content .tdc-a-ad .tdc-placeholder-title:before{position:absolute;top:50%;-webkit-transform:translateY(-50%);transform:translateY(-50%);margines:auto;display:table;width:100 %}.tdb_single_content .tdb-block-inner.td-fix-index{word-break:break-word}.tdi_48,.tdi_48>p,.tdi_48 .tdb-block-inner>p{font-size:16px!important;line- wysoko\u015b\u0107:1,6!wa\u017cne}.tdi_48 .tdb-block-inner blockquote p{font-style:normal!important}@media (max-width:767px){.tdb_single_content .id_ad_content-horiz-left,.tdb_single_content .id_ad_content-horiz-right,.tdb_single_content .id_ad_content-horiz-center{margin:0 automatyczny 26px auto}}@media (max-width:767px){.tdb_single_content .id_ad_content-horiz-left{margin-right:0}}@media (max-width:767px){.tdb_single_content .id_ad_content-horiz-right{margin -left:0}}@media (max-width:767px){.tdb_single_content .td-a-ad{float:none;text-align:center}.tdb_single_content .td-a-ad img{margin-right:auto;margin-left:auto}. tdb_single_content .tdc-a-ad{float:none}}<\/style>\n<div class=\"tdb-block-inner td-fix-index\">\n<p>Globalny krajobraz finansowy w 2025 r. czeka znacz\u0105ce przekszta\u0142cenia, nap\u0119dzane powa\u017cnymi zmianami politycznymi, napi\u0119ciami geopolitycznymi i ewoluuj\u0105cymi strategiami gospodarczymi. W obliczu powrotu Donalda Trumpa na prezydenta USA i utrzymuj\u0105cych si\u0119 konflikt\u00f3w w regionach takich jak Ukraina i Bliski Wsch\u00f3d, rynki przygotowuj\u0105 si\u0119 na niestabilny, ale pe\u0142en mo\u017cliwo\u015bci rok. Analitycy podwa\u017caj\u0105 wydarzenia i trendy, kt\u00f3re mog\u0105 kszta\u0142towa\u0107 gospodark\u0119 \u015bwiatow\u0105 i lokaln\u0105, w tym perspektywy dla Polski.<\/p>\n<h2 class=\"wp-block-heading\">Powr\u00f3t Trumpa i gospodarka \u015bwiatowa<\/h2>\n<p>20 stycznia Donald Trump odzyska prezydentur\u0119 w USA, a oczekuje si\u0119, \u017ce jego podej\u015bcie do zarz\u0105dzania i handlu nada ton \u015bwiatowej gospodarce. Skupienie si\u0119 Trumpa na polityce protekcjonistycznej mo\u017ce rzuci\u0107 wyzwanie globalizacji i zak\u0142\u00f3ci\u0107 ustalone normy handlowe.<\/p>\n<p>\u201eTrump niew\u0105tpliwie b\u0119dzie gwiazd\u0105 2025 roku\u201d \u2013 m\u00f3wi Krzysztof Adamczak, analityk walutowy InternetowyKantor.pl, wskazuj\u0105c na jego znacz\u0105cy wp\u0142yw zar\u00f3wno na rynek ameryka\u0144ski, jak i \u015bwiatowy. Jednak jego nieprzewidywalno\u015b\u0107 budzi obawy. Jak zauwa\u017ca Krzysztof Pawlak, sama aktywno\u015b\u0107 Trumpa w mediach spo\u0142eczno\u015bciowych mo\u017ce jednym postem zachwia\u0107 globaln\u0105 stabilno\u015b\u0107.<\/p>\n<h2 class=\"wp-block-heading\">Hotspoty konfliktu: Ukraina i Bliski Wsch\u00f3d<\/h2>\n<p>Oczekuje si\u0119, \u017ce w 2025 r. napi\u0119cia geopolityczne na Ukrainie i na Bliskim Wschodzie pozostan\u0105 krytyczne. Obietnica Trumpa dotycz\u0105ca zako\u0144czenia wojny na Ukrainie daje nadziej\u0119 i potencjalne korzy\u015bci dla Polski jako kluczowego gracza w wysi\u0142kach na rzecz odbudowy.<\/p>\n<p>Bliski Wsch\u00f3d pozostaje jednak niestabilny. \u201eRegion jest bardziej niestabilny ni\u017c kiedykolwiek od lat\u201d \u2013 m\u00f3wi Adamczak. Chocia\u017c cel Trumpa, jakim jest cena ropy na poziomie 40 dolar\u00f3w za bary\u0142k\u0119, mo\u017ce by\u0107 ambitny, jakakolwiek deeskalacja mo\u017ce obni\u017cy\u0107 ceny ropy, z\u0142agodzi\u0107 presj\u0119 inflacyjn\u0105 i przynie\u015b\u0107 korzy\u015bci \u015bwiatowej gospodarce.<\/p>\n<h2 class=\"wp-block-heading\">Inflacja i stopy procentowe w Polsce<\/h2>\n<p>Prognozuje si\u0119, \u017ce inflacja w Polsce w 2025 r. wyniesie \u015brednio powy\u017cej 5%, cho\u0107 w kolejnych latach spodziewany jest jej stopniowy spadek. Oczekuje si\u0119, \u017ce restrykcyjna polityka pieni\u0119\u017cna ustabilizuje dynamik\u0119 cen, ale ulga dla kredytobiorc\u00f3w mo\u017ce by\u0107 powolna.<\/p>\n<p>\u201ePrzewiduj\u0119 jedn\u0105 lub dwie obni\u017cki st\u00f3p procentowych do ko\u0144ca 2025 r.\u201d \u2013 m\u00f3wi Adamczak, podkre\u015blaj\u0105c, \u017ce wszelkie \u0142agodzenia polityki pieni\u0119\u017cnej b\u0119d\u0105 prawdopodobnie ostro\u017cne. Wycofywanie zabezpiecze\u0144 cen energii mo\u017ce jednak wywo\u0142a\u0107 lokalne skoki inflacji.<\/p>\n<h2 class=\"wp-block-heading\">Z\u0142oty polski: si\u0142a w\u015br\u00f3d wyzwa\u0144<\/h2>\n<p>W 2025 r. z\u0142oty polski (PLN) stanie przed wczesnymi wyzwaniami, przy silnym dolarze wywieraj\u0105cym presj\u0119 spadkow\u0105. Niemniej jednak silna gospodarka Polski mo\u017ce zwi\u0119kszy\u0107 atrakcyjno\u015b\u0107 waluty w oczach inwestor\u00f3w.<\/p>\n<p>\u201eDecyduj\u0105c\u0105 rol\u0119 odegra polityka pieni\u0119\u017cna\u201d \u2013 prognozuje Pawlak, kt\u00f3ry spodziewa si\u0119, \u017ce kurs EUR\/PLN zamknie rok w okolicach 4,35. Pomimo potencjalnych niepowodze\u0144, podstawy gospodarcze Polski pozostaj\u0105 solidnym fundamentem zaufania inwestor\u00f3w.<\/p>\n<h2 class=\"wp-block-heading\">Rynki globalne Przygotuj si\u0119 na nieoczekiwane<\/h2>\n<p>Po\u0142\u0105czenie wstrz\u0105s\u00f3w politycznych, niestabilnych cen towar\u00f3w i nierozwi\u0105zanych konflikt\u00f3w przygotowuje grunt pod nieprzewidywalny rok na rynkach \u015bwiatowych. Analitycy ostrzegaj\u0105 przed mo\u017cliwo\u015bci\u0105 wyst\u0105pienia \u201eczarnego \u0142ab\u0119dzia\u201d \u2013 nieprzewidzianego wydarzenia, kt\u00f3re mo\u017ce zmieni\u0107 dynamik\u0119 rynku.<\/p>\n<p>W\u015br\u00f3d zagro\u017ce\u0144 otwieraj\u0105 si\u0119 liczne mo\u017cliwo\u015bci dla tych, kt\u00f3rzy s\u0105 gotowi dostosowa\u0107 si\u0119 do zmieniaj\u0105cych si\u0119 warunk\u00f3w. Oczekuje si\u0119, \u017ce w 2025 r. \u015bwiat finans\u00f3w nie b\u0119dzie zwyczajny i b\u0119dzie oferowa\u0142 zar\u00f3wno wyzwania, jak i nagrody zar\u00f3wno inwestorom, jak i decydentom.<\/p>\n<p><em>Artyku\u0142 powsta\u0142 w oparciu o ekspertyzy i raporty udost\u0119pnione przez InternetowyKantor.pl i Walutomat.pl. Tre\u015b\u0107 nie stanowi porady ani rekomendacji finansowej. Inwestorom zaleca si\u0119 przeprowadzenie w\u0142asnych bada\u0144 przed podj\u0119ciem decyzji.<\/em><\/p>\n<\/p>\n<\/div>\n<\/div>\n","protected":false},"excerpt":{"rendered":"<p>Globalny krajobraz finansowy w 2025 r. czeka znacz\u0105ce przekszta\u0142cenia, nap\u0119dzane powa\u017cnymi zmianami politycznymi, napi\u0119ciami geopolitycznymi i ewoluuj\u0105cymi strategiami gospodarczymi. W<\/p>\n","protected":false},"author":1,"featured_media":2994,"comment_status":"closed","ping_status":"","sticky":false,"template":"","format":"standard","meta":{"footnotes":""},"categories":[45],"tags":[4400,2572,2571,693],"class_list":["post-2993","post","type-post","status-publish","format-standard","has-post-thumbnail","hentry","category-biznes","tag-geopolitycznych","tag-gospodarczych","tag-rok","tag-zmian","generate-columns","tablet-grid-50","mobile-grid-100","grid-parent","grid-50","resize-featured-image"],"yoast_head":"<!-- This site is optimized with the Yoast SEO plugin v23.2 - https:\/\/yoast.com\/wordpress\/plugins\/seo\/ -->\n<title>Rok 2025: rok zmian geopolitycznych i gospodarczych - POGOTOWIE FLAGOWE\u00ae<\/title>\n<meta name=\"robots\" content=\"index, follow, max-snippet:-1, max-image-preview:large, max-video-preview:-1\" \/>\n<link rel=\"canonical\" href=\"https:\/\/www.pogotowieflagowe.pl\/aktualne\/rok-2025-rok-zmian-geopolitycznych-i-gospodarczych\/\" \/>\n<meta property=\"og:locale\" content=\"pl_PL\" \/>\n<meta property=\"og:type\" content=\"article\" \/>\n<meta property=\"og:title\" content=\"Rok 2025: rok zmian geopolitycznych i gospodarczych - POGOTOWIE FLAGOWE\u00ae\" \/>\n<meta property=\"og:description\" content=\"Globalny krajobraz finansowy w 2025 r. czeka znacz\u0105ce przekszta\u0142cenia, nap\u0119dzane powa\u017cnymi zmianami politycznymi, napi\u0119ciami geopolitycznymi i ewoluuj\u0105cymi strategiami gospodarczymi. W\" \/>\n<meta property=\"og:url\" content=\"https:\/\/www.pogotowieflagowe.pl\/aktualne\/rok-2025-rok-zmian-geopolitycznych-i-gospodarczych\/\" \/>\n<meta property=\"og:site_name\" content=\"POGOTOWIE FLAGOWE\u00ae\" \/>\n<meta property=\"article:published_time\" content=\"2025-01-10T19:49:06+00:00\" \/>\n<meta property=\"article:modified_time\" content=\"2025-01-10T19:49:07+00:00\" \/>\n<meta property=\"og:image\" content=\"https:\/\/www.pogotowieflagowe.pl\/aktualne\/wp-content\/uploads\/2025\/01\/Rok-2025-rok-zmian-geopolitycznych-i-gospodarczych.jpg\" \/>\n\t<meta property=\"og:image:width\" content=\"1200\" \/>\n\t<meta property=\"og:image:height\" content=\"715\" \/>\n\t<meta property=\"og:image:type\" content=\"image\/jpeg\" \/>\n<meta name=\"author\" content=\"Filip\" \/>\n<meta name=\"twitter:card\" content=\"summary_large_image\" \/>\n<meta name=\"twitter:label1\" content=\"Napisane przez\" \/>\n\t<meta name=\"twitter:data1\" content=\"Filip\" \/>\n\t<meta name=\"twitter:label2\" content=\"Szacowany czas czytania\" \/>\n\t<meta name=\"twitter:data2\" content=\"3 minuty\" \/>\n<script type=\"application\/ld+json\" class=\"yoast-schema-graph\">{\"@context\":\"https:\/\/schema.org\",\"@graph\":[{\"@type\":\"Article\",\"@id\":\"https:\/\/www.pogotowieflagowe.pl\/aktualne\/rok-2025-rok-zmian-geopolitycznych-i-gospodarczych\/#article\",\"isPartOf\":{\"@id\":\"https:\/\/www.pogotowieflagowe.pl\/aktualne\/rok-2025-rok-zmian-geopolitycznych-i-gospodarczych\/\"},\"author\":{\"name\":\"Filip\",\"@id\":\"https:\/\/www.pogotowieflagowe.pl\/aktualne\/#\/schema\/person\/9c2fb7d2362ebf6fa088960d7f0d27b0\"},\"headline\":\"Rok 2025: rok zmian geopolitycznych i gospodarczych\",\"datePublished\":\"2025-01-10T19:49:06+00:00\",\"dateModified\":\"2025-01-10T19:49:07+00:00\",\"mainEntityOfPage\":{\"@id\":\"https:\/\/www.pogotowieflagowe.pl\/aktualne\/rok-2025-rok-zmian-geopolitycznych-i-gospodarczych\/\"},\"wordCount\":588,\"publisher\":{\"@id\":\"https:\/\/www.pogotowieflagowe.pl\/aktualne\/#organization\"},\"image\":{\"@id\":\"https:\/\/www.pogotowieflagowe.pl\/aktualne\/rok-2025-rok-zmian-geopolitycznych-i-gospodarczych\/#primaryimage\"},\"thumbnailUrl\":\"https:\/\/www.pogotowieflagowe.pl\/aktualne\/wp-content\/uploads\/2025\/01\/Rok-2025-rok-zmian-geopolitycznych-i-gospodarczych.jpg\",\"keywords\":[\"geopolitycznych\",\"gospodarczych\",\"rok\",\"zmian\"],\"articleSection\":[\"Biznes\"],\"inLanguage\":\"pl-PL\"},{\"@type\":\"WebPage\",\"@id\":\"https:\/\/www.pogotowieflagowe.pl\/aktualne\/rok-2025-rok-zmian-geopolitycznych-i-gospodarczych\/\",\"url\":\"https:\/\/www.pogotowieflagowe.pl\/aktualne\/rok-2025-rok-zmian-geopolitycznych-i-gospodarczych\/\",\"name\":\"Rok 2025: rok zmian geopolitycznych i gospodarczych - POGOTOWIE FLAGOWE\u00ae\",\"isPartOf\":{\"@id\":\"https:\/\/www.pogotowieflagowe.pl\/aktualne\/#website\"},\"primaryImageOfPage\":{\"@id\":\"https:\/\/www.pogotowieflagowe.pl\/aktualne\/rok-2025-rok-zmian-geopolitycznych-i-gospodarczych\/#primaryimage\"},\"image\":{\"@id\":\"https:\/\/www.pogotowieflagowe.pl\/aktualne\/rok-2025-rok-zmian-geopolitycznych-i-gospodarczych\/#primaryimage\"},\"thumbnailUrl\":\"https:\/\/www.pogotowieflagowe.pl\/aktualne\/wp-content\/uploads\/2025\/01\/Rok-2025-rok-zmian-geopolitycznych-i-gospodarczych.jpg\",\"datePublished\":\"2025-01-10T19:49:06+00:00\",\"dateModified\":\"2025-01-10T19:49:07+00:00\",\"breadcrumb\":{\"@id\":\"https:\/\/www.pogotowieflagowe.pl\/aktualne\/rok-2025-rok-zmian-geopolitycznych-i-gospodarczych\/#breadcrumb\"},\"inLanguage\":\"pl-PL\",\"potentialAction\":[{\"@type\":\"ReadAction\",\"target\":[\"https:\/\/www.pogotowieflagowe.pl\/aktualne\/rok-2025-rok-zmian-geopolitycznych-i-gospodarczych\/\"]}]},{\"@type\":\"ImageObject\",\"inLanguage\":\"pl-PL\",\"@id\":\"https:\/\/www.pogotowieflagowe.pl\/aktualne\/rok-2025-rok-zmian-geopolitycznych-i-gospodarczych\/#primaryimage\",\"url\":\"https:\/\/www.pogotowieflagowe.pl\/aktualne\/wp-content\/uploads\/2025\/01\/Rok-2025-rok-zmian-geopolitycznych-i-gospodarczych.jpg\",\"contentUrl\":\"https:\/\/www.pogotowieflagowe.pl\/aktualne\/wp-content\/uploads\/2025\/01\/Rok-2025-rok-zmian-geopolitycznych-i-gospodarczych.jpg\",\"width\":1200,\"height\":715,\"caption\":\"Rok 2025: rok zmian geopolitycznych i gospodarczych\"},{\"@type\":\"BreadcrumbList\",\"@id\":\"https:\/\/www.pogotowieflagowe.pl\/aktualne\/rok-2025-rok-zmian-geopolitycznych-i-gospodarczych\/#breadcrumb\",\"itemListElement\":[{\"@type\":\"ListItem\",\"position\":1,\"name\":\"Home\",\"item\":\"https:\/\/www.pogotowieflagowe.pl\/aktualne\/\"},{\"@type\":\"ListItem\",\"position\":2,\"name\":\"Rok 2025: rok zmian geopolitycznych i gospodarczych\"}]},{\"@type\":\"WebSite\",\"@id\":\"https:\/\/www.pogotowieflagowe.pl\/aktualne\/#website\",\"url\":\"https:\/\/www.pogotowieflagowe.pl\/aktualne\/\",\"name\":\"POGOTOWIE FLAGOWE\u00ae\",\"description\":\"\",\"publisher\":{\"@id\":\"https:\/\/www.pogotowieflagowe.pl\/aktualne\/#organization\"},\"potentialAction\":[{\"@type\":\"SearchAction\",\"target\":{\"@type\":\"EntryPoint\",\"urlTemplate\":\"https:\/\/www.pogotowieflagowe.pl\/aktualne\/?s={search_term_string}\"},\"query-input\":\"required name=search_term_string\"}],\"inLanguage\":\"pl-PL\"},{\"@type\":\"Organization\",\"@id\":\"https:\/\/www.pogotowieflagowe.pl\/aktualne\/#organization\",\"name\":\"POGOTOWIE FLAGOWE\u00ae\",\"url\":\"https:\/\/www.pogotowieflagowe.pl\/aktualne\/\",\"logo\":{\"@type\":\"ImageObject\",\"inLanguage\":\"pl-PL\",\"@id\":\"https:\/\/www.pogotowieflagowe.pl\/aktualne\/#\/schema\/logo\/image\/\",\"url\":\"https:\/\/www.pogotowieflagowe.pl\/aktualne\/wp-content\/uploads\/2024\/08\/cropped-pogotowieflagowe_flaga_projekt_sm.jpg\",\"contentUrl\":\"https:\/\/www.pogotowieflagowe.pl\/aktualne\/wp-content\/uploads\/2024\/08\/cropped-pogotowieflagowe_flaga_projekt_sm.jpg\",\"width\":250,\"height\":143,\"caption\":\"POGOTOWIE FLAGOWE\u00ae\"},\"image\":{\"@id\":\"https:\/\/www.pogotowieflagowe.pl\/aktualne\/#\/schema\/logo\/image\/\"}},{\"@type\":\"Person\",\"@id\":\"https:\/\/www.pogotowieflagowe.pl\/aktualne\/#\/schema\/person\/9c2fb7d2362ebf6fa088960d7f0d27b0\",\"name\":\"Filip\",\"image\":{\"@type\":\"ImageObject\",\"inLanguage\":\"pl-PL\",\"@id\":\"https:\/\/www.pogotowieflagowe.pl\/aktualne\/#\/schema\/person\/image\/\",\"url\":\"https:\/\/www.pogotowieflagowe.pl\/aktualne\/wp-content\/uploads\/2024\/08\/pogotowieflagowe.pl_.jpg\",\"contentUrl\":\"https:\/\/www.pogotowieflagowe.pl\/aktualne\/wp-content\/uploads\/2024\/08\/pogotowieflagowe.pl_.jpg\",\"caption\":\"Filip\"},\"description\":\"Jestem Filip, polski dziennikarz z dyplomem nauk politycznych Uniwersytetu Warszawskiego. Rozpoczynaj\u0105c swoj\u0105 karier\u0119 w r\u00f3\u017cnych lokalnych mediach, zdoby\u0142em solidne do\u015bwiadczenie w zakresie \u015bledztwa i redakcji. Obecnie jako redaktor w Pogotowie flagowe, staram si\u0119 dostarcza\u0107 dog\u0142\u0119bne i istotne analizy na temat najwa\u017cniejszych kwestii aktualno\u015bci, \u0142\u0105cz\u0105c rygor z pasj\u0105 dziennikarsk\u0105.\",\"sameAs\":[\"https:\/\/www.pogotowieflagowe.pl\/\"]}]}<\/script>\n<!-- \/ Yoast SEO plugin. -->","yoast_head_json":{"title":"Rok 2025: rok zmian geopolitycznych i gospodarczych - POGOTOWIE FLAGOWE\u00ae","robots":{"index":"index","follow":"follow","max-snippet":"max-snippet:-1","max-image-preview":"max-image-preview:large","max-video-preview":"max-video-preview:-1"},"canonical":"https:\/\/www.pogotowieflagowe.pl\/aktualne\/rok-2025-rok-zmian-geopolitycznych-i-gospodarczych\/","og_locale":"pl_PL","og_type":"article","og_title":"Rok 2025: rok zmian geopolitycznych i gospodarczych - POGOTOWIE FLAGOWE\u00ae","og_description":"Globalny krajobraz finansowy w 2025 r. czeka znacz\u0105ce przekszta\u0142cenia, nap\u0119dzane powa\u017cnymi zmianami politycznymi, napi\u0119ciami geopolitycznymi i ewoluuj\u0105cymi strategiami gospodarczymi. W","og_url":"https:\/\/www.pogotowieflagowe.pl\/aktualne\/rok-2025-rok-zmian-geopolitycznych-i-gospodarczych\/","og_site_name":"POGOTOWIE FLAGOWE\u00ae","article_published_time":"2025-01-10T19:49:06+00:00","article_modified_time":"2025-01-10T19:49:07+00:00","og_image":[{"width":1200,"height":715,"url":"https:\/\/www.pogotowieflagowe.pl\/aktualne\/wp-content\/uploads\/2025\/01\/Rok-2025-rok-zmian-geopolitycznych-i-gospodarczych.jpg","type":"image\/jpeg"}],"author":"Filip","twitter_card":"summary_large_image","twitter_misc":{"Napisane przez":"Filip","Szacowany czas czytania":"3 minuty"},"schema":{"@context":"https:\/\/schema.org","@graph":[{"@type":"Article","@id":"https:\/\/www.pogotowieflagowe.pl\/aktualne\/rok-2025-rok-zmian-geopolitycznych-i-gospodarczych\/#article","isPartOf":{"@id":"https:\/\/www.pogotowieflagowe.pl\/aktualne\/rok-2025-rok-zmian-geopolitycznych-i-gospodarczych\/"},"author":{"name":"Filip","@id":"https:\/\/www.pogotowieflagowe.pl\/aktualne\/#\/schema\/person\/9c2fb7d2362ebf6fa088960d7f0d27b0"},"headline":"Rok 2025: rok zmian geopolitycznych i gospodarczych","datePublished":"2025-01-10T19:49:06+00:00","dateModified":"2025-01-10T19:49:07+00:00","mainEntityOfPage":{"@id":"https:\/\/www.pogotowieflagowe.pl\/aktualne\/rok-2025-rok-zmian-geopolitycznych-i-gospodarczych\/"},"wordCount":588,"publisher":{"@id":"https:\/\/www.pogotowieflagowe.pl\/aktualne\/#organization"},"image":{"@id":"https:\/\/www.pogotowieflagowe.pl\/aktualne\/rok-2025-rok-zmian-geopolitycznych-i-gospodarczych\/#primaryimage"},"thumbnailUrl":"https:\/\/www.pogotowieflagowe.pl\/aktualne\/wp-content\/uploads\/2025\/01\/Rok-2025-rok-zmian-geopolitycznych-i-gospodarczych.jpg","keywords":["geopolitycznych","gospodarczych","rok","zmian"],"articleSection":["Biznes"],"inLanguage":"pl-PL"},{"@type":"WebPage","@id":"https:\/\/www.pogotowieflagowe.pl\/aktualne\/rok-2025-rok-zmian-geopolitycznych-i-gospodarczych\/","url":"https:\/\/www.pogotowieflagowe.pl\/aktualne\/rok-2025-rok-zmian-geopolitycznych-i-gospodarczych\/","name":"Rok 2025: rok zmian geopolitycznych i gospodarczych - POGOTOWIE FLAGOWE\u00ae","isPartOf":{"@id":"https:\/\/www.pogotowieflagowe.pl\/aktualne\/#website"},"primaryImageOfPage":{"@id":"https:\/\/www.pogotowieflagowe.pl\/aktualne\/rok-2025-rok-zmian-geopolitycznych-i-gospodarczych\/#primaryimage"},"image":{"@id":"https:\/\/www.pogotowieflagowe.pl\/aktualne\/rok-2025-rok-zmian-geopolitycznych-i-gospodarczych\/#primaryimage"},"thumbnailUrl":"https:\/\/www.pogotowieflagowe.pl\/aktualne\/wp-content\/uploads\/2025\/01\/Rok-2025-rok-zmian-geopolitycznych-i-gospodarczych.jpg","datePublished":"2025-01-10T19:49:06+00:00","dateModified":"2025-01-10T19:49:07+00:00","breadcrumb":{"@id":"https:\/\/www.pogotowieflagowe.pl\/aktualne\/rok-2025-rok-zmian-geopolitycznych-i-gospodarczych\/#breadcrumb"},"inLanguage":"pl-PL","potentialAction":[{"@type":"ReadAction","target":["https:\/\/www.pogotowieflagowe.pl\/aktualne\/rok-2025-rok-zmian-geopolitycznych-i-gospodarczych\/"]}]},{"@type":"ImageObject","inLanguage":"pl-PL","@id":"https:\/\/www.pogotowieflagowe.pl\/aktualne\/rok-2025-rok-zmian-geopolitycznych-i-gospodarczych\/#primaryimage","url":"https:\/\/www.pogotowieflagowe.pl\/aktualne\/wp-content\/uploads\/2025\/01\/Rok-2025-rok-zmian-geopolitycznych-i-gospodarczych.jpg","contentUrl":"https:\/\/www.pogotowieflagowe.pl\/aktualne\/wp-content\/uploads\/2025\/01\/Rok-2025-rok-zmian-geopolitycznych-i-gospodarczych.jpg","width":1200,"height":715,"caption":"Rok 2025: rok zmian geopolitycznych i gospodarczych"},{"@type":"BreadcrumbList","@id":"https:\/\/www.pogotowieflagowe.pl\/aktualne\/rok-2025-rok-zmian-geopolitycznych-i-gospodarczych\/#breadcrumb","itemListElement":[{"@type":"ListItem","position":1,"name":"Home","item":"https:\/\/www.pogotowieflagowe.pl\/aktualne\/"},{"@type":"ListItem","position":2,"name":"Rok 2025: rok zmian geopolitycznych i gospodarczych"}]},{"@type":"WebSite","@id":"https:\/\/www.pogotowieflagowe.pl\/aktualne\/#website","url":"https:\/\/www.pogotowieflagowe.pl\/aktualne\/","name":"POGOTOWIE FLAGOWE\u00ae","description":"","publisher":{"@id":"https:\/\/www.pogotowieflagowe.pl\/aktualne\/#organization"},"potentialAction":[{"@type":"SearchAction","target":{"@type":"EntryPoint","urlTemplate":"https:\/\/www.pogotowieflagowe.pl\/aktualne\/?s={search_term_string}"},"query-input":"required name=search_term_string"}],"inLanguage":"pl-PL"},{"@type":"Organization","@id":"https:\/\/www.pogotowieflagowe.pl\/aktualne\/#organization","name":"POGOTOWIE FLAGOWE\u00ae","url":"https:\/\/www.pogotowieflagowe.pl\/aktualne\/","logo":{"@type":"ImageObject","inLanguage":"pl-PL","@id":"https:\/\/www.pogotowieflagowe.pl\/aktualne\/#\/schema\/logo\/image\/","url":"https:\/\/www.pogotowieflagowe.pl\/aktualne\/wp-content\/uploads\/2024\/08\/cropped-pogotowieflagowe_flaga_projekt_sm.jpg","contentUrl":"https:\/\/www.pogotowieflagowe.pl\/aktualne\/wp-content\/uploads\/2024\/08\/cropped-pogotowieflagowe_flaga_projekt_sm.jpg","width":250,"height":143,"caption":"POGOTOWIE FLAGOWE\u00ae"},"image":{"@id":"https:\/\/www.pogotowieflagowe.pl\/aktualne\/#\/schema\/logo\/image\/"}},{"@type":"Person","@id":"https:\/\/www.pogotowieflagowe.pl\/aktualne\/#\/schema\/person\/9c2fb7d2362ebf6fa088960d7f0d27b0","name":"Filip","image":{"@type":"ImageObject","inLanguage":"pl-PL","@id":"https:\/\/www.pogotowieflagowe.pl\/aktualne\/#\/schema\/person\/image\/","url":"https:\/\/www.pogotowieflagowe.pl\/aktualne\/wp-content\/uploads\/2024\/08\/pogotowieflagowe.pl_.jpg","contentUrl":"https:\/\/www.pogotowieflagowe.pl\/aktualne\/wp-content\/uploads\/2024\/08\/pogotowieflagowe.pl_.jpg","caption":"Filip"},"description":"Jestem Filip, polski dziennikarz z dyplomem nauk politycznych Uniwersytetu Warszawskiego. Rozpoczynaj\u0105c swoj\u0105 karier\u0119 w r\u00f3\u017cnych lokalnych mediach, zdoby\u0142em solidne do\u015bwiadczenie w zakresie \u015bledztwa i redakcji. Obecnie jako redaktor w Pogotowie flagowe, staram si\u0119 dostarcza\u0107 dog\u0142\u0119bne i istotne analizy na temat najwa\u017cniejszych kwestii aktualno\u015bci, \u0142\u0105cz\u0105c rygor z pasj\u0105 dziennikarsk\u0105.","sameAs":["https:\/\/www.pogotowieflagowe.pl\/"]}]}},"_links":{"self":[{"href":"https:\/\/www.pogotowieflagowe.pl\/aktualne\/wp-json\/wp\/v2\/posts\/2993","targetHints":{"allow":["GET"]}}],"collection":[{"href":"https:\/\/www.pogotowieflagowe.pl\/aktualne\/wp-json\/wp\/v2\/posts"}],"about":[{"href":"https:\/\/www.pogotowieflagowe.pl\/aktualne\/wp-json\/wp\/v2\/types\/post"}],"author":[{"embeddable":true,"href":"https:\/\/www.pogotowieflagowe.pl\/aktualne\/wp-json\/wp\/v2\/users\/1"}],"replies":[{"embeddable":true,"href":"https:\/\/www.pogotowieflagowe.pl\/aktualne\/wp-json\/wp\/v2\/comments?post=2993"}],"version-history":[{"count":1,"href":"https:\/\/www.pogotowieflagowe.pl\/aktualne\/wp-json\/wp\/v2\/posts\/2993\/revisions"}],"predecessor-version":[{"id":2995,"href":"https:\/\/www.pogotowieflagowe.pl\/aktualne\/wp-json\/wp\/v2\/posts\/2993\/revisions\/2995"}],"wp:featuredmedia":[{"embeddable":true,"href":"https:\/\/www.pogotowieflagowe.pl\/aktualne\/wp-json\/wp\/v2\/media\/2994"}],"wp:attachment":[{"href":"https:\/\/www.pogotowieflagowe.pl\/aktualne\/wp-json\/wp\/v2\/media?parent=2993"}],"wp:term":[{"taxonomy":"category","embeddable":true,"href":"https:\/\/www.pogotowieflagowe.pl\/aktualne\/wp-json\/wp\/v2\/categories?post=2993"},{"taxonomy":"post_tag","embeddable":true,"href":"https:\/\/www.pogotowieflagowe.pl\/aktualne\/wp-json\/wp\/v2\/tags?post=2993"}],"curies":[{"name":"wp","href":"https:\/\/api.w.org\/{rel}","templated":true}]}}