{"id":3011,"date":"2025-01-11T18:52:13","date_gmt":"2025-01-11T17:52:13","guid":{"rendered":"https:\/\/www.pogotowieflagowe.pl\/aktualne\/gwiazdy-polskiego-tenisa-szykuja-sie-na-australian-open-2025\/"},"modified":"2025-01-11T18:52:16","modified_gmt":"2025-01-11T17:52:16","slug":"gwiazdy-polskiego-tenisa-szykuja-sie-na-australian-open-2025","status":"publish","type":"post","link":"https:\/\/www.pogotowieflagowe.pl\/aktualne\/gwiazdy-polskiego-tenisa-szykuja-sie-na-australian-open-2025\/","title":{"rendered":"Gwiazdy polskiego tenisa szykuj\u0105 si\u0119 na Australian Open 2025"},"content":{"rendered":"\n<div class=\"td_block_wrap tdb_single_content tdi_48 td-pb-border-top td_block_template_8 td-post-content tagdiv-type\" data-td-block-uid=\"tdi_48\">\n<style>.tdi_48{margines-g\u00f3rny:0px!important;margin-bottom:0px!important;dope\u0142nienie-g\u00f3ra:0px!important;dope\u0142nienie-d\u00f3\u0142:0px!important}<\/style>\n<style>.tdb_single_content{margin-bottom:0;*zoom:1}.tdb_single_content:before,.tdb_single_content:after{display:table;content:'';line-height:0}.tdb_single_content:after{clear:both}.tdb_single_content .tdb-block-inner>*:not(.wp-block-quote):not(.alignwide):not(.alignfull.wp-block-cover.has-parallax):not(.td-a-ad) {margin-left:auto;margin-right:auto}.tdb_single_content a{pointer-events:auto}.tdb_single_content .td-spot-id-top_ad .tdc-placeholder-title:before{content:'Article Top Ad'!important}.tdb_single_content .td-spot-id-inline_ad0 .tdc-placeholder-title:before{content:'Article Reklama wbudowana 1'!important}.tdb_single_content .td-spot-id-inline_ad1 .tdc-placeholder-title:before{content:'Article Inline Ad 2'!important}.tdb_single_content .td-spot-id-inline_ad2 .tdc-placeholder-title:before{content:' Reklama wbudowana w artyku\u0142 3'!important}.tdb_single_content .td-spot-id-bottom_ad .tdc-placeholder-title:before{content:'Article Bottom Ad'!important}.tdb_single_content .id_top_ad,.tdb_single_content .id_bottom_ad{clear:both;margin-bottom:21px;text-align:center}.tdb_single_content .id_top_ad img,.tdb_single_content .id_bottom_ad img{margin-bottom:0}.tdb_single_content .id_top_ad .adsbygoogle,.tdb_single_content .id_bottom_ad .adsbygoogle{position:relative}.tdb_single_content .id_ad_content-horiz-left,.tdb_single_content .id_ad_content-horiz-right,.tdb_single_content .id_ad_content-horiz-center{margin-bottom:15px}.tdb_single_content .id_ad_content-horiz-left img,.tdb_single_content .id_ad_content-horiz-right img,.tdb_single_content .id_ad_content-horiz-center img{margin-bottom:0}.tdb_single_content .id_ad_content-horiz-center{text-align:center}.tdb_single_content .id_ad_content-horiz-center img{margin-right:auto;margin-left:auto}.tdb_single_content .id_ad_content-horiz-left{float:left;margin-top:9px;margin-right:21px}.tdb_single_content .id_ad_content-horiz-right{float:right;margin-top:6px;margin-left:21px}.tdb_single_content .tdc-a-ad .tdc-placeholder-title{width:300px;height:250px}.tdb_single_content .tdc-a-ad .tdc-placeholder-title:before{position:absolute;top:50%;-webkit-transform:translateY(-50%);transform:translateY(-50%);margines:auto;display:table;width:100 %}.tdb_single_content .tdb-block-inner.td-fix-index{word-break:break-word}.tdi_48,.tdi_48>p,.tdi_48 .tdb-block-inner>p{font-size:16px!important;line- wysoko\u015b\u0107:1,6!wa\u017cne}.tdi_48 .tdb-block-inner blockquote p{font-style:normal!important}@media (max-width:767px){.tdb_single_content .id_ad_content-horiz-left,.tdb_single_content .id_ad_content-horiz-right,.tdb_single_content .id_ad_content-horiz-center{margin:0 automatyczny 26px auto}}@media (max-width:767px){.tdb_single_content .id_ad_content-horiz-left{margin-right:0}}@media (max-width:767px){.tdb_single_content .id_ad_content-horiz-right{margin -left:0}}@media (max-width:767px){.tdb_single_content .td-a-ad{float:none;text-align:center}.tdb_single_content .td-a-ad img{margin-right:auto;margin-left:auto}. tdb_single_content .tdc-a-ad{float:none}}<\/style>\n<div class=\"tdb-block-inner td-fix-index\">\n<p>Rozpocz\u0105\u0142 si\u0119 pierwszy w tym roku Wielki Szlem, a Polska b\u0119dzie dobrze reprezentowana w Melbourne. Sze\u015bciu zawodnik\u00f3w \u2013 na czele z Ig\u0105 \u015awi\u0105tek i Hubertem Hurkaczem \u2013 zakwalifikowa\u0142o si\u0119 do g\u0142\u00f3wnego losowania Australian Open 2025, daj\u0105c fanom mn\u00f3stwo powod\u00f3w do ekscytacji. Oto, co musisz wiedzie\u0107 o ich nadchodz\u0105cych meczach i szansach.<\/p>\n<h2 class=\"wp-block-heading\">Obiecuj\u0105ca droga Igi \u015awi\u0105tek<\/h2>\n<p>Iga \u015awi\u0105tek, by\u0142a nr 1 \u015bwiata, jest jedn\u0105 z faworytek do zaj\u015bcia daleko w tym turnieju. Swoj\u0105 kampani\u0119 rozpocznie w poniedzia\u0142ek, 13 stycznia, przeciwko Katerinie Siniakovej. Cho\u0107 Czech nie mierzy\u0142 si\u0119 jeszcze ze \u015awi\u0105tkiem, polska gwiazda jest zdecydowanym faworytem do awansu.<\/p>\n<p>Remis \u015awi\u0105tka w pierwszych rundach wygl\u0105da korzystnie. Po Siniakowej w drugiej rundzie mo\u017ce zmierzy\u0107 si\u0119 z Rebecc\u0105 \u0160ramkov\u0105 lub Katie Volynets \u2013 \u017cadna z nich nie sprawi jej wi\u0119kszych problem\u00f3w. Wyzwania rozpoczynaj\u0105 si\u0119 w trzeciej rundzie, w kt\u00f3rej mo\u017cliwe s\u0105 pojedynki z Emm\u0105 Raducanu, Amand\u0105 Anisimow\u0105 lub Jekaterin\u0105 Aleksandrow\u0105. Je\u015bli \u015awi\u0105tek wejdzie g\u0142\u0119boko w turniej, mo\u017ce w p\u00f3\u0142finale zmierzy si\u0119 z Jelen\u0105 Rybakin\u0105, a w finale Aryn\u0105 Sabalenk\u0105. Jej pierwszy mecz zaplanowano na godzin\u0119 3:30 czasu polskiego.<\/p>\n<h2 class=\"wp-block-heading\">Hubert Hurkacz przed trudnym remisem<\/h2>\n<p>Hubert Hurkacz, kt\u00f3ry ma trudny pocz\u0105tek turnieju, nie b\u0119dzie ju\u017c tak \u0142atwo. W pierwszej rundzie zmierzy si\u0119 z Tallonem Griekspoorem, graczem znanym z denerwowania przeciwnik\u00f3w o wy\u017cszej randze. Je\u015bli Hurkacz pokona Griekspoora, w drugiej rundzie najprawdopodobniej zmierzy si\u0119 z Miomirem Kecmanoviciem lub Du\u0161anem Lajovi\u0107iem.<\/p>\n<p>W trzeciej rundzie Hurkacz mo\u017ce zmierzy\u0107 si\u0119 z Holgerem Rune, zawodnikiem stoj\u0105cym wy\u017cej od niego, a w czwartej rundzie mo\u017ce nast\u0105pi\u0107 spotkanie z obro\u0144c\u0105 tytu\u0142u Jannikiem Sinnerem. Dla Hurkacza dotarcie do \u0107wier\u0107fina\u0142u b\u0119dzie od pocz\u0105tku wymaga\u0142o pokazania jego najlepszego tenisa.<\/p>\n<h2 class=\"wp-block-heading\">Fr\u0119ch i Linette mogli spotka\u0107 si\u0119 wcze\u015bniej<\/h2>\n<p>Magdalena Fr\u0119ch i Magda Linette maj\u0105 na swoim koncie ekscytuj\u0105ce remisy i je\u015bli wyniki p\u00f3jd\u0105 po ich my\u015bli, by\u0107 mo\u017ce zagraj\u0105 ze sob\u0105 w trzeciej rundzie. Fr\u0119ch, rozstawiony z 23. miejscem, zacznie od Poliny Kudermetovej, a w drugiej rundzie mo\u017ce zmierzy\u0107 si\u0119 z Ann\u0105 Blinkov\u0105 lub Dari\u0105 Saville. Linette rozpoczyna swoj\u0105 kampani\u0119 przeciwko Moyuce Uchijima, z mo\u017cliwym pojedynkiem w drugiej rundzie z Marie Bouzkov\u0105 lub Mirr\u0105 Andreev\u0105.<\/p>\n<p>Ich potencjalne starcie w trzeciej rundzie by\u0142oby wysokie, gdy\u017c zwyci\u0119zca w czwartej rundzie m\u00f3g\u0142by zmierzy\u0107 si\u0119 z Aryn\u0105 Sabalenk\u0105. Mecze Fr\u0119cha i Linette zaplanowano na poniedzia\u0142kowy poranek czasu polskiego.<\/p>\n<h2 class=\"wp-block-heading\">Debiut Chwali\u0144skiej i powr\u00f3t Majchrzaka<\/h2>\n<p>Maja Chwali\u0144ska ma zamiar w tym roku zadebiutowa\u0107 w Australian Open. W niedziel\u0119 12 stycznia o godzinie 5:00 czasu polskiego zmierzy si\u0119 w pierwszej rundzie z Jule Niemeier. Je\u015bli wygra, w drugiej rundzie mo\u017ce zmierzy\u0107 si\u0119 z Nao Hibino lub Mart\u0105 Kostyuk. Dla Chwali\u0144skiej to doskona\u0142a okazja, aby sprawdzi\u0107 si\u0119 na jednej z najwi\u0119kszych scen tego sportu.<\/p>\n<p>Kamil Majchrzak wraca do akcji Wielkiego Szlema i rozpoczyna sw\u00f3j turniej z Pablo Carre\u00f1o Bust\u0105. To trudny test na otwarcie i je\u015bli awansuje, zmierzy si\u0119 ze zwyci\u0119zc\u0105 pojedynku Ben Shelton kontra Brandon Nakashima. Majchrzak b\u0119dzie musia\u0142 da\u0107 z siebie wszystko, aby przetrwa\u0107 trudny los.<\/p>\n<h2 class=\"wp-block-heading\">Wielka scena dla polskiego tenisa<\/h2>\n<p>Polscy kibice tenisa maj\u0105 w Melbourne pow\u00f3d do kibicowania, maj\u0105c sze\u015bciu zawodnik\u00f3w w g\u0142\u00f3wnym losowaniu. \u015awi\u0105tek prowadzi w ataku jako faworyt do tytu\u0142u, a Hurkacz i pozostali b\u0119d\u0105 chcieli odcisn\u0105\u0107 swoje pi\u0119tno. Niezale\u017cnie od tego, czy b\u0119dzie to \u015bwietna passa \u015awi\u0105tek, czy prze\u0142omowe wyst\u0119py takich zawodniczek jak Chwali\u0144ska czy Majchrzak, Australian Open 2025 zapewnia polskim kibicom mn\u00f3stwo emocji.<\/p>\n<\/div>\n<\/div>\n","protected":false},"excerpt":{"rendered":"<p>Rozpocz\u0105\u0142 si\u0119 pierwszy w tym roku Wielki Szlem, a Polska b\u0119dzie dobrze reprezentowana w Melbourne. Sze\u015bciu zawodnik\u00f3w \u2013 na czele<\/p>\n","protected":false},"author":1,"featured_media":3012,"comment_status":"closed","ping_status":"","sticky":false,"template":"","format":"standard","meta":{"footnotes":""},"categories":[118],"tags":[4330,260,148,129,150,4416,2604],"class_list":["post-3011","post","type-post","status-publish","format-standard","has-post-thumbnail","hentry","category-lekkoatletyka","tag-australian","tag-gwiazdy","tag-open","tag-polskiego","tag-sie","tag-szykuja","tag-tenisa","generate-columns","tablet-grid-50","mobile-grid-100","grid-parent","grid-50","resize-featured-image"],"yoast_head":"<!-- This site is optimized with the Yoast SEO plugin v23.2 - https:\/\/yoast.com\/wordpress\/plugins\/seo\/ -->\n<title>Gwiazdy polskiego tenisa szykuj\u0105 si\u0119 na Australian Open 2025 - POGOTOWIE FLAGOWE\u00ae<\/title>\n<meta name=\"robots\" content=\"index, follow, max-snippet:-1, max-image-preview:large, max-video-preview:-1\" \/>\n<link rel=\"canonical\" href=\"https:\/\/www.pogotowieflagowe.pl\/aktualne\/gwiazdy-polskiego-tenisa-szykuja-sie-na-australian-open-2025\/\" \/>\n<meta property=\"og:locale\" content=\"pl_PL\" \/>\n<meta property=\"og:type\" content=\"article\" \/>\n<meta property=\"og:title\" content=\"Gwiazdy polskiego tenisa szykuj\u0105 si\u0119 na Australian Open 2025 - POGOTOWIE FLAGOWE\u00ae\" \/>\n<meta property=\"og:description\" content=\"Rozpocz\u0105\u0142 si\u0119 pierwszy w tym roku Wielki Szlem, a Polska b\u0119dzie dobrze reprezentowana w Melbourne. Sze\u015bciu zawodnik\u00f3w \u2013 na czele\" \/>\n<meta property=\"og:url\" content=\"https:\/\/www.pogotowieflagowe.pl\/aktualne\/gwiazdy-polskiego-tenisa-szykuja-sie-na-australian-open-2025\/\" \/>\n<meta property=\"og:site_name\" content=\"POGOTOWIE FLAGOWE\u00ae\" \/>\n<meta property=\"article:published_time\" content=\"2025-01-11T17:52:13+00:00\" \/>\n<meta property=\"article:modified_time\" content=\"2025-01-11T17:52:16+00:00\" \/>\n<meta property=\"og:image\" content=\"https:\/\/www.pogotowieflagowe.pl\/aktualne\/wp-content\/uploads\/2025\/01\/Gwiazdy-polskiego-tenisa-szykuja-sie-na-Australian-Open-2025.jpg\" \/>\n\t<meta property=\"og:image:width\" content=\"1732\" \/>\n\t<meta property=\"og:image:height\" content=\"968\" \/>\n\t<meta property=\"og:image:type\" content=\"image\/jpeg\" \/>\n<meta name=\"author\" content=\"Filip\" \/>\n<meta name=\"twitter:card\" content=\"summary_large_image\" \/>\n<meta name=\"twitter:label1\" content=\"Napisane przez\" \/>\n\t<meta name=\"twitter:data1\" content=\"Filip\" \/>\n\t<meta name=\"twitter:label2\" content=\"Szacowany czas czytania\" \/>\n\t<meta name=\"twitter:data2\" content=\"3 minuty\" \/>\n<script type=\"application\/ld+json\" class=\"yoast-schema-graph\">{\"@context\":\"https:\/\/schema.org\",\"@graph\":[{\"@type\":\"Article\",\"@id\":\"https:\/\/www.pogotowieflagowe.pl\/aktualne\/gwiazdy-polskiego-tenisa-szykuja-sie-na-australian-open-2025\/#article\",\"isPartOf\":{\"@id\":\"https:\/\/www.pogotowieflagowe.pl\/aktualne\/gwiazdy-polskiego-tenisa-szykuja-sie-na-australian-open-2025\/\"},\"author\":{\"name\":\"Filip\",\"@id\":\"https:\/\/www.pogotowieflagowe.pl\/aktualne\/#\/schema\/person\/9c2fb7d2362ebf6fa088960d7f0d27b0\"},\"headline\":\"Gwiazdy polskiego tenisa szykuj\u0105 si\u0119 na Australian Open 2025\",\"datePublished\":\"2025-01-11T17:52:13+00:00\",\"dateModified\":\"2025-01-11T17:52:16+00:00\",\"mainEntityOfPage\":{\"@id\":\"https:\/\/www.pogotowieflagowe.pl\/aktualne\/gwiazdy-polskiego-tenisa-szykuja-sie-na-australian-open-2025\/\"},\"wordCount\":626,\"publisher\":{\"@id\":\"https:\/\/www.pogotowieflagowe.pl\/aktualne\/#organization\"},\"image\":{\"@id\":\"https:\/\/www.pogotowieflagowe.pl\/aktualne\/gwiazdy-polskiego-tenisa-szykuja-sie-na-australian-open-2025\/#primaryimage\"},\"thumbnailUrl\":\"https:\/\/www.pogotowieflagowe.pl\/aktualne\/wp-content\/uploads\/2025\/01\/Gwiazdy-polskiego-tenisa-szykuja-sie-na-Australian-Open-2025.jpg\",\"keywords\":[\"Australian\",\"Gwiazdy\",\"Open\",\"Polskiego\",\"si\u0119\",\"szykuj\u0105\",\"Tenisa\"],\"articleSection\":[\"Lekkoatletyka\"],\"inLanguage\":\"pl-PL\"},{\"@type\":\"WebPage\",\"@id\":\"https:\/\/www.pogotowieflagowe.pl\/aktualne\/gwiazdy-polskiego-tenisa-szykuja-sie-na-australian-open-2025\/\",\"url\":\"https:\/\/www.pogotowieflagowe.pl\/aktualne\/gwiazdy-polskiego-tenisa-szykuja-sie-na-australian-open-2025\/\",\"name\":\"Gwiazdy polskiego tenisa szykuj\u0105 si\u0119 na Australian Open 2025 - POGOTOWIE FLAGOWE\u00ae\",\"isPartOf\":{\"@id\":\"https:\/\/www.pogotowieflagowe.pl\/aktualne\/#website\"},\"primaryImageOfPage\":{\"@id\":\"https:\/\/www.pogotowieflagowe.pl\/aktualne\/gwiazdy-polskiego-tenisa-szykuja-sie-na-australian-open-2025\/#primaryimage\"},\"image\":{\"@id\":\"https:\/\/www.pogotowieflagowe.pl\/aktualne\/gwiazdy-polskiego-tenisa-szykuja-sie-na-australian-open-2025\/#primaryimage\"},\"thumbnailUrl\":\"https:\/\/www.pogotowieflagowe.pl\/aktualne\/wp-content\/uploads\/2025\/01\/Gwiazdy-polskiego-tenisa-szykuja-sie-na-Australian-Open-2025.jpg\",\"datePublished\":\"2025-01-11T17:52:13+00:00\",\"dateModified\":\"2025-01-11T17:52:16+00:00\",\"breadcrumb\":{\"@id\":\"https:\/\/www.pogotowieflagowe.pl\/aktualne\/gwiazdy-polskiego-tenisa-szykuja-sie-na-australian-open-2025\/#breadcrumb\"},\"inLanguage\":\"pl-PL\",\"potentialAction\":[{\"@type\":\"ReadAction\",\"target\":[\"https:\/\/www.pogotowieflagowe.pl\/aktualne\/gwiazdy-polskiego-tenisa-szykuja-sie-na-australian-open-2025\/\"]}]},{\"@type\":\"ImageObject\",\"inLanguage\":\"pl-PL\",\"@id\":\"https:\/\/www.pogotowieflagowe.pl\/aktualne\/gwiazdy-polskiego-tenisa-szykuja-sie-na-australian-open-2025\/#primaryimage\",\"url\":\"https:\/\/www.pogotowieflagowe.pl\/aktualne\/wp-content\/uploads\/2025\/01\/Gwiazdy-polskiego-tenisa-szykuja-sie-na-Australian-Open-2025.jpg\",\"contentUrl\":\"https:\/\/www.pogotowieflagowe.pl\/aktualne\/wp-content\/uploads\/2025\/01\/Gwiazdy-polskiego-tenisa-szykuja-sie-na-Australian-Open-2025.jpg\",\"width\":1732,\"height\":968,\"caption\":\"Gwiazdy polskiego tenisa szykuj\u0105 si\u0119 na Australian Open 2025\"},{\"@type\":\"BreadcrumbList\",\"@id\":\"https:\/\/www.pogotowieflagowe.pl\/aktualne\/gwiazdy-polskiego-tenisa-szykuja-sie-na-australian-open-2025\/#breadcrumb\",\"itemListElement\":[{\"@type\":\"ListItem\",\"position\":1,\"name\":\"Home\",\"item\":\"https:\/\/www.pogotowieflagowe.pl\/aktualne\/\"},{\"@type\":\"ListItem\",\"position\":2,\"name\":\"Gwiazdy polskiego tenisa szykuj\u0105 si\u0119 na Australian Open 2025\"}]},{\"@type\":\"WebSite\",\"@id\":\"https:\/\/www.pogotowieflagowe.pl\/aktualne\/#website\",\"url\":\"https:\/\/www.pogotowieflagowe.pl\/aktualne\/\",\"name\":\"POGOTOWIE FLAGOWE\u00ae\",\"description\":\"\",\"publisher\":{\"@id\":\"https:\/\/www.pogotowieflagowe.pl\/aktualne\/#organization\"},\"potentialAction\":[{\"@type\":\"SearchAction\",\"target\":{\"@type\":\"EntryPoint\",\"urlTemplate\":\"https:\/\/www.pogotowieflagowe.pl\/aktualne\/?s={search_term_string}\"},\"query-input\":\"required name=search_term_string\"}],\"inLanguage\":\"pl-PL\"},{\"@type\":\"Organization\",\"@id\":\"https:\/\/www.pogotowieflagowe.pl\/aktualne\/#organization\",\"name\":\"POGOTOWIE FLAGOWE\u00ae\",\"url\":\"https:\/\/www.pogotowieflagowe.pl\/aktualne\/\",\"logo\":{\"@type\":\"ImageObject\",\"inLanguage\":\"pl-PL\",\"@id\":\"https:\/\/www.pogotowieflagowe.pl\/aktualne\/#\/schema\/logo\/image\/\",\"url\":\"https:\/\/www.pogotowieflagowe.pl\/aktualne\/wp-content\/uploads\/2024\/08\/cropped-pogotowieflagowe_flaga_projekt_sm.jpg\",\"contentUrl\":\"https:\/\/www.pogotowieflagowe.pl\/aktualne\/wp-content\/uploads\/2024\/08\/cropped-pogotowieflagowe_flaga_projekt_sm.jpg\",\"width\":250,\"height\":143,\"caption\":\"POGOTOWIE FLAGOWE\u00ae\"},\"image\":{\"@id\":\"https:\/\/www.pogotowieflagowe.pl\/aktualne\/#\/schema\/logo\/image\/\"}},{\"@type\":\"Person\",\"@id\":\"https:\/\/www.pogotowieflagowe.pl\/aktualne\/#\/schema\/person\/9c2fb7d2362ebf6fa088960d7f0d27b0\",\"name\":\"Filip\",\"image\":{\"@type\":\"ImageObject\",\"inLanguage\":\"pl-PL\",\"@id\":\"https:\/\/www.pogotowieflagowe.pl\/aktualne\/#\/schema\/person\/image\/\",\"url\":\"https:\/\/www.pogotowieflagowe.pl\/aktualne\/wp-content\/uploads\/2024\/08\/pogotowieflagowe.pl_.jpg\",\"contentUrl\":\"https:\/\/www.pogotowieflagowe.pl\/aktualne\/wp-content\/uploads\/2024\/08\/pogotowieflagowe.pl_.jpg\",\"caption\":\"Filip\"},\"description\":\"Jestem Filip, polski dziennikarz z dyplomem nauk politycznych Uniwersytetu Warszawskiego. Rozpoczynaj\u0105c swoj\u0105 karier\u0119 w r\u00f3\u017cnych lokalnych mediach, zdoby\u0142em solidne do\u015bwiadczenie w zakresie \u015bledztwa i redakcji. Obecnie jako redaktor w Pogotowie flagowe, staram si\u0119 dostarcza\u0107 dog\u0142\u0119bne i istotne analizy na temat najwa\u017cniejszych kwestii aktualno\u015bci, \u0142\u0105cz\u0105c rygor z pasj\u0105 dziennikarsk\u0105.\",\"sameAs\":[\"https:\/\/www.pogotowieflagowe.pl\/\"]}]}<\/script>\n<!-- \/ Yoast SEO plugin. -->","yoast_head_json":{"title":"Gwiazdy polskiego tenisa szykuj\u0105 si\u0119 na Australian Open 2025 - POGOTOWIE FLAGOWE\u00ae","robots":{"index":"index","follow":"follow","max-snippet":"max-snippet:-1","max-image-preview":"max-image-preview:large","max-video-preview":"max-video-preview:-1"},"canonical":"https:\/\/www.pogotowieflagowe.pl\/aktualne\/gwiazdy-polskiego-tenisa-szykuja-sie-na-australian-open-2025\/","og_locale":"pl_PL","og_type":"article","og_title":"Gwiazdy polskiego tenisa szykuj\u0105 si\u0119 na Australian Open 2025 - POGOTOWIE FLAGOWE\u00ae","og_description":"Rozpocz\u0105\u0142 si\u0119 pierwszy w tym roku Wielki Szlem, a Polska b\u0119dzie dobrze reprezentowana w Melbourne. Sze\u015bciu zawodnik\u00f3w \u2013 na czele","og_url":"https:\/\/www.pogotowieflagowe.pl\/aktualne\/gwiazdy-polskiego-tenisa-szykuja-sie-na-australian-open-2025\/","og_site_name":"POGOTOWIE FLAGOWE\u00ae","article_published_time":"2025-01-11T17:52:13+00:00","article_modified_time":"2025-01-11T17:52:16+00:00","og_image":[{"width":1732,"height":968,"url":"https:\/\/www.pogotowieflagowe.pl\/aktualne\/wp-content\/uploads\/2025\/01\/Gwiazdy-polskiego-tenisa-szykuja-sie-na-Australian-Open-2025.jpg","type":"image\/jpeg"}],"author":"Filip","twitter_card":"summary_large_image","twitter_misc":{"Napisane przez":"Filip","Szacowany czas czytania":"3 minuty"},"schema":{"@context":"https:\/\/schema.org","@graph":[{"@type":"Article","@id":"https:\/\/www.pogotowieflagowe.pl\/aktualne\/gwiazdy-polskiego-tenisa-szykuja-sie-na-australian-open-2025\/#article","isPartOf":{"@id":"https:\/\/www.pogotowieflagowe.pl\/aktualne\/gwiazdy-polskiego-tenisa-szykuja-sie-na-australian-open-2025\/"},"author":{"name":"Filip","@id":"https:\/\/www.pogotowieflagowe.pl\/aktualne\/#\/schema\/person\/9c2fb7d2362ebf6fa088960d7f0d27b0"},"headline":"Gwiazdy polskiego tenisa szykuj\u0105 si\u0119 na Australian Open 2025","datePublished":"2025-01-11T17:52:13+00:00","dateModified":"2025-01-11T17:52:16+00:00","mainEntityOfPage":{"@id":"https:\/\/www.pogotowieflagowe.pl\/aktualne\/gwiazdy-polskiego-tenisa-szykuja-sie-na-australian-open-2025\/"},"wordCount":626,"publisher":{"@id":"https:\/\/www.pogotowieflagowe.pl\/aktualne\/#organization"},"image":{"@id":"https:\/\/www.pogotowieflagowe.pl\/aktualne\/gwiazdy-polskiego-tenisa-szykuja-sie-na-australian-open-2025\/#primaryimage"},"thumbnailUrl":"https:\/\/www.pogotowieflagowe.pl\/aktualne\/wp-content\/uploads\/2025\/01\/Gwiazdy-polskiego-tenisa-szykuja-sie-na-Australian-Open-2025.jpg","keywords":["Australian","Gwiazdy","Open","Polskiego","si\u0119","szykuj\u0105","Tenisa"],"articleSection":["Lekkoatletyka"],"inLanguage":"pl-PL"},{"@type":"WebPage","@id":"https:\/\/www.pogotowieflagowe.pl\/aktualne\/gwiazdy-polskiego-tenisa-szykuja-sie-na-australian-open-2025\/","url":"https:\/\/www.pogotowieflagowe.pl\/aktualne\/gwiazdy-polskiego-tenisa-szykuja-sie-na-australian-open-2025\/","name":"Gwiazdy polskiego tenisa szykuj\u0105 si\u0119 na Australian Open 2025 - POGOTOWIE FLAGOWE\u00ae","isPartOf":{"@id":"https:\/\/www.pogotowieflagowe.pl\/aktualne\/#website"},"primaryImageOfPage":{"@id":"https:\/\/www.pogotowieflagowe.pl\/aktualne\/gwiazdy-polskiego-tenisa-szykuja-sie-na-australian-open-2025\/#primaryimage"},"image":{"@id":"https:\/\/www.pogotowieflagowe.pl\/aktualne\/gwiazdy-polskiego-tenisa-szykuja-sie-na-australian-open-2025\/#primaryimage"},"thumbnailUrl":"https:\/\/www.pogotowieflagowe.pl\/aktualne\/wp-content\/uploads\/2025\/01\/Gwiazdy-polskiego-tenisa-szykuja-sie-na-Australian-Open-2025.jpg","datePublished":"2025-01-11T17:52:13+00:00","dateModified":"2025-01-11T17:52:16+00:00","breadcrumb":{"@id":"https:\/\/www.pogotowieflagowe.pl\/aktualne\/gwiazdy-polskiego-tenisa-szykuja-sie-na-australian-open-2025\/#breadcrumb"},"inLanguage":"pl-PL","potentialAction":[{"@type":"ReadAction","target":["https:\/\/www.pogotowieflagowe.pl\/aktualne\/gwiazdy-polskiego-tenisa-szykuja-sie-na-australian-open-2025\/"]}]},{"@type":"ImageObject","inLanguage":"pl-PL","@id":"https:\/\/www.pogotowieflagowe.pl\/aktualne\/gwiazdy-polskiego-tenisa-szykuja-sie-na-australian-open-2025\/#primaryimage","url":"https:\/\/www.pogotowieflagowe.pl\/aktualne\/wp-content\/uploads\/2025\/01\/Gwiazdy-polskiego-tenisa-szykuja-sie-na-Australian-Open-2025.jpg","contentUrl":"https:\/\/www.pogotowieflagowe.pl\/aktualne\/wp-content\/uploads\/2025\/01\/Gwiazdy-polskiego-tenisa-szykuja-sie-na-Australian-Open-2025.jpg","width":1732,"height":968,"caption":"Gwiazdy polskiego tenisa szykuj\u0105 si\u0119 na Australian Open 2025"},{"@type":"BreadcrumbList","@id":"https:\/\/www.pogotowieflagowe.pl\/aktualne\/gwiazdy-polskiego-tenisa-szykuja-sie-na-australian-open-2025\/#breadcrumb","itemListElement":[{"@type":"ListItem","position":1,"name":"Home","item":"https:\/\/www.pogotowieflagowe.pl\/aktualne\/"},{"@type":"ListItem","position":2,"name":"Gwiazdy polskiego tenisa szykuj\u0105 si\u0119 na Australian Open 2025"}]},{"@type":"WebSite","@id":"https:\/\/www.pogotowieflagowe.pl\/aktualne\/#website","url":"https:\/\/www.pogotowieflagowe.pl\/aktualne\/","name":"POGOTOWIE FLAGOWE\u00ae","description":"","publisher":{"@id":"https:\/\/www.pogotowieflagowe.pl\/aktualne\/#organization"},"potentialAction":[{"@type":"SearchAction","target":{"@type":"EntryPoint","urlTemplate":"https:\/\/www.pogotowieflagowe.pl\/aktualne\/?s={search_term_string}"},"query-input":"required name=search_term_string"}],"inLanguage":"pl-PL"},{"@type":"Organization","@id":"https:\/\/www.pogotowieflagowe.pl\/aktualne\/#organization","name":"POGOTOWIE FLAGOWE\u00ae","url":"https:\/\/www.pogotowieflagowe.pl\/aktualne\/","logo":{"@type":"ImageObject","inLanguage":"pl-PL","@id":"https:\/\/www.pogotowieflagowe.pl\/aktualne\/#\/schema\/logo\/image\/","url":"https:\/\/www.pogotowieflagowe.pl\/aktualne\/wp-content\/uploads\/2024\/08\/cropped-pogotowieflagowe_flaga_projekt_sm.jpg","contentUrl":"https:\/\/www.pogotowieflagowe.pl\/aktualne\/wp-content\/uploads\/2024\/08\/cropped-pogotowieflagowe_flaga_projekt_sm.jpg","width":250,"height":143,"caption":"POGOTOWIE FLAGOWE\u00ae"},"image":{"@id":"https:\/\/www.pogotowieflagowe.pl\/aktualne\/#\/schema\/logo\/image\/"}},{"@type":"Person","@id":"https:\/\/www.pogotowieflagowe.pl\/aktualne\/#\/schema\/person\/9c2fb7d2362ebf6fa088960d7f0d27b0","name":"Filip","image":{"@type":"ImageObject","inLanguage":"pl-PL","@id":"https:\/\/www.pogotowieflagowe.pl\/aktualne\/#\/schema\/person\/image\/","url":"https:\/\/www.pogotowieflagowe.pl\/aktualne\/wp-content\/uploads\/2024\/08\/pogotowieflagowe.pl_.jpg","contentUrl":"https:\/\/www.pogotowieflagowe.pl\/aktualne\/wp-content\/uploads\/2024\/08\/pogotowieflagowe.pl_.jpg","caption":"Filip"},"description":"Jestem Filip, polski dziennikarz z dyplomem nauk politycznych Uniwersytetu Warszawskiego. Rozpoczynaj\u0105c swoj\u0105 karier\u0119 w r\u00f3\u017cnych lokalnych mediach, zdoby\u0142em solidne do\u015bwiadczenie w zakresie \u015bledztwa i redakcji. Obecnie jako redaktor w Pogotowie flagowe, staram si\u0119 dostarcza\u0107 dog\u0142\u0119bne i istotne analizy na temat najwa\u017cniejszych kwestii aktualno\u015bci, \u0142\u0105cz\u0105c rygor z pasj\u0105 dziennikarsk\u0105.","sameAs":["https:\/\/www.pogotowieflagowe.pl\/"]}]}},"_links":{"self":[{"href":"https:\/\/www.pogotowieflagowe.pl\/aktualne\/wp-json\/wp\/v2\/posts\/3011","targetHints":{"allow":["GET"]}}],"collection":[{"href":"https:\/\/www.pogotowieflagowe.pl\/aktualne\/wp-json\/wp\/v2\/posts"}],"about":[{"href":"https:\/\/www.pogotowieflagowe.pl\/aktualne\/wp-json\/wp\/v2\/types\/post"}],"author":[{"embeddable":true,"href":"https:\/\/www.pogotowieflagowe.pl\/aktualne\/wp-json\/wp\/v2\/users\/1"}],"replies":[{"embeddable":true,"href":"https:\/\/www.pogotowieflagowe.pl\/aktualne\/wp-json\/wp\/v2\/comments?post=3011"}],"version-history":[{"count":1,"href":"https:\/\/www.pogotowieflagowe.pl\/aktualne\/wp-json\/wp\/v2\/posts\/3011\/revisions"}],"predecessor-version":[{"id":3013,"href":"https:\/\/www.pogotowieflagowe.pl\/aktualne\/wp-json\/wp\/v2\/posts\/3011\/revisions\/3013"}],"wp:featuredmedia":[{"embeddable":true,"href":"https:\/\/www.pogotowieflagowe.pl\/aktualne\/wp-json\/wp\/v2\/media\/3012"}],"wp:attachment":[{"href":"https:\/\/www.pogotowieflagowe.pl\/aktualne\/wp-json\/wp\/v2\/media?parent=3011"}],"wp:term":[{"taxonomy":"category","embeddable":true,"href":"https:\/\/www.pogotowieflagowe.pl\/aktualne\/wp-json\/wp\/v2\/categories?post=3011"},{"taxonomy":"post_tag","embeddable":true,"href":"https:\/\/www.pogotowieflagowe.pl\/aktualne\/wp-json\/wp\/v2\/tags?post=3011"}],"curies":[{"name":"wp","href":"https:\/\/api.w.org\/{rel}","templated":true}]}}