{"id":3017,"date":"2025-01-11T23:47:36","date_gmt":"2025-01-11T22:47:36","guid":{"rendered":"https:\/\/www.pogotowieflagowe.pl\/aktualne\/polska-snowboardzistka-aleksandra-krol-walas-zwyciezczynia-zawodow-pucharu-swiata-w-szwajcarii\/"},"modified":"2025-01-11T23:47:39","modified_gmt":"2025-01-11T22:47:39","slug":"polska-snowboardzistka-aleksandra-krol-walas-zwyciezczynia-zawodow-pucharu-swiata-w-szwajcarii","status":"publish","type":"post","link":"https:\/\/www.pogotowieflagowe.pl\/aktualne\/polska-snowboardzistka-aleksandra-krol-walas-zwyciezczynia-zawodow-pucharu-swiata-w-szwajcarii\/","title":{"rendered":"Polska snowboardzistka Aleksandra Kr\u00f3l-Walas zwyci\u0119\u017cczyni\u0105 zawod\u00f3w Pucharu \u015awiata w Szwajcarii"},"content":{"rendered":"\n<div class=\"td_block_wrap tdb_single_content tdi_48 td-pb-border-top td_block_template_8 td-post-content tagdiv-type\" data-td-block-uid=\"tdi_48\">\n<style>.tdi_48{margines-g\u00f3rny:0px!important;margin-bottom:0px!important;dope\u0142nienie-g\u00f3ra:0px!important;dope\u0142nienie-d\u00f3\u0142:0px!important}<\/style>\n<style>.tdb_single_content{margin-bottom:0;*zoom:1}.tdb_single_content:before,.tdb_single_content:after{display:table;content:'';line-height:0}.tdb_single_content:after{clear:both}.tdb_single_content .tdb-block-inner>*:not(.wp-block-quote):not(.alignwide):not(.alignfull.wp-block-cover.has-parallax):not(.td-a-ad) {margin-left:auto;margin-right:auto}.tdb_single_content a{pointer-events:auto}.tdb_single_content .td-spot-id-top_ad .tdc-placeholder-title:before{content:'Article Top Ad'!important}.tdb_single_content .td-spot-id-inline_ad0 .tdc-placeholder-title:before{content:'Article Reklama wbudowana 1'!important}.tdb_single_content .td-spot-id-inline_ad1 .tdc-placeholder-title:before{content:'Article Inline Ad 2'!important}.tdb_single_content .td-spot-id-inline_ad2 .tdc-placeholder-title:before{content:' Reklama wbudowana w artyku\u0142 3'!important}.tdb_single_content .td-spot-id-bottom_ad .tdc-placeholder-title:before{content:'Article Bottom Ad'!important}.tdb_single_content .id_top_ad,.tdb_single_content .id_bottom_ad{clear:both;margin-bottom:21px;text-align:center}.tdb_single_content .id_top_ad img,.tdb_single_content .id_bottom_ad img{margin-bottom:0}.tdb_single_content .id_top_ad .adsbygoogle,.tdb_single_content .id_bottom_ad .adsbygoogle{position:relative}.tdb_single_content .id_ad_content-horiz-left,.tdb_single_content .id_ad_content-horiz-right,.tdb_single_content .id_ad_content-horiz-center{margin-bottom:15px}.tdb_single_content .id_ad_content-horiz-left img,.tdb_single_content .id_ad_content-horiz-right img,.tdb_single_content .id_ad_content-horiz-center img{margin-bottom:0}.tdb_single_content .id_ad_content-horiz-center{text-align:center}.tdb_single_content .id_ad_content-horiz-center img{margin-right:auto;margin-left:auto}.tdb_single_content .id_ad_content-horiz-left{float:left;margin-top:9px;margin-right:21px}.tdb_single_content .id_ad_content-horiz-right{float:right;margin-top:6px;margin-left:21px}.tdb_single_content .tdc-a-ad .tdc-placeholder-title{width:300px;height:250px}.tdb_single_content .tdc-a-ad .tdc-placeholder-title:before{position:absolute;top:50%;-webkit-transform:translateY(-50%);transform:translateY(-50%);margines:auto;display:table;width:100 %}.tdb_single_content .tdb-block-inner.td-fix-index{word-break:break-word}.tdi_48,.tdi_48>p,.tdi_48 .tdb-block-inner>p{font-size:16px!important;line- wysoko\u015b\u0107:1,6!wa\u017cne}.tdi_48 .tdb-block-inner blockquote p{font-style:normal!important}@media (max-width:767px){.tdb_single_content .id_ad_content-horiz-left,.tdb_single_content .id_ad_content-horiz-right,.tdb_single_content .id_ad_content-horiz-center{margin:0 automatyczny 26px auto}}@media (max-width:767px){.tdb_single_content .id_ad_content-horiz-left{margin-right:0}}@media (max-width:767px){.tdb_single_content .id_ad_content-horiz-right{margin -left:0}}@media (max-width:767px){.tdb_single_content .td-a-ad{float:none;text-align:center}.tdb_single_content .td-a-ad img{margin-right:auto;margin-left:auto}. tdb_single_content .tdc-a-ad{float:none}}<\/style>\n<div class=\"tdb-block-inner td-fix-index\">\n<p>Aleksandra Kr\u00f3l-Walas zwyci\u0119\u017cy\u0142a w slalomie gigancie r\u00f3wnoleg\u0142ym podczas Pucharu \u015awiata w Snowboardzie w Scuol w Szwajcarii. Oznacza to drugie zwyci\u0119stwo 34-latki w karierze w Pucharze \u015awiata i umacnia jej pozycj\u0119 lidera w rankingach imprezy.<\/p>\n<p>Kr\u00f3l-Walas w kwalifikacjach przyst\u0105pi\u0142 do rywalizacji z trzecim najszybszym czasem. Nast\u0119pnie pokona\u0142a Amerykank\u0119 Iris Pflum niewielk\u0105 przewag\u0105 0,06 sekundy w 1\/8 fina\u0142u, wyprzedzi\u0142a Austriaczk\u0119 Sabine Payer po upadku w \u0107wier\u0107finale i wyprzedzi\u0142a holendersk\u0105 konkurentk\u0119 Michelle Dekker, kt\u00f3ra nie uko\u0144czy\u0142a zawod\u00f3w, w p\u00f3\u0142finale. W finale zapewni\u0142a sobie zwyci\u0119stwo, pokonuj\u0105c Japonk\u0119 Tsubaki Miki o 0,23 sekundy.<\/p>\n<blockquote class=\"twitter-tweet\">\n<p lang=\"pl\" dir=\"ltr\">To si\u0119 nazywa rado\u015b\u0107! <\/p>\n<p>Aleksandra Kr\u00f3l-Walas po raz drugi w zawodach Pucharu \u015awiata! <a rel=\"nofollow\" href=\"https:\/\/t.co\/JjO3gE9U6n\">pic.twitter.com\/JjO3gE9U6n<\/a><\/p>\n<p>\u2014 TVP SPORT (@sport_tvppl) <a rel=\"nofollow\" href=\"https:\/\/twitter.com\/sport_tvppl\/status\/1878110155029549147?ref_src=twsrc%5Etfw\">11 stycznia 2025 r<\/a><\/p><\/blockquote>\n<p>To podium jest dziewi\u0105tym w karierze Kr\u00f3l-Walii i czwartym w sezonie. Wcze\u015bniej zaj\u0119\u0142a drugie miejsce w trzech konkurencjach organizowanych w Mylin w Chinach oraz w Carezza i Cortina d&#8217;Ampezzo we W\u0142oszech. Jedyne wcze\u015bniejsze zwyci\u0119stwo odnios\u0142a w styczniu 2022 r. w Simonh\u00f6he w Austrii.<\/p>\n<p>Pozostali polscy sportowcy, m.in. Olimpia Kwiatkowska (19.), Weronika Dawidek (26.) i Oskar Kwiatkowski (23.), odpadli w eliminacjach.<\/p>\n<\/div>\n<\/div>\n<p><script async src=\"https:\/\/platform.twitter.com\/widgets.js\" charset=\"utf-8\"><\/script><\/p>\n","protected":false},"excerpt":{"rendered":"<p>Aleksandra Kr\u00f3l-Walas zwyci\u0119\u017cy\u0142a w slalomie gigancie r\u00f3wnoleg\u0142ym podczas Pucharu \u015awiata w Snowboardzie w Scuol w Szwajcarii. Oznacza to drugie zwyci\u0119stwo<\/p>\n","protected":false},"author":1,"featured_media":3018,"comment_status":"closed","ping_status":"","sticky":false,"template":"","format":"standard","meta":{"footnotes":""},"categories":[118],"tags":[4273,4420,4,2282,4419,444,4423,4422,4421],"class_list":["post-3017","post","type-post","status-publish","format-standard","has-post-thumbnail","hentry","category-lekkoatletyka","tag-aleksandra","tag-krolwalas","tag-polska","tag-pucharu","tag-snowboardzistka","tag-swiata","tag-szwajcarii","tag-zawodow","tag-zwyciezczynia","generate-columns","tablet-grid-50","mobile-grid-100","grid-parent","grid-50","resize-featured-image"],"yoast_head":"<!-- This site is optimized with the Yoast SEO plugin v23.2 - https:\/\/yoast.com\/wordpress\/plugins\/seo\/ -->\n<title>Polska snowboardzistka Aleksandra Kr\u00f3l-Walas zwyci\u0119\u017cczyni\u0105 zawod\u00f3w Pucharu \u015awiata w Szwajcarii - POGOTOWIE FLAGOWE\u00ae<\/title>\n<meta name=\"robots\" content=\"index, follow, max-snippet:-1, max-image-preview:large, max-video-preview:-1\" \/>\n<link rel=\"canonical\" href=\"https:\/\/www.pogotowieflagowe.pl\/aktualne\/polska-snowboardzistka-aleksandra-krol-walas-zwyciezczynia-zawodow-pucharu-swiata-w-szwajcarii\/\" \/>\n<meta property=\"og:locale\" content=\"pl_PL\" \/>\n<meta property=\"og:type\" content=\"article\" \/>\n<meta property=\"og:title\" content=\"Polska snowboardzistka Aleksandra Kr\u00f3l-Walas zwyci\u0119\u017cczyni\u0105 zawod\u00f3w Pucharu \u015awiata w Szwajcarii - POGOTOWIE FLAGOWE\u00ae\" \/>\n<meta property=\"og:description\" content=\"Aleksandra Kr\u00f3l-Walas zwyci\u0119\u017cy\u0142a w slalomie gigancie r\u00f3wnoleg\u0142ym podczas Pucharu \u015awiata w Snowboardzie w Scuol w Szwajcarii. Oznacza to drugie zwyci\u0119stwo\" \/>\n<meta property=\"og:url\" content=\"https:\/\/www.pogotowieflagowe.pl\/aktualne\/polska-snowboardzistka-aleksandra-krol-walas-zwyciezczynia-zawodow-pucharu-swiata-w-szwajcarii\/\" \/>\n<meta property=\"og:site_name\" content=\"POGOTOWIE FLAGOWE\u00ae\" \/>\n<meta property=\"article:published_time\" content=\"2025-01-11T22:47:36+00:00\" \/>\n<meta property=\"article:modified_time\" content=\"2025-01-11T22:47:39+00:00\" \/>\n<meta property=\"og:image\" content=\"https:\/\/www.pogotowieflagowe.pl\/aktualne\/wp-content\/uploads\/2025\/01\/Polska-snowboardzistka-Aleksandra-Krol-Walas-zwyciezczynia-zawodow-Pucharu-Swiata-w-Szwajcarii.jpg\" \/>\n\t<meta property=\"og:image:width\" content=\"1600\" \/>\n\t<meta property=\"og:image:height\" content=\"1012\" \/>\n\t<meta property=\"og:image:type\" content=\"image\/jpeg\" \/>\n<meta name=\"author\" content=\"Filip\" \/>\n<meta name=\"twitter:card\" content=\"summary_large_image\" \/>\n<meta name=\"twitter:label1\" content=\"Napisane przez\" \/>\n\t<meta name=\"twitter:data1\" content=\"Filip\" \/>\n\t<meta name=\"twitter:label2\" content=\"Szacowany czas czytania\" \/>\n\t<meta name=\"twitter:data2\" content=\"1 minuta\" \/>\n<script type=\"application\/ld+json\" class=\"yoast-schema-graph\">{\"@context\":\"https:\/\/schema.org\",\"@graph\":[{\"@type\":\"Article\",\"@id\":\"https:\/\/www.pogotowieflagowe.pl\/aktualne\/polska-snowboardzistka-aleksandra-krol-walas-zwyciezczynia-zawodow-pucharu-swiata-w-szwajcarii\/#article\",\"isPartOf\":{\"@id\":\"https:\/\/www.pogotowieflagowe.pl\/aktualne\/polska-snowboardzistka-aleksandra-krol-walas-zwyciezczynia-zawodow-pucharu-swiata-w-szwajcarii\/\"},\"author\":{\"name\":\"Filip\",\"@id\":\"https:\/\/www.pogotowieflagowe.pl\/aktualne\/#\/schema\/person\/9c2fb7d2362ebf6fa088960d7f0d27b0\"},\"headline\":\"Polska snowboardzistka Aleksandra Kr\u00f3l-Walas zwyci\u0119\u017cczyni\u0105 zawod\u00f3w Pucharu \u015awiata w Szwajcarii\",\"datePublished\":\"2025-01-11T22:47:36+00:00\",\"dateModified\":\"2025-01-11T22:47:39+00:00\",\"mainEntityOfPage\":{\"@id\":\"https:\/\/www.pogotowieflagowe.pl\/aktualne\/polska-snowboardzistka-aleksandra-krol-walas-zwyciezczynia-zawodow-pucharu-swiata-w-szwajcarii\/\"},\"wordCount\":214,\"publisher\":{\"@id\":\"https:\/\/www.pogotowieflagowe.pl\/aktualne\/#organization\"},\"image\":{\"@id\":\"https:\/\/www.pogotowieflagowe.pl\/aktualne\/polska-snowboardzistka-aleksandra-krol-walas-zwyciezczynia-zawodow-pucharu-swiata-w-szwajcarii\/#primaryimage\"},\"thumbnailUrl\":\"https:\/\/www.pogotowieflagowe.pl\/aktualne\/wp-content\/uploads\/2025\/01\/Polska-snowboardzistka-Aleksandra-Krol-Walas-zwyciezczynia-zawodow-Pucharu-Swiata-w-Szwajcarii.jpg\",\"keywords\":[\"Aleksandra\",\"Kr\u00f3lWalas\",\"polska\",\"Pucharu\",\"snowboardzistka\",\"\u015awiata\",\"Szwajcarii\",\"zawod\u00f3w\",\"zwyci\u0119\u017cczyni\u0105\"],\"articleSection\":[\"Lekkoatletyka\"],\"inLanguage\":\"pl-PL\"},{\"@type\":\"WebPage\",\"@id\":\"https:\/\/www.pogotowieflagowe.pl\/aktualne\/polska-snowboardzistka-aleksandra-krol-walas-zwyciezczynia-zawodow-pucharu-swiata-w-szwajcarii\/\",\"url\":\"https:\/\/www.pogotowieflagowe.pl\/aktualne\/polska-snowboardzistka-aleksandra-krol-walas-zwyciezczynia-zawodow-pucharu-swiata-w-szwajcarii\/\",\"name\":\"Polska snowboardzistka Aleksandra Kr\u00f3l-Walas zwyci\u0119\u017cczyni\u0105 zawod\u00f3w Pucharu \u015awiata w Szwajcarii - POGOTOWIE FLAGOWE\u00ae\",\"isPartOf\":{\"@id\":\"https:\/\/www.pogotowieflagowe.pl\/aktualne\/#website\"},\"primaryImageOfPage\":{\"@id\":\"https:\/\/www.pogotowieflagowe.pl\/aktualne\/polska-snowboardzistka-aleksandra-krol-walas-zwyciezczynia-zawodow-pucharu-swiata-w-szwajcarii\/#primaryimage\"},\"image\":{\"@id\":\"https:\/\/www.pogotowieflagowe.pl\/aktualne\/polska-snowboardzistka-aleksandra-krol-walas-zwyciezczynia-zawodow-pucharu-swiata-w-szwajcarii\/#primaryimage\"},\"thumbnailUrl\":\"https:\/\/www.pogotowieflagowe.pl\/aktualne\/wp-content\/uploads\/2025\/01\/Polska-snowboardzistka-Aleksandra-Krol-Walas-zwyciezczynia-zawodow-Pucharu-Swiata-w-Szwajcarii.jpg\",\"datePublished\":\"2025-01-11T22:47:36+00:00\",\"dateModified\":\"2025-01-11T22:47:39+00:00\",\"breadcrumb\":{\"@id\":\"https:\/\/www.pogotowieflagowe.pl\/aktualne\/polska-snowboardzistka-aleksandra-krol-walas-zwyciezczynia-zawodow-pucharu-swiata-w-szwajcarii\/#breadcrumb\"},\"inLanguage\":\"pl-PL\",\"potentialAction\":[{\"@type\":\"ReadAction\",\"target\":[\"https:\/\/www.pogotowieflagowe.pl\/aktualne\/polska-snowboardzistka-aleksandra-krol-walas-zwyciezczynia-zawodow-pucharu-swiata-w-szwajcarii\/\"]}]},{\"@type\":\"ImageObject\",\"inLanguage\":\"pl-PL\",\"@id\":\"https:\/\/www.pogotowieflagowe.pl\/aktualne\/polska-snowboardzistka-aleksandra-krol-walas-zwyciezczynia-zawodow-pucharu-swiata-w-szwajcarii\/#primaryimage\",\"url\":\"https:\/\/www.pogotowieflagowe.pl\/aktualne\/wp-content\/uploads\/2025\/01\/Polska-snowboardzistka-Aleksandra-Krol-Walas-zwyciezczynia-zawodow-Pucharu-Swiata-w-Szwajcarii.jpg\",\"contentUrl\":\"https:\/\/www.pogotowieflagowe.pl\/aktualne\/wp-content\/uploads\/2025\/01\/Polska-snowboardzistka-Aleksandra-Krol-Walas-zwyciezczynia-zawodow-Pucharu-Swiata-w-Szwajcarii.jpg\",\"width\":1600,\"height\":1012,\"caption\":\"Polska snowboardzistka Aleksandra Kr\u00f3l-Walas zwyci\u0119\u017cczyni\u0105 zawod\u00f3w Pucharu \u015awiata w Szwajcarii\"},{\"@type\":\"BreadcrumbList\",\"@id\":\"https:\/\/www.pogotowieflagowe.pl\/aktualne\/polska-snowboardzistka-aleksandra-krol-walas-zwyciezczynia-zawodow-pucharu-swiata-w-szwajcarii\/#breadcrumb\",\"itemListElement\":[{\"@type\":\"ListItem\",\"position\":1,\"name\":\"Home\",\"item\":\"https:\/\/www.pogotowieflagowe.pl\/aktualne\/\"},{\"@type\":\"ListItem\",\"position\":2,\"name\":\"Polska snowboardzistka Aleksandra Kr\u00f3l-Walas zwyci\u0119\u017cczyni\u0105 zawod\u00f3w Pucharu \u015awiata w Szwajcarii\"}]},{\"@type\":\"WebSite\",\"@id\":\"https:\/\/www.pogotowieflagowe.pl\/aktualne\/#website\",\"url\":\"https:\/\/www.pogotowieflagowe.pl\/aktualne\/\",\"name\":\"POGOTOWIE FLAGOWE\u00ae\",\"description\":\"\",\"publisher\":{\"@id\":\"https:\/\/www.pogotowieflagowe.pl\/aktualne\/#organization\"},\"potentialAction\":[{\"@type\":\"SearchAction\",\"target\":{\"@type\":\"EntryPoint\",\"urlTemplate\":\"https:\/\/www.pogotowieflagowe.pl\/aktualne\/?s={search_term_string}\"},\"query-input\":\"required name=search_term_string\"}],\"inLanguage\":\"pl-PL\"},{\"@type\":\"Organization\",\"@id\":\"https:\/\/www.pogotowieflagowe.pl\/aktualne\/#organization\",\"name\":\"POGOTOWIE FLAGOWE\u00ae\",\"url\":\"https:\/\/www.pogotowieflagowe.pl\/aktualne\/\",\"logo\":{\"@type\":\"ImageObject\",\"inLanguage\":\"pl-PL\",\"@id\":\"https:\/\/www.pogotowieflagowe.pl\/aktualne\/#\/schema\/logo\/image\/\",\"url\":\"https:\/\/www.pogotowieflagowe.pl\/aktualne\/wp-content\/uploads\/2024\/08\/cropped-pogotowieflagowe_flaga_projekt_sm.jpg\",\"contentUrl\":\"https:\/\/www.pogotowieflagowe.pl\/aktualne\/wp-content\/uploads\/2024\/08\/cropped-pogotowieflagowe_flaga_projekt_sm.jpg\",\"width\":250,\"height\":143,\"caption\":\"POGOTOWIE FLAGOWE\u00ae\"},\"image\":{\"@id\":\"https:\/\/www.pogotowieflagowe.pl\/aktualne\/#\/schema\/logo\/image\/\"}},{\"@type\":\"Person\",\"@id\":\"https:\/\/www.pogotowieflagowe.pl\/aktualne\/#\/schema\/person\/9c2fb7d2362ebf6fa088960d7f0d27b0\",\"name\":\"Filip\",\"image\":{\"@type\":\"ImageObject\",\"inLanguage\":\"pl-PL\",\"@id\":\"https:\/\/www.pogotowieflagowe.pl\/aktualne\/#\/schema\/person\/image\/\",\"url\":\"https:\/\/www.pogotowieflagowe.pl\/aktualne\/wp-content\/uploads\/2024\/08\/pogotowieflagowe.pl_.jpg\",\"contentUrl\":\"https:\/\/www.pogotowieflagowe.pl\/aktualne\/wp-content\/uploads\/2024\/08\/pogotowieflagowe.pl_.jpg\",\"caption\":\"Filip\"},\"description\":\"Jestem Filip, polski dziennikarz z dyplomem nauk politycznych Uniwersytetu Warszawskiego. Rozpoczynaj\u0105c swoj\u0105 karier\u0119 w r\u00f3\u017cnych lokalnych mediach, zdoby\u0142em solidne do\u015bwiadczenie w zakresie \u015bledztwa i redakcji. Obecnie jako redaktor w Pogotowie flagowe, staram si\u0119 dostarcza\u0107 dog\u0142\u0119bne i istotne analizy na temat najwa\u017cniejszych kwestii aktualno\u015bci, \u0142\u0105cz\u0105c rygor z pasj\u0105 dziennikarsk\u0105.\",\"sameAs\":[\"https:\/\/www.pogotowieflagowe.pl\/\"]}]}<\/script>\n<!-- \/ Yoast SEO plugin. -->","yoast_head_json":{"title":"Polska snowboardzistka Aleksandra Kr\u00f3l-Walas zwyci\u0119\u017cczyni\u0105 zawod\u00f3w Pucharu \u015awiata w Szwajcarii - POGOTOWIE FLAGOWE\u00ae","robots":{"index":"index","follow":"follow","max-snippet":"max-snippet:-1","max-image-preview":"max-image-preview:large","max-video-preview":"max-video-preview:-1"},"canonical":"https:\/\/www.pogotowieflagowe.pl\/aktualne\/polska-snowboardzistka-aleksandra-krol-walas-zwyciezczynia-zawodow-pucharu-swiata-w-szwajcarii\/","og_locale":"pl_PL","og_type":"article","og_title":"Polska snowboardzistka Aleksandra Kr\u00f3l-Walas zwyci\u0119\u017cczyni\u0105 zawod\u00f3w Pucharu \u015awiata w Szwajcarii - POGOTOWIE FLAGOWE\u00ae","og_description":"Aleksandra Kr\u00f3l-Walas zwyci\u0119\u017cy\u0142a w slalomie gigancie r\u00f3wnoleg\u0142ym podczas Pucharu \u015awiata w Snowboardzie w Scuol w Szwajcarii. Oznacza to drugie zwyci\u0119stwo","og_url":"https:\/\/www.pogotowieflagowe.pl\/aktualne\/polska-snowboardzistka-aleksandra-krol-walas-zwyciezczynia-zawodow-pucharu-swiata-w-szwajcarii\/","og_site_name":"POGOTOWIE FLAGOWE\u00ae","article_published_time":"2025-01-11T22:47:36+00:00","article_modified_time":"2025-01-11T22:47:39+00:00","og_image":[{"width":1600,"height":1012,"url":"https:\/\/www.pogotowieflagowe.pl\/aktualne\/wp-content\/uploads\/2025\/01\/Polska-snowboardzistka-Aleksandra-Krol-Walas-zwyciezczynia-zawodow-Pucharu-Swiata-w-Szwajcarii.jpg","type":"image\/jpeg"}],"author":"Filip","twitter_card":"summary_large_image","twitter_misc":{"Napisane przez":"Filip","Szacowany czas czytania":"1 minuta"},"schema":{"@context":"https:\/\/schema.org","@graph":[{"@type":"Article","@id":"https:\/\/www.pogotowieflagowe.pl\/aktualne\/polska-snowboardzistka-aleksandra-krol-walas-zwyciezczynia-zawodow-pucharu-swiata-w-szwajcarii\/#article","isPartOf":{"@id":"https:\/\/www.pogotowieflagowe.pl\/aktualne\/polska-snowboardzistka-aleksandra-krol-walas-zwyciezczynia-zawodow-pucharu-swiata-w-szwajcarii\/"},"author":{"name":"Filip","@id":"https:\/\/www.pogotowieflagowe.pl\/aktualne\/#\/schema\/person\/9c2fb7d2362ebf6fa088960d7f0d27b0"},"headline":"Polska snowboardzistka Aleksandra Kr\u00f3l-Walas zwyci\u0119\u017cczyni\u0105 zawod\u00f3w Pucharu \u015awiata w Szwajcarii","datePublished":"2025-01-11T22:47:36+00:00","dateModified":"2025-01-11T22:47:39+00:00","mainEntityOfPage":{"@id":"https:\/\/www.pogotowieflagowe.pl\/aktualne\/polska-snowboardzistka-aleksandra-krol-walas-zwyciezczynia-zawodow-pucharu-swiata-w-szwajcarii\/"},"wordCount":214,"publisher":{"@id":"https:\/\/www.pogotowieflagowe.pl\/aktualne\/#organization"},"image":{"@id":"https:\/\/www.pogotowieflagowe.pl\/aktualne\/polska-snowboardzistka-aleksandra-krol-walas-zwyciezczynia-zawodow-pucharu-swiata-w-szwajcarii\/#primaryimage"},"thumbnailUrl":"https:\/\/www.pogotowieflagowe.pl\/aktualne\/wp-content\/uploads\/2025\/01\/Polska-snowboardzistka-Aleksandra-Krol-Walas-zwyciezczynia-zawodow-Pucharu-Swiata-w-Szwajcarii.jpg","keywords":["Aleksandra","Kr\u00f3lWalas","polska","Pucharu","snowboardzistka","\u015awiata","Szwajcarii","zawod\u00f3w","zwyci\u0119\u017cczyni\u0105"],"articleSection":["Lekkoatletyka"],"inLanguage":"pl-PL"},{"@type":"WebPage","@id":"https:\/\/www.pogotowieflagowe.pl\/aktualne\/polska-snowboardzistka-aleksandra-krol-walas-zwyciezczynia-zawodow-pucharu-swiata-w-szwajcarii\/","url":"https:\/\/www.pogotowieflagowe.pl\/aktualne\/polska-snowboardzistka-aleksandra-krol-walas-zwyciezczynia-zawodow-pucharu-swiata-w-szwajcarii\/","name":"Polska snowboardzistka Aleksandra Kr\u00f3l-Walas zwyci\u0119\u017cczyni\u0105 zawod\u00f3w Pucharu \u015awiata w Szwajcarii - POGOTOWIE FLAGOWE\u00ae","isPartOf":{"@id":"https:\/\/www.pogotowieflagowe.pl\/aktualne\/#website"},"primaryImageOfPage":{"@id":"https:\/\/www.pogotowieflagowe.pl\/aktualne\/polska-snowboardzistka-aleksandra-krol-walas-zwyciezczynia-zawodow-pucharu-swiata-w-szwajcarii\/#primaryimage"},"image":{"@id":"https:\/\/www.pogotowieflagowe.pl\/aktualne\/polska-snowboardzistka-aleksandra-krol-walas-zwyciezczynia-zawodow-pucharu-swiata-w-szwajcarii\/#primaryimage"},"thumbnailUrl":"https:\/\/www.pogotowieflagowe.pl\/aktualne\/wp-content\/uploads\/2025\/01\/Polska-snowboardzistka-Aleksandra-Krol-Walas-zwyciezczynia-zawodow-Pucharu-Swiata-w-Szwajcarii.jpg","datePublished":"2025-01-11T22:47:36+00:00","dateModified":"2025-01-11T22:47:39+00:00","breadcrumb":{"@id":"https:\/\/www.pogotowieflagowe.pl\/aktualne\/polska-snowboardzistka-aleksandra-krol-walas-zwyciezczynia-zawodow-pucharu-swiata-w-szwajcarii\/#breadcrumb"},"inLanguage":"pl-PL","potentialAction":[{"@type":"ReadAction","target":["https:\/\/www.pogotowieflagowe.pl\/aktualne\/polska-snowboardzistka-aleksandra-krol-walas-zwyciezczynia-zawodow-pucharu-swiata-w-szwajcarii\/"]}]},{"@type":"ImageObject","inLanguage":"pl-PL","@id":"https:\/\/www.pogotowieflagowe.pl\/aktualne\/polska-snowboardzistka-aleksandra-krol-walas-zwyciezczynia-zawodow-pucharu-swiata-w-szwajcarii\/#primaryimage","url":"https:\/\/www.pogotowieflagowe.pl\/aktualne\/wp-content\/uploads\/2025\/01\/Polska-snowboardzistka-Aleksandra-Krol-Walas-zwyciezczynia-zawodow-Pucharu-Swiata-w-Szwajcarii.jpg","contentUrl":"https:\/\/www.pogotowieflagowe.pl\/aktualne\/wp-content\/uploads\/2025\/01\/Polska-snowboardzistka-Aleksandra-Krol-Walas-zwyciezczynia-zawodow-Pucharu-Swiata-w-Szwajcarii.jpg","width":1600,"height":1012,"caption":"Polska snowboardzistka Aleksandra Kr\u00f3l-Walas zwyci\u0119\u017cczyni\u0105 zawod\u00f3w Pucharu \u015awiata w Szwajcarii"},{"@type":"BreadcrumbList","@id":"https:\/\/www.pogotowieflagowe.pl\/aktualne\/polska-snowboardzistka-aleksandra-krol-walas-zwyciezczynia-zawodow-pucharu-swiata-w-szwajcarii\/#breadcrumb","itemListElement":[{"@type":"ListItem","position":1,"name":"Home","item":"https:\/\/www.pogotowieflagowe.pl\/aktualne\/"},{"@type":"ListItem","position":2,"name":"Polska snowboardzistka Aleksandra Kr\u00f3l-Walas zwyci\u0119\u017cczyni\u0105 zawod\u00f3w Pucharu \u015awiata w Szwajcarii"}]},{"@type":"WebSite","@id":"https:\/\/www.pogotowieflagowe.pl\/aktualne\/#website","url":"https:\/\/www.pogotowieflagowe.pl\/aktualne\/","name":"POGOTOWIE FLAGOWE\u00ae","description":"","publisher":{"@id":"https:\/\/www.pogotowieflagowe.pl\/aktualne\/#organization"},"potentialAction":[{"@type":"SearchAction","target":{"@type":"EntryPoint","urlTemplate":"https:\/\/www.pogotowieflagowe.pl\/aktualne\/?s={search_term_string}"},"query-input":"required name=search_term_string"}],"inLanguage":"pl-PL"},{"@type":"Organization","@id":"https:\/\/www.pogotowieflagowe.pl\/aktualne\/#organization","name":"POGOTOWIE FLAGOWE\u00ae","url":"https:\/\/www.pogotowieflagowe.pl\/aktualne\/","logo":{"@type":"ImageObject","inLanguage":"pl-PL","@id":"https:\/\/www.pogotowieflagowe.pl\/aktualne\/#\/schema\/logo\/image\/","url":"https:\/\/www.pogotowieflagowe.pl\/aktualne\/wp-content\/uploads\/2024\/08\/cropped-pogotowieflagowe_flaga_projekt_sm.jpg","contentUrl":"https:\/\/www.pogotowieflagowe.pl\/aktualne\/wp-content\/uploads\/2024\/08\/cropped-pogotowieflagowe_flaga_projekt_sm.jpg","width":250,"height":143,"caption":"POGOTOWIE FLAGOWE\u00ae"},"image":{"@id":"https:\/\/www.pogotowieflagowe.pl\/aktualne\/#\/schema\/logo\/image\/"}},{"@type":"Person","@id":"https:\/\/www.pogotowieflagowe.pl\/aktualne\/#\/schema\/person\/9c2fb7d2362ebf6fa088960d7f0d27b0","name":"Filip","image":{"@type":"ImageObject","inLanguage":"pl-PL","@id":"https:\/\/www.pogotowieflagowe.pl\/aktualne\/#\/schema\/person\/image\/","url":"https:\/\/www.pogotowieflagowe.pl\/aktualne\/wp-content\/uploads\/2024\/08\/pogotowieflagowe.pl_.jpg","contentUrl":"https:\/\/www.pogotowieflagowe.pl\/aktualne\/wp-content\/uploads\/2024\/08\/pogotowieflagowe.pl_.jpg","caption":"Filip"},"description":"Jestem Filip, polski dziennikarz z dyplomem nauk politycznych Uniwersytetu Warszawskiego. Rozpoczynaj\u0105c swoj\u0105 karier\u0119 w r\u00f3\u017cnych lokalnych mediach, zdoby\u0142em solidne do\u015bwiadczenie w zakresie \u015bledztwa i redakcji. Obecnie jako redaktor w Pogotowie flagowe, staram si\u0119 dostarcza\u0107 dog\u0142\u0119bne i istotne analizy na temat najwa\u017cniejszych kwestii aktualno\u015bci, \u0142\u0105cz\u0105c rygor z pasj\u0105 dziennikarsk\u0105.","sameAs":["https:\/\/www.pogotowieflagowe.pl\/"]}]}},"_links":{"self":[{"href":"https:\/\/www.pogotowieflagowe.pl\/aktualne\/wp-json\/wp\/v2\/posts\/3017","targetHints":{"allow":["GET"]}}],"collection":[{"href":"https:\/\/www.pogotowieflagowe.pl\/aktualne\/wp-json\/wp\/v2\/posts"}],"about":[{"href":"https:\/\/www.pogotowieflagowe.pl\/aktualne\/wp-json\/wp\/v2\/types\/post"}],"author":[{"embeddable":true,"href":"https:\/\/www.pogotowieflagowe.pl\/aktualne\/wp-json\/wp\/v2\/users\/1"}],"replies":[{"embeddable":true,"href":"https:\/\/www.pogotowieflagowe.pl\/aktualne\/wp-json\/wp\/v2\/comments?post=3017"}],"version-history":[{"count":1,"href":"https:\/\/www.pogotowieflagowe.pl\/aktualne\/wp-json\/wp\/v2\/posts\/3017\/revisions"}],"predecessor-version":[{"id":3019,"href":"https:\/\/www.pogotowieflagowe.pl\/aktualne\/wp-json\/wp\/v2\/posts\/3017\/revisions\/3019"}],"wp:featuredmedia":[{"embeddable":true,"href":"https:\/\/www.pogotowieflagowe.pl\/aktualne\/wp-json\/wp\/v2\/media\/3018"}],"wp:attachment":[{"href":"https:\/\/www.pogotowieflagowe.pl\/aktualne\/wp-json\/wp\/v2\/media?parent=3017"}],"wp:term":[{"taxonomy":"category","embeddable":true,"href":"https:\/\/www.pogotowieflagowe.pl\/aktualne\/wp-json\/wp\/v2\/categories?post=3017"},{"taxonomy":"post_tag","embeddable":true,"href":"https:\/\/www.pogotowieflagowe.pl\/aktualne\/wp-json\/wp\/v2\/tags?post=3017"}],"curies":[{"name":"wp","href":"https:\/\/api.w.org\/{rel}","templated":true}]}}