{"id":3020,"date":"2025-01-12T03:47:11","date_gmt":"2025-01-12T02:47:11","guid":{"rendered":"https:\/\/www.pogotowieflagowe.pl\/aktualne\/wybucha-skandal-w-zwiazku-z-zagubionymi-kopalniami-w-polsce-oburzenie-prawodawcow\/"},"modified":"2025-01-12T03:47:15","modified_gmt":"2025-01-12T02:47:15","slug":"wybucha-skandal-w-zwiazku-z-zagubionymi-kopalniami-w-polsce-oburzenie-prawodawcow","status":"publish","type":"post","link":"https:\/\/www.pogotowieflagowe.pl\/aktualne\/wybucha-skandal-w-zwiazku-z-zagubionymi-kopalniami-w-polsce-oburzenie-prawodawcow\/","title":{"rendered":"Wybucha skandal w zwi\u0105zku z zagubionymi kopalniami w Polsce: oburzenie prawodawc\u00f3w"},"content":{"rendered":"\n<div class=\"td_block_wrap tdb_single_content tdi_48 td-pb-border-top td_block_template_8 td-post-content tagdiv-type\" data-td-block-uid=\"tdi_48\">\n<style>.tdi_48{margines-g\u00f3rny:0px!important;margin-bottom:0px!important;dope\u0142nienie-g\u00f3ra:0px!important;dope\u0142nienie-d\u00f3\u0142:0px!important}<\/style>\n<style>.tdb_single_content{margin-bottom:0;*zoom:1}.tdb_single_content:before,.tdb_single_content:after{display:table;content:'';line-height:0}.tdb_single_content:after{clear:both}.tdb_single_content .tdb-block-inner>*:not(.wp-block-quote):not(.alignwide):not(.alignfull.wp-block-cover.has-parallax):not(.td-a-ad) {margin-left:auto;margin-right:auto}.tdb_single_content a{pointer-events:auto}.tdb_single_content .td-spot-id-top_ad .tdc-placeholder-title:before{content:'Article Top Ad'!important}.tdb_single_content .td-spot-id-inline_ad0 .tdc-placeholder-title:before{content:'Article Reklama wbudowana 1'!important}.tdb_single_content .td-spot-id-inline_ad1 .tdc-placeholder-title:before{content:'Article Inline Ad 2'!important}.tdb_single_content .td-spot-id-inline_ad2 .tdc-placeholder-title:before{content:' Reklama wbudowana w artyku\u0142 3'!important}.tdb_single_content .td-spot-id-bottom_ad .tdc-placeholder-title:before{content:'Article Bottom Ad'!important}.tdb_single_content .id_top_ad,.tdb_single_content .id_bottom_ad{clear:both;margin-bottom:21px;text-align:center}.tdb_single_content .id_top_ad img,.tdb_single_content .id_bottom_ad img{margin-bottom:0}.tdb_single_content .id_top_ad .adsbygoogle,.tdb_single_content .id_bottom_ad .adsbygoogle{position:relative}.tdb_single_content .id_ad_content-horiz-left,.tdb_single_content .id_ad_content-horiz-right,.tdb_single_content .id_ad_content-horiz-center{margin-bottom:15px}.tdb_single_content .id_ad_content-horiz-left img,.tdb_single_content .id_ad_content-horiz-right img,.tdb_single_content .id_ad_content-horiz-center img{margin-bottom:0}.tdb_single_content .id_ad_content-horiz-center{text-align:center}.tdb_single_content .id_ad_content-horiz-center img{margin-right:auto;margin-left:auto}.tdb_single_content .id_ad_content-horiz-left{float:left;margin-top:9px;margin-right:21px}.tdb_single_content .id_ad_content-horiz-right{float:right;margin-top:6px;margin-left:21px}.tdb_single_content .tdc-a-ad .tdc-placeholder-title{width:300px;height:250px}.tdb_single_content .tdc-a-ad .tdc-placeholder-title:before{position:absolute;top:50%;-webkit-transform:translateY(-50%);transform:translateY(-50%);margines:auto;display:table;width:100 %}.tdb_single_content .tdb-block-inner.td-fix-index{word-break:break-word}.tdi_48,.tdi_48>p,.tdi_48 .tdb-block-inner>p{font-size:16px!important;line- wysoko\u015b\u0107:1,6!wa\u017cne}.tdi_48 .tdb-block-inner blockquote p{font-style:normal!important}@media (max-width:767px){.tdb_single_content .id_ad_content-horiz-left,.tdb_single_content .id_ad_content-horiz-right,.tdb_single_content .id_ad_content-horiz-center{margin:0 automatyczny 26px auto}}@media (max-width:767px){.tdb_single_content .id_ad_content-horiz-left{margin-right:0}}@media (max-width:767px){.tdb_single_content .id_ad_content-horiz-right{margin -left:0}}@media (max-width:767px){.tdb_single_content .td-a-ad{float:none;text-align:center}.tdb_single_content .td-a-ad img{margin-right:auto;margin-left:auto}. tdb_single_content .tdc-a-ad{float:none}}<\/style>\n<div class=\"tdb-block-inner td-fix-index\">\n<p>Szokuj\u0105cy b\u0142\u0105d w logistyce wojskowej wzbudzi\u0142 w\u015br\u00f3d polskich legislator\u00f3w i obywateli g\u0142\u0119bokie zaniepokojenie bezpiecze\u0144stwem narodowym po ujawnieniu, \u017ce 200 min przeciwpancernych o masie ponad 2,2 tony podr\u00f3\u017cowa\u0142o po kraju przez 11 dni w niezabezpieczonym cywilnym wagonie kolejowym. Incydent wywo\u0142a\u0142 oburzenie, a oskar\u017cenia o zaniedbania i z\u0142e zarz\u0105dzanie skierowano pod adresem w\u0142adz wojskowych i rz\u0105du.<\/p>\n<p>Kontrowersje rozpocz\u0119\u0142y si\u0119 w lipcu ubieg\u0142ego roku, kiedy z Hajn\u00f3wki we wschodniej Polsce odjecha\u0142 poci\u0105g z minami przeciwpancernymi, kieruj\u0105c si\u0119 do Most\u00f3w pod Szczecinem na zachodzie. Pomimo dotarcia do miejsca przeznaczenia 4 lipca, miny zosta\u0142y nieprawid\u0142owo obs\u0142u\u017cone podczas roz\u0142adunku przez nieprzeszkolony personel i tymczasowo pozostawiono je ods\u0142oni\u0119te na rampie. Kilka dni p\u00f3\u017aniej odkryto, \u017ce brakuje pi\u0119ciu palet min.<\/p>\n<p>Po intensywnych poszukiwaniach zaginiony wagon odnaleziono z dala od planowanej lokalizacji \u2013 zaparkowany w magazynie meblowym niedaleko Orli, ma\u0142ego miasteczka w p\u00f3\u0142nocno-wschodniej Polsce. Odkrycie 200 zagubionych min przemieszczaj\u0105cych si\u0119 przez obszary cywilne bez odpowiedniego zabezpieczenia zrodzi\u0142o powa\u017cne pytania dotycz\u0105ce nadzoru wojskowego i bezpiecze\u0144stwa narodowego.<\/p>\n<h3 class=\"wp-block-heading\"><strong>\u201eBezprecedensowe wydarzenie w historii NATO\u201d<\/strong><\/h3>\n<p>Podczas konferencji prasowej pos\u0142owie PiS Andrzej \u015aliwka i Zbigniew Bogucki pot\u0119pili incydent jako \u201eskandaliczny\u201d i \u201ebezprecedensowy\u201d. \u015aliwka skrytykowa\u0142 kierownictwo SKW pod dow\u00f3dztwem gen. Str\u00f3\u017cyka, zarzucaj\u0105c mu skupianie si\u0119 na programach politycznych, a nie na krytycznych \u015brodkach bezpiecze\u0144stwa.<\/p>\n<p>\u201eTo sytuacja, kt\u00f3ra zagra\u017ca \u017cyciu niezliczonej liczby os\u00f3b. Takie zdarzenia nigdy nie mia\u0142y miejsca w innych krajach i nie powinny mie\u0107 miejsca w pa\u0144stwie cz\u0142onkowskim NATO, zw\u0142aszcza granicz\u0105cym ze stref\u0105 konfliktu\u201d \u2013 stwierdzi\u0142a \u015aliwka. Apelowa\u0142 o rozliczenie, zapewniaj\u0105c, \u017ce gdyby minister Tomczyk mia\u0142 \u201eminimum przyzwoito\u015bci\u201d, natychmiast poda\u0142by si\u0119 do dymisji.<\/p>\n<p>\u015aliwka zarzuci\u0142a tak\u017ce Ministerstwu Obrony Narodowej rozproszenie uwagi przez konflikty polityczne, podkre\u015blaj\u0105c zw\u0142aszcza rzekome zaabsorbowanie ministra Tomczyka wspieraniem kampanii politycznej swojego kolegi Rafa\u0142a Trzaskowskiego.<\/p>\n<h3 class=\"wp-block-heading\"><strong>Zaniedbanie i \u201ebrak nadzoru\u201d<\/strong><\/h3>\n<p>Bogucki zgodzi\u0142 si\u0119 z obawami \u015aliwki, podkre\u015blaj\u0105c krytyczne awarie w \u0142a\u0144cuchu dowodzenia i protoko\u0142ach bezpiecze\u0144stwa. Postawi\u0142 kilka pyta\u0144 bez odpowiedzi: \u201eGdzie by\u0142 cywilny nadz\u00f3r nad wojskiem? Gdzie by\u0142 minister, SKW i \u017bandarmeria Wojskowa? Jak tak wa\u017cny zas\u00f3b m\u00f3g\u0142 pozosta\u0107 bez ochrony przez tak d\u0142ugi czas?\u201d<\/p>\n<p>Ustawodawca zwr\u00f3ci\u0142 tak\u017ce uwag\u0119 na szersze implikacje incydentu w kontek\u015bcie trwaj\u0105cego konfliktu na Ukrainie, podkre\u015blaj\u0105c zwi\u0119kszone ryzyko dla bezpiecze\u0144stwa narodowego. \u201eTe miny, zdolne zniszczy\u0107 dwa drapacze chmur, kr\u0105\u017cy\u0142y po Polsce bez kontroli, a nasza sytuacja geopolityczna wymaga maksymalnej czujno\u015bci\u201d \u2013 powiedzia\u0142. \u201eTo nie tylko skandal; jest to kryzys bezpiecze\u0144stwa narodowego.\u201d<\/p>\n<h3 class=\"wp-block-heading\"><strong>Szersze konsekwencje polityczne<\/strong><\/h3>\n<p>Incydent wywo\u0142a\u0142 oskar\u017cenia o systemowe zaniedbania polskiego rz\u0105du i wojska. Bogucki zarzuci\u0142 w\u0142adzom, \u017ce przedk\u0142adaj\u0105 polityczne polowania na czarownice nad wype\u0142nianie swoich obowi\u0105zk\u00f3w. \u201eOsoby odpowiedzialne za nadz\u00f3r wydaj\u0105 si\u0119 bardziej skupione na prze\u015bladowaniu opozycji ni\u017c na zapewnieniu bezpiecze\u0144stwa naszym obywatelom\u201d \u2013 zauwa\u017cy\u0142.<\/p>\n<h3 class=\"wp-block-heading\"><strong>Odpowiedzi na \u017c\u0105dania spo\u0142eczne<\/strong><\/h3>\n<p>Doniesienia te sprawi\u0142y, \u017ce wielu Polak\u00f3w domaga\u0142o si\u0119 przejrzysto\u015bci i odpowiedzialno\u015bci. Opozycja wezwa\u0142a do wszcz\u0119cia niezale\u017cnego \u015bledztwa, a analitycy polityczni sugeruj\u0105, \u017ce skutki tego incydentu mog\u0105 znacz\u0105co wp\u0142yn\u0105\u0107 na zaufanie spo\u0142eczne do rz\u0105du przed nadchodz\u0105cymi wyborami.<\/p>\n<\/div>\n<\/div>\n","protected":false},"excerpt":{"rendered":"<p>Szokuj\u0105cy b\u0142\u0105d w logistyce wojskowej wzbudzi\u0142 w\u015br\u00f3d polskich legislator\u00f3w i obywateli g\u0142\u0119bokie zaniepokojenie bezpiecze\u0144stwem narodowym po ujawnieniu, \u017ce 200 min<\/p>\n","protected":false},"author":1,"featured_media":3021,"comment_status":"closed","ping_status":"","sticky":false,"template":"","format":"standard","meta":{"footnotes":""},"categories":[44],"tags":[4425,31,60,4426,2358,1586,4424,33],"class_list":["post-3020","post","type-post","status-publish","format-standard","has-post-thumbnail","hentry","category-polityka","tag-kopalniami","tag-oburzenie","tag-polsce","tag-prawodawcow","tag-skandal","tag-wybucha","tag-zagubionymi","tag-zwiazku","generate-columns","tablet-grid-50","mobile-grid-100","grid-parent","grid-50","resize-featured-image"],"yoast_head":"<!-- This site is optimized with the Yoast SEO plugin v23.2 - https:\/\/yoast.com\/wordpress\/plugins\/seo\/ -->\n<title>Wybucha skandal w zwi\u0105zku z zagubionymi kopalniami w Polsce: oburzenie prawodawc\u00f3w - POGOTOWIE FLAGOWE\u00ae<\/title>\n<meta name=\"robots\" content=\"index, follow, max-snippet:-1, max-image-preview:large, max-video-preview:-1\" \/>\n<link rel=\"canonical\" href=\"https:\/\/www.pogotowieflagowe.pl\/aktualne\/wybucha-skandal-w-zwiazku-z-zagubionymi-kopalniami-w-polsce-oburzenie-prawodawcow\/\" \/>\n<meta property=\"og:locale\" content=\"pl_PL\" \/>\n<meta property=\"og:type\" content=\"article\" \/>\n<meta property=\"og:title\" content=\"Wybucha skandal w zwi\u0105zku z zagubionymi kopalniami w Polsce: oburzenie prawodawc\u00f3w - POGOTOWIE FLAGOWE\u00ae\" \/>\n<meta property=\"og:description\" content=\"Szokuj\u0105cy b\u0142\u0105d w logistyce wojskowej wzbudzi\u0142 w\u015br\u00f3d polskich legislator\u00f3w i obywateli g\u0142\u0119bokie zaniepokojenie bezpiecze\u0144stwem narodowym po ujawnieniu, \u017ce 200 min\" \/>\n<meta property=\"og:url\" content=\"https:\/\/www.pogotowieflagowe.pl\/aktualne\/wybucha-skandal-w-zwiazku-z-zagubionymi-kopalniami-w-polsce-oburzenie-prawodawcow\/\" \/>\n<meta property=\"og:site_name\" content=\"POGOTOWIE FLAGOWE\u00ae\" \/>\n<meta property=\"article:published_time\" content=\"2025-01-12T02:47:11+00:00\" \/>\n<meta property=\"article:modified_time\" content=\"2025-01-12T02:47:15+00:00\" \/>\n<meta property=\"og:image\" content=\"https:\/\/www.pogotowieflagowe.pl\/aktualne\/wp-content\/uploads\/2025\/01\/Wybucha-skandal-w-zwiazku-z-zagubionymi-kopalniami-w-Polsce-oburzenie.webp\" \/>\n\t<meta property=\"og:image:width\" content=\"1792\" \/>\n\t<meta property=\"og:image:height\" content=\"1024\" \/>\n\t<meta property=\"og:image:type\" content=\"image\/webp\" \/>\n<meta name=\"author\" content=\"Filip\" \/>\n<meta name=\"twitter:card\" content=\"summary_large_image\" \/>\n<meta name=\"twitter:label1\" content=\"Napisane przez\" \/>\n\t<meta name=\"twitter:data1\" content=\"Filip\" \/>\n\t<meta name=\"twitter:label2\" content=\"Szacowany czas czytania\" \/>\n\t<meta name=\"twitter:data2\" content=\"3 minuty\" \/>\n<script type=\"application\/ld+json\" class=\"yoast-schema-graph\">{\"@context\":\"https:\/\/schema.org\",\"@graph\":[{\"@type\":\"Article\",\"@id\":\"https:\/\/www.pogotowieflagowe.pl\/aktualne\/wybucha-skandal-w-zwiazku-z-zagubionymi-kopalniami-w-polsce-oburzenie-prawodawcow\/#article\",\"isPartOf\":{\"@id\":\"https:\/\/www.pogotowieflagowe.pl\/aktualne\/wybucha-skandal-w-zwiazku-z-zagubionymi-kopalniami-w-polsce-oburzenie-prawodawcow\/\"},\"author\":{\"name\":\"Filip\",\"@id\":\"https:\/\/www.pogotowieflagowe.pl\/aktualne\/#\/schema\/person\/9c2fb7d2362ebf6fa088960d7f0d27b0\"},\"headline\":\"Wybucha skandal w zwi\u0105zku z zagubionymi kopalniami w Polsce: oburzenie prawodawc\u00f3w\",\"datePublished\":\"2025-01-12T02:47:11+00:00\",\"dateModified\":\"2025-01-12T02:47:15+00:00\",\"mainEntityOfPage\":{\"@id\":\"https:\/\/www.pogotowieflagowe.pl\/aktualne\/wybucha-skandal-w-zwiazku-z-zagubionymi-kopalniami-w-polsce-oburzenie-prawodawcow\/\"},\"wordCount\":569,\"publisher\":{\"@id\":\"https:\/\/www.pogotowieflagowe.pl\/aktualne\/#organization\"},\"image\":{\"@id\":\"https:\/\/www.pogotowieflagowe.pl\/aktualne\/wybucha-skandal-w-zwiazku-z-zagubionymi-kopalniami-w-polsce-oburzenie-prawodawcow\/#primaryimage\"},\"thumbnailUrl\":\"https:\/\/www.pogotowieflagowe.pl\/aktualne\/wp-content\/uploads\/2025\/01\/Wybucha-skandal-w-zwiazku-z-zagubionymi-kopalniami-w-Polsce-oburzenie.webp\",\"keywords\":[\"kopalniami\",\"oburzenie\",\"Polsce\",\"prawodawc\u00f3w\",\"skandal\",\"Wybucha\",\"zagubionymi\",\"zwi\u0105zku\"],\"articleSection\":[\"Polityka\"],\"inLanguage\":\"pl-PL\"},{\"@type\":\"WebPage\",\"@id\":\"https:\/\/www.pogotowieflagowe.pl\/aktualne\/wybucha-skandal-w-zwiazku-z-zagubionymi-kopalniami-w-polsce-oburzenie-prawodawcow\/\",\"url\":\"https:\/\/www.pogotowieflagowe.pl\/aktualne\/wybucha-skandal-w-zwiazku-z-zagubionymi-kopalniami-w-polsce-oburzenie-prawodawcow\/\",\"name\":\"Wybucha skandal w zwi\u0105zku z zagubionymi kopalniami w Polsce: oburzenie prawodawc\u00f3w - POGOTOWIE FLAGOWE\u00ae\",\"isPartOf\":{\"@id\":\"https:\/\/www.pogotowieflagowe.pl\/aktualne\/#website\"},\"primaryImageOfPage\":{\"@id\":\"https:\/\/www.pogotowieflagowe.pl\/aktualne\/wybucha-skandal-w-zwiazku-z-zagubionymi-kopalniami-w-polsce-oburzenie-prawodawcow\/#primaryimage\"},\"image\":{\"@id\":\"https:\/\/www.pogotowieflagowe.pl\/aktualne\/wybucha-skandal-w-zwiazku-z-zagubionymi-kopalniami-w-polsce-oburzenie-prawodawcow\/#primaryimage\"},\"thumbnailUrl\":\"https:\/\/www.pogotowieflagowe.pl\/aktualne\/wp-content\/uploads\/2025\/01\/Wybucha-skandal-w-zwiazku-z-zagubionymi-kopalniami-w-Polsce-oburzenie.webp\",\"datePublished\":\"2025-01-12T02:47:11+00:00\",\"dateModified\":\"2025-01-12T02:47:15+00:00\",\"breadcrumb\":{\"@id\":\"https:\/\/www.pogotowieflagowe.pl\/aktualne\/wybucha-skandal-w-zwiazku-z-zagubionymi-kopalniami-w-polsce-oburzenie-prawodawcow\/#breadcrumb\"},\"inLanguage\":\"pl-PL\",\"potentialAction\":[{\"@type\":\"ReadAction\",\"target\":[\"https:\/\/www.pogotowieflagowe.pl\/aktualne\/wybucha-skandal-w-zwiazku-z-zagubionymi-kopalniami-w-polsce-oburzenie-prawodawcow\/\"]}]},{\"@type\":\"ImageObject\",\"inLanguage\":\"pl-PL\",\"@id\":\"https:\/\/www.pogotowieflagowe.pl\/aktualne\/wybucha-skandal-w-zwiazku-z-zagubionymi-kopalniami-w-polsce-oburzenie-prawodawcow\/#primaryimage\",\"url\":\"https:\/\/www.pogotowieflagowe.pl\/aktualne\/wp-content\/uploads\/2025\/01\/Wybucha-skandal-w-zwiazku-z-zagubionymi-kopalniami-w-Polsce-oburzenie.webp\",\"contentUrl\":\"https:\/\/www.pogotowieflagowe.pl\/aktualne\/wp-content\/uploads\/2025\/01\/Wybucha-skandal-w-zwiazku-z-zagubionymi-kopalniami-w-Polsce-oburzenie.webp\",\"width\":1792,\"height\":1024,\"caption\":\"Wybucha skandal w zwi\u0105zku z zagubionymi kopalniami w Polsce: oburzenie prawodawc\u00f3w\"},{\"@type\":\"BreadcrumbList\",\"@id\":\"https:\/\/www.pogotowieflagowe.pl\/aktualne\/wybucha-skandal-w-zwiazku-z-zagubionymi-kopalniami-w-polsce-oburzenie-prawodawcow\/#breadcrumb\",\"itemListElement\":[{\"@type\":\"ListItem\",\"position\":1,\"name\":\"Home\",\"item\":\"https:\/\/www.pogotowieflagowe.pl\/aktualne\/\"},{\"@type\":\"ListItem\",\"position\":2,\"name\":\"Wybucha skandal w zwi\u0105zku z zagubionymi kopalniami w Polsce: oburzenie prawodawc\u00f3w\"}]},{\"@type\":\"WebSite\",\"@id\":\"https:\/\/www.pogotowieflagowe.pl\/aktualne\/#website\",\"url\":\"https:\/\/www.pogotowieflagowe.pl\/aktualne\/\",\"name\":\"POGOTOWIE FLAGOWE\u00ae\",\"description\":\"\",\"publisher\":{\"@id\":\"https:\/\/www.pogotowieflagowe.pl\/aktualne\/#organization\"},\"potentialAction\":[{\"@type\":\"SearchAction\",\"target\":{\"@type\":\"EntryPoint\",\"urlTemplate\":\"https:\/\/www.pogotowieflagowe.pl\/aktualne\/?s={search_term_string}\"},\"query-input\":\"required name=search_term_string\"}],\"inLanguage\":\"pl-PL\"},{\"@type\":\"Organization\",\"@id\":\"https:\/\/www.pogotowieflagowe.pl\/aktualne\/#organization\",\"name\":\"POGOTOWIE FLAGOWE\u00ae\",\"url\":\"https:\/\/www.pogotowieflagowe.pl\/aktualne\/\",\"logo\":{\"@type\":\"ImageObject\",\"inLanguage\":\"pl-PL\",\"@id\":\"https:\/\/www.pogotowieflagowe.pl\/aktualne\/#\/schema\/logo\/image\/\",\"url\":\"https:\/\/www.pogotowieflagowe.pl\/aktualne\/wp-content\/uploads\/2024\/08\/cropped-pogotowieflagowe_flaga_projekt_sm.jpg\",\"contentUrl\":\"https:\/\/www.pogotowieflagowe.pl\/aktualne\/wp-content\/uploads\/2024\/08\/cropped-pogotowieflagowe_flaga_projekt_sm.jpg\",\"width\":250,\"height\":143,\"caption\":\"POGOTOWIE FLAGOWE\u00ae\"},\"image\":{\"@id\":\"https:\/\/www.pogotowieflagowe.pl\/aktualne\/#\/schema\/logo\/image\/\"}},{\"@type\":\"Person\",\"@id\":\"https:\/\/www.pogotowieflagowe.pl\/aktualne\/#\/schema\/person\/9c2fb7d2362ebf6fa088960d7f0d27b0\",\"name\":\"Filip\",\"image\":{\"@type\":\"ImageObject\",\"inLanguage\":\"pl-PL\",\"@id\":\"https:\/\/www.pogotowieflagowe.pl\/aktualne\/#\/schema\/person\/image\/\",\"url\":\"https:\/\/www.pogotowieflagowe.pl\/aktualne\/wp-content\/uploads\/2024\/08\/pogotowieflagowe.pl_.jpg\",\"contentUrl\":\"https:\/\/www.pogotowieflagowe.pl\/aktualne\/wp-content\/uploads\/2024\/08\/pogotowieflagowe.pl_.jpg\",\"caption\":\"Filip\"},\"description\":\"Jestem Filip, polski dziennikarz z dyplomem nauk politycznych Uniwersytetu Warszawskiego. Rozpoczynaj\u0105c swoj\u0105 karier\u0119 w r\u00f3\u017cnych lokalnych mediach, zdoby\u0142em solidne do\u015bwiadczenie w zakresie \u015bledztwa i redakcji. Obecnie jako redaktor w Pogotowie flagowe, staram si\u0119 dostarcza\u0107 dog\u0142\u0119bne i istotne analizy na temat najwa\u017cniejszych kwestii aktualno\u015bci, \u0142\u0105cz\u0105c rygor z pasj\u0105 dziennikarsk\u0105.\",\"sameAs\":[\"https:\/\/www.pogotowieflagowe.pl\/\"]}]}<\/script>\n<!-- \/ Yoast SEO plugin. -->","yoast_head_json":{"title":"Wybucha skandal w zwi\u0105zku z zagubionymi kopalniami w Polsce: oburzenie prawodawc\u00f3w - POGOTOWIE FLAGOWE\u00ae","robots":{"index":"index","follow":"follow","max-snippet":"max-snippet:-1","max-image-preview":"max-image-preview:large","max-video-preview":"max-video-preview:-1"},"canonical":"https:\/\/www.pogotowieflagowe.pl\/aktualne\/wybucha-skandal-w-zwiazku-z-zagubionymi-kopalniami-w-polsce-oburzenie-prawodawcow\/","og_locale":"pl_PL","og_type":"article","og_title":"Wybucha skandal w zwi\u0105zku z zagubionymi kopalniami w Polsce: oburzenie prawodawc\u00f3w - POGOTOWIE FLAGOWE\u00ae","og_description":"Szokuj\u0105cy b\u0142\u0105d w logistyce wojskowej wzbudzi\u0142 w\u015br\u00f3d polskich legislator\u00f3w i obywateli g\u0142\u0119bokie zaniepokojenie bezpiecze\u0144stwem narodowym po ujawnieniu, \u017ce 200 min","og_url":"https:\/\/www.pogotowieflagowe.pl\/aktualne\/wybucha-skandal-w-zwiazku-z-zagubionymi-kopalniami-w-polsce-oburzenie-prawodawcow\/","og_site_name":"POGOTOWIE FLAGOWE\u00ae","article_published_time":"2025-01-12T02:47:11+00:00","article_modified_time":"2025-01-12T02:47:15+00:00","og_image":[{"width":1792,"height":1024,"url":"https:\/\/www.pogotowieflagowe.pl\/aktualne\/wp-content\/uploads\/2025\/01\/Wybucha-skandal-w-zwiazku-z-zagubionymi-kopalniami-w-Polsce-oburzenie.webp","type":"image\/webp"}],"author":"Filip","twitter_card":"summary_large_image","twitter_misc":{"Napisane przez":"Filip","Szacowany czas czytania":"3 minuty"},"schema":{"@context":"https:\/\/schema.org","@graph":[{"@type":"Article","@id":"https:\/\/www.pogotowieflagowe.pl\/aktualne\/wybucha-skandal-w-zwiazku-z-zagubionymi-kopalniami-w-polsce-oburzenie-prawodawcow\/#article","isPartOf":{"@id":"https:\/\/www.pogotowieflagowe.pl\/aktualne\/wybucha-skandal-w-zwiazku-z-zagubionymi-kopalniami-w-polsce-oburzenie-prawodawcow\/"},"author":{"name":"Filip","@id":"https:\/\/www.pogotowieflagowe.pl\/aktualne\/#\/schema\/person\/9c2fb7d2362ebf6fa088960d7f0d27b0"},"headline":"Wybucha skandal w zwi\u0105zku z zagubionymi kopalniami w Polsce: oburzenie prawodawc\u00f3w","datePublished":"2025-01-12T02:47:11+00:00","dateModified":"2025-01-12T02:47:15+00:00","mainEntityOfPage":{"@id":"https:\/\/www.pogotowieflagowe.pl\/aktualne\/wybucha-skandal-w-zwiazku-z-zagubionymi-kopalniami-w-polsce-oburzenie-prawodawcow\/"},"wordCount":569,"publisher":{"@id":"https:\/\/www.pogotowieflagowe.pl\/aktualne\/#organization"},"image":{"@id":"https:\/\/www.pogotowieflagowe.pl\/aktualne\/wybucha-skandal-w-zwiazku-z-zagubionymi-kopalniami-w-polsce-oburzenie-prawodawcow\/#primaryimage"},"thumbnailUrl":"https:\/\/www.pogotowieflagowe.pl\/aktualne\/wp-content\/uploads\/2025\/01\/Wybucha-skandal-w-zwiazku-z-zagubionymi-kopalniami-w-Polsce-oburzenie.webp","keywords":["kopalniami","oburzenie","Polsce","prawodawc\u00f3w","skandal","Wybucha","zagubionymi","zwi\u0105zku"],"articleSection":["Polityka"],"inLanguage":"pl-PL"},{"@type":"WebPage","@id":"https:\/\/www.pogotowieflagowe.pl\/aktualne\/wybucha-skandal-w-zwiazku-z-zagubionymi-kopalniami-w-polsce-oburzenie-prawodawcow\/","url":"https:\/\/www.pogotowieflagowe.pl\/aktualne\/wybucha-skandal-w-zwiazku-z-zagubionymi-kopalniami-w-polsce-oburzenie-prawodawcow\/","name":"Wybucha skandal w zwi\u0105zku z zagubionymi kopalniami w Polsce: oburzenie prawodawc\u00f3w - POGOTOWIE FLAGOWE\u00ae","isPartOf":{"@id":"https:\/\/www.pogotowieflagowe.pl\/aktualne\/#website"},"primaryImageOfPage":{"@id":"https:\/\/www.pogotowieflagowe.pl\/aktualne\/wybucha-skandal-w-zwiazku-z-zagubionymi-kopalniami-w-polsce-oburzenie-prawodawcow\/#primaryimage"},"image":{"@id":"https:\/\/www.pogotowieflagowe.pl\/aktualne\/wybucha-skandal-w-zwiazku-z-zagubionymi-kopalniami-w-polsce-oburzenie-prawodawcow\/#primaryimage"},"thumbnailUrl":"https:\/\/www.pogotowieflagowe.pl\/aktualne\/wp-content\/uploads\/2025\/01\/Wybucha-skandal-w-zwiazku-z-zagubionymi-kopalniami-w-Polsce-oburzenie.webp","datePublished":"2025-01-12T02:47:11+00:00","dateModified":"2025-01-12T02:47:15+00:00","breadcrumb":{"@id":"https:\/\/www.pogotowieflagowe.pl\/aktualne\/wybucha-skandal-w-zwiazku-z-zagubionymi-kopalniami-w-polsce-oburzenie-prawodawcow\/#breadcrumb"},"inLanguage":"pl-PL","potentialAction":[{"@type":"ReadAction","target":["https:\/\/www.pogotowieflagowe.pl\/aktualne\/wybucha-skandal-w-zwiazku-z-zagubionymi-kopalniami-w-polsce-oburzenie-prawodawcow\/"]}]},{"@type":"ImageObject","inLanguage":"pl-PL","@id":"https:\/\/www.pogotowieflagowe.pl\/aktualne\/wybucha-skandal-w-zwiazku-z-zagubionymi-kopalniami-w-polsce-oburzenie-prawodawcow\/#primaryimage","url":"https:\/\/www.pogotowieflagowe.pl\/aktualne\/wp-content\/uploads\/2025\/01\/Wybucha-skandal-w-zwiazku-z-zagubionymi-kopalniami-w-Polsce-oburzenie.webp","contentUrl":"https:\/\/www.pogotowieflagowe.pl\/aktualne\/wp-content\/uploads\/2025\/01\/Wybucha-skandal-w-zwiazku-z-zagubionymi-kopalniami-w-Polsce-oburzenie.webp","width":1792,"height":1024,"caption":"Wybucha skandal w zwi\u0105zku z zagubionymi kopalniami w Polsce: oburzenie prawodawc\u00f3w"},{"@type":"BreadcrumbList","@id":"https:\/\/www.pogotowieflagowe.pl\/aktualne\/wybucha-skandal-w-zwiazku-z-zagubionymi-kopalniami-w-polsce-oburzenie-prawodawcow\/#breadcrumb","itemListElement":[{"@type":"ListItem","position":1,"name":"Home","item":"https:\/\/www.pogotowieflagowe.pl\/aktualne\/"},{"@type":"ListItem","position":2,"name":"Wybucha skandal w zwi\u0105zku z zagubionymi kopalniami w Polsce: oburzenie prawodawc\u00f3w"}]},{"@type":"WebSite","@id":"https:\/\/www.pogotowieflagowe.pl\/aktualne\/#website","url":"https:\/\/www.pogotowieflagowe.pl\/aktualne\/","name":"POGOTOWIE FLAGOWE\u00ae","description":"","publisher":{"@id":"https:\/\/www.pogotowieflagowe.pl\/aktualne\/#organization"},"potentialAction":[{"@type":"SearchAction","target":{"@type":"EntryPoint","urlTemplate":"https:\/\/www.pogotowieflagowe.pl\/aktualne\/?s={search_term_string}"},"query-input":"required name=search_term_string"}],"inLanguage":"pl-PL"},{"@type":"Organization","@id":"https:\/\/www.pogotowieflagowe.pl\/aktualne\/#organization","name":"POGOTOWIE FLAGOWE\u00ae","url":"https:\/\/www.pogotowieflagowe.pl\/aktualne\/","logo":{"@type":"ImageObject","inLanguage":"pl-PL","@id":"https:\/\/www.pogotowieflagowe.pl\/aktualne\/#\/schema\/logo\/image\/","url":"https:\/\/www.pogotowieflagowe.pl\/aktualne\/wp-content\/uploads\/2024\/08\/cropped-pogotowieflagowe_flaga_projekt_sm.jpg","contentUrl":"https:\/\/www.pogotowieflagowe.pl\/aktualne\/wp-content\/uploads\/2024\/08\/cropped-pogotowieflagowe_flaga_projekt_sm.jpg","width":250,"height":143,"caption":"POGOTOWIE FLAGOWE\u00ae"},"image":{"@id":"https:\/\/www.pogotowieflagowe.pl\/aktualne\/#\/schema\/logo\/image\/"}},{"@type":"Person","@id":"https:\/\/www.pogotowieflagowe.pl\/aktualne\/#\/schema\/person\/9c2fb7d2362ebf6fa088960d7f0d27b0","name":"Filip","image":{"@type":"ImageObject","inLanguage":"pl-PL","@id":"https:\/\/www.pogotowieflagowe.pl\/aktualne\/#\/schema\/person\/image\/","url":"https:\/\/www.pogotowieflagowe.pl\/aktualne\/wp-content\/uploads\/2024\/08\/pogotowieflagowe.pl_.jpg","contentUrl":"https:\/\/www.pogotowieflagowe.pl\/aktualne\/wp-content\/uploads\/2024\/08\/pogotowieflagowe.pl_.jpg","caption":"Filip"},"description":"Jestem Filip, polski dziennikarz z dyplomem nauk politycznych Uniwersytetu Warszawskiego. Rozpoczynaj\u0105c swoj\u0105 karier\u0119 w r\u00f3\u017cnych lokalnych mediach, zdoby\u0142em solidne do\u015bwiadczenie w zakresie \u015bledztwa i redakcji. Obecnie jako redaktor w Pogotowie flagowe, staram si\u0119 dostarcza\u0107 dog\u0142\u0119bne i istotne analizy na temat najwa\u017cniejszych kwestii aktualno\u015bci, \u0142\u0105cz\u0105c rygor z pasj\u0105 dziennikarsk\u0105.","sameAs":["https:\/\/www.pogotowieflagowe.pl\/"]}]}},"_links":{"self":[{"href":"https:\/\/www.pogotowieflagowe.pl\/aktualne\/wp-json\/wp\/v2\/posts\/3020","targetHints":{"allow":["GET"]}}],"collection":[{"href":"https:\/\/www.pogotowieflagowe.pl\/aktualne\/wp-json\/wp\/v2\/posts"}],"about":[{"href":"https:\/\/www.pogotowieflagowe.pl\/aktualne\/wp-json\/wp\/v2\/types\/post"}],"author":[{"embeddable":true,"href":"https:\/\/www.pogotowieflagowe.pl\/aktualne\/wp-json\/wp\/v2\/users\/1"}],"replies":[{"embeddable":true,"href":"https:\/\/www.pogotowieflagowe.pl\/aktualne\/wp-json\/wp\/v2\/comments?post=3020"}],"version-history":[{"count":1,"href":"https:\/\/www.pogotowieflagowe.pl\/aktualne\/wp-json\/wp\/v2\/posts\/3020\/revisions"}],"predecessor-version":[{"id":3022,"href":"https:\/\/www.pogotowieflagowe.pl\/aktualne\/wp-json\/wp\/v2\/posts\/3020\/revisions\/3022"}],"wp:featuredmedia":[{"embeddable":true,"href":"https:\/\/www.pogotowieflagowe.pl\/aktualne\/wp-json\/wp\/v2\/media\/3021"}],"wp:attachment":[{"href":"https:\/\/www.pogotowieflagowe.pl\/aktualne\/wp-json\/wp\/v2\/media?parent=3020"}],"wp:term":[{"taxonomy":"category","embeddable":true,"href":"https:\/\/www.pogotowieflagowe.pl\/aktualne\/wp-json\/wp\/v2\/categories?post=3020"},{"taxonomy":"post_tag","embeddable":true,"href":"https:\/\/www.pogotowieflagowe.pl\/aktualne\/wp-json\/wp\/v2\/tags?post=3020"}],"curies":[{"name":"wp","href":"https:\/\/api.w.org\/{rel}","templated":true}]}}