{"id":3032,"date":"2025-01-12T22:48:48","date_gmt":"2025-01-12T21:48:48","guid":{"rendered":"https:\/\/www.pogotowieflagowe.pl\/aktualne\/oriflame-zamknie-swoja-polska-fabryke-co-kryje-sie-za-ta-decyzja\/"},"modified":"2025-01-12T22:48:49","modified_gmt":"2025-01-12T21:48:49","slug":"oriflame-zamknie-swoja-polska-fabryke-co-kryje-sie-za-ta-decyzja","status":"publish","type":"post","link":"https:\/\/www.pogotowieflagowe.pl\/aktualne\/oriflame-zamknie-swoja-polska-fabryke-co-kryje-sie-za-ta-decyzja\/","title":{"rendered":"Oriflame zamknie swoj\u0105 polsk\u0105 fabryk\u0119: co kryje si\u0119 za t\u0105 decyzj\u0105?"},"content":{"rendered":"\n<div class=\"td_block_wrap tdb_single_content tdi_48 td-pb-border-top td_block_template_8 td-post-content tagdiv-type\" data-td-block-uid=\"tdi_48\">\n<style>.tdi_48{margines-g\u00f3rny:0px!important;margin-bottom:0px!important;dope\u0142nienie-g\u00f3ra:0px!important;dope\u0142nienie-d\u00f3\u0142:0px!important}<\/style>\n<style>.tdb_single_content{margin-bottom:0;*zoom:1}.tdb_single_content:before,.tdb_single_content:after{display:table;content:'';line-height:0}.tdb_single_content:after{clear:both}.tdb_single_content .tdb-block-inner>*:not(.wp-block-quote):not(.alignwide):not(.alignfull.wp-block-cover.has-parallax):not(.td-a-ad) {margin-left:auto;margin-right:auto}.tdb_single_content a{pointer-events:auto}.tdb_single_content .td-spot-id-top_ad .tdc-placeholder-title:before{content:'Article Top Ad'!important}.tdb_single_content .td-spot-id-inline_ad0 .tdc-placeholder-title:before{content:'Article Reklama wbudowana 1'!important}.tdb_single_content .td-spot-id-inline_ad1 .tdc-placeholder-title:before{content:'Article Inline Ad 2'!important}.tdb_single_content .td-spot-id-inline_ad2 .tdc-placeholder-title:before{content:' Reklama wbudowana w artyku\u0142 3'!important}.tdb_single_content .td-spot-id-bottom_ad .tdc-placeholder-title:before{content:'Article Bottom Ad'!important}.tdb_single_content .id_top_ad,.tdb_single_content .id_bottom_ad{clear:both;margin-bottom:21px;text-align:center}.tdb_single_content .id_top_ad img,.tdb_single_content .id_bottom_ad img{margin-bottom:0}.tdb_single_content .id_top_ad .adsbygoogle,.tdb_single_content .id_bottom_ad .adsbygoogle{position:relative}.tdb_single_content .id_ad_content-horiz-left,.tdb_single_content .id_ad_content-horiz-right,.tdb_single_content .id_ad_content-horiz-center{margin-bottom:15px}.tdb_single_content .id_ad_content-horiz-left img,.tdb_single_content .id_ad_content-horiz-right img,.tdb_single_content .id_ad_content-horiz-center img{margin-bottom:0}.tdb_single_content .id_ad_content-horiz-center{text-align:center}.tdb_single_content .id_ad_content-horiz-center img{margin-right:auto;margin-left:auto}.tdb_single_content .id_ad_content-horiz-left{float:left;margin-top:9px;margin-right:21px}.tdb_single_content .id_ad_content-horiz-right{float:right;margin-top:6px;margin-left:21px}.tdb_single_content .tdc-a-ad .tdc-placeholder-title{width:300px;height:250px}.tdb_single_content .tdc-a-ad .tdc-placeholder-title:before{position:absolute;top:50%;-webkit-transform:translateY(-50%);transform:translateY(-50%);margines:auto;display:table;width:100 %}.tdb_single_content .tdb-block-inner.td-fix-index{word-break:break-word}.tdi_48,.tdi_48>p,.tdi_48 .tdb-block-inner>p{font-size:16px!important;line- wysoko\u015b\u0107:1,6!wa\u017cne}.tdi_48 .tdb-block-inner blockquote p{font-style:normal!important}@media (max-width:767px){.tdb_single_content .id_ad_content-horiz-left,.tdb_single_content .id_ad_content-horiz-right,.tdb_single_content .id_ad_content-horiz-center{margin:0 automatyczny 26px auto}}@media (max-width:767px){.tdb_single_content .id_ad_content-horiz-left{margin-right:0}}@media (max-width:767px){.tdb_single_content .id_ad_content-horiz-right{margin -left:0}}@media (max-width:767px){.tdb_single_content .td-a-ad{float:none;text-align:center}.tdb_single_content .td-a-ad img{margin-right:auto;margin-left:auto}. tdb_single_content .tdc-a-ad{float:none}}<\/style>\n<div class=\"tdb-block-inner td-fix-index\">\n<p>Po ponad trzydziestu latach dzia\u0142alno\u015bci szwedzki gigant kosmetyczny Oriflame og\u0142osi\u0142 plany zamkni\u0119cia swojej fabryki w warszawskiej dzielnicy Ursus. Posuni\u0119cie to, b\u0119d\u0105ce cz\u0119\u015bci\u0105 szerszej strategii restrukturyzacji firmy, sprawi\u0142o, \u017ce wiele os\u00f3b zastanawia si\u0119 nad przysz\u0142o\u015bci\u0105 inwestycji zagranicznych i biznesu w Polsce.<\/p>\n<h2 class=\"wp-block-heading\">Fabryka, kt\u00f3ra ukszta\u0142towa\u0142a polsk\u0105 kosmetyk\u0119<\/h2>\n<p>Przez 32 lata warszawska fabryka Oriflame by\u0142a istotn\u0105 cz\u0119\u015bci\u0105 \u015bwiatowej produkcji marki. Teraz jednak firma twierdzi, \u017ce zako\u0144czy dzia\u0142alno\u015b\u0107 w ci\u0105gu najbli\u017cszych dw\u00f3ch lat. Zamiast produkowa\u0107 w\u0142asne towary w Polsce, Oriflame planuje zleci\u0107 produkcj\u0119 \u201ewysokiej klasy partnerom\u201d w ca\u0142ej Europie. <\/p>\n<h2 class=\"wp-block-heading\">Dlaczego Oriflame opuszcza Polsk\u0119?<\/h2>\n<p>Firma wskazuje na doskona\u0142\u0105 burz\u0119 wyzwa\u0144 globalnych i lokalnych. Podobnie jak wiele innych firm, Oriflame prosperowa\u0142o przed 2020 rokiem, ciesz\u0105c si\u0119 sta\u0142ym wzrostem. Jednak pandemia Covid-19, gwa\u0142townie rosn\u0105ca inflacja i trwaj\u0105ca wojna na Ukrainie zak\u0142\u00f3ci\u0142y ich dzia\u0142alno\u015b\u0107, zmniejszaj\u0105c przychody z 1,3 miliarda euro w latach 2018\u20132019 do przewidywanych 660 milion\u00f3w euro w 2022 roku.<\/p>\n<p>Rosn\u0105ce koszty w Polsce, zw\u0142aszcza pracy i energii, tylko pog\u0142\u0119bi\u0142y problem. Dla firmy znajduj\u0105cej si\u0119 pod presj\u0105 ci\u0119\u0107 wydatk\u00f3w dalsza produkcja w Polsce sta\u0142a si\u0119 po prostu zbyt droga.<\/p>\n<h2 class=\"wp-block-heading\">W Polsce gromadz\u0105 si\u0119 chmury gospodarcze<\/h2>\n<p>Decyzja Oriflame o odej\u015bciu nie jest odosobnionym przypadkiem. W ci\u0105gu ostatnich kilku miesi\u0119cy coraz wi\u0119cej firm albo ogranicza\u0142o swoj\u0105 obecno\u015b\u0107 w Polsce, albo w og\u00f3le j\u0105 opuszcza\u0142o. Krytycy obwiniaj\u0105 obecny rz\u0105d za to, \u017ce nie stworzy\u0142 stabilnego otoczenia gospodarczego. Wysoka inflacja, rosn\u0105ce koszty operacyjne i niepewno\u015b\u0107 inwestor\u00f3w sprawi\u0142y, \u017ce Polska jest trudniejszym miejscem do prowadzenia biznesu.<\/p>\n<p>Zamkni\u0119cie fabryki Oriflame to cios nie tylko dla setek pracownik\u00f3w, kt\u00f3rzy strac\u0105 prac\u0119, ale tak\u017ce dla reputacji Polski jako miejsca rozwoju i prosperowania zagranicznych firm.<\/p>\n<p>Przeczytaj wi\u0119cej<span class=\"screen-reader-text\">: Oriflame zamknie swoj\u0105 polsk\u0105 fabryk\u0119: co kryje si\u0119 za t\u0105 decyzj\u0105?<\/span><\/p>\n<ul class=\"wp-block-list\">\n<li>Wycofanie si\u0119 z inwestycji uderza w polsk\u0105 gospodark\u0119: CATL pod\u0105\u017ca \u015bladem Intela<\/li>\n<li>Intel planuje fabryk\u0119 chip\u00f3w w Niemczech, pozostawiaj\u0105c polsk\u0105 inwestycj\u0119 pod znakiem zapytania<\/li>\n<\/ul>\n<\/div>\n<\/div>\n","protected":false},"excerpt":{"rendered":"<p>Po ponad trzydziestu latach dzia\u0142alno\u015bci szwedzki gigant kosmetyczny Oriflame og\u0142osi\u0142 plany zamkni\u0119cia swojej fabryki w warszawskiej dzielnicy Ursus. Posuni\u0119cie to,<\/p>\n","protected":false},"author":1,"featured_media":3033,"comment_status":"closed","ping_status":"","sticky":false,"template":"","format":"standard","meta":{"footnotes":""},"categories":[45],"tags":[1126,3315,4441,4439,4,150,3334,4442,4440],"class_list":["post-3032","post","type-post","status-publish","format-standard","has-post-thumbnail","hentry","category-biznes","tag-decyzja","tag-fabryke","tag-kryje","tag-oriflame","tag-polska","tag-sie","tag-swoja","tag-ta","tag-zamknie","generate-columns","tablet-grid-50","mobile-grid-100","grid-parent","grid-50","resize-featured-image"],"yoast_head":"<!-- This site is optimized with the Yoast SEO plugin v23.2 - https:\/\/yoast.com\/wordpress\/plugins\/seo\/ -->\n<title>Oriflame zamknie swoj\u0105 polsk\u0105 fabryk\u0119: co kryje si\u0119 za t\u0105 decyzj\u0105? - POGOTOWIE FLAGOWE\u00ae<\/title>\n<meta name=\"robots\" content=\"index, follow, max-snippet:-1, max-image-preview:large, max-video-preview:-1\" \/>\n<link rel=\"canonical\" href=\"https:\/\/www.pogotowieflagowe.pl\/aktualne\/oriflame-zamknie-swoja-polska-fabryke-co-kryje-sie-za-ta-decyzja\/\" \/>\n<meta property=\"og:locale\" content=\"pl_PL\" \/>\n<meta property=\"og:type\" content=\"article\" \/>\n<meta property=\"og:title\" content=\"Oriflame zamknie swoj\u0105 polsk\u0105 fabryk\u0119: co kryje si\u0119 za t\u0105 decyzj\u0105? - POGOTOWIE FLAGOWE\u00ae\" \/>\n<meta property=\"og:description\" content=\"Po ponad trzydziestu latach dzia\u0142alno\u015bci szwedzki gigant kosmetyczny Oriflame og\u0142osi\u0142 plany zamkni\u0119cia swojej fabryki w warszawskiej dzielnicy Ursus. Posuni\u0119cie to,\" \/>\n<meta property=\"og:url\" content=\"https:\/\/www.pogotowieflagowe.pl\/aktualne\/oriflame-zamknie-swoja-polska-fabryke-co-kryje-sie-za-ta-decyzja\/\" \/>\n<meta property=\"og:site_name\" content=\"POGOTOWIE FLAGOWE\u00ae\" \/>\n<meta property=\"article:published_time\" content=\"2025-01-12T21:48:48+00:00\" \/>\n<meta property=\"article:modified_time\" content=\"2025-01-12T21:48:49+00:00\" \/>\n<meta property=\"og:image\" content=\"https:\/\/www.pogotowieflagowe.pl\/aktualne\/wp-content\/uploads\/2025\/01\/Oriflame-zamknie-swoja-polska-fabryke-co-kryje-sie-za-ta.jpg\" \/>\n\t<meta property=\"og:image:width\" content=\"780\" \/>\n\t<meta property=\"og:image:height\" content=\"680\" \/>\n\t<meta property=\"og:image:type\" content=\"image\/jpeg\" \/>\n<meta name=\"author\" content=\"Filip\" \/>\n<meta name=\"twitter:card\" content=\"summary_large_image\" \/>\n<meta name=\"twitter:label1\" content=\"Napisane przez\" \/>\n\t<meta name=\"twitter:data1\" content=\"Filip\" \/>\n\t<meta name=\"twitter:label2\" content=\"Szacowany czas czytania\" \/>\n\t<meta name=\"twitter:data2\" content=\"2 minuty\" \/>\n<script type=\"application\/ld+json\" class=\"yoast-schema-graph\">{\"@context\":\"https:\/\/schema.org\",\"@graph\":[{\"@type\":\"Article\",\"@id\":\"https:\/\/www.pogotowieflagowe.pl\/aktualne\/oriflame-zamknie-swoja-polska-fabryke-co-kryje-sie-za-ta-decyzja\/#article\",\"isPartOf\":{\"@id\":\"https:\/\/www.pogotowieflagowe.pl\/aktualne\/oriflame-zamknie-swoja-polska-fabryke-co-kryje-sie-za-ta-decyzja\/\"},\"author\":{\"name\":\"Filip\",\"@id\":\"https:\/\/www.pogotowieflagowe.pl\/aktualne\/#\/schema\/person\/9c2fb7d2362ebf6fa088960d7f0d27b0\"},\"headline\":\"Oriflame zamknie swoj\u0105 polsk\u0105 fabryk\u0119: co kryje si\u0119 za t\u0105 decyzj\u0105?\",\"datePublished\":\"2025-01-12T21:48:48+00:00\",\"dateModified\":\"2025-01-12T21:48:49+00:00\",\"mainEntityOfPage\":{\"@id\":\"https:\/\/www.pogotowieflagowe.pl\/aktualne\/oriflame-zamknie-swoja-polska-fabryke-co-kryje-sie-za-ta-decyzja\/\"},\"wordCount\":362,\"publisher\":{\"@id\":\"https:\/\/www.pogotowieflagowe.pl\/aktualne\/#organization\"},\"image\":{\"@id\":\"https:\/\/www.pogotowieflagowe.pl\/aktualne\/oriflame-zamknie-swoja-polska-fabryke-co-kryje-sie-za-ta-decyzja\/#primaryimage\"},\"thumbnailUrl\":\"https:\/\/www.pogotowieflagowe.pl\/aktualne\/wp-content\/uploads\/2025\/01\/Oriflame-zamknie-swoja-polska-fabryke-co-kryje-sie-za-ta.jpg\",\"keywords\":[\"Decyzja\",\"fabryk\u0119\",\"kryje\",\"Oriflame\",\"polska\",\"si\u0119\",\"swoj\u0105\",\"t\u0105\",\"zamknie\"],\"articleSection\":[\"Biznes\"],\"inLanguage\":\"pl-PL\"},{\"@type\":\"WebPage\",\"@id\":\"https:\/\/www.pogotowieflagowe.pl\/aktualne\/oriflame-zamknie-swoja-polska-fabryke-co-kryje-sie-za-ta-decyzja\/\",\"url\":\"https:\/\/www.pogotowieflagowe.pl\/aktualne\/oriflame-zamknie-swoja-polska-fabryke-co-kryje-sie-za-ta-decyzja\/\",\"name\":\"Oriflame zamknie swoj\u0105 polsk\u0105 fabryk\u0119: co kryje si\u0119 za t\u0105 decyzj\u0105? - POGOTOWIE FLAGOWE\u00ae\",\"isPartOf\":{\"@id\":\"https:\/\/www.pogotowieflagowe.pl\/aktualne\/#website\"},\"primaryImageOfPage\":{\"@id\":\"https:\/\/www.pogotowieflagowe.pl\/aktualne\/oriflame-zamknie-swoja-polska-fabryke-co-kryje-sie-za-ta-decyzja\/#primaryimage\"},\"image\":{\"@id\":\"https:\/\/www.pogotowieflagowe.pl\/aktualne\/oriflame-zamknie-swoja-polska-fabryke-co-kryje-sie-za-ta-decyzja\/#primaryimage\"},\"thumbnailUrl\":\"https:\/\/www.pogotowieflagowe.pl\/aktualne\/wp-content\/uploads\/2025\/01\/Oriflame-zamknie-swoja-polska-fabryke-co-kryje-sie-za-ta.jpg\",\"datePublished\":\"2025-01-12T21:48:48+00:00\",\"dateModified\":\"2025-01-12T21:48:49+00:00\",\"breadcrumb\":{\"@id\":\"https:\/\/www.pogotowieflagowe.pl\/aktualne\/oriflame-zamknie-swoja-polska-fabryke-co-kryje-sie-za-ta-decyzja\/#breadcrumb\"},\"inLanguage\":\"pl-PL\",\"potentialAction\":[{\"@type\":\"ReadAction\",\"target\":[\"https:\/\/www.pogotowieflagowe.pl\/aktualne\/oriflame-zamknie-swoja-polska-fabryke-co-kryje-sie-za-ta-decyzja\/\"]}]},{\"@type\":\"ImageObject\",\"inLanguage\":\"pl-PL\",\"@id\":\"https:\/\/www.pogotowieflagowe.pl\/aktualne\/oriflame-zamknie-swoja-polska-fabryke-co-kryje-sie-za-ta-decyzja\/#primaryimage\",\"url\":\"https:\/\/www.pogotowieflagowe.pl\/aktualne\/wp-content\/uploads\/2025\/01\/Oriflame-zamknie-swoja-polska-fabryke-co-kryje-sie-za-ta.jpg\",\"contentUrl\":\"https:\/\/www.pogotowieflagowe.pl\/aktualne\/wp-content\/uploads\/2025\/01\/Oriflame-zamknie-swoja-polska-fabryke-co-kryje-sie-za-ta.jpg\",\"width\":780,\"height\":680,\"caption\":\"Oriflame zamknie swoj\u0105 polsk\u0105 fabryk\u0119: co kryje si\u0119 za t\u0105 decyzj\u0105?\"},{\"@type\":\"BreadcrumbList\",\"@id\":\"https:\/\/www.pogotowieflagowe.pl\/aktualne\/oriflame-zamknie-swoja-polska-fabryke-co-kryje-sie-za-ta-decyzja\/#breadcrumb\",\"itemListElement\":[{\"@type\":\"ListItem\",\"position\":1,\"name\":\"Home\",\"item\":\"https:\/\/www.pogotowieflagowe.pl\/aktualne\/\"},{\"@type\":\"ListItem\",\"position\":2,\"name\":\"Oriflame zamknie swoj\u0105 polsk\u0105 fabryk\u0119: co kryje si\u0119 za t\u0105 decyzj\u0105?\"}]},{\"@type\":\"WebSite\",\"@id\":\"https:\/\/www.pogotowieflagowe.pl\/aktualne\/#website\",\"url\":\"https:\/\/www.pogotowieflagowe.pl\/aktualne\/\",\"name\":\"POGOTOWIE FLAGOWE\u00ae\",\"description\":\"\",\"publisher\":{\"@id\":\"https:\/\/www.pogotowieflagowe.pl\/aktualne\/#organization\"},\"potentialAction\":[{\"@type\":\"SearchAction\",\"target\":{\"@type\":\"EntryPoint\",\"urlTemplate\":\"https:\/\/www.pogotowieflagowe.pl\/aktualne\/?s={search_term_string}\"},\"query-input\":\"required name=search_term_string\"}],\"inLanguage\":\"pl-PL\"},{\"@type\":\"Organization\",\"@id\":\"https:\/\/www.pogotowieflagowe.pl\/aktualne\/#organization\",\"name\":\"POGOTOWIE FLAGOWE\u00ae\",\"url\":\"https:\/\/www.pogotowieflagowe.pl\/aktualne\/\",\"logo\":{\"@type\":\"ImageObject\",\"inLanguage\":\"pl-PL\",\"@id\":\"https:\/\/www.pogotowieflagowe.pl\/aktualne\/#\/schema\/logo\/image\/\",\"url\":\"https:\/\/www.pogotowieflagowe.pl\/aktualne\/wp-content\/uploads\/2024\/08\/cropped-pogotowieflagowe_flaga_projekt_sm.jpg\",\"contentUrl\":\"https:\/\/www.pogotowieflagowe.pl\/aktualne\/wp-content\/uploads\/2024\/08\/cropped-pogotowieflagowe_flaga_projekt_sm.jpg\",\"width\":250,\"height\":143,\"caption\":\"POGOTOWIE FLAGOWE\u00ae\"},\"image\":{\"@id\":\"https:\/\/www.pogotowieflagowe.pl\/aktualne\/#\/schema\/logo\/image\/\"}},{\"@type\":\"Person\",\"@id\":\"https:\/\/www.pogotowieflagowe.pl\/aktualne\/#\/schema\/person\/9c2fb7d2362ebf6fa088960d7f0d27b0\",\"name\":\"Filip\",\"image\":{\"@type\":\"ImageObject\",\"inLanguage\":\"pl-PL\",\"@id\":\"https:\/\/www.pogotowieflagowe.pl\/aktualne\/#\/schema\/person\/image\/\",\"url\":\"https:\/\/www.pogotowieflagowe.pl\/aktualne\/wp-content\/uploads\/2024\/08\/pogotowieflagowe.pl_.jpg\",\"contentUrl\":\"https:\/\/www.pogotowieflagowe.pl\/aktualne\/wp-content\/uploads\/2024\/08\/pogotowieflagowe.pl_.jpg\",\"caption\":\"Filip\"},\"description\":\"Jestem Filip, polski dziennikarz z dyplomem nauk politycznych Uniwersytetu Warszawskiego. Rozpoczynaj\u0105c swoj\u0105 karier\u0119 w r\u00f3\u017cnych lokalnych mediach, zdoby\u0142em solidne do\u015bwiadczenie w zakresie \u015bledztwa i redakcji. Obecnie jako redaktor w Pogotowie flagowe, staram si\u0119 dostarcza\u0107 dog\u0142\u0119bne i istotne analizy na temat najwa\u017cniejszych kwestii aktualno\u015bci, \u0142\u0105cz\u0105c rygor z pasj\u0105 dziennikarsk\u0105.\",\"sameAs\":[\"https:\/\/www.pogotowieflagowe.pl\/\"]}]}<\/script>\n<!-- \/ Yoast SEO plugin. -->","yoast_head_json":{"title":"Oriflame zamknie swoj\u0105 polsk\u0105 fabryk\u0119: co kryje si\u0119 za t\u0105 decyzj\u0105? - POGOTOWIE FLAGOWE\u00ae","robots":{"index":"index","follow":"follow","max-snippet":"max-snippet:-1","max-image-preview":"max-image-preview:large","max-video-preview":"max-video-preview:-1"},"canonical":"https:\/\/www.pogotowieflagowe.pl\/aktualne\/oriflame-zamknie-swoja-polska-fabryke-co-kryje-sie-za-ta-decyzja\/","og_locale":"pl_PL","og_type":"article","og_title":"Oriflame zamknie swoj\u0105 polsk\u0105 fabryk\u0119: co kryje si\u0119 za t\u0105 decyzj\u0105? - POGOTOWIE FLAGOWE\u00ae","og_description":"Po ponad trzydziestu latach dzia\u0142alno\u015bci szwedzki gigant kosmetyczny Oriflame og\u0142osi\u0142 plany zamkni\u0119cia swojej fabryki w warszawskiej dzielnicy Ursus. Posuni\u0119cie to,","og_url":"https:\/\/www.pogotowieflagowe.pl\/aktualne\/oriflame-zamknie-swoja-polska-fabryke-co-kryje-sie-za-ta-decyzja\/","og_site_name":"POGOTOWIE FLAGOWE\u00ae","article_published_time":"2025-01-12T21:48:48+00:00","article_modified_time":"2025-01-12T21:48:49+00:00","og_image":[{"width":780,"height":680,"url":"https:\/\/www.pogotowieflagowe.pl\/aktualne\/wp-content\/uploads\/2025\/01\/Oriflame-zamknie-swoja-polska-fabryke-co-kryje-sie-za-ta.jpg","type":"image\/jpeg"}],"author":"Filip","twitter_card":"summary_large_image","twitter_misc":{"Napisane przez":"Filip","Szacowany czas czytania":"2 minuty"},"schema":{"@context":"https:\/\/schema.org","@graph":[{"@type":"Article","@id":"https:\/\/www.pogotowieflagowe.pl\/aktualne\/oriflame-zamknie-swoja-polska-fabryke-co-kryje-sie-za-ta-decyzja\/#article","isPartOf":{"@id":"https:\/\/www.pogotowieflagowe.pl\/aktualne\/oriflame-zamknie-swoja-polska-fabryke-co-kryje-sie-za-ta-decyzja\/"},"author":{"name":"Filip","@id":"https:\/\/www.pogotowieflagowe.pl\/aktualne\/#\/schema\/person\/9c2fb7d2362ebf6fa088960d7f0d27b0"},"headline":"Oriflame zamknie swoj\u0105 polsk\u0105 fabryk\u0119: co kryje si\u0119 za t\u0105 decyzj\u0105?","datePublished":"2025-01-12T21:48:48+00:00","dateModified":"2025-01-12T21:48:49+00:00","mainEntityOfPage":{"@id":"https:\/\/www.pogotowieflagowe.pl\/aktualne\/oriflame-zamknie-swoja-polska-fabryke-co-kryje-sie-za-ta-decyzja\/"},"wordCount":362,"publisher":{"@id":"https:\/\/www.pogotowieflagowe.pl\/aktualne\/#organization"},"image":{"@id":"https:\/\/www.pogotowieflagowe.pl\/aktualne\/oriflame-zamknie-swoja-polska-fabryke-co-kryje-sie-za-ta-decyzja\/#primaryimage"},"thumbnailUrl":"https:\/\/www.pogotowieflagowe.pl\/aktualne\/wp-content\/uploads\/2025\/01\/Oriflame-zamknie-swoja-polska-fabryke-co-kryje-sie-za-ta.jpg","keywords":["Decyzja","fabryk\u0119","kryje","Oriflame","polska","si\u0119","swoj\u0105","t\u0105","zamknie"],"articleSection":["Biznes"],"inLanguage":"pl-PL"},{"@type":"WebPage","@id":"https:\/\/www.pogotowieflagowe.pl\/aktualne\/oriflame-zamknie-swoja-polska-fabryke-co-kryje-sie-za-ta-decyzja\/","url":"https:\/\/www.pogotowieflagowe.pl\/aktualne\/oriflame-zamknie-swoja-polska-fabryke-co-kryje-sie-za-ta-decyzja\/","name":"Oriflame zamknie swoj\u0105 polsk\u0105 fabryk\u0119: co kryje si\u0119 za t\u0105 decyzj\u0105? - POGOTOWIE FLAGOWE\u00ae","isPartOf":{"@id":"https:\/\/www.pogotowieflagowe.pl\/aktualne\/#website"},"primaryImageOfPage":{"@id":"https:\/\/www.pogotowieflagowe.pl\/aktualne\/oriflame-zamknie-swoja-polska-fabryke-co-kryje-sie-za-ta-decyzja\/#primaryimage"},"image":{"@id":"https:\/\/www.pogotowieflagowe.pl\/aktualne\/oriflame-zamknie-swoja-polska-fabryke-co-kryje-sie-za-ta-decyzja\/#primaryimage"},"thumbnailUrl":"https:\/\/www.pogotowieflagowe.pl\/aktualne\/wp-content\/uploads\/2025\/01\/Oriflame-zamknie-swoja-polska-fabryke-co-kryje-sie-za-ta.jpg","datePublished":"2025-01-12T21:48:48+00:00","dateModified":"2025-01-12T21:48:49+00:00","breadcrumb":{"@id":"https:\/\/www.pogotowieflagowe.pl\/aktualne\/oriflame-zamknie-swoja-polska-fabryke-co-kryje-sie-za-ta-decyzja\/#breadcrumb"},"inLanguage":"pl-PL","potentialAction":[{"@type":"ReadAction","target":["https:\/\/www.pogotowieflagowe.pl\/aktualne\/oriflame-zamknie-swoja-polska-fabryke-co-kryje-sie-za-ta-decyzja\/"]}]},{"@type":"ImageObject","inLanguage":"pl-PL","@id":"https:\/\/www.pogotowieflagowe.pl\/aktualne\/oriflame-zamknie-swoja-polska-fabryke-co-kryje-sie-za-ta-decyzja\/#primaryimage","url":"https:\/\/www.pogotowieflagowe.pl\/aktualne\/wp-content\/uploads\/2025\/01\/Oriflame-zamknie-swoja-polska-fabryke-co-kryje-sie-za-ta.jpg","contentUrl":"https:\/\/www.pogotowieflagowe.pl\/aktualne\/wp-content\/uploads\/2025\/01\/Oriflame-zamknie-swoja-polska-fabryke-co-kryje-sie-za-ta.jpg","width":780,"height":680,"caption":"Oriflame zamknie swoj\u0105 polsk\u0105 fabryk\u0119: co kryje si\u0119 za t\u0105 decyzj\u0105?"},{"@type":"BreadcrumbList","@id":"https:\/\/www.pogotowieflagowe.pl\/aktualne\/oriflame-zamknie-swoja-polska-fabryke-co-kryje-sie-za-ta-decyzja\/#breadcrumb","itemListElement":[{"@type":"ListItem","position":1,"name":"Home","item":"https:\/\/www.pogotowieflagowe.pl\/aktualne\/"},{"@type":"ListItem","position":2,"name":"Oriflame zamknie swoj\u0105 polsk\u0105 fabryk\u0119: co kryje si\u0119 za t\u0105 decyzj\u0105?"}]},{"@type":"WebSite","@id":"https:\/\/www.pogotowieflagowe.pl\/aktualne\/#website","url":"https:\/\/www.pogotowieflagowe.pl\/aktualne\/","name":"POGOTOWIE FLAGOWE\u00ae","description":"","publisher":{"@id":"https:\/\/www.pogotowieflagowe.pl\/aktualne\/#organization"},"potentialAction":[{"@type":"SearchAction","target":{"@type":"EntryPoint","urlTemplate":"https:\/\/www.pogotowieflagowe.pl\/aktualne\/?s={search_term_string}"},"query-input":"required name=search_term_string"}],"inLanguage":"pl-PL"},{"@type":"Organization","@id":"https:\/\/www.pogotowieflagowe.pl\/aktualne\/#organization","name":"POGOTOWIE FLAGOWE\u00ae","url":"https:\/\/www.pogotowieflagowe.pl\/aktualne\/","logo":{"@type":"ImageObject","inLanguage":"pl-PL","@id":"https:\/\/www.pogotowieflagowe.pl\/aktualne\/#\/schema\/logo\/image\/","url":"https:\/\/www.pogotowieflagowe.pl\/aktualne\/wp-content\/uploads\/2024\/08\/cropped-pogotowieflagowe_flaga_projekt_sm.jpg","contentUrl":"https:\/\/www.pogotowieflagowe.pl\/aktualne\/wp-content\/uploads\/2024\/08\/cropped-pogotowieflagowe_flaga_projekt_sm.jpg","width":250,"height":143,"caption":"POGOTOWIE FLAGOWE\u00ae"},"image":{"@id":"https:\/\/www.pogotowieflagowe.pl\/aktualne\/#\/schema\/logo\/image\/"}},{"@type":"Person","@id":"https:\/\/www.pogotowieflagowe.pl\/aktualne\/#\/schema\/person\/9c2fb7d2362ebf6fa088960d7f0d27b0","name":"Filip","image":{"@type":"ImageObject","inLanguage":"pl-PL","@id":"https:\/\/www.pogotowieflagowe.pl\/aktualne\/#\/schema\/person\/image\/","url":"https:\/\/www.pogotowieflagowe.pl\/aktualne\/wp-content\/uploads\/2024\/08\/pogotowieflagowe.pl_.jpg","contentUrl":"https:\/\/www.pogotowieflagowe.pl\/aktualne\/wp-content\/uploads\/2024\/08\/pogotowieflagowe.pl_.jpg","caption":"Filip"},"description":"Jestem Filip, polski dziennikarz z dyplomem nauk politycznych Uniwersytetu Warszawskiego. Rozpoczynaj\u0105c swoj\u0105 karier\u0119 w r\u00f3\u017cnych lokalnych mediach, zdoby\u0142em solidne do\u015bwiadczenie w zakresie \u015bledztwa i redakcji. Obecnie jako redaktor w Pogotowie flagowe, staram si\u0119 dostarcza\u0107 dog\u0142\u0119bne i istotne analizy na temat najwa\u017cniejszych kwestii aktualno\u015bci, \u0142\u0105cz\u0105c rygor z pasj\u0105 dziennikarsk\u0105.","sameAs":["https:\/\/www.pogotowieflagowe.pl\/"]}]}},"_links":{"self":[{"href":"https:\/\/www.pogotowieflagowe.pl\/aktualne\/wp-json\/wp\/v2\/posts\/3032","targetHints":{"allow":["GET"]}}],"collection":[{"href":"https:\/\/www.pogotowieflagowe.pl\/aktualne\/wp-json\/wp\/v2\/posts"}],"about":[{"href":"https:\/\/www.pogotowieflagowe.pl\/aktualne\/wp-json\/wp\/v2\/types\/post"}],"author":[{"embeddable":true,"href":"https:\/\/www.pogotowieflagowe.pl\/aktualne\/wp-json\/wp\/v2\/users\/1"}],"replies":[{"embeddable":true,"href":"https:\/\/www.pogotowieflagowe.pl\/aktualne\/wp-json\/wp\/v2\/comments?post=3032"}],"version-history":[{"count":1,"href":"https:\/\/www.pogotowieflagowe.pl\/aktualne\/wp-json\/wp\/v2\/posts\/3032\/revisions"}],"predecessor-version":[{"id":3034,"href":"https:\/\/www.pogotowieflagowe.pl\/aktualne\/wp-json\/wp\/v2\/posts\/3032\/revisions\/3034"}],"wp:featuredmedia":[{"embeddable":true,"href":"https:\/\/www.pogotowieflagowe.pl\/aktualne\/wp-json\/wp\/v2\/media\/3033"}],"wp:attachment":[{"href":"https:\/\/www.pogotowieflagowe.pl\/aktualne\/wp-json\/wp\/v2\/media?parent=3032"}],"wp:term":[{"taxonomy":"category","embeddable":true,"href":"https:\/\/www.pogotowieflagowe.pl\/aktualne\/wp-json\/wp\/v2\/categories?post=3032"},{"taxonomy":"post_tag","embeddable":true,"href":"https:\/\/www.pogotowieflagowe.pl\/aktualne\/wp-json\/wp\/v2\/tags?post=3032"}],"curies":[{"name":"wp","href":"https:\/\/api.w.org\/{rel}","templated":true}]}}