{"id":3097,"date":"2025-01-14T22:48:49","date_gmt":"2025-01-14T21:48:49","guid":{"rendered":"https:\/\/www.pogotowieflagowe.pl\/aktualne\/swietujemy-logike-i-rozum-swiatowy-dzien-logiki-14-stycznia\/"},"modified":"2025-01-14T22:48:50","modified_gmt":"2025-01-14T21:48:50","slug":"swietujemy-logike-i-rozum-swiatowy-dzien-logiki-14-stycznia","status":"publish","type":"post","link":"https:\/\/www.pogotowieflagowe.pl\/aktualne\/swietujemy-logike-i-rozum-swiatowy-dzien-logiki-14-stycznia\/","title":{"rendered":"\u015awi\u0119tujemy logik\u0119 i rozum: \u015awiatowy Dzie\u0144 Logiki 14 stycznia"},"content":{"rendered":"\n<div class=\"td_block_wrap tdb_single_content tdi_48 td-pb-border-top td_block_template_8 td-post-content tagdiv-type\" data-td-block-uid=\"tdi_48\">\n<style>.tdi_48{margines-top:0px!important;margin-bottom:0px!important;dope\u0142nienie-g\u00f3ra:0px!important;dope\u0142nienie-d\u00f3\u0142:0px!important}<\/style>\n<style>.tdb_single_content{margin-bottom:0;*zoom:1}.tdb_single_content:before,.tdb_single_content:after{display:table;content:'';line-height:0}.tdb_single_content:after{clear:both}.tdb_single_content .tdb-block-inner>*:not(.wp-block-quote):not(.alignwide):not(.alignfull.wp-block-cover.has-parallax):not(.td-a-ad) {margin-left:auto;margin-right:auto}.tdb_single_content a{pointer-events:auto}.tdb_single_content .td-spot-id-top_ad .tdc-placeholder-title:before{content:'Article Top Ad'!important}.tdb_single_content .td-spot-id-inline_ad0 .tdc-placeholder-title:before{content:'Article Reklama wbudowana 1'!important}.tdb_single_content .td-spot-id-inline_ad1 .tdc-placeholder-title:before{content:'Article Inline Ad 2'!important}.tdb_single_content .td-spot-id-inline_ad2 .tdc-placeholder-title:before{content:' Reklama wbudowana w artyku\u0142 3'!important}.tdb_single_content .td-spot-id-bottom_ad .tdc-placeholder-title:before{content:'Article Bottom Ad'!important}.tdb_single_content .id_top_ad,.tdb_single_content .id_bottom_ad{clear:both;margin-bottom:21px;text-align:center}.tdb_single_content .id_top_ad img,.tdb_single_content .id_bottom_ad img{margin-bottom:0}.tdb_single_content .id_top_ad .adsbygoogle,.tdb_single_content .id_bottom_ad .adsbygoogle{position:relative}.tdb_single_content .id_ad_content-horiz-left,.tdb_single_content .id_ad_content-horiz-right,.tdb_single_content .id_ad_content-horiz-center{margin-bottom:15px}.tdb_single_content .id_ad_content-horiz-left img,.tdb_single_content .id_ad_content-horiz-right img,.tdb_single_content .id_ad_content-horiz-center img{margin-bottom:0}.tdb_single_content .id_ad_content-horiz-center{text-align:center}.tdb_single_content .id_ad_content-horiz-center img{margin-right:auto;margin-left:auto}.tdb_single_content .id_ad_content-horiz-left{float:left;margin-top:9px;margin-right:21px}.tdb_single_content .id_ad_content-horiz-right{float:right;margin-top:6px;margin-left:21px}.tdb_single_content .tdc-a-ad .tdc-placeholder-title{width:300px;height:250px}.tdb_single_content .tdc-a-ad .tdc-placeholder-title:before{position:absolute;top:50%;-webkit-transform:translateY(-50%);transform:translateY(-50%);margines:auto;display:table;width:100 %}.tdb_single_content .tdb-block-inner.td-fix-index{word-break:break-word}.tdi_48,.tdi_48>p,.tdi_48 .tdb-block-inner>p{font-size:16px!important;line- wysoko\u015b\u0107:1,6!wa\u017cne}.tdi_48 .tdb-block-inner blockquote p{font-style:normal!important}@media (max-width:767px){.tdb_single_content .id_ad_content-horiz-left,.tdb_single_content .id_ad_content-horiz-right,.tdb_single_content .id_ad_content-horiz-center{margin:0 automatyczny 26px auto}}@media (max-width:767px){.tdb_single_content .id_ad_content-horiz-left{margin-right:0}}@media (max-width:767px){.tdb_single_content .id_ad_content-horiz-right{margin -left:0}}@media (max-width:767px){.tdb_single_content .td-a-ad{float:none;text-align:center}.tdb_single_content .td-a-ad img{margin-right:auto;margin-left:auto}. tdb_single_content .tdc-a-ad{float:none}}<\/style>\n<div class=\"tdb-block-inner td-fix-index\">\n<p>W epoce zalanej informacjami i konkurencyjnymi perspektywami \u015awiatowy Dzie\u0144 Logiki przypadaj\u0105cy 14 stycznia stanowi ho\u0142d dla rozumu, racjonalno\u015bci i krytycznego my\u015blenia. To mi\u0119dzynarodowe \u015bwi\u0119to, ustanowione przez UNESCO w 2019 r., podkre\u015bla niezast\u0105pion\u0105 rol\u0119 logiki w stawianiu czo\u0142a globalnym wyzwaniom oraz wspieraniu dialogu, tolerancji i zrozumienia.<\/p>\n<h2 class=\"wp-block-heading\">Honorowanie dziedzictwa my\u015bli<\/h2>\n<p>Wybrano dzie\u0144 14 stycznia ze wzgl\u0119du na jego historyczne znaczenie, upami\u0119tniaj\u0105cy narodziny Kurta G\u00f6dla, pionierskiego logika i filozofa, kt\u00f3rego twierdzenia o niezupe\u0142no\u015bci na nowo ukszta\u0142towa\u0142y dziedzin\u0119 logiki matematycznej. Upami\u0119tniaj\u0105c dziedzictwo G\u00f6dla, \u015awiatowy Dzie\u0144 Logiki sk\u0142ada ho\u0142d g\u0142\u0119bokiemu wp\u0142ywowi logiki na r\u00f3\u017cne dyscypliny, takie jak filozofia, matematyka, informatyka i j\u0119zykoznawstwo.<\/p>\n<h2 class=\"wp-block-heading\">Potrzeba krytycznego my\u015blenia<\/h2>\n<p>W \u015bwiecie ukszta\u0142towanym przez szybki post\u0119p technologiczny i z\u0142o\u017cone globalne wyzwania krytyczne my\u015blenie nigdy nie by\u0142o tak istotne. \u015awiatowy Dzie\u0144 Logiki ma na celu zainspirowanie poszczeg\u00f3lnych os\u00f3b do doskonalenia umiej\u0119tno\u015bci logicznego rozumowania, umo\u017cliwienia im przegl\u0105dania informacji, dokonywania \u015bwiadomych wybor\u00f3w i uczestniczenia w znacz\u0105cych, produktywnych rozmowach.<\/p>\n<h2 class=\"wp-block-heading\">Logika jako codzienny kompas<\/h2>\n<p>Logika nie ogranicza si\u0119 do \u015brodowiska akademickiego, ale jest integraln\u0105 cz\u0119\u015bci\u0105 \u017cycia codziennego. Pomaga nam rozwi\u0105zywa\u0107 praktyczne problemy, porusza\u0107 si\u0119 po zawi\u0142o\u015bciach technologicznych i podejmowa\u0107 decyzje w spos\u00f3b jasny i rozs\u0105dny. Logika s\u0142u\u017cy r\u00f3wnie\u017c jako podstawa bada\u0144 naukowych, zapewniaj\u0105c, \u017ce dowody i rozumowanie kieruj\u0105 odkryciami i wnioskami.<\/p>\n<p>\u015awiatowy Dzie\u0144 Logiki zach\u0119ca nas wszystkich do zatrzymania si\u0119 i uznania znaczenia logicznego my\u015blenia \u2013 nie tylko w \u015brodowisku akademickim czy zawodowym, ale tak\u017ce w dokonywanych przez nas wyborach i rozmowach, kt\u00f3re prowadzimy. Promuj\u0105c dyscyplin\u0119 intelektualn\u0105 i rozs\u0105dek, ten dzie\u0144 promuje kultur\u0119, w kt\u00f3rej mo\u017ce kwitn\u0105\u0107 zrozumienie i wsp\u00f3\u0142praca.<\/p>\n<\/p>\n<\/div>\n<\/div>\n","protected":false},"excerpt":{"rendered":"<p>W epoce zalanej informacjami i konkurencyjnymi perspektywami \u015awiatowy Dzie\u0144 Logiki przypadaj\u0105cy 14 stycznia stanowi ho\u0142d dla rozumu, racjonalno\u015bci i krytycznego<\/p>\n","protected":false},"author":1,"featured_media":3098,"comment_status":"closed","ping_status":"","sticky":false,"template":"","format":"standard","meta":{"footnotes":""},"categories":[47],"tags":[1078,4518,4520,4519,4315,1637,1080],"class_list":["post-3097","post","type-post","status-publish","format-standard","has-post-thumbnail","hentry","category-styl-zycia","tag-dzien","tag-logike","tag-logiki","tag-rozum","tag-stycznia","tag-swiatowy","tag-swietujemy","generate-columns","tablet-grid-50","mobile-grid-100","grid-parent","grid-50","resize-featured-image"],"yoast_head":"<!-- This site is optimized with the Yoast SEO plugin v23.2 - https:\/\/yoast.com\/wordpress\/plugins\/seo\/ -->\n<title>\u015awi\u0119tujemy logik\u0119 i rozum: \u015awiatowy Dzie\u0144 Logiki 14 stycznia - POGOTOWIE FLAGOWE\u00ae<\/title>\n<meta name=\"robots\" content=\"index, follow, max-snippet:-1, max-image-preview:large, max-video-preview:-1\" \/>\n<link rel=\"canonical\" href=\"https:\/\/www.pogotowieflagowe.pl\/aktualne\/swietujemy-logike-i-rozum-swiatowy-dzien-logiki-14-stycznia\/\" \/>\n<meta property=\"og:locale\" content=\"pl_PL\" \/>\n<meta property=\"og:type\" content=\"article\" \/>\n<meta property=\"og:title\" content=\"\u015awi\u0119tujemy logik\u0119 i rozum: \u015awiatowy Dzie\u0144 Logiki 14 stycznia - POGOTOWIE FLAGOWE\u00ae\" \/>\n<meta property=\"og:description\" content=\"W epoce zalanej informacjami i konkurencyjnymi perspektywami \u015awiatowy Dzie\u0144 Logiki przypadaj\u0105cy 14 stycznia stanowi ho\u0142d dla rozumu, racjonalno\u015bci i krytycznego\" \/>\n<meta property=\"og:url\" content=\"https:\/\/www.pogotowieflagowe.pl\/aktualne\/swietujemy-logike-i-rozum-swiatowy-dzien-logiki-14-stycznia\/\" \/>\n<meta property=\"og:site_name\" content=\"POGOTOWIE FLAGOWE\u00ae\" \/>\n<meta property=\"article:published_time\" content=\"2025-01-14T21:48:49+00:00\" \/>\n<meta property=\"article:modified_time\" content=\"2025-01-14T21:48:50+00:00\" \/>\n<meta property=\"og:image\" content=\"https:\/\/www.pogotowieflagowe.pl\/aktualne\/wp-content\/uploads\/2025\/01\/Swietujemy-logike-i-rozum-Swiatowy-Dzien-Logiki-14-stycznia.jpeg\" \/>\n\t<meta property=\"og:image:width\" content=\"821\" \/>\n\t<meta property=\"og:image:height\" content=\"312\" \/>\n\t<meta property=\"og:image:type\" content=\"image\/jpeg\" \/>\n<meta name=\"author\" content=\"Filip\" \/>\n<meta name=\"twitter:card\" content=\"summary_large_image\" \/>\n<meta name=\"twitter:label1\" content=\"Napisane przez\" \/>\n\t<meta name=\"twitter:data1\" content=\"Filip\" \/>\n\t<meta name=\"twitter:label2\" content=\"Szacowany czas czytania\" \/>\n\t<meta name=\"twitter:data2\" content=\"2 minuty\" \/>\n<script type=\"application\/ld+json\" class=\"yoast-schema-graph\">{\"@context\":\"https:\/\/schema.org\",\"@graph\":[{\"@type\":\"Article\",\"@id\":\"https:\/\/www.pogotowieflagowe.pl\/aktualne\/swietujemy-logike-i-rozum-swiatowy-dzien-logiki-14-stycznia\/#article\",\"isPartOf\":{\"@id\":\"https:\/\/www.pogotowieflagowe.pl\/aktualne\/swietujemy-logike-i-rozum-swiatowy-dzien-logiki-14-stycznia\/\"},\"author\":{\"name\":\"Filip\",\"@id\":\"https:\/\/www.pogotowieflagowe.pl\/aktualne\/#\/schema\/person\/9c2fb7d2362ebf6fa088960d7f0d27b0\"},\"headline\":\"\u015awi\u0119tujemy logik\u0119 i rozum: \u015awiatowy Dzie\u0144 Logiki 14 stycznia\",\"datePublished\":\"2025-01-14T21:48:49+00:00\",\"dateModified\":\"2025-01-14T21:48:50+00:00\",\"mainEntityOfPage\":{\"@id\":\"https:\/\/www.pogotowieflagowe.pl\/aktualne\/swietujemy-logike-i-rozum-swiatowy-dzien-logiki-14-stycznia\/\"},\"wordCount\":312,\"publisher\":{\"@id\":\"https:\/\/www.pogotowieflagowe.pl\/aktualne\/#organization\"},\"image\":{\"@id\":\"https:\/\/www.pogotowieflagowe.pl\/aktualne\/swietujemy-logike-i-rozum-swiatowy-dzien-logiki-14-stycznia\/#primaryimage\"},\"thumbnailUrl\":\"https:\/\/www.pogotowieflagowe.pl\/aktualne\/wp-content\/uploads\/2025\/01\/Swietujemy-logike-i-rozum-Swiatowy-Dzien-Logiki-14-stycznia.jpeg\",\"keywords\":[\"Dzie\u0144\",\"logik\u0119\",\"Logiki\",\"rozum\",\"stycznia\",\"\u015awiatowy\",\"\u015awi\u0119tujemy\"],\"articleSection\":[\"Styl \u017cycia\"],\"inLanguage\":\"pl-PL\"},{\"@type\":\"WebPage\",\"@id\":\"https:\/\/www.pogotowieflagowe.pl\/aktualne\/swietujemy-logike-i-rozum-swiatowy-dzien-logiki-14-stycznia\/\",\"url\":\"https:\/\/www.pogotowieflagowe.pl\/aktualne\/swietujemy-logike-i-rozum-swiatowy-dzien-logiki-14-stycznia\/\",\"name\":\"\u015awi\u0119tujemy logik\u0119 i rozum: \u015awiatowy Dzie\u0144 Logiki 14 stycznia - POGOTOWIE FLAGOWE\u00ae\",\"isPartOf\":{\"@id\":\"https:\/\/www.pogotowieflagowe.pl\/aktualne\/#website\"},\"primaryImageOfPage\":{\"@id\":\"https:\/\/www.pogotowieflagowe.pl\/aktualne\/swietujemy-logike-i-rozum-swiatowy-dzien-logiki-14-stycznia\/#primaryimage\"},\"image\":{\"@id\":\"https:\/\/www.pogotowieflagowe.pl\/aktualne\/swietujemy-logike-i-rozum-swiatowy-dzien-logiki-14-stycznia\/#primaryimage\"},\"thumbnailUrl\":\"https:\/\/www.pogotowieflagowe.pl\/aktualne\/wp-content\/uploads\/2025\/01\/Swietujemy-logike-i-rozum-Swiatowy-Dzien-Logiki-14-stycznia.jpeg\",\"datePublished\":\"2025-01-14T21:48:49+00:00\",\"dateModified\":\"2025-01-14T21:48:50+00:00\",\"breadcrumb\":{\"@id\":\"https:\/\/www.pogotowieflagowe.pl\/aktualne\/swietujemy-logike-i-rozum-swiatowy-dzien-logiki-14-stycznia\/#breadcrumb\"},\"inLanguage\":\"pl-PL\",\"potentialAction\":[{\"@type\":\"ReadAction\",\"target\":[\"https:\/\/www.pogotowieflagowe.pl\/aktualne\/swietujemy-logike-i-rozum-swiatowy-dzien-logiki-14-stycznia\/\"]}]},{\"@type\":\"ImageObject\",\"inLanguage\":\"pl-PL\",\"@id\":\"https:\/\/www.pogotowieflagowe.pl\/aktualne\/swietujemy-logike-i-rozum-swiatowy-dzien-logiki-14-stycznia\/#primaryimage\",\"url\":\"https:\/\/www.pogotowieflagowe.pl\/aktualne\/wp-content\/uploads\/2025\/01\/Swietujemy-logike-i-rozum-Swiatowy-Dzien-Logiki-14-stycznia.jpeg\",\"contentUrl\":\"https:\/\/www.pogotowieflagowe.pl\/aktualne\/wp-content\/uploads\/2025\/01\/Swietujemy-logike-i-rozum-Swiatowy-Dzien-Logiki-14-stycznia.jpeg\",\"width\":821,\"height\":312,\"caption\":\"\u015awi\u0119tujemy logik\u0119 i rozum: \u015awiatowy Dzie\u0144 Logiki 14 stycznia\"},{\"@type\":\"BreadcrumbList\",\"@id\":\"https:\/\/www.pogotowieflagowe.pl\/aktualne\/swietujemy-logike-i-rozum-swiatowy-dzien-logiki-14-stycznia\/#breadcrumb\",\"itemListElement\":[{\"@type\":\"ListItem\",\"position\":1,\"name\":\"Home\",\"item\":\"https:\/\/www.pogotowieflagowe.pl\/aktualne\/\"},{\"@type\":\"ListItem\",\"position\":2,\"name\":\"\u015awi\u0119tujemy logik\u0119 i rozum: \u015awiatowy Dzie\u0144 Logiki 14 stycznia\"}]},{\"@type\":\"WebSite\",\"@id\":\"https:\/\/www.pogotowieflagowe.pl\/aktualne\/#website\",\"url\":\"https:\/\/www.pogotowieflagowe.pl\/aktualne\/\",\"name\":\"POGOTOWIE FLAGOWE\u00ae\",\"description\":\"\",\"publisher\":{\"@id\":\"https:\/\/www.pogotowieflagowe.pl\/aktualne\/#organization\"},\"potentialAction\":[{\"@type\":\"SearchAction\",\"target\":{\"@type\":\"EntryPoint\",\"urlTemplate\":\"https:\/\/www.pogotowieflagowe.pl\/aktualne\/?s={search_term_string}\"},\"query-input\":\"required name=search_term_string\"}],\"inLanguage\":\"pl-PL\"},{\"@type\":\"Organization\",\"@id\":\"https:\/\/www.pogotowieflagowe.pl\/aktualne\/#organization\",\"name\":\"POGOTOWIE FLAGOWE\u00ae\",\"url\":\"https:\/\/www.pogotowieflagowe.pl\/aktualne\/\",\"logo\":{\"@type\":\"ImageObject\",\"inLanguage\":\"pl-PL\",\"@id\":\"https:\/\/www.pogotowieflagowe.pl\/aktualne\/#\/schema\/logo\/image\/\",\"url\":\"https:\/\/www.pogotowieflagowe.pl\/aktualne\/wp-content\/uploads\/2024\/08\/cropped-pogotowieflagowe_flaga_projekt_sm.jpg\",\"contentUrl\":\"https:\/\/www.pogotowieflagowe.pl\/aktualne\/wp-content\/uploads\/2024\/08\/cropped-pogotowieflagowe_flaga_projekt_sm.jpg\",\"width\":250,\"height\":143,\"caption\":\"POGOTOWIE FLAGOWE\u00ae\"},\"image\":{\"@id\":\"https:\/\/www.pogotowieflagowe.pl\/aktualne\/#\/schema\/logo\/image\/\"}},{\"@type\":\"Person\",\"@id\":\"https:\/\/www.pogotowieflagowe.pl\/aktualne\/#\/schema\/person\/9c2fb7d2362ebf6fa088960d7f0d27b0\",\"name\":\"Filip\",\"image\":{\"@type\":\"ImageObject\",\"inLanguage\":\"pl-PL\",\"@id\":\"https:\/\/www.pogotowieflagowe.pl\/aktualne\/#\/schema\/person\/image\/\",\"url\":\"https:\/\/www.pogotowieflagowe.pl\/aktualne\/wp-content\/uploads\/2024\/08\/pogotowieflagowe.pl_.jpg\",\"contentUrl\":\"https:\/\/www.pogotowieflagowe.pl\/aktualne\/wp-content\/uploads\/2024\/08\/pogotowieflagowe.pl_.jpg\",\"caption\":\"Filip\"},\"description\":\"Jestem Filip, polski dziennikarz z dyplomem nauk politycznych Uniwersytetu Warszawskiego. Rozpoczynaj\u0105c swoj\u0105 karier\u0119 w r\u00f3\u017cnych lokalnych mediach, zdoby\u0142em solidne do\u015bwiadczenie w zakresie \u015bledztwa i redakcji. Obecnie jako redaktor w Pogotowie flagowe, staram si\u0119 dostarcza\u0107 dog\u0142\u0119bne i istotne analizy na temat najwa\u017cniejszych kwestii aktualno\u015bci, \u0142\u0105cz\u0105c rygor z pasj\u0105 dziennikarsk\u0105.\",\"sameAs\":[\"https:\/\/www.pogotowieflagowe.pl\/\"]}]}<\/script>\n<!-- \/ Yoast SEO plugin. -->","yoast_head_json":{"title":"\u015awi\u0119tujemy logik\u0119 i rozum: \u015awiatowy Dzie\u0144 Logiki 14 stycznia - POGOTOWIE FLAGOWE\u00ae","robots":{"index":"index","follow":"follow","max-snippet":"max-snippet:-1","max-image-preview":"max-image-preview:large","max-video-preview":"max-video-preview:-1"},"canonical":"https:\/\/www.pogotowieflagowe.pl\/aktualne\/swietujemy-logike-i-rozum-swiatowy-dzien-logiki-14-stycznia\/","og_locale":"pl_PL","og_type":"article","og_title":"\u015awi\u0119tujemy logik\u0119 i rozum: \u015awiatowy Dzie\u0144 Logiki 14 stycznia - POGOTOWIE FLAGOWE\u00ae","og_description":"W epoce zalanej informacjami i konkurencyjnymi perspektywami \u015awiatowy Dzie\u0144 Logiki przypadaj\u0105cy 14 stycznia stanowi ho\u0142d dla rozumu, racjonalno\u015bci i krytycznego","og_url":"https:\/\/www.pogotowieflagowe.pl\/aktualne\/swietujemy-logike-i-rozum-swiatowy-dzien-logiki-14-stycznia\/","og_site_name":"POGOTOWIE FLAGOWE\u00ae","article_published_time":"2025-01-14T21:48:49+00:00","article_modified_time":"2025-01-14T21:48:50+00:00","og_image":[{"width":821,"height":312,"url":"https:\/\/www.pogotowieflagowe.pl\/aktualne\/wp-content\/uploads\/2025\/01\/Swietujemy-logike-i-rozum-Swiatowy-Dzien-Logiki-14-stycznia.jpeg","type":"image\/jpeg"}],"author":"Filip","twitter_card":"summary_large_image","twitter_misc":{"Napisane przez":"Filip","Szacowany czas czytania":"2 minuty"},"schema":{"@context":"https:\/\/schema.org","@graph":[{"@type":"Article","@id":"https:\/\/www.pogotowieflagowe.pl\/aktualne\/swietujemy-logike-i-rozum-swiatowy-dzien-logiki-14-stycznia\/#article","isPartOf":{"@id":"https:\/\/www.pogotowieflagowe.pl\/aktualne\/swietujemy-logike-i-rozum-swiatowy-dzien-logiki-14-stycznia\/"},"author":{"name":"Filip","@id":"https:\/\/www.pogotowieflagowe.pl\/aktualne\/#\/schema\/person\/9c2fb7d2362ebf6fa088960d7f0d27b0"},"headline":"\u015awi\u0119tujemy logik\u0119 i rozum: \u015awiatowy Dzie\u0144 Logiki 14 stycznia","datePublished":"2025-01-14T21:48:49+00:00","dateModified":"2025-01-14T21:48:50+00:00","mainEntityOfPage":{"@id":"https:\/\/www.pogotowieflagowe.pl\/aktualne\/swietujemy-logike-i-rozum-swiatowy-dzien-logiki-14-stycznia\/"},"wordCount":312,"publisher":{"@id":"https:\/\/www.pogotowieflagowe.pl\/aktualne\/#organization"},"image":{"@id":"https:\/\/www.pogotowieflagowe.pl\/aktualne\/swietujemy-logike-i-rozum-swiatowy-dzien-logiki-14-stycznia\/#primaryimage"},"thumbnailUrl":"https:\/\/www.pogotowieflagowe.pl\/aktualne\/wp-content\/uploads\/2025\/01\/Swietujemy-logike-i-rozum-Swiatowy-Dzien-Logiki-14-stycznia.jpeg","keywords":["Dzie\u0144","logik\u0119","Logiki","rozum","stycznia","\u015awiatowy","\u015awi\u0119tujemy"],"articleSection":["Styl \u017cycia"],"inLanguage":"pl-PL"},{"@type":"WebPage","@id":"https:\/\/www.pogotowieflagowe.pl\/aktualne\/swietujemy-logike-i-rozum-swiatowy-dzien-logiki-14-stycznia\/","url":"https:\/\/www.pogotowieflagowe.pl\/aktualne\/swietujemy-logike-i-rozum-swiatowy-dzien-logiki-14-stycznia\/","name":"\u015awi\u0119tujemy logik\u0119 i rozum: \u015awiatowy Dzie\u0144 Logiki 14 stycznia - POGOTOWIE FLAGOWE\u00ae","isPartOf":{"@id":"https:\/\/www.pogotowieflagowe.pl\/aktualne\/#website"},"primaryImageOfPage":{"@id":"https:\/\/www.pogotowieflagowe.pl\/aktualne\/swietujemy-logike-i-rozum-swiatowy-dzien-logiki-14-stycznia\/#primaryimage"},"image":{"@id":"https:\/\/www.pogotowieflagowe.pl\/aktualne\/swietujemy-logike-i-rozum-swiatowy-dzien-logiki-14-stycznia\/#primaryimage"},"thumbnailUrl":"https:\/\/www.pogotowieflagowe.pl\/aktualne\/wp-content\/uploads\/2025\/01\/Swietujemy-logike-i-rozum-Swiatowy-Dzien-Logiki-14-stycznia.jpeg","datePublished":"2025-01-14T21:48:49+00:00","dateModified":"2025-01-14T21:48:50+00:00","breadcrumb":{"@id":"https:\/\/www.pogotowieflagowe.pl\/aktualne\/swietujemy-logike-i-rozum-swiatowy-dzien-logiki-14-stycznia\/#breadcrumb"},"inLanguage":"pl-PL","potentialAction":[{"@type":"ReadAction","target":["https:\/\/www.pogotowieflagowe.pl\/aktualne\/swietujemy-logike-i-rozum-swiatowy-dzien-logiki-14-stycznia\/"]}]},{"@type":"ImageObject","inLanguage":"pl-PL","@id":"https:\/\/www.pogotowieflagowe.pl\/aktualne\/swietujemy-logike-i-rozum-swiatowy-dzien-logiki-14-stycznia\/#primaryimage","url":"https:\/\/www.pogotowieflagowe.pl\/aktualne\/wp-content\/uploads\/2025\/01\/Swietujemy-logike-i-rozum-Swiatowy-Dzien-Logiki-14-stycznia.jpeg","contentUrl":"https:\/\/www.pogotowieflagowe.pl\/aktualne\/wp-content\/uploads\/2025\/01\/Swietujemy-logike-i-rozum-Swiatowy-Dzien-Logiki-14-stycznia.jpeg","width":821,"height":312,"caption":"\u015awi\u0119tujemy logik\u0119 i rozum: \u015awiatowy Dzie\u0144 Logiki 14 stycznia"},{"@type":"BreadcrumbList","@id":"https:\/\/www.pogotowieflagowe.pl\/aktualne\/swietujemy-logike-i-rozum-swiatowy-dzien-logiki-14-stycznia\/#breadcrumb","itemListElement":[{"@type":"ListItem","position":1,"name":"Home","item":"https:\/\/www.pogotowieflagowe.pl\/aktualne\/"},{"@type":"ListItem","position":2,"name":"\u015awi\u0119tujemy logik\u0119 i rozum: \u015awiatowy Dzie\u0144 Logiki 14 stycznia"}]},{"@type":"WebSite","@id":"https:\/\/www.pogotowieflagowe.pl\/aktualne\/#website","url":"https:\/\/www.pogotowieflagowe.pl\/aktualne\/","name":"POGOTOWIE FLAGOWE\u00ae","description":"","publisher":{"@id":"https:\/\/www.pogotowieflagowe.pl\/aktualne\/#organization"},"potentialAction":[{"@type":"SearchAction","target":{"@type":"EntryPoint","urlTemplate":"https:\/\/www.pogotowieflagowe.pl\/aktualne\/?s={search_term_string}"},"query-input":"required name=search_term_string"}],"inLanguage":"pl-PL"},{"@type":"Organization","@id":"https:\/\/www.pogotowieflagowe.pl\/aktualne\/#organization","name":"POGOTOWIE FLAGOWE\u00ae","url":"https:\/\/www.pogotowieflagowe.pl\/aktualne\/","logo":{"@type":"ImageObject","inLanguage":"pl-PL","@id":"https:\/\/www.pogotowieflagowe.pl\/aktualne\/#\/schema\/logo\/image\/","url":"https:\/\/www.pogotowieflagowe.pl\/aktualne\/wp-content\/uploads\/2024\/08\/cropped-pogotowieflagowe_flaga_projekt_sm.jpg","contentUrl":"https:\/\/www.pogotowieflagowe.pl\/aktualne\/wp-content\/uploads\/2024\/08\/cropped-pogotowieflagowe_flaga_projekt_sm.jpg","width":250,"height":143,"caption":"POGOTOWIE FLAGOWE\u00ae"},"image":{"@id":"https:\/\/www.pogotowieflagowe.pl\/aktualne\/#\/schema\/logo\/image\/"}},{"@type":"Person","@id":"https:\/\/www.pogotowieflagowe.pl\/aktualne\/#\/schema\/person\/9c2fb7d2362ebf6fa088960d7f0d27b0","name":"Filip","image":{"@type":"ImageObject","inLanguage":"pl-PL","@id":"https:\/\/www.pogotowieflagowe.pl\/aktualne\/#\/schema\/person\/image\/","url":"https:\/\/www.pogotowieflagowe.pl\/aktualne\/wp-content\/uploads\/2024\/08\/pogotowieflagowe.pl_.jpg","contentUrl":"https:\/\/www.pogotowieflagowe.pl\/aktualne\/wp-content\/uploads\/2024\/08\/pogotowieflagowe.pl_.jpg","caption":"Filip"},"description":"Jestem Filip, polski dziennikarz z dyplomem nauk politycznych Uniwersytetu Warszawskiego. Rozpoczynaj\u0105c swoj\u0105 karier\u0119 w r\u00f3\u017cnych lokalnych mediach, zdoby\u0142em solidne do\u015bwiadczenie w zakresie \u015bledztwa i redakcji. Obecnie jako redaktor w Pogotowie flagowe, staram si\u0119 dostarcza\u0107 dog\u0142\u0119bne i istotne analizy na temat najwa\u017cniejszych kwestii aktualno\u015bci, \u0142\u0105cz\u0105c rygor z pasj\u0105 dziennikarsk\u0105.","sameAs":["https:\/\/www.pogotowieflagowe.pl\/"]}]}},"_links":{"self":[{"href":"https:\/\/www.pogotowieflagowe.pl\/aktualne\/wp-json\/wp\/v2\/posts\/3097","targetHints":{"allow":["GET"]}}],"collection":[{"href":"https:\/\/www.pogotowieflagowe.pl\/aktualne\/wp-json\/wp\/v2\/posts"}],"about":[{"href":"https:\/\/www.pogotowieflagowe.pl\/aktualne\/wp-json\/wp\/v2\/types\/post"}],"author":[{"embeddable":true,"href":"https:\/\/www.pogotowieflagowe.pl\/aktualne\/wp-json\/wp\/v2\/users\/1"}],"replies":[{"embeddable":true,"href":"https:\/\/www.pogotowieflagowe.pl\/aktualne\/wp-json\/wp\/v2\/comments?post=3097"}],"version-history":[{"count":1,"href":"https:\/\/www.pogotowieflagowe.pl\/aktualne\/wp-json\/wp\/v2\/posts\/3097\/revisions"}],"predecessor-version":[{"id":3099,"href":"https:\/\/www.pogotowieflagowe.pl\/aktualne\/wp-json\/wp\/v2\/posts\/3097\/revisions\/3099"}],"wp:featuredmedia":[{"embeddable":true,"href":"https:\/\/www.pogotowieflagowe.pl\/aktualne\/wp-json\/wp\/v2\/media\/3098"}],"wp:attachment":[{"href":"https:\/\/www.pogotowieflagowe.pl\/aktualne\/wp-json\/wp\/v2\/media?parent=3097"}],"wp:term":[{"taxonomy":"category","embeddable":true,"href":"https:\/\/www.pogotowieflagowe.pl\/aktualne\/wp-json\/wp\/v2\/categories?post=3097"},{"taxonomy":"post_tag","embeddable":true,"href":"https:\/\/www.pogotowieflagowe.pl\/aktualne\/wp-json\/wp\/v2\/tags?post=3097"}],"curies":[{"name":"wp","href":"https:\/\/api.w.org\/{rel}","templated":true}]}}