{"id":310,"date":"2024-08-26T15:57:35","date_gmt":"2024-08-26T13:57:35","guid":{"rendered":"https:\/\/www.pogotowieflagowe.pl\/aktualne\/xxiv-dozynki-wojewodztwa-slaskiego-w-lekawicy\/"},"modified":"2024-08-26T15:57:39","modified_gmt":"2024-08-26T13:57:39","slug":"xxiv-dozynki-wojewodztwa-slaskiego-w-lekawicy","status":"publish","type":"post","link":"https:\/\/www.pogotowieflagowe.pl\/aktualne\/xxiv-dozynki-wojewodztwa-slaskiego-w-lekawicy\/","title":{"rendered":"XXIV Do\u017cynki Wojew\u00f3dztwa \u015al\u0105skiego w \u0141\u0119kawicy"},"content":{"rendered":"\n<div class=\"td_block_wrap tdb_single_content tdi_48 td-pb-border-top td_block_template_8 td-post-content tagdiv-type\" data-td-block-uid=\"tdi_48\">\n<style>.tdi_48{margines g\u00f3rny:0px!wa\u017cne;margines dolny:0px!wa\u017cne;wype\u0142nienie g\u00f3rne:0px!wa\u017cne;wype\u0142nienie dolne:0px!wa\u017cne}<\/style>\n<style>.tdb_single_content{margines-dolny:0;*powi\u0119kszenie:1}.tdb_single_content:before,.tdb_single_content:after{wy\u015bwietlanie:tabela;zawarto\u015b\u0107:'';wysoko\u015b\u0107-linii:0}.tdb_single_content:after{wyczy\u015b\u0107:oba}.tdb_single_content .tdb-block-inner>*:not(.wp-block-quote):not(.alignwide):not(.alignfull.wp-block-cover.has-parallax):not(.td-a-ad){margines-lewy:auto;margines-prawy:auto}.tdb_single_content a{zdarzenia-wska\u017anika:auto}.tdb_single_content .td-spot-id-top_ad .tdc-placeholder-title:before{zawarto\u015b\u0107:'Pocz\u0105tek artyku\u0142u Reklama'!important}.tdb_single_content .td-spot-id-inline_ad0 .tdc-placeholder-title:before{content:'Reklama inline artyku\u0142u 1'!important}.tdb_single_content .td-spot-id-inline_ad1 .tdc-placeholder-title:before{content:'Reklama inline artyku\u0142u 2'!important}.tdb_single_content .td-spot-id-inline_ad2 .tdc-placeholder-title:before{content:'Reklama inline artyku\u0142u 3'!important}.tdb_single_content .td-spot-id-bottom_ad .tdc-placeholder-title:before{content:'Reklama dolna artyku\u0142u'!important}.tdb_single_content .id_top_ad,.tdb_single_content .id_bottom_ad{clear:both;margines-dolny:21px;wyr\u00f3wnanie-tekstu:\u015brodek}.tdb_single_content .id_top_ad img,.tdb_single_content .id_bottom_ad img{margines-dolny:0}.tdb_single_content .id_top_ad .adsbygoogle,.tdb_single_content .id_bottom_ad .adsbygoogle{pozycja:wzgl\u0119dna}.tdb_single_content .id_ad_content-poziom-lewy,.tdb_single_content .id_ad_content-poziom-prawy,.tdb_single_content .id_ad_content-horiz-center{margines dolny:15px}.tdb_single_content .id_ad_content-horiz-lewy img,.tdb_single_content .id_ad_content-horiz-prawy img,.tdb_single_content .id_ad_content-horiz-center img{margines dolny:0}.tdb_single_content .id_ad_content-horiz-center{wyr\u00f3wnanie tekstu:\u015brodek}.tdb_single_content .id_ad_content-horiz-center img{margines prawy:auto;margines lewy:auto}.tdb_single_content .id_ad_content-horiz-left{float:lewy;margines g\u00f3rny:9px;margines prawy:21px}.tdb_single_content .id_ad_content-horiz-right{float:right;margines-g\u00f3rny:6px;margines-lewy:21px}.tdb_single_content .tdc-a-ad .tdc-placeholder-title{szeroko\u015b\u0107:300px;wysoko\u015b\u0107:250px}.tdb_single_content .tdc-a-ad .tdc-placeholder-title:before{pozycja:absolutna;g\u00f3ra:50%;-webkit-transform:translateY(-50%);przekszta\u0142cenie:translateY(-50%);margines:auto;wy\u015bwietlanie:tabela;szeroko\u015b\u0107:100%}.tdb_single_content .tdb-block-inner.td-fix-index{word-break:break-word}.tdi_48,.tdi_48>p,.tdi_48 .tdb-block-inner>p{rozmiar-czcionki:16px!wa\u017cne;wysoko\u015b\u0107-linii:1.6!wa\u017cne}.tdi_48 .tdb-block-inner cytat p{styl-czcionki:normalny!wa\u017cne}@media (maks. szeroko\u015b\u0107:767px){.tdb_single_content .id_ad_content-poziom-lewo,.tdb_single_content .id_ad_content-poziom-prawo,.tdb_single_content .id_ad_content-poziom-\u015brodek{margines:0 auto 26px auto}}@media (maks. szeroko\u015b\u0107:767px){.tdb_single_content .id_ad_content-poziom-lewo{margines-prawy:0}}@media (maks. szeroko\u015b\u0107:767px){.tdb_single_content .id_ad_content-horiz-right{margines-lewy:0}}@media (maksymalna szeroko\u015b\u0107:767px){.tdb_single_content .td-a-ad{float:none;wyr\u00f3wnanie tekstu:\u015brodek}.tdb_single_content .td-a-ad img{margines-prawy:auto;margines-lewy:auto}.tdb_single_content .tdc-a-ad{float:none}}<\/style>\n<div class=\"tdb-block-inner td-fix-index\">\n<p><strong>Rolnicy po raz kolejny podzi\u0119kowali za zbiory, a my w zamian wyra\u017camy nasz\u0105 wdzi\u0119czno\u015b\u0107 za ich ci\u0119\u017ck\u0105 prac\u0119 i oddanie tradycji. 24. Do\u017cynki Wojew\u00f3dztwa \u015al\u0105skiego niedawno odby\u0142y si\u0119 w malowniczej wsi \u0141\u0119kawica w powiecie \u017cywieckim. Tegoroczne wydarzenie by\u0142o pe\u0142nym \u017cycia \u015bwi\u0119tem, z kolorowym pochodem, pi\u0119knie udekorowanymi maszynami rolniczymi, tradycyjnym ko\u0142czanem, \u015bpiewem i muzyk\u0105.<\/strong><\/p>\n<h2 class=\"wp-block-heading\">Uhonorowanie ci\u0119\u017ckiej pracy rolnik\u00f3w<\/h2>\n<p>Uroczysto\u015b\u0107 rozpocz\u0119\u0142a si\u0119 uroczyst\u0105 msz\u0105 \u015bwi\u0119t\u0105, odprawion\u0105 w podzi\u0119kowaniu za wysi\u0142ki rolnik\u00f3w, prosz\u0105c o b\u0142ogos\u0142awie\u0144stwo dla ich przysz\u0142ej pracy. Po po\u015bwi\u0119ceniu chleba, zrobionego z tegorocznego zbo\u017ca, spo\u0142eczno\u015b\u0107 zebra\u0142a si\u0119 na radosne uroczysto\u015bci, naznaczone dobrym jedzeniem i weso\u0142o\u015bci\u0105. Pomimo trudnych warunk\u00f3w rolniczych w tym g\u00f3rzystym regionie, mieszka\u0144cy \u0141\u0119kawicy spotkali si\u0119, aby uczci\u0107 tradycj\u0119 dzi\u0119kczynienia za plony.<\/p>\n<p><iframe width=\"500\" height=\"698\" style=\"border:none;overflow:hidden\" scrolling=\"no\" frameborder=\"0\" allowfullscreen=\"true\" allow=\"autoplay; clipboard-write; encrypted-media; picture-in-picture; web-share\" data-src=\"https:\/\/www.facebook.com\/plugins\/post.php?href=https%3A%2F%2Fwww.facebook.com%2FGminaLekawica%2Fposts%2Fpfbid02EXsQppRg3MrwcFfZsziCdfGfk5g6M2wrufwocEBuKCvV38bxo43B6Mo5fmPhvZYZl&amp;show_text=true&amp;width=500\" class=\"lazyload\"><\/iframe><\/p>\n<p>\u015awi\u0119to Plon\u00f3w Wojew\u00f3dztwa \u015al\u0105skiego, odbywaj\u0105ce si\u0119 ju\u017c po raz 24., corocznie zmienia si\u0119 w gminach wojew\u00f3dztwa \u015bl\u0105skiego. Ta tradycja, organizowana pod patronatem marsza\u0142ka wojew\u00f3dztwa i Ministerstwa Rolnictwa, nadal jednoczy spo\u0142eczno\u015bci, podkre\u015blaj\u0105c znaczenie rolnictwa, nawet w regionach, w kt\u00f3rych uprawa roli jest trudna.<\/p>\n<\/div>\n<\/div>\n","protected":false},"excerpt":{"rendered":"<p>Rolnicy po raz kolejny podzi\u0119kowali za zbiory, a my w zamian wyra\u017camy nasz\u0105 wdzi\u0119czno\u015b\u0107 za ich ci\u0119\u017ck\u0105 prac\u0119 i oddanie<\/p>\n","protected":false},"author":1,"featured_media":311,"comment_status":"closed","ping_status":"","sticky":false,"template":"","format":"standard","meta":{"footnotes":""},"categories":[47],"tags":[478,481,480,479,477],"class_list":["post-310","post","type-post","status-publish","format-standard","has-post-thumbnail","hentry","category-styl-zycia","tag-dozynki","tag-lekawicy","tag-slaskiego","tag-wojewodztwa","tag-xxiv","generate-columns","tablet-grid-50","mobile-grid-100","grid-parent","grid-50","resize-featured-image"],"yoast_head":"<!-- This site is optimized with the Yoast SEO plugin v23.2 - https:\/\/yoast.com\/wordpress\/plugins\/seo\/ -->\n<title>XXIV Do\u017cynki Wojew\u00f3dztwa \u015al\u0105skiego w \u0141\u0119kawicy - POGOTOWIE FLAGOWE\u00ae<\/title>\n<meta name=\"robots\" content=\"index, follow, max-snippet:-1, max-image-preview:large, max-video-preview:-1\" \/>\n<link rel=\"canonical\" href=\"https:\/\/www.pogotowieflagowe.pl\/aktualne\/xxiv-dozynki-wojewodztwa-slaskiego-w-lekawicy\/\" \/>\n<meta property=\"og:locale\" content=\"pl_PL\" \/>\n<meta property=\"og:type\" content=\"article\" \/>\n<meta property=\"og:title\" content=\"XXIV Do\u017cynki Wojew\u00f3dztwa \u015al\u0105skiego w \u0141\u0119kawicy - POGOTOWIE FLAGOWE\u00ae\" \/>\n<meta property=\"og:description\" content=\"Rolnicy po raz kolejny podzi\u0119kowali za zbiory, a my w zamian wyra\u017camy nasz\u0105 wdzi\u0119czno\u015b\u0107 za ich ci\u0119\u017ck\u0105 prac\u0119 i oddanie\" \/>\n<meta property=\"og:url\" content=\"https:\/\/www.pogotowieflagowe.pl\/aktualne\/xxiv-dozynki-wojewodztwa-slaskiego-w-lekawicy\/\" \/>\n<meta property=\"og:site_name\" content=\"POGOTOWIE FLAGOWE\u00ae\" \/>\n<meta property=\"article:published_time\" content=\"2024-08-26T13:57:35+00:00\" \/>\n<meta property=\"article:modified_time\" content=\"2024-08-26T13:57:39+00:00\" \/>\n<meta property=\"og:image\" content=\"https:\/\/www.pogotowieflagowe.pl\/aktualne\/wp-content\/uploads\/2024\/08\/XXIV-Dozynki-Wojewodztwa-Slaskiego-w-Lekawicy.jpeg\" \/>\n\t<meta property=\"og:image:width\" content=\"1920\" \/>\n\t<meta property=\"og:image:height\" content=\"1280\" \/>\n\t<meta property=\"og:image:type\" content=\"image\/jpeg\" \/>\n<meta name=\"author\" content=\"Filip\" \/>\n<meta name=\"twitter:card\" content=\"summary_large_image\" \/>\n<meta name=\"twitter:label1\" content=\"Napisane przez\" \/>\n\t<meta name=\"twitter:data1\" content=\"Filip\" \/>\n\t<meta name=\"twitter:label2\" content=\"Szacowany czas czytania\" \/>\n\t<meta name=\"twitter:data2\" content=\"1 minuta\" \/>\n<script type=\"application\/ld+json\" class=\"yoast-schema-graph\">{\"@context\":\"https:\/\/schema.org\",\"@graph\":[{\"@type\":\"Article\",\"@id\":\"https:\/\/www.pogotowieflagowe.pl\/aktualne\/xxiv-dozynki-wojewodztwa-slaskiego-w-lekawicy\/#article\",\"isPartOf\":{\"@id\":\"https:\/\/www.pogotowieflagowe.pl\/aktualne\/xxiv-dozynki-wojewodztwa-slaskiego-w-lekawicy\/\"},\"author\":{\"name\":\"Filip\",\"@id\":\"https:\/\/www.pogotowieflagowe.pl\/aktualne\/#\/schema\/person\/9c2fb7d2362ebf6fa088960d7f0d27b0\"},\"headline\":\"XXIV Do\u017cynki Wojew\u00f3dztwa \u015al\u0105skiego w \u0141\u0119kawicy\",\"datePublished\":\"2024-08-26T13:57:35+00:00\",\"dateModified\":\"2024-08-26T13:57:39+00:00\",\"mainEntityOfPage\":{\"@id\":\"https:\/\/www.pogotowieflagowe.pl\/aktualne\/xxiv-dozynki-wojewodztwa-slaskiego-w-lekawicy\/\"},\"wordCount\":212,\"publisher\":{\"@id\":\"https:\/\/www.pogotowieflagowe.pl\/aktualne\/#organization\"},\"image\":{\"@id\":\"https:\/\/www.pogotowieflagowe.pl\/aktualne\/xxiv-dozynki-wojewodztwa-slaskiego-w-lekawicy\/#primaryimage\"},\"thumbnailUrl\":\"https:\/\/www.pogotowieflagowe.pl\/aktualne\/wp-content\/uploads\/2024\/08\/XXIV-Dozynki-Wojewodztwa-Slaskiego-w-Lekawicy.jpeg\",\"keywords\":[\"Do\u017cynki\",\"\u0141\u0119kawicy\",\"\u015al\u0105skiego\",\"Wojew\u00f3dztwa\",\"XXIV\"],\"articleSection\":[\"Styl \u017cycia\"],\"inLanguage\":\"pl-PL\"},{\"@type\":\"WebPage\",\"@id\":\"https:\/\/www.pogotowieflagowe.pl\/aktualne\/xxiv-dozynki-wojewodztwa-slaskiego-w-lekawicy\/\",\"url\":\"https:\/\/www.pogotowieflagowe.pl\/aktualne\/xxiv-dozynki-wojewodztwa-slaskiego-w-lekawicy\/\",\"name\":\"XXIV Do\u017cynki Wojew\u00f3dztwa \u015al\u0105skiego w \u0141\u0119kawicy - POGOTOWIE FLAGOWE\u00ae\",\"isPartOf\":{\"@id\":\"https:\/\/www.pogotowieflagowe.pl\/aktualne\/#website\"},\"primaryImageOfPage\":{\"@id\":\"https:\/\/www.pogotowieflagowe.pl\/aktualne\/xxiv-dozynki-wojewodztwa-slaskiego-w-lekawicy\/#primaryimage\"},\"image\":{\"@id\":\"https:\/\/www.pogotowieflagowe.pl\/aktualne\/xxiv-dozynki-wojewodztwa-slaskiego-w-lekawicy\/#primaryimage\"},\"thumbnailUrl\":\"https:\/\/www.pogotowieflagowe.pl\/aktualne\/wp-content\/uploads\/2024\/08\/XXIV-Dozynki-Wojewodztwa-Slaskiego-w-Lekawicy.jpeg\",\"datePublished\":\"2024-08-26T13:57:35+00:00\",\"dateModified\":\"2024-08-26T13:57:39+00:00\",\"breadcrumb\":{\"@id\":\"https:\/\/www.pogotowieflagowe.pl\/aktualne\/xxiv-dozynki-wojewodztwa-slaskiego-w-lekawicy\/#breadcrumb\"},\"inLanguage\":\"pl-PL\",\"potentialAction\":[{\"@type\":\"ReadAction\",\"target\":[\"https:\/\/www.pogotowieflagowe.pl\/aktualne\/xxiv-dozynki-wojewodztwa-slaskiego-w-lekawicy\/\"]}]},{\"@type\":\"ImageObject\",\"inLanguage\":\"pl-PL\",\"@id\":\"https:\/\/www.pogotowieflagowe.pl\/aktualne\/xxiv-dozynki-wojewodztwa-slaskiego-w-lekawicy\/#primaryimage\",\"url\":\"https:\/\/www.pogotowieflagowe.pl\/aktualne\/wp-content\/uploads\/2024\/08\/XXIV-Dozynki-Wojewodztwa-Slaskiego-w-Lekawicy.jpeg\",\"contentUrl\":\"https:\/\/www.pogotowieflagowe.pl\/aktualne\/wp-content\/uploads\/2024\/08\/XXIV-Dozynki-Wojewodztwa-Slaskiego-w-Lekawicy.jpeg\",\"width\":1920,\"height\":1280,\"caption\":\"XXIV Do\u017cynki Wojew\u00f3dztwa \u015al\u0105skiego w \u0141\u0119kawicy\"},{\"@type\":\"BreadcrumbList\",\"@id\":\"https:\/\/www.pogotowieflagowe.pl\/aktualne\/xxiv-dozynki-wojewodztwa-slaskiego-w-lekawicy\/#breadcrumb\",\"itemListElement\":[{\"@type\":\"ListItem\",\"position\":1,\"name\":\"Home\",\"item\":\"https:\/\/www.pogotowieflagowe.pl\/aktualne\/\"},{\"@type\":\"ListItem\",\"position\":2,\"name\":\"XXIV Do\u017cynki Wojew\u00f3dztwa \u015al\u0105skiego w \u0141\u0119kawicy\"}]},{\"@type\":\"WebSite\",\"@id\":\"https:\/\/www.pogotowieflagowe.pl\/aktualne\/#website\",\"url\":\"https:\/\/www.pogotowieflagowe.pl\/aktualne\/\",\"name\":\"POGOTOWIE FLAGOWE\u00ae\",\"description\":\"\",\"publisher\":{\"@id\":\"https:\/\/www.pogotowieflagowe.pl\/aktualne\/#organization\"},\"potentialAction\":[{\"@type\":\"SearchAction\",\"target\":{\"@type\":\"EntryPoint\",\"urlTemplate\":\"https:\/\/www.pogotowieflagowe.pl\/aktualne\/?s={search_term_string}\"},\"query-input\":\"required name=search_term_string\"}],\"inLanguage\":\"pl-PL\"},{\"@type\":\"Organization\",\"@id\":\"https:\/\/www.pogotowieflagowe.pl\/aktualne\/#organization\",\"name\":\"POGOTOWIE FLAGOWE\u00ae\",\"url\":\"https:\/\/www.pogotowieflagowe.pl\/aktualne\/\",\"logo\":{\"@type\":\"ImageObject\",\"inLanguage\":\"pl-PL\",\"@id\":\"https:\/\/www.pogotowieflagowe.pl\/aktualne\/#\/schema\/logo\/image\/\",\"url\":\"https:\/\/www.pogotowieflagowe.pl\/aktualne\/wp-content\/uploads\/2024\/08\/cropped-pogotowieflagowe_flaga_projekt_sm.jpg\",\"contentUrl\":\"https:\/\/www.pogotowieflagowe.pl\/aktualne\/wp-content\/uploads\/2024\/08\/cropped-pogotowieflagowe_flaga_projekt_sm.jpg\",\"width\":250,\"height\":143,\"caption\":\"POGOTOWIE FLAGOWE\u00ae\"},\"image\":{\"@id\":\"https:\/\/www.pogotowieflagowe.pl\/aktualne\/#\/schema\/logo\/image\/\"}},{\"@type\":\"Person\",\"@id\":\"https:\/\/www.pogotowieflagowe.pl\/aktualne\/#\/schema\/person\/9c2fb7d2362ebf6fa088960d7f0d27b0\",\"name\":\"Filip\",\"image\":{\"@type\":\"ImageObject\",\"inLanguage\":\"pl-PL\",\"@id\":\"https:\/\/www.pogotowieflagowe.pl\/aktualne\/#\/schema\/person\/image\/\",\"url\":\"https:\/\/www.pogotowieflagowe.pl\/aktualne\/wp-content\/uploads\/2024\/08\/pogotowieflagowe.pl_.jpg\",\"contentUrl\":\"https:\/\/www.pogotowieflagowe.pl\/aktualne\/wp-content\/uploads\/2024\/08\/pogotowieflagowe.pl_.jpg\",\"caption\":\"Filip\"},\"description\":\"Jestem Filip, polski dziennikarz z dyplomem nauk politycznych Uniwersytetu Warszawskiego. Rozpoczynaj\u0105c swoj\u0105 karier\u0119 w r\u00f3\u017cnych lokalnych mediach, zdoby\u0142em solidne do\u015bwiadczenie w zakresie \u015bledztwa i redakcji. Obecnie jako redaktor w Pogotowie flagowe, staram si\u0119 dostarcza\u0107 dog\u0142\u0119bne i istotne analizy na temat najwa\u017cniejszych kwestii aktualno\u015bci, \u0142\u0105cz\u0105c rygor z pasj\u0105 dziennikarsk\u0105.\",\"sameAs\":[\"https:\/\/www.pogotowieflagowe.pl\/\"]}]}<\/script>\n<!-- \/ Yoast SEO plugin. -->","yoast_head_json":{"title":"XXIV Do\u017cynki Wojew\u00f3dztwa \u015al\u0105skiego w \u0141\u0119kawicy - POGOTOWIE FLAGOWE\u00ae","robots":{"index":"index","follow":"follow","max-snippet":"max-snippet:-1","max-image-preview":"max-image-preview:large","max-video-preview":"max-video-preview:-1"},"canonical":"https:\/\/www.pogotowieflagowe.pl\/aktualne\/xxiv-dozynki-wojewodztwa-slaskiego-w-lekawicy\/","og_locale":"pl_PL","og_type":"article","og_title":"XXIV Do\u017cynki Wojew\u00f3dztwa \u015al\u0105skiego w \u0141\u0119kawicy - POGOTOWIE FLAGOWE\u00ae","og_description":"Rolnicy po raz kolejny podzi\u0119kowali za zbiory, a my w zamian wyra\u017camy nasz\u0105 wdzi\u0119czno\u015b\u0107 za ich ci\u0119\u017ck\u0105 prac\u0119 i oddanie","og_url":"https:\/\/www.pogotowieflagowe.pl\/aktualne\/xxiv-dozynki-wojewodztwa-slaskiego-w-lekawicy\/","og_site_name":"POGOTOWIE FLAGOWE\u00ae","article_published_time":"2024-08-26T13:57:35+00:00","article_modified_time":"2024-08-26T13:57:39+00:00","og_image":[{"width":1920,"height":1280,"url":"https:\/\/www.pogotowieflagowe.pl\/aktualne\/wp-content\/uploads\/2024\/08\/XXIV-Dozynki-Wojewodztwa-Slaskiego-w-Lekawicy.jpeg","type":"image\/jpeg"}],"author":"Filip","twitter_card":"summary_large_image","twitter_misc":{"Napisane przez":"Filip","Szacowany czas czytania":"1 minuta"},"schema":{"@context":"https:\/\/schema.org","@graph":[{"@type":"Article","@id":"https:\/\/www.pogotowieflagowe.pl\/aktualne\/xxiv-dozynki-wojewodztwa-slaskiego-w-lekawicy\/#article","isPartOf":{"@id":"https:\/\/www.pogotowieflagowe.pl\/aktualne\/xxiv-dozynki-wojewodztwa-slaskiego-w-lekawicy\/"},"author":{"name":"Filip","@id":"https:\/\/www.pogotowieflagowe.pl\/aktualne\/#\/schema\/person\/9c2fb7d2362ebf6fa088960d7f0d27b0"},"headline":"XXIV Do\u017cynki Wojew\u00f3dztwa \u015al\u0105skiego w \u0141\u0119kawicy","datePublished":"2024-08-26T13:57:35+00:00","dateModified":"2024-08-26T13:57:39+00:00","mainEntityOfPage":{"@id":"https:\/\/www.pogotowieflagowe.pl\/aktualne\/xxiv-dozynki-wojewodztwa-slaskiego-w-lekawicy\/"},"wordCount":212,"publisher":{"@id":"https:\/\/www.pogotowieflagowe.pl\/aktualne\/#organization"},"image":{"@id":"https:\/\/www.pogotowieflagowe.pl\/aktualne\/xxiv-dozynki-wojewodztwa-slaskiego-w-lekawicy\/#primaryimage"},"thumbnailUrl":"https:\/\/www.pogotowieflagowe.pl\/aktualne\/wp-content\/uploads\/2024\/08\/XXIV-Dozynki-Wojewodztwa-Slaskiego-w-Lekawicy.jpeg","keywords":["Do\u017cynki","\u0141\u0119kawicy","\u015al\u0105skiego","Wojew\u00f3dztwa","XXIV"],"articleSection":["Styl \u017cycia"],"inLanguage":"pl-PL"},{"@type":"WebPage","@id":"https:\/\/www.pogotowieflagowe.pl\/aktualne\/xxiv-dozynki-wojewodztwa-slaskiego-w-lekawicy\/","url":"https:\/\/www.pogotowieflagowe.pl\/aktualne\/xxiv-dozynki-wojewodztwa-slaskiego-w-lekawicy\/","name":"XXIV Do\u017cynki Wojew\u00f3dztwa \u015al\u0105skiego w \u0141\u0119kawicy - POGOTOWIE FLAGOWE\u00ae","isPartOf":{"@id":"https:\/\/www.pogotowieflagowe.pl\/aktualne\/#website"},"primaryImageOfPage":{"@id":"https:\/\/www.pogotowieflagowe.pl\/aktualne\/xxiv-dozynki-wojewodztwa-slaskiego-w-lekawicy\/#primaryimage"},"image":{"@id":"https:\/\/www.pogotowieflagowe.pl\/aktualne\/xxiv-dozynki-wojewodztwa-slaskiego-w-lekawicy\/#primaryimage"},"thumbnailUrl":"https:\/\/www.pogotowieflagowe.pl\/aktualne\/wp-content\/uploads\/2024\/08\/XXIV-Dozynki-Wojewodztwa-Slaskiego-w-Lekawicy.jpeg","datePublished":"2024-08-26T13:57:35+00:00","dateModified":"2024-08-26T13:57:39+00:00","breadcrumb":{"@id":"https:\/\/www.pogotowieflagowe.pl\/aktualne\/xxiv-dozynki-wojewodztwa-slaskiego-w-lekawicy\/#breadcrumb"},"inLanguage":"pl-PL","potentialAction":[{"@type":"ReadAction","target":["https:\/\/www.pogotowieflagowe.pl\/aktualne\/xxiv-dozynki-wojewodztwa-slaskiego-w-lekawicy\/"]}]},{"@type":"ImageObject","inLanguage":"pl-PL","@id":"https:\/\/www.pogotowieflagowe.pl\/aktualne\/xxiv-dozynki-wojewodztwa-slaskiego-w-lekawicy\/#primaryimage","url":"https:\/\/www.pogotowieflagowe.pl\/aktualne\/wp-content\/uploads\/2024\/08\/XXIV-Dozynki-Wojewodztwa-Slaskiego-w-Lekawicy.jpeg","contentUrl":"https:\/\/www.pogotowieflagowe.pl\/aktualne\/wp-content\/uploads\/2024\/08\/XXIV-Dozynki-Wojewodztwa-Slaskiego-w-Lekawicy.jpeg","width":1920,"height":1280,"caption":"XXIV Do\u017cynki Wojew\u00f3dztwa \u015al\u0105skiego w \u0141\u0119kawicy"},{"@type":"BreadcrumbList","@id":"https:\/\/www.pogotowieflagowe.pl\/aktualne\/xxiv-dozynki-wojewodztwa-slaskiego-w-lekawicy\/#breadcrumb","itemListElement":[{"@type":"ListItem","position":1,"name":"Home","item":"https:\/\/www.pogotowieflagowe.pl\/aktualne\/"},{"@type":"ListItem","position":2,"name":"XXIV Do\u017cynki Wojew\u00f3dztwa \u015al\u0105skiego w \u0141\u0119kawicy"}]},{"@type":"WebSite","@id":"https:\/\/www.pogotowieflagowe.pl\/aktualne\/#website","url":"https:\/\/www.pogotowieflagowe.pl\/aktualne\/","name":"POGOTOWIE FLAGOWE\u00ae","description":"","publisher":{"@id":"https:\/\/www.pogotowieflagowe.pl\/aktualne\/#organization"},"potentialAction":[{"@type":"SearchAction","target":{"@type":"EntryPoint","urlTemplate":"https:\/\/www.pogotowieflagowe.pl\/aktualne\/?s={search_term_string}"},"query-input":"required name=search_term_string"}],"inLanguage":"pl-PL"},{"@type":"Organization","@id":"https:\/\/www.pogotowieflagowe.pl\/aktualne\/#organization","name":"POGOTOWIE FLAGOWE\u00ae","url":"https:\/\/www.pogotowieflagowe.pl\/aktualne\/","logo":{"@type":"ImageObject","inLanguage":"pl-PL","@id":"https:\/\/www.pogotowieflagowe.pl\/aktualne\/#\/schema\/logo\/image\/","url":"https:\/\/www.pogotowieflagowe.pl\/aktualne\/wp-content\/uploads\/2024\/08\/cropped-pogotowieflagowe_flaga_projekt_sm.jpg","contentUrl":"https:\/\/www.pogotowieflagowe.pl\/aktualne\/wp-content\/uploads\/2024\/08\/cropped-pogotowieflagowe_flaga_projekt_sm.jpg","width":250,"height":143,"caption":"POGOTOWIE FLAGOWE\u00ae"},"image":{"@id":"https:\/\/www.pogotowieflagowe.pl\/aktualne\/#\/schema\/logo\/image\/"}},{"@type":"Person","@id":"https:\/\/www.pogotowieflagowe.pl\/aktualne\/#\/schema\/person\/9c2fb7d2362ebf6fa088960d7f0d27b0","name":"Filip","image":{"@type":"ImageObject","inLanguage":"pl-PL","@id":"https:\/\/www.pogotowieflagowe.pl\/aktualne\/#\/schema\/person\/image\/","url":"https:\/\/www.pogotowieflagowe.pl\/aktualne\/wp-content\/uploads\/2024\/08\/pogotowieflagowe.pl_.jpg","contentUrl":"https:\/\/www.pogotowieflagowe.pl\/aktualne\/wp-content\/uploads\/2024\/08\/pogotowieflagowe.pl_.jpg","caption":"Filip"},"description":"Jestem Filip, polski dziennikarz z dyplomem nauk politycznych Uniwersytetu Warszawskiego. Rozpoczynaj\u0105c swoj\u0105 karier\u0119 w r\u00f3\u017cnych lokalnych mediach, zdoby\u0142em solidne do\u015bwiadczenie w zakresie \u015bledztwa i redakcji. Obecnie jako redaktor w Pogotowie flagowe, staram si\u0119 dostarcza\u0107 dog\u0142\u0119bne i istotne analizy na temat najwa\u017cniejszych kwestii aktualno\u015bci, \u0142\u0105cz\u0105c rygor z pasj\u0105 dziennikarsk\u0105.","sameAs":["https:\/\/www.pogotowieflagowe.pl\/"]}]}},"_links":{"self":[{"href":"https:\/\/www.pogotowieflagowe.pl\/aktualne\/wp-json\/wp\/v2\/posts\/310","targetHints":{"allow":["GET"]}}],"collection":[{"href":"https:\/\/www.pogotowieflagowe.pl\/aktualne\/wp-json\/wp\/v2\/posts"}],"about":[{"href":"https:\/\/www.pogotowieflagowe.pl\/aktualne\/wp-json\/wp\/v2\/types\/post"}],"author":[{"embeddable":true,"href":"https:\/\/www.pogotowieflagowe.pl\/aktualne\/wp-json\/wp\/v2\/users\/1"}],"replies":[{"embeddable":true,"href":"https:\/\/www.pogotowieflagowe.pl\/aktualne\/wp-json\/wp\/v2\/comments?post=310"}],"version-history":[{"count":1,"href":"https:\/\/www.pogotowieflagowe.pl\/aktualne\/wp-json\/wp\/v2\/posts\/310\/revisions"}],"predecessor-version":[{"id":312,"href":"https:\/\/www.pogotowieflagowe.pl\/aktualne\/wp-json\/wp\/v2\/posts\/310\/revisions\/312"}],"wp:featuredmedia":[{"embeddable":true,"href":"https:\/\/www.pogotowieflagowe.pl\/aktualne\/wp-json\/wp\/v2\/media\/311"}],"wp:attachment":[{"href":"https:\/\/www.pogotowieflagowe.pl\/aktualne\/wp-json\/wp\/v2\/media?parent=310"}],"wp:term":[{"taxonomy":"category","embeddable":true,"href":"https:\/\/www.pogotowieflagowe.pl\/aktualne\/wp-json\/wp\/v2\/categories?post=310"},{"taxonomy":"post_tag","embeddable":true,"href":"https:\/\/www.pogotowieflagowe.pl\/aktualne\/wp-json\/wp\/v2\/tags?post=310"}],"curies":[{"name":"wp","href":"https:\/\/api.w.org\/{rel}","templated":true}]}}