{"id":3132,"date":"2025-01-15T21:47:36","date_gmt":"2025-01-15T20:47:36","guid":{"rendered":"https:\/\/www.pogotowieflagowe.pl\/aktualne\/niemieckie-ministerstwo-obrony-i-bundeswehra-wychodza-z-platformy-x-w-zwiazku-z-obawami\/"},"modified":"2025-01-15T21:47:39","modified_gmt":"2025-01-15T20:47:39","slug":"niemieckie-ministerstwo-obrony-i-bundeswehra-wychodza-z-platformy-x-w-zwiazku-z-obawami","status":"publish","type":"post","link":"https:\/\/www.pogotowieflagowe.pl\/aktualne\/niemieckie-ministerstwo-obrony-i-bundeswehra-wychodza-z-platformy-x-w-zwiazku-z-obawami\/","title":{"rendered":"Niemieckie Ministerstwo Obrony i Bundeswehra wychodz\u0105 z Platformy X w zwi\u0105zku z obawami"},"content":{"rendered":"\n<div class=\"td_block_wrap tdb_single_content tdi_48 td-pb-border-top td_block_template_8 td-post-content tagdiv-type\" data-td-block-uid=\"tdi_48\">\n<style>.tdi_48{margines-top:0px!important;margin-bottom:0px!important;dope\u0142nienie-g\u00f3ra:0px!important;dope\u0142nienie-d\u00f3\u0142:0px!important}<\/style>\n<style>.tdb_single_content{margin-bottom:0;*zoom:1}.tdb_single_content:before,.tdb_single_content:after{display:table;content:'';line-height:0}.tdb_single_content:after{clear:both}.tdb_single_content .tdb-block-inner>*:not(.wp-block-quote):not(.alignwide):not(.alignfull.wp-block-cover.has-parallax):not(.td-a-ad) {margin-left:auto;margin-right:auto}.tdb_single_content a{pointer-events:auto}.tdb_single_content .td-spot-id-top_ad .tdc-placeholder-title:before{content:'Article Top Ad'!important}.tdb_single_content .td-spot-id-inline_ad0 .tdc-placeholder-title:before{content:'Article Reklama wbudowana 1'!important}.tdb_single_content .td-spot-id-inline_ad1 .tdc-placeholder-title:before{content:'Article Inline Ad 2'!important}.tdb_single_content .td-spot-id-inline_ad2 .tdc-placeholder-title:before{content:' Reklama wbudowana w artyku\u0142 3'!important}.tdb_single_content .td-spot-id-bottom_ad .tdc-placeholder-title:before{content:'Article Bottom Ad'!important}.tdb_single_content .id_top_ad,.tdb_single_content .id_bottom_ad{clear:both;margin-bottom:21px;text-align:center}.tdb_single_content .id_top_ad img,.tdb_single_content .id_bottom_ad img{margin-bottom:0}.tdb_single_content .id_top_ad .adsbygoogle,.tdb_single_content .id_bottom_ad .adsbygoogle{position:relative}.tdb_single_content .id_ad_content-horiz-left,.tdb_single_content .id_ad_content-horiz-right,.tdb_single_content .id_ad_content-horiz-center{margin-bottom:15px}.tdb_single_content .id_ad_content-horiz-left img,.tdb_single_content .id_ad_content-horiz-right img,.tdb_single_content .id_ad_content-horiz-center img{margin-bottom:0}.tdb_single_content .id_ad_content-horiz-center{text-align:center}.tdb_single_content .id_ad_content-horiz-center img{margin-right:auto;margin-left:auto}.tdb_single_content .id_ad_content-horiz-left{float:left;margin-top:9px;margin-right:21px}.tdb_single_content .id_ad_content-horiz-right{float:right;margin-top:6px;margin-left:21px}.tdb_single_content .tdc-a-ad .tdc-placeholder-title{width:300px;height:250px}.tdb_single_content .tdc-a-ad .tdc-placeholder-title:before{position:absolute;top:50%;-webkit-transform:translateY(-50%);transform:translateY(-50%);margines:auto;display:table;width:100 %}.tdb_single_content .tdb-block-inner.td-fix-index{word-break:break-word}.tdi_48,.tdi_48>p,.tdi_48 .tdb-block-inner>p{font-size:16px!important;line- wysoko\u015b\u0107:1,6!wa\u017cne}.tdi_48 .tdb-block-inner blockquote p{font-style:normal!important}@media (max-width:767px){.tdb_single_content .id_ad_content-horiz-left,.tdb_single_content .id_ad_content-horiz-right,.tdb_single_content .id_ad_content-horiz-center{margin:0 automatyczny 26px auto}}@media (max-width:767px){.tdb_single_content .id_ad_content-horiz-left{margin-right:0}}@media (max-width:767px){.tdb_single_content .id_ad_content-horiz-right{margin -left:0}}@media (max-width:767px){.tdb_single_content .td-a-ad{float:none;text-align:center}.tdb_single_content .td-a-ad img{margin-right:auto;margin-left:auto}. tdb_single_content .tdc-a-ad{float:none}}<\/style>\n<div class=\"tdb-block-inner td-fix-index\">\n<p>Znacz\u0105cym posuni\u0119ciem niemieckie Ministerstwo Obrony i Bundeswehra og\u0142osi\u0142y w \u015brod\u0119 decyzj\u0119 o zawieszeniu wszelkiej aktywno\u015bci na Platformie X, wcze\u015bniej znanej jako Twitter, nale\u017c\u0105cej do ameryka\u0144skiego miliardera Elona Muska. Ministerstwo jako g\u0142\u00f3wny pow\u00f3d wycofania si\u0119 poda\u0142o rosn\u0105ce trudno\u015bci w promowaniu \u201eobiektywnej wymiany argument\u00f3w\u201d na platformie.<\/p>\n<p>Od 15 stycznia 2025 r. Ministerstwo Obrony Narodowej zaprzestanie publikowania post\u00f3w na swoim koncie X. Zawieszenie obejmie tak\u017ce rachunki Generalnego Inspektora Bundeswehry i innych wy\u017cszych dow\u00f3dc\u00f3w wojskowych.<\/p>\n<p>\u201eMinisterstwo Obrony zawiesi sw\u00f3j kana\u0142 na Platformie X z dniem 15 stycznia 2025 r. i w najbli\u017cszej przysz\u0142o\u015bci nie b\u0119dzie ju\u017c aktywnie publikowa\u0107 post\u00f3w\u201d \u2013 potwierdzi\u0142o o\u015bwiadczenie ministerstwa. Jednocze\u015bnie Bundeswehra wyda\u0142a w\u0142asne o\u015bwiadczenie, w kt\u00f3rym og\u0142osi\u0142a swoje odej\u015bcie, powtarzaj\u0105c obawy wyra\u017cone przez ministerstwo.<\/p>\n<p>Zdaniem ministerstwa zmiana wynika z ich oceny, \u017ce \u201eobiektywna wymiana argument\u00f3w na Platformie X staje si\u0119 coraz trudniejsza\u201d. Aby utrzyma\u0107 komunikacj\u0119 ze spo\u0142ecze\u0144stwem, ministerstwo planuje wykorzysta\u0107 alternatywne kana\u0142y, w szczeg\u00f3lno\u015bci WhatsApp, do udost\u0119pniania krytycznych aktualizacji, decyzji ministerialnych i innych niezb\u0119dnych informacji.<\/p>\n<p><strong>Strategiczny zwrot w stron\u0119 alternatywnych platform<\/strong><\/p>\n<p>Pomimo wyj\u015bcia z X MON podkre\u015bli\u0142o, \u017ce b\u0119dzie kontynuowa\u0107 swoj\u0105 obecno\u015b\u0107 na innych platformach medi\u00f3w spo\u0142eczno\u015bciowych, w tym na Instagramie i YouTubie, aby zapewni\u0107 skuteczn\u0105 komunikacj\u0119 publiczn\u0105. Ministerstwo zastrzeg\u0142o sobie tak\u017ce mo\u017cliwo\u015b\u0107 ustosunkowania si\u0119 do X w wyj\u0105tkowych przypadkach, szczeg\u00f3lnie w przypadku kampanii dezinformacyjnych.<\/p>\n<p>Posuni\u0119cie to wynika z szerszej analizy Platformy X w Europie. Niedawno pos\u0142owie do Parlamentu Europejskiego wezwali Komisj\u0119 Europejsk\u0105 do zbadania algorytm\u00f3w widoczno\u015bci post\u00f3w na platformie. Pojawi\u0142y si\u0119 zarzuty sugeruj\u0105ce, \u017ce Elon Musk mo\u017ce manipulowa\u0107 algorytmem, aby zwi\u0119kszy\u0107 zasi\u0119g w\u0142asnych post\u00f3w, potencjalnie naruszaj\u0105c przepisy UE.<\/p>\n<p><strong>Rosn\u0105cy trend sceptycyzmu wobec platformy X<\/strong><\/p>\n<p>Wed\u0142ug doniesie\u0144 niemiecki rz\u0105d federalny r\u00f3wnie\u017c rozwa\u017ca rezygnacj\u0119 z u\u017cywania X w oficjalnej komunikacji. Rzecznik rz\u0105du Steffen Hebestreit zauwa\u017cy\u0142 w zesz\u0142ym tygodniu, \u017ce dyskusj\u0119 nap\u0119dzaj\u0105 obawy dotycz\u0105ce algorytm\u00f3w platformy, kt\u00f3re rzekomo promuj\u0105 polaryzuj\u0105ce i brutalne opinie.<\/p>\n<\/div>\n<\/div>\n","protected":false},"excerpt":{"rendered":"<p>Znacz\u0105cym posuni\u0119ciem niemieckie Ministerstwo Obrony i Bundeswehra og\u0142osi\u0142y w \u015brod\u0119 decyzj\u0119 o zawieszeniu wszelkiej aktywno\u015bci na Platformie X, wcze\u015bniej znanej<\/p>\n","protected":false},"author":1,"featured_media":3133,"comment_status":"closed","ping_status":"","sticky":false,"template":"","format":"standard","meta":{"footnotes":""},"categories":[44],"tags":[4563,4222,51,2653,509,1794,4564,33],"class_list":["post-3132","post","type-post","status-publish","format-standard","has-post-thumbnail","hentry","category-polityka","tag-bundeswehra","tag-ministerstwo","tag-niemieckie","tag-obawami","tag-obrony","tag-platformy","tag-wychodza","tag-zwiazku","generate-columns","tablet-grid-50","mobile-grid-100","grid-parent","grid-50","resize-featured-image"],"yoast_head":"<!-- This site is optimized with the Yoast SEO plugin v23.2 - https:\/\/yoast.com\/wordpress\/plugins\/seo\/ -->\n<title>Niemieckie Ministerstwo Obrony i Bundeswehra wychodz\u0105 z Platformy X w zwi\u0105zku z obawami - POGOTOWIE FLAGOWE\u00ae<\/title>\n<meta name=\"robots\" content=\"index, follow, max-snippet:-1, max-image-preview:large, max-video-preview:-1\" \/>\n<link rel=\"canonical\" href=\"https:\/\/www.pogotowieflagowe.pl\/aktualne\/niemieckie-ministerstwo-obrony-i-bundeswehra-wychodza-z-platformy-x-w-zwiazku-z-obawami\/\" \/>\n<meta property=\"og:locale\" content=\"pl_PL\" \/>\n<meta property=\"og:type\" content=\"article\" \/>\n<meta property=\"og:title\" content=\"Niemieckie Ministerstwo Obrony i Bundeswehra wychodz\u0105 z Platformy X w zwi\u0105zku z obawami - POGOTOWIE FLAGOWE\u00ae\" \/>\n<meta property=\"og:description\" content=\"Znacz\u0105cym posuni\u0119ciem niemieckie Ministerstwo Obrony i Bundeswehra og\u0142osi\u0142y w \u015brod\u0119 decyzj\u0119 o zawieszeniu wszelkiej aktywno\u015bci na Platformie X, wcze\u015bniej znanej\" \/>\n<meta property=\"og:url\" content=\"https:\/\/www.pogotowieflagowe.pl\/aktualne\/niemieckie-ministerstwo-obrony-i-bundeswehra-wychodza-z-platformy-x-w-zwiazku-z-obawami\/\" \/>\n<meta property=\"og:site_name\" content=\"POGOTOWIE FLAGOWE\u00ae\" \/>\n<meta property=\"article:published_time\" content=\"2025-01-15T20:47:36+00:00\" \/>\n<meta property=\"article:modified_time\" content=\"2025-01-15T20:47:39+00:00\" \/>\n<meta property=\"og:image\" content=\"https:\/\/www.pogotowieflagowe.pl\/aktualne\/wp-content\/uploads\/2025\/01\/Niemieckie-Ministerstwo-Obrony-i-Bundeswehra-wychodza-z-Platformy-X-w.jpg\" \/>\n\t<meta property=\"og:image:width\" content=\"1920\" \/>\n\t<meta property=\"og:image:height\" content=\"1285\" \/>\n\t<meta property=\"og:image:type\" content=\"image\/jpeg\" \/>\n<meta name=\"author\" content=\"Filip\" \/>\n<meta name=\"twitter:card\" content=\"summary_large_image\" \/>\n<meta name=\"twitter:label1\" content=\"Napisane przez\" \/>\n\t<meta name=\"twitter:data1\" content=\"Filip\" \/>\n\t<meta name=\"twitter:label2\" content=\"Szacowany czas czytania\" \/>\n\t<meta name=\"twitter:data2\" content=\"2 minuty\" \/>\n<script type=\"application\/ld+json\" class=\"yoast-schema-graph\">{\"@context\":\"https:\/\/schema.org\",\"@graph\":[{\"@type\":\"Article\",\"@id\":\"https:\/\/www.pogotowieflagowe.pl\/aktualne\/niemieckie-ministerstwo-obrony-i-bundeswehra-wychodza-z-platformy-x-w-zwiazku-z-obawami\/#article\",\"isPartOf\":{\"@id\":\"https:\/\/www.pogotowieflagowe.pl\/aktualne\/niemieckie-ministerstwo-obrony-i-bundeswehra-wychodza-z-platformy-x-w-zwiazku-z-obawami\/\"},\"author\":{\"name\":\"Filip\",\"@id\":\"https:\/\/www.pogotowieflagowe.pl\/aktualne\/#\/schema\/person\/9c2fb7d2362ebf6fa088960d7f0d27b0\"},\"headline\":\"Niemieckie Ministerstwo Obrony i Bundeswehra wychodz\u0105 z Platformy X w zwi\u0105zku z obawami\",\"datePublished\":\"2025-01-15T20:47:36+00:00\",\"dateModified\":\"2025-01-15T20:47:39+00:00\",\"mainEntityOfPage\":{\"@id\":\"https:\/\/www.pogotowieflagowe.pl\/aktualne\/niemieckie-ministerstwo-obrony-i-bundeswehra-wychodza-z-platformy-x-w-zwiazku-z-obawami\/\"},\"wordCount\":384,\"publisher\":{\"@id\":\"https:\/\/www.pogotowieflagowe.pl\/aktualne\/#organization\"},\"image\":{\"@id\":\"https:\/\/www.pogotowieflagowe.pl\/aktualne\/niemieckie-ministerstwo-obrony-i-bundeswehra-wychodza-z-platformy-x-w-zwiazku-z-obawami\/#primaryimage\"},\"thumbnailUrl\":\"https:\/\/www.pogotowieflagowe.pl\/aktualne\/wp-content\/uploads\/2025\/01\/Niemieckie-Ministerstwo-Obrony-i-Bundeswehra-wychodza-z-Platformy-X-w.jpg\",\"keywords\":[\"Bundeswehra\",\"Ministerstwo\",\"niemieckie\",\"obawami\",\"obrony\",\"Platformy\",\"wychodz\u0105\",\"zwi\u0105zku\"],\"articleSection\":[\"Polityka\"],\"inLanguage\":\"pl-PL\"},{\"@type\":\"WebPage\",\"@id\":\"https:\/\/www.pogotowieflagowe.pl\/aktualne\/niemieckie-ministerstwo-obrony-i-bundeswehra-wychodza-z-platformy-x-w-zwiazku-z-obawami\/\",\"url\":\"https:\/\/www.pogotowieflagowe.pl\/aktualne\/niemieckie-ministerstwo-obrony-i-bundeswehra-wychodza-z-platformy-x-w-zwiazku-z-obawami\/\",\"name\":\"Niemieckie Ministerstwo Obrony i Bundeswehra wychodz\u0105 z Platformy X w zwi\u0105zku z obawami - POGOTOWIE FLAGOWE\u00ae\",\"isPartOf\":{\"@id\":\"https:\/\/www.pogotowieflagowe.pl\/aktualne\/#website\"},\"primaryImageOfPage\":{\"@id\":\"https:\/\/www.pogotowieflagowe.pl\/aktualne\/niemieckie-ministerstwo-obrony-i-bundeswehra-wychodza-z-platformy-x-w-zwiazku-z-obawami\/#primaryimage\"},\"image\":{\"@id\":\"https:\/\/www.pogotowieflagowe.pl\/aktualne\/niemieckie-ministerstwo-obrony-i-bundeswehra-wychodza-z-platformy-x-w-zwiazku-z-obawami\/#primaryimage\"},\"thumbnailUrl\":\"https:\/\/www.pogotowieflagowe.pl\/aktualne\/wp-content\/uploads\/2025\/01\/Niemieckie-Ministerstwo-Obrony-i-Bundeswehra-wychodza-z-Platformy-X-w.jpg\",\"datePublished\":\"2025-01-15T20:47:36+00:00\",\"dateModified\":\"2025-01-15T20:47:39+00:00\",\"breadcrumb\":{\"@id\":\"https:\/\/www.pogotowieflagowe.pl\/aktualne\/niemieckie-ministerstwo-obrony-i-bundeswehra-wychodza-z-platformy-x-w-zwiazku-z-obawami\/#breadcrumb\"},\"inLanguage\":\"pl-PL\",\"potentialAction\":[{\"@type\":\"ReadAction\",\"target\":[\"https:\/\/www.pogotowieflagowe.pl\/aktualne\/niemieckie-ministerstwo-obrony-i-bundeswehra-wychodza-z-platformy-x-w-zwiazku-z-obawami\/\"]}]},{\"@type\":\"ImageObject\",\"inLanguage\":\"pl-PL\",\"@id\":\"https:\/\/www.pogotowieflagowe.pl\/aktualne\/niemieckie-ministerstwo-obrony-i-bundeswehra-wychodza-z-platformy-x-w-zwiazku-z-obawami\/#primaryimage\",\"url\":\"https:\/\/www.pogotowieflagowe.pl\/aktualne\/wp-content\/uploads\/2025\/01\/Niemieckie-Ministerstwo-Obrony-i-Bundeswehra-wychodza-z-Platformy-X-w.jpg\",\"contentUrl\":\"https:\/\/www.pogotowieflagowe.pl\/aktualne\/wp-content\/uploads\/2025\/01\/Niemieckie-Ministerstwo-Obrony-i-Bundeswehra-wychodza-z-Platformy-X-w.jpg\",\"width\":1920,\"height\":1285,\"caption\":\"Niemieckie Ministerstwo Obrony i Bundeswehra wychodz\u0105 z Platformy X w zwi\u0105zku z obawami\"},{\"@type\":\"BreadcrumbList\",\"@id\":\"https:\/\/www.pogotowieflagowe.pl\/aktualne\/niemieckie-ministerstwo-obrony-i-bundeswehra-wychodza-z-platformy-x-w-zwiazku-z-obawami\/#breadcrumb\",\"itemListElement\":[{\"@type\":\"ListItem\",\"position\":1,\"name\":\"Home\",\"item\":\"https:\/\/www.pogotowieflagowe.pl\/aktualne\/\"},{\"@type\":\"ListItem\",\"position\":2,\"name\":\"Niemieckie Ministerstwo Obrony i Bundeswehra wychodz\u0105 z Platformy X w zwi\u0105zku z obawami\"}]},{\"@type\":\"WebSite\",\"@id\":\"https:\/\/www.pogotowieflagowe.pl\/aktualne\/#website\",\"url\":\"https:\/\/www.pogotowieflagowe.pl\/aktualne\/\",\"name\":\"POGOTOWIE FLAGOWE\u00ae\",\"description\":\"\",\"publisher\":{\"@id\":\"https:\/\/www.pogotowieflagowe.pl\/aktualne\/#organization\"},\"potentialAction\":[{\"@type\":\"SearchAction\",\"target\":{\"@type\":\"EntryPoint\",\"urlTemplate\":\"https:\/\/www.pogotowieflagowe.pl\/aktualne\/?s={search_term_string}\"},\"query-input\":\"required name=search_term_string\"}],\"inLanguage\":\"pl-PL\"},{\"@type\":\"Organization\",\"@id\":\"https:\/\/www.pogotowieflagowe.pl\/aktualne\/#organization\",\"name\":\"POGOTOWIE FLAGOWE\u00ae\",\"url\":\"https:\/\/www.pogotowieflagowe.pl\/aktualne\/\",\"logo\":{\"@type\":\"ImageObject\",\"inLanguage\":\"pl-PL\",\"@id\":\"https:\/\/www.pogotowieflagowe.pl\/aktualne\/#\/schema\/logo\/image\/\",\"url\":\"https:\/\/www.pogotowieflagowe.pl\/aktualne\/wp-content\/uploads\/2024\/08\/cropped-pogotowieflagowe_flaga_projekt_sm.jpg\",\"contentUrl\":\"https:\/\/www.pogotowieflagowe.pl\/aktualne\/wp-content\/uploads\/2024\/08\/cropped-pogotowieflagowe_flaga_projekt_sm.jpg\",\"width\":250,\"height\":143,\"caption\":\"POGOTOWIE FLAGOWE\u00ae\"},\"image\":{\"@id\":\"https:\/\/www.pogotowieflagowe.pl\/aktualne\/#\/schema\/logo\/image\/\"}},{\"@type\":\"Person\",\"@id\":\"https:\/\/www.pogotowieflagowe.pl\/aktualne\/#\/schema\/person\/9c2fb7d2362ebf6fa088960d7f0d27b0\",\"name\":\"Filip\",\"image\":{\"@type\":\"ImageObject\",\"inLanguage\":\"pl-PL\",\"@id\":\"https:\/\/www.pogotowieflagowe.pl\/aktualne\/#\/schema\/person\/image\/\",\"url\":\"https:\/\/www.pogotowieflagowe.pl\/aktualne\/wp-content\/uploads\/2024\/08\/pogotowieflagowe.pl_.jpg\",\"contentUrl\":\"https:\/\/www.pogotowieflagowe.pl\/aktualne\/wp-content\/uploads\/2024\/08\/pogotowieflagowe.pl_.jpg\",\"caption\":\"Filip\"},\"description\":\"Jestem Filip, polski dziennikarz z dyplomem nauk politycznych Uniwersytetu Warszawskiego. Rozpoczynaj\u0105c swoj\u0105 karier\u0119 w r\u00f3\u017cnych lokalnych mediach, zdoby\u0142em solidne do\u015bwiadczenie w zakresie \u015bledztwa i redakcji. Obecnie jako redaktor w Pogotowie flagowe, staram si\u0119 dostarcza\u0107 dog\u0142\u0119bne i istotne analizy na temat najwa\u017cniejszych kwestii aktualno\u015bci, \u0142\u0105cz\u0105c rygor z pasj\u0105 dziennikarsk\u0105.\",\"sameAs\":[\"https:\/\/www.pogotowieflagowe.pl\/\"]}]}<\/script>\n<!-- \/ Yoast SEO plugin. -->","yoast_head_json":{"title":"Niemieckie Ministerstwo Obrony i Bundeswehra wychodz\u0105 z Platformy X w zwi\u0105zku z obawami - POGOTOWIE FLAGOWE\u00ae","robots":{"index":"index","follow":"follow","max-snippet":"max-snippet:-1","max-image-preview":"max-image-preview:large","max-video-preview":"max-video-preview:-1"},"canonical":"https:\/\/www.pogotowieflagowe.pl\/aktualne\/niemieckie-ministerstwo-obrony-i-bundeswehra-wychodza-z-platformy-x-w-zwiazku-z-obawami\/","og_locale":"pl_PL","og_type":"article","og_title":"Niemieckie Ministerstwo Obrony i Bundeswehra wychodz\u0105 z Platformy X w zwi\u0105zku z obawami - POGOTOWIE FLAGOWE\u00ae","og_description":"Znacz\u0105cym posuni\u0119ciem niemieckie Ministerstwo Obrony i Bundeswehra og\u0142osi\u0142y w \u015brod\u0119 decyzj\u0119 o zawieszeniu wszelkiej aktywno\u015bci na Platformie X, wcze\u015bniej znanej","og_url":"https:\/\/www.pogotowieflagowe.pl\/aktualne\/niemieckie-ministerstwo-obrony-i-bundeswehra-wychodza-z-platformy-x-w-zwiazku-z-obawami\/","og_site_name":"POGOTOWIE FLAGOWE\u00ae","article_published_time":"2025-01-15T20:47:36+00:00","article_modified_time":"2025-01-15T20:47:39+00:00","og_image":[{"width":1920,"height":1285,"url":"https:\/\/www.pogotowieflagowe.pl\/aktualne\/wp-content\/uploads\/2025\/01\/Niemieckie-Ministerstwo-Obrony-i-Bundeswehra-wychodza-z-Platformy-X-w.jpg","type":"image\/jpeg"}],"author":"Filip","twitter_card":"summary_large_image","twitter_misc":{"Napisane przez":"Filip","Szacowany czas czytania":"2 minuty"},"schema":{"@context":"https:\/\/schema.org","@graph":[{"@type":"Article","@id":"https:\/\/www.pogotowieflagowe.pl\/aktualne\/niemieckie-ministerstwo-obrony-i-bundeswehra-wychodza-z-platformy-x-w-zwiazku-z-obawami\/#article","isPartOf":{"@id":"https:\/\/www.pogotowieflagowe.pl\/aktualne\/niemieckie-ministerstwo-obrony-i-bundeswehra-wychodza-z-platformy-x-w-zwiazku-z-obawami\/"},"author":{"name":"Filip","@id":"https:\/\/www.pogotowieflagowe.pl\/aktualne\/#\/schema\/person\/9c2fb7d2362ebf6fa088960d7f0d27b0"},"headline":"Niemieckie Ministerstwo Obrony i Bundeswehra wychodz\u0105 z Platformy X w zwi\u0105zku z obawami","datePublished":"2025-01-15T20:47:36+00:00","dateModified":"2025-01-15T20:47:39+00:00","mainEntityOfPage":{"@id":"https:\/\/www.pogotowieflagowe.pl\/aktualne\/niemieckie-ministerstwo-obrony-i-bundeswehra-wychodza-z-platformy-x-w-zwiazku-z-obawami\/"},"wordCount":384,"publisher":{"@id":"https:\/\/www.pogotowieflagowe.pl\/aktualne\/#organization"},"image":{"@id":"https:\/\/www.pogotowieflagowe.pl\/aktualne\/niemieckie-ministerstwo-obrony-i-bundeswehra-wychodza-z-platformy-x-w-zwiazku-z-obawami\/#primaryimage"},"thumbnailUrl":"https:\/\/www.pogotowieflagowe.pl\/aktualne\/wp-content\/uploads\/2025\/01\/Niemieckie-Ministerstwo-Obrony-i-Bundeswehra-wychodza-z-Platformy-X-w.jpg","keywords":["Bundeswehra","Ministerstwo","niemieckie","obawami","obrony","Platformy","wychodz\u0105","zwi\u0105zku"],"articleSection":["Polityka"],"inLanguage":"pl-PL"},{"@type":"WebPage","@id":"https:\/\/www.pogotowieflagowe.pl\/aktualne\/niemieckie-ministerstwo-obrony-i-bundeswehra-wychodza-z-platformy-x-w-zwiazku-z-obawami\/","url":"https:\/\/www.pogotowieflagowe.pl\/aktualne\/niemieckie-ministerstwo-obrony-i-bundeswehra-wychodza-z-platformy-x-w-zwiazku-z-obawami\/","name":"Niemieckie Ministerstwo Obrony i Bundeswehra wychodz\u0105 z Platformy X w zwi\u0105zku z obawami - POGOTOWIE FLAGOWE\u00ae","isPartOf":{"@id":"https:\/\/www.pogotowieflagowe.pl\/aktualne\/#website"},"primaryImageOfPage":{"@id":"https:\/\/www.pogotowieflagowe.pl\/aktualne\/niemieckie-ministerstwo-obrony-i-bundeswehra-wychodza-z-platformy-x-w-zwiazku-z-obawami\/#primaryimage"},"image":{"@id":"https:\/\/www.pogotowieflagowe.pl\/aktualne\/niemieckie-ministerstwo-obrony-i-bundeswehra-wychodza-z-platformy-x-w-zwiazku-z-obawami\/#primaryimage"},"thumbnailUrl":"https:\/\/www.pogotowieflagowe.pl\/aktualne\/wp-content\/uploads\/2025\/01\/Niemieckie-Ministerstwo-Obrony-i-Bundeswehra-wychodza-z-Platformy-X-w.jpg","datePublished":"2025-01-15T20:47:36+00:00","dateModified":"2025-01-15T20:47:39+00:00","breadcrumb":{"@id":"https:\/\/www.pogotowieflagowe.pl\/aktualne\/niemieckie-ministerstwo-obrony-i-bundeswehra-wychodza-z-platformy-x-w-zwiazku-z-obawami\/#breadcrumb"},"inLanguage":"pl-PL","potentialAction":[{"@type":"ReadAction","target":["https:\/\/www.pogotowieflagowe.pl\/aktualne\/niemieckie-ministerstwo-obrony-i-bundeswehra-wychodza-z-platformy-x-w-zwiazku-z-obawami\/"]}]},{"@type":"ImageObject","inLanguage":"pl-PL","@id":"https:\/\/www.pogotowieflagowe.pl\/aktualne\/niemieckie-ministerstwo-obrony-i-bundeswehra-wychodza-z-platformy-x-w-zwiazku-z-obawami\/#primaryimage","url":"https:\/\/www.pogotowieflagowe.pl\/aktualne\/wp-content\/uploads\/2025\/01\/Niemieckie-Ministerstwo-Obrony-i-Bundeswehra-wychodza-z-Platformy-X-w.jpg","contentUrl":"https:\/\/www.pogotowieflagowe.pl\/aktualne\/wp-content\/uploads\/2025\/01\/Niemieckie-Ministerstwo-Obrony-i-Bundeswehra-wychodza-z-Platformy-X-w.jpg","width":1920,"height":1285,"caption":"Niemieckie Ministerstwo Obrony i Bundeswehra wychodz\u0105 z Platformy X w zwi\u0105zku z obawami"},{"@type":"BreadcrumbList","@id":"https:\/\/www.pogotowieflagowe.pl\/aktualne\/niemieckie-ministerstwo-obrony-i-bundeswehra-wychodza-z-platformy-x-w-zwiazku-z-obawami\/#breadcrumb","itemListElement":[{"@type":"ListItem","position":1,"name":"Home","item":"https:\/\/www.pogotowieflagowe.pl\/aktualne\/"},{"@type":"ListItem","position":2,"name":"Niemieckie Ministerstwo Obrony i Bundeswehra wychodz\u0105 z Platformy X w zwi\u0105zku z obawami"}]},{"@type":"WebSite","@id":"https:\/\/www.pogotowieflagowe.pl\/aktualne\/#website","url":"https:\/\/www.pogotowieflagowe.pl\/aktualne\/","name":"POGOTOWIE FLAGOWE\u00ae","description":"","publisher":{"@id":"https:\/\/www.pogotowieflagowe.pl\/aktualne\/#organization"},"potentialAction":[{"@type":"SearchAction","target":{"@type":"EntryPoint","urlTemplate":"https:\/\/www.pogotowieflagowe.pl\/aktualne\/?s={search_term_string}"},"query-input":"required name=search_term_string"}],"inLanguage":"pl-PL"},{"@type":"Organization","@id":"https:\/\/www.pogotowieflagowe.pl\/aktualne\/#organization","name":"POGOTOWIE FLAGOWE\u00ae","url":"https:\/\/www.pogotowieflagowe.pl\/aktualne\/","logo":{"@type":"ImageObject","inLanguage":"pl-PL","@id":"https:\/\/www.pogotowieflagowe.pl\/aktualne\/#\/schema\/logo\/image\/","url":"https:\/\/www.pogotowieflagowe.pl\/aktualne\/wp-content\/uploads\/2024\/08\/cropped-pogotowieflagowe_flaga_projekt_sm.jpg","contentUrl":"https:\/\/www.pogotowieflagowe.pl\/aktualne\/wp-content\/uploads\/2024\/08\/cropped-pogotowieflagowe_flaga_projekt_sm.jpg","width":250,"height":143,"caption":"POGOTOWIE FLAGOWE\u00ae"},"image":{"@id":"https:\/\/www.pogotowieflagowe.pl\/aktualne\/#\/schema\/logo\/image\/"}},{"@type":"Person","@id":"https:\/\/www.pogotowieflagowe.pl\/aktualne\/#\/schema\/person\/9c2fb7d2362ebf6fa088960d7f0d27b0","name":"Filip","image":{"@type":"ImageObject","inLanguage":"pl-PL","@id":"https:\/\/www.pogotowieflagowe.pl\/aktualne\/#\/schema\/person\/image\/","url":"https:\/\/www.pogotowieflagowe.pl\/aktualne\/wp-content\/uploads\/2024\/08\/pogotowieflagowe.pl_.jpg","contentUrl":"https:\/\/www.pogotowieflagowe.pl\/aktualne\/wp-content\/uploads\/2024\/08\/pogotowieflagowe.pl_.jpg","caption":"Filip"},"description":"Jestem Filip, polski dziennikarz z dyplomem nauk politycznych Uniwersytetu Warszawskiego. Rozpoczynaj\u0105c swoj\u0105 karier\u0119 w r\u00f3\u017cnych lokalnych mediach, zdoby\u0142em solidne do\u015bwiadczenie w zakresie \u015bledztwa i redakcji. Obecnie jako redaktor w Pogotowie flagowe, staram si\u0119 dostarcza\u0107 dog\u0142\u0119bne i istotne analizy na temat najwa\u017cniejszych kwestii aktualno\u015bci, \u0142\u0105cz\u0105c rygor z pasj\u0105 dziennikarsk\u0105.","sameAs":["https:\/\/www.pogotowieflagowe.pl\/"]}]}},"_links":{"self":[{"href":"https:\/\/www.pogotowieflagowe.pl\/aktualne\/wp-json\/wp\/v2\/posts\/3132","targetHints":{"allow":["GET"]}}],"collection":[{"href":"https:\/\/www.pogotowieflagowe.pl\/aktualne\/wp-json\/wp\/v2\/posts"}],"about":[{"href":"https:\/\/www.pogotowieflagowe.pl\/aktualne\/wp-json\/wp\/v2\/types\/post"}],"author":[{"embeddable":true,"href":"https:\/\/www.pogotowieflagowe.pl\/aktualne\/wp-json\/wp\/v2\/users\/1"}],"replies":[{"embeddable":true,"href":"https:\/\/www.pogotowieflagowe.pl\/aktualne\/wp-json\/wp\/v2\/comments?post=3132"}],"version-history":[{"count":1,"href":"https:\/\/www.pogotowieflagowe.pl\/aktualne\/wp-json\/wp\/v2\/posts\/3132\/revisions"}],"predecessor-version":[{"id":3134,"href":"https:\/\/www.pogotowieflagowe.pl\/aktualne\/wp-json\/wp\/v2\/posts\/3132\/revisions\/3134"}],"wp:featuredmedia":[{"embeddable":true,"href":"https:\/\/www.pogotowieflagowe.pl\/aktualne\/wp-json\/wp\/v2\/media\/3133"}],"wp:attachment":[{"href":"https:\/\/www.pogotowieflagowe.pl\/aktualne\/wp-json\/wp\/v2\/media?parent=3132"}],"wp:term":[{"taxonomy":"category","embeddable":true,"href":"https:\/\/www.pogotowieflagowe.pl\/aktualne\/wp-json\/wp\/v2\/categories?post=3132"},{"taxonomy":"post_tag","embeddable":true,"href":"https:\/\/www.pogotowieflagowe.pl\/aktualne\/wp-json\/wp\/v2\/tags?post=3132"}],"curies":[{"name":"wp","href":"https:\/\/api.w.org\/{rel}","templated":true}]}}