{"id":316,"date":"2024-08-27T00:34:11","date_gmt":"2024-08-26T22:34:11","guid":{"rendered":"https:\/\/www.pogotowieflagowe.pl\/aktualne\/polskie-wojsko-krytykowane-za-sposob-radzenia-sobie-z-naruszeniami-przestrzeni-powietrznej-w-trakcie-trwajacego-konfliktu\/"},"modified":"2024-08-27T00:34:12","modified_gmt":"2024-08-26T22:34:12","slug":"polskie-wojsko-krytykowane-za-sposob-radzenia-sobie-z-naruszeniami-przestrzeni-powietrznej-w-trakcie-trwajacego-konfliktu","status":"publish","type":"post","link":"https:\/\/www.pogotowieflagowe.pl\/aktualne\/polskie-wojsko-krytykowane-za-sposob-radzenia-sobie-z-naruszeniami-przestrzeni-powietrznej-w-trakcie-trwajacego-konfliktu\/","title":{"rendered":"Polskie wojsko krytykowane za spos\u00f3b radzenia sobie z naruszeniami przestrzeni powietrznej w trakcie trwaj\u0105cego konfliktu"},"content":{"rendered":"\n<div class=\"td_block_wrap tdb_single_content tdi_48 td-pb-border-top td_block_template_8 td-post-content tagdiv-type\" data-td-block-uid=\"tdi_48\">\n<style>.tdi_48{margines g\u00f3rny:0px!wa\u017cne;margines dolny:0px!wa\u017cne;wype\u0142nienie g\u00f3rne:0px!wa\u017cne;wype\u0142nienie dolne:0px!wa\u017cne}<\/style>\n<style>.tdb_single_content{margines-dolny:0;*powi\u0119kszenie:1}.tdb_single_content:before,.tdb_single_content:after{wy\u015bwietlanie:tabela;zawarto\u015b\u0107:'';wysoko\u015b\u0107-linii:0}.tdb_single_content:after{wyczy\u015b\u0107:oba}.tdb_single_content .tdb-block-inner>*:not(.wp-block-quote):not(.alignwide):not(.alignfull.wp-block-cover.has-parallax):not(.td-a-ad){margines-lewy:auto;margines-prawy:auto}.tdb_single_content a{zdarzenia-wska\u017anika:auto}.tdb_single_content .td-spot-id-top_ad .tdc-placeholder-title:before{zawarto\u015b\u0107:'Pocz\u0105tek artyku\u0142u Reklama'!important}.tdb_single_content .td-spot-id-inline_ad0 .tdc-placeholder-title:before{content:'Reklama inline artyku\u0142u 1'!important}.tdb_single_content .td-spot-id-inline_ad1 .tdc-placeholder-title:before{content:'Reklama inline artyku\u0142u 2'!important}.tdb_single_content .td-spot-id-inline_ad2 .tdc-placeholder-title:before{content:'Reklama inline artyku\u0142u 3'!important}.tdb_single_content .td-spot-id-bottom_ad .tdc-placeholder-title:before{content:'Reklama dolna artyku\u0142u'!important}.tdb_single_content .id_top_ad,.tdb_single_content .id_bottom_ad{clear:both;margines-dolny:21px;wyr\u00f3wnanie-tekstu:\u015brodek}.tdb_single_content .id_top_ad img,.tdb_single_content .id_bottom_ad img{margines-dolny:0}.tdb_single_content .id_top_ad .adsbygoogle,.tdb_single_content .id_bottom_ad .adsbygoogle{pozycja:wzgl\u0119dna}.tdb_single_content .id_ad_content-poziom-lewy,.tdb_single_content .id_ad_content-poziom-prawy,.tdb_single_content .id_ad_content-horiz-center{margines dolny:15px}.tdb_single_content .id_ad_content-horiz-lewy img,.tdb_single_content .id_ad_content-horiz-prawy img,.tdb_single_content .id_ad_content-horiz-center img{margines dolny:0}.tdb_single_content .id_ad_content-horiz-center{wyr\u00f3wnanie tekstu:\u015brodek}.tdb_single_content .id_ad_content-horiz-center img{margines prawy:auto;margines lewy:auto}.tdb_single_content .id_ad_content-horiz-left{float:lewy;margines g\u00f3rny:9px;margines prawy:21px}.tdb_single_content .id_ad_content-horiz-right{float:right;margines-g\u00f3rny:6px;margines-lewy:21px}.tdb_single_content .tdc-a-ad .tdc-placeholder-title{szeroko\u015b\u0107:300px;wysoko\u015b\u0107:250px}.tdb_single_content .tdc-a-ad .tdc-placeholder-title:before{pozycja:absolutna;g\u00f3ra:50%;-webkit-transform:translateY(-50%);przekszta\u0142cenie:translateY(-50%);margines:auto;wy\u015bwietlanie:tabela;szeroko\u015b\u0107:100%}.tdb_single_content .tdb-block-inner.td-fix-index{word-break:break-word}.tdi_48,.tdi_48>p,.tdi_48 .tdb-block-inner>p{rozmiar-czcionki:16px!wa\u017cne;wysoko\u015b\u0107-linii:1.6!wa\u017cne}.tdi_48 .tdb-block-inner cytat p{styl-czcionki:normalny!wa\u017cne}@media (maks. szeroko\u015b\u0107:767px){.tdb_single_content .id_ad_content-poziom-lewo,.tdb_single_content .id_ad_content-poziom-prawo,.tdb_single_content .id_ad_content-poziom-\u015brodek{margines:0 auto 26px auto}}@media (maks. szeroko\u015b\u0107:767px){.tdb_single_content .id_ad_content-poziom-lewo{margines-prawy:0}}@media (maks. szeroko\u015b\u0107:767px){.tdb_single_content .id_ad_content-horiz-right{margines-lewy:0}}@media (maksymalna szeroko\u015b\u0107:767px){.tdb_single_content .td-a-ad{float:none;wyr\u00f3wnanie tekstu:\u015brodek}.tdb_single_content .td-a-ad img{margines-prawy:auto;margines-lewy:auto}.tdb_single_content .tdc-a-ad{float:none}}<\/style>\n<div class=\"tdb-block-inner td-fix-index\">\n<p>Genera\u0142 Roman Polko, by\u0142y dow\u00f3dca elitarnej jednostki GROM, wyrazi\u0142 znaczn\u0105 krytyk\u0119 odpowiedzi polskiego wojska na niedawne naruszenia przestrzeni powietrznej przez rosyjskie drony. W wywiadzie dla Niezale\u017cna.pl, gen. Polko nazwa\u0142 wyja\u015bnienia wojska dotycz\u0105ce niezestrzelenia wolno poruszaj\u0105cego si\u0119 drona z powodu z\u0142ej pogody \u201eabsurdalnymi\u201d, podkre\u015blaj\u0105c, \u017ce wojsko powinno by\u0107 operacyjne 24\/7, niezale\u017cnie od warunk\u00f3w pogodowych.<\/p>\n<p>Wed\u0142ug szczeg\u00f3\u0142\u00f3w operacyjnych opublikowanych przez genera\u0142a dywizji Macieja Klisza z Dow\u00f3dztwa Operacyjnego Rodzaj\u00f3w Si\u0142 Zbrojnych (DO RSZ), dron przenikn\u0105\u0142 polsk\u0105 przestrze\u0144 powietrzn\u0105 na g\u0142\u0119boko\u015b\u0107 oko\u0142o 25 kilometr\u00f3w. Gen. Klisz stwierdzi\u0142, \u017ce dron by\u0142 stale \u015bledzony przez co najmniej trzy stacje radarowe i by\u0142 gotowy do zestrzelenia, co sugeruje gotowo\u015b\u0107, kt\u00f3ra nie zosta\u0142a przekszta\u0142cona w dzia\u0142anie.<\/p>\n<p>Incydent wywo\u0142a\u0142 operacj\u0119 poszukiwawcz\u0105 z udzia\u0142em ponad 70 \u017co\u0142nierzy z Wojsk Obrony Terytorialnej Che\u0142m i Lublin, z oznakami, \u017ce wysi\u0142ki te zostan\u0105 zintensyfikowane. Tymczasem rzecznik pp\u0142k Jacek Goryszewski podkre\u015bli\u0142 trwaj\u0105ce i potencjalnie eskaluj\u0105ce zagro\u017cenie militarne ze wschodu, o czym \u015bwiadcz\u0105 liczne wtargni\u0119cia podczas intensywnego konfliktu na Ukrainie.<\/p>\n<p>Gen. Polko skrytykowa\u0142 wahanie dow\u00f3dztwa, wskazuj\u0105c na elektrowni\u0119 rakietow\u0105, kt\u00f3ra cz\u0119sto by\u0142a celem atak\u00f3w Rosjan w pobli\u017cu trasy lotu drona, kwestionuj\u0105c, dlaczego wojsko debatowa\u0142o zamiast dzia\u0142a\u0107 zdecydowanie. Podkre\u015bli\u0142 potrzeb\u0119 sta\u0142ej gotowo\u015bci, zw\u0142aszcza bior\u0105c pod uwag\u0119 strategiczne prowokacje, kt\u00f3re prawdopodobnie mia\u0142y na celu przetestowanie polskich odpowiedzi obronnych.<\/p>\n<p>Genera\u0142 zaproponowa\u0142 r\u00f3wnie\u017c, aby NATO zaanga\u017cowa\u0142o si\u0119 bardziej bezpo\u015brednio w prewencyjne uderzenia na terytorium Ukrainy w celu ustanowienia strefy buforowej bezpiecze\u0144stwa, sugeruj\u0105c, \u017ce wysi\u0142ki dyplomatyczne powinny by\u0107 ukierunkowane na zapewnienie bezpiecze\u0144stwa wschodniej flanki przed tego typu infiltracjami.<\/p>\n<\/div>\n<\/div>\n","protected":false},"excerpt":{"rendered":"<p>Genera\u0142 Roman Polko, by\u0142y dow\u00f3dca elitarnej jednostki GROM, wyrazi\u0142 znaczn\u0105 krytyk\u0119 odpowiedzi polskiego wojska na niedawne naruszenia przestrzeni powietrznej przez<\/p>\n","protected":false},"author":1,"featured_media":317,"comment_status":"closed","ping_status":"","sticky":false,"template":"","format":"standard","meta":{"footnotes":""},"categories":[44],"tags":[498,489,493,487,495,494,491,492,490,496,497,488],"class_list":["post-316","post","type-post","status-publish","format-standard","has-post-thumbnail","hentry","category-polityka","tag-konfliktu","tag-krytykowane","tag-naruszeniami","tag-polskie","tag-powietrznej","tag-przestrzeni","tag-radzenia","tag-sobie","tag-sposob","tag-trakcie","tag-trwajacego","tag-wojsko","generate-columns","tablet-grid-50","mobile-grid-100","grid-parent","grid-50","resize-featured-image"],"yoast_head":"<!-- This site is optimized with the Yoast SEO plugin v23.2 - https:\/\/yoast.com\/wordpress\/plugins\/seo\/ -->\n<title>Polskie wojsko krytykowane za spos\u00f3b radzenia sobie z naruszeniami przestrzeni powietrznej w trakcie trwaj\u0105cego konfliktu - POGOTOWIE FLAGOWE\u00ae<\/title>\n<meta name=\"robots\" content=\"index, follow, max-snippet:-1, max-image-preview:large, max-video-preview:-1\" \/>\n<link rel=\"canonical\" href=\"https:\/\/www.pogotowieflagowe.pl\/aktualne\/polskie-wojsko-krytykowane-za-sposob-radzenia-sobie-z-naruszeniami-przestrzeni-powietrznej-w-trakcie-trwajacego-konfliktu\/\" \/>\n<meta property=\"og:locale\" content=\"pl_PL\" \/>\n<meta property=\"og:type\" content=\"article\" \/>\n<meta property=\"og:title\" content=\"Polskie wojsko krytykowane za spos\u00f3b radzenia sobie z naruszeniami przestrzeni powietrznej w trakcie trwaj\u0105cego konfliktu - POGOTOWIE FLAGOWE\u00ae\" \/>\n<meta property=\"og:description\" content=\"Genera\u0142 Roman Polko, by\u0142y dow\u00f3dca elitarnej jednostki GROM, wyrazi\u0142 znaczn\u0105 krytyk\u0119 odpowiedzi polskiego wojska na niedawne naruszenia przestrzeni powietrznej przez\" \/>\n<meta property=\"og:url\" content=\"https:\/\/www.pogotowieflagowe.pl\/aktualne\/polskie-wojsko-krytykowane-za-sposob-radzenia-sobie-z-naruszeniami-przestrzeni-powietrznej-w-trakcie-trwajacego-konfliktu\/\" \/>\n<meta property=\"og:site_name\" content=\"POGOTOWIE FLAGOWE\u00ae\" \/>\n<meta property=\"article:published_time\" content=\"2024-08-26T22:34:11+00:00\" \/>\n<meta property=\"article:modified_time\" content=\"2024-08-26T22:34:12+00:00\" \/>\n<meta property=\"og:image\" content=\"https:\/\/www.pogotowieflagowe.pl\/aktualne\/wp-content\/uploads\/2024\/08\/Polskie-wojsko-krytykowane-za-sposob-radzenia-sobie-z-naruszeniami-przestrzeni.jpg\" \/>\n\t<meta property=\"og:image:width\" content=\"1169\" \/>\n\t<meta property=\"og:image:height\" content=\"666\" \/>\n\t<meta property=\"og:image:type\" content=\"image\/jpeg\" \/>\n<meta name=\"author\" content=\"Filip\" \/>\n<meta name=\"twitter:card\" content=\"summary_large_image\" \/>\n<meta name=\"twitter:label1\" content=\"Napisane przez\" \/>\n\t<meta name=\"twitter:data1\" content=\"Filip\" \/>\n\t<meta name=\"twitter:label2\" content=\"Szacowany czas czytania\" \/>\n\t<meta name=\"twitter:data2\" content=\"1 minuta\" \/>\n<script type=\"application\/ld+json\" class=\"yoast-schema-graph\">{\"@context\":\"https:\/\/schema.org\",\"@graph\":[{\"@type\":\"Article\",\"@id\":\"https:\/\/www.pogotowieflagowe.pl\/aktualne\/polskie-wojsko-krytykowane-za-sposob-radzenia-sobie-z-naruszeniami-przestrzeni-powietrznej-w-trakcie-trwajacego-konfliktu\/#article\",\"isPartOf\":{\"@id\":\"https:\/\/www.pogotowieflagowe.pl\/aktualne\/polskie-wojsko-krytykowane-za-sposob-radzenia-sobie-z-naruszeniami-przestrzeni-powietrznej-w-trakcie-trwajacego-konfliktu\/\"},\"author\":{\"name\":\"Filip\",\"@id\":\"https:\/\/www.pogotowieflagowe.pl\/aktualne\/#\/schema\/person\/9c2fb7d2362ebf6fa088960d7f0d27b0\"},\"headline\":\"Polskie wojsko krytykowane za spos\u00f3b radzenia sobie z naruszeniami przestrzeni powietrznej w trakcie trwaj\u0105cego konfliktu\",\"datePublished\":\"2024-08-26T22:34:11+00:00\",\"dateModified\":\"2024-08-26T22:34:12+00:00\",\"mainEntityOfPage\":{\"@id\":\"https:\/\/www.pogotowieflagowe.pl\/aktualne\/polskie-wojsko-krytykowane-za-sposob-radzenia-sobie-z-naruszeniami-przestrzeni-powietrznej-w-trakcie-trwajacego-konfliktu\/\"},\"wordCount\":312,\"publisher\":{\"@id\":\"https:\/\/www.pogotowieflagowe.pl\/aktualne\/#organization\"},\"image\":{\"@id\":\"https:\/\/www.pogotowieflagowe.pl\/aktualne\/polskie-wojsko-krytykowane-za-sposob-radzenia-sobie-z-naruszeniami-przestrzeni-powietrznej-w-trakcie-trwajacego-konfliktu\/#primaryimage\"},\"thumbnailUrl\":\"https:\/\/www.pogotowieflagowe.pl\/aktualne\/wp-content\/uploads\/2024\/08\/Polskie-wojsko-krytykowane-za-sposob-radzenia-sobie-z-naruszeniami-przestrzeni.jpg\",\"keywords\":[\"konfliktu\",\"krytykowane\",\"naruszeniami\",\"Polskie\",\"powietrznej\",\"przestrzeni\",\"radzenia\",\"sobie\",\"spos\u00f3b\",\"trakcie\",\"trwaj\u0105cego\",\"wojsko\"],\"articleSection\":[\"Polityka\"],\"inLanguage\":\"pl-PL\"},{\"@type\":\"WebPage\",\"@id\":\"https:\/\/www.pogotowieflagowe.pl\/aktualne\/polskie-wojsko-krytykowane-za-sposob-radzenia-sobie-z-naruszeniami-przestrzeni-powietrznej-w-trakcie-trwajacego-konfliktu\/\",\"url\":\"https:\/\/www.pogotowieflagowe.pl\/aktualne\/polskie-wojsko-krytykowane-za-sposob-radzenia-sobie-z-naruszeniami-przestrzeni-powietrznej-w-trakcie-trwajacego-konfliktu\/\",\"name\":\"Polskie wojsko krytykowane za spos\u00f3b radzenia sobie z naruszeniami przestrzeni powietrznej w trakcie trwaj\u0105cego konfliktu - POGOTOWIE FLAGOWE\u00ae\",\"isPartOf\":{\"@id\":\"https:\/\/www.pogotowieflagowe.pl\/aktualne\/#website\"},\"primaryImageOfPage\":{\"@id\":\"https:\/\/www.pogotowieflagowe.pl\/aktualne\/polskie-wojsko-krytykowane-za-sposob-radzenia-sobie-z-naruszeniami-przestrzeni-powietrznej-w-trakcie-trwajacego-konfliktu\/#primaryimage\"},\"image\":{\"@id\":\"https:\/\/www.pogotowieflagowe.pl\/aktualne\/polskie-wojsko-krytykowane-za-sposob-radzenia-sobie-z-naruszeniami-przestrzeni-powietrznej-w-trakcie-trwajacego-konfliktu\/#primaryimage\"},\"thumbnailUrl\":\"https:\/\/www.pogotowieflagowe.pl\/aktualne\/wp-content\/uploads\/2024\/08\/Polskie-wojsko-krytykowane-za-sposob-radzenia-sobie-z-naruszeniami-przestrzeni.jpg\",\"datePublished\":\"2024-08-26T22:34:11+00:00\",\"dateModified\":\"2024-08-26T22:34:12+00:00\",\"breadcrumb\":{\"@id\":\"https:\/\/www.pogotowieflagowe.pl\/aktualne\/polskie-wojsko-krytykowane-za-sposob-radzenia-sobie-z-naruszeniami-przestrzeni-powietrznej-w-trakcie-trwajacego-konfliktu\/#breadcrumb\"},\"inLanguage\":\"pl-PL\",\"potentialAction\":[{\"@type\":\"ReadAction\",\"target\":[\"https:\/\/www.pogotowieflagowe.pl\/aktualne\/polskie-wojsko-krytykowane-za-sposob-radzenia-sobie-z-naruszeniami-przestrzeni-powietrznej-w-trakcie-trwajacego-konfliktu\/\"]}]},{\"@type\":\"ImageObject\",\"inLanguage\":\"pl-PL\",\"@id\":\"https:\/\/www.pogotowieflagowe.pl\/aktualne\/polskie-wojsko-krytykowane-za-sposob-radzenia-sobie-z-naruszeniami-przestrzeni-powietrznej-w-trakcie-trwajacego-konfliktu\/#primaryimage\",\"url\":\"https:\/\/www.pogotowieflagowe.pl\/aktualne\/wp-content\/uploads\/2024\/08\/Polskie-wojsko-krytykowane-za-sposob-radzenia-sobie-z-naruszeniami-przestrzeni.jpg\",\"contentUrl\":\"https:\/\/www.pogotowieflagowe.pl\/aktualne\/wp-content\/uploads\/2024\/08\/Polskie-wojsko-krytykowane-za-sposob-radzenia-sobie-z-naruszeniami-przestrzeni.jpg\",\"width\":1169,\"height\":666,\"caption\":\"Polskie wojsko krytykowane za spos\u00f3b radzenia sobie z naruszeniami przestrzeni powietrznej w trakcie trwaj\u0105cego konfliktu\"},{\"@type\":\"BreadcrumbList\",\"@id\":\"https:\/\/www.pogotowieflagowe.pl\/aktualne\/polskie-wojsko-krytykowane-za-sposob-radzenia-sobie-z-naruszeniami-przestrzeni-powietrznej-w-trakcie-trwajacego-konfliktu\/#breadcrumb\",\"itemListElement\":[{\"@type\":\"ListItem\",\"position\":1,\"name\":\"Home\",\"item\":\"https:\/\/www.pogotowieflagowe.pl\/aktualne\/\"},{\"@type\":\"ListItem\",\"position\":2,\"name\":\"Polskie wojsko krytykowane za spos\u00f3b radzenia sobie z naruszeniami przestrzeni powietrznej w trakcie trwaj\u0105cego konfliktu\"}]},{\"@type\":\"WebSite\",\"@id\":\"https:\/\/www.pogotowieflagowe.pl\/aktualne\/#website\",\"url\":\"https:\/\/www.pogotowieflagowe.pl\/aktualne\/\",\"name\":\"POGOTOWIE FLAGOWE\u00ae\",\"description\":\"\",\"publisher\":{\"@id\":\"https:\/\/www.pogotowieflagowe.pl\/aktualne\/#organization\"},\"potentialAction\":[{\"@type\":\"SearchAction\",\"target\":{\"@type\":\"EntryPoint\",\"urlTemplate\":\"https:\/\/www.pogotowieflagowe.pl\/aktualne\/?s={search_term_string}\"},\"query-input\":\"required name=search_term_string\"}],\"inLanguage\":\"pl-PL\"},{\"@type\":\"Organization\",\"@id\":\"https:\/\/www.pogotowieflagowe.pl\/aktualne\/#organization\",\"name\":\"POGOTOWIE FLAGOWE\u00ae\",\"url\":\"https:\/\/www.pogotowieflagowe.pl\/aktualne\/\",\"logo\":{\"@type\":\"ImageObject\",\"inLanguage\":\"pl-PL\",\"@id\":\"https:\/\/www.pogotowieflagowe.pl\/aktualne\/#\/schema\/logo\/image\/\",\"url\":\"https:\/\/www.pogotowieflagowe.pl\/aktualne\/wp-content\/uploads\/2024\/08\/cropped-pogotowieflagowe_flaga_projekt_sm.jpg\",\"contentUrl\":\"https:\/\/www.pogotowieflagowe.pl\/aktualne\/wp-content\/uploads\/2024\/08\/cropped-pogotowieflagowe_flaga_projekt_sm.jpg\",\"width\":250,\"height\":143,\"caption\":\"POGOTOWIE FLAGOWE\u00ae\"},\"image\":{\"@id\":\"https:\/\/www.pogotowieflagowe.pl\/aktualne\/#\/schema\/logo\/image\/\"}},{\"@type\":\"Person\",\"@id\":\"https:\/\/www.pogotowieflagowe.pl\/aktualne\/#\/schema\/person\/9c2fb7d2362ebf6fa088960d7f0d27b0\",\"name\":\"Filip\",\"image\":{\"@type\":\"ImageObject\",\"inLanguage\":\"pl-PL\",\"@id\":\"https:\/\/www.pogotowieflagowe.pl\/aktualne\/#\/schema\/person\/image\/\",\"url\":\"https:\/\/www.pogotowieflagowe.pl\/aktualne\/wp-content\/uploads\/2024\/08\/pogotowieflagowe.pl_.jpg\",\"contentUrl\":\"https:\/\/www.pogotowieflagowe.pl\/aktualne\/wp-content\/uploads\/2024\/08\/pogotowieflagowe.pl_.jpg\",\"caption\":\"Filip\"},\"description\":\"Jestem Filip, polski dziennikarz z dyplomem nauk politycznych Uniwersytetu Warszawskiego. Rozpoczynaj\u0105c swoj\u0105 karier\u0119 w r\u00f3\u017cnych lokalnych mediach, zdoby\u0142em solidne do\u015bwiadczenie w zakresie \u015bledztwa i redakcji. Obecnie jako redaktor w Pogotowie flagowe, staram si\u0119 dostarcza\u0107 dog\u0142\u0119bne i istotne analizy na temat najwa\u017cniejszych kwestii aktualno\u015bci, \u0142\u0105cz\u0105c rygor z pasj\u0105 dziennikarsk\u0105.\",\"sameAs\":[\"https:\/\/www.pogotowieflagowe.pl\/\"]}]}<\/script>\n<!-- \/ Yoast SEO plugin. -->","yoast_head_json":{"title":"Polskie wojsko krytykowane za spos\u00f3b radzenia sobie z naruszeniami przestrzeni powietrznej w trakcie trwaj\u0105cego konfliktu - POGOTOWIE FLAGOWE\u00ae","robots":{"index":"index","follow":"follow","max-snippet":"max-snippet:-1","max-image-preview":"max-image-preview:large","max-video-preview":"max-video-preview:-1"},"canonical":"https:\/\/www.pogotowieflagowe.pl\/aktualne\/polskie-wojsko-krytykowane-za-sposob-radzenia-sobie-z-naruszeniami-przestrzeni-powietrznej-w-trakcie-trwajacego-konfliktu\/","og_locale":"pl_PL","og_type":"article","og_title":"Polskie wojsko krytykowane za spos\u00f3b radzenia sobie z naruszeniami przestrzeni powietrznej w trakcie trwaj\u0105cego konfliktu - POGOTOWIE FLAGOWE\u00ae","og_description":"Genera\u0142 Roman Polko, by\u0142y dow\u00f3dca elitarnej jednostki GROM, wyrazi\u0142 znaczn\u0105 krytyk\u0119 odpowiedzi polskiego wojska na niedawne naruszenia przestrzeni powietrznej przez","og_url":"https:\/\/www.pogotowieflagowe.pl\/aktualne\/polskie-wojsko-krytykowane-za-sposob-radzenia-sobie-z-naruszeniami-przestrzeni-powietrznej-w-trakcie-trwajacego-konfliktu\/","og_site_name":"POGOTOWIE FLAGOWE\u00ae","article_published_time":"2024-08-26T22:34:11+00:00","article_modified_time":"2024-08-26T22:34:12+00:00","og_image":[{"width":1169,"height":666,"url":"https:\/\/www.pogotowieflagowe.pl\/aktualne\/wp-content\/uploads\/2024\/08\/Polskie-wojsko-krytykowane-za-sposob-radzenia-sobie-z-naruszeniami-przestrzeni.jpg","type":"image\/jpeg"}],"author":"Filip","twitter_card":"summary_large_image","twitter_misc":{"Napisane przez":"Filip","Szacowany czas czytania":"1 minuta"},"schema":{"@context":"https:\/\/schema.org","@graph":[{"@type":"Article","@id":"https:\/\/www.pogotowieflagowe.pl\/aktualne\/polskie-wojsko-krytykowane-za-sposob-radzenia-sobie-z-naruszeniami-przestrzeni-powietrznej-w-trakcie-trwajacego-konfliktu\/#article","isPartOf":{"@id":"https:\/\/www.pogotowieflagowe.pl\/aktualne\/polskie-wojsko-krytykowane-za-sposob-radzenia-sobie-z-naruszeniami-przestrzeni-powietrznej-w-trakcie-trwajacego-konfliktu\/"},"author":{"name":"Filip","@id":"https:\/\/www.pogotowieflagowe.pl\/aktualne\/#\/schema\/person\/9c2fb7d2362ebf6fa088960d7f0d27b0"},"headline":"Polskie wojsko krytykowane za spos\u00f3b radzenia sobie z naruszeniami przestrzeni powietrznej w trakcie trwaj\u0105cego konfliktu","datePublished":"2024-08-26T22:34:11+00:00","dateModified":"2024-08-26T22:34:12+00:00","mainEntityOfPage":{"@id":"https:\/\/www.pogotowieflagowe.pl\/aktualne\/polskie-wojsko-krytykowane-za-sposob-radzenia-sobie-z-naruszeniami-przestrzeni-powietrznej-w-trakcie-trwajacego-konfliktu\/"},"wordCount":312,"publisher":{"@id":"https:\/\/www.pogotowieflagowe.pl\/aktualne\/#organization"},"image":{"@id":"https:\/\/www.pogotowieflagowe.pl\/aktualne\/polskie-wojsko-krytykowane-za-sposob-radzenia-sobie-z-naruszeniami-przestrzeni-powietrznej-w-trakcie-trwajacego-konfliktu\/#primaryimage"},"thumbnailUrl":"https:\/\/www.pogotowieflagowe.pl\/aktualne\/wp-content\/uploads\/2024\/08\/Polskie-wojsko-krytykowane-za-sposob-radzenia-sobie-z-naruszeniami-przestrzeni.jpg","keywords":["konfliktu","krytykowane","naruszeniami","Polskie","powietrznej","przestrzeni","radzenia","sobie","spos\u00f3b","trakcie","trwaj\u0105cego","wojsko"],"articleSection":["Polityka"],"inLanguage":"pl-PL"},{"@type":"WebPage","@id":"https:\/\/www.pogotowieflagowe.pl\/aktualne\/polskie-wojsko-krytykowane-za-sposob-radzenia-sobie-z-naruszeniami-przestrzeni-powietrznej-w-trakcie-trwajacego-konfliktu\/","url":"https:\/\/www.pogotowieflagowe.pl\/aktualne\/polskie-wojsko-krytykowane-za-sposob-radzenia-sobie-z-naruszeniami-przestrzeni-powietrznej-w-trakcie-trwajacego-konfliktu\/","name":"Polskie wojsko krytykowane za spos\u00f3b radzenia sobie z naruszeniami przestrzeni powietrznej w trakcie trwaj\u0105cego konfliktu - POGOTOWIE FLAGOWE\u00ae","isPartOf":{"@id":"https:\/\/www.pogotowieflagowe.pl\/aktualne\/#website"},"primaryImageOfPage":{"@id":"https:\/\/www.pogotowieflagowe.pl\/aktualne\/polskie-wojsko-krytykowane-za-sposob-radzenia-sobie-z-naruszeniami-przestrzeni-powietrznej-w-trakcie-trwajacego-konfliktu\/#primaryimage"},"image":{"@id":"https:\/\/www.pogotowieflagowe.pl\/aktualne\/polskie-wojsko-krytykowane-za-sposob-radzenia-sobie-z-naruszeniami-przestrzeni-powietrznej-w-trakcie-trwajacego-konfliktu\/#primaryimage"},"thumbnailUrl":"https:\/\/www.pogotowieflagowe.pl\/aktualne\/wp-content\/uploads\/2024\/08\/Polskie-wojsko-krytykowane-za-sposob-radzenia-sobie-z-naruszeniami-przestrzeni.jpg","datePublished":"2024-08-26T22:34:11+00:00","dateModified":"2024-08-26T22:34:12+00:00","breadcrumb":{"@id":"https:\/\/www.pogotowieflagowe.pl\/aktualne\/polskie-wojsko-krytykowane-za-sposob-radzenia-sobie-z-naruszeniami-przestrzeni-powietrznej-w-trakcie-trwajacego-konfliktu\/#breadcrumb"},"inLanguage":"pl-PL","potentialAction":[{"@type":"ReadAction","target":["https:\/\/www.pogotowieflagowe.pl\/aktualne\/polskie-wojsko-krytykowane-za-sposob-radzenia-sobie-z-naruszeniami-przestrzeni-powietrznej-w-trakcie-trwajacego-konfliktu\/"]}]},{"@type":"ImageObject","inLanguage":"pl-PL","@id":"https:\/\/www.pogotowieflagowe.pl\/aktualne\/polskie-wojsko-krytykowane-za-sposob-radzenia-sobie-z-naruszeniami-przestrzeni-powietrznej-w-trakcie-trwajacego-konfliktu\/#primaryimage","url":"https:\/\/www.pogotowieflagowe.pl\/aktualne\/wp-content\/uploads\/2024\/08\/Polskie-wojsko-krytykowane-za-sposob-radzenia-sobie-z-naruszeniami-przestrzeni.jpg","contentUrl":"https:\/\/www.pogotowieflagowe.pl\/aktualne\/wp-content\/uploads\/2024\/08\/Polskie-wojsko-krytykowane-za-sposob-radzenia-sobie-z-naruszeniami-przestrzeni.jpg","width":1169,"height":666,"caption":"Polskie wojsko krytykowane za spos\u00f3b radzenia sobie z naruszeniami przestrzeni powietrznej w trakcie trwaj\u0105cego konfliktu"},{"@type":"BreadcrumbList","@id":"https:\/\/www.pogotowieflagowe.pl\/aktualne\/polskie-wojsko-krytykowane-za-sposob-radzenia-sobie-z-naruszeniami-przestrzeni-powietrznej-w-trakcie-trwajacego-konfliktu\/#breadcrumb","itemListElement":[{"@type":"ListItem","position":1,"name":"Home","item":"https:\/\/www.pogotowieflagowe.pl\/aktualne\/"},{"@type":"ListItem","position":2,"name":"Polskie wojsko krytykowane za spos\u00f3b radzenia sobie z naruszeniami przestrzeni powietrznej w trakcie trwaj\u0105cego konfliktu"}]},{"@type":"WebSite","@id":"https:\/\/www.pogotowieflagowe.pl\/aktualne\/#website","url":"https:\/\/www.pogotowieflagowe.pl\/aktualne\/","name":"POGOTOWIE FLAGOWE\u00ae","description":"","publisher":{"@id":"https:\/\/www.pogotowieflagowe.pl\/aktualne\/#organization"},"potentialAction":[{"@type":"SearchAction","target":{"@type":"EntryPoint","urlTemplate":"https:\/\/www.pogotowieflagowe.pl\/aktualne\/?s={search_term_string}"},"query-input":"required name=search_term_string"}],"inLanguage":"pl-PL"},{"@type":"Organization","@id":"https:\/\/www.pogotowieflagowe.pl\/aktualne\/#organization","name":"POGOTOWIE FLAGOWE\u00ae","url":"https:\/\/www.pogotowieflagowe.pl\/aktualne\/","logo":{"@type":"ImageObject","inLanguage":"pl-PL","@id":"https:\/\/www.pogotowieflagowe.pl\/aktualne\/#\/schema\/logo\/image\/","url":"https:\/\/www.pogotowieflagowe.pl\/aktualne\/wp-content\/uploads\/2024\/08\/cropped-pogotowieflagowe_flaga_projekt_sm.jpg","contentUrl":"https:\/\/www.pogotowieflagowe.pl\/aktualne\/wp-content\/uploads\/2024\/08\/cropped-pogotowieflagowe_flaga_projekt_sm.jpg","width":250,"height":143,"caption":"POGOTOWIE FLAGOWE\u00ae"},"image":{"@id":"https:\/\/www.pogotowieflagowe.pl\/aktualne\/#\/schema\/logo\/image\/"}},{"@type":"Person","@id":"https:\/\/www.pogotowieflagowe.pl\/aktualne\/#\/schema\/person\/9c2fb7d2362ebf6fa088960d7f0d27b0","name":"Filip","image":{"@type":"ImageObject","inLanguage":"pl-PL","@id":"https:\/\/www.pogotowieflagowe.pl\/aktualne\/#\/schema\/person\/image\/","url":"https:\/\/www.pogotowieflagowe.pl\/aktualne\/wp-content\/uploads\/2024\/08\/pogotowieflagowe.pl_.jpg","contentUrl":"https:\/\/www.pogotowieflagowe.pl\/aktualne\/wp-content\/uploads\/2024\/08\/pogotowieflagowe.pl_.jpg","caption":"Filip"},"description":"Jestem Filip, polski dziennikarz z dyplomem nauk politycznych Uniwersytetu Warszawskiego. Rozpoczynaj\u0105c swoj\u0105 karier\u0119 w r\u00f3\u017cnych lokalnych mediach, zdoby\u0142em solidne do\u015bwiadczenie w zakresie \u015bledztwa i redakcji. Obecnie jako redaktor w Pogotowie flagowe, staram si\u0119 dostarcza\u0107 dog\u0142\u0119bne i istotne analizy na temat najwa\u017cniejszych kwestii aktualno\u015bci, \u0142\u0105cz\u0105c rygor z pasj\u0105 dziennikarsk\u0105.","sameAs":["https:\/\/www.pogotowieflagowe.pl\/"]}]}},"_links":{"self":[{"href":"https:\/\/www.pogotowieflagowe.pl\/aktualne\/wp-json\/wp\/v2\/posts\/316","targetHints":{"allow":["GET"]}}],"collection":[{"href":"https:\/\/www.pogotowieflagowe.pl\/aktualne\/wp-json\/wp\/v2\/posts"}],"about":[{"href":"https:\/\/www.pogotowieflagowe.pl\/aktualne\/wp-json\/wp\/v2\/types\/post"}],"author":[{"embeddable":true,"href":"https:\/\/www.pogotowieflagowe.pl\/aktualne\/wp-json\/wp\/v2\/users\/1"}],"replies":[{"embeddable":true,"href":"https:\/\/www.pogotowieflagowe.pl\/aktualne\/wp-json\/wp\/v2\/comments?post=316"}],"version-history":[{"count":1,"href":"https:\/\/www.pogotowieflagowe.pl\/aktualne\/wp-json\/wp\/v2\/posts\/316\/revisions"}],"predecessor-version":[{"id":318,"href":"https:\/\/www.pogotowieflagowe.pl\/aktualne\/wp-json\/wp\/v2\/posts\/316\/revisions\/318"}],"wp:featuredmedia":[{"embeddable":true,"href":"https:\/\/www.pogotowieflagowe.pl\/aktualne\/wp-json\/wp\/v2\/media\/317"}],"wp:attachment":[{"href":"https:\/\/www.pogotowieflagowe.pl\/aktualne\/wp-json\/wp\/v2\/media?parent=316"}],"wp:term":[{"taxonomy":"category","embeddable":true,"href":"https:\/\/www.pogotowieflagowe.pl\/aktualne\/wp-json\/wp\/v2\/categories?post=316"},{"taxonomy":"post_tag","embeddable":true,"href":"https:\/\/www.pogotowieflagowe.pl\/aktualne\/wp-json\/wp\/v2\/tags?post=316"}],"curies":[{"name":"wp","href":"https:\/\/api.w.org\/{rel}","templated":true}]}}