{"id":3279,"date":"2025-01-24T22:09:14","date_gmt":"2025-01-24T21:09:14","guid":{"rendered":"https:\/\/www.pogotowieflagowe.pl\/aktualne\/iga-swiatek-swieci-jasno-na-australian-open\/"},"modified":"2025-01-24T22:09:14","modified_gmt":"2025-01-24T21:09:14","slug":"iga-swiatek-swieci-jasno-na-australian-open","status":"publish","type":"post","link":"https:\/\/www.pogotowieflagowe.pl\/aktualne\/iga-swiatek-swieci-jasno-na-australian-open\/","title":{"rendered":"Iga \u015awi\u0105tek \u015bwieci jasno na Australian Open"},"content":{"rendered":"\n<div class=\"td_block_wrap tdb_single_content tdi_41 td-pb-border-top td_block_template_8 td-post-content tagdiv-type\" data-td-block-uid=\"tdi_41\">\n<style>.tdi_41 {margin-top: 0px! Wa\u017cne; margines-bottom: 0px! WA\u017bNY; PALDING-TOP: 0PX! WA\u017bNY; PALDING-BOTTOM: 0PX! WA\u017bNE}<\/style>\n<style>.tdb_single_content {margin-bottom: 0;*zoom: 1} .tdb_single_content: wcze\u015bniej, .tdb_single_content: po {display: Table; content: ''; line-height: 0} .TDB-BLOCK-INner>*: nie (.WP-BLOCK-QUOTE): NOT (.Alignwide): not (.alignfull.wp-block-cover.has-parallax): not (.td-a-ad) {margin-left: auto; margin-right: auto} .tdb_single_content a {wska\u017anik-events: auto} .tdb_single_content .td-spot-id-top_ad .tdc-placeholder-title: przed {content: 'top ad'! Wa\u017cne} .tdb_single_content .td-spot-id-inline_ad0 .tdc-miejsce-title: przed {content: \u201eArtyku\u0142 inline AD 1 '! Wa\u017cne} .tdb_single_content. {content: 'Artyku\u0142 inline AD 2'! Wa\u017cny} .tdb_single_content .td-spot-inline_ad2 .tdc-miejsce-title: przed {content: 'Artyku\u0142 inline AD 3'! Wa\u017cny} .tdb_single_content .td-spot-id-id -Bottom_Ad .tdc-Placeholder-Title: przed {content: 'artyku\u0142 dolny ad'! Wa\u017cne} .tdb_single_content .id_top_ad, .tdb_single_content .id_bottom_ad {clear: obu; margin-bottom: 21px; text -align: Center} .tdb_single_content. id_top_ad IMG, .tdb_single_content .id_bottom_ad Img {margin-bottom: 0} .tdb_single_content .id_top_ad .adsbyGoogle, .tdb_single_content .id_bottom_ad .adsbyGoogle , .tdb_single_content .id_ad_content-horiz-right , .tdb_single_content .id_ad_content-horiz-Center {margin-bottom: 15px} .tdb_single_content .id_content-horiz-left Img, .tdb_single_content .id_ad_content-horiz-right Gin-Bottom: 0 { lewy; margine-top: 9px; margin-right: 21px} .tdb_single_content .id_ad_content-horiz-right {float: right; margin-top: 6px; margin-left: 21px} .tdb_single_content .tdc-a-ad .tdc--- Umak zast\u0119puj\u0105cy {szeroko\u015b\u0107: 300px; height: 250px} .tdb_single_content .tdc-a-ad .tdc-miejsce-title: przed {pozycja: Absolute; top: 50%;-WebKit-Transform: t\u0142umaczenie (-50%); Transform: Translatey (-50%); margines: auto; display: tabela; szeroko\u015b\u0107: 100%} > P, .tdi_41 .tdb-block-inner> p {font-size: 16px! Wa\u017cne; linia-height: 1.6! Wa\u017cne} .tdi_41 .tdb-block-inner blokote p {font-styl: Normal! Media (Max-Width: 767px) {. tdb_single_content .id_ad_content-horiz-left, .tdb_single_content .id_ad_content-horiz-right, .tdb_single_content .id_ad_content-horiz-center {margin: 0 auto 26px auto}}}@media (MAXID. : 767px) {. Tdb_single_content .id_ad_content-horiz-left {margin-right: 0}}@media (Max-Width: 767px) {. -Width: 767px) {. tdb_single_content .td-a-ad {float: none; text-align: Center} .tdb_single_content .td-a-ad img {margin-right: auto; margin-left: auto} .tdb_single_content. tdc-a-ad {float: none}}<\/style>\n<div class=\"tdb-block-inner td-fix-index\">\n<h2 class=\"wp-block-heading\">Iga \u015awi\u0105tek dociera do p\u00f3\u0142fina\u0142\u00f3w Australian Open, kontynuuje dominacj\u0119 z historycznym biegiem, a oczy w finale.<\/h2>\n<p><strong>Dominacja na dworze<\/strong><br \/>Iga \u015awi\u0105tek wpad\u0142a w p\u00f3\u0142fina\u0142y Australian Open, pokonuj\u0105c Emm\u0119 Navarro 6-1, 6-2 w wyst\u0119pie. Polska gwiazda, zajmuj\u0105ca drugie miejsce w WTA, zrzuci\u0142a tylko 14 gier w drodze do p\u00f3\u0142fina\u0142\u00f3w, pokazuj\u0105c jej wyj\u0105tkow\u0105 form\u0119. Tylko trzech graczy w epoce otwartej osi\u0105gn\u0119\u0142y tak\u0105 wydajno\u015b\u0107 przed p\u00f3\u0142fina\u0142ami, dodatkowo umacniaj\u0105c historyczny bieg \u015awi\u0105tek.<\/p>\n<p><strong>Rok triumf\u00f3w<\/strong><br \/>\u015awi\u0105tek, mianowana mistrzem \u015bwiata ITF w 2024 roku, nadal zwi\u0119ksza swoje imponuj\u0105ce CV. Z pi\u0105tym tytu\u0142em Wielkiego Szlema w Roland Garros i czterech tytu\u0142\u00f3w WTA 1000 w zesz\u0142ym roku, udowodni\u0142a swoj\u0105 dominacj\u0119 na r\u00f3\u017cnych powierzchniach. \u015awi\u0105tek zdoby\u0142 tak\u017ce br\u0105zowy medal na Igrzyskach Olimpijskich w Pary\u017cu i pom\u00f3g\u0142 Polsce wyr\u00f3\u017cnia\u0107 si\u0119 w Pucharze Billie Jean King.<\/p>\n<p><strong>Oczy na fina\u0142<\/strong><br \/>Dzisiaj \u015awi\u0105tek zmierzy si\u0119 z Madison Keys w p\u00f3\u0142finale, maj\u0105c na celu dotarcie do swojego pierwszego australijskiego fina\u0142u otwartego. \u015awiat tenisowy z niecierpliwo\u015bci\u0105 czeka na to starcie.<\/p>\n<figure class=\"wp-block-embed is-type-rich is-provider-twitter wp-block-embed-twitter\">\n<div class=\"wp-block-embed__wrapper\">\n<blockquote class=\"twitter-tweet\" data-width=\"550\" data-dnt=\"true\">\n<p lang=\"en\" dir=\"ltr\">Gdzie\u015b by\u0107, <a rel=\"nofollow\" href=\"https:\/\/twitter.com\/iga_swiatek?ref_src=twsrc%5Etfw\">@iga_swiatek<\/a>? \ud83d\ude05\ud83c\udfc3\u200d\u2640\ufe0f<a rel=\"nofollow\" href=\"https:\/\/twitter.com\/hashtag\/AO2025?src=hash&amp;ref_src=twsrc%5Etfw\">#AO2025<\/a> <a rel=\"nofollow\" href=\"https:\/\/t.co\/x2WYPqIVCD\">pic.twitter.com\/x2WYPQIVCD<\/a><\/p>\n<p>&#8211; #Ausopen (@Australianopen) <a rel=\"nofollow\" href=\"https:\/\/twitter.com\/AustralianOpen\/status\/1881926770309353938?ref_src=twsrc%5Etfw\">22 stycznia 2025 r<\/a><\/p><\/blockquote>\n<\/div>\n<\/figure>\n<\/div>\n<\/div>\n<p><script async src=\"https:\/\/platform.twitter.com\/widgets.js\" charset=\"utf-8\"><\/script><\/p>\n","protected":false},"excerpt":{"rendered":"<p>Iga \u015awi\u0105tek dociera do p\u00f3\u0142fina\u0142\u00f3w Australian Open, kontynuuje dominacj\u0119 z historycznym biegiem, a oczy w finale. Dominacja na dworzeIga \u015awi\u0105tek<\/p>\n","protected":false},"author":1,"featured_media":1729,"comment_status":"closed","ping_status":"","sticky":false,"template":"","format":"standard","meta":{"footnotes":""},"categories":[118],"tags":[4330,143,4736,148,144,4305],"class_list":["post-3279","post","type-post","status-publish","format-standard","has-post-thumbnail","hentry","category-lekkoatletyka","tag-australian","tag-iga","tag-jasno","tag-open","tag-swiatek","tag-swieci","generate-columns","tablet-grid-50","mobile-grid-100","grid-parent","grid-50","resize-featured-image"],"yoast_head":"<!-- This site is optimized with the Yoast SEO plugin v23.2 - https:\/\/yoast.com\/wordpress\/plugins\/seo\/ -->\n<title>Iga \u015awi\u0105tek \u015bwieci jasno na Australian Open - POGOTOWIE FLAGOWE\u00ae<\/title>\n<meta name=\"robots\" content=\"index, follow, max-snippet:-1, max-image-preview:large, max-video-preview:-1\" \/>\n<link rel=\"canonical\" href=\"https:\/\/www.pogotowieflagowe.pl\/aktualne\/iga-swiatek-swieci-jasno-na-australian-open\/\" \/>\n<meta property=\"og:locale\" content=\"pl_PL\" \/>\n<meta property=\"og:type\" content=\"article\" \/>\n<meta property=\"og:title\" content=\"Iga \u015awi\u0105tek \u015bwieci jasno na Australian Open - POGOTOWIE FLAGOWE\u00ae\" \/>\n<meta property=\"og:description\" content=\"Iga \u015awi\u0105tek dociera do p\u00f3\u0142fina\u0142\u00f3w Australian Open, kontynuuje dominacj\u0119 z historycznym biegiem, a oczy w finale. Dominacja na dworzeIga \u015awi\u0105tek\" \/>\n<meta property=\"og:url\" content=\"https:\/\/www.pogotowieflagowe.pl\/aktualne\/iga-swiatek-swieci-jasno-na-australian-open\/\" \/>\n<meta property=\"og:site_name\" content=\"POGOTOWIE FLAGOWE\u00ae\" \/>\n<meta property=\"article:published_time\" content=\"2025-01-24T21:09:14+00:00\" \/>\n<meta property=\"og:image\" content=\"https:\/\/www.pogotowieflagowe.pl\/aktualne\/wp-content\/uploads\/2024\/11\/Iga-Swiatek-odpadla-z-finalow-WTA-po-zwyciestwie-Barbory-\u200b\u200bKrejcikovej.jpeg\" \/>\n\t<meta property=\"og:image:width\" content=\"1920\" \/>\n\t<meta property=\"og:image:height\" content=\"1281\" \/>\n\t<meta property=\"og:image:type\" content=\"image\/jpeg\" \/>\n<meta name=\"author\" content=\"Filip\" \/>\n<meta name=\"twitter:card\" content=\"summary_large_image\" \/>\n<meta name=\"twitter:label1\" content=\"Napisane przez\" \/>\n\t<meta name=\"twitter:data1\" content=\"Filip\" \/>\n\t<meta name=\"twitter:label2\" content=\"Szacowany czas czytania\" \/>\n\t<meta name=\"twitter:data2\" content=\"1 minuta\" \/>\n<script type=\"application\/ld+json\" class=\"yoast-schema-graph\">{\"@context\":\"https:\/\/schema.org\",\"@graph\":[{\"@type\":\"Article\",\"@id\":\"https:\/\/www.pogotowieflagowe.pl\/aktualne\/iga-swiatek-swieci-jasno-na-australian-open\/#article\",\"isPartOf\":{\"@id\":\"https:\/\/www.pogotowieflagowe.pl\/aktualne\/iga-swiatek-swieci-jasno-na-australian-open\/\"},\"author\":{\"name\":\"Filip\",\"@id\":\"https:\/\/www.pogotowieflagowe.pl\/aktualne\/#\/schema\/person\/9c2fb7d2362ebf6fa088960d7f0d27b0\"},\"headline\":\"Iga \u015awi\u0105tek \u015bwieci jasno na Australian Open\",\"datePublished\":\"2025-01-24T21:09:14+00:00\",\"dateModified\":\"2025-01-24T21:09:14+00:00\",\"mainEntityOfPage\":{\"@id\":\"https:\/\/www.pogotowieflagowe.pl\/aktualne\/iga-swiatek-swieci-jasno-na-australian-open\/\"},\"wordCount\":217,\"publisher\":{\"@id\":\"https:\/\/www.pogotowieflagowe.pl\/aktualne\/#organization\"},\"image\":{\"@id\":\"https:\/\/www.pogotowieflagowe.pl\/aktualne\/iga-swiatek-swieci-jasno-na-australian-open\/#primaryimage\"},\"thumbnailUrl\":\"https:\/\/www.pogotowieflagowe.pl\/aktualne\/wp-content\/uploads\/2024\/11\/Iga-Swiatek-odpadla-z-finalow-WTA-po-zwyciestwie-Barbory-\u200b\u200bKrejcikovej.jpeg\",\"keywords\":[\"Australian\",\"Iga\",\"jasno\",\"Open\",\"\u015awi\u0105tek\",\"\u015bwieci\"],\"articleSection\":[\"Lekkoatletyka\"],\"inLanguage\":\"pl-PL\"},{\"@type\":\"WebPage\",\"@id\":\"https:\/\/www.pogotowieflagowe.pl\/aktualne\/iga-swiatek-swieci-jasno-na-australian-open\/\",\"url\":\"https:\/\/www.pogotowieflagowe.pl\/aktualne\/iga-swiatek-swieci-jasno-na-australian-open\/\",\"name\":\"Iga \u015awi\u0105tek \u015bwieci jasno na Australian Open - POGOTOWIE FLAGOWE\u00ae\",\"isPartOf\":{\"@id\":\"https:\/\/www.pogotowieflagowe.pl\/aktualne\/#website\"},\"primaryImageOfPage\":{\"@id\":\"https:\/\/www.pogotowieflagowe.pl\/aktualne\/iga-swiatek-swieci-jasno-na-australian-open\/#primaryimage\"},\"image\":{\"@id\":\"https:\/\/www.pogotowieflagowe.pl\/aktualne\/iga-swiatek-swieci-jasno-na-australian-open\/#primaryimage\"},\"thumbnailUrl\":\"https:\/\/www.pogotowieflagowe.pl\/aktualne\/wp-content\/uploads\/2024\/11\/Iga-Swiatek-odpadla-z-finalow-WTA-po-zwyciestwie-Barbory-\u200b\u200bKrejcikovej.jpeg\",\"datePublished\":\"2025-01-24T21:09:14+00:00\",\"dateModified\":\"2025-01-24T21:09:14+00:00\",\"breadcrumb\":{\"@id\":\"https:\/\/www.pogotowieflagowe.pl\/aktualne\/iga-swiatek-swieci-jasno-na-australian-open\/#breadcrumb\"},\"inLanguage\":\"pl-PL\",\"potentialAction\":[{\"@type\":\"ReadAction\",\"target\":[\"https:\/\/www.pogotowieflagowe.pl\/aktualne\/iga-swiatek-swieci-jasno-na-australian-open\/\"]}]},{\"@type\":\"ImageObject\",\"inLanguage\":\"pl-PL\",\"@id\":\"https:\/\/www.pogotowieflagowe.pl\/aktualne\/iga-swiatek-swieci-jasno-na-australian-open\/#primaryimage\",\"url\":\"https:\/\/www.pogotowieflagowe.pl\/aktualne\/wp-content\/uploads\/2024\/11\/Iga-Swiatek-odpadla-z-finalow-WTA-po-zwyciestwie-Barbory-\u200b\u200bKrejcikovej.jpeg\",\"contentUrl\":\"https:\/\/www.pogotowieflagowe.pl\/aktualne\/wp-content\/uploads\/2024\/11\/Iga-Swiatek-odpadla-z-finalow-WTA-po-zwyciestwie-Barbory-\u200b\u200bKrejcikovej.jpeg\",\"width\":1920,\"height\":1281,\"caption\":\"Iga \u015awi\u0105tek odpad\u0142a z fina\u0142\u00f3w WTA po zwyci\u0119stwie Barbory \u200b\u200bKrejcikovej nad Coco Gauff\"},{\"@type\":\"BreadcrumbList\",\"@id\":\"https:\/\/www.pogotowieflagowe.pl\/aktualne\/iga-swiatek-swieci-jasno-na-australian-open\/#breadcrumb\",\"itemListElement\":[{\"@type\":\"ListItem\",\"position\":1,\"name\":\"Home\",\"item\":\"https:\/\/www.pogotowieflagowe.pl\/aktualne\/\"},{\"@type\":\"ListItem\",\"position\":2,\"name\":\"Iga \u015awi\u0105tek \u015bwieci jasno na Australian Open\"}]},{\"@type\":\"WebSite\",\"@id\":\"https:\/\/www.pogotowieflagowe.pl\/aktualne\/#website\",\"url\":\"https:\/\/www.pogotowieflagowe.pl\/aktualne\/\",\"name\":\"POGOTOWIE FLAGOWE\u00ae\",\"description\":\"\",\"publisher\":{\"@id\":\"https:\/\/www.pogotowieflagowe.pl\/aktualne\/#organization\"},\"potentialAction\":[{\"@type\":\"SearchAction\",\"target\":{\"@type\":\"EntryPoint\",\"urlTemplate\":\"https:\/\/www.pogotowieflagowe.pl\/aktualne\/?s={search_term_string}\"},\"query-input\":\"required name=search_term_string\"}],\"inLanguage\":\"pl-PL\"},{\"@type\":\"Organization\",\"@id\":\"https:\/\/www.pogotowieflagowe.pl\/aktualne\/#organization\",\"name\":\"POGOTOWIE FLAGOWE\u00ae\",\"url\":\"https:\/\/www.pogotowieflagowe.pl\/aktualne\/\",\"logo\":{\"@type\":\"ImageObject\",\"inLanguage\":\"pl-PL\",\"@id\":\"https:\/\/www.pogotowieflagowe.pl\/aktualne\/#\/schema\/logo\/image\/\",\"url\":\"https:\/\/www.pogotowieflagowe.pl\/aktualne\/wp-content\/uploads\/2024\/08\/cropped-pogotowieflagowe_flaga_projekt_sm.jpg\",\"contentUrl\":\"https:\/\/www.pogotowieflagowe.pl\/aktualne\/wp-content\/uploads\/2024\/08\/cropped-pogotowieflagowe_flaga_projekt_sm.jpg\",\"width\":250,\"height\":143,\"caption\":\"POGOTOWIE FLAGOWE\u00ae\"},\"image\":{\"@id\":\"https:\/\/www.pogotowieflagowe.pl\/aktualne\/#\/schema\/logo\/image\/\"}},{\"@type\":\"Person\",\"@id\":\"https:\/\/www.pogotowieflagowe.pl\/aktualne\/#\/schema\/person\/9c2fb7d2362ebf6fa088960d7f0d27b0\",\"name\":\"Filip\",\"image\":{\"@type\":\"ImageObject\",\"inLanguage\":\"pl-PL\",\"@id\":\"https:\/\/www.pogotowieflagowe.pl\/aktualne\/#\/schema\/person\/image\/\",\"url\":\"https:\/\/www.pogotowieflagowe.pl\/aktualne\/wp-content\/uploads\/2024\/08\/pogotowieflagowe.pl_.jpg\",\"contentUrl\":\"https:\/\/www.pogotowieflagowe.pl\/aktualne\/wp-content\/uploads\/2024\/08\/pogotowieflagowe.pl_.jpg\",\"caption\":\"Filip\"},\"description\":\"Jestem Filip, polski dziennikarz z dyplomem nauk politycznych Uniwersytetu Warszawskiego. Rozpoczynaj\u0105c swoj\u0105 karier\u0119 w r\u00f3\u017cnych lokalnych mediach, zdoby\u0142em solidne do\u015bwiadczenie w zakresie \u015bledztwa i redakcji. Obecnie jako redaktor w Pogotowie flagowe, staram si\u0119 dostarcza\u0107 dog\u0142\u0119bne i istotne analizy na temat najwa\u017cniejszych kwestii aktualno\u015bci, \u0142\u0105cz\u0105c rygor z pasj\u0105 dziennikarsk\u0105.\",\"sameAs\":[\"https:\/\/www.pogotowieflagowe.pl\/\"]}]}<\/script>\n<!-- \/ Yoast SEO plugin. -->","yoast_head_json":{"title":"Iga \u015awi\u0105tek \u015bwieci jasno na Australian Open - POGOTOWIE FLAGOWE\u00ae","robots":{"index":"index","follow":"follow","max-snippet":"max-snippet:-1","max-image-preview":"max-image-preview:large","max-video-preview":"max-video-preview:-1"},"canonical":"https:\/\/www.pogotowieflagowe.pl\/aktualne\/iga-swiatek-swieci-jasno-na-australian-open\/","og_locale":"pl_PL","og_type":"article","og_title":"Iga \u015awi\u0105tek \u015bwieci jasno na Australian Open - POGOTOWIE FLAGOWE\u00ae","og_description":"Iga \u015awi\u0105tek dociera do p\u00f3\u0142fina\u0142\u00f3w Australian Open, kontynuuje dominacj\u0119 z historycznym biegiem, a oczy w finale. Dominacja na dworzeIga \u015awi\u0105tek","og_url":"https:\/\/www.pogotowieflagowe.pl\/aktualne\/iga-swiatek-swieci-jasno-na-australian-open\/","og_site_name":"POGOTOWIE FLAGOWE\u00ae","article_published_time":"2025-01-24T21:09:14+00:00","og_image":[{"width":1920,"height":1281,"url":"https:\/\/www.pogotowieflagowe.pl\/aktualne\/wp-content\/uploads\/2024\/11\/Iga-Swiatek-odpadla-z-finalow-WTA-po-zwyciestwie-Barbory-\u200b\u200bKrejcikovej.jpeg","type":"image\/jpeg"}],"author":"Filip","twitter_card":"summary_large_image","twitter_misc":{"Napisane przez":"Filip","Szacowany czas czytania":"1 minuta"},"schema":{"@context":"https:\/\/schema.org","@graph":[{"@type":"Article","@id":"https:\/\/www.pogotowieflagowe.pl\/aktualne\/iga-swiatek-swieci-jasno-na-australian-open\/#article","isPartOf":{"@id":"https:\/\/www.pogotowieflagowe.pl\/aktualne\/iga-swiatek-swieci-jasno-na-australian-open\/"},"author":{"name":"Filip","@id":"https:\/\/www.pogotowieflagowe.pl\/aktualne\/#\/schema\/person\/9c2fb7d2362ebf6fa088960d7f0d27b0"},"headline":"Iga \u015awi\u0105tek \u015bwieci jasno na Australian Open","datePublished":"2025-01-24T21:09:14+00:00","dateModified":"2025-01-24T21:09:14+00:00","mainEntityOfPage":{"@id":"https:\/\/www.pogotowieflagowe.pl\/aktualne\/iga-swiatek-swieci-jasno-na-australian-open\/"},"wordCount":217,"publisher":{"@id":"https:\/\/www.pogotowieflagowe.pl\/aktualne\/#organization"},"image":{"@id":"https:\/\/www.pogotowieflagowe.pl\/aktualne\/iga-swiatek-swieci-jasno-na-australian-open\/#primaryimage"},"thumbnailUrl":"https:\/\/www.pogotowieflagowe.pl\/aktualne\/wp-content\/uploads\/2024\/11\/Iga-Swiatek-odpadla-z-finalow-WTA-po-zwyciestwie-Barbory-\u200b\u200bKrejcikovej.jpeg","keywords":["Australian","Iga","jasno","Open","\u015awi\u0105tek","\u015bwieci"],"articleSection":["Lekkoatletyka"],"inLanguage":"pl-PL"},{"@type":"WebPage","@id":"https:\/\/www.pogotowieflagowe.pl\/aktualne\/iga-swiatek-swieci-jasno-na-australian-open\/","url":"https:\/\/www.pogotowieflagowe.pl\/aktualne\/iga-swiatek-swieci-jasno-na-australian-open\/","name":"Iga \u015awi\u0105tek \u015bwieci jasno na Australian Open - POGOTOWIE FLAGOWE\u00ae","isPartOf":{"@id":"https:\/\/www.pogotowieflagowe.pl\/aktualne\/#website"},"primaryImageOfPage":{"@id":"https:\/\/www.pogotowieflagowe.pl\/aktualne\/iga-swiatek-swieci-jasno-na-australian-open\/#primaryimage"},"image":{"@id":"https:\/\/www.pogotowieflagowe.pl\/aktualne\/iga-swiatek-swieci-jasno-na-australian-open\/#primaryimage"},"thumbnailUrl":"https:\/\/www.pogotowieflagowe.pl\/aktualne\/wp-content\/uploads\/2024\/11\/Iga-Swiatek-odpadla-z-finalow-WTA-po-zwyciestwie-Barbory-\u200b\u200bKrejcikovej.jpeg","datePublished":"2025-01-24T21:09:14+00:00","dateModified":"2025-01-24T21:09:14+00:00","breadcrumb":{"@id":"https:\/\/www.pogotowieflagowe.pl\/aktualne\/iga-swiatek-swieci-jasno-na-australian-open\/#breadcrumb"},"inLanguage":"pl-PL","potentialAction":[{"@type":"ReadAction","target":["https:\/\/www.pogotowieflagowe.pl\/aktualne\/iga-swiatek-swieci-jasno-na-australian-open\/"]}]},{"@type":"ImageObject","inLanguage":"pl-PL","@id":"https:\/\/www.pogotowieflagowe.pl\/aktualne\/iga-swiatek-swieci-jasno-na-australian-open\/#primaryimage","url":"https:\/\/www.pogotowieflagowe.pl\/aktualne\/wp-content\/uploads\/2024\/11\/Iga-Swiatek-odpadla-z-finalow-WTA-po-zwyciestwie-Barbory-\u200b\u200bKrejcikovej.jpeg","contentUrl":"https:\/\/www.pogotowieflagowe.pl\/aktualne\/wp-content\/uploads\/2024\/11\/Iga-Swiatek-odpadla-z-finalow-WTA-po-zwyciestwie-Barbory-\u200b\u200bKrejcikovej.jpeg","width":1920,"height":1281,"caption":"Iga \u015awi\u0105tek odpad\u0142a z fina\u0142\u00f3w WTA po zwyci\u0119stwie Barbory \u200b\u200bKrejcikovej nad Coco Gauff"},{"@type":"BreadcrumbList","@id":"https:\/\/www.pogotowieflagowe.pl\/aktualne\/iga-swiatek-swieci-jasno-na-australian-open\/#breadcrumb","itemListElement":[{"@type":"ListItem","position":1,"name":"Home","item":"https:\/\/www.pogotowieflagowe.pl\/aktualne\/"},{"@type":"ListItem","position":2,"name":"Iga \u015awi\u0105tek \u015bwieci jasno na Australian Open"}]},{"@type":"WebSite","@id":"https:\/\/www.pogotowieflagowe.pl\/aktualne\/#website","url":"https:\/\/www.pogotowieflagowe.pl\/aktualne\/","name":"POGOTOWIE FLAGOWE\u00ae","description":"","publisher":{"@id":"https:\/\/www.pogotowieflagowe.pl\/aktualne\/#organization"},"potentialAction":[{"@type":"SearchAction","target":{"@type":"EntryPoint","urlTemplate":"https:\/\/www.pogotowieflagowe.pl\/aktualne\/?s={search_term_string}"},"query-input":"required name=search_term_string"}],"inLanguage":"pl-PL"},{"@type":"Organization","@id":"https:\/\/www.pogotowieflagowe.pl\/aktualne\/#organization","name":"POGOTOWIE FLAGOWE\u00ae","url":"https:\/\/www.pogotowieflagowe.pl\/aktualne\/","logo":{"@type":"ImageObject","inLanguage":"pl-PL","@id":"https:\/\/www.pogotowieflagowe.pl\/aktualne\/#\/schema\/logo\/image\/","url":"https:\/\/www.pogotowieflagowe.pl\/aktualne\/wp-content\/uploads\/2024\/08\/cropped-pogotowieflagowe_flaga_projekt_sm.jpg","contentUrl":"https:\/\/www.pogotowieflagowe.pl\/aktualne\/wp-content\/uploads\/2024\/08\/cropped-pogotowieflagowe_flaga_projekt_sm.jpg","width":250,"height":143,"caption":"POGOTOWIE FLAGOWE\u00ae"},"image":{"@id":"https:\/\/www.pogotowieflagowe.pl\/aktualne\/#\/schema\/logo\/image\/"}},{"@type":"Person","@id":"https:\/\/www.pogotowieflagowe.pl\/aktualne\/#\/schema\/person\/9c2fb7d2362ebf6fa088960d7f0d27b0","name":"Filip","image":{"@type":"ImageObject","inLanguage":"pl-PL","@id":"https:\/\/www.pogotowieflagowe.pl\/aktualne\/#\/schema\/person\/image\/","url":"https:\/\/www.pogotowieflagowe.pl\/aktualne\/wp-content\/uploads\/2024\/08\/pogotowieflagowe.pl_.jpg","contentUrl":"https:\/\/www.pogotowieflagowe.pl\/aktualne\/wp-content\/uploads\/2024\/08\/pogotowieflagowe.pl_.jpg","caption":"Filip"},"description":"Jestem Filip, polski dziennikarz z dyplomem nauk politycznych Uniwersytetu Warszawskiego. Rozpoczynaj\u0105c swoj\u0105 karier\u0119 w r\u00f3\u017cnych lokalnych mediach, zdoby\u0142em solidne do\u015bwiadczenie w zakresie \u015bledztwa i redakcji. Obecnie jako redaktor w Pogotowie flagowe, staram si\u0119 dostarcza\u0107 dog\u0142\u0119bne i istotne analizy na temat najwa\u017cniejszych kwestii aktualno\u015bci, \u0142\u0105cz\u0105c rygor z pasj\u0105 dziennikarsk\u0105.","sameAs":["https:\/\/www.pogotowieflagowe.pl\/"]}]}},"_links":{"self":[{"href":"https:\/\/www.pogotowieflagowe.pl\/aktualne\/wp-json\/wp\/v2\/posts\/3279","targetHints":{"allow":["GET"]}}],"collection":[{"href":"https:\/\/www.pogotowieflagowe.pl\/aktualne\/wp-json\/wp\/v2\/posts"}],"about":[{"href":"https:\/\/www.pogotowieflagowe.pl\/aktualne\/wp-json\/wp\/v2\/types\/post"}],"author":[{"embeddable":true,"href":"https:\/\/www.pogotowieflagowe.pl\/aktualne\/wp-json\/wp\/v2\/users\/1"}],"replies":[{"embeddable":true,"href":"https:\/\/www.pogotowieflagowe.pl\/aktualne\/wp-json\/wp\/v2\/comments?post=3279"}],"version-history":[{"count":1,"href":"https:\/\/www.pogotowieflagowe.pl\/aktualne\/wp-json\/wp\/v2\/posts\/3279\/revisions"}],"predecessor-version":[{"id":3280,"href":"https:\/\/www.pogotowieflagowe.pl\/aktualne\/wp-json\/wp\/v2\/posts\/3279\/revisions\/3280"}],"wp:featuredmedia":[{"embeddable":true,"href":"https:\/\/www.pogotowieflagowe.pl\/aktualne\/wp-json\/wp\/v2\/media\/1729"}],"wp:attachment":[{"href":"https:\/\/www.pogotowieflagowe.pl\/aktualne\/wp-json\/wp\/v2\/media?parent=3279"}],"wp:term":[{"taxonomy":"category","embeddable":true,"href":"https:\/\/www.pogotowieflagowe.pl\/aktualne\/wp-json\/wp\/v2\/categories?post=3279"},{"taxonomy":"post_tag","embeddable":true,"href":"https:\/\/www.pogotowieflagowe.pl\/aktualne\/wp-json\/wp\/v2\/tags?post=3279"}],"curies":[{"name":"wp","href":"https:\/\/api.w.org\/{rel}","templated":true}]}}