{"id":334,"date":"2024-08-27T21:50:33","date_gmt":"2024-08-27T19:50:33","guid":{"rendered":"https:\/\/www.pogotowieflagowe.pl\/aktualne\/magdalena-frech-opuszcza-us-open-po-przegranej-w-pierwszej-rundzie-by-powitac-minnen\/"},"modified":"2024-08-27T21:50:37","modified_gmt":"2024-08-27T19:50:37","slug":"magdalena-frech-opuszcza-us-open-po-przegranej-w-pierwszej-rundzie-by-powitac-minnen","status":"publish","type":"post","link":"https:\/\/www.pogotowieflagowe.pl\/aktualne\/magdalena-frech-opuszcza-us-open-po-przegranej-w-pierwszej-rundzie-by-powitac-minnen\/","title":{"rendered":"Magdalena Fr\u0119ch opuszcza US Open po przegranej w pierwszej rundzie, by powita\u0107 Minnen"},"content":{"rendered":"\n<div class=\"td_block_wrap tdb_single_content tdi_48 td-pb-border-top td_block_template_8 td-post-content tagdiv-type\" data-td-block-uid=\"tdi_48\">\n<style>.tdi_48{margines g\u00f3rny:0px!wa\u017cne;margines dolny:0px!wa\u017cne;wype\u0142nienie g\u00f3rne:0px!wa\u017cne;wype\u0142nienie dolne:0px!wa\u017cne}<\/style>\n<style>.tdb_single_content{margines-dolny:0;*powi\u0119kszenie:1}.tdb_single_content:before,.tdb_single_content:after{wy\u015bwietlanie:tabela;zawarto\u015b\u0107:'';wysoko\u015b\u0107-linii:0}.tdb_single_content:after{wyczy\u015b\u0107:oba}.tdb_single_content .tdb-block-inner>*:not(.wp-block-quote):not(.alignwide):not(.alignfull.wp-block-cover.has-parallax):not(.td-a-ad){margines-lewy:auto;margines-prawy:auto}.tdb_single_content a{zdarzenia-wska\u017anika:auto}.tdb_single_content .td-spot-id-top_ad .tdc-placeholder-title:before{zawarto\u015b\u0107:'Pocz\u0105tek artyku\u0142u Reklama'!important}.tdb_single_content .td-spot-id-inline_ad0 .tdc-placeholder-title:before{content:'Reklama inline artyku\u0142u 1'!important}.tdb_single_content .td-spot-id-inline_ad1 .tdc-placeholder-title:before{content:'Reklama inline artyku\u0142u 2'!important}.tdb_single_content .td-spot-id-inline_ad2 .tdc-placeholder-title:before{content:'Reklama inline artyku\u0142u 3'!important}.tdb_single_content .td-spot-id-bottom_ad .tdc-placeholder-title:before{content:'Reklama dolna artyku\u0142u'!important}.tdb_single_content .id_top_ad,.tdb_single_content .id_bottom_ad{clear:both;margines-dolny:21px;wyr\u00f3wnanie-tekstu:\u015brodek}.tdb_single_content .id_top_ad img,.tdb_single_content .id_bottom_ad img{margines-dolny:0}.tdb_single_content .id_top_ad .adsbygoogle,.tdb_single_content .id_bottom_ad .adsbygoogle{pozycja:wzgl\u0119dna}.tdb_single_content .id_ad_content-poziom-lewy,.tdb_single_content .id_ad_content-poziom-prawy,.tdb_single_content .id_ad_content-horiz-center{margines dolny:15px}.tdb_single_content .id_ad_content-horiz-lewy img,.tdb_single_content .id_ad_content-horiz-prawy img,.tdb_single_content .id_ad_content-horiz-center img{margines dolny:0}.tdb_single_content .id_ad_content-horiz-center{wyr\u00f3wnanie tekstu:\u015brodek}.tdb_single_content .id_ad_content-horiz-center img{margines prawy:auto;margines lewy:auto}.tdb_single_content .id_ad_content-horiz-left{float:lewy;margines g\u00f3rny:9px;margines prawy:21px}.tdb_single_content .id_ad_content-horiz-right{float:right;margines-g\u00f3rny:6px;margines-lewy:21px}.tdb_single_content .tdc-a-ad .tdc-placeholder-title{szeroko\u015b\u0107:300px;wysoko\u015b\u0107:250px}.tdb_single_content .tdc-a-ad .tdc-placeholder-title:before{pozycja:absolutna;g\u00f3ra:50%;-webkit-transform:translateY(-50%);przekszta\u0142cenie:translateY(-50%);margines:auto;wy\u015bwietlanie:tabela;szeroko\u015b\u0107:100%}.tdb_single_content .tdb-block-inner.td-fix-index{word-break:break-word}.tdi_48,.tdi_48>p,.tdi_48 .tdb-block-inner>p{rozmiar-czcionki:16px!wa\u017cne;wysoko\u015b\u0107-linii:1.6!wa\u017cne}.tdi_48 .tdb-block-inner cytat p{styl-czcionki:normalny!wa\u017cne}@media (maks. szeroko\u015b\u0107:767px){.tdb_single_content .id_ad_content-poziom-lewo,.tdb_single_content .id_ad_content-poziom-prawo,.tdb_single_content .id_ad_content-poziom-\u015brodek{margines:0 auto 26px auto}}@media (maks. szeroko\u015b\u0107:767px){.tdb_single_content .id_ad_content-poziom-lewo{margines-prawy:0}}@media (maks. szeroko\u015b\u0107:767px){.tdb_single_content .id_ad_content-horiz-right{margines-lewy:0}}@media (maksymalna szeroko\u015b\u0107:767px){.tdb_single_content .td-a-ad{float:none;wyr\u00f3wnanie tekstu:\u015brodek}.tdb_single_content .td-a-ad img{margines-prawy:auto;margines-lewy:auto}.tdb_single_content .tdc-a-ad{float:none}}<\/style>\n<div class=\"tdb-block-inner td-fix-index\">\n<h2 class=\"wp-block-heading\">Mocny start Fr\u0119cha, ale Minnen kontratakuje<\/h2>\n<p>Magdalena Fr\u0119ch rozpocz\u0119\u0142a swoj\u0105 kampani\u0119 US Open w pozytywnym tonie, prze\u0142amuj\u0105c serwis Greet Minnen w pierwszym gemie i szybko uzyskuj\u0105c prowadzenie 2-0. Jednak Minnen, zajmuj\u0105ca 70. miejsce w rankingu \u015bwiatowym, szybko odzyska\u0142a spok\u00f3j, neutralizuj\u0105c wczesn\u0105 przewag\u0119 Fr\u0119ch. Pierwszy set pozosta\u0142 zaci\u0119ty, ale Fr\u0119ch zawiod\u0142a w krytycznym momencie, trac\u0105c serwis w 12. gemie, co kosztowa\u0142o j\u0105 seta 5-7.<\/p>\n<p>Drugi set rozpocz\u0105\u0142 si\u0119 niekorzystnie dla Fr\u0119cha, Belg obj\u0105\u0142 prowadzenie 4-0. Pomimo tej pora\u017cki 26-letni Polak walczy\u0142 dalej, doprowadzaj\u0105c do remisu 4-4. Niestety historia powt\u00f3rzy\u0142a si\u0119 w 12. gemie, w kt\u00f3rym Fr\u0119ch zn\u00f3w zosta\u0142 prze\u0142amany, co doprowadzi\u0142o do kolejnej pora\u017cki 5-7. Po meczu, kt\u00f3ry trwa\u0142 prawie dwie godziny, podr\u00f3\u017c Fr\u0119cha na US Open dobieg\u0142a ko\u0144ca.<\/p>\n<\/div>\n<\/div>\n","protected":false},"excerpt":{"rendered":"<p>Mocny start Fr\u0119cha, ale Minnen kontratakuje Magdalena Fr\u0119ch rozpocz\u0119\u0142a swoj\u0105 kampani\u0119 US Open w pozytywnym tonie, prze\u0142amuj\u0105c serwis Greet Minnen<\/p>\n","protected":false},"author":1,"featured_media":335,"comment_status":"closed","ping_status":"","sticky":false,"template":"","format":"standard","meta":{"footnotes":""},"categories":[118],"tags":[524,523,530,148,525,527,529,526,528],"class_list":["post-334","post","type-post","status-publish","format-standard","has-post-thumbnail","hentry","category-lekkoatletyka","tag-frech","tag-magdalena","tag-minnen","tag-open","tag-opuszcza","tag-pierwszej","tag-powitac","tag-przegranej","tag-rundzie","generate-columns","tablet-grid-50","mobile-grid-100","grid-parent","grid-50","resize-featured-image"],"yoast_head":"<!-- This site is optimized with the Yoast SEO plugin v23.2 - https:\/\/yoast.com\/wordpress\/plugins\/seo\/ -->\n<title>Magdalena Fr\u0119ch opuszcza US Open po przegranej w pierwszej rundzie, by powita\u0107 Minnen - POGOTOWIE FLAGOWE\u00ae<\/title>\n<meta name=\"robots\" content=\"index, follow, max-snippet:-1, max-image-preview:large, max-video-preview:-1\" \/>\n<link rel=\"canonical\" href=\"https:\/\/www.pogotowieflagowe.pl\/aktualne\/magdalena-frech-opuszcza-us-open-po-przegranej-w-pierwszej-rundzie-by-powitac-minnen\/\" \/>\n<meta property=\"og:locale\" content=\"pl_PL\" \/>\n<meta property=\"og:type\" content=\"article\" \/>\n<meta property=\"og:title\" content=\"Magdalena Fr\u0119ch opuszcza US Open po przegranej w pierwszej rundzie, by powita\u0107 Minnen - POGOTOWIE FLAGOWE\u00ae\" \/>\n<meta property=\"og:description\" content=\"Mocny start Fr\u0119cha, ale Minnen kontratakuje Magdalena Fr\u0119ch rozpocz\u0119\u0142a swoj\u0105 kampani\u0119 US Open w pozytywnym tonie, prze\u0142amuj\u0105c serwis Greet Minnen\" \/>\n<meta property=\"og:url\" content=\"https:\/\/www.pogotowieflagowe.pl\/aktualne\/magdalena-frech-opuszcza-us-open-po-przegranej-w-pierwszej-rundzie-by-powitac-minnen\/\" \/>\n<meta property=\"og:site_name\" content=\"POGOTOWIE FLAGOWE\u00ae\" \/>\n<meta property=\"article:published_time\" content=\"2024-08-27T19:50:33+00:00\" \/>\n<meta property=\"article:modified_time\" content=\"2024-08-27T19:50:37+00:00\" \/>\n<meta property=\"og:image\" content=\"https:\/\/www.pogotowieflagowe.pl\/aktualne\/wp-content\/uploads\/2024\/08\/Magdalena-Frech-opuszcza-US-Open-po-przegranej-w-pierwszej-rundzie.jpeg\" \/>\n\t<meta property=\"og:image:width\" content=\"1920\" \/>\n\t<meta property=\"og:image:height\" content=\"1176\" \/>\n\t<meta property=\"og:image:type\" content=\"image\/jpeg\" \/>\n<meta name=\"author\" content=\"Filip\" \/>\n<meta name=\"twitter:card\" content=\"summary_large_image\" \/>\n<meta name=\"twitter:label1\" content=\"Napisane przez\" \/>\n\t<meta name=\"twitter:data1\" content=\"Filip\" \/>\n\t<meta name=\"twitter:label2\" content=\"Szacowany czas czytania\" \/>\n\t<meta name=\"twitter:data2\" content=\"1 minuta\" \/>\n<script type=\"application\/ld+json\" class=\"yoast-schema-graph\">{\"@context\":\"https:\/\/schema.org\",\"@graph\":[{\"@type\":\"Article\",\"@id\":\"https:\/\/www.pogotowieflagowe.pl\/aktualne\/magdalena-frech-opuszcza-us-open-po-przegranej-w-pierwszej-rundzie-by-powitac-minnen\/#article\",\"isPartOf\":{\"@id\":\"https:\/\/www.pogotowieflagowe.pl\/aktualne\/magdalena-frech-opuszcza-us-open-po-przegranej-w-pierwszej-rundzie-by-powitac-minnen\/\"},\"author\":{\"name\":\"Filip\",\"@id\":\"https:\/\/www.pogotowieflagowe.pl\/aktualne\/#\/schema\/person\/9c2fb7d2362ebf6fa088960d7f0d27b0\"},\"headline\":\"Magdalena Fr\u0119ch opuszcza US Open po przegranej w pierwszej rundzie, by powita\u0107 Minnen\",\"datePublished\":\"2024-08-27T19:50:33+00:00\",\"dateModified\":\"2024-08-27T19:50:37+00:00\",\"mainEntityOfPage\":{\"@id\":\"https:\/\/www.pogotowieflagowe.pl\/aktualne\/magdalena-frech-opuszcza-us-open-po-przegranej-w-pierwszej-rundzie-by-powitac-minnen\/\"},\"wordCount\":160,\"publisher\":{\"@id\":\"https:\/\/www.pogotowieflagowe.pl\/aktualne\/#organization\"},\"image\":{\"@id\":\"https:\/\/www.pogotowieflagowe.pl\/aktualne\/magdalena-frech-opuszcza-us-open-po-przegranej-w-pierwszej-rundzie-by-powitac-minnen\/#primaryimage\"},\"thumbnailUrl\":\"https:\/\/www.pogotowieflagowe.pl\/aktualne\/wp-content\/uploads\/2024\/08\/Magdalena-Frech-opuszcza-US-Open-po-przegranej-w-pierwszej-rundzie.jpeg\",\"keywords\":[\"Fr\u0119ch\",\"Magdalena\",\"Minnen\",\"Open\",\"opuszcza\",\"pierwszej\",\"powita\u0107\",\"przegranej\",\"rundzie\"],\"articleSection\":[\"Lekkoatletyka\"],\"inLanguage\":\"pl-PL\"},{\"@type\":\"WebPage\",\"@id\":\"https:\/\/www.pogotowieflagowe.pl\/aktualne\/magdalena-frech-opuszcza-us-open-po-przegranej-w-pierwszej-rundzie-by-powitac-minnen\/\",\"url\":\"https:\/\/www.pogotowieflagowe.pl\/aktualne\/magdalena-frech-opuszcza-us-open-po-przegranej-w-pierwszej-rundzie-by-powitac-minnen\/\",\"name\":\"Magdalena Fr\u0119ch opuszcza US Open po przegranej w pierwszej rundzie, by powita\u0107 Minnen - POGOTOWIE FLAGOWE\u00ae\",\"isPartOf\":{\"@id\":\"https:\/\/www.pogotowieflagowe.pl\/aktualne\/#website\"},\"primaryImageOfPage\":{\"@id\":\"https:\/\/www.pogotowieflagowe.pl\/aktualne\/magdalena-frech-opuszcza-us-open-po-przegranej-w-pierwszej-rundzie-by-powitac-minnen\/#primaryimage\"},\"image\":{\"@id\":\"https:\/\/www.pogotowieflagowe.pl\/aktualne\/magdalena-frech-opuszcza-us-open-po-przegranej-w-pierwszej-rundzie-by-powitac-minnen\/#primaryimage\"},\"thumbnailUrl\":\"https:\/\/www.pogotowieflagowe.pl\/aktualne\/wp-content\/uploads\/2024\/08\/Magdalena-Frech-opuszcza-US-Open-po-przegranej-w-pierwszej-rundzie.jpeg\",\"datePublished\":\"2024-08-27T19:50:33+00:00\",\"dateModified\":\"2024-08-27T19:50:37+00:00\",\"breadcrumb\":{\"@id\":\"https:\/\/www.pogotowieflagowe.pl\/aktualne\/magdalena-frech-opuszcza-us-open-po-przegranej-w-pierwszej-rundzie-by-powitac-minnen\/#breadcrumb\"},\"inLanguage\":\"pl-PL\",\"potentialAction\":[{\"@type\":\"ReadAction\",\"target\":[\"https:\/\/www.pogotowieflagowe.pl\/aktualne\/magdalena-frech-opuszcza-us-open-po-przegranej-w-pierwszej-rundzie-by-powitac-minnen\/\"]}]},{\"@type\":\"ImageObject\",\"inLanguage\":\"pl-PL\",\"@id\":\"https:\/\/www.pogotowieflagowe.pl\/aktualne\/magdalena-frech-opuszcza-us-open-po-przegranej-w-pierwszej-rundzie-by-powitac-minnen\/#primaryimage\",\"url\":\"https:\/\/www.pogotowieflagowe.pl\/aktualne\/wp-content\/uploads\/2024\/08\/Magdalena-Frech-opuszcza-US-Open-po-przegranej-w-pierwszej-rundzie.jpeg\",\"contentUrl\":\"https:\/\/www.pogotowieflagowe.pl\/aktualne\/wp-content\/uploads\/2024\/08\/Magdalena-Frech-opuszcza-US-Open-po-przegranej-w-pierwszej-rundzie.jpeg\",\"width\":1920,\"height\":1176,\"caption\":\"Magdalena Fr\u0119ch opuszcza US Open po przegranej w pierwszej rundzie, by powita\u0107 Minnen\"},{\"@type\":\"BreadcrumbList\",\"@id\":\"https:\/\/www.pogotowieflagowe.pl\/aktualne\/magdalena-frech-opuszcza-us-open-po-przegranej-w-pierwszej-rundzie-by-powitac-minnen\/#breadcrumb\",\"itemListElement\":[{\"@type\":\"ListItem\",\"position\":1,\"name\":\"Home\",\"item\":\"https:\/\/www.pogotowieflagowe.pl\/aktualne\/\"},{\"@type\":\"ListItem\",\"position\":2,\"name\":\"Magdalena Fr\u0119ch opuszcza US Open po przegranej w pierwszej rundzie, by powita\u0107 Minnen\"}]},{\"@type\":\"WebSite\",\"@id\":\"https:\/\/www.pogotowieflagowe.pl\/aktualne\/#website\",\"url\":\"https:\/\/www.pogotowieflagowe.pl\/aktualne\/\",\"name\":\"POGOTOWIE FLAGOWE\u00ae\",\"description\":\"\",\"publisher\":{\"@id\":\"https:\/\/www.pogotowieflagowe.pl\/aktualne\/#organization\"},\"potentialAction\":[{\"@type\":\"SearchAction\",\"target\":{\"@type\":\"EntryPoint\",\"urlTemplate\":\"https:\/\/www.pogotowieflagowe.pl\/aktualne\/?s={search_term_string}\"},\"query-input\":\"required name=search_term_string\"}],\"inLanguage\":\"pl-PL\"},{\"@type\":\"Organization\",\"@id\":\"https:\/\/www.pogotowieflagowe.pl\/aktualne\/#organization\",\"name\":\"POGOTOWIE FLAGOWE\u00ae\",\"url\":\"https:\/\/www.pogotowieflagowe.pl\/aktualne\/\",\"logo\":{\"@type\":\"ImageObject\",\"inLanguage\":\"pl-PL\",\"@id\":\"https:\/\/www.pogotowieflagowe.pl\/aktualne\/#\/schema\/logo\/image\/\",\"url\":\"https:\/\/www.pogotowieflagowe.pl\/aktualne\/wp-content\/uploads\/2024\/08\/cropped-pogotowieflagowe_flaga_projekt_sm.jpg\",\"contentUrl\":\"https:\/\/www.pogotowieflagowe.pl\/aktualne\/wp-content\/uploads\/2024\/08\/cropped-pogotowieflagowe_flaga_projekt_sm.jpg\",\"width\":250,\"height\":143,\"caption\":\"POGOTOWIE FLAGOWE\u00ae\"},\"image\":{\"@id\":\"https:\/\/www.pogotowieflagowe.pl\/aktualne\/#\/schema\/logo\/image\/\"}},{\"@type\":\"Person\",\"@id\":\"https:\/\/www.pogotowieflagowe.pl\/aktualne\/#\/schema\/person\/9c2fb7d2362ebf6fa088960d7f0d27b0\",\"name\":\"Filip\",\"image\":{\"@type\":\"ImageObject\",\"inLanguage\":\"pl-PL\",\"@id\":\"https:\/\/www.pogotowieflagowe.pl\/aktualne\/#\/schema\/person\/image\/\",\"url\":\"https:\/\/www.pogotowieflagowe.pl\/aktualne\/wp-content\/uploads\/2024\/08\/pogotowieflagowe.pl_.jpg\",\"contentUrl\":\"https:\/\/www.pogotowieflagowe.pl\/aktualne\/wp-content\/uploads\/2024\/08\/pogotowieflagowe.pl_.jpg\",\"caption\":\"Filip\"},\"description\":\"Jestem Filip, polski dziennikarz z dyplomem nauk politycznych Uniwersytetu Warszawskiego. Rozpoczynaj\u0105c swoj\u0105 karier\u0119 w r\u00f3\u017cnych lokalnych mediach, zdoby\u0142em solidne do\u015bwiadczenie w zakresie \u015bledztwa i redakcji. Obecnie jako redaktor w Pogotowie flagowe, staram si\u0119 dostarcza\u0107 dog\u0142\u0119bne i istotne analizy na temat najwa\u017cniejszych kwestii aktualno\u015bci, \u0142\u0105cz\u0105c rygor z pasj\u0105 dziennikarsk\u0105.\",\"sameAs\":[\"https:\/\/www.pogotowieflagowe.pl\/\"]}]}<\/script>\n<!-- \/ Yoast SEO plugin. -->","yoast_head_json":{"title":"Magdalena Fr\u0119ch opuszcza US Open po przegranej w pierwszej rundzie, by powita\u0107 Minnen - POGOTOWIE FLAGOWE\u00ae","robots":{"index":"index","follow":"follow","max-snippet":"max-snippet:-1","max-image-preview":"max-image-preview:large","max-video-preview":"max-video-preview:-1"},"canonical":"https:\/\/www.pogotowieflagowe.pl\/aktualne\/magdalena-frech-opuszcza-us-open-po-przegranej-w-pierwszej-rundzie-by-powitac-minnen\/","og_locale":"pl_PL","og_type":"article","og_title":"Magdalena Fr\u0119ch opuszcza US Open po przegranej w pierwszej rundzie, by powita\u0107 Minnen - POGOTOWIE FLAGOWE\u00ae","og_description":"Mocny start Fr\u0119cha, ale Minnen kontratakuje Magdalena Fr\u0119ch rozpocz\u0119\u0142a swoj\u0105 kampani\u0119 US Open w pozytywnym tonie, prze\u0142amuj\u0105c serwis Greet Minnen","og_url":"https:\/\/www.pogotowieflagowe.pl\/aktualne\/magdalena-frech-opuszcza-us-open-po-przegranej-w-pierwszej-rundzie-by-powitac-minnen\/","og_site_name":"POGOTOWIE FLAGOWE\u00ae","article_published_time":"2024-08-27T19:50:33+00:00","article_modified_time":"2024-08-27T19:50:37+00:00","og_image":[{"width":1920,"height":1176,"url":"https:\/\/www.pogotowieflagowe.pl\/aktualne\/wp-content\/uploads\/2024\/08\/Magdalena-Frech-opuszcza-US-Open-po-przegranej-w-pierwszej-rundzie.jpeg","type":"image\/jpeg"}],"author":"Filip","twitter_card":"summary_large_image","twitter_misc":{"Napisane przez":"Filip","Szacowany czas czytania":"1 minuta"},"schema":{"@context":"https:\/\/schema.org","@graph":[{"@type":"Article","@id":"https:\/\/www.pogotowieflagowe.pl\/aktualne\/magdalena-frech-opuszcza-us-open-po-przegranej-w-pierwszej-rundzie-by-powitac-minnen\/#article","isPartOf":{"@id":"https:\/\/www.pogotowieflagowe.pl\/aktualne\/magdalena-frech-opuszcza-us-open-po-przegranej-w-pierwszej-rundzie-by-powitac-minnen\/"},"author":{"name":"Filip","@id":"https:\/\/www.pogotowieflagowe.pl\/aktualne\/#\/schema\/person\/9c2fb7d2362ebf6fa088960d7f0d27b0"},"headline":"Magdalena Fr\u0119ch opuszcza US Open po przegranej w pierwszej rundzie, by powita\u0107 Minnen","datePublished":"2024-08-27T19:50:33+00:00","dateModified":"2024-08-27T19:50:37+00:00","mainEntityOfPage":{"@id":"https:\/\/www.pogotowieflagowe.pl\/aktualne\/magdalena-frech-opuszcza-us-open-po-przegranej-w-pierwszej-rundzie-by-powitac-minnen\/"},"wordCount":160,"publisher":{"@id":"https:\/\/www.pogotowieflagowe.pl\/aktualne\/#organization"},"image":{"@id":"https:\/\/www.pogotowieflagowe.pl\/aktualne\/magdalena-frech-opuszcza-us-open-po-przegranej-w-pierwszej-rundzie-by-powitac-minnen\/#primaryimage"},"thumbnailUrl":"https:\/\/www.pogotowieflagowe.pl\/aktualne\/wp-content\/uploads\/2024\/08\/Magdalena-Frech-opuszcza-US-Open-po-przegranej-w-pierwszej-rundzie.jpeg","keywords":["Fr\u0119ch","Magdalena","Minnen","Open","opuszcza","pierwszej","powita\u0107","przegranej","rundzie"],"articleSection":["Lekkoatletyka"],"inLanguage":"pl-PL"},{"@type":"WebPage","@id":"https:\/\/www.pogotowieflagowe.pl\/aktualne\/magdalena-frech-opuszcza-us-open-po-przegranej-w-pierwszej-rundzie-by-powitac-minnen\/","url":"https:\/\/www.pogotowieflagowe.pl\/aktualne\/magdalena-frech-opuszcza-us-open-po-przegranej-w-pierwszej-rundzie-by-powitac-minnen\/","name":"Magdalena Fr\u0119ch opuszcza US Open po przegranej w pierwszej rundzie, by powita\u0107 Minnen - POGOTOWIE FLAGOWE\u00ae","isPartOf":{"@id":"https:\/\/www.pogotowieflagowe.pl\/aktualne\/#website"},"primaryImageOfPage":{"@id":"https:\/\/www.pogotowieflagowe.pl\/aktualne\/magdalena-frech-opuszcza-us-open-po-przegranej-w-pierwszej-rundzie-by-powitac-minnen\/#primaryimage"},"image":{"@id":"https:\/\/www.pogotowieflagowe.pl\/aktualne\/magdalena-frech-opuszcza-us-open-po-przegranej-w-pierwszej-rundzie-by-powitac-minnen\/#primaryimage"},"thumbnailUrl":"https:\/\/www.pogotowieflagowe.pl\/aktualne\/wp-content\/uploads\/2024\/08\/Magdalena-Frech-opuszcza-US-Open-po-przegranej-w-pierwszej-rundzie.jpeg","datePublished":"2024-08-27T19:50:33+00:00","dateModified":"2024-08-27T19:50:37+00:00","breadcrumb":{"@id":"https:\/\/www.pogotowieflagowe.pl\/aktualne\/magdalena-frech-opuszcza-us-open-po-przegranej-w-pierwszej-rundzie-by-powitac-minnen\/#breadcrumb"},"inLanguage":"pl-PL","potentialAction":[{"@type":"ReadAction","target":["https:\/\/www.pogotowieflagowe.pl\/aktualne\/magdalena-frech-opuszcza-us-open-po-przegranej-w-pierwszej-rundzie-by-powitac-minnen\/"]}]},{"@type":"ImageObject","inLanguage":"pl-PL","@id":"https:\/\/www.pogotowieflagowe.pl\/aktualne\/magdalena-frech-opuszcza-us-open-po-przegranej-w-pierwszej-rundzie-by-powitac-minnen\/#primaryimage","url":"https:\/\/www.pogotowieflagowe.pl\/aktualne\/wp-content\/uploads\/2024\/08\/Magdalena-Frech-opuszcza-US-Open-po-przegranej-w-pierwszej-rundzie.jpeg","contentUrl":"https:\/\/www.pogotowieflagowe.pl\/aktualne\/wp-content\/uploads\/2024\/08\/Magdalena-Frech-opuszcza-US-Open-po-przegranej-w-pierwszej-rundzie.jpeg","width":1920,"height":1176,"caption":"Magdalena Fr\u0119ch opuszcza US Open po przegranej w pierwszej rundzie, by powita\u0107 Minnen"},{"@type":"BreadcrumbList","@id":"https:\/\/www.pogotowieflagowe.pl\/aktualne\/magdalena-frech-opuszcza-us-open-po-przegranej-w-pierwszej-rundzie-by-powitac-minnen\/#breadcrumb","itemListElement":[{"@type":"ListItem","position":1,"name":"Home","item":"https:\/\/www.pogotowieflagowe.pl\/aktualne\/"},{"@type":"ListItem","position":2,"name":"Magdalena Fr\u0119ch opuszcza US Open po przegranej w pierwszej rundzie, by powita\u0107 Minnen"}]},{"@type":"WebSite","@id":"https:\/\/www.pogotowieflagowe.pl\/aktualne\/#website","url":"https:\/\/www.pogotowieflagowe.pl\/aktualne\/","name":"POGOTOWIE FLAGOWE\u00ae","description":"","publisher":{"@id":"https:\/\/www.pogotowieflagowe.pl\/aktualne\/#organization"},"potentialAction":[{"@type":"SearchAction","target":{"@type":"EntryPoint","urlTemplate":"https:\/\/www.pogotowieflagowe.pl\/aktualne\/?s={search_term_string}"},"query-input":"required name=search_term_string"}],"inLanguage":"pl-PL"},{"@type":"Organization","@id":"https:\/\/www.pogotowieflagowe.pl\/aktualne\/#organization","name":"POGOTOWIE FLAGOWE\u00ae","url":"https:\/\/www.pogotowieflagowe.pl\/aktualne\/","logo":{"@type":"ImageObject","inLanguage":"pl-PL","@id":"https:\/\/www.pogotowieflagowe.pl\/aktualne\/#\/schema\/logo\/image\/","url":"https:\/\/www.pogotowieflagowe.pl\/aktualne\/wp-content\/uploads\/2024\/08\/cropped-pogotowieflagowe_flaga_projekt_sm.jpg","contentUrl":"https:\/\/www.pogotowieflagowe.pl\/aktualne\/wp-content\/uploads\/2024\/08\/cropped-pogotowieflagowe_flaga_projekt_sm.jpg","width":250,"height":143,"caption":"POGOTOWIE FLAGOWE\u00ae"},"image":{"@id":"https:\/\/www.pogotowieflagowe.pl\/aktualne\/#\/schema\/logo\/image\/"}},{"@type":"Person","@id":"https:\/\/www.pogotowieflagowe.pl\/aktualne\/#\/schema\/person\/9c2fb7d2362ebf6fa088960d7f0d27b0","name":"Filip","image":{"@type":"ImageObject","inLanguage":"pl-PL","@id":"https:\/\/www.pogotowieflagowe.pl\/aktualne\/#\/schema\/person\/image\/","url":"https:\/\/www.pogotowieflagowe.pl\/aktualne\/wp-content\/uploads\/2024\/08\/pogotowieflagowe.pl_.jpg","contentUrl":"https:\/\/www.pogotowieflagowe.pl\/aktualne\/wp-content\/uploads\/2024\/08\/pogotowieflagowe.pl_.jpg","caption":"Filip"},"description":"Jestem Filip, polski dziennikarz z dyplomem nauk politycznych Uniwersytetu Warszawskiego. Rozpoczynaj\u0105c swoj\u0105 karier\u0119 w r\u00f3\u017cnych lokalnych mediach, zdoby\u0142em solidne do\u015bwiadczenie w zakresie \u015bledztwa i redakcji. Obecnie jako redaktor w Pogotowie flagowe, staram si\u0119 dostarcza\u0107 dog\u0142\u0119bne i istotne analizy na temat najwa\u017cniejszych kwestii aktualno\u015bci, \u0142\u0105cz\u0105c rygor z pasj\u0105 dziennikarsk\u0105.","sameAs":["https:\/\/www.pogotowieflagowe.pl\/"]}]}},"_links":{"self":[{"href":"https:\/\/www.pogotowieflagowe.pl\/aktualne\/wp-json\/wp\/v2\/posts\/334","targetHints":{"allow":["GET"]}}],"collection":[{"href":"https:\/\/www.pogotowieflagowe.pl\/aktualne\/wp-json\/wp\/v2\/posts"}],"about":[{"href":"https:\/\/www.pogotowieflagowe.pl\/aktualne\/wp-json\/wp\/v2\/types\/post"}],"author":[{"embeddable":true,"href":"https:\/\/www.pogotowieflagowe.pl\/aktualne\/wp-json\/wp\/v2\/users\/1"}],"replies":[{"embeddable":true,"href":"https:\/\/www.pogotowieflagowe.pl\/aktualne\/wp-json\/wp\/v2\/comments?post=334"}],"version-history":[{"count":1,"href":"https:\/\/www.pogotowieflagowe.pl\/aktualne\/wp-json\/wp\/v2\/posts\/334\/revisions"}],"predecessor-version":[{"id":336,"href":"https:\/\/www.pogotowieflagowe.pl\/aktualne\/wp-json\/wp\/v2\/posts\/334\/revisions\/336"}],"wp:featuredmedia":[{"embeddable":true,"href":"https:\/\/www.pogotowieflagowe.pl\/aktualne\/wp-json\/wp\/v2\/media\/335"}],"wp:attachment":[{"href":"https:\/\/www.pogotowieflagowe.pl\/aktualne\/wp-json\/wp\/v2\/media?parent=334"}],"wp:term":[{"taxonomy":"category","embeddable":true,"href":"https:\/\/www.pogotowieflagowe.pl\/aktualne\/wp-json\/wp\/v2\/categories?post=334"},{"taxonomy":"post_tag","embeddable":true,"href":"https:\/\/www.pogotowieflagowe.pl\/aktualne\/wp-json\/wp\/v2\/tags?post=334"}],"curies":[{"name":"wp","href":"https:\/\/api.w.org\/{rel}","templated":true}]}}