{"id":3380,"date":"2025-01-26T04:47:03","date_gmt":"2025-01-26T03:47:03","guid":{"rendered":"https:\/\/www.pogotowieflagowe.pl\/aktualne\/usa-ponownie-przylaczaja-sie-do-deklaracji-konsensusu-genewskiego-debata-dotyczaca-dostepu-do-aborcji\/"},"modified":"2025-01-26T04:47:05","modified_gmt":"2025-01-26T03:47:05","slug":"usa-ponownie-przylaczaja-sie-do-deklaracji-konsensusu-genewskiego-debata-dotyczaca-dostepu-do-aborcji","status":"publish","type":"post","link":"https:\/\/www.pogotowieflagowe.pl\/aktualne\/usa-ponownie-przylaczaja-sie-do-deklaracji-konsensusu-genewskiego-debata-dotyczaca-dostepu-do-aborcji\/","title":{"rendered":"USA ponownie przy\u0142\u0105czaj\u0105 si\u0119 do deklaracji konsensusu genewskiego: Debata dotycz\u0105ca dost\u0119pu do aborcji"},"content":{"rendered":"\n<div class=\"td_block_wrap tdb_single_content tdi_41 td-pb-border-top td_block_template_8 td-post-content tagdiv-type\" data-td-block-uid=\"tdi_41\">\n<style>.tdi_41{margines-top:0px!important;margin-bottom:0px!important;dope\u0142nienie-g\u00f3ra:0px!important;dope\u0142nienie-d\u00f3\u0142:0px!important}<\/style>\n<style>.tdb_single_content{margin-bottom:0;*zoom:1}.tdb_single_content:before,.tdb_single_content:after{display:table;content:'';line-height:0}.tdb_single_content:after{clear:both}.tdb_single_content .tdb-block-inner>*:not(.wp-block-quote):not(.alignwide):not(.alignfull.wp-block-cover.has-parallax):not(.td-a-ad) {margin-left:auto;margin-right:auto}.tdb_single_content a{pointer-events:auto}.tdb_single_content .td-spot-id-top_ad .tdc-placeholder-title:before{content:'Article Top Ad'!important}.tdb_single_content .td-spot-id-inline_ad0 .tdc-placeholder-title:before{content:'Article Reklama wbudowana 1'!important}.tdb_single_content .td-spot-id-inline_ad1 .tdc-placeholder-title:before{content:'Article Inline Ad 2'!important}.tdb_single_content .td-spot-id-inline_ad2 .tdc-placeholder-title:before{content:' Reklama wbudowana w artyku\u0142 3'!important}.tdb_single_content .td-spot-id-bottom_ad .tdc-placeholder-title:before{content:'Article Bottom Ad'!important}.tdb_single_content .id_top_ad,.tdb_single_content .id_bottom_ad{clear:both;margin-bottom:21px;text-align:center}.tdb_single_content .id_top_ad img,.tdb_single_content .id_bottom_ad img{margin-bottom:0}.tdb_single_content .id_top_ad .adsbygoogle,.tdb_single_content .id_bottom_ad .adsbygoogle{position:relative}.tdb_single_content .id_ad_content-horiz-left,.tdb_single_content .id_ad_content-horiz-right,.tdb_single_content .id_ad_content-horiz-center{margin-bottom:15px}.tdb_single_content .id_ad_content-horiz-left img,.tdb_single_content .id_ad_content-horiz-right img,.tdb_single_content .id_ad_content-horiz-center img{margin-bottom:0}.tdb_single_content .id_ad_content-horiz-center{text-align:center}.tdb_single_content .id_ad_content-horiz-center img{margin-right:auto;margin-left:auto}.tdb_single_content .id_ad_content-horiz-left{float:left;margin-top:9px;margin-right:21px}.tdb_single_content .id_ad_content-horiz-right{float:right;margin-top:6px;margin-left:21px}.tdb_single_content .tdc-a-ad .tdc-placeholder-title{width:300px;height:250px}.tdb_single_content .tdc-a-ad .tdc-placeholder-title:before{position:absolute;top:50%;-webkit-transform:translateY(-50%);transform:translateY(-50%);margines:auto;display:table;width:100 %}.tdb_single_content .tdb-block-inner.td-fix-index{word-break:break-word}.tdi_41,.tdi_41>p,.tdi_41 .tdb-block-inner>p{font-size:16px!important;line- wysoko\u015b\u0107:1,6!wa\u017cne}.tdi_41 .tdb-block-inner blockquote p{font-style:normal!important}@media (max-width:767px){.tdb_single_content .id_ad_content-horiz-left,.tdb_single_content .id_ad_content-horiz-right,.tdb_single_content .id_ad_content-horiz-center{margin:0 automatyczny 26px auto}}@media (max-width:767px){.tdb_single_content .id_ad_content-horiz-left{margin-right:0}}@media (max-width:767px){.tdb_single_content .id_ad_content-horiz-right{margin -left:0}}@media (max-width:767px){.tdb_single_content .td-a-ad{float:none;text-align:center}.tdb_single_content .td-a-ad img{margin-right:auto;margin-left:auto}. tdb_single_content .tdc-a-ad{float:none}}<\/style>\n<div class=\"tdb-block-inner td-fix-index\">\n<h2 class=\"wp-block-heading\">Stany Zjednoczone powracaj\u0105 do mi\u0119dzynarodowego porozumienia promuj\u0105cego zdrowie kobiet i warto\u015bci rodzinne, wywo\u0142uj\u0105c kontrowersje wok\u00f3\u0142 ogranicze\u0144 aborcji.<\/h2>\n<p>Stany Zjednoczone ponownie przyst\u0119puj\u0105 do Deklaracji Konsensusu Genewskiego, opowiadaj\u0105c si\u0119 za zdrowiem kobiet i warto\u015bciami rodzinnymi. Krytycy ostrzegaj\u0105, \u017ce mo\u017ce to ograniczy\u0107 dost\u0119p do aborcji milionom ludzi na ca\u0142ym \u015bwiecie.<\/p>\n<hr class=\"wp-block-separator has-alpha-channel-opacity\">\n<p><strong>Stany Zjednoczone ponownie przy\u0142\u0105czaj\u0105 si\u0119 do deklaracji konsensusu genewskiego<\/strong><br \/>W pi\u0105tek sekretarz stanu USA Marco Rubio og\u0142osi\u0142, \u017ce Stany Zjednoczone ponownie przy\u0142\u0105czaj\u0105 si\u0119 do Deklaracji Konsensusu Genewskiego (GCD), mi\u0119dzynarodowego porozumienia maj\u0105cego na celu \u201epromowanie zdrowia kobiet i wzmacnianie rodziny\u201d. Krytycy twierdz\u0105 jednak, \u017ce porozumienie ogranicza dost\u0119p do aborcji milionom kobiet na ca\u0142ym \u015bwiecie.<\/p>\n<p>\u201eStany Zjednoczone poinformowa\u0142y dzi\u015b sygnatariuszy Deklaracji konsensusu genewskiego o naszym zamiarze natychmiastowego ponownego do\u0142\u0105czenia do niej\u201d \u2013 oznajmi\u0142 Rubio w komunikacie prasowym.<\/p>\n<p>GCD by\u0142o pocz\u0105tkowo wsp\u00f3\u0142sponsorowane w 2020 r. przez Stany Zjednoczone, Brazyli\u0119, Ugand\u0119, Egipt, W\u0119gry i Indonezj\u0119 pod administracj\u0105 by\u0142ego prezydenta Donalda Trumpa. Rz\u0105d USA podkre\u015bli\u0142 w\u00f3wczas, \u017ce deklaracja mia\u0142a na celu popraw\u0119 opieki zdrowotnej kobiet, ochron\u0119 \u017cycia ludzkiego i wzmocnienie rodziny jako podstawowej kom\u00f3rki spo\u0142ecznej. Ponadto opowiada\u0142 si\u0119 za suwerenno\u015bci\u0105 narodow\u0105 w decyzjach dotycz\u0105cych polityki zdrowotnej, woln\u0105 od ingerencji z zewn\u0105trz.<\/p>\n<hr class=\"wp-block-separator has-alpha-channel-opacity\">\n<p><strong>\u201eOchrona \u017cycia na wszystkich etapach\u201d<\/strong><br \/>Departament Stanu USA powt\u00f3rzy\u0142, \u017ce jednym z czterech kluczowych cel\u00f3w deklaracji jest \u201eochrona \u017cycia na wszystkich etapach\u201d. Jednak ponowne wej\u015bcie do GCD ponownie rozpali\u0142o debaty na temat praw reprodukcyjnych i dost\u0119pu do aborcji, a wielu krytyk\u00f3w postrzega to porozumienie jako krok wstecz w zakresie praw kobiet.<\/p>\n<hr class=\"wp-block-separator has-alpha-channel-opacity\">\n<p><strong>Zwrot polityki<\/strong><br \/>W styczniu 2021 r. administracja prezydenta Joe Bidena wycofa\u0142a poparcie USA dla Deklaracji Konsensusu Genewskiego, dostosowuj\u0105c si\u0119 do bardziej liberalnego stanowiska w sprawie praw reprodukcyjnych. Administracja mia\u0142a na celu wsparcie organizacji globalnych, takich jak \u015awiatowa Organizacja Zdrowia (WHO) i Organizacja Narod\u00f3w Zjednoczonych (ONZ), kt\u00f3re opowiadaj\u0105 si\u0119 za szerszym dost\u0119pem do us\u0142ug w zakresie zdrowia reprodukcyjnego, w tym aborcji.<\/p>\n<p>To niedawne posuni\u0119cie pod przyw\u00f3dztwem Rubio stanowi ostry zwrot w stosunku do polityki administracji Bidena. Decyzja ta nast\u0119puje po uchylonym orzeczeniu S\u0105du Najwy\u017cszego Stan\u00f3w Zjednoczonych z 2022 r <em>Roe przeciwko Wade&#8217;owi<\/em> (1973), pozostawiaj\u0105c decyzje dotycz\u0105ce przepis\u00f3w aborcyjnych poszczeg\u00f3lnym stanom, a nie rz\u0105dowi federalnemu.<\/p>\n<hr class=\"wp-block-separator has-alpha-channel-opacity\">\n<p><strong>Globalne implikacje<\/strong><br \/>GCD w dalszym ci\u0105gu powoduje podzia\u0142y na arenie mi\u0119dzynarodowej \u2013 zwolennicy chwal\u0105 jej przywi\u0105zanie do warto\u015bci rodzinnych, a krytycy ostrzegaj\u0105 przed potencjalnymi konsekwencjami dla zdrowia reprodukcyjnego kobiet. W miar\u0119 jak Stany Zjednoczone potwierdzaj\u0105 swoje zaanga\u017cowanie w realizacj\u0119 deklaracji, globalna debata na temat praw reprodukcyjnych w dalszym ci\u0105gu si\u0119 intensyfikuje.<\/p>\n<\/div>\n<\/div>\n","protected":false},"excerpt":{"rendered":"<p>Stany Zjednoczone powracaj\u0105 do mi\u0119dzynarodowego porozumienia promuj\u0105cego zdrowie kobiet i warto\u015bci rodzinne, wywo\u0142uj\u0105c kontrowersje wok\u00f3\u0142 ogranicze\u0144 aborcji. Stany Zjednoczone ponownie<\/p>\n","protected":false},"author":1,"featured_media":3381,"comment_status":"closed","ping_status":"","sticky":false,"template":"","format":"standard","meta":{"footnotes":""},"categories":[4748],"tags":[599,670,4850,4853,393,4852,4851,2602,4849,150,312],"class_list":["post-3380","post","type-post","status-publish","format-standard","has-post-thumbnail","hentry","category-aktualne","tag-aborcji","tag-debata","tag-deklaracji","tag-dostepu","tag-dotyczaca","tag-genewskiego","tag-konsensusu","tag-ponownie","tag-przylaczaja","tag-sie","tag-usa","generate-columns","tablet-grid-50","mobile-grid-100","grid-parent","grid-50","resize-featured-image"],"yoast_head":"<!-- This site is optimized with the Yoast SEO plugin v23.2 - https:\/\/yoast.com\/wordpress\/plugins\/seo\/ -->\n<title>USA ponownie przy\u0142\u0105czaj\u0105 si\u0119 do deklaracji konsensusu genewskiego: Debata dotycz\u0105ca dost\u0119pu do aborcji - POGOTOWIE FLAGOWE\u00ae<\/title>\n<meta name=\"robots\" content=\"index, follow, max-snippet:-1, max-image-preview:large, max-video-preview:-1\" \/>\n<link rel=\"canonical\" href=\"https:\/\/www.pogotowieflagowe.pl\/aktualne\/usa-ponownie-przylaczaja-sie-do-deklaracji-konsensusu-genewskiego-debata-dotyczaca-dostepu-do-aborcji\/\" \/>\n<meta property=\"og:locale\" content=\"pl_PL\" \/>\n<meta property=\"og:type\" content=\"article\" \/>\n<meta property=\"og:title\" content=\"USA ponownie przy\u0142\u0105czaj\u0105 si\u0119 do deklaracji konsensusu genewskiego: Debata dotycz\u0105ca dost\u0119pu do aborcji - POGOTOWIE FLAGOWE\u00ae\" \/>\n<meta property=\"og:description\" content=\"Stany Zjednoczone powracaj\u0105 do mi\u0119dzynarodowego porozumienia promuj\u0105cego zdrowie kobiet i warto\u015bci rodzinne, wywo\u0142uj\u0105c kontrowersje wok\u00f3\u0142 ogranicze\u0144 aborcji. Stany Zjednoczone ponownie\" \/>\n<meta property=\"og:url\" content=\"https:\/\/www.pogotowieflagowe.pl\/aktualne\/usa-ponownie-przylaczaja-sie-do-deklaracji-konsensusu-genewskiego-debata-dotyczaca-dostepu-do-aborcji\/\" \/>\n<meta property=\"og:site_name\" content=\"POGOTOWIE FLAGOWE\u00ae\" \/>\n<meta property=\"article:published_time\" content=\"2025-01-26T03:47:03+00:00\" \/>\n<meta property=\"article:modified_time\" content=\"2025-01-26T03:47:05+00:00\" \/>\n<meta property=\"og:image\" content=\"https:\/\/www.pogotowieflagowe.pl\/aktualne\/wp-content\/uploads\/2025\/01\/USA-ponownie-przylaczaja-sie-do-deklaracji-konsensusu-genewskiego-Debata-dotyczaca.jpeg\" \/>\n\t<meta property=\"og:image:width\" content=\"1200\" \/>\n\t<meta property=\"og:image:height\" content=\"675\" \/>\n\t<meta property=\"og:image:type\" content=\"image\/jpeg\" \/>\n<meta name=\"author\" content=\"Filip\" \/>\n<meta name=\"twitter:card\" content=\"summary_large_image\" \/>\n<meta name=\"twitter:label1\" content=\"Napisane przez\" \/>\n\t<meta name=\"twitter:data1\" content=\"Filip\" \/>\n\t<meta name=\"twitter:label2\" content=\"Szacowany czas czytania\" \/>\n\t<meta name=\"twitter:data2\" content=\"2 minuty\" \/>\n<script type=\"application\/ld+json\" class=\"yoast-schema-graph\">{\"@context\":\"https:\/\/schema.org\",\"@graph\":[{\"@type\":\"Article\",\"@id\":\"https:\/\/www.pogotowieflagowe.pl\/aktualne\/usa-ponownie-przylaczaja-sie-do-deklaracji-konsensusu-genewskiego-debata-dotyczaca-dostepu-do-aborcji\/#article\",\"isPartOf\":{\"@id\":\"https:\/\/www.pogotowieflagowe.pl\/aktualne\/usa-ponownie-przylaczaja-sie-do-deklaracji-konsensusu-genewskiego-debata-dotyczaca-dostepu-do-aborcji\/\"},\"author\":{\"name\":\"Filip\",\"@id\":\"https:\/\/www.pogotowieflagowe.pl\/aktualne\/#\/schema\/person\/9c2fb7d2362ebf6fa088960d7f0d27b0\"},\"headline\":\"USA ponownie przy\u0142\u0105czaj\u0105 si\u0119 do deklaracji konsensusu genewskiego: Debata dotycz\u0105ca dost\u0119pu do aborcji\",\"datePublished\":\"2025-01-26T03:47:03+00:00\",\"dateModified\":\"2025-01-26T03:47:05+00:00\",\"mainEntityOfPage\":{\"@id\":\"https:\/\/www.pogotowieflagowe.pl\/aktualne\/usa-ponownie-przylaczaja-sie-do-deklaracji-konsensusu-genewskiego-debata-dotyczaca-dostepu-do-aborcji\/\"},\"wordCount\":465,\"publisher\":{\"@id\":\"https:\/\/www.pogotowieflagowe.pl\/aktualne\/#organization\"},\"image\":{\"@id\":\"https:\/\/www.pogotowieflagowe.pl\/aktualne\/usa-ponownie-przylaczaja-sie-do-deklaracji-konsensusu-genewskiego-debata-dotyczaca-dostepu-do-aborcji\/#primaryimage\"},\"thumbnailUrl\":\"https:\/\/www.pogotowieflagowe.pl\/aktualne\/wp-content\/uploads\/2025\/01\/USA-ponownie-przylaczaja-sie-do-deklaracji-konsensusu-genewskiego-Debata-dotyczaca.jpeg\",\"keywords\":[\"aborcji\",\"debata\",\"deklaracji\",\"dost\u0119pu\",\"dotycz\u0105c\u0105\",\"genewskiego\",\"konsensusu\",\"ponownie\",\"przy\u0142\u0105czaj\u0105\",\"si\u0119\",\"USA\"],\"articleSection\":[\"Aktualne\"],\"inLanguage\":\"pl-PL\"},{\"@type\":\"WebPage\",\"@id\":\"https:\/\/www.pogotowieflagowe.pl\/aktualne\/usa-ponownie-przylaczaja-sie-do-deklaracji-konsensusu-genewskiego-debata-dotyczaca-dostepu-do-aborcji\/\",\"url\":\"https:\/\/www.pogotowieflagowe.pl\/aktualne\/usa-ponownie-przylaczaja-sie-do-deklaracji-konsensusu-genewskiego-debata-dotyczaca-dostepu-do-aborcji\/\",\"name\":\"USA ponownie przy\u0142\u0105czaj\u0105 si\u0119 do deklaracji konsensusu genewskiego: Debata dotycz\u0105ca dost\u0119pu do aborcji - POGOTOWIE FLAGOWE\u00ae\",\"isPartOf\":{\"@id\":\"https:\/\/www.pogotowieflagowe.pl\/aktualne\/#website\"},\"primaryImageOfPage\":{\"@id\":\"https:\/\/www.pogotowieflagowe.pl\/aktualne\/usa-ponownie-przylaczaja-sie-do-deklaracji-konsensusu-genewskiego-debata-dotyczaca-dostepu-do-aborcji\/#primaryimage\"},\"image\":{\"@id\":\"https:\/\/www.pogotowieflagowe.pl\/aktualne\/usa-ponownie-przylaczaja-sie-do-deklaracji-konsensusu-genewskiego-debata-dotyczaca-dostepu-do-aborcji\/#primaryimage\"},\"thumbnailUrl\":\"https:\/\/www.pogotowieflagowe.pl\/aktualne\/wp-content\/uploads\/2025\/01\/USA-ponownie-przylaczaja-sie-do-deklaracji-konsensusu-genewskiego-Debata-dotyczaca.jpeg\",\"datePublished\":\"2025-01-26T03:47:03+00:00\",\"dateModified\":\"2025-01-26T03:47:05+00:00\",\"breadcrumb\":{\"@id\":\"https:\/\/www.pogotowieflagowe.pl\/aktualne\/usa-ponownie-przylaczaja-sie-do-deklaracji-konsensusu-genewskiego-debata-dotyczaca-dostepu-do-aborcji\/#breadcrumb\"},\"inLanguage\":\"pl-PL\",\"potentialAction\":[{\"@type\":\"ReadAction\",\"target\":[\"https:\/\/www.pogotowieflagowe.pl\/aktualne\/usa-ponownie-przylaczaja-sie-do-deklaracji-konsensusu-genewskiego-debata-dotyczaca-dostepu-do-aborcji\/\"]}]},{\"@type\":\"ImageObject\",\"inLanguage\":\"pl-PL\",\"@id\":\"https:\/\/www.pogotowieflagowe.pl\/aktualne\/usa-ponownie-przylaczaja-sie-do-deklaracji-konsensusu-genewskiego-debata-dotyczaca-dostepu-do-aborcji\/#primaryimage\",\"url\":\"https:\/\/www.pogotowieflagowe.pl\/aktualne\/wp-content\/uploads\/2025\/01\/USA-ponownie-przylaczaja-sie-do-deklaracji-konsensusu-genewskiego-Debata-dotyczaca.jpeg\",\"contentUrl\":\"https:\/\/www.pogotowieflagowe.pl\/aktualne\/wp-content\/uploads\/2025\/01\/USA-ponownie-przylaczaja-sie-do-deklaracji-konsensusu-genewskiego-Debata-dotyczaca.jpeg\",\"width\":1200,\"height\":675,\"caption\":\"USA ponownie przy\u0142\u0105czaj\u0105 si\u0119 do deklaracji konsensusu genewskiego: Debata dotycz\u0105ca dost\u0119pu do aborcji\"},{\"@type\":\"BreadcrumbList\",\"@id\":\"https:\/\/www.pogotowieflagowe.pl\/aktualne\/usa-ponownie-przylaczaja-sie-do-deklaracji-konsensusu-genewskiego-debata-dotyczaca-dostepu-do-aborcji\/#breadcrumb\",\"itemListElement\":[{\"@type\":\"ListItem\",\"position\":1,\"name\":\"Home\",\"item\":\"https:\/\/www.pogotowieflagowe.pl\/aktualne\/\"},{\"@type\":\"ListItem\",\"position\":2,\"name\":\"USA ponownie przy\u0142\u0105czaj\u0105 si\u0119 do deklaracji konsensusu genewskiego: Debata dotycz\u0105ca dost\u0119pu do aborcji\"}]},{\"@type\":\"WebSite\",\"@id\":\"https:\/\/www.pogotowieflagowe.pl\/aktualne\/#website\",\"url\":\"https:\/\/www.pogotowieflagowe.pl\/aktualne\/\",\"name\":\"POGOTOWIE FLAGOWE\u00ae\",\"description\":\"\",\"publisher\":{\"@id\":\"https:\/\/www.pogotowieflagowe.pl\/aktualne\/#organization\"},\"potentialAction\":[{\"@type\":\"SearchAction\",\"target\":{\"@type\":\"EntryPoint\",\"urlTemplate\":\"https:\/\/www.pogotowieflagowe.pl\/aktualne\/?s={search_term_string}\"},\"query-input\":\"required name=search_term_string\"}],\"inLanguage\":\"pl-PL\"},{\"@type\":\"Organization\",\"@id\":\"https:\/\/www.pogotowieflagowe.pl\/aktualne\/#organization\",\"name\":\"POGOTOWIE FLAGOWE\u00ae\",\"url\":\"https:\/\/www.pogotowieflagowe.pl\/aktualne\/\",\"logo\":{\"@type\":\"ImageObject\",\"inLanguage\":\"pl-PL\",\"@id\":\"https:\/\/www.pogotowieflagowe.pl\/aktualne\/#\/schema\/logo\/image\/\",\"url\":\"https:\/\/www.pogotowieflagowe.pl\/aktualne\/wp-content\/uploads\/2024\/08\/cropped-pogotowieflagowe_flaga_projekt_sm.jpg\",\"contentUrl\":\"https:\/\/www.pogotowieflagowe.pl\/aktualne\/wp-content\/uploads\/2024\/08\/cropped-pogotowieflagowe_flaga_projekt_sm.jpg\",\"width\":250,\"height\":143,\"caption\":\"POGOTOWIE FLAGOWE\u00ae\"},\"image\":{\"@id\":\"https:\/\/www.pogotowieflagowe.pl\/aktualne\/#\/schema\/logo\/image\/\"}},{\"@type\":\"Person\",\"@id\":\"https:\/\/www.pogotowieflagowe.pl\/aktualne\/#\/schema\/person\/9c2fb7d2362ebf6fa088960d7f0d27b0\",\"name\":\"Filip\",\"image\":{\"@type\":\"ImageObject\",\"inLanguage\":\"pl-PL\",\"@id\":\"https:\/\/www.pogotowieflagowe.pl\/aktualne\/#\/schema\/person\/image\/\",\"url\":\"https:\/\/www.pogotowieflagowe.pl\/aktualne\/wp-content\/uploads\/2024\/08\/pogotowieflagowe.pl_.jpg\",\"contentUrl\":\"https:\/\/www.pogotowieflagowe.pl\/aktualne\/wp-content\/uploads\/2024\/08\/pogotowieflagowe.pl_.jpg\",\"caption\":\"Filip\"},\"description\":\"Jestem Filip, polski dziennikarz z dyplomem nauk politycznych Uniwersytetu Warszawskiego. Rozpoczynaj\u0105c swoj\u0105 karier\u0119 w r\u00f3\u017cnych lokalnych mediach, zdoby\u0142em solidne do\u015bwiadczenie w zakresie \u015bledztwa i redakcji. Obecnie jako redaktor w Pogotowie flagowe, staram si\u0119 dostarcza\u0107 dog\u0142\u0119bne i istotne analizy na temat najwa\u017cniejszych kwestii aktualno\u015bci, \u0142\u0105cz\u0105c rygor z pasj\u0105 dziennikarsk\u0105.\",\"sameAs\":[\"https:\/\/www.pogotowieflagowe.pl\/\"]}]}<\/script>\n<!-- \/ Yoast SEO plugin. -->","yoast_head_json":{"title":"USA ponownie przy\u0142\u0105czaj\u0105 si\u0119 do deklaracji konsensusu genewskiego: Debata dotycz\u0105ca dost\u0119pu do aborcji - POGOTOWIE FLAGOWE\u00ae","robots":{"index":"index","follow":"follow","max-snippet":"max-snippet:-1","max-image-preview":"max-image-preview:large","max-video-preview":"max-video-preview:-1"},"canonical":"https:\/\/www.pogotowieflagowe.pl\/aktualne\/usa-ponownie-przylaczaja-sie-do-deklaracji-konsensusu-genewskiego-debata-dotyczaca-dostepu-do-aborcji\/","og_locale":"pl_PL","og_type":"article","og_title":"USA ponownie przy\u0142\u0105czaj\u0105 si\u0119 do deklaracji konsensusu genewskiego: Debata dotycz\u0105ca dost\u0119pu do aborcji - POGOTOWIE FLAGOWE\u00ae","og_description":"Stany Zjednoczone powracaj\u0105 do mi\u0119dzynarodowego porozumienia promuj\u0105cego zdrowie kobiet i warto\u015bci rodzinne, wywo\u0142uj\u0105c kontrowersje wok\u00f3\u0142 ogranicze\u0144 aborcji. Stany Zjednoczone ponownie","og_url":"https:\/\/www.pogotowieflagowe.pl\/aktualne\/usa-ponownie-przylaczaja-sie-do-deklaracji-konsensusu-genewskiego-debata-dotyczaca-dostepu-do-aborcji\/","og_site_name":"POGOTOWIE FLAGOWE\u00ae","article_published_time":"2025-01-26T03:47:03+00:00","article_modified_time":"2025-01-26T03:47:05+00:00","og_image":[{"width":1200,"height":675,"url":"https:\/\/www.pogotowieflagowe.pl\/aktualne\/wp-content\/uploads\/2025\/01\/USA-ponownie-przylaczaja-sie-do-deklaracji-konsensusu-genewskiego-Debata-dotyczaca.jpeg","type":"image\/jpeg"}],"author":"Filip","twitter_card":"summary_large_image","twitter_misc":{"Napisane przez":"Filip","Szacowany czas czytania":"2 minuty"},"schema":{"@context":"https:\/\/schema.org","@graph":[{"@type":"Article","@id":"https:\/\/www.pogotowieflagowe.pl\/aktualne\/usa-ponownie-przylaczaja-sie-do-deklaracji-konsensusu-genewskiego-debata-dotyczaca-dostepu-do-aborcji\/#article","isPartOf":{"@id":"https:\/\/www.pogotowieflagowe.pl\/aktualne\/usa-ponownie-przylaczaja-sie-do-deklaracji-konsensusu-genewskiego-debata-dotyczaca-dostepu-do-aborcji\/"},"author":{"name":"Filip","@id":"https:\/\/www.pogotowieflagowe.pl\/aktualne\/#\/schema\/person\/9c2fb7d2362ebf6fa088960d7f0d27b0"},"headline":"USA ponownie przy\u0142\u0105czaj\u0105 si\u0119 do deklaracji konsensusu genewskiego: Debata dotycz\u0105ca dost\u0119pu do aborcji","datePublished":"2025-01-26T03:47:03+00:00","dateModified":"2025-01-26T03:47:05+00:00","mainEntityOfPage":{"@id":"https:\/\/www.pogotowieflagowe.pl\/aktualne\/usa-ponownie-przylaczaja-sie-do-deklaracji-konsensusu-genewskiego-debata-dotyczaca-dostepu-do-aborcji\/"},"wordCount":465,"publisher":{"@id":"https:\/\/www.pogotowieflagowe.pl\/aktualne\/#organization"},"image":{"@id":"https:\/\/www.pogotowieflagowe.pl\/aktualne\/usa-ponownie-przylaczaja-sie-do-deklaracji-konsensusu-genewskiego-debata-dotyczaca-dostepu-do-aborcji\/#primaryimage"},"thumbnailUrl":"https:\/\/www.pogotowieflagowe.pl\/aktualne\/wp-content\/uploads\/2025\/01\/USA-ponownie-przylaczaja-sie-do-deklaracji-konsensusu-genewskiego-Debata-dotyczaca.jpeg","keywords":["aborcji","debata","deklaracji","dost\u0119pu","dotycz\u0105c\u0105","genewskiego","konsensusu","ponownie","przy\u0142\u0105czaj\u0105","si\u0119","USA"],"articleSection":["Aktualne"],"inLanguage":"pl-PL"},{"@type":"WebPage","@id":"https:\/\/www.pogotowieflagowe.pl\/aktualne\/usa-ponownie-przylaczaja-sie-do-deklaracji-konsensusu-genewskiego-debata-dotyczaca-dostepu-do-aborcji\/","url":"https:\/\/www.pogotowieflagowe.pl\/aktualne\/usa-ponownie-przylaczaja-sie-do-deklaracji-konsensusu-genewskiego-debata-dotyczaca-dostepu-do-aborcji\/","name":"USA ponownie przy\u0142\u0105czaj\u0105 si\u0119 do deklaracji konsensusu genewskiego: Debata dotycz\u0105ca dost\u0119pu do aborcji - POGOTOWIE FLAGOWE\u00ae","isPartOf":{"@id":"https:\/\/www.pogotowieflagowe.pl\/aktualne\/#website"},"primaryImageOfPage":{"@id":"https:\/\/www.pogotowieflagowe.pl\/aktualne\/usa-ponownie-przylaczaja-sie-do-deklaracji-konsensusu-genewskiego-debata-dotyczaca-dostepu-do-aborcji\/#primaryimage"},"image":{"@id":"https:\/\/www.pogotowieflagowe.pl\/aktualne\/usa-ponownie-przylaczaja-sie-do-deklaracji-konsensusu-genewskiego-debata-dotyczaca-dostepu-do-aborcji\/#primaryimage"},"thumbnailUrl":"https:\/\/www.pogotowieflagowe.pl\/aktualne\/wp-content\/uploads\/2025\/01\/USA-ponownie-przylaczaja-sie-do-deklaracji-konsensusu-genewskiego-Debata-dotyczaca.jpeg","datePublished":"2025-01-26T03:47:03+00:00","dateModified":"2025-01-26T03:47:05+00:00","breadcrumb":{"@id":"https:\/\/www.pogotowieflagowe.pl\/aktualne\/usa-ponownie-przylaczaja-sie-do-deklaracji-konsensusu-genewskiego-debata-dotyczaca-dostepu-do-aborcji\/#breadcrumb"},"inLanguage":"pl-PL","potentialAction":[{"@type":"ReadAction","target":["https:\/\/www.pogotowieflagowe.pl\/aktualne\/usa-ponownie-przylaczaja-sie-do-deklaracji-konsensusu-genewskiego-debata-dotyczaca-dostepu-do-aborcji\/"]}]},{"@type":"ImageObject","inLanguage":"pl-PL","@id":"https:\/\/www.pogotowieflagowe.pl\/aktualne\/usa-ponownie-przylaczaja-sie-do-deklaracji-konsensusu-genewskiego-debata-dotyczaca-dostepu-do-aborcji\/#primaryimage","url":"https:\/\/www.pogotowieflagowe.pl\/aktualne\/wp-content\/uploads\/2025\/01\/USA-ponownie-przylaczaja-sie-do-deklaracji-konsensusu-genewskiego-Debata-dotyczaca.jpeg","contentUrl":"https:\/\/www.pogotowieflagowe.pl\/aktualne\/wp-content\/uploads\/2025\/01\/USA-ponownie-przylaczaja-sie-do-deklaracji-konsensusu-genewskiego-Debata-dotyczaca.jpeg","width":1200,"height":675,"caption":"USA ponownie przy\u0142\u0105czaj\u0105 si\u0119 do deklaracji konsensusu genewskiego: Debata dotycz\u0105ca dost\u0119pu do aborcji"},{"@type":"BreadcrumbList","@id":"https:\/\/www.pogotowieflagowe.pl\/aktualne\/usa-ponownie-przylaczaja-sie-do-deklaracji-konsensusu-genewskiego-debata-dotyczaca-dostepu-do-aborcji\/#breadcrumb","itemListElement":[{"@type":"ListItem","position":1,"name":"Home","item":"https:\/\/www.pogotowieflagowe.pl\/aktualne\/"},{"@type":"ListItem","position":2,"name":"USA ponownie przy\u0142\u0105czaj\u0105 si\u0119 do deklaracji konsensusu genewskiego: Debata dotycz\u0105ca dost\u0119pu do aborcji"}]},{"@type":"WebSite","@id":"https:\/\/www.pogotowieflagowe.pl\/aktualne\/#website","url":"https:\/\/www.pogotowieflagowe.pl\/aktualne\/","name":"POGOTOWIE FLAGOWE\u00ae","description":"","publisher":{"@id":"https:\/\/www.pogotowieflagowe.pl\/aktualne\/#organization"},"potentialAction":[{"@type":"SearchAction","target":{"@type":"EntryPoint","urlTemplate":"https:\/\/www.pogotowieflagowe.pl\/aktualne\/?s={search_term_string}"},"query-input":"required name=search_term_string"}],"inLanguage":"pl-PL"},{"@type":"Organization","@id":"https:\/\/www.pogotowieflagowe.pl\/aktualne\/#organization","name":"POGOTOWIE FLAGOWE\u00ae","url":"https:\/\/www.pogotowieflagowe.pl\/aktualne\/","logo":{"@type":"ImageObject","inLanguage":"pl-PL","@id":"https:\/\/www.pogotowieflagowe.pl\/aktualne\/#\/schema\/logo\/image\/","url":"https:\/\/www.pogotowieflagowe.pl\/aktualne\/wp-content\/uploads\/2024\/08\/cropped-pogotowieflagowe_flaga_projekt_sm.jpg","contentUrl":"https:\/\/www.pogotowieflagowe.pl\/aktualne\/wp-content\/uploads\/2024\/08\/cropped-pogotowieflagowe_flaga_projekt_sm.jpg","width":250,"height":143,"caption":"POGOTOWIE FLAGOWE\u00ae"},"image":{"@id":"https:\/\/www.pogotowieflagowe.pl\/aktualne\/#\/schema\/logo\/image\/"}},{"@type":"Person","@id":"https:\/\/www.pogotowieflagowe.pl\/aktualne\/#\/schema\/person\/9c2fb7d2362ebf6fa088960d7f0d27b0","name":"Filip","image":{"@type":"ImageObject","inLanguage":"pl-PL","@id":"https:\/\/www.pogotowieflagowe.pl\/aktualne\/#\/schema\/person\/image\/","url":"https:\/\/www.pogotowieflagowe.pl\/aktualne\/wp-content\/uploads\/2024\/08\/pogotowieflagowe.pl_.jpg","contentUrl":"https:\/\/www.pogotowieflagowe.pl\/aktualne\/wp-content\/uploads\/2024\/08\/pogotowieflagowe.pl_.jpg","caption":"Filip"},"description":"Jestem Filip, polski dziennikarz z dyplomem nauk politycznych Uniwersytetu Warszawskiego. Rozpoczynaj\u0105c swoj\u0105 karier\u0119 w r\u00f3\u017cnych lokalnych mediach, zdoby\u0142em solidne do\u015bwiadczenie w zakresie \u015bledztwa i redakcji. Obecnie jako redaktor w Pogotowie flagowe, staram si\u0119 dostarcza\u0107 dog\u0142\u0119bne i istotne analizy na temat najwa\u017cniejszych kwestii aktualno\u015bci, \u0142\u0105cz\u0105c rygor z pasj\u0105 dziennikarsk\u0105.","sameAs":["https:\/\/www.pogotowieflagowe.pl\/"]}]}},"_links":{"self":[{"href":"https:\/\/www.pogotowieflagowe.pl\/aktualne\/wp-json\/wp\/v2\/posts\/3380","targetHints":{"allow":["GET"]}}],"collection":[{"href":"https:\/\/www.pogotowieflagowe.pl\/aktualne\/wp-json\/wp\/v2\/posts"}],"about":[{"href":"https:\/\/www.pogotowieflagowe.pl\/aktualne\/wp-json\/wp\/v2\/types\/post"}],"author":[{"embeddable":true,"href":"https:\/\/www.pogotowieflagowe.pl\/aktualne\/wp-json\/wp\/v2\/users\/1"}],"replies":[{"embeddable":true,"href":"https:\/\/www.pogotowieflagowe.pl\/aktualne\/wp-json\/wp\/v2\/comments?post=3380"}],"version-history":[{"count":1,"href":"https:\/\/www.pogotowieflagowe.pl\/aktualne\/wp-json\/wp\/v2\/posts\/3380\/revisions"}],"predecessor-version":[{"id":3382,"href":"https:\/\/www.pogotowieflagowe.pl\/aktualne\/wp-json\/wp\/v2\/posts\/3380\/revisions\/3382"}],"wp:featuredmedia":[{"embeddable":true,"href":"https:\/\/www.pogotowieflagowe.pl\/aktualne\/wp-json\/wp\/v2\/media\/3381"}],"wp:attachment":[{"href":"https:\/\/www.pogotowieflagowe.pl\/aktualne\/wp-json\/wp\/v2\/media?parent=3380"}],"wp:term":[{"taxonomy":"category","embeddable":true,"href":"https:\/\/www.pogotowieflagowe.pl\/aktualne\/wp-json\/wp\/v2\/categories?post=3380"},{"taxonomy":"post_tag","embeddable":true,"href":"https:\/\/www.pogotowieflagowe.pl\/aktualne\/wp-json\/wp\/v2\/tags?post=3380"}],"curies":[{"name":"wp","href":"https:\/\/api.w.org\/{rel}","templated":true}]}}